{"id":24391,"date":"2019-05-13T20:20:51","date_gmt":"2019-05-13T23:20:51","guid":{"rendered":"https:\/\/www.suno.com.br\/noticias\/?p=24391"},"modified":"2019-05-13T20:26:31","modified_gmt":"2019-05-13T23:26:31","slug":"itausa-fecha-1o-tri-lucro-elevacao","status":"publish","type":"post","link":"https:\/\/www.suno.com.br\/noticias\/itausa-fecha-1o-tri-lucro-elevacao\/","title":{"rendered":"Ita\u00fasa fecha 1\u00ba tri com lucro de R$ 2,4 bi, eleva\u00e7\u00e3o de 3,6%"},"content":{"rendered":"<p>A Ita\u00fasa (ITSA4) encerrou o 1\u00ba trimestre com um lucro l\u00edquido de R$ 2,486 bilh\u00f5es. O valor \u00e9 3,6% maior que os resultados do primeiro trimestre de 2018 (R$ 2,40 bilh\u00f5es).\u00a0\u00a0A holding Ita\u00fasa det\u00eam participa\u00e7\u00f5es no banco Ita\u00fa (ITUB4), Alpargatas (ALPA4) e Duratex (DTEX3).<\/p>\t<div class=\"wrapper-featured-image\">\n\t\t<figure class=\"spotlightImg\">\n\n\t\t\t<picture>\n\t\t\t\t<source media=\"(max-width: 768px)\" srcset=\"https:\/\/files.sunoresearch.com.br\/n\/uploads\/2019\/05\/7744ecce-ita\u00fasa-400x200.webp\">\n\t\t\t\t<img loading=\"lazy\" decoding=\"async\" class=\"newsContent__article__imgCapa lazyloadDisabled newsContent__article__imgCapa--noCaption\" src=\"https:\/\/files.sunoresearch.com.br\/n\/uploads\/2019\/05\/7744ecce-ita\u00fasa-800x450.webp\" width=\"800\" height=\"450\" alt=\"Ita\u00fasa fecha 1\u00ba tri com lucro de R$ 2,4 bi, eleva\u00e7\u00e3o de 3,6%\" fetchpriority=high \/>\n\t\t\t<\/picture>\n\n\t\t\t<figcaption class=\"wp-caption-text wp-caption-text--hide\">Ita\u00fasa (ITSA4) <\/figcaption>\n\t\t<\/figure>\n\t<\/div>\n\n\n<p>Durante os tr\u00eas primeiros anos no primeiro trimestre, a <strong>Ita\u00fasa<\/strong> obteve uma equival\u00eancia patrimonial de R$ 2,44 bilh\u00f5es. No mesmo per\u00edodo do ano passado, esse n\u00famero foi de R$ 2,47 bilh\u00f5es, redu\u00e7\u00e3o de 0,3%.<\/p>\n<p><a href=\"https:\/\/www.suno.com.br\/noticias\/ceo-do-itau-bancos-enfrentam-novos-desafios-de-novos-tempos\/\">Saiba mais: CEO do Ita\u00fa: bancos enfrentam novos desafios de novos tempos\u00a0<\/a><\/p>\n<p>O valor foi puxado pelo queda de 15,6% do resultado consolidado das empresas n\u00e3o financeiras, como a\u00a0<strong>Alpargatas<\/strong>, <strong>Duratex<\/strong>, <strong>Elekeiroz<\/strong>, <strong>Itautec<\/strong> e <strong>NTS<\/strong>. Al\u00e9m disso, houve baixo desempenho da parte financeira do <strong>Ita\u00fa Unibanco<\/strong>, que cresceu somente 0,2%.<\/p>\n\t<p>\n\t\t<a href=\"https:\/\/lp.suno.com.br\/lm\/simulador-de-renda-passiva\/\" target=\"_blank\" data-element=\"shortcode-suno-banner\" title=\"Banner SUNO, clique e saiba mais\">\n\t\t\t<picture>\n\t\t\t\t<source media=\"(max-width: 500px)\" srcset=\"https:\/\/files.sunoresearch.com.br\/n\/uploads\/2024\/04\/Lead-Magnet-400x300-1.png\">\n\t\t\t\t<img class=\"newsContent__article__imgCapa newsContent__article__imgCapa--banner\"\n\t\t\t\t\tsrc=\"https:\/\/files.sunoresearch.com.br\/n\/uploads\/2024\/04\/Lead-Magnet-1420x240-1.png\"\n\t\t\t\t\tdata-promo-id=\"543552\"\t\t\t\t\t\t\t\t\t\twidth='1420' height='240'\t\t\t\t\talt=\"https:\/\/files.sunoresearch.com.br\/n\/uploads\/2024\/04\/Lead-Magnet-1420x240-1.png\"\n\t\t\t\t>\n\t\t\t<\/picture>\n\t\t<\/a>\n\t<\/p>\n\n\n<p>\u201cCom a <strong>economia<\/strong> internacional sinalizando cen\u00e1rio benigno para pa\u00edses emergentes, dado o prov\u00e1vel <strong>acordo comercial<\/strong> entre pot\u00eancias, est\u00edmulos na <strong>China<\/strong> e pausa no ciclo de <strong>alta de juros<\/strong> do <strong>Fed<\/strong>, a agenda brasileira, em especial \u00e0quela relacionada aos <strong>tr\u00e2mites<\/strong> para reforma do <strong>sistema previdenci\u00e1rio<\/strong>, torna\u2010se fator preponderante a ser observado no ambiente de curto e m\u00e9dio prazos\u201d, informou a administra\u00e7\u00e3o da empresa.<\/p>\n<p><a href=\"https:\/\/www.suno.com.br\/noticias\/lucro-itau-maior-historia-bancos\/\">Saiba mais: Lucro do Ita\u00fa em 2018 \u00e9 o maior da hist\u00f3ria dos bancos brasileiros\u00a0<\/a><\/p>\n<p>Por outro lado, a <strong>Ita\u00fasa<\/strong> acabou beneficiada pela queda de 69,5% da <strong>despesa financeira l\u00edquida<\/strong>, que obteve R$ 18 milh\u00f5es.Houve um aumento de 7,6% das despesas gerais e administrativas, que totalizaram R$ 85 milh\u00f5es.<\/p>\n\t<p>\n\t\t<a href=\"https:\/\/lp.suno.com.br\/ebook-como-analisar-uma-acao\/\" target=\"_blank\" data-element=\"shortcode-suno-banner\" title=\"Banner SUNO, clique e saiba mais\">\n\t\t\t<picture>\n\t\t\t\t<source media=\"(max-width: 500px)\" srcset=\"https:\/\/files.sunoresearch.com.br\/n\/uploads\/2023\/03\/Ebook-Acoes-Mobile.jpg\">\n\t\t\t\t<img class=\"newsContent__article__imgCapa newsContent__article__imgCapa--banner\"\n\t\t\t\t\tsrc=\"https:\/\/files.sunoresearch.com.br\/n\/uploads\/2023\/03\/Ebook-Acoes-Desktop.jpg\"\n\t\t\t\t\tdata-promo-id=\"311946\"\t\t\t\t\t\t\t\t\t\twidth='1420' height='286'\t\t\t\t\talt=\"https:\/\/files.sunoresearch.com.br\/n\/uploads\/2023\/03\/Ebook-Acoes-Desktop.jpg\"\n\t\t\t\t>\n\t\t\t<\/picture>\n\t\t<\/a>\n\t<\/p>\n\n\n<h2>Balan\u00e7o da Ita\u00fasa em 2018<\/h2>\n<p>Em 2018, o <strong>lucro l\u00edquido<\/strong> da <strong>Ita\u00fasa<\/strong> cresceu 15,9%, alcan\u00e7ando\u00a0R$ 9,436 bilh\u00f5es. J\u00e1 no quatro trimestre\u00a0 de 2018, a <strong>Ita\u00fasa<\/strong>\u00a0registrou um lucro l\u00edquido de R$ 2,507, em crescimento de 47,9%.<\/p>\n<p><a href=\"https:\/\/www.suno.com.br\/noticias\/itau-unibanco-lucro-25-bilhoes\/\">Saiba mais: Ita\u00fa Unibanco registra lucro de R$ 25 bilh\u00f5es em 2018; alta foi de 4,2%<\/a><\/p>\n<p>Esse forte\u00a0aumento do lucro da <strong>Ita\u00fasa<\/strong> no quarto trimestre do ano passado foi provocado pela redu\u00e7\u00e3o de 68% em perdas provocadas por itens n\u00e3o recorrentes, que totalizaram R$ 182 milh\u00f5es.<\/p>\n","protected":false},"excerpt":{"rendered":"<p>A Ita\u00fasa (ITSA4) encerrou o 1\u00ba trimestre com um lucro l\u00edquido de R$ 2,486 bilh\u00f5es. O valor \u00e9 3,6% maior que os resultados do primeiro trimestre de 2018 (R$ 2,40 bilh\u00f5es).\u00a0\u00a0A holding Ita\u00fasa det\u00eam participa\u00e7\u00f5es no banco Ita\u00fa (ITUB4), Alpargatas (ALPA4) e Duratex (DTEX3). Ita\u00fasa (ITSA4) Durante os tr\u00eas primeiros anos no primeiro trimestre, a [&hellip;]<\/p>\n","protected":false},"author":14,"featured_media":24392,"comment_status":"closed","ping_status":"closed","sticky":false,"template":"","format":"standard","meta":[],"categories":[64],"tags":[1029,519,517],"suno_strategy":[],"class_list":["post-24391","post","type-post","status-publish","format-standard","has-post-thumbnail","hentry","category-negocios","tag-balancos-trimestrais","tag-itau-unibanco-itub3-itub4","tag-itausa-itsa3-itsa4"],"yoast_head":"<!-- This site is optimized with the Yoast SEO plugin v24.4 - https:\/\/yoast.com\/wordpress\/plugins\/seo\/ -->\n<title>Ita\u00fasa fecha 1\u00ba tri com lucro de R$ 2,4 bi, eleva\u00e7\u00e3o de 3,6%<\/title>\n<meta name=\"description\" content=\"Durante os tr\u00eas primeiros anos no primeiro trimestre, a Ita\u00fasa obteve uma equival\u00eancia patrimonial de R$ 2,47 bi. Clique aqui para ler mais\" \/>\n<meta name=\"robots\" content=\"index, follow, max-snippet:-1, max-image-preview:large, max-video-preview:-1\" \/>\n<link rel=\"canonical\" href=\"https:\/\/www.suno.com.br\/noticias\/itausa-fecha-1o-tri-lucro-elevacao\/\" \/>\n<meta property=\"og:locale\" content=\"pt_BR\" \/>\n<meta property=\"og:type\" content=\"article\" \/>\n<meta property=\"og:title\" content=\"Ita\u00fasa fecha 1\u00ba tri com lucro de R$ 2,4 bi, eleva\u00e7\u00e3o de 3,6%\" \/>\n<meta property=\"og:description\" content=\"Durante os tr\u00eas primeiros anos no primeiro trimestre, a Ita\u00fasa obteve uma equival\u00eancia patrimonial de R$ 2,47 bi. Clique aqui para ler mais\" \/>\n<meta property=\"og:url\" content=\"https:\/\/www.suno.com.br\/noticias\/itausa-fecha-1o-tri-lucro-elevacao\/\" \/>\n<meta property=\"og:site_name\" content=\"Suno Not\u00edcias\" \/>\n<meta property=\"article:publisher\" content=\"https:\/\/facebook.com\/sunoresearch\" \/>\n<meta property=\"og:image\" content=\"https:\/\/files.sunoresearch.com.br\/n\/uploads\/2019\/05\/7744ecce-ita\u00fasa.jpg\" \/>\n\t<meta property=\"og:image:width\" content=\"939\" \/>\n\t<meta property=\"og:image:height\" content=\"500\" \/>\n\t<meta property=\"og:image:type\" content=\"image\/jpeg\" \/>\n<meta name=\"author\" content=\"Renan Dantas\" \/>\n<meta name=\"twitter:card\" content=\"summary_large_image\" \/>\n<meta name=\"twitter:creator\" content=\"@sunoresearch\" \/>\n<meta name=\"twitter:site\" content=\"@sunoresearch\" \/>\n<meta name=\"twitter:label1\" content=\"Escrito por\" \/>\n\t<meta name=\"twitter:data1\" content=\"Renan Dantas\" \/>\n\t<meta name=\"twitter:label2\" content=\"Est. tempo de leitura\" \/>\n\t<meta name=\"twitter:data2\" content=\"2 minutos\" \/>\n<script type=\"application\/ld+json\" class=\"yoast-schema-graph\">{\"@context\":\"https:\/\/schema.org\",\"@graph\":[{\"@type\":\"NewsArticle\",\"@id\":\"https:\/\/www.suno.com.br\/noticias\/itausa-fecha-1o-tri-lucro-elevacao\/#article\",\"isPartOf\":{\"@id\":\"https:\/\/www.suno.com.br\/noticias\/itausa-fecha-1o-tri-lucro-elevacao\/\"},\"author\":{\"name\":\"Renan Dantas\",\"@id\":\"https:\/\/www.suno.com.br\/noticias\/#\/schema\/person\/3f7693d5795a3f6d5ce15309ee785699\"},\"headline\":\"Ita\u00fasa fecha 1\u00ba tri com lucro de R$ 2,4 bi, eleva\u00e7\u00e3o de 3,6%\",\"datePublished\":\"2019-05-13T23:20:51+00:00\",\"dateModified\":\"2019-05-13T23:26:31+00:00\",\"mainEntityOfPage\":{\"@id\":\"https:\/\/www.suno.com.br\/noticias\/itausa-fecha-1o-tri-lucro-elevacao\/\"},\"wordCount\":359,\"publisher\":{\"@id\":\"https:\/\/www.suno.com.br\/noticias\/#organization\"},\"image\":{\"@id\":\"https:\/\/www.suno.com.br\/noticias\/itausa-fecha-1o-tri-lucro-elevacao\/#primaryimage\"},\"thumbnailUrl\":\"https:\/\/files.sunoresearch.com.br\/n\/uploads\/2019\/05\/7744ecce-ita\u00fasa-jpg.webp\",\"keywords\":[\"balan\u00e7os trimestrais\",\"Ita\u00fa Unibanco (ITUB3\/ITUB4)\",\"Ita\u00fasa (ITSA3\/ITSA4)\"],\"articleSection\":[\"Neg\u00f3cios\"],\"inLanguage\":\"pt-BR\"},{\"@type\":\"WebPage\",\"@id\":\"https:\/\/www.suno.com.br\/noticias\/itausa-fecha-1o-tri-lucro-elevacao\/\",\"url\":\"https:\/\/www.suno.com.br\/noticias\/itausa-fecha-1o-tri-lucro-elevacao\/\",\"name\":\"Ita\u00fasa fecha 1\u00ba tri com lucro de R$ 2,4 bi, eleva\u00e7\u00e3o de 3,6%\",\"isPartOf\":{\"@id\":\"https:\/\/www.suno.com.br\/noticias\/#website\"},\"primaryImageOfPage\":{\"@id\":\"https:\/\/www.suno.com.br\/noticias\/itausa-fecha-1o-tri-lucro-elevacao\/#primaryimage\"},\"image\":{\"@id\":\"https:\/\/www.suno.com.br\/noticias\/itausa-fecha-1o-tri-lucro-elevacao\/#primaryimage\"},\"thumbnailUrl\":\"https:\/\/files.sunoresearch.com.br\/n\/uploads\/2019\/05\/7744ecce-ita\u00fasa-jpg.webp\",\"datePublished\":\"2019-05-13T23:20:51+00:00\",\"dateModified\":\"2019-05-13T23:26:31+00:00\",\"description\":\"Durante os tr\u00eas primeiros anos no primeiro trimestre, a Ita\u00fasa obteve uma equival\u00eancia patrimonial de R$ 2,47 bi. Clique aqui para ler mais\",\"breadcrumb\":{\"@id\":\"https:\/\/www.suno.com.br\/noticias\/itausa-fecha-1o-tri-lucro-elevacao\/#breadcrumb\"},\"inLanguage\":\"pt-BR\",\"potentialAction\":[{\"@type\":\"ReadAction\",\"target\":[\"https:\/\/www.suno.com.br\/noticias\/itausa-fecha-1o-tri-lucro-elevacao\/\"]}]},{\"@type\":\"ImageObject\",\"inLanguage\":\"pt-BR\",\"@id\":\"https:\/\/www.suno.com.br\/noticias\/itausa-fecha-1o-tri-lucro-elevacao\/#primaryimage\",\"url\":\"https:\/\/files.sunoresearch.com.br\/n\/uploads\/2019\/05\/7744ecce-ita\u00fasa-jpg.webp\",\"contentUrl\":\"https:\/\/files.sunoresearch.com.br\/n\/uploads\/2019\/05\/7744ecce-ita\u00fasa-jpg.webp\",\"width\":939,\"height\":500,\"caption\":\"Ita\u00fasa (ITSA4)\"},{\"@type\":\"BreadcrumbList\",\"@id\":\"https:\/\/www.suno.com.br\/noticias\/itausa-fecha-1o-tri-lucro-elevacao\/#breadcrumb\",\"itemListElement\":[{\"@type\":\"ListItem\",\"position\":1,\"name\":\"Not\u00edcias\",\"item\":\"https:\/\/www.suno.com.br\/noticias\/\"},{\"@type\":\"ListItem\",\"position\":2,\"name\":\"Mercado\",\"item\":\"https:\/\/www.suno.com.br\/noticias\/mercado\/\"},{\"@type\":\"ListItem\",\"position\":3,\"name\":\"Ita\u00fasa fecha 1\u00ba tri com lucro de R$ 2,4 bi, eleva\u00e7\u00e3o de 3,6%\"}]},{\"@type\":\"WebSite\",\"@id\":\"https:\/\/www.suno.com.br\/noticias\/#website\",\"url\":\"https:\/\/www.suno.com.br\/noticias\/\",\"name\":\"Suno Not\u00edcias\",\"description\":\"Seu portal de informa\u00e7\u00e3o sobre o mundo dos investimentos\",\"publisher\":{\"@id\":\"https:\/\/www.suno.com.br\/noticias\/#organization\"},\"potentialAction\":[{\"@type\":\"SearchAction\",\"target\":{\"@type\":\"EntryPoint\",\"urlTemplate\":\"https:\/\/www.suno.com.br\/noticias\/?s={search_term_string}\"},\"query-input\":{\"@type\":\"PropertyValueSpecification\",\"valueRequired\":true,\"valueName\":\"search_term_string\"}}],\"inLanguage\":\"pt-BR\"},{\"@type\":\"Organization\",\"@id\":\"https:\/\/www.suno.com.br\/noticias\/#organization\",\"name\":\"Suno Not\u00edcias\",\"url\":\"https:\/\/www.suno.com.br\/noticias\/\",\"logo\":{\"@type\":\"ImageObject\",\"inLanguage\":\"pt-BR\",\"@id\":\"https:\/\/www.suno.com.br\/noticias\/#\/schema\/logo\/image\/\",\"url\":\"https:\/\/files.sunoresearch.com.br\/n\/uploads\/2021\/09\/suno-logo.png\",\"contentUrl\":\"https:\/\/files.sunoresearch.com.br\/n\/uploads\/2021\/09\/suno-logo.png\",\"width\":180,\"height\":180,\"caption\":\"Suno Not\u00edcias\"},\"image\":{\"@id\":\"https:\/\/www.suno.com.br\/noticias\/#\/schema\/logo\/image\/\"},\"sameAs\":[\"https:\/\/facebook.com\/sunoresearch\",\"https:\/\/x.com\/sunoresearch\",\"https:\/\/www.instagram.com\/suno\",\"https:\/\/www.linkedin.com\/company\/suno-research\/\",\"https:\/\/www.youtube.com\/c\/sunoresearch\"]},{\"@type\":\"Person\",\"@id\":\"https:\/\/www.suno.com.br\/noticias\/#\/schema\/person\/3f7693d5795a3f6d5ce15309ee785699\",\"name\":\"Renan Dantas\",\"image\":{\"@type\":\"ImageObject\",\"inLanguage\":\"pt-BR\",\"@id\":\"https:\/\/www.suno.com.br\/noticias\/#\/schema\/person\/image\/\",\"url\":\"https:\/\/secure.gravatar.com\/avatar\/1787b83e7484a08e51d62ac8b41c8396?s=96&r=g\",\"contentUrl\":\"https:\/\/secure.gravatar.com\/avatar\/1787b83e7484a08e51d62ac8b41c8396?s=96&r=g\",\"caption\":\"Renan Dantas\"},\"description\":\"Escreve sobre pol\u00edtica e mercado financeiro para o portal Suno Not\u00edcias. Antes, atuou na assessoria de comunica\u00e7\u00e3o do Minist\u00e9rio P\u00fablico do Trabalho e na R\u00e1dio Mackenzie, onde apresentava e produzia um programa sobre artistas da m\u00fasica brasileira. \u00c9 estudante na Universidade Presbiteriana Mackenzie.\",\"url\":\"https:\/\/www.suno.com.br\/noticias\/author\/renan-dantas\/\"}]}<\/script>\n<!-- \/ Yoast SEO plugin. -->","yoast_head_json":{"title":"Ita\u00fasa fecha 1\u00ba tri com lucro de R$ 2,4 bi, eleva\u00e7\u00e3o de 3,6%","description":"Durante os tr\u00eas primeiros anos no primeiro trimestre, a Ita\u00fasa obteve uma equival\u00eancia patrimonial de R$ 2,47 bi. Clique aqui para ler mais","robots":{"index":"index","follow":"follow","max-snippet":"max-snippet:-1","max-image-preview":"max-image-preview:large","max-video-preview":"max-video-preview:-1"},"canonical":"https:\/\/www.suno.com.br\/noticias\/itausa-fecha-1o-tri-lucro-elevacao\/","og_locale":"pt_BR","og_type":"article","og_title":"Ita\u00fasa fecha 1\u00ba tri com lucro de R$ 2,4 bi, eleva\u00e7\u00e3o de 3,6%","og_description":"Durante os tr\u00eas primeiros anos no primeiro trimestre, a Ita\u00fasa obteve uma equival\u00eancia patrimonial de R$ 2,47 bi. Clique aqui para ler mais","og_url":"https:\/\/www.suno.com.br\/noticias\/itausa-fecha-1o-tri-lucro-elevacao\/","og_site_name":"Suno Not\u00edcias","article_publisher":"https:\/\/facebook.com\/sunoresearch","og_image":[{"width":939,"height":500,"url":"https:\/\/files.sunoresearch.com.br\/n\/uploads\/2019\/05\/7744ecce-ita\u00fasa.jpg","type":"image\/jpeg"}],"author":"Renan Dantas","twitter_card":"summary_large_image","twitter_creator":"@sunoresearch","twitter_site":"@sunoresearch","twitter_misc":{"Escrito por":"Renan Dantas","Est. tempo de leitura":"2 minutos"},"schema":{"@context":"https:\/\/schema.org","@graph":[{"@type":"NewsArticle","@id":"https:\/\/www.suno.com.br\/noticias\/itausa-fecha-1o-tri-lucro-elevacao\/#article","isPartOf":{"@id":"https:\/\/www.suno.com.br\/noticias\/itausa-fecha-1o-tri-lucro-elevacao\/"},"author":{"name":"Renan Dantas","@id":"https:\/\/www.suno.com.br\/noticias\/#\/schema\/person\/3f7693d5795a3f6d5ce15309ee785699"},"headline":"Ita\u00fasa fecha 1\u00ba tri com lucro de R$ 2,4 bi, eleva\u00e7\u00e3o de 3,6%","datePublished":"2019-05-13T23:20:51+00:00","dateModified":"2019-05-13T23:26:31+00:00","mainEntityOfPage":{"@id":"https:\/\/www.suno.com.br\/noticias\/itausa-fecha-1o-tri-lucro-elevacao\/"},"wordCount":359,"publisher":{"@id":"https:\/\/www.suno.com.br\/noticias\/#organization"},"image":{"@id":"https:\/\/www.suno.com.br\/noticias\/itausa-fecha-1o-tri-lucro-elevacao\/#primaryimage"},"thumbnailUrl":"https:\/\/files.sunoresearch.com.br\/n\/uploads\/2019\/05\/7744ecce-ita\u00fasa-jpg.webp","keywords":["balan\u00e7os trimestrais","Ita\u00fa Unibanco (ITUB3\/ITUB4)","Ita\u00fasa (ITSA3\/ITSA4)"],"articleSection":["Neg\u00f3cios"],"inLanguage":"pt-BR"},{"@type":"WebPage","@id":"https:\/\/www.suno.com.br\/noticias\/itausa-fecha-1o-tri-lucro-elevacao\/","url":"https:\/\/www.suno.com.br\/noticias\/itausa-fecha-1o-tri-lucro-elevacao\/","name":"Ita\u00fasa fecha 1\u00ba tri com lucro de R$ 2,4 bi, eleva\u00e7\u00e3o de 3,6%","isPartOf":{"@id":"https:\/\/www.suno.com.br\/noticias\/#website"},"primaryImageOfPage":{"@id":"https:\/\/www.suno.com.br\/noticias\/itausa-fecha-1o-tri-lucro-elevacao\/#primaryimage"},"image":{"@id":"https:\/\/www.suno.com.br\/noticias\/itausa-fecha-1o-tri-lucro-elevacao\/#primaryimage"},"thumbnailUrl":"https:\/\/files.sunoresearch.com.br\/n\/uploads\/2019\/05\/7744ecce-ita\u00fasa-jpg.webp","datePublished":"2019-05-13T23:20:51+00:00","dateModified":"2019-05-13T23:26:31+00:00","description":"Durante os tr\u00eas primeiros anos no primeiro trimestre, a Ita\u00fasa obteve uma equival\u00eancia patrimonial de R$ 2,47 bi. Clique aqui para ler mais","breadcrumb":{"@id":"https:\/\/www.suno.com.br\/noticias\/itausa-fecha-1o-tri-lucro-elevacao\/#breadcrumb"},"inLanguage":"pt-BR","potentialAction":[{"@type":"ReadAction","target":["https:\/\/www.suno.com.br\/noticias\/itausa-fecha-1o-tri-lucro-elevacao\/"]}]},{"@type":"ImageObject","inLanguage":"pt-BR","@id":"https:\/\/www.suno.com.br\/noticias\/itausa-fecha-1o-tri-lucro-elevacao\/#primaryimage","url":"https:\/\/files.sunoresearch.com.br\/n\/uploads\/2019\/05\/7744ecce-ita\u00fasa-jpg.webp","contentUrl":"https:\/\/files.sunoresearch.com.br\/n\/uploads\/2019\/05\/7744ecce-ita\u00fasa-jpg.webp","width":939,"height":500,"caption":"Ita\u00fasa (ITSA4)"},{"@type":"BreadcrumbList","@id":"https:\/\/www.suno.com.br\/noticias\/itausa-fecha-1o-tri-lucro-elevacao\/#breadcrumb","itemListElement":[{"@type":"ListItem","position":1,"name":"Not\u00edcias","item":"https:\/\/www.suno.com.br\/noticias\/"},{"@type":"ListItem","position":2,"name":"Mercado","item":"https:\/\/www.suno.com.br\/noticias\/mercado\/"},{"@type":"ListItem","position":3,"name":"Ita\u00fasa fecha 1\u00ba tri com lucro de R$ 2,4 bi, eleva\u00e7\u00e3o de 3,6%"}]},{"@type":"WebSite","@id":"https:\/\/www.suno.com.br\/noticias\/#website","url":"https:\/\/www.suno.com.br\/noticias\/","name":"Suno Not\u00edcias","description":"Seu portal de informa\u00e7\u00e3o sobre o mundo dos investimentos","publisher":{"@id":"https:\/\/www.suno.com.br\/noticias\/#organization"},"potentialAction":[{"@type":"SearchAction","target":{"@type":"EntryPoint","urlTemplate":"https:\/\/www.suno.com.br\/noticias\/?s={search_term_string}"},"query-input":{"@type":"PropertyValueSpecification","valueRequired":true,"valueName":"search_term_string"}}],"inLanguage":"pt-BR"},{"@type":"Organization","@id":"https:\/\/www.suno.com.br\/noticias\/#organization","name":"Suno Not\u00edcias","url":"https:\/\/www.suno.com.br\/noticias\/","logo":{"@type":"ImageObject","inLanguage":"pt-BR","@id":"https:\/\/www.suno.com.br\/noticias\/#\/schema\/logo\/image\/","url":"https:\/\/files.sunoresearch.com.br\/n\/uploads\/2021\/09\/suno-logo.png","contentUrl":"https:\/\/files.sunoresearch.com.br\/n\/uploads\/2021\/09\/suno-logo.png","width":180,"height":180,"caption":"Suno Not\u00edcias"},"image":{"@id":"https:\/\/www.suno.com.br\/noticias\/#\/schema\/logo\/image\/"},"sameAs":["https:\/\/facebook.com\/sunoresearch","https:\/\/x.com\/sunoresearch","https:\/\/www.instagram.com\/suno","https:\/\/www.linkedin.com\/company\/suno-research\/","https:\/\/www.youtube.com\/c\/sunoresearch"]},{"@type":"Person","@id":"https:\/\/www.suno.com.br\/noticias\/#\/schema\/person\/3f7693d5795a3f6d5ce15309ee785699","name":"Renan Dantas","image":{"@type":"ImageObject","inLanguage":"pt-BR","@id":"https:\/\/www.suno.com.br\/noticias\/#\/schema\/person\/image\/","url":"https:\/\/secure.gravatar.com\/avatar\/1787b83e7484a08e51d62ac8b41c8396?s=96&r=g","contentUrl":"https:\/\/secure.gravatar.com\/avatar\/1787b83e7484a08e51d62ac8b41c8396?s=96&r=g","caption":"Renan Dantas"},"description":"Escreve sobre pol\u00edtica e mercado financeiro para o portal Suno Not\u00edcias. Antes, atuou na assessoria de comunica\u00e7\u00e3o do Minist\u00e9rio P\u00fablico do Trabalho e na R\u00e1dio Mackenzie, onde apresentava e produzia um programa sobre artistas da m\u00fasica brasileira. \u00c9 estudante na Universidade Presbiteriana Mackenzie.","url":"https:\/\/www.suno.com.br\/noticias\/author\/renan-dantas\/"}]}},"default_loop_html":"<div class=\"cardsPage__listCard__boxs\"><div class=\"cardsPage__listCard__boxs__img\"><a href=\"https:\/\/www.suno.com.br\/noticias\/itausa-fecha-1o-tri-lucro-elevacao\/\"><img class=\"mask\" src=\"https:\/\/www.suno.com.br\/noticias\/wp-content\/themes\/suno\/resources\/images\/spotlight\/spotlight1img\/bg-mask.png\" alt=\"Image Mask\"\/><img src=\"https:\/\/files.sunoresearch.com.br\/n\/uploads\/2019\/05\/7744ecce-ita\u00fasa-400x200.webp\" alt=\"Ita\u00fasa fecha 1\u00ba tri com lucro de R$ 2,4 bi, eleva\u00e7\u00e3o de 3,6%\"\/><\/a><span class=\"spotlightCategory\"><a href=\"https:\/\/www.suno.com.br\/noticias\/negocios\/\">Neg\u00f3cios<\/a><\/span><\/div><div class=\"cardsPage__listCard__boxs__content\"><a href=\"https:\/\/www.suno.com.br\/noticias\/itausa-fecha-1o-tri-lucro-elevacao\/\"><h2 class=\"content__title\">Ita\u00fasa fecha 1\u00ba tri com lucro de R$ 2,4 bi, eleva\u00e7\u00e3o de 3,6%<\/h2><\/a><div class=\"newsContent__article__meta\"><div class=\"newsContent__article__meta__authorBox\"><a href=\"https:\/\/www.suno.com.br\/noticias\/author\/renan-dantas\/\" class=\"authorBox__avatar noMobi\"><img src=\"https:\/\/secure.gravatar.com\/avatar\/1787b83e7484a08e51d62ac8b41c8396?s=96&#038;r=g\" alt=\"Renan Dantas\"><\/a><div class=\"authorBox__name\"><span>por\n\t\t\t<a href=\"https:\/\/www.suno.com.br\/noticias\/author\/renan-dantas\/\"><span itemprop=\"author\">Renan Dantas<\/span><\/a><\/span><time datetime=\"2019-05-13T20:20:51-03:00\" itemprop=\"datePublished\">13\/05\/2019 20:20<\/time><\/div><\/div><\/div><\/div><\/div>","single_layout":"posts","amp_enabled":true,"_links":{"self":[{"href":"https:\/\/www.suno.com.br\/noticias\/wp-json\/wp\/v2\/posts\/24391"}],"collection":[{"href":"https:\/\/www.suno.com.br\/noticias\/wp-json\/wp\/v2\/posts"}],"about":[{"href":"https:\/\/www.suno.com.br\/noticias\/wp-json\/wp\/v2\/types\/post"}],"author":[{"embeddable":true,"href":"https:\/\/www.suno.com.br\/noticias\/wp-json\/wp\/v2\/users\/14"}],"replies":[{"embeddable":true,"href":"https:\/\/www.suno.com.br\/noticias\/wp-json\/wp\/v2\/comments?post=24391"}],"version-history":[{"count":0,"href":"https:\/\/www.suno.com.br\/noticias\/wp-json\/wp\/v2\/posts\/24391\/revisions"}],"wp:featuredmedia":[{"embeddable":true,"href":"https:\/\/www.suno.com.br\/noticias\/wp-json\/wp\/v2\/media\/24392"}],"wp:attachment":[{"href":"https:\/\/www.suno.com.br\/noticias\/wp-json\/wp\/v2\/media?parent=24391"}],"wp:term":[{"taxonomy":"category","embeddable":true,"href":"https:\/\/www.suno.com.br\/noticias\/wp-json\/wp\/v2\/categories?post=24391"},{"taxonomy":"post_tag","embeddable":true,"href":"https:\/\/www.suno.com.br\/noticias\/wp-json\/wp\/v2\/tags?post=24391"},{"taxonomy":"suno_strategy","embeddable":true,"href":"https:\/\/www.suno.com.br\/noticias\/wp-json\/wp\/v2\/suno_strategy?post=24391"}],"curies":[{"name":"wp","href":"https:\/\/api.w.org\/{rel}","templated":true}]}}