{"id":24378,"date":"2019-05-13T18:15:55","date_gmt":"2019-05-13T21:15:55","guid":{"rendered":"https:\/\/www.suno.com.br\/noticias\/?p=24378"},"modified":"2019-05-13T20:58:21","modified_gmt":"2019-05-13T23:58:21","slug":"xp-e-klein-preparam-proposta-conjunta-para-via-varejo","status":"publish","type":"post","link":"https:\/\/www.suno.com.br\/noticias\/xp-e-klein-preparam-proposta-conjunta-para-via-varejo\/","title":{"rendered":"XP e Klein preparam proposta conjunta para Via Varejo"},"content":{"rendered":"<p>A <strong>XP Asset Management<\/strong> e o empres\u00e1rio <strong>Michael Klein<\/strong> estariam trabalhando juntos para realizar uma proposta de aquisi\u00e7\u00e3o de <strong>a\u00e7\u00f5es<\/strong> da Via Varejo (VVAR3). A informa\u00e7\u00e3o foi divulgada nesta segunda-feira (13) pelo jornal &#8220;Valor Econ\u00f4mico&#8221;.<\/p>\t<div class=\"wrapper-featured-image\">\n\t\t<figure class=\"spotlightImg\">\n\n\t\t\t<picture>\n\t\t\t\t<source media=\"(max-width: 768px)\" srcset=\"https:\/\/files.sunoresearch.com.br\/n\/uploads\/2019\/02\/828c4c15-via-varejo-400x200.webp\">\n\t\t\t\t<img loading=\"lazy\" decoding=\"async\" class=\"newsContent__article__imgCapa lazyloadDisabled newsContent__article__imgCapa--noCaption\" src=\"https:\/\/files.sunoresearch.com.br\/n\/uploads\/2019\/02\/828c4c15-via-varejo-png.webp\" width=\"800\" height=\"450\" alt=\"XP e Klein preparam proposta conjunta para Via Varejo\" fetchpriority=high \/>\n\t\t\t<\/picture>\n\n\t\t\t<figcaption class=\"wp-caption-text wp-caption-text--hide\">Via Varejo<\/figcaption>\n\t\t<\/figure>\n\t<\/div>\n\n\n\t<p>\n\t\t<a href=\"https:\/\/lp.suno.com.br\/nossas-assinaturas\/?utm_campaign=_SNC8166F3A4_\" target=\"_blank\" data-element=\"shortcode-suno-banner\" title=\"Banner SUNO, clique e saiba mais\">\n\t\t\t<picture>\n\t\t\t\t<source media=\"(max-width: 500px)\" srcset=\"https:\/\/files.sunoresearch.com.br\/n\/uploads\/2025\/08\/Artigos-e-Noticias-Banner-Materias-01-Mobile_-400x300-1-png.webp\">\n\t\t\t\t<img class=\"newsContent__article__imgCapa newsContent__article__imgCapa--banner\"\n\t\t\t\t\tsrc=\"https:\/\/files.sunoresearch.com.br\/n\/uploads\/2025\/08\/Artigos-e-Noticias-Banner-Materias-01-Desktop_-1420x240-4-png.webp\"\n\t\t\t\t\tdata-promo-id=\"620371\"\t\t\t\t\t\t\t\t\t\twidth='1420' height='240'\t\t\t\t\talt=\"https:\/\/files.sunoresearch.com.br\/n\/uploads\/2025\/08\/Artigos-e-Noticias-Banner-Materias-01-Desktop_-1420x240-4-png.webp\"\n\t\t\t\t>\n\t\t\t<\/picture>\n\t\t<\/a>\n\t<\/p>\n\n\n<p>Segundo o jornal, a <strong>XP<\/strong> criaria um fundo espec\u00edfico para veicular a opera\u00e7\u00e3o de compra das <strong>a\u00e7\u00f5es.<\/strong> A corretora cuidaria da parte financeira, enquanto o comando da opera\u00e7\u00e3o ficaria por conta de <strong>Klein.<\/strong> J\u00e1 teria sido at\u00e9 decidido o nome do executivo que lideraria a <strong>Via Varejo<\/strong> ap\u00f3s a aquisi\u00e7\u00e3o.<\/p>\n<p><a href=\"https:\/\/www.suno.com.br\/noticias\/via-varejo-prejuizo-ponto-frio-casas-bahia\/\">Saiba mais: Via Varejo tem preju\u00edzo de R$ 49 mi; acima do esperado que era R$ 5,2 mi\u00a0<\/a><\/p>\n<p>Atualmente, a <strong>XP<\/strong> controla 1,85% das a\u00e7\u00f5es da varejista atrav\u00e9s de uma s\u00e9rie de fundos. Em nota, a corretora informou que n\u00e3o pode divulgar informa\u00e7\u00f5es sobre a opera\u00e7\u00e3o por causa de &#8220;determina\u00e7\u00f5es da \u00e1rea de compliance&#8221;.<\/p>\n\t<p>\n\t\t<a href=\"https:\/\/lp.suno.com.br\/ao\/sessao-estrategica-consultoria-c\/?utm_source=suno-noticias&#038;utm_medium=banner&#038;utm_campaing=dolar-cair-juros\" target=\"_blank\" data-element=\"shortcode-suno-banner\" title=\"Banner SUNO, clique e saiba mais\">\n\t\t\t<picture>\n\t\t\t\t<source media=\"(max-width: 500px)\" srcset=\"https:\/\/files.sunoresearch.com.br\/n\/uploads\/2025\/09\/300x400.webp\">\n\t\t\t\t<img class=\"newsContent__article__imgCapa newsContent__article__imgCapa--banner\"\n\t\t\t\t\tsrc=\"https:\/\/files.sunoresearch.com.br\/n\/uploads\/2025\/09\/SN-DT-1420x240-1.webp\"\n\t\t\t\t\tdata-promo-id=\"624946\"\t\t\t\t\t\t\t\t\t\twidth='1420' height='240'\t\t\t\t\talt=\"https:\/\/files.sunoresearch.com.br\/n\/uploads\/2025\/09\/SN-DT-1420x240-1.webp\"\n\t\t\t\t>\n\t\t\t<\/picture>\n\t\t<\/a>\n\t<\/p>\n\n\n<p style=\"text-align: left;\">Por sua vez, a fam\u00edlia <strong>Klein<\/strong> possui 25,24% das a\u00e7\u00f5es da empresa. Enquanto o <strong>Grupo P\u00e3o<\/strong> de A\u00e7\u00facar det\u00eam 36,27% das a\u00e7\u00f5es.<\/p>\n<p style=\"text-align: center;\"><iframe loading=\"lazy\" src=\"https:\/\/www.youtube.com\/embed\/9GBjkKaQS8E\" width=\"560\" height=\"315\" frameborder=\"0\" allowfullscreen=\"allowfullscreen\"><\/iframe>\n<\/p>\n<h2 style=\"text-align: left;\">Opera\u00e7\u00e3o nada simples<\/h2>\n<p>Segundo o &#8220;Valor&#8221;, a opera\u00e7\u00e3o n\u00e3o ser\u00e1 simples. Atualmente, a <strong>Via Varejo,<\/strong> , controladora das redes varejistas <strong>Casas Bahia<\/strong> e <strong>Ponto Frio<\/strong>, tem um valor de mercado de cerca de R$ 6 bilh\u00f5es.<\/p>\n<p><a href=\"https:\/\/www.suno.com.br\/noticias\/via-varejo-prejuizo-perda-2018\/\">Saiba Mais: Via Varejo registra preju\u00edzo de R$ 267 milh\u00f5es em 2018<\/a><\/p>\n<p>A XP e Klein n\u00e3o estariam dispon\u00edveis a pagar a\u00e7\u00f5es a um pre\u00e7o superior a cota\u00e7\u00e3o m\u00e9dia das negocia\u00e7\u00f5es. Um ponto que n\u00e3o mudaria nem caso outros investidores se interessem em comprar a empresa. Atualmente, um fundo de private equity estaria interessado na <strong>Via Varejo.<\/strong><\/p>\n<h2>Resultados negativos<\/h2>\n<p>A <strong>Via Varejo<\/strong> registrou um preju\u00edzo total de R$ 49 milh\u00f5es no primeiro trimestre de 2019. Essa \u00e9 a terceira vez consecutiva de <strong>preju\u00edzos trimestrais<\/strong>. Os analistas estimavam um saldo negativo de R$ 5,2 milh\u00f5es.\u00a0No quarto trimestre de 2018 o preju\u00edzo l\u00edquido foi de R$ 279 milh\u00f5es.<\/p>\n<p><a href=\"https:\/\/www.suno.com.br\/noticias\/via-varejo-perde-ibovespa-gpa-vender-acoes\/\">Saiba Mais: Via Varejo perde 7% na B3 ap\u00f3s GPA decidir vender a\u00e7\u00f5es<\/a><\/p>\n<p>O <strong>EBITDA<\/strong> (<a href=\"https:\/\/www.suno.com.br\/artigos\/ebitda\/\">Earnings Before Interest, Taxes, Depreciation and Amortization<\/a>) ajustado do quarto trimestre de 2018 somou\u00a0R$ 275 milh\u00f5es. O <strong>recuo<\/strong> ante o mesmo per\u00edodo de 2017 foi de\u00a055,3%.<\/p>\n<p>No total, em 2018 a empresa registrou um preju\u00edzo l\u00edquido de R$ 267 milh\u00f5es. No ano anterior, o saldo foi positivo e o <a href=\"https:\/\/www.suno.com.br\/artigos\/lucro-liquido\/\">lucro l\u00edquido<\/a> havia sido de R$ 168 milh\u00f5es.<\/p>\n<p>No acumulado do ano passado, o <strong>EBITDA<\/strong> ajustado <strong>caiu<\/strong> 26,3% na compara\u00e7\u00e3o anual, a R$ 1,236 bilh\u00e3o.<\/p>\n\t<p>\n\t\t<a href=\"https:\/\/lp.suno.com.br\/nossas-assinaturas\/?utm_campaign=_SNC8166F3A4_\" target=\"_blank\" data-element=\"shortcode-suno-banner\" title=\"Banner SUNO, clique e saiba mais\">\n\t\t\t<picture>\n\t\t\t\t<source media=\"(max-width: 500px)\" srcset=\"https:\/\/files.sunoresearch.com.br\/n\/uploads\/2025\/08\/Artigos-e-Noticias-Banner-Materias-01-Mobile_-400x300-1-png.webp\">\n\t\t\t\t<img class=\"newsContent__article__imgCapa newsContent__article__imgCapa--banner\"\n\t\t\t\t\tsrc=\"https:\/\/files.sunoresearch.com.br\/n\/uploads\/2025\/08\/Artigos-e-Noticias-Banner-Materias-01-Desktop_-1420x240-4-png.webp\"\n\t\t\t\t\tdata-promo-id=\"620371\"\t\t\t\t\t\t\t\t\t\twidth='1420' height='240'\t\t\t\t\talt=\"https:\/\/files.sunoresearch.com.br\/n\/uploads\/2025\/08\/Artigos-e-Noticias-Banner-Materias-01-Desktop_-1420x240-4-png.webp\"\n\t\t\t\t>\n\t\t\t<\/picture>\n\t\t<\/a>\n\t<\/p>\n\n\n<p>De acordo com a <strong>Via Varejo<\/strong>, o preju\u00edzo do \u00faltimo trimestre de 2018 foi puxado pela menor <a href=\"https:\/\/www.suno.com.br\/artigos\/margem-bruta\/\">margem bruta<\/a> no per\u00edodo. E por outras <strong>despesas operacionais<\/strong>, resultantes da <strong>reestrutura\u00e7\u00e3o<\/strong> realizada na companhia.<\/p>\n","protected":false},"excerpt":{"rendered":"<p>A XP Asset Management e o empres\u00e1rio Michael Klein estariam trabalhando juntos para realizar uma proposta de aquisi\u00e7\u00e3o de a\u00e7\u00f5es da Via Varejo (VVAR3). A informa\u00e7\u00e3o foi divulgada nesta segunda-feira (13) pelo jornal &#8220;Valor Econ\u00f4mico&#8221;. Via Varejo Segundo o jornal, a XP criaria um fundo espec\u00edfico para veicular a opera\u00e7\u00e3o de compra das a\u00e7\u00f5es. A [&hellip;]<\/p>\n","protected":false},"author":9,"featured_media":16175,"comment_status":"closed","ping_status":"closed","sticky":false,"template":"","format":"standard","meta":[],"categories":[64],"tags":[286,106935,888],"suno_strategy":[],"class_list":["post-24378","post","type-post","status-publish","format-standard","has-post-thumbnail","hentry","category-negocios","tag-acoes","tag-via-viia3","tag-xp-investimentos"],"yoast_head":"<!-- This site is optimized with the Yoast SEO plugin v24.4 - https:\/\/yoast.com\/wordpress\/plugins\/seo\/ -->\n<title>XP e Klein preparam proposta conjunta para Via Varejo<\/title>\n<meta name=\"description\" content=\"A XP e Michael Klein estariam trabalhando para realizar uma proposta de aquisi\u00e7\u00e3o de a\u00e7\u00f5es da Via Varejo. Clique aqui para saber mais.\" \/>\n<meta name=\"robots\" content=\"index, follow, max-snippet:-1, max-image-preview:large, max-video-preview:-1\" \/>\n<link rel=\"canonical\" href=\"https:\/\/www.suno.com.br\/noticias\/xp-e-klein-preparam-proposta-conjunta-para-via-varejo\/\" \/>\n<meta property=\"og:locale\" content=\"pt_BR\" \/>\n<meta property=\"og:type\" content=\"article\" \/>\n<meta property=\"og:title\" content=\"XP e Klein preparam proposta conjunta para Via Varejo\" \/>\n<meta property=\"og:description\" content=\"A XP e Michael Klein estariam trabalhando para realizar uma proposta de aquisi\u00e7\u00e3o de a\u00e7\u00f5es da Via Varejo. Clique aqui para saber mais.\" \/>\n<meta property=\"og:url\" content=\"https:\/\/www.suno.com.br\/noticias\/xp-e-klein-preparam-proposta-conjunta-para-via-varejo\/\" \/>\n<meta property=\"og:site_name\" content=\"Suno Not\u00edcias\" \/>\n<meta property=\"article:publisher\" content=\"https:\/\/facebook.com\/sunoresearch\" \/>\n<meta property=\"og:image\" content=\"https:\/\/files.sunoresearch.com.br\/n\/uploads\/2019\/02\/828c4c15-via-varejo.png\" \/>\n\t<meta property=\"og:image:width\" content=\"646\" \/>\n\t<meta property=\"og:image:height\" content=\"220\" \/>\n\t<meta property=\"og:image:type\" content=\"image\/png\" \/>\n<meta name=\"author\" content=\"Carlo Cauti\" \/>\n<meta name=\"twitter:card\" content=\"summary_large_image\" \/>\n<meta name=\"twitter:creator\" content=\"@sunoresearch\" \/>\n<meta name=\"twitter:site\" content=\"@sunoresearch\" \/>\n<meta name=\"twitter:label1\" content=\"Escrito por\" \/>\n\t<meta name=\"twitter:data1\" content=\"Carlo Cauti\" \/>\n\t<meta name=\"twitter:label2\" content=\"Est. tempo de leitura\" \/>\n\t<meta name=\"twitter:data2\" content=\"2 minutos\" \/>\n<script type=\"application\/ld+json\" class=\"yoast-schema-graph\">{\"@context\":\"https:\/\/schema.org\",\"@graph\":[{\"@type\":\"NewsArticle\",\"@id\":\"https:\/\/www.suno.com.br\/noticias\/xp-e-klein-preparam-proposta-conjunta-para-via-varejo\/#article\",\"isPartOf\":{\"@id\":\"https:\/\/www.suno.com.br\/noticias\/xp-e-klein-preparam-proposta-conjunta-para-via-varejo\/\"},\"author\":{\"name\":\"Carlo Cauti\",\"@id\":\"https:\/\/www.suno.com.br\/noticias\/#\/schema\/person\/e6e0f723cc177805027f4566c1d5e0c8\"},\"headline\":\"XP e Klein preparam proposta conjunta para Via Varejo\",\"datePublished\":\"2019-05-13T21:15:55+00:00\",\"dateModified\":\"2019-05-13T23:58:21+00:00\",\"mainEntityOfPage\":{\"@id\":\"https:\/\/www.suno.com.br\/noticias\/xp-e-klein-preparam-proposta-conjunta-para-via-varejo\/\"},\"wordCount\":478,\"publisher\":{\"@id\":\"https:\/\/www.suno.com.br\/noticias\/#organization\"},\"image\":{\"@id\":\"https:\/\/www.suno.com.br\/noticias\/xp-e-klein-preparam-proposta-conjunta-para-via-varejo\/#primaryimage\"},\"thumbnailUrl\":\"https:\/\/files.sunoresearch.com.br\/n\/uploads\/2019\/02\/828c4c15-via-varejo-png.webp\",\"keywords\":[\"A\u00e7\u00f5es\",\"Via (VIIA3)\",\"XP Investimentos\"],\"articleSection\":[\"Neg\u00f3cios\"],\"inLanguage\":\"pt-BR\"},{\"@type\":\"WebPage\",\"@id\":\"https:\/\/www.suno.com.br\/noticias\/xp-e-klein-preparam-proposta-conjunta-para-via-varejo\/\",\"url\":\"https:\/\/www.suno.com.br\/noticias\/xp-e-klein-preparam-proposta-conjunta-para-via-varejo\/\",\"name\":\"XP e Klein preparam proposta conjunta para Via Varejo\",\"isPartOf\":{\"@id\":\"https:\/\/www.suno.com.br\/noticias\/#website\"},\"primaryImageOfPage\":{\"@id\":\"https:\/\/www.suno.com.br\/noticias\/xp-e-klein-preparam-proposta-conjunta-para-via-varejo\/#primaryimage\"},\"image\":{\"@id\":\"https:\/\/www.suno.com.br\/noticias\/xp-e-klein-preparam-proposta-conjunta-para-via-varejo\/#primaryimage\"},\"thumbnailUrl\":\"https:\/\/files.sunoresearch.com.br\/n\/uploads\/2019\/02\/828c4c15-via-varejo-png.webp\",\"datePublished\":\"2019-05-13T21:15:55+00:00\",\"dateModified\":\"2019-05-13T23:58:21+00:00\",\"description\":\"A XP e Michael Klein estariam trabalhando para realizar uma proposta de aquisi\u00e7\u00e3o de a\u00e7\u00f5es da Via Varejo. Clique aqui para saber mais.\",\"breadcrumb\":{\"@id\":\"https:\/\/www.suno.com.br\/noticias\/xp-e-klein-preparam-proposta-conjunta-para-via-varejo\/#breadcrumb\"},\"inLanguage\":\"pt-BR\",\"potentialAction\":[{\"@type\":\"ReadAction\",\"target\":[\"https:\/\/www.suno.com.br\/noticias\/xp-e-klein-preparam-proposta-conjunta-para-via-varejo\/\"]}]},{\"@type\":\"ImageObject\",\"inLanguage\":\"pt-BR\",\"@id\":\"https:\/\/www.suno.com.br\/noticias\/xp-e-klein-preparam-proposta-conjunta-para-via-varejo\/#primaryimage\",\"url\":\"https:\/\/files.sunoresearch.com.br\/n\/uploads\/2019\/02\/828c4c15-via-varejo-png.webp\",\"contentUrl\":\"https:\/\/files.sunoresearch.com.br\/n\/uploads\/2019\/02\/828c4c15-via-varejo-png.webp\",\"width\":646,\"height\":220,\"caption\":\"Via Varejo\"},{\"@type\":\"BreadcrumbList\",\"@id\":\"https:\/\/www.suno.com.br\/noticias\/xp-e-klein-preparam-proposta-conjunta-para-via-varejo\/#breadcrumb\",\"itemListElement\":[{\"@type\":\"ListItem\",\"position\":1,\"name\":\"Not\u00edcias\",\"item\":\"https:\/\/www.suno.com.br\/noticias\/\"},{\"@type\":\"ListItem\",\"position\":2,\"name\":\"Neg\u00f3cios\",\"item\":\"https:\/\/www.suno.com.br\/noticias\/negocios\/\"},{\"@type\":\"ListItem\",\"position\":3,\"name\":\"XP e Klein preparam proposta conjunta para Via Varejo\"}]},{\"@type\":\"WebSite\",\"@id\":\"https:\/\/www.suno.com.br\/noticias\/#website\",\"url\":\"https:\/\/www.suno.com.br\/noticias\/\",\"name\":\"Suno Not\u00edcias\",\"description\":\"Seu portal de informa\u00e7\u00e3o sobre o mundo dos investimentos\",\"publisher\":{\"@id\":\"https:\/\/www.suno.com.br\/noticias\/#organization\"},\"potentialAction\":[{\"@type\":\"SearchAction\",\"target\":{\"@type\":\"EntryPoint\",\"urlTemplate\":\"https:\/\/www.suno.com.br\/noticias\/?s={search_term_string}\"},\"query-input\":{\"@type\":\"PropertyValueSpecification\",\"valueRequired\":true,\"valueName\":\"search_term_string\"}}],\"inLanguage\":\"pt-BR\"},{\"@type\":\"Organization\",\"@id\":\"https:\/\/www.suno.com.br\/noticias\/#organization\",\"name\":\"Suno Not\u00edcias\",\"url\":\"https:\/\/www.suno.com.br\/noticias\/\",\"logo\":{\"@type\":\"ImageObject\",\"inLanguage\":\"pt-BR\",\"@id\":\"https:\/\/www.suno.com.br\/noticias\/#\/schema\/logo\/image\/\",\"url\":\"https:\/\/files.sunoresearch.com.br\/n\/uploads\/2021\/09\/suno-logo.png\",\"contentUrl\":\"https:\/\/files.sunoresearch.com.br\/n\/uploads\/2021\/09\/suno-logo.png\",\"width\":180,\"height\":180,\"caption\":\"Suno Not\u00edcias\"},\"image\":{\"@id\":\"https:\/\/www.suno.com.br\/noticias\/#\/schema\/logo\/image\/\"},\"sameAs\":[\"https:\/\/facebook.com\/sunoresearch\",\"https:\/\/x.com\/sunoresearch\",\"https:\/\/www.instagram.com\/suno\",\"https:\/\/www.linkedin.com\/company\/suno-research\/\",\"https:\/\/www.youtube.com\/c\/sunoresearch\"]},{\"@type\":\"Person\",\"@id\":\"https:\/\/www.suno.com.br\/noticias\/#\/schema\/person\/e6e0f723cc177805027f4566c1d5e0c8\",\"name\":\"Carlo Cauti\",\"image\":{\"@type\":\"ImageObject\",\"inLanguage\":\"pt-BR\",\"@id\":\"https:\/\/www.suno.com.br\/noticias\/#\/schema\/person\/image\/\",\"url\":\"https:\/\/secure.gravatar.com\/avatar\/3ada9e0bd164c23abd4792a9606d583c?s=96&r=g\",\"contentUrl\":\"https:\/\/secure.gravatar.com\/avatar\/3ada9e0bd164c23abd4792a9606d583c?s=96&r=g\",\"caption\":\"Carlo Cauti\"},\"description\":\"Editor multim\u00eddia do SUNO Not\u00edcias. Italiano, formado em Ci\u00eancias Pol\u00edticas pela universidade LUISS G. Carli de Roma e mestre cum laude em Rela\u00e7\u00f5es Internacionais, Jornalismo Internacional e de Guerra e em Economia Internacional. Concluiu tamb\u00e9m um MBA em Finan\u00e7as na B3. No Brasil, teve passagem por ve\u00edculos como Estad\u00e3o, Globo, Veja e EXAME. e nas ag\u00eancias de not\u00edcias italianas ANSA e NOVA.\",\"url\":\"https:\/\/www.suno.com.br\/noticias\/author\/carlo-cauti\/\"}]}<\/script>\n<!-- \/ Yoast SEO plugin. -->","yoast_head_json":{"title":"XP e Klein preparam proposta conjunta para Via Varejo","description":"A XP e Michael Klein estariam trabalhando para realizar uma proposta de aquisi\u00e7\u00e3o de a\u00e7\u00f5es da Via Varejo. Clique aqui para saber mais.","robots":{"index":"index","follow":"follow","max-snippet":"max-snippet:-1","max-image-preview":"max-image-preview:large","max-video-preview":"max-video-preview:-1"},"canonical":"https:\/\/www.suno.com.br\/noticias\/xp-e-klein-preparam-proposta-conjunta-para-via-varejo\/","og_locale":"pt_BR","og_type":"article","og_title":"XP e Klein preparam proposta conjunta para Via Varejo","og_description":"A XP e Michael Klein estariam trabalhando para realizar uma proposta de aquisi\u00e7\u00e3o de a\u00e7\u00f5es da Via Varejo. Clique aqui para saber mais.","og_url":"https:\/\/www.suno.com.br\/noticias\/xp-e-klein-preparam-proposta-conjunta-para-via-varejo\/","og_site_name":"Suno Not\u00edcias","article_publisher":"https:\/\/facebook.com\/sunoresearch","og_image":[{"width":646,"height":220,"url":"https:\/\/files.sunoresearch.com.br\/n\/uploads\/2019\/02\/828c4c15-via-varejo.png","type":"image\/png"}],"author":"Carlo Cauti","twitter_card":"summary_large_image","twitter_creator":"@sunoresearch","twitter_site":"@sunoresearch","twitter_misc":{"Escrito por":"Carlo Cauti","Est. tempo de leitura":"2 minutos"},"schema":{"@context":"https:\/\/schema.org","@graph":[{"@type":"NewsArticle","@id":"https:\/\/www.suno.com.br\/noticias\/xp-e-klein-preparam-proposta-conjunta-para-via-varejo\/#article","isPartOf":{"@id":"https:\/\/www.suno.com.br\/noticias\/xp-e-klein-preparam-proposta-conjunta-para-via-varejo\/"},"author":{"name":"Carlo Cauti","@id":"https:\/\/www.suno.com.br\/noticias\/#\/schema\/person\/e6e0f723cc177805027f4566c1d5e0c8"},"headline":"XP e Klein preparam proposta conjunta para Via Varejo","datePublished":"2019-05-13T21:15:55+00:00","dateModified":"2019-05-13T23:58:21+00:00","mainEntityOfPage":{"@id":"https:\/\/www.suno.com.br\/noticias\/xp-e-klein-preparam-proposta-conjunta-para-via-varejo\/"},"wordCount":478,"publisher":{"@id":"https:\/\/www.suno.com.br\/noticias\/#organization"},"image":{"@id":"https:\/\/www.suno.com.br\/noticias\/xp-e-klein-preparam-proposta-conjunta-para-via-varejo\/#primaryimage"},"thumbnailUrl":"https:\/\/files.sunoresearch.com.br\/n\/uploads\/2019\/02\/828c4c15-via-varejo-png.webp","keywords":["A\u00e7\u00f5es","Via (VIIA3)","XP Investimentos"],"articleSection":["Neg\u00f3cios"],"inLanguage":"pt-BR"},{"@type":"WebPage","@id":"https:\/\/www.suno.com.br\/noticias\/xp-e-klein-preparam-proposta-conjunta-para-via-varejo\/","url":"https:\/\/www.suno.com.br\/noticias\/xp-e-klein-preparam-proposta-conjunta-para-via-varejo\/","name":"XP e Klein preparam proposta conjunta para Via Varejo","isPartOf":{"@id":"https:\/\/www.suno.com.br\/noticias\/#website"},"primaryImageOfPage":{"@id":"https:\/\/www.suno.com.br\/noticias\/xp-e-klein-preparam-proposta-conjunta-para-via-varejo\/#primaryimage"},"image":{"@id":"https:\/\/www.suno.com.br\/noticias\/xp-e-klein-preparam-proposta-conjunta-para-via-varejo\/#primaryimage"},"thumbnailUrl":"https:\/\/files.sunoresearch.com.br\/n\/uploads\/2019\/02\/828c4c15-via-varejo-png.webp","datePublished":"2019-05-13T21:15:55+00:00","dateModified":"2019-05-13T23:58:21+00:00","description":"A XP e Michael Klein estariam trabalhando para realizar uma proposta de aquisi\u00e7\u00e3o de a\u00e7\u00f5es da Via Varejo. Clique aqui para saber mais.","breadcrumb":{"@id":"https:\/\/www.suno.com.br\/noticias\/xp-e-klein-preparam-proposta-conjunta-para-via-varejo\/#breadcrumb"},"inLanguage":"pt-BR","potentialAction":[{"@type":"ReadAction","target":["https:\/\/www.suno.com.br\/noticias\/xp-e-klein-preparam-proposta-conjunta-para-via-varejo\/"]}]},{"@type":"ImageObject","inLanguage":"pt-BR","@id":"https:\/\/www.suno.com.br\/noticias\/xp-e-klein-preparam-proposta-conjunta-para-via-varejo\/#primaryimage","url":"https:\/\/files.sunoresearch.com.br\/n\/uploads\/2019\/02\/828c4c15-via-varejo-png.webp","contentUrl":"https:\/\/files.sunoresearch.com.br\/n\/uploads\/2019\/02\/828c4c15-via-varejo-png.webp","width":646,"height":220,"caption":"Via Varejo"},{"@type":"BreadcrumbList","@id":"https:\/\/www.suno.com.br\/noticias\/xp-e-klein-preparam-proposta-conjunta-para-via-varejo\/#breadcrumb","itemListElement":[{"@type":"ListItem","position":1,"name":"Not\u00edcias","item":"https:\/\/www.suno.com.br\/noticias\/"},{"@type":"ListItem","position":2,"name":"Neg\u00f3cios","item":"https:\/\/www.suno.com.br\/noticias\/negocios\/"},{"@type":"ListItem","position":3,"name":"XP e Klein preparam proposta conjunta para Via Varejo"}]},{"@type":"WebSite","@id":"https:\/\/www.suno.com.br\/noticias\/#website","url":"https:\/\/www.suno.com.br\/noticias\/","name":"Suno Not\u00edcias","description":"Seu portal de informa\u00e7\u00e3o sobre o mundo dos investimentos","publisher":{"@id":"https:\/\/www.suno.com.br\/noticias\/#organization"},"potentialAction":[{"@type":"SearchAction","target":{"@type":"EntryPoint","urlTemplate":"https:\/\/www.suno.com.br\/noticias\/?s={search_term_string}"},"query-input":{"@type":"PropertyValueSpecification","valueRequired":true,"valueName":"search_term_string"}}],"inLanguage":"pt-BR"},{"@type":"Organization","@id":"https:\/\/www.suno.com.br\/noticias\/#organization","name":"Suno Not\u00edcias","url":"https:\/\/www.suno.com.br\/noticias\/","logo":{"@type":"ImageObject","inLanguage":"pt-BR","@id":"https:\/\/www.suno.com.br\/noticias\/#\/schema\/logo\/image\/","url":"https:\/\/files.sunoresearch.com.br\/n\/uploads\/2021\/09\/suno-logo.png","contentUrl":"https:\/\/files.sunoresearch.com.br\/n\/uploads\/2021\/09\/suno-logo.png","width":180,"height":180,"caption":"Suno Not\u00edcias"},"image":{"@id":"https:\/\/www.suno.com.br\/noticias\/#\/schema\/logo\/image\/"},"sameAs":["https:\/\/facebook.com\/sunoresearch","https:\/\/x.com\/sunoresearch","https:\/\/www.instagram.com\/suno","https:\/\/www.linkedin.com\/company\/suno-research\/","https:\/\/www.youtube.com\/c\/sunoresearch"]},{"@type":"Person","@id":"https:\/\/www.suno.com.br\/noticias\/#\/schema\/person\/e6e0f723cc177805027f4566c1d5e0c8","name":"Carlo Cauti","image":{"@type":"ImageObject","inLanguage":"pt-BR","@id":"https:\/\/www.suno.com.br\/noticias\/#\/schema\/person\/image\/","url":"https:\/\/secure.gravatar.com\/avatar\/3ada9e0bd164c23abd4792a9606d583c?s=96&r=g","contentUrl":"https:\/\/secure.gravatar.com\/avatar\/3ada9e0bd164c23abd4792a9606d583c?s=96&r=g","caption":"Carlo Cauti"},"description":"Editor multim\u00eddia do SUNO Not\u00edcias. Italiano, formado em Ci\u00eancias Pol\u00edticas pela universidade LUISS G. Carli de Roma e mestre cum laude em Rela\u00e7\u00f5es Internacionais, Jornalismo Internacional e de Guerra e em Economia Internacional. Concluiu tamb\u00e9m um MBA em Finan\u00e7as na B3. No Brasil, teve passagem por ve\u00edculos como Estad\u00e3o, Globo, Veja e EXAME. e nas ag\u00eancias de not\u00edcias italianas ANSA e NOVA.","url":"https:\/\/www.suno.com.br\/noticias\/author\/carlo-cauti\/"}]}},"default_loop_html":"<div class=\"cardsPage__listCard__boxs\"><div class=\"cardsPage__listCard__boxs__img\"><a href=\"https:\/\/www.suno.com.br\/noticias\/xp-e-klein-preparam-proposta-conjunta-para-via-varejo\/\"><img class=\"mask\" src=\"https:\/\/www.suno.com.br\/noticias\/wp-content\/themes\/suno\/resources\/images\/spotlight\/spotlight1img\/bg-mask.png\" alt=\"Image Mask\"\/><img src=\"https:\/\/files.sunoresearch.com.br\/n\/uploads\/2019\/02\/828c4c15-via-varejo-400x200.webp\" alt=\"XP e Klein preparam proposta conjunta para Via Varejo\"\/><\/a><span class=\"spotlightCategory\"><a href=\"https:\/\/www.suno.com.br\/noticias\/negocios\/\">Neg\u00f3cios<\/a><\/span><\/div><div class=\"cardsPage__listCard__boxs__content\"><a href=\"https:\/\/www.suno.com.br\/noticias\/xp-e-klein-preparam-proposta-conjunta-para-via-varejo\/\"><h2 class=\"content__title\">XP e Klein preparam proposta conjunta para Via Varejo<\/h2><\/a><div class=\"newsContent__article__meta\"><div class=\"newsContent__article__meta__authorBox\"><a href=\"https:\/\/www.suno.com.br\/noticias\/author\/carlo-cauti\/\" class=\"authorBox__avatar noMobi\"><img src=\"https:\/\/files.sunoresearch.com.br\/n\/uploads\/2020\/08\/e3745f9a-perfil-carlo-cauti-150x150.webp\" alt=\"Carlo Cauti\"><\/a><div class=\"authorBox__name\"><span>por\n\t\t\t<a href=\"https:\/\/www.suno.com.br\/noticias\/author\/carlo-cauti\/\"><span itemprop=\"author\">Carlo Cauti<\/span><\/a><\/span><time datetime=\"2019-05-13T18:15:55-03:00\" itemprop=\"datePublished\">13\/05\/2019 18:15<\/time><\/div><\/div><\/div><\/div><\/div>","single_layout":"posts","amp_enabled":true,"_links":{"self":[{"href":"https:\/\/www.suno.com.br\/noticias\/wp-json\/wp\/v2\/posts\/24378"}],"collection":[{"href":"https:\/\/www.suno.com.br\/noticias\/wp-json\/wp\/v2\/posts"}],"about":[{"href":"https:\/\/www.suno.com.br\/noticias\/wp-json\/wp\/v2\/types\/post"}],"author":[{"embeddable":true,"href":"https:\/\/www.suno.com.br\/noticias\/wp-json\/wp\/v2\/users\/9"}],"replies":[{"embeddable":true,"href":"https:\/\/www.suno.com.br\/noticias\/wp-json\/wp\/v2\/comments?post=24378"}],"version-history":[{"count":0,"href":"https:\/\/www.suno.com.br\/noticias\/wp-json\/wp\/v2\/posts\/24378\/revisions"}],"wp:featuredmedia":[{"embeddable":true,"href":"https:\/\/www.suno.com.br\/noticias\/wp-json\/wp\/v2\/media\/16175"}],"wp:attachment":[{"href":"https:\/\/www.suno.com.br\/noticias\/wp-json\/wp\/v2\/media?parent=24378"}],"wp:term":[{"taxonomy":"category","embeddable":true,"href":"https:\/\/www.suno.com.br\/noticias\/wp-json\/wp\/v2\/categories?post=24378"},{"taxonomy":"post_tag","embeddable":true,"href":"https:\/\/www.suno.com.br\/noticias\/wp-json\/wp\/v2\/tags?post=24378"},{"taxonomy":"suno_strategy","embeddable":true,"href":"https:\/\/www.suno.com.br\/noticias\/wp-json\/wp\/v2\/suno_strategy?post=24378"}],"curies":[{"name":"wp","href":"https:\/\/api.w.org\/{rel}","templated":true}]}}