{"id":243549,"date":"2022-03-21T11:44:34","date_gmt":"2022-03-21T14:44:34","guid":{"rendered":"https:\/\/www.suno.com.br\/noticias\/?p=243549"},"modified":"2022-03-21T11:44:34","modified_gmt":"2022-03-21T14:44:34","slug":"petrobras-petr4-bolsonaro-corrupcao-combustiveis","status":"publish","type":"post","link":"https:\/\/www.suno.com.br\/noticias\/petrobras-petr4-bolsonaro-corrupcao-combustiveis\/","title":{"rendered":"Petrobras (PETR4): Bolsonaro diz que n\u00e3o vai interferir e culpa corrup\u00e7\u00e3o por alta nos pre\u00e7os"},"content":{"rendered":"<p>O presidente Jair Bolsonaro afirmou nesta segunda-feira (21) que n\u00e3o vai interferir na pol\u00edtica de pre\u00e7os da <a class=\"suno-keyword\" href=\"https:\/\/www.suno.com.br\/acoes\/PETR4\/\" target=\"_blank\" rel=\"noopener\" data-force=\"yes\" data-priority=\"2\"><strong>Petrobras<\/strong> (PETR4)<\/a> e culpou a corrup\u00e7\u00e3o na estatal pela alta no pre\u00e7o dos combust\u00edveis. Al\u00e9m disso, em entrevista \u00e0 <em>Jovem Pan<\/em>, o presidente voltou a questionar o valor do ICMS (Imposto sobre Circula\u00e7\u00e3o de Mercadorias e Servi\u00e7os) cobrado pelos estados.<\/p>\t<div class=\"wrapper-featured-image\">\n\t\t<figure class=\"spotlightImg\">\n\n\t\t\t<picture>\n\t\t\t\t<source media=\"(max-width: 768px)\" srcset=\"https:\/\/files.sunoresearch.com.br\/n\/uploads\/2022\/01\/Jair_Bolsonaro_Agencia_Brasil-400x200.jpg\">\n\t\t\t\t<img loading=\"lazy\" decoding=\"async\" class=\"newsContent__article__imgCapa lazyloadDisabled \" src=\"https:\/\/files.sunoresearch.com.br\/n\/uploads\/2022\/01\/Jair_Bolsonaro_Agencia_Brasil-800x450.jpg\" width=\"800\" height=\"450\" alt=\"Petrobras (PETR4): Bolsonaro diz que n\u00e3o vai interferir e culpa corrup\u00e7\u00e3o por alta nos pre\u00e7os\" fetchpriority=high \/>\n\t\t\t<\/picture>\n\n\t\t\t<figcaption class=\"wp-caption-text wp-caption-text--show\">Bolsonaro faz balan\u00e7o do governo e afirma n\u00e3o apoiar confrontos. Foto: Valter Campanato\/Ag\u00eancia Brasil<\/figcaption>\n\t\t<\/figure>\n\t<\/div>\n\n\n\t<p>\n\t\t<a href=\"\" target=\"_blank\" data-element=\"shortcode-suno-banner\" title=\"Banner SUNO, clique e saiba mais\">\n\t\t\t<picture>\n\t\t\t\t<source media=\"(max-width: 500px)\" srcset=\"\">\n\t\t\t\t<img class=\"newsContent__article__imgCapa newsContent__article__imgCapa--banner\"\n\t\t\t\t\tsrc=\"\"\n\t\t\t\t\tdata-promo-id=\"138420\"\t\t\t\t\t\t\t\t\t\t\t\t\t\t\talt=\"\"\n\t\t\t\t>\n\t\t\t<\/picture>\n\t\t<\/a>\n\t<\/p>\n\n\n<p>&#8220;Alguns querem que a gente interfira na Petrobras. N\u00e3o pode fazer isso. At\u00e9 porque o pr\u00f3prio pessoal da Petrobras, a come\u00e7ar pelo presidente, responderia por ter aceitado uma interfer\u00eancia&#8221;, disse Bolsonaro em entrevista. &#8220;Os vil\u00f5es s\u00e3o a <strong>roubalheira na Petrobras<\/strong> e o ICMS&#8221;, acrescentou o presidente.<\/p>\n<p>Em ensaio para seu discurso nas <strong>elei\u00e7\u00f5es de 2022<\/strong>, Bolsonaro tem jogado a recente alta dos combust\u00edveis no colo de casos de corrup\u00e7\u00e3o em refinarias de petr\u00f3leo nos governos petistas.<\/p>\n<p>&#8220;Se duas refinarias tivessem sido conclu\u00eddas, j\u00e1 ser\u00edamos autossuficientes em diesel e gasolina, j\u00e1 seria suficiente para pre\u00e7o estar muito mais barato&#8221;, afirmou <strong>Jair Bolsonaro<\/strong>.<\/p>\n<p>Sem especificar o assunto, Bolsonaro disse durante a entrevista \u00e0 <em>Jovem Pan<\/em> ter conversado nesta manh\u00e3 com o pr\u00edncipe da <strong>Ar\u00e1bia Saudita<\/strong> junto ao ministro de Rela\u00e7\u00f5es Exteriores, Carlos Fran\u00e7a. A Ar\u00e1bia Saudita \u00e9 uma pot\u00eancia na \u00e1rea de petr\u00f3leo.<\/p>\n<h2>Empresa \u00e1rabe reduz pre\u00e7o do diesel e da gasolina no Brasil<\/h2>\n<figure id=\"attachment_243574\" aria-describedby=\"caption-attachment-243574\" style=\"width: 1000px\" class=\"wp-caption alignnone\"><img loading=\"lazy\" decoding=\"async\" class=\"wp-image-243574 size-full\" src=\"https:\/\/files.sunoresearch.com.br\/n\/uploads\/2022\/03\/Acelen.jpg\" alt=\"Acelen, concorrente da Petrobras (PETR4)\" width=\"1000\" height=\"562\" srcset=\"https:\/\/files.sunoresearch.com.br\/n\/uploads\/2022\/03\/Acelen.jpg 1000w, https:\/\/files.sunoresearch.com.br\/n\/uploads\/2022\/03\/Acelen-300x169.jpg 300w, https:\/\/files.sunoresearch.com.br\/n\/uploads\/2022\/03\/Acelen-768x432.jpg 768w, https:\/\/files.sunoresearch.com.br\/n\/uploads\/2022\/03\/Acelen-800x450.jpg 800w, https:\/\/files.sunoresearch.com.br\/n\/uploads\/2022\/03\/Acelen-150x84.jpg 150w\" sizes=\"(max-width: 1000px) 100vw, 1000px\" \/><figcaption id=\"caption-attachment-243574\" class=\"wp-caption-text\">Acelen. Foto: Divulga\u00e7\u00e3o<\/figcaption><\/figure>\n<p>A <strong>Acelen<\/strong>, bra\u00e7o do <a class=\"suno-keyword\" href=\"https:\/\/www.suno.com.br\/artigos\/fundo-de-investimento-em-participacoes\/\" target=\"_blank\" rel=\"noopener\" data-force=\"no\" data-priority=\"2\">fundo de investimento<\/a> \u00e1rabe Mubadala que controla a<strong> Refinaria de Mataripe<\/strong>, na Bahia, reduziu o pre\u00e7o do diesel entre 2,7% e 3% e a gasolina em 0,8% em quase todos os mercados onde atua. Segundo a empresa, a redu\u00e7\u00e3o acompanha o recuo do petr\u00f3leo na semana passada.<\/p>\n<p>Diferentemente da Petrobras, a Acelen tem feito reajustes pontuais e, no caso do g\u00e1s de cozinha, tem praticado pre\u00e7os mais baixos do que a estatal brasileira.<\/p>\n<p>Segundo o <a href=\"https:\/\/www.acelen.com.br\/energiaparaacelerar\/\" target=\"_blank\" rel=\"noopener\">site da Acelen<\/a>, o \u00faltimo aumento do G\u00e1s Liquefeito de Petr\u00f3leo (GLP) foi no dia 1.\u00ba de mar\u00e7o. A estatal reajustou o GLP em 16,1%, o diesel em 24,9% e a gasolina em 18,7% na \u00faltima semana.<\/p>\n<p>Antes dos aumentos, os pre\u00e7os da Refinaria de Mataripe chegaram a ficar 27% mais altos do que os da <strong>Petrobras<\/strong> (que ainda mantinha os pre\u00e7os defasados ante a disparada da cota\u00e7\u00e3o internacional em meio a guerra entre R\u00fassia e Ucr\u00e2nia), fazendo com que distribuidores trouxessem combust\u00edveis de outros estados para a Bahia.<\/p>\n\t<p>\n\t\t<a href=\"https:\/\/lp.suno.com.br\/planilha-de-controle-de-investimentos\/\" target=\"_blank\" data-element=\"shortcode-suno-banner\" title=\"Banner SUNO, clique e saiba mais\">\n\t\t\t<picture>\n\t\t\t\t<source media=\"(max-width: 500px)\" srcset=\"https:\/\/files.sunoresearch.com.br\/n\/uploads\/2023\/03\/400x300-Controle-de-Investimentos.png\">\n\t\t\t\t<img class=\"newsContent__article__imgCapa newsContent__article__imgCapa--banner\"\n\t\t\t\t\tsrc=\"https:\/\/files.sunoresearch.com.br\/n\/uploads\/2023\/03\/1420x240-Controle-de-Investimentos.png\"\n\t\t\t\t\tdata-promo-id=\"75934\"\t\t\t\t\t\t\t\t\t\twidth='1420' height='240'\t\t\t\t\talt=\"https:\/\/files.sunoresearch.com.br\/n\/uploads\/2023\/03\/1420x240-Controle-de-Investimentos.png\"\n\t\t\t\t>\n\t\t\t<\/picture>\n\t\t<\/a>\n\t<\/p>\n\n\n<p class=\"newsProviderSignature\"><em>Com informa\u00e7\u00f5es de Estad\u00e3o Conte\u00fado.\u00a0<\/em><\/p>\n","protected":false},"excerpt":{"rendered":"<p>O presidente Jair Bolsonaro afirmou nesta segunda-feira (21) que n\u00e3o vai interferir na pol\u00edtica de pre\u00e7os da Petrobras (PETR4) e culpou a corrup\u00e7\u00e3o na estatal pela alta no pre\u00e7o dos combust\u00edveis. Al\u00e9m disso, em entrevista \u00e0 Jovem Pan, o presidente voltou a questionar o valor do ICMS (Imposto sobre Circula\u00e7\u00e3o de Mercadorias e Servi\u00e7os) cobrado [&hellip;]<\/p>\n","protected":false},"author":102,"featured_media":219653,"comment_status":"closed","ping_status":"closed","sticky":false,"template":"","format":"standard","meta":[],"categories":[61],"tags":[719,595],"suno_strategy":[],"class_list":["post-243549","post","type-post","status-publish","format-standard","has-post-thumbnail","hentry","category-politica","tag-jair-bolsonaro","tag-petrobras-petr4"],"yoast_head":"<!-- This site is optimized with the Yoast SEO plugin v24.4 - https:\/\/yoast.com\/wordpress\/plugins\/seo\/ -->\n<title>Petrobras (PETR4): Bolsonaro culpa corrup\u00e7\u00e3o e ICMS por alta nos pre\u00e7os<\/title>\n<meta name=\"description\" content=\"Em entrevista \u00e0 Jovem Pan, Bolsonaro culpou a corrup\u00e7\u00e3o na Petrobras (PETR4) pela alta no pre\u00e7o dos combust\u00edveis. Entenda mais aqui.\" \/>\n<meta name=\"robots\" content=\"index, follow, max-snippet:-1, max-image-preview:large, max-video-preview:-1\" \/>\n<link rel=\"canonical\" href=\"https:\/\/www.suno.com.br\/noticias\/petrobras-petr4-bolsonaro-corrupcao-combustiveis\/\" \/>\n<meta property=\"og:locale\" content=\"pt_BR\" \/>\n<meta property=\"og:type\" content=\"article\" \/>\n<meta property=\"og:title\" content=\"Petrobras (PETR4): Bolsonaro culpa corrup\u00e7\u00e3o e ICMS por alta nos pre\u00e7os\" \/>\n<meta property=\"og:description\" content=\"Em entrevista \u00e0 Jovem Pan, Bolsonaro culpou a corrup\u00e7\u00e3o na Petrobras (PETR4) pela alta no pre\u00e7o dos combust\u00edveis. Entenda mais aqui.\" \/>\n<meta property=\"og:url\" content=\"https:\/\/www.suno.com.br\/noticias\/petrobras-petr4-bolsonaro-corrupcao-combustiveis\/\" \/>\n<meta property=\"og:site_name\" content=\"Suno Not\u00edcias\" \/>\n<meta property=\"article:publisher\" content=\"https:\/\/facebook.com\/sunoresearch\" \/>\n<meta property=\"og:image\" content=\"https:\/\/files.sunoresearch.com.br\/n\/uploads\/2022\/01\/Jair_Bolsonaro_Agencia_Brasil-scaled.jpg\" \/>\n\t<meta property=\"og:image:width\" content=\"2560\" \/>\n\t<meta property=\"og:image:height\" content=\"1707\" \/>\n\t<meta property=\"og:image:type\" content=\"image\/jpeg\" \/>\n<meta name=\"author\" content=\"Monique Lima\" \/>\n<meta name=\"twitter:card\" content=\"summary_large_image\" \/>\n<meta name=\"twitter:creator\" content=\"@sunoresearch\" \/>\n<meta name=\"twitter:site\" content=\"@sunoresearch\" \/>\n<meta name=\"twitter:label1\" content=\"Escrito por\" \/>\n\t<meta name=\"twitter:data1\" content=\"Monique Lima\" \/>\n\t<meta name=\"twitter:label2\" content=\"Est. tempo de leitura\" \/>\n\t<meta name=\"twitter:data2\" content=\"2 minutos\" \/>\n<script type=\"application\/ld+json\" class=\"yoast-schema-graph\">{\"@context\":\"https:\/\/schema.org\",\"@graph\":[{\"@type\":\"NewsArticle\",\"@id\":\"https:\/\/www.suno.com.br\/noticias\/petrobras-petr4-bolsonaro-corrupcao-combustiveis\/#article\",\"isPartOf\":{\"@id\":\"https:\/\/www.suno.com.br\/noticias\/petrobras-petr4-bolsonaro-corrupcao-combustiveis\/\"},\"author\":{\"name\":\"Monique Lima\",\"@id\":\"https:\/\/www.suno.com.br\/noticias\/#\/schema\/person\/d712329319cc9b10f254d02d654cb36a\"},\"headline\":\"Petrobras (PETR4): Bolsonaro diz que n\u00e3o vai interferir e culpa corrup\u00e7\u00e3o por alta nos pre\u00e7os\",\"datePublished\":\"2022-03-21T14:44:34+00:00\",\"mainEntityOfPage\":{\"@id\":\"https:\/\/www.suno.com.br\/noticias\/petrobras-petr4-bolsonaro-corrupcao-combustiveis\/\"},\"wordCount\":452,\"publisher\":{\"@id\":\"https:\/\/www.suno.com.br\/noticias\/#organization\"},\"image\":{\"@id\":\"https:\/\/www.suno.com.br\/noticias\/petrobras-petr4-bolsonaro-corrupcao-combustiveis\/#primaryimage\"},\"thumbnailUrl\":\"https:\/\/files.sunoresearch.com.br\/n\/uploads\/2022\/01\/Jair_Bolsonaro_Agencia_Brasil-scaled.jpg\",\"keywords\":[\"Jair Bolsonaro\",\"Petrobras (PETR4)\"],\"articleSection\":[\"Pol\u00edtica\"],\"inLanguage\":\"pt-BR\"},{\"@type\":\"WebPage\",\"@id\":\"https:\/\/www.suno.com.br\/noticias\/petrobras-petr4-bolsonaro-corrupcao-combustiveis\/\",\"url\":\"https:\/\/www.suno.com.br\/noticias\/petrobras-petr4-bolsonaro-corrupcao-combustiveis\/\",\"name\":\"Petrobras (PETR4): Bolsonaro culpa corrup\u00e7\u00e3o e ICMS por alta nos pre\u00e7os\",\"isPartOf\":{\"@id\":\"https:\/\/www.suno.com.br\/noticias\/#website\"},\"primaryImageOfPage\":{\"@id\":\"https:\/\/www.suno.com.br\/noticias\/petrobras-petr4-bolsonaro-corrupcao-combustiveis\/#primaryimage\"},\"image\":{\"@id\":\"https:\/\/www.suno.com.br\/noticias\/petrobras-petr4-bolsonaro-corrupcao-combustiveis\/#primaryimage\"},\"thumbnailUrl\":\"https:\/\/files.sunoresearch.com.br\/n\/uploads\/2022\/01\/Jair_Bolsonaro_Agencia_Brasil-scaled.jpg\",\"datePublished\":\"2022-03-21T14:44:34+00:00\",\"description\":\"Em entrevista \u00e0 Jovem Pan, Bolsonaro culpou a corrup\u00e7\u00e3o na Petrobras (PETR4) pela alta no pre\u00e7o dos combust\u00edveis. Entenda mais aqui.\",\"breadcrumb\":{\"@id\":\"https:\/\/www.suno.com.br\/noticias\/petrobras-petr4-bolsonaro-corrupcao-combustiveis\/#breadcrumb\"},\"inLanguage\":\"pt-BR\",\"potentialAction\":[{\"@type\":\"ReadAction\",\"target\":[\"https:\/\/www.suno.com.br\/noticias\/petrobras-petr4-bolsonaro-corrupcao-combustiveis\/\"]}]},{\"@type\":\"ImageObject\",\"inLanguage\":\"pt-BR\",\"@id\":\"https:\/\/www.suno.com.br\/noticias\/petrobras-petr4-bolsonaro-corrupcao-combustiveis\/#primaryimage\",\"url\":\"https:\/\/files.sunoresearch.com.br\/n\/uploads\/2022\/01\/Jair_Bolsonaro_Agencia_Brasil-scaled.jpg\",\"contentUrl\":\"https:\/\/files.sunoresearch.com.br\/n\/uploads\/2022\/01\/Jair_Bolsonaro_Agencia_Brasil-scaled.jpg\",\"width\":2560,\"height\":1707,\"caption\":\"Bolsonaro faz balan\u00e7o do governo e afirma n\u00e3o apoiar confrontos. Foto: Valter Campanato\/Ag\u00eancia Brasil\"},{\"@type\":\"BreadcrumbList\",\"@id\":\"https:\/\/www.suno.com.br\/noticias\/petrobras-petr4-bolsonaro-corrupcao-combustiveis\/#breadcrumb\",\"itemListElement\":[{\"@type\":\"ListItem\",\"position\":1,\"name\":\"Not\u00edcias\",\"item\":\"https:\/\/www.suno.com.br\/noticias\/\"},{\"@type\":\"ListItem\",\"position\":2,\"name\":\"Pol\u00edtica\",\"item\":\"https:\/\/www.suno.com.br\/noticias\/politica\/\"},{\"@type\":\"ListItem\",\"position\":3,\"name\":\"Petrobras (PETR4): Bolsonaro diz que n\u00e3o vai interferir e culpa corrup\u00e7\u00e3o por alta nos pre\u00e7os\"}]},{\"@type\":\"WebSite\",\"@id\":\"https:\/\/www.suno.com.br\/noticias\/#website\",\"url\":\"https:\/\/www.suno.com.br\/noticias\/\",\"name\":\"Suno Not\u00edcias\",\"description\":\"Seu portal de informa\u00e7\u00e3o sobre o mundo dos investimentos\",\"publisher\":{\"@id\":\"https:\/\/www.suno.com.br\/noticias\/#organization\"},\"potentialAction\":[{\"@type\":\"SearchAction\",\"target\":{\"@type\":\"EntryPoint\",\"urlTemplate\":\"https:\/\/www.suno.com.br\/noticias\/?s={search_term_string}\"},\"query-input\":{\"@type\":\"PropertyValueSpecification\",\"valueRequired\":true,\"valueName\":\"search_term_string\"}}],\"inLanguage\":\"pt-BR\"},{\"@type\":\"Organization\",\"@id\":\"https:\/\/www.suno.com.br\/noticias\/#organization\",\"name\":\"Suno Not\u00edcias\",\"url\":\"https:\/\/www.suno.com.br\/noticias\/\",\"logo\":{\"@type\":\"ImageObject\",\"inLanguage\":\"pt-BR\",\"@id\":\"https:\/\/www.suno.com.br\/noticias\/#\/schema\/logo\/image\/\",\"url\":\"https:\/\/files.sunoresearch.com.br\/n\/uploads\/2021\/09\/suno-logo.png\",\"contentUrl\":\"https:\/\/files.sunoresearch.com.br\/n\/uploads\/2021\/09\/suno-logo.png\",\"width\":180,\"height\":180,\"caption\":\"Suno Not\u00edcias\"},\"image\":{\"@id\":\"https:\/\/www.suno.com.br\/noticias\/#\/schema\/logo\/image\/\"},\"sameAs\":[\"https:\/\/facebook.com\/sunoresearch\",\"https:\/\/x.com\/sunoresearch\",\"https:\/\/www.instagram.com\/suno\",\"https:\/\/www.linkedin.com\/company\/suno-research\/\",\"https:\/\/www.youtube.com\/c\/sunoresearch\"]},{\"@type\":\"Person\",\"@id\":\"https:\/\/www.suno.com.br\/noticias\/#\/schema\/person\/d712329319cc9b10f254d02d654cb36a\",\"name\":\"Monique Lima\",\"image\":{\"@type\":\"ImageObject\",\"inLanguage\":\"pt-BR\",\"@id\":\"https:\/\/www.suno.com.br\/noticias\/#\/schema\/person\/image\/\",\"url\":\"https:\/\/secure.gravatar.com\/avatar\/daee7f16d906c2e9ffed236206ca2c30?s=96&r=g\",\"contentUrl\":\"https:\/\/secure.gravatar.com\/avatar\/daee7f16d906c2e9ffed236206ca2c30?s=96&r=g\",\"caption\":\"Monique Lima\"},\"description\":\"Rep\u00f3rter de Mercado no Suno Not\u00edcias, \u00e9 jornalista com experi\u00eancia na cobertura de economia, empreendedorismo, finan\u00e7as pessoais, mercado financeiro, carreira e recursos humanos. Formada em Jornalismo pela Universidade Paulista, teve experi\u00eancias em ve\u00edculos de comunica\u00e7\u00e3o como a Ag\u00eancia TradeMap, Revista Voc\u00ea S\/A e Revista Voc\u00ea RH, as duas \u00faltimas publica\u00e7\u00f5es da Editora Abril. No Suno Not\u00edcias, fala sobre as principais not\u00edcias de Fundos Imobili\u00e1rios, Fiagro, Startups e empresas listadas na Bolsa.\",\"url\":\"https:\/\/www.suno.com.br\/noticias\/author\/monique-lima\/\"}]}<\/script>\n<!-- \/ Yoast SEO plugin. -->","yoast_head_json":{"title":"Petrobras (PETR4): Bolsonaro culpa corrup\u00e7\u00e3o e ICMS por alta nos pre\u00e7os","description":"Em entrevista \u00e0 Jovem Pan, Bolsonaro culpou a corrup\u00e7\u00e3o na Petrobras (PETR4) pela alta no pre\u00e7o dos combust\u00edveis. Entenda mais aqui.","robots":{"index":"index","follow":"follow","max-snippet":"max-snippet:-1","max-image-preview":"max-image-preview:large","max-video-preview":"max-video-preview:-1"},"canonical":"https:\/\/www.suno.com.br\/noticias\/petrobras-petr4-bolsonaro-corrupcao-combustiveis\/","og_locale":"pt_BR","og_type":"article","og_title":"Petrobras (PETR4): Bolsonaro culpa corrup\u00e7\u00e3o e ICMS por alta nos pre\u00e7os","og_description":"Em entrevista \u00e0 Jovem Pan, Bolsonaro culpou a corrup\u00e7\u00e3o na Petrobras (PETR4) pela alta no pre\u00e7o dos combust\u00edveis. Entenda mais aqui.","og_url":"https:\/\/www.suno.com.br\/noticias\/petrobras-petr4-bolsonaro-corrupcao-combustiveis\/","og_site_name":"Suno Not\u00edcias","article_publisher":"https:\/\/facebook.com\/sunoresearch","og_image":[{"width":2560,"height":1707,"url":"https:\/\/files.sunoresearch.com.br\/n\/uploads\/2022\/01\/Jair_Bolsonaro_Agencia_Brasil-scaled.jpg","type":"image\/jpeg"}],"author":"Monique Lima","twitter_card":"summary_large_image","twitter_creator":"@sunoresearch","twitter_site":"@sunoresearch","twitter_misc":{"Escrito por":"Monique Lima","Est. tempo de leitura":"2 minutos"},"schema":{"@context":"https:\/\/schema.org","@graph":[{"@type":"NewsArticle","@id":"https:\/\/www.suno.com.br\/noticias\/petrobras-petr4-bolsonaro-corrupcao-combustiveis\/#article","isPartOf":{"@id":"https:\/\/www.suno.com.br\/noticias\/petrobras-petr4-bolsonaro-corrupcao-combustiveis\/"},"author":{"name":"Monique Lima","@id":"https:\/\/www.suno.com.br\/noticias\/#\/schema\/person\/d712329319cc9b10f254d02d654cb36a"},"headline":"Petrobras (PETR4): Bolsonaro diz que n\u00e3o vai interferir e culpa corrup\u00e7\u00e3o por alta nos pre\u00e7os","datePublished":"2022-03-21T14:44:34+00:00","mainEntityOfPage":{"@id":"https:\/\/www.suno.com.br\/noticias\/petrobras-petr4-bolsonaro-corrupcao-combustiveis\/"},"wordCount":452,"publisher":{"@id":"https:\/\/www.suno.com.br\/noticias\/#organization"},"image":{"@id":"https:\/\/www.suno.com.br\/noticias\/petrobras-petr4-bolsonaro-corrupcao-combustiveis\/#primaryimage"},"thumbnailUrl":"https:\/\/files.sunoresearch.com.br\/n\/uploads\/2022\/01\/Jair_Bolsonaro_Agencia_Brasil-scaled.jpg","keywords":["Jair Bolsonaro","Petrobras (PETR4)"],"articleSection":["Pol\u00edtica"],"inLanguage":"pt-BR"},{"@type":"WebPage","@id":"https:\/\/www.suno.com.br\/noticias\/petrobras-petr4-bolsonaro-corrupcao-combustiveis\/","url":"https:\/\/www.suno.com.br\/noticias\/petrobras-petr4-bolsonaro-corrupcao-combustiveis\/","name":"Petrobras (PETR4): Bolsonaro culpa corrup\u00e7\u00e3o e ICMS por alta nos pre\u00e7os","isPartOf":{"@id":"https:\/\/www.suno.com.br\/noticias\/#website"},"primaryImageOfPage":{"@id":"https:\/\/www.suno.com.br\/noticias\/petrobras-petr4-bolsonaro-corrupcao-combustiveis\/#primaryimage"},"image":{"@id":"https:\/\/www.suno.com.br\/noticias\/petrobras-petr4-bolsonaro-corrupcao-combustiveis\/#primaryimage"},"thumbnailUrl":"https:\/\/files.sunoresearch.com.br\/n\/uploads\/2022\/01\/Jair_Bolsonaro_Agencia_Brasil-scaled.jpg","datePublished":"2022-03-21T14:44:34+00:00","description":"Em entrevista \u00e0 Jovem Pan, Bolsonaro culpou a corrup\u00e7\u00e3o na Petrobras (PETR4) pela alta no pre\u00e7o dos combust\u00edveis. Entenda mais aqui.","breadcrumb":{"@id":"https:\/\/www.suno.com.br\/noticias\/petrobras-petr4-bolsonaro-corrupcao-combustiveis\/#breadcrumb"},"inLanguage":"pt-BR","potentialAction":[{"@type":"ReadAction","target":["https:\/\/www.suno.com.br\/noticias\/petrobras-petr4-bolsonaro-corrupcao-combustiveis\/"]}]},{"@type":"ImageObject","inLanguage":"pt-BR","@id":"https:\/\/www.suno.com.br\/noticias\/petrobras-petr4-bolsonaro-corrupcao-combustiveis\/#primaryimage","url":"https:\/\/files.sunoresearch.com.br\/n\/uploads\/2022\/01\/Jair_Bolsonaro_Agencia_Brasil-scaled.jpg","contentUrl":"https:\/\/files.sunoresearch.com.br\/n\/uploads\/2022\/01\/Jair_Bolsonaro_Agencia_Brasil-scaled.jpg","width":2560,"height":1707,"caption":"Bolsonaro faz balan\u00e7o do governo e afirma n\u00e3o apoiar confrontos. Foto: Valter Campanato\/Ag\u00eancia Brasil"},{"@type":"BreadcrumbList","@id":"https:\/\/www.suno.com.br\/noticias\/petrobras-petr4-bolsonaro-corrupcao-combustiveis\/#breadcrumb","itemListElement":[{"@type":"ListItem","position":1,"name":"Not\u00edcias","item":"https:\/\/www.suno.com.br\/noticias\/"},{"@type":"ListItem","position":2,"name":"Pol\u00edtica","item":"https:\/\/www.suno.com.br\/noticias\/politica\/"},{"@type":"ListItem","position":3,"name":"Petrobras (PETR4): Bolsonaro diz que n\u00e3o vai interferir e culpa corrup\u00e7\u00e3o por alta nos pre\u00e7os"}]},{"@type":"WebSite","@id":"https:\/\/www.suno.com.br\/noticias\/#website","url":"https:\/\/www.suno.com.br\/noticias\/","name":"Suno Not\u00edcias","description":"Seu portal de informa\u00e7\u00e3o sobre o mundo dos investimentos","publisher":{"@id":"https:\/\/www.suno.com.br\/noticias\/#organization"},"potentialAction":[{"@type":"SearchAction","target":{"@type":"EntryPoint","urlTemplate":"https:\/\/www.suno.com.br\/noticias\/?s={search_term_string}"},"query-input":{"@type":"PropertyValueSpecification","valueRequired":true,"valueName":"search_term_string"}}],"inLanguage":"pt-BR"},{"@type":"Organization","@id":"https:\/\/www.suno.com.br\/noticias\/#organization","name":"Suno Not\u00edcias","url":"https:\/\/www.suno.com.br\/noticias\/","logo":{"@type":"ImageObject","inLanguage":"pt-BR","@id":"https:\/\/www.suno.com.br\/noticias\/#\/schema\/logo\/image\/","url":"https:\/\/files.sunoresearch.com.br\/n\/uploads\/2021\/09\/suno-logo.png","contentUrl":"https:\/\/files.sunoresearch.com.br\/n\/uploads\/2021\/09\/suno-logo.png","width":180,"height":180,"caption":"Suno Not\u00edcias"},"image":{"@id":"https:\/\/www.suno.com.br\/noticias\/#\/schema\/logo\/image\/"},"sameAs":["https:\/\/facebook.com\/sunoresearch","https:\/\/x.com\/sunoresearch","https:\/\/www.instagram.com\/suno","https:\/\/www.linkedin.com\/company\/suno-research\/","https:\/\/www.youtube.com\/c\/sunoresearch"]},{"@type":"Person","@id":"https:\/\/www.suno.com.br\/noticias\/#\/schema\/person\/d712329319cc9b10f254d02d654cb36a","name":"Monique Lima","image":{"@type":"ImageObject","inLanguage":"pt-BR","@id":"https:\/\/www.suno.com.br\/noticias\/#\/schema\/person\/image\/","url":"https:\/\/secure.gravatar.com\/avatar\/daee7f16d906c2e9ffed236206ca2c30?s=96&r=g","contentUrl":"https:\/\/secure.gravatar.com\/avatar\/daee7f16d906c2e9ffed236206ca2c30?s=96&r=g","caption":"Monique Lima"},"description":"Rep\u00f3rter de Mercado no Suno Not\u00edcias, \u00e9 jornalista com experi\u00eancia na cobertura de economia, empreendedorismo, finan\u00e7as pessoais, mercado financeiro, carreira e recursos humanos. Formada em Jornalismo pela Universidade Paulista, teve experi\u00eancias em ve\u00edculos de comunica\u00e7\u00e3o como a Ag\u00eancia TradeMap, Revista Voc\u00ea S\/A e Revista Voc\u00ea RH, as duas \u00faltimas publica\u00e7\u00f5es da Editora Abril. No Suno Not\u00edcias, fala sobre as principais not\u00edcias de Fundos Imobili\u00e1rios, Fiagro, Startups e empresas listadas na Bolsa.","url":"https:\/\/www.suno.com.br\/noticias\/author\/monique-lima\/"}]}},"default_loop_html":"<div class=\"cardsPage__listCard__boxs\"><div class=\"cardsPage__listCard__boxs__img\"><a href=\"https:\/\/www.suno.com.br\/noticias\/petrobras-petr4-bolsonaro-corrupcao-combustiveis\/\"><img class=\"mask\" src=\"https:\/\/www.suno.com.br\/noticias\/wp-content\/themes\/suno\/resources\/images\/spotlight\/spotlight1img\/bg-mask.png\" alt=\"Image Mask\"\/><img src=\"https:\/\/files.sunoresearch.com.br\/n\/uploads\/2022\/01\/Jair_Bolsonaro_Agencia_Brasil-400x200.jpg\" alt=\"Petrobras (PETR4): Bolsonaro diz que n\u00e3o vai interferir e culpa corrup\u00e7\u00e3o por alta nos pre\u00e7os\"\/><\/a><span class=\"spotlightCategory\"><a href=\"https:\/\/www.suno.com.br\/noticias\/politica\/\">Pol\u00edtica<\/a><\/span><\/div><div class=\"cardsPage__listCard__boxs__content\"><a href=\"https:\/\/www.suno.com.br\/noticias\/petrobras-petr4-bolsonaro-corrupcao-combustiveis\/\"><h2 class=\"content__title\">Petrobras (PETR4): Bolsonaro diz que n\u00e3o vai interferir e culpa corrup\u00e7\u00e3o por alta nos pre\u00e7os<\/h2><\/a><div class=\"newsContent__article__meta\"><div class=\"newsContent__article__meta__authorBox\"><a href=\"https:\/\/www.suno.com.br\/noticias\/author\/monique-lima\/\" class=\"authorBox__avatar noMobi\"><img src=\"https:\/\/secure.gravatar.com\/avatar\/daee7f16d906c2e9ffed236206ca2c30?s=96&#038;r=g\" alt=\"Monique Lima\"><\/a><div class=\"authorBox__name\"><span>por\n\t\t\t<a href=\"https:\/\/www.suno.com.br\/noticias\/author\/monique-lima\/\"><span itemprop=\"author\">Monique Lima<\/span><\/a><\/span><time datetime=\"2022-03-21T11:44:34-03:00\" itemprop=\"datePublished\">21\/03\/2022 11:44<\/time><\/div><\/div><\/div><\/div><\/div>","single_layout":"posts","amp_enabled":false,"_links":{"self":[{"href":"https:\/\/www.suno.com.br\/noticias\/wp-json\/wp\/v2\/posts\/243549"}],"collection":[{"href":"https:\/\/www.suno.com.br\/noticias\/wp-json\/wp\/v2\/posts"}],"about":[{"href":"https:\/\/www.suno.com.br\/noticias\/wp-json\/wp\/v2\/types\/post"}],"author":[{"embeddable":true,"href":"https:\/\/www.suno.com.br\/noticias\/wp-json\/wp\/v2\/users\/102"}],"replies":[{"embeddable":true,"href":"https:\/\/www.suno.com.br\/noticias\/wp-json\/wp\/v2\/comments?post=243549"}],"version-history":[{"count":3,"href":"https:\/\/www.suno.com.br\/noticias\/wp-json\/wp\/v2\/posts\/243549\/revisions"}],"predecessor-version":[{"id":243575,"href":"https:\/\/www.suno.com.br\/noticias\/wp-json\/wp\/v2\/posts\/243549\/revisions\/243575"}],"wp:featuredmedia":[{"embeddable":true,"href":"https:\/\/www.suno.com.br\/noticias\/wp-json\/wp\/v2\/media\/219653"}],"wp:attachment":[{"href":"https:\/\/www.suno.com.br\/noticias\/wp-json\/wp\/v2\/media?parent=243549"}],"wp:term":[{"taxonomy":"category","embeddable":true,"href":"https:\/\/www.suno.com.br\/noticias\/wp-json\/wp\/v2\/categories?post=243549"},{"taxonomy":"post_tag","embeddable":true,"href":"https:\/\/www.suno.com.br\/noticias\/wp-json\/wp\/v2\/tags?post=243549"},{"taxonomy":"suno_strategy","embeddable":true,"href":"https:\/\/www.suno.com.br\/noticias\/wp-json\/wp\/v2\/suno_strategy?post=243549"}],"curies":[{"name":"wp","href":"https:\/\/api.w.org\/{rel}","templated":true}]}}