{"id":24344,"date":"2019-05-13T16:03:37","date_gmt":"2019-05-13T19:03:37","guid":{"rendered":"https:\/\/www.suno.com.br\/noticias\/?p=24344"},"modified":"2019-05-13T20:59:33","modified_gmt":"2019-05-13T23:59:33","slug":"braskem-nyse-queda-b3","status":"publish","type":"post","link":"https:\/\/www.suno.com.br\/noticias\/braskem-nyse-queda-b3\/","title":{"rendered":"Braskem pode perder listagem na Bolsa de Nova York e a\u00e7\u00e3o cai na B3"},"content":{"rendered":"<p>A Braskem informou nesta segunda-feira (13) que n\u00e3o conseguir\u00e1 entregar no prazo os dados requeridos pelo\u00a0<a href=\"https:\/\/www.suno.com.br\/artigos\/sec\/\">Securities and Exchange Commission<\/a> (SEC), o regulador de valores mobili\u00e1rios dos Estados Unidos da Am\u00e9rica (<strong>EUA<\/strong>). As negocia\u00e7\u00f5es de seus papeis na<strong> Bolsa de Valores de Nova York<\/strong> (<a href=\"https:\/\/www.suno.com.br\/artigos\/nyse\/\">NYSE<\/a>) foram <strong>suspensas<\/strong>, e devem perder <strong>listagem<\/strong>.<\/p>\t<div class=\"wrapper-featured-image\">\n\t\t<figure class=\"spotlightImg\">\n\n\t\t\t<picture>\n\t\t\t\t<source media=\"(max-width: 768px)\" srcset=\"https:\/\/files.sunoresearch.com.br\/n\/uploads\/2019\/05\/81a18619-braskem-400x200.webp\">\n\t\t\t\t<img loading=\"lazy\" decoding=\"async\" class=\"newsContent__article__imgCapa lazyloadDisabled newsContent__article__imgCapa--noCaption\" src=\"https:\/\/files.sunoresearch.com.br\/n\/uploads\/2019\/05\/81a18619-braskem-800x450.webp\" width=\"800\" height=\"450\" alt=\"Braskem pode perder listagem na Bolsa de Nova York e a\u00e7\u00e3o cai na B3\" fetchpriority=high \/>\n\t\t\t<\/picture>\n\n\t\t\t<figcaption class=\"wp-caption-text wp-caption-text--hide\">Entenda como o coronavoucher criado pelo presidente Donald Trump criou uma nova gera\u00e7\u00e3o de traders: os coronatraders. Clique e saiba mais.<\/figcaption>\n\t\t<\/figure>\n\t<\/div>\n\n\n<p>Com a possibilidade da <strong>Braskem<\/strong> perder a listagem na <strong>Bolsa de Nova York<\/strong>, os papeis desvalorizam na <strong><a href=\"https:\/\/www.suno.com.br\/artigos\/b3\/\">B3<\/a><\/strong> (Brasil, Bolsa, Balc\u00e3o):<\/p>\n<ul>\n<li><a href=\"https:\/\/www.suno.com.br\/artigos\/acoes-ordinarias\/\">a\u00e7\u00f5es ordin\u00e1rias<\/a> ON (BRKM3): no fechamento, a queda era de\u00a05,78% a R$ 37,50.<\/li>\n<li><a href=\"https:\/\/www.suno.com.br\/artigos\/acoes-preferenciais\/\">a\u00e7\u00f5es preferenciais<\/a> PN (BRKM5): no fechamento, a queda era de 6,99% a R$\u00a037,25.<\/li>\n<\/ul>\n<p>Na <strong>NYSE<\/strong>, antes da suspens\u00e3o das negocia\u00e7\u00f5es, os papeis tinham queda de\u00a02,86% a US$\u00a019,71, por volta das 10h (hor\u00e1rio de Bras\u00edlia).<\/p>\n<p>A <strong>Braskem<\/strong> \u00e9 controlada pelo Grupo <strong>Odebrecht<\/strong>, al\u00e9m da <strong>Petrobras<\/strong> (PETR3) ser grande acionista da empresa petroqu\u00edmica. A qu\u00edmica est\u00e1 em processo de venda para a europeia <strong>LyondellBasell<\/strong>.<\/p>\n<p style=\"text-align: center;\"><iframe loading=\"lazy\" src=\"https:\/\/www.youtube.com\/embed\/9GBjkKaQS8E\" width=\"560\" height=\"315\" frameborder=\"0\" allowfullscreen=\"allowfullscreen\"><\/iframe><\/p>\n<p>Com sede em S\u00e3o Paulo, a Braskem possui negocia\u00e7\u00e3o na NYSE por meio de\u00a0<strong><a href=\"https:\/\/www.suno.com.br\/artigos\/adr\/\">American Depositary Receipts<\/a><\/strong> (ADRs).<\/p>\n<p>As <strong>ADRs<\/strong> s\u00e3o\u00a0definidas &#8220;como recibos de a\u00e7\u00f5es de empresas de fora dos EUA, negociados na <strong>Bolsa de Nova York<\/strong>. Assim sendo, empresas [brasileiras] que desejam entrar no mercado americano, podem se listar atrav\u00e9s dos ADRs&#8221;, conforme o economista da Suno Research, Tiago Reis.<\/p>\n<p><a href=\"https:\/\/www.suno.com.br\/noticias\/acoes-braskem-queda-paralisacao\/\">Saiba mais &#8211;\u00a0A\u00e7\u00f5es da Braskem caem 7% devido \u00e0 paralisa\u00e7\u00e3o de minera\u00e7\u00e3o de sal\u00a0<\/a><\/p>\n<h2>Braskem n\u00e3o conseguir\u00e1 cumprir prazo<\/h2>\n<p>Nesta segunda-feira (13), a <strong>Braskem<\/strong> divulgou fato relevante informando que n\u00e3o conseguir\u00e1 cumprir o <strong>prazo<\/strong> para entrega do Formul\u00e1rio 20-F, referente ao exerc\u00edcio findo em 31 de dezembro de 2017. O prazo para a companhia realizar a entrega vai at\u00e9 o dia 16 de maio de 2019.<\/p>\n<p>&#8220;N\u00e3o h\u00e1 mais possibilidade de extens\u00e3o do prazo, nos termos da Se\u00e7\u00e3o 802.01E do Manual de Listagem de Companhias da <strong>Bolsa de Valores de Nova York<\/strong>. A NYSE suspendeu a negocia\u00e7\u00e3o da Companhia e dar\u00e1 in\u00edcio ao processo de <strong>deslistagem<\/strong> da NYSE&#8221;, informou a Braskem.<\/p>\n<p>Entretanto, a petroqu\u00edmica afirmou que a deslistagem est\u00e1 sujeita a <strong>recurso<\/strong>.<\/p>\n<p>O 20-F \u00e9 um relat\u00f3rio que deve ser entregue anualmente por todas as empresas com negocia\u00e7\u00f5es em Bolsas de Valores dos <strong>Estados Unidos<\/strong>. A empresa atrasou a entrega do documento desde o in\u00edcio do ano passado.<\/p>\n<p><a href=\"http:\/\/www.braskem-ri.com.br\/detalhe-comunicados-e-fatos-relevantes\/fato-relevante-20-f\">Clique aqui<\/a> e confira na \u00edntegra o fato relevante divulgado pela Braskem.<\/p>\n<h2>Segundo rev\u00e9s de abril<\/h2>\n<p>Na \u00faltima quinta-feira (9), as a\u00e7\u00f5es da <strong>Braskem<\/strong> encerraram conforme:<\/p>\n<ul>\n<li><strong>a\u00e7\u00f5es ordin\u00e1rias<\/strong> ON (BRKM3): queda de 4,48% a R$ 40,13.<\/li>\n<li><strong>a\u00e7\u00f5es preferenciais<\/strong> PN (BRKM5): queda de 7,36% a R$ 40,53.<\/li>\n<\/ul>\n<p>A contra\u00e7\u00e3o ocorreu por conta da avalia\u00e7\u00e3o de alternativas para o fornecimento de suas f\u00e1bricas em <strong>Alagoas<\/strong>.<\/p>\n<p>A <strong>paralisa\u00e7\u00e3o<\/strong> de <strong>minera\u00e7\u00e3o<\/strong> do<strong> sal-gema<\/strong> na regi\u00e3o de Macei\u00f3 foi anunciada tamb\u00e9m na quinta-feira. E deve-se \u00e0 publica\u00e7\u00e3o de relat\u00f3rio geol\u00f3gico, que apontou que a atividade da Braskem est\u00e1 comprometendo solos da cidade.<\/p>\n<p>A <strong>Braskem<\/strong> extrai <strong>sal-gema<\/strong> em v\u00e1rios po\u00e7os instalados em divergentes \u00e1reas de Macei\u00f3. De acordo com o relat\u00f3rio do<strong> Servi\u00e7o Geol\u00f3gico do Brasil<\/strong>, a atividade de minera\u00e7\u00e3o desestabilizou cavidades. E gerou afundamento de <strong>solo<\/strong> na capital alagoana, ao longo das d\u00e9cadas.<\/p>\n","protected":false},"excerpt":{"rendered":"<p>A Braskem informou nesta segunda-feira (13) que n\u00e3o conseguir\u00e1 entregar no prazo os dados requeridos pelo\u00a0Securities and Exchange Commission (SEC), o regulador de valores mobili\u00e1rios dos Estados Unidos da Am\u00e9rica (EUA). As negocia\u00e7\u00f5es de seus papeis na Bolsa de Valores de Nova York (NYSE) foram suspensas, e devem perder listagem. Entenda como o coronavoucher criado [&hellip;]<\/p>\n","protected":false},"author":12,"featured_media":24353,"comment_status":"closed","ping_status":"closed","sticky":false,"template":"","format":"standard","meta":[],"categories":[64],"tags":[286,1041,367,1271,309,395],"suno_strategy":[],"class_list":["post-24344","post","type-post","status-publish","format-standard","has-post-thumbnail","hentry","category-negocios","tag-acoes","tag-adrs","tag-b3-b3sa3","tag-bolsa-de-nova-york-nyse","tag-bolsa-de-valores","tag-braskem-brkm3-brkm5-brkm6"],"yoast_head":"<!-- This site is optimized with the Yoast SEO plugin v24.4 - https:\/\/yoast.com\/wordpress\/plugins\/seo\/ -->\n<title>Braskem pode perder listagem na Bolsa de Nova York e a\u00e7\u00e3o cai na B3<\/title>\n<meta name=\"description\" content=\"Braskem poder\u00e1 perder listagem na NYSE; negocia\u00e7\u00e3o \u00e9 suspensa em Nova York; a\u00e7\u00f5es caem mais de 6% na B3. Clique para saber mais.\" \/>\n<meta name=\"robots\" content=\"index, follow, max-snippet:-1, max-image-preview:large, max-video-preview:-1\" \/>\n<link rel=\"canonical\" href=\"https:\/\/www.suno.com.br\/noticias\/braskem-nyse-queda-b3\/\" \/>\n<meta property=\"og:locale\" content=\"pt_BR\" \/>\n<meta property=\"og:type\" content=\"article\" \/>\n<meta property=\"og:title\" content=\"Braskem pode perder listagem na Bolsa de Nova York e a\u00e7\u00e3o cai na B3\" \/>\n<meta property=\"og:description\" content=\"Braskem poder\u00e1 perder listagem na NYSE; negocia\u00e7\u00e3o \u00e9 suspensa em Nova York; a\u00e7\u00f5es caem mais de 6% na B3. Clique para saber mais.\" \/>\n<meta property=\"og:url\" content=\"https:\/\/www.suno.com.br\/noticias\/braskem-nyse-queda-b3\/\" \/>\n<meta property=\"og:site_name\" content=\"Suno Not\u00edcias\" \/>\n<meta property=\"article:publisher\" content=\"https:\/\/facebook.com\/sunoresearch\" \/>\n<meta property=\"og:image\" content=\"https:\/\/files.sunoresearch.com.br\/n\/uploads\/2019\/05\/81a18619-braskem.jpg\" \/>\n\t<meta property=\"og:image:width\" content=\"960\" \/>\n\t<meta property=\"og:image:height\" content=\"635\" \/>\n\t<meta property=\"og:image:type\" content=\"image\/jpeg\" \/>\n<meta name=\"author\" content=\"Amanda Gushiken\" \/>\n<meta name=\"twitter:card\" content=\"summary_large_image\" \/>\n<meta name=\"twitter:creator\" content=\"@sunoresearch\" \/>\n<meta name=\"twitter:site\" content=\"@sunoresearch\" \/>\n<meta name=\"twitter:label1\" content=\"Escrito por\" \/>\n\t<meta name=\"twitter:data1\" content=\"Amanda Gushiken\" \/>\n\t<meta name=\"twitter:label2\" content=\"Est. tempo de leitura\" \/>\n\t<meta name=\"twitter:data2\" content=\"3 minutos\" \/>\n<script type=\"application\/ld+json\" class=\"yoast-schema-graph\">{\"@context\":\"https:\/\/schema.org\",\"@graph\":[{\"@type\":\"NewsArticle\",\"@id\":\"https:\/\/www.suno.com.br\/noticias\/braskem-nyse-queda-b3\/#article\",\"isPartOf\":{\"@id\":\"https:\/\/www.suno.com.br\/noticias\/braskem-nyse-queda-b3\/\"},\"author\":{\"name\":\"Amanda Gushiken\",\"@id\":\"https:\/\/www.suno.com.br\/noticias\/#\/schema\/person\/a5b06fa4e879d8e8e119c6ed3cd630d1\"},\"headline\":\"Braskem pode perder listagem na Bolsa de Nova York e a\u00e7\u00e3o cai na B3\",\"datePublished\":\"2019-05-13T19:03:37+00:00\",\"dateModified\":\"2019-05-13T23:59:33+00:00\",\"mainEntityOfPage\":{\"@id\":\"https:\/\/www.suno.com.br\/noticias\/braskem-nyse-queda-b3\/\"},\"wordCount\":561,\"publisher\":{\"@id\":\"https:\/\/www.suno.com.br\/noticias\/#organization\"},\"image\":{\"@id\":\"https:\/\/www.suno.com.br\/noticias\/braskem-nyse-queda-b3\/#primaryimage\"},\"thumbnailUrl\":\"https:\/\/files.sunoresearch.com.br\/n\/uploads\/2019\/05\/81a18619-braskem-jpg.webp\",\"keywords\":[\"A\u00e7\u00f5es\",\"ADRs\",\"B3 (B3SA3)\",\"Bolsa de Nova York (NYSE)\",\"Bolsa de Valores\",\"Braskem (BRKM3\/BRKM5\/BRKM6)\"],\"articleSection\":[\"Neg\u00f3cios\"],\"inLanguage\":\"pt-BR\"},{\"@type\":\"WebPage\",\"@id\":\"https:\/\/www.suno.com.br\/noticias\/braskem-nyse-queda-b3\/\",\"url\":\"https:\/\/www.suno.com.br\/noticias\/braskem-nyse-queda-b3\/\",\"name\":\"Braskem pode perder listagem na Bolsa de Nova York e a\u00e7\u00e3o cai na B3\",\"isPartOf\":{\"@id\":\"https:\/\/www.suno.com.br\/noticias\/#website\"},\"primaryImageOfPage\":{\"@id\":\"https:\/\/www.suno.com.br\/noticias\/braskem-nyse-queda-b3\/#primaryimage\"},\"image\":{\"@id\":\"https:\/\/www.suno.com.br\/noticias\/braskem-nyse-queda-b3\/#primaryimage\"},\"thumbnailUrl\":\"https:\/\/files.sunoresearch.com.br\/n\/uploads\/2019\/05\/81a18619-braskem-jpg.webp\",\"datePublished\":\"2019-05-13T19:03:37+00:00\",\"dateModified\":\"2019-05-13T23:59:33+00:00\",\"description\":\"Braskem poder\u00e1 perder listagem na NYSE; negocia\u00e7\u00e3o \u00e9 suspensa em Nova York; a\u00e7\u00f5es caem mais de 6% na B3. Clique para saber mais.\",\"breadcrumb\":{\"@id\":\"https:\/\/www.suno.com.br\/noticias\/braskem-nyse-queda-b3\/#breadcrumb\"},\"inLanguage\":\"pt-BR\",\"potentialAction\":[{\"@type\":\"ReadAction\",\"target\":[\"https:\/\/www.suno.com.br\/noticias\/braskem-nyse-queda-b3\/\"]}]},{\"@type\":\"ImageObject\",\"inLanguage\":\"pt-BR\",\"@id\":\"https:\/\/www.suno.com.br\/noticias\/braskem-nyse-queda-b3\/#primaryimage\",\"url\":\"https:\/\/files.sunoresearch.com.br\/n\/uploads\/2019\/05\/81a18619-braskem-jpg.webp\",\"contentUrl\":\"https:\/\/files.sunoresearch.com.br\/n\/uploads\/2019\/05\/81a18619-braskem-jpg.webp\",\"width\":960,\"height\":635,\"caption\":\"Entenda como o coronavoucher criado pelo presidente Donald Trump criou uma nova gera\u00e7\u00e3o de traders: os coronatraders. Clique e saiba mais.\"},{\"@type\":\"BreadcrumbList\",\"@id\":\"https:\/\/www.suno.com.br\/noticias\/braskem-nyse-queda-b3\/#breadcrumb\",\"itemListElement\":[{\"@type\":\"ListItem\",\"position\":1,\"name\":\"Not\u00edcias\",\"item\":\"https:\/\/www.suno.com.br\/noticias\/\"},{\"@type\":\"ListItem\",\"position\":2,\"name\":\"Neg\u00f3cios\",\"item\":\"https:\/\/www.suno.com.br\/noticias\/negocios\/\"},{\"@type\":\"ListItem\",\"position\":3,\"name\":\"Braskem pode perder listagem na Bolsa de Nova York e a\u00e7\u00e3o cai na B3\"}]},{\"@type\":\"WebSite\",\"@id\":\"https:\/\/www.suno.com.br\/noticias\/#website\",\"url\":\"https:\/\/www.suno.com.br\/noticias\/\",\"name\":\"Suno Not\u00edcias\",\"description\":\"Seu portal de informa\u00e7\u00e3o sobre o mundo dos investimentos\",\"publisher\":{\"@id\":\"https:\/\/www.suno.com.br\/noticias\/#organization\"},\"potentialAction\":[{\"@type\":\"SearchAction\",\"target\":{\"@type\":\"EntryPoint\",\"urlTemplate\":\"https:\/\/www.suno.com.br\/noticias\/?s={search_term_string}\"},\"query-input\":{\"@type\":\"PropertyValueSpecification\",\"valueRequired\":true,\"valueName\":\"search_term_string\"}}],\"inLanguage\":\"pt-BR\"},{\"@type\":\"Organization\",\"@id\":\"https:\/\/www.suno.com.br\/noticias\/#organization\",\"name\":\"Suno Not\u00edcias\",\"url\":\"https:\/\/www.suno.com.br\/noticias\/\",\"logo\":{\"@type\":\"ImageObject\",\"inLanguage\":\"pt-BR\",\"@id\":\"https:\/\/www.suno.com.br\/noticias\/#\/schema\/logo\/image\/\",\"url\":\"https:\/\/files.sunoresearch.com.br\/n\/uploads\/2021\/09\/suno-logo.png\",\"contentUrl\":\"https:\/\/files.sunoresearch.com.br\/n\/uploads\/2021\/09\/suno-logo.png\",\"width\":180,\"height\":180,\"caption\":\"Suno Not\u00edcias\"},\"image\":{\"@id\":\"https:\/\/www.suno.com.br\/noticias\/#\/schema\/logo\/image\/\"},\"sameAs\":[\"https:\/\/facebook.com\/sunoresearch\",\"https:\/\/x.com\/sunoresearch\",\"https:\/\/www.instagram.com\/suno\",\"https:\/\/www.linkedin.com\/company\/suno-research\/\",\"https:\/\/www.youtube.com\/c\/sunoresearch\"]},{\"@type\":\"Person\",\"@id\":\"https:\/\/www.suno.com.br\/noticias\/#\/schema\/person\/a5b06fa4e879d8e8e119c6ed3cd630d1\",\"name\":\"Amanda Gushiken\",\"image\":{\"@type\":\"ImageObject\",\"inLanguage\":\"pt-BR\",\"@id\":\"https:\/\/www.suno.com.br\/noticias\/#\/schema\/person\/image\/\",\"url\":\"https:\/\/secure.gravatar.com\/avatar\/ecd84705e6b65e3685ae80d725501fbe?s=96&r=g\",\"contentUrl\":\"https:\/\/secure.gravatar.com\/avatar\/ecd84705e6b65e3685ae80d725501fbe?s=96&r=g\",\"caption\":\"Amanda Gushiken\"},\"description\":\"Amanda Sayuri Gushiken escreve sobre finan\u00e7as e neg\u00f3cios para o portal Suno Not\u00edcias. Antes, trabalhou selecionando not\u00edcias da imprensa para clientes do mercado financeiro. Tamb\u00e9m desenvolveu pesquisa acad\u00eamica pela Universidade Anhembi Morumbi na \u00e1rea de Teorias da Comunica\u00e7\u00e3o e \u00e9 fot\u00f3grafa nas horas vagas.\",\"url\":\"https:\/\/www.suno.com.br\/noticias\/author\/amanda\/\"}]}<\/script>\n<!-- \/ Yoast SEO plugin. -->","yoast_head_json":{"title":"Braskem pode perder listagem na Bolsa de Nova York e a\u00e7\u00e3o cai na B3","description":"Braskem poder\u00e1 perder listagem na NYSE; negocia\u00e7\u00e3o \u00e9 suspensa em Nova York; a\u00e7\u00f5es caem mais de 6% na B3. Clique para saber mais.","robots":{"index":"index","follow":"follow","max-snippet":"max-snippet:-1","max-image-preview":"max-image-preview:large","max-video-preview":"max-video-preview:-1"},"canonical":"https:\/\/www.suno.com.br\/noticias\/braskem-nyse-queda-b3\/","og_locale":"pt_BR","og_type":"article","og_title":"Braskem pode perder listagem na Bolsa de Nova York e a\u00e7\u00e3o cai na B3","og_description":"Braskem poder\u00e1 perder listagem na NYSE; negocia\u00e7\u00e3o \u00e9 suspensa em Nova York; a\u00e7\u00f5es caem mais de 6% na B3. Clique para saber mais.","og_url":"https:\/\/www.suno.com.br\/noticias\/braskem-nyse-queda-b3\/","og_site_name":"Suno Not\u00edcias","article_publisher":"https:\/\/facebook.com\/sunoresearch","og_image":[{"width":960,"height":635,"url":"https:\/\/files.sunoresearch.com.br\/n\/uploads\/2019\/05\/81a18619-braskem.jpg","type":"image\/jpeg"}],"author":"Amanda Gushiken","twitter_card":"summary_large_image","twitter_creator":"@sunoresearch","twitter_site":"@sunoresearch","twitter_misc":{"Escrito por":"Amanda Gushiken","Est. tempo de leitura":"3 minutos"},"schema":{"@context":"https:\/\/schema.org","@graph":[{"@type":"NewsArticle","@id":"https:\/\/www.suno.com.br\/noticias\/braskem-nyse-queda-b3\/#article","isPartOf":{"@id":"https:\/\/www.suno.com.br\/noticias\/braskem-nyse-queda-b3\/"},"author":{"name":"Amanda Gushiken","@id":"https:\/\/www.suno.com.br\/noticias\/#\/schema\/person\/a5b06fa4e879d8e8e119c6ed3cd630d1"},"headline":"Braskem pode perder listagem na Bolsa de Nova York e a\u00e7\u00e3o cai na B3","datePublished":"2019-05-13T19:03:37+00:00","dateModified":"2019-05-13T23:59:33+00:00","mainEntityOfPage":{"@id":"https:\/\/www.suno.com.br\/noticias\/braskem-nyse-queda-b3\/"},"wordCount":561,"publisher":{"@id":"https:\/\/www.suno.com.br\/noticias\/#organization"},"image":{"@id":"https:\/\/www.suno.com.br\/noticias\/braskem-nyse-queda-b3\/#primaryimage"},"thumbnailUrl":"https:\/\/files.sunoresearch.com.br\/n\/uploads\/2019\/05\/81a18619-braskem-jpg.webp","keywords":["A\u00e7\u00f5es","ADRs","B3 (B3SA3)","Bolsa de Nova York (NYSE)","Bolsa de Valores","Braskem (BRKM3\/BRKM5\/BRKM6)"],"articleSection":["Neg\u00f3cios"],"inLanguage":"pt-BR"},{"@type":"WebPage","@id":"https:\/\/www.suno.com.br\/noticias\/braskem-nyse-queda-b3\/","url":"https:\/\/www.suno.com.br\/noticias\/braskem-nyse-queda-b3\/","name":"Braskem pode perder listagem na Bolsa de Nova York e a\u00e7\u00e3o cai na B3","isPartOf":{"@id":"https:\/\/www.suno.com.br\/noticias\/#website"},"primaryImageOfPage":{"@id":"https:\/\/www.suno.com.br\/noticias\/braskem-nyse-queda-b3\/#primaryimage"},"image":{"@id":"https:\/\/www.suno.com.br\/noticias\/braskem-nyse-queda-b3\/#primaryimage"},"thumbnailUrl":"https:\/\/files.sunoresearch.com.br\/n\/uploads\/2019\/05\/81a18619-braskem-jpg.webp","datePublished":"2019-05-13T19:03:37+00:00","dateModified":"2019-05-13T23:59:33+00:00","description":"Braskem poder\u00e1 perder listagem na NYSE; negocia\u00e7\u00e3o \u00e9 suspensa em Nova York; a\u00e7\u00f5es caem mais de 6% na B3. Clique para saber mais.","breadcrumb":{"@id":"https:\/\/www.suno.com.br\/noticias\/braskem-nyse-queda-b3\/#breadcrumb"},"inLanguage":"pt-BR","potentialAction":[{"@type":"ReadAction","target":["https:\/\/www.suno.com.br\/noticias\/braskem-nyse-queda-b3\/"]}]},{"@type":"ImageObject","inLanguage":"pt-BR","@id":"https:\/\/www.suno.com.br\/noticias\/braskem-nyse-queda-b3\/#primaryimage","url":"https:\/\/files.sunoresearch.com.br\/n\/uploads\/2019\/05\/81a18619-braskem-jpg.webp","contentUrl":"https:\/\/files.sunoresearch.com.br\/n\/uploads\/2019\/05\/81a18619-braskem-jpg.webp","width":960,"height":635,"caption":"Entenda como o coronavoucher criado pelo presidente Donald Trump criou uma nova gera\u00e7\u00e3o de traders: os coronatraders. Clique e saiba mais."},{"@type":"BreadcrumbList","@id":"https:\/\/www.suno.com.br\/noticias\/braskem-nyse-queda-b3\/#breadcrumb","itemListElement":[{"@type":"ListItem","position":1,"name":"Not\u00edcias","item":"https:\/\/www.suno.com.br\/noticias\/"},{"@type":"ListItem","position":2,"name":"Neg\u00f3cios","item":"https:\/\/www.suno.com.br\/noticias\/negocios\/"},{"@type":"ListItem","position":3,"name":"Braskem pode perder listagem na Bolsa de Nova York e a\u00e7\u00e3o cai na B3"}]},{"@type":"WebSite","@id":"https:\/\/www.suno.com.br\/noticias\/#website","url":"https:\/\/www.suno.com.br\/noticias\/","name":"Suno Not\u00edcias","description":"Seu portal de informa\u00e7\u00e3o sobre o mundo dos investimentos","publisher":{"@id":"https:\/\/www.suno.com.br\/noticias\/#organization"},"potentialAction":[{"@type":"SearchAction","target":{"@type":"EntryPoint","urlTemplate":"https:\/\/www.suno.com.br\/noticias\/?s={search_term_string}"},"query-input":{"@type":"PropertyValueSpecification","valueRequired":true,"valueName":"search_term_string"}}],"inLanguage":"pt-BR"},{"@type":"Organization","@id":"https:\/\/www.suno.com.br\/noticias\/#organization","name":"Suno Not\u00edcias","url":"https:\/\/www.suno.com.br\/noticias\/","logo":{"@type":"ImageObject","inLanguage":"pt-BR","@id":"https:\/\/www.suno.com.br\/noticias\/#\/schema\/logo\/image\/","url":"https:\/\/files.sunoresearch.com.br\/n\/uploads\/2021\/09\/suno-logo.png","contentUrl":"https:\/\/files.sunoresearch.com.br\/n\/uploads\/2021\/09\/suno-logo.png","width":180,"height":180,"caption":"Suno Not\u00edcias"},"image":{"@id":"https:\/\/www.suno.com.br\/noticias\/#\/schema\/logo\/image\/"},"sameAs":["https:\/\/facebook.com\/sunoresearch","https:\/\/x.com\/sunoresearch","https:\/\/www.instagram.com\/suno","https:\/\/www.linkedin.com\/company\/suno-research\/","https:\/\/www.youtube.com\/c\/sunoresearch"]},{"@type":"Person","@id":"https:\/\/www.suno.com.br\/noticias\/#\/schema\/person\/a5b06fa4e879d8e8e119c6ed3cd630d1","name":"Amanda Gushiken","image":{"@type":"ImageObject","inLanguage":"pt-BR","@id":"https:\/\/www.suno.com.br\/noticias\/#\/schema\/person\/image\/","url":"https:\/\/secure.gravatar.com\/avatar\/ecd84705e6b65e3685ae80d725501fbe?s=96&r=g","contentUrl":"https:\/\/secure.gravatar.com\/avatar\/ecd84705e6b65e3685ae80d725501fbe?s=96&r=g","caption":"Amanda Gushiken"},"description":"Amanda Sayuri Gushiken escreve sobre finan\u00e7as e neg\u00f3cios para o portal Suno Not\u00edcias. Antes, trabalhou selecionando not\u00edcias da imprensa para clientes do mercado financeiro. Tamb\u00e9m desenvolveu pesquisa acad\u00eamica pela Universidade Anhembi Morumbi na \u00e1rea de Teorias da Comunica\u00e7\u00e3o e \u00e9 fot\u00f3grafa nas horas vagas.","url":"https:\/\/www.suno.com.br\/noticias\/author\/amanda\/"}]}},"default_loop_html":"<div class=\"cardsPage__listCard__boxs\"><div class=\"cardsPage__listCard__boxs__img\"><a href=\"https:\/\/www.suno.com.br\/noticias\/braskem-nyse-queda-b3\/\"><img class=\"mask\" src=\"https:\/\/www.suno.com.br\/noticias\/wp-content\/themes\/suno\/resources\/images\/spotlight\/spotlight1img\/bg-mask.png\" alt=\"Image Mask\"\/><img src=\"https:\/\/files.sunoresearch.com.br\/n\/uploads\/2019\/05\/81a18619-braskem-400x200.webp\" alt=\"Braskem pode perder listagem na Bolsa de Nova York e a\u00e7\u00e3o cai na B3\"\/><\/a><span class=\"spotlightCategory\"><a href=\"https:\/\/www.suno.com.br\/noticias\/negocios\/\">Neg\u00f3cios<\/a><\/span><\/div><div class=\"cardsPage__listCard__boxs__content\"><a href=\"https:\/\/www.suno.com.br\/noticias\/braskem-nyse-queda-b3\/\"><h2 class=\"content__title\">Braskem pode perder listagem na Bolsa de Nova York e a\u00e7\u00e3o cai na B3<\/h2><\/a><div class=\"newsContent__article__meta\"><div class=\"newsContent__article__meta__authorBox\"><a href=\"https:\/\/www.suno.com.br\/noticias\/author\/amanda\/\" class=\"authorBox__avatar noMobi\"><img src=\"https:\/\/files.sunoresearch.com.br\/n\/uploads\/2018\/11\/c6ad30be-amanda-150x150.webp\" alt=\"Amanda Gushiken\"><\/a><div class=\"authorBox__name\"><span>por\n\t\t\t<a href=\"https:\/\/www.suno.com.br\/noticias\/author\/amanda\/\"><span itemprop=\"author\">Amanda Gushiken<\/span><\/a><\/span><time datetime=\"2019-05-13T16:03:37-03:00\" itemprop=\"datePublished\">13\/05\/2019 16:03<\/time><\/div><\/div><\/div><\/div><\/div>","single_layout":"posts","amp_enabled":true,"_links":{"self":[{"href":"https:\/\/www.suno.com.br\/noticias\/wp-json\/wp\/v2\/posts\/24344"}],"collection":[{"href":"https:\/\/www.suno.com.br\/noticias\/wp-json\/wp\/v2\/posts"}],"about":[{"href":"https:\/\/www.suno.com.br\/noticias\/wp-json\/wp\/v2\/types\/post"}],"author":[{"embeddable":true,"href":"https:\/\/www.suno.com.br\/noticias\/wp-json\/wp\/v2\/users\/12"}],"replies":[{"embeddable":true,"href":"https:\/\/www.suno.com.br\/noticias\/wp-json\/wp\/v2\/comments?post=24344"}],"version-history":[{"count":0,"href":"https:\/\/www.suno.com.br\/noticias\/wp-json\/wp\/v2\/posts\/24344\/revisions"}],"wp:featuredmedia":[{"embeddable":true,"href":"https:\/\/www.suno.com.br\/noticias\/wp-json\/wp\/v2\/media\/24353"}],"wp:attachment":[{"href":"https:\/\/www.suno.com.br\/noticias\/wp-json\/wp\/v2\/media?parent=24344"}],"wp:term":[{"taxonomy":"category","embeddable":true,"href":"https:\/\/www.suno.com.br\/noticias\/wp-json\/wp\/v2\/categories?post=24344"},{"taxonomy":"post_tag","embeddable":true,"href":"https:\/\/www.suno.com.br\/noticias\/wp-json\/wp\/v2\/tags?post=24344"},{"taxonomy":"suno_strategy","embeddable":true,"href":"https:\/\/www.suno.com.br\/noticias\/wp-json\/wp\/v2\/suno_strategy?post=24344"}],"curies":[{"name":"wp","href":"https:\/\/api.w.org\/{rel}","templated":true}]}}