{"id":24334,"date":"2019-05-13T16:00:19","date_gmt":"2019-05-13T19:00:19","guid":{"rendered":"https:\/\/www.suno.com.br\/noticias\/?p=24334"},"modified":"2019-05-13T16:00:19","modified_gmt":"2019-05-13T19:00:19","slug":"itau-estimativa-pib","status":"publish","type":"post","link":"https:\/\/www.suno.com.br\/noticias\/itau-estimativa-pib\/","title":{"rendered":"Ita\u00fa piora estimativa para PIB em 2019 e 2020"},"content":{"rendered":"<p>O Ita\u00fa piorou nesta segunda-feira (13) as estimativas para o <a href=\"https:\/\/www.suno.com.br\/artigos\/pib-produto-interno-bruto\/\">Produto Interno Bruto (PIB)<\/a> do Brasil para 2019 e 2020. De acordo com as novas proje\u00e7\u00f5es, o PIB para este ano deve ter expans\u00e3o de 1%. Antes, esse n\u00famero era de 1,3%. Caso se concretize o cen\u00e1rio, a economia apresentar\u00e1 o mesmo ritmo de crescimento de anos anteriores. Em 2017 e 2018, o PIB cresceu 1,1%.<\/p>\t<div class=\"wrapper-featured-image\">\n\t\t<figure class=\"spotlightImg\">\n\n\t\t\t<picture>\n\t\t\t\t<source media=\"(max-width: 768px)\" srcset=\"https:\/\/files.sunoresearch.com.br\/n\/uploads\/2018\/11\/6507f94b-itau-e-bradesco-400x200.webp\">\n\t\t\t\t<img loading=\"lazy\" decoding=\"async\" class=\"newsContent__article__imgCapa lazyloadDisabled newsContent__article__imgCapa--noCaption\" src=\"https:\/\/files.sunoresearch.com.br\/n\/uploads\/2018\/11\/6507f94b-itau-e-bradesco-800x450.webp\" width=\"800\" height=\"450\" alt=\"Ita\u00fa piora estimativa para PIB em 2019 e 2020\" fetchpriority=high \/>\n\t\t\t<\/picture>\n\n\t\t\t<figcaption class=\"wp-caption-text wp-caption-text--hide\"><\/figcaption>\n\t\t<\/figure>\n\t<\/div>\n\n\n<p>Al\u00e9m disso, houve uma redu\u00e7\u00e3o das expectativas para o primeiro trimestre de 2019. No relat\u00f3rio anterior, havia uma perspectiva de <strong>queda <\/strong>de 0,1% na economia. Agora, esse valor foi revisado para 0,2% na compara\u00e7\u00e3o com o quarto trimestre do ano passado, ap\u00f3s o ajuste sazonal.\u00a0Em 2020, o <strong>Ita\u00fa<\/strong> cortou a previs\u00e3o de crescimento de 2,5% para 2%.<\/p>\n<p><a href=\"https:\/\/www.suno.com.br\/noticias\/bradesco-corta-previsao-pib-2019\/\">Saiba mais:\u00a0Bradesco corta previs\u00e3o do PIB de 2019 de 1,9% para 1,1%<\/a><\/p>\n<p>\u201cEmbora haja uma percep\u00e7\u00e3o generalizada de que a economia est\u00e1 em compasso de espera \u00e0 medida que os tomadores de decis\u00e3o aguardam pelas reformas, acreditamos que h\u00e1 um fator mais importante por tr\u00e1s da fraqueza atual: nossa taxa de juros de equil\u00edbrio parece ter se reduzido no passado recente, em decorr\u00eancia de cortes nas despesas e da redu\u00e7\u00e3o dos\u00a0subs\u00eddios ao cr\u00e9dito. Com base nisso, entendemos que o n\u00edvel atual de taxas de juros n\u00e3o \u00e9 baixo o suficiente para acelerar a economia\u201d, diz relat\u00f3rio assinado pelo economista-chefe da institui\u00e7\u00e3o, Mario Mesquita.<\/p>\n\t<p>\n\t\t<a href=\"https:\/\/www.seculus.com.br\/blackfriday\" target=\"_blank\" data-element=\"shortcode-suno-banner\" title=\"Banner SUNO, clique e saiba mais\">\n\t\t\t<picture>\n\t\t\t\t<source media=\"(max-width: 500px)\" srcset=\"https:\/\/files.sunoresearch.com.br\/n\/uploads\/2023\/11\/seculus_suno_mobile_2.jpg\">\n\t\t\t\t<img class=\"newsContent__article__imgCapa newsContent__article__imgCapa--banner\"\n\t\t\t\t\tsrc=\"https:\/\/files.sunoresearch.com.br\/n\/uploads\/2023\/11\/seculus_suno_desktop_2.jpg\"\n\t\t\t\t\tdata-promo-id=\"474123\"\t\t\t\t\t\t\t\t\t\twidth='1420' height='240'\t\t\t\t\talt=\"https:\/\/files.sunoresearch.com.br\/n\/uploads\/2023\/11\/seculus_suno_desktop_2.jpg\"\n\t\t\t\t>\n\t\t\t<\/picture>\n\t\t<\/a>\n\t<\/p>\n\n\n<p>Na \u00faltima sexta-feira, o <strong>Bradesco<\/strong> diminuiu a previs\u00e3o de crescimento do <b>PIB<\/b>\u00a0de 2019 de 1,9% para 1,1%. Mais cedo, o <strong>Boletim Focus<\/strong> estimou uma expans\u00e3o de 1,45% na economia neste ano ap\u00f3s reduzir as expectativas pela 11\u00aa vez.<\/p>\n<p>Segundo o <strong>Ita\u00fa<\/strong>, um dos fatores que mais pesaram para a redu\u00e7\u00e3o da estimativa no primeiro trimestre foi a <strong>produ\u00e7\u00e3o industrial<\/strong>, que recuou 1,3% ante fevereiro, com ajuste sazonal. Ademais, ap\u00f3s forte queda em mar\u00e7o, a <strong>confian\u00e7a do empres\u00e1rio<\/strong> n\u00e3o se recuperou em abril e o <strong>Cadastro Geral de Empregados e Desempregados (Caged)<\/strong> tem ca\u00eddo.<\/p>\n<p><a href=\"https:\/\/www.suno.com.br\/noticias\/boletim-focus-previsao-crescimento-145\/\">Saiba mais:\u00a0Boletim Focus: previs\u00e3o de crescimento do PIB cai para 1,45%<\/a><\/p>\n<p>&#8220;A <strong>reforma da Previd\u00eancia<\/strong>, mais do que simplesmente um est\u00edmulo ao crescimento induzido pela confian\u00e7a, \u00e9, em nossa opini\u00e3o, um gatilho para o crescimento por meio do est\u00edmulo monet\u00e1rio \u2013 n\u00e3o h\u00e1 espa\u00e7o para cortes nas taxas de juros antes que a reforma seja votada, mas haver\u00e1 ap\u00f3s a sua aprova\u00e7\u00e3o\u201d, diz o <strong>Ita\u00fa<\/strong>.<\/p>\n\t<p>\n\t\t<a href=\"https:\/\/lp.suno.com.br\/planilha-controle-gastos\/\" target=\"_blank\" data-element=\"shortcode-suno-banner\" title=\"Banner SUNO, clique e saiba mais\">\n\t\t\t<picture>\n\t\t\t\t<source media=\"(max-width: 500px)\" srcset=\"https:\/\/files.sunoresearch.com.br\/n\/uploads\/2023\/03\/400x300-Planilha-controle-de-gastos.png\">\n\t\t\t\t<img class=\"newsContent__article__imgCapa newsContent__article__imgCapa--banner\"\n\t\t\t\t\tsrc=\"https:\/\/files.sunoresearch.com.br\/n\/uploads\/2023\/03\/1420x240-Planilha-controle-de-gastos.png\"\n\t\t\t\t\tdata-promo-id=\"383122\"\t\t\t\t\t\t\t\t\t\twidth='1420' height='240'\t\t\t\t\talt=\"https:\/\/files.sunoresearch.com.br\/n\/uploads\/2023\/03\/1420x240-Planilha-controle-de-gastos.png\"\n\t\t\t\t>\n\t\t\t<\/picture>\n\t\t<\/a>\n\t<\/p>\n\n\n<p>No caso da <strong>Selic<\/strong>, o banco prev\u00ea o in\u00edcio do ciclo de corte em setembro. No cen\u00e1rio desenhado pelo <strong>Ita\u00fa<\/strong>, a <strong>taxa b\u00e1sica de juros<\/strong> deve cair a 5,75%. A institui\u00e7\u00e3o manteve ainda a estimativa para o <strong>IPCA<\/strong> em 3,6% neste e no pr\u00f3ximo ano.<\/p>\n","protected":false},"excerpt":{"rendered":"<p>O Ita\u00fa piorou nesta segunda-feira (13) as estimativas para o Produto Interno Bruto (PIB) do Brasil para 2019 e 2020. De acordo com as novas proje\u00e7\u00f5es, o PIB para este ano deve ter expans\u00e3o de 1%. Antes, esse n\u00famero era de 1,3%. Caso se concretize o cen\u00e1rio, a economia apresentar\u00e1 o mesmo ritmo de crescimento [&hellip;]<\/p>\n","protected":false},"author":14,"featured_media":6265,"comment_status":"closed","ping_status":"closed","sticky":false,"template":"","format":"standard","meta":[],"categories":[62],"tags":[740,519,807,940],"suno_strategy":[],"class_list":["post-24334","post","type-post","status-publish","format-standard","has-post-thumbnail","hentry","category-economia","tag-economia","tag-itau-unibanco-itub3-itub4","tag-produto-interno-bruto-pib","tag-reforma-da-previdencia"],"yoast_head":"<!-- This site is optimized with the Yoast SEO plugin v24.4 - https:\/\/yoast.com\/wordpress\/plugins\/seo\/ -->\n<title>Ita\u00fa piora estimativa para PIB em 2019 e 2020<\/title>\n<meta name=\"description\" content=\"Em 2020, o Ita\u00fa cortou a previs\u00e3o de crescimento de 2,5% para 2%. Na sexta, o Bradesco tamb\u00e9m cortou as expectativas do PIB. Clique e veja mais\" \/>\n<meta name=\"robots\" content=\"index, follow, max-snippet:-1, max-image-preview:large, max-video-preview:-1\" \/>\n<link rel=\"canonical\" href=\"https:\/\/www.suno.com.br\/noticias\/itau-estimativa-pib\/\" \/>\n<meta property=\"og:locale\" content=\"pt_BR\" \/>\n<meta property=\"og:type\" content=\"article\" \/>\n<meta property=\"og:title\" content=\"Ita\u00fa piora estimativa para PIB em 2019 e 2020\" \/>\n<meta property=\"og:description\" content=\"Em 2020, o Ita\u00fa cortou a previs\u00e3o de crescimento de 2,5% para 2%. Na sexta, o Bradesco tamb\u00e9m cortou as expectativas do PIB. Clique e veja mais\" \/>\n<meta property=\"og:url\" content=\"https:\/\/www.suno.com.br\/noticias\/itau-estimativa-pib\/\" \/>\n<meta property=\"og:site_name\" content=\"Suno Not\u00edcias\" \/>\n<meta property=\"article:publisher\" content=\"https:\/\/facebook.com\/sunoresearch\" \/>\n<meta property=\"og:image\" content=\"https:\/\/files.sunoresearch.com.br\/n\/uploads\/2018\/11\/6507f94b-itau-e-bradesco.jpg\" \/>\n\t<meta property=\"og:image:width\" content=\"1920\" \/>\n\t<meta property=\"og:image:height\" content=\"1424\" \/>\n\t<meta property=\"og:image:type\" content=\"image\/jpeg\" \/>\n<meta name=\"author\" content=\"Renan Dantas\" \/>\n<meta name=\"twitter:card\" content=\"summary_large_image\" \/>\n<meta name=\"twitter:creator\" content=\"@sunoresearch\" \/>\n<meta name=\"twitter:site\" content=\"@sunoresearch\" \/>\n<meta name=\"twitter:label1\" content=\"Escrito por\" \/>\n\t<meta name=\"twitter:data1\" content=\"Renan Dantas\" \/>\n\t<meta name=\"twitter:label2\" content=\"Est. tempo de leitura\" \/>\n\t<meta name=\"twitter:data2\" content=\"2 minutos\" \/>\n<script type=\"application\/ld+json\" class=\"yoast-schema-graph\">{\"@context\":\"https:\/\/schema.org\",\"@graph\":[{\"@type\":\"NewsArticle\",\"@id\":\"https:\/\/www.suno.com.br\/noticias\/itau-estimativa-pib\/#article\",\"isPartOf\":{\"@id\":\"https:\/\/www.suno.com.br\/noticias\/itau-estimativa-pib\/\"},\"author\":{\"name\":\"Renan Dantas\",\"@id\":\"https:\/\/www.suno.com.br\/noticias\/#\/schema\/person\/3f7693d5795a3f6d5ce15309ee785699\"},\"headline\":\"Ita\u00fa piora estimativa para PIB em 2019 e 2020\",\"datePublished\":\"2019-05-13T19:00:19+00:00\",\"mainEntityOfPage\":{\"@id\":\"https:\/\/www.suno.com.br\/noticias\/itau-estimativa-pib\/\"},\"wordCount\":467,\"publisher\":{\"@id\":\"https:\/\/www.suno.com.br\/noticias\/#organization\"},\"image\":{\"@id\":\"https:\/\/www.suno.com.br\/noticias\/itau-estimativa-pib\/#primaryimage\"},\"thumbnailUrl\":\"https:\/\/files.sunoresearch.com.br\/n\/uploads\/2018\/11\/6507f94b-itau-e-bradesco-jpg.webp\",\"keywords\":[\"Economia\",\"Ita\u00fa Unibanco (ITUB3\/ITUB4)\",\"Produto Interno Bruto (PIB)\",\"Reforma da Previd\u00eancia\"],\"articleSection\":[\"Economia\"],\"inLanguage\":\"pt-BR\"},{\"@type\":\"WebPage\",\"@id\":\"https:\/\/www.suno.com.br\/noticias\/itau-estimativa-pib\/\",\"url\":\"https:\/\/www.suno.com.br\/noticias\/itau-estimativa-pib\/\",\"name\":\"Ita\u00fa piora estimativa para PIB em 2019 e 2020\",\"isPartOf\":{\"@id\":\"https:\/\/www.suno.com.br\/noticias\/#website\"},\"primaryImageOfPage\":{\"@id\":\"https:\/\/www.suno.com.br\/noticias\/itau-estimativa-pib\/#primaryimage\"},\"image\":{\"@id\":\"https:\/\/www.suno.com.br\/noticias\/itau-estimativa-pib\/#primaryimage\"},\"thumbnailUrl\":\"https:\/\/files.sunoresearch.com.br\/n\/uploads\/2018\/11\/6507f94b-itau-e-bradesco-jpg.webp\",\"datePublished\":\"2019-05-13T19:00:19+00:00\",\"description\":\"Em 2020, o Ita\u00fa cortou a previs\u00e3o de crescimento de 2,5% para 2%. Na sexta, o Bradesco tamb\u00e9m cortou as expectativas do PIB. Clique e veja mais\",\"breadcrumb\":{\"@id\":\"https:\/\/www.suno.com.br\/noticias\/itau-estimativa-pib\/#breadcrumb\"},\"inLanguage\":\"pt-BR\",\"potentialAction\":[{\"@type\":\"ReadAction\",\"target\":[\"https:\/\/www.suno.com.br\/noticias\/itau-estimativa-pib\/\"]}]},{\"@type\":\"ImageObject\",\"inLanguage\":\"pt-BR\",\"@id\":\"https:\/\/www.suno.com.br\/noticias\/itau-estimativa-pib\/#primaryimage\",\"url\":\"https:\/\/files.sunoresearch.com.br\/n\/uploads\/2018\/11\/6507f94b-itau-e-bradesco-jpg.webp\",\"contentUrl\":\"https:\/\/files.sunoresearch.com.br\/n\/uploads\/2018\/11\/6507f94b-itau-e-bradesco-jpg.webp\",\"width\":1920,\"height\":1424,\"caption\":\"Ita\u00fa e Bradesco\"},{\"@type\":\"BreadcrumbList\",\"@id\":\"https:\/\/www.suno.com.br\/noticias\/itau-estimativa-pib\/#breadcrumb\",\"itemListElement\":[{\"@type\":\"ListItem\",\"position\":1,\"name\":\"Not\u00edcias\",\"item\":\"https:\/\/www.suno.com.br\/noticias\/\"},{\"@type\":\"ListItem\",\"position\":2,\"name\":\"Economia\",\"item\":\"https:\/\/www.suno.com.br\/noticias\/economia\/\"},{\"@type\":\"ListItem\",\"position\":3,\"name\":\"Ita\u00fa piora estimativa para PIB em 2019 e 2020\"}]},{\"@type\":\"WebSite\",\"@id\":\"https:\/\/www.suno.com.br\/noticias\/#website\",\"url\":\"https:\/\/www.suno.com.br\/noticias\/\",\"name\":\"Suno Not\u00edcias\",\"description\":\"Seu portal de informa\u00e7\u00e3o sobre o mundo dos investimentos\",\"publisher\":{\"@id\":\"https:\/\/www.suno.com.br\/noticias\/#organization\"},\"potentialAction\":[{\"@type\":\"SearchAction\",\"target\":{\"@type\":\"EntryPoint\",\"urlTemplate\":\"https:\/\/www.suno.com.br\/noticias\/?s={search_term_string}\"},\"query-input\":{\"@type\":\"PropertyValueSpecification\",\"valueRequired\":true,\"valueName\":\"search_term_string\"}}],\"inLanguage\":\"pt-BR\"},{\"@type\":\"Organization\",\"@id\":\"https:\/\/www.suno.com.br\/noticias\/#organization\",\"name\":\"Suno Not\u00edcias\",\"url\":\"https:\/\/www.suno.com.br\/noticias\/\",\"logo\":{\"@type\":\"ImageObject\",\"inLanguage\":\"pt-BR\",\"@id\":\"https:\/\/www.suno.com.br\/noticias\/#\/schema\/logo\/image\/\",\"url\":\"https:\/\/files.sunoresearch.com.br\/n\/uploads\/2021\/09\/suno-logo.png\",\"contentUrl\":\"https:\/\/files.sunoresearch.com.br\/n\/uploads\/2021\/09\/suno-logo.png\",\"width\":180,\"height\":180,\"caption\":\"Suno Not\u00edcias\"},\"image\":{\"@id\":\"https:\/\/www.suno.com.br\/noticias\/#\/schema\/logo\/image\/\"},\"sameAs\":[\"https:\/\/facebook.com\/sunoresearch\",\"https:\/\/x.com\/sunoresearch\",\"https:\/\/www.instagram.com\/suno\",\"https:\/\/www.linkedin.com\/company\/suno-research\/\",\"https:\/\/www.youtube.com\/c\/sunoresearch\"]},{\"@type\":\"Person\",\"@id\":\"https:\/\/www.suno.com.br\/noticias\/#\/schema\/person\/3f7693d5795a3f6d5ce15309ee785699\",\"name\":\"Renan Dantas\",\"image\":{\"@type\":\"ImageObject\",\"inLanguage\":\"pt-BR\",\"@id\":\"https:\/\/www.suno.com.br\/noticias\/#\/schema\/person\/image\/\",\"url\":\"https:\/\/secure.gravatar.com\/avatar\/1787b83e7484a08e51d62ac8b41c8396?s=96&r=g\",\"contentUrl\":\"https:\/\/secure.gravatar.com\/avatar\/1787b83e7484a08e51d62ac8b41c8396?s=96&r=g\",\"caption\":\"Renan Dantas\"},\"description\":\"Escreve sobre pol\u00edtica e mercado financeiro para o portal Suno Not\u00edcias. Antes, atuou na assessoria de comunica\u00e7\u00e3o do Minist\u00e9rio P\u00fablico do Trabalho e na R\u00e1dio Mackenzie, onde apresentava e produzia um programa sobre artistas da m\u00fasica brasileira. \u00c9 estudante na Universidade Presbiteriana Mackenzie.\",\"url\":\"https:\/\/www.suno.com.br\/noticias\/author\/renan-dantas\/\"}]}<\/script>\n<!-- \/ Yoast SEO plugin. -->","yoast_head_json":{"title":"Ita\u00fa piora estimativa para PIB em 2019 e 2020","description":"Em 2020, o Ita\u00fa cortou a previs\u00e3o de crescimento de 2,5% para 2%. Na sexta, o Bradesco tamb\u00e9m cortou as expectativas do PIB. Clique e veja mais","robots":{"index":"index","follow":"follow","max-snippet":"max-snippet:-1","max-image-preview":"max-image-preview:large","max-video-preview":"max-video-preview:-1"},"canonical":"https:\/\/www.suno.com.br\/noticias\/itau-estimativa-pib\/","og_locale":"pt_BR","og_type":"article","og_title":"Ita\u00fa piora estimativa para PIB em 2019 e 2020","og_description":"Em 2020, o Ita\u00fa cortou a previs\u00e3o de crescimento de 2,5% para 2%. Na sexta, o Bradesco tamb\u00e9m cortou as expectativas do PIB. Clique e veja mais","og_url":"https:\/\/www.suno.com.br\/noticias\/itau-estimativa-pib\/","og_site_name":"Suno Not\u00edcias","article_publisher":"https:\/\/facebook.com\/sunoresearch","og_image":[{"width":1920,"height":1424,"url":"https:\/\/files.sunoresearch.com.br\/n\/uploads\/2018\/11\/6507f94b-itau-e-bradesco.jpg","type":"image\/jpeg"}],"author":"Renan Dantas","twitter_card":"summary_large_image","twitter_creator":"@sunoresearch","twitter_site":"@sunoresearch","twitter_misc":{"Escrito por":"Renan Dantas","Est. tempo de leitura":"2 minutos"},"schema":{"@context":"https:\/\/schema.org","@graph":[{"@type":"NewsArticle","@id":"https:\/\/www.suno.com.br\/noticias\/itau-estimativa-pib\/#article","isPartOf":{"@id":"https:\/\/www.suno.com.br\/noticias\/itau-estimativa-pib\/"},"author":{"name":"Renan Dantas","@id":"https:\/\/www.suno.com.br\/noticias\/#\/schema\/person\/3f7693d5795a3f6d5ce15309ee785699"},"headline":"Ita\u00fa piora estimativa para PIB em 2019 e 2020","datePublished":"2019-05-13T19:00:19+00:00","mainEntityOfPage":{"@id":"https:\/\/www.suno.com.br\/noticias\/itau-estimativa-pib\/"},"wordCount":467,"publisher":{"@id":"https:\/\/www.suno.com.br\/noticias\/#organization"},"image":{"@id":"https:\/\/www.suno.com.br\/noticias\/itau-estimativa-pib\/#primaryimage"},"thumbnailUrl":"https:\/\/files.sunoresearch.com.br\/n\/uploads\/2018\/11\/6507f94b-itau-e-bradesco-jpg.webp","keywords":["Economia","Ita\u00fa Unibanco (ITUB3\/ITUB4)","Produto Interno Bruto (PIB)","Reforma da Previd\u00eancia"],"articleSection":["Economia"],"inLanguage":"pt-BR"},{"@type":"WebPage","@id":"https:\/\/www.suno.com.br\/noticias\/itau-estimativa-pib\/","url":"https:\/\/www.suno.com.br\/noticias\/itau-estimativa-pib\/","name":"Ita\u00fa piora estimativa para PIB em 2019 e 2020","isPartOf":{"@id":"https:\/\/www.suno.com.br\/noticias\/#website"},"primaryImageOfPage":{"@id":"https:\/\/www.suno.com.br\/noticias\/itau-estimativa-pib\/#primaryimage"},"image":{"@id":"https:\/\/www.suno.com.br\/noticias\/itau-estimativa-pib\/#primaryimage"},"thumbnailUrl":"https:\/\/files.sunoresearch.com.br\/n\/uploads\/2018\/11\/6507f94b-itau-e-bradesco-jpg.webp","datePublished":"2019-05-13T19:00:19+00:00","description":"Em 2020, o Ita\u00fa cortou a previs\u00e3o de crescimento de 2,5% para 2%. Na sexta, o Bradesco tamb\u00e9m cortou as expectativas do PIB. Clique e veja mais","breadcrumb":{"@id":"https:\/\/www.suno.com.br\/noticias\/itau-estimativa-pib\/#breadcrumb"},"inLanguage":"pt-BR","potentialAction":[{"@type":"ReadAction","target":["https:\/\/www.suno.com.br\/noticias\/itau-estimativa-pib\/"]}]},{"@type":"ImageObject","inLanguage":"pt-BR","@id":"https:\/\/www.suno.com.br\/noticias\/itau-estimativa-pib\/#primaryimage","url":"https:\/\/files.sunoresearch.com.br\/n\/uploads\/2018\/11\/6507f94b-itau-e-bradesco-jpg.webp","contentUrl":"https:\/\/files.sunoresearch.com.br\/n\/uploads\/2018\/11\/6507f94b-itau-e-bradesco-jpg.webp","width":1920,"height":1424,"caption":"Ita\u00fa e Bradesco"},{"@type":"BreadcrumbList","@id":"https:\/\/www.suno.com.br\/noticias\/itau-estimativa-pib\/#breadcrumb","itemListElement":[{"@type":"ListItem","position":1,"name":"Not\u00edcias","item":"https:\/\/www.suno.com.br\/noticias\/"},{"@type":"ListItem","position":2,"name":"Economia","item":"https:\/\/www.suno.com.br\/noticias\/economia\/"},{"@type":"ListItem","position":3,"name":"Ita\u00fa piora estimativa para PIB em 2019 e 2020"}]},{"@type":"WebSite","@id":"https:\/\/www.suno.com.br\/noticias\/#website","url":"https:\/\/www.suno.com.br\/noticias\/","name":"Suno Not\u00edcias","description":"Seu portal de informa\u00e7\u00e3o sobre o mundo dos investimentos","publisher":{"@id":"https:\/\/www.suno.com.br\/noticias\/#organization"},"potentialAction":[{"@type":"SearchAction","target":{"@type":"EntryPoint","urlTemplate":"https:\/\/www.suno.com.br\/noticias\/?s={search_term_string}"},"query-input":{"@type":"PropertyValueSpecification","valueRequired":true,"valueName":"search_term_string"}}],"inLanguage":"pt-BR"},{"@type":"Organization","@id":"https:\/\/www.suno.com.br\/noticias\/#organization","name":"Suno Not\u00edcias","url":"https:\/\/www.suno.com.br\/noticias\/","logo":{"@type":"ImageObject","inLanguage":"pt-BR","@id":"https:\/\/www.suno.com.br\/noticias\/#\/schema\/logo\/image\/","url":"https:\/\/files.sunoresearch.com.br\/n\/uploads\/2021\/09\/suno-logo.png","contentUrl":"https:\/\/files.sunoresearch.com.br\/n\/uploads\/2021\/09\/suno-logo.png","width":180,"height":180,"caption":"Suno Not\u00edcias"},"image":{"@id":"https:\/\/www.suno.com.br\/noticias\/#\/schema\/logo\/image\/"},"sameAs":["https:\/\/facebook.com\/sunoresearch","https:\/\/x.com\/sunoresearch","https:\/\/www.instagram.com\/suno","https:\/\/www.linkedin.com\/company\/suno-research\/","https:\/\/www.youtube.com\/c\/sunoresearch"]},{"@type":"Person","@id":"https:\/\/www.suno.com.br\/noticias\/#\/schema\/person\/3f7693d5795a3f6d5ce15309ee785699","name":"Renan Dantas","image":{"@type":"ImageObject","inLanguage":"pt-BR","@id":"https:\/\/www.suno.com.br\/noticias\/#\/schema\/person\/image\/","url":"https:\/\/secure.gravatar.com\/avatar\/1787b83e7484a08e51d62ac8b41c8396?s=96&r=g","contentUrl":"https:\/\/secure.gravatar.com\/avatar\/1787b83e7484a08e51d62ac8b41c8396?s=96&r=g","caption":"Renan Dantas"},"description":"Escreve sobre pol\u00edtica e mercado financeiro para o portal Suno Not\u00edcias. Antes, atuou na assessoria de comunica\u00e7\u00e3o do Minist\u00e9rio P\u00fablico do Trabalho e na R\u00e1dio Mackenzie, onde apresentava e produzia um programa sobre artistas da m\u00fasica brasileira. \u00c9 estudante na Universidade Presbiteriana Mackenzie.","url":"https:\/\/www.suno.com.br\/noticias\/author\/renan-dantas\/"}]}},"default_loop_html":"<div class=\"cardsPage__listCard__boxs\"><div class=\"cardsPage__listCard__boxs__img\"><a href=\"https:\/\/www.suno.com.br\/noticias\/itau-estimativa-pib\/\"><img class=\"mask\" src=\"https:\/\/www.suno.com.br\/noticias\/wp-content\/themes\/suno\/resources\/images\/spotlight\/spotlight1img\/bg-mask.png\" alt=\"Image Mask\"\/><img src=\"https:\/\/files.sunoresearch.com.br\/n\/uploads\/2018\/11\/6507f94b-itau-e-bradesco-400x200.webp\" alt=\"Ita\u00fa piora estimativa para PIB em 2019 e 2020\"\/><\/a><span class=\"spotlightCategory\"><a href=\"https:\/\/www.suno.com.br\/noticias\/economia\/\">Economia<\/a><\/span><\/div><div class=\"cardsPage__listCard__boxs__content\"><a href=\"https:\/\/www.suno.com.br\/noticias\/itau-estimativa-pib\/\"><h2 class=\"content__title\">Ita\u00fa piora estimativa para PIB em 2019 e 2020<\/h2><\/a><div class=\"newsContent__article__meta\"><div class=\"newsContent__article__meta__authorBox\"><a href=\"https:\/\/www.suno.com.br\/noticias\/author\/renan-dantas\/\" class=\"authorBox__avatar noMobi\"><img src=\"https:\/\/secure.gravatar.com\/avatar\/1787b83e7484a08e51d62ac8b41c8396?s=96&#038;r=g\" alt=\"Renan Dantas\"><\/a><div class=\"authorBox__name\"><span>por\n\t\t\t<a href=\"https:\/\/www.suno.com.br\/noticias\/author\/renan-dantas\/\"><span itemprop=\"author\">Renan Dantas<\/span><\/a><\/span><time datetime=\"2019-05-13T16:00:19-03:00\" itemprop=\"datePublished\">13\/05\/2019 16:00<\/time><\/div><\/div><\/div><\/div><\/div>","single_layout":"posts","amp_enabled":true,"_links":{"self":[{"href":"https:\/\/www.suno.com.br\/noticias\/wp-json\/wp\/v2\/posts\/24334"}],"collection":[{"href":"https:\/\/www.suno.com.br\/noticias\/wp-json\/wp\/v2\/posts"}],"about":[{"href":"https:\/\/www.suno.com.br\/noticias\/wp-json\/wp\/v2\/types\/post"}],"author":[{"embeddable":true,"href":"https:\/\/www.suno.com.br\/noticias\/wp-json\/wp\/v2\/users\/14"}],"replies":[{"embeddable":true,"href":"https:\/\/www.suno.com.br\/noticias\/wp-json\/wp\/v2\/comments?post=24334"}],"version-history":[{"count":0,"href":"https:\/\/www.suno.com.br\/noticias\/wp-json\/wp\/v2\/posts\/24334\/revisions"}],"wp:featuredmedia":[{"embeddable":true,"href":"https:\/\/www.suno.com.br\/noticias\/wp-json\/wp\/v2\/media\/6265"}],"wp:attachment":[{"href":"https:\/\/www.suno.com.br\/noticias\/wp-json\/wp\/v2\/media?parent=24334"}],"wp:term":[{"taxonomy":"category","embeddable":true,"href":"https:\/\/www.suno.com.br\/noticias\/wp-json\/wp\/v2\/categories?post=24334"},{"taxonomy":"post_tag","embeddable":true,"href":"https:\/\/www.suno.com.br\/noticias\/wp-json\/wp\/v2\/tags?post=24334"},{"taxonomy":"suno_strategy","embeddable":true,"href":"https:\/\/www.suno.com.br\/noticias\/wp-json\/wp\/v2\/suno_strategy?post=24334"}],"curies":[{"name":"wp","href":"https:\/\/api.w.org\/{rel}","templated":true}]}}