{"id":243222,"date":"2022-03-18T18:27:47","date_gmt":"2022-03-18T21:27:47","guid":{"rendered":"https:\/\/www.suno.com.br\/noticias\/?p=243222"},"modified":"2022-03-18T18:27:47","modified_gmt":"2022-03-18T21:27:47","slug":"brmalls-brml3-aquisicao-fusao-shopping-eldorado","status":"publish","type":"post","link":"https:\/\/www.suno.com.br\/noticias\/brmalls-brml3-aquisicao-fusao-shopping-eldorado\/","title":{"rendered":"BrMalls (BRML3) negocia aquisi\u00e7\u00e3o ou fus\u00e3o com administradora do Shopping Eldorado (SP)"},"content":{"rendered":"<p>O presidente da <a class=\"suno-keyword\" href=\"https:\/\/www.suno.com.br\/acoes\/brml3\/\" target=\"_blank\" rel=\"noopener\" data-force=\"yes\" data-priority=\"2\"><strong>BrMalls<\/strong> (BRML3)<\/a>, Ruy Kameyama, afirmou nesta sexta-feira (18) que a companhia est\u00e1 com negocia\u00e7\u00f5es em andamento para uma poss\u00edvel fus\u00e3o ou aquisi\u00e7\u00e3o (M&amp;A, na sigla em ingl\u00eas) envolvendo a administradora Ancar Ivanhoe, respons\u00e1vel por 25 shoppings centers, como Shopping Eldorado, Conjunto Nacional e Metr\u00f4 Itaquera.<\/p>\t<div class=\"wrapper-featured-image\">\n\t\t<figure class=\"spotlightImg\">\n\n\t\t\t<picture>\n\t\t\t\t<source media=\"(max-width: 768px)\" srcset=\"https:\/\/files.sunoresearch.com.br\/n\/uploads\/2022\/03\/shopping_eldorado-400x200.jpg\">\n\t\t\t\t<img loading=\"lazy\" decoding=\"async\" class=\"newsContent__article__imgCapa lazyloadDisabled \" src=\"https:\/\/files.sunoresearch.com.br\/n\/uploads\/2022\/03\/shopping_eldorado-800x450.jpg\" width=\"800\" height=\"450\" alt=\"BrMalls (BRML3) negocia aquisi\u00e7\u00e3o ou fus\u00e3o com administradora do Shopping Eldorado (SP)\" fetchpriority=high \/>\n\t\t\t<\/picture>\n\n\t\t\t<figcaption class=\"wp-caption-text wp-caption-text--show\">Confira os FIIs de shopping preferidos dos especialistas em agosto. Foto: Reprodu\u00e7\u00e3o\/site<\/figcaption>\n\t\t<\/figure>\n\t<\/div>\n\n\n\t<p>\n\t\t<a href=\"\" target=\"_blank\" data-element=\"shortcode-suno-banner\" title=\"Banner SUNO, clique e saiba mais\">\n\t\t\t<picture>\n\t\t\t\t<source media=\"(max-width: 500px)\" srcset=\"\">\n\t\t\t\t<img class=\"newsContent__article__imgCapa newsContent__article__imgCapa--banner\"\n\t\t\t\t\tsrc=\"\"\n\t\t\t\t\tdata-promo-id=\"138420\"\t\t\t\t\t\t\t\t\t\t\t\t\t\t\talt=\"\"\n\t\t\t\t>\n\t\t\t<\/picture>\n\t\t<\/a>\n\t<\/p>\n\n\n<p>A declara\u00e7\u00e3o de Kameyama foi feita ao explicar a analistas e investidores que a BrMalls tem alternativas em estudo que n\u00e3o se limitam \u00e0 proposta rejeitada de fus\u00e3o com a <a class=\"suno-keyword\" href=\"https:\/\/www.suno.com.br\/acoes\/ALSO3\/\" target=\"_blank\" rel=\"noopener\" data-force=\"yes\" data-priority=\"2\"><strong>Aliansce Sonae<\/strong> (ALSO3)<\/a>.<\/p>\n<p>&#8220;Vamos olhar outras alternativas, com calma. Estamos em tratativas com a <strong>Ancar Ivanhoe<\/strong> e existem outras op\u00e7\u00f5es&#8221;, afirmou o <strong>presidente da BrMalls<\/strong>.<\/p>\n<p>O executivo ponderou que os administradores da <strong>administradora de shoppings<\/strong> &#8220;n\u00e3o est\u00e3o desesperados para fazer um <em>deal<\/em> (neg\u00f3cio)&#8221;, ainda mais se isso implicar em aceitar uma avalia\u00e7\u00e3o da empresa tomando como par\u00e2metro o pre\u00e7o atual da a\u00e7\u00e3o, que est\u00e1 cotada perto do piso hist\u00f3rico devido as dificuldades enfrentadas na pandemia.<\/p>\n\t<p>\n\t\t<a href=\"https:\/\/lp.suno.com.br\/planilha-controle-gastos\/\" target=\"_blank\" data-element=\"shortcode-suno-banner\" title=\"Banner SUNO, clique e saiba mais\">\n\t\t\t<picture>\n\t\t\t\t<source media=\"(max-width: 500px)\" srcset=\"https:\/\/files.sunoresearch.com.br\/n\/uploads\/2023\/03\/400x300-Planilha-controle-de-gastos.png\">\n\t\t\t\t<img class=\"newsContent__article__imgCapa newsContent__article__imgCapa--banner\"\n\t\t\t\t\tsrc=\"https:\/\/files.sunoresearch.com.br\/n\/uploads\/2023\/03\/1420x240-Planilha-controle-de-gastos.png\"\n\t\t\t\t\tdata-promo-id=\"101751\"\t\t\t\t\t\t\t\t\t\twidth='1420' height='240'\t\t\t\t\talt=\"https:\/\/files.sunoresearch.com.br\/n\/uploads\/2023\/03\/1420x240-Planilha-controle-de-gastos.png\"\n\t\t\t\t>\n\t\t\t<\/picture>\n\t\t<\/a>\n\t<\/p>\n\n\n<p><strong>Kameyama<\/strong> disse ainda que considera a atividade de M&amp;A uma \u00f3tima alternativa, lembrando que a pr\u00f3pria BrMalls foi formada com a compra de shoppings. Nos anos seguintes, houve um movimento de &#8220;esculpir o portf\u00f3lio&#8221;, isto \u00e9, se desfazer dos empreendimentos menos interessantes para olhar melhores op\u00e7\u00f5es.<\/p>\n<p>Outro ponto defendido pelo executivo \u00e9 de que o fim de 2021 marcou uma virada para a companhia, com a recupera\u00e7\u00e3o de resultados financeiros e operacionais para patamares iguais ou maiores aos verificados antes da pandemia. <strong>Ruy Kameyama<\/strong> disse esperar um crescimento dos n\u00fameros nos pr\u00f3ximos tr\u00eas anos.<\/p>\n<h2>BrMalls recusa nova proposta da Aliansce Sonae<\/h2>\n<p>A novela da combina\u00e7\u00e3o de neg\u00f3cios entre a <strong>BrMalls e Aliansce Sonae<\/strong> ganhou um novo cap\u00edtulo nesta quinta (17). O <a class=\"suno-keyword\" href=\"https:\/\/www.suno.com.br\/artigos\/conselho-administracao\/\" target=\"_blank\" rel=\"noopener\" data-force=\"no\" data-priority=\"1\">conselho de administra\u00e7\u00e3o<\/a> da companhia decidiu, por unanimidade, rejeitar a segunda oferta de fus\u00e3o feita pela concorrente.<\/p>\n<p>A empresa avalia que o novo pre\u00e7o proposto ainda n\u00e3o corresponde ao que considera aceit\u00e1vel, segundo <a class=\"suno-keyword\" href=\"https:\/\/www.suno.com.br\/artigos\/fato-relevante\/\" target=\"_blank\" rel=\"noopener\" data-force=\"no\" data-priority=\"1\">fato relevante<\/a>.<\/p>\n\t<p>\n\t\t<a href=\"https:\/\/lp.suno.com.br\/planilha-da-vida-financeira\/\" target=\"_blank\" data-element=\"shortcode-suno-banner\" title=\"Banner SUNO, clique e saiba mais\">\n\t\t\t<picture>\n\t\t\t\t<source media=\"(max-width: 500px)\" srcset=\"https:\/\/files.sunoresearch.com.br\/n\/uploads\/2023\/04\/400x300-Planilha-vida-financeira-true.png\">\n\t\t\t\t<img class=\"newsContent__article__imgCapa newsContent__article__imgCapa--banner\"\n\t\t\t\t\tsrc=\"https:\/\/files.sunoresearch.com.br\/n\/uploads\/2023\/04\/1420x240-Planilha-vida-financeira-true.png\"\n\t\t\t\t\tdata-promo-id=\"106682\"\t\t\t\t\t\t\t\t\t\twidth='1420' height='240'\t\t\t\t\talt=\"https:\/\/files.sunoresearch.com.br\/n\/uploads\/2023\/04\/1420x240-Planilha-vida-financeira-true.png\"\n\t\t\t\t>\n\t\t\t<\/picture>\n\t\t<\/a>\n\t<\/p>\n\n\n<p>&#8220;A nova proposta n\u00e3o-solicitada continua subavaliando, consideravelmente, o valor econ\u00f4mico justo da companhia e do seu portf\u00f3lio de ativos, vez que apresentou um incremento de pre\u00e7o insuficiente. Portanto, ainda n\u00e3o atende aos melhores interesses dos <strong>acionistas da BrMalls<\/strong>&#8220;, diz o documento enviado \u00e0 CVM.<\/p>\n<p>Nesse contexto, a empresa complementa que a oferta da Aliansce n\u00e3o constitui base de pre\u00e7o para iniciar negocia\u00e7\u00e3o de uma poss\u00edvel combina\u00e7\u00e3o de neg\u00f3cios. O texto ainda destaca que a <strong>BrMalls<\/strong> tomou conhecimento da nova proposta por meio da m\u00eddia, no dia 13 de mar\u00e7o, e n\u00e3o de uma comunica\u00e7\u00e3o oficial.<\/p>\n\t<p>\n\t\t<a href=\"https:\/\/lp.suno.com.br\/planilha-de-controle-de-investimentos\/\" target=\"_blank\" data-element=\"shortcode-suno-banner\" title=\"Banner SUNO, clique e saiba mais\">\n\t\t\t<picture>\n\t\t\t\t<source media=\"(max-width: 500px)\" srcset=\"https:\/\/files.sunoresearch.com.br\/n\/uploads\/2023\/03\/400x300-Controle-de-Investimentos.png\">\n\t\t\t\t<img class=\"newsContent__article__imgCapa newsContent__article__imgCapa--banner\"\n\t\t\t\t\tsrc=\"https:\/\/files.sunoresearch.com.br\/n\/uploads\/2023\/03\/1420x240-Controle-de-Investimentos.png\"\n\t\t\t\t\tdata-promo-id=\"75934\"\t\t\t\t\t\t\t\t\t\twidth='1420' height='240'\t\t\t\t\talt=\"https:\/\/files.sunoresearch.com.br\/n\/uploads\/2023\/03\/1420x240-Controle-de-Investimentos.png\"\n\t\t\t\t>\n\t\t\t<\/picture>\n\t\t<\/a>\n\t<\/p>\n\n\n<p class=\"newsProviderSignature\"><em>Com informa\u00e7\u00f5es de Estad\u00e3o Conte\u00fado.\u00a0<\/em><\/p>\n","protected":false},"excerpt":{"rendered":"<p>O presidente da BrMalls (BRML3), Ruy Kameyama, afirmou nesta sexta-feira (18) que a companhia est\u00e1 com negocia\u00e7\u00f5es em andamento para uma poss\u00edvel fus\u00e3o ou aquisi\u00e7\u00e3o (M&amp;A, na sigla em ingl\u00eas) envolvendo a administradora Ancar Ivanhoe, respons\u00e1vel por 25 shoppings centers, como Shopping Eldorado, Conjunto Nacional e Metr\u00f4 Itaquera. Confira os FIIs de shopping preferidos dos [&hellip;]<\/p>\n","protected":false},"author":102,"featured_media":243234,"comment_status":"closed","ping_status":"closed","sticky":false,"template":"","format":"standard","meta":[],"categories":[64],"tags":[38091,79856,62812],"suno_strategy":[],"class_list":["post-243222","post","type-post","status-publish","format-standard","has-post-thumbnail","hentry","category-negocios","tag-aliansce-sonae-also3","tag-br-malls-brml3","tag-fusoes-e-aquisicoes"],"yoast_head":"<!-- This site is optimized with the Yoast SEO plugin v24.4 - https:\/\/yoast.com\/wordpress\/plugins\/seo\/ -->\n<title>BrMalls (BRML3) negocia aquisi\u00e7\u00e3o ou fus\u00e3o com Ancar Ivanhoe<\/title>\n<meta name=\"description\" content=\"O presidente da BrMalls (BRML3) afirmou nesta sexta (18) que a empresa tem alternativas de neg\u00f3cios al\u00e9m da fus\u00e3o com a Aliansce (ALSO3)\" \/>\n<meta name=\"robots\" content=\"index, follow, max-snippet:-1, max-image-preview:large, max-video-preview:-1\" \/>\n<link rel=\"canonical\" href=\"https:\/\/www.suno.com.br\/noticias\/brmalls-brml3-aquisicao-fusao-shopping-eldorado\/\" \/>\n<meta property=\"og:locale\" content=\"pt_BR\" \/>\n<meta property=\"og:type\" content=\"article\" \/>\n<meta property=\"og:title\" content=\"BrMalls (BRML3) negocia aquisi\u00e7\u00e3o ou fus\u00e3o com Ancar Ivanhoe\" \/>\n<meta property=\"og:description\" content=\"O presidente da BrMalls (BRML3) afirmou nesta sexta (18) que a empresa tem alternativas de neg\u00f3cios al\u00e9m da fus\u00e3o com a Aliansce (ALSO3)\" \/>\n<meta property=\"og:url\" content=\"https:\/\/www.suno.com.br\/noticias\/brmalls-brml3-aquisicao-fusao-shopping-eldorado\/\" \/>\n<meta property=\"og:site_name\" content=\"Suno Not\u00edcias\" \/>\n<meta property=\"article:publisher\" content=\"https:\/\/facebook.com\/sunoresearch\" \/>\n<meta property=\"og:image\" content=\"https:\/\/files.sunoresearch.com.br\/n\/uploads\/2022\/03\/shopping_eldorado.jpg\" \/>\n\t<meta property=\"og:image:width\" content=\"2359\" \/>\n\t<meta property=\"og:image:height\" content=\"1575\" \/>\n\t<meta property=\"og:image:type\" content=\"image\/jpeg\" \/>\n<meta name=\"author\" content=\"Monique Lima\" \/>\n<meta name=\"twitter:card\" content=\"summary_large_image\" \/>\n<meta name=\"twitter:creator\" content=\"@sunoresearch\" \/>\n<meta name=\"twitter:site\" content=\"@sunoresearch\" \/>\n<meta name=\"twitter:label1\" content=\"Escrito por\" \/>\n\t<meta name=\"twitter:data1\" content=\"Monique Lima\" \/>\n\t<meta name=\"twitter:label2\" content=\"Est. tempo de leitura\" \/>\n\t<meta name=\"twitter:data2\" content=\"2 minutos\" \/>\n<script type=\"application\/ld+json\" class=\"yoast-schema-graph\">{\"@context\":\"https:\/\/schema.org\",\"@graph\":[{\"@type\":\"NewsArticle\",\"@id\":\"https:\/\/www.suno.com.br\/noticias\/brmalls-brml3-aquisicao-fusao-shopping-eldorado\/#article\",\"isPartOf\":{\"@id\":\"https:\/\/www.suno.com.br\/noticias\/brmalls-brml3-aquisicao-fusao-shopping-eldorado\/\"},\"author\":{\"name\":\"Monique Lima\",\"@id\":\"https:\/\/www.suno.com.br\/noticias\/#\/schema\/person\/d712329319cc9b10f254d02d654cb36a\"},\"headline\":\"BrMalls (BRML3) negocia aquisi\u00e7\u00e3o ou fus\u00e3o com administradora do Shopping Eldorado (SP)\",\"datePublished\":\"2022-03-18T21:27:47+00:00\",\"mainEntityOfPage\":{\"@id\":\"https:\/\/www.suno.com.br\/noticias\/brmalls-brml3-aquisicao-fusao-shopping-eldorado\/\"},\"wordCount\":481,\"publisher\":{\"@id\":\"https:\/\/www.suno.com.br\/noticias\/#organization\"},\"image\":{\"@id\":\"https:\/\/www.suno.com.br\/noticias\/brmalls-brml3-aquisicao-fusao-shopping-eldorado\/#primaryimage\"},\"thumbnailUrl\":\"https:\/\/files.sunoresearch.com.br\/n\/uploads\/2022\/03\/shopping_eldorado.jpg\",\"keywords\":[\"Aliansce Sonae (ALSO3)\",\"BRMalls (BRML3)\",\"fus\u00f5es e aquisi\u00e7\u00f5es\"],\"articleSection\":[\"Neg\u00f3cios\"],\"inLanguage\":\"pt-BR\"},{\"@type\":\"WebPage\",\"@id\":\"https:\/\/www.suno.com.br\/noticias\/brmalls-brml3-aquisicao-fusao-shopping-eldorado\/\",\"url\":\"https:\/\/www.suno.com.br\/noticias\/brmalls-brml3-aquisicao-fusao-shopping-eldorado\/\",\"name\":\"BrMalls (BRML3) negocia aquisi\u00e7\u00e3o ou fus\u00e3o com Ancar Ivanhoe\",\"isPartOf\":{\"@id\":\"https:\/\/www.suno.com.br\/noticias\/#website\"},\"primaryImageOfPage\":{\"@id\":\"https:\/\/www.suno.com.br\/noticias\/brmalls-brml3-aquisicao-fusao-shopping-eldorado\/#primaryimage\"},\"image\":{\"@id\":\"https:\/\/www.suno.com.br\/noticias\/brmalls-brml3-aquisicao-fusao-shopping-eldorado\/#primaryimage\"},\"thumbnailUrl\":\"https:\/\/files.sunoresearch.com.br\/n\/uploads\/2022\/03\/shopping_eldorado.jpg\",\"datePublished\":\"2022-03-18T21:27:47+00:00\",\"description\":\"O presidente da BrMalls (BRML3) afirmou nesta sexta (18) que a empresa tem alternativas de neg\u00f3cios al\u00e9m da fus\u00e3o com a Aliansce (ALSO3)\",\"breadcrumb\":{\"@id\":\"https:\/\/www.suno.com.br\/noticias\/brmalls-brml3-aquisicao-fusao-shopping-eldorado\/#breadcrumb\"},\"inLanguage\":\"pt-BR\",\"potentialAction\":[{\"@type\":\"ReadAction\",\"target\":[\"https:\/\/www.suno.com.br\/noticias\/brmalls-brml3-aquisicao-fusao-shopping-eldorado\/\"]}]},{\"@type\":\"ImageObject\",\"inLanguage\":\"pt-BR\",\"@id\":\"https:\/\/www.suno.com.br\/noticias\/brmalls-brml3-aquisicao-fusao-shopping-eldorado\/#primaryimage\",\"url\":\"https:\/\/files.sunoresearch.com.br\/n\/uploads\/2022\/03\/shopping_eldorado.jpg\",\"contentUrl\":\"https:\/\/files.sunoresearch.com.br\/n\/uploads\/2022\/03\/shopping_eldorado.jpg\",\"width\":2359,\"height\":1575,\"caption\":\"Confira os FIIs de shopping preferidos dos especialistas em agosto. Foto: Reprodu\u00e7\u00e3o\/site\"},{\"@type\":\"BreadcrumbList\",\"@id\":\"https:\/\/www.suno.com.br\/noticias\/brmalls-brml3-aquisicao-fusao-shopping-eldorado\/#breadcrumb\",\"itemListElement\":[{\"@type\":\"ListItem\",\"position\":1,\"name\":\"Not\u00edcias\",\"item\":\"https:\/\/www.suno.com.br\/noticias\/\"},{\"@type\":\"ListItem\",\"position\":2,\"name\":\"Neg\u00f3cios\",\"item\":\"https:\/\/www.suno.com.br\/noticias\/negocios\/\"},{\"@type\":\"ListItem\",\"position\":3,\"name\":\"BrMalls (BRML3) negocia aquisi\u00e7\u00e3o ou fus\u00e3o com administradora do Shopping Eldorado (SP)\"}]},{\"@type\":\"WebSite\",\"@id\":\"https:\/\/www.suno.com.br\/noticias\/#website\",\"url\":\"https:\/\/www.suno.com.br\/noticias\/\",\"name\":\"Suno Not\u00edcias\",\"description\":\"Seu portal de informa\u00e7\u00e3o sobre o mundo dos investimentos\",\"publisher\":{\"@id\":\"https:\/\/www.suno.com.br\/noticias\/#organization\"},\"potentialAction\":[{\"@type\":\"SearchAction\",\"target\":{\"@type\":\"EntryPoint\",\"urlTemplate\":\"https:\/\/www.suno.com.br\/noticias\/?s={search_term_string}\"},\"query-input\":{\"@type\":\"PropertyValueSpecification\",\"valueRequired\":true,\"valueName\":\"search_term_string\"}}],\"inLanguage\":\"pt-BR\"},{\"@type\":\"Organization\",\"@id\":\"https:\/\/www.suno.com.br\/noticias\/#organization\",\"name\":\"Suno Not\u00edcias\",\"url\":\"https:\/\/www.suno.com.br\/noticias\/\",\"logo\":{\"@type\":\"ImageObject\",\"inLanguage\":\"pt-BR\",\"@id\":\"https:\/\/www.suno.com.br\/noticias\/#\/schema\/logo\/image\/\",\"url\":\"https:\/\/files.sunoresearch.com.br\/n\/uploads\/2021\/09\/suno-logo.png\",\"contentUrl\":\"https:\/\/files.sunoresearch.com.br\/n\/uploads\/2021\/09\/suno-logo.png\",\"width\":180,\"height\":180,\"caption\":\"Suno Not\u00edcias\"},\"image\":{\"@id\":\"https:\/\/www.suno.com.br\/noticias\/#\/schema\/logo\/image\/\"},\"sameAs\":[\"https:\/\/facebook.com\/sunoresearch\",\"https:\/\/x.com\/sunoresearch\",\"https:\/\/www.instagram.com\/suno\",\"https:\/\/www.linkedin.com\/company\/suno-research\/\",\"https:\/\/www.youtube.com\/c\/sunoresearch\"]},{\"@type\":\"Person\",\"@id\":\"https:\/\/www.suno.com.br\/noticias\/#\/schema\/person\/d712329319cc9b10f254d02d654cb36a\",\"name\":\"Monique Lima\",\"image\":{\"@type\":\"ImageObject\",\"inLanguage\":\"pt-BR\",\"@id\":\"https:\/\/www.suno.com.br\/noticias\/#\/schema\/person\/image\/\",\"url\":\"https:\/\/secure.gravatar.com\/avatar\/daee7f16d906c2e9ffed236206ca2c30?s=96&r=g\",\"contentUrl\":\"https:\/\/secure.gravatar.com\/avatar\/daee7f16d906c2e9ffed236206ca2c30?s=96&r=g\",\"caption\":\"Monique Lima\"},\"description\":\"Rep\u00f3rter de Mercado no Suno Not\u00edcias, \u00e9 jornalista com experi\u00eancia na cobertura de economia, empreendedorismo, finan\u00e7as pessoais, mercado financeiro, carreira e recursos humanos. Formada em Jornalismo pela Universidade Paulista, teve experi\u00eancias em ve\u00edculos de comunica\u00e7\u00e3o como a Ag\u00eancia TradeMap, Revista Voc\u00ea S\/A e Revista Voc\u00ea RH, as duas \u00faltimas publica\u00e7\u00f5es da Editora Abril. No Suno Not\u00edcias, fala sobre as principais not\u00edcias de Fundos Imobili\u00e1rios, Fiagro, Startups e empresas listadas na Bolsa.\",\"url\":\"https:\/\/www.suno.com.br\/noticias\/author\/monique-lima\/\"}]}<\/script>\n<!-- \/ Yoast SEO plugin. -->","yoast_head_json":{"title":"BrMalls (BRML3) negocia aquisi\u00e7\u00e3o ou fus\u00e3o com Ancar Ivanhoe","description":"O presidente da BrMalls (BRML3) afirmou nesta sexta (18) que a empresa tem alternativas de neg\u00f3cios al\u00e9m da fus\u00e3o com a Aliansce (ALSO3)","robots":{"index":"index","follow":"follow","max-snippet":"max-snippet:-1","max-image-preview":"max-image-preview:large","max-video-preview":"max-video-preview:-1"},"canonical":"https:\/\/www.suno.com.br\/noticias\/brmalls-brml3-aquisicao-fusao-shopping-eldorado\/","og_locale":"pt_BR","og_type":"article","og_title":"BrMalls (BRML3) negocia aquisi\u00e7\u00e3o ou fus\u00e3o com Ancar Ivanhoe","og_description":"O presidente da BrMalls (BRML3) afirmou nesta sexta (18) que a empresa tem alternativas de neg\u00f3cios al\u00e9m da fus\u00e3o com a Aliansce (ALSO3)","og_url":"https:\/\/www.suno.com.br\/noticias\/brmalls-brml3-aquisicao-fusao-shopping-eldorado\/","og_site_name":"Suno Not\u00edcias","article_publisher":"https:\/\/facebook.com\/sunoresearch","og_image":[{"width":2359,"height":1575,"url":"https:\/\/files.sunoresearch.com.br\/n\/uploads\/2022\/03\/shopping_eldorado.jpg","type":"image\/jpeg"}],"author":"Monique Lima","twitter_card":"summary_large_image","twitter_creator":"@sunoresearch","twitter_site":"@sunoresearch","twitter_misc":{"Escrito por":"Monique Lima","Est. tempo de leitura":"2 minutos"},"schema":{"@context":"https:\/\/schema.org","@graph":[{"@type":"NewsArticle","@id":"https:\/\/www.suno.com.br\/noticias\/brmalls-brml3-aquisicao-fusao-shopping-eldorado\/#article","isPartOf":{"@id":"https:\/\/www.suno.com.br\/noticias\/brmalls-brml3-aquisicao-fusao-shopping-eldorado\/"},"author":{"name":"Monique Lima","@id":"https:\/\/www.suno.com.br\/noticias\/#\/schema\/person\/d712329319cc9b10f254d02d654cb36a"},"headline":"BrMalls (BRML3) negocia aquisi\u00e7\u00e3o ou fus\u00e3o com administradora do Shopping Eldorado (SP)","datePublished":"2022-03-18T21:27:47+00:00","mainEntityOfPage":{"@id":"https:\/\/www.suno.com.br\/noticias\/brmalls-brml3-aquisicao-fusao-shopping-eldorado\/"},"wordCount":481,"publisher":{"@id":"https:\/\/www.suno.com.br\/noticias\/#organization"},"image":{"@id":"https:\/\/www.suno.com.br\/noticias\/brmalls-brml3-aquisicao-fusao-shopping-eldorado\/#primaryimage"},"thumbnailUrl":"https:\/\/files.sunoresearch.com.br\/n\/uploads\/2022\/03\/shopping_eldorado.jpg","keywords":["Aliansce Sonae (ALSO3)","BRMalls (BRML3)","fus\u00f5es e aquisi\u00e7\u00f5es"],"articleSection":["Neg\u00f3cios"],"inLanguage":"pt-BR"},{"@type":"WebPage","@id":"https:\/\/www.suno.com.br\/noticias\/brmalls-brml3-aquisicao-fusao-shopping-eldorado\/","url":"https:\/\/www.suno.com.br\/noticias\/brmalls-brml3-aquisicao-fusao-shopping-eldorado\/","name":"BrMalls (BRML3) negocia aquisi\u00e7\u00e3o ou fus\u00e3o com Ancar Ivanhoe","isPartOf":{"@id":"https:\/\/www.suno.com.br\/noticias\/#website"},"primaryImageOfPage":{"@id":"https:\/\/www.suno.com.br\/noticias\/brmalls-brml3-aquisicao-fusao-shopping-eldorado\/#primaryimage"},"image":{"@id":"https:\/\/www.suno.com.br\/noticias\/brmalls-brml3-aquisicao-fusao-shopping-eldorado\/#primaryimage"},"thumbnailUrl":"https:\/\/files.sunoresearch.com.br\/n\/uploads\/2022\/03\/shopping_eldorado.jpg","datePublished":"2022-03-18T21:27:47+00:00","description":"O presidente da BrMalls (BRML3) afirmou nesta sexta (18) que a empresa tem alternativas de neg\u00f3cios al\u00e9m da fus\u00e3o com a Aliansce (ALSO3)","breadcrumb":{"@id":"https:\/\/www.suno.com.br\/noticias\/brmalls-brml3-aquisicao-fusao-shopping-eldorado\/#breadcrumb"},"inLanguage":"pt-BR","potentialAction":[{"@type":"ReadAction","target":["https:\/\/www.suno.com.br\/noticias\/brmalls-brml3-aquisicao-fusao-shopping-eldorado\/"]}]},{"@type":"ImageObject","inLanguage":"pt-BR","@id":"https:\/\/www.suno.com.br\/noticias\/brmalls-brml3-aquisicao-fusao-shopping-eldorado\/#primaryimage","url":"https:\/\/files.sunoresearch.com.br\/n\/uploads\/2022\/03\/shopping_eldorado.jpg","contentUrl":"https:\/\/files.sunoresearch.com.br\/n\/uploads\/2022\/03\/shopping_eldorado.jpg","width":2359,"height":1575,"caption":"Confira os FIIs de shopping preferidos dos especialistas em agosto. Foto: Reprodu\u00e7\u00e3o\/site"},{"@type":"BreadcrumbList","@id":"https:\/\/www.suno.com.br\/noticias\/brmalls-brml3-aquisicao-fusao-shopping-eldorado\/#breadcrumb","itemListElement":[{"@type":"ListItem","position":1,"name":"Not\u00edcias","item":"https:\/\/www.suno.com.br\/noticias\/"},{"@type":"ListItem","position":2,"name":"Neg\u00f3cios","item":"https:\/\/www.suno.com.br\/noticias\/negocios\/"},{"@type":"ListItem","position":3,"name":"BrMalls (BRML3) negocia aquisi\u00e7\u00e3o ou fus\u00e3o com administradora do Shopping Eldorado (SP)"}]},{"@type":"WebSite","@id":"https:\/\/www.suno.com.br\/noticias\/#website","url":"https:\/\/www.suno.com.br\/noticias\/","name":"Suno Not\u00edcias","description":"Seu portal de informa\u00e7\u00e3o sobre o mundo dos investimentos","publisher":{"@id":"https:\/\/www.suno.com.br\/noticias\/#organization"},"potentialAction":[{"@type":"SearchAction","target":{"@type":"EntryPoint","urlTemplate":"https:\/\/www.suno.com.br\/noticias\/?s={search_term_string}"},"query-input":{"@type":"PropertyValueSpecification","valueRequired":true,"valueName":"search_term_string"}}],"inLanguage":"pt-BR"},{"@type":"Organization","@id":"https:\/\/www.suno.com.br\/noticias\/#organization","name":"Suno Not\u00edcias","url":"https:\/\/www.suno.com.br\/noticias\/","logo":{"@type":"ImageObject","inLanguage":"pt-BR","@id":"https:\/\/www.suno.com.br\/noticias\/#\/schema\/logo\/image\/","url":"https:\/\/files.sunoresearch.com.br\/n\/uploads\/2021\/09\/suno-logo.png","contentUrl":"https:\/\/files.sunoresearch.com.br\/n\/uploads\/2021\/09\/suno-logo.png","width":180,"height":180,"caption":"Suno Not\u00edcias"},"image":{"@id":"https:\/\/www.suno.com.br\/noticias\/#\/schema\/logo\/image\/"},"sameAs":["https:\/\/facebook.com\/sunoresearch","https:\/\/x.com\/sunoresearch","https:\/\/www.instagram.com\/suno","https:\/\/www.linkedin.com\/company\/suno-research\/","https:\/\/www.youtube.com\/c\/sunoresearch"]},{"@type":"Person","@id":"https:\/\/www.suno.com.br\/noticias\/#\/schema\/person\/d712329319cc9b10f254d02d654cb36a","name":"Monique Lima","image":{"@type":"ImageObject","inLanguage":"pt-BR","@id":"https:\/\/www.suno.com.br\/noticias\/#\/schema\/person\/image\/","url":"https:\/\/secure.gravatar.com\/avatar\/daee7f16d906c2e9ffed236206ca2c30?s=96&r=g","contentUrl":"https:\/\/secure.gravatar.com\/avatar\/daee7f16d906c2e9ffed236206ca2c30?s=96&r=g","caption":"Monique Lima"},"description":"Rep\u00f3rter de Mercado no Suno Not\u00edcias, \u00e9 jornalista com experi\u00eancia na cobertura de economia, empreendedorismo, finan\u00e7as pessoais, mercado financeiro, carreira e recursos humanos. Formada em Jornalismo pela Universidade Paulista, teve experi\u00eancias em ve\u00edculos de comunica\u00e7\u00e3o como a Ag\u00eancia TradeMap, Revista Voc\u00ea S\/A e Revista Voc\u00ea RH, as duas \u00faltimas publica\u00e7\u00f5es da Editora Abril. No Suno Not\u00edcias, fala sobre as principais not\u00edcias de Fundos Imobili\u00e1rios, Fiagro, Startups e empresas listadas na Bolsa.","url":"https:\/\/www.suno.com.br\/noticias\/author\/monique-lima\/"}]}},"default_loop_html":"<div class=\"cardsPage__listCard__boxs\"><div class=\"cardsPage__listCard__boxs__img\"><a href=\"https:\/\/www.suno.com.br\/noticias\/brmalls-brml3-aquisicao-fusao-shopping-eldorado\/\"><img class=\"mask\" src=\"https:\/\/www.suno.com.br\/noticias\/wp-content\/themes\/suno\/resources\/images\/spotlight\/spotlight1img\/bg-mask.png\" alt=\"Image Mask\"\/><img src=\"https:\/\/files.sunoresearch.com.br\/n\/uploads\/2022\/03\/shopping_eldorado-400x200.jpg\" alt=\"BrMalls (BRML3) negocia aquisi\u00e7\u00e3o ou fus\u00e3o com administradora do Shopping Eldorado (SP)\"\/><\/a><span class=\"spotlightCategory\"><a href=\"https:\/\/www.suno.com.br\/noticias\/negocios\/\">Neg\u00f3cios<\/a><\/span><\/div><div class=\"cardsPage__listCard__boxs__content\"><a href=\"https:\/\/www.suno.com.br\/noticias\/brmalls-brml3-aquisicao-fusao-shopping-eldorado\/\"><h2 class=\"content__title\">BrMalls (BRML3) negocia aquisi\u00e7\u00e3o ou fus\u00e3o com administradora do Shopping Eldorado (SP)<\/h2><\/a><div class=\"newsContent__article__meta\"><div class=\"newsContent__article__meta__authorBox\"><a href=\"https:\/\/www.suno.com.br\/noticias\/author\/monique-lima\/\" class=\"authorBox__avatar noMobi\"><img src=\"https:\/\/secure.gravatar.com\/avatar\/daee7f16d906c2e9ffed236206ca2c30?s=96&#038;r=g\" alt=\"Monique Lima\"><\/a><div class=\"authorBox__name\"><span>por\n\t\t\t<a href=\"https:\/\/www.suno.com.br\/noticias\/author\/monique-lima\/\"><span itemprop=\"author\">Monique Lima<\/span><\/a><\/span><time datetime=\"2022-03-18T18:27:47-03:00\" itemprop=\"datePublished\">18\/03\/2022 18:27<\/time><\/div><\/div><\/div><\/div><\/div>","single_layout":"posts","amp_enabled":false,"_links":{"self":[{"href":"https:\/\/www.suno.com.br\/noticias\/wp-json\/wp\/v2\/posts\/243222"}],"collection":[{"href":"https:\/\/www.suno.com.br\/noticias\/wp-json\/wp\/v2\/posts"}],"about":[{"href":"https:\/\/www.suno.com.br\/noticias\/wp-json\/wp\/v2\/types\/post"}],"author":[{"embeddable":true,"href":"https:\/\/www.suno.com.br\/noticias\/wp-json\/wp\/v2\/users\/102"}],"replies":[{"embeddable":true,"href":"https:\/\/www.suno.com.br\/noticias\/wp-json\/wp\/v2\/comments?post=243222"}],"version-history":[{"count":4,"href":"https:\/\/www.suno.com.br\/noticias\/wp-json\/wp\/v2\/posts\/243222\/revisions"}],"predecessor-version":[{"id":243242,"href":"https:\/\/www.suno.com.br\/noticias\/wp-json\/wp\/v2\/posts\/243222\/revisions\/243242"}],"wp:featuredmedia":[{"embeddable":true,"href":"https:\/\/www.suno.com.br\/noticias\/wp-json\/wp\/v2\/media\/243234"}],"wp:attachment":[{"href":"https:\/\/www.suno.com.br\/noticias\/wp-json\/wp\/v2\/media?parent=243222"}],"wp:term":[{"taxonomy":"category","embeddable":true,"href":"https:\/\/www.suno.com.br\/noticias\/wp-json\/wp\/v2\/categories?post=243222"},{"taxonomy":"post_tag","embeddable":true,"href":"https:\/\/www.suno.com.br\/noticias\/wp-json\/wp\/v2\/tags?post=243222"},{"taxonomy":"suno_strategy","embeddable":true,"href":"https:\/\/www.suno.com.br\/noticias\/wp-json\/wp\/v2\/suno_strategy?post=243222"}],"curies":[{"name":"wp","href":"https:\/\/api.w.org\/{rel}","templated":true}]}}