{"id":24296,"date":"2019-05-13T11:31:38","date_gmt":"2019-05-13T14:31:38","guid":{"rendered":"https:\/\/www.suno.com.br\/noticias\/?p=24296"},"modified":"2019-05-13T11:31:38","modified_gmt":"2019-05-13T14:31:38","slug":"carrefour-estornar-perder-acao","status":"publish","type":"post","link":"https:\/\/www.suno.com.br\/noticias\/carrefour-estornar-perder-acao\/","title":{"rendered":"Subsidi\u00e1ria do Carrefour pode estornar R$ 815 mi se perder a\u00e7\u00e3o de ICMS"},"content":{"rendered":"<p>O Grupo Carrefour divulgou um fato relevante informando que sua subsidi\u00e1ria Atacad\u00e3o pode perder uma a\u00e7\u00e3o que envolve o estorno de parte dos cr\u00e9ditos de <a href=\"https:\/\/www.suno.com.br\/artigos\/icms\/\">ICMS<\/a> relativos a produtos da cesta b\u00e1sica, equivalente a R$ 815 milh\u00f5es.<\/p>\t<div class=\"wrapper-featured-image\">\n\t\t<figure class=\"spotlightImg\">\n\n\t\t\t<picture>\n\t\t\t\t<source media=\"(max-width: 768px)\" srcset=\"https:\/\/files.sunoresearch.com.br\/n\/uploads\/2019\/05\/7f687d5d-carrefour-e1557757836232-400x200.webp\">\n\t\t\t\t<img loading=\"lazy\" decoding=\"async\" class=\"newsContent__article__imgCapa lazyloadDisabled newsContent__article__imgCapa--noCaption\" src=\"https:\/\/files.sunoresearch.com.br\/n\/uploads\/2019\/05\/7f687d5d-carrefour-e1557757836232-jpg.webp\" width=\"800\" height=\"450\" alt=\"Subsidi\u00e1ria do Carrefour pode estornar R$ 815 mi se perder a\u00e7\u00e3o de ICMS\" fetchpriority=high \/>\n\t\t\t<\/picture>\n\n\t\t\t<figcaption class=\"wp-caption-text wp-caption-text--hide\">Carrefour (CRFB3) registra alta de 29,9% nas vendas do 3T20<\/figcaption>\n\t\t<\/figure>\n\t<\/div>\n\n\n<p>De acordo com a subsidi\u00e1ria do <strong>Carrefour<\/strong>, o tema \u00e9 discutido judicialmente h\u00e1 24 anos, por meio de &#8220;uns 240 processos com um valor total envolvido atualizado at\u00e9 final de mar\u00e7o de 2019 de R$ 815 milh\u00f5es&#8221;.<\/p>\n<p>O grupo aguardava a decis\u00e3o do <strong>Supremo Tribunal Federal (STF)<\/strong> sobre os embargos de declara\u00e7\u00e3o, principalmente, sobre o pedido de modula\u00e7\u00e3o dos efeitos, uma aplica\u00e7\u00e3o prospectiva do STF a partir de uma data determinada pelo Tribunal.<\/p>\n\t<p>\n\t\t<a href=\"https:\/\/lp.suno.com.br\/ao\/sessao-estrategica-consultoria-c\/?utm_source=suno-noticias&#038;utm_medium=banner&#038;utm_campaing=dividendos-taxacao-pl\" target=\"_blank\" data-element=\"shortcode-suno-banner\" title=\"Banner SUNO, clique e saiba mais\">\n\t\t\t<picture>\n\t\t\t\t<source media=\"(max-width: 500px)\" srcset=\"https:\/\/files.sunoresearch.com.br\/n\/uploads\/2025\/09\/300x400.webp\">\n\t\t\t\t<img class=\"newsContent__article__imgCapa newsContent__article__imgCapa--banner\"\n\t\t\t\t\tsrc=\"https:\/\/files.sunoresearch.com.br\/n\/uploads\/2025\/09\/SN-DT-1420x240-1.webp\"\n\t\t\t\t\tdata-promo-id=\"628283\"\t\t\t\t\t\t\t\t\t\twidth='1420' height='240'\t\t\t\t\talt=\"https:\/\/files.sunoresearch.com.br\/n\/uploads\/2025\/09\/SN-DT-1420x240-1.webp\"\n\t\t\t\t>\n\t\t\t<\/picture>\n\t\t<\/a>\n\t<\/p>\n\n\n<p>Por meio de nota, o Carrefour afirmou que &#8220;tendo em vista a decis\u00e3o com repercuss\u00e3o geral, ainda n\u00e3o publicada na imprensa oficial, proferida pelo Supremo Tribunal Federal, que rejeitou todos os embargos de declara\u00e7\u00e3o opostos no \u00e2mbito do Recurso Extraordin\u00e1rio n\u00ba 635688. Sendo assim, n\u00e3o acatou o pedido de modula\u00e7\u00e3o dos efeitos, a companhia revisou a probabilidade de \u00eaxito dos processos em andamento e decidiu, em uma abordagem cautelosa, constituiu provis\u00e3o integral do valor atualizado envolvido nestes processos&#8221;.<\/p>\n<p>Segundo a empresa, a <strong>decis\u00e3o<\/strong> do Tribunal est\u00e1 sujeita a recurso e n\u00e3o concorda com a atitude do STF, mas aguarda a publica\u00e7\u00e3o do ac\u00f3rd\u00e3o para definir sua estrat\u00e9gica jur\u00eddica.<\/p>\n<h2>Resultado financeiro do Carrefour<\/h2>\n<p>A rede de hipermercados, <strong>Carrefour<\/strong> <strong>Brasil<\/strong>, divulgou seu primeiro balan\u00e7o trimestral deste ano. A empresa teve um crescimento de 57,6% de seu lucro l\u00edquido, alcan\u00e7ando ao valor de R$ 411 milh\u00f5es. Esse aumento \u00e9 em compara\u00e7\u00e3o com o de mesmo per\u00edodo do ano anterior.<\/p>\n<p><a href=\"https:\/\/www.suno.com.br\/noticias\/carrefour-lucro-liquido-alta\/\">Saiba mais:\u00a0Carrefour tem alta de mais de 25% no lucro l\u00edquido ajustado no 1\u00b0T19<\/a><\/p>\n<p>Considerando o conjunto de regras que determina como devem ser feitos os procedimentos cont\u00e1beis dentro da empresa <a href=\"https:\/\/www.suno.com.br\/artigos\/ifrs\/\">(IFRS, sigla em ingl\u00eas<\/a>), o lucro ajustado foi de R$ 407 milh\u00f5es de reais. Crescimento correspondente a 26,7% de mesma compara\u00e7\u00e3o.\u00a0O <strong>Carrefour <\/strong>atribui ao crescimento a divis\u00e3o de atacarejo <strong>Atacad\u00e3o<\/strong> e ao controle de custos<\/p>\n","protected":false},"excerpt":{"rendered":"<p>O Grupo Carrefour divulgou um fato relevante informando que sua subsidi\u00e1ria Atacad\u00e3o pode perder uma a\u00e7\u00e3o que envolve o estorno de parte dos cr\u00e9ditos de ICMS relativos a produtos da cesta b\u00e1sica, equivalente a R$ 815 milh\u00f5es. Carrefour (CRFB3) registra alta de 29,9% nas vendas do 3T20 De acordo com a subsidi\u00e1ria do Carrefour, o [&hellip;]<\/p>\n","protected":false},"author":11,"featured_media":24298,"comment_status":"closed","ping_status":"closed","sticky":false,"template":"","format":"standard","meta":[],"categories":[64],"tags":[405],"suno_strategy":[],"class_list":["post-24296","post","type-post","status-publish","format-standard","has-post-thumbnail","hentry","category-negocios","tag-carrefour-crfb3"],"yoast_head":"<!-- This site is optimized with the Yoast SEO plugin v24.4 - https:\/\/yoast.com\/wordpress\/plugins\/seo\/ -->\n<title>Subsidi\u00e1ria do Carrefour pode estornar R$ 815 mi se perder a\u00e7\u00e3o de ICMS<\/title>\n<meta name=\"description\" content=\"Segundo a subsidi\u00e1ria do Grupo Carrefour, o tema ja \u00e9 discutido judicialmente h\u00e1 24 anos com cerca de 240 processos. Clique e saiba mais.\" \/>\n<meta name=\"robots\" content=\"index, follow, max-snippet:-1, max-image-preview:large, max-video-preview:-1\" \/>\n<link rel=\"canonical\" href=\"https:\/\/www.suno.com.br\/noticias\/carrefour-estornar-perder-acao\/\" \/>\n<meta property=\"og:locale\" content=\"pt_BR\" \/>\n<meta property=\"og:type\" content=\"article\" \/>\n<meta property=\"og:title\" content=\"Subsidi\u00e1ria do Carrefour pode estornar R$ 815 mi se perder a\u00e7\u00e3o de ICMS\" \/>\n<meta property=\"og:description\" content=\"Segundo a subsidi\u00e1ria do Grupo Carrefour, o tema ja \u00e9 discutido judicialmente h\u00e1 24 anos com cerca de 240 processos. Clique e saiba mais.\" \/>\n<meta property=\"og:url\" content=\"https:\/\/www.suno.com.br\/noticias\/carrefour-estornar-perder-acao\/\" \/>\n<meta property=\"og:site_name\" content=\"Suno Not\u00edcias\" \/>\n<meta property=\"article:publisher\" content=\"https:\/\/facebook.com\/sunoresearch\" \/>\n<meta property=\"og:image\" content=\"https:\/\/files.sunoresearch.com.br\/n\/uploads\/2019\/05\/7f687d5d-carrefour-e1557757836232.jpg\" \/>\n\t<meta property=\"og:image:width\" content=\"530\" \/>\n\t<meta property=\"og:image:height\" content=\"359\" \/>\n\t<meta property=\"og:image:type\" content=\"image\/jpeg\" \/>\n<meta name=\"author\" content=\"Renan Bandeira\" \/>\n<meta name=\"twitter:card\" content=\"summary_large_image\" \/>\n<meta name=\"twitter:creator\" content=\"@sunoresearch\" \/>\n<meta name=\"twitter:site\" content=\"@sunoresearch\" \/>\n<meta name=\"twitter:label1\" content=\"Escrito por\" \/>\n\t<meta name=\"twitter:data1\" content=\"Renan Bandeira\" \/>\n\t<meta name=\"twitter:label2\" content=\"Est. tempo de leitura\" \/>\n\t<meta name=\"twitter:data2\" content=\"2 minutos\" \/>\n<script type=\"application\/ld+json\" class=\"yoast-schema-graph\">{\"@context\":\"https:\/\/schema.org\",\"@graph\":[{\"@type\":\"NewsArticle\",\"@id\":\"https:\/\/www.suno.com.br\/noticias\/carrefour-estornar-perder-acao\/#article\",\"isPartOf\":{\"@id\":\"https:\/\/www.suno.com.br\/noticias\/carrefour-estornar-perder-acao\/\"},\"author\":{\"name\":\"Renan Bandeira\",\"@id\":\"https:\/\/www.suno.com.br\/noticias\/#\/schema\/person\/fc144a1c6108bd1dcd43784e88a3c138\"},\"headline\":\"Subsidi\u00e1ria do Carrefour pode estornar R$ 815 mi se perder a\u00e7\u00e3o de ICMS\",\"datePublished\":\"2019-05-13T14:31:38+00:00\",\"mainEntityOfPage\":{\"@id\":\"https:\/\/www.suno.com.br\/noticias\/carrefour-estornar-perder-acao\/\"},\"wordCount\":379,\"publisher\":{\"@id\":\"https:\/\/www.suno.com.br\/noticias\/#organization\"},\"image\":{\"@id\":\"https:\/\/www.suno.com.br\/noticias\/carrefour-estornar-perder-acao\/#primaryimage\"},\"thumbnailUrl\":\"https:\/\/files.sunoresearch.com.br\/n\/uploads\/2019\/05\/7f687d5d-carrefour-e1557757836232-jpg.webp\",\"keywords\":[\"Carrefour (CRFB3)\"],\"articleSection\":[\"Neg\u00f3cios\"],\"inLanguage\":\"pt-BR\"},{\"@type\":\"WebPage\",\"@id\":\"https:\/\/www.suno.com.br\/noticias\/carrefour-estornar-perder-acao\/\",\"url\":\"https:\/\/www.suno.com.br\/noticias\/carrefour-estornar-perder-acao\/\",\"name\":\"Subsidi\u00e1ria do Carrefour pode estornar R$ 815 mi se perder a\u00e7\u00e3o de ICMS\",\"isPartOf\":{\"@id\":\"https:\/\/www.suno.com.br\/noticias\/#website\"},\"primaryImageOfPage\":{\"@id\":\"https:\/\/www.suno.com.br\/noticias\/carrefour-estornar-perder-acao\/#primaryimage\"},\"image\":{\"@id\":\"https:\/\/www.suno.com.br\/noticias\/carrefour-estornar-perder-acao\/#primaryimage\"},\"thumbnailUrl\":\"https:\/\/files.sunoresearch.com.br\/n\/uploads\/2019\/05\/7f687d5d-carrefour-e1557757836232-jpg.webp\",\"datePublished\":\"2019-05-13T14:31:38+00:00\",\"description\":\"Segundo a subsidi\u00e1ria do Grupo Carrefour, o tema ja \u00e9 discutido judicialmente h\u00e1 24 anos com cerca de 240 processos. Clique e saiba mais.\",\"breadcrumb\":{\"@id\":\"https:\/\/www.suno.com.br\/noticias\/carrefour-estornar-perder-acao\/#breadcrumb\"},\"inLanguage\":\"pt-BR\",\"potentialAction\":[{\"@type\":\"ReadAction\",\"target\":[\"https:\/\/www.suno.com.br\/noticias\/carrefour-estornar-perder-acao\/\"]}]},{\"@type\":\"ImageObject\",\"inLanguage\":\"pt-BR\",\"@id\":\"https:\/\/www.suno.com.br\/noticias\/carrefour-estornar-perder-acao\/#primaryimage\",\"url\":\"https:\/\/files.sunoresearch.com.br\/n\/uploads\/2019\/05\/7f687d5d-carrefour-e1557757836232-jpg.webp\",\"contentUrl\":\"https:\/\/files.sunoresearch.com.br\/n\/uploads\/2019\/05\/7f687d5d-carrefour-e1557757836232-jpg.webp\",\"width\":530,\"height\":359,\"caption\":\"Carrefour (CRFB3) registra alta de 29,9% nas vendas do 3T20\"},{\"@type\":\"BreadcrumbList\",\"@id\":\"https:\/\/www.suno.com.br\/noticias\/carrefour-estornar-perder-acao\/#breadcrumb\",\"itemListElement\":[{\"@type\":\"ListItem\",\"position\":1,\"name\":\"Not\u00edcias\",\"item\":\"https:\/\/www.suno.com.br\/noticias\/\"},{\"@type\":\"ListItem\",\"position\":2,\"name\":\"Neg\u00f3cios\",\"item\":\"https:\/\/www.suno.com.br\/noticias\/negocios\/\"},{\"@type\":\"ListItem\",\"position\":3,\"name\":\"Subsidi\u00e1ria do Carrefour pode estornar R$ 815 mi se perder a\u00e7\u00e3o de ICMS\"}]},{\"@type\":\"WebSite\",\"@id\":\"https:\/\/www.suno.com.br\/noticias\/#website\",\"url\":\"https:\/\/www.suno.com.br\/noticias\/\",\"name\":\"Suno Not\u00edcias\",\"description\":\"Seu portal de informa\u00e7\u00e3o sobre o mundo dos investimentos\",\"publisher\":{\"@id\":\"https:\/\/www.suno.com.br\/noticias\/#organization\"},\"potentialAction\":[{\"@type\":\"SearchAction\",\"target\":{\"@type\":\"EntryPoint\",\"urlTemplate\":\"https:\/\/www.suno.com.br\/noticias\/?s={search_term_string}\"},\"query-input\":{\"@type\":\"PropertyValueSpecification\",\"valueRequired\":true,\"valueName\":\"search_term_string\"}}],\"inLanguage\":\"pt-BR\"},{\"@type\":\"Organization\",\"@id\":\"https:\/\/www.suno.com.br\/noticias\/#organization\",\"name\":\"Suno Not\u00edcias\",\"url\":\"https:\/\/www.suno.com.br\/noticias\/\",\"logo\":{\"@type\":\"ImageObject\",\"inLanguage\":\"pt-BR\",\"@id\":\"https:\/\/www.suno.com.br\/noticias\/#\/schema\/logo\/image\/\",\"url\":\"https:\/\/files.sunoresearch.com.br\/n\/uploads\/2021\/09\/suno-logo.png\",\"contentUrl\":\"https:\/\/files.sunoresearch.com.br\/n\/uploads\/2021\/09\/suno-logo.png\",\"width\":180,\"height\":180,\"caption\":\"Suno Not\u00edcias\"},\"image\":{\"@id\":\"https:\/\/www.suno.com.br\/noticias\/#\/schema\/logo\/image\/\"},\"sameAs\":[\"https:\/\/facebook.com\/sunoresearch\",\"https:\/\/x.com\/sunoresearch\",\"https:\/\/www.instagram.com\/suno\",\"https:\/\/www.linkedin.com\/company\/suno-research\/\",\"https:\/\/www.youtube.com\/c\/sunoresearch\"]},{\"@type\":\"Person\",\"@id\":\"https:\/\/www.suno.com.br\/noticias\/#\/schema\/person\/fc144a1c6108bd1dcd43784e88a3c138\",\"name\":\"Renan Bandeira\",\"image\":{\"@type\":\"ImageObject\",\"inLanguage\":\"pt-BR\",\"@id\":\"https:\/\/www.suno.com.br\/noticias\/#\/schema\/person\/image\/\",\"url\":\"https:\/\/secure.gravatar.com\/avatar\/68359cdb608f14f11bbefcb78f3fc747?s=96&r=g\",\"contentUrl\":\"https:\/\/secure.gravatar.com\/avatar\/68359cdb608f14f11bbefcb78f3fc747?s=96&r=g\",\"caption\":\"Renan Bandeira\"},\"description\":\"Renan Bandeira escreve sobre pol\u00edtica e economia para o portal da Suno Research. Antes da Suno, trabalhou em uma rede de televis\u00e3o, onde fazia reportagens sobre os mesmos temas. Estuda na Universidade Metodista de S\u00e3o Paulo.\",\"url\":\"https:\/\/www.suno.com.br\/noticias\/author\/renan-bandeira\/\"}]}<\/script>\n<!-- \/ Yoast SEO plugin. -->","yoast_head_json":{"title":"Subsidi\u00e1ria do Carrefour pode estornar R$ 815 mi se perder a\u00e7\u00e3o de ICMS","description":"Segundo a subsidi\u00e1ria do Grupo Carrefour, o tema ja \u00e9 discutido judicialmente h\u00e1 24 anos com cerca de 240 processos. Clique e saiba mais.","robots":{"index":"index","follow":"follow","max-snippet":"max-snippet:-1","max-image-preview":"max-image-preview:large","max-video-preview":"max-video-preview:-1"},"canonical":"https:\/\/www.suno.com.br\/noticias\/carrefour-estornar-perder-acao\/","og_locale":"pt_BR","og_type":"article","og_title":"Subsidi\u00e1ria do Carrefour pode estornar R$ 815 mi se perder a\u00e7\u00e3o de ICMS","og_description":"Segundo a subsidi\u00e1ria do Grupo Carrefour, o tema ja \u00e9 discutido judicialmente h\u00e1 24 anos com cerca de 240 processos. Clique e saiba mais.","og_url":"https:\/\/www.suno.com.br\/noticias\/carrefour-estornar-perder-acao\/","og_site_name":"Suno Not\u00edcias","article_publisher":"https:\/\/facebook.com\/sunoresearch","og_image":[{"width":530,"height":359,"url":"https:\/\/files.sunoresearch.com.br\/n\/uploads\/2019\/05\/7f687d5d-carrefour-e1557757836232.jpg","type":"image\/jpeg"}],"author":"Renan Bandeira","twitter_card":"summary_large_image","twitter_creator":"@sunoresearch","twitter_site":"@sunoresearch","twitter_misc":{"Escrito por":"Renan Bandeira","Est. tempo de leitura":"2 minutos"},"schema":{"@context":"https:\/\/schema.org","@graph":[{"@type":"NewsArticle","@id":"https:\/\/www.suno.com.br\/noticias\/carrefour-estornar-perder-acao\/#article","isPartOf":{"@id":"https:\/\/www.suno.com.br\/noticias\/carrefour-estornar-perder-acao\/"},"author":{"name":"Renan Bandeira","@id":"https:\/\/www.suno.com.br\/noticias\/#\/schema\/person\/fc144a1c6108bd1dcd43784e88a3c138"},"headline":"Subsidi\u00e1ria do Carrefour pode estornar R$ 815 mi se perder a\u00e7\u00e3o de ICMS","datePublished":"2019-05-13T14:31:38+00:00","mainEntityOfPage":{"@id":"https:\/\/www.suno.com.br\/noticias\/carrefour-estornar-perder-acao\/"},"wordCount":379,"publisher":{"@id":"https:\/\/www.suno.com.br\/noticias\/#organization"},"image":{"@id":"https:\/\/www.suno.com.br\/noticias\/carrefour-estornar-perder-acao\/#primaryimage"},"thumbnailUrl":"https:\/\/files.sunoresearch.com.br\/n\/uploads\/2019\/05\/7f687d5d-carrefour-e1557757836232-jpg.webp","keywords":["Carrefour (CRFB3)"],"articleSection":["Neg\u00f3cios"],"inLanguage":"pt-BR"},{"@type":"WebPage","@id":"https:\/\/www.suno.com.br\/noticias\/carrefour-estornar-perder-acao\/","url":"https:\/\/www.suno.com.br\/noticias\/carrefour-estornar-perder-acao\/","name":"Subsidi\u00e1ria do Carrefour pode estornar R$ 815 mi se perder a\u00e7\u00e3o de ICMS","isPartOf":{"@id":"https:\/\/www.suno.com.br\/noticias\/#website"},"primaryImageOfPage":{"@id":"https:\/\/www.suno.com.br\/noticias\/carrefour-estornar-perder-acao\/#primaryimage"},"image":{"@id":"https:\/\/www.suno.com.br\/noticias\/carrefour-estornar-perder-acao\/#primaryimage"},"thumbnailUrl":"https:\/\/files.sunoresearch.com.br\/n\/uploads\/2019\/05\/7f687d5d-carrefour-e1557757836232-jpg.webp","datePublished":"2019-05-13T14:31:38+00:00","description":"Segundo a subsidi\u00e1ria do Grupo Carrefour, o tema ja \u00e9 discutido judicialmente h\u00e1 24 anos com cerca de 240 processos. Clique e saiba mais.","breadcrumb":{"@id":"https:\/\/www.suno.com.br\/noticias\/carrefour-estornar-perder-acao\/#breadcrumb"},"inLanguage":"pt-BR","potentialAction":[{"@type":"ReadAction","target":["https:\/\/www.suno.com.br\/noticias\/carrefour-estornar-perder-acao\/"]}]},{"@type":"ImageObject","inLanguage":"pt-BR","@id":"https:\/\/www.suno.com.br\/noticias\/carrefour-estornar-perder-acao\/#primaryimage","url":"https:\/\/files.sunoresearch.com.br\/n\/uploads\/2019\/05\/7f687d5d-carrefour-e1557757836232-jpg.webp","contentUrl":"https:\/\/files.sunoresearch.com.br\/n\/uploads\/2019\/05\/7f687d5d-carrefour-e1557757836232-jpg.webp","width":530,"height":359,"caption":"Carrefour (CRFB3) registra alta de 29,9% nas vendas do 3T20"},{"@type":"BreadcrumbList","@id":"https:\/\/www.suno.com.br\/noticias\/carrefour-estornar-perder-acao\/#breadcrumb","itemListElement":[{"@type":"ListItem","position":1,"name":"Not\u00edcias","item":"https:\/\/www.suno.com.br\/noticias\/"},{"@type":"ListItem","position":2,"name":"Neg\u00f3cios","item":"https:\/\/www.suno.com.br\/noticias\/negocios\/"},{"@type":"ListItem","position":3,"name":"Subsidi\u00e1ria do Carrefour pode estornar R$ 815 mi se perder a\u00e7\u00e3o de ICMS"}]},{"@type":"WebSite","@id":"https:\/\/www.suno.com.br\/noticias\/#website","url":"https:\/\/www.suno.com.br\/noticias\/","name":"Suno Not\u00edcias","description":"Seu portal de informa\u00e7\u00e3o sobre o mundo dos investimentos","publisher":{"@id":"https:\/\/www.suno.com.br\/noticias\/#organization"},"potentialAction":[{"@type":"SearchAction","target":{"@type":"EntryPoint","urlTemplate":"https:\/\/www.suno.com.br\/noticias\/?s={search_term_string}"},"query-input":{"@type":"PropertyValueSpecification","valueRequired":true,"valueName":"search_term_string"}}],"inLanguage":"pt-BR"},{"@type":"Organization","@id":"https:\/\/www.suno.com.br\/noticias\/#organization","name":"Suno Not\u00edcias","url":"https:\/\/www.suno.com.br\/noticias\/","logo":{"@type":"ImageObject","inLanguage":"pt-BR","@id":"https:\/\/www.suno.com.br\/noticias\/#\/schema\/logo\/image\/","url":"https:\/\/files.sunoresearch.com.br\/n\/uploads\/2021\/09\/suno-logo.png","contentUrl":"https:\/\/files.sunoresearch.com.br\/n\/uploads\/2021\/09\/suno-logo.png","width":180,"height":180,"caption":"Suno Not\u00edcias"},"image":{"@id":"https:\/\/www.suno.com.br\/noticias\/#\/schema\/logo\/image\/"},"sameAs":["https:\/\/facebook.com\/sunoresearch","https:\/\/x.com\/sunoresearch","https:\/\/www.instagram.com\/suno","https:\/\/www.linkedin.com\/company\/suno-research\/","https:\/\/www.youtube.com\/c\/sunoresearch"]},{"@type":"Person","@id":"https:\/\/www.suno.com.br\/noticias\/#\/schema\/person\/fc144a1c6108bd1dcd43784e88a3c138","name":"Renan Bandeira","image":{"@type":"ImageObject","inLanguage":"pt-BR","@id":"https:\/\/www.suno.com.br\/noticias\/#\/schema\/person\/image\/","url":"https:\/\/secure.gravatar.com\/avatar\/68359cdb608f14f11bbefcb78f3fc747?s=96&r=g","contentUrl":"https:\/\/secure.gravatar.com\/avatar\/68359cdb608f14f11bbefcb78f3fc747?s=96&r=g","caption":"Renan Bandeira"},"description":"Renan Bandeira escreve sobre pol\u00edtica e economia para o portal da Suno Research. Antes da Suno, trabalhou em uma rede de televis\u00e3o, onde fazia reportagens sobre os mesmos temas. Estuda na Universidade Metodista de S\u00e3o Paulo.","url":"https:\/\/www.suno.com.br\/noticias\/author\/renan-bandeira\/"}]}},"default_loop_html":"<div class=\"cardsPage__listCard__boxs\"><div class=\"cardsPage__listCard__boxs__img\"><a href=\"https:\/\/www.suno.com.br\/noticias\/carrefour-estornar-perder-acao\/\"><img class=\"mask\" src=\"https:\/\/www.suno.com.br\/noticias\/wp-content\/themes\/suno\/resources\/images\/spotlight\/spotlight1img\/bg-mask.png\" alt=\"Image Mask\"\/><img src=\"https:\/\/files.sunoresearch.com.br\/n\/uploads\/2019\/05\/7f687d5d-carrefour-e1557757836232-400x200.webp\" alt=\"Subsidi\u00e1ria do Carrefour pode estornar R$ 815 mi se perder a\u00e7\u00e3o de ICMS\"\/><\/a><span class=\"spotlightCategory\"><a href=\"https:\/\/www.suno.com.br\/noticias\/negocios\/\">Neg\u00f3cios<\/a><\/span><\/div><div class=\"cardsPage__listCard__boxs__content\"><a href=\"https:\/\/www.suno.com.br\/noticias\/carrefour-estornar-perder-acao\/\"><h2 class=\"content__title\">Subsidi\u00e1ria do Carrefour pode estornar R$ 815 mi se perder a\u00e7\u00e3o de ICMS<\/h2><\/a><div class=\"newsContent__article__meta\"><div class=\"newsContent__article__meta__authorBox\"><a href=\"https:\/\/www.suno.com.br\/noticias\/author\/renan-bandeira\/\" class=\"authorBox__avatar noMobi\"><img src=\"https:\/\/secure.gravatar.com\/avatar\/68359cdb608f14f11bbefcb78f3fc747?s=96&#038;r=g\" alt=\"Renan Bandeira\"><\/a><div class=\"authorBox__name\"><span>por\n\t\t\t<a href=\"https:\/\/www.suno.com.br\/noticias\/author\/renan-bandeira\/\"><span itemprop=\"author\">Renan Bandeira<\/span><\/a><\/span><time datetime=\"2019-05-13T11:31:38-03:00\" itemprop=\"datePublished\">13\/05\/2019 11:31<\/time><\/div><\/div><\/div><\/div><\/div>","single_layout":"posts","amp_enabled":true,"_links":{"self":[{"href":"https:\/\/www.suno.com.br\/noticias\/wp-json\/wp\/v2\/posts\/24296"}],"collection":[{"href":"https:\/\/www.suno.com.br\/noticias\/wp-json\/wp\/v2\/posts"}],"about":[{"href":"https:\/\/www.suno.com.br\/noticias\/wp-json\/wp\/v2\/types\/post"}],"author":[{"embeddable":true,"href":"https:\/\/www.suno.com.br\/noticias\/wp-json\/wp\/v2\/users\/11"}],"replies":[{"embeddable":true,"href":"https:\/\/www.suno.com.br\/noticias\/wp-json\/wp\/v2\/comments?post=24296"}],"version-history":[{"count":0,"href":"https:\/\/www.suno.com.br\/noticias\/wp-json\/wp\/v2\/posts\/24296\/revisions"}],"wp:featuredmedia":[{"embeddable":true,"href":"https:\/\/www.suno.com.br\/noticias\/wp-json\/wp\/v2\/media\/24298"}],"wp:attachment":[{"href":"https:\/\/www.suno.com.br\/noticias\/wp-json\/wp\/v2\/media?parent=24296"}],"wp:term":[{"taxonomy":"category","embeddable":true,"href":"https:\/\/www.suno.com.br\/noticias\/wp-json\/wp\/v2\/categories?post=24296"},{"taxonomy":"post_tag","embeddable":true,"href":"https:\/\/www.suno.com.br\/noticias\/wp-json\/wp\/v2\/tags?post=24296"},{"taxonomy":"suno_strategy","embeddable":true,"href":"https:\/\/www.suno.com.br\/noticias\/wp-json\/wp\/v2\/suno_strategy?post=24296"}],"curies":[{"name":"wp","href":"https:\/\/api.w.org\/{rel}","templated":true}]}}