{"id":24286,"date":"2019-05-13T10:57:20","date_gmt":"2019-05-13T13:57:20","guid":{"rendered":"https:\/\/www.suno.com.br\/noticias\/?p=24286"},"modified":"2021-06-13T23:42:33","modified_gmt":"2021-06-14T02:42:33","slug":"vendas-de-imoveis-sobem-secovi","status":"publish","type":"post","link":"https:\/\/www.suno.com.br\/noticias\/vendas-de-imoveis-sobem-secovi\/","title":{"rendered":"Vendas de im\u00f3veis sobem 37,3% entre fevereiro e mar\u00e7o, diz Secovi"},"content":{"rendered":"<p>As vendas de im\u00f3veis residenciais novos alcan\u00e7aram as 2.987 unidades durante o m\u00eas de mar\u00e7o na cidade de S\u00e3o Paulo.<\/p>\t<div class=\"wrapper-featured-image\">\n\t\t<figure class=\"spotlightImg\">\n\n\t\t\t<picture>\n\t\t\t\t<source media=\"(max-width: 768px)\" srcset=\"https:\/\/files.sunoresearch.com.br\/n\/uploads\/2019\/05\/1f3a52d1-vendas-de-im\u00f3veis-400x200.webp\">\n\t\t\t\t<img loading=\"lazy\" decoding=\"async\" class=\"newsContent__article__imgCapa lazyloadDisabled newsContent__article__imgCapa--noCaption\" src=\"https:\/\/files.sunoresearch.com.br\/n\/uploads\/2019\/05\/1f3a52d1-vendas-de-im\u00f3veis-800x450.webp\" width=\"800\" height=\"450\" alt=\"Vendas de im\u00f3veis sobem 37,3% entre fevereiro e mar\u00e7o, diz Secovi\" fetchpriority=high \/>\n\t\t\t<\/picture>\n\n\t\t\t<figcaption class=\"wp-caption-text wp-caption-text--hide\"><\/figcaption>\n\t\t<\/figure>\n\t<\/div>\n\n\n<p>De acordo com o <strong>Mercado Imobili\u00e1rio do Sindicato da Habita\u00e7\u00e3o (Secovi)<\/strong>, o n\u00famero de <strong>vendas de im\u00f3veis<\/strong> no m\u00eas foi 37,3% superior aos n\u00famero de fevereiro que totalizou 2.176 vendas e ficou 14,3% acima das vendas do mesmo m\u00eas do ano anterior, que totalizou 2.613 unidades vendidas.<\/p>\n\t<p>\n\t\t<a href=\"https:\/\/lp.suno.com.br\/lm\/simulador-de-renda-passiva\/\" target=\"_blank\" data-element=\"shortcode-suno-banner\" title=\"Banner SUNO, clique e saiba mais\">\n\t\t\t<picture>\n\t\t\t\t<source media=\"(max-width: 500px)\" srcset=\"https:\/\/files.sunoresearch.com.br\/n\/uploads\/2024\/04\/Lead-Magnet-400x300-1.png\">\n\t\t\t\t<img class=\"newsContent__article__imgCapa newsContent__article__imgCapa--banner\"\n\t\t\t\t\tsrc=\"https:\/\/files.sunoresearch.com.br\/n\/uploads\/2024\/04\/Lead-Magnet-1420x240-1.png\"\n\t\t\t\t\tdata-promo-id=\"543552\"\t\t\t\t\t\t\t\t\t\twidth='1420' height='240'\t\t\t\t\talt=\"https:\/\/files.sunoresearch.com.br\/n\/uploads\/2024\/04\/Lead-Magnet-1420x240-1.png\"\n\t\t\t\t>\n\t\t\t<\/picture>\n\t\t<\/a>\n\t<\/p>\n\n\n<p>No acumulado de 12 meses, entre abril de 2018 e mar\u00e7o de 2019, as vendas de im\u00f3veis atingiu as 30.961 unidades. O montante vendido \u00e9 15,8% superior aos doze meses anteriores, quando as vendas atingiram as 26,729 unidades.<\/p>\n<p>Al\u00e9m disso, o m\u00eas de mar\u00e7o foi finalizado com 20.376 unidades dispon\u00edveis para a venda na cidade de S\u00e3o Paulo<\/p>\n<h2>Aumento dos lan\u00e7amentos<\/h2>\n<p>De acordo com a <strong>Empresa Brasileira de Estudos de Patrim\u00f4nio (Embraesp)<\/strong> durante o m\u00eas, foram lan\u00e7ados 2.081 <strong>projetos residenciais<\/strong>. O n\u00famero \u00e9 139,2% superior ao registrado em fevereiro, que totalizou 870 unidades vendidas. Al\u00e9m disso, \u00e9 32,9% maior que o volume comercializado em mar\u00e7o de 2018, 1.566 unidades.<\/p>\n<p>No acumulado entre abril de 2018 e mar\u00e7o de 2019, foram lan\u00e7adas 37.706 unidades residenciais na cidade de S\u00e3o Paulo. O valor \u00e9 19,8% superior a quantidade vendida nos dose meses anteriores, que ficou em 31.476 unidades.<\/p>\n<p><a href=\"https:\/\/www.suno.com.br\/noticias\/preco-imoveis-queda\/\">Saiba mais:\u00a0Pre\u00e7o m\u00e9dio de im\u00f3veis tem queda de 1,7% entre janeiro e abril<\/a><\/p>\n<h2>Lideran\u00e7a dos im\u00f3veis<\/h2>\n<p>Em mar\u00e7o, foram vendidas 1.038 unidades de <strong>im\u00f3veis<\/strong> econ\u00f4micos enquanto apenas 22 unidades foram lan\u00e7adas. No entanto, a oferta acabou totalizando 5.825 unidades dispon\u00edveis para venda, com 15,1% de indicador de <strong>Vendas Sobre Oferta (VSO)<\/strong>.<\/p>\n<p>Enquanto isso, os outros segmentos do mercado comercializaram 19.949 unidades durante o m\u00eas com 2.059 lan\u00e7amentos e uma oferta final de 14.551 unidades e VSO de 11,8%.<\/p>\n\t<p>\n\t\t<a href=\"https:\/\/lp.suno.com.br\/planilha-controle-gastos\/\" target=\"_blank\" data-element=\"shortcode-suno-banner\" title=\"Banner SUNO, clique e saiba mais\">\n\t\t\t<picture>\n\t\t\t\t<source media=\"(max-width: 500px)\" srcset=\"https:\/\/files.sunoresearch.com.br\/n\/uploads\/2023\/03\/400x300-Planilha-controle-de-gastos.png\">\n\t\t\t\t<img class=\"newsContent__article__imgCapa newsContent__article__imgCapa--banner\"\n\t\t\t\t\tsrc=\"https:\/\/files.sunoresearch.com.br\/n\/uploads\/2023\/03\/1420x240-Planilha-controle-de-gastos.png\"\n\t\t\t\t\tdata-promo-id=\"102417\"\t\t\t\t\t\t\t\t\t\twidth='1420' height='240'\t\t\t\t\talt=\"https:\/\/files.sunoresearch.com.br\/n\/uploads\/2023\/03\/1420x240-Planilha-controle-de-gastos.png\"\n\t\t\t\t>\n\t\t\t<\/picture>\n\t\t<\/a>\n\t<\/p>\n\n\n<h2>Primeiro trimestre<\/h2>\n<p>Durante o primeiro trimestre deste ano, as <strong>vendas de im\u00f3veis<\/strong> na cidade de <strong>S\u00e3o<\/strong> <strong>Paulo<\/strong> totalizou 6.785 unidades, equivalente a uma alta de 17,9% em rela\u00e7\u00e3o ao mesmo per\u00edodo do ano anterior. Enquanto isso, os <strong>lan\u00e7amentos<\/strong> foram 3.237 no per\u00edodo, sendo 21,98% superiores aos n\u00famero de mar\u00e7o de 2018.<\/p>\n","protected":false},"excerpt":{"rendered":"<p>As vendas de im\u00f3veis residenciais novos alcan\u00e7aram as 2.987 unidades durante o m\u00eas de mar\u00e7o na cidade de S\u00e3o Paulo. De acordo com o Mercado Imobili\u00e1rio do Sindicato da Habita\u00e7\u00e3o (Secovi), o n\u00famero de vendas de im\u00f3veis no m\u00eas foi 37,3% superior aos n\u00famero de fevereiro que totalizou 2.176 vendas e ficou 14,3% acima das [&hellip;]<\/p>\n","protected":false},"author":11,"featured_media":24294,"comment_status":"closed","ping_status":"closed","sticky":false,"template":"","format":"standard","meta":[],"categories":[66],"tags":[1904],"suno_strategy":[],"class_list":["post-24286","post","type-post","status-publish","format-standard","has-post-thumbnail","hentry","category-fiis","tag-mercado-imobiliario"],"yoast_head":"<!-- This site is optimized with the Yoast SEO plugin v24.4 - https:\/\/yoast.com\/wordpress\/plugins\/seo\/ -->\n<title>Vendas de im\u00f3veis sobem 37,3% entre fevereiro e mar\u00e7o, diz Secovi<\/title>\n<meta name=\"description\" content=\"Comparando ao mesmo per\u00edodo do ano anterior, as vendas de im\u00f3veis registraram uma alta de 14,3%. Clique para saber mais.\" \/>\n<meta name=\"robots\" content=\"index, follow, max-snippet:-1, max-image-preview:large, max-video-preview:-1\" \/>\n<link rel=\"canonical\" href=\"https:\/\/www.suno.com.br\/noticias\/vendas-de-imoveis-sobem-secovi\/\" \/>\n<meta property=\"og:locale\" content=\"pt_BR\" \/>\n<meta property=\"og:type\" content=\"article\" \/>\n<meta property=\"og:title\" content=\"Vendas de im\u00f3veis sobem 37,3% entre fevereiro e mar\u00e7o, diz Secovi\" \/>\n<meta property=\"og:description\" content=\"Comparando ao mesmo per\u00edodo do ano anterior, as vendas de im\u00f3veis registraram uma alta de 14,3%. Clique para saber mais.\" \/>\n<meta property=\"og:url\" content=\"https:\/\/www.suno.com.br\/noticias\/vendas-de-imoveis-sobem-secovi\/\" \/>\n<meta property=\"og:site_name\" content=\"Suno Not\u00edcias\" \/>\n<meta property=\"article:publisher\" content=\"https:\/\/facebook.com\/sunoresearch\" \/>\n<meta property=\"og:image\" content=\"https:\/\/files.sunoresearch.com.br\/n\/uploads\/2019\/05\/1f3a52d1-vendas-de-im\u00f3veis.jpg\" \/>\n\t<meta property=\"og:image:width\" content=\"800\" \/>\n\t<meta property=\"og:image:height\" content=\"537\" \/>\n\t<meta property=\"og:image:type\" content=\"image\/jpeg\" \/>\n<meta name=\"author\" content=\"Renan Bandeira\" \/>\n<meta name=\"twitter:card\" content=\"summary_large_image\" \/>\n<meta name=\"twitter:creator\" content=\"@sunoresearch\" \/>\n<meta name=\"twitter:site\" content=\"@sunoresearch\" \/>\n<meta name=\"twitter:label1\" content=\"Escrito por\" \/>\n\t<meta name=\"twitter:data1\" content=\"Renan Bandeira\" \/>\n\t<meta name=\"twitter:label2\" content=\"Est. tempo de leitura\" \/>\n\t<meta name=\"twitter:data2\" content=\"2 minutos\" \/>\n<script type=\"application\/ld+json\" class=\"yoast-schema-graph\">{\"@context\":\"https:\/\/schema.org\",\"@graph\":[{\"@type\":\"NewsArticle\",\"@id\":\"https:\/\/www.suno.com.br\/noticias\/vendas-de-imoveis-sobem-secovi\/#article\",\"isPartOf\":{\"@id\":\"https:\/\/www.suno.com.br\/noticias\/vendas-de-imoveis-sobem-secovi\/\"},\"author\":{\"name\":\"Renan Bandeira\",\"@id\":\"https:\/\/www.suno.com.br\/noticias\/#\/schema\/person\/fc144a1c6108bd1dcd43784e88a3c138\"},\"headline\":\"Vendas de im\u00f3veis sobem 37,3% entre fevereiro e mar\u00e7o, diz Secovi\",\"datePublished\":\"2019-05-13T13:57:20+00:00\",\"dateModified\":\"2021-06-14T02:42:33+00:00\",\"mainEntityOfPage\":{\"@id\":\"https:\/\/www.suno.com.br\/noticias\/vendas-de-imoveis-sobem-secovi\/\"},\"wordCount\":369,\"publisher\":{\"@id\":\"https:\/\/www.suno.com.br\/noticias\/#organization\"},\"image\":{\"@id\":\"https:\/\/www.suno.com.br\/noticias\/vendas-de-imoveis-sobem-secovi\/#primaryimage\"},\"thumbnailUrl\":\"https:\/\/files.sunoresearch.com.br\/n\/uploads\/2019\/05\/1f3a52d1-vendas-de-im\u00f3veis.jpg\",\"keywords\":[\"mercado imobili\u00e1rio\"],\"articleSection\":[\"FIIs\"],\"inLanguage\":\"pt-BR\"},{\"@type\":\"WebPage\",\"@id\":\"https:\/\/www.suno.com.br\/noticias\/vendas-de-imoveis-sobem-secovi\/\",\"url\":\"https:\/\/www.suno.com.br\/noticias\/vendas-de-imoveis-sobem-secovi\/\",\"name\":\"Vendas de im\u00f3veis sobem 37,3% entre fevereiro e mar\u00e7o, diz Secovi\",\"isPartOf\":{\"@id\":\"https:\/\/www.suno.com.br\/noticias\/#website\"},\"primaryImageOfPage\":{\"@id\":\"https:\/\/www.suno.com.br\/noticias\/vendas-de-imoveis-sobem-secovi\/#primaryimage\"},\"image\":{\"@id\":\"https:\/\/www.suno.com.br\/noticias\/vendas-de-imoveis-sobem-secovi\/#primaryimage\"},\"thumbnailUrl\":\"https:\/\/files.sunoresearch.com.br\/n\/uploads\/2019\/05\/1f3a52d1-vendas-de-im\u00f3veis.jpg\",\"datePublished\":\"2019-05-13T13:57:20+00:00\",\"dateModified\":\"2021-06-14T02:42:33+00:00\",\"description\":\"Comparando ao mesmo per\u00edodo do ano anterior, as vendas de im\u00f3veis registraram uma alta de 14,3%. Clique para saber mais.\",\"breadcrumb\":{\"@id\":\"https:\/\/www.suno.com.br\/noticias\/vendas-de-imoveis-sobem-secovi\/#breadcrumb\"},\"inLanguage\":\"pt-BR\",\"potentialAction\":[{\"@type\":\"ReadAction\",\"target\":[\"https:\/\/www.suno.com.br\/noticias\/vendas-de-imoveis-sobem-secovi\/\"]}]},{\"@type\":\"ImageObject\",\"inLanguage\":\"pt-BR\",\"@id\":\"https:\/\/www.suno.com.br\/noticias\/vendas-de-imoveis-sobem-secovi\/#primaryimage\",\"url\":\"https:\/\/files.sunoresearch.com.br\/n\/uploads\/2019\/05\/1f3a52d1-vendas-de-im\u00f3veis.jpg\",\"contentUrl\":\"https:\/\/files.sunoresearch.com.br\/n\/uploads\/2019\/05\/1f3a52d1-vendas-de-im\u00f3veis.jpg\",\"width\":800,\"height\":537,\"caption\":\"Im\u00f3veis\"},{\"@type\":\"BreadcrumbList\",\"@id\":\"https:\/\/www.suno.com.br\/noticias\/vendas-de-imoveis-sobem-secovi\/#breadcrumb\",\"itemListElement\":[{\"@type\":\"ListItem\",\"position\":1,\"name\":\"Not\u00edcias\",\"item\":\"https:\/\/www.suno.com.br\/noticias\/\"},{\"@type\":\"ListItem\",\"position\":2,\"name\":\"FIIs\",\"item\":\"https:\/\/www.suno.com.br\/noticias\/fiis\/\"},{\"@type\":\"ListItem\",\"position\":3,\"name\":\"Vendas de im\u00f3veis sobem 37,3% entre fevereiro e mar\u00e7o, diz Secovi\"}]},{\"@type\":\"WebSite\",\"@id\":\"https:\/\/www.suno.com.br\/noticias\/#website\",\"url\":\"https:\/\/www.suno.com.br\/noticias\/\",\"name\":\"Suno Not\u00edcias\",\"description\":\"Seu portal de informa\u00e7\u00e3o sobre o mundo dos investimentos\",\"publisher\":{\"@id\":\"https:\/\/www.suno.com.br\/noticias\/#organization\"},\"potentialAction\":[{\"@type\":\"SearchAction\",\"target\":{\"@type\":\"EntryPoint\",\"urlTemplate\":\"https:\/\/www.suno.com.br\/noticias\/?s={search_term_string}\"},\"query-input\":{\"@type\":\"PropertyValueSpecification\",\"valueRequired\":true,\"valueName\":\"search_term_string\"}}],\"inLanguage\":\"pt-BR\"},{\"@type\":\"Organization\",\"@id\":\"https:\/\/www.suno.com.br\/noticias\/#organization\",\"name\":\"Suno Not\u00edcias\",\"url\":\"https:\/\/www.suno.com.br\/noticias\/\",\"logo\":{\"@type\":\"ImageObject\",\"inLanguage\":\"pt-BR\",\"@id\":\"https:\/\/www.suno.com.br\/noticias\/#\/schema\/logo\/image\/\",\"url\":\"https:\/\/files.sunoresearch.com.br\/n\/uploads\/2021\/09\/suno-logo.png\",\"contentUrl\":\"https:\/\/files.sunoresearch.com.br\/n\/uploads\/2021\/09\/suno-logo.png\",\"width\":180,\"height\":180,\"caption\":\"Suno Not\u00edcias\"},\"image\":{\"@id\":\"https:\/\/www.suno.com.br\/noticias\/#\/schema\/logo\/image\/\"},\"sameAs\":[\"https:\/\/facebook.com\/sunoresearch\",\"https:\/\/x.com\/sunoresearch\",\"https:\/\/www.instagram.com\/suno\",\"https:\/\/www.linkedin.com\/company\/suno-research\/\",\"https:\/\/www.youtube.com\/c\/sunoresearch\"]},{\"@type\":\"Person\",\"@id\":\"https:\/\/www.suno.com.br\/noticias\/#\/schema\/person\/fc144a1c6108bd1dcd43784e88a3c138\",\"name\":\"Renan Bandeira\",\"image\":{\"@type\":\"ImageObject\",\"inLanguage\":\"pt-BR\",\"@id\":\"https:\/\/www.suno.com.br\/noticias\/#\/schema\/person\/image\/\",\"url\":\"https:\/\/secure.gravatar.com\/avatar\/68359cdb608f14f11bbefcb78f3fc747?s=96&r=g\",\"contentUrl\":\"https:\/\/secure.gravatar.com\/avatar\/68359cdb608f14f11bbefcb78f3fc747?s=96&r=g\",\"caption\":\"Renan Bandeira\"},\"description\":\"Renan Bandeira escreve sobre pol\u00edtica e economia para o portal da Suno Research. Antes da Suno, trabalhou em uma rede de televis\u00e3o, onde fazia reportagens sobre os mesmos temas. Estuda na Universidade Metodista de S\u00e3o Paulo.\",\"url\":\"https:\/\/www.suno.com.br\/noticias\/author\/renan-bandeira\/\"}]}<\/script>\n<!-- \/ Yoast SEO plugin. -->","yoast_head_json":{"title":"Vendas de im\u00f3veis sobem 37,3% entre fevereiro e mar\u00e7o, diz Secovi","description":"Comparando ao mesmo per\u00edodo do ano anterior, as vendas de im\u00f3veis registraram uma alta de 14,3%. Clique para saber mais.","robots":{"index":"index","follow":"follow","max-snippet":"max-snippet:-1","max-image-preview":"max-image-preview:large","max-video-preview":"max-video-preview:-1"},"canonical":"https:\/\/www.suno.com.br\/noticias\/vendas-de-imoveis-sobem-secovi\/","og_locale":"pt_BR","og_type":"article","og_title":"Vendas de im\u00f3veis sobem 37,3% entre fevereiro e mar\u00e7o, diz Secovi","og_description":"Comparando ao mesmo per\u00edodo do ano anterior, as vendas de im\u00f3veis registraram uma alta de 14,3%. Clique para saber mais.","og_url":"https:\/\/www.suno.com.br\/noticias\/vendas-de-imoveis-sobem-secovi\/","og_site_name":"Suno Not\u00edcias","article_publisher":"https:\/\/facebook.com\/sunoresearch","og_image":[{"width":800,"height":537,"url":"https:\/\/files.sunoresearch.com.br\/n\/uploads\/2019\/05\/1f3a52d1-vendas-de-im\u00f3veis.jpg","type":"image\/jpeg"}],"author":"Renan Bandeira","twitter_card":"summary_large_image","twitter_creator":"@sunoresearch","twitter_site":"@sunoresearch","twitter_misc":{"Escrito por":"Renan Bandeira","Est. tempo de leitura":"2 minutos"},"schema":{"@context":"https:\/\/schema.org","@graph":[{"@type":"NewsArticle","@id":"https:\/\/www.suno.com.br\/noticias\/vendas-de-imoveis-sobem-secovi\/#article","isPartOf":{"@id":"https:\/\/www.suno.com.br\/noticias\/vendas-de-imoveis-sobem-secovi\/"},"author":{"name":"Renan Bandeira","@id":"https:\/\/www.suno.com.br\/noticias\/#\/schema\/person\/fc144a1c6108bd1dcd43784e88a3c138"},"headline":"Vendas de im\u00f3veis sobem 37,3% entre fevereiro e mar\u00e7o, diz Secovi","datePublished":"2019-05-13T13:57:20+00:00","dateModified":"2021-06-14T02:42:33+00:00","mainEntityOfPage":{"@id":"https:\/\/www.suno.com.br\/noticias\/vendas-de-imoveis-sobem-secovi\/"},"wordCount":369,"publisher":{"@id":"https:\/\/www.suno.com.br\/noticias\/#organization"},"image":{"@id":"https:\/\/www.suno.com.br\/noticias\/vendas-de-imoveis-sobem-secovi\/#primaryimage"},"thumbnailUrl":"https:\/\/files.sunoresearch.com.br\/n\/uploads\/2019\/05\/1f3a52d1-vendas-de-im\u00f3veis.jpg","keywords":["mercado imobili\u00e1rio"],"articleSection":["FIIs"],"inLanguage":"pt-BR"},{"@type":"WebPage","@id":"https:\/\/www.suno.com.br\/noticias\/vendas-de-imoveis-sobem-secovi\/","url":"https:\/\/www.suno.com.br\/noticias\/vendas-de-imoveis-sobem-secovi\/","name":"Vendas de im\u00f3veis sobem 37,3% entre fevereiro e mar\u00e7o, diz Secovi","isPartOf":{"@id":"https:\/\/www.suno.com.br\/noticias\/#website"},"primaryImageOfPage":{"@id":"https:\/\/www.suno.com.br\/noticias\/vendas-de-imoveis-sobem-secovi\/#primaryimage"},"image":{"@id":"https:\/\/www.suno.com.br\/noticias\/vendas-de-imoveis-sobem-secovi\/#primaryimage"},"thumbnailUrl":"https:\/\/files.sunoresearch.com.br\/n\/uploads\/2019\/05\/1f3a52d1-vendas-de-im\u00f3veis.jpg","datePublished":"2019-05-13T13:57:20+00:00","dateModified":"2021-06-14T02:42:33+00:00","description":"Comparando ao mesmo per\u00edodo do ano anterior, as vendas de im\u00f3veis registraram uma alta de 14,3%. Clique para saber mais.","breadcrumb":{"@id":"https:\/\/www.suno.com.br\/noticias\/vendas-de-imoveis-sobem-secovi\/#breadcrumb"},"inLanguage":"pt-BR","potentialAction":[{"@type":"ReadAction","target":["https:\/\/www.suno.com.br\/noticias\/vendas-de-imoveis-sobem-secovi\/"]}]},{"@type":"ImageObject","inLanguage":"pt-BR","@id":"https:\/\/www.suno.com.br\/noticias\/vendas-de-imoveis-sobem-secovi\/#primaryimage","url":"https:\/\/files.sunoresearch.com.br\/n\/uploads\/2019\/05\/1f3a52d1-vendas-de-im\u00f3veis.jpg","contentUrl":"https:\/\/files.sunoresearch.com.br\/n\/uploads\/2019\/05\/1f3a52d1-vendas-de-im\u00f3veis.jpg","width":800,"height":537,"caption":"Im\u00f3veis"},{"@type":"BreadcrumbList","@id":"https:\/\/www.suno.com.br\/noticias\/vendas-de-imoveis-sobem-secovi\/#breadcrumb","itemListElement":[{"@type":"ListItem","position":1,"name":"Not\u00edcias","item":"https:\/\/www.suno.com.br\/noticias\/"},{"@type":"ListItem","position":2,"name":"FIIs","item":"https:\/\/www.suno.com.br\/noticias\/fiis\/"},{"@type":"ListItem","position":3,"name":"Vendas de im\u00f3veis sobem 37,3% entre fevereiro e mar\u00e7o, diz Secovi"}]},{"@type":"WebSite","@id":"https:\/\/www.suno.com.br\/noticias\/#website","url":"https:\/\/www.suno.com.br\/noticias\/","name":"Suno Not\u00edcias","description":"Seu portal de informa\u00e7\u00e3o sobre o mundo dos investimentos","publisher":{"@id":"https:\/\/www.suno.com.br\/noticias\/#organization"},"potentialAction":[{"@type":"SearchAction","target":{"@type":"EntryPoint","urlTemplate":"https:\/\/www.suno.com.br\/noticias\/?s={search_term_string}"},"query-input":{"@type":"PropertyValueSpecification","valueRequired":true,"valueName":"search_term_string"}}],"inLanguage":"pt-BR"},{"@type":"Organization","@id":"https:\/\/www.suno.com.br\/noticias\/#organization","name":"Suno Not\u00edcias","url":"https:\/\/www.suno.com.br\/noticias\/","logo":{"@type":"ImageObject","inLanguage":"pt-BR","@id":"https:\/\/www.suno.com.br\/noticias\/#\/schema\/logo\/image\/","url":"https:\/\/files.sunoresearch.com.br\/n\/uploads\/2021\/09\/suno-logo.png","contentUrl":"https:\/\/files.sunoresearch.com.br\/n\/uploads\/2021\/09\/suno-logo.png","width":180,"height":180,"caption":"Suno Not\u00edcias"},"image":{"@id":"https:\/\/www.suno.com.br\/noticias\/#\/schema\/logo\/image\/"},"sameAs":["https:\/\/facebook.com\/sunoresearch","https:\/\/x.com\/sunoresearch","https:\/\/www.instagram.com\/suno","https:\/\/www.linkedin.com\/company\/suno-research\/","https:\/\/www.youtube.com\/c\/sunoresearch"]},{"@type":"Person","@id":"https:\/\/www.suno.com.br\/noticias\/#\/schema\/person\/fc144a1c6108bd1dcd43784e88a3c138","name":"Renan Bandeira","image":{"@type":"ImageObject","inLanguage":"pt-BR","@id":"https:\/\/www.suno.com.br\/noticias\/#\/schema\/person\/image\/","url":"https:\/\/secure.gravatar.com\/avatar\/68359cdb608f14f11bbefcb78f3fc747?s=96&r=g","contentUrl":"https:\/\/secure.gravatar.com\/avatar\/68359cdb608f14f11bbefcb78f3fc747?s=96&r=g","caption":"Renan Bandeira"},"description":"Renan Bandeira escreve sobre pol\u00edtica e economia para o portal da Suno Research. Antes da Suno, trabalhou em uma rede de televis\u00e3o, onde fazia reportagens sobre os mesmos temas. Estuda na Universidade Metodista de S\u00e3o Paulo.","url":"https:\/\/www.suno.com.br\/noticias\/author\/renan-bandeira\/"}]}},"default_loop_html":"<div class=\"cardsPage__listCard__boxs\"><div class=\"cardsPage__listCard__boxs__img\"><a href=\"https:\/\/www.suno.com.br\/noticias\/vendas-de-imoveis-sobem-secovi\/\"><img class=\"mask\" src=\"https:\/\/www.suno.com.br\/noticias\/wp-content\/themes\/suno\/resources\/images\/spotlight\/spotlight1img\/bg-mask.png\" alt=\"Image Mask\"\/><img src=\"https:\/\/files.sunoresearch.com.br\/n\/uploads\/2019\/05\/1f3a52d1-vendas-de-im\u00f3veis-400x200.webp\" alt=\"Vendas de im\u00f3veis sobem 37,3% entre fevereiro e mar\u00e7o, diz Secovi\"\/><\/a><span class=\"spotlightCategory\"><a href=\"https:\/\/www.suno.com.br\/noticias\/fiis\/\">FIIs<\/a><\/span><\/div><div class=\"cardsPage__listCard__boxs__content\"><a href=\"https:\/\/www.suno.com.br\/noticias\/vendas-de-imoveis-sobem-secovi\/\"><h2 class=\"content__title\">Vendas de im\u00f3veis sobem 37,3% entre fevereiro e mar\u00e7o, diz Secovi<\/h2><\/a><div class=\"newsContent__article__meta\"><div class=\"newsContent__article__meta__authorBox\"><a href=\"https:\/\/www.suno.com.br\/noticias\/author\/renan-bandeira\/\" class=\"authorBox__avatar noMobi\"><img src=\"https:\/\/secure.gravatar.com\/avatar\/68359cdb608f14f11bbefcb78f3fc747?s=96&#038;r=g\" alt=\"Renan Bandeira\"><\/a><div class=\"authorBox__name\"><span>por\n\t\t\t<a href=\"https:\/\/www.suno.com.br\/noticias\/author\/renan-bandeira\/\"><span itemprop=\"author\">Renan Bandeira<\/span><\/a><\/span><time datetime=\"2019-05-13T10:57:20-03:00\" itemprop=\"datePublished\">13\/05\/2019 10:57<\/time><\/div><\/div><\/div><\/div><\/div>","single_layout":"posts","amp_enabled":true,"_links":{"self":[{"href":"https:\/\/www.suno.com.br\/noticias\/wp-json\/wp\/v2\/posts\/24286"}],"collection":[{"href":"https:\/\/www.suno.com.br\/noticias\/wp-json\/wp\/v2\/posts"}],"about":[{"href":"https:\/\/www.suno.com.br\/noticias\/wp-json\/wp\/v2\/types\/post"}],"author":[{"embeddable":true,"href":"https:\/\/www.suno.com.br\/noticias\/wp-json\/wp\/v2\/users\/11"}],"replies":[{"embeddable":true,"href":"https:\/\/www.suno.com.br\/noticias\/wp-json\/wp\/v2\/comments?post=24286"}],"version-history":[{"count":1,"href":"https:\/\/www.suno.com.br\/noticias\/wp-json\/wp\/v2\/posts\/24286\/revisions"}],"predecessor-version":[{"id":157209,"href":"https:\/\/www.suno.com.br\/noticias\/wp-json\/wp\/v2\/posts\/24286\/revisions\/157209"}],"wp:featuredmedia":[{"embeddable":true,"href":"https:\/\/www.suno.com.br\/noticias\/wp-json\/wp\/v2\/media\/24294"}],"wp:attachment":[{"href":"https:\/\/www.suno.com.br\/noticias\/wp-json\/wp\/v2\/media?parent=24286"}],"wp:term":[{"taxonomy":"category","embeddable":true,"href":"https:\/\/www.suno.com.br\/noticias\/wp-json\/wp\/v2\/categories?post=24286"},{"taxonomy":"post_tag","embeddable":true,"href":"https:\/\/www.suno.com.br\/noticias\/wp-json\/wp\/v2\/tags?post=24286"},{"taxonomy":"suno_strategy","embeddable":true,"href":"https:\/\/www.suno.com.br\/noticias\/wp-json\/wp\/v2\/suno_strategy?post=24286"}],"curies":[{"name":"wp","href":"https:\/\/api.w.org\/{rel}","templated":true}]}}