{"id":242707,"date":"2022-03-17T18:05:16","date_gmt":"2022-03-17T21:05:16","guid":{"rendered":"https:\/\/www.suno.com.br\/noticias\/?p=242707"},"modified":"2022-03-17T18:13:31","modified_gmt":"2022-03-17T21:13:31","slug":"uso-de-mascaras-locais-fechados-liberado","status":"publish","type":"post","link":"https:\/\/www.suno.com.br\/noticias\/uso-de-mascaras-locais-fechados-liberado\/","title":{"rendered":"Uso de m\u00e1scara deixa de ser obrigat\u00f3rio em ambientes fechados no estado de SP"},"content":{"rendered":"<p>O governador do Estado de S\u00e3o Paulo, <a class=\"suno-keyword\" href=\"https:\/\/www.suno.com.br\/tudo-sobre\/joao-doria\/\" target=\"_blank\" rel=\"noopener\" data-force=\"no\" data-priority=\"2\"><strong>Jo\u00e3o Doria<\/strong><\/a> (PSDB) anunciou que a partir desta quinta-feira (17) o <strong>uso de m\u00e1scara<\/strong> n\u00e3o \u00e9 mais obrigat\u00f3rio em ambientes fechados em todos os 645 munic\u00edpios do estado, independentemente do n\u00edvel de imuniza\u00e7\u00e3o em crian\u00e7as e adolescentes em cada cidade.<\/p>\t<div class=\"wrapper-featured-image\">\n\t\t<figure class=\"spotlightImg\">\n\n\t\t\t<picture>\n\t\t\t\t<source media=\"(max-width: 768px)\" srcset=\"https:\/\/files.sunoresearch.com.br\/n\/uploads\/2021\/12\/51585224983_7304e878bd_o-400x200.jpg\">\n\t\t\t\t<img loading=\"lazy\" decoding=\"async\" class=\"newsContent__article__imgCapa lazyloadDisabled \" src=\"https:\/\/files.sunoresearch.com.br\/n\/uploads\/2021\/12\/51585224983_7304e878bd_o-800x450.jpg\" width=\"800\" height=\"450\" alt=\"Uso de m\u00e1scara deixa de ser obrigat\u00f3rio em ambientes fechados no estado de SP\" fetchpriority=high \/>\n\t\t\t<\/picture>\n\n\t\t\t<figcaption class=\"wp-caption-text wp-caption-text--show\">Governador de S\u00e3o Paulo, Jo\u00e3o Doria, realiza aumento no limite do prazo eleitoral, que pro\u00edbe aumentos 6 meses antes das elei\u00e7\u00f5es - Foto: Reprodu\u00e7\u00e3o Governo do Estado de S\u00e3o Paulo<\/figcaption>\n\t\t<\/figure>\n\t<\/div>\n\n\n\t<p>\n\t\t<a href=\"\" target=\"_blank\" data-element=\"shortcode-suno-banner\" title=\"Banner SUNO, clique e saiba mais\">\n\t\t\t<picture>\n\t\t\t\t<source media=\"(max-width: 500px)\" srcset=\"\">\n\t\t\t\t<img class=\"newsContent__article__imgCapa newsContent__article__imgCapa--banner\"\n\t\t\t\t\tsrc=\"\"\n\t\t\t\t\tdata-promo-id=\"138420\"\t\t\t\t\t\t\t\t\t\t\t\t\t\t\talt=\"\"\n\t\t\t\t>\n\t\t\t<\/picture>\n\t\t<\/a>\n\t<\/p>\n\n\n<p>O an\u00fancio foi feito durante o programa \u201cBrasil Urgente\u201d, da Band, apresentado por Jos\u00e9 Luiz Datena, pr\u00e9-candidato ao <strong>Senado <\/strong>como aliado do governador.<\/p>\n<p>A medida que libera o uso de m\u00e1scaras em lugares fechados ser\u00e1 publicada em edi\u00e7\u00e3o extra do Di\u00e1rio Oficial ainda hoje, com efeito imediato.<\/p>\n\t<p>\n\t\t<a href=\"https:\/\/lp.suno.com.br\/planilha-controle-gastos\/\" target=\"_blank\" data-element=\"shortcode-suno-banner\" title=\"Banner SUNO, clique e saiba mais\">\n\t\t\t<picture>\n\t\t\t\t<source media=\"(max-width: 500px)\" srcset=\"https:\/\/files.sunoresearch.com.br\/n\/uploads\/2023\/03\/400x300-Planilha-controle-de-gastos.png\">\n\t\t\t\t<img class=\"newsContent__article__imgCapa newsContent__article__imgCapa--banner\"\n\t\t\t\t\tsrc=\"https:\/\/files.sunoresearch.com.br\/n\/uploads\/2023\/03\/1420x240-Planilha-controle-de-gastos.png\"\n\t\t\t\t\tdata-promo-id=\"101751\"\t\t\t\t\t\t\t\t\t\twidth='1420' height='240'\t\t\t\t\talt=\"https:\/\/files.sunoresearch.com.br\/n\/uploads\/2023\/03\/1420x240-Planilha-controle-de-gastos.png\"\n\t\t\t\t>\n\t\t\t<\/picture>\n\t\t<\/a>\n\t<\/p>\n\n\n<p>O uso das m\u00e1scaras continua obrigat\u00f3rio em hospitais, servi\u00e7os de sa\u00fade, no transporte p\u00fablico e locais de acesso, como esta\u00e7\u00f5es de metr\u00f4 e trem. al\u00e9m de terminais de \u00f4nibus.<\/p>\n\t<p>\n\t\t<a href=\"https:\/\/lp.suno.com.br\/planilha-da-vida-financeira\/\" target=\"_blank\" data-element=\"shortcode-suno-banner\" title=\"Banner SUNO, clique e saiba mais\">\n\t\t\t<picture>\n\t\t\t\t<source media=\"(max-width: 500px)\" srcset=\"https:\/\/files.sunoresearch.com.br\/n\/uploads\/2023\/04\/400x300-Planilha-vida-financeira-true.png\">\n\t\t\t\t<img class=\"newsContent__article__imgCapa newsContent__article__imgCapa--banner\"\n\t\t\t\t\tsrc=\"https:\/\/files.sunoresearch.com.br\/n\/uploads\/2023\/04\/1420x240-Planilha-vida-financeira-true.png\"\n\t\t\t\t\tdata-promo-id=\"106682\"\t\t\t\t\t\t\t\t\t\twidth='1420' height='240'\t\t\t\t\talt=\"https:\/\/files.sunoresearch.com.br\/n\/uploads\/2023\/04\/1420x240-Planilha-vida-financeira-true.png\"\n\t\t\t\t>\n\t\t\t<\/picture>\n\t\t<\/a>\n\t<\/p>\n\n\n<p>No \u00faltimo dia 8, Doria j\u00e1 havia anunciado a libera\u00e7\u00e3o do uso de m\u00e1scaras em locais abertos em todo o estado. Disse que a desobriga\u00e7\u00e3o total era estudada e a decis\u00e3o dependia da an\u00e1lise do Comit\u00ea Cient\u00edfico. Na \u00faltima sexta (11), o governador afirmou que a libera\u00e7\u00e3o em locais fechados poderia acontecer a partir do dia 23 deste m\u00eas.<\/p>\n<p>Por\u00e9m, Doria resolveu antecipar a divulga\u00e7\u00e3o no programa do Datena &#8211; mostrando que o apresentador ser\u00e1 seu aliado nas elei\u00e7\u00f5es de 2022. Na \u00faltima segunda-feira (14), Datena confirmou que vai concorrer ao Senado, na chapa de Rodrigo Garcia (PSDB), atual vice de Doria.<\/p>\n\t<p>\n\t\t<a href=\"https:\/\/lp.suno.com.br\/ebook-como-analisar-uma-acao\/\" target=\"_blank\" data-element=\"shortcode-suno-banner\" title=\"Banner SUNO, clique e saiba mais\">\n\t\t\t<picture>\n\t\t\t\t<source media=\"(max-width: 500px)\" srcset=\"https:\/\/files.sunoresearch.com.br\/n\/uploads\/2023\/03\/Ebook-Acoes-Mobile-1.jpg\">\n\t\t\t\t<img class=\"newsContent__article__imgCapa newsContent__article__imgCapa--banner\"\n\t\t\t\t\tsrc=\"https:\/\/files.sunoresearch.com.br\/n\/uploads\/2023\/03\/Ebook-Acoes-Desktop-1.jpg\"\n\t\t\t\t\tdata-promo-id=\"171998\"\t\t\t\t\t\t\t\t\t\twidth='1420' height='286'\t\t\t\t\talt=\"https:\/\/files.sunoresearch.com.br\/n\/uploads\/2023\/03\/Ebook-Acoes-Desktop-1.jpg\"\n\t\t\t\t>\n\t\t\t<\/picture>\n\t\t<\/a>\n\t<\/p>\n\n\n<p>Garcia substituir\u00e1 Doria a partir de abril, de forma interina, para que o governador foque na corrida presidencial de 2022. Datena dever\u00e1 concorrer ao Senado pelo Uni\u00e3o Brasil, sucessor do antigo PSL, ao qual era filiado.<\/p>\n<p>Em maio de 2020, o <strong>uso de m\u00e1scaras<\/strong> se tornou obrigat\u00f3rio em todo o estado de S\u00e3o Paulo, sob pena de infra\u00e7\u00e3o e at\u00e9 pris\u00e3o. A multa era de R$ 552,71. A Vigil\u00e2ncia Sanit\u00e1ria Estadual chegou a realizar 10.742 autua\u00e7\u00f5es de julho de 2020, quando foi encerrado o per\u00edodo de adapta\u00e7\u00e3o \u00e0 norma, at\u00e9 fevereiro deste ano.<\/p>\n\t<p>\n\t\t<a href=\"https:\/\/lp.suno.com.br\/planilha-de-controle-de-investimentos\/\" target=\"_blank\" data-element=\"shortcode-suno-banner\" title=\"Banner SUNO, clique e saiba mais\">\n\t\t\t<picture>\n\t\t\t\t<source media=\"(max-width: 500px)\" srcset=\"https:\/\/files.sunoresearch.com.br\/n\/uploads\/2023\/03\/400x300-Controle-de-Investimentos.png\">\n\t\t\t\t<img class=\"newsContent__article__imgCapa newsContent__article__imgCapa--banner\"\n\t\t\t\t\tsrc=\"https:\/\/files.sunoresearch.com.br\/n\/uploads\/2023\/03\/1420x240-Controle-de-Investimentos.png\"\n\t\t\t\t\tdata-promo-id=\"75934\"\t\t\t\t\t\t\t\t\t\twidth='1420' height='240'\t\t\t\t\talt=\"https:\/\/files.sunoresearch.com.br\/n\/uploads\/2023\/03\/1420x240-Controle-de-Investimentos.png\"\n\t\t\t\t>\n\t\t\t<\/picture>\n\t\t<\/a>\n\t<\/p>\n\n\n","protected":false},"excerpt":{"rendered":"<p>O governador do Estado de S\u00e3o Paulo, Jo\u00e3o Doria (PSDB) anunciou que a partir desta quinta-feira (17) o uso de m\u00e1scara n\u00e3o \u00e9 mais obrigat\u00f3rio em ambientes fechados em todos os 645 munic\u00edpios do estado, independentemente do n\u00edvel de imuniza\u00e7\u00e3o em crian\u00e7as e adolescentes em cada cidade. Governador de S\u00e3o Paulo, Jo\u00e3o Doria, realiza aumento [&hellip;]<\/p>\n","protected":false},"author":146,"featured_media":214176,"comment_status":"closed","ping_status":"closed","sticky":false,"template":"","format":"standard","meta":[],"categories":[61],"tags":[5255,842],"suno_strategy":[],"class_list":["post-242707","post","type-post","status-publish","format-standard","has-post-thumbnail","hentry","category-politica","tag-covid-19","tag-joao-doria"],"yoast_head":"<!-- This site is optimized with the Yoast SEO plugin v24.4 - https:\/\/yoast.com\/wordpress\/plugins\/seo\/ -->\n<title>Uso de m\u00e1scara deixa de ser obrigat\u00f3rio em ambientes fechados no estado de SP<\/title>\n<meta name=\"description\" content=\"O governador do estado de SP, Jo\u00e3o Doria, anunciou nesta quinta (17) que o uso de m\u00e1scaras em locais fechados deixou de ser obrigat\u00f3rio.\" \/>\n<meta name=\"robots\" content=\"index, follow, max-snippet:-1, max-image-preview:large, max-video-preview:-1\" \/>\n<link rel=\"canonical\" href=\"https:\/\/www.suno.com.br\/noticias\/uso-de-mascaras-locais-fechados-liberado\/\" \/>\n<meta property=\"og:locale\" content=\"pt_BR\" \/>\n<meta property=\"og:type\" content=\"article\" \/>\n<meta property=\"og:title\" content=\"Uso de m\u00e1scara deixa de ser obrigat\u00f3rio em ambientes fechados no estado de SP\" \/>\n<meta property=\"og:description\" content=\"O governador do estado de SP, Jo\u00e3o Doria, anunciou nesta quinta (17) que o uso de m\u00e1scaras em locais fechados deixou de ser obrigat\u00f3rio.\" \/>\n<meta property=\"og:url\" content=\"https:\/\/www.suno.com.br\/noticias\/uso-de-mascaras-locais-fechados-liberado\/\" \/>\n<meta property=\"og:site_name\" content=\"Suno Not\u00edcias\" \/>\n<meta property=\"article:publisher\" content=\"https:\/\/facebook.com\/sunoresearch\" \/>\n<meta property=\"og:image\" content=\"https:\/\/files.sunoresearch.com.br\/n\/uploads\/2021\/12\/51585224983_7304e878bd_o-scaled.jpg\" \/>\n\t<meta property=\"og:image:width\" content=\"2560\" \/>\n\t<meta property=\"og:image:height\" content=\"1707\" \/>\n\t<meta property=\"og:image:type\" content=\"image\/jpeg\" \/>\n<meta name=\"author\" content=\"Vict\u00f3ria Anhesini\" \/>\n<meta name=\"twitter:card\" content=\"summary_large_image\" \/>\n<meta name=\"twitter:creator\" content=\"@sunoresearch\" \/>\n<meta name=\"twitter:site\" content=\"@sunoresearch\" \/>\n<meta name=\"twitter:label1\" content=\"Escrito por\" \/>\n\t<meta name=\"twitter:data1\" content=\"Vict\u00f3ria Anhesini\" \/>\n\t<meta name=\"twitter:label2\" content=\"Est. tempo de leitura\" \/>\n\t<meta name=\"twitter:data2\" content=\"2 minutos\" \/>\n<script type=\"application\/ld+json\" class=\"yoast-schema-graph\">{\"@context\":\"https:\/\/schema.org\",\"@graph\":[{\"@type\":\"NewsArticle\",\"@id\":\"https:\/\/www.suno.com.br\/noticias\/uso-de-mascaras-locais-fechados-liberado\/#article\",\"isPartOf\":{\"@id\":\"https:\/\/www.suno.com.br\/noticias\/uso-de-mascaras-locais-fechados-liberado\/\"},\"author\":{\"name\":\"Vict\u00f3ria Anhesini\",\"@id\":\"https:\/\/www.suno.com.br\/noticias\/#\/schema\/person\/46d847cb19ad53fde0857adca989c23f\"},\"headline\":\"Uso de m\u00e1scara deixa de ser obrigat\u00f3rio em ambientes fechados no estado de SP\",\"datePublished\":\"2022-03-17T21:05:16+00:00\",\"dateModified\":\"2022-03-17T21:13:31+00:00\",\"mainEntityOfPage\":{\"@id\":\"https:\/\/www.suno.com.br\/noticias\/uso-de-mascaras-locais-fechados-liberado\/\"},\"wordCount\":378,\"publisher\":{\"@id\":\"https:\/\/www.suno.com.br\/noticias\/#organization\"},\"image\":{\"@id\":\"https:\/\/www.suno.com.br\/noticias\/uso-de-mascaras-locais-fechados-liberado\/#primaryimage\"},\"thumbnailUrl\":\"https:\/\/files.sunoresearch.com.br\/n\/uploads\/2021\/12\/51585224983_7304e878bd_o-scaled.jpg\",\"keywords\":[\"covid-19\",\"Jo\u00e3o Doria\"],\"articleSection\":[\"Pol\u00edtica\"],\"inLanguage\":\"pt-BR\"},{\"@type\":\"WebPage\",\"@id\":\"https:\/\/www.suno.com.br\/noticias\/uso-de-mascaras-locais-fechados-liberado\/\",\"url\":\"https:\/\/www.suno.com.br\/noticias\/uso-de-mascaras-locais-fechados-liberado\/\",\"name\":\"Uso de m\u00e1scara deixa de ser obrigat\u00f3rio em ambientes fechados no estado de SP\",\"isPartOf\":{\"@id\":\"https:\/\/www.suno.com.br\/noticias\/#website\"},\"primaryImageOfPage\":{\"@id\":\"https:\/\/www.suno.com.br\/noticias\/uso-de-mascaras-locais-fechados-liberado\/#primaryimage\"},\"image\":{\"@id\":\"https:\/\/www.suno.com.br\/noticias\/uso-de-mascaras-locais-fechados-liberado\/#primaryimage\"},\"thumbnailUrl\":\"https:\/\/files.sunoresearch.com.br\/n\/uploads\/2021\/12\/51585224983_7304e878bd_o-scaled.jpg\",\"datePublished\":\"2022-03-17T21:05:16+00:00\",\"dateModified\":\"2022-03-17T21:13:31+00:00\",\"description\":\"O governador do estado de SP, Jo\u00e3o Doria, anunciou nesta quinta (17) que o uso de m\u00e1scaras em locais fechados deixou de ser obrigat\u00f3rio.\",\"breadcrumb\":{\"@id\":\"https:\/\/www.suno.com.br\/noticias\/uso-de-mascaras-locais-fechados-liberado\/#breadcrumb\"},\"inLanguage\":\"pt-BR\",\"potentialAction\":[{\"@type\":\"ReadAction\",\"target\":[\"https:\/\/www.suno.com.br\/noticias\/uso-de-mascaras-locais-fechados-liberado\/\"]}]},{\"@type\":\"ImageObject\",\"inLanguage\":\"pt-BR\",\"@id\":\"https:\/\/www.suno.com.br\/noticias\/uso-de-mascaras-locais-fechados-liberado\/#primaryimage\",\"url\":\"https:\/\/files.sunoresearch.com.br\/n\/uploads\/2021\/12\/51585224983_7304e878bd_o-scaled.jpg\",\"contentUrl\":\"https:\/\/files.sunoresearch.com.br\/n\/uploads\/2021\/12\/51585224983_7304e878bd_o-scaled.jpg\",\"width\":2560,\"height\":1707,\"caption\":\"Governador de S\u00e3o Paulo, Jo\u00e3o Doria, realiza aumento no limite do prazo eleitoral, que pro\u00edbe aumentos 6 meses antes das elei\u00e7\u00f5es - Foto: Reprodu\u00e7\u00e3o Governo do Estado de S\u00e3o Paulo\"},{\"@type\":\"BreadcrumbList\",\"@id\":\"https:\/\/www.suno.com.br\/noticias\/uso-de-mascaras-locais-fechados-liberado\/#breadcrumb\",\"itemListElement\":[{\"@type\":\"ListItem\",\"position\":1,\"name\":\"Not\u00edcias\",\"item\":\"https:\/\/www.suno.com.br\/noticias\/\"},{\"@type\":\"ListItem\",\"position\":2,\"name\":\"Pol\u00edtica\",\"item\":\"https:\/\/www.suno.com.br\/noticias\/politica\/\"},{\"@type\":\"ListItem\",\"position\":3,\"name\":\"Uso de m\u00e1scara deixa de ser obrigat\u00f3rio em ambientes fechados no estado de SP\"}]},{\"@type\":\"WebSite\",\"@id\":\"https:\/\/www.suno.com.br\/noticias\/#website\",\"url\":\"https:\/\/www.suno.com.br\/noticias\/\",\"name\":\"Suno Not\u00edcias\",\"description\":\"Seu portal de informa\u00e7\u00e3o sobre o mundo dos investimentos\",\"publisher\":{\"@id\":\"https:\/\/www.suno.com.br\/noticias\/#organization\"},\"potentialAction\":[{\"@type\":\"SearchAction\",\"target\":{\"@type\":\"EntryPoint\",\"urlTemplate\":\"https:\/\/www.suno.com.br\/noticias\/?s={search_term_string}\"},\"query-input\":{\"@type\":\"PropertyValueSpecification\",\"valueRequired\":true,\"valueName\":\"search_term_string\"}}],\"inLanguage\":\"pt-BR\"},{\"@type\":\"Organization\",\"@id\":\"https:\/\/www.suno.com.br\/noticias\/#organization\",\"name\":\"Suno Not\u00edcias\",\"url\":\"https:\/\/www.suno.com.br\/noticias\/\",\"logo\":{\"@type\":\"ImageObject\",\"inLanguage\":\"pt-BR\",\"@id\":\"https:\/\/www.suno.com.br\/noticias\/#\/schema\/logo\/image\/\",\"url\":\"https:\/\/files.sunoresearch.com.br\/n\/uploads\/2021\/09\/suno-logo.png\",\"contentUrl\":\"https:\/\/files.sunoresearch.com.br\/n\/uploads\/2021\/09\/suno-logo.png\",\"width\":180,\"height\":180,\"caption\":\"Suno Not\u00edcias\"},\"image\":{\"@id\":\"https:\/\/www.suno.com.br\/noticias\/#\/schema\/logo\/image\/\"},\"sameAs\":[\"https:\/\/facebook.com\/sunoresearch\",\"https:\/\/x.com\/sunoresearch\",\"https:\/\/www.instagram.com\/suno\",\"https:\/\/www.linkedin.com\/company\/suno-research\/\",\"https:\/\/www.youtube.com\/c\/sunoresearch\"]},{\"@type\":\"Person\",\"@id\":\"https:\/\/www.suno.com.br\/noticias\/#\/schema\/person\/46d847cb19ad53fde0857adca989c23f\",\"name\":\"Vict\u00f3ria Anhesini\",\"image\":{\"@type\":\"ImageObject\",\"inLanguage\":\"pt-BR\",\"@id\":\"https:\/\/www.suno.com.br\/noticias\/#\/schema\/person\/image\/\",\"url\":\"https:\/\/secure.gravatar.com\/avatar\/0172bdfcd9129dd9dd68794804304e6e?s=96&r=g\",\"contentUrl\":\"https:\/\/secure.gravatar.com\/avatar\/0172bdfcd9129dd9dd68794804304e6e?s=96&r=g\",\"caption\":\"Vict\u00f3ria Anhesini\"},\"description\":\"Rep\u00f3rter no Suno Not\u00edcias, cobre mercados, neg\u00f3cios e economia, escrevendo majoritariamente sobre movimentos das empresas, cobertura de balan\u00e7os trimestrais e Bolsa de Valores. Formada em jornalismo pela Universidade Presbiteriana Mackenzie em 2019, passou pelo portal de economia e finan\u00e7as EuQueroInvestir como rep\u00f3rter e anteriormente, trabalhou na assessoria de imprensa PinePR, onde liderou com startups de inova\u00e7\u00e3o, tecnologia e finan\u00e7as. Em seu tempo livre, fala sobre m\u00fasica para ambos os sites do selo ForMusic, Wikimetal e Mad Sound, e faz trabalho volunt\u00e1rio no programa Escreve Cartas do Poupatempo.\",\"sameAs\":[\"https:\/\/www.linkedin.com\/in\/victoria-anhesini\/\"],\"url\":\"https:\/\/www.suno.com.br\/noticias\/author\/victoria\/\"}]}<\/script>\n<!-- \/ Yoast SEO plugin. -->","yoast_head_json":{"title":"Uso de m\u00e1scara deixa de ser obrigat\u00f3rio em ambientes fechados no estado de SP","description":"O governador do estado de SP, Jo\u00e3o Doria, anunciou nesta quinta (17) que o uso de m\u00e1scaras em locais fechados deixou de ser obrigat\u00f3rio.","robots":{"index":"index","follow":"follow","max-snippet":"max-snippet:-1","max-image-preview":"max-image-preview:large","max-video-preview":"max-video-preview:-1"},"canonical":"https:\/\/www.suno.com.br\/noticias\/uso-de-mascaras-locais-fechados-liberado\/","og_locale":"pt_BR","og_type":"article","og_title":"Uso de m\u00e1scara deixa de ser obrigat\u00f3rio em ambientes fechados no estado de SP","og_description":"O governador do estado de SP, Jo\u00e3o Doria, anunciou nesta quinta (17) que o uso de m\u00e1scaras em locais fechados deixou de ser obrigat\u00f3rio.","og_url":"https:\/\/www.suno.com.br\/noticias\/uso-de-mascaras-locais-fechados-liberado\/","og_site_name":"Suno Not\u00edcias","article_publisher":"https:\/\/facebook.com\/sunoresearch","og_image":[{"width":2560,"height":1707,"url":"https:\/\/files.sunoresearch.com.br\/n\/uploads\/2021\/12\/51585224983_7304e878bd_o-scaled.jpg","type":"image\/jpeg"}],"author":"Vict\u00f3ria Anhesini","twitter_card":"summary_large_image","twitter_creator":"@sunoresearch","twitter_site":"@sunoresearch","twitter_misc":{"Escrito por":"Vict\u00f3ria Anhesini","Est. tempo de leitura":"2 minutos"},"schema":{"@context":"https:\/\/schema.org","@graph":[{"@type":"NewsArticle","@id":"https:\/\/www.suno.com.br\/noticias\/uso-de-mascaras-locais-fechados-liberado\/#article","isPartOf":{"@id":"https:\/\/www.suno.com.br\/noticias\/uso-de-mascaras-locais-fechados-liberado\/"},"author":{"name":"Vict\u00f3ria Anhesini","@id":"https:\/\/www.suno.com.br\/noticias\/#\/schema\/person\/46d847cb19ad53fde0857adca989c23f"},"headline":"Uso de m\u00e1scara deixa de ser obrigat\u00f3rio em ambientes fechados no estado de SP","datePublished":"2022-03-17T21:05:16+00:00","dateModified":"2022-03-17T21:13:31+00:00","mainEntityOfPage":{"@id":"https:\/\/www.suno.com.br\/noticias\/uso-de-mascaras-locais-fechados-liberado\/"},"wordCount":378,"publisher":{"@id":"https:\/\/www.suno.com.br\/noticias\/#organization"},"image":{"@id":"https:\/\/www.suno.com.br\/noticias\/uso-de-mascaras-locais-fechados-liberado\/#primaryimage"},"thumbnailUrl":"https:\/\/files.sunoresearch.com.br\/n\/uploads\/2021\/12\/51585224983_7304e878bd_o-scaled.jpg","keywords":["covid-19","Jo\u00e3o Doria"],"articleSection":["Pol\u00edtica"],"inLanguage":"pt-BR"},{"@type":"WebPage","@id":"https:\/\/www.suno.com.br\/noticias\/uso-de-mascaras-locais-fechados-liberado\/","url":"https:\/\/www.suno.com.br\/noticias\/uso-de-mascaras-locais-fechados-liberado\/","name":"Uso de m\u00e1scara deixa de ser obrigat\u00f3rio em ambientes fechados no estado de SP","isPartOf":{"@id":"https:\/\/www.suno.com.br\/noticias\/#website"},"primaryImageOfPage":{"@id":"https:\/\/www.suno.com.br\/noticias\/uso-de-mascaras-locais-fechados-liberado\/#primaryimage"},"image":{"@id":"https:\/\/www.suno.com.br\/noticias\/uso-de-mascaras-locais-fechados-liberado\/#primaryimage"},"thumbnailUrl":"https:\/\/files.sunoresearch.com.br\/n\/uploads\/2021\/12\/51585224983_7304e878bd_o-scaled.jpg","datePublished":"2022-03-17T21:05:16+00:00","dateModified":"2022-03-17T21:13:31+00:00","description":"O governador do estado de SP, Jo\u00e3o Doria, anunciou nesta quinta (17) que o uso de m\u00e1scaras em locais fechados deixou de ser obrigat\u00f3rio.","breadcrumb":{"@id":"https:\/\/www.suno.com.br\/noticias\/uso-de-mascaras-locais-fechados-liberado\/#breadcrumb"},"inLanguage":"pt-BR","potentialAction":[{"@type":"ReadAction","target":["https:\/\/www.suno.com.br\/noticias\/uso-de-mascaras-locais-fechados-liberado\/"]}]},{"@type":"ImageObject","inLanguage":"pt-BR","@id":"https:\/\/www.suno.com.br\/noticias\/uso-de-mascaras-locais-fechados-liberado\/#primaryimage","url":"https:\/\/files.sunoresearch.com.br\/n\/uploads\/2021\/12\/51585224983_7304e878bd_o-scaled.jpg","contentUrl":"https:\/\/files.sunoresearch.com.br\/n\/uploads\/2021\/12\/51585224983_7304e878bd_o-scaled.jpg","width":2560,"height":1707,"caption":"Governador de S\u00e3o Paulo, Jo\u00e3o Doria, realiza aumento no limite do prazo eleitoral, que pro\u00edbe aumentos 6 meses antes das elei\u00e7\u00f5es - Foto: Reprodu\u00e7\u00e3o Governo do Estado de S\u00e3o Paulo"},{"@type":"BreadcrumbList","@id":"https:\/\/www.suno.com.br\/noticias\/uso-de-mascaras-locais-fechados-liberado\/#breadcrumb","itemListElement":[{"@type":"ListItem","position":1,"name":"Not\u00edcias","item":"https:\/\/www.suno.com.br\/noticias\/"},{"@type":"ListItem","position":2,"name":"Pol\u00edtica","item":"https:\/\/www.suno.com.br\/noticias\/politica\/"},{"@type":"ListItem","position":3,"name":"Uso de m\u00e1scara deixa de ser obrigat\u00f3rio em ambientes fechados no estado de SP"}]},{"@type":"WebSite","@id":"https:\/\/www.suno.com.br\/noticias\/#website","url":"https:\/\/www.suno.com.br\/noticias\/","name":"Suno Not\u00edcias","description":"Seu portal de informa\u00e7\u00e3o sobre o mundo dos investimentos","publisher":{"@id":"https:\/\/www.suno.com.br\/noticias\/#organization"},"potentialAction":[{"@type":"SearchAction","target":{"@type":"EntryPoint","urlTemplate":"https:\/\/www.suno.com.br\/noticias\/?s={search_term_string}"},"query-input":{"@type":"PropertyValueSpecification","valueRequired":true,"valueName":"search_term_string"}}],"inLanguage":"pt-BR"},{"@type":"Organization","@id":"https:\/\/www.suno.com.br\/noticias\/#organization","name":"Suno Not\u00edcias","url":"https:\/\/www.suno.com.br\/noticias\/","logo":{"@type":"ImageObject","inLanguage":"pt-BR","@id":"https:\/\/www.suno.com.br\/noticias\/#\/schema\/logo\/image\/","url":"https:\/\/files.sunoresearch.com.br\/n\/uploads\/2021\/09\/suno-logo.png","contentUrl":"https:\/\/files.sunoresearch.com.br\/n\/uploads\/2021\/09\/suno-logo.png","width":180,"height":180,"caption":"Suno Not\u00edcias"},"image":{"@id":"https:\/\/www.suno.com.br\/noticias\/#\/schema\/logo\/image\/"},"sameAs":["https:\/\/facebook.com\/sunoresearch","https:\/\/x.com\/sunoresearch","https:\/\/www.instagram.com\/suno","https:\/\/www.linkedin.com\/company\/suno-research\/","https:\/\/www.youtube.com\/c\/sunoresearch"]},{"@type":"Person","@id":"https:\/\/www.suno.com.br\/noticias\/#\/schema\/person\/46d847cb19ad53fde0857adca989c23f","name":"Vict\u00f3ria Anhesini","image":{"@type":"ImageObject","inLanguage":"pt-BR","@id":"https:\/\/www.suno.com.br\/noticias\/#\/schema\/person\/image\/","url":"https:\/\/secure.gravatar.com\/avatar\/0172bdfcd9129dd9dd68794804304e6e?s=96&r=g","contentUrl":"https:\/\/secure.gravatar.com\/avatar\/0172bdfcd9129dd9dd68794804304e6e?s=96&r=g","caption":"Vict\u00f3ria Anhesini"},"description":"Rep\u00f3rter no Suno Not\u00edcias, cobre mercados, neg\u00f3cios e economia, escrevendo majoritariamente sobre movimentos das empresas, cobertura de balan\u00e7os trimestrais e Bolsa de Valores. Formada em jornalismo pela Universidade Presbiteriana Mackenzie em 2019, passou pelo portal de economia e finan\u00e7as EuQueroInvestir como rep\u00f3rter e anteriormente, trabalhou na assessoria de imprensa PinePR, onde liderou com startups de inova\u00e7\u00e3o, tecnologia e finan\u00e7as. Em seu tempo livre, fala sobre m\u00fasica para ambos os sites do selo ForMusic, Wikimetal e Mad Sound, e faz trabalho volunt\u00e1rio no programa Escreve Cartas do Poupatempo.","sameAs":["https:\/\/www.linkedin.com\/in\/victoria-anhesini\/"],"url":"https:\/\/www.suno.com.br\/noticias\/author\/victoria\/"}]}},"default_loop_html":"<div class=\"cardsPage__listCard__boxs\"><div class=\"cardsPage__listCard__boxs__img\"><a href=\"https:\/\/www.suno.com.br\/noticias\/uso-de-mascaras-locais-fechados-liberado\/\"><img class=\"mask\" src=\"https:\/\/www.suno.com.br\/noticias\/wp-content\/themes\/suno\/resources\/images\/spotlight\/spotlight1img\/bg-mask.png\" alt=\"Image Mask\"\/><img src=\"https:\/\/files.sunoresearch.com.br\/n\/uploads\/2021\/12\/51585224983_7304e878bd_o-400x200.jpg\" alt=\"Uso de m\u00e1scara deixa de ser obrigat\u00f3rio em ambientes fechados no estado de SP\"\/><\/a><span class=\"spotlightCategory\"><a href=\"https:\/\/www.suno.com.br\/noticias\/politica\/\">Pol\u00edtica<\/a><\/span><\/div><div class=\"cardsPage__listCard__boxs__content\"><a href=\"https:\/\/www.suno.com.br\/noticias\/uso-de-mascaras-locais-fechados-liberado\/\"><h2 class=\"content__title\">Uso de m\u00e1scara deixa de ser obrigat\u00f3rio em ambientes fechados no estado de SP<\/h2><\/a><div class=\"newsContent__article__meta\"><div class=\"newsContent__article__meta__authorBox\"><a href=\"https:\/\/www.suno.com.br\/noticias\/author\/victoria\/\" class=\"authorBox__avatar noMobi\"><img src=\"https:\/\/files.sunoresearch.com.br\/n\/uploads\/2021\/12\/20190129VickyPINEAPPLE01-1-150x150.jpg\" alt=\"Vict\u00f3ria Anhesini\"><\/a><div class=\"authorBox__name\"><span>por\n\t\t\t<a href=\"https:\/\/www.suno.com.br\/noticias\/author\/victoria\/\"><span itemprop=\"author\">Vict\u00f3ria Anhesini<\/span><\/a><\/span><time datetime=\"2022-03-17T18:05:16-03:00\" itemprop=\"datePublished\">17\/03\/2022 18:05<\/time><\/div><\/div><\/div><\/div><\/div>","single_layout":"posts","amp_enabled":true,"_links":{"self":[{"href":"https:\/\/www.suno.com.br\/noticias\/wp-json\/wp\/v2\/posts\/242707"}],"collection":[{"href":"https:\/\/www.suno.com.br\/noticias\/wp-json\/wp\/v2\/posts"}],"about":[{"href":"https:\/\/www.suno.com.br\/noticias\/wp-json\/wp\/v2\/types\/post"}],"author":[{"embeddable":true,"href":"https:\/\/www.suno.com.br\/noticias\/wp-json\/wp\/v2\/users\/146"}],"replies":[{"embeddable":true,"href":"https:\/\/www.suno.com.br\/noticias\/wp-json\/wp\/v2\/comments?post=242707"}],"version-history":[{"count":3,"href":"https:\/\/www.suno.com.br\/noticias\/wp-json\/wp\/v2\/posts\/242707\/revisions"}],"predecessor-version":[{"id":242780,"href":"https:\/\/www.suno.com.br\/noticias\/wp-json\/wp\/v2\/posts\/242707\/revisions\/242780"}],"wp:featuredmedia":[{"embeddable":true,"href":"https:\/\/www.suno.com.br\/noticias\/wp-json\/wp\/v2\/media\/214176"}],"wp:attachment":[{"href":"https:\/\/www.suno.com.br\/noticias\/wp-json\/wp\/v2\/media?parent=242707"}],"wp:term":[{"taxonomy":"category","embeddable":true,"href":"https:\/\/www.suno.com.br\/noticias\/wp-json\/wp\/v2\/categories?post=242707"},{"taxonomy":"post_tag","embeddable":true,"href":"https:\/\/www.suno.com.br\/noticias\/wp-json\/wp\/v2\/tags?post=242707"},{"taxonomy":"suno_strategy","embeddable":true,"href":"https:\/\/www.suno.com.br\/noticias\/wp-json\/wp\/v2\/suno_strategy?post=242707"}],"curies":[{"name":"wp","href":"https:\/\/api.w.org\/{rel}","templated":true}]}}