{"id":24256,"date":"2019-05-13T09:06:08","date_gmt":"2019-05-13T12:06:08","guid":{"rendered":"https:\/\/www.suno.com.br\/noticias\/?p=24256"},"modified":"2021-06-13T23:45:40","modified_gmt":"2021-06-14T02:45:40","slug":"china-render-pressao-externa-guerra-comercial","status":"publish","type":"post","link":"https:\/\/www.suno.com.br\/noticias\/china-render-pressao-externa-guerra-comercial\/","title":{"rendered":"China diz que nunca vai se render \u00e0 press\u00e3o dos EUA; entenda a guerra comercial"},"content":{"rendered":"<p>O governo da China afirmou nesta segunda-feira (13) que o pa\u00eds &#8220;nunca vai se render a press\u00f5es externas&#8221;. A declara\u00e7\u00e3o ocorre depois que <strong>Donald Trump<\/strong> amea\u00e7ou impor <strong>tarifas<\/strong> sobre todas as <strong>importa\u00e7\u00f5es<\/strong> do pa\u00eds asi\u00e1tico.<\/p>\t<div class=\"wrapper-featured-image\">\n\t\t<figure class=\"spotlightImg\">\n\n\t\t\t<picture>\n\t\t\t\t<source media=\"(max-width: 768px)\" srcset=\"https:\/\/files.sunoresearch.com.br\/n\/uploads\/2019\/05\/e6b892db-xi-jiping-china-400x200.webp\">\n\t\t\t\t<img loading=\"lazy\" decoding=\"async\" class=\"newsContent__article__imgCapa lazyloadDisabled newsContent__article__imgCapa--noCaption\" src=\"https:\/\/files.sunoresearch.com.br\/n\/uploads\/2019\/05\/e6b892db-xi-jiping-china-800x450.webp\" width=\"800\" height=\"450\" alt=\"China diz que nunca vai se render \u00e0 press\u00e3o dos EUA; entenda a guerra comercial\" fetchpriority=high \/>\n\t\t\t<\/picture>\n\n\t\t\t<figcaption class=\"wp-caption-text wp-caption-text--hide\">Presidente da China v\u00ea guerra comercial como momento de oportunidades<\/figcaption>\n\t\t<\/figure>\n\t<\/div>\n\n\n<p>&#8220;Dissemos muitas vezes que acrescentar <strong>tarifas<\/strong> n\u00e3o vai resolver qualquer problema. A <strong>China<\/strong> nunca vai se render \u00e0 press\u00e3o externa. Temos a confian\u00e7a e a capacidade de proteger nossos direitos leg\u00edtimos e legais&#8221;, disse o porta-voz do Minist\u00e9rio das Rela\u00e7\u00f5es Exteriores,<span style=\"font-size: 1.21429rem;\">\u00a0Geng Shuang.\u00a0<\/span><\/p>\n\t<p>\n\t\t<a href=\"https:\/\/lp.suno.com.br\/ao\/sessao-estrategica-consultoria-c\/?utm_source=suno-noticias&#038;utm_medium=banner&#038;utm_campaign=_SNC36CE4E9F_&#038;utm_content=fundos-imobiliarios-ou-imoveis-onde-investir-500-mil-go\" target=\"_blank\" data-element=\"shortcode-suno-banner\" title=\"Banner SUNO, clique e saiba mais\">\n\t\t\t<picture>\n\t\t\t\t<source media=\"(max-width: 500px)\" srcset=\"https:\/\/files.sunoresearch.com.br\/n\/uploads\/2025\/09\/300x400.webp\">\n\t\t\t\t<img class=\"newsContent__article__imgCapa newsContent__article__imgCapa--banner\"\n\t\t\t\t\tsrc=\"https:\/\/files.sunoresearch.com.br\/n\/uploads\/2025\/09\/SN-DT-1420x240-1.webp\"\n\t\t\t\t\tdata-promo-id=\"635171\"\t\t\t\t\t\t\t\t\t\twidth='1420' height='240'\t\t\t\t\talt=\"https:\/\/files.sunoresearch.com.br\/n\/uploads\/2025\/09\/SN-DT-1420x240-1.webp\"\n\t\t\t\t>\n\t\t\t<\/picture>\n\t\t<\/a>\n\t<\/p>\n\n\n<p>A disputa comercial entre a <strong>China<\/strong> e os <strong>Estados Unidos<\/strong> foi intensificada na semana passada. A situa\u00e7\u00e3o se deu porque <strong>Trump<\/strong> anunciou o aumento nas tarifas de importa\u00e7\u00e3o dos <strong>produtos chineses.<\/strong> Dessa forma, a taxa passou de 10% para 25% sobre R$ 200 milh\u00f5es em <strong>importa\u00e7\u00f5es<\/strong> do asi\u00e1tico.<\/p>\n<p>A decis\u00e3o dos <strong>EUA<\/strong> levou a questionamentos sobre as <strong>negocia\u00e7\u00f5es comerciais<\/strong> entre as duas pot\u00eancias. Contudo, l\u00edderes dos dois pa\u00edses garantiram que as conversas entre <strong>Pequim<\/strong> e <strong>Washington<\/strong> iriam continuar.<\/p>\n<p><a href=\"https:\/\/www.suno.com.br\/noticias\/trump-eleva-tarifas-em-us-200-bilhoes-china-afirma-retaliar\/\">Saiba mais:\u00a0Trump eleva tarifas em US$ 200 bilh\u00f5es; China afirma retaliar<\/a><\/p>\n<p>Sobre o aumento das tarifas, a <strong>China<\/strong> afirmou que iria retaliar. Entretanto, o gigante asi\u00e1tico n\u00e3o deu detalhes de como seria esta rea\u00e7\u00e3o.\u00a0&#8220;Quanto aos detalhes, por favor continuem a prestar aten\u00e7\u00e3o. Copiando uma express\u00e3o dos EUA: esperem para ver&#8221;, disse\u00a0<span style=\"font-size: 1.21429rem;\">Geng Shuang.\u00a0<\/span><\/p>\n<h2>China e EUA no G20<\/h2>\n<p>No \u00faltimo domingo, o assessor econ\u00f4mico de <strong>Trump,<\/strong> Larry Kudlow, afirmou\u00a0 que h\u00e1 uma &#8220;forte possibilidade&#8221; de encontro entre os l\u00edderes das pot\u00eancias no <strong>G20.<\/strong> A reuni\u00e3o seria nos bastidores do evento que acontecer\u00e1 no Jap\u00e3o no pr\u00f3ximo m\u00eas.<\/p>\n<p>De acordo com <strong>Kudlow,<\/strong> nesse momento \u00e9 que pode ocorrer uma rea\u00e7\u00e3o chinesa \u00e0s tarifas americanas.<\/p>\n<p><a href=\"https:\/\/www.suno.com.br\/noticias\/trump-xi-jinping-reunir-g20\/\">Saiba Mais: Trump e Xi Jinping devem se reunir durante G20, diz assessor dos EUA<\/a><\/p>\n<h2>Negocia\u00e7\u00f5es comerciais<\/h2>\n<p>O aumento das tarifas sobre as importa\u00e7\u00e3o chinesas passaram a valer na \u00faltima sexta-feira (10).<\/p>\n<p>Durante a \u00faltima quinta-feira (9) a China e os EUA retornaram as <strong>negocia\u00e7\u00f5es<\/strong>, no entanto, o pa\u00eds asi\u00e1tico n\u00e3o conseguiu impedir o aumento das taxas. O Minist\u00e9rio do Com\u00e9rcio de Pequim lamentou a medida de<strong> Trump<\/strong>, mas acredita que os dois pa\u00edses podem evitar uma<strong> guerra comercial<\/strong>.<\/p>\n<p><a href=\"https:\/\/www.suno.com.br\/noticias\/china-mudar-pontos-acordo-eua\/\">Saiba mais:\u00a0China deve mudar quase todos os pontos de acordo com os Estados Unidos<\/a><\/p>\n<p>As novas tarifas entraram passaram a valer 00h01 (hor\u00e1rio de Washington) da sexta (10). O aumento de <strong>Trump<\/strong> ser\u00e1 colocado sobre mais de 5.700 produtos diferentes da <strong>China<\/strong>, desde vegetais cozidos at\u00e9 cadeiras para beb\u00eas.\u00a0De acordo com as autoridades americanas n\u00e3o ser\u00e3o taxadas os produtos que j\u00e1 est\u00e3o em embarca\u00e7\u00f5es com destino ao <strong>Estados Unidos<\/strong>.<\/p>\n","protected":false},"excerpt":{"rendered":"<p>O governo da China afirmou nesta segunda-feira (13) que o pa\u00eds &#8220;nunca vai se render a press\u00f5es externas&#8221;. A declara\u00e7\u00e3o ocorre depois que Donald Trump amea\u00e7ou impor tarifas sobre todas as importa\u00e7\u00f5es do pa\u00eds asi\u00e1tico. Presidente da China v\u00ea guerra comercial como momento de oportunidades &#8220;Dissemos muitas vezes que acrescentar tarifas n\u00e3o vai resolver qualquer [&hellip;]<\/p>\n","protected":false},"author":16,"featured_media":24262,"comment_status":"closed","ping_status":"closed","sticky":false,"template":"","format":"standard","meta":[],"categories":[63],"tags":[711,724,793,913],"suno_strategy":[],"class_list":["post-24256","post","type-post","status-publish","format-standard","has-post-thumbnail","hentry","category-internacional","tag-china","tag-donald-trump","tag-estados-unidos-eua","tag-xi-jinping"],"yoast_head":"<!-- This site is optimized with the Yoast SEO plugin v24.4 - https:\/\/yoast.com\/wordpress\/plugins\/seo\/ -->\n<title>China n\u00e3o vai se render \u00e0 press\u00e3o externa; entenda a guerra comercial<\/title>\n<meta name=\"description\" content=\"A China prometeu retaliar o aumento de tarifas dos Estados Unidos sobre produtos importados, mas ainda n\u00e3o deu detalhes. Clique, saiba mais.\" \/>\n<meta name=\"robots\" content=\"index, follow, max-snippet:-1, max-image-preview:large, max-video-preview:-1\" \/>\n<link rel=\"canonical\" href=\"https:\/\/www.suno.com.br\/noticias\/china-render-pressao-externa-guerra-comercial\/\" \/>\n<meta property=\"og:locale\" content=\"pt_BR\" \/>\n<meta property=\"og:type\" content=\"article\" \/>\n<meta property=\"og:title\" content=\"China n\u00e3o vai se render \u00e0 press\u00e3o externa; entenda a guerra comercial\" \/>\n<meta property=\"og:description\" content=\"A China prometeu retaliar o aumento de tarifas dos Estados Unidos sobre produtos importados, mas ainda n\u00e3o deu detalhes. Clique, saiba mais.\" \/>\n<meta property=\"og:url\" content=\"https:\/\/www.suno.com.br\/noticias\/china-render-pressao-externa-guerra-comercial\/\" \/>\n<meta property=\"og:site_name\" content=\"Suno Not\u00edcias\" \/>\n<meta property=\"article:publisher\" content=\"https:\/\/facebook.com\/sunoresearch\" \/>\n<meta property=\"og:image\" content=\"https:\/\/files.sunoresearch.com.br\/n\/uploads\/2019\/05\/e6b892db-xi-jiping-china.jpg\" \/>\n\t<meta property=\"og:image:width\" content=\"940\" \/>\n\t<meta property=\"og:image:height\" content=\"580\" \/>\n\t<meta property=\"og:image:type\" content=\"image\/jpeg\" \/>\n<meta name=\"author\" content=\"Beatriz Oliveira\" \/>\n<meta name=\"twitter:card\" content=\"summary_large_image\" \/>\n<meta name=\"twitter:creator\" content=\"@sunoresearch\" \/>\n<meta name=\"twitter:site\" content=\"@sunoresearch\" \/>\n<meta name=\"twitter:label1\" content=\"Escrito por\" \/>\n\t<meta name=\"twitter:data1\" content=\"Beatriz Oliveira\" \/>\n\t<meta name=\"twitter:label2\" content=\"Est. tempo de leitura\" \/>\n\t<meta name=\"twitter:data2\" content=\"2 minutos\" \/>\n<script type=\"application\/ld+json\" class=\"yoast-schema-graph\">{\"@context\":\"https:\/\/schema.org\",\"@graph\":[{\"@type\":\"NewsArticle\",\"@id\":\"https:\/\/www.suno.com.br\/noticias\/china-render-pressao-externa-guerra-comercial\/#article\",\"isPartOf\":{\"@id\":\"https:\/\/www.suno.com.br\/noticias\/china-render-pressao-externa-guerra-comercial\/\"},\"author\":{\"name\":\"Beatriz Oliveira\",\"@id\":\"https:\/\/www.suno.com.br\/noticias\/#\/schema\/person\/e67f665add014bf99f644028de070cc3\"},\"headline\":\"China diz que nunca vai se render \u00e0 press\u00e3o dos EUA; entenda a guerra comercial\",\"datePublished\":\"2019-05-13T12:06:08+00:00\",\"dateModified\":\"2021-06-14T02:45:40+00:00\",\"mainEntityOfPage\":{\"@id\":\"https:\/\/www.suno.com.br\/noticias\/china-render-pressao-externa-guerra-comercial\/\"},\"wordCount\":480,\"publisher\":{\"@id\":\"https:\/\/www.suno.com.br\/noticias\/#organization\"},\"image\":{\"@id\":\"https:\/\/www.suno.com.br\/noticias\/china-render-pressao-externa-guerra-comercial\/#primaryimage\"},\"thumbnailUrl\":\"https:\/\/files.sunoresearch.com.br\/n\/uploads\/2019\/05\/e6b892db-xi-jiping-china-jpg.webp\",\"keywords\":[\"China\",\"Donald Trump\",\"Estados Unidos (EUA)\",\"Xi Jinping\"],\"articleSection\":[\"Internacional\"],\"inLanguage\":\"pt-BR\"},{\"@type\":\"WebPage\",\"@id\":\"https:\/\/www.suno.com.br\/noticias\/china-render-pressao-externa-guerra-comercial\/\",\"url\":\"https:\/\/www.suno.com.br\/noticias\/china-render-pressao-externa-guerra-comercial\/\",\"name\":\"China n\u00e3o vai se render \u00e0 press\u00e3o externa; entenda a guerra comercial\",\"isPartOf\":{\"@id\":\"https:\/\/www.suno.com.br\/noticias\/#website\"},\"primaryImageOfPage\":{\"@id\":\"https:\/\/www.suno.com.br\/noticias\/china-render-pressao-externa-guerra-comercial\/#primaryimage\"},\"image\":{\"@id\":\"https:\/\/www.suno.com.br\/noticias\/china-render-pressao-externa-guerra-comercial\/#primaryimage\"},\"thumbnailUrl\":\"https:\/\/files.sunoresearch.com.br\/n\/uploads\/2019\/05\/e6b892db-xi-jiping-china-jpg.webp\",\"datePublished\":\"2019-05-13T12:06:08+00:00\",\"dateModified\":\"2021-06-14T02:45:40+00:00\",\"description\":\"A China prometeu retaliar o aumento de tarifas dos Estados Unidos sobre produtos importados, mas ainda n\u00e3o deu detalhes. Clique, saiba mais.\",\"breadcrumb\":{\"@id\":\"https:\/\/www.suno.com.br\/noticias\/china-render-pressao-externa-guerra-comercial\/#breadcrumb\"},\"inLanguage\":\"pt-BR\",\"potentialAction\":[{\"@type\":\"ReadAction\",\"target\":[\"https:\/\/www.suno.com.br\/noticias\/china-render-pressao-externa-guerra-comercial\/\"]}]},{\"@type\":\"ImageObject\",\"inLanguage\":\"pt-BR\",\"@id\":\"https:\/\/www.suno.com.br\/noticias\/china-render-pressao-externa-guerra-comercial\/#primaryimage\",\"url\":\"https:\/\/files.sunoresearch.com.br\/n\/uploads\/2019\/05\/e6b892db-xi-jiping-china-jpg.webp\",\"contentUrl\":\"https:\/\/files.sunoresearch.com.br\/n\/uploads\/2019\/05\/e6b892db-xi-jiping-china-jpg.webp\",\"width\":940,\"height\":580,\"caption\":\"Presidente da China v\u00ea guerra comercial como momento de oportunidades\"},{\"@type\":\"BreadcrumbList\",\"@id\":\"https:\/\/www.suno.com.br\/noticias\/china-render-pressao-externa-guerra-comercial\/#breadcrumb\",\"itemListElement\":[{\"@type\":\"ListItem\",\"position\":1,\"name\":\"Not\u00edcias\",\"item\":\"https:\/\/www.suno.com.br\/noticias\/\"},{\"@type\":\"ListItem\",\"position\":2,\"name\":\"Internacional\",\"item\":\"https:\/\/www.suno.com.br\/noticias\/internacional\/\"},{\"@type\":\"ListItem\",\"position\":3,\"name\":\"China diz que nunca vai se render \u00e0 press\u00e3o dos EUA; entenda a guerra comercial\"}]},{\"@type\":\"WebSite\",\"@id\":\"https:\/\/www.suno.com.br\/noticias\/#website\",\"url\":\"https:\/\/www.suno.com.br\/noticias\/\",\"name\":\"Suno Not\u00edcias\",\"description\":\"Seu portal de informa\u00e7\u00e3o sobre o mundo dos investimentos\",\"publisher\":{\"@id\":\"https:\/\/www.suno.com.br\/noticias\/#organization\"},\"potentialAction\":[{\"@type\":\"SearchAction\",\"target\":{\"@type\":\"EntryPoint\",\"urlTemplate\":\"https:\/\/www.suno.com.br\/noticias\/?s={search_term_string}\"},\"query-input\":{\"@type\":\"PropertyValueSpecification\",\"valueRequired\":true,\"valueName\":\"search_term_string\"}}],\"inLanguage\":\"pt-BR\"},{\"@type\":\"Organization\",\"@id\":\"https:\/\/www.suno.com.br\/noticias\/#organization\",\"name\":\"Suno Not\u00edcias\",\"url\":\"https:\/\/www.suno.com.br\/noticias\/\",\"logo\":{\"@type\":\"ImageObject\",\"inLanguage\":\"pt-BR\",\"@id\":\"https:\/\/www.suno.com.br\/noticias\/#\/schema\/logo\/image\/\",\"url\":\"https:\/\/files.sunoresearch.com.br\/n\/uploads\/2021\/09\/suno-logo.png\",\"contentUrl\":\"https:\/\/files.sunoresearch.com.br\/n\/uploads\/2021\/09\/suno-logo.png\",\"width\":180,\"height\":180,\"caption\":\"Suno Not\u00edcias\"},\"image\":{\"@id\":\"https:\/\/www.suno.com.br\/noticias\/#\/schema\/logo\/image\/\"},\"sameAs\":[\"https:\/\/facebook.com\/sunoresearch\",\"https:\/\/x.com\/sunoresearch\",\"https:\/\/www.instagram.com\/suno\",\"https:\/\/www.linkedin.com\/company\/suno-research\/\",\"https:\/\/www.youtube.com\/c\/sunoresearch\"]},{\"@type\":\"Person\",\"@id\":\"https:\/\/www.suno.com.br\/noticias\/#\/schema\/person\/e67f665add014bf99f644028de070cc3\",\"name\":\"Beatriz Oliveira\",\"image\":{\"@type\":\"ImageObject\",\"inLanguage\":\"pt-BR\",\"@id\":\"https:\/\/www.suno.com.br\/noticias\/#\/schema\/person\/image\/\",\"url\":\"https:\/\/secure.gravatar.com\/avatar\/c9aa6a0aaecc598d257d5d5bd349157d?s=96&r=g\",\"contentUrl\":\"https:\/\/secure.gravatar.com\/avatar\/c9aa6a0aaecc598d257d5d5bd349157d?s=96&r=g\",\"caption\":\"Beatriz Oliveira\"},\"description\":\"Formada em Jornalismo pela Faculdade Paulus de Tecnologia e Comunica\u00e7\u00e3o, Beatriz Oliveira escreve para o portal de not\u00edcias Suno Research. Antes, passou pelas reda\u00e7\u00f5es da Revista EXAME e da Rede Bandeirantes.\",\"url\":\"https:\/\/www.suno.com.br\/noticias\/author\/beatriz\/\"}]}<\/script>\n<!-- \/ Yoast SEO plugin. -->","yoast_head_json":{"title":"China n\u00e3o vai se render \u00e0 press\u00e3o externa; entenda a guerra comercial","description":"A China prometeu retaliar o aumento de tarifas dos Estados Unidos sobre produtos importados, mas ainda n\u00e3o deu detalhes. Clique, saiba mais.","robots":{"index":"index","follow":"follow","max-snippet":"max-snippet:-1","max-image-preview":"max-image-preview:large","max-video-preview":"max-video-preview:-1"},"canonical":"https:\/\/www.suno.com.br\/noticias\/china-render-pressao-externa-guerra-comercial\/","og_locale":"pt_BR","og_type":"article","og_title":"China n\u00e3o vai se render \u00e0 press\u00e3o externa; entenda a guerra comercial","og_description":"A China prometeu retaliar o aumento de tarifas dos Estados Unidos sobre produtos importados, mas ainda n\u00e3o deu detalhes. Clique, saiba mais.","og_url":"https:\/\/www.suno.com.br\/noticias\/china-render-pressao-externa-guerra-comercial\/","og_site_name":"Suno Not\u00edcias","article_publisher":"https:\/\/facebook.com\/sunoresearch","og_image":[{"width":940,"height":580,"url":"https:\/\/files.sunoresearch.com.br\/n\/uploads\/2019\/05\/e6b892db-xi-jiping-china.jpg","type":"image\/jpeg"}],"author":"Beatriz Oliveira","twitter_card":"summary_large_image","twitter_creator":"@sunoresearch","twitter_site":"@sunoresearch","twitter_misc":{"Escrito por":"Beatriz Oliveira","Est. tempo de leitura":"2 minutos"},"schema":{"@context":"https:\/\/schema.org","@graph":[{"@type":"NewsArticle","@id":"https:\/\/www.suno.com.br\/noticias\/china-render-pressao-externa-guerra-comercial\/#article","isPartOf":{"@id":"https:\/\/www.suno.com.br\/noticias\/china-render-pressao-externa-guerra-comercial\/"},"author":{"name":"Beatriz Oliveira","@id":"https:\/\/www.suno.com.br\/noticias\/#\/schema\/person\/e67f665add014bf99f644028de070cc3"},"headline":"China diz que nunca vai se render \u00e0 press\u00e3o dos EUA; entenda a guerra comercial","datePublished":"2019-05-13T12:06:08+00:00","dateModified":"2021-06-14T02:45:40+00:00","mainEntityOfPage":{"@id":"https:\/\/www.suno.com.br\/noticias\/china-render-pressao-externa-guerra-comercial\/"},"wordCount":480,"publisher":{"@id":"https:\/\/www.suno.com.br\/noticias\/#organization"},"image":{"@id":"https:\/\/www.suno.com.br\/noticias\/china-render-pressao-externa-guerra-comercial\/#primaryimage"},"thumbnailUrl":"https:\/\/files.sunoresearch.com.br\/n\/uploads\/2019\/05\/e6b892db-xi-jiping-china-jpg.webp","keywords":["China","Donald Trump","Estados Unidos (EUA)","Xi Jinping"],"articleSection":["Internacional"],"inLanguage":"pt-BR"},{"@type":"WebPage","@id":"https:\/\/www.suno.com.br\/noticias\/china-render-pressao-externa-guerra-comercial\/","url":"https:\/\/www.suno.com.br\/noticias\/china-render-pressao-externa-guerra-comercial\/","name":"China n\u00e3o vai se render \u00e0 press\u00e3o externa; entenda a guerra comercial","isPartOf":{"@id":"https:\/\/www.suno.com.br\/noticias\/#website"},"primaryImageOfPage":{"@id":"https:\/\/www.suno.com.br\/noticias\/china-render-pressao-externa-guerra-comercial\/#primaryimage"},"image":{"@id":"https:\/\/www.suno.com.br\/noticias\/china-render-pressao-externa-guerra-comercial\/#primaryimage"},"thumbnailUrl":"https:\/\/files.sunoresearch.com.br\/n\/uploads\/2019\/05\/e6b892db-xi-jiping-china-jpg.webp","datePublished":"2019-05-13T12:06:08+00:00","dateModified":"2021-06-14T02:45:40+00:00","description":"A China prometeu retaliar o aumento de tarifas dos Estados Unidos sobre produtos importados, mas ainda n\u00e3o deu detalhes. Clique, saiba mais.","breadcrumb":{"@id":"https:\/\/www.suno.com.br\/noticias\/china-render-pressao-externa-guerra-comercial\/#breadcrumb"},"inLanguage":"pt-BR","potentialAction":[{"@type":"ReadAction","target":["https:\/\/www.suno.com.br\/noticias\/china-render-pressao-externa-guerra-comercial\/"]}]},{"@type":"ImageObject","inLanguage":"pt-BR","@id":"https:\/\/www.suno.com.br\/noticias\/china-render-pressao-externa-guerra-comercial\/#primaryimage","url":"https:\/\/files.sunoresearch.com.br\/n\/uploads\/2019\/05\/e6b892db-xi-jiping-china-jpg.webp","contentUrl":"https:\/\/files.sunoresearch.com.br\/n\/uploads\/2019\/05\/e6b892db-xi-jiping-china-jpg.webp","width":940,"height":580,"caption":"Presidente da China v\u00ea guerra comercial como momento de oportunidades"},{"@type":"BreadcrumbList","@id":"https:\/\/www.suno.com.br\/noticias\/china-render-pressao-externa-guerra-comercial\/#breadcrumb","itemListElement":[{"@type":"ListItem","position":1,"name":"Not\u00edcias","item":"https:\/\/www.suno.com.br\/noticias\/"},{"@type":"ListItem","position":2,"name":"Internacional","item":"https:\/\/www.suno.com.br\/noticias\/internacional\/"},{"@type":"ListItem","position":3,"name":"China diz que nunca vai se render \u00e0 press\u00e3o dos EUA; entenda a guerra comercial"}]},{"@type":"WebSite","@id":"https:\/\/www.suno.com.br\/noticias\/#website","url":"https:\/\/www.suno.com.br\/noticias\/","name":"Suno Not\u00edcias","description":"Seu portal de informa\u00e7\u00e3o sobre o mundo dos investimentos","publisher":{"@id":"https:\/\/www.suno.com.br\/noticias\/#organization"},"potentialAction":[{"@type":"SearchAction","target":{"@type":"EntryPoint","urlTemplate":"https:\/\/www.suno.com.br\/noticias\/?s={search_term_string}"},"query-input":{"@type":"PropertyValueSpecification","valueRequired":true,"valueName":"search_term_string"}}],"inLanguage":"pt-BR"},{"@type":"Organization","@id":"https:\/\/www.suno.com.br\/noticias\/#organization","name":"Suno Not\u00edcias","url":"https:\/\/www.suno.com.br\/noticias\/","logo":{"@type":"ImageObject","inLanguage":"pt-BR","@id":"https:\/\/www.suno.com.br\/noticias\/#\/schema\/logo\/image\/","url":"https:\/\/files.sunoresearch.com.br\/n\/uploads\/2021\/09\/suno-logo.png","contentUrl":"https:\/\/files.sunoresearch.com.br\/n\/uploads\/2021\/09\/suno-logo.png","width":180,"height":180,"caption":"Suno Not\u00edcias"},"image":{"@id":"https:\/\/www.suno.com.br\/noticias\/#\/schema\/logo\/image\/"},"sameAs":["https:\/\/facebook.com\/sunoresearch","https:\/\/x.com\/sunoresearch","https:\/\/www.instagram.com\/suno","https:\/\/www.linkedin.com\/company\/suno-research\/","https:\/\/www.youtube.com\/c\/sunoresearch"]},{"@type":"Person","@id":"https:\/\/www.suno.com.br\/noticias\/#\/schema\/person\/e67f665add014bf99f644028de070cc3","name":"Beatriz Oliveira","image":{"@type":"ImageObject","inLanguage":"pt-BR","@id":"https:\/\/www.suno.com.br\/noticias\/#\/schema\/person\/image\/","url":"https:\/\/secure.gravatar.com\/avatar\/c9aa6a0aaecc598d257d5d5bd349157d?s=96&r=g","contentUrl":"https:\/\/secure.gravatar.com\/avatar\/c9aa6a0aaecc598d257d5d5bd349157d?s=96&r=g","caption":"Beatriz Oliveira"},"description":"Formada em Jornalismo pela Faculdade Paulus de Tecnologia e Comunica\u00e7\u00e3o, Beatriz Oliveira escreve para o portal de not\u00edcias Suno Research. Antes, passou pelas reda\u00e7\u00f5es da Revista EXAME e da Rede Bandeirantes.","url":"https:\/\/www.suno.com.br\/noticias\/author\/beatriz\/"}]}},"default_loop_html":"<div class=\"cardsPage__listCard__boxs\"><div class=\"cardsPage__listCard__boxs__img\"><a href=\"https:\/\/www.suno.com.br\/noticias\/china-render-pressao-externa-guerra-comercial\/\"><img class=\"mask\" src=\"https:\/\/www.suno.com.br\/noticias\/wp-content\/themes\/suno\/resources\/images\/spotlight\/spotlight1img\/bg-mask.png\" alt=\"Image Mask\"\/><img src=\"https:\/\/files.sunoresearch.com.br\/n\/uploads\/2019\/05\/e6b892db-xi-jiping-china-400x200.webp\" alt=\"China diz que nunca vai se render \u00e0 press\u00e3o dos EUA; entenda a guerra comercial\"\/><\/a><span class=\"spotlightCategory\"><a href=\"https:\/\/www.suno.com.br\/noticias\/internacional\/\">Internacional<\/a><\/span><\/div><div class=\"cardsPage__listCard__boxs__content\"><a href=\"https:\/\/www.suno.com.br\/noticias\/china-render-pressao-externa-guerra-comercial\/\"><h2 class=\"content__title\">China diz que nunca vai se render \u00e0 press\u00e3o dos EUA; entenda a guerra comercial<\/h2><\/a><div class=\"newsContent__article__meta\"><div class=\"newsContent__article__meta__authorBox\"><a href=\"https:\/\/www.suno.com.br\/noticias\/author\/beatriz\/\" class=\"authorBox__avatar noMobi\"><img src=\"https:\/\/secure.gravatar.com\/avatar\/c9aa6a0aaecc598d257d5d5bd349157d?s=96&#038;r=g\" alt=\"Beatriz Oliveira\"><\/a><div class=\"authorBox__name\"><span>por\n\t\t\t<a href=\"https:\/\/www.suno.com.br\/noticias\/author\/beatriz\/\"><span itemprop=\"author\">Beatriz Oliveira<\/span><\/a><\/span><time datetime=\"2019-05-13T09:06:08-03:00\" itemprop=\"datePublished\">13\/05\/2019 09:06<\/time><\/div><\/div><\/div><\/div><\/div>","single_layout":"posts","amp_enabled":true,"_links":{"self":[{"href":"https:\/\/www.suno.com.br\/noticias\/wp-json\/wp\/v2\/posts\/24256"}],"collection":[{"href":"https:\/\/www.suno.com.br\/noticias\/wp-json\/wp\/v2\/posts"}],"about":[{"href":"https:\/\/www.suno.com.br\/noticias\/wp-json\/wp\/v2\/types\/post"}],"author":[{"embeddable":true,"href":"https:\/\/www.suno.com.br\/noticias\/wp-json\/wp\/v2\/users\/16"}],"replies":[{"embeddable":true,"href":"https:\/\/www.suno.com.br\/noticias\/wp-json\/wp\/v2\/comments?post=24256"}],"version-history":[{"count":1,"href":"https:\/\/www.suno.com.br\/noticias\/wp-json\/wp\/v2\/posts\/24256\/revisions"}],"predecessor-version":[{"id":157391,"href":"https:\/\/www.suno.com.br\/noticias\/wp-json\/wp\/v2\/posts\/24256\/revisions\/157391"}],"wp:featuredmedia":[{"embeddable":true,"href":"https:\/\/www.suno.com.br\/noticias\/wp-json\/wp\/v2\/media\/24262"}],"wp:attachment":[{"href":"https:\/\/www.suno.com.br\/noticias\/wp-json\/wp\/v2\/media?parent=24256"}],"wp:term":[{"taxonomy":"category","embeddable":true,"href":"https:\/\/www.suno.com.br\/noticias\/wp-json\/wp\/v2\/categories?post=24256"},{"taxonomy":"post_tag","embeddable":true,"href":"https:\/\/www.suno.com.br\/noticias\/wp-json\/wp\/v2\/tags?post=24256"},{"taxonomy":"suno_strategy","embeddable":true,"href":"https:\/\/www.suno.com.br\/noticias\/wp-json\/wp\/v2\/suno_strategy?post=24256"}],"curies":[{"name":"wp","href":"https:\/\/api.w.org\/{rel}","templated":true}]}}