{"id":242466,"date":"2022-03-17T09:08:17","date_gmt":"2022-03-17T12:08:17","guid":{"rendered":"https:\/\/www.suno.com.br\/noticias\/?p=242466"},"modified":"2022-03-17T09:08:17","modified_gmt":"2022-03-17T12:08:17","slug":"petrobras-petr4-diretores-bolsonaro-demitir","status":"publish","type":"post","link":"https:\/\/www.suno.com.br\/noticias\/petrobras-petr4-diretores-bolsonaro-demitir\/","title":{"rendered":"Bolsonaro avalia demitir at\u00e9 3 diretores da Petrobras (PETR4), mas Silva e Luna fica"},"content":{"rendered":"<p>O presidente Jair Bolsonaro (PL) avalia a demiss\u00e3o de 2 a 3 diretores da <strong>Petrobras<\/strong> (<a href=\"https:\/\/www.suno.com.br\/acoes\/PETR4\/\">PETR4<\/a>), segundo apurou o site Poder 360.<\/p>\t<div class=\"wrapper-featured-image\">\n\t\t<figure class=\"spotlightImg\">\n\n\t\t\t<picture>\n\t\t\t\t<source media=\"(max-width: 768px)\" srcset=\"https:\/\/files.sunoresearch.com.br\/n\/uploads\/2022\/03\/40254788453_57b5dff3bb_o-400x200.jpg\">\n\t\t\t\t<img loading=\"lazy\" decoding=\"async\" class=\"newsContent__article__imgCapa lazyloadDisabled \" src=\"https:\/\/files.sunoresearch.com.br\/n\/uploads\/2022\/03\/40254788453_57b5dff3bb_o-800x450.jpg\" width=\"800\" height=\"450\" alt=\"Bolsonaro avalia demitir at\u00e9 3 diretores da Petrobras (PETR4), mas Silva e Luna fica\" fetchpriority=high \/>\n\t\t\t<\/picture>\n\n\t\t\t<figcaption class=\"wp-caption-text wp-caption-text--show\">Segundo mensagens obtidas pelo Estad\u00e3o, Bolsonaro fez press\u00e3o em presidentes por &#039;medidas de conten\u00e7\u00e3o&#039; na Petrobras - Foto: Ag\u00eancia Brasil<\/figcaption>\n\t\t<\/figure>\n\t<\/div>\n\n\n\t<p>\n\t\t<a href=\"\" target=\"_blank\" data-element=\"shortcode-suno-banner\" title=\"Banner SUNO, clique e saiba mais\">\n\t\t\t<picture>\n\t\t\t\t<source media=\"(max-width: 500px)\" srcset=\"\">\n\t\t\t\t<img class=\"newsContent__article__imgCapa newsContent__article__imgCapa--banner\"\n\t\t\t\t\tsrc=\"\"\n\t\t\t\t\tdata-promo-id=\"138420\"\t\t\t\t\t\t\t\t\t\t\t\t\t\t\talt=\"\"\n\t\t\t\t>\n\t\t\t<\/picture>\n\t\t<\/a>\n\t<\/p>\n\n\n<p>Nos \u00faltimos dias, <strong>Bolsonaro<\/strong> j\u00e1 havia demonstrado insatisfa\u00e7\u00e3o com o atual <strong>presidente da Petrobras<\/strong>, o General Joaquim Silva e Luna.<\/p>\n<p>O principal motivo para a indisposi\u00e7\u00e3o tem sido<a href=\"https:\/\/www.suno.com.br\/artigos\/cotacao-do-petroleo\"> a alta do pre\u00e7o da <strong>gasolina<\/strong><\/a>, j\u00e1 que a estatal fez um reajuste ap\u00f3s mais de 57 dias &#8211; o que gerou insatisfa\u00e7\u00e3o da popula\u00e7\u00e3o e pode custar capital pol\u00edtico para Bolsonaro, que concorrer\u00e1 \u00e0 reelei\u00e7\u00e3o.<\/p>\n<p>Ainda nesta semana, em entrevista \u00e0 TV Ponta Negra, afiliada do SBT no Rio Grande do Norte, <a href=\"https:\/\/www.suno.com.br\/noticias\/petrobras-petr4-demissao-silva-e-luna-bolsonaro\/\">Bolsonaro disse que todo mundo pode ser substitu\u00eddo se n\u00e3o estiver fazendo seu trabalho da melhor forma<\/a>.<\/p>\n<p>\u201cExiste a possibilidade, todo mundo pode ser substitu\u00eddo se n\u00e3o estiver fazendo trabalho a contento. (\u2026) Todos podem ser trocados por falha ou omiss\u00e3o\u201d, disse.<\/p>\n<p>Vale frisar que a demiss\u00e3o de diretores executivos deve passar, ainda, pelo <a class=\"suno-keyword\" href=\"https:\/\/www.suno.com.br\/artigos\/conselho-administracao\/\" target=\"_blank\" rel=\"noopener\" data-force=\"no\" data-priority=\"1\">Conselho de Administra\u00e7\u00e3o<\/a> da companhia.<\/p>\n<p>Atualmente, o corpo executivo da Petrobras \u00e9 formado por:<\/p>\n<ul>\n<li>Joaquim Silva e Luna \u2013 presidente<\/li>\n<li>Claudio Mastella \u2013 diretor-executivo de Comercializa\u00e7\u00e3o e Log\u00edstica<\/li>\n<li>Fernando Borges \u2013 diretor-executivo de Explora\u00e7\u00e3o e Produ\u00e7\u00e3o<\/li>\n<li>Jo\u00e3o Henrique Ritterhaussen\u2013 diretor-executivo de Desenvolvimento da Produ\u00e7\u00e3o<\/li>\n<li>Juliano de Carvalho Dantaas \u2013 diretor de transforma\u00e7\u00e3o digital e inova\u00e7\u00e3o<\/li>\n<li>Rafael Chaves\u2013 diretor-executivo de Relacionamento Institucional e Sustentabilidade<\/li>\n<li>Rodrigo Ara\u00fajo Alves \u2013 diretor-executivo Financeiro e de Relacionamento com Investidores<\/li>\n<li>Rodrigo Costa Lima e Silva \u2013 diretor-executivo de refino e g\u00e1s natural<\/li>\n<li>Salvador Dahan \u2013 diretor-executivo de Governan\u00e7a e Conformidade<\/li>\n<\/ul>\n\t<p>\n\t\t<a href=\"https:\/\/lp.suno.com.br\/planilha-controle-gastos\/\" target=\"_blank\" data-element=\"shortcode-suno-banner\" title=\"Banner SUNO, clique e saiba mais\">\n\t\t\t<picture>\n\t\t\t\t<source media=\"(max-width: 500px)\" srcset=\"https:\/\/files.sunoresearch.com.br\/n\/uploads\/2023\/03\/400x300-Planilha-controle-de-gastos.png\">\n\t\t\t\t<img class=\"newsContent__article__imgCapa newsContent__article__imgCapa--banner\"\n\t\t\t\t\tsrc=\"https:\/\/files.sunoresearch.com.br\/n\/uploads\/2023\/03\/1420x240-Planilha-controle-de-gastos.png\"\n\t\t\t\t\tdata-promo-id=\"101751\"\t\t\t\t\t\t\t\t\t\twidth='1420' height='240'\t\t\t\t\talt=\"https:\/\/files.sunoresearch.com.br\/n\/uploads\/2023\/03\/1420x240-Planilha-controle-de-gastos.png\"\n\t\t\t\t>\n\t\t\t<\/picture>\n\t\t<\/a>\n\t<\/p>\n\n\n<p>Al\u00e9m da insatisfa\u00e7\u00e3o com os valores, Bolsonaro disse, em entrevista, que pediu &#8220;n\u00e3o oficialmente\u201d para que a Petrobras atrasasse em um dia o an\u00fancio de reajustes.<\/p>\n<p>\u201cFoi feito contato com a Petrobras porque chegou para n\u00f3s que eles iriam reajustar na 5\u00aa feira da semana passada. Foi feito um pedido para que deixassem para o dia seguinte, atrasassem um dia. Eles n\u00e3o nos atenderam. N\u00f3s n\u00e3o podemos interferir no pre\u00e7o da Petrobras. Se pudesse interferir, as decis\u00f5es seriam outras\u201d, disse.<\/p>\n<p>Na sua avalia\u00e7\u00e3o, o reajuste, que jogou o pre\u00e7o-m\u00e9dio da gasolina para R$ 7,47, foi um &#8220;crime contra a popula\u00e7\u00e3o&#8221;.<\/p>\n<p>\u201cPor um dia a Petrobras cometeu esse aumento absurdo nos pre\u00e7os dos combust\u00edveis. Isso n\u00e3o \u00e9 interferir na Petrobras [com] a a\u00e7\u00e3o governamental, \u00e9 apenas bom-senso. Poderia esperar\u201d, defendeu.<\/p>\n\t<p>\n\t\t<a href=\"https:\/\/lp.suno.com.br\/planilha-da-vida-financeira\/\" target=\"_blank\" data-element=\"shortcode-suno-banner\" title=\"Banner SUNO, clique e saiba mais\">\n\t\t\t<picture>\n\t\t\t\t<source media=\"(max-width: 500px)\" srcset=\"https:\/\/files.sunoresearch.com.br\/n\/uploads\/2023\/04\/400x300-Planilha-vida-financeira-true.png\">\n\t\t\t\t<img class=\"newsContent__article__imgCapa newsContent__article__imgCapa--banner\"\n\t\t\t\t\tsrc=\"https:\/\/files.sunoresearch.com.br\/n\/uploads\/2023\/04\/1420x240-Planilha-vida-financeira-true.png\"\n\t\t\t\t\tdata-promo-id=\"106682\"\t\t\t\t\t\t\t\t\t\twidth='1420' height='240'\t\t\t\t\talt=\"https:\/\/files.sunoresearch.com.br\/n\/uploads\/2023\/04\/1420x240-Planilha-vida-financeira-true.png\"\n\t\t\t\t>\n\t\t\t<\/picture>\n\t\t<\/a>\n\t<\/p>\n\n\n<p>Em mais cr\u00edticas, afirmou que a estatal s\u00f3 pensa nos lucros e na pr\u00f3pria companhia.<\/p>\n<p>&#8220;A Petrobras se transformou em <strong>Petrobras Futebol Clube<\/strong>, clubinho que s\u00f3 pensa neles, jamais no Brasil. At\u00e9 mesmo repasse para o g\u00e1s de cozinha, impens\u00e1vel, fizeram tamb\u00e9m\u201d, disse em entrevista gravada na \u00faltima semana no Pal\u00e1cio do Planalto.<\/p>\n<p>\u201cPara mim, \u00e9 uma empresa que poderia ser privatizada hoje\u201d, acrescentou\u00a0<strong>Bolsonaro<\/strong>, reassumindo a tentativa de livrar o governo do \u00f4nus pol\u00edtico do reajuste.<\/p>\n<h2>MP e TCU de olho na interfer\u00eancia na Petrobras<\/h2>\n<p>O Minist\u00e9rio P\u00fablico (MP) solicitou ao <a href=\"https:\/\/portal.tcu.gov.br\/inicio\/\">Tribunal de Contas da Uni\u00e3o (TCU)<\/a>, na \u00faltima segunda (14), que seja apurada a poss\u00edvel interfer\u00eancia do governo Federal na <strong>pol\u00edtica de pre\u00e7os da Petrobras<\/strong>.<\/p>\n<p>O subprocurador do Minist\u00e9rio, Lucas Rocha Furtado, relatou uma s\u00e9rie de declara\u00e7\u00f5es p\u00fablicas de\u00a0Bolsonaro que teriam interferido na cota\u00e7\u00e3o das <strong><a href=\"https:\/\/statusinvest.com.br\/acoes\/petr4\">a\u00e7\u00f5es<\/a> da Petrobras<\/strong>.<\/p>\n<p>Segundo a autoridade, <a href=\"https:\/\/www.suno.com.br\/noticias\/petrobras-petr4-ministerio-publico-cobra-apuracao-tcu\/\">o \u201cexcesso de interfer\u00eancia\u201d sobre as decis\u00f5es corporativas<\/a>, por parte do governo, levaria a poss\u00edveis preju\u00edzos materiais \u00e0 Petrobras, al\u00e9m do detrimento da sua imagem mercadol\u00f3gica e traria dificuldades aos acionistas minorit\u00e1rios.<\/p>\n<p>\u201cIsso pode gerar, por parte desses, questionamentos judiciais em face da Uni\u00e3o, inclusive com pedidos de indeniza\u00e7\u00e3o\u201d, diz.<\/p>\n<p>A representa\u00e7\u00e3o entende que a alta do\u00a0petr\u00f3leo\u00a0\u00e9 causada pela\u00a0guerra na Ucr\u00e2nia\u00a0e afirma que a <strong>Petrobras<\/strong> precisa equilibrar seus custos de produ\u00e7\u00e3o e comercializa\u00e7\u00e3o com os valores dos produtos que vende no mercado interno.<\/p>\n\t<p>\n\t\t<a href=\"https:\/\/lp.suno.com.br\/ebook-como-analisar-uma-acao\/\" target=\"_blank\" data-element=\"shortcode-suno-banner\" title=\"Banner SUNO, clique e saiba mais\">\n\t\t\t<picture>\n\t\t\t\t<source media=\"(max-width: 500px)\" srcset=\"https:\/\/files.sunoresearch.com.br\/n\/uploads\/2023\/03\/Ebook-Acoes-Mobile-1.jpg\">\n\t\t\t\t<img class=\"newsContent__article__imgCapa newsContent__article__imgCapa--banner\"\n\t\t\t\t\tsrc=\"https:\/\/files.sunoresearch.com.br\/n\/uploads\/2023\/03\/Ebook-Acoes-Desktop-1.jpg\"\n\t\t\t\t\tdata-promo-id=\"171998\"\t\t\t\t\t\t\t\t\t\twidth='1420' height='286'\t\t\t\t\talt=\"https:\/\/files.sunoresearch.com.br\/n\/uploads\/2023\/03\/Ebook-Acoes-Desktop-1.jpg\"\n\t\t\t\t>\n\t\t\t<\/picture>\n\t\t<\/a>\n\t<\/p>\n\n\n","protected":false},"excerpt":{"rendered":"<p>O presidente Jair Bolsonaro (PL) avalia a demiss\u00e3o de 2 a 3 diretores da Petrobras (PETR4), segundo apurou o site Poder 360. Segundo mensagens obtidas pelo Estad\u00e3o, Bolsonaro fez press\u00e3o em presidentes por &#039;medidas de conten\u00e7\u00e3o&#039; na Petrobras &#8211; Foto: Ag\u00eancia Brasil Nos \u00faltimos dias, Bolsonaro j\u00e1 havia demonstrado insatisfa\u00e7\u00e3o com o atual presidente da [&hellip;]<\/p>\n","protected":false},"author":73,"featured_media":242492,"comment_status":"closed","ping_status":"closed","sticky":false,"template":"","format":"standard","meta":[],"categories":[64],"tags":[719,105988,595],"suno_strategy":[],"class_list":["post-242466","post","type-post","status-publish","format-standard","has-post-thumbnail","hentry","category-negocios","tag-jair-bolsonaro","tag-joaquim-silva-e-luna","tag-petrobras-petr4"],"yoast_head":"<!-- This site is optimized with the Yoast SEO plugin v24.4 - https:\/\/yoast.com\/wordpress\/plugins\/seo\/ -->\n<title>Bolsonaro avalia demitir at\u00e9 3 diretores da Petrobras (PETR4)<\/title>\n<meta name=\"description\" content=\"Bolsonaro tem aumentado as tens\u00f5es com a Petrobras ap\u00f3s criticar pre\u00e7os e comentar que Silva e Luna \u00e9 &#039;substitu\u00edvel&#039;. Clique aqui e leia mais\" \/>\n<meta name=\"robots\" content=\"index, follow, max-snippet:-1, max-image-preview:large, max-video-preview:-1\" \/>\n<link rel=\"canonical\" href=\"https:\/\/www.suno.com.br\/noticias\/petrobras-petr4-diretores-bolsonaro-demitir\/\" \/>\n<meta property=\"og:locale\" content=\"pt_BR\" \/>\n<meta property=\"og:type\" content=\"article\" \/>\n<meta property=\"og:title\" content=\"Bolsonaro avalia demitir at\u00e9 3 diretores da Petrobras (PETR4)\" \/>\n<meta property=\"og:description\" content=\"Bolsonaro tem aumentado as tens\u00f5es com a Petrobras ap\u00f3s criticar pre\u00e7os e comentar que Silva e Luna \u00e9 &#039;substitu\u00edvel&#039;. Clique aqui e leia mais\" \/>\n<meta property=\"og:url\" content=\"https:\/\/www.suno.com.br\/noticias\/petrobras-petr4-diretores-bolsonaro-demitir\/\" \/>\n<meta property=\"og:site_name\" content=\"Suno Not\u00edcias\" \/>\n<meta property=\"article:publisher\" content=\"https:\/\/facebook.com\/sunoresearch\" \/>\n<meta property=\"og:image\" content=\"https:\/\/files.sunoresearch.com.br\/n\/uploads\/2022\/03\/40254788453_57b5dff3bb_o-scaled.jpg\" \/>\n\t<meta property=\"og:image:width\" content=\"2560\" \/>\n\t<meta property=\"og:image:height\" content=\"1706\" \/>\n\t<meta property=\"og:image:type\" content=\"image\/jpeg\" \/>\n<meta name=\"author\" content=\"Eduardo Vargas\" \/>\n<meta name=\"twitter:card\" content=\"summary_large_image\" \/>\n<meta name=\"twitter:creator\" content=\"@sunoresearch\" \/>\n<meta name=\"twitter:site\" content=\"@sunoresearch\" \/>\n<meta name=\"twitter:label1\" content=\"Escrito por\" \/>\n\t<meta name=\"twitter:data1\" content=\"Eduardo Vargas\" \/>\n\t<meta name=\"twitter:label2\" content=\"Est. tempo de leitura\" \/>\n\t<meta name=\"twitter:data2\" content=\"3 minutos\" \/>\n<script type=\"application\/ld+json\" class=\"yoast-schema-graph\">{\"@context\":\"https:\/\/schema.org\",\"@graph\":[{\"@type\":\"NewsArticle\",\"@id\":\"https:\/\/www.suno.com.br\/noticias\/petrobras-petr4-diretores-bolsonaro-demitir\/#article\",\"isPartOf\":{\"@id\":\"https:\/\/www.suno.com.br\/noticias\/petrobras-petr4-diretores-bolsonaro-demitir\/\"},\"author\":{\"name\":\"Eduardo Vargas\",\"@id\":\"https:\/\/www.suno.com.br\/noticias\/#\/schema\/person\/7f4d362bf3518e76090143ae77bb49a5\"},\"headline\":\"Bolsonaro avalia demitir at\u00e9 3 diretores da Petrobras (PETR4), mas Silva e Luna fica\",\"datePublished\":\"2022-03-17T12:08:17+00:00\",\"mainEntityOfPage\":{\"@id\":\"https:\/\/www.suno.com.br\/noticias\/petrobras-petr4-diretores-bolsonaro-demitir\/\"},\"wordCount\":693,\"publisher\":{\"@id\":\"https:\/\/www.suno.com.br\/noticias\/#organization\"},\"image\":{\"@id\":\"https:\/\/www.suno.com.br\/noticias\/petrobras-petr4-diretores-bolsonaro-demitir\/#primaryimage\"},\"thumbnailUrl\":\"https:\/\/files.sunoresearch.com.br\/n\/uploads\/2022\/03\/40254788453_57b5dff3bb_o-scaled.jpg\",\"keywords\":[\"Jair Bolsonaro\",\"Joaquim Silva e Luna\",\"Petrobras (PETR4)\"],\"articleSection\":[\"Neg\u00f3cios\"],\"inLanguage\":\"pt-BR\"},{\"@type\":\"WebPage\",\"@id\":\"https:\/\/www.suno.com.br\/noticias\/petrobras-petr4-diretores-bolsonaro-demitir\/\",\"url\":\"https:\/\/www.suno.com.br\/noticias\/petrobras-petr4-diretores-bolsonaro-demitir\/\",\"name\":\"Bolsonaro avalia demitir at\u00e9 3 diretores da Petrobras (PETR4)\",\"isPartOf\":{\"@id\":\"https:\/\/www.suno.com.br\/noticias\/#website\"},\"primaryImageOfPage\":{\"@id\":\"https:\/\/www.suno.com.br\/noticias\/petrobras-petr4-diretores-bolsonaro-demitir\/#primaryimage\"},\"image\":{\"@id\":\"https:\/\/www.suno.com.br\/noticias\/petrobras-petr4-diretores-bolsonaro-demitir\/#primaryimage\"},\"thumbnailUrl\":\"https:\/\/files.sunoresearch.com.br\/n\/uploads\/2022\/03\/40254788453_57b5dff3bb_o-scaled.jpg\",\"datePublished\":\"2022-03-17T12:08:17+00:00\",\"description\":\"Bolsonaro tem aumentado as tens\u00f5es com a Petrobras ap\u00f3s criticar pre\u00e7os e comentar que Silva e Luna \u00e9 'substitu\u00edvel'. Clique aqui e leia mais\",\"breadcrumb\":{\"@id\":\"https:\/\/www.suno.com.br\/noticias\/petrobras-petr4-diretores-bolsonaro-demitir\/#breadcrumb\"},\"inLanguage\":\"pt-BR\",\"potentialAction\":[{\"@type\":\"ReadAction\",\"target\":[\"https:\/\/www.suno.com.br\/noticias\/petrobras-petr4-diretores-bolsonaro-demitir\/\"]}]},{\"@type\":\"ImageObject\",\"inLanguage\":\"pt-BR\",\"@id\":\"https:\/\/www.suno.com.br\/noticias\/petrobras-petr4-diretores-bolsonaro-demitir\/#primaryimage\",\"url\":\"https:\/\/files.sunoresearch.com.br\/n\/uploads\/2022\/03\/40254788453_57b5dff3bb_o-scaled.jpg\",\"contentUrl\":\"https:\/\/files.sunoresearch.com.br\/n\/uploads\/2022\/03\/40254788453_57b5dff3bb_o-scaled.jpg\",\"width\":2560,\"height\":1706,\"caption\":\"Segundo mensagens obtidas pelo Estad\u00e3o, Bolsonaro fez press\u00e3o em presidentes por 'medidas de conten\u00e7\u00e3o' na Petrobras - Foto: Ag\u00eancia Brasil\"},{\"@type\":\"BreadcrumbList\",\"@id\":\"https:\/\/www.suno.com.br\/noticias\/petrobras-petr4-diretores-bolsonaro-demitir\/#breadcrumb\",\"itemListElement\":[{\"@type\":\"ListItem\",\"position\":1,\"name\":\"Not\u00edcias\",\"item\":\"https:\/\/www.suno.com.br\/noticias\/\"},{\"@type\":\"ListItem\",\"position\":2,\"name\":\"Neg\u00f3cios\",\"item\":\"https:\/\/www.suno.com.br\/noticias\/negocios\/\"},{\"@type\":\"ListItem\",\"position\":3,\"name\":\"Bolsonaro avalia demitir at\u00e9 3 diretores da Petrobras (PETR4), mas Silva e Luna fica\"}]},{\"@type\":\"WebSite\",\"@id\":\"https:\/\/www.suno.com.br\/noticias\/#website\",\"url\":\"https:\/\/www.suno.com.br\/noticias\/\",\"name\":\"Suno Not\u00edcias\",\"description\":\"Seu portal de informa\u00e7\u00e3o sobre o mundo dos investimentos\",\"publisher\":{\"@id\":\"https:\/\/www.suno.com.br\/noticias\/#organization\"},\"potentialAction\":[{\"@type\":\"SearchAction\",\"target\":{\"@type\":\"EntryPoint\",\"urlTemplate\":\"https:\/\/www.suno.com.br\/noticias\/?s={search_term_string}\"},\"query-input\":{\"@type\":\"PropertyValueSpecification\",\"valueRequired\":true,\"valueName\":\"search_term_string\"}}],\"inLanguage\":\"pt-BR\"},{\"@type\":\"Organization\",\"@id\":\"https:\/\/www.suno.com.br\/noticias\/#organization\",\"name\":\"Suno Not\u00edcias\",\"url\":\"https:\/\/www.suno.com.br\/noticias\/\",\"logo\":{\"@type\":\"ImageObject\",\"inLanguage\":\"pt-BR\",\"@id\":\"https:\/\/www.suno.com.br\/noticias\/#\/schema\/logo\/image\/\",\"url\":\"https:\/\/files.sunoresearch.com.br\/n\/uploads\/2021\/09\/suno-logo.png\",\"contentUrl\":\"https:\/\/files.sunoresearch.com.br\/n\/uploads\/2021\/09\/suno-logo.png\",\"width\":180,\"height\":180,\"caption\":\"Suno Not\u00edcias\"},\"image\":{\"@id\":\"https:\/\/www.suno.com.br\/noticias\/#\/schema\/logo\/image\/\"},\"sameAs\":[\"https:\/\/facebook.com\/sunoresearch\",\"https:\/\/x.com\/sunoresearch\",\"https:\/\/www.instagram.com\/suno\",\"https:\/\/www.linkedin.com\/company\/suno-research\/\",\"https:\/\/www.youtube.com\/c\/sunoresearch\"]},{\"@type\":\"Person\",\"@id\":\"https:\/\/www.suno.com.br\/noticias\/#\/schema\/person\/7f4d362bf3518e76090143ae77bb49a5\",\"name\":\"Eduardo Vargas\",\"image\":{\"@type\":\"ImageObject\",\"inLanguage\":\"pt-BR\",\"@id\":\"https:\/\/www.suno.com.br\/noticias\/#\/schema\/person\/image\/\",\"url\":\"https:\/\/secure.gravatar.com\/avatar\/dac340933427a22924c9f99d1eb2e3f2?s=96&r=g\",\"contentUrl\":\"https:\/\/secure.gravatar.com\/avatar\/dac340933427a22924c9f99d1eb2e3f2?s=96&r=g\",\"caption\":\"Eduardo Vargas\"},\"description\":\"Jornalista formado pela UFSC, cobre macroeconomia, neg\u00f3cios e startups para o Suno Not\u00edcias, escrevendo principalmente not\u00edcias sobre o mercado financeiro e a bolsa de valores. No YouTube e no Instagram, \u00e9 respons\u00e1vel pela produ\u00e7\u00e3o de Reels e Shorts do Suno Not\u00edcias. Anteriormente, trabalhou cobrindo economia e cotidiano no ND+ e para o ND, maior jornal impresso de Santa Catarina. Cursou um semestre letivo de Estudos de M\u00eddia na Universidad de Buenos Aires.\",\"url\":\"https:\/\/www.suno.com.br\/noticias\/author\/eduardo-vargas\/\"}]}<\/script>\n<!-- \/ Yoast SEO plugin. -->","yoast_head_json":{"title":"Bolsonaro avalia demitir at\u00e9 3 diretores da Petrobras (PETR4)","description":"Bolsonaro tem aumentado as tens\u00f5es com a Petrobras ap\u00f3s criticar pre\u00e7os e comentar que Silva e Luna \u00e9 'substitu\u00edvel'. Clique aqui e leia mais","robots":{"index":"index","follow":"follow","max-snippet":"max-snippet:-1","max-image-preview":"max-image-preview:large","max-video-preview":"max-video-preview:-1"},"canonical":"https:\/\/www.suno.com.br\/noticias\/petrobras-petr4-diretores-bolsonaro-demitir\/","og_locale":"pt_BR","og_type":"article","og_title":"Bolsonaro avalia demitir at\u00e9 3 diretores da Petrobras (PETR4)","og_description":"Bolsonaro tem aumentado as tens\u00f5es com a Petrobras ap\u00f3s criticar pre\u00e7os e comentar que Silva e Luna \u00e9 'substitu\u00edvel'. Clique aqui e leia mais","og_url":"https:\/\/www.suno.com.br\/noticias\/petrobras-petr4-diretores-bolsonaro-demitir\/","og_site_name":"Suno Not\u00edcias","article_publisher":"https:\/\/facebook.com\/sunoresearch","og_image":[{"width":2560,"height":1706,"url":"https:\/\/files.sunoresearch.com.br\/n\/uploads\/2022\/03\/40254788453_57b5dff3bb_o-scaled.jpg","type":"image\/jpeg"}],"author":"Eduardo Vargas","twitter_card":"summary_large_image","twitter_creator":"@sunoresearch","twitter_site":"@sunoresearch","twitter_misc":{"Escrito por":"Eduardo Vargas","Est. tempo de leitura":"3 minutos"},"schema":{"@context":"https:\/\/schema.org","@graph":[{"@type":"NewsArticle","@id":"https:\/\/www.suno.com.br\/noticias\/petrobras-petr4-diretores-bolsonaro-demitir\/#article","isPartOf":{"@id":"https:\/\/www.suno.com.br\/noticias\/petrobras-petr4-diretores-bolsonaro-demitir\/"},"author":{"name":"Eduardo Vargas","@id":"https:\/\/www.suno.com.br\/noticias\/#\/schema\/person\/7f4d362bf3518e76090143ae77bb49a5"},"headline":"Bolsonaro avalia demitir at\u00e9 3 diretores da Petrobras (PETR4), mas Silva e Luna fica","datePublished":"2022-03-17T12:08:17+00:00","mainEntityOfPage":{"@id":"https:\/\/www.suno.com.br\/noticias\/petrobras-petr4-diretores-bolsonaro-demitir\/"},"wordCount":693,"publisher":{"@id":"https:\/\/www.suno.com.br\/noticias\/#organization"},"image":{"@id":"https:\/\/www.suno.com.br\/noticias\/petrobras-petr4-diretores-bolsonaro-demitir\/#primaryimage"},"thumbnailUrl":"https:\/\/files.sunoresearch.com.br\/n\/uploads\/2022\/03\/40254788453_57b5dff3bb_o-scaled.jpg","keywords":["Jair Bolsonaro","Joaquim Silva e Luna","Petrobras (PETR4)"],"articleSection":["Neg\u00f3cios"],"inLanguage":"pt-BR"},{"@type":"WebPage","@id":"https:\/\/www.suno.com.br\/noticias\/petrobras-petr4-diretores-bolsonaro-demitir\/","url":"https:\/\/www.suno.com.br\/noticias\/petrobras-petr4-diretores-bolsonaro-demitir\/","name":"Bolsonaro avalia demitir at\u00e9 3 diretores da Petrobras (PETR4)","isPartOf":{"@id":"https:\/\/www.suno.com.br\/noticias\/#website"},"primaryImageOfPage":{"@id":"https:\/\/www.suno.com.br\/noticias\/petrobras-petr4-diretores-bolsonaro-demitir\/#primaryimage"},"image":{"@id":"https:\/\/www.suno.com.br\/noticias\/petrobras-petr4-diretores-bolsonaro-demitir\/#primaryimage"},"thumbnailUrl":"https:\/\/files.sunoresearch.com.br\/n\/uploads\/2022\/03\/40254788453_57b5dff3bb_o-scaled.jpg","datePublished":"2022-03-17T12:08:17+00:00","description":"Bolsonaro tem aumentado as tens\u00f5es com a Petrobras ap\u00f3s criticar pre\u00e7os e comentar que Silva e Luna \u00e9 'substitu\u00edvel'. Clique aqui e leia mais","breadcrumb":{"@id":"https:\/\/www.suno.com.br\/noticias\/petrobras-petr4-diretores-bolsonaro-demitir\/#breadcrumb"},"inLanguage":"pt-BR","potentialAction":[{"@type":"ReadAction","target":["https:\/\/www.suno.com.br\/noticias\/petrobras-petr4-diretores-bolsonaro-demitir\/"]}]},{"@type":"ImageObject","inLanguage":"pt-BR","@id":"https:\/\/www.suno.com.br\/noticias\/petrobras-petr4-diretores-bolsonaro-demitir\/#primaryimage","url":"https:\/\/files.sunoresearch.com.br\/n\/uploads\/2022\/03\/40254788453_57b5dff3bb_o-scaled.jpg","contentUrl":"https:\/\/files.sunoresearch.com.br\/n\/uploads\/2022\/03\/40254788453_57b5dff3bb_o-scaled.jpg","width":2560,"height":1706,"caption":"Segundo mensagens obtidas pelo Estad\u00e3o, Bolsonaro fez press\u00e3o em presidentes por 'medidas de conten\u00e7\u00e3o' na Petrobras - Foto: Ag\u00eancia Brasil"},{"@type":"BreadcrumbList","@id":"https:\/\/www.suno.com.br\/noticias\/petrobras-petr4-diretores-bolsonaro-demitir\/#breadcrumb","itemListElement":[{"@type":"ListItem","position":1,"name":"Not\u00edcias","item":"https:\/\/www.suno.com.br\/noticias\/"},{"@type":"ListItem","position":2,"name":"Neg\u00f3cios","item":"https:\/\/www.suno.com.br\/noticias\/negocios\/"},{"@type":"ListItem","position":3,"name":"Bolsonaro avalia demitir at\u00e9 3 diretores da Petrobras (PETR4), mas Silva e Luna fica"}]},{"@type":"WebSite","@id":"https:\/\/www.suno.com.br\/noticias\/#website","url":"https:\/\/www.suno.com.br\/noticias\/","name":"Suno Not\u00edcias","description":"Seu portal de informa\u00e7\u00e3o sobre o mundo dos investimentos","publisher":{"@id":"https:\/\/www.suno.com.br\/noticias\/#organization"},"potentialAction":[{"@type":"SearchAction","target":{"@type":"EntryPoint","urlTemplate":"https:\/\/www.suno.com.br\/noticias\/?s={search_term_string}"},"query-input":{"@type":"PropertyValueSpecification","valueRequired":true,"valueName":"search_term_string"}}],"inLanguage":"pt-BR"},{"@type":"Organization","@id":"https:\/\/www.suno.com.br\/noticias\/#organization","name":"Suno Not\u00edcias","url":"https:\/\/www.suno.com.br\/noticias\/","logo":{"@type":"ImageObject","inLanguage":"pt-BR","@id":"https:\/\/www.suno.com.br\/noticias\/#\/schema\/logo\/image\/","url":"https:\/\/files.sunoresearch.com.br\/n\/uploads\/2021\/09\/suno-logo.png","contentUrl":"https:\/\/files.sunoresearch.com.br\/n\/uploads\/2021\/09\/suno-logo.png","width":180,"height":180,"caption":"Suno Not\u00edcias"},"image":{"@id":"https:\/\/www.suno.com.br\/noticias\/#\/schema\/logo\/image\/"},"sameAs":["https:\/\/facebook.com\/sunoresearch","https:\/\/x.com\/sunoresearch","https:\/\/www.instagram.com\/suno","https:\/\/www.linkedin.com\/company\/suno-research\/","https:\/\/www.youtube.com\/c\/sunoresearch"]},{"@type":"Person","@id":"https:\/\/www.suno.com.br\/noticias\/#\/schema\/person\/7f4d362bf3518e76090143ae77bb49a5","name":"Eduardo Vargas","image":{"@type":"ImageObject","inLanguage":"pt-BR","@id":"https:\/\/www.suno.com.br\/noticias\/#\/schema\/person\/image\/","url":"https:\/\/secure.gravatar.com\/avatar\/dac340933427a22924c9f99d1eb2e3f2?s=96&r=g","contentUrl":"https:\/\/secure.gravatar.com\/avatar\/dac340933427a22924c9f99d1eb2e3f2?s=96&r=g","caption":"Eduardo Vargas"},"description":"Jornalista formado pela UFSC, cobre macroeconomia, neg\u00f3cios e startups para o Suno Not\u00edcias, escrevendo principalmente not\u00edcias sobre o mercado financeiro e a bolsa de valores. No YouTube e no Instagram, \u00e9 respons\u00e1vel pela produ\u00e7\u00e3o de Reels e Shorts do Suno Not\u00edcias. Anteriormente, trabalhou cobrindo economia e cotidiano no ND+ e para o ND, maior jornal impresso de Santa Catarina. Cursou um semestre letivo de Estudos de M\u00eddia na Universidad de Buenos Aires.","url":"https:\/\/www.suno.com.br\/noticias\/author\/eduardo-vargas\/"}]}},"default_loop_html":"<div class=\"cardsPage__listCard__boxs\"><div class=\"cardsPage__listCard__boxs__img\"><a href=\"https:\/\/www.suno.com.br\/noticias\/petrobras-petr4-diretores-bolsonaro-demitir\/\"><img class=\"mask\" src=\"https:\/\/www.suno.com.br\/noticias\/wp-content\/themes\/suno\/resources\/images\/spotlight\/spotlight1img\/bg-mask.png\" alt=\"Image Mask\"\/><img src=\"https:\/\/files.sunoresearch.com.br\/n\/uploads\/2022\/03\/40254788453_57b5dff3bb_o-400x200.jpg\" alt=\"Bolsonaro avalia demitir at\u00e9 3 diretores da Petrobras (PETR4), mas Silva e Luna fica\"\/><\/a><span class=\"spotlightCategory\"><a href=\"https:\/\/www.suno.com.br\/noticias\/negocios\/\">Neg\u00f3cios<\/a><\/span><\/div><div class=\"cardsPage__listCard__boxs__content\"><a href=\"https:\/\/www.suno.com.br\/noticias\/petrobras-petr4-diretores-bolsonaro-demitir\/\"><h2 class=\"content__title\">Bolsonaro avalia demitir at\u00e9 3 diretores da Petrobras (PETR4), mas Silva e Luna fica<\/h2><\/a><div class=\"newsContent__article__meta\"><div class=\"newsContent__article__meta__authorBox\"><a href=\"https:\/\/www.suno.com.br\/noticias\/author\/eduardo-vargas\/\" class=\"authorBox__avatar noMobi\"><img src=\"https:\/\/secure.gravatar.com\/avatar\/dac340933427a22924c9f99d1eb2e3f2?s=96&#038;r=g\" alt=\"Eduardo Vargas\"><\/a><div class=\"authorBox__name\"><span>por\n\t\t\t<a href=\"https:\/\/www.suno.com.br\/noticias\/author\/eduardo-vargas\/\"><span itemprop=\"author\">Eduardo Vargas<\/span><\/a><\/span><time datetime=\"2022-03-17T09:08:17-03:00\" itemprop=\"datePublished\">17\/03\/2022 09:08<\/time><\/div><\/div><\/div><\/div><\/div>","single_layout":"posts","amp_enabled":true,"_links":{"self":[{"href":"https:\/\/www.suno.com.br\/noticias\/wp-json\/wp\/v2\/posts\/242466"}],"collection":[{"href":"https:\/\/www.suno.com.br\/noticias\/wp-json\/wp\/v2\/posts"}],"about":[{"href":"https:\/\/www.suno.com.br\/noticias\/wp-json\/wp\/v2\/types\/post"}],"author":[{"embeddable":true,"href":"https:\/\/www.suno.com.br\/noticias\/wp-json\/wp\/v2\/users\/73"}],"replies":[{"embeddable":true,"href":"https:\/\/www.suno.com.br\/noticias\/wp-json\/wp\/v2\/comments?post=242466"}],"version-history":[{"count":2,"href":"https:\/\/www.suno.com.br\/noticias\/wp-json\/wp\/v2\/posts\/242466\/revisions"}],"predecessor-version":[{"id":242497,"href":"https:\/\/www.suno.com.br\/noticias\/wp-json\/wp\/v2\/posts\/242466\/revisions\/242497"}],"wp:featuredmedia":[{"embeddable":true,"href":"https:\/\/www.suno.com.br\/noticias\/wp-json\/wp\/v2\/media\/242492"}],"wp:attachment":[{"href":"https:\/\/www.suno.com.br\/noticias\/wp-json\/wp\/v2\/media?parent=242466"}],"wp:term":[{"taxonomy":"category","embeddable":true,"href":"https:\/\/www.suno.com.br\/noticias\/wp-json\/wp\/v2\/categories?post=242466"},{"taxonomy":"post_tag","embeddable":true,"href":"https:\/\/www.suno.com.br\/noticias\/wp-json\/wp\/v2\/tags?post=242466"},{"taxonomy":"suno_strategy","embeddable":true,"href":"https:\/\/www.suno.com.br\/noticias\/wp-json\/wp\/v2\/suno_strategy?post=242466"}],"curies":[{"name":"wp","href":"https:\/\/api.w.org\/{rel}","templated":true}]}}