{"id":242456,"date":"2022-03-19T10:00:08","date_gmt":"2022-03-19T13:00:08","guid":{"rendered":"https:\/\/www.suno.com.br\/noticias\/?p=242456"},"modified":"2022-03-19T02:00:18","modified_gmt":"2022-03-19T05:00:18","slug":"carro-por-assinatura-finaciamento-compra-vista","status":"publish","type":"post","link":"https:\/\/www.suno.com.br\/noticias\/carro-por-assinatura-finaciamento-compra-vista\/","title":{"rendered":"O que \u00e9 melhor: ter carro por assinatura, comprar \u00e0 vista ou financiar? Especialistas respondem"},"content":{"rendered":"<p>Leonardo Inoue, 32 anos, que trabalha com marketing, n\u00e3o pretende comprar um carro t\u00e3o cedo. Pelos seus c\u00e1lculos, percebeu que n\u00e3o tinha dinheiro o suficiente para comprar carro \u00e0 vista. Avaliou tamb\u00e9m que o financiamento ficaria muito caro. Mas, para desfrutar da comodidade que o ve\u00edculo proporciona &#8211;\u00a0 como ir ao trabalho ou \u00e0 faculdade &#8211;, concluiu que ter <strong>carro por assinatura<\/strong> seria a melhor op\u00e7\u00e3o.<\/p>\t<div class=\"wrapper-featured-image\">\n\t\t<figure class=\"spotlightImg\">\n\n\t\t\t<picture>\n\t\t\t\t<source media=\"(max-width: 768px)\" srcset=\"https:\/\/files.sunoresearch.com.br\/n\/uploads\/2022\/03\/porsche-g35925f7a6_1920-400x200.jpg\">\n\t\t\t\t<img loading=\"lazy\" decoding=\"async\" class=\"newsContent__article__imgCapa lazyloadDisabled \" src=\"https:\/\/files.sunoresearch.com.br\/n\/uploads\/2022\/03\/porsche-g35925f7a6_1920-800x450.jpg\" width=\"800\" height=\"450\" alt=\"O que \u00e9 melhor: ter carro por assinatura, comprar \u00e0 vista ou financiar? Especialistas respondem\" fetchpriority=high \/>\n\t\t\t<\/picture>\n\n\t\t\t<figcaption class=\"wp-caption-text wp-caption-text--show\">Porsche. Foto: Pixabay<\/figcaption>\n\t\t<\/figure>\n\t<\/div>\n\n\n\t<p>\n\t\t<a href=\"https:\/\/lp.suno.com.br\/planilha-controle-gastos\/\" target=\"_blank\" data-element=\"shortcode-suno-banner\" title=\"Banner SUNO, clique e saiba mais\">\n\t\t\t<picture>\n\t\t\t\t<source media=\"(max-width: 500px)\" srcset=\"https:\/\/files.sunoresearch.com.br\/n\/uploads\/2023\/03\/400x300-Planilha-controle-de-gastos.png\">\n\t\t\t\t<img class=\"newsContent__article__imgCapa newsContent__article__imgCapa--banner\"\n\t\t\t\t\tsrc=\"https:\/\/files.sunoresearch.com.br\/n\/uploads\/2023\/03\/1420x240-Planilha-controle-de-gastos.png\"\n\t\t\t\t\tdata-promo-id=\"101751\"\t\t\t\t\t\t\t\t\t\twidth='1420' height='240'\t\t\t\t\talt=\"https:\/\/files.sunoresearch.com.br\/n\/uploads\/2023\/03\/1420x240-Planilha-controle-de-gastos.png\"\n\t\t\t\t>\n\t\t\t<\/picture>\n\t\t<\/a>\n\t<\/p>\n\n\n<p>Inoue diz que n\u00e3o tem dor de cabe\u00e7a: n\u00e3o precisa lidar com gastos de manuten\u00e7\u00f5es preventivas, seguro, licenciamento e deprecia\u00e7\u00e3o do carro. O contrato de dois anos de carro por assinatura, al\u00e9m de cobrir todas essas despesas, oferece a oportunidade de escolher o <strong>carro<\/strong> zero qui\u00f4metro que quiser, na cor e modelo preferidos, sem se importar com a <strong>revenda do ve\u00edculo<\/strong>.<\/p>\n<p>&#8220;Eu e meu namorado n\u00e3o pretendemos comprar um carro t\u00e3o cedo. Queremos finalizar esse contrato de dois anos e depois pegar um carro novo. Hoje n\u00e3o faz sentido comprar um carro \u00e0 vista &#8212; s\u00f3 se eu tivesse bastante dinheiro guardado. Mesmo que tiv\u00e9ssemos essa grana, ter\u00edamos outras prioridades hoje. Por isso n\u00e3o queremos investir na aquisi\u00e7\u00e3o de um carro t\u00e3o cedo &#8220;, explica Inoue.<\/p>\n<p>Para chegar \u00e0 decis\u00e3o do que vale mais a pena &#8211; carro por assinatura ou <strong>financiamento &#8212;<\/strong>, Inoue colocou na ponta do l\u00e1pis gastos como valor da entrada, das parcelas, al\u00e9m da soma de quanto pagaria ao final de todas elas, mais o IPVA, manuten\u00e7\u00e3o preventiva, seguro e, ufa, o licenciamento.<\/p>\n<p>Ele entendeu que n\u00e3o fazia sentido financiar um carro se existe a possibilidade de assinar o ve\u00edculo. Para aqueles que falam &#8220;mas esse carro n\u00e3o \u00e9 seu&#8221;. Inoue tem uma resposta: &#8220;Um carro financiado tamb\u00e9m n\u00e3o \u00e9 seu. O dinheiro que gastar\u00edamos com a entrada, por exemplo. pode ficar aplicado e guardado rendendo juros, em vez de ser depreciado dentro de um financiamento.&#8221; S\u00e3o argumentos poderosos.<\/p>\n<h2>Vantagens de carro por assinatura<\/h2>\n<p>Na an\u00e1lise do coordenador dos cursos automotivos da Funda\u00e7\u00e3o Getulio Vargas (FGV), Antonio Jorge Martins, o grande benef\u00edcio do carro por assinatura \u00e9 a possibilidade de n\u00e3o despender parte ou todo de um investimento em um carro. Na compra \u00e0 vista, o cliente precisa se descapitalizar. Na financiada, \u00e9 necess\u00e1rio pagar um valor grande de entrada.<\/p>\n<p>&#8220;Ou seja, a assinatura faz com que o usu\u00e1rio n\u00e3o precise de <a class=\"suno-keyword\" href=\"https:\/\/www.suno.com.br\/artigos\/recursos-financeiros\/\" target=\"_blank\" rel=\"noopener\" data-force=\"no\" data-priority=\"1\">recursos financeiros<\/a> como forma de pagamento total ou parte dele. Pode utilizar esses recursos em outras de suas necessidades&#8221;, lembra.<\/p>\n<p>A assessora de investimentos Luciana Ikedo acrescenta que a mensalidade do carro por assinatura j\u00e1 engloba <strong>seguro<\/strong>, <strong>manuten\u00e7\u00e3o<\/strong>, <strong>IPVA<\/strong>, <strong>licenciamento<\/strong> e <strong>deprecia\u00e7\u00e3o do ve\u00edculo<\/strong>, o que facilita na organiza\u00e7\u00e3o financeira do usu\u00e1rio.<\/p>\n<p>&#8220;Voc\u00ea sabe exatamente qual o custo financeiro voc\u00ea ter\u00e1. Dessa forma, voc\u00ea consegue se organizar muito mais em termos de <a class=\"suno-keyword\" href=\"https:\/\/www.suno.com.br\/artigos\/fluxo-de-caixa-projetado\/\" target=\"_blank\" rel=\"noopener\" data-force=\"no\" data-priority=\"1\">fluxo de caixa projetado.<\/a> S sabe exatamente o quanto vai sair do seu bolso e o custo do ve\u00edculo que est\u00e1 escolhendo. Porque quando voc\u00ea compra um carro novo n\u00e3o \u00e9 assim: \u00e9 dif\u00edcil ter esses c\u00e1lculos nas m\u00e3os&#8221;, observa a assessora.<\/p>\n\t<p>\n\t\t<a href=\"\" target=\"_blank\" data-element=\"shortcode-suno-banner\" title=\"Banner SUNO, clique e saiba mais\">\n\t\t\t<picture>\n\t\t\t\t<source media=\"(max-width: 500px)\" srcset=\"\">\n\t\t\t\t<img class=\"newsContent__article__imgCapa newsContent__article__imgCapa--banner\"\n\t\t\t\t\tsrc=\"\"\n\t\t\t\t\tdata-promo-id=\"77035\"\t\t\t\t\t\t\t\t\t\t\t\t\t\t\talt=\"\"\n\t\t\t\t>\n\t\t\t<\/picture>\n\t\t<\/a>\n\t<\/p>\n\n\n<p>Com o carro assinado desde dezembro de 2021, Leonardo n\u00e3o v\u00ea desvantagens. Ao contr\u00e1rio, ele s\u00f3 v\u00ea benef\u00edcios.<\/p>\n<p>&#8220;N\u00e3o vejo nenhum argumento contr\u00e1rio ao carro por assinatura, sinceramente. A gente pegou um <strong>carro 0 km<\/strong>, top de linha, uma <strong>SUV autom\u00e1tica<\/strong>. Se a gente fosse comprar um carro desse porte, teria de gastar muito mais do que vamos desembolsar utilizando esse carro por dois anos&#8221;, calcula.<\/p>\n<p>O diretor de vendas da Localiza Meoo, unidade de carro por assinatura, Jo\u00e3o Andrade, informou ainda que, dependendo da escolha do cliente, a economia por assinatura pode ser de at\u00e9 20%.<\/p>\n<p>&#8220;O cliente que optar pelo carro por assinatura poder\u00e1 economizar at\u00e9 20%, levando em considera\u00e7\u00e3o os custos que ele teria com o carro pr\u00f3prio, entre eles desvaloriza\u00e7\u00e3o, <a class=\"suno-keyword\" href=\"https:\/\/www.suno.com.br\/artigos\/custo-oportunidade\/\" target=\"_blank\" rel=\"noopener\" data-force=\"no\" data-priority=\"1\">custo de oportunidade<\/a>, emplacamento, seguro, revis\u00f5es e manuten\u00e7\u00f5es, custos de compra e venda, entre outros&#8221;, detalha.<\/p>\n<h2>Quanto custa assinar um carro?<\/h2>\n<p>Os contratos, de 12 a 24 meses, s\u00e3o acertados com a empresa, geralmente locadoras &#8212; como a <strong>Movida<\/strong> (MOVI3), <strong>Localiza<\/strong> (RENT3), <strong>Unidas<\/strong> (LCAM3) e Porto Seguro (PSSA3) &#8212; ou montadoras, a exemplo de Fiat, Renault, Volkswagen, Ford, Toyota. Escolhe-se uma <strong>franquia de quilometragem<\/strong>, com planos a partir de 500 quil\u00f4metros por m\u00eas.<\/p>\n<p>Se o cliente optar por quilometragens maiores, o <strong>valor da assinatura<\/strong> ser\u00e1, evidente, maior. A m\u00e9dia das assinatura varia entre R$ 1500 &#8212; para carros econ\u00f4micos &#8212; a R$ 4000, para ve\u00edculos luxuosos e equipados. Uma pesquisa pelos sites de locadoras ou de montadoras pode indicar pre\u00e7os intermedi\u00e1rios, e at\u00e9 abaixo de R$ 1500, mas essa faixa \u00e9 a mais comum.<\/p>\n\n\t<div data-element=\"shortcode-read-more\" class=\"readToo\">\n\t\t\t\t<span class=\"readToo__title\">Leia mais<\/span>\n\t\t\t\t<ul class=\"readToo__list\">\n\t\t\t<li><a href=\"https:\/\/www.suno.com.br\/noticias\/10-carros-mais-vendidos-fevereiro-brasil\/\">Os 10 carros mais vendidos em fevereiro no Brasil<\/a><\/li><li><a href=\"https:\/\/www.suno.com.br\/noticias\/venda-de-carros-cai-fevereiro\/\">Vendas de carros caem 24% em fevereiro, pior resultado para o m\u00eas nos \u00faltimos 15 anos<\/a><\/li><li><a href=\"https:\/\/www.suno.com.br\/noticias\/kavak-unicornio-carros-seminovos-rio-de-janeiro-rj\/\">Kavak, unic\u00f3rnio de carros seminovos, expande atividades para o Rio de Janeiro<\/a><\/li>\t\t<\/ul>\n\t<\/div>\n\n\n<p><strong>Parcelamentos de carros<\/strong> podem sair mais baratos &#8212; com mensalidades em torno de R$ 1000 &#8211;, mas a entrada costuma ser elevada. O padr\u00e3o do mercado \u00e9 exigir o m\u00ednimo 10% do valor total do ve\u00edculo. O mercado \u00e9 bem variado, como se sabe, com parcelas que podem variar entre R$ 800 e R$ 5000, a depender do modelo. Somam-se, no caso desses financiamentos, valores de IPVA, custos de manuten\u00e7\u00e3o, licenciamento e seguro. Por isso \u00e9 preciso pesquisar bem para comparar as op\u00e7\u00f5es entre financiar e assinar um ve\u00edculo.<\/p>\n<p>&nbsp;<\/p>\n<figure id=\"attachment_243312\" aria-describedby=\"caption-attachment-243312\" style=\"width: 1024px\" class=\"wp-caption alignnone\"><img loading=\"lazy\" decoding=\"async\" class=\"size-large wp-image-243312\" src=\"https:\/\/files.sunoresearch.com.br\/n\/uploads\/2022\/03\/carros-por-assinatura-1024x598.jpg\" alt=\"carros por assinatura. Foto: Pixabay\" width=\"1024\" height=\"598\" srcset=\"https:\/\/files.sunoresearch.com.br\/n\/uploads\/2022\/03\/carros-por-assinatura-1024x598.jpg 1024w, https:\/\/files.sunoresearch.com.br\/n\/uploads\/2022\/03\/carros-por-assinatura-300x175.jpg 300w, https:\/\/files.sunoresearch.com.br\/n\/uploads\/2022\/03\/carros-por-assinatura-768x449.jpg 768w, https:\/\/files.sunoresearch.com.br\/n\/uploads\/2022\/03\/carros-por-assinatura-150x88.jpg 150w, https:\/\/files.sunoresearch.com.br\/n\/uploads\/2022\/03\/carros-por-assinatura.jpg 1400w\" sizes=\"(max-width: 1024px) 100vw, 1024px\" \/><figcaption id=\"caption-attachment-243312\" class=\"wp-caption-text\"><em>Carros por assinatura: tchau, IPVA e manuten\u00e7\u00e3o. Mas e os limites de quilometragem?<\/em> Foto: Pixabay<\/figcaption><\/figure>\n<h2>Desvantagens<\/h2>\n<p>Apesar de Leonardo Inoue n\u00e3o ver desvantagens, os especialistas apontam alguns pontos contras que um carro por assinatura pode ter e que valem a pena considerar antes de assinar.<\/p>\n<p>Para o coordenador da FGV, o maior deles \u00e9 que no pre\u00e7o da mensalidade est\u00e1 sendo repassado o <a class=\"suno-keyword\" href=\"https:\/\/www.suno.com.br\/artigos\/custo-de-capital\/\" target=\"_blank\" rel=\"noopener\" data-force=\"no\" data-priority=\"1\">custo de capital<\/a>, ou seja, a pessoa que assina por 12 meses ou 24 meses continua pagando o custo de capital.<\/p>\n<p>Em outras palavras, na mensalidade est\u00e3o embutidos custos como o de loca\u00e7\u00e3o do im\u00f3vel que a empresa reside, o da opera\u00e7\u00e3o de compra do carro, o de utiliza\u00e7\u00e3o de um capital. Al\u00e9m de todo o custo repassado, a empresa ainda precisa embutir uma <a class=\"suno-keyword\" href=\"https:\/\/www.suno.com.br\/artigos\/margem-de-lucro\/\" target=\"_blank\" rel=\"noopener\" data-force=\"no\" data-priority=\"1\">margem de lucro<\/a>.<\/p>\n<p>&#8220;Hoje no Brasil o <strong>custo de capital<\/strong> est\u00e1 elevado. Ent\u00e3o mesmo que n\u00e3o compre um carro financiado, sujeito a juros, e se opte por carro por assinatura, estar\u00e1 embutido na mensalidade o custo de capital&#8221;, pondera.<\/p>\n\t<p>\n\t\t<a href=\"https:\/\/lp.suno.com.br\/planilha-da-vida-financeira\/\" target=\"_blank\" data-element=\"shortcode-suno-banner\" title=\"Banner SUNO, clique e saiba mais\">\n\t\t\t<picture>\n\t\t\t\t<source media=\"(max-width: 500px)\" srcset=\"https:\/\/files.sunoresearch.com.br\/n\/uploads\/2023\/04\/400x300-Planilha-vida-financeira-true.png\">\n\t\t\t\t<img class=\"newsContent__article__imgCapa newsContent__article__imgCapa--banner\"\n\t\t\t\t\tsrc=\"https:\/\/files.sunoresearch.com.br\/n\/uploads\/2023\/04\/1420x240-Planilha-vida-financeira-true.png\"\n\t\t\t\t\tdata-promo-id=\"106682\"\t\t\t\t\t\t\t\t\t\twidth='1420' height='240'\t\t\t\t\talt=\"https:\/\/files.sunoresearch.com.br\/n\/uploads\/2023\/04\/1420x240-Planilha-vida-financeira-true.png\"\n\t\t\t\t>\n\t\t\t<\/picture>\n\t\t<\/a>\n\t<\/p>\n\n\n<p>Luciana Ikedo destaca uma desvantagem: o<strong> teto de quilometragem<\/strong>. Normalmente, as empresas de loca\u00e7\u00e3o de ve\u00edculos colocam um limite de por m\u00eas, que varia de 1,5 mil km a 2 mil km.<\/p>\n<p>Para aqueles que rodam muito com o carro, essa op\u00e7\u00e3o acaba ficando invi\u00e1vel.<\/p>\n<p>O que n\u00e3o \u00e9 o caso de <strong>Leonardo Inoue,<\/strong> que costuma usar o ve\u00edculo mais para necessidades do dia a dia.<\/p>\n<p>&#8220;Nos carros por assinatura, existe uma quilometragem limite, que n\u00e3o lembro agora, at\u00e9 porque usamos o carro para fins particulares. Mas talvez para quem deseja trabalhar como motorista de aplicativo ou com t\u00e1xi a\u00ed provavelmente estoure o limite. Mas a gente que usa todos os dias mais para trabalhar, ir \u00e0 faculdade, n\u00e3o extrapola esse limite&#8221;, explica.<\/p>\n<p>O diretor de vendas da <a class=\"suno-keyword\" href=\"https:\/\/www.suno.com.br\/acoes\/RENT3\/\" target=\"_blank\" rel=\"noopener\" data-force=\"yes\" data-priority=\"2\">Localiza (RENT3)<\/a> refor\u00e7a: carro por assinatura \u00e9 indicado para aqueles que desejam ir de autom\u00f3vel para os compromissos cotidianos e preferem economizar: &#8220;Normalmente s\u00e3o clientes que precisam de um ve\u00edculo diariamente, para deslocamentos de compromissos do dia a dia ou profissionais. e pretendem economizar ou investir o dinheiro em outro bem.&#8221;<\/p>\n<h2>Carro por assinatura, \u00e0 vista ou financiado: investir em qual op\u00e7\u00e3o?<\/h2>\n<p>Na opini\u00e3o dos especialistas n\u00e3o existe uma resposta concreta &#8211; tudo depende do perfil do consumidor, do que ele quer e de suas necessidades com o carro.<\/p>\n<p>A assessora de investimentos Luciana relembra que c<strong>omprar \u00e0 vista<\/strong> proporciona melhores negocia\u00e7\u00f5es, condi\u00e7\u00f5es e pre\u00e7os. J\u00e1 o financiado, com a eleva\u00e7\u00e3o da <a class=\"suno-keyword\" href=\"https:\/\/www.suno.com.br\/artigos\/taxa-selic\/\" target=\"_blank\" rel=\"noopener\" data-force=\"no\" data-priority=\"3\">taxa Selic<\/a> (valor do dinheiro), o carro acaba ficando mais caro. O carro por assinatura proporciona conforto sem dor de cabe\u00e7a, mas inviabiliza a venda do bem ao final do uso.<\/p>\n<p>&#8220;Entre comprar \u00e0 vista e assinar o carro, depende da situa\u00e7\u00e3o: se voc\u00ea roda menos de 1,5 mil km por m\u00eas, pode sim valer a pena fazer a assinatura do ve\u00edculo. Se usa mais o carro, normalmente come\u00e7a a pesar a assinatura e pode valer mais a pena comprar o carro.&#8221;<\/p>\n<p>J\u00e1 o coordenador de cursos automotivos da FGV aponta que, em princ\u00edpio, \u00e9 prefer\u00edvel comprar o carro \u00e0 vista, se a pessoa n\u00e3o ficar descapitalizada com esse custo elevado. No entanto, na pr\u00e1tica, nem sempre as pessoas t\u00eam esse dinheiro dispon\u00edvel.<\/p>\n<p>Al\u00e9m da perspectiva financeira, conv\u00e9m olhar sob a perspectiva daqueles que n\u00e3o est\u00e3o preocupados com dinheiro, mas sim em n\u00e3o perderem tempo com manuten\u00e7\u00f5es e com a <strong>revenda do ve\u00edculo &#8212;<\/strong> nesse caso, o carro por assinatura faz mais sentido.<\/p>\n<p>Para Jorge, \u00e9 interessante analisar tudo aquilo que a pessoa vai gastar at\u00e9 o final do uso.<\/p>\n<p>&#8220;Para analisar entre a vista e assinatura \u00e9 preciso fazer o c\u00e1lculo. Nessa conta voc\u00ea pode embutir que ao final voc\u00ea pode vender esse bem, o que n\u00e3o acontece, claro, com carro por assinatura. Ou seja, seria interessante fazer uma estimativa de quanto voc\u00ea conseguiria vender o ve\u00edculo daqui a 2 ou 5 anos, embutindo inclusive o custo da deprecia\u00e7\u00e3o que um ve\u00edculo usado ter\u00e1&#8221;, aconselha Jorge.<\/p>\n<p>Para fazer a compara\u00e7\u00e3o entre financiar e optar pela assinatura, \u00e9 o mesmo racioc\u00ednio. Ao comprar o ve\u00edculo, de qualquer forma se ter\u00e1 um bem que poder\u00e1 ser vendido. Mas, para quem deseja praticidade, a op\u00e7\u00e3o \u00e9 carro por assinatura.<\/p>\n<p>&#8220;Tudo depende do financiamento. Se o carro vale R$ 100 mil, mas estou financiando 90 ou 80 mil, pode n\u00e3o valer muito a pena, por causa dos juros que a pessoa ir\u00e1 pagar. Mas, se o carro vale R$ 100 mil e voc\u00ea der entrada de R$ 40 mil, pode valer a pena. Por isso \u00e9 preciso fazer contas ainda mais detalhadas entre financiar ou<strong> carro por assinatura<\/strong>&#8220;, lembra ele.<\/p>\n\t<p>\n\t\t<a href=\"https:\/\/lp.suno.com.br\/planilha-de-controle-de-investimentos\/\" target=\"_blank\" data-element=\"shortcode-suno-banner\" title=\"Banner SUNO, clique e saiba mais\">\n\t\t\t<picture>\n\t\t\t\t<source media=\"(max-width: 500px)\" srcset=\"https:\/\/files.sunoresearch.com.br\/n\/uploads\/2023\/03\/400x300-Controle-de-Investimentos.png\">\n\t\t\t\t<img class=\"newsContent__article__imgCapa newsContent__article__imgCapa--banner\"\n\t\t\t\t\tsrc=\"https:\/\/files.sunoresearch.com.br\/n\/uploads\/2023\/03\/1420x240-Controle-de-Investimentos.png\"\n\t\t\t\t\tdata-promo-id=\"75934\"\t\t\t\t\t\t\t\t\t\twidth='1420' height='240'\t\t\t\t\talt=\"https:\/\/files.sunoresearch.com.br\/n\/uploads\/2023\/03\/1420x240-Controle-de-Investimentos.png\"\n\t\t\t\t>\n\t\t\t<\/picture>\n\t\t<\/a>\n\t<\/p>\n\n\n","protected":false},"excerpt":{"rendered":"<p>Leonardo Inoue, 32 anos, que trabalha com marketing, n\u00e3o pretende comprar um carro t\u00e3o cedo. Pelos seus c\u00e1lculos, percebeu que n\u00e3o tinha dinheiro o suficiente para comprar carro \u00e0 vista. Avaliou tamb\u00e9m que o financiamento ficaria muito caro. Mas, para desfrutar da comodidade que o ve\u00edculo proporciona &#8211;\u00a0 como ir ao trabalho ou \u00e0 faculdade [&hellip;]<\/p>\n","protected":false},"author":15,"featured_media":242921,"comment_status":"closed","ping_status":"closed","sticky":false,"template":"","format":"standard","meta":[],"categories":[65],"tags":[58204,105815],"suno_strategy":[],"class_list":["post-242456","post","type-post","status-publish","format-standard","has-post-thumbnail","hentry","category-financas-pessoais","tag-carros-autonomos","tag-especial"],"yoast_head":"<!-- This site is optimized with the Yoast SEO plugin v24.4 - https:\/\/yoast.com\/wordpress\/plugins\/seo\/ -->\n<title>Vale mais a pena ter carro por assinatura, compr\u00e1-lo \u00e0 vista ou financi\u00e1-lo?<\/title>\n<meta name=\"description\" content=\"Especialistas respondem essa d\u00favida comum hoje em dia: \u00e9 melhor usar carro por assinatura, comprar o ve\u00edculo \u00e0 vista ou financiar?\" \/>\n<meta name=\"robots\" content=\"index, follow, max-snippet:-1, max-image-preview:large, max-video-preview:-1\" \/>\n<link rel=\"canonical\" href=\"https:\/\/www.suno.com.br\/noticias\/carro-por-assinatura-finaciamento-compra-vista\/\" \/>\n<meta property=\"og:locale\" content=\"pt_BR\" \/>\n<meta property=\"og:type\" content=\"article\" \/>\n<meta property=\"og:title\" content=\"Vale mais a pena ter carro por assinatura, compr\u00e1-lo \u00e0 vista ou financi\u00e1-lo?\" \/>\n<meta property=\"og:description\" content=\"Especialistas respondem essa d\u00favida comum hoje em dia: \u00e9 melhor usar carro por assinatura, comprar o ve\u00edculo \u00e0 vista ou financiar?\" \/>\n<meta property=\"og:url\" content=\"https:\/\/www.suno.com.br\/noticias\/carro-por-assinatura-finaciamento-compra-vista\/\" \/>\n<meta property=\"og:site_name\" content=\"Suno Not\u00edcias\" \/>\n<meta property=\"article:publisher\" content=\"https:\/\/facebook.com\/sunoresearch\" \/>\n<meta property=\"og:image\" content=\"https:\/\/files.sunoresearch.com.br\/n\/uploads\/2022\/03\/porsche-g35925f7a6_1920.jpg\" \/>\n\t<meta property=\"og:image:width\" content=\"1920\" \/>\n\t<meta property=\"og:image:height\" content=\"836\" \/>\n\t<meta property=\"og:image:type\" content=\"image\/jpeg\" \/>\n<meta name=\"author\" content=\"Poliana Santos\" \/>\n<meta name=\"twitter:card\" content=\"summary_large_image\" \/>\n<meta name=\"twitter:creator\" content=\"@sunoresearch\" \/>\n<meta name=\"twitter:site\" content=\"@sunoresearch\" \/>\n<meta name=\"twitter:label1\" content=\"Escrito por\" \/>\n\t<meta name=\"twitter:data1\" content=\"Poliana Santos\" \/>\n\t<meta name=\"twitter:label2\" content=\"Est. tempo de leitura\" \/>\n\t<meta name=\"twitter:data2\" content=\"7 minutos\" \/>\n<script type=\"application\/ld+json\" class=\"yoast-schema-graph\">{\"@context\":\"https:\/\/schema.org\",\"@graph\":[{\"@type\":\"NewsArticle\",\"@id\":\"https:\/\/www.suno.com.br\/noticias\/carro-por-assinatura-finaciamento-compra-vista\/#article\",\"isPartOf\":{\"@id\":\"https:\/\/www.suno.com.br\/noticias\/carro-por-assinatura-finaciamento-compra-vista\/\"},\"author\":{\"name\":\"Poliana Santos\",\"@id\":\"https:\/\/www.suno.com.br\/noticias\/#\/schema\/person\/02ec1f752758247878a2bf4abee1aeda\"},\"headline\":\"O que \u00e9 melhor: ter carro por assinatura, comprar \u00e0 vista ou financiar? Especialistas respondem\",\"datePublished\":\"2022-03-19T13:00:08+00:00\",\"mainEntityOfPage\":{\"@id\":\"https:\/\/www.suno.com.br\/noticias\/carro-por-assinatura-finaciamento-compra-vista\/\"},\"wordCount\":1726,\"publisher\":{\"@id\":\"https:\/\/www.suno.com.br\/noticias\/#organization\"},\"image\":{\"@id\":\"https:\/\/www.suno.com.br\/noticias\/carro-por-assinatura-finaciamento-compra-vista\/#primaryimage\"},\"thumbnailUrl\":\"https:\/\/files.sunoresearch.com.br\/n\/uploads\/2022\/03\/porsche-g35925f7a6_1920.jpg\",\"keywords\":[\"carros aut\u00f4nomos\",\"Especiais\"],\"articleSection\":[\"Finan\u00e7as Pessoais\"],\"inLanguage\":\"pt-BR\"},{\"@type\":\"WebPage\",\"@id\":\"https:\/\/www.suno.com.br\/noticias\/carro-por-assinatura-finaciamento-compra-vista\/\",\"url\":\"https:\/\/www.suno.com.br\/noticias\/carro-por-assinatura-finaciamento-compra-vista\/\",\"name\":\"Vale mais a pena ter carro por assinatura, compr\u00e1-lo \u00e0 vista ou financi\u00e1-lo?\",\"isPartOf\":{\"@id\":\"https:\/\/www.suno.com.br\/noticias\/#website\"},\"primaryImageOfPage\":{\"@id\":\"https:\/\/www.suno.com.br\/noticias\/carro-por-assinatura-finaciamento-compra-vista\/#primaryimage\"},\"image\":{\"@id\":\"https:\/\/www.suno.com.br\/noticias\/carro-por-assinatura-finaciamento-compra-vista\/#primaryimage\"},\"thumbnailUrl\":\"https:\/\/files.sunoresearch.com.br\/n\/uploads\/2022\/03\/porsche-g35925f7a6_1920.jpg\",\"datePublished\":\"2022-03-19T13:00:08+00:00\",\"description\":\"Especialistas respondem essa d\u00favida comum hoje em dia: \u00e9 melhor usar carro por assinatura, comprar o ve\u00edculo \u00e0 vista ou financiar?\",\"breadcrumb\":{\"@id\":\"https:\/\/www.suno.com.br\/noticias\/carro-por-assinatura-finaciamento-compra-vista\/#breadcrumb\"},\"inLanguage\":\"pt-BR\",\"potentialAction\":[{\"@type\":\"ReadAction\",\"target\":[\"https:\/\/www.suno.com.br\/noticias\/carro-por-assinatura-finaciamento-compra-vista\/\"]}]},{\"@type\":\"ImageObject\",\"inLanguage\":\"pt-BR\",\"@id\":\"https:\/\/www.suno.com.br\/noticias\/carro-por-assinatura-finaciamento-compra-vista\/#primaryimage\",\"url\":\"https:\/\/files.sunoresearch.com.br\/n\/uploads\/2022\/03\/porsche-g35925f7a6_1920.jpg\",\"contentUrl\":\"https:\/\/files.sunoresearch.com.br\/n\/uploads\/2022\/03\/porsche-g35925f7a6_1920.jpg\",\"width\":1920,\"height\":836,\"caption\":\"Porsche. Foto: Pixabay\"},{\"@type\":\"BreadcrumbList\",\"@id\":\"https:\/\/www.suno.com.br\/noticias\/carro-por-assinatura-finaciamento-compra-vista\/#breadcrumb\",\"itemListElement\":[{\"@type\":\"ListItem\",\"position\":1,\"name\":\"Not\u00edcias\",\"item\":\"https:\/\/www.suno.com.br\/noticias\/\"},{\"@type\":\"ListItem\",\"position\":2,\"name\":\"Finan\u00e7as Pessoais\",\"item\":\"https:\/\/www.suno.com.br\/noticias\/financas-pessoais\/\"},{\"@type\":\"ListItem\",\"position\":3,\"name\":\"O que \u00e9 melhor: ter carro por assinatura, comprar \u00e0 vista ou financiar? Especialistas respondem\"}]},{\"@type\":\"WebSite\",\"@id\":\"https:\/\/www.suno.com.br\/noticias\/#website\",\"url\":\"https:\/\/www.suno.com.br\/noticias\/\",\"name\":\"Suno Not\u00edcias\",\"description\":\"Seu portal de informa\u00e7\u00e3o sobre o mundo dos investimentos\",\"publisher\":{\"@id\":\"https:\/\/www.suno.com.br\/noticias\/#organization\"},\"potentialAction\":[{\"@type\":\"SearchAction\",\"target\":{\"@type\":\"EntryPoint\",\"urlTemplate\":\"https:\/\/www.suno.com.br\/noticias\/?s={search_term_string}\"},\"query-input\":{\"@type\":\"PropertyValueSpecification\",\"valueRequired\":true,\"valueName\":\"search_term_string\"}}],\"inLanguage\":\"pt-BR\"},{\"@type\":\"Organization\",\"@id\":\"https:\/\/www.suno.com.br\/noticias\/#organization\",\"name\":\"Suno Not\u00edcias\",\"url\":\"https:\/\/www.suno.com.br\/noticias\/\",\"logo\":{\"@type\":\"ImageObject\",\"inLanguage\":\"pt-BR\",\"@id\":\"https:\/\/www.suno.com.br\/noticias\/#\/schema\/logo\/image\/\",\"url\":\"https:\/\/files.sunoresearch.com.br\/n\/uploads\/2021\/09\/suno-logo.png\",\"contentUrl\":\"https:\/\/files.sunoresearch.com.br\/n\/uploads\/2021\/09\/suno-logo.png\",\"width\":180,\"height\":180,\"caption\":\"Suno Not\u00edcias\"},\"image\":{\"@id\":\"https:\/\/www.suno.com.br\/noticias\/#\/schema\/logo\/image\/\"},\"sameAs\":[\"https:\/\/facebook.com\/sunoresearch\",\"https:\/\/x.com\/sunoresearch\",\"https:\/\/www.instagram.com\/suno\",\"https:\/\/www.linkedin.com\/company\/suno-research\/\",\"https:\/\/www.youtube.com\/c\/sunoresearch\"]},{\"@type\":\"Person\",\"@id\":\"https:\/\/www.suno.com.br\/noticias\/#\/schema\/person\/02ec1f752758247878a2bf4abee1aeda\",\"name\":\"Poliana Santos\",\"image\":{\"@type\":\"ImageObject\",\"inLanguage\":\"pt-BR\",\"@id\":\"https:\/\/www.suno.com.br\/noticias\/#\/schema\/person\/image\/\",\"url\":\"https:\/\/secure.gravatar.com\/avatar\/0645bd32f23d87b2130f2b2dff1d3f8d?s=96&r=g\",\"contentUrl\":\"https:\/\/secure.gravatar.com\/avatar\/0645bd32f23d87b2130f2b2dff1d3f8d?s=96&r=g\",\"caption\":\"Poliana Santos\"},\"description\":\"Rep\u00f3rter no Suno Not\u00edcias, com cobertura em mercado financeiro, economia, finan\u00e7as pessoais, renda fixa e varejo. Jornalista formada pela Faculdade C\u00e1sper L\u00edbero e possui passagem na R\u00e1dio Gazeta AM com a produ\u00e7\u00e3o de conte\u00fado sobre economia, pol\u00edtica, sa\u00fade, moda e m\u00fasica. Possui certificado de conclus\u00e3o do curso de An\u00e1lise de Balan\u00e7os pela Funda\u00e7\u00e3o Bradesco, Agenda Brasil pela FAAP, Educa\u00e7\u00e3o Pol\u00edtica por Alexandre Garcia e do Tesouro Direto e Mercado de A\u00e7\u00f5es pela B3.\",\"url\":\"https:\/\/www.suno.com.br\/noticias\/author\/poliana-santos\/\"}]}<\/script>\n<!-- \/ Yoast SEO plugin. -->","yoast_head_json":{"title":"Vale mais a pena ter carro por assinatura, compr\u00e1-lo \u00e0 vista ou financi\u00e1-lo?","description":"Especialistas respondem essa d\u00favida comum hoje em dia: \u00e9 melhor usar carro por assinatura, comprar o ve\u00edculo \u00e0 vista ou financiar?","robots":{"index":"index","follow":"follow","max-snippet":"max-snippet:-1","max-image-preview":"max-image-preview:large","max-video-preview":"max-video-preview:-1"},"canonical":"https:\/\/www.suno.com.br\/noticias\/carro-por-assinatura-finaciamento-compra-vista\/","og_locale":"pt_BR","og_type":"article","og_title":"Vale mais a pena ter carro por assinatura, compr\u00e1-lo \u00e0 vista ou financi\u00e1-lo?","og_description":"Especialistas respondem essa d\u00favida comum hoje em dia: \u00e9 melhor usar carro por assinatura, comprar o ve\u00edculo \u00e0 vista ou financiar?","og_url":"https:\/\/www.suno.com.br\/noticias\/carro-por-assinatura-finaciamento-compra-vista\/","og_site_name":"Suno Not\u00edcias","article_publisher":"https:\/\/facebook.com\/sunoresearch","og_image":[{"width":1920,"height":836,"url":"https:\/\/files.sunoresearch.com.br\/n\/uploads\/2022\/03\/porsche-g35925f7a6_1920.jpg","type":"image\/jpeg"}],"author":"Poliana Santos","twitter_card":"summary_large_image","twitter_creator":"@sunoresearch","twitter_site":"@sunoresearch","twitter_misc":{"Escrito por":"Poliana Santos","Est. tempo de leitura":"7 minutos"},"schema":{"@context":"https:\/\/schema.org","@graph":[{"@type":"NewsArticle","@id":"https:\/\/www.suno.com.br\/noticias\/carro-por-assinatura-finaciamento-compra-vista\/#article","isPartOf":{"@id":"https:\/\/www.suno.com.br\/noticias\/carro-por-assinatura-finaciamento-compra-vista\/"},"author":{"name":"Poliana Santos","@id":"https:\/\/www.suno.com.br\/noticias\/#\/schema\/person\/02ec1f752758247878a2bf4abee1aeda"},"headline":"O que \u00e9 melhor: ter carro por assinatura, comprar \u00e0 vista ou financiar? Especialistas respondem","datePublished":"2022-03-19T13:00:08+00:00","mainEntityOfPage":{"@id":"https:\/\/www.suno.com.br\/noticias\/carro-por-assinatura-finaciamento-compra-vista\/"},"wordCount":1726,"publisher":{"@id":"https:\/\/www.suno.com.br\/noticias\/#organization"},"image":{"@id":"https:\/\/www.suno.com.br\/noticias\/carro-por-assinatura-finaciamento-compra-vista\/#primaryimage"},"thumbnailUrl":"https:\/\/files.sunoresearch.com.br\/n\/uploads\/2022\/03\/porsche-g35925f7a6_1920.jpg","keywords":["carros aut\u00f4nomos","Especiais"],"articleSection":["Finan\u00e7as Pessoais"],"inLanguage":"pt-BR"},{"@type":"WebPage","@id":"https:\/\/www.suno.com.br\/noticias\/carro-por-assinatura-finaciamento-compra-vista\/","url":"https:\/\/www.suno.com.br\/noticias\/carro-por-assinatura-finaciamento-compra-vista\/","name":"Vale mais a pena ter carro por assinatura, compr\u00e1-lo \u00e0 vista ou financi\u00e1-lo?","isPartOf":{"@id":"https:\/\/www.suno.com.br\/noticias\/#website"},"primaryImageOfPage":{"@id":"https:\/\/www.suno.com.br\/noticias\/carro-por-assinatura-finaciamento-compra-vista\/#primaryimage"},"image":{"@id":"https:\/\/www.suno.com.br\/noticias\/carro-por-assinatura-finaciamento-compra-vista\/#primaryimage"},"thumbnailUrl":"https:\/\/files.sunoresearch.com.br\/n\/uploads\/2022\/03\/porsche-g35925f7a6_1920.jpg","datePublished":"2022-03-19T13:00:08+00:00","description":"Especialistas respondem essa d\u00favida comum hoje em dia: \u00e9 melhor usar carro por assinatura, comprar o ve\u00edculo \u00e0 vista ou financiar?","breadcrumb":{"@id":"https:\/\/www.suno.com.br\/noticias\/carro-por-assinatura-finaciamento-compra-vista\/#breadcrumb"},"inLanguage":"pt-BR","potentialAction":[{"@type":"ReadAction","target":["https:\/\/www.suno.com.br\/noticias\/carro-por-assinatura-finaciamento-compra-vista\/"]}]},{"@type":"ImageObject","inLanguage":"pt-BR","@id":"https:\/\/www.suno.com.br\/noticias\/carro-por-assinatura-finaciamento-compra-vista\/#primaryimage","url":"https:\/\/files.sunoresearch.com.br\/n\/uploads\/2022\/03\/porsche-g35925f7a6_1920.jpg","contentUrl":"https:\/\/files.sunoresearch.com.br\/n\/uploads\/2022\/03\/porsche-g35925f7a6_1920.jpg","width":1920,"height":836,"caption":"Porsche. Foto: Pixabay"},{"@type":"BreadcrumbList","@id":"https:\/\/www.suno.com.br\/noticias\/carro-por-assinatura-finaciamento-compra-vista\/#breadcrumb","itemListElement":[{"@type":"ListItem","position":1,"name":"Not\u00edcias","item":"https:\/\/www.suno.com.br\/noticias\/"},{"@type":"ListItem","position":2,"name":"Finan\u00e7as Pessoais","item":"https:\/\/www.suno.com.br\/noticias\/financas-pessoais\/"},{"@type":"ListItem","position":3,"name":"O que \u00e9 melhor: ter carro por assinatura, comprar \u00e0 vista ou financiar? Especialistas respondem"}]},{"@type":"WebSite","@id":"https:\/\/www.suno.com.br\/noticias\/#website","url":"https:\/\/www.suno.com.br\/noticias\/","name":"Suno Not\u00edcias","description":"Seu portal de informa\u00e7\u00e3o sobre o mundo dos investimentos","publisher":{"@id":"https:\/\/www.suno.com.br\/noticias\/#organization"},"potentialAction":[{"@type":"SearchAction","target":{"@type":"EntryPoint","urlTemplate":"https:\/\/www.suno.com.br\/noticias\/?s={search_term_string}"},"query-input":{"@type":"PropertyValueSpecification","valueRequired":true,"valueName":"search_term_string"}}],"inLanguage":"pt-BR"},{"@type":"Organization","@id":"https:\/\/www.suno.com.br\/noticias\/#organization","name":"Suno Not\u00edcias","url":"https:\/\/www.suno.com.br\/noticias\/","logo":{"@type":"ImageObject","inLanguage":"pt-BR","@id":"https:\/\/www.suno.com.br\/noticias\/#\/schema\/logo\/image\/","url":"https:\/\/files.sunoresearch.com.br\/n\/uploads\/2021\/09\/suno-logo.png","contentUrl":"https:\/\/files.sunoresearch.com.br\/n\/uploads\/2021\/09\/suno-logo.png","width":180,"height":180,"caption":"Suno Not\u00edcias"},"image":{"@id":"https:\/\/www.suno.com.br\/noticias\/#\/schema\/logo\/image\/"},"sameAs":["https:\/\/facebook.com\/sunoresearch","https:\/\/x.com\/sunoresearch","https:\/\/www.instagram.com\/suno","https:\/\/www.linkedin.com\/company\/suno-research\/","https:\/\/www.youtube.com\/c\/sunoresearch"]},{"@type":"Person","@id":"https:\/\/www.suno.com.br\/noticias\/#\/schema\/person\/02ec1f752758247878a2bf4abee1aeda","name":"Poliana Santos","image":{"@type":"ImageObject","inLanguage":"pt-BR","@id":"https:\/\/www.suno.com.br\/noticias\/#\/schema\/person\/image\/","url":"https:\/\/secure.gravatar.com\/avatar\/0645bd32f23d87b2130f2b2dff1d3f8d?s=96&r=g","contentUrl":"https:\/\/secure.gravatar.com\/avatar\/0645bd32f23d87b2130f2b2dff1d3f8d?s=96&r=g","caption":"Poliana Santos"},"description":"Rep\u00f3rter no Suno Not\u00edcias, com cobertura em mercado financeiro, economia, finan\u00e7as pessoais, renda fixa e varejo. Jornalista formada pela Faculdade C\u00e1sper L\u00edbero e possui passagem na R\u00e1dio Gazeta AM com a produ\u00e7\u00e3o de conte\u00fado sobre economia, pol\u00edtica, sa\u00fade, moda e m\u00fasica. Possui certificado de conclus\u00e3o do curso de An\u00e1lise de Balan\u00e7os pela Funda\u00e7\u00e3o Bradesco, Agenda Brasil pela FAAP, Educa\u00e7\u00e3o Pol\u00edtica por Alexandre Garcia e do Tesouro Direto e Mercado de A\u00e7\u00f5es pela B3.","url":"https:\/\/www.suno.com.br\/noticias\/author\/poliana-santos\/"}]}},"default_loop_html":"<div class=\"cardsPage__listCard__boxs\"><div class=\"cardsPage__listCard__boxs__img\"><a href=\"https:\/\/www.suno.com.br\/noticias\/kavak-unicornio-carros-seminovos-rio-de-janeiro-rj\/\"><img class=\"mask\" src=\"https:\/\/www.suno.com.br\/noticias\/wp-content\/themes\/suno\/resources\/images\/spotlight\/spotlight1img\/bg-mask.png\" alt=\"Image Mask\"\/><img src=\"https:\/\/files.sunoresearch.com.br\/n\/uploads\/2021\/07\/791b4b1a-kavak-5_divulgacao-400x200.jpg\" alt=\"Kavak, unic\u00f3rnio de carros seminovos, expande atividades para o Rio de Janeiro\"\/><\/a><span class=\"spotlightCategory\"><a href=\"https:\/\/www.suno.com.br\/noticias\/startups\/\">Startups<\/a><\/span><\/div><div class=\"cardsPage__listCard__boxs__content\"><a href=\"https:\/\/www.suno.com.br\/noticias\/kavak-unicornio-carros-seminovos-rio-de-janeiro-rj\/\"><h2 class=\"content__title\">Kavak, unic\u00f3rnio de carros seminovos, expande atividades para o Rio de Janeiro<\/h2><\/a><div class=\"newsContent__article__meta\"><div class=\"newsContent__article__meta__authorBox\"><a href=\"https:\/\/www.suno.com.br\/noticias\/author\/bloomberg-linea\/\" class=\"authorBox__avatar noMobi\"><img src=\"https:\/\/files.sunoresearch.com.br\/n\/uploads\/2022\/01\/Bloomberg-Infogram_Black-TwoLines-150x150.png\" alt=\"Bloomberg L\u00ednea\"><\/a><div class=\"authorBox__name\"><span>por\n\t\t\t<a href=\"https:\/\/www.suno.com.br\/noticias\/author\/bloomberg-linea\/\"><span itemprop=\"author\">Bloomberg L\u00ednea<\/span><\/a><\/span><time datetime=\"2022-01-31T11:40:40-03:00\" itemprop=\"datePublished\">31\/01\/2022 11:40<\/time><\/div><\/div><\/div><\/div><\/div>","single_layout":"posts","amp_enabled":true,"_links":{"self":[{"href":"https:\/\/www.suno.com.br\/noticias\/wp-json\/wp\/v2\/posts\/242456"}],"collection":[{"href":"https:\/\/www.suno.com.br\/noticias\/wp-json\/wp\/v2\/posts"}],"about":[{"href":"https:\/\/www.suno.com.br\/noticias\/wp-json\/wp\/v2\/types\/post"}],"author":[{"embeddable":true,"href":"https:\/\/www.suno.com.br\/noticias\/wp-json\/wp\/v2\/users\/15"}],"replies":[{"embeddable":true,"href":"https:\/\/www.suno.com.br\/noticias\/wp-json\/wp\/v2\/comments?post=242456"}],"version-history":[{"count":3,"href":"https:\/\/www.suno.com.br\/noticias\/wp-json\/wp\/v2\/posts\/242456\/revisions"}],"predecessor-version":[{"id":243329,"href":"https:\/\/www.suno.com.br\/noticias\/wp-json\/wp\/v2\/posts\/242456\/revisions\/243329"}],"wp:featuredmedia":[{"embeddable":true,"href":"https:\/\/www.suno.com.br\/noticias\/wp-json\/wp\/v2\/media\/242921"}],"wp:attachment":[{"href":"https:\/\/www.suno.com.br\/noticias\/wp-json\/wp\/v2\/media?parent=242456"}],"wp:term":[{"taxonomy":"category","embeddable":true,"href":"https:\/\/www.suno.com.br\/noticias\/wp-json\/wp\/v2\/categories?post=242456"},{"taxonomy":"post_tag","embeddable":true,"href":"https:\/\/www.suno.com.br\/noticias\/wp-json\/wp\/v2\/tags?post=242456"},{"taxonomy":"suno_strategy","embeddable":true,"href":"https:\/\/www.suno.com.br\/noticias\/wp-json\/wp\/v2\/suno_strategy?post=242456"}],"curies":[{"name":"wp","href":"https:\/\/api.w.org\/{rel}","templated":true}]}}