{"id":24227,"date":"2019-05-11T15:43:04","date_gmt":"2019-05-11T18:43:04","guid":{"rendered":"https:\/\/www.suno.com.br\/noticias\/?p=24227"},"modified":"2019-05-11T15:43:04","modified_gmt":"2019-05-11T18:43:04","slug":"defesa-lula-pena-regime-aberto-stj","status":"publish","type":"post","link":"https:\/\/www.suno.com.br\/noticias\/defesa-lula-pena-regime-aberto-stj\/","title":{"rendered":"Defesa de Lula pede ao STJ que ex-presidente cumpra pena em casa"},"content":{"rendered":"<p>Na \u00faltima sexta-feira (10), a <strong>defesa do ex-presidente<\/strong> Luiz In\u00e1cio Lula da Silva entrou com pedido de regime aberto ao<strong> Superior Tribunal de Justi\u00e7a<\/strong> (STJ).<\/p>\t<div class=\"wrapper-featured-image\">\n\t\t<figure class=\"spotlightImg\">\n\n\t\t\t<picture>\n\t\t\t\t<source media=\"(max-width: 768px)\" srcset=\"https:\/\/files.sunoresearch.com.br\/n\/uploads\/2019\/05\/ad373886-lula-400x200.webp\">\n\t\t\t\t<img loading=\"lazy\" decoding=\"async\" class=\"newsContent__article__imgCapa lazyloadDisabled newsContent__article__imgCapa--noCaption\" src=\"https:\/\/files.sunoresearch.com.br\/n\/uploads\/2019\/05\/ad373886-lula-800x450.webp\" width=\"800\" height=\"450\" alt=\"Defesa de Lula pede ao STJ que ex-presidente cumpra pena em casa\" fetchpriority=high \/>\n\t\t\t<\/picture>\n\n\t\t\t<figcaption class=\"wp-caption-text wp-caption-text--hide\">Juiz aceita pedido de defesa e Lula sair\u00e1 da pris\u00e3o ap\u00f3s decis\u00e3o do STF<\/figcaption>\n\t\t<\/figure>\n\t<\/div>\n\n\n<p>A solicita\u00e7\u00e3o consta nos embargos da declara\u00e7\u00e3o protocolados pelos advogados de <strong>Lula<\/strong>. O objetivo \u00e9 que seja revisado os pontos tomados pela <strong>Quinta Turma do STJ<\/strong>, que reduziu a pena para oitos ano e dez meses.<\/p>\n<p>De acordo com a defesa, o ex-presidente est\u00e1 preso um ano na <strong>Superintend\u00eancia da Pol\u00edcia Federal em Curitiba<\/strong>. Portanto, a revis\u00e3o feita, permite modificar a pena para <strong>regime aberto<\/strong>.<\/p>\n<p>O regime permite sa\u00eddas pela manh\u00e3, mas, \u00e9 necess\u00e1rio retornar para a resid\u00eancia \u00e0 noite.<\/p>\n\t<p>\n\t\t<a href=\"https:\/\/www.suno.com.br\/wealth\/\" target=\"_blank\" data-element=\"shortcode-suno-banner\" title=\"Banner SUNO, clique e saiba mais\">\n\t\t\t<picture>\n\t\t\t\t<source media=\"(max-width: 500px)\" srcset=\"https:\/\/files.sunoresearch.com.br\/n\/uploads\/2024\/01\/400x300-Mobile-WEALTH.png\">\n\t\t\t\t<img class=\"newsContent__article__imgCapa newsContent__article__imgCapa--banner\"\n\t\t\t\t\tsrc=\"https:\/\/files.sunoresearch.com.br\/n\/uploads\/2024\/01\/1420x240-Banner-Artigos-1-_-Banner-Materias-1-6.png\"\n\t\t\t\t\tdata-promo-id=\"512147\"\t\t\t\t\t\t\t\t\t\twidth='1420' height='240'\t\t\t\t\talt=\"https:\/\/files.sunoresearch.com.br\/n\/uploads\/2024\/01\/1420x240-Banner-Artigos-1-_-Banner-Materias-1-6.png\"\n\t\t\t\t>\n\t\t\t<\/picture>\n\t\t<\/a>\n\t<\/p>\n\n\n<h2>Defesa do ex-presidente<\/h2>\n<p>Conforme a lei \u00e9 permitido que os condenados a penas entre quatro e oitos anos cumpram a senten\u00e7a no regime semiaberto. &#8220;Diante da inexist\u00eancia de estabelecimento compat\u00edvel, faz-se necess\u00e1rio, desde logo, a fixa\u00e7\u00e3o de um regime aberto&#8221;, afirma o <strong>advogado Cristiano Zanin Martins<\/strong>.<\/p>\n<p>Ademais, na declara\u00e7\u00e3o, \u00e9 solicitado a anula\u00e7\u00e3o dos processo e a &#8220;absolvi\u00e7\u00e3o plena&#8221; do ex-presidente. Conforme o pedido, <strong>Lula<\/strong> n\u00e3o cometeu os crimes pelos quais foi condenado.<\/p>\n<p><a href=\"https:\/\/www.suno.com.br\/noticias\/lula-julgamento-defesa-nao-avisada\/\">Saiba Mais:\u00a0Triplex: Defesa de Lula diz que n\u00e3o foi avisada e pede que STJ adie julgamento<\/a><\/p>\n<p>&#8220;Antes de avan\u00e7ar, enfatiza-se que o embargante n\u00e3o praticou nenhum dos crimes aqui imputados ou outros de qualquer natureza que seja. N\u00e3o obstante, n\u00e3o se pode ignorar que essa defesa t\u00e9cnica tem dever \u00e9tico de buscar, por todos os meios legais, a liberdade do patrocinado sob todos os apectos vi\u00e1veis, sem preju\u00edzo de preservar e reafirmar a garantia da presun\u00e7\u00e3o da inoc\u00eancia, mesmo quando relute o constituinte&#8221;, escreveu <strong>Zanin<\/strong> na declara\u00e7\u00e3o.<\/p>\n<h2>Lula teve pena reduzida<\/h2>\n<p>No dia 23 de mar\u00e7o, por decis\u00e3o un\u00e2nime do <strong>STJ<\/strong> a <strong>pena<\/strong> do ex-presidente foi reduzida. A vota\u00e7\u00e3o aconteceu baseada em\u00a0recurso impetrado pela defesa de <strong>Lula<\/strong>.<\/p>\n<p><a href=\"https:\/\/www.suno.com.br\/noticias\/lula-diz-entrevista-na-prisao\/\">Saiba Mais: Lula diz que \u201cBrasil \u00e9 governado por malucos\u201d em 1\u00aa entrevista na pris\u00e3o<\/a><\/p>\n<p>O relator do caso, o ministro do <strong>STJ<\/strong> <strong>F\u00e9lix Fischer<\/strong>, decidiu que a soma das condena\u00e7\u00f5es pelos crimes seriam de <strong>8 anos<\/strong>, 10 meses e 20 dias de reclus\u00e3o. O ex-presidente<span style=\"font-size: 1.1429rem;\">\u00a0foi acusado de\u00a0<\/span><span style=\"font-size: 1.1429rem;\"><strong>corrup\u00e7\u00e3o passiva<\/strong>\u00a0<\/span><span style=\"font-size: 1.1429rem;\">e <\/span><strong style=\"font-size: 1.1429rem;\">lavagem de dinheiro<\/strong><span style=\"font-size: 1.1429rem;\">.<\/span><\/p>\n<p>No entanto,\u00a0<strong>Lula<\/strong> havia sido condenado previamente, em segunda inst\u00e2ncia, pelo <strong>TRF4<\/strong> (Tribunal Regional Federal da 4\u00aa Regi\u00e3o) a 12 anos e 1 m\u00eas de pris\u00e3o.<\/p>\n","protected":false},"excerpt":{"rendered":"<p>Na \u00faltima sexta-feira (10), a defesa do ex-presidente Luiz In\u00e1cio Lula da Silva entrou com pedido de regime aberto ao Superior Tribunal de Justi\u00e7a (STJ). Juiz aceita pedido de defesa e Lula sair\u00e1 da pris\u00e3o ap\u00f3s decis\u00e3o do STF A solicita\u00e7\u00e3o consta nos embargos da declara\u00e7\u00e3o protocolados pelos advogados de Lula. O objetivo \u00e9 que [&hellip;]<\/p>\n","protected":false},"author":15,"featured_media":24228,"comment_status":"closed","ping_status":"closed","sticky":false,"template":"","format":"standard","meta":[],"categories":[61],"tags":[709,763],"suno_strategy":[],"class_list":["post-24227","post","type-post","status-publish","format-standard","has-post-thumbnail","hentry","category-politica","tag-lula","tag-superior-tribunal-justica-stj"],"yoast_head":"<!-- This site is optimized with the Yoast SEO plugin v24.4 - https:\/\/yoast.com\/wordpress\/plugins\/seo\/ -->\n<title>Defesa de Lula pede ao STJ que ex-presidente cumpra pena em casa<\/title>\n<meta name=\"description\" content=\"Na \u00faltima sexta (10), a defesa de Lula entrou com pedido de regime aberto ao Superior Tribunal de Justi\u00e7a. Clique aqui e saiba mais\" \/>\n<meta name=\"robots\" content=\"index, follow, max-snippet:-1, max-image-preview:large, max-video-preview:-1\" \/>\n<link rel=\"canonical\" href=\"https:\/\/www.suno.com.br\/noticias\/defesa-lula-pena-regime-aberto-stj\/\" \/>\n<meta property=\"og:locale\" content=\"pt_BR\" \/>\n<meta property=\"og:type\" content=\"article\" \/>\n<meta property=\"og:title\" content=\"Defesa de Lula pede ao STJ que ex-presidente cumpra pena em casa\" \/>\n<meta property=\"og:description\" content=\"Na \u00faltima sexta (10), a defesa de Lula entrou com pedido de regime aberto ao Superior Tribunal de Justi\u00e7a. Clique aqui e saiba mais\" \/>\n<meta property=\"og:url\" content=\"https:\/\/www.suno.com.br\/noticias\/defesa-lula-pena-regime-aberto-stj\/\" \/>\n<meta property=\"og:site_name\" content=\"Suno Not\u00edcias\" \/>\n<meta property=\"article:publisher\" content=\"https:\/\/facebook.com\/sunoresearch\" \/>\n<meta property=\"og:image\" content=\"https:\/\/files.sunoresearch.com.br\/n\/uploads\/2019\/05\/ad373886-lula-1024x664.jpg\" \/>\n\t<meta property=\"og:image:width\" content=\"1024\" \/>\n\t<meta property=\"og:image:height\" content=\"664\" \/>\n\t<meta property=\"og:image:type\" content=\"image\/jpeg\" \/>\n<meta name=\"author\" content=\"Poliana Santos\" \/>\n<meta name=\"twitter:card\" content=\"summary_large_image\" \/>\n<meta name=\"twitter:creator\" content=\"@sunoresearch\" \/>\n<meta name=\"twitter:site\" content=\"@sunoresearch\" \/>\n<meta name=\"twitter:label1\" content=\"Escrito por\" \/>\n\t<meta name=\"twitter:data1\" content=\"Poliana Santos\" \/>\n\t<meta name=\"twitter:label2\" content=\"Est. tempo de leitura\" \/>\n\t<meta name=\"twitter:data2\" content=\"2 minutos\" \/>\n<script type=\"application\/ld+json\" class=\"yoast-schema-graph\">{\"@context\":\"https:\/\/schema.org\",\"@graph\":[{\"@type\":\"NewsArticle\",\"@id\":\"https:\/\/www.suno.com.br\/noticias\/defesa-lula-pena-regime-aberto-stj\/#article\",\"isPartOf\":{\"@id\":\"https:\/\/www.suno.com.br\/noticias\/defesa-lula-pena-regime-aberto-stj\/\"},\"author\":{\"name\":\"Poliana Santos\",\"@id\":\"https:\/\/www.suno.com.br\/noticias\/#\/schema\/person\/02ec1f752758247878a2bf4abee1aeda\"},\"headline\":\"Defesa de Lula pede ao STJ que ex-presidente cumpra pena em casa\",\"datePublished\":\"2019-05-11T18:43:04+00:00\",\"mainEntityOfPage\":{\"@id\":\"https:\/\/www.suno.com.br\/noticias\/defesa-lula-pena-regime-aberto-stj\/\"},\"wordCount\":421,\"publisher\":{\"@id\":\"https:\/\/www.suno.com.br\/noticias\/#organization\"},\"image\":{\"@id\":\"https:\/\/www.suno.com.br\/noticias\/defesa-lula-pena-regime-aberto-stj\/#primaryimage\"},\"thumbnailUrl\":\"https:\/\/files.sunoresearch.com.br\/n\/uploads\/2019\/05\/ad373886-lula-jpg.webp\",\"keywords\":[\"Lula\",\"Superior Tribunal de Justi\u00e7a (STJ)\"],\"articleSection\":[\"Pol\u00edtica\"],\"inLanguage\":\"pt-BR\"},{\"@type\":\"WebPage\",\"@id\":\"https:\/\/www.suno.com.br\/noticias\/defesa-lula-pena-regime-aberto-stj\/\",\"url\":\"https:\/\/www.suno.com.br\/noticias\/defesa-lula-pena-regime-aberto-stj\/\",\"name\":\"Defesa de Lula pede ao STJ que ex-presidente cumpra pena em casa\",\"isPartOf\":{\"@id\":\"https:\/\/www.suno.com.br\/noticias\/#website\"},\"primaryImageOfPage\":{\"@id\":\"https:\/\/www.suno.com.br\/noticias\/defesa-lula-pena-regime-aberto-stj\/#primaryimage\"},\"image\":{\"@id\":\"https:\/\/www.suno.com.br\/noticias\/defesa-lula-pena-regime-aberto-stj\/#primaryimage\"},\"thumbnailUrl\":\"https:\/\/files.sunoresearch.com.br\/n\/uploads\/2019\/05\/ad373886-lula-jpg.webp\",\"datePublished\":\"2019-05-11T18:43:04+00:00\",\"description\":\"Na \u00faltima sexta (10), a defesa de Lula entrou com pedido de regime aberto ao Superior Tribunal de Justi\u00e7a. Clique aqui e saiba mais\",\"breadcrumb\":{\"@id\":\"https:\/\/www.suno.com.br\/noticias\/defesa-lula-pena-regime-aberto-stj\/#breadcrumb\"},\"inLanguage\":\"pt-BR\",\"potentialAction\":[{\"@type\":\"ReadAction\",\"target\":[\"https:\/\/www.suno.com.br\/noticias\/defesa-lula-pena-regime-aberto-stj\/\"]}]},{\"@type\":\"ImageObject\",\"inLanguage\":\"pt-BR\",\"@id\":\"https:\/\/www.suno.com.br\/noticias\/defesa-lula-pena-regime-aberto-stj\/#primaryimage\",\"url\":\"https:\/\/files.sunoresearch.com.br\/n\/uploads\/2019\/05\/ad373886-lula-jpg.webp\",\"contentUrl\":\"https:\/\/files.sunoresearch.com.br\/n\/uploads\/2019\/05\/ad373886-lula-jpg.webp\",\"width\":2446,\"height\":1586,\"caption\":\"Juiz aceita pedido de defesa e Lula sair\u00e1 da pris\u00e3o ap\u00f3s decis\u00e3o do STF\"},{\"@type\":\"BreadcrumbList\",\"@id\":\"https:\/\/www.suno.com.br\/noticias\/defesa-lula-pena-regime-aberto-stj\/#breadcrumb\",\"itemListElement\":[{\"@type\":\"ListItem\",\"position\":1,\"name\":\"Not\u00edcias\",\"item\":\"https:\/\/www.suno.com.br\/noticias\/\"},{\"@type\":\"ListItem\",\"position\":2,\"name\":\"Pol\u00edtica\",\"item\":\"https:\/\/www.suno.com.br\/noticias\/politica\/\"},{\"@type\":\"ListItem\",\"position\":3,\"name\":\"Defesa de Lula pede ao STJ que ex-presidente cumpra pena em casa\"}]},{\"@type\":\"WebSite\",\"@id\":\"https:\/\/www.suno.com.br\/noticias\/#website\",\"url\":\"https:\/\/www.suno.com.br\/noticias\/\",\"name\":\"Suno Not\u00edcias\",\"description\":\"Seu portal de informa\u00e7\u00e3o sobre o mundo dos investimentos\",\"publisher\":{\"@id\":\"https:\/\/www.suno.com.br\/noticias\/#organization\"},\"potentialAction\":[{\"@type\":\"SearchAction\",\"target\":{\"@type\":\"EntryPoint\",\"urlTemplate\":\"https:\/\/www.suno.com.br\/noticias\/?s={search_term_string}\"},\"query-input\":{\"@type\":\"PropertyValueSpecification\",\"valueRequired\":true,\"valueName\":\"search_term_string\"}}],\"inLanguage\":\"pt-BR\"},{\"@type\":\"Organization\",\"@id\":\"https:\/\/www.suno.com.br\/noticias\/#organization\",\"name\":\"Suno Not\u00edcias\",\"url\":\"https:\/\/www.suno.com.br\/noticias\/\",\"logo\":{\"@type\":\"ImageObject\",\"inLanguage\":\"pt-BR\",\"@id\":\"https:\/\/www.suno.com.br\/noticias\/#\/schema\/logo\/image\/\",\"url\":\"https:\/\/files.sunoresearch.com.br\/n\/uploads\/2021\/09\/suno-logo.png\",\"contentUrl\":\"https:\/\/files.sunoresearch.com.br\/n\/uploads\/2021\/09\/suno-logo.png\",\"width\":180,\"height\":180,\"caption\":\"Suno Not\u00edcias\"},\"image\":{\"@id\":\"https:\/\/www.suno.com.br\/noticias\/#\/schema\/logo\/image\/\"},\"sameAs\":[\"https:\/\/facebook.com\/sunoresearch\",\"https:\/\/x.com\/sunoresearch\",\"https:\/\/www.instagram.com\/suno\",\"https:\/\/www.linkedin.com\/company\/suno-research\/\",\"https:\/\/www.youtube.com\/c\/sunoresearch\"]},{\"@type\":\"Person\",\"@id\":\"https:\/\/www.suno.com.br\/noticias\/#\/schema\/person\/02ec1f752758247878a2bf4abee1aeda\",\"name\":\"Poliana Santos\",\"image\":{\"@type\":\"ImageObject\",\"inLanguage\":\"pt-BR\",\"@id\":\"https:\/\/www.suno.com.br\/noticias\/#\/schema\/person\/image\/\",\"url\":\"https:\/\/secure.gravatar.com\/avatar\/0645bd32f23d87b2130f2b2dff1d3f8d?s=96&r=g\",\"contentUrl\":\"https:\/\/secure.gravatar.com\/avatar\/0645bd32f23d87b2130f2b2dff1d3f8d?s=96&r=g\",\"caption\":\"Poliana Santos\"},\"description\":\"Rep\u00f3rter no Suno Not\u00edcias, com cobertura em mercado financeiro, economia, finan\u00e7as pessoais, renda fixa e varejo. Jornalista formada pela Faculdade C\u00e1sper L\u00edbero e possui passagem na R\u00e1dio Gazeta AM com a produ\u00e7\u00e3o de conte\u00fado sobre economia, pol\u00edtica, sa\u00fade, moda e m\u00fasica. Possui certificado de conclus\u00e3o do curso de An\u00e1lise de Balan\u00e7os pela Funda\u00e7\u00e3o Bradesco, Agenda Brasil pela FAAP, Educa\u00e7\u00e3o Pol\u00edtica por Alexandre Garcia e do Tesouro Direto e Mercado de A\u00e7\u00f5es pela B3.\",\"url\":\"https:\/\/www.suno.com.br\/noticias\/author\/poliana-santos\/\"}]}<\/script>\n<!-- \/ Yoast SEO plugin. -->","yoast_head_json":{"title":"Defesa de Lula pede ao STJ que ex-presidente cumpra pena em casa","description":"Na \u00faltima sexta (10), a defesa de Lula entrou com pedido de regime aberto ao Superior Tribunal de Justi\u00e7a. Clique aqui e saiba mais","robots":{"index":"index","follow":"follow","max-snippet":"max-snippet:-1","max-image-preview":"max-image-preview:large","max-video-preview":"max-video-preview:-1"},"canonical":"https:\/\/www.suno.com.br\/noticias\/defesa-lula-pena-regime-aberto-stj\/","og_locale":"pt_BR","og_type":"article","og_title":"Defesa de Lula pede ao STJ que ex-presidente cumpra pena em casa","og_description":"Na \u00faltima sexta (10), a defesa de Lula entrou com pedido de regime aberto ao Superior Tribunal de Justi\u00e7a. Clique aqui e saiba mais","og_url":"https:\/\/www.suno.com.br\/noticias\/defesa-lula-pena-regime-aberto-stj\/","og_site_name":"Suno Not\u00edcias","article_publisher":"https:\/\/facebook.com\/sunoresearch","og_image":[{"width":1024,"height":664,"url":"https:\/\/files.sunoresearch.com.br\/n\/uploads\/2019\/05\/ad373886-lula-1024x664.jpg","type":"image\/jpeg"}],"author":"Poliana Santos","twitter_card":"summary_large_image","twitter_creator":"@sunoresearch","twitter_site":"@sunoresearch","twitter_misc":{"Escrito por":"Poliana Santos","Est. tempo de leitura":"2 minutos"},"schema":{"@context":"https:\/\/schema.org","@graph":[{"@type":"NewsArticle","@id":"https:\/\/www.suno.com.br\/noticias\/defesa-lula-pena-regime-aberto-stj\/#article","isPartOf":{"@id":"https:\/\/www.suno.com.br\/noticias\/defesa-lula-pena-regime-aberto-stj\/"},"author":{"name":"Poliana Santos","@id":"https:\/\/www.suno.com.br\/noticias\/#\/schema\/person\/02ec1f752758247878a2bf4abee1aeda"},"headline":"Defesa de Lula pede ao STJ que ex-presidente cumpra pena em casa","datePublished":"2019-05-11T18:43:04+00:00","mainEntityOfPage":{"@id":"https:\/\/www.suno.com.br\/noticias\/defesa-lula-pena-regime-aberto-stj\/"},"wordCount":421,"publisher":{"@id":"https:\/\/www.suno.com.br\/noticias\/#organization"},"image":{"@id":"https:\/\/www.suno.com.br\/noticias\/defesa-lula-pena-regime-aberto-stj\/#primaryimage"},"thumbnailUrl":"https:\/\/files.sunoresearch.com.br\/n\/uploads\/2019\/05\/ad373886-lula-jpg.webp","keywords":["Lula","Superior Tribunal de Justi\u00e7a (STJ)"],"articleSection":["Pol\u00edtica"],"inLanguage":"pt-BR"},{"@type":"WebPage","@id":"https:\/\/www.suno.com.br\/noticias\/defesa-lula-pena-regime-aberto-stj\/","url":"https:\/\/www.suno.com.br\/noticias\/defesa-lula-pena-regime-aberto-stj\/","name":"Defesa de Lula pede ao STJ que ex-presidente cumpra pena em casa","isPartOf":{"@id":"https:\/\/www.suno.com.br\/noticias\/#website"},"primaryImageOfPage":{"@id":"https:\/\/www.suno.com.br\/noticias\/defesa-lula-pena-regime-aberto-stj\/#primaryimage"},"image":{"@id":"https:\/\/www.suno.com.br\/noticias\/defesa-lula-pena-regime-aberto-stj\/#primaryimage"},"thumbnailUrl":"https:\/\/files.sunoresearch.com.br\/n\/uploads\/2019\/05\/ad373886-lula-jpg.webp","datePublished":"2019-05-11T18:43:04+00:00","description":"Na \u00faltima sexta (10), a defesa de Lula entrou com pedido de regime aberto ao Superior Tribunal de Justi\u00e7a. Clique aqui e saiba mais","breadcrumb":{"@id":"https:\/\/www.suno.com.br\/noticias\/defesa-lula-pena-regime-aberto-stj\/#breadcrumb"},"inLanguage":"pt-BR","potentialAction":[{"@type":"ReadAction","target":["https:\/\/www.suno.com.br\/noticias\/defesa-lula-pena-regime-aberto-stj\/"]}]},{"@type":"ImageObject","inLanguage":"pt-BR","@id":"https:\/\/www.suno.com.br\/noticias\/defesa-lula-pena-regime-aberto-stj\/#primaryimage","url":"https:\/\/files.sunoresearch.com.br\/n\/uploads\/2019\/05\/ad373886-lula-jpg.webp","contentUrl":"https:\/\/files.sunoresearch.com.br\/n\/uploads\/2019\/05\/ad373886-lula-jpg.webp","width":2446,"height":1586,"caption":"Juiz aceita pedido de defesa e Lula sair\u00e1 da pris\u00e3o ap\u00f3s decis\u00e3o do STF"},{"@type":"BreadcrumbList","@id":"https:\/\/www.suno.com.br\/noticias\/defesa-lula-pena-regime-aberto-stj\/#breadcrumb","itemListElement":[{"@type":"ListItem","position":1,"name":"Not\u00edcias","item":"https:\/\/www.suno.com.br\/noticias\/"},{"@type":"ListItem","position":2,"name":"Pol\u00edtica","item":"https:\/\/www.suno.com.br\/noticias\/politica\/"},{"@type":"ListItem","position":3,"name":"Defesa de Lula pede ao STJ que ex-presidente cumpra pena em casa"}]},{"@type":"WebSite","@id":"https:\/\/www.suno.com.br\/noticias\/#website","url":"https:\/\/www.suno.com.br\/noticias\/","name":"Suno Not\u00edcias","description":"Seu portal de informa\u00e7\u00e3o sobre o mundo dos investimentos","publisher":{"@id":"https:\/\/www.suno.com.br\/noticias\/#organization"},"potentialAction":[{"@type":"SearchAction","target":{"@type":"EntryPoint","urlTemplate":"https:\/\/www.suno.com.br\/noticias\/?s={search_term_string}"},"query-input":{"@type":"PropertyValueSpecification","valueRequired":true,"valueName":"search_term_string"}}],"inLanguage":"pt-BR"},{"@type":"Organization","@id":"https:\/\/www.suno.com.br\/noticias\/#organization","name":"Suno Not\u00edcias","url":"https:\/\/www.suno.com.br\/noticias\/","logo":{"@type":"ImageObject","inLanguage":"pt-BR","@id":"https:\/\/www.suno.com.br\/noticias\/#\/schema\/logo\/image\/","url":"https:\/\/files.sunoresearch.com.br\/n\/uploads\/2021\/09\/suno-logo.png","contentUrl":"https:\/\/files.sunoresearch.com.br\/n\/uploads\/2021\/09\/suno-logo.png","width":180,"height":180,"caption":"Suno Not\u00edcias"},"image":{"@id":"https:\/\/www.suno.com.br\/noticias\/#\/schema\/logo\/image\/"},"sameAs":["https:\/\/facebook.com\/sunoresearch","https:\/\/x.com\/sunoresearch","https:\/\/www.instagram.com\/suno","https:\/\/www.linkedin.com\/company\/suno-research\/","https:\/\/www.youtube.com\/c\/sunoresearch"]},{"@type":"Person","@id":"https:\/\/www.suno.com.br\/noticias\/#\/schema\/person\/02ec1f752758247878a2bf4abee1aeda","name":"Poliana Santos","image":{"@type":"ImageObject","inLanguage":"pt-BR","@id":"https:\/\/www.suno.com.br\/noticias\/#\/schema\/person\/image\/","url":"https:\/\/secure.gravatar.com\/avatar\/0645bd32f23d87b2130f2b2dff1d3f8d?s=96&r=g","contentUrl":"https:\/\/secure.gravatar.com\/avatar\/0645bd32f23d87b2130f2b2dff1d3f8d?s=96&r=g","caption":"Poliana Santos"},"description":"Rep\u00f3rter no Suno Not\u00edcias, com cobertura em mercado financeiro, economia, finan\u00e7as pessoais, renda fixa e varejo. Jornalista formada pela Faculdade C\u00e1sper L\u00edbero e possui passagem na R\u00e1dio Gazeta AM com a produ\u00e7\u00e3o de conte\u00fado sobre economia, pol\u00edtica, sa\u00fade, moda e m\u00fasica. Possui certificado de conclus\u00e3o do curso de An\u00e1lise de Balan\u00e7os pela Funda\u00e7\u00e3o Bradesco, Agenda Brasil pela FAAP, Educa\u00e7\u00e3o Pol\u00edtica por Alexandre Garcia e do Tesouro Direto e Mercado de A\u00e7\u00f5es pela B3.","url":"https:\/\/www.suno.com.br\/noticias\/author\/poliana-santos\/"}]}},"default_loop_html":"<div class=\"cardsPage__listCard__boxs\"><div class=\"cardsPage__listCard__boxs__img\"><a href=\"https:\/\/www.suno.com.br\/noticias\/defesa-lula-pena-regime-aberto-stj\/\"><img class=\"mask\" src=\"https:\/\/www.suno.com.br\/noticias\/wp-content\/themes\/suno\/resources\/images\/spotlight\/spotlight1img\/bg-mask.png\" alt=\"Image Mask\"\/><img src=\"https:\/\/files.sunoresearch.com.br\/n\/uploads\/2019\/05\/ad373886-lula-400x200.webp\" alt=\"Defesa de Lula pede ao STJ que ex-presidente cumpra pena em casa\"\/><\/a><span class=\"spotlightCategory\"><a href=\"https:\/\/www.suno.com.br\/noticias\/politica\/\">Pol\u00edtica<\/a><\/span><\/div><div class=\"cardsPage__listCard__boxs__content\"><a href=\"https:\/\/www.suno.com.br\/noticias\/defesa-lula-pena-regime-aberto-stj\/\"><h2 class=\"content__title\">Defesa de Lula pede ao STJ que ex-presidente cumpra pena em casa<\/h2><\/a><div class=\"newsContent__article__meta\"><div class=\"newsContent__article__meta__authorBox\"><a href=\"https:\/\/www.suno.com.br\/noticias\/author\/poliana-santos\/\" class=\"authorBox__avatar noMobi\"><img src=\"https:\/\/files.sunoresearch.com.br\/n\/uploads\/2020\/08\/7ef34026-whatsapp-image-2020-08-03-at-12.37.57-150x150.webp\" alt=\"Poliana Santos\"><\/a><div class=\"authorBox__name\"><span>por\n\t\t\t<a href=\"https:\/\/www.suno.com.br\/noticias\/author\/poliana-santos\/\"><span itemprop=\"author\">Poliana Santos<\/span><\/a><\/span><time datetime=\"2019-05-11T15:43:04-03:00\" itemprop=\"datePublished\">11\/05\/2019 15:43<\/time><\/div><\/div><\/div><\/div><\/div>","single_layout":"posts","amp_enabled":true,"_links":{"self":[{"href":"https:\/\/www.suno.com.br\/noticias\/wp-json\/wp\/v2\/posts\/24227"}],"collection":[{"href":"https:\/\/www.suno.com.br\/noticias\/wp-json\/wp\/v2\/posts"}],"about":[{"href":"https:\/\/www.suno.com.br\/noticias\/wp-json\/wp\/v2\/types\/post"}],"author":[{"embeddable":true,"href":"https:\/\/www.suno.com.br\/noticias\/wp-json\/wp\/v2\/users\/15"}],"replies":[{"embeddable":true,"href":"https:\/\/www.suno.com.br\/noticias\/wp-json\/wp\/v2\/comments?post=24227"}],"version-history":[{"count":0,"href":"https:\/\/www.suno.com.br\/noticias\/wp-json\/wp\/v2\/posts\/24227\/revisions"}],"wp:featuredmedia":[{"embeddable":true,"href":"https:\/\/www.suno.com.br\/noticias\/wp-json\/wp\/v2\/media\/24228"}],"wp:attachment":[{"href":"https:\/\/www.suno.com.br\/noticias\/wp-json\/wp\/v2\/media?parent=24227"}],"wp:term":[{"taxonomy":"category","embeddable":true,"href":"https:\/\/www.suno.com.br\/noticias\/wp-json\/wp\/v2\/categories?post=24227"},{"taxonomy":"post_tag","embeddable":true,"href":"https:\/\/www.suno.com.br\/noticias\/wp-json\/wp\/v2\/tags?post=24227"},{"taxonomy":"suno_strategy","embeddable":true,"href":"https:\/\/www.suno.com.br\/noticias\/wp-json\/wp\/v2\/suno_strategy?post=24227"}],"curies":[{"name":"wp","href":"https:\/\/api.w.org\/{rel}","templated":true}]}}