{"id":242008,"date":"2022-03-16T10:57:36","date_gmt":"2022-03-16T13:57:36","guid":{"rendered":"https:\/\/www.suno.com.br\/noticias\/?p=242008"},"modified":"2022-03-16T10:57:36","modified_gmt":"2022-03-16T13:57:36","slug":"dolar-cai-com-apetite-por-risco-no-exterior","status":"publish","type":"post","link":"https:\/\/www.suno.com.br\/noticias\/dolar-cai-com-apetite-por-risco-no-exterior\/","title":{"rendered":"D\u00f3lar cai com apetite por risco no exterior"},"content":{"rendered":"<p>O <strong>d\u00f3lar<\/strong> opera em baixa na manh\u00e3 desta quarta-feira (16), ap\u00f3s subir nas \u00faltimas quatro sess\u00f5es, em meio ao rali nas bolsas internacionais. O petr\u00f3leo est\u00e1 vol\u00e1til e retomou a alta, enquanto o min\u00e9rio de ferro deu um salto de 6,65% hoje na China. Os juros dos Treasuries sobem tamb\u00e9m e o d\u00f3lar cede em meio a sinais de avan\u00e7o nas negocia\u00e7\u00f5es entre Moscou e Kiev para cessar fogo na Ucr\u00e2nia. Na ter\u00e7a-feira, a Ucr\u00e2nia acenou \u00e0 R\u00fassia de que pode renunciar \u00e0 entrada na Otan em troca da retirada de tropas russas do pa\u00eds.<\/p>\t<div class=\"wrapper-featured-image\">\n\t\t<figure class=\"spotlightImg\">\n\n\t\t\t<picture>\n\t\t\t\t<source media=\"(max-width: 768px)\" srcset=\"https:\/\/files.sunoresearch.com.br\/n\/uploads\/2021\/04\/9a3c9edc-pexels-pixabay-164527-400x200.jpg\">\n\t\t\t\t<img loading=\"lazy\" decoding=\"async\" class=\"newsContent__article__imgCapa lazyloadDisabled \" src=\"https:\/\/files.sunoresearch.com.br\/n\/uploads\/2021\/04\/9a3c9edc-pexels-pixabay-164527-800x450.jpg\" width=\"800\" height=\"450\" alt=\"D\u00f3lar cai com apetite por risco no exterior\" fetchpriority=high \/>\n\t\t\t<\/picture>\n\n\t\t\t<figcaption class=\"wp-caption-text wp-caption-text--show\">D\u00f3lar. Foto: Pixabay<\/figcaption>\n\t\t<\/figure>\n\t<\/div>\n\n\n\t<p>\n\t\t<a href=\"https:\/\/lp.suno.com.br\/planilha-controle-gastos\/\" target=\"_blank\" data-element=\"shortcode-suno-banner\" title=\"Banner SUNO, clique e saiba mais\">\n\t\t\t<picture>\n\t\t\t\t<source media=\"(max-width: 500px)\" srcset=\"https:\/\/files.sunoresearch.com.br\/n\/uploads\/2023\/03\/400x300-Planilha-controle-de-gastos.png\">\n\t\t\t\t<img class=\"newsContent__article__imgCapa newsContent__article__imgCapa--banner\"\n\t\t\t\t\tsrc=\"https:\/\/files.sunoresearch.com.br\/n\/uploads\/2023\/03\/1420x240-Planilha-controle-de-gastos.png\"\n\t\t\t\t\tdata-promo-id=\"101751\"\t\t\t\t\t\t\t\t\t\twidth='1420' height='240'\t\t\t\t\talt=\"https:\/\/files.sunoresearch.com.br\/n\/uploads\/2023\/03\/1420x240-Planilha-controle-de-gastos.png\"\n\t\t\t\t>\n\t\t\t<\/picture>\n\t\t<\/a>\n\t<\/p>\n\n\n<p>Hoje, o <strong>Kremlin<\/strong> afirmou que uma <strong>Ucr\u00e2nia<\/strong> neutra com seu pr\u00f3prio ex\u00e9rcito \u00e9 uma &#8220;poss\u00edvel op\u00e7\u00e3o de compromisso&#8221;, segundo a ag\u00eancia de not\u00edcias russa Interfax. Os ministros de defesa da Organiza\u00e7\u00e3o do Tratado do Atl\u00e2ntico Norte (Otan) se re\u00fanem em sess\u00e3o extraordin\u00e1ria nesta quarta-feira, na B\u00e9lgica.<\/p>\n<p>\u00c0s 10h50, o<strong> d\u00f3lar hoje<\/strong> ca\u00eda 0,52%, a R$ 5,13. O <strong><a class=\"suno-keyword\" href=\"https:\/\/www.suno.com.br\/artigos\/dolar-futuro\/\" target=\"_blank\" rel=\"noopener\" data-force=\"no\" data-priority=\"1\">d\u00f3lar futuro<\/a> para abril<\/strong> cedia 0,71%, a R$ 5,14.<\/p>\n<p>Os investidores globais precificam ainda os ganhos fortes dos mercados de a\u00e7\u00f5es na \u00c1sia, ap\u00f3s o vice-premi\u00ea chin\u00eas Liu He afirmar hoje que o governo ir\u00e1 adotar pol\u00edticas favor\u00e1veis aos mercados de capitais, tomar medidas para evitar e contornar riscos no setor imobili\u00e1rio e que reguladores chineses e dos EUA avan\u00e7aram em conversas sobre empresas chinesas com a\u00e7\u00f5es listadas nos EUA.<\/p>\n<p>H\u00e1 compasso de espera ainda pelas decis\u00f5es de <strong>juros do Fed<\/strong> e do <strong>Copom<\/strong>, \u00e0 tarde. Para a decis\u00e3o do Fed, \u00e9 esperada a primeira eleva\u00e7\u00e3o de juros desde 2018, de 25 pontos base, aposta quase un\u00e2nime entre especialistas, diante da press\u00e3o inflacion\u00e1ria, e os investidores buscar\u00e3o indicativos sobre a continuidade do aperto monet\u00e1rio neste ano.<\/p>\n<p>Para o Copom, a expectativa majorit\u00e1ria \u00e9 de<strong> alta da <a class=\"suno-keyword\" href=\"https:\/\/www.suno.com.br\/artigos\/taxa-selic\/\" target=\"_blank\" rel=\"noopener\" data-force=\"no\" data-priority=\"3\">taxa Selic<\/a> <\/strong>de 1 ponto porcentual, para 11,75% ao ano, e que poder\u00e1 deixar a porta aberta para continuidade do ciclo de aperto.<\/p>\n\t<p>\n\t\t<a href=\"\" target=\"_blank\" data-element=\"shortcode-suno-banner\" title=\"Banner SUNO, clique e saiba mais\">\n\t\t\t<picture>\n\t\t\t\t<source media=\"(max-width: 500px)\" srcset=\"\">\n\t\t\t\t<img class=\"newsContent__article__imgCapa newsContent__article__imgCapa--banner\"\n\t\t\t\t\tsrc=\"\"\n\t\t\t\t\tdata-promo-id=\"138420\"\t\t\t\t\t\t\t\t\t\t\t\t\t\t\talt=\"\"\n\t\t\t\t>\n\t\t\t<\/picture>\n\t\t<\/a>\n\t<\/p>\n\n\n<p>&#8220;Uma &#8216;super quarta-feira&#8217;, com duas reuni\u00f5es importantes, Copom no Brasil e FOMC nos EUA. No Brasil, com o recuo recente do barril de petr\u00f3leo por estes<br \/>\ndias, em torno de US$ 100, aumentam as chances de que o juro seja ajustado em 1,0 ponto, de 10,75% a 11,75%, e n\u00e3o mais 1,25 pp como antes se previa&#8221;, informou o relat\u00f3rio da Mirae Asset.<\/p>\n<p>Al\u00e9m disso, prometida no in\u00edcio do ano, a redu\u00e7\u00e3o gradual do Imposto sobre Opera\u00e7\u00f5es Financeiras (IOF) sobre o <strong>c\u00e2mbio<\/strong> foi oficializada ontem. O presidente Jair Bolsonaro assinou decreto com a redu\u00e7\u00e3o escalonada do tributo, que ser\u00e1 diminu\u00eddo em etapas at\u00e9 ser zerado em 2028.<\/p>\n<p>A poss\u00edvel vota\u00e7\u00e3o da reforma tribut\u00e1ria na Comiss\u00e3o de Constitui\u00e7\u00e3o e Justi\u00e7a (CCJ) do Senado est\u00e1 no radar tamb\u00e9m nesta manh\u00e3 bem como as medidas em discuss\u00e3o no governo para baixar tamb\u00e9m os pre\u00e7os da gasolina.<\/p>\n<p>A ministra da Secretaria de Governo, Fl\u00e1via Arruda, afirmou ontem \u00e0 noite que o projeto de lei para desonerar o PIS\/Cofins da gasolina, defendido por Bolsonaro, vai sair do Congresso, e n\u00e3o do governo. Ela afirmou tamb\u00e9m que a proposta de criar um fundo de estabiliza\u00e7\u00e3o dos combust\u00edveis &#8211; aprovada no Senado e parada na C\u00e2mara &#8211; ter\u00e1 de ser revista, porque &#8220;a Economia n\u00e3o aprova o projeto&#8221;.<\/p>\n<p>Segundo operadores, o<strong> IGP-10<\/strong> de mar\u00e7o confirmou uma desacelera\u00e7\u00e3o ante fevereiro, que foi maior que a mediana esperada pelo mercado, mas fica em segundo plano porque n\u00e3o captou o reajuste dos combust\u00edveis no Brasil a partir da \u00faltima sexta-feira, dia 11.<\/p>\n<h2>\u00daltima cota\u00e7\u00e3o do d\u00f3lar<\/h2>\n<p>Na \u00faltima sess\u00e3o, ter\u00e7a-feira (15), o <strong>d\u00f3lar<\/strong> encerrou o preg\u00e3o em alta de 0,76%, negociado a R$ 5,15.<\/p>\n<p>(Com informa\u00e7\u00f5es do Estad\u00e3o Conte\u00fado)<\/p>\n\t<p>\n\t\t<a href=\"https:\/\/lp.suno.com.br\/planilha-de-controle-de-investimentos\/\" target=\"_blank\" data-element=\"shortcode-suno-banner\" title=\"Banner SUNO, clique e saiba mais\">\n\t\t\t<picture>\n\t\t\t\t<source media=\"(max-width: 500px)\" srcset=\"https:\/\/files.sunoresearch.com.br\/n\/uploads\/2023\/03\/400x300-Controle-de-Investimentos.png\">\n\t\t\t\t<img class=\"newsContent__article__imgCapa newsContent__article__imgCapa--banner\"\n\t\t\t\t\tsrc=\"https:\/\/files.sunoresearch.com.br\/n\/uploads\/2023\/03\/1420x240-Controle-de-Investimentos.png\"\n\t\t\t\t\tdata-promo-id=\"75934\"\t\t\t\t\t\t\t\t\t\twidth='1420' height='240'\t\t\t\t\talt=\"https:\/\/files.sunoresearch.com.br\/n\/uploads\/2023\/03\/1420x240-Controle-de-Investimentos.png\"\n\t\t\t\t>\n\t\t\t<\/picture>\n\t\t<\/a>\n\t<\/p>\n\n\n","protected":false},"excerpt":{"rendered":"<p>O d\u00f3lar opera em baixa na manh\u00e3 desta quarta-feira (16), ap\u00f3s subir nas \u00faltimas quatro sess\u00f5es, em meio ao rali nas bolsas internacionais. O petr\u00f3leo est\u00e1 vol\u00e1til e retomou a alta, enquanto o min\u00e9rio de ferro deu um salto de 6,65% hoje na China. Os juros dos Treasuries sobem tamb\u00e9m e o d\u00f3lar cede em [&hellip;]<\/p>\n","protected":false},"author":15,"featured_media":137388,"comment_status":"closed","ping_status":"closed","sticky":false,"template":"","format":"standard","meta":[],"categories":[60],"tags":[326,1852,105816],"suno_strategy":[],"class_list":["post-242008","post","type-post","status-publish","format-standard","has-post-thumbnail","hentry","category-mercado","tag-dolar","tag-dolar-futuro","tag-especialistas"],"yoast_head":"<!-- This site is optimized with the Yoast SEO plugin v24.4 - https:\/\/yoast.com\/wordpress\/plugins\/seo\/ -->\n<title>D\u00f3lar cai com apetite por risco no exterior<\/title>\n<meta name=\"description\" content=\"\u00c0s 10h50, o d\u00f3lar hoje ca\u00eda 0,52%, a R$ 5,13. O d\u00f3lar futuro para abril cedia 0,71%, a R$ 5,14. Para saber mais clique aqui e confira\" \/>\n<meta name=\"robots\" content=\"index, follow, max-snippet:-1, max-image-preview:large, max-video-preview:-1\" \/>\n<link rel=\"canonical\" href=\"https:\/\/www.suno.com.br\/noticias\/dolar-cai-com-apetite-por-risco-no-exterior\/\" \/>\n<meta property=\"og:locale\" content=\"pt_BR\" \/>\n<meta property=\"og:type\" content=\"article\" \/>\n<meta property=\"og:title\" content=\"D\u00f3lar cai com apetite por risco no exterior\" \/>\n<meta property=\"og:description\" content=\"\u00c0s 10h50, o d\u00f3lar hoje ca\u00eda 0,52%, a R$ 5,13. O d\u00f3lar futuro para abril cedia 0,71%, a R$ 5,14. Para saber mais clique aqui e confira\" \/>\n<meta property=\"og:url\" content=\"https:\/\/www.suno.com.br\/noticias\/dolar-cai-com-apetite-por-risco-no-exterior\/\" \/>\n<meta property=\"og:site_name\" content=\"Suno Not\u00edcias\" \/>\n<meta property=\"article:publisher\" content=\"https:\/\/facebook.com\/sunoresearch\" \/>\n<meta property=\"og:image\" content=\"https:\/\/files.sunoresearch.com.br\/n\/uploads\/2021\/04\/9a3c9edc-pexels-pixabay-164527-scaled.jpg\" \/>\n\t<meta property=\"og:image:width\" content=\"2560\" \/>\n\t<meta property=\"og:image:height\" content=\"1707\" \/>\n\t<meta property=\"og:image:type\" content=\"image\/jpeg\" \/>\n<meta name=\"author\" content=\"Poliana Santos\" \/>\n<meta name=\"twitter:card\" content=\"summary_large_image\" \/>\n<meta name=\"twitter:creator\" content=\"@sunoresearch\" \/>\n<meta name=\"twitter:site\" content=\"@sunoresearch\" \/>\n<meta name=\"twitter:label1\" content=\"Escrito por\" \/>\n\t<meta name=\"twitter:data1\" content=\"Poliana Santos\" \/>\n\t<meta name=\"twitter:label2\" content=\"Est. tempo de leitura\" \/>\n\t<meta name=\"twitter:data2\" content=\"3 minutos\" \/>\n<script type=\"application\/ld+json\" class=\"yoast-schema-graph\">{\"@context\":\"https:\/\/schema.org\",\"@graph\":[{\"@type\":\"NewsArticle\",\"@id\":\"https:\/\/www.suno.com.br\/noticias\/dolar-cai-com-apetite-por-risco-no-exterior\/#article\",\"isPartOf\":{\"@id\":\"https:\/\/www.suno.com.br\/noticias\/dolar-cai-com-apetite-por-risco-no-exterior\/\"},\"author\":{\"name\":\"Poliana Santos\",\"@id\":\"https:\/\/www.suno.com.br\/noticias\/#\/schema\/person\/02ec1f752758247878a2bf4abee1aeda\"},\"headline\":\"D\u00f3lar cai com apetite por risco no exterior\",\"datePublished\":\"2022-03-16T13:57:36+00:00\",\"mainEntityOfPage\":{\"@id\":\"https:\/\/www.suno.com.br\/noticias\/dolar-cai-com-apetite-por-risco-no-exterior\/\"},\"wordCount\":671,\"publisher\":{\"@id\":\"https:\/\/www.suno.com.br\/noticias\/#organization\"},\"image\":{\"@id\":\"https:\/\/www.suno.com.br\/noticias\/dolar-cai-com-apetite-por-risco-no-exterior\/#primaryimage\"},\"thumbnailUrl\":\"https:\/\/files.sunoresearch.com.br\/n\/uploads\/2021\/04\/9a3c9edc-pexels-pixabay-164527-scaled.jpg\",\"keywords\":[\"d\u00f3lar\",\"d\u00f3lar futuro\",\"Especialistas\"],\"articleSection\":[\"Mercado\"],\"inLanguage\":\"pt-BR\"},{\"@type\":\"WebPage\",\"@id\":\"https:\/\/www.suno.com.br\/noticias\/dolar-cai-com-apetite-por-risco-no-exterior\/\",\"url\":\"https:\/\/www.suno.com.br\/noticias\/dolar-cai-com-apetite-por-risco-no-exterior\/\",\"name\":\"D\u00f3lar cai com apetite por risco no exterior\",\"isPartOf\":{\"@id\":\"https:\/\/www.suno.com.br\/noticias\/#website\"},\"primaryImageOfPage\":{\"@id\":\"https:\/\/www.suno.com.br\/noticias\/dolar-cai-com-apetite-por-risco-no-exterior\/#primaryimage\"},\"image\":{\"@id\":\"https:\/\/www.suno.com.br\/noticias\/dolar-cai-com-apetite-por-risco-no-exterior\/#primaryimage\"},\"thumbnailUrl\":\"https:\/\/files.sunoresearch.com.br\/n\/uploads\/2021\/04\/9a3c9edc-pexels-pixabay-164527-scaled.jpg\",\"datePublished\":\"2022-03-16T13:57:36+00:00\",\"description\":\"\u00c0s 10h50, o d\u00f3lar hoje ca\u00eda 0,52%, a R$ 5,13. O d\u00f3lar futuro para abril cedia 0,71%, a R$ 5,14. Para saber mais clique aqui e confira\",\"breadcrumb\":{\"@id\":\"https:\/\/www.suno.com.br\/noticias\/dolar-cai-com-apetite-por-risco-no-exterior\/#breadcrumb\"},\"inLanguage\":\"pt-BR\",\"potentialAction\":[{\"@type\":\"ReadAction\",\"target\":[\"https:\/\/www.suno.com.br\/noticias\/dolar-cai-com-apetite-por-risco-no-exterior\/\"]}]},{\"@type\":\"ImageObject\",\"inLanguage\":\"pt-BR\",\"@id\":\"https:\/\/www.suno.com.br\/noticias\/dolar-cai-com-apetite-por-risco-no-exterior\/#primaryimage\",\"url\":\"https:\/\/files.sunoresearch.com.br\/n\/uploads\/2021\/04\/9a3c9edc-pexels-pixabay-164527-scaled.jpg\",\"contentUrl\":\"https:\/\/files.sunoresearch.com.br\/n\/uploads\/2021\/04\/9a3c9edc-pexels-pixabay-164527-scaled.jpg\",\"width\":2560,\"height\":1707,\"caption\":\"D\u00f3lar. Foto: Pixabay\"},{\"@type\":\"BreadcrumbList\",\"@id\":\"https:\/\/www.suno.com.br\/noticias\/dolar-cai-com-apetite-por-risco-no-exterior\/#breadcrumb\",\"itemListElement\":[{\"@type\":\"ListItem\",\"position\":1,\"name\":\"Not\u00edcias\",\"item\":\"https:\/\/www.suno.com.br\/noticias\/\"},{\"@type\":\"ListItem\",\"position\":2,\"name\":\"Mercado\",\"item\":\"https:\/\/www.suno.com.br\/noticias\/mercado\/\"},{\"@type\":\"ListItem\",\"position\":3,\"name\":\"D\u00f3lar cai com apetite por risco no exterior\"}]},{\"@type\":\"WebSite\",\"@id\":\"https:\/\/www.suno.com.br\/noticias\/#website\",\"url\":\"https:\/\/www.suno.com.br\/noticias\/\",\"name\":\"Suno Not\u00edcias\",\"description\":\"Seu portal de informa\u00e7\u00e3o sobre o mundo dos investimentos\",\"publisher\":{\"@id\":\"https:\/\/www.suno.com.br\/noticias\/#organization\"},\"potentialAction\":[{\"@type\":\"SearchAction\",\"target\":{\"@type\":\"EntryPoint\",\"urlTemplate\":\"https:\/\/www.suno.com.br\/noticias\/?s={search_term_string}\"},\"query-input\":{\"@type\":\"PropertyValueSpecification\",\"valueRequired\":true,\"valueName\":\"search_term_string\"}}],\"inLanguage\":\"pt-BR\"},{\"@type\":\"Organization\",\"@id\":\"https:\/\/www.suno.com.br\/noticias\/#organization\",\"name\":\"Suno Not\u00edcias\",\"url\":\"https:\/\/www.suno.com.br\/noticias\/\",\"logo\":{\"@type\":\"ImageObject\",\"inLanguage\":\"pt-BR\",\"@id\":\"https:\/\/www.suno.com.br\/noticias\/#\/schema\/logo\/image\/\",\"url\":\"https:\/\/files.sunoresearch.com.br\/n\/uploads\/2021\/09\/suno-logo.png\",\"contentUrl\":\"https:\/\/files.sunoresearch.com.br\/n\/uploads\/2021\/09\/suno-logo.png\",\"width\":180,\"height\":180,\"caption\":\"Suno Not\u00edcias\"},\"image\":{\"@id\":\"https:\/\/www.suno.com.br\/noticias\/#\/schema\/logo\/image\/\"},\"sameAs\":[\"https:\/\/facebook.com\/sunoresearch\",\"https:\/\/x.com\/sunoresearch\",\"https:\/\/www.instagram.com\/suno\",\"https:\/\/www.linkedin.com\/company\/suno-research\/\",\"https:\/\/www.youtube.com\/c\/sunoresearch\"]},{\"@type\":\"Person\",\"@id\":\"https:\/\/www.suno.com.br\/noticias\/#\/schema\/person\/02ec1f752758247878a2bf4abee1aeda\",\"name\":\"Poliana Santos\",\"image\":{\"@type\":\"ImageObject\",\"inLanguage\":\"pt-BR\",\"@id\":\"https:\/\/www.suno.com.br\/noticias\/#\/schema\/person\/image\/\",\"url\":\"https:\/\/secure.gravatar.com\/avatar\/0645bd32f23d87b2130f2b2dff1d3f8d?s=96&r=g\",\"contentUrl\":\"https:\/\/secure.gravatar.com\/avatar\/0645bd32f23d87b2130f2b2dff1d3f8d?s=96&r=g\",\"caption\":\"Poliana Santos\"},\"description\":\"Rep\u00f3rter no Suno Not\u00edcias, com cobertura em mercado financeiro, economia, finan\u00e7as pessoais, renda fixa e varejo. Jornalista formada pela Faculdade C\u00e1sper L\u00edbero e possui passagem na R\u00e1dio Gazeta AM com a produ\u00e7\u00e3o de conte\u00fado sobre economia, pol\u00edtica, sa\u00fade, moda e m\u00fasica. Possui certificado de conclus\u00e3o do curso de An\u00e1lise de Balan\u00e7os pela Funda\u00e7\u00e3o Bradesco, Agenda Brasil pela FAAP, Educa\u00e7\u00e3o Pol\u00edtica por Alexandre Garcia e do Tesouro Direto e Mercado de A\u00e7\u00f5es pela B3.\",\"url\":\"https:\/\/www.suno.com.br\/noticias\/author\/poliana-santos\/\"}]}<\/script>\n<!-- \/ Yoast SEO plugin. -->","yoast_head_json":{"title":"D\u00f3lar cai com apetite por risco no exterior","description":"\u00c0s 10h50, o d\u00f3lar hoje ca\u00eda 0,52%, a R$ 5,13. O d\u00f3lar futuro para abril cedia 0,71%, a R$ 5,14. Para saber mais clique aqui e confira","robots":{"index":"index","follow":"follow","max-snippet":"max-snippet:-1","max-image-preview":"max-image-preview:large","max-video-preview":"max-video-preview:-1"},"canonical":"https:\/\/www.suno.com.br\/noticias\/dolar-cai-com-apetite-por-risco-no-exterior\/","og_locale":"pt_BR","og_type":"article","og_title":"D\u00f3lar cai com apetite por risco no exterior","og_description":"\u00c0s 10h50, o d\u00f3lar hoje ca\u00eda 0,52%, a R$ 5,13. O d\u00f3lar futuro para abril cedia 0,71%, a R$ 5,14. Para saber mais clique aqui e confira","og_url":"https:\/\/www.suno.com.br\/noticias\/dolar-cai-com-apetite-por-risco-no-exterior\/","og_site_name":"Suno Not\u00edcias","article_publisher":"https:\/\/facebook.com\/sunoresearch","og_image":[{"width":2560,"height":1707,"url":"https:\/\/files.sunoresearch.com.br\/n\/uploads\/2021\/04\/9a3c9edc-pexels-pixabay-164527-scaled.jpg","type":"image\/jpeg"}],"author":"Poliana Santos","twitter_card":"summary_large_image","twitter_creator":"@sunoresearch","twitter_site":"@sunoresearch","twitter_misc":{"Escrito por":"Poliana Santos","Est. tempo de leitura":"3 minutos"},"schema":{"@context":"https:\/\/schema.org","@graph":[{"@type":"NewsArticle","@id":"https:\/\/www.suno.com.br\/noticias\/dolar-cai-com-apetite-por-risco-no-exterior\/#article","isPartOf":{"@id":"https:\/\/www.suno.com.br\/noticias\/dolar-cai-com-apetite-por-risco-no-exterior\/"},"author":{"name":"Poliana Santos","@id":"https:\/\/www.suno.com.br\/noticias\/#\/schema\/person\/02ec1f752758247878a2bf4abee1aeda"},"headline":"D\u00f3lar cai com apetite por risco no exterior","datePublished":"2022-03-16T13:57:36+00:00","mainEntityOfPage":{"@id":"https:\/\/www.suno.com.br\/noticias\/dolar-cai-com-apetite-por-risco-no-exterior\/"},"wordCount":671,"publisher":{"@id":"https:\/\/www.suno.com.br\/noticias\/#organization"},"image":{"@id":"https:\/\/www.suno.com.br\/noticias\/dolar-cai-com-apetite-por-risco-no-exterior\/#primaryimage"},"thumbnailUrl":"https:\/\/files.sunoresearch.com.br\/n\/uploads\/2021\/04\/9a3c9edc-pexels-pixabay-164527-scaled.jpg","keywords":["d\u00f3lar","d\u00f3lar futuro","Especialistas"],"articleSection":["Mercado"],"inLanguage":"pt-BR"},{"@type":"WebPage","@id":"https:\/\/www.suno.com.br\/noticias\/dolar-cai-com-apetite-por-risco-no-exterior\/","url":"https:\/\/www.suno.com.br\/noticias\/dolar-cai-com-apetite-por-risco-no-exterior\/","name":"D\u00f3lar cai com apetite por risco no exterior","isPartOf":{"@id":"https:\/\/www.suno.com.br\/noticias\/#website"},"primaryImageOfPage":{"@id":"https:\/\/www.suno.com.br\/noticias\/dolar-cai-com-apetite-por-risco-no-exterior\/#primaryimage"},"image":{"@id":"https:\/\/www.suno.com.br\/noticias\/dolar-cai-com-apetite-por-risco-no-exterior\/#primaryimage"},"thumbnailUrl":"https:\/\/files.sunoresearch.com.br\/n\/uploads\/2021\/04\/9a3c9edc-pexels-pixabay-164527-scaled.jpg","datePublished":"2022-03-16T13:57:36+00:00","description":"\u00c0s 10h50, o d\u00f3lar hoje ca\u00eda 0,52%, a R$ 5,13. O d\u00f3lar futuro para abril cedia 0,71%, a R$ 5,14. Para saber mais clique aqui e confira","breadcrumb":{"@id":"https:\/\/www.suno.com.br\/noticias\/dolar-cai-com-apetite-por-risco-no-exterior\/#breadcrumb"},"inLanguage":"pt-BR","potentialAction":[{"@type":"ReadAction","target":["https:\/\/www.suno.com.br\/noticias\/dolar-cai-com-apetite-por-risco-no-exterior\/"]}]},{"@type":"ImageObject","inLanguage":"pt-BR","@id":"https:\/\/www.suno.com.br\/noticias\/dolar-cai-com-apetite-por-risco-no-exterior\/#primaryimage","url":"https:\/\/files.sunoresearch.com.br\/n\/uploads\/2021\/04\/9a3c9edc-pexels-pixabay-164527-scaled.jpg","contentUrl":"https:\/\/files.sunoresearch.com.br\/n\/uploads\/2021\/04\/9a3c9edc-pexels-pixabay-164527-scaled.jpg","width":2560,"height":1707,"caption":"D\u00f3lar. Foto: Pixabay"},{"@type":"BreadcrumbList","@id":"https:\/\/www.suno.com.br\/noticias\/dolar-cai-com-apetite-por-risco-no-exterior\/#breadcrumb","itemListElement":[{"@type":"ListItem","position":1,"name":"Not\u00edcias","item":"https:\/\/www.suno.com.br\/noticias\/"},{"@type":"ListItem","position":2,"name":"Mercado","item":"https:\/\/www.suno.com.br\/noticias\/mercado\/"},{"@type":"ListItem","position":3,"name":"D\u00f3lar cai com apetite por risco no exterior"}]},{"@type":"WebSite","@id":"https:\/\/www.suno.com.br\/noticias\/#website","url":"https:\/\/www.suno.com.br\/noticias\/","name":"Suno Not\u00edcias","description":"Seu portal de informa\u00e7\u00e3o sobre o mundo dos investimentos","publisher":{"@id":"https:\/\/www.suno.com.br\/noticias\/#organization"},"potentialAction":[{"@type":"SearchAction","target":{"@type":"EntryPoint","urlTemplate":"https:\/\/www.suno.com.br\/noticias\/?s={search_term_string}"},"query-input":{"@type":"PropertyValueSpecification","valueRequired":true,"valueName":"search_term_string"}}],"inLanguage":"pt-BR"},{"@type":"Organization","@id":"https:\/\/www.suno.com.br\/noticias\/#organization","name":"Suno Not\u00edcias","url":"https:\/\/www.suno.com.br\/noticias\/","logo":{"@type":"ImageObject","inLanguage":"pt-BR","@id":"https:\/\/www.suno.com.br\/noticias\/#\/schema\/logo\/image\/","url":"https:\/\/files.sunoresearch.com.br\/n\/uploads\/2021\/09\/suno-logo.png","contentUrl":"https:\/\/files.sunoresearch.com.br\/n\/uploads\/2021\/09\/suno-logo.png","width":180,"height":180,"caption":"Suno Not\u00edcias"},"image":{"@id":"https:\/\/www.suno.com.br\/noticias\/#\/schema\/logo\/image\/"},"sameAs":["https:\/\/facebook.com\/sunoresearch","https:\/\/x.com\/sunoresearch","https:\/\/www.instagram.com\/suno","https:\/\/www.linkedin.com\/company\/suno-research\/","https:\/\/www.youtube.com\/c\/sunoresearch"]},{"@type":"Person","@id":"https:\/\/www.suno.com.br\/noticias\/#\/schema\/person\/02ec1f752758247878a2bf4abee1aeda","name":"Poliana Santos","image":{"@type":"ImageObject","inLanguage":"pt-BR","@id":"https:\/\/www.suno.com.br\/noticias\/#\/schema\/person\/image\/","url":"https:\/\/secure.gravatar.com\/avatar\/0645bd32f23d87b2130f2b2dff1d3f8d?s=96&r=g","contentUrl":"https:\/\/secure.gravatar.com\/avatar\/0645bd32f23d87b2130f2b2dff1d3f8d?s=96&r=g","caption":"Poliana Santos"},"description":"Rep\u00f3rter no Suno Not\u00edcias, com cobertura em mercado financeiro, economia, finan\u00e7as pessoais, renda fixa e varejo. Jornalista formada pela Faculdade C\u00e1sper L\u00edbero e possui passagem na R\u00e1dio Gazeta AM com a produ\u00e7\u00e3o de conte\u00fado sobre economia, pol\u00edtica, sa\u00fade, moda e m\u00fasica. Possui certificado de conclus\u00e3o do curso de An\u00e1lise de Balan\u00e7os pela Funda\u00e7\u00e3o Bradesco, Agenda Brasil pela FAAP, Educa\u00e7\u00e3o Pol\u00edtica por Alexandre Garcia e do Tesouro Direto e Mercado de A\u00e7\u00f5es pela B3.","url":"https:\/\/www.suno.com.br\/noticias\/author\/poliana-santos\/"}]}},"default_loop_html":"<div class=\"cardsPage__listCard__boxs\"><div class=\"cardsPage__listCard__boxs__img\"><a href=\"https:\/\/www.suno.com.br\/noticias\/dolar-cai-com-apetite-por-risco-no-exterior\/\"><img class=\"mask\" src=\"https:\/\/www.suno.com.br\/noticias\/wp-content\/themes\/suno\/resources\/images\/spotlight\/spotlight1img\/bg-mask.png\" alt=\"Image Mask\"\/><img src=\"https:\/\/files.sunoresearch.com.br\/n\/uploads\/2021\/04\/9a3c9edc-pexels-pixabay-164527-400x200.jpg\" alt=\"D\u00f3lar cai com apetite por risco no exterior\"\/><\/a><span class=\"spotlightCategory\"><a href=\"https:\/\/www.suno.com.br\/noticias\/mercado\/\">Mercado<\/a><\/span><\/div><div class=\"cardsPage__listCard__boxs__content\"><a href=\"https:\/\/www.suno.com.br\/noticias\/dolar-cai-com-apetite-por-risco-no-exterior\/\"><h2 class=\"content__title\">D\u00f3lar cai com apetite por risco no exterior<\/h2><\/a><div class=\"newsContent__article__meta\"><div class=\"newsContent__article__meta__authorBox\"><a href=\"https:\/\/www.suno.com.br\/noticias\/author\/poliana-santos\/\" class=\"authorBox__avatar noMobi\"><img src=\"https:\/\/files.sunoresearch.com.br\/n\/uploads\/2020\/08\/7ef34026-whatsapp-image-2020-08-03-at-12.37.57-150x150.webp\" alt=\"Poliana Santos\"><\/a><div class=\"authorBox__name\"><span>por\n\t\t\t<a href=\"https:\/\/www.suno.com.br\/noticias\/author\/poliana-santos\/\"><span itemprop=\"author\">Poliana Santos<\/span><\/a><\/span><time datetime=\"2022-03-16T10:57:36-03:00\" itemprop=\"datePublished\">16\/03\/2022 10:57<\/time><\/div><\/div><\/div><\/div><\/div>","single_layout":"posts","amp_enabled":true,"_links":{"self":[{"href":"https:\/\/www.suno.com.br\/noticias\/wp-json\/wp\/v2\/posts\/242008"}],"collection":[{"href":"https:\/\/www.suno.com.br\/noticias\/wp-json\/wp\/v2\/posts"}],"about":[{"href":"https:\/\/www.suno.com.br\/noticias\/wp-json\/wp\/v2\/types\/post"}],"author":[{"embeddable":true,"href":"https:\/\/www.suno.com.br\/noticias\/wp-json\/wp\/v2\/users\/15"}],"replies":[{"embeddable":true,"href":"https:\/\/www.suno.com.br\/noticias\/wp-json\/wp\/v2\/comments?post=242008"}],"version-history":[{"count":3,"href":"https:\/\/www.suno.com.br\/noticias\/wp-json\/wp\/v2\/posts\/242008\/revisions"}],"predecessor-version":[{"id":242035,"href":"https:\/\/www.suno.com.br\/noticias\/wp-json\/wp\/v2\/posts\/242008\/revisions\/242035"}],"wp:featuredmedia":[{"embeddable":true,"href":"https:\/\/www.suno.com.br\/noticias\/wp-json\/wp\/v2\/media\/137388"}],"wp:attachment":[{"href":"https:\/\/www.suno.com.br\/noticias\/wp-json\/wp\/v2\/media?parent=242008"}],"wp:term":[{"taxonomy":"category","embeddable":true,"href":"https:\/\/www.suno.com.br\/noticias\/wp-json\/wp\/v2\/categories?post=242008"},{"taxonomy":"post_tag","embeddable":true,"href":"https:\/\/www.suno.com.br\/noticias\/wp-json\/wp\/v2\/tags?post=242008"},{"taxonomy":"suno_strategy","embeddable":true,"href":"https:\/\/www.suno.com.br\/noticias\/wp-json\/wp\/v2\/suno_strategy?post=242008"}],"curies":[{"name":"wp","href":"https:\/\/api.w.org\/{rel}","templated":true}]}}