{"id":241668,"date":"2022-03-15T16:48:54","date_gmt":"2022-03-15T19:48:54","guid":{"rendered":"https:\/\/www.suno.com.br\/noticias\/?p=241668"},"modified":"2022-03-15T16:48:54","modified_gmt":"2022-03-15T19:48:54","slug":"zelensky-ucrania-otan-bolsas-ny-alta","status":"publish","type":"post","link":"https:\/\/www.suno.com.br\/noticias\/zelensky-ucrania-otan-bolsas-ny-alta\/","title":{"rendered":"Zelensky admite que Ucr\u00e2nia n\u00e3o poder\u00e1 entrar para a Otan; Bolsas em NY t\u00eam forte alta"},"content":{"rendered":"<p>O presidente da <strong>Ucr\u00e2nia<\/strong>, Volodymyr Zelensky, afirmou nesta ter\u00e7a-feira (15) que a entrada do seu pa\u00eds para a Organiza\u00e7\u00e3o do Tratado do Atl\u00e2ntico Norte (Otan) \u00e9 improv\u00e1vel.<\/p>\t<div class=\"wrapper-featured-image\">\n\t\t<figure class=\"spotlightImg\">\n\n\t\t\t<picture>\n\t\t\t\t<source media=\"(max-width: 768px)\" srcset=\"https:\/\/files.sunoresearch.com.br\/n\/uploads\/2022\/03\/Zelensky-ucrania-400x200.jpg\">\n\t\t\t\t<img loading=\"lazy\" decoding=\"async\" class=\"newsContent__article__imgCapa lazyloadDisabled \" src=\"https:\/\/files.sunoresearch.com.br\/n\/uploads\/2022\/03\/Zelensky-ucrania-800x450.jpg\" width=\"800\" height=\"450\" alt=\"Zelensky admite que Ucr\u00e2nia n\u00e3o poder\u00e1 entrar para a Otan; Bolsas em NY t\u00eam forte alta\" fetchpriority=high \/>\n\t\t\t<\/picture>\n\n\t\t\t<figcaption class=\"wp-caption-text wp-caption-text--show\">Presidente da Ucr\u00e2nia, Volodymyr Zelensky - Foto: Reprodu\u00e7\u00e3o\/Telegram<\/figcaption>\n\t\t<\/figure>\n\t<\/div>\n\n\n\t<p>\n\t\t<a href=\"\" target=\"_blank\" data-element=\"shortcode-suno-banner\" title=\"Banner SUNO, clique e saiba mais\">\n\t\t\t<picture>\n\t\t\t\t<source media=\"(max-width: 500px)\" srcset=\"\">\n\t\t\t\t<img class=\"newsContent__article__imgCapa newsContent__article__imgCapa--banner\"\n\t\t\t\t\tsrc=\"\"\n\t\t\t\t\tdata-promo-id=\"240038\"\t\t\t\t\t\t\t\t\t\t\t\t\t\t\talt=\"\"\n\t\t\t\t>\n\t\t\t<\/picture>\n\t\t<\/a>\n\t<\/p>\n\n\n<p>Em v\u00eddeoconfer\u00eancia com l\u00edderes da For\u00e7a Expedicion\u00e1ria Conjunta, <strong>Zelensky<\/strong> disse que, apesar do discurso de pa\u00edses ocidentais de que as portas da <strong>Otan<\/strong> est\u00e3o abertas \u00e0 Ucr\u00e2nia, \u00e9 preciso reconhecer que, na pr\u00e1tica, n\u00e3o est\u00e3o.<\/p>\n<blockquote><p>&#8220;A Ucr\u00e2nia n\u00e3o \u00e9 um membro da Otan. Entendemos isso. Durante anos, ouvimos que as portas estavam abertas, mas tamb\u00e9m ouvimos que n\u00e3o pod\u00edamos aderir. Essa \u00e9 a verdade e precisa ser reconhecida&#8221;, disse Zelensky.<\/p><\/blockquote>\n<p>Uma das principais raz\u00f5es alegadas pela <strong>R\u00fassia<\/strong> para invadir a Ucr\u00e2nia era a ades\u00e3o do pa\u00eds vizinho \u00e0 Alian\u00e7a, o que Putin via como um risco para o seu pa\u00eds. Tanto que, uma das exig\u00eancia do presidente da R\u00fassia para o cessar-fogo \u00e9 a neutralidade da Ucr\u00e2nia e a promessa de n\u00e3o<strong> ades\u00e3o \u00e0 Otan<\/strong> no presente e no futuro.<\/p>\n\t<p>\n\t\t<a href=\"https:\/\/lp.suno.com.br\/planilha-controle-gastos\/\" target=\"_blank\" data-element=\"shortcode-suno-banner\" title=\"Banner SUNO, clique e saiba mais\">\n\t\t\t<picture>\n\t\t\t\t<source media=\"(max-width: 500px)\" srcset=\"https:\/\/files.sunoresearch.com.br\/n\/uploads\/2023\/03\/400x300-Planilha-controle-de-gastos.png\">\n\t\t\t\t<img class=\"newsContent__article__imgCapa newsContent__article__imgCapa--banner\"\n\t\t\t\t\tsrc=\"https:\/\/files.sunoresearch.com.br\/n\/uploads\/2023\/03\/1420x240-Planilha-controle-de-gastos.png\"\n\t\t\t\t\tdata-promo-id=\"101751\"\t\t\t\t\t\t\t\t\t\twidth='1420' height='240'\t\t\t\t\talt=\"https:\/\/files.sunoresearch.com.br\/n\/uploads\/2023\/03\/1420x240-Planilha-controle-de-gastos.png\"\n\t\t\t\t>\n\t\t\t<\/picture>\n\t\t<\/a>\n\t<\/p>\n\n\n<p>Desde 2019, Zelensky defende o ingresso da <strong>Ucr\u00e2nia na Otan<\/strong> e na <a class=\"suno-keyword\" href=\"https:\/\/www.suno.com.br\/artigos\/uniao-europeia\/\" target=\"_blank\" rel=\"noopener\" data-force=\"no\" data-priority=\"2\">Uni\u00e3o Europeia<\/a>, mas o chefe de executivo n\u00e3o conseguiu concretizar esse plano e j\u00e1 afirmou que est\u00e1 disposto a abrir m\u00e3o dessa ades\u00e3o para conseguir encerrar a guerra com a R\u00fassia. Segundo ele, a Otan n\u00e3o est\u00e1 preparada para receber a Ucr\u00e2nia.<\/p>\n<h3>Exig\u00eancias da R\u00fassia \u00e0 Ucr\u00e2nia<\/h3>\n<p>Al\u00e9m da n\u00e3o integra\u00e7\u00e3o \u00e0 Otan, a R\u00fassia tamb\u00e9m exige a<strong> desmilitariza\u00e7\u00e3o da Ucr\u00e2nia<\/strong>, algo que o pa\u00eds j\u00e1 manifestou n\u00e3o estar disposto a conceder.<\/p>\n<p>O Kremlin tamb\u00e9m quer o reconhecimento da <strong>independ\u00eancia das cidades separatistas<\/strong> de Luhansk e Donetsk, no leste da Ucr\u00e2nia, al\u00e9m da admiss\u00e3o da <strong>Pen\u00ednsula da Crimeia<\/strong>, anexada por Moscou em 2014, como parte do territ\u00f3rio russo.<\/p>\n<p>Zelensky afirmou na segunda-feira (14) \u00e0 noite que os russos \u201ccome\u00e7aram a compreender que n\u00e3o conseguir\u00e3o nada por meio da guerra\u201d e a 4\u00aa tentativa de negocia\u00e7\u00e3o segue entre os representantes dos pa\u00edses.<\/p>\n\t<p>\n\t\t<a href=\"\" target=\"_blank\" data-element=\"shortcode-suno-banner\" title=\"Banner SUNO, clique e saiba mais\">\n\t\t\t<picture>\n\t\t\t\t<source media=\"(max-width: 500px)\" srcset=\"\">\n\t\t\t\t<img class=\"newsContent__article__imgCapa newsContent__article__imgCapa--banner\"\n\t\t\t\t\tsrc=\"\"\n\t\t\t\t\tdata-promo-id=\"77030\"\t\t\t\t\t\t\t\t\t\t\t\t\t\t\talt=\"\"\n\t\t\t\t>\n\t\t\t<\/picture>\n\t\t<\/a>\n\t<\/p>\n\n\n<h2>Bolsas de Nova York sobem e petr\u00f3leo ca\u00ed com melhores perspectivas<\/h2>\n<p>As <strong>Bolsas em Nova York<\/strong> conseguiram um respiro nesta ter\u00e7a (15) e operam em alta. Por volta das 16h30 (hor\u00e1rio de Bras\u00edlia), os ganhos chegavam a 1,92% para o <strong><a class=\"suno-keyword\" href=\"https:\/\/www.suno.com.br\/artigos\/indice-dow-jones-djia\/\" target=\"_blank\" rel=\"noopener\" data-force=\"no\" data-priority=\"2\">Dow Jones<\/a><\/strong>, 2,14% para o<strong> S&amp;P 500<\/strong> e 2,8% para o <strong>Nasdaq<\/strong>.<\/p>\n<p>Os investidores monitoram os resultados das conversas sobre cessa-fogo entre os pa\u00edses do leste europeu.<\/p>\n<p>No c\u00e2mbio, o d\u00f3lar opera em alta (+0,83%, a R$ 5,1626), acompanhando o exterior, onde o <a class=\"suno-keyword\" href=\"https:\/\/www.suno.com.br\/artigos\/dxy\/\" target=\"_blank\" rel=\"noopener\" data-force=\"no\" data-priority=\"1\">\u00edndice DXY<\/a> avan\u00e7a 0,10%, a 99,98. J\u00e1 o <strong>petr\u00f3leo<\/strong> fechou em queda acentuadas, com ambos os barris abaixo dos US$ 100.<\/p>\n<ul>\n<li>Brent fecha em queda de 6,54%, a US$ 99,91 por barril, na ICE<\/li>\n<li>WTI para abril recua 6,38%, a US$ 96,44, na Nymex.<\/li>\n<\/ul>\n\t<p>\n\t\t<a href=\"https:\/\/lp.suno.com.br\/planilha-de-controle-de-investimentos\/\" target=\"_blank\" data-element=\"shortcode-suno-banner\" title=\"Banner SUNO, clique e saiba mais\">\n\t\t\t<picture>\n\t\t\t\t<source media=\"(max-width: 500px)\" srcset=\"https:\/\/files.sunoresearch.com.br\/n\/uploads\/2023\/03\/400x300-Controle-de-Investimentos.png\">\n\t\t\t\t<img class=\"newsContent__article__imgCapa newsContent__article__imgCapa--banner\"\n\t\t\t\t\tsrc=\"https:\/\/files.sunoresearch.com.br\/n\/uploads\/2023\/03\/1420x240-Controle-de-Investimentos.png\"\n\t\t\t\t\tdata-promo-id=\"75934\"\t\t\t\t\t\t\t\t\t\twidth='1420' height='240'\t\t\t\t\talt=\"https:\/\/files.sunoresearch.com.br\/n\/uploads\/2023\/03\/1420x240-Controle-de-Investimentos.png\"\n\t\t\t\t>\n\t\t\t<\/picture>\n\t\t<\/a>\n\t<\/p>\n\n\n","protected":false},"excerpt":{"rendered":"<p>O presidente da Ucr\u00e2nia, Volodymyr Zelensky, afirmou nesta ter\u00e7a-feira (15) que a entrada do seu pa\u00eds para a Organiza\u00e7\u00e3o do Tratado do Atl\u00e2ntico Norte (Otan) \u00e9 improv\u00e1vel. Presidente da Ucr\u00e2nia, Volodymyr Zelensky &#8211; Foto: Reprodu\u00e7\u00e3o\/Telegram Em v\u00eddeoconfer\u00eancia com l\u00edderes da For\u00e7a Expedicion\u00e1ria Conjunta, Zelensky disse que, apesar do discurso de pa\u00edses ocidentais de que as [&hellip;]<\/p>\n","protected":false},"author":102,"featured_media":239567,"comment_status":"closed","ping_status":"closed","sticky":false,"template":"","format":"standard","meta":[],"categories":[63],"tags":[866],"suno_strategy":[],"class_list":["post-241668","post","type-post","status-publish","format-standard","has-post-thumbnail","hentry","category-internacional","tag-russia"],"yoast_head":"<!-- This site is optimized with the Yoast SEO plugin v24.4 - https:\/\/yoast.com\/wordpress\/plugins\/seo\/ -->\n<title>Zelensky admite que Ucr\u00e2nia n\u00e3o poder\u00e1 entrar para a Otan; Bolsas em NY t\u00eam forte alta<\/title>\n<meta name=\"description\" content=\"O presidente da Ucr\u00e2nia disse ser improv\u00e1vel a ades\u00e3o da Ucr\u00e2nia \u00e0 Otan. Bolsas em NY operam em alta com conversas sobre cessa-fogo.\" \/>\n<meta name=\"robots\" content=\"index, follow, max-snippet:-1, max-image-preview:large, max-video-preview:-1\" \/>\n<link rel=\"canonical\" href=\"https:\/\/www.suno.com.br\/noticias\/zelensky-ucrania-otan-bolsas-ny-alta\/\" \/>\n<meta property=\"og:locale\" content=\"pt_BR\" \/>\n<meta property=\"og:type\" content=\"article\" \/>\n<meta property=\"og:title\" content=\"Zelensky admite que Ucr\u00e2nia n\u00e3o poder\u00e1 entrar para a Otan; Bolsas em NY t\u00eam forte alta\" \/>\n<meta property=\"og:description\" content=\"O presidente da Ucr\u00e2nia disse ser improv\u00e1vel a ades\u00e3o da Ucr\u00e2nia \u00e0 Otan. Bolsas em NY operam em alta com conversas sobre cessa-fogo.\" \/>\n<meta property=\"og:url\" content=\"https:\/\/www.suno.com.br\/noticias\/zelensky-ucrania-otan-bolsas-ny-alta\/\" \/>\n<meta property=\"og:site_name\" content=\"Suno Not\u00edcias\" \/>\n<meta property=\"article:publisher\" content=\"https:\/\/facebook.com\/sunoresearch\" \/>\n<meta property=\"og:image\" content=\"https:\/\/files.sunoresearch.com.br\/n\/uploads\/2022\/03\/Zelensky-ucrania.jpg\" \/>\n\t<meta property=\"og:image:width\" content=\"1450\" \/>\n\t<meta property=\"og:image:height\" content=\"803\" \/>\n\t<meta property=\"og:image:type\" content=\"image\/jpeg\" \/>\n<meta name=\"author\" content=\"Monique Lima\" \/>\n<meta name=\"twitter:card\" content=\"summary_large_image\" \/>\n<meta name=\"twitter:creator\" content=\"@sunoresearch\" \/>\n<meta name=\"twitter:site\" content=\"@sunoresearch\" \/>\n<meta name=\"twitter:label1\" content=\"Escrito por\" \/>\n\t<meta name=\"twitter:data1\" content=\"Monique Lima\" \/>\n\t<meta name=\"twitter:label2\" content=\"Est. tempo de leitura\" \/>\n\t<meta name=\"twitter:data2\" content=\"2 minutos\" \/>\n<script type=\"application\/ld+json\" class=\"yoast-schema-graph\">{\"@context\":\"https:\/\/schema.org\",\"@graph\":[{\"@type\":\"NewsArticle\",\"@id\":\"https:\/\/www.suno.com.br\/noticias\/zelensky-ucrania-otan-bolsas-ny-alta\/#article\",\"isPartOf\":{\"@id\":\"https:\/\/www.suno.com.br\/noticias\/zelensky-ucrania-otan-bolsas-ny-alta\/\"},\"author\":{\"name\":\"Monique Lima\",\"@id\":\"https:\/\/www.suno.com.br\/noticias\/#\/schema\/person\/d712329319cc9b10f254d02d654cb36a\"},\"headline\":\"Zelensky admite que Ucr\u00e2nia n\u00e3o poder\u00e1 entrar para a Otan; Bolsas em NY t\u00eam forte alta\",\"datePublished\":\"2022-03-15T19:48:54+00:00\",\"mainEntityOfPage\":{\"@id\":\"https:\/\/www.suno.com.br\/noticias\/zelensky-ucrania-otan-bolsas-ny-alta\/\"},\"wordCount\":515,\"publisher\":{\"@id\":\"https:\/\/www.suno.com.br\/noticias\/#organization\"},\"image\":{\"@id\":\"https:\/\/www.suno.com.br\/noticias\/zelensky-ucrania-otan-bolsas-ny-alta\/#primaryimage\"},\"thumbnailUrl\":\"https:\/\/files.sunoresearch.com.br\/n\/uploads\/2022\/03\/Zelensky-ucrania.jpg\",\"keywords\":[\"R\u00fassia\"],\"articleSection\":[\"Internacional\"],\"inLanguage\":\"pt-BR\"},{\"@type\":\"WebPage\",\"@id\":\"https:\/\/www.suno.com.br\/noticias\/zelensky-ucrania-otan-bolsas-ny-alta\/\",\"url\":\"https:\/\/www.suno.com.br\/noticias\/zelensky-ucrania-otan-bolsas-ny-alta\/\",\"name\":\"Zelensky admite que Ucr\u00e2nia n\u00e3o poder\u00e1 entrar para a Otan; Bolsas em NY t\u00eam forte alta\",\"isPartOf\":{\"@id\":\"https:\/\/www.suno.com.br\/noticias\/#website\"},\"primaryImageOfPage\":{\"@id\":\"https:\/\/www.suno.com.br\/noticias\/zelensky-ucrania-otan-bolsas-ny-alta\/#primaryimage\"},\"image\":{\"@id\":\"https:\/\/www.suno.com.br\/noticias\/zelensky-ucrania-otan-bolsas-ny-alta\/#primaryimage\"},\"thumbnailUrl\":\"https:\/\/files.sunoresearch.com.br\/n\/uploads\/2022\/03\/Zelensky-ucrania.jpg\",\"datePublished\":\"2022-03-15T19:48:54+00:00\",\"description\":\"O presidente da Ucr\u00e2nia disse ser improv\u00e1vel a ades\u00e3o da Ucr\u00e2nia \u00e0 Otan. Bolsas em NY operam em alta com conversas sobre cessa-fogo.\",\"breadcrumb\":{\"@id\":\"https:\/\/www.suno.com.br\/noticias\/zelensky-ucrania-otan-bolsas-ny-alta\/#breadcrumb\"},\"inLanguage\":\"pt-BR\",\"potentialAction\":[{\"@type\":\"ReadAction\",\"target\":[\"https:\/\/www.suno.com.br\/noticias\/zelensky-ucrania-otan-bolsas-ny-alta\/\"]}]},{\"@type\":\"ImageObject\",\"inLanguage\":\"pt-BR\",\"@id\":\"https:\/\/www.suno.com.br\/noticias\/zelensky-ucrania-otan-bolsas-ny-alta\/#primaryimage\",\"url\":\"https:\/\/files.sunoresearch.com.br\/n\/uploads\/2022\/03\/Zelensky-ucrania.jpg\",\"contentUrl\":\"https:\/\/files.sunoresearch.com.br\/n\/uploads\/2022\/03\/Zelensky-ucrania.jpg\",\"width\":1450,\"height\":803,\"caption\":\"Presidente da Ucr\u00e2nia, Volodymyr Zelensky - Foto: Reprodu\u00e7\u00e3o\/Telegram\"},{\"@type\":\"BreadcrumbList\",\"@id\":\"https:\/\/www.suno.com.br\/noticias\/zelensky-ucrania-otan-bolsas-ny-alta\/#breadcrumb\",\"itemListElement\":[{\"@type\":\"ListItem\",\"position\":1,\"name\":\"Not\u00edcias\",\"item\":\"https:\/\/www.suno.com.br\/noticias\/\"},{\"@type\":\"ListItem\",\"position\":2,\"name\":\"Internacional\",\"item\":\"https:\/\/www.suno.com.br\/noticias\/internacional\/\"},{\"@type\":\"ListItem\",\"position\":3,\"name\":\"Zelensky admite que Ucr\u00e2nia n\u00e3o poder\u00e1 entrar para a Otan; Bolsas em NY t\u00eam forte alta\"}]},{\"@type\":\"WebSite\",\"@id\":\"https:\/\/www.suno.com.br\/noticias\/#website\",\"url\":\"https:\/\/www.suno.com.br\/noticias\/\",\"name\":\"Suno Not\u00edcias\",\"description\":\"Seu portal de informa\u00e7\u00e3o sobre o mundo dos investimentos\",\"publisher\":{\"@id\":\"https:\/\/www.suno.com.br\/noticias\/#organization\"},\"potentialAction\":[{\"@type\":\"SearchAction\",\"target\":{\"@type\":\"EntryPoint\",\"urlTemplate\":\"https:\/\/www.suno.com.br\/noticias\/?s={search_term_string}\"},\"query-input\":{\"@type\":\"PropertyValueSpecification\",\"valueRequired\":true,\"valueName\":\"search_term_string\"}}],\"inLanguage\":\"pt-BR\"},{\"@type\":\"Organization\",\"@id\":\"https:\/\/www.suno.com.br\/noticias\/#organization\",\"name\":\"Suno Not\u00edcias\",\"url\":\"https:\/\/www.suno.com.br\/noticias\/\",\"logo\":{\"@type\":\"ImageObject\",\"inLanguage\":\"pt-BR\",\"@id\":\"https:\/\/www.suno.com.br\/noticias\/#\/schema\/logo\/image\/\",\"url\":\"https:\/\/files.sunoresearch.com.br\/n\/uploads\/2021\/09\/suno-logo.png\",\"contentUrl\":\"https:\/\/files.sunoresearch.com.br\/n\/uploads\/2021\/09\/suno-logo.png\",\"width\":180,\"height\":180,\"caption\":\"Suno Not\u00edcias\"},\"image\":{\"@id\":\"https:\/\/www.suno.com.br\/noticias\/#\/schema\/logo\/image\/\"},\"sameAs\":[\"https:\/\/facebook.com\/sunoresearch\",\"https:\/\/x.com\/sunoresearch\",\"https:\/\/www.instagram.com\/suno\",\"https:\/\/www.linkedin.com\/company\/suno-research\/\",\"https:\/\/www.youtube.com\/c\/sunoresearch\"]},{\"@type\":\"Person\",\"@id\":\"https:\/\/www.suno.com.br\/noticias\/#\/schema\/person\/d712329319cc9b10f254d02d654cb36a\",\"name\":\"Monique Lima\",\"image\":{\"@type\":\"ImageObject\",\"inLanguage\":\"pt-BR\",\"@id\":\"https:\/\/www.suno.com.br\/noticias\/#\/schema\/person\/image\/\",\"url\":\"https:\/\/secure.gravatar.com\/avatar\/daee7f16d906c2e9ffed236206ca2c30?s=96&r=g\",\"contentUrl\":\"https:\/\/secure.gravatar.com\/avatar\/daee7f16d906c2e9ffed236206ca2c30?s=96&r=g\",\"caption\":\"Monique Lima\"},\"description\":\"Rep\u00f3rter de Mercado no Suno Not\u00edcias, \u00e9 jornalista com experi\u00eancia na cobertura de economia, empreendedorismo, finan\u00e7as pessoais, mercado financeiro, carreira e recursos humanos. Formada em Jornalismo pela Universidade Paulista, teve experi\u00eancias em ve\u00edculos de comunica\u00e7\u00e3o como a Ag\u00eancia TradeMap, Revista Voc\u00ea S\/A e Revista Voc\u00ea RH, as duas \u00faltimas publica\u00e7\u00f5es da Editora Abril. No Suno Not\u00edcias, fala sobre as principais not\u00edcias de Fundos Imobili\u00e1rios, Fiagro, Startups e empresas listadas na Bolsa.\",\"url\":\"https:\/\/www.suno.com.br\/noticias\/author\/monique-lima\/\"}]}<\/script>\n<!-- \/ Yoast SEO plugin. -->","yoast_head_json":{"title":"Zelensky admite que Ucr\u00e2nia n\u00e3o poder\u00e1 entrar para a Otan; Bolsas em NY t\u00eam forte alta","description":"O presidente da Ucr\u00e2nia disse ser improv\u00e1vel a ades\u00e3o da Ucr\u00e2nia \u00e0 Otan. Bolsas em NY operam em alta com conversas sobre cessa-fogo.","robots":{"index":"index","follow":"follow","max-snippet":"max-snippet:-1","max-image-preview":"max-image-preview:large","max-video-preview":"max-video-preview:-1"},"canonical":"https:\/\/www.suno.com.br\/noticias\/zelensky-ucrania-otan-bolsas-ny-alta\/","og_locale":"pt_BR","og_type":"article","og_title":"Zelensky admite que Ucr\u00e2nia n\u00e3o poder\u00e1 entrar para a Otan; Bolsas em NY t\u00eam forte alta","og_description":"O presidente da Ucr\u00e2nia disse ser improv\u00e1vel a ades\u00e3o da Ucr\u00e2nia \u00e0 Otan. Bolsas em NY operam em alta com conversas sobre cessa-fogo.","og_url":"https:\/\/www.suno.com.br\/noticias\/zelensky-ucrania-otan-bolsas-ny-alta\/","og_site_name":"Suno Not\u00edcias","article_publisher":"https:\/\/facebook.com\/sunoresearch","og_image":[{"width":1450,"height":803,"url":"https:\/\/files.sunoresearch.com.br\/n\/uploads\/2022\/03\/Zelensky-ucrania.jpg","type":"image\/jpeg"}],"author":"Monique Lima","twitter_card":"summary_large_image","twitter_creator":"@sunoresearch","twitter_site":"@sunoresearch","twitter_misc":{"Escrito por":"Monique Lima","Est. tempo de leitura":"2 minutos"},"schema":{"@context":"https:\/\/schema.org","@graph":[{"@type":"NewsArticle","@id":"https:\/\/www.suno.com.br\/noticias\/zelensky-ucrania-otan-bolsas-ny-alta\/#article","isPartOf":{"@id":"https:\/\/www.suno.com.br\/noticias\/zelensky-ucrania-otan-bolsas-ny-alta\/"},"author":{"name":"Monique Lima","@id":"https:\/\/www.suno.com.br\/noticias\/#\/schema\/person\/d712329319cc9b10f254d02d654cb36a"},"headline":"Zelensky admite que Ucr\u00e2nia n\u00e3o poder\u00e1 entrar para a Otan; Bolsas em NY t\u00eam forte alta","datePublished":"2022-03-15T19:48:54+00:00","mainEntityOfPage":{"@id":"https:\/\/www.suno.com.br\/noticias\/zelensky-ucrania-otan-bolsas-ny-alta\/"},"wordCount":515,"publisher":{"@id":"https:\/\/www.suno.com.br\/noticias\/#organization"},"image":{"@id":"https:\/\/www.suno.com.br\/noticias\/zelensky-ucrania-otan-bolsas-ny-alta\/#primaryimage"},"thumbnailUrl":"https:\/\/files.sunoresearch.com.br\/n\/uploads\/2022\/03\/Zelensky-ucrania.jpg","keywords":["R\u00fassia"],"articleSection":["Internacional"],"inLanguage":"pt-BR"},{"@type":"WebPage","@id":"https:\/\/www.suno.com.br\/noticias\/zelensky-ucrania-otan-bolsas-ny-alta\/","url":"https:\/\/www.suno.com.br\/noticias\/zelensky-ucrania-otan-bolsas-ny-alta\/","name":"Zelensky admite que Ucr\u00e2nia n\u00e3o poder\u00e1 entrar para a Otan; Bolsas em NY t\u00eam forte alta","isPartOf":{"@id":"https:\/\/www.suno.com.br\/noticias\/#website"},"primaryImageOfPage":{"@id":"https:\/\/www.suno.com.br\/noticias\/zelensky-ucrania-otan-bolsas-ny-alta\/#primaryimage"},"image":{"@id":"https:\/\/www.suno.com.br\/noticias\/zelensky-ucrania-otan-bolsas-ny-alta\/#primaryimage"},"thumbnailUrl":"https:\/\/files.sunoresearch.com.br\/n\/uploads\/2022\/03\/Zelensky-ucrania.jpg","datePublished":"2022-03-15T19:48:54+00:00","description":"O presidente da Ucr\u00e2nia disse ser improv\u00e1vel a ades\u00e3o da Ucr\u00e2nia \u00e0 Otan. Bolsas em NY operam em alta com conversas sobre cessa-fogo.","breadcrumb":{"@id":"https:\/\/www.suno.com.br\/noticias\/zelensky-ucrania-otan-bolsas-ny-alta\/#breadcrumb"},"inLanguage":"pt-BR","potentialAction":[{"@type":"ReadAction","target":["https:\/\/www.suno.com.br\/noticias\/zelensky-ucrania-otan-bolsas-ny-alta\/"]}]},{"@type":"ImageObject","inLanguage":"pt-BR","@id":"https:\/\/www.suno.com.br\/noticias\/zelensky-ucrania-otan-bolsas-ny-alta\/#primaryimage","url":"https:\/\/files.sunoresearch.com.br\/n\/uploads\/2022\/03\/Zelensky-ucrania.jpg","contentUrl":"https:\/\/files.sunoresearch.com.br\/n\/uploads\/2022\/03\/Zelensky-ucrania.jpg","width":1450,"height":803,"caption":"Presidente da Ucr\u00e2nia, Volodymyr Zelensky - Foto: Reprodu\u00e7\u00e3o\/Telegram"},{"@type":"BreadcrumbList","@id":"https:\/\/www.suno.com.br\/noticias\/zelensky-ucrania-otan-bolsas-ny-alta\/#breadcrumb","itemListElement":[{"@type":"ListItem","position":1,"name":"Not\u00edcias","item":"https:\/\/www.suno.com.br\/noticias\/"},{"@type":"ListItem","position":2,"name":"Internacional","item":"https:\/\/www.suno.com.br\/noticias\/internacional\/"},{"@type":"ListItem","position":3,"name":"Zelensky admite que Ucr\u00e2nia n\u00e3o poder\u00e1 entrar para a Otan; Bolsas em NY t\u00eam forte alta"}]},{"@type":"WebSite","@id":"https:\/\/www.suno.com.br\/noticias\/#website","url":"https:\/\/www.suno.com.br\/noticias\/","name":"Suno Not\u00edcias","description":"Seu portal de informa\u00e7\u00e3o sobre o mundo dos investimentos","publisher":{"@id":"https:\/\/www.suno.com.br\/noticias\/#organization"},"potentialAction":[{"@type":"SearchAction","target":{"@type":"EntryPoint","urlTemplate":"https:\/\/www.suno.com.br\/noticias\/?s={search_term_string}"},"query-input":{"@type":"PropertyValueSpecification","valueRequired":true,"valueName":"search_term_string"}}],"inLanguage":"pt-BR"},{"@type":"Organization","@id":"https:\/\/www.suno.com.br\/noticias\/#organization","name":"Suno Not\u00edcias","url":"https:\/\/www.suno.com.br\/noticias\/","logo":{"@type":"ImageObject","inLanguage":"pt-BR","@id":"https:\/\/www.suno.com.br\/noticias\/#\/schema\/logo\/image\/","url":"https:\/\/files.sunoresearch.com.br\/n\/uploads\/2021\/09\/suno-logo.png","contentUrl":"https:\/\/files.sunoresearch.com.br\/n\/uploads\/2021\/09\/suno-logo.png","width":180,"height":180,"caption":"Suno Not\u00edcias"},"image":{"@id":"https:\/\/www.suno.com.br\/noticias\/#\/schema\/logo\/image\/"},"sameAs":["https:\/\/facebook.com\/sunoresearch","https:\/\/x.com\/sunoresearch","https:\/\/www.instagram.com\/suno","https:\/\/www.linkedin.com\/company\/suno-research\/","https:\/\/www.youtube.com\/c\/sunoresearch"]},{"@type":"Person","@id":"https:\/\/www.suno.com.br\/noticias\/#\/schema\/person\/d712329319cc9b10f254d02d654cb36a","name":"Monique Lima","image":{"@type":"ImageObject","inLanguage":"pt-BR","@id":"https:\/\/www.suno.com.br\/noticias\/#\/schema\/person\/image\/","url":"https:\/\/secure.gravatar.com\/avatar\/daee7f16d906c2e9ffed236206ca2c30?s=96&r=g","contentUrl":"https:\/\/secure.gravatar.com\/avatar\/daee7f16d906c2e9ffed236206ca2c30?s=96&r=g","caption":"Monique Lima"},"description":"Rep\u00f3rter de Mercado no Suno Not\u00edcias, \u00e9 jornalista com experi\u00eancia na cobertura de economia, empreendedorismo, finan\u00e7as pessoais, mercado financeiro, carreira e recursos humanos. Formada em Jornalismo pela Universidade Paulista, teve experi\u00eancias em ve\u00edculos de comunica\u00e7\u00e3o como a Ag\u00eancia TradeMap, Revista Voc\u00ea S\/A e Revista Voc\u00ea RH, as duas \u00faltimas publica\u00e7\u00f5es da Editora Abril. No Suno Not\u00edcias, fala sobre as principais not\u00edcias de Fundos Imobili\u00e1rios, Fiagro, Startups e empresas listadas na Bolsa.","url":"https:\/\/www.suno.com.br\/noticias\/author\/monique-lima\/"}]}},"default_loop_html":"<div class=\"cardsPage__listCard__boxs\"><div class=\"cardsPage__listCard__boxs__img\"><a href=\"https:\/\/www.suno.com.br\/noticias\/zelensky-ucrania-otan-bolsas-ny-alta\/\"><img class=\"mask\" src=\"https:\/\/www.suno.com.br\/noticias\/wp-content\/themes\/suno\/resources\/images\/spotlight\/spotlight1img\/bg-mask.png\" alt=\"Image Mask\"\/><img src=\"https:\/\/files.sunoresearch.com.br\/n\/uploads\/2022\/03\/Zelensky-ucrania-400x200.jpg\" alt=\"Zelensky admite que Ucr\u00e2nia n\u00e3o poder\u00e1 entrar para a Otan; Bolsas em NY t\u00eam forte alta\"\/><\/a><span class=\"spotlightCategory\"><a href=\"https:\/\/www.suno.com.br\/noticias\/internacional\/\">Internacional<\/a><\/span><\/div><div class=\"cardsPage__listCard__boxs__content\"><a href=\"https:\/\/www.suno.com.br\/noticias\/zelensky-ucrania-otan-bolsas-ny-alta\/\"><h2 class=\"content__title\">Zelensky admite que Ucr\u00e2nia n\u00e3o poder\u00e1 entrar para a Otan; Bolsas em NY t\u00eam forte alta<\/h2><\/a><div class=\"newsContent__article__meta\"><div class=\"newsContent__article__meta__authorBox\"><a href=\"https:\/\/www.suno.com.br\/noticias\/author\/monique-lima\/\" class=\"authorBox__avatar noMobi\"><img src=\"https:\/\/secure.gravatar.com\/avatar\/daee7f16d906c2e9ffed236206ca2c30?s=96&#038;r=g\" alt=\"Monique Lima\"><\/a><div class=\"authorBox__name\"><span>por\n\t\t\t<a href=\"https:\/\/www.suno.com.br\/noticias\/author\/monique-lima\/\"><span itemprop=\"author\">Monique Lima<\/span><\/a><\/span><time datetime=\"2022-03-15T16:48:54-03:00\" itemprop=\"datePublished\">15\/03\/2022 16:48<\/time><\/div><\/div><\/div><\/div><\/div>","single_layout":"posts","amp_enabled":false,"_links":{"self":[{"href":"https:\/\/www.suno.com.br\/noticias\/wp-json\/wp\/v2\/posts\/241668"}],"collection":[{"href":"https:\/\/www.suno.com.br\/noticias\/wp-json\/wp\/v2\/posts"}],"about":[{"href":"https:\/\/www.suno.com.br\/noticias\/wp-json\/wp\/v2\/types\/post"}],"author":[{"embeddable":true,"href":"https:\/\/www.suno.com.br\/noticias\/wp-json\/wp\/v2\/users\/102"}],"replies":[{"embeddable":true,"href":"https:\/\/www.suno.com.br\/noticias\/wp-json\/wp\/v2\/comments?post=241668"}],"version-history":[{"count":2,"href":"https:\/\/www.suno.com.br\/noticias\/wp-json\/wp\/v2\/posts\/241668\/revisions"}],"predecessor-version":[{"id":241707,"href":"https:\/\/www.suno.com.br\/noticias\/wp-json\/wp\/v2\/posts\/241668\/revisions\/241707"}],"wp:featuredmedia":[{"embeddable":true,"href":"https:\/\/www.suno.com.br\/noticias\/wp-json\/wp\/v2\/media\/239567"}],"wp:attachment":[{"href":"https:\/\/www.suno.com.br\/noticias\/wp-json\/wp\/v2\/media?parent=241668"}],"wp:term":[{"taxonomy":"category","embeddable":true,"href":"https:\/\/www.suno.com.br\/noticias\/wp-json\/wp\/v2\/categories?post=241668"},{"taxonomy":"post_tag","embeddable":true,"href":"https:\/\/www.suno.com.br\/noticias\/wp-json\/wp\/v2\/tags?post=241668"},{"taxonomy":"suno_strategy","embeddable":true,"href":"https:\/\/www.suno.com.br\/noticias\/wp-json\/wp\/v2\/suno_strategy?post=241668"}],"curies":[{"name":"wp","href":"https:\/\/api.w.org\/{rel}","templated":true}]}}