{"id":241502,"date":"2022-03-15T18:24:07","date_gmt":"2022-03-15T21:24:07","guid":{"rendered":"https:\/\/www.suno.com.br\/noticias\/?p=241502"},"modified":"2022-03-15T18:24:07","modified_gmt":"2022-03-15T21:24:07","slug":"setor-eletrico-socorro-consumidor-conta","status":"publish","type":"post","link":"https:\/\/www.suno.com.br\/noticias\/setor-eletrico-socorro-consumidor-conta\/","title":{"rendered":"Setor el\u00e9trico vai receber socorro de R$ 5,3 bi; consumidor pagar\u00e1 a conta"},"content":{"rendered":"<p>O setor el\u00e9trico ir\u00e1 receber um empr\u00e9stimo de at\u00e9 R$ 5,3 bilh\u00f5es da diretoria da Ag\u00eancia Nacional de Energia El\u00e9trica (Aneel). O total ser\u00e1 usado para bancar as medidas adotadas no ano passado para evitar falhas no fornecimento de energia, quando o Brasil enfrentou grande escassez nos reservat\u00f3rios.<\/p>\t<div class=\"wrapper-featured-image\">\n\t\t<figure class=\"spotlightImg\">\n\n\t\t\t<picture>\n\t\t\t\t<source media=\"(max-width: 768px)\" srcset=\"https:\/\/files.sunoresearch.com.br\/n\/uploads\/2022\/02\/taesa_pixabay-400x200.jpg\">\n\t\t\t\t<img loading=\"lazy\" decoding=\"async\" class=\"newsContent__article__imgCapa lazyloadDisabled \" src=\"https:\/\/files.sunoresearch.com.br\/n\/uploads\/2022\/02\/taesa_pixabay-800x450.jpg\" width=\"800\" height=\"450\" alt=\"Setor el\u00e9trico vai receber socorro de R$ 5,3 bi; consumidor pagar\u00e1 a conta\" fetchpriority=high \/>\n\t\t\t<\/picture>\n\n\t\t\t<figcaption class=\"wp-caption-text wp-caption-text--show\">TFoto: Pixabay<\/figcaption>\n\t\t<\/figure>\n\t<\/div>\n\n\n\t<p>\n\t\t<a href=\"\" target=\"_blank\" data-element=\"shortcode-suno-banner\" title=\"Banner SUNO, clique e saiba mais\">\n\t\t\t<picture>\n\t\t\t\t<source media=\"(max-width: 500px)\" srcset=\"\">\n\t\t\t\t<img class=\"newsContent__article__imgCapa newsContent__article__imgCapa--banner\"\n\t\t\t\t\tsrc=\"\"\n\t\t\t\t\tdata-promo-id=\"138420\"\t\t\t\t\t\t\t\t\t\t\t\t\t\t\talt=\"\"\n\t\t\t\t>\n\t\t\t<\/picture>\n\t\t<\/a>\n\t<\/p>\n\n\n<p>O aux\u00edlio aprovado nesta ter\u00e7a-feira (15) deve ser suficiente para evitar um aumento expressivo na <strong>conta de luz<\/strong> este ano, mas vai pesar no bolso dos consumidores a partir de 2023, e com juros.<\/p>\n<p>A opera\u00e7\u00e3o foi autorizada por Medida Provis\u00f3ria pelo governo federal em dezembro do ano passado.<\/p>\n<p>Os valores dos itens considerados no empr\u00e9stimo foram revistos pela \u00e1rea t\u00e9cnica da ag\u00eancia reguladora durante o per\u00edodo em que o assunto foi submetido \u00e0 consulta p\u00fablica.<\/p>\n<p>Os recursos ser\u00e3o usados para cobrir o saldo da conta Bandeiras estimado para abril deste ano, os custos da importa\u00e7\u00e3o de energia referentes aos meses de julho e agosto de 2021, diferimentos devidos \u00e0s <strong>distribuidoras de energia<\/strong> e o b\u00f4nus para consumidores que economizaram energia no ano passado. O objetivo \u00e9 evitar que esses custos extras sejam repassados para as contas de luz em 2022 por meio de expressivos reajustes nas tarifas, ano de elei\u00e7\u00f5es presidenciais.<\/p>\n\t<p>\n\t\t<a href=\"https:\/\/lp.suno.com.br\/planilha-controle-gastos\/\" target=\"_blank\" data-element=\"shortcode-suno-banner\" title=\"Banner SUNO, clique e saiba mais\">\n\t\t\t<picture>\n\t\t\t\t<source media=\"(max-width: 500px)\" srcset=\"https:\/\/files.sunoresearch.com.br\/n\/uploads\/2023\/03\/400x300-Planilha-controle-de-gastos.png\">\n\t\t\t\t<img class=\"newsContent__article__imgCapa newsContent__article__imgCapa--banner\"\n\t\t\t\t\tsrc=\"https:\/\/files.sunoresearch.com.br\/n\/uploads\/2023\/03\/1420x240-Planilha-controle-de-gastos.png\"\n\t\t\t\t\tdata-promo-id=\"101751\"\t\t\t\t\t\t\t\t\t\twidth='1420' height='240'\t\t\t\t\talt=\"https:\/\/files.sunoresearch.com.br\/n\/uploads\/2023\/03\/1420x240-Planilha-controle-de-gastos.png\"\n\t\t\t\t>\n\t\t\t<\/picture>\n\t\t<\/a>\n\t<\/p>\n\n\n<p>A princ\u00edpio, a ag\u00eancia reguladora calculou que a <strong>conta Bandeiras<\/strong>, que re\u00fane recursos arrecadados via cobran\u00e7a das chamadas <a class=\"suno-keyword\" href=\"https:\/\/www.suno.com.br\/artigos\/bandeiras-tarifarias\/\" target=\"_blank\" rel=\"noopener\" data-force=\"no\" data-priority=\"1\">bandeiras tarif\u00e1rias<\/a>, chegaria em abril deste ano com rombo de R$ 1,5 bilh\u00e3o. No c\u00e1lculo final, foi considerado um d\u00e9ficit de R$ 540 milh\u00f5es.<\/p>\n<p>A diferen\u00e7a se deve ao in\u00edcio das chuvas e \u00e0 melhora nos<strong> reservat\u00f3rios de energia<\/strong> nos \u00faltimos meses, o que permitiu que o governo reduzisse o custo e a quantidade de t\u00e9rmicas em uso no Pa\u00eds. Em 2021, at\u00e9 as usinas mais caras foram acionadas para garantir o abastecimento.<\/p>\n<p>Foram mantidos os custos da importa\u00e7\u00e3o de energia referentes aos meses de julho e agosto de 2021, que somaram R$ 800 milh\u00f5es, e do b\u00f4nus para consumidores que economizaram energia no ano passado, calculado em R$ 1,7 bilh\u00e3o.<\/p>\n\t<p>\n\t\t<a href=\"\" target=\"_blank\" data-element=\"shortcode-suno-banner\" title=\"Banner SUNO, clique e saiba mais\">\n\t\t\t<picture>\n\t\t\t\t<source media=\"(max-width: 500px)\" srcset=\"\">\n\t\t\t\t<img class=\"newsContent__article__imgCapa newsContent__article__imgCapa--banner\"\n\t\t\t\t\tsrc=\"\"\n\t\t\t\t\tdata-promo-id=\"77030\"\t\t\t\t\t\t\t\t\t\t\t\t\t\t\talt=\"\"\n\t\t\t\t>\n\t\t\t<\/picture>\n\t\t<\/a>\n\t<\/p>\n\n\n<p>J\u00e1 os diferimentos devido \u00e0s distribuidoras subiram de R$ 1,6 bilh\u00e3o para R$ 2,33 bilh\u00f5es, pois passaram a considerar os valores que ser\u00e3o repassados em processos tarif\u00e1rios at\u00e9 abril deste ano, quando est\u00e1 prevista a libera\u00e7\u00e3o do empr\u00e9stimo. Segundo dados da <strong>Aneel<\/strong>, esse repasse para as empresas representa uma redu\u00e7\u00e3o m\u00e9dia de 2,69% nas tarifas em 2022.<\/p>\n<p>A Medida Provis\u00f3ria editada pelo governo prev\u00ea ainda a possibilidade de uma segunda tranche de empr\u00e9stimo, que seria voltada para cobrir os custos do leil\u00e3o emergencial realizado no ano passado para contratar t\u00e9rmicas. Esse valor foi estimado pela ag\u00eancia reguladora em at\u00e9 R$ 5,2 bilh\u00f5es, totalizando um empr\u00e9stimo de at\u00e9 R$ 10,5 bilh\u00f5es. Mas, segundo apurou o Broadcast Energia (sistema de not\u00edcias em tempo real do Grupo Estado), h\u00e1 poucas chances dessa parcela ser liberada.<\/p>\n<h2>Empr\u00e9stimos<b> ao setor el\u00e9trico repassam valor \u00e0 conta de luz<\/b><\/h2>\n<p>\u00c9 a quarta vez que o governo recorre a opera\u00e7\u00f5es financeiras para conter reajustes elevados nas contas de luz ou para socorrer as empresas de distribui\u00e7\u00e3o. A \u00faltima foi em 2020, quando o empr\u00e9stimo foi autorizado para minimizar os efeitos da pandemia de covid-19 sobre o setor &#8212; essa opera\u00e7\u00e3o, chamada de &#8220;conta-Covid&#8221;, j\u00e1 est\u00e1 sendo paga por meio de repasses adicionais \u00e0s contas de luz.<\/p>\n\t<p>\n\t\t<a href=\"\" target=\"_blank\" data-element=\"shortcode-suno-banner\" title=\"Banner SUNO, clique e saiba mais\">\n\t\t\t<picture>\n\t\t\t\t<source media=\"(max-width: 500px)\" srcset=\"\">\n\t\t\t\t<img class=\"newsContent__article__imgCapa newsContent__article__imgCapa--banner\"\n\t\t\t\t\tsrc=\"\"\n\t\t\t\t\tdata-promo-id=\"92668\"\t\t\t\t\t\t\t\t\t\t\t\t\t\t\talt=\"\"\n\t\t\t\t>\n\t\t\t<\/picture>\n\t\t<\/a>\n\t<\/p>\n\n\n<p>Em 2001, quando o Pa\u00eds enfrentou um <strong>racionamento de energia<\/strong>, o governo inaugurou o uso desse mecanismo para permitir o pagamento de d\u00e9bitos das distribuidoras de forma imediata.<\/p>\n\t<div data-element=\"shortcode-read-more\" class=\"knowMore\">\n\t\t\t\t<span class=\"knowMore__title\">Veja tamb\u00e9m<\/span>\n\t\t\t\t<a class=\"knowMore__link\" href=\"https:\/\/www.suno.com.br\/noticias\/conta-de-luz-energia-eletrica-desconto-regras-aneel\/\">\n\t\t\tQuem economizou pode ganhar desconto na conta de luz; veja as novas regras da Aneel\t\t<\/a>\n\t<\/div>\n\n\n<p>J\u00e1 em 2014, a chamada &#8220;conta-ACR&#8221; foi liberada para o<strong> setor el\u00e9trico<\/strong> conter o repasse de gastos com termel\u00e9tricas e do aumento de subs\u00eddios e descontos para grupos de interesse, mas nem assim conseguiu impedir um aumento de 50% em 2015.<\/p>\n<p class=\"newsProviderSignature\"><em>Com Estad\u00e3o Conte\u00fado<\/em><\/p>\n\t<p>\n\t\t<a href=\"https:\/\/lp.suno.com.br\/planilha-de-controle-de-investimentos\/\" target=\"_blank\" data-element=\"shortcode-suno-banner\" title=\"Banner SUNO, clique e saiba mais\">\n\t\t\t<picture>\n\t\t\t\t<source media=\"(max-width: 500px)\" srcset=\"https:\/\/files.sunoresearch.com.br\/n\/uploads\/2023\/03\/400x300-Controle-de-Investimentos.png\">\n\t\t\t\t<img class=\"newsContent__article__imgCapa newsContent__article__imgCapa--banner\"\n\t\t\t\t\tsrc=\"https:\/\/files.sunoresearch.com.br\/n\/uploads\/2023\/03\/1420x240-Controle-de-Investimentos.png\"\n\t\t\t\t\tdata-promo-id=\"75934\"\t\t\t\t\t\t\t\t\t\twidth='1420' height='240'\t\t\t\t\talt=\"https:\/\/files.sunoresearch.com.br\/n\/uploads\/2023\/03\/1420x240-Controle-de-Investimentos.png\"\n\t\t\t\t>\n\t\t\t<\/picture>\n\t\t<\/a>\n\t<\/p>\n\n\n","protected":false},"excerpt":{"rendered":"<p>O setor el\u00e9trico ir\u00e1 receber um empr\u00e9stimo de at\u00e9 R$ 5,3 bilh\u00f5es da diretoria da Ag\u00eancia Nacional de Energia El\u00e9trica (Aneel). O total ser\u00e1 usado para bancar as medidas adotadas no ano passado para evitar falhas no fornecimento de energia, quando o Brasil enfrentou grande escassez nos reservat\u00f3rios. TFoto: Pixabay O aux\u00edlio aprovado nesta ter\u00e7a-feira [&hellip;]<\/p>\n","protected":false},"author":118,"featured_media":232904,"comment_status":"closed","ping_status":"closed","sticky":false,"template":"","format":"standard","meta":[],"categories":[62],"tags":[896,2153,106360],"suno_strategy":[],"class_list":["post-241502","post","type-post","status-publish","format-standard","has-post-thumbnail","hentry","category-economia","tag-aneel","tag-energia-eletrica","tag-setor-eletrico"],"yoast_head":"<!-- This site is optimized with the Yoast SEO plugin v24.4 - https:\/\/yoast.com\/wordpress\/plugins\/seo\/ -->\n<title>Setor el\u00e9trico receber\u00e1 socorro de R$ 5,3 bi; consumidor pagar\u00e1 a conta<\/title>\n<meta name=\"description\" content=\"O setor el\u00e9trico ir\u00e1 receber um empr\u00e9stimo de at\u00e9 R$ 5,3 bilh\u00f5es da diretoria da Ag\u00eancia Nacional de Energia El\u00e9trica (Aneel).\" \/>\n<meta name=\"robots\" content=\"index, follow, max-snippet:-1, max-image-preview:large, max-video-preview:-1\" \/>\n<link rel=\"canonical\" href=\"https:\/\/www.suno.com.br\/noticias\/setor-eletrico-socorro-consumidor-conta\/\" \/>\n<meta property=\"og:locale\" content=\"pt_BR\" \/>\n<meta property=\"og:type\" content=\"article\" \/>\n<meta property=\"og:title\" content=\"Setor el\u00e9trico receber\u00e1 socorro de R$ 5,3 bi; consumidor pagar\u00e1 a conta\" \/>\n<meta property=\"og:description\" content=\"O setor el\u00e9trico ir\u00e1 receber um empr\u00e9stimo de at\u00e9 R$ 5,3 bilh\u00f5es da diretoria da Ag\u00eancia Nacional de Energia El\u00e9trica (Aneel).\" \/>\n<meta property=\"og:url\" content=\"https:\/\/www.suno.com.br\/noticias\/setor-eletrico-socorro-consumidor-conta\/\" \/>\n<meta property=\"og:site_name\" content=\"Suno Not\u00edcias\" \/>\n<meta property=\"article:publisher\" content=\"https:\/\/facebook.com\/sunoresearch\" \/>\n<meta property=\"og:image\" content=\"https:\/\/files.sunoresearch.com.br\/n\/uploads\/2022\/02\/taesa_pixabay.jpg\" \/>\n\t<meta property=\"og:image:width\" content=\"1920\" \/>\n\t<meta property=\"og:image:height\" content=\"1280\" \/>\n\t<meta property=\"og:image:type\" content=\"image\/jpeg\" \/>\n<meta name=\"author\" content=\"Bruno Galv\u00e3o\" \/>\n<meta name=\"twitter:card\" content=\"summary_large_image\" \/>\n<meta name=\"twitter:creator\" content=\"@sunoresearch\" \/>\n<meta name=\"twitter:site\" content=\"@sunoresearch\" \/>\n<meta name=\"twitter:label1\" content=\"Escrito por\" \/>\n\t<meta name=\"twitter:data1\" content=\"Bruno Galv\u00e3o\" \/>\n\t<meta name=\"twitter:label2\" content=\"Est. tempo de leitura\" \/>\n\t<meta name=\"twitter:data2\" content=\"3 minutos\" \/>\n<script type=\"application\/ld+json\" class=\"yoast-schema-graph\">{\"@context\":\"https:\/\/schema.org\",\"@graph\":[{\"@type\":\"NewsArticle\",\"@id\":\"https:\/\/www.suno.com.br\/noticias\/setor-eletrico-socorro-consumidor-conta\/#article\",\"isPartOf\":{\"@id\":\"https:\/\/www.suno.com.br\/noticias\/setor-eletrico-socorro-consumidor-conta\/\"},\"author\":{\"name\":\"Bruno Galv\u00e3o\",\"@id\":\"https:\/\/www.suno.com.br\/noticias\/#\/schema\/person\/06f0d962a6b1c54852e4860f16935600\"},\"headline\":\"Setor el\u00e9trico vai receber socorro de R$ 5,3 bi; consumidor pagar\u00e1 a conta\",\"datePublished\":\"2022-03-15T21:24:07+00:00\",\"mainEntityOfPage\":{\"@id\":\"https:\/\/www.suno.com.br\/noticias\/setor-eletrico-socorro-consumidor-conta\/\"},\"wordCount\":685,\"publisher\":{\"@id\":\"https:\/\/www.suno.com.br\/noticias\/#organization\"},\"image\":{\"@id\":\"https:\/\/www.suno.com.br\/noticias\/setor-eletrico-socorro-consumidor-conta\/#primaryimage\"},\"thumbnailUrl\":\"https:\/\/files.sunoresearch.com.br\/n\/uploads\/2022\/02\/taesa_pixabay.jpg\",\"keywords\":[\"Aneel\",\"energia el\u00e9trica\",\"Setor el\u00e9trico\"],\"articleSection\":[\"Economia\"],\"inLanguage\":\"pt-BR\"},{\"@type\":\"WebPage\",\"@id\":\"https:\/\/www.suno.com.br\/noticias\/setor-eletrico-socorro-consumidor-conta\/\",\"url\":\"https:\/\/www.suno.com.br\/noticias\/setor-eletrico-socorro-consumidor-conta\/\",\"name\":\"Setor el\u00e9trico receber\u00e1 socorro de R$ 5,3 bi; consumidor pagar\u00e1 a conta\",\"isPartOf\":{\"@id\":\"https:\/\/www.suno.com.br\/noticias\/#website\"},\"primaryImageOfPage\":{\"@id\":\"https:\/\/www.suno.com.br\/noticias\/setor-eletrico-socorro-consumidor-conta\/#primaryimage\"},\"image\":{\"@id\":\"https:\/\/www.suno.com.br\/noticias\/setor-eletrico-socorro-consumidor-conta\/#primaryimage\"},\"thumbnailUrl\":\"https:\/\/files.sunoresearch.com.br\/n\/uploads\/2022\/02\/taesa_pixabay.jpg\",\"datePublished\":\"2022-03-15T21:24:07+00:00\",\"description\":\"O setor el\u00e9trico ir\u00e1 receber um empr\u00e9stimo de at\u00e9 R$ 5,3 bilh\u00f5es da diretoria da Ag\u00eancia Nacional de Energia El\u00e9trica (Aneel).\",\"breadcrumb\":{\"@id\":\"https:\/\/www.suno.com.br\/noticias\/setor-eletrico-socorro-consumidor-conta\/#breadcrumb\"},\"inLanguage\":\"pt-BR\",\"potentialAction\":[{\"@type\":\"ReadAction\",\"target\":[\"https:\/\/www.suno.com.br\/noticias\/setor-eletrico-socorro-consumidor-conta\/\"]}]},{\"@type\":\"ImageObject\",\"inLanguage\":\"pt-BR\",\"@id\":\"https:\/\/www.suno.com.br\/noticias\/setor-eletrico-socorro-consumidor-conta\/#primaryimage\",\"url\":\"https:\/\/files.sunoresearch.com.br\/n\/uploads\/2022\/02\/taesa_pixabay.jpg\",\"contentUrl\":\"https:\/\/files.sunoresearch.com.br\/n\/uploads\/2022\/02\/taesa_pixabay.jpg\",\"width\":1920,\"height\":1280,\"caption\":\"TFoto: Pixabay\"},{\"@type\":\"BreadcrumbList\",\"@id\":\"https:\/\/www.suno.com.br\/noticias\/setor-eletrico-socorro-consumidor-conta\/#breadcrumb\",\"itemListElement\":[{\"@type\":\"ListItem\",\"position\":1,\"name\":\"Not\u00edcias\",\"item\":\"https:\/\/www.suno.com.br\/noticias\/\"},{\"@type\":\"ListItem\",\"position\":2,\"name\":\"Economia\",\"item\":\"https:\/\/www.suno.com.br\/noticias\/economia\/\"},{\"@type\":\"ListItem\",\"position\":3,\"name\":\"Setor el\u00e9trico vai receber socorro de R$ 5,3 bi; consumidor pagar\u00e1 a conta\"}]},{\"@type\":\"WebSite\",\"@id\":\"https:\/\/www.suno.com.br\/noticias\/#website\",\"url\":\"https:\/\/www.suno.com.br\/noticias\/\",\"name\":\"Suno Not\u00edcias\",\"description\":\"Seu portal de informa\u00e7\u00e3o sobre o mundo dos investimentos\",\"publisher\":{\"@id\":\"https:\/\/www.suno.com.br\/noticias\/#organization\"},\"potentialAction\":[{\"@type\":\"SearchAction\",\"target\":{\"@type\":\"EntryPoint\",\"urlTemplate\":\"https:\/\/www.suno.com.br\/noticias\/?s={search_term_string}\"},\"query-input\":{\"@type\":\"PropertyValueSpecification\",\"valueRequired\":true,\"valueName\":\"search_term_string\"}}],\"inLanguage\":\"pt-BR\"},{\"@type\":\"Organization\",\"@id\":\"https:\/\/www.suno.com.br\/noticias\/#organization\",\"name\":\"Suno Not\u00edcias\",\"url\":\"https:\/\/www.suno.com.br\/noticias\/\",\"logo\":{\"@type\":\"ImageObject\",\"inLanguage\":\"pt-BR\",\"@id\":\"https:\/\/www.suno.com.br\/noticias\/#\/schema\/logo\/image\/\",\"url\":\"https:\/\/files.sunoresearch.com.br\/n\/uploads\/2021\/09\/suno-logo.png\",\"contentUrl\":\"https:\/\/files.sunoresearch.com.br\/n\/uploads\/2021\/09\/suno-logo.png\",\"width\":180,\"height\":180,\"caption\":\"Suno Not\u00edcias\"},\"image\":{\"@id\":\"https:\/\/www.suno.com.br\/noticias\/#\/schema\/logo\/image\/\"},\"sameAs\":[\"https:\/\/facebook.com\/sunoresearch\",\"https:\/\/x.com\/sunoresearch\",\"https:\/\/www.instagram.com\/suno\",\"https:\/\/www.linkedin.com\/company\/suno-research\/\",\"https:\/\/www.youtube.com\/c\/sunoresearch\"]},{\"@type\":\"Person\",\"@id\":\"https:\/\/www.suno.com.br\/noticias\/#\/schema\/person\/06f0d962a6b1c54852e4860f16935600\",\"name\":\"Bruno Galv\u00e3o\",\"image\":{\"@type\":\"ImageObject\",\"inLanguage\":\"pt-BR\",\"@id\":\"https:\/\/www.suno.com.br\/noticias\/#\/schema\/person\/image\/\",\"url\":\"https:\/\/secure.gravatar.com\/avatar\/53598df0b41c00f12f287a912d0e918e?s=96&r=g\",\"contentUrl\":\"https:\/\/secure.gravatar.com\/avatar\/53598df0b41c00f12f287a912d0e918e?s=96&r=g\",\"caption\":\"Bruno Galv\u00e3o\"},\"description\":\"Escreve para o portal Suno Not\u00edcias. \u00c9 estudante de Jornalismo pela Faculdade C\u00e1sper L\u00edbero e Letras pela USP. Entusiasta de tecnologia e intelig\u00eancia artificial.\",\"url\":\"https:\/\/www.suno.com.br\/noticias\/author\/bruno-garcia\/\"}]}<\/script>\n<!-- \/ Yoast SEO plugin. -->","yoast_head_json":{"title":"Setor el\u00e9trico receber\u00e1 socorro de R$ 5,3 bi; consumidor pagar\u00e1 a conta","description":"O setor el\u00e9trico ir\u00e1 receber um empr\u00e9stimo de at\u00e9 R$ 5,3 bilh\u00f5es da diretoria da Ag\u00eancia Nacional de Energia El\u00e9trica (Aneel).","robots":{"index":"index","follow":"follow","max-snippet":"max-snippet:-1","max-image-preview":"max-image-preview:large","max-video-preview":"max-video-preview:-1"},"canonical":"https:\/\/www.suno.com.br\/noticias\/setor-eletrico-socorro-consumidor-conta\/","og_locale":"pt_BR","og_type":"article","og_title":"Setor el\u00e9trico receber\u00e1 socorro de R$ 5,3 bi; consumidor pagar\u00e1 a conta","og_description":"O setor el\u00e9trico ir\u00e1 receber um empr\u00e9stimo de at\u00e9 R$ 5,3 bilh\u00f5es da diretoria da Ag\u00eancia Nacional de Energia El\u00e9trica (Aneel).","og_url":"https:\/\/www.suno.com.br\/noticias\/setor-eletrico-socorro-consumidor-conta\/","og_site_name":"Suno Not\u00edcias","article_publisher":"https:\/\/facebook.com\/sunoresearch","og_image":[{"width":1920,"height":1280,"url":"https:\/\/files.sunoresearch.com.br\/n\/uploads\/2022\/02\/taesa_pixabay.jpg","type":"image\/jpeg"}],"author":"Bruno Galv\u00e3o","twitter_card":"summary_large_image","twitter_creator":"@sunoresearch","twitter_site":"@sunoresearch","twitter_misc":{"Escrito por":"Bruno Galv\u00e3o","Est. tempo de leitura":"3 minutos"},"schema":{"@context":"https:\/\/schema.org","@graph":[{"@type":"NewsArticle","@id":"https:\/\/www.suno.com.br\/noticias\/setor-eletrico-socorro-consumidor-conta\/#article","isPartOf":{"@id":"https:\/\/www.suno.com.br\/noticias\/setor-eletrico-socorro-consumidor-conta\/"},"author":{"name":"Bruno Galv\u00e3o","@id":"https:\/\/www.suno.com.br\/noticias\/#\/schema\/person\/06f0d962a6b1c54852e4860f16935600"},"headline":"Setor el\u00e9trico vai receber socorro de R$ 5,3 bi; consumidor pagar\u00e1 a conta","datePublished":"2022-03-15T21:24:07+00:00","mainEntityOfPage":{"@id":"https:\/\/www.suno.com.br\/noticias\/setor-eletrico-socorro-consumidor-conta\/"},"wordCount":685,"publisher":{"@id":"https:\/\/www.suno.com.br\/noticias\/#organization"},"image":{"@id":"https:\/\/www.suno.com.br\/noticias\/setor-eletrico-socorro-consumidor-conta\/#primaryimage"},"thumbnailUrl":"https:\/\/files.sunoresearch.com.br\/n\/uploads\/2022\/02\/taesa_pixabay.jpg","keywords":["Aneel","energia el\u00e9trica","Setor el\u00e9trico"],"articleSection":["Economia"],"inLanguage":"pt-BR"},{"@type":"WebPage","@id":"https:\/\/www.suno.com.br\/noticias\/setor-eletrico-socorro-consumidor-conta\/","url":"https:\/\/www.suno.com.br\/noticias\/setor-eletrico-socorro-consumidor-conta\/","name":"Setor el\u00e9trico receber\u00e1 socorro de R$ 5,3 bi; consumidor pagar\u00e1 a conta","isPartOf":{"@id":"https:\/\/www.suno.com.br\/noticias\/#website"},"primaryImageOfPage":{"@id":"https:\/\/www.suno.com.br\/noticias\/setor-eletrico-socorro-consumidor-conta\/#primaryimage"},"image":{"@id":"https:\/\/www.suno.com.br\/noticias\/setor-eletrico-socorro-consumidor-conta\/#primaryimage"},"thumbnailUrl":"https:\/\/files.sunoresearch.com.br\/n\/uploads\/2022\/02\/taesa_pixabay.jpg","datePublished":"2022-03-15T21:24:07+00:00","description":"O setor el\u00e9trico ir\u00e1 receber um empr\u00e9stimo de at\u00e9 R$ 5,3 bilh\u00f5es da diretoria da Ag\u00eancia Nacional de Energia El\u00e9trica (Aneel).","breadcrumb":{"@id":"https:\/\/www.suno.com.br\/noticias\/setor-eletrico-socorro-consumidor-conta\/#breadcrumb"},"inLanguage":"pt-BR","potentialAction":[{"@type":"ReadAction","target":["https:\/\/www.suno.com.br\/noticias\/setor-eletrico-socorro-consumidor-conta\/"]}]},{"@type":"ImageObject","inLanguage":"pt-BR","@id":"https:\/\/www.suno.com.br\/noticias\/setor-eletrico-socorro-consumidor-conta\/#primaryimage","url":"https:\/\/files.sunoresearch.com.br\/n\/uploads\/2022\/02\/taesa_pixabay.jpg","contentUrl":"https:\/\/files.sunoresearch.com.br\/n\/uploads\/2022\/02\/taesa_pixabay.jpg","width":1920,"height":1280,"caption":"TFoto: Pixabay"},{"@type":"BreadcrumbList","@id":"https:\/\/www.suno.com.br\/noticias\/setor-eletrico-socorro-consumidor-conta\/#breadcrumb","itemListElement":[{"@type":"ListItem","position":1,"name":"Not\u00edcias","item":"https:\/\/www.suno.com.br\/noticias\/"},{"@type":"ListItem","position":2,"name":"Economia","item":"https:\/\/www.suno.com.br\/noticias\/economia\/"},{"@type":"ListItem","position":3,"name":"Setor el\u00e9trico vai receber socorro de R$ 5,3 bi; consumidor pagar\u00e1 a conta"}]},{"@type":"WebSite","@id":"https:\/\/www.suno.com.br\/noticias\/#website","url":"https:\/\/www.suno.com.br\/noticias\/","name":"Suno Not\u00edcias","description":"Seu portal de informa\u00e7\u00e3o sobre o mundo dos investimentos","publisher":{"@id":"https:\/\/www.suno.com.br\/noticias\/#organization"},"potentialAction":[{"@type":"SearchAction","target":{"@type":"EntryPoint","urlTemplate":"https:\/\/www.suno.com.br\/noticias\/?s={search_term_string}"},"query-input":{"@type":"PropertyValueSpecification","valueRequired":true,"valueName":"search_term_string"}}],"inLanguage":"pt-BR"},{"@type":"Organization","@id":"https:\/\/www.suno.com.br\/noticias\/#organization","name":"Suno Not\u00edcias","url":"https:\/\/www.suno.com.br\/noticias\/","logo":{"@type":"ImageObject","inLanguage":"pt-BR","@id":"https:\/\/www.suno.com.br\/noticias\/#\/schema\/logo\/image\/","url":"https:\/\/files.sunoresearch.com.br\/n\/uploads\/2021\/09\/suno-logo.png","contentUrl":"https:\/\/files.sunoresearch.com.br\/n\/uploads\/2021\/09\/suno-logo.png","width":180,"height":180,"caption":"Suno Not\u00edcias"},"image":{"@id":"https:\/\/www.suno.com.br\/noticias\/#\/schema\/logo\/image\/"},"sameAs":["https:\/\/facebook.com\/sunoresearch","https:\/\/x.com\/sunoresearch","https:\/\/www.instagram.com\/suno","https:\/\/www.linkedin.com\/company\/suno-research\/","https:\/\/www.youtube.com\/c\/sunoresearch"]},{"@type":"Person","@id":"https:\/\/www.suno.com.br\/noticias\/#\/schema\/person\/06f0d962a6b1c54852e4860f16935600","name":"Bruno Galv\u00e3o","image":{"@type":"ImageObject","inLanguage":"pt-BR","@id":"https:\/\/www.suno.com.br\/noticias\/#\/schema\/person\/image\/","url":"https:\/\/secure.gravatar.com\/avatar\/53598df0b41c00f12f287a912d0e918e?s=96&r=g","contentUrl":"https:\/\/secure.gravatar.com\/avatar\/53598df0b41c00f12f287a912d0e918e?s=96&r=g","caption":"Bruno Galv\u00e3o"},"description":"Escreve para o portal Suno Not\u00edcias. \u00c9 estudante de Jornalismo pela Faculdade C\u00e1sper L\u00edbero e Letras pela USP. Entusiasta de tecnologia e intelig\u00eancia artificial.","url":"https:\/\/www.suno.com.br\/noticias\/author\/bruno-garcia\/"}]}},"default_loop_html":"<div class=\"cardsPage__listCard__boxs\"><div class=\"cardsPage__listCard__boxs__img\"><a href=\"https:\/\/www.suno.com.br\/noticias\/setor-eletrico-socorro-consumidor-conta\/\"><img class=\"mask\" src=\"https:\/\/www.suno.com.br\/noticias\/wp-content\/themes\/suno\/resources\/images\/spotlight\/spotlight1img\/bg-mask.png\" alt=\"Image Mask\"\/><img src=\"https:\/\/files.sunoresearch.com.br\/n\/uploads\/2022\/02\/taesa_pixabay-400x200.jpg\" alt=\"Setor el\u00e9trico vai receber socorro de R$ 5,3 bi; consumidor pagar\u00e1 a conta\"\/><\/a><span class=\"spotlightCategory\"><a href=\"https:\/\/www.suno.com.br\/noticias\/economia\/\">Economia<\/a><\/span><\/div><div class=\"cardsPage__listCard__boxs__content\"><a href=\"https:\/\/www.suno.com.br\/noticias\/setor-eletrico-socorro-consumidor-conta\/\"><h2 class=\"content__title\">Setor el\u00e9trico vai receber socorro de R$ 5,3 bi; consumidor pagar\u00e1 a conta<\/h2><\/a><div class=\"newsContent__article__meta\"><div class=\"newsContent__article__meta__authorBox\"><a href=\"https:\/\/www.suno.com.br\/noticias\/author\/bruno-garcia\/\" class=\"authorBox__avatar noMobi\"><img src=\"https:\/\/secure.gravatar.com\/avatar\/53598df0b41c00f12f287a912d0e918e?s=96&#038;r=g\" alt=\"Bruno Galv\u00e3o\"><\/a><div class=\"authorBox__name\"><span>por\n\t\t\t<a href=\"https:\/\/www.suno.com.br\/noticias\/author\/bruno-garcia\/\"><span itemprop=\"author\">Bruno Galv\u00e3o<\/span><\/a><\/span><time datetime=\"2022-03-15T18:24:07-03:00\" itemprop=\"datePublished\">15\/03\/2022 18:24<\/time><\/div><\/div><\/div><\/div><\/div>","single_layout":"posts","amp_enabled":true,"_links":{"self":[{"href":"https:\/\/www.suno.com.br\/noticias\/wp-json\/wp\/v2\/posts\/241502"}],"collection":[{"href":"https:\/\/www.suno.com.br\/noticias\/wp-json\/wp\/v2\/posts"}],"about":[{"href":"https:\/\/www.suno.com.br\/noticias\/wp-json\/wp\/v2\/types\/post"}],"author":[{"embeddable":true,"href":"https:\/\/www.suno.com.br\/noticias\/wp-json\/wp\/v2\/users\/118"}],"replies":[{"embeddable":true,"href":"https:\/\/www.suno.com.br\/noticias\/wp-json\/wp\/v2\/comments?post=241502"}],"version-history":[{"count":4,"href":"https:\/\/www.suno.com.br\/noticias\/wp-json\/wp\/v2\/posts\/241502\/revisions"}],"predecessor-version":[{"id":241806,"href":"https:\/\/www.suno.com.br\/noticias\/wp-json\/wp\/v2\/posts\/241502\/revisions\/241806"}],"wp:featuredmedia":[{"embeddable":true,"href":"https:\/\/www.suno.com.br\/noticias\/wp-json\/wp\/v2\/media\/232904"}],"wp:attachment":[{"href":"https:\/\/www.suno.com.br\/noticias\/wp-json\/wp\/v2\/media?parent=241502"}],"wp:term":[{"taxonomy":"category","embeddable":true,"href":"https:\/\/www.suno.com.br\/noticias\/wp-json\/wp\/v2\/categories?post=241502"},{"taxonomy":"post_tag","embeddable":true,"href":"https:\/\/www.suno.com.br\/noticias\/wp-json\/wp\/v2\/tags?post=241502"},{"taxonomy":"suno_strategy","embeddable":true,"href":"https:\/\/www.suno.com.br\/noticias\/wp-json\/wp\/v2\/suno_strategy?post=241502"}],"curies":[{"name":"wp","href":"https:\/\/api.w.org\/{rel}","templated":true}]}}