{"id":24134,"date":"2019-05-10T14:16:19","date_gmt":"2019-05-10T17:16:19","guid":{"rendered":"https:\/\/www.suno.com.br\/noticias\/?p=24134"},"modified":"2021-05-30T16:39:36","modified_gmt":"2021-05-30T19:39:36","slug":"b2w-prejuizo-acoes-baixa","status":"publish","type":"post","link":"https:\/\/www.suno.com.br\/noticias\/b2w-prejuizo-acoes-baixa\/","title":{"rendered":"B2W, dona da Americanas.com, tem preju\u00edzo e a\u00e7\u00f5es t\u00eam baixa de 6%"},"content":{"rendered":"<p>A B2W (BTOW3) divulgou seu <strong>balan\u00e7o<\/strong> referente ao primeiro trimestre de 2019 na noite da \u00faltima quinta-feira (9). Com <strong>preju\u00edzo l\u00edquido<\/strong> de -R$ 139,2 milh\u00f5es. Desta forma, o preju\u00edzo aumentou 19% em compara\u00e7\u00e3o com o mesmo per\u00edodo do ano passado, quando as perdas l\u00edquidas da empresa somaram -R$ 116,9 milh\u00f5es.<\/p>\t<div class=\"wrapper-featured-image\">\n\t\t<figure class=\"spotlightImg\">\n\n\t\t\t<picture>\n\t\t\t\t<source media=\"(max-width: 768px)\" srcset=\"https:\/\/files.sunoresearch.com.br\/n\/uploads\/2019\/05\/c4389d11-b2w-400x200.webp\">\n\t\t\t\t<img loading=\"lazy\" decoding=\"async\" class=\"newsContent__article__imgCapa lazyloadDisabled newsContent__article__imgCapa--noCaption\" src=\"https:\/\/files.sunoresearch.com.br\/n\/uploads\/2019\/05\/c4389d11-b2w-800x450.webp\" width=\"800\" height=\"450\" alt=\"B2W, dona da Americanas.com, tem preju\u00edzo e a\u00e7\u00f5es t\u00eam baixa de 6%\" fetchpriority=high \/>\n\t\t\t<\/picture>\n\n\t\t\t<figcaption class=\"wp-caption-text wp-caption-text--hide\">B2W come\u00e7a a testar o envio de produto por drone. (divulga\u00e7\u00e3o)<\/figcaption>\n\t\t<\/figure>\n\t<\/div>\n\n\n<p>Com a publica\u00e7\u00e3o, as <strong>a\u00e7\u00f5es<\/strong> da <strong>B2W<\/strong> encontram-se em <strong>queda<\/strong> no preg\u00e3o desta sexta-feira (10). No fechamento, os papeis ca\u00edam 6,5% a R$ 33,80 <a href=\"https:\/\/www.suno.com.br\/artigos\/b3\/\">B3<\/a> (Brasil, Bolsa, Balc\u00e3o).<\/p>\n\t<p>\n\t\t<a href=\"https:\/\/lp2.suno.com.br\/cl\/black-friday-2025\/?utm_campaign=_SNCDF0E4858_\" target=\"_blank\" data-element=\"shortcode-suno-banner\" title=\"Banner SUNO, clique e saiba mais\">\n\t\t\t<picture>\n\t\t\t\t<source media=\"(max-width: 500px)\" srcset=\"https:\/\/files.sunoresearch.com.br\/n\/uploads\/2025\/10\/Artigos-e-Noticias-Banner-Home-artigos-01-Mobile_-400x300-1-png.webp\">\n\t\t\t\t<img class=\"newsContent__article__imgCapa newsContent__article__imgCapa--banner\"\n\t\t\t\t\tsrc=\"https:\/\/files.sunoresearch.com.br\/n\/uploads\/2025\/10\/Artigos-e-Noticias-Banner-Home-artigos-01-Desktop_-1420x240-1-png.webp\"\n\t\t\t\t\tdata-promo-id=\"311259\"\t\t\t\t\t\t\t\t\t\twidth='1420' height='240'\t\t\t\t\talt=\"https:\/\/files.sunoresearch.com.br\/n\/uploads\/2025\/10\/Artigos-e-Noticias-Banner-Home-artigos-01-Desktop_-1420x240-1-png.webp\"\n\t\t\t\t>\n\t\t\t<\/picture>\n\t\t<\/a>\n\t<\/p>\n\n\n<p>Confira abaixo as receitas do primeiro trimestre de 2019 da empresa:<\/p>\n<ul>\n<li><strong><a href=\"https:\/\/www.suno.com.br\/artigos\/o-que-receita-bruta\/\">receita bruta<\/a><\/strong>:\u00a0R$ 1.608 milh\u00f5es, contra\u00a0R$ 1.810 milh\u00f5es entre janeiro e mar\u00e7o de 2018.<\/li>\n<li><strong><a href=\"https:\/\/www.suno.com.br\/artigos\/receita-liquida\/\">receita l\u00edquida<\/a><\/strong>:\u00a0R$ 1.282 milh\u00f5es, contra\u00a0R$ 1.476 milh\u00f5es entre janeiro e mar\u00e7o de 2018.<\/li>\n<\/ul>\n<p>A B2W \u00e9 uma empresa de e-commerce que gere os marketplaces\u00a0<strong>Submarino<\/strong>, <strong>Americanas.com<\/strong> e a <strong>Shoptime.<\/strong><\/p>\n<p>O <strong><a href=\"https:\/\/www.suno.com.br\/artigos\/lucro-bruto\/\">lucro bruto<\/a><\/strong> ajustado da companhia obteve leve alta, passando de\u00a0R$ 399,4 milh\u00f5es no primeiro trimestre de 2018, para\u00a0R$ 407,9 milh\u00f5es na divulga\u00e7\u00e3o dos tr\u00eas primeiros meses deste ano.<\/p>\n<p>A <a href=\"https:\/\/www.suno.com.br\/artigos\/margem-bruta\/\">margem bruta<\/a> ajustada expandiu 4,8 p.p., passando de\u00a027% a 31,8% neste primeiro trimestre de 2019, ante o mesmo per\u00edodo de 2018.<\/p>\n<h2>Despesas, Ebitda e resultado financeiro<\/h2>\n<p>As <strong>despesas<\/strong> com vendas gerais e administrativas tiveram acr\u00e9scimo. De\u00a0-R$ 318,4 milh\u00f5es no primeiro trimestre de 2018, passaram a\u00a0-R$ 324,6 milh\u00f5es entre janeiro e mar\u00e7o deste ano.<\/p>\n<p>O\u00a0<a href=\"https:\/\/www.suno.com.br\/artigos\/ebitda\/\">Earnings Before Interest, Taxes, Depreciation and Amortization<\/a> (<strong>Ebitda<\/strong>) ajustado da<strong> B2W<\/strong> subiu levemente entre o primeiro trimestre do ano passado e o deste: de R$ 81,0 milh\u00f5es para R$ 83,2 milh\u00f5es, crescimento de 2,8%.<\/p>\n<p>A\u00a0<strong><a href=\"https:\/\/www.suno.com.br\/artigos\/margem-ebitda\/\">margem Ebitda<\/a>\u00a0<\/strong>ajustada seguiu o movimento do <strong>Ebitda<\/strong>, de 5,5% para 6,5%.<\/p>\n<p>Por fim, o <strong>resultado financeiro l\u00edquido<\/strong> cresceu significativamente. De -R$\u00a0125,6 milh\u00f5es no primeiro trimestre de 2018, para -R$ 156,1 milh\u00f5es na primeira divulga\u00e7\u00e3o de balan\u00e7o deste ano.<\/p>\n<p><a href=\"https:\/\/www.suno.com.br\/noticias\/amazon-lucro-primeiro-trimestre-2019\/\">Saiba mais &#8211;\u00a0Amazon: lucro por a\u00e7\u00e3o sobe a US$ 7,09 no primeiro trimestre de 2019<\/a><\/p>\n<h2>B2W comenta resultado, e diz que marketplace segue em &#8220;r\u00e1pido desenvolvimento&#8221;<\/h2>\n<p>&#8220;No primeiro trimestre de 2019, conquistamos importantes resultados, que est\u00e3o em linha com a curva de crescimento e de gera\u00e7\u00e3o de caixa esperados para o ano. O <strong>Marketplace<\/strong> segue em r\u00e1pido desenvolvimento, com<br \/>\ncrescimento de 52,2% (vs 1T18) e atingindo 61,2% de participa\u00e7\u00e3o no GMV Total&#8221;, afirmou a <strong>B2W<\/strong> em comunicado ao mercado.<\/p>\n<p>A empresa concorre diretamente com a <strong>Amazon<\/strong>, empresa do maior bilion\u00e1rio do mundo de 2019, segundo a revista &#8220;Forbes&#8221;, <a href=\"https:\/\/www.suno.com.br\/artigos\/jeff-bezos-ceo-e-fundador-da-amazon\/\">Jeff Bezos<\/a>.<\/p>\n<p>Confira a divulga\u00e7\u00e3o da <strong>B2W<\/strong> na \u00edntegra <a href=\"https:\/\/static.b2wdigital.com\/upload\/releasesderesultados\/00003180.pdf\">clicando aqui<\/a>.<\/p>\n","protected":false},"excerpt":{"rendered":"<p>A B2W (BTOW3) divulgou seu balan\u00e7o referente ao primeiro trimestre de 2019 na noite da \u00faltima quinta-feira (9). Com preju\u00edzo l\u00edquido de -R$ 139,2 milh\u00f5es. Desta forma, o preju\u00edzo aumentou 19% em compara\u00e7\u00e3o com o mesmo per\u00edodo do ano passado, quando as perdas l\u00edquidas da empresa somaram -R$ 116,9 milh\u00f5es. B2W come\u00e7a a testar o [&hellip;]<\/p>\n","protected":false},"author":12,"featured_media":24135,"comment_status":"closed","ping_status":"closed","sticky":false,"template":"","format":"standard","meta":[],"categories":[64],"tags":[286,1831,1029],"suno_strategy":[],"class_list":["post-24134","post","type-post","status-publish","format-standard","has-post-thumbnail","hentry","category-negocios","tag-acoes","tag-b2w-digital-btow3","tag-balancos-trimestrais"],"yoast_head":"<!-- This site is optimized with the Yoast SEO plugin v24.4 - https:\/\/yoast.com\/wordpress\/plugins\/seo\/ -->\n<title>B2W, dona da Americanas.com, tem preju\u00edzo e a\u00e7\u00f5es t\u00eam baixa de 7%<\/title>\n<meta name=\"description\" content=\"Novo preju\u00edzo l\u00edquido da B2W, dona das Americanas.com, assusta o mercado e a\u00e7\u00f5es caem mais de 7% na B3. Clique para saber mais.\" \/>\n<meta name=\"robots\" content=\"index, follow, max-snippet:-1, max-image-preview:large, max-video-preview:-1\" \/>\n<link rel=\"canonical\" href=\"https:\/\/www.suno.com.br\/noticias\/b2w-prejuizo-acoes-baixa\/\" \/>\n<meta property=\"og:locale\" content=\"pt_BR\" \/>\n<meta property=\"og:type\" content=\"article\" \/>\n<meta property=\"og:title\" content=\"B2W, dona da Americanas.com, tem preju\u00edzo e a\u00e7\u00f5es t\u00eam baixa de 7%\" \/>\n<meta property=\"og:description\" content=\"Novo preju\u00edzo l\u00edquido da B2W, dona das Americanas.com, assusta o mercado e a\u00e7\u00f5es caem mais de 7% na B3. Clique para saber mais.\" \/>\n<meta property=\"og:url\" content=\"https:\/\/www.suno.com.br\/noticias\/b2w-prejuizo-acoes-baixa\/\" \/>\n<meta property=\"og:site_name\" content=\"Suno Not\u00edcias\" \/>\n<meta property=\"article:publisher\" content=\"https:\/\/facebook.com\/sunoresearch\" \/>\n<meta property=\"og:image\" content=\"https:\/\/files.sunoresearch.com.br\/n\/uploads\/2019\/05\/c4389d11-b2w.jpg\" \/>\n\t<meta property=\"og:image:width\" content=\"1200\" \/>\n\t<meta property=\"og:image:height\" content=\"799\" \/>\n\t<meta property=\"og:image:type\" content=\"image\/jpeg\" \/>\n<meta name=\"author\" content=\"Amanda Gushiken\" \/>\n<meta name=\"twitter:card\" content=\"summary_large_image\" \/>\n<meta name=\"twitter:creator\" content=\"@sunoresearch\" \/>\n<meta name=\"twitter:site\" content=\"@sunoresearch\" \/>\n<meta name=\"twitter:label1\" content=\"Escrito por\" \/>\n\t<meta name=\"twitter:data1\" content=\"Amanda Gushiken\" \/>\n\t<meta name=\"twitter:label2\" content=\"Est. tempo de leitura\" \/>\n\t<meta name=\"twitter:data2\" content=\"2 minutos\" \/>\n<script type=\"application\/ld+json\" class=\"yoast-schema-graph\">{\"@context\":\"https:\/\/schema.org\",\"@graph\":[{\"@type\":\"NewsArticle\",\"@id\":\"https:\/\/www.suno.com.br\/noticias\/b2w-prejuizo-acoes-baixa\/#article\",\"isPartOf\":{\"@id\":\"https:\/\/www.suno.com.br\/noticias\/b2w-prejuizo-acoes-baixa\/\"},\"author\":{\"name\":\"Amanda Gushiken\",\"@id\":\"https:\/\/www.suno.com.br\/noticias\/#\/schema\/person\/a5b06fa4e879d8e8e119c6ed3cd630d1\"},\"headline\":\"B2W, dona da Americanas.com, tem preju\u00edzo e a\u00e7\u00f5es t\u00eam baixa de 6%\",\"datePublished\":\"2019-05-10T17:16:19+00:00\",\"dateModified\":\"2021-05-30T19:39:36+00:00\",\"mainEntityOfPage\":{\"@id\":\"https:\/\/www.suno.com.br\/noticias\/b2w-prejuizo-acoes-baixa\/\"},\"wordCount\":441,\"publisher\":{\"@id\":\"https:\/\/www.suno.com.br\/noticias\/#organization\"},\"image\":{\"@id\":\"https:\/\/www.suno.com.br\/noticias\/b2w-prejuizo-acoes-baixa\/#primaryimage\"},\"thumbnailUrl\":\"https:\/\/files.sunoresearch.com.br\/n\/uploads\/2019\/05\/c4389d11-b2w-jpg.webp\",\"keywords\":[\"A\u00e7\u00f5es\",\"B2W Digital (BTOW3)\",\"balan\u00e7os trimestrais\"],\"articleSection\":[\"Neg\u00f3cios\"],\"inLanguage\":\"pt-BR\"},{\"@type\":\"WebPage\",\"@id\":\"https:\/\/www.suno.com.br\/noticias\/b2w-prejuizo-acoes-baixa\/\",\"url\":\"https:\/\/www.suno.com.br\/noticias\/b2w-prejuizo-acoes-baixa\/\",\"name\":\"B2W, dona da Americanas.com, tem preju\u00edzo e a\u00e7\u00f5es t\u00eam baixa de 7%\",\"isPartOf\":{\"@id\":\"https:\/\/www.suno.com.br\/noticias\/#website\"},\"primaryImageOfPage\":{\"@id\":\"https:\/\/www.suno.com.br\/noticias\/b2w-prejuizo-acoes-baixa\/#primaryimage\"},\"image\":{\"@id\":\"https:\/\/www.suno.com.br\/noticias\/b2w-prejuizo-acoes-baixa\/#primaryimage\"},\"thumbnailUrl\":\"https:\/\/files.sunoresearch.com.br\/n\/uploads\/2019\/05\/c4389d11-b2w-jpg.webp\",\"datePublished\":\"2019-05-10T17:16:19+00:00\",\"dateModified\":\"2021-05-30T19:39:36+00:00\",\"description\":\"Novo preju\u00edzo l\u00edquido da B2W, dona das Americanas.com, assusta o mercado e a\u00e7\u00f5es caem mais de 7% na B3. Clique para saber mais.\",\"breadcrumb\":{\"@id\":\"https:\/\/www.suno.com.br\/noticias\/b2w-prejuizo-acoes-baixa\/#breadcrumb\"},\"inLanguage\":\"pt-BR\",\"potentialAction\":[{\"@type\":\"ReadAction\",\"target\":[\"https:\/\/www.suno.com.br\/noticias\/b2w-prejuizo-acoes-baixa\/\"]}]},{\"@type\":\"ImageObject\",\"inLanguage\":\"pt-BR\",\"@id\":\"https:\/\/www.suno.com.br\/noticias\/b2w-prejuizo-acoes-baixa\/#primaryimage\",\"url\":\"https:\/\/files.sunoresearch.com.br\/n\/uploads\/2019\/05\/c4389d11-b2w-jpg.webp\",\"contentUrl\":\"https:\/\/files.sunoresearch.com.br\/n\/uploads\/2019\/05\/c4389d11-b2w-jpg.webp\",\"width\":1200,\"height\":799,\"caption\":\"B2W come\u00e7a a testar o envio de produto por drone. (divulga\u00e7\u00e3o)\"},{\"@type\":\"BreadcrumbList\",\"@id\":\"https:\/\/www.suno.com.br\/noticias\/b2w-prejuizo-acoes-baixa\/#breadcrumb\",\"itemListElement\":[{\"@type\":\"ListItem\",\"position\":1,\"name\":\"Not\u00edcias\",\"item\":\"https:\/\/www.suno.com.br\/noticias\/\"},{\"@type\":\"ListItem\",\"position\":2,\"name\":\"Neg\u00f3cios\",\"item\":\"https:\/\/www.suno.com.br\/noticias\/negocios\/\"},{\"@type\":\"ListItem\",\"position\":3,\"name\":\"B2W, dona da Americanas.com, tem preju\u00edzo e a\u00e7\u00f5es t\u00eam baixa de 6%\"}]},{\"@type\":\"WebSite\",\"@id\":\"https:\/\/www.suno.com.br\/noticias\/#website\",\"url\":\"https:\/\/www.suno.com.br\/noticias\/\",\"name\":\"Suno Not\u00edcias\",\"description\":\"Seu portal de informa\u00e7\u00e3o sobre o mundo dos investimentos\",\"publisher\":{\"@id\":\"https:\/\/www.suno.com.br\/noticias\/#organization\"},\"potentialAction\":[{\"@type\":\"SearchAction\",\"target\":{\"@type\":\"EntryPoint\",\"urlTemplate\":\"https:\/\/www.suno.com.br\/noticias\/?s={search_term_string}\"},\"query-input\":{\"@type\":\"PropertyValueSpecification\",\"valueRequired\":true,\"valueName\":\"search_term_string\"}}],\"inLanguage\":\"pt-BR\"},{\"@type\":\"Organization\",\"@id\":\"https:\/\/www.suno.com.br\/noticias\/#organization\",\"name\":\"Suno Not\u00edcias\",\"url\":\"https:\/\/www.suno.com.br\/noticias\/\",\"logo\":{\"@type\":\"ImageObject\",\"inLanguage\":\"pt-BR\",\"@id\":\"https:\/\/www.suno.com.br\/noticias\/#\/schema\/logo\/image\/\",\"url\":\"https:\/\/files.sunoresearch.com.br\/n\/uploads\/2021\/09\/suno-logo.png\",\"contentUrl\":\"https:\/\/files.sunoresearch.com.br\/n\/uploads\/2021\/09\/suno-logo.png\",\"width\":180,\"height\":180,\"caption\":\"Suno Not\u00edcias\"},\"image\":{\"@id\":\"https:\/\/www.suno.com.br\/noticias\/#\/schema\/logo\/image\/\"},\"sameAs\":[\"https:\/\/facebook.com\/sunoresearch\",\"https:\/\/x.com\/sunoresearch\",\"https:\/\/www.instagram.com\/suno\",\"https:\/\/www.linkedin.com\/company\/suno-research\/\",\"https:\/\/www.youtube.com\/c\/sunoresearch\"]},{\"@type\":\"Person\",\"@id\":\"https:\/\/www.suno.com.br\/noticias\/#\/schema\/person\/a5b06fa4e879d8e8e119c6ed3cd630d1\",\"name\":\"Amanda Gushiken\",\"image\":{\"@type\":\"ImageObject\",\"inLanguage\":\"pt-BR\",\"@id\":\"https:\/\/www.suno.com.br\/noticias\/#\/schema\/person\/image\/\",\"url\":\"https:\/\/secure.gravatar.com\/avatar\/ecd84705e6b65e3685ae80d725501fbe?s=96&r=g\",\"contentUrl\":\"https:\/\/secure.gravatar.com\/avatar\/ecd84705e6b65e3685ae80d725501fbe?s=96&r=g\",\"caption\":\"Amanda Gushiken\"},\"description\":\"Amanda Sayuri Gushiken escreve sobre finan\u00e7as e neg\u00f3cios para o portal Suno Not\u00edcias. Antes, trabalhou selecionando not\u00edcias da imprensa para clientes do mercado financeiro. Tamb\u00e9m desenvolveu pesquisa acad\u00eamica pela Universidade Anhembi Morumbi na \u00e1rea de Teorias da Comunica\u00e7\u00e3o e \u00e9 fot\u00f3grafa nas horas vagas.\",\"url\":\"https:\/\/www.suno.com.br\/noticias\/author\/amanda\/\"}]}<\/script>\n<!-- \/ Yoast SEO plugin. -->","yoast_head_json":{"title":"B2W, dona da Americanas.com, tem preju\u00edzo e a\u00e7\u00f5es t\u00eam baixa de 7%","description":"Novo preju\u00edzo l\u00edquido da B2W, dona das Americanas.com, assusta o mercado e a\u00e7\u00f5es caem mais de 7% na B3. Clique para saber mais.","robots":{"index":"index","follow":"follow","max-snippet":"max-snippet:-1","max-image-preview":"max-image-preview:large","max-video-preview":"max-video-preview:-1"},"canonical":"https:\/\/www.suno.com.br\/noticias\/b2w-prejuizo-acoes-baixa\/","og_locale":"pt_BR","og_type":"article","og_title":"B2W, dona da Americanas.com, tem preju\u00edzo e a\u00e7\u00f5es t\u00eam baixa de 7%","og_description":"Novo preju\u00edzo l\u00edquido da B2W, dona das Americanas.com, assusta o mercado e a\u00e7\u00f5es caem mais de 7% na B3. Clique para saber mais.","og_url":"https:\/\/www.suno.com.br\/noticias\/b2w-prejuizo-acoes-baixa\/","og_site_name":"Suno Not\u00edcias","article_publisher":"https:\/\/facebook.com\/sunoresearch","og_image":[{"width":1200,"height":799,"url":"https:\/\/files.sunoresearch.com.br\/n\/uploads\/2019\/05\/c4389d11-b2w.jpg","type":"image\/jpeg"}],"author":"Amanda Gushiken","twitter_card":"summary_large_image","twitter_creator":"@sunoresearch","twitter_site":"@sunoresearch","twitter_misc":{"Escrito por":"Amanda Gushiken","Est. tempo de leitura":"2 minutos"},"schema":{"@context":"https:\/\/schema.org","@graph":[{"@type":"NewsArticle","@id":"https:\/\/www.suno.com.br\/noticias\/b2w-prejuizo-acoes-baixa\/#article","isPartOf":{"@id":"https:\/\/www.suno.com.br\/noticias\/b2w-prejuizo-acoes-baixa\/"},"author":{"name":"Amanda Gushiken","@id":"https:\/\/www.suno.com.br\/noticias\/#\/schema\/person\/a5b06fa4e879d8e8e119c6ed3cd630d1"},"headline":"B2W, dona da Americanas.com, tem preju\u00edzo e a\u00e7\u00f5es t\u00eam baixa de 6%","datePublished":"2019-05-10T17:16:19+00:00","dateModified":"2021-05-30T19:39:36+00:00","mainEntityOfPage":{"@id":"https:\/\/www.suno.com.br\/noticias\/b2w-prejuizo-acoes-baixa\/"},"wordCount":441,"publisher":{"@id":"https:\/\/www.suno.com.br\/noticias\/#organization"},"image":{"@id":"https:\/\/www.suno.com.br\/noticias\/b2w-prejuizo-acoes-baixa\/#primaryimage"},"thumbnailUrl":"https:\/\/files.sunoresearch.com.br\/n\/uploads\/2019\/05\/c4389d11-b2w-jpg.webp","keywords":["A\u00e7\u00f5es","B2W Digital (BTOW3)","balan\u00e7os trimestrais"],"articleSection":["Neg\u00f3cios"],"inLanguage":"pt-BR"},{"@type":"WebPage","@id":"https:\/\/www.suno.com.br\/noticias\/b2w-prejuizo-acoes-baixa\/","url":"https:\/\/www.suno.com.br\/noticias\/b2w-prejuizo-acoes-baixa\/","name":"B2W, dona da Americanas.com, tem preju\u00edzo e a\u00e7\u00f5es t\u00eam baixa de 7%","isPartOf":{"@id":"https:\/\/www.suno.com.br\/noticias\/#website"},"primaryImageOfPage":{"@id":"https:\/\/www.suno.com.br\/noticias\/b2w-prejuizo-acoes-baixa\/#primaryimage"},"image":{"@id":"https:\/\/www.suno.com.br\/noticias\/b2w-prejuizo-acoes-baixa\/#primaryimage"},"thumbnailUrl":"https:\/\/files.sunoresearch.com.br\/n\/uploads\/2019\/05\/c4389d11-b2w-jpg.webp","datePublished":"2019-05-10T17:16:19+00:00","dateModified":"2021-05-30T19:39:36+00:00","description":"Novo preju\u00edzo l\u00edquido da B2W, dona das Americanas.com, assusta o mercado e a\u00e7\u00f5es caem mais de 7% na B3. Clique para saber mais.","breadcrumb":{"@id":"https:\/\/www.suno.com.br\/noticias\/b2w-prejuizo-acoes-baixa\/#breadcrumb"},"inLanguage":"pt-BR","potentialAction":[{"@type":"ReadAction","target":["https:\/\/www.suno.com.br\/noticias\/b2w-prejuizo-acoes-baixa\/"]}]},{"@type":"ImageObject","inLanguage":"pt-BR","@id":"https:\/\/www.suno.com.br\/noticias\/b2w-prejuizo-acoes-baixa\/#primaryimage","url":"https:\/\/files.sunoresearch.com.br\/n\/uploads\/2019\/05\/c4389d11-b2w-jpg.webp","contentUrl":"https:\/\/files.sunoresearch.com.br\/n\/uploads\/2019\/05\/c4389d11-b2w-jpg.webp","width":1200,"height":799,"caption":"B2W come\u00e7a a testar o envio de produto por drone. (divulga\u00e7\u00e3o)"},{"@type":"BreadcrumbList","@id":"https:\/\/www.suno.com.br\/noticias\/b2w-prejuizo-acoes-baixa\/#breadcrumb","itemListElement":[{"@type":"ListItem","position":1,"name":"Not\u00edcias","item":"https:\/\/www.suno.com.br\/noticias\/"},{"@type":"ListItem","position":2,"name":"Neg\u00f3cios","item":"https:\/\/www.suno.com.br\/noticias\/negocios\/"},{"@type":"ListItem","position":3,"name":"B2W, dona da Americanas.com, tem preju\u00edzo e a\u00e7\u00f5es t\u00eam baixa de 6%"}]},{"@type":"WebSite","@id":"https:\/\/www.suno.com.br\/noticias\/#website","url":"https:\/\/www.suno.com.br\/noticias\/","name":"Suno Not\u00edcias","description":"Seu portal de informa\u00e7\u00e3o sobre o mundo dos investimentos","publisher":{"@id":"https:\/\/www.suno.com.br\/noticias\/#organization"},"potentialAction":[{"@type":"SearchAction","target":{"@type":"EntryPoint","urlTemplate":"https:\/\/www.suno.com.br\/noticias\/?s={search_term_string}"},"query-input":{"@type":"PropertyValueSpecification","valueRequired":true,"valueName":"search_term_string"}}],"inLanguage":"pt-BR"},{"@type":"Organization","@id":"https:\/\/www.suno.com.br\/noticias\/#organization","name":"Suno Not\u00edcias","url":"https:\/\/www.suno.com.br\/noticias\/","logo":{"@type":"ImageObject","inLanguage":"pt-BR","@id":"https:\/\/www.suno.com.br\/noticias\/#\/schema\/logo\/image\/","url":"https:\/\/files.sunoresearch.com.br\/n\/uploads\/2021\/09\/suno-logo.png","contentUrl":"https:\/\/files.sunoresearch.com.br\/n\/uploads\/2021\/09\/suno-logo.png","width":180,"height":180,"caption":"Suno Not\u00edcias"},"image":{"@id":"https:\/\/www.suno.com.br\/noticias\/#\/schema\/logo\/image\/"},"sameAs":["https:\/\/facebook.com\/sunoresearch","https:\/\/x.com\/sunoresearch","https:\/\/www.instagram.com\/suno","https:\/\/www.linkedin.com\/company\/suno-research\/","https:\/\/www.youtube.com\/c\/sunoresearch"]},{"@type":"Person","@id":"https:\/\/www.suno.com.br\/noticias\/#\/schema\/person\/a5b06fa4e879d8e8e119c6ed3cd630d1","name":"Amanda Gushiken","image":{"@type":"ImageObject","inLanguage":"pt-BR","@id":"https:\/\/www.suno.com.br\/noticias\/#\/schema\/person\/image\/","url":"https:\/\/secure.gravatar.com\/avatar\/ecd84705e6b65e3685ae80d725501fbe?s=96&r=g","contentUrl":"https:\/\/secure.gravatar.com\/avatar\/ecd84705e6b65e3685ae80d725501fbe?s=96&r=g","caption":"Amanda Gushiken"},"description":"Amanda Sayuri Gushiken escreve sobre finan\u00e7as e neg\u00f3cios para o portal Suno Not\u00edcias. Antes, trabalhou selecionando not\u00edcias da imprensa para clientes do mercado financeiro. Tamb\u00e9m desenvolveu pesquisa acad\u00eamica pela Universidade Anhembi Morumbi na \u00e1rea de Teorias da Comunica\u00e7\u00e3o e \u00e9 fot\u00f3grafa nas horas vagas.","url":"https:\/\/www.suno.com.br\/noticias\/author\/amanda\/"}]}},"default_loop_html":"<div class=\"cardsPage__listCard__boxs\"><div class=\"cardsPage__listCard__boxs__img\"><a href=\"https:\/\/www.suno.com.br\/noticias\/b2w-prejuizo-acoes-baixa\/\"><img class=\"mask\" src=\"https:\/\/www.suno.com.br\/noticias\/wp-content\/themes\/suno\/resources\/images\/spotlight\/spotlight1img\/bg-mask.png\" alt=\"Image Mask\"\/><img src=\"https:\/\/files.sunoresearch.com.br\/n\/uploads\/2019\/05\/c4389d11-b2w-400x200.webp\" alt=\"B2W, dona da Americanas.com, tem preju\u00edzo e a\u00e7\u00f5es t\u00eam baixa de 6%\"\/><\/a><span class=\"spotlightCategory\"><a href=\"https:\/\/www.suno.com.br\/noticias\/negocios\/\">Neg\u00f3cios<\/a><\/span><\/div><div class=\"cardsPage__listCard__boxs__content\"><a href=\"https:\/\/www.suno.com.br\/noticias\/b2w-prejuizo-acoes-baixa\/\"><h2 class=\"content__title\">B2W, dona da Americanas.com, tem preju\u00edzo e a\u00e7\u00f5es t\u00eam baixa de 6%<\/h2><\/a><div class=\"newsContent__article__meta\"><div class=\"newsContent__article__meta__authorBox\"><a href=\"https:\/\/www.suno.com.br\/noticias\/author\/amanda\/\" class=\"authorBox__avatar noMobi\"><img src=\"https:\/\/files.sunoresearch.com.br\/n\/uploads\/2018\/11\/c6ad30be-amanda-150x150.webp\" alt=\"Amanda Gushiken\"><\/a><div class=\"authorBox__name\"><span>por\n\t\t\t<a href=\"https:\/\/www.suno.com.br\/noticias\/author\/amanda\/\"><span itemprop=\"author\">Amanda Gushiken<\/span><\/a><\/span><time datetime=\"2019-05-10T14:16:19-03:00\" itemprop=\"datePublished\">10\/05\/2019 14:16<\/time><\/div><\/div><\/div><\/div><\/div>","single_layout":"posts","amp_enabled":true,"_links":{"self":[{"href":"https:\/\/www.suno.com.br\/noticias\/wp-json\/wp\/v2\/posts\/24134"}],"collection":[{"href":"https:\/\/www.suno.com.br\/noticias\/wp-json\/wp\/v2\/posts"}],"about":[{"href":"https:\/\/www.suno.com.br\/noticias\/wp-json\/wp\/v2\/types\/post"}],"author":[{"embeddable":true,"href":"https:\/\/www.suno.com.br\/noticias\/wp-json\/wp\/v2\/users\/12"}],"replies":[{"embeddable":true,"href":"https:\/\/www.suno.com.br\/noticias\/wp-json\/wp\/v2\/comments?post=24134"}],"version-history":[{"count":1,"href":"https:\/\/www.suno.com.br\/noticias\/wp-json\/wp\/v2\/posts\/24134\/revisions"}],"predecessor-version":[{"id":152363,"href":"https:\/\/www.suno.com.br\/noticias\/wp-json\/wp\/v2\/posts\/24134\/revisions\/152363"}],"wp:featuredmedia":[{"embeddable":true,"href":"https:\/\/www.suno.com.br\/noticias\/wp-json\/wp\/v2\/media\/24135"}],"wp:attachment":[{"href":"https:\/\/www.suno.com.br\/noticias\/wp-json\/wp\/v2\/media?parent=24134"}],"wp:term":[{"taxonomy":"category","embeddable":true,"href":"https:\/\/www.suno.com.br\/noticias\/wp-json\/wp\/v2\/categories?post=24134"},{"taxonomy":"post_tag","embeddable":true,"href":"https:\/\/www.suno.com.br\/noticias\/wp-json\/wp\/v2\/tags?post=24134"},{"taxonomy":"suno_strategy","embeddable":true,"href":"https:\/\/www.suno.com.br\/noticias\/wp-json\/wp\/v2\/suno_strategy?post=24134"}],"curies":[{"name":"wp","href":"https:\/\/api.w.org\/{rel}","templated":true}]}}