{"id":24114,"date":"2019-05-10T13:08:29","date_gmt":"2019-05-10T16:08:29","guid":{"rendered":"https:\/\/www.suno.com.br\/noticias\/?p=24114"},"modified":"2021-02-17T22:42:17","modified_gmt":"2021-02-18T01:42:17","slug":"stf-5-dias-bolsonaro-explicar-decreto-armas","status":"publish","type":"post","link":"https:\/\/www.suno.com.br\/noticias\/stf-5-dias-bolsonaro-explicar-decreto-armas\/","title":{"rendered":"STF d\u00e1 5 dias para Bolsonaro explicar decreto do porte de armas"},"content":{"rendered":"<p>A ministra <strong>Rosa Weber,<\/strong> do Supremo Tribunal Federal (STF), deu um prazo de cinco dias para Jair Bolsonaro apresentar explica\u00e7\u00f5es sobre o <strong>decreto de armas.<\/strong>\u00a0Isso porque a ministra \u00e9 relatora de uma a\u00e7\u00e3o protocolada pela Rede contra a resolu\u00e7\u00e3o do presidente.<\/p>\t<div class=\"wrapper-featured-image\">\n\t\t<figure class=\"spotlightImg\">\n\n\t\t\t<picture>\n\t\t\t\t<source media=\"(max-width: 768px)\" srcset=\"https:\/\/files.sunoresearch.com.br\/n\/uploads\/2019\/05\/5e28f681-bolsonaro-400x200.webp\">\n\t\t\t\t<img loading=\"lazy\" decoding=\"async\" class=\"newsContent__article__imgCapa lazyloadDisabled newsContent__article__imgCapa--noCaption\" src=\"https:\/\/files.sunoresearch.com.br\/n\/uploads\/2019\/05\/5e28f681-bolsonaro-800x450.webp\" width=\"800\" height=\"450\" alt=\"STF d\u00e1 5 dias para Bolsonaro explicar decreto do porte de armas\" fetchpriority=high \/>\n\t\t\t<\/picture>\n\n\t\t\t<figcaption class=\"wp-caption-text wp-caption-text--hide\">Membros do PSL, partido de Bolsonaro, querem mudan\u00e7as para aposentadoria de policiais. (divulga\u00e7\u00e3o)<\/figcaption>\n\t\t<\/figure>\n\t<\/div>\n\n\n<p>Al\u00e9m de <strong>Bolsonaro,<\/strong> Rosa Weber tamb\u00e9m pediu explica\u00e7\u00f5es ao:<\/p>\n<ul>\n<li>Minist\u00e9rio da Justi\u00e7a;<\/li>\n<li>Advocacia Geral da Uni\u00e3o (AGU);<\/li>\n<li>Procuradoria Geral da Uni\u00e3o (PGU);<\/li>\n<li>C\u00e2mara dos Deputados;<\/li>\n<li>Senado Federal.<\/li>\n<\/ul>\n<p>Com a a\u00e7\u00e3o, a <strong>Rede<\/strong> acusa o presidente de &#8220;abuso de poder&#8221;. Dessa forma, o argumento \u00e9 de que <strong>Bolsonaro<\/strong> teria alterado o <strong>Estatuto do Desarmamento<\/strong> atrav\u00e9s de um decreto. Contudo, s\u00f3 seria permitido alterar uma lei atrav\u00e9s de outra lei. O partido pede a suspens\u00e3o por liminar. A ministra ainda n\u00e3o deu ind\u00edcios de sua decis\u00e3o.<\/p>\n\t<p>\n\t\t<a href=\"https:\/\/lp.suno.com.br\/pv\/sr-premium\/trial-1-real\/\" target=\"_blank\" data-element=\"shortcode-suno-banner\" title=\"Banner SUNO, clique e saiba mais\">\n\t\t\t<picture>\n\t\t\t\t<source media=\"(max-width: 500px)\" srcset=\"https:\/\/files.sunoresearch.com.br\/n\/uploads\/2024\/04\/400x300-Banner-Home-2.png\">\n\t\t\t\t<img class=\"newsContent__article__imgCapa newsContent__article__imgCapa--banner\"\n\t\t\t\t\tsrc=\"https:\/\/files.sunoresearch.com.br\/n\/uploads\/2024\/04\/1420x240-Banner-Home-2.png\"\n\t\t\t\t\tdata-promo-id=\"541556\"\t\t\t\t\t\t\t\t\t\twidth='1420' height='240'\t\t\t\t\talt=\"https:\/\/files.sunoresearch.com.br\/n\/uploads\/2024\/04\/1420x240-Banner-Home-2.png\"\n\t\t\t\t>\n\t\t\t<\/picture>\n\t\t<\/a>\n\t<\/p>\n\n\n<h2>C\u00e2mara aponta ilegalidade<\/h2>\n<p>Contudo, antes mesmo do pedido de Rosa Weber, a C\u00e2mara e o Senado se posicionaram em rela\u00e7\u00e3o ao decreto de Bolsonaro.<\/p>\n<p><a href=\"https:\/\/www.suno.com.br\/noticias\/decreto-armas-camara-ampliacao-ilegal\/\">Saiba Mais: Decreto de armas: parecer da C\u00e2mara diz que amplia\u00e7\u00e3o do porte \u00e9 ilegal<\/a><\/p>\n<p>Assim, a Secretaria-geral da C\u00e2mara emitiu um parecer afirmando que o <strong>decreto de armas<\/strong> \u00e9 ilegal. De acordo com o \u00f3rg\u00e3o da Casa, a medida de <strong>Bolsonaro<\/strong> altera uma lei. Entretanto, a a\u00e7\u00e3o n\u00e3o poderia ser feita atrav\u00e9s de um decreto, apenas de uma nova lei.<\/p>\n<p>Segundo o estudo, a <strong>lei<\/strong> violada \u00e9 o <strong>Estatuto do Desarmamento.<\/strong> Al\u00e9m disso, o ponto em que ocorre a viola\u00e7\u00e3o \u00e9 a amplia\u00e7\u00e3o do <strong>porte de armas.<\/strong> Ao facilitar o porte para quase 20 categorias, o <strong>decreto de armas<\/strong> &#8220;atropela&#8221; o estatuto, diz o documento. O parecer ser\u00e1 usado para relat\u00f3rio final da C\u00e2mara dos Deputados sobre a constitucionalidade do decreto.<\/p>\n<p>&#8220;A lei \u00e9 clara no sentido de que deve haver a demonstra\u00e7\u00e3o efetiva da necessidade do <strong>porte,<\/strong> devendo cada caso concreto ser analisado pelo \u00f3rg\u00e3o competente&#8221;, estabelece o parecer. Al\u00e9m disso, o parecer tamb\u00e9m questiona a aus\u00eancia de um tempo e uma determina\u00e7\u00e3o territorial limites para o <strong>porte de armas.<\/strong><\/p>\n<p class=\"twitter-tweet\" data-lang=\"en\">\n<p dir=\"ltr\" lang=\"pt\"><a href=\"https:\/\/twitter.com\/hashtag\/Armas?src=hash&amp;ref_src=twsrc%5Etfw\">#Armas<\/a> | Presidente <a href=\"https:\/\/twitter.com\/RodrigoMaia?ref_src=twsrc%5Etfw\">@RodrigoMaia<\/a> diz que Plen\u00e1rio pode votar urg\u00eancia para projeto que facilita acesso a armas para moradores de \u00e1reas rurais. Paralelamente, assessoria analisa se decreto do governo que flexibiliza acesso a armas a categorias profissionais \u00e9 constitucional. <a href=\"https:\/\/t.co\/jg2jyqeuVb\">pic.twitter.com\/jg2jyqeuVb<\/a><\/p>\n<p>\u2014 TV C\u00e2mara (@tvcamara) <a href=\"https:\/\/twitter.com\/tvcamara\/status\/1126213381856399360?ref_src=twsrc%5Etfw\">May 8, 2019<\/a><\/p>\n<p><script async src=\"https:\/\/platform.twitter.com\/widgets.js\" charset=\"utf-8\"><\/script><\/p>\n<h2>Senado diz que Bolsonaro extrapolou<\/h2>\n<p>O <strong>Senado<\/strong> tamb\u00e9m se posicionou nesta sexta sobre o decreto de <strong>Bolsonaro.<\/strong>\u00a0Segundo o \u00f3rg\u00e3o do Legislativo, o presidente &#8220;extrapolou o poder regulamentar&#8221;. O ponto indicado pelos consultores \u00e9 o mesmo da C\u00e2mara, conflito com o Estatuto do Desarmamento.<\/p>\n<p><a href=\"https:\/\/www.suno.com.br\/noticias\/maia-decreto-armas-inconstitucionalidades\/\">Saiba Mais: Maia diz que decreto de porte de armas possui inconstitucionalidades<\/a><\/p>\n<p>As duas Casas concordam que a quest\u00e3o mais delicada da medida anunciada por <strong>Bolsonaro<\/strong> \u00e9 a amplia\u00e7\u00e3o do porte de armas.\u00a0&#8220;O Estatuto do Desarmamento exige um exame individualizado, pela Pol\u00edcia Federal, do pleiteante \u00e0 autoriza\u00e7\u00e3o de arma de fogo de uso permitido. Se n\u00e3o fosse assim, o decreto poderia contemplar qualquer pessoa, entidade ou categoria, presumindo, de forma absoluta, que ela necessitaria do porte de arma de fogo para o exerc\u00edcio da sua atividade profissional ou para a defesa da sua integridade f\u00edsica&#8221;, aponta a consultoria do <strong>Senado.<\/strong><\/p>\n","protected":false},"excerpt":{"rendered":"<p>A ministra Rosa Weber, do Supremo Tribunal Federal (STF), deu um prazo de cinco dias para Jair Bolsonaro apresentar explica\u00e7\u00f5es sobre o decreto de armas.\u00a0Isso porque a ministra \u00e9 relatora de uma a\u00e7\u00e3o protocolada pela Rede contra a resolu\u00e7\u00e3o do presidente. Membros do PSL, partido de Bolsonaro, querem mudan\u00e7as para aposentadoria de policiais. (divulga\u00e7\u00e3o) Al\u00e9m [&hellip;]<\/p>\n","protected":false},"author":16,"featured_media":24128,"comment_status":"closed","ping_status":"closed","sticky":false,"template":"","format":"standard","meta":[],"categories":[61],"tags":[981,938,719,1068,785],"suno_strategy":[],"class_list":["post-24114","post","type-post","status-publish","format-standard","has-post-thumbnail","hentry","category-politica","tag-armas","tag-camara-dos-deputados","tag-jair-bolsonaro","tag-senado-federal","tag-supremo-tribunal-federal-stf"],"yoast_head":"<!-- This site is optimized with the Yoast SEO plugin v24.4 - https:\/\/yoast.com\/wordpress\/plugins\/seo\/ -->\n<title>STF d\u00e1 5 dias para Bolsonaro explicar decreto do porte de armas<\/title>\n<meta name=\"description\" content=\"A medida do presidente Jair Bolsonaro j\u00e1 foi questionada tamb\u00e9m pela C\u00e2mara dos Deputados e pelo Senado Federal. Clique aqui e saiba mais.\" \/>\n<meta name=\"robots\" content=\"index, follow, max-snippet:-1, max-image-preview:large, max-video-preview:-1\" \/>\n<link rel=\"canonical\" href=\"https:\/\/www.suno.com.br\/noticias\/stf-5-dias-bolsonaro-explicar-decreto-armas\/\" \/>\n<meta property=\"og:locale\" content=\"pt_BR\" \/>\n<meta property=\"og:type\" content=\"article\" \/>\n<meta property=\"og:title\" content=\"STF d\u00e1 5 dias para Bolsonaro explicar decreto do porte de armas\" \/>\n<meta property=\"og:description\" content=\"A medida do presidente Jair Bolsonaro j\u00e1 foi questionada tamb\u00e9m pela C\u00e2mara dos Deputados e pelo Senado Federal. Clique aqui e saiba mais.\" \/>\n<meta property=\"og:url\" content=\"https:\/\/www.suno.com.br\/noticias\/stf-5-dias-bolsonaro-explicar-decreto-armas\/\" \/>\n<meta property=\"og:site_name\" content=\"Suno Not\u00edcias\" \/>\n<meta property=\"article:publisher\" content=\"https:\/\/facebook.com\/sunoresearch\" \/>\n<meta property=\"og:image\" content=\"https:\/\/files.sunoresearch.com.br\/n\/uploads\/2019\/05\/5e28f681-bolsonaro.jpg\" \/>\n\t<meta property=\"og:image:width\" content=\"1023\" \/>\n\t<meta property=\"og:image:height\" content=\"679\" \/>\n\t<meta property=\"og:image:type\" content=\"image\/jpeg\" \/>\n<meta name=\"author\" content=\"Beatriz Oliveira\" \/>\n<meta name=\"twitter:card\" content=\"summary_large_image\" \/>\n<meta name=\"twitter:creator\" content=\"@sunoresearch\" \/>\n<meta name=\"twitter:site\" content=\"@sunoresearch\" \/>\n<meta name=\"twitter:label1\" content=\"Escrito por\" \/>\n\t<meta name=\"twitter:data1\" content=\"Beatriz Oliveira\" \/>\n\t<meta name=\"twitter:label2\" content=\"Est. tempo de leitura\" \/>\n\t<meta name=\"twitter:data2\" content=\"3 minutos\" \/>\n<script type=\"application\/ld+json\" class=\"yoast-schema-graph\">{\"@context\":\"https:\/\/schema.org\",\"@graph\":[{\"@type\":\"NewsArticle\",\"@id\":\"https:\/\/www.suno.com.br\/noticias\/stf-5-dias-bolsonaro-explicar-decreto-armas\/#article\",\"isPartOf\":{\"@id\":\"https:\/\/www.suno.com.br\/noticias\/stf-5-dias-bolsonaro-explicar-decreto-armas\/\"},\"author\":{\"name\":\"Beatriz Oliveira\",\"@id\":\"https:\/\/www.suno.com.br\/noticias\/#\/schema\/person\/e67f665add014bf99f644028de070cc3\"},\"headline\":\"STF d\u00e1 5 dias para Bolsonaro explicar decreto do porte de armas\",\"datePublished\":\"2019-05-10T16:08:29+00:00\",\"dateModified\":\"2021-02-18T01:42:17+00:00\",\"mainEntityOfPage\":{\"@id\":\"https:\/\/www.suno.com.br\/noticias\/stf-5-dias-bolsonaro-explicar-decreto-armas\/\"},\"wordCount\":568,\"publisher\":{\"@id\":\"https:\/\/www.suno.com.br\/noticias\/#organization\"},\"image\":{\"@id\":\"https:\/\/www.suno.com.br\/noticias\/stf-5-dias-bolsonaro-explicar-decreto-armas\/#primaryimage\"},\"thumbnailUrl\":\"https:\/\/files.sunoresearch.com.br\/n\/uploads\/2019\/05\/5e28f681-bolsonaro-jpg.webp\",\"keywords\":[\"Armas\",\"C\u00e2mara dos Deputados\",\"Jair Bolsonaro\",\"Senado Federal\",\"Supremo Tribunal Federal (STF)\"],\"articleSection\":[\"Pol\u00edtica\"],\"inLanguage\":\"pt-BR\"},{\"@type\":\"WebPage\",\"@id\":\"https:\/\/www.suno.com.br\/noticias\/stf-5-dias-bolsonaro-explicar-decreto-armas\/\",\"url\":\"https:\/\/www.suno.com.br\/noticias\/stf-5-dias-bolsonaro-explicar-decreto-armas\/\",\"name\":\"STF d\u00e1 5 dias para Bolsonaro explicar decreto do porte de armas\",\"isPartOf\":{\"@id\":\"https:\/\/www.suno.com.br\/noticias\/#website\"},\"primaryImageOfPage\":{\"@id\":\"https:\/\/www.suno.com.br\/noticias\/stf-5-dias-bolsonaro-explicar-decreto-armas\/#primaryimage\"},\"image\":{\"@id\":\"https:\/\/www.suno.com.br\/noticias\/stf-5-dias-bolsonaro-explicar-decreto-armas\/#primaryimage\"},\"thumbnailUrl\":\"https:\/\/files.sunoresearch.com.br\/n\/uploads\/2019\/05\/5e28f681-bolsonaro-jpg.webp\",\"datePublished\":\"2019-05-10T16:08:29+00:00\",\"dateModified\":\"2021-02-18T01:42:17+00:00\",\"description\":\"A medida do presidente Jair Bolsonaro j\u00e1 foi questionada tamb\u00e9m pela C\u00e2mara dos Deputados e pelo Senado Federal. Clique aqui e saiba mais.\",\"breadcrumb\":{\"@id\":\"https:\/\/www.suno.com.br\/noticias\/stf-5-dias-bolsonaro-explicar-decreto-armas\/#breadcrumb\"},\"inLanguage\":\"pt-BR\",\"potentialAction\":[{\"@type\":\"ReadAction\",\"target\":[\"https:\/\/www.suno.com.br\/noticias\/stf-5-dias-bolsonaro-explicar-decreto-armas\/\"]}]},{\"@type\":\"ImageObject\",\"inLanguage\":\"pt-BR\",\"@id\":\"https:\/\/www.suno.com.br\/noticias\/stf-5-dias-bolsonaro-explicar-decreto-armas\/#primaryimage\",\"url\":\"https:\/\/files.sunoresearch.com.br\/n\/uploads\/2019\/05\/5e28f681-bolsonaro-jpg.webp\",\"contentUrl\":\"https:\/\/files.sunoresearch.com.br\/n\/uploads\/2019\/05\/5e28f681-bolsonaro-jpg.webp\",\"width\":1023,\"height\":679,\"caption\":\"Membros do PSL, partido de Bolsonaro, querem mudan\u00e7as para aposentadoria de policiais. (divulga\u00e7\u00e3o)\"},{\"@type\":\"BreadcrumbList\",\"@id\":\"https:\/\/www.suno.com.br\/noticias\/stf-5-dias-bolsonaro-explicar-decreto-armas\/#breadcrumb\",\"itemListElement\":[{\"@type\":\"ListItem\",\"position\":1,\"name\":\"Not\u00edcias\",\"item\":\"https:\/\/www.suno.com.br\/noticias\/\"},{\"@type\":\"ListItem\",\"position\":2,\"name\":\"Pol\u00edtica\",\"item\":\"https:\/\/www.suno.com.br\/noticias\/politica\/\"},{\"@type\":\"ListItem\",\"position\":3,\"name\":\"STF d\u00e1 5 dias para Bolsonaro explicar decreto do porte de armas\"}]},{\"@type\":\"WebSite\",\"@id\":\"https:\/\/www.suno.com.br\/noticias\/#website\",\"url\":\"https:\/\/www.suno.com.br\/noticias\/\",\"name\":\"Suno Not\u00edcias\",\"description\":\"Seu portal de informa\u00e7\u00e3o sobre o mundo dos investimentos\",\"publisher\":{\"@id\":\"https:\/\/www.suno.com.br\/noticias\/#organization\"},\"potentialAction\":[{\"@type\":\"SearchAction\",\"target\":{\"@type\":\"EntryPoint\",\"urlTemplate\":\"https:\/\/www.suno.com.br\/noticias\/?s={search_term_string}\"},\"query-input\":{\"@type\":\"PropertyValueSpecification\",\"valueRequired\":true,\"valueName\":\"search_term_string\"}}],\"inLanguage\":\"pt-BR\"},{\"@type\":\"Organization\",\"@id\":\"https:\/\/www.suno.com.br\/noticias\/#organization\",\"name\":\"Suno Not\u00edcias\",\"url\":\"https:\/\/www.suno.com.br\/noticias\/\",\"logo\":{\"@type\":\"ImageObject\",\"inLanguage\":\"pt-BR\",\"@id\":\"https:\/\/www.suno.com.br\/noticias\/#\/schema\/logo\/image\/\",\"url\":\"https:\/\/files.sunoresearch.com.br\/n\/uploads\/2021\/09\/suno-logo.png\",\"contentUrl\":\"https:\/\/files.sunoresearch.com.br\/n\/uploads\/2021\/09\/suno-logo.png\",\"width\":180,\"height\":180,\"caption\":\"Suno Not\u00edcias\"},\"image\":{\"@id\":\"https:\/\/www.suno.com.br\/noticias\/#\/schema\/logo\/image\/\"},\"sameAs\":[\"https:\/\/facebook.com\/sunoresearch\",\"https:\/\/x.com\/sunoresearch\",\"https:\/\/www.instagram.com\/suno\",\"https:\/\/www.linkedin.com\/company\/suno-research\/\",\"https:\/\/www.youtube.com\/c\/sunoresearch\"]},{\"@type\":\"Person\",\"@id\":\"https:\/\/www.suno.com.br\/noticias\/#\/schema\/person\/e67f665add014bf99f644028de070cc3\",\"name\":\"Beatriz Oliveira\",\"image\":{\"@type\":\"ImageObject\",\"inLanguage\":\"pt-BR\",\"@id\":\"https:\/\/www.suno.com.br\/noticias\/#\/schema\/person\/image\/\",\"url\":\"https:\/\/secure.gravatar.com\/avatar\/c9aa6a0aaecc598d257d5d5bd349157d?s=96&r=g\",\"contentUrl\":\"https:\/\/secure.gravatar.com\/avatar\/c9aa6a0aaecc598d257d5d5bd349157d?s=96&r=g\",\"caption\":\"Beatriz Oliveira\"},\"description\":\"Formada em Jornalismo pela Faculdade Paulus de Tecnologia e Comunica\u00e7\u00e3o, Beatriz Oliveira escreve para o portal de not\u00edcias Suno Research. Antes, passou pelas reda\u00e7\u00f5es da Revista EXAME e da Rede Bandeirantes.\",\"url\":\"https:\/\/www.suno.com.br\/noticias\/author\/beatriz\/\"}]}<\/script>\n<!-- \/ Yoast SEO plugin. -->","yoast_head_json":{"title":"STF d\u00e1 5 dias para Bolsonaro explicar decreto do porte de armas","description":"A medida do presidente Jair Bolsonaro j\u00e1 foi questionada tamb\u00e9m pela C\u00e2mara dos Deputados e pelo Senado Federal. Clique aqui e saiba mais.","robots":{"index":"index","follow":"follow","max-snippet":"max-snippet:-1","max-image-preview":"max-image-preview:large","max-video-preview":"max-video-preview:-1"},"canonical":"https:\/\/www.suno.com.br\/noticias\/stf-5-dias-bolsonaro-explicar-decreto-armas\/","og_locale":"pt_BR","og_type":"article","og_title":"STF d\u00e1 5 dias para Bolsonaro explicar decreto do porte de armas","og_description":"A medida do presidente Jair Bolsonaro j\u00e1 foi questionada tamb\u00e9m pela C\u00e2mara dos Deputados e pelo Senado Federal. Clique aqui e saiba mais.","og_url":"https:\/\/www.suno.com.br\/noticias\/stf-5-dias-bolsonaro-explicar-decreto-armas\/","og_site_name":"Suno Not\u00edcias","article_publisher":"https:\/\/facebook.com\/sunoresearch","og_image":[{"width":1023,"height":679,"url":"https:\/\/files.sunoresearch.com.br\/n\/uploads\/2019\/05\/5e28f681-bolsonaro.jpg","type":"image\/jpeg"}],"author":"Beatriz Oliveira","twitter_card":"summary_large_image","twitter_creator":"@sunoresearch","twitter_site":"@sunoresearch","twitter_misc":{"Escrito por":"Beatriz Oliveira","Est. tempo de leitura":"3 minutos"},"schema":{"@context":"https:\/\/schema.org","@graph":[{"@type":"NewsArticle","@id":"https:\/\/www.suno.com.br\/noticias\/stf-5-dias-bolsonaro-explicar-decreto-armas\/#article","isPartOf":{"@id":"https:\/\/www.suno.com.br\/noticias\/stf-5-dias-bolsonaro-explicar-decreto-armas\/"},"author":{"name":"Beatriz Oliveira","@id":"https:\/\/www.suno.com.br\/noticias\/#\/schema\/person\/e67f665add014bf99f644028de070cc3"},"headline":"STF d\u00e1 5 dias para Bolsonaro explicar decreto do porte de armas","datePublished":"2019-05-10T16:08:29+00:00","dateModified":"2021-02-18T01:42:17+00:00","mainEntityOfPage":{"@id":"https:\/\/www.suno.com.br\/noticias\/stf-5-dias-bolsonaro-explicar-decreto-armas\/"},"wordCount":568,"publisher":{"@id":"https:\/\/www.suno.com.br\/noticias\/#organization"},"image":{"@id":"https:\/\/www.suno.com.br\/noticias\/stf-5-dias-bolsonaro-explicar-decreto-armas\/#primaryimage"},"thumbnailUrl":"https:\/\/files.sunoresearch.com.br\/n\/uploads\/2019\/05\/5e28f681-bolsonaro-jpg.webp","keywords":["Armas","C\u00e2mara dos Deputados","Jair Bolsonaro","Senado Federal","Supremo Tribunal Federal (STF)"],"articleSection":["Pol\u00edtica"],"inLanguage":"pt-BR"},{"@type":"WebPage","@id":"https:\/\/www.suno.com.br\/noticias\/stf-5-dias-bolsonaro-explicar-decreto-armas\/","url":"https:\/\/www.suno.com.br\/noticias\/stf-5-dias-bolsonaro-explicar-decreto-armas\/","name":"STF d\u00e1 5 dias para Bolsonaro explicar decreto do porte de armas","isPartOf":{"@id":"https:\/\/www.suno.com.br\/noticias\/#website"},"primaryImageOfPage":{"@id":"https:\/\/www.suno.com.br\/noticias\/stf-5-dias-bolsonaro-explicar-decreto-armas\/#primaryimage"},"image":{"@id":"https:\/\/www.suno.com.br\/noticias\/stf-5-dias-bolsonaro-explicar-decreto-armas\/#primaryimage"},"thumbnailUrl":"https:\/\/files.sunoresearch.com.br\/n\/uploads\/2019\/05\/5e28f681-bolsonaro-jpg.webp","datePublished":"2019-05-10T16:08:29+00:00","dateModified":"2021-02-18T01:42:17+00:00","description":"A medida do presidente Jair Bolsonaro j\u00e1 foi questionada tamb\u00e9m pela C\u00e2mara dos Deputados e pelo Senado Federal. Clique aqui e saiba mais.","breadcrumb":{"@id":"https:\/\/www.suno.com.br\/noticias\/stf-5-dias-bolsonaro-explicar-decreto-armas\/#breadcrumb"},"inLanguage":"pt-BR","potentialAction":[{"@type":"ReadAction","target":["https:\/\/www.suno.com.br\/noticias\/stf-5-dias-bolsonaro-explicar-decreto-armas\/"]}]},{"@type":"ImageObject","inLanguage":"pt-BR","@id":"https:\/\/www.suno.com.br\/noticias\/stf-5-dias-bolsonaro-explicar-decreto-armas\/#primaryimage","url":"https:\/\/files.sunoresearch.com.br\/n\/uploads\/2019\/05\/5e28f681-bolsonaro-jpg.webp","contentUrl":"https:\/\/files.sunoresearch.com.br\/n\/uploads\/2019\/05\/5e28f681-bolsonaro-jpg.webp","width":1023,"height":679,"caption":"Membros do PSL, partido de Bolsonaro, querem mudan\u00e7as para aposentadoria de policiais. (divulga\u00e7\u00e3o)"},{"@type":"BreadcrumbList","@id":"https:\/\/www.suno.com.br\/noticias\/stf-5-dias-bolsonaro-explicar-decreto-armas\/#breadcrumb","itemListElement":[{"@type":"ListItem","position":1,"name":"Not\u00edcias","item":"https:\/\/www.suno.com.br\/noticias\/"},{"@type":"ListItem","position":2,"name":"Pol\u00edtica","item":"https:\/\/www.suno.com.br\/noticias\/politica\/"},{"@type":"ListItem","position":3,"name":"STF d\u00e1 5 dias para Bolsonaro explicar decreto do porte de armas"}]},{"@type":"WebSite","@id":"https:\/\/www.suno.com.br\/noticias\/#website","url":"https:\/\/www.suno.com.br\/noticias\/","name":"Suno Not\u00edcias","description":"Seu portal de informa\u00e7\u00e3o sobre o mundo dos investimentos","publisher":{"@id":"https:\/\/www.suno.com.br\/noticias\/#organization"},"potentialAction":[{"@type":"SearchAction","target":{"@type":"EntryPoint","urlTemplate":"https:\/\/www.suno.com.br\/noticias\/?s={search_term_string}"},"query-input":{"@type":"PropertyValueSpecification","valueRequired":true,"valueName":"search_term_string"}}],"inLanguage":"pt-BR"},{"@type":"Organization","@id":"https:\/\/www.suno.com.br\/noticias\/#organization","name":"Suno Not\u00edcias","url":"https:\/\/www.suno.com.br\/noticias\/","logo":{"@type":"ImageObject","inLanguage":"pt-BR","@id":"https:\/\/www.suno.com.br\/noticias\/#\/schema\/logo\/image\/","url":"https:\/\/files.sunoresearch.com.br\/n\/uploads\/2021\/09\/suno-logo.png","contentUrl":"https:\/\/files.sunoresearch.com.br\/n\/uploads\/2021\/09\/suno-logo.png","width":180,"height":180,"caption":"Suno Not\u00edcias"},"image":{"@id":"https:\/\/www.suno.com.br\/noticias\/#\/schema\/logo\/image\/"},"sameAs":["https:\/\/facebook.com\/sunoresearch","https:\/\/x.com\/sunoresearch","https:\/\/www.instagram.com\/suno","https:\/\/www.linkedin.com\/company\/suno-research\/","https:\/\/www.youtube.com\/c\/sunoresearch"]},{"@type":"Person","@id":"https:\/\/www.suno.com.br\/noticias\/#\/schema\/person\/e67f665add014bf99f644028de070cc3","name":"Beatriz Oliveira","image":{"@type":"ImageObject","inLanguage":"pt-BR","@id":"https:\/\/www.suno.com.br\/noticias\/#\/schema\/person\/image\/","url":"https:\/\/secure.gravatar.com\/avatar\/c9aa6a0aaecc598d257d5d5bd349157d?s=96&r=g","contentUrl":"https:\/\/secure.gravatar.com\/avatar\/c9aa6a0aaecc598d257d5d5bd349157d?s=96&r=g","caption":"Beatriz Oliveira"},"description":"Formada em Jornalismo pela Faculdade Paulus de Tecnologia e Comunica\u00e7\u00e3o, Beatriz Oliveira escreve para o portal de not\u00edcias Suno Research. Antes, passou pelas reda\u00e7\u00f5es da Revista EXAME e da Rede Bandeirantes.","url":"https:\/\/www.suno.com.br\/noticias\/author\/beatriz\/"}]}},"default_loop_html":"<div class=\"cardsPage__listCard__boxs\"><div class=\"cardsPage__listCard__boxs__img\"><a href=\"https:\/\/www.suno.com.br\/noticias\/stf-5-dias-bolsonaro-explicar-decreto-armas\/\"><img class=\"mask\" src=\"https:\/\/www.suno.com.br\/noticias\/wp-content\/themes\/suno\/resources\/images\/spotlight\/spotlight1img\/bg-mask.png\" alt=\"Image Mask\"\/><img src=\"https:\/\/files.sunoresearch.com.br\/n\/uploads\/2019\/05\/5e28f681-bolsonaro-400x200.webp\" alt=\"STF d\u00e1 5 dias para Bolsonaro explicar decreto do porte de armas\"\/><\/a><span class=\"spotlightCategory\"><a href=\"https:\/\/www.suno.com.br\/noticias\/politica\/\">Pol\u00edtica<\/a><\/span><\/div><div class=\"cardsPage__listCard__boxs__content\"><a href=\"https:\/\/www.suno.com.br\/noticias\/stf-5-dias-bolsonaro-explicar-decreto-armas\/\"><h2 class=\"content__title\">STF d\u00e1 5 dias para Bolsonaro explicar decreto do porte de armas<\/h2><\/a><div class=\"newsContent__article__meta\"><div class=\"newsContent__article__meta__authorBox\"><a href=\"https:\/\/www.suno.com.br\/noticias\/author\/beatriz\/\" class=\"authorBox__avatar noMobi\"><img src=\"https:\/\/secure.gravatar.com\/avatar\/c9aa6a0aaecc598d257d5d5bd349157d?s=96&#038;r=g\" alt=\"Beatriz Oliveira\"><\/a><div class=\"authorBox__name\"><span>por\n\t\t\t<a href=\"https:\/\/www.suno.com.br\/noticias\/author\/beatriz\/\"><span itemprop=\"author\">Beatriz Oliveira<\/span><\/a><\/span><time datetime=\"2019-05-10T13:08:29-03:00\" itemprop=\"datePublished\">10\/05\/2019 13:08<\/time><\/div><\/div><\/div><\/div><\/div>","single_layout":"posts","amp_enabled":true,"_links":{"self":[{"href":"https:\/\/www.suno.com.br\/noticias\/wp-json\/wp\/v2\/posts\/24114"}],"collection":[{"href":"https:\/\/www.suno.com.br\/noticias\/wp-json\/wp\/v2\/posts"}],"about":[{"href":"https:\/\/www.suno.com.br\/noticias\/wp-json\/wp\/v2\/types\/post"}],"author":[{"embeddable":true,"href":"https:\/\/www.suno.com.br\/noticias\/wp-json\/wp\/v2\/users\/16"}],"replies":[{"embeddable":true,"href":"https:\/\/www.suno.com.br\/noticias\/wp-json\/wp\/v2\/comments?post=24114"}],"version-history":[{"count":0,"href":"https:\/\/www.suno.com.br\/noticias\/wp-json\/wp\/v2\/posts\/24114\/revisions"}],"wp:featuredmedia":[{"embeddable":true,"href":"https:\/\/www.suno.com.br\/noticias\/wp-json\/wp\/v2\/media\/24128"}],"wp:attachment":[{"href":"https:\/\/www.suno.com.br\/noticias\/wp-json\/wp\/v2\/media?parent=24114"}],"wp:term":[{"taxonomy":"category","embeddable":true,"href":"https:\/\/www.suno.com.br\/noticias\/wp-json\/wp\/v2\/categories?post=24114"},{"taxonomy":"post_tag","embeddable":true,"href":"https:\/\/www.suno.com.br\/noticias\/wp-json\/wp\/v2\/tags?post=24114"},{"taxonomy":"suno_strategy","embeddable":true,"href":"https:\/\/www.suno.com.br\/noticias\/wp-json\/wp\/v2\/suno_strategy?post=24114"}],"curies":[{"name":"wp","href":"https:\/\/api.w.org\/{rel}","templated":true}]}}