{"id":241021,"date":"2022-03-14T11:11:47","date_gmt":"2022-03-14T14:11:47","guid":{"rendered":"https:\/\/www.suno.com.br\/noticias\/?p=241021"},"modified":"2022-03-14T11:11:47","modified_gmt":"2022-03-14T14:11:47","slug":"instagram-proibido-russia-meta-fbok34-censura-ucrania","status":"publish","type":"post","link":"https:\/\/www.suno.com.br\/noticias\/instagram-proibido-russia-meta-fbok34-censura-ucrania\/","title":{"rendered":"Instagram \u00e9 proibido na R\u00fassia ap\u00f3s Meta (FBOK34) negar censura a protestos"},"content":{"rendered":"<p>O regulador estatal de m\u00eddia da R\u00fassia, Roskomnadzor, proibiu oficialmente a rede social <strong>Instagram<\/strong> de operar no pa\u00eds. A decis\u00e3o acontece ap\u00f3s uma batalha jur\u00eddica entre <a href=\"https:\/\/www.suno.com.br\/noticias\/bc-russia-fechamento-bolsa-moscou\/\">Moscou<\/a> e a <a href=\"https:\/\/www.suno.com.br\/bdrs\/fbok34\/\">Meta Platforms (FBOK34)<\/a>, holding dona do Facebook, em meio \u00e0s tens\u00f5es no leste europeu e san\u00e7\u00f5es, de empresas do Ocidente \u00e0 R\u00fassia, em resposta \u00e0 ocupa\u00e7\u00e3o da Ucr\u00e2nia.<\/p>\t<div class=\"wrapper-featured-image\">\n\t\t<figure class=\"spotlightImg\">\n\n\t\t\t<picture>\n\t\t\t\t<source media=\"(max-width: 768px)\" srcset=\"https:\/\/files.sunoresearch.com.br\/n\/uploads\/2022\/03\/pexels-pixabay-248533-400x200.jpg\">\n\t\t\t\t<img loading=\"lazy\" decoding=\"async\" class=\"newsContent__article__imgCapa lazyloadDisabled \" src=\"https:\/\/files.sunoresearch.com.br\/n\/uploads\/2022\/03\/pexels-pixabay-248533-800x450.jpg\" width=\"800\" height=\"450\" alt=\"Instagram \u00e9 proibido na R\u00fassia ap\u00f3s Meta (FBOK34) negar censura a protestos\" fetchpriority=high \/>\n\t\t\t<\/picture>\n\n\t\t\t<figcaption class=\"wp-caption-text wp-caption-text--show\">Facebook. Foto: Pexels.<\/figcaption>\n\t\t<\/figure>\n\t<\/div>\n\n\n\t<p>\n\t\t<a href=\"\" target=\"_blank\" data-element=\"shortcode-suno-banner\" title=\"Banner SUNO, clique e saiba mais\">\n\t\t\t<picture>\n\t\t\t\t<source media=\"(max-width: 500px)\" srcset=\"\">\n\t\t\t\t<img class=\"newsContent__article__imgCapa newsContent__article__imgCapa--banner\"\n\t\t\t\t\tsrc=\"\"\n\t\t\t\t\tdata-promo-id=\"240038\"\t\t\t\t\t\t\t\t\t\t\t\t\t\t\talt=\"\"\n\t\t\t\t>\n\t\t\t<\/picture>\n\t\t<\/a>\n\t<\/p>\n\n\n<p>Na semana passada, <a href=\"https:\/\/www.suno.com.br\/artigos\/o-que-e-uma-holding\/\">a holding que controla<\/a> o Instagram afirmou que seus usu\u00e1rios poderiam publicar, sem embargos ou restri\u00e7\u00f5es, frases de apoio ao pa\u00eds de Volodimir Zelensky como &#8220;Morte aos invasores russos&#8221;.<\/p>\n<p>A partir da meia noite deste domingo (13), os usu\u00e1rios do Instagram na R\u00fassia j\u00e1 n\u00e3o poderiam mais acessar a <strong>rede social<\/strong> no pa\u00eds.<\/p>\n<p>Em comunicado disparado por e-mail, o regulador de comunica\u00e7\u00f5es da <strong>R\u00fassia<\/strong> disse aos cidad\u00e3os russos para mover suas fotos e v\u00eddeos do Instagram antes que o aplicativo fosse fechado. O \u00f3rg\u00e3o tamb\u00e9m os encorajou a migrarem para &#8220;plataformas de internet competitivas&#8221; pr\u00f3prias da R\u00fassia.<\/p>\n<p>Por sua vez, a Meta, holding que tamb\u00e9m \u00e9 dona do <strong>Facebook<\/strong>, disse na sexta (11) que a mudan\u00e7a tempor\u00e1ria em sua pol\u00edtica de discurso de \u00f3dio se aplica apenas \u00e0 Ucr\u00e2nia, <a href=\"https:\/\/www.suno.com.br\/noticias\/russia-controle-de-multinacionais\/\">ap\u00f3s a invas\u00e3o da R\u00fassia em 24 de fevereiro<\/a>.<\/p>\n<p>Segundo o comunicado da companhia americana, seria errado impedir que os ucranianos &#8220;expressassem sua resist\u00eancia e f\u00faria contra as for\u00e7as militares invasoras&#8221;.<\/p>\n\t<p>\n\t\t<a href=\"https:\/\/lp.suno.com.br\/planilha-controle-gastos\/\" target=\"_blank\" data-element=\"shortcode-suno-banner\" title=\"Banner SUNO, clique e saiba mais\">\n\t\t\t<picture>\n\t\t\t\t<source media=\"(max-width: 500px)\" srcset=\"https:\/\/files.sunoresearch.com.br\/n\/uploads\/2023\/03\/400x300-Planilha-controle-de-gastos.png\">\n\t\t\t\t<img class=\"newsContent__article__imgCapa newsContent__article__imgCapa--banner\"\n\t\t\t\t\tsrc=\"https:\/\/files.sunoresearch.com.br\/n\/uploads\/2023\/03\/1420x240-Planilha-controle-de-gastos.png\"\n\t\t\t\t\tdata-promo-id=\"101751\"\t\t\t\t\t\t\t\t\t\twidth='1420' height='240'\t\t\t\t\talt=\"https:\/\/files.sunoresearch.com.br\/n\/uploads\/2023\/03\/1420x240-Planilha-controle-de-gastos.png\"\n\t\t\t\t>\n\t\t\t<\/picture>\n\t\t<\/a>\n\t<\/p>\n\n\n<p>A decis\u00e3o foi recebida com indigna\u00e7\u00e3o pelas autoridades R\u00fassia, que deram in\u00edcio a investiga\u00e7\u00f5es contra a empresa. Atualmente, promotores pedem aos tribunais que classifiquem a <a class=\"suno-keyword\" href=\"https:\/\/www.suno.com.br\/artigos\/big-tech\/\" target=\"_blank\" rel=\"noopener\" data-force=\"no\" data-priority=\"1\">big tech<\/a> como uma &#8220;organiza\u00e7\u00e3o extremista&#8221;.<\/p>\n<p>Segundo informa\u00e7\u00f5es oficiais da rede social, cerca de 80 milh\u00f5es de usu\u00e1rios ser\u00e3o afetados com o <strong>bloqueio do Instagram na R\u00fassia<\/strong>.<\/p>\n<p>A R\u00fassia j\u00e1 baniu o Facebook no pa\u00eds em resposta ao que disse serem restri\u00e7\u00f5es de acesso \u00e0 m\u00eddia russa na plataforma. Durante a primeira semana de hostilidades, o Facebook restringiu o alcance de empresas de comunica\u00e7\u00e3o que contam com financiamento do governo russo, como a RT e Sputnik.<\/p>\n<p>Os russos usam muito mais o Instagram do que o Facebook, que \u00e9 atualmente a rede social com mais usu\u00e1rios no mundo, segundo dados da consultoria eMarketer publicados pela AFP (Agence France-Presse).<\/p>\n<p>S\u00e3o 7,5 milh\u00f5es contas russas no Facebook, o equivalente a 7,3% dos internautas, contra 51 milh\u00f5es no Instagram. O \u00faltimo comunicado na Meta, contudo se baseou nos dados de 80 milh\u00f5es de usu\u00e1rios, apesar de a rede n\u00e3o divulgar dados de contas por pa\u00eds.<\/p>\n\t<p>\n\t\t<a href=\"\" target=\"_blank\" data-element=\"shortcode-suno-banner\" title=\"Banner SUNO, clique e saiba mais\">\n\t\t\t<picture>\n\t\t\t\t<source media=\"(max-width: 500px)\" srcset=\"\">\n\t\t\t\t<img class=\"newsContent__article__imgCapa newsContent__article__imgCapa--banner\"\n\t\t\t\t\tsrc=\"\"\n\t\t\t\t\tdata-promo-id=\"77030\"\t\t\t\t\t\t\t\t\t\t\t\t\t\t\talt=\"\"\n\t\t\t\t>\n\t\t\t<\/picture>\n\t\t<\/a>\n\t<\/p>\n\n\n<p>Com o movimento, a avalia\u00e7\u00e3o \u00e9 de que a Meta Platforms tem mais a <a href=\"https:\/\/www.suno.com.br\/artigos\/o-que-receita-bruta\/\">perder com o bloqueio<\/a>, dado o tamanho da audi\u00eancia que pode visualizar a publicidade no app.<\/p>\n<p>Atualmente a R\u00fassia <a href=\"https:\/\/www.suno.com.br\/artigos\/market-share\/\">\u00e9 quinto maior mercado<\/a> para o Instagram \u2013 atr\u00e1s apenas de Estados Unidos, \u00cdndia, Brasil e Indon\u00e9sia, respectivamente. Os dados s\u00e3o de um relat\u00f3rio da ag\u00eancia We Are Social, em parceria com a plataforma Hootsuite.<\/p>\n<p>A restri\u00e7\u00e3o ao Instagram se seguir\u00e1 \u00e0 do Facebook, que, assim como o Twitter, tem seu acesso restrito na R\u00fassia desde o dia 4 de mar\u00e7o.<\/p>\n<h2>Depois do Instagram, R\u00fassia quer banir o WhatsApp<\/h2>\n<p>O imbr\u00f3glio todo come\u00e7ou depois que as tropas russas entraram na <strong>Ucr\u00e2nia<\/strong> no m\u00eas passado, levando a Meta a bloquear alguns meios de comunica\u00e7\u00e3o afiliados ao Kremlin.<\/p>\n\t<p>\n\t\t<a href=\"\" target=\"_blank\" data-element=\"shortcode-suno-banner\" title=\"Banner SUNO, clique e saiba mais\">\n\t\t\t<picture>\n\t\t\t\t<source media=\"(max-width: 500px)\" srcset=\"\">\n\t\t\t\t<img class=\"newsContent__article__imgCapa newsContent__article__imgCapa--banner\"\n\t\t\t\t\tsrc=\"\"\n\t\t\t\t\tdata-promo-id=\"92668\"\t\t\t\t\t\t\t\t\t\t\t\t\t\t\talt=\"\"\n\t\t\t\t>\n\t\t\t<\/picture>\n\t\t<\/a>\n\t<\/p>\n\n\n<p>A proibi\u00e7\u00e3o faz parte de uma repress\u00e3o mais ampla de Moscou contra pessoas que expressam oposi\u00e7\u00e3o \u00e0 guerra, que o governo russo chama de &#8220;opera\u00e7\u00e3o militar especial&#8221;.<\/p>\n<p>Atualmente as for\u00e7as de seguran\u00e7a est\u00e3o patrulhando algumas das maiores cidades da R\u00fassia, detendo pessoas que tentam organizar protestos contra a invas\u00e3o.<\/p>\n<p>A R\u00fassia disse que n\u00e3o planeja banir a ferramenta de mensagens WhatsApp, que assim como o <strong>Instagram<\/strong>, fica sob o guarda-chuva da holding de <a href=\"https:\/\/www.suno.com.br\/tudo-sobre\/mark-zuckerberg\/\">Mark Zuckerberg<\/a>.<\/p>\n\t<p>\n\t\t<a href=\"https:\/\/lp.suno.com.br\/planilha-de-controle-de-investimentos\/\" target=\"_blank\" data-element=\"shortcode-suno-banner\" title=\"Banner SUNO, clique e saiba mais\">\n\t\t\t<picture>\n\t\t\t\t<source media=\"(max-width: 500px)\" srcset=\"https:\/\/files.sunoresearch.com.br\/n\/uploads\/2023\/03\/400x300-Controle-de-Investimentos.png\">\n\t\t\t\t<img class=\"newsContent__article__imgCapa newsContent__article__imgCapa--banner\"\n\t\t\t\t\tsrc=\"https:\/\/files.sunoresearch.com.br\/n\/uploads\/2023\/03\/1420x240-Controle-de-Investimentos.png\"\n\t\t\t\t\tdata-promo-id=\"75934\"\t\t\t\t\t\t\t\t\t\twidth='1420' height='240'\t\t\t\t\talt=\"https:\/\/files.sunoresearch.com.br\/n\/uploads\/2023\/03\/1420x240-Controle-de-Investimentos.png\"\n\t\t\t\t>\n\t\t\t<\/picture>\n\t\t<\/a>\n\t<\/p>\n\n\n","protected":false},"excerpt":{"rendered":"<p>O regulador estatal de m\u00eddia da R\u00fassia, Roskomnadzor, proibiu oficialmente a rede social Instagram de operar no pa\u00eds. A decis\u00e3o acontece ap\u00f3s uma batalha jur\u00eddica entre Moscou e a Meta Platforms (FBOK34), holding dona do Facebook, em meio \u00e0s tens\u00f5es no leste europeu e san\u00e7\u00f5es, de empresas do Ocidente \u00e0 R\u00fassia, em resposta \u00e0 ocupa\u00e7\u00e3o [&hellip;]<\/p>\n","protected":false},"author":73,"featured_media":241092,"comment_status":"closed","ping_status":"closed","sticky":false,"template":"","format":"standard","meta":[],"categories":[63],"tags":[104519,106329,733,980,34154,1239,866,895],"suno_strategy":[],"class_list":["post-241021","post","type-post","status-publish","format-standard","has-post-thumbnail","hentry","category-internacional","tag-big-techs","tag-faang","tag-facebook-fbok34","tag-guerra-comercial","tag-instagram","tag-mark-zuckerberg","tag-russia","tag-whatsapp"],"yoast_head":"<!-- This site is optimized with the Yoast SEO plugin v24.4 - https:\/\/yoast.com\/wordpress\/plugins\/seo\/ -->\n<title>Instagram \u00e9 vetado na R\u00fassia ap\u00f3s Meta (FBOK34) negar censura<\/title>\n<meta name=\"description\" content=\"Ap\u00f3s o Instagram permitir publica\u00e7\u00e3o de posts contra as tropas da R\u00fassia, autoridades decidiram pela proibi\u00e7\u00e3o do app. Clique e leia mais.\" \/>\n<meta name=\"robots\" content=\"index, follow, max-snippet:-1, max-image-preview:large, max-video-preview:-1\" \/>\n<link rel=\"canonical\" href=\"https:\/\/www.suno.com.br\/noticias\/instagram-proibido-russia-meta-fbok34-censura-ucrania\/\" \/>\n<meta property=\"og:locale\" content=\"pt_BR\" \/>\n<meta property=\"og:type\" content=\"article\" \/>\n<meta property=\"og:title\" content=\"Instagram \u00e9 vetado na R\u00fassia ap\u00f3s Meta (FBOK34) negar censura\" \/>\n<meta property=\"og:description\" content=\"Ap\u00f3s o Instagram permitir publica\u00e7\u00e3o de posts contra as tropas da R\u00fassia, autoridades decidiram pela proibi\u00e7\u00e3o do app. Clique e leia mais.\" \/>\n<meta property=\"og:url\" content=\"https:\/\/www.suno.com.br\/noticias\/instagram-proibido-russia-meta-fbok34-censura-ucrania\/\" \/>\n<meta property=\"og:site_name\" content=\"Suno Not\u00edcias\" \/>\n<meta property=\"article:publisher\" content=\"https:\/\/facebook.com\/sunoresearch\" \/>\n<meta property=\"og:image\" content=\"https:\/\/files.sunoresearch.com.br\/n\/uploads\/2022\/03\/pexels-pixabay-248533-scaled.jpg\" \/>\n\t<meta property=\"og:image:width\" content=\"2560\" \/>\n\t<meta property=\"og:image:height\" content=\"1707\" \/>\n\t<meta property=\"og:image:type\" content=\"image\/jpeg\" \/>\n<meta name=\"author\" content=\"Eduardo Vargas\" \/>\n<meta name=\"twitter:card\" content=\"summary_large_image\" \/>\n<meta name=\"twitter:creator\" content=\"@sunoresearch\" \/>\n<meta name=\"twitter:site\" content=\"@sunoresearch\" \/>\n<meta name=\"twitter:label1\" content=\"Escrito por\" \/>\n\t<meta name=\"twitter:data1\" content=\"Eduardo Vargas\" \/>\n\t<meta name=\"twitter:label2\" content=\"Est. tempo de leitura\" \/>\n\t<meta name=\"twitter:data2\" content=\"3 minutos\" \/>\n<script type=\"application\/ld+json\" class=\"yoast-schema-graph\">{\"@context\":\"https:\/\/schema.org\",\"@graph\":[{\"@type\":\"NewsArticle\",\"@id\":\"https:\/\/www.suno.com.br\/noticias\/instagram-proibido-russia-meta-fbok34-censura-ucrania\/#article\",\"isPartOf\":{\"@id\":\"https:\/\/www.suno.com.br\/noticias\/instagram-proibido-russia-meta-fbok34-censura-ucrania\/\"},\"author\":{\"name\":\"Eduardo Vargas\",\"@id\":\"https:\/\/www.suno.com.br\/noticias\/#\/schema\/person\/7f4d362bf3518e76090143ae77bb49a5\"},\"headline\":\"Instagram \u00e9 proibido na R\u00fassia ap\u00f3s Meta (FBOK34) negar censura a protestos\",\"datePublished\":\"2022-03-14T14:11:47+00:00\",\"mainEntityOfPage\":{\"@id\":\"https:\/\/www.suno.com.br\/noticias\/instagram-proibido-russia-meta-fbok34-censura-ucrania\/\"},\"wordCount\":698,\"publisher\":{\"@id\":\"https:\/\/www.suno.com.br\/noticias\/#organization\"},\"image\":{\"@id\":\"https:\/\/www.suno.com.br\/noticias\/instagram-proibido-russia-meta-fbok34-censura-ucrania\/#primaryimage\"},\"thumbnailUrl\":\"https:\/\/files.sunoresearch.com.br\/n\/uploads\/2022\/03\/pexels-pixabay-248533-scaled.jpg\",\"keywords\":[\"big techs\",\"FAANG\",\"Facebook (FBOK34)\",\"guerra comercial\",\"Instagram\",\"Mark Zuckerberg\",\"R\u00fassia\",\"WhatsApp\"],\"articleSection\":[\"Internacional\"],\"inLanguage\":\"pt-BR\"},{\"@type\":\"WebPage\",\"@id\":\"https:\/\/www.suno.com.br\/noticias\/instagram-proibido-russia-meta-fbok34-censura-ucrania\/\",\"url\":\"https:\/\/www.suno.com.br\/noticias\/instagram-proibido-russia-meta-fbok34-censura-ucrania\/\",\"name\":\"Instagram \u00e9 vetado na R\u00fassia ap\u00f3s Meta (FBOK34) negar censura\",\"isPartOf\":{\"@id\":\"https:\/\/www.suno.com.br\/noticias\/#website\"},\"primaryImageOfPage\":{\"@id\":\"https:\/\/www.suno.com.br\/noticias\/instagram-proibido-russia-meta-fbok34-censura-ucrania\/#primaryimage\"},\"image\":{\"@id\":\"https:\/\/www.suno.com.br\/noticias\/instagram-proibido-russia-meta-fbok34-censura-ucrania\/#primaryimage\"},\"thumbnailUrl\":\"https:\/\/files.sunoresearch.com.br\/n\/uploads\/2022\/03\/pexels-pixabay-248533-scaled.jpg\",\"datePublished\":\"2022-03-14T14:11:47+00:00\",\"description\":\"Ap\u00f3s o Instagram permitir publica\u00e7\u00e3o de posts contra as tropas da R\u00fassia, autoridades decidiram pela proibi\u00e7\u00e3o do app. Clique e leia mais.\",\"breadcrumb\":{\"@id\":\"https:\/\/www.suno.com.br\/noticias\/instagram-proibido-russia-meta-fbok34-censura-ucrania\/#breadcrumb\"},\"inLanguage\":\"pt-BR\",\"potentialAction\":[{\"@type\":\"ReadAction\",\"target\":[\"https:\/\/www.suno.com.br\/noticias\/instagram-proibido-russia-meta-fbok34-censura-ucrania\/\"]}]},{\"@type\":\"ImageObject\",\"inLanguage\":\"pt-BR\",\"@id\":\"https:\/\/www.suno.com.br\/noticias\/instagram-proibido-russia-meta-fbok34-censura-ucrania\/#primaryimage\",\"url\":\"https:\/\/files.sunoresearch.com.br\/n\/uploads\/2022\/03\/pexels-pixabay-248533-scaled.jpg\",\"contentUrl\":\"https:\/\/files.sunoresearch.com.br\/n\/uploads\/2022\/03\/pexels-pixabay-248533-scaled.jpg\",\"width\":2560,\"height\":1707,\"caption\":\"Facebook. Foto: Pexels.\"},{\"@type\":\"BreadcrumbList\",\"@id\":\"https:\/\/www.suno.com.br\/noticias\/instagram-proibido-russia-meta-fbok34-censura-ucrania\/#breadcrumb\",\"itemListElement\":[{\"@type\":\"ListItem\",\"position\":1,\"name\":\"Not\u00edcias\",\"item\":\"https:\/\/www.suno.com.br\/noticias\/\"},{\"@type\":\"ListItem\",\"position\":2,\"name\":\"Internacional\",\"item\":\"https:\/\/www.suno.com.br\/noticias\/internacional\/\"},{\"@type\":\"ListItem\",\"position\":3,\"name\":\"Instagram \u00e9 proibido na R\u00fassia ap\u00f3s Meta (FBOK34) negar censura a protestos\"}]},{\"@type\":\"WebSite\",\"@id\":\"https:\/\/www.suno.com.br\/noticias\/#website\",\"url\":\"https:\/\/www.suno.com.br\/noticias\/\",\"name\":\"Suno Not\u00edcias\",\"description\":\"Seu portal de informa\u00e7\u00e3o sobre o mundo dos investimentos\",\"publisher\":{\"@id\":\"https:\/\/www.suno.com.br\/noticias\/#organization\"},\"potentialAction\":[{\"@type\":\"SearchAction\",\"target\":{\"@type\":\"EntryPoint\",\"urlTemplate\":\"https:\/\/www.suno.com.br\/noticias\/?s={search_term_string}\"},\"query-input\":{\"@type\":\"PropertyValueSpecification\",\"valueRequired\":true,\"valueName\":\"search_term_string\"}}],\"inLanguage\":\"pt-BR\"},{\"@type\":\"Organization\",\"@id\":\"https:\/\/www.suno.com.br\/noticias\/#organization\",\"name\":\"Suno Not\u00edcias\",\"url\":\"https:\/\/www.suno.com.br\/noticias\/\",\"logo\":{\"@type\":\"ImageObject\",\"inLanguage\":\"pt-BR\",\"@id\":\"https:\/\/www.suno.com.br\/noticias\/#\/schema\/logo\/image\/\",\"url\":\"https:\/\/files.sunoresearch.com.br\/n\/uploads\/2021\/09\/suno-logo.png\",\"contentUrl\":\"https:\/\/files.sunoresearch.com.br\/n\/uploads\/2021\/09\/suno-logo.png\",\"width\":180,\"height\":180,\"caption\":\"Suno Not\u00edcias\"},\"image\":{\"@id\":\"https:\/\/www.suno.com.br\/noticias\/#\/schema\/logo\/image\/\"},\"sameAs\":[\"https:\/\/facebook.com\/sunoresearch\",\"https:\/\/x.com\/sunoresearch\",\"https:\/\/www.instagram.com\/suno\",\"https:\/\/www.linkedin.com\/company\/suno-research\/\",\"https:\/\/www.youtube.com\/c\/sunoresearch\"]},{\"@type\":\"Person\",\"@id\":\"https:\/\/www.suno.com.br\/noticias\/#\/schema\/person\/7f4d362bf3518e76090143ae77bb49a5\",\"name\":\"Eduardo Vargas\",\"image\":{\"@type\":\"ImageObject\",\"inLanguage\":\"pt-BR\",\"@id\":\"https:\/\/www.suno.com.br\/noticias\/#\/schema\/person\/image\/\",\"url\":\"https:\/\/secure.gravatar.com\/avatar\/dac340933427a22924c9f99d1eb2e3f2?s=96&r=g\",\"contentUrl\":\"https:\/\/secure.gravatar.com\/avatar\/dac340933427a22924c9f99d1eb2e3f2?s=96&r=g\",\"caption\":\"Eduardo Vargas\"},\"description\":\"Jornalista formado pela UFSC, cobre macroeconomia, neg\u00f3cios e startups para o Suno Not\u00edcias, escrevendo principalmente not\u00edcias sobre o mercado financeiro e a bolsa de valores. No YouTube e no Instagram, \u00e9 respons\u00e1vel pela produ\u00e7\u00e3o de Reels e Shorts do Suno Not\u00edcias. Anteriormente, trabalhou cobrindo economia e cotidiano no ND+ e para o ND, maior jornal impresso de Santa Catarina. Cursou um semestre letivo de Estudos de M\u00eddia na Universidad de Buenos Aires.\",\"url\":\"https:\/\/www.suno.com.br\/noticias\/author\/eduardo-vargas\/\"}]}<\/script>\n<!-- \/ Yoast SEO plugin. -->","yoast_head_json":{"title":"Instagram \u00e9 vetado na R\u00fassia ap\u00f3s Meta (FBOK34) negar censura","description":"Ap\u00f3s o Instagram permitir publica\u00e7\u00e3o de posts contra as tropas da R\u00fassia, autoridades decidiram pela proibi\u00e7\u00e3o do app. Clique e leia mais.","robots":{"index":"index","follow":"follow","max-snippet":"max-snippet:-1","max-image-preview":"max-image-preview:large","max-video-preview":"max-video-preview:-1"},"canonical":"https:\/\/www.suno.com.br\/noticias\/instagram-proibido-russia-meta-fbok34-censura-ucrania\/","og_locale":"pt_BR","og_type":"article","og_title":"Instagram \u00e9 vetado na R\u00fassia ap\u00f3s Meta (FBOK34) negar censura","og_description":"Ap\u00f3s o Instagram permitir publica\u00e7\u00e3o de posts contra as tropas da R\u00fassia, autoridades decidiram pela proibi\u00e7\u00e3o do app. Clique e leia mais.","og_url":"https:\/\/www.suno.com.br\/noticias\/instagram-proibido-russia-meta-fbok34-censura-ucrania\/","og_site_name":"Suno Not\u00edcias","article_publisher":"https:\/\/facebook.com\/sunoresearch","og_image":[{"width":2560,"height":1707,"url":"https:\/\/files.sunoresearch.com.br\/n\/uploads\/2022\/03\/pexels-pixabay-248533-scaled.jpg","type":"image\/jpeg"}],"author":"Eduardo Vargas","twitter_card":"summary_large_image","twitter_creator":"@sunoresearch","twitter_site":"@sunoresearch","twitter_misc":{"Escrito por":"Eduardo Vargas","Est. tempo de leitura":"3 minutos"},"schema":{"@context":"https:\/\/schema.org","@graph":[{"@type":"NewsArticle","@id":"https:\/\/www.suno.com.br\/noticias\/instagram-proibido-russia-meta-fbok34-censura-ucrania\/#article","isPartOf":{"@id":"https:\/\/www.suno.com.br\/noticias\/instagram-proibido-russia-meta-fbok34-censura-ucrania\/"},"author":{"name":"Eduardo Vargas","@id":"https:\/\/www.suno.com.br\/noticias\/#\/schema\/person\/7f4d362bf3518e76090143ae77bb49a5"},"headline":"Instagram \u00e9 proibido na R\u00fassia ap\u00f3s Meta (FBOK34) negar censura a protestos","datePublished":"2022-03-14T14:11:47+00:00","mainEntityOfPage":{"@id":"https:\/\/www.suno.com.br\/noticias\/instagram-proibido-russia-meta-fbok34-censura-ucrania\/"},"wordCount":698,"publisher":{"@id":"https:\/\/www.suno.com.br\/noticias\/#organization"},"image":{"@id":"https:\/\/www.suno.com.br\/noticias\/instagram-proibido-russia-meta-fbok34-censura-ucrania\/#primaryimage"},"thumbnailUrl":"https:\/\/files.sunoresearch.com.br\/n\/uploads\/2022\/03\/pexels-pixabay-248533-scaled.jpg","keywords":["big techs","FAANG","Facebook (FBOK34)","guerra comercial","Instagram","Mark Zuckerberg","R\u00fassia","WhatsApp"],"articleSection":["Internacional"],"inLanguage":"pt-BR"},{"@type":"WebPage","@id":"https:\/\/www.suno.com.br\/noticias\/instagram-proibido-russia-meta-fbok34-censura-ucrania\/","url":"https:\/\/www.suno.com.br\/noticias\/instagram-proibido-russia-meta-fbok34-censura-ucrania\/","name":"Instagram \u00e9 vetado na R\u00fassia ap\u00f3s Meta (FBOK34) negar censura","isPartOf":{"@id":"https:\/\/www.suno.com.br\/noticias\/#website"},"primaryImageOfPage":{"@id":"https:\/\/www.suno.com.br\/noticias\/instagram-proibido-russia-meta-fbok34-censura-ucrania\/#primaryimage"},"image":{"@id":"https:\/\/www.suno.com.br\/noticias\/instagram-proibido-russia-meta-fbok34-censura-ucrania\/#primaryimage"},"thumbnailUrl":"https:\/\/files.sunoresearch.com.br\/n\/uploads\/2022\/03\/pexels-pixabay-248533-scaled.jpg","datePublished":"2022-03-14T14:11:47+00:00","description":"Ap\u00f3s o Instagram permitir publica\u00e7\u00e3o de posts contra as tropas da R\u00fassia, autoridades decidiram pela proibi\u00e7\u00e3o do app. Clique e leia mais.","breadcrumb":{"@id":"https:\/\/www.suno.com.br\/noticias\/instagram-proibido-russia-meta-fbok34-censura-ucrania\/#breadcrumb"},"inLanguage":"pt-BR","potentialAction":[{"@type":"ReadAction","target":["https:\/\/www.suno.com.br\/noticias\/instagram-proibido-russia-meta-fbok34-censura-ucrania\/"]}]},{"@type":"ImageObject","inLanguage":"pt-BR","@id":"https:\/\/www.suno.com.br\/noticias\/instagram-proibido-russia-meta-fbok34-censura-ucrania\/#primaryimage","url":"https:\/\/files.sunoresearch.com.br\/n\/uploads\/2022\/03\/pexels-pixabay-248533-scaled.jpg","contentUrl":"https:\/\/files.sunoresearch.com.br\/n\/uploads\/2022\/03\/pexels-pixabay-248533-scaled.jpg","width":2560,"height":1707,"caption":"Facebook. Foto: Pexels."},{"@type":"BreadcrumbList","@id":"https:\/\/www.suno.com.br\/noticias\/instagram-proibido-russia-meta-fbok34-censura-ucrania\/#breadcrumb","itemListElement":[{"@type":"ListItem","position":1,"name":"Not\u00edcias","item":"https:\/\/www.suno.com.br\/noticias\/"},{"@type":"ListItem","position":2,"name":"Internacional","item":"https:\/\/www.suno.com.br\/noticias\/internacional\/"},{"@type":"ListItem","position":3,"name":"Instagram \u00e9 proibido na R\u00fassia ap\u00f3s Meta (FBOK34) negar censura a protestos"}]},{"@type":"WebSite","@id":"https:\/\/www.suno.com.br\/noticias\/#website","url":"https:\/\/www.suno.com.br\/noticias\/","name":"Suno Not\u00edcias","description":"Seu portal de informa\u00e7\u00e3o sobre o mundo dos investimentos","publisher":{"@id":"https:\/\/www.suno.com.br\/noticias\/#organization"},"potentialAction":[{"@type":"SearchAction","target":{"@type":"EntryPoint","urlTemplate":"https:\/\/www.suno.com.br\/noticias\/?s={search_term_string}"},"query-input":{"@type":"PropertyValueSpecification","valueRequired":true,"valueName":"search_term_string"}}],"inLanguage":"pt-BR"},{"@type":"Organization","@id":"https:\/\/www.suno.com.br\/noticias\/#organization","name":"Suno Not\u00edcias","url":"https:\/\/www.suno.com.br\/noticias\/","logo":{"@type":"ImageObject","inLanguage":"pt-BR","@id":"https:\/\/www.suno.com.br\/noticias\/#\/schema\/logo\/image\/","url":"https:\/\/files.sunoresearch.com.br\/n\/uploads\/2021\/09\/suno-logo.png","contentUrl":"https:\/\/files.sunoresearch.com.br\/n\/uploads\/2021\/09\/suno-logo.png","width":180,"height":180,"caption":"Suno Not\u00edcias"},"image":{"@id":"https:\/\/www.suno.com.br\/noticias\/#\/schema\/logo\/image\/"},"sameAs":["https:\/\/facebook.com\/sunoresearch","https:\/\/x.com\/sunoresearch","https:\/\/www.instagram.com\/suno","https:\/\/www.linkedin.com\/company\/suno-research\/","https:\/\/www.youtube.com\/c\/sunoresearch"]},{"@type":"Person","@id":"https:\/\/www.suno.com.br\/noticias\/#\/schema\/person\/7f4d362bf3518e76090143ae77bb49a5","name":"Eduardo Vargas","image":{"@type":"ImageObject","inLanguage":"pt-BR","@id":"https:\/\/www.suno.com.br\/noticias\/#\/schema\/person\/image\/","url":"https:\/\/secure.gravatar.com\/avatar\/dac340933427a22924c9f99d1eb2e3f2?s=96&r=g","contentUrl":"https:\/\/secure.gravatar.com\/avatar\/dac340933427a22924c9f99d1eb2e3f2?s=96&r=g","caption":"Eduardo Vargas"},"description":"Jornalista formado pela UFSC, cobre macroeconomia, neg\u00f3cios e startups para o Suno Not\u00edcias, escrevendo principalmente not\u00edcias sobre o mercado financeiro e a bolsa de valores. No YouTube e no Instagram, \u00e9 respons\u00e1vel pela produ\u00e7\u00e3o de Reels e Shorts do Suno Not\u00edcias. Anteriormente, trabalhou cobrindo economia e cotidiano no ND+ e para o ND, maior jornal impresso de Santa Catarina. Cursou um semestre letivo de Estudos de M\u00eddia na Universidad de Buenos Aires.","url":"https:\/\/www.suno.com.br\/noticias\/author\/eduardo-vargas\/"}]}},"default_loop_html":"<div class=\"cardsPage__listCard__boxs\"><div class=\"cardsPage__listCard__boxs__img\"><a href=\"https:\/\/www.suno.com.br\/noticias\/instagram-proibido-russia-meta-fbok34-censura-ucrania\/\"><img class=\"mask\" src=\"https:\/\/www.suno.com.br\/noticias\/wp-content\/themes\/suno\/resources\/images\/spotlight\/spotlight1img\/bg-mask.png\" alt=\"Image Mask\"\/><img src=\"https:\/\/files.sunoresearch.com.br\/n\/uploads\/2022\/03\/pexels-pixabay-248533-400x200.jpg\" alt=\"Instagram \u00e9 proibido na R\u00fassia ap\u00f3s Meta (FBOK34) negar censura a protestos\"\/><\/a><span class=\"spotlightCategory\"><a href=\"https:\/\/www.suno.com.br\/noticias\/internacional\/\">Internacional<\/a><\/span><\/div><div class=\"cardsPage__listCard__boxs__content\"><a href=\"https:\/\/www.suno.com.br\/noticias\/instagram-proibido-russia-meta-fbok34-censura-ucrania\/\"><h2 class=\"content__title\">Instagram \u00e9 proibido na R\u00fassia ap\u00f3s Meta (FBOK34) negar censura a protestos<\/h2><\/a><div class=\"newsContent__article__meta\"><div class=\"newsContent__article__meta__authorBox\"><a href=\"https:\/\/www.suno.com.br\/noticias\/author\/eduardo-vargas\/\" class=\"authorBox__avatar noMobi\"><img src=\"https:\/\/secure.gravatar.com\/avatar\/dac340933427a22924c9f99d1eb2e3f2?s=96&#038;r=g\" alt=\"Eduardo Vargas\"><\/a><div class=\"authorBox__name\"><span>por\n\t\t\t<a href=\"https:\/\/www.suno.com.br\/noticias\/author\/eduardo-vargas\/\"><span itemprop=\"author\">Eduardo Vargas<\/span><\/a><\/span><time datetime=\"2022-03-14T11:11:47-03:00\" itemprop=\"datePublished\">14\/03\/2022 11:11<\/time><\/div><\/div><\/div><\/div><\/div>","single_layout":"posts","amp_enabled":true,"_links":{"self":[{"href":"https:\/\/www.suno.com.br\/noticias\/wp-json\/wp\/v2\/posts\/241021"}],"collection":[{"href":"https:\/\/www.suno.com.br\/noticias\/wp-json\/wp\/v2\/posts"}],"about":[{"href":"https:\/\/www.suno.com.br\/noticias\/wp-json\/wp\/v2\/types\/post"}],"author":[{"embeddable":true,"href":"https:\/\/www.suno.com.br\/noticias\/wp-json\/wp\/v2\/users\/73"}],"replies":[{"embeddable":true,"href":"https:\/\/www.suno.com.br\/noticias\/wp-json\/wp\/v2\/comments?post=241021"}],"version-history":[{"count":3,"href":"https:\/\/www.suno.com.br\/noticias\/wp-json\/wp\/v2\/posts\/241021\/revisions"}],"predecessor-version":[{"id":241094,"href":"https:\/\/www.suno.com.br\/noticias\/wp-json\/wp\/v2\/posts\/241021\/revisions\/241094"}],"wp:featuredmedia":[{"embeddable":true,"href":"https:\/\/www.suno.com.br\/noticias\/wp-json\/wp\/v2\/media\/241092"}],"wp:attachment":[{"href":"https:\/\/www.suno.com.br\/noticias\/wp-json\/wp\/v2\/media?parent=241021"}],"wp:term":[{"taxonomy":"category","embeddable":true,"href":"https:\/\/www.suno.com.br\/noticias\/wp-json\/wp\/v2\/categories?post=241021"},{"taxonomy":"post_tag","embeddable":true,"href":"https:\/\/www.suno.com.br\/noticias\/wp-json\/wp\/v2\/tags?post=241021"},{"taxonomy":"suno_strategy","embeddable":true,"href":"https:\/\/www.suno.com.br\/noticias\/wp-json\/wp\/v2\/suno_strategy?post=241021"}],"curies":[{"name":"wp","href":"https:\/\/api.w.org\/{rel}","templated":true}]}}