{"id":24095,"date":"2019-05-10T11:38:15","date_gmt":"2019-05-10T14:38:15","guid":{"rendered":"https:\/\/www.suno.com.br\/noticias\/?p=24095"},"modified":"2019-05-10T11:39:36","modified_gmt":"2019-05-10T14:39:36","slug":"decreto-armas-camara-ampliacao-ilegal","status":"publish","type":"post","link":"https:\/\/www.suno.com.br\/noticias\/decreto-armas-camara-ampliacao-ilegal\/","title":{"rendered":"Decreto de armas: parecer da C\u00e2mara diz que amplia\u00e7\u00e3o do porte \u00e9 ilegal"},"content":{"rendered":"<p>A <strong>Secretaria-Geral da C\u00e2mara<\/strong> deu uma parecer de que o decreto de armas de <strong>Jair Bolsonaro<\/strong> \u00e9 ilegal. A conclus\u00e3o apresentada no documento \u00e9 de que a altera\u00e7\u00e3o contraria uma lei, e, portanto, n\u00e3o pode ser feita atrav\u00e9s de decreto. De acordo com a \u00e1rea t\u00e9cnica da C\u00e2mara, apenas outra <strong>lei<\/strong> poderia alterar os dispositivos de uma j\u00e1 existente.<\/p>\t<div class=\"wrapper-featured-image\">\n\t\t<figure class=\"spotlightImg\">\n\n\t\t\t<picture>\n\t\t\t\t<source media=\"(max-width: 768px)\" srcset=\"https:\/\/files.sunoresearch.com.br\/n\/uploads\/2019\/05\/957d1114-bolsonaro-decreto-de-armas-400x200.webp\">\n\t\t\t\t<img loading=\"lazy\" decoding=\"async\" class=\"newsContent__article__imgCapa lazyloadDisabled newsContent__article__imgCapa--noCaption\" src=\"https:\/\/files.sunoresearch.com.br\/n\/uploads\/2019\/05\/957d1114-bolsonaro-decreto-de-armas-800x450.webp\" width=\"800\" height=\"450\" alt=\"Decreto de armas: parecer da C\u00e2mara diz que amplia\u00e7\u00e3o do porte \u00e9 ilegal\" fetchpriority=high \/>\n\t\t\t<\/picture>\n\n\t\t\t<figcaption class=\"wp-caption-text wp-caption-text--hide\">Or\u00e7amento ter\u00e1 corte adicional de R$ 2,5 bilh\u00f5es, diz Jair Bolsonaro<\/figcaption>\n\t\t<\/figure>\n\t<\/div>\n\n\n<p>Segundo o estudo, a <strong>lei<\/strong> violada \u00e9 o <strong>Estatuto do Desarmamento.<\/strong> Al\u00e9m disso, o ponto em que ocorre a viola\u00e7\u00e3o \u00e9 a amplia\u00e7\u00e3o do <strong>porte de armas.<\/strong> Ao facilitar o porte para quase 20 categorias, o <strong>decreto de armas<\/strong> &#8220;atropela&#8221; o estatuto, diz o documento. O parecer ser\u00e1 usado para relat\u00f3rio final da C\u00e2mara dos Deputados sobre a constitucionalidade do decreto.<\/p>\n\t<p>\n\t\t<a href=\"https:\/\/lp.suno.com.br\/minicurso-valuation\/\" target=\"_blank\" data-element=\"shortcode-suno-banner\" title=\"Banner SUNO, clique e saiba mais\">\n\t\t\t<picture>\n\t\t\t\t<source media=\"(max-width: 500px)\" srcset=\"https:\/\/files.sunoresearch.com.br\/n\/uploads\/2023\/03\/400x300-Minicurso-Valuation.png\">\n\t\t\t\t<img class=\"newsContent__article__imgCapa newsContent__article__imgCapa--banner\"\n\t\t\t\t\tsrc=\"https:\/\/files.sunoresearch.com.br\/n\/uploads\/2023\/03\/1420x240-Minicurso-Valuation.png\"\n\t\t\t\t\tdata-promo-id=\"383160\"\t\t\t\t\t\t\t\t\t\twidth='1420' height='240'\t\t\t\t\talt=\"https:\/\/files.sunoresearch.com.br\/n\/uploads\/2023\/03\/1420x240-Minicurso-Valuation.png\"\n\t\t\t\t>\n\t\t\t<\/picture>\n\t\t<\/a>\n\t<\/p>\n\n\n<p>&#8220;A lei \u00e9 clara no sentido de que deve haver a demonstra\u00e7\u00e3o efetiva da necessidade do <strong>porte,<\/strong> devendo cada caso concreto ser analisado pelo \u00f3rg\u00e3o competente&#8221;, estabelece o parecer.<\/p>\n<p>O parecer da <strong>C\u00e2mara<\/strong> foi assinado\u00a0secret\u00e1rio-geral da Mesa, Leonardo Augusto de Andrade Barbosa. Al\u00e9m disso, ele tamb\u00e9m questiona a falta de um limite de tempo e de territ\u00f3rio para a libera\u00e7\u00e3o do <strong>porte.<\/strong> Por fim, o parecer ainda indica que o <strong>decreto de armas<\/strong> tem outros pontos question\u00e1veis.<\/p>\n<p><a href=\"https:\/\/www.suno.com.br\/noticias\/bolsonaro-decreto-de-armas-facilita-porte-para-politicos-e-caminhoneiros\/\">Saiba Mais: Bolsonaro: decreto de armas facilita porte para pol\u00edticos e caminhoneiros<\/a><\/p>\n<h2>Maia fala em derrubar decreto de armas<\/h2>\n<p>Mais cedo nesta sexta-feira (10), o presidente da C\u00e2mara, <strong>Rodrigo Maia,<\/strong> j\u00e1 havia informado que havia inconstitucionalidades no decreto de <strong>Bolsonaro.<\/strong> Segundo ele, o primeiro passo ser\u00e1 buscar, por conversas, um acordo com o <strong>Planalto.<\/strong> No entanto, se houver resist\u00eancia para adequa\u00e7\u00e3o da medida, Maia disse que colocar\u00e1 em pauta projetos para derrubar o <strong>decreto de armas.<\/strong><\/p>\n<p>&#8220;Aquilo que for inconstitucional do <strong>decreto de armas,<\/strong> ou n\u00f3s vamos dialogar com o <strong>governo,<\/strong> que \u00e9 o que n\u00f3s queremos, para que o governo possa compreender que entrou nas atribui\u00e7\u00f5es do <strong>Congresso Nacional,<\/strong> ou vou ter que votar um dos oito ou nove projetos de decreto legislativo&#8221;, disse.<\/p>\n<p><a href=\"https:\/\/www.suno.com.br\/noticias\/taurus-pronta-atender-demanda-decreto-armas\/\">Saiba Mais: Taurus diz estar pronta para atender demanda ap\u00f3s decreto das armas<\/a><\/p>\n<p>A assinatura do decreto que estende e facilita o <strong>porte de armas<\/strong> para quase 20 categorias desagradou alguns setores do <strong>Congresso.<\/strong> Nesse sentido, a <strong>bancada evang\u00e9lica<\/strong> foi a principal cr\u00edtica da medida de <strong>Bolsonaro.<\/strong> De acordo com <strong>Maia,<\/strong> um dos projetos que podem derrubar o decreto teria f\u00e1cil e amplo apoio dos deputados.<\/p>\n<p>&#8220;A gente n\u00e3o pode ampliar ainda mais a viol\u00eancia no Brasil&#8221;, afirmou o deputado. Maia ainda defendeu que prefere o di\u00e1logo \u00e0 medida extrema. &#8220;Prefiro o di\u00e1logo para que a gente possa mostrar a\u00a0 ele <strong>(Onyx)<\/strong> o que essa Casa considera que \u00e9 atribui\u00e7\u00e3o nossa e foi colocada no <strong>decreto<\/strong> do que sair derrubando esse decreto presidencial&#8221;, concluiu.<\/p>\n<h2>Altera\u00e7\u00f5es com o decreto<\/h2>\n<p>O <strong>decreto de armas<\/strong> foi assinado pelo presidente <strong>Bolsonaro<\/strong> na ter\u00e7a-feira (7). A medida facilita o porte para quase 20 categorias, entre elas, advogados, caminhoneiros e pol\u00edticos.<\/p>\n<p>A medida, que era uma promessa de campanha de <strong>Bolsonaro,<\/strong> traz altera\u00e7\u00f5es que afetam o Estatuto do Desarmamento. A solicita\u00e7\u00e3o do porte \u00e9 feita \u00e0 <strong>Pol\u00edcia Federal.<\/strong> Sendo assim, para conseguir, a pessoa precisava de:<\/p>\n<ul>\n<li>comprova\u00e7\u00e3o de aptid\u00e3o t\u00e9cnica;<\/li>\n<li>capacidade psicol\u00f3gica;<\/li>\n<li>aus\u00eancia de antecedentes criminai;<\/li>\n<li>comprova\u00e7\u00e3o de necessidade.<\/li>\n<\/ul>\n<p>Contudo, a partir de agora, n\u00e3o ser\u00e3o exigidos tantos pr\u00e9-requisitos. Al\u00e9m disso, o <strong>decreto<\/strong>\u00a0traz outras mudan\u00e7as na que regulamenta as\u00a0<strong>armas<\/strong> no Brasil. Assim, as principais altera\u00e7\u00f5es s\u00e3o:<\/p>\n<p><a href=\"https:\/\/www.suno.com.br\/noticias\/decreto-armas-maia-estudo-constitucionalidade\/\">Saiba Mais: Decreto de armas: Maia pede estudo de constitucionalidade da medida<\/a><\/p>\n<ul>\n<li>Quebra do <strong>monop\u00f3lio<\/strong> de importa\u00e7\u00e3o de armas no Brasil;<\/li>\n<li>Autoriza\u00e7\u00e3o para colecionadores, atiradores desportivos e ca\u00e7adores; (CASs) de se locomoverem entre a sua residencia e o local de tiros com a arma carregada;<\/li>\n<li>Libera\u00e7\u00e3o para o <strong>propriet\u00e1rio rural<\/strong> com posse de <strong>arma de fogo<\/strong> usar arma em todo o per\u00edmetro da sua propriedade;<\/li>\n<li>Pra\u00e7as das For\u00e7as Armadas com mais de dez anos ter\u00e3o direito ao porte de arma;<\/li>\n<li>O total de compras de cartuchos passar\u00e1 de 50 para at\u00e9 mil cartuchos por ano;<\/li>\n<\/ul>\n","protected":false},"excerpt":{"rendered":"<p>A Secretaria-Geral da C\u00e2mara deu uma parecer de que o decreto de armas de Jair Bolsonaro \u00e9 ilegal. A conclus\u00e3o apresentada no documento \u00e9 de que a altera\u00e7\u00e3o contraria uma lei, e, portanto, n\u00e3o pode ser feita atrav\u00e9s de decreto. De acordo com a \u00e1rea t\u00e9cnica da C\u00e2mara, apenas outra lei poderia alterar os dispositivos [&hellip;]<\/p>\n","protected":false},"author":16,"featured_media":24097,"comment_status":"closed","ping_status":"closed","sticky":false,"template":"","format":"standard","meta":[],"categories":[61],"tags":[981,938,719,892],"suno_strategy":[],"class_list":["post-24095","post","type-post","status-publish","format-standard","has-post-thumbnail","hentry","category-politica","tag-armas","tag-camara-dos-deputados","tag-jair-bolsonaro","tag-rodrigo-maia"],"yoast_head":"<!-- This site is optimized with the Yoast SEO plugin v24.4 - https:\/\/yoast.com\/wordpress\/plugins\/seo\/ -->\n<title>Decreto de armas: estudo da C\u00e2mara diz que amplia\u00e7\u00e3o do porte \u00e9 ilegal<\/title>\n<meta name=\"description\" content=\"O presidente da C\u00e2mara, Rodrigo Maia, pediu um estudo de constitucionalidade sobre o decreto de armas de Bolsonaro. Clique e saiba mais.\" \/>\n<meta name=\"robots\" content=\"index, follow, max-snippet:-1, max-image-preview:large, max-video-preview:-1\" \/>\n<link rel=\"canonical\" href=\"https:\/\/www.suno.com.br\/noticias\/decreto-armas-camara-ampliacao-ilegal\/\" \/>\n<meta property=\"og:locale\" content=\"pt_BR\" \/>\n<meta property=\"og:type\" content=\"article\" \/>\n<meta property=\"og:title\" content=\"Decreto de armas: estudo da C\u00e2mara diz que amplia\u00e7\u00e3o do porte \u00e9 ilegal\" \/>\n<meta property=\"og:description\" content=\"O presidente da C\u00e2mara, Rodrigo Maia, pediu um estudo de constitucionalidade sobre o decreto de armas de Bolsonaro. Clique e saiba mais.\" \/>\n<meta property=\"og:url\" content=\"https:\/\/www.suno.com.br\/noticias\/decreto-armas-camara-ampliacao-ilegal\/\" \/>\n<meta property=\"og:site_name\" content=\"Suno Not\u00edcias\" \/>\n<meta property=\"article:publisher\" content=\"https:\/\/facebook.com\/sunoresearch\" \/>\n<meta property=\"og:image\" content=\"https:\/\/files.sunoresearch.com.br\/n\/uploads\/2019\/05\/957d1114-bolsonaro-decreto-de-armas.jpg\" \/>\n\t<meta property=\"og:image:width\" content=\"1024\" \/>\n\t<meta property=\"og:image:height\" content=\"683\" \/>\n\t<meta property=\"og:image:type\" content=\"image\/jpeg\" \/>\n<meta name=\"author\" content=\"Beatriz Oliveira\" \/>\n<meta name=\"twitter:card\" content=\"summary_large_image\" \/>\n<meta name=\"twitter:creator\" content=\"@sunoresearch\" \/>\n<meta name=\"twitter:site\" content=\"@sunoresearch\" \/>\n<meta name=\"twitter:label1\" content=\"Escrito por\" \/>\n\t<meta name=\"twitter:data1\" content=\"Beatriz Oliveira\" \/>\n\t<meta name=\"twitter:label2\" content=\"Est. tempo de leitura\" \/>\n\t<meta name=\"twitter:data2\" content=\"4 minutos\" \/>\n<script type=\"application\/ld+json\" class=\"yoast-schema-graph\">{\"@context\":\"https:\/\/schema.org\",\"@graph\":[{\"@type\":\"NewsArticle\",\"@id\":\"https:\/\/www.suno.com.br\/noticias\/decreto-armas-camara-ampliacao-ilegal\/#article\",\"isPartOf\":{\"@id\":\"https:\/\/www.suno.com.br\/noticias\/decreto-armas-camara-ampliacao-ilegal\/\"},\"author\":{\"name\":\"Beatriz Oliveira\",\"@id\":\"https:\/\/www.suno.com.br\/noticias\/#\/schema\/person\/e67f665add014bf99f644028de070cc3\"},\"headline\":\"Decreto de armas: parecer da C\u00e2mara diz que amplia\u00e7\u00e3o do porte \u00e9 ilegal\",\"datePublished\":\"2019-05-10T14:38:15+00:00\",\"dateModified\":\"2019-05-10T14:39:36+00:00\",\"mainEntityOfPage\":{\"@id\":\"https:\/\/www.suno.com.br\/noticias\/decreto-armas-camara-ampliacao-ilegal\/\"},\"wordCount\":717,\"publisher\":{\"@id\":\"https:\/\/www.suno.com.br\/noticias\/#organization\"},\"image\":{\"@id\":\"https:\/\/www.suno.com.br\/noticias\/decreto-armas-camara-ampliacao-ilegal\/#primaryimage\"},\"thumbnailUrl\":\"https:\/\/files.sunoresearch.com.br\/n\/uploads\/2019\/05\/957d1114-bolsonaro-decreto-de-armas-jpg.webp\",\"keywords\":[\"Armas\",\"C\u00e2mara dos Deputados\",\"Jair Bolsonaro\",\"Rodrigo Maia\"],\"articleSection\":[\"Pol\u00edtica\"],\"inLanguage\":\"pt-BR\"},{\"@type\":\"WebPage\",\"@id\":\"https:\/\/www.suno.com.br\/noticias\/decreto-armas-camara-ampliacao-ilegal\/\",\"url\":\"https:\/\/www.suno.com.br\/noticias\/decreto-armas-camara-ampliacao-ilegal\/\",\"name\":\"Decreto de armas: estudo da C\u00e2mara diz que amplia\u00e7\u00e3o do porte \u00e9 ilegal\",\"isPartOf\":{\"@id\":\"https:\/\/www.suno.com.br\/noticias\/#website\"},\"primaryImageOfPage\":{\"@id\":\"https:\/\/www.suno.com.br\/noticias\/decreto-armas-camara-ampliacao-ilegal\/#primaryimage\"},\"image\":{\"@id\":\"https:\/\/www.suno.com.br\/noticias\/decreto-armas-camara-ampliacao-ilegal\/#primaryimage\"},\"thumbnailUrl\":\"https:\/\/files.sunoresearch.com.br\/n\/uploads\/2019\/05\/957d1114-bolsonaro-decreto-de-armas-jpg.webp\",\"datePublished\":\"2019-05-10T14:38:15+00:00\",\"dateModified\":\"2019-05-10T14:39:36+00:00\",\"description\":\"O presidente da C\u00e2mara, Rodrigo Maia, pediu um estudo de constitucionalidade sobre o decreto de armas de Bolsonaro. Clique e saiba mais.\",\"breadcrumb\":{\"@id\":\"https:\/\/www.suno.com.br\/noticias\/decreto-armas-camara-ampliacao-ilegal\/#breadcrumb\"},\"inLanguage\":\"pt-BR\",\"potentialAction\":[{\"@type\":\"ReadAction\",\"target\":[\"https:\/\/www.suno.com.br\/noticias\/decreto-armas-camara-ampliacao-ilegal\/\"]}]},{\"@type\":\"ImageObject\",\"inLanguage\":\"pt-BR\",\"@id\":\"https:\/\/www.suno.com.br\/noticias\/decreto-armas-camara-ampliacao-ilegal\/#primaryimage\",\"url\":\"https:\/\/files.sunoresearch.com.br\/n\/uploads\/2019\/05\/957d1114-bolsonaro-decreto-de-armas-jpg.webp\",\"contentUrl\":\"https:\/\/files.sunoresearch.com.br\/n\/uploads\/2019\/05\/957d1114-bolsonaro-decreto-de-armas-jpg.webp\",\"width\":1024,\"height\":683,\"caption\":\"Or\u00e7amento ter\u00e1 corte adicional de R$ 2,5 bilh\u00f5es, diz Jair Bolsonaro\"},{\"@type\":\"BreadcrumbList\",\"@id\":\"https:\/\/www.suno.com.br\/noticias\/decreto-armas-camara-ampliacao-ilegal\/#breadcrumb\",\"itemListElement\":[{\"@type\":\"ListItem\",\"position\":1,\"name\":\"Not\u00edcias\",\"item\":\"https:\/\/www.suno.com.br\/noticias\/\"},{\"@type\":\"ListItem\",\"position\":2,\"name\":\"Pol\u00edtica\",\"item\":\"https:\/\/www.suno.com.br\/noticias\/politica\/\"},{\"@type\":\"ListItem\",\"position\":3,\"name\":\"Decreto de armas: parecer da C\u00e2mara diz que amplia\u00e7\u00e3o do porte \u00e9 ilegal\"}]},{\"@type\":\"WebSite\",\"@id\":\"https:\/\/www.suno.com.br\/noticias\/#website\",\"url\":\"https:\/\/www.suno.com.br\/noticias\/\",\"name\":\"Suno Not\u00edcias\",\"description\":\"Seu portal de informa\u00e7\u00e3o sobre o mundo dos investimentos\",\"publisher\":{\"@id\":\"https:\/\/www.suno.com.br\/noticias\/#organization\"},\"potentialAction\":[{\"@type\":\"SearchAction\",\"target\":{\"@type\":\"EntryPoint\",\"urlTemplate\":\"https:\/\/www.suno.com.br\/noticias\/?s={search_term_string}\"},\"query-input\":{\"@type\":\"PropertyValueSpecification\",\"valueRequired\":true,\"valueName\":\"search_term_string\"}}],\"inLanguage\":\"pt-BR\"},{\"@type\":\"Organization\",\"@id\":\"https:\/\/www.suno.com.br\/noticias\/#organization\",\"name\":\"Suno Not\u00edcias\",\"url\":\"https:\/\/www.suno.com.br\/noticias\/\",\"logo\":{\"@type\":\"ImageObject\",\"inLanguage\":\"pt-BR\",\"@id\":\"https:\/\/www.suno.com.br\/noticias\/#\/schema\/logo\/image\/\",\"url\":\"https:\/\/files.sunoresearch.com.br\/n\/uploads\/2021\/09\/suno-logo.png\",\"contentUrl\":\"https:\/\/files.sunoresearch.com.br\/n\/uploads\/2021\/09\/suno-logo.png\",\"width\":180,\"height\":180,\"caption\":\"Suno Not\u00edcias\"},\"image\":{\"@id\":\"https:\/\/www.suno.com.br\/noticias\/#\/schema\/logo\/image\/\"},\"sameAs\":[\"https:\/\/facebook.com\/sunoresearch\",\"https:\/\/x.com\/sunoresearch\",\"https:\/\/www.instagram.com\/suno\",\"https:\/\/www.linkedin.com\/company\/suno-research\/\",\"https:\/\/www.youtube.com\/c\/sunoresearch\"]},{\"@type\":\"Person\",\"@id\":\"https:\/\/www.suno.com.br\/noticias\/#\/schema\/person\/e67f665add014bf99f644028de070cc3\",\"name\":\"Beatriz Oliveira\",\"image\":{\"@type\":\"ImageObject\",\"inLanguage\":\"pt-BR\",\"@id\":\"https:\/\/www.suno.com.br\/noticias\/#\/schema\/person\/image\/\",\"url\":\"https:\/\/secure.gravatar.com\/avatar\/c9aa6a0aaecc598d257d5d5bd349157d?s=96&r=g\",\"contentUrl\":\"https:\/\/secure.gravatar.com\/avatar\/c9aa6a0aaecc598d257d5d5bd349157d?s=96&r=g\",\"caption\":\"Beatriz Oliveira\"},\"description\":\"Formada em Jornalismo pela Faculdade Paulus de Tecnologia e Comunica\u00e7\u00e3o, Beatriz Oliveira escreve para o portal de not\u00edcias Suno Research. Antes, passou pelas reda\u00e7\u00f5es da Revista EXAME e da Rede Bandeirantes.\",\"url\":\"https:\/\/www.suno.com.br\/noticias\/author\/beatriz\/\"}]}<\/script>\n<!-- \/ Yoast SEO plugin. -->","yoast_head_json":{"title":"Decreto de armas: estudo da C\u00e2mara diz que amplia\u00e7\u00e3o do porte \u00e9 ilegal","description":"O presidente da C\u00e2mara, Rodrigo Maia, pediu um estudo de constitucionalidade sobre o decreto de armas de Bolsonaro. Clique e saiba mais.","robots":{"index":"index","follow":"follow","max-snippet":"max-snippet:-1","max-image-preview":"max-image-preview:large","max-video-preview":"max-video-preview:-1"},"canonical":"https:\/\/www.suno.com.br\/noticias\/decreto-armas-camara-ampliacao-ilegal\/","og_locale":"pt_BR","og_type":"article","og_title":"Decreto de armas: estudo da C\u00e2mara diz que amplia\u00e7\u00e3o do porte \u00e9 ilegal","og_description":"O presidente da C\u00e2mara, Rodrigo Maia, pediu um estudo de constitucionalidade sobre o decreto de armas de Bolsonaro. Clique e saiba mais.","og_url":"https:\/\/www.suno.com.br\/noticias\/decreto-armas-camara-ampliacao-ilegal\/","og_site_name":"Suno Not\u00edcias","article_publisher":"https:\/\/facebook.com\/sunoresearch","og_image":[{"width":1024,"height":683,"url":"https:\/\/files.sunoresearch.com.br\/n\/uploads\/2019\/05\/957d1114-bolsonaro-decreto-de-armas.jpg","type":"image\/jpeg"}],"author":"Beatriz Oliveira","twitter_card":"summary_large_image","twitter_creator":"@sunoresearch","twitter_site":"@sunoresearch","twitter_misc":{"Escrito por":"Beatriz Oliveira","Est. tempo de leitura":"4 minutos"},"schema":{"@context":"https:\/\/schema.org","@graph":[{"@type":"NewsArticle","@id":"https:\/\/www.suno.com.br\/noticias\/decreto-armas-camara-ampliacao-ilegal\/#article","isPartOf":{"@id":"https:\/\/www.suno.com.br\/noticias\/decreto-armas-camara-ampliacao-ilegal\/"},"author":{"name":"Beatriz Oliveira","@id":"https:\/\/www.suno.com.br\/noticias\/#\/schema\/person\/e67f665add014bf99f644028de070cc3"},"headline":"Decreto de armas: parecer da C\u00e2mara diz que amplia\u00e7\u00e3o do porte \u00e9 ilegal","datePublished":"2019-05-10T14:38:15+00:00","dateModified":"2019-05-10T14:39:36+00:00","mainEntityOfPage":{"@id":"https:\/\/www.suno.com.br\/noticias\/decreto-armas-camara-ampliacao-ilegal\/"},"wordCount":717,"publisher":{"@id":"https:\/\/www.suno.com.br\/noticias\/#organization"},"image":{"@id":"https:\/\/www.suno.com.br\/noticias\/decreto-armas-camara-ampliacao-ilegal\/#primaryimage"},"thumbnailUrl":"https:\/\/files.sunoresearch.com.br\/n\/uploads\/2019\/05\/957d1114-bolsonaro-decreto-de-armas-jpg.webp","keywords":["Armas","C\u00e2mara dos Deputados","Jair Bolsonaro","Rodrigo Maia"],"articleSection":["Pol\u00edtica"],"inLanguage":"pt-BR"},{"@type":"WebPage","@id":"https:\/\/www.suno.com.br\/noticias\/decreto-armas-camara-ampliacao-ilegal\/","url":"https:\/\/www.suno.com.br\/noticias\/decreto-armas-camara-ampliacao-ilegal\/","name":"Decreto de armas: estudo da C\u00e2mara diz que amplia\u00e7\u00e3o do porte \u00e9 ilegal","isPartOf":{"@id":"https:\/\/www.suno.com.br\/noticias\/#website"},"primaryImageOfPage":{"@id":"https:\/\/www.suno.com.br\/noticias\/decreto-armas-camara-ampliacao-ilegal\/#primaryimage"},"image":{"@id":"https:\/\/www.suno.com.br\/noticias\/decreto-armas-camara-ampliacao-ilegal\/#primaryimage"},"thumbnailUrl":"https:\/\/files.sunoresearch.com.br\/n\/uploads\/2019\/05\/957d1114-bolsonaro-decreto-de-armas-jpg.webp","datePublished":"2019-05-10T14:38:15+00:00","dateModified":"2019-05-10T14:39:36+00:00","description":"O presidente da C\u00e2mara, Rodrigo Maia, pediu um estudo de constitucionalidade sobre o decreto de armas de Bolsonaro. Clique e saiba mais.","breadcrumb":{"@id":"https:\/\/www.suno.com.br\/noticias\/decreto-armas-camara-ampliacao-ilegal\/#breadcrumb"},"inLanguage":"pt-BR","potentialAction":[{"@type":"ReadAction","target":["https:\/\/www.suno.com.br\/noticias\/decreto-armas-camara-ampliacao-ilegal\/"]}]},{"@type":"ImageObject","inLanguage":"pt-BR","@id":"https:\/\/www.suno.com.br\/noticias\/decreto-armas-camara-ampliacao-ilegal\/#primaryimage","url":"https:\/\/files.sunoresearch.com.br\/n\/uploads\/2019\/05\/957d1114-bolsonaro-decreto-de-armas-jpg.webp","contentUrl":"https:\/\/files.sunoresearch.com.br\/n\/uploads\/2019\/05\/957d1114-bolsonaro-decreto-de-armas-jpg.webp","width":1024,"height":683,"caption":"Or\u00e7amento ter\u00e1 corte adicional de R$ 2,5 bilh\u00f5es, diz Jair Bolsonaro"},{"@type":"BreadcrumbList","@id":"https:\/\/www.suno.com.br\/noticias\/decreto-armas-camara-ampliacao-ilegal\/#breadcrumb","itemListElement":[{"@type":"ListItem","position":1,"name":"Not\u00edcias","item":"https:\/\/www.suno.com.br\/noticias\/"},{"@type":"ListItem","position":2,"name":"Pol\u00edtica","item":"https:\/\/www.suno.com.br\/noticias\/politica\/"},{"@type":"ListItem","position":3,"name":"Decreto de armas: parecer da C\u00e2mara diz que amplia\u00e7\u00e3o do porte \u00e9 ilegal"}]},{"@type":"WebSite","@id":"https:\/\/www.suno.com.br\/noticias\/#website","url":"https:\/\/www.suno.com.br\/noticias\/","name":"Suno Not\u00edcias","description":"Seu portal de informa\u00e7\u00e3o sobre o mundo dos investimentos","publisher":{"@id":"https:\/\/www.suno.com.br\/noticias\/#organization"},"potentialAction":[{"@type":"SearchAction","target":{"@type":"EntryPoint","urlTemplate":"https:\/\/www.suno.com.br\/noticias\/?s={search_term_string}"},"query-input":{"@type":"PropertyValueSpecification","valueRequired":true,"valueName":"search_term_string"}}],"inLanguage":"pt-BR"},{"@type":"Organization","@id":"https:\/\/www.suno.com.br\/noticias\/#organization","name":"Suno Not\u00edcias","url":"https:\/\/www.suno.com.br\/noticias\/","logo":{"@type":"ImageObject","inLanguage":"pt-BR","@id":"https:\/\/www.suno.com.br\/noticias\/#\/schema\/logo\/image\/","url":"https:\/\/files.sunoresearch.com.br\/n\/uploads\/2021\/09\/suno-logo.png","contentUrl":"https:\/\/files.sunoresearch.com.br\/n\/uploads\/2021\/09\/suno-logo.png","width":180,"height":180,"caption":"Suno Not\u00edcias"},"image":{"@id":"https:\/\/www.suno.com.br\/noticias\/#\/schema\/logo\/image\/"},"sameAs":["https:\/\/facebook.com\/sunoresearch","https:\/\/x.com\/sunoresearch","https:\/\/www.instagram.com\/suno","https:\/\/www.linkedin.com\/company\/suno-research\/","https:\/\/www.youtube.com\/c\/sunoresearch"]},{"@type":"Person","@id":"https:\/\/www.suno.com.br\/noticias\/#\/schema\/person\/e67f665add014bf99f644028de070cc3","name":"Beatriz Oliveira","image":{"@type":"ImageObject","inLanguage":"pt-BR","@id":"https:\/\/www.suno.com.br\/noticias\/#\/schema\/person\/image\/","url":"https:\/\/secure.gravatar.com\/avatar\/c9aa6a0aaecc598d257d5d5bd349157d?s=96&r=g","contentUrl":"https:\/\/secure.gravatar.com\/avatar\/c9aa6a0aaecc598d257d5d5bd349157d?s=96&r=g","caption":"Beatriz Oliveira"},"description":"Formada em Jornalismo pela Faculdade Paulus de Tecnologia e Comunica\u00e7\u00e3o, Beatriz Oliveira escreve para o portal de not\u00edcias Suno Research. Antes, passou pelas reda\u00e7\u00f5es da Revista EXAME e da Rede Bandeirantes.","url":"https:\/\/www.suno.com.br\/noticias\/author\/beatriz\/"}]}},"default_loop_html":"<div class=\"cardsPage__listCard__boxs\"><div class=\"cardsPage__listCard__boxs__img\"><a href=\"https:\/\/www.suno.com.br\/noticias\/decreto-armas-camara-ampliacao-ilegal\/\"><img class=\"mask\" src=\"https:\/\/www.suno.com.br\/noticias\/wp-content\/themes\/suno\/resources\/images\/spotlight\/spotlight1img\/bg-mask.png\" alt=\"Image Mask\"\/><img src=\"https:\/\/files.sunoresearch.com.br\/n\/uploads\/2019\/05\/957d1114-bolsonaro-decreto-de-armas-400x200.webp\" alt=\"Decreto de armas: parecer da C\u00e2mara diz que amplia\u00e7\u00e3o do porte \u00e9 ilegal\"\/><\/a><span class=\"spotlightCategory\"><a href=\"https:\/\/www.suno.com.br\/noticias\/politica\/\">Pol\u00edtica<\/a><\/span><\/div><div class=\"cardsPage__listCard__boxs__content\"><a href=\"https:\/\/www.suno.com.br\/noticias\/decreto-armas-camara-ampliacao-ilegal\/\"><h2 class=\"content__title\">Decreto de armas: parecer da C\u00e2mara diz que amplia\u00e7\u00e3o do porte \u00e9 ilegal<\/h2><\/a><div class=\"newsContent__article__meta\"><div class=\"newsContent__article__meta__authorBox\"><a href=\"https:\/\/www.suno.com.br\/noticias\/author\/beatriz\/\" class=\"authorBox__avatar noMobi\"><img src=\"https:\/\/secure.gravatar.com\/avatar\/c9aa6a0aaecc598d257d5d5bd349157d?s=96&#038;r=g\" alt=\"Beatriz Oliveira\"><\/a><div class=\"authorBox__name\"><span>por\n\t\t\t<a href=\"https:\/\/www.suno.com.br\/noticias\/author\/beatriz\/\"><span itemprop=\"author\">Beatriz Oliveira<\/span><\/a><\/span><time datetime=\"2019-05-10T11:38:15-03:00\" itemprop=\"datePublished\">10\/05\/2019 11:38<\/time><\/div><\/div><\/div><\/div><\/div>","single_layout":"posts","amp_enabled":true,"_links":{"self":[{"href":"https:\/\/www.suno.com.br\/noticias\/wp-json\/wp\/v2\/posts\/24095"}],"collection":[{"href":"https:\/\/www.suno.com.br\/noticias\/wp-json\/wp\/v2\/posts"}],"about":[{"href":"https:\/\/www.suno.com.br\/noticias\/wp-json\/wp\/v2\/types\/post"}],"author":[{"embeddable":true,"href":"https:\/\/www.suno.com.br\/noticias\/wp-json\/wp\/v2\/users\/16"}],"replies":[{"embeddable":true,"href":"https:\/\/www.suno.com.br\/noticias\/wp-json\/wp\/v2\/comments?post=24095"}],"version-history":[{"count":0,"href":"https:\/\/www.suno.com.br\/noticias\/wp-json\/wp\/v2\/posts\/24095\/revisions"}],"wp:featuredmedia":[{"embeddable":true,"href":"https:\/\/www.suno.com.br\/noticias\/wp-json\/wp\/v2\/media\/24097"}],"wp:attachment":[{"href":"https:\/\/www.suno.com.br\/noticias\/wp-json\/wp\/v2\/media?parent=24095"}],"wp:term":[{"taxonomy":"category","embeddable":true,"href":"https:\/\/www.suno.com.br\/noticias\/wp-json\/wp\/v2\/categories?post=24095"},{"taxonomy":"post_tag","embeddable":true,"href":"https:\/\/www.suno.com.br\/noticias\/wp-json\/wp\/v2\/tags?post=24095"},{"taxonomy":"suno_strategy","embeddable":true,"href":"https:\/\/www.suno.com.br\/noticias\/wp-json\/wp\/v2\/suno_strategy?post=24095"}],"curies":[{"name":"wp","href":"https:\/\/api.w.org\/{rel}","templated":true}]}}