{"id":24080,"date":"2019-05-10T10:55:16","date_gmt":"2019-05-10T13:55:16","guid":{"rendered":"https:\/\/www.suno.com.br\/noticias\/?p=24080"},"modified":"2019-05-10T20:22:49","modified_gmt":"2019-05-10T23:22:49","slug":"governo-estuda-liberar-fgts-de-contas-inativas-fundo-sera-reformulado","status":"publish","type":"post","link":"https:\/\/www.suno.com.br\/noticias\/governo-estuda-liberar-fgts-de-contas-inativas-fundo-sera-reformulado\/","title":{"rendered":"Governo estuda liberar FGTS de contas inativas; fundo ser\u00e1 reformulado"},"content":{"rendered":"<p>O <strong>governo federal<\/strong> estuda a possibilidade de liberar o saque do saldo do <a href=\"https:\/\/www.suno.com.br\/artigos\/fgts\/\">Fundo de Garantia do Tempo de Servi\u00e7o (FGTS)<\/a> de contas inativas. Com isso, o objetivo seria estimular a <strong>economia.<\/strong> Dessa forma, a medida \u00e9 cogitada diante do aumento do desemprego e da situa\u00e7\u00e3o econ\u00f4mica do Pa\u00eds.<\/p>\t<div class=\"wrapper-featured-image\">\n\t\t<figure class=\"spotlightImg\">\n\n\t\t\t<picture>\n\t\t\t\t<source media=\"(max-width: 768px)\" srcset=\"https:\/\/files.sunoresearch.com.br\/n\/uploads\/2019\/05\/7e968385-waldery-rodrigues-fgts-400x200.webp\">\n\t\t\t\t<img loading=\"lazy\" decoding=\"async\" class=\"newsContent__article__imgCapa lazyloadDisabled newsContent__article__imgCapa--noCaption\" src=\"https:\/\/files.sunoresearch.com.br\/n\/uploads\/2019\/05\/7e968385-waldery-rodrigues-fgts-800x450.webp\" width=\"800\" height=\"450\" alt=\"Governo estuda liberar FGTS de contas inativas; fundo ser\u00e1 reformulado\" fetchpriority=high \/>\n\t\t\t<\/picture>\n\n\t\t\t<figcaption class=\"wp-caption-text wp-caption-text--hide\">Waldery Rodrigues FGTS<\/figcaption>\n\t\t<\/figure>\n\t<\/div>\n\n\n<p>[tnm_video layout=&#8221;mnmd-post-media-wide&#8221;]https:\/\/www.youtube.com\/watch?v=iGrM4wh_OK8[\/tnm_video]<\/p>\n<p>Caso seja aplicada, a retirada dos valores das contas do <strong>FGTS<\/strong> repete a a\u00e7\u00e3o feita no governo do ex-presidente <strong>Michel Temer.<\/strong> Em 2016, a a\u00e7\u00e3o injetou R$ 44 milh\u00f5es na economia. Dessa forma, quase 26 milh\u00f5es de contribuintes puderam sacar o saldo de contas inativas at\u00e9 dezembro de 2015.<\/p>\n\t<p>\n\t\t<a href=\"https:\/\/lp.suno.com.br\/plataforma-de-controle-de-investimentos\/\" target=\"_blank\" data-element=\"shortcode-suno-banner\" title=\"Banner SUNO, clique e saiba mais\">\n\t\t\t<picture>\n\t\t\t\t<source media=\"(max-width: 500px)\" srcset=\"https:\/\/files.sunoresearch.com.br\/n\/uploads\/2023\/03\/400x300-Controle-de-Investimentos.png\">\n\t\t\t\t<img class=\"newsContent__article__imgCapa newsContent__article__imgCapa--banner\"\n\t\t\t\t\tsrc=\"https:\/\/files.sunoresearch.com.br\/n\/uploads\/2023\/03\/1420x240-Controle-de-Investimentos.png\"\n\t\t\t\t\tdata-promo-id=\"383162\"\t\t\t\t\t\t\t\t\t\twidth='1420' height='240'\t\t\t\t\talt=\"https:\/\/files.sunoresearch.com.br\/n\/uploads\/2023\/03\/1420x240-Controle-de-Investimentos.png\"\n\t\t\t\t>\n\t\t\t<\/picture>\n\t\t<\/a>\n\t<\/p>\n\n\n<p>As informa\u00e7\u00f5es foram dadas pelo secret\u00e1rio da Fazenda, <strong>Waldery Rodrigues,<\/strong> no 31\u00ba F\u00f3rum Nacional. Contudo, al\u00e9m do saque das contas inativas, o governo tamb\u00e9m estuda uma reestrutura\u00e7\u00e3o do <strong>FGTS.<\/strong><\/p>\n<p><a href=\"https:\/\/www.suno.com.br\/noticias\/orcamento-governo-anunciar-novo-contingenciamento\/\">Saiba Mais: Or\u00e7amento: com revis\u00e3o do PIB, governo deve anunciar novo contingenciamento<\/a><\/p>\n<h2>Reestrutura\u00e7\u00e3o do FGTS<\/h2>\n<p>De acordo com <strong>Rodrigues,<\/strong> as principais mudan\u00e7as analisadas para o fundo s\u00e3o de car\u00e1ter administrativo, de gest\u00e3o e rentabilidade. O principal objetivo, segundo ele, \u00e9 proteger o dinheiro do <strong>FGTS<\/strong> da <strong><a href=\"https:\/\/www.suno.com.br\/artigos\/inflacao\/\">infla\u00e7\u00e3o<\/a>.<\/strong> Contudo, os estudos para a altera\u00e7\u00e3o est\u00e3o ainda em etapa inicial.<\/p>\n<p>&#8220;Hoje, a rentabilidade \u00e9 de 3% ao ano mais taxa referencial (que atualmente est\u00e1 zerada). Logo, em termos reais, descontada a infla\u00e7\u00e3o, ela \u00e9 negativa, funciona como um imposto sobre o cidad\u00e3o, em vez de ajud\u00e1-lo&#8221;, afirmou o secret\u00e1rio.<\/p>\n<h2>Novo contingenciamento<\/h2>\n<p>Ainda no F\u00f3rum, o secret\u00e1rio da Fazenda tamb\u00e9m informou sobre um prov\u00e1vel novo boqueio no <strong>Or\u00e7amento<\/strong> de 2019. Segundo <strong>Rodrigues,<\/strong>\u00a0o novo contingenciamento se mostra necess\u00e1rio quando \u00e9 feita uma an\u00e1lise pr\u00e9via de receitas e despesas do <strong>governo.<\/strong><\/p>\n<p><a href=\"https:\/\/www.suno.com.br\/noticias\/boletim-focus-pib-abaixo-15\/\">Saiba Mais: Boletim Focus: previs\u00e3o do PIB cai pela primeira vez abaixo de 1,5%<\/a><\/p>\n<p>Atualmente j\u00e1 foram <strong>contingenciados<\/strong> R$ 29 bilh\u00f5es. Assim, o principal motivo para o novo bloqueio seriam as recentes revis\u00f5es do <a href=\"https:\/\/www.suno.com.br\/artigos\/pib-produto-interno-bruto\/\"><strong>Produto Interno bruto<\/strong> <\/a><strong><a href=\"https:\/\/www.suno.com.br\/artigos\/pib-produto-interno-bruto\/\">(PIB)<\/a>.<\/strong> O crescimento estimado do Brasil para 2019 apresenta queda h\u00e1 dez semanas seguidas. Em janeiro, a estimativa de alta era de 3%, agora, o n\u00famero previsto \u00e9 de 1,49%.<\/p>\n<p>\u201cEm fun\u00e7\u00e3o da revis\u00e3o para a m\u00e9trica do <strong>PIB<\/strong> e em fun\u00e7\u00e3o de termos uma sensibiliza\u00e7\u00e3o muito grande das receitas em rela\u00e7\u00e3o ao <strong>PIB,<\/strong> e em fun\u00e7\u00e3o das despesas se manterem em patamar alto e praticamente constante, uma queda na receita implica necessariamente em uma revis\u00e3o implicando em contingenciamento\u201d, disse Rodrigues.<\/p>\n<p><a href=\"https:\/\/www.suno.com.br\/noticias\/contas-do-governo-fecham-marco-deficit\/\">Saiba Mais: Contas do governo fecham mar\u00e7o com d\u00e9ficit de R$ 21,1 bi<\/a><\/p>\n<p>As medidas de <strong>contingenciamento<\/strong> e de estimulo \u00e0 economia, como a libera\u00e7\u00e3o de saques do <strong>FGTS,<\/strong> s\u00e3o tomadas buscando ajustar as contas do <strong>governo.<\/strong> A meta fiscal para 2019 prev\u00ea um <strong>d\u00e9ficit<\/strong> de R$ 139 bilh\u00f5es. Contudo, caso aumentem as despesas, esse objetivo pode n\u00e3o ser cumprido.<\/p>\n","protected":false},"excerpt":{"rendered":"<p>O governo federal estuda a possibilidade de liberar o saque do saldo do Fundo de Garantia do Tempo de Servi\u00e7o (FGTS) de contas inativas. Com isso, o objetivo seria estimular a economia. Dessa forma, a medida \u00e9 cogitada diante do aumento do desemprego e da situa\u00e7\u00e3o econ\u00f4mica do Pa\u00eds. Waldery Rodrigues FGTS [tnm_video layout=&#8221;mnmd-post-media-wide&#8221;]https:\/\/www.youtube.com\/watch?v=iGrM4wh_OK8[\/tnm_video] Caso [&hellip;]<\/p>\n","protected":false},"author":16,"featured_media":24091,"comment_status":"closed","ping_status":"closed","sticky":false,"template":"","format":"standard","meta":[],"categories":[62],"tags":[740,910,1128],"suno_strategy":[],"class_list":["post-24080","post","type-post","status-publish","format-standard","has-post-thumbnail","hentry","category-economia","tag-economia","tag-fgts","tag-orcamento-publico"],"yoast_head":"<!-- This site is optimized with the Yoast SEO plugin v24.4 - https:\/\/yoast.com\/wordpress\/plugins\/seo\/ -->\n<title>Governo estuda liberar FGTS de contas inativas; fundo ser\u00e1 reformulado<\/title>\n<meta name=\"description\" content=\"A reestrutura\u00e7\u00e3o estudada pelo governo busca altera\u00e7\u00f5es na governan\u00e7a, na gest\u00e3o e na rentabilidade do FGTS. Clique e saiba mais.\" \/>\n<meta name=\"robots\" content=\"index, follow, max-snippet:-1, max-image-preview:large, max-video-preview:-1\" \/>\n<link rel=\"canonical\" href=\"https:\/\/www.suno.com.br\/noticias\/governo-estuda-liberar-fgts-de-contas-inativas-fundo-sera-reformulado\/\" \/>\n<meta property=\"og:locale\" content=\"pt_BR\" \/>\n<meta property=\"og:type\" content=\"article\" \/>\n<meta property=\"og:title\" content=\"Governo estuda liberar FGTS de contas inativas; fundo ser\u00e1 reformulado\" \/>\n<meta property=\"og:description\" content=\"A reestrutura\u00e7\u00e3o estudada pelo governo busca altera\u00e7\u00f5es na governan\u00e7a, na gest\u00e3o e na rentabilidade do FGTS. Clique e saiba mais.\" \/>\n<meta property=\"og:url\" content=\"https:\/\/www.suno.com.br\/noticias\/governo-estuda-liberar-fgts-de-contas-inativas-fundo-sera-reformulado\/\" \/>\n<meta property=\"og:site_name\" content=\"Suno Not\u00edcias\" \/>\n<meta property=\"article:publisher\" content=\"https:\/\/facebook.com\/sunoresearch\" \/>\n<meta property=\"og:image\" content=\"https:\/\/files.sunoresearch.com.br\/n\/uploads\/2019\/05\/7e968385-waldery-rodrigues-fgts.jpg\" \/>\n\t<meta property=\"og:image:width\" content=\"1024\" \/>\n\t<meta property=\"og:image:height\" content=\"683\" \/>\n\t<meta property=\"og:image:type\" content=\"image\/jpeg\" \/>\n<meta name=\"author\" content=\"Beatriz Oliveira\" \/>\n<meta name=\"twitter:card\" content=\"summary_large_image\" \/>\n<meta name=\"twitter:creator\" content=\"@sunoresearch\" \/>\n<meta name=\"twitter:site\" content=\"@sunoresearch\" \/>\n<meta name=\"twitter:label1\" content=\"Escrito por\" \/>\n\t<meta name=\"twitter:data1\" content=\"Beatriz Oliveira\" \/>\n\t<meta name=\"twitter:label2\" content=\"Est. tempo de leitura\" \/>\n\t<meta name=\"twitter:data2\" content=\"2 minutos\" \/>\n<script type=\"application\/ld+json\" class=\"yoast-schema-graph\">{\"@context\":\"https:\/\/schema.org\",\"@graph\":[{\"@type\":\"NewsArticle\",\"@id\":\"https:\/\/www.suno.com.br\/noticias\/governo-estuda-liberar-fgts-de-contas-inativas-fundo-sera-reformulado\/#article\",\"isPartOf\":{\"@id\":\"https:\/\/www.suno.com.br\/noticias\/governo-estuda-liberar-fgts-de-contas-inativas-fundo-sera-reformulado\/\"},\"author\":{\"name\":\"Beatriz Oliveira\",\"@id\":\"https:\/\/www.suno.com.br\/noticias\/#\/schema\/person\/e67f665add014bf99f644028de070cc3\"},\"headline\":\"Governo estuda liberar FGTS de contas inativas; fundo ser\u00e1 reformulado\",\"datePublished\":\"2019-05-10T13:55:16+00:00\",\"dateModified\":\"2019-05-10T23:22:49+00:00\",\"mainEntityOfPage\":{\"@id\":\"https:\/\/www.suno.com.br\/noticias\/governo-estuda-liberar-fgts-de-contas-inativas-fundo-sera-reformulado\/\"},\"wordCount\":503,\"publisher\":{\"@id\":\"https:\/\/www.suno.com.br\/noticias\/#organization\"},\"image\":{\"@id\":\"https:\/\/www.suno.com.br\/noticias\/governo-estuda-liberar-fgts-de-contas-inativas-fundo-sera-reformulado\/#primaryimage\"},\"thumbnailUrl\":\"https:\/\/files.sunoresearch.com.br\/n\/uploads\/2019\/05\/7e968385-waldery-rodrigues-fgts-jpg.webp\",\"keywords\":[\"Economia\",\"FGTS\",\"Or\u00e7amento P\u00fablico\"],\"articleSection\":[\"Economia\"],\"inLanguage\":\"pt-BR\"},{\"@type\":\"WebPage\",\"@id\":\"https:\/\/www.suno.com.br\/noticias\/governo-estuda-liberar-fgts-de-contas-inativas-fundo-sera-reformulado\/\",\"url\":\"https:\/\/www.suno.com.br\/noticias\/governo-estuda-liberar-fgts-de-contas-inativas-fundo-sera-reformulado\/\",\"name\":\"Governo estuda liberar FGTS de contas inativas; fundo ser\u00e1 reformulado\",\"isPartOf\":{\"@id\":\"https:\/\/www.suno.com.br\/noticias\/#website\"},\"primaryImageOfPage\":{\"@id\":\"https:\/\/www.suno.com.br\/noticias\/governo-estuda-liberar-fgts-de-contas-inativas-fundo-sera-reformulado\/#primaryimage\"},\"image\":{\"@id\":\"https:\/\/www.suno.com.br\/noticias\/governo-estuda-liberar-fgts-de-contas-inativas-fundo-sera-reformulado\/#primaryimage\"},\"thumbnailUrl\":\"https:\/\/files.sunoresearch.com.br\/n\/uploads\/2019\/05\/7e968385-waldery-rodrigues-fgts-jpg.webp\",\"datePublished\":\"2019-05-10T13:55:16+00:00\",\"dateModified\":\"2019-05-10T23:22:49+00:00\",\"description\":\"A reestrutura\u00e7\u00e3o estudada pelo governo busca altera\u00e7\u00f5es na governan\u00e7a, na gest\u00e3o e na rentabilidade do FGTS. Clique e saiba mais.\",\"breadcrumb\":{\"@id\":\"https:\/\/www.suno.com.br\/noticias\/governo-estuda-liberar-fgts-de-contas-inativas-fundo-sera-reformulado\/#breadcrumb\"},\"inLanguage\":\"pt-BR\",\"potentialAction\":[{\"@type\":\"ReadAction\",\"target\":[\"https:\/\/www.suno.com.br\/noticias\/governo-estuda-liberar-fgts-de-contas-inativas-fundo-sera-reformulado\/\"]}]},{\"@type\":\"ImageObject\",\"inLanguage\":\"pt-BR\",\"@id\":\"https:\/\/www.suno.com.br\/noticias\/governo-estuda-liberar-fgts-de-contas-inativas-fundo-sera-reformulado\/#primaryimage\",\"url\":\"https:\/\/files.sunoresearch.com.br\/n\/uploads\/2019\/05\/7e968385-waldery-rodrigues-fgts-jpg.webp\",\"contentUrl\":\"https:\/\/files.sunoresearch.com.br\/n\/uploads\/2019\/05\/7e968385-waldery-rodrigues-fgts-jpg.webp\",\"width\":1024,\"height\":683,\"caption\":\"Waldery Rodrigues FGTS\"},{\"@type\":\"BreadcrumbList\",\"@id\":\"https:\/\/www.suno.com.br\/noticias\/governo-estuda-liberar-fgts-de-contas-inativas-fundo-sera-reformulado\/#breadcrumb\",\"itemListElement\":[{\"@type\":\"ListItem\",\"position\":1,\"name\":\"Not\u00edcias\",\"item\":\"https:\/\/www.suno.com.br\/noticias\/\"},{\"@type\":\"ListItem\",\"position\":2,\"name\":\"Economia\",\"item\":\"https:\/\/www.suno.com.br\/noticias\/economia\/\"},{\"@type\":\"ListItem\",\"position\":3,\"name\":\"Governo estuda liberar FGTS de contas inativas; fundo ser\u00e1 reformulado\"}]},{\"@type\":\"WebSite\",\"@id\":\"https:\/\/www.suno.com.br\/noticias\/#website\",\"url\":\"https:\/\/www.suno.com.br\/noticias\/\",\"name\":\"Suno Not\u00edcias\",\"description\":\"Seu portal de informa\u00e7\u00e3o sobre o mundo dos investimentos\",\"publisher\":{\"@id\":\"https:\/\/www.suno.com.br\/noticias\/#organization\"},\"potentialAction\":[{\"@type\":\"SearchAction\",\"target\":{\"@type\":\"EntryPoint\",\"urlTemplate\":\"https:\/\/www.suno.com.br\/noticias\/?s={search_term_string}\"},\"query-input\":{\"@type\":\"PropertyValueSpecification\",\"valueRequired\":true,\"valueName\":\"search_term_string\"}}],\"inLanguage\":\"pt-BR\"},{\"@type\":\"Organization\",\"@id\":\"https:\/\/www.suno.com.br\/noticias\/#organization\",\"name\":\"Suno Not\u00edcias\",\"url\":\"https:\/\/www.suno.com.br\/noticias\/\",\"logo\":{\"@type\":\"ImageObject\",\"inLanguage\":\"pt-BR\",\"@id\":\"https:\/\/www.suno.com.br\/noticias\/#\/schema\/logo\/image\/\",\"url\":\"https:\/\/files.sunoresearch.com.br\/n\/uploads\/2021\/09\/suno-logo.png\",\"contentUrl\":\"https:\/\/files.sunoresearch.com.br\/n\/uploads\/2021\/09\/suno-logo.png\",\"width\":180,\"height\":180,\"caption\":\"Suno Not\u00edcias\"},\"image\":{\"@id\":\"https:\/\/www.suno.com.br\/noticias\/#\/schema\/logo\/image\/\"},\"sameAs\":[\"https:\/\/facebook.com\/sunoresearch\",\"https:\/\/x.com\/sunoresearch\",\"https:\/\/www.instagram.com\/suno\",\"https:\/\/www.linkedin.com\/company\/suno-research\/\",\"https:\/\/www.youtube.com\/c\/sunoresearch\"]},{\"@type\":\"Person\",\"@id\":\"https:\/\/www.suno.com.br\/noticias\/#\/schema\/person\/e67f665add014bf99f644028de070cc3\",\"name\":\"Beatriz Oliveira\",\"image\":{\"@type\":\"ImageObject\",\"inLanguage\":\"pt-BR\",\"@id\":\"https:\/\/www.suno.com.br\/noticias\/#\/schema\/person\/image\/\",\"url\":\"https:\/\/secure.gravatar.com\/avatar\/c9aa6a0aaecc598d257d5d5bd349157d?s=96&r=g\",\"contentUrl\":\"https:\/\/secure.gravatar.com\/avatar\/c9aa6a0aaecc598d257d5d5bd349157d?s=96&r=g\",\"caption\":\"Beatriz Oliveira\"},\"description\":\"Formada em Jornalismo pela Faculdade Paulus de Tecnologia e Comunica\u00e7\u00e3o, Beatriz Oliveira escreve para o portal de not\u00edcias Suno Research. Antes, passou pelas reda\u00e7\u00f5es da Revista EXAME e da Rede Bandeirantes.\",\"url\":\"https:\/\/www.suno.com.br\/noticias\/author\/beatriz\/\"}]}<\/script>\n<!-- \/ Yoast SEO plugin. -->","yoast_head_json":{"title":"Governo estuda liberar FGTS de contas inativas; fundo ser\u00e1 reformulado","description":"A reestrutura\u00e7\u00e3o estudada pelo governo busca altera\u00e7\u00f5es na governan\u00e7a, na gest\u00e3o e na rentabilidade do FGTS. Clique e saiba mais.","robots":{"index":"index","follow":"follow","max-snippet":"max-snippet:-1","max-image-preview":"max-image-preview:large","max-video-preview":"max-video-preview:-1"},"canonical":"https:\/\/www.suno.com.br\/noticias\/governo-estuda-liberar-fgts-de-contas-inativas-fundo-sera-reformulado\/","og_locale":"pt_BR","og_type":"article","og_title":"Governo estuda liberar FGTS de contas inativas; fundo ser\u00e1 reformulado","og_description":"A reestrutura\u00e7\u00e3o estudada pelo governo busca altera\u00e7\u00f5es na governan\u00e7a, na gest\u00e3o e na rentabilidade do FGTS. Clique e saiba mais.","og_url":"https:\/\/www.suno.com.br\/noticias\/governo-estuda-liberar-fgts-de-contas-inativas-fundo-sera-reformulado\/","og_site_name":"Suno Not\u00edcias","article_publisher":"https:\/\/facebook.com\/sunoresearch","og_image":[{"width":1024,"height":683,"url":"https:\/\/files.sunoresearch.com.br\/n\/uploads\/2019\/05\/7e968385-waldery-rodrigues-fgts.jpg","type":"image\/jpeg"}],"author":"Beatriz Oliveira","twitter_card":"summary_large_image","twitter_creator":"@sunoresearch","twitter_site":"@sunoresearch","twitter_misc":{"Escrito por":"Beatriz Oliveira","Est. tempo de leitura":"2 minutos"},"schema":{"@context":"https:\/\/schema.org","@graph":[{"@type":"NewsArticle","@id":"https:\/\/www.suno.com.br\/noticias\/governo-estuda-liberar-fgts-de-contas-inativas-fundo-sera-reformulado\/#article","isPartOf":{"@id":"https:\/\/www.suno.com.br\/noticias\/governo-estuda-liberar-fgts-de-contas-inativas-fundo-sera-reformulado\/"},"author":{"name":"Beatriz Oliveira","@id":"https:\/\/www.suno.com.br\/noticias\/#\/schema\/person\/e67f665add014bf99f644028de070cc3"},"headline":"Governo estuda liberar FGTS de contas inativas; fundo ser\u00e1 reformulado","datePublished":"2019-05-10T13:55:16+00:00","dateModified":"2019-05-10T23:22:49+00:00","mainEntityOfPage":{"@id":"https:\/\/www.suno.com.br\/noticias\/governo-estuda-liberar-fgts-de-contas-inativas-fundo-sera-reformulado\/"},"wordCount":503,"publisher":{"@id":"https:\/\/www.suno.com.br\/noticias\/#organization"},"image":{"@id":"https:\/\/www.suno.com.br\/noticias\/governo-estuda-liberar-fgts-de-contas-inativas-fundo-sera-reformulado\/#primaryimage"},"thumbnailUrl":"https:\/\/files.sunoresearch.com.br\/n\/uploads\/2019\/05\/7e968385-waldery-rodrigues-fgts-jpg.webp","keywords":["Economia","FGTS","Or\u00e7amento P\u00fablico"],"articleSection":["Economia"],"inLanguage":"pt-BR"},{"@type":"WebPage","@id":"https:\/\/www.suno.com.br\/noticias\/governo-estuda-liberar-fgts-de-contas-inativas-fundo-sera-reformulado\/","url":"https:\/\/www.suno.com.br\/noticias\/governo-estuda-liberar-fgts-de-contas-inativas-fundo-sera-reformulado\/","name":"Governo estuda liberar FGTS de contas inativas; fundo ser\u00e1 reformulado","isPartOf":{"@id":"https:\/\/www.suno.com.br\/noticias\/#website"},"primaryImageOfPage":{"@id":"https:\/\/www.suno.com.br\/noticias\/governo-estuda-liberar-fgts-de-contas-inativas-fundo-sera-reformulado\/#primaryimage"},"image":{"@id":"https:\/\/www.suno.com.br\/noticias\/governo-estuda-liberar-fgts-de-contas-inativas-fundo-sera-reformulado\/#primaryimage"},"thumbnailUrl":"https:\/\/files.sunoresearch.com.br\/n\/uploads\/2019\/05\/7e968385-waldery-rodrigues-fgts-jpg.webp","datePublished":"2019-05-10T13:55:16+00:00","dateModified":"2019-05-10T23:22:49+00:00","description":"A reestrutura\u00e7\u00e3o estudada pelo governo busca altera\u00e7\u00f5es na governan\u00e7a, na gest\u00e3o e na rentabilidade do FGTS. Clique e saiba mais.","breadcrumb":{"@id":"https:\/\/www.suno.com.br\/noticias\/governo-estuda-liberar-fgts-de-contas-inativas-fundo-sera-reformulado\/#breadcrumb"},"inLanguage":"pt-BR","potentialAction":[{"@type":"ReadAction","target":["https:\/\/www.suno.com.br\/noticias\/governo-estuda-liberar-fgts-de-contas-inativas-fundo-sera-reformulado\/"]}]},{"@type":"ImageObject","inLanguage":"pt-BR","@id":"https:\/\/www.suno.com.br\/noticias\/governo-estuda-liberar-fgts-de-contas-inativas-fundo-sera-reformulado\/#primaryimage","url":"https:\/\/files.sunoresearch.com.br\/n\/uploads\/2019\/05\/7e968385-waldery-rodrigues-fgts-jpg.webp","contentUrl":"https:\/\/files.sunoresearch.com.br\/n\/uploads\/2019\/05\/7e968385-waldery-rodrigues-fgts-jpg.webp","width":1024,"height":683,"caption":"Waldery Rodrigues FGTS"},{"@type":"BreadcrumbList","@id":"https:\/\/www.suno.com.br\/noticias\/governo-estuda-liberar-fgts-de-contas-inativas-fundo-sera-reformulado\/#breadcrumb","itemListElement":[{"@type":"ListItem","position":1,"name":"Not\u00edcias","item":"https:\/\/www.suno.com.br\/noticias\/"},{"@type":"ListItem","position":2,"name":"Economia","item":"https:\/\/www.suno.com.br\/noticias\/economia\/"},{"@type":"ListItem","position":3,"name":"Governo estuda liberar FGTS de contas inativas; fundo ser\u00e1 reformulado"}]},{"@type":"WebSite","@id":"https:\/\/www.suno.com.br\/noticias\/#website","url":"https:\/\/www.suno.com.br\/noticias\/","name":"Suno Not\u00edcias","description":"Seu portal de informa\u00e7\u00e3o sobre o mundo dos investimentos","publisher":{"@id":"https:\/\/www.suno.com.br\/noticias\/#organization"},"potentialAction":[{"@type":"SearchAction","target":{"@type":"EntryPoint","urlTemplate":"https:\/\/www.suno.com.br\/noticias\/?s={search_term_string}"},"query-input":{"@type":"PropertyValueSpecification","valueRequired":true,"valueName":"search_term_string"}}],"inLanguage":"pt-BR"},{"@type":"Organization","@id":"https:\/\/www.suno.com.br\/noticias\/#organization","name":"Suno Not\u00edcias","url":"https:\/\/www.suno.com.br\/noticias\/","logo":{"@type":"ImageObject","inLanguage":"pt-BR","@id":"https:\/\/www.suno.com.br\/noticias\/#\/schema\/logo\/image\/","url":"https:\/\/files.sunoresearch.com.br\/n\/uploads\/2021\/09\/suno-logo.png","contentUrl":"https:\/\/files.sunoresearch.com.br\/n\/uploads\/2021\/09\/suno-logo.png","width":180,"height":180,"caption":"Suno Not\u00edcias"},"image":{"@id":"https:\/\/www.suno.com.br\/noticias\/#\/schema\/logo\/image\/"},"sameAs":["https:\/\/facebook.com\/sunoresearch","https:\/\/x.com\/sunoresearch","https:\/\/www.instagram.com\/suno","https:\/\/www.linkedin.com\/company\/suno-research\/","https:\/\/www.youtube.com\/c\/sunoresearch"]},{"@type":"Person","@id":"https:\/\/www.suno.com.br\/noticias\/#\/schema\/person\/e67f665add014bf99f644028de070cc3","name":"Beatriz Oliveira","image":{"@type":"ImageObject","inLanguage":"pt-BR","@id":"https:\/\/www.suno.com.br\/noticias\/#\/schema\/person\/image\/","url":"https:\/\/secure.gravatar.com\/avatar\/c9aa6a0aaecc598d257d5d5bd349157d?s=96&r=g","contentUrl":"https:\/\/secure.gravatar.com\/avatar\/c9aa6a0aaecc598d257d5d5bd349157d?s=96&r=g","caption":"Beatriz Oliveira"},"description":"Formada em Jornalismo pela Faculdade Paulus de Tecnologia e Comunica\u00e7\u00e3o, Beatriz Oliveira escreve para o portal de not\u00edcias Suno Research. Antes, passou pelas reda\u00e7\u00f5es da Revista EXAME e da Rede Bandeirantes.","url":"https:\/\/www.suno.com.br\/noticias\/author\/beatriz\/"}]}},"default_loop_html":"<div class=\"cardsPage__listCard__boxs\"><div class=\"cardsPage__listCard__boxs__img\"><a href=\"https:\/\/www.suno.com.br\/noticias\/governo-estuda-liberar-fgts-de-contas-inativas-fundo-sera-reformulado\/\"><img class=\"mask\" src=\"https:\/\/www.suno.com.br\/noticias\/wp-content\/themes\/suno\/resources\/images\/spotlight\/spotlight1img\/bg-mask.png\" alt=\"Image Mask\"\/><img src=\"https:\/\/files.sunoresearch.com.br\/n\/uploads\/2019\/05\/7e968385-waldery-rodrigues-fgts-400x200.webp\" alt=\"Governo estuda liberar FGTS de contas inativas; fundo ser\u00e1 reformulado\"\/><\/a><span class=\"spotlightCategory\"><a href=\"https:\/\/www.suno.com.br\/noticias\/economia\/\">Economia<\/a><\/span><\/div><div class=\"cardsPage__listCard__boxs__content\"><a href=\"https:\/\/www.suno.com.br\/noticias\/governo-estuda-liberar-fgts-de-contas-inativas-fundo-sera-reformulado\/\"><h2 class=\"content__title\">Governo estuda liberar FGTS de contas inativas; fundo ser\u00e1 reformulado<\/h2><\/a><div class=\"newsContent__article__meta\"><div class=\"newsContent__article__meta__authorBox\"><a href=\"https:\/\/www.suno.com.br\/noticias\/author\/beatriz\/\" class=\"authorBox__avatar noMobi\"><img src=\"https:\/\/secure.gravatar.com\/avatar\/c9aa6a0aaecc598d257d5d5bd349157d?s=96&#038;r=g\" alt=\"Beatriz Oliveira\"><\/a><div class=\"authorBox__name\"><span>por\n\t\t\t<a href=\"https:\/\/www.suno.com.br\/noticias\/author\/beatriz\/\"><span itemprop=\"author\">Beatriz Oliveira<\/span><\/a><\/span><time datetime=\"2019-05-10T10:55:16-03:00\" itemprop=\"datePublished\">10\/05\/2019 10:55<\/time><\/div><\/div><\/div><\/div><\/div>","single_layout":"posts","amp_enabled":true,"_links":{"self":[{"href":"https:\/\/www.suno.com.br\/noticias\/wp-json\/wp\/v2\/posts\/24080"}],"collection":[{"href":"https:\/\/www.suno.com.br\/noticias\/wp-json\/wp\/v2\/posts"}],"about":[{"href":"https:\/\/www.suno.com.br\/noticias\/wp-json\/wp\/v2\/types\/post"}],"author":[{"embeddable":true,"href":"https:\/\/www.suno.com.br\/noticias\/wp-json\/wp\/v2\/users\/16"}],"replies":[{"embeddable":true,"href":"https:\/\/www.suno.com.br\/noticias\/wp-json\/wp\/v2\/comments?post=24080"}],"version-history":[{"count":0,"href":"https:\/\/www.suno.com.br\/noticias\/wp-json\/wp\/v2\/posts\/24080\/revisions"}],"wp:featuredmedia":[{"embeddable":true,"href":"https:\/\/www.suno.com.br\/noticias\/wp-json\/wp\/v2\/media\/24091"}],"wp:attachment":[{"href":"https:\/\/www.suno.com.br\/noticias\/wp-json\/wp\/v2\/media?parent=24080"}],"wp:term":[{"taxonomy":"category","embeddable":true,"href":"https:\/\/www.suno.com.br\/noticias\/wp-json\/wp\/v2\/categories?post=24080"},{"taxonomy":"post_tag","embeddable":true,"href":"https:\/\/www.suno.com.br\/noticias\/wp-json\/wp\/v2\/tags?post=24080"},{"taxonomy":"suno_strategy","embeddable":true,"href":"https:\/\/www.suno.com.br\/noticias\/wp-json\/wp\/v2\/suno_strategy?post=24080"}],"curies":[{"name":"wp","href":"https:\/\/api.w.org\/{rel}","templated":true}]}}