{"id":24077,"date":"2019-05-10T10:47:46","date_gmt":"2019-05-10T13:47:46","guid":{"rendered":"https:\/\/www.suno.com.br\/noticias\/?p=24077"},"modified":"2019-05-10T10:55:10","modified_gmt":"2019-05-10T13:55:10","slug":"carrefour-lucro-liquido-alta","status":"publish","type":"post","link":"https:\/\/www.suno.com.br\/noticias\/carrefour-lucro-liquido-alta\/","title":{"rendered":"Carrefour tem alta de mais de 25% no lucro l\u00edquido ajustado no 1\u00b0T19"},"content":{"rendered":"<p>A <strong>rede de hipermercados<\/strong>, Carrefour Brasil, divulgou seu <strong>primeiro balan\u00e7o trimestral deste ano<\/strong>. A empresa teve um crescimento de 57,6% de seu<strong> lucro l\u00edquido<\/strong>, alcan\u00e7ando ao valor de R$ 411 milh\u00f5es. Esse aumento \u00e9 em compara\u00e7\u00e3o com o de mesmo per\u00edodo do ano anterior.<\/p>\t<div class=\"wrapper-featured-image\">\n\t\t<figure class=\"spotlightImg\">\n\n\t\t\t<picture>\n\t\t\t\t<source media=\"(max-width: 768px)\" srcset=\"https:\/\/files.sunoresearch.com.br\/n\/uploads\/2019\/02\/eaaf9656-carrefour-400x200.webp\">\n\t\t\t\t<img loading=\"lazy\" decoding=\"async\" class=\"newsContent__article__imgCapa lazyloadDisabled newsContent__article__imgCapa--noCaption\" src=\"https:\/\/files.sunoresearch.com.br\/n\/uploads\/2019\/02\/eaaf9656-carrefour.jpg\" width=\"800\" height=\"450\" alt=\"Carrefour tem alta de mais de 25% no lucro l\u00edquido ajustado no 1\u00b0T19\" fetchpriority=high \/>\n\t\t\t<\/picture>\n\n\t\t\t<figcaption class=\"wp-caption-text wp-caption-text--hide\">Carrefour tem alta de mais de 25% no lucro l\u00edquido ajustado no 1\u00b0T19<\/figcaption>\n\t\t<\/figure>\n\t<\/div>\n\n\n<p>Considerando o conjunto de regras que determina como devem ser feitos os procedimentos cont\u00e1beis dentro da empresa <a href=\"https:\/\/www.suno.com.br\/artigos\/ifrs\/\">(IFRS, sigla em ingl\u00eas<\/a>), o lucro ajustado foi de R$ 407 milh\u00f5es de reais. Crescimento correspondente a 26,7% de mesma compara\u00e7\u00e3o.\u00a0O <strong>Carrefour<\/strong> atribui ao crescimento a divis\u00e3o de <strong>atacarejo<\/strong> <strong>Atacad\u00e3o<\/strong> e ao controle de custos<\/p>\n\t<p>\n\t\t<a href=\"https:\/\/lp2.suno.com.br\/pv\/curso-zero-ao-primeiro-rendimento\/?utm_source=suno-noticias&#038;utm_medium=banner&#038;utm_campaign=_SNC4CCF8112_\" target=\"_blank\" data-element=\"shortcode-suno-banner\" title=\"Banner SUNO, clique e saiba mais\">\n\t\t\t<picture>\n\t\t\t\t<source media=\"(max-width: 500px)\" srcset=\"https:\/\/files.sunoresearch.com.br\/n\/uploads\/2025\/12\/Artigos-e-Noticias-Banner-Materias-02-Mobile_-400x300-1-png.webp\">\n\t\t\t\t<img class=\"newsContent__article__imgCapa newsContent__article__imgCapa--banner\"\n\t\t\t\t\tsrc=\"https:\/\/files.sunoresearch.com.br\/n\/uploads\/2025\/12\/Artigos-e-Noticias-Banner-Materias-01-Desktop_-1420x240-1-png.webp\"\n\t\t\t\t\tdata-promo-id=\"635313\"\t\t\t\t\t\t\t\t\t\twidth='1420' height='240'\t\t\t\t\talt=\"https:\/\/files.sunoresearch.com.br\/n\/uploads\/2025\/12\/Artigos-e-Noticias-Banner-Materias-01-Desktop_-1420x240-1-png.webp\"\n\t\t\t\t>\n\t\t\t<\/picture>\n\t\t<\/a>\n\t<\/p>\n\n\n<h2>Outros resultados<\/h2>\n<p>O <a href=\"https:\/\/www.suno.com.br\/artigos\/ebitda\/\"><strong>Ebtida<\/strong><\/a>, lucros antes de<a href=\"https:\/\/www.suno.com.br\/artigos\/o-que-sao-juros\/\"><strong> juros<\/strong><\/a>, <a href=\"https:\/\/www.suno.com.br\/artigos\/carga-tributaria\/\"><strong>impostos<\/strong><\/a>, <a href=\"https:\/\/www.suno.com.br\/artigos\/depreciacao-de-um-bem\/\"><strong>deprecia\u00e7\u00e3o<\/strong><\/a> e <a href=\"https:\/\/www.suno.com.br\/artigos\/amortizacao\/\"><strong>amortiza\u00e7\u00e3o<\/strong><\/a>, teve aumento de 16,7%, total de R$ 983 milh\u00f5es, excluindo o IFRS. Considerando o IRFS, o <strong>Ebtida<\/strong> ajustado teve crescimento de 23,8%, somando R$ 1,04 bilh\u00e3o.<\/p>\n<p>Al\u00e9m disso, o <strong>Atacad\u00e3o,<\/strong> com o Ebtida ajustado, teve expans\u00e3o de 32,7% , alcan\u00e7ado R$ 620 milh\u00f5es .<\/p>\n<p><a href=\"https:\/\/www.suno.com.br\/noticias\/carrefour-vendas-crescem\/\">Saiba Mais:\u00a0Carrefour: vendas crescem 8,8% no 1\u00ba trimestre<\/a><\/p>\n<p>J\u00e1 as despesas com <strong>vendas gerais<\/strong> e<strong> administrativas<\/strong> cresceram 16,4%, para R$ 754 milh\u00f5es. Ademais, o percentual das despesas sobre <strong>vendas l\u00edquidas<\/strong> tamb\u00e9m subiram de 8,5% para 8,7%.<\/p>\n<p>A expectativa da rede de varejo \u00e9 abrir mais de 20 lojas do <strong>Atacad\u00e3o<\/strong> em 2019.<\/p>\n<h2>Carrefour adquiriu o Atacad\u00e3o<\/h2>\n<p>O <strong>Carrefour<\/strong> comprou o <strong>Atacad\u00e3o<\/strong> em 2007 por R$ 2,2 bilh\u00f5es, ap\u00f3s a compra, a <strong>rede de hipermercados<\/strong> se tornou a n\u00famero do setor no <strong>Brasil<\/strong> em faturamento. Nesta compra foi adquirido, na \u00e9poca, todas as 34 lojas, das quais 17 estavam localizadas no estado de<strong> S\u00e3o Paulo<\/strong>.<\/p>\n<p>O <strong>Atacad\u00e3o<\/strong> foi fundado nos anos 60 pelo <strong>empres\u00e1rio<\/strong> <strong>Alcides Parizotto<\/strong> e pertencia a <strong>fam\u00edlia Lima<\/strong> e aos <strong>executivos Farid Curi<\/strong> e <strong>Herberto Uli Schmeil<\/strong>.<\/p>\n<h2>\u00daltima cota\u00e7\u00e3o<\/h2>\n<p>Na \u00faltima sess\u00e3o, nesta sexta-feira (10) por volta das 10h30, o <strong>Carrefour<\/strong> (CRFB3) subiu 0,73% sendo negociado a R$20,71.<\/p>\n","protected":false},"excerpt":{"rendered":"<p>A rede de hipermercados, Carrefour Brasil, divulgou seu primeiro balan\u00e7o trimestral deste ano. A empresa teve um crescimento de 57,6% de seu lucro l\u00edquido, alcan\u00e7ando ao valor de R$ 411 milh\u00f5es. Esse aumento \u00e9 em compara\u00e7\u00e3o com o de mesmo per\u00edodo do ano anterior. Carrefour tem alta de mais de 25% no lucro l\u00edquido ajustado [&hellip;]<\/p>\n","protected":false},"author":15,"featured_media":16714,"comment_status":"closed","ping_status":"closed","sticky":false,"template":"","format":"standard","meta":[],"categories":[64],"tags":[1029,405],"suno_strategy":[],"class_list":["post-24077","post","type-post","status-publish","format-standard","has-post-thumbnail","hentry","category-negocios","tag-balancos-trimestrais","tag-carrefour-crfb3"],"yoast_head":"<!-- This site is optimized with the Yoast SEO plugin v24.4 - https:\/\/yoast.com\/wordpress\/plugins\/seo\/ -->\n<title>Carrefour tem alta de mais de 25% no lucro l\u00edquido ajustado no 1\u00b0T19<\/title>\n<meta name=\"description\" content=\"A rede de hipermercados, Carrefour Brasil, divulgou seu primeiro balan\u00e7o trimestral deste ano. Clique aqui e saiba mais\" \/>\n<meta name=\"robots\" content=\"index, follow, max-snippet:-1, max-image-preview:large, max-video-preview:-1\" \/>\n<link rel=\"canonical\" href=\"https:\/\/www.suno.com.br\/noticias\/carrefour-lucro-liquido-alta\/\" \/>\n<meta property=\"og:locale\" content=\"pt_BR\" \/>\n<meta property=\"og:type\" content=\"article\" \/>\n<meta property=\"og:title\" content=\"Carrefour tem alta de mais de 25% no lucro l\u00edquido ajustado no 1\u00b0T19\" \/>\n<meta property=\"og:description\" content=\"A rede de hipermercados, Carrefour Brasil, divulgou seu primeiro balan\u00e7o trimestral deste ano. Clique aqui e saiba mais\" \/>\n<meta property=\"og:url\" content=\"https:\/\/www.suno.com.br\/noticias\/carrefour-lucro-liquido-alta\/\" \/>\n<meta property=\"og:site_name\" content=\"Suno Not\u00edcias\" \/>\n<meta property=\"article:publisher\" content=\"https:\/\/facebook.com\/sunoresearch\" \/>\n<meta property=\"og:image\" content=\"https:\/\/files.sunoresearch.com.br\/n\/uploads\/2019\/02\/eaaf9656-carrefour.jpg\" \/>\n\t<meta property=\"og:image:width\" content=\"577\" \/>\n\t<meta property=\"og:image:height\" content=\"514\" \/>\n\t<meta property=\"og:image:type\" content=\"image\/jpeg\" \/>\n<meta name=\"author\" content=\"Poliana Santos\" \/>\n<meta name=\"twitter:card\" content=\"summary_large_image\" \/>\n<meta name=\"twitter:creator\" content=\"@sunoresearch\" \/>\n<meta name=\"twitter:site\" content=\"@sunoresearch\" \/>\n<meta name=\"twitter:label1\" content=\"Escrito por\" \/>\n\t<meta name=\"twitter:data1\" content=\"Poliana Santos\" \/>\n\t<meta name=\"twitter:label2\" content=\"Est. tempo de leitura\" \/>\n\t<meta name=\"twitter:data2\" content=\"2 minutos\" \/>\n<script type=\"application\/ld+json\" class=\"yoast-schema-graph\">{\"@context\":\"https:\/\/schema.org\",\"@graph\":[{\"@type\":\"NewsArticle\",\"@id\":\"https:\/\/www.suno.com.br\/noticias\/carrefour-lucro-liquido-alta\/#article\",\"isPartOf\":{\"@id\":\"https:\/\/www.suno.com.br\/noticias\/carrefour-lucro-liquido-alta\/\"},\"author\":{\"name\":\"Poliana Santos\",\"@id\":\"https:\/\/www.suno.com.br\/noticias\/#\/schema\/person\/02ec1f752758247878a2bf4abee1aeda\"},\"headline\":\"Carrefour tem alta de mais de 25% no lucro l\u00edquido ajustado no 1\u00b0T19\",\"datePublished\":\"2019-05-10T13:47:46+00:00\",\"dateModified\":\"2019-05-10T13:55:10+00:00\",\"mainEntityOfPage\":{\"@id\":\"https:\/\/www.suno.com.br\/noticias\/carrefour-lucro-liquido-alta\/\"},\"wordCount\":327,\"publisher\":{\"@id\":\"https:\/\/www.suno.com.br\/noticias\/#organization\"},\"image\":{\"@id\":\"https:\/\/www.suno.com.br\/noticias\/carrefour-lucro-liquido-alta\/#primaryimage\"},\"thumbnailUrl\":\"https:\/\/files.sunoresearch.com.br\/n\/uploads\/2019\/02\/eaaf9656-carrefour.jpg\",\"keywords\":[\"balan\u00e7os trimestrais\",\"Carrefour (CRFB3)\"],\"articleSection\":[\"Neg\u00f3cios\"],\"inLanguage\":\"pt-BR\"},{\"@type\":\"WebPage\",\"@id\":\"https:\/\/www.suno.com.br\/noticias\/carrefour-lucro-liquido-alta\/\",\"url\":\"https:\/\/www.suno.com.br\/noticias\/carrefour-lucro-liquido-alta\/\",\"name\":\"Carrefour tem alta de mais de 25% no lucro l\u00edquido ajustado no 1\u00b0T19\",\"isPartOf\":{\"@id\":\"https:\/\/www.suno.com.br\/noticias\/#website\"},\"primaryImageOfPage\":{\"@id\":\"https:\/\/www.suno.com.br\/noticias\/carrefour-lucro-liquido-alta\/#primaryimage\"},\"image\":{\"@id\":\"https:\/\/www.suno.com.br\/noticias\/carrefour-lucro-liquido-alta\/#primaryimage\"},\"thumbnailUrl\":\"https:\/\/files.sunoresearch.com.br\/n\/uploads\/2019\/02\/eaaf9656-carrefour.jpg\",\"datePublished\":\"2019-05-10T13:47:46+00:00\",\"dateModified\":\"2019-05-10T13:55:10+00:00\",\"description\":\"A rede de hipermercados, Carrefour Brasil, divulgou seu primeiro balan\u00e7o trimestral deste ano. Clique aqui e saiba mais\",\"breadcrumb\":{\"@id\":\"https:\/\/www.suno.com.br\/noticias\/carrefour-lucro-liquido-alta\/#breadcrumb\"},\"inLanguage\":\"pt-BR\",\"potentialAction\":[{\"@type\":\"ReadAction\",\"target\":[\"https:\/\/www.suno.com.br\/noticias\/carrefour-lucro-liquido-alta\/\"]}]},{\"@type\":\"ImageObject\",\"inLanguage\":\"pt-BR\",\"@id\":\"https:\/\/www.suno.com.br\/noticias\/carrefour-lucro-liquido-alta\/#primaryimage\",\"url\":\"https:\/\/files.sunoresearch.com.br\/n\/uploads\/2019\/02\/eaaf9656-carrefour.jpg\",\"contentUrl\":\"https:\/\/files.sunoresearch.com.br\/n\/uploads\/2019\/02\/eaaf9656-carrefour.jpg\",\"width\":577,\"height\":514,\"caption\":\"Carrefour tem alta de mais de 25% no lucro l\u00edquido ajustado no 1\u00b0T19\"},{\"@type\":\"BreadcrumbList\",\"@id\":\"https:\/\/www.suno.com.br\/noticias\/carrefour-lucro-liquido-alta\/#breadcrumb\",\"itemListElement\":[{\"@type\":\"ListItem\",\"position\":1,\"name\":\"Not\u00edcias\",\"item\":\"https:\/\/www.suno.com.br\/noticias\/\"},{\"@type\":\"ListItem\",\"position\":2,\"name\":\"Neg\u00f3cios\",\"item\":\"https:\/\/www.suno.com.br\/noticias\/negocios\/\"},{\"@type\":\"ListItem\",\"position\":3,\"name\":\"Carrefour tem alta de mais de 25% no lucro l\u00edquido ajustado no 1\u00b0T19\"}]},{\"@type\":\"WebSite\",\"@id\":\"https:\/\/www.suno.com.br\/noticias\/#website\",\"url\":\"https:\/\/www.suno.com.br\/noticias\/\",\"name\":\"Suno Not\u00edcias\",\"description\":\"Seu portal de informa\u00e7\u00e3o sobre o mundo dos investimentos\",\"publisher\":{\"@id\":\"https:\/\/www.suno.com.br\/noticias\/#organization\"},\"potentialAction\":[{\"@type\":\"SearchAction\",\"target\":{\"@type\":\"EntryPoint\",\"urlTemplate\":\"https:\/\/www.suno.com.br\/noticias\/?s={search_term_string}\"},\"query-input\":{\"@type\":\"PropertyValueSpecification\",\"valueRequired\":true,\"valueName\":\"search_term_string\"}}],\"inLanguage\":\"pt-BR\"},{\"@type\":\"Organization\",\"@id\":\"https:\/\/www.suno.com.br\/noticias\/#organization\",\"name\":\"Suno Not\u00edcias\",\"url\":\"https:\/\/www.suno.com.br\/noticias\/\",\"logo\":{\"@type\":\"ImageObject\",\"inLanguage\":\"pt-BR\",\"@id\":\"https:\/\/www.suno.com.br\/noticias\/#\/schema\/logo\/image\/\",\"url\":\"https:\/\/files.sunoresearch.com.br\/n\/uploads\/2021\/09\/suno-logo.png\",\"contentUrl\":\"https:\/\/files.sunoresearch.com.br\/n\/uploads\/2021\/09\/suno-logo.png\",\"width\":180,\"height\":180,\"caption\":\"Suno Not\u00edcias\"},\"image\":{\"@id\":\"https:\/\/www.suno.com.br\/noticias\/#\/schema\/logo\/image\/\"},\"sameAs\":[\"https:\/\/facebook.com\/sunoresearch\",\"https:\/\/x.com\/sunoresearch\",\"https:\/\/www.instagram.com\/suno\",\"https:\/\/www.linkedin.com\/company\/suno-research\/\",\"https:\/\/www.youtube.com\/c\/sunoresearch\"]},{\"@type\":\"Person\",\"@id\":\"https:\/\/www.suno.com.br\/noticias\/#\/schema\/person\/02ec1f752758247878a2bf4abee1aeda\",\"name\":\"Poliana Santos\",\"image\":{\"@type\":\"ImageObject\",\"inLanguage\":\"pt-BR\",\"@id\":\"https:\/\/www.suno.com.br\/noticias\/#\/schema\/person\/image\/\",\"url\":\"https:\/\/secure.gravatar.com\/avatar\/0645bd32f23d87b2130f2b2dff1d3f8d?s=96&r=g\",\"contentUrl\":\"https:\/\/secure.gravatar.com\/avatar\/0645bd32f23d87b2130f2b2dff1d3f8d?s=96&r=g\",\"caption\":\"Poliana Santos\"},\"description\":\"Rep\u00f3rter no Suno Not\u00edcias, com cobertura em mercado financeiro, economia, finan\u00e7as pessoais, renda fixa e varejo. Jornalista formada pela Faculdade C\u00e1sper L\u00edbero e possui passagem na R\u00e1dio Gazeta AM com a produ\u00e7\u00e3o de conte\u00fado sobre economia, pol\u00edtica, sa\u00fade, moda e m\u00fasica. Possui certificado de conclus\u00e3o do curso de An\u00e1lise de Balan\u00e7os pela Funda\u00e7\u00e3o Bradesco, Agenda Brasil pela FAAP, Educa\u00e7\u00e3o Pol\u00edtica por Alexandre Garcia e do Tesouro Direto e Mercado de A\u00e7\u00f5es pela B3.\",\"url\":\"https:\/\/www.suno.com.br\/noticias\/author\/poliana-santos\/\"}]}<\/script>\n<!-- \/ Yoast SEO plugin. -->","yoast_head_json":{"title":"Carrefour tem alta de mais de 25% no lucro l\u00edquido ajustado no 1\u00b0T19","description":"A rede de hipermercados, Carrefour Brasil, divulgou seu primeiro balan\u00e7o trimestral deste ano. Clique aqui e saiba mais","robots":{"index":"index","follow":"follow","max-snippet":"max-snippet:-1","max-image-preview":"max-image-preview:large","max-video-preview":"max-video-preview:-1"},"canonical":"https:\/\/www.suno.com.br\/noticias\/carrefour-lucro-liquido-alta\/","og_locale":"pt_BR","og_type":"article","og_title":"Carrefour tem alta de mais de 25% no lucro l\u00edquido ajustado no 1\u00b0T19","og_description":"A rede de hipermercados, Carrefour Brasil, divulgou seu primeiro balan\u00e7o trimestral deste ano. Clique aqui e saiba mais","og_url":"https:\/\/www.suno.com.br\/noticias\/carrefour-lucro-liquido-alta\/","og_site_name":"Suno Not\u00edcias","article_publisher":"https:\/\/facebook.com\/sunoresearch","og_image":[{"width":577,"height":514,"url":"https:\/\/files.sunoresearch.com.br\/n\/uploads\/2019\/02\/eaaf9656-carrefour.jpg","type":"image\/jpeg"}],"author":"Poliana Santos","twitter_card":"summary_large_image","twitter_creator":"@sunoresearch","twitter_site":"@sunoresearch","twitter_misc":{"Escrito por":"Poliana Santos","Est. tempo de leitura":"2 minutos"},"schema":{"@context":"https:\/\/schema.org","@graph":[{"@type":"NewsArticle","@id":"https:\/\/www.suno.com.br\/noticias\/carrefour-lucro-liquido-alta\/#article","isPartOf":{"@id":"https:\/\/www.suno.com.br\/noticias\/carrefour-lucro-liquido-alta\/"},"author":{"name":"Poliana Santos","@id":"https:\/\/www.suno.com.br\/noticias\/#\/schema\/person\/02ec1f752758247878a2bf4abee1aeda"},"headline":"Carrefour tem alta de mais de 25% no lucro l\u00edquido ajustado no 1\u00b0T19","datePublished":"2019-05-10T13:47:46+00:00","dateModified":"2019-05-10T13:55:10+00:00","mainEntityOfPage":{"@id":"https:\/\/www.suno.com.br\/noticias\/carrefour-lucro-liquido-alta\/"},"wordCount":327,"publisher":{"@id":"https:\/\/www.suno.com.br\/noticias\/#organization"},"image":{"@id":"https:\/\/www.suno.com.br\/noticias\/carrefour-lucro-liquido-alta\/#primaryimage"},"thumbnailUrl":"https:\/\/files.sunoresearch.com.br\/n\/uploads\/2019\/02\/eaaf9656-carrefour.jpg","keywords":["balan\u00e7os trimestrais","Carrefour (CRFB3)"],"articleSection":["Neg\u00f3cios"],"inLanguage":"pt-BR"},{"@type":"WebPage","@id":"https:\/\/www.suno.com.br\/noticias\/carrefour-lucro-liquido-alta\/","url":"https:\/\/www.suno.com.br\/noticias\/carrefour-lucro-liquido-alta\/","name":"Carrefour tem alta de mais de 25% no lucro l\u00edquido ajustado no 1\u00b0T19","isPartOf":{"@id":"https:\/\/www.suno.com.br\/noticias\/#website"},"primaryImageOfPage":{"@id":"https:\/\/www.suno.com.br\/noticias\/carrefour-lucro-liquido-alta\/#primaryimage"},"image":{"@id":"https:\/\/www.suno.com.br\/noticias\/carrefour-lucro-liquido-alta\/#primaryimage"},"thumbnailUrl":"https:\/\/files.sunoresearch.com.br\/n\/uploads\/2019\/02\/eaaf9656-carrefour.jpg","datePublished":"2019-05-10T13:47:46+00:00","dateModified":"2019-05-10T13:55:10+00:00","description":"A rede de hipermercados, Carrefour Brasil, divulgou seu primeiro balan\u00e7o trimestral deste ano. Clique aqui e saiba mais","breadcrumb":{"@id":"https:\/\/www.suno.com.br\/noticias\/carrefour-lucro-liquido-alta\/#breadcrumb"},"inLanguage":"pt-BR","potentialAction":[{"@type":"ReadAction","target":["https:\/\/www.suno.com.br\/noticias\/carrefour-lucro-liquido-alta\/"]}]},{"@type":"ImageObject","inLanguage":"pt-BR","@id":"https:\/\/www.suno.com.br\/noticias\/carrefour-lucro-liquido-alta\/#primaryimage","url":"https:\/\/files.sunoresearch.com.br\/n\/uploads\/2019\/02\/eaaf9656-carrefour.jpg","contentUrl":"https:\/\/files.sunoresearch.com.br\/n\/uploads\/2019\/02\/eaaf9656-carrefour.jpg","width":577,"height":514,"caption":"Carrefour tem alta de mais de 25% no lucro l\u00edquido ajustado no 1\u00b0T19"},{"@type":"BreadcrumbList","@id":"https:\/\/www.suno.com.br\/noticias\/carrefour-lucro-liquido-alta\/#breadcrumb","itemListElement":[{"@type":"ListItem","position":1,"name":"Not\u00edcias","item":"https:\/\/www.suno.com.br\/noticias\/"},{"@type":"ListItem","position":2,"name":"Neg\u00f3cios","item":"https:\/\/www.suno.com.br\/noticias\/negocios\/"},{"@type":"ListItem","position":3,"name":"Carrefour tem alta de mais de 25% no lucro l\u00edquido ajustado no 1\u00b0T19"}]},{"@type":"WebSite","@id":"https:\/\/www.suno.com.br\/noticias\/#website","url":"https:\/\/www.suno.com.br\/noticias\/","name":"Suno Not\u00edcias","description":"Seu portal de informa\u00e7\u00e3o sobre o mundo dos investimentos","publisher":{"@id":"https:\/\/www.suno.com.br\/noticias\/#organization"},"potentialAction":[{"@type":"SearchAction","target":{"@type":"EntryPoint","urlTemplate":"https:\/\/www.suno.com.br\/noticias\/?s={search_term_string}"},"query-input":{"@type":"PropertyValueSpecification","valueRequired":true,"valueName":"search_term_string"}}],"inLanguage":"pt-BR"},{"@type":"Organization","@id":"https:\/\/www.suno.com.br\/noticias\/#organization","name":"Suno Not\u00edcias","url":"https:\/\/www.suno.com.br\/noticias\/","logo":{"@type":"ImageObject","inLanguage":"pt-BR","@id":"https:\/\/www.suno.com.br\/noticias\/#\/schema\/logo\/image\/","url":"https:\/\/files.sunoresearch.com.br\/n\/uploads\/2021\/09\/suno-logo.png","contentUrl":"https:\/\/files.sunoresearch.com.br\/n\/uploads\/2021\/09\/suno-logo.png","width":180,"height":180,"caption":"Suno Not\u00edcias"},"image":{"@id":"https:\/\/www.suno.com.br\/noticias\/#\/schema\/logo\/image\/"},"sameAs":["https:\/\/facebook.com\/sunoresearch","https:\/\/x.com\/sunoresearch","https:\/\/www.instagram.com\/suno","https:\/\/www.linkedin.com\/company\/suno-research\/","https:\/\/www.youtube.com\/c\/sunoresearch"]},{"@type":"Person","@id":"https:\/\/www.suno.com.br\/noticias\/#\/schema\/person\/02ec1f752758247878a2bf4abee1aeda","name":"Poliana Santos","image":{"@type":"ImageObject","inLanguage":"pt-BR","@id":"https:\/\/www.suno.com.br\/noticias\/#\/schema\/person\/image\/","url":"https:\/\/secure.gravatar.com\/avatar\/0645bd32f23d87b2130f2b2dff1d3f8d?s=96&r=g","contentUrl":"https:\/\/secure.gravatar.com\/avatar\/0645bd32f23d87b2130f2b2dff1d3f8d?s=96&r=g","caption":"Poliana Santos"},"description":"Rep\u00f3rter no Suno Not\u00edcias, com cobertura em mercado financeiro, economia, finan\u00e7as pessoais, renda fixa e varejo. Jornalista formada pela Faculdade C\u00e1sper L\u00edbero e possui passagem na R\u00e1dio Gazeta AM com a produ\u00e7\u00e3o de conte\u00fado sobre economia, pol\u00edtica, sa\u00fade, moda e m\u00fasica. Possui certificado de conclus\u00e3o do curso de An\u00e1lise de Balan\u00e7os pela Funda\u00e7\u00e3o Bradesco, Agenda Brasil pela FAAP, Educa\u00e7\u00e3o Pol\u00edtica por Alexandre Garcia e do Tesouro Direto e Mercado de A\u00e7\u00f5es pela B3.","url":"https:\/\/www.suno.com.br\/noticias\/author\/poliana-santos\/"}]}},"default_loop_html":"<div class=\"cardsPage__listCard__boxs\"><div class=\"cardsPage__listCard__boxs__img\"><a href=\"https:\/\/www.suno.com.br\/noticias\/carrefour-lucro-liquido-alta\/\"><img class=\"mask\" src=\"https:\/\/www.suno.com.br\/noticias\/wp-content\/themes\/suno\/resources\/images\/spotlight\/spotlight1img\/bg-mask.png\" alt=\"Image Mask\"\/><img src=\"https:\/\/files.sunoresearch.com.br\/n\/uploads\/2019\/02\/eaaf9656-carrefour-400x200.webp\" alt=\"Carrefour tem alta de mais de 25% no lucro l\u00edquido ajustado no 1\u00b0T19\"\/><\/a><span class=\"spotlightCategory\"><a href=\"https:\/\/www.suno.com.br\/noticias\/negocios\/\">Neg\u00f3cios<\/a><\/span><\/div><div class=\"cardsPage__listCard__boxs__content\"><a href=\"https:\/\/www.suno.com.br\/noticias\/carrefour-lucro-liquido-alta\/\"><h2 class=\"content__title\">Carrefour tem alta de mais de 25% no lucro l\u00edquido ajustado no 1\u00b0T19<\/h2><\/a><div class=\"newsContent__article__meta\"><div class=\"newsContent__article__meta__authorBox\"><a href=\"https:\/\/www.suno.com.br\/noticias\/author\/poliana-santos\/\" class=\"authorBox__avatar noMobi\"><img src=\"https:\/\/files.sunoresearch.com.br\/n\/uploads\/2020\/08\/7ef34026-whatsapp-image-2020-08-03-at-12.37.57-150x150.webp\" alt=\"Poliana Santos\"><\/a><div class=\"authorBox__name\"><span>por\n\t\t\t<a href=\"https:\/\/www.suno.com.br\/noticias\/author\/poliana-santos\/\"><span itemprop=\"author\">Poliana Santos<\/span><\/a><\/span><time datetime=\"2019-05-10T10:47:46-03:00\" itemprop=\"datePublished\">10\/05\/2019 10:47<\/time><\/div><\/div><\/div><\/div><\/div>","single_layout":"posts","amp_enabled":true,"_links":{"self":[{"href":"https:\/\/www.suno.com.br\/noticias\/wp-json\/wp\/v2\/posts\/24077"}],"collection":[{"href":"https:\/\/www.suno.com.br\/noticias\/wp-json\/wp\/v2\/posts"}],"about":[{"href":"https:\/\/www.suno.com.br\/noticias\/wp-json\/wp\/v2\/types\/post"}],"author":[{"embeddable":true,"href":"https:\/\/www.suno.com.br\/noticias\/wp-json\/wp\/v2\/users\/15"}],"replies":[{"embeddable":true,"href":"https:\/\/www.suno.com.br\/noticias\/wp-json\/wp\/v2\/comments?post=24077"}],"version-history":[{"count":0,"href":"https:\/\/www.suno.com.br\/noticias\/wp-json\/wp\/v2\/posts\/24077\/revisions"}],"wp:featuredmedia":[{"embeddable":true,"href":"https:\/\/www.suno.com.br\/noticias\/wp-json\/wp\/v2\/media\/16714"}],"wp:attachment":[{"href":"https:\/\/www.suno.com.br\/noticias\/wp-json\/wp\/v2\/media?parent=24077"}],"wp:term":[{"taxonomy":"category","embeddable":true,"href":"https:\/\/www.suno.com.br\/noticias\/wp-json\/wp\/v2\/categories?post=24077"},{"taxonomy":"post_tag","embeddable":true,"href":"https:\/\/www.suno.com.br\/noticias\/wp-json\/wp\/v2\/tags?post=24077"},{"taxonomy":"suno_strategy","embeddable":true,"href":"https:\/\/www.suno.com.br\/noticias\/wp-json\/wp\/v2\/suno_strategy?post=24077"}],"curies":[{"name":"wp","href":"https:\/\/api.w.org\/{rel}","templated":true}]}}