{"id":24075,"date":"2019-05-10T10:12:32","date_gmt":"2019-05-10T13:12:32","guid":{"rendered":"https:\/\/www.suno.com.br\/noticias\/?p=24075"},"modified":"2019-05-10T10:12:32","modified_gmt":"2019-05-10T13:12:32","slug":"maia-decreto-armas-inconstitucionalidades","status":"publish","type":"post","link":"https:\/\/www.suno.com.br\/noticias\/maia-decreto-armas-inconstitucionalidades\/","title":{"rendered":"Maia diz que decreto de porte de armas possui inconstitucionalidades"},"content":{"rendered":"<p>O presidente da <strong>C\u00e2mara dos Deputados<\/strong> afirmou que h\u00e1 inconstitucionalidades do decreto de porte de armas. De acordo com Rodrigo Maia, o estudo feito pela Casa achou pontos <strong>inconstitucionais<\/strong> na medida assinada por <strong>Jair Bolsonaro.<\/strong><\/p>\t<div class=\"wrapper-featured-image\">\n\t\t<figure class=\"spotlightImg\">\n\n\t\t\t<picture>\n\t\t\t\t<source media=\"(max-width: 768px)\" srcset=\"https:\/\/files.sunoresearch.com.br\/n\/uploads\/2019\/02\/597eadef-rodrigo-maia-400x200.webp\">\n\t\t\t\t<img loading=\"lazy\" decoding=\"async\" class=\"newsContent__article__imgCapa lazyloadDisabled newsContent__article__imgCapa--noCaption\" src=\"https:\/\/files.sunoresearch.com.br\/n\/uploads\/2019\/02\/597eadef-rodrigo-maia-800x450.webp\" width=\"800\" height=\"450\" alt=\"Maia diz que decreto de porte de armas possui inconstitucionalidades\" fetchpriority=high \/>\n\t\t\t<\/picture>\n\n\t\t\t<figcaption class=\"wp-caption-text wp-caption-text--hide\">Maia diz que Arthur Lira \u00e9 candidato de Bolsonaro \u00e0 presid\u00eancia da C\u00e2mara<\/figcaption>\n\t\t<\/figure>\n\t<\/div>\n\n\n<p>Logo ap\u00f3s a publica\u00e7\u00e3o do decreto, <strong>Maia<\/strong> pediu uma an\u00e1lise t\u00e9cnica do texto. Dessa forma, o presidente da C\u00e2mara afirmou que tentar\u00e1 negociar mudan\u00e7as com o <strong>Planalto.<\/strong> Contudo, caso o governo n\u00e3o acate altera\u00e7\u00f5es do <strong>decreto de porte de armas,<\/strong> o deputado afirmou que tentar\u00e1 derrubar a medida.<\/p>\n\t<p>\n\t\t<a href=\"https:\/\/lp.suno.com.br\/plataforma-de-controle-de-investimentos\/\" target=\"_blank\" data-element=\"shortcode-suno-banner\" title=\"Banner SUNO, clique e saiba mais\">\n\t\t\t<picture>\n\t\t\t\t<source media=\"(max-width: 500px)\" srcset=\"https:\/\/files.sunoresearch.com.br\/n\/uploads\/2023\/03\/400x300-Controle-de-Investimentos.png\">\n\t\t\t\t<img class=\"newsContent__article__imgCapa newsContent__article__imgCapa--banner\"\n\t\t\t\t\tsrc=\"https:\/\/files.sunoresearch.com.br\/n\/uploads\/2023\/03\/1420x240-Controle-de-Investimentos.png\"\n\t\t\t\t\tdata-promo-id=\"383162\"\t\t\t\t\t\t\t\t\t\twidth='1420' height='240'\t\t\t\t\talt=\"https:\/\/files.sunoresearch.com.br\/n\/uploads\/2023\/03\/1420x240-Controle-de-Investimentos.png\"\n\t\t\t\t>\n\t\t\t<\/picture>\n\t\t<\/a>\n\t<\/p>\n\n\n<p>Para isso, <strong>Maia<\/strong> iria propor projetos de lei que alterassem as regulamenta\u00e7\u00f5es do <strong>decreto de porte de armas.<\/strong> &#8220;Aquilo que for inconstitucional do decreto de armas, ou n\u00f3s vamos dialogar com o governo, que \u00e9 o que n\u00f3s queremos, para que o governo possa compreender que entrou nas atribui\u00e7\u00f5es do Congresso Nacional, ou vou ter que votar um dos oito ou nove projetos de decreto legislativo&#8221;, disse.<\/p>\n<p><a href=\"https:\/\/www.suno.com.br\/noticias\/decreto-armas-maia-estudo-constitucionalidade\/\">Saiba Mais: Decreto de armas: Maia pede estudo de constitucionalidade da medida<\/a><\/p>\n<h2>Decreto do porte de armas incomoda<\/h2>\n<p>A assinatura do decreto que estende e facilita o <strong>porte de armas<\/strong> para quase 20 categorias desagradou alguns setores do <strong>Congresso.<\/strong> Nesse sentido, a <strong>bancada evang\u00e9lica<\/strong> foi a principal cr\u00edtica da medida de <strong>Bolsonaro.<\/strong> De acordo com <strong>Maia,<\/strong> um dos projetos que podem derrubar o decreto teria f\u00e1cil e amplo apoio dos deputados.<\/p>\n<p>&#8220;A gente n\u00e3o pode ampliar ainda mais a viol\u00eancia no Brasil&#8221;, afirmou o deputado. Maia ainda defendeu que prefere o di\u00e1logo \u00e0 medida extrema. &#8220;Prefiro o di\u00e1logo para que a gente possa mostrar a\u00a0 ele <strong>(Onyx)<\/strong> o que essa Casa considera que \u00e9 atribui\u00e7\u00e3o nossa e foi colocada no <strong>decreto<\/strong> do que sair derrubando esse decreto presidencial&#8221;, concluiu.<\/p>\n<p><a href=\"https:\/\/www.suno.com.br\/noticias\/taurus-pronta-atender-demanda-decreto-armas\/\">Saiba Mais: Taurus diz estar pronta para atender demanda ap\u00f3s decreto das armas<\/a><\/p>\n<p>O <strong>decreto de porte de armas<\/strong> foi assinado pelo presidente <strong>Bolsonaro<\/strong> na ter\u00e7a-feira (7). A medida facilita o porte para quase 20 categorias. Entre elas, est\u00e3o:<\/p>\n<ul>\n<li>advogados;<\/li>\n<li>jornalistas que trabalhem com cobertura policial;<\/li>\n<li>caminhoneiros;<\/li>\n<li>pol\u00edticos, entre outros.<\/li>\n<\/ul>\n<p>A medida que era uma promessa de campanha de <strong>Bolsonaro<\/strong> traz altera\u00e7\u00f5es no pedido para o <strong>porte.<\/strong> A solicita\u00e7\u00e3o \u00e9 feita \u00e0 <strong>Pol\u00edcia Federal.<\/strong> Sendo assim, para conseguir o porte, a pessoa precisava de:<\/p>\n<ul>\n<li>comprova\u00e7\u00e3o de aptid\u00e3o t\u00e9cnica;<\/li>\n<li>capacidade psicol\u00f3gica;<\/li>\n<li>aus\u00eancia de antecedentes criminai;<\/li>\n<li>comprova\u00e7\u00e3o de necessidade.<\/li>\n<\/ul>\n<h2>O que muda?<\/h2>\n<p>Contudo, a partir de agora, n\u00e3o ser\u00e3o exigidos tantos pr\u00e9-requisitos. Al\u00e9m disso, o <strong>decreto<\/strong> tamb\u00e9m traz mudan\u00e7as na <strong>lei de regulamenta\u00e7\u00e3o das armas<\/strong> no Brasil. Assim, as principais altera\u00e7\u00f5es s\u00e3o:<\/p>\n<p><a href=\"https:\/\/www.suno.com.br\/noticias\/bolsonaro-decreto-de-armas-facilita-porte-para-politicos-e-caminhoneiros\/\">Saiba Mais: Bolsonaro: decreto de armas facilita porte para pol\u00edticos e caminhoneiros<\/a><\/p>\n<ul>\n<li>Quebra do <strong>monop\u00f3lio<\/strong> de importa\u00e7\u00e3o de armas no Brasil;<\/li>\n<li>Autoriza\u00e7\u00e3o para colecionadores, atiradores desportivos e ca\u00e7adores; (CASs) de se locomoverem entre a sua residencia e o local de tiros com a arma carregada;<\/li>\n<li>Libera\u00e7\u00e3o para o <strong>propriet\u00e1rio rural<\/strong> com posse de <strong>arma de fogo<\/strong> usar arma em todo o per\u00edmetro da sua propriedade;<\/li>\n<li>Pra\u00e7as das For\u00e7as Armadas com mais de dez anos ter\u00e3o direito ao porte de arma;<\/li>\n<li>O total de compras de cartuchos passar\u00e1 de 50 para at\u00e9 mil cartuchos por ano;<\/li>\n<\/ul>\n","protected":false},"excerpt":{"rendered":"<p>O presidente da C\u00e2mara dos Deputados afirmou que h\u00e1 inconstitucionalidades do decreto de porte de armas. De acordo com Rodrigo Maia, o estudo feito pela Casa achou pontos inconstitucionais na medida assinada por Jair Bolsonaro. Maia diz que Arthur Lira \u00e9 candidato de Bolsonaro \u00e0 presid\u00eancia da C\u00e2mara Logo ap\u00f3s a publica\u00e7\u00e3o do decreto, Maia [&hellip;]<\/p>\n","protected":false},"author":16,"featured_media":16255,"comment_status":"closed","ping_status":"closed","sticky":false,"template":"","format":"standard","meta":[],"categories":[61],"tags":[981,938,892],"suno_strategy":[],"class_list":["post-24075","post","type-post","status-publish","format-standard","has-post-thumbnail","hentry","category-politica","tag-armas","tag-camara-dos-deputados","tag-rodrigo-maia"],"yoast_head":"<!-- This site is optimized with the Yoast SEO plugin v24.4 - https:\/\/yoast.com\/wordpress\/plugins\/seo\/ -->\n<title>Maia diz que decreto de porte de armas possui inconstitucionalidades<\/title>\n<meta name=\"description\" content=\"O decreto do porte de armas passou por um estudo t\u00e9cnico da C\u00e2mara dos Deputados a pedido de Rodrigo Maia. Clique aqui e saiba mais.\" \/>\n<meta name=\"robots\" content=\"index, follow, max-snippet:-1, max-image-preview:large, max-video-preview:-1\" \/>\n<link rel=\"canonical\" href=\"https:\/\/www.suno.com.br\/noticias\/maia-decreto-armas-inconstitucionalidades\/\" \/>\n<meta property=\"og:locale\" content=\"pt_BR\" \/>\n<meta property=\"og:type\" content=\"article\" \/>\n<meta property=\"og:title\" content=\"Maia diz que decreto de porte de armas possui inconstitucionalidades\" \/>\n<meta property=\"og:description\" content=\"O decreto do porte de armas passou por um estudo t\u00e9cnico da C\u00e2mara dos Deputados a pedido de Rodrigo Maia. Clique aqui e saiba mais.\" \/>\n<meta property=\"og:url\" content=\"https:\/\/www.suno.com.br\/noticias\/maia-decreto-armas-inconstitucionalidades\/\" \/>\n<meta property=\"og:site_name\" content=\"Suno Not\u00edcias\" \/>\n<meta property=\"article:publisher\" content=\"https:\/\/facebook.com\/sunoresearch\" \/>\n<meta property=\"og:image\" content=\"https:\/\/files.sunoresearch.com.br\/n\/uploads\/2019\/02\/597eadef-rodrigo-maia.jpg\" \/>\n\t<meta property=\"og:image:width\" content=\"2048\" \/>\n\t<meta property=\"og:image:height\" content=\"1382\" \/>\n\t<meta property=\"og:image:type\" content=\"image\/jpeg\" \/>\n<meta name=\"author\" content=\"Beatriz Oliveira\" \/>\n<meta name=\"twitter:card\" content=\"summary_large_image\" \/>\n<meta name=\"twitter:creator\" content=\"@sunoresearch\" \/>\n<meta name=\"twitter:site\" content=\"@sunoresearch\" \/>\n<meta name=\"twitter:label1\" content=\"Escrito por\" \/>\n\t<meta name=\"twitter:data1\" content=\"Beatriz Oliveira\" \/>\n\t<meta name=\"twitter:label2\" content=\"Est. tempo de leitura\" \/>\n\t<meta name=\"twitter:data2\" content=\"3 minutos\" \/>\n<script type=\"application\/ld+json\" class=\"yoast-schema-graph\">{\"@context\":\"https:\/\/schema.org\",\"@graph\":[{\"@type\":\"NewsArticle\",\"@id\":\"https:\/\/www.suno.com.br\/noticias\/maia-decreto-armas-inconstitucionalidades\/#article\",\"isPartOf\":{\"@id\":\"https:\/\/www.suno.com.br\/noticias\/maia-decreto-armas-inconstitucionalidades\/\"},\"author\":{\"name\":\"Beatriz Oliveira\",\"@id\":\"https:\/\/www.suno.com.br\/noticias\/#\/schema\/person\/e67f665add014bf99f644028de070cc3\"},\"headline\":\"Maia diz que decreto de porte de armas possui inconstitucionalidades\",\"datePublished\":\"2019-05-10T13:12:32+00:00\",\"mainEntityOfPage\":{\"@id\":\"https:\/\/www.suno.com.br\/noticias\/maia-decreto-armas-inconstitucionalidades\/\"},\"wordCount\":562,\"publisher\":{\"@id\":\"https:\/\/www.suno.com.br\/noticias\/#organization\"},\"image\":{\"@id\":\"https:\/\/www.suno.com.br\/noticias\/maia-decreto-armas-inconstitucionalidades\/#primaryimage\"},\"thumbnailUrl\":\"https:\/\/files.sunoresearch.com.br\/n\/uploads\/2019\/02\/597eadef-rodrigo-maia-jpg.webp\",\"keywords\":[\"Armas\",\"C\u00e2mara dos Deputados\",\"Rodrigo Maia\"],\"articleSection\":[\"Pol\u00edtica\"],\"inLanguage\":\"pt-BR\"},{\"@type\":\"WebPage\",\"@id\":\"https:\/\/www.suno.com.br\/noticias\/maia-decreto-armas-inconstitucionalidades\/\",\"url\":\"https:\/\/www.suno.com.br\/noticias\/maia-decreto-armas-inconstitucionalidades\/\",\"name\":\"Maia diz que decreto de porte de armas possui inconstitucionalidades\",\"isPartOf\":{\"@id\":\"https:\/\/www.suno.com.br\/noticias\/#website\"},\"primaryImageOfPage\":{\"@id\":\"https:\/\/www.suno.com.br\/noticias\/maia-decreto-armas-inconstitucionalidades\/#primaryimage\"},\"image\":{\"@id\":\"https:\/\/www.suno.com.br\/noticias\/maia-decreto-armas-inconstitucionalidades\/#primaryimage\"},\"thumbnailUrl\":\"https:\/\/files.sunoresearch.com.br\/n\/uploads\/2019\/02\/597eadef-rodrigo-maia-jpg.webp\",\"datePublished\":\"2019-05-10T13:12:32+00:00\",\"description\":\"O decreto do porte de armas passou por um estudo t\u00e9cnico da C\u00e2mara dos Deputados a pedido de Rodrigo Maia. Clique aqui e saiba mais.\",\"breadcrumb\":{\"@id\":\"https:\/\/www.suno.com.br\/noticias\/maia-decreto-armas-inconstitucionalidades\/#breadcrumb\"},\"inLanguage\":\"pt-BR\",\"potentialAction\":[{\"@type\":\"ReadAction\",\"target\":[\"https:\/\/www.suno.com.br\/noticias\/maia-decreto-armas-inconstitucionalidades\/\"]}]},{\"@type\":\"ImageObject\",\"inLanguage\":\"pt-BR\",\"@id\":\"https:\/\/www.suno.com.br\/noticias\/maia-decreto-armas-inconstitucionalidades\/#primaryimage\",\"url\":\"https:\/\/files.sunoresearch.com.br\/n\/uploads\/2019\/02\/597eadef-rodrigo-maia-jpg.webp\",\"contentUrl\":\"https:\/\/files.sunoresearch.com.br\/n\/uploads\/2019\/02\/597eadef-rodrigo-maia-jpg.webp\",\"width\":2048,\"height\":1382,\"caption\":\"Maia diz que Arthur Lira \u00e9 candidato de Bolsonaro \u00e0 presid\u00eancia da C\u00e2mara\"},{\"@type\":\"BreadcrumbList\",\"@id\":\"https:\/\/www.suno.com.br\/noticias\/maia-decreto-armas-inconstitucionalidades\/#breadcrumb\",\"itemListElement\":[{\"@type\":\"ListItem\",\"position\":1,\"name\":\"Not\u00edcias\",\"item\":\"https:\/\/www.suno.com.br\/noticias\/\"},{\"@type\":\"ListItem\",\"position\":2,\"name\":\"Pol\u00edtica\",\"item\":\"https:\/\/www.suno.com.br\/noticias\/politica\/\"},{\"@type\":\"ListItem\",\"position\":3,\"name\":\"Maia diz que decreto de porte de armas possui inconstitucionalidades\"}]},{\"@type\":\"WebSite\",\"@id\":\"https:\/\/www.suno.com.br\/noticias\/#website\",\"url\":\"https:\/\/www.suno.com.br\/noticias\/\",\"name\":\"Suno Not\u00edcias\",\"description\":\"Seu portal de informa\u00e7\u00e3o sobre o mundo dos investimentos\",\"publisher\":{\"@id\":\"https:\/\/www.suno.com.br\/noticias\/#organization\"},\"potentialAction\":[{\"@type\":\"SearchAction\",\"target\":{\"@type\":\"EntryPoint\",\"urlTemplate\":\"https:\/\/www.suno.com.br\/noticias\/?s={search_term_string}\"},\"query-input\":{\"@type\":\"PropertyValueSpecification\",\"valueRequired\":true,\"valueName\":\"search_term_string\"}}],\"inLanguage\":\"pt-BR\"},{\"@type\":\"Organization\",\"@id\":\"https:\/\/www.suno.com.br\/noticias\/#organization\",\"name\":\"Suno Not\u00edcias\",\"url\":\"https:\/\/www.suno.com.br\/noticias\/\",\"logo\":{\"@type\":\"ImageObject\",\"inLanguage\":\"pt-BR\",\"@id\":\"https:\/\/www.suno.com.br\/noticias\/#\/schema\/logo\/image\/\",\"url\":\"https:\/\/files.sunoresearch.com.br\/n\/uploads\/2021\/09\/suno-logo.png\",\"contentUrl\":\"https:\/\/files.sunoresearch.com.br\/n\/uploads\/2021\/09\/suno-logo.png\",\"width\":180,\"height\":180,\"caption\":\"Suno Not\u00edcias\"},\"image\":{\"@id\":\"https:\/\/www.suno.com.br\/noticias\/#\/schema\/logo\/image\/\"},\"sameAs\":[\"https:\/\/facebook.com\/sunoresearch\",\"https:\/\/x.com\/sunoresearch\",\"https:\/\/www.instagram.com\/suno\",\"https:\/\/www.linkedin.com\/company\/suno-research\/\",\"https:\/\/www.youtube.com\/c\/sunoresearch\"]},{\"@type\":\"Person\",\"@id\":\"https:\/\/www.suno.com.br\/noticias\/#\/schema\/person\/e67f665add014bf99f644028de070cc3\",\"name\":\"Beatriz Oliveira\",\"image\":{\"@type\":\"ImageObject\",\"inLanguage\":\"pt-BR\",\"@id\":\"https:\/\/www.suno.com.br\/noticias\/#\/schema\/person\/image\/\",\"url\":\"https:\/\/secure.gravatar.com\/avatar\/c9aa6a0aaecc598d257d5d5bd349157d?s=96&r=g\",\"contentUrl\":\"https:\/\/secure.gravatar.com\/avatar\/c9aa6a0aaecc598d257d5d5bd349157d?s=96&r=g\",\"caption\":\"Beatriz Oliveira\"},\"description\":\"Formada em Jornalismo pela Faculdade Paulus de Tecnologia e Comunica\u00e7\u00e3o, Beatriz Oliveira escreve para o portal de not\u00edcias Suno Research. Antes, passou pelas reda\u00e7\u00f5es da Revista EXAME e da Rede Bandeirantes.\",\"url\":\"https:\/\/www.suno.com.br\/noticias\/author\/beatriz\/\"}]}<\/script>\n<!-- \/ Yoast SEO plugin. -->","yoast_head_json":{"title":"Maia diz que decreto de porte de armas possui inconstitucionalidades","description":"O decreto do porte de armas passou por um estudo t\u00e9cnico da C\u00e2mara dos Deputados a pedido de Rodrigo Maia. Clique aqui e saiba mais.","robots":{"index":"index","follow":"follow","max-snippet":"max-snippet:-1","max-image-preview":"max-image-preview:large","max-video-preview":"max-video-preview:-1"},"canonical":"https:\/\/www.suno.com.br\/noticias\/maia-decreto-armas-inconstitucionalidades\/","og_locale":"pt_BR","og_type":"article","og_title":"Maia diz que decreto de porte de armas possui inconstitucionalidades","og_description":"O decreto do porte de armas passou por um estudo t\u00e9cnico da C\u00e2mara dos Deputados a pedido de Rodrigo Maia. Clique aqui e saiba mais.","og_url":"https:\/\/www.suno.com.br\/noticias\/maia-decreto-armas-inconstitucionalidades\/","og_site_name":"Suno Not\u00edcias","article_publisher":"https:\/\/facebook.com\/sunoresearch","og_image":[{"width":2048,"height":1382,"url":"https:\/\/files.sunoresearch.com.br\/n\/uploads\/2019\/02\/597eadef-rodrigo-maia.jpg","type":"image\/jpeg"}],"author":"Beatriz Oliveira","twitter_card":"summary_large_image","twitter_creator":"@sunoresearch","twitter_site":"@sunoresearch","twitter_misc":{"Escrito por":"Beatriz Oliveira","Est. tempo de leitura":"3 minutos"},"schema":{"@context":"https:\/\/schema.org","@graph":[{"@type":"NewsArticle","@id":"https:\/\/www.suno.com.br\/noticias\/maia-decreto-armas-inconstitucionalidades\/#article","isPartOf":{"@id":"https:\/\/www.suno.com.br\/noticias\/maia-decreto-armas-inconstitucionalidades\/"},"author":{"name":"Beatriz Oliveira","@id":"https:\/\/www.suno.com.br\/noticias\/#\/schema\/person\/e67f665add014bf99f644028de070cc3"},"headline":"Maia diz que decreto de porte de armas possui inconstitucionalidades","datePublished":"2019-05-10T13:12:32+00:00","mainEntityOfPage":{"@id":"https:\/\/www.suno.com.br\/noticias\/maia-decreto-armas-inconstitucionalidades\/"},"wordCount":562,"publisher":{"@id":"https:\/\/www.suno.com.br\/noticias\/#organization"},"image":{"@id":"https:\/\/www.suno.com.br\/noticias\/maia-decreto-armas-inconstitucionalidades\/#primaryimage"},"thumbnailUrl":"https:\/\/files.sunoresearch.com.br\/n\/uploads\/2019\/02\/597eadef-rodrigo-maia-jpg.webp","keywords":["Armas","C\u00e2mara dos Deputados","Rodrigo Maia"],"articleSection":["Pol\u00edtica"],"inLanguage":"pt-BR"},{"@type":"WebPage","@id":"https:\/\/www.suno.com.br\/noticias\/maia-decreto-armas-inconstitucionalidades\/","url":"https:\/\/www.suno.com.br\/noticias\/maia-decreto-armas-inconstitucionalidades\/","name":"Maia diz que decreto de porte de armas possui inconstitucionalidades","isPartOf":{"@id":"https:\/\/www.suno.com.br\/noticias\/#website"},"primaryImageOfPage":{"@id":"https:\/\/www.suno.com.br\/noticias\/maia-decreto-armas-inconstitucionalidades\/#primaryimage"},"image":{"@id":"https:\/\/www.suno.com.br\/noticias\/maia-decreto-armas-inconstitucionalidades\/#primaryimage"},"thumbnailUrl":"https:\/\/files.sunoresearch.com.br\/n\/uploads\/2019\/02\/597eadef-rodrigo-maia-jpg.webp","datePublished":"2019-05-10T13:12:32+00:00","description":"O decreto do porte de armas passou por um estudo t\u00e9cnico da C\u00e2mara dos Deputados a pedido de Rodrigo Maia. Clique aqui e saiba mais.","breadcrumb":{"@id":"https:\/\/www.suno.com.br\/noticias\/maia-decreto-armas-inconstitucionalidades\/#breadcrumb"},"inLanguage":"pt-BR","potentialAction":[{"@type":"ReadAction","target":["https:\/\/www.suno.com.br\/noticias\/maia-decreto-armas-inconstitucionalidades\/"]}]},{"@type":"ImageObject","inLanguage":"pt-BR","@id":"https:\/\/www.suno.com.br\/noticias\/maia-decreto-armas-inconstitucionalidades\/#primaryimage","url":"https:\/\/files.sunoresearch.com.br\/n\/uploads\/2019\/02\/597eadef-rodrigo-maia-jpg.webp","contentUrl":"https:\/\/files.sunoresearch.com.br\/n\/uploads\/2019\/02\/597eadef-rodrigo-maia-jpg.webp","width":2048,"height":1382,"caption":"Maia diz que Arthur Lira \u00e9 candidato de Bolsonaro \u00e0 presid\u00eancia da C\u00e2mara"},{"@type":"BreadcrumbList","@id":"https:\/\/www.suno.com.br\/noticias\/maia-decreto-armas-inconstitucionalidades\/#breadcrumb","itemListElement":[{"@type":"ListItem","position":1,"name":"Not\u00edcias","item":"https:\/\/www.suno.com.br\/noticias\/"},{"@type":"ListItem","position":2,"name":"Pol\u00edtica","item":"https:\/\/www.suno.com.br\/noticias\/politica\/"},{"@type":"ListItem","position":3,"name":"Maia diz que decreto de porte de armas possui inconstitucionalidades"}]},{"@type":"WebSite","@id":"https:\/\/www.suno.com.br\/noticias\/#website","url":"https:\/\/www.suno.com.br\/noticias\/","name":"Suno Not\u00edcias","description":"Seu portal de informa\u00e7\u00e3o sobre o mundo dos investimentos","publisher":{"@id":"https:\/\/www.suno.com.br\/noticias\/#organization"},"potentialAction":[{"@type":"SearchAction","target":{"@type":"EntryPoint","urlTemplate":"https:\/\/www.suno.com.br\/noticias\/?s={search_term_string}"},"query-input":{"@type":"PropertyValueSpecification","valueRequired":true,"valueName":"search_term_string"}}],"inLanguage":"pt-BR"},{"@type":"Organization","@id":"https:\/\/www.suno.com.br\/noticias\/#organization","name":"Suno Not\u00edcias","url":"https:\/\/www.suno.com.br\/noticias\/","logo":{"@type":"ImageObject","inLanguage":"pt-BR","@id":"https:\/\/www.suno.com.br\/noticias\/#\/schema\/logo\/image\/","url":"https:\/\/files.sunoresearch.com.br\/n\/uploads\/2021\/09\/suno-logo.png","contentUrl":"https:\/\/files.sunoresearch.com.br\/n\/uploads\/2021\/09\/suno-logo.png","width":180,"height":180,"caption":"Suno Not\u00edcias"},"image":{"@id":"https:\/\/www.suno.com.br\/noticias\/#\/schema\/logo\/image\/"},"sameAs":["https:\/\/facebook.com\/sunoresearch","https:\/\/x.com\/sunoresearch","https:\/\/www.instagram.com\/suno","https:\/\/www.linkedin.com\/company\/suno-research\/","https:\/\/www.youtube.com\/c\/sunoresearch"]},{"@type":"Person","@id":"https:\/\/www.suno.com.br\/noticias\/#\/schema\/person\/e67f665add014bf99f644028de070cc3","name":"Beatriz Oliveira","image":{"@type":"ImageObject","inLanguage":"pt-BR","@id":"https:\/\/www.suno.com.br\/noticias\/#\/schema\/person\/image\/","url":"https:\/\/secure.gravatar.com\/avatar\/c9aa6a0aaecc598d257d5d5bd349157d?s=96&r=g","contentUrl":"https:\/\/secure.gravatar.com\/avatar\/c9aa6a0aaecc598d257d5d5bd349157d?s=96&r=g","caption":"Beatriz Oliveira"},"description":"Formada em Jornalismo pela Faculdade Paulus de Tecnologia e Comunica\u00e7\u00e3o, Beatriz Oliveira escreve para o portal de not\u00edcias Suno Research. Antes, passou pelas reda\u00e7\u00f5es da Revista EXAME e da Rede Bandeirantes.","url":"https:\/\/www.suno.com.br\/noticias\/author\/beatriz\/"}]}},"default_loop_html":"<div class=\"cardsPage__listCard__boxs\"><div class=\"cardsPage__listCard__boxs__img\"><a href=\"https:\/\/www.suno.com.br\/noticias\/maia-decreto-armas-inconstitucionalidades\/\"><img class=\"mask\" src=\"https:\/\/www.suno.com.br\/noticias\/wp-content\/themes\/suno\/resources\/images\/spotlight\/spotlight1img\/bg-mask.png\" alt=\"Image Mask\"\/><img src=\"https:\/\/files.sunoresearch.com.br\/n\/uploads\/2019\/02\/597eadef-rodrigo-maia-400x200.webp\" alt=\"Maia diz que decreto de porte de armas possui inconstitucionalidades\"\/><\/a><span class=\"spotlightCategory\"><a href=\"https:\/\/www.suno.com.br\/noticias\/politica\/\">Pol\u00edtica<\/a><\/span><\/div><div class=\"cardsPage__listCard__boxs__content\"><a href=\"https:\/\/www.suno.com.br\/noticias\/maia-decreto-armas-inconstitucionalidades\/\"><h2 class=\"content__title\">Maia diz que decreto de porte de armas possui inconstitucionalidades<\/h2><\/a><div class=\"newsContent__article__meta\"><div class=\"newsContent__article__meta__authorBox\"><a href=\"https:\/\/www.suno.com.br\/noticias\/author\/beatriz\/\" class=\"authorBox__avatar noMobi\"><img src=\"https:\/\/secure.gravatar.com\/avatar\/c9aa6a0aaecc598d257d5d5bd349157d?s=96&#038;r=g\" alt=\"Beatriz Oliveira\"><\/a><div class=\"authorBox__name\"><span>por\n\t\t\t<a href=\"https:\/\/www.suno.com.br\/noticias\/author\/beatriz\/\"><span itemprop=\"author\">Beatriz Oliveira<\/span><\/a><\/span><time datetime=\"2019-05-10T10:12:32-03:00\" itemprop=\"datePublished\">10\/05\/2019 10:12<\/time><\/div><\/div><\/div><\/div><\/div>","single_layout":"posts","amp_enabled":true,"_links":{"self":[{"href":"https:\/\/www.suno.com.br\/noticias\/wp-json\/wp\/v2\/posts\/24075"}],"collection":[{"href":"https:\/\/www.suno.com.br\/noticias\/wp-json\/wp\/v2\/posts"}],"about":[{"href":"https:\/\/www.suno.com.br\/noticias\/wp-json\/wp\/v2\/types\/post"}],"author":[{"embeddable":true,"href":"https:\/\/www.suno.com.br\/noticias\/wp-json\/wp\/v2\/users\/16"}],"replies":[{"embeddable":true,"href":"https:\/\/www.suno.com.br\/noticias\/wp-json\/wp\/v2\/comments?post=24075"}],"version-history":[{"count":0,"href":"https:\/\/www.suno.com.br\/noticias\/wp-json\/wp\/v2\/posts\/24075\/revisions"}],"wp:featuredmedia":[{"embeddable":true,"href":"https:\/\/www.suno.com.br\/noticias\/wp-json\/wp\/v2\/media\/16255"}],"wp:attachment":[{"href":"https:\/\/www.suno.com.br\/noticias\/wp-json\/wp\/v2\/media?parent=24075"}],"wp:term":[{"taxonomy":"category","embeddable":true,"href":"https:\/\/www.suno.com.br\/noticias\/wp-json\/wp\/v2\/categories?post=24075"},{"taxonomy":"post_tag","embeddable":true,"href":"https:\/\/www.suno.com.br\/noticias\/wp-json\/wp\/v2\/tags?post=24075"},{"taxonomy":"suno_strategy","embeddable":true,"href":"https:\/\/www.suno.com.br\/noticias\/wp-json\/wp\/v2\/suno_strategy?post=24075"}],"curies":[{"name":"wp","href":"https:\/\/api.w.org\/{rel}","templated":true}]}}