{"id":24067,"date":"2019-05-10T09:34:59","date_gmt":"2019-05-10T12:34:59","guid":{"rendered":"https:\/\/www.suno.com.br\/noticias\/?p=24067"},"modified":"2019-05-10T10:51:04","modified_gmt":"2019-05-10T13:51:04","slug":"inflacao-ipca-alta-abril","status":"publish","type":"post","link":"https:\/\/www.suno.com.br\/noticias\/inflacao-ipca-alta-abril\/","title":{"rendered":"Infla\u00e7\u00e3o: IPCA chega a 0,57% em abril; No ano a alta \u00e9 de 2,09%"},"content":{"rendered":"<p>O \u00cdndice Nacional de Pre\u00e7os ao Consumidor Amplo (IPCA), infla\u00e7\u00e3o oficial do Brasil, ficou em 0,57% em abril, de acordo com o Instituto Brasileiro de Geografia e Estat\u00edstica (IBGE) nesta sexta-feira (10). O \u00edndice foi impulsionada pelo pre\u00e7o dos rem\u00e9dios.<\/p>\t<div class=\"wrapper-featured-image\">\n\t\t<figure class=\"spotlightImg\">\n\n\t\t\t<picture>\n\t\t\t\t<source media=\"(max-width: 768px)\" srcset=\"https:\/\/files.sunoresearch.com.br\/n\/uploads\/2019\/05\/ef7e11f1-infla\u00e7\u00e3o-400x200.webp\">\n\t\t\t\t<img loading=\"lazy\" decoding=\"async\" class=\"newsContent__article__imgCapa lazyloadDisabled newsContent__article__imgCapa--noCaption\" src=\"https:\/\/files.sunoresearch.com.br\/n\/uploads\/2019\/05\/ef7e11f1-infla\u00e7\u00e3o-jpg.webp\" width=\"800\" height=\"450\" alt=\"Infla\u00e7\u00e3o: IPCA chega a 0,57% em abril; No ano a alta \u00e9 de 2,09%\" fetchpriority=high \/>\n\t\t\t<\/picture>\n\n\t\t\t<figcaption class=\"wp-caption-text wp-caption-text--hide\">IPCA<\/figcaption>\n\t\t<\/figure>\n\t<\/div>\n\n\n<p>Dessa forma, o <strong>IPCA<\/strong> acumulou uma alta de 2,09% no ano. Al\u00e9m disso, durante os \u00faltimos 12 meses, a <strong>infla\u00e7\u00e3o <\/strong>oficial acumula alta de 4,94%, ficando acima do centro da meta estipulada pelo <a href=\"https:\/\/www.suno.com.br\/artigos\/cmn-conselho-monetario-nacional\/\">Conselho Monet\u00e1rio Nacional (CMN)<\/a>, que \u00e9 4,25%.<\/p>\n\t<p>\n\t\t<a href=\"https:\/\/lp2.suno.com.br\/pv\/eu-invisto-2026\/?utm_source=suno-noticias&#038;utm_medium=banner&#038;utm_campaign=_SNC4CCF8112_\" target=\"_blank\" data-element=\"shortcode-suno-banner\" title=\"Banner SUNO, clique e saiba mais\">\n\t\t\t<picture>\n\t\t\t\t<source media=\"(max-width: 500px)\" srcset=\"https:\/\/files.sunoresearch.com.br\/n\/uploads\/2025\/12\/Banner-Materias-01-Mbl_-400x300-1-png.webp\">\n\t\t\t\t<img class=\"newsContent__article__imgCapa newsContent__article__imgCapa--banner\"\n\t\t\t\t\tsrc=\"https:\/\/files.sunoresearch.com.br\/n\/uploads\/2025\/12\/Banner-Materias-01-Dkp_-1420x240-1-png.webp\"\n\t\t\t\t\tdata-promo-id=\"635514\"\t\t\t\t\t\t\t\t\t\twidth='1420' height='240'\t\t\t\t\talt=\"https:\/\/files.sunoresearch.com.br\/n\/uploads\/2025\/12\/Banner-Materias-01-Dkp_-1420x240-1-png.webp\"\n\t\t\t\t>\n\t\t\t<\/picture>\n\t\t<\/a>\n\t<\/p>\n\n\n<p>No entanto, segue dentro do intervalo de toler\u00e2ncia que \u00e9 de 2,75% a 5,75%.<\/p>\n<h2>Infla\u00e7\u00e3o por grupos<\/h2>\n<p>O <strong>grupo<\/strong> <strong>de<\/strong> <strong>Sa\u00fade<\/strong> e cuidados pessoais foi o principal influenciador do IPCA durante abril. De acordo com o <strong>IBGE<\/strong>, foi o grupo que marcou infla\u00e7\u00e3o no m\u00eas, 1,51%.<\/p>\n<p>Dentro da categoria, os destaques foram os itens de higiene pessoal com alta de +2,76% e os planos de sa\u00fade com crescimento de +0,80%<\/p>\n<p>De acordo com o gerente da Pesquisa, Fernando Gon\u00e7alves, a alta da infla\u00e7\u00e3o no setor se deve ao &#8220;aumento anual dos medicamentos, que ocorre no final de mar\u00e7o&#8221;.<\/p>\n<p><a href=\"https:\/\/www.suno.com.br\/noticias\/ipca-15-inflacao-previa\/\">Saiba mais:\u00a0Pr\u00e9via da infla\u00e7\u00e3o: IPCA-15 aponta avan\u00e7o para 0,72% em abril<\/a><\/p>\n<p>A segunda maior varia\u00e7\u00e3o do IPCA ficou com o <strong>grupo<\/strong> <strong>de<\/strong> <strong>Transporte<\/strong>, 0,94%. O setor foi impulsionado pela alta do pre\u00e7o da gasolina, que ficou 2,66% mais cara.<\/p>\n<p>Al\u00e9m disso, o levantamento feito aponta a alta dos valores das passagens a\u00e9reas, 5,32%, e dos \u00f4nibus urbanos, 0,74%, em alguns estados, como influenciadores da infla\u00e7\u00e3o.<\/p>\n<p>O <strong>grupo<\/strong> <strong>de alimentos<\/strong> <strong>e bebidas<\/strong> teve sua infla\u00e7\u00e3o freada entre mar\u00e7o e abril, passando de 1,37% para 0,63%. A queda dos pre\u00e7os do feij\u00e3o-carioca, -9,09%, e das frutas, -0,71%, foram os principais itens que seguraram o setor.<\/p>\n<p>Nem mesmo a alta de 28,64% no valor tomate, reverteu a queda dos itens.<\/p>\n<h2>Expectativas do mercado<\/h2>\n<p>A expectativa do mercado \u00e9 de que no acumulado do ano o IPCA chegue a 4,04%, de acordo com a \u00faltima previs\u00e3o do Boletim Focus, divulgada pelo Banco Central na segunda-feira (6).<\/p>\n<p><a href=\"https:\/\/www.suno.com.br\/noticias\/boletim-focus-pib-abaixo-15\/\">Saiba mais:\u00a0Boletim Focus: previs\u00e3o do PIB cai pela primeira vez abaixo de 1,5%<\/a><\/p>\n<p>No entanto, a estimativa da <strong>infla\u00e7\u00e3o<\/strong> foi diminu\u00edda em 0,03% no relat\u00f3rio. Para 2020, a expectativa de alta de 4% ainda foi mantida.<\/p>\n","protected":false},"excerpt":{"rendered":"<p>O \u00cdndice Nacional de Pre\u00e7os ao Consumidor Amplo (IPCA), infla\u00e7\u00e3o oficial do Brasil, ficou em 0,57% em abril, de acordo com o Instituto Brasileiro de Geografia e Estat\u00edstica (IBGE) nesta sexta-feira (10). O \u00edndice foi impulsionada pelo pre\u00e7o dos rem\u00e9dios. IPCA Dessa forma, o IPCA acumulou uma alta de 2,09% no ano. Al\u00e9m disso, durante [&hellip;]<\/p>\n","protected":false},"author":11,"featured_media":24069,"comment_status":"closed","ping_status":"closed","sticky":false,"template":"","format":"standard","meta":[],"categories":[62],"tags":[850,966],"suno_strategy":[],"class_list":["post-24067","post","type-post","status-publish","format-standard","has-post-thumbnail","hentry","category-economia","tag-inflacao","tag-ipca"],"yoast_head":"<!-- This site is optimized with the Yoast SEO plugin v24.4 - https:\/\/yoast.com\/wordpress\/plugins\/seo\/ -->\n<title>Infla\u00e7\u00e3o: IPCA chega a 0,57% em abril; No ano a alta \u00e9 de 2,09%<\/title>\n<meta name=\"description\" content=\"Infla\u00e7\u00e3o oficial do Brasil, medida pelo IPCA, registrou alta durante abril impulsionada pelo reajuste dos rem\u00e9dios. Clique e saiba mais.\" \/>\n<meta name=\"robots\" content=\"index, follow, max-snippet:-1, max-image-preview:large, max-video-preview:-1\" \/>\n<link rel=\"canonical\" href=\"https:\/\/www.suno.com.br\/noticias\/inflacao-ipca-alta-abril\/\" \/>\n<meta property=\"og:locale\" content=\"pt_BR\" \/>\n<meta property=\"og:type\" content=\"article\" \/>\n<meta property=\"og:title\" content=\"Infla\u00e7\u00e3o: IPCA chega a 0,57% em abril; No ano a alta \u00e9 de 2,09%\" \/>\n<meta property=\"og:description\" content=\"Infla\u00e7\u00e3o oficial do Brasil, medida pelo IPCA, registrou alta durante abril impulsionada pelo reajuste dos rem\u00e9dios. Clique e saiba mais.\" \/>\n<meta property=\"og:url\" content=\"https:\/\/www.suno.com.br\/noticias\/inflacao-ipca-alta-abril\/\" \/>\n<meta property=\"og:site_name\" content=\"Suno Not\u00edcias\" \/>\n<meta property=\"article:publisher\" content=\"https:\/\/facebook.com\/sunoresearch\" \/>\n<meta property=\"og:image\" content=\"https:\/\/files.sunoresearch.com.br\/n\/uploads\/2019\/05\/ef7e11f1-infla\u00e7\u00e3o.jpg\" \/>\n\t<meta property=\"og:image:width\" content=\"633\" \/>\n\t<meta property=\"og:image:height\" content=\"475\" \/>\n\t<meta property=\"og:image:type\" content=\"image\/jpeg\" \/>\n<meta name=\"author\" content=\"Renan Bandeira\" \/>\n<meta name=\"twitter:card\" content=\"summary_large_image\" \/>\n<meta name=\"twitter:creator\" content=\"@sunoresearch\" \/>\n<meta name=\"twitter:site\" content=\"@sunoresearch\" \/>\n<meta name=\"twitter:label1\" content=\"Escrito por\" \/>\n\t<meta name=\"twitter:data1\" content=\"Renan Bandeira\" \/>\n\t<meta name=\"twitter:label2\" content=\"Est. tempo de leitura\" \/>\n\t<meta name=\"twitter:data2\" content=\"2 minutos\" \/>\n<script type=\"application\/ld+json\" class=\"yoast-schema-graph\">{\"@context\":\"https:\/\/schema.org\",\"@graph\":[{\"@type\":\"NewsArticle\",\"@id\":\"https:\/\/www.suno.com.br\/noticias\/inflacao-ipca-alta-abril\/#article\",\"isPartOf\":{\"@id\":\"https:\/\/www.suno.com.br\/noticias\/inflacao-ipca-alta-abril\/\"},\"author\":{\"name\":\"Renan Bandeira\",\"@id\":\"https:\/\/www.suno.com.br\/noticias\/#\/schema\/person\/fc144a1c6108bd1dcd43784e88a3c138\"},\"headline\":\"Infla\u00e7\u00e3o: IPCA chega a 0,57% em abril; No ano a alta \u00e9 de 2,09%\",\"datePublished\":\"2019-05-10T12:34:59+00:00\",\"dateModified\":\"2019-05-10T13:51:04+00:00\",\"mainEntityOfPage\":{\"@id\":\"https:\/\/www.suno.com.br\/noticias\/inflacao-ipca-alta-abril\/\"},\"wordCount\":389,\"publisher\":{\"@id\":\"https:\/\/www.suno.com.br\/noticias\/#organization\"},\"image\":{\"@id\":\"https:\/\/www.suno.com.br\/noticias\/inflacao-ipca-alta-abril\/#primaryimage\"},\"thumbnailUrl\":\"https:\/\/files.sunoresearch.com.br\/n\/uploads\/2019\/05\/ef7e11f1-infla\u00e7\u00e3o-jpg.webp\",\"keywords\":[\"infla\u00e7\u00e3o\",\"IPCA\"],\"articleSection\":[\"Economia\"],\"inLanguage\":\"pt-BR\"},{\"@type\":\"WebPage\",\"@id\":\"https:\/\/www.suno.com.br\/noticias\/inflacao-ipca-alta-abril\/\",\"url\":\"https:\/\/www.suno.com.br\/noticias\/inflacao-ipca-alta-abril\/\",\"name\":\"Infla\u00e7\u00e3o: IPCA chega a 0,57% em abril; No ano a alta \u00e9 de 2,09%\",\"isPartOf\":{\"@id\":\"https:\/\/www.suno.com.br\/noticias\/#website\"},\"primaryImageOfPage\":{\"@id\":\"https:\/\/www.suno.com.br\/noticias\/inflacao-ipca-alta-abril\/#primaryimage\"},\"image\":{\"@id\":\"https:\/\/www.suno.com.br\/noticias\/inflacao-ipca-alta-abril\/#primaryimage\"},\"thumbnailUrl\":\"https:\/\/files.sunoresearch.com.br\/n\/uploads\/2019\/05\/ef7e11f1-infla\u00e7\u00e3o-jpg.webp\",\"datePublished\":\"2019-05-10T12:34:59+00:00\",\"dateModified\":\"2019-05-10T13:51:04+00:00\",\"description\":\"Infla\u00e7\u00e3o oficial do Brasil, medida pelo IPCA, registrou alta durante abril impulsionada pelo reajuste dos rem\u00e9dios. Clique e saiba mais.\",\"breadcrumb\":{\"@id\":\"https:\/\/www.suno.com.br\/noticias\/inflacao-ipca-alta-abril\/#breadcrumb\"},\"inLanguage\":\"pt-BR\",\"potentialAction\":[{\"@type\":\"ReadAction\",\"target\":[\"https:\/\/www.suno.com.br\/noticias\/inflacao-ipca-alta-abril\/\"]}]},{\"@type\":\"ImageObject\",\"inLanguage\":\"pt-BR\",\"@id\":\"https:\/\/www.suno.com.br\/noticias\/inflacao-ipca-alta-abril\/#primaryimage\",\"url\":\"https:\/\/files.sunoresearch.com.br\/n\/uploads\/2019\/05\/ef7e11f1-infla\u00e7\u00e3o-jpg.webp\",\"contentUrl\":\"https:\/\/files.sunoresearch.com.br\/n\/uploads\/2019\/05\/ef7e11f1-infla\u00e7\u00e3o-jpg.webp\",\"width\":633,\"height\":475,\"caption\":\"IPCA\"},{\"@type\":\"BreadcrumbList\",\"@id\":\"https:\/\/www.suno.com.br\/noticias\/inflacao-ipca-alta-abril\/#breadcrumb\",\"itemListElement\":[{\"@type\":\"ListItem\",\"position\":1,\"name\":\"Not\u00edcias\",\"item\":\"https:\/\/www.suno.com.br\/noticias\/\"},{\"@type\":\"ListItem\",\"position\":2,\"name\":\"Economia\",\"item\":\"https:\/\/www.suno.com.br\/noticias\/economia\/\"},{\"@type\":\"ListItem\",\"position\":3,\"name\":\"Infla\u00e7\u00e3o: IPCA chega a 0,57% em abril; No ano a alta \u00e9 de 2,09%\"}]},{\"@type\":\"WebSite\",\"@id\":\"https:\/\/www.suno.com.br\/noticias\/#website\",\"url\":\"https:\/\/www.suno.com.br\/noticias\/\",\"name\":\"Suno Not\u00edcias\",\"description\":\"Seu portal de informa\u00e7\u00e3o sobre o mundo dos investimentos\",\"publisher\":{\"@id\":\"https:\/\/www.suno.com.br\/noticias\/#organization\"},\"potentialAction\":[{\"@type\":\"SearchAction\",\"target\":{\"@type\":\"EntryPoint\",\"urlTemplate\":\"https:\/\/www.suno.com.br\/noticias\/?s={search_term_string}\"},\"query-input\":{\"@type\":\"PropertyValueSpecification\",\"valueRequired\":true,\"valueName\":\"search_term_string\"}}],\"inLanguage\":\"pt-BR\"},{\"@type\":\"Organization\",\"@id\":\"https:\/\/www.suno.com.br\/noticias\/#organization\",\"name\":\"Suno Not\u00edcias\",\"url\":\"https:\/\/www.suno.com.br\/noticias\/\",\"logo\":{\"@type\":\"ImageObject\",\"inLanguage\":\"pt-BR\",\"@id\":\"https:\/\/www.suno.com.br\/noticias\/#\/schema\/logo\/image\/\",\"url\":\"https:\/\/files.sunoresearch.com.br\/n\/uploads\/2021\/09\/suno-logo.png\",\"contentUrl\":\"https:\/\/files.sunoresearch.com.br\/n\/uploads\/2021\/09\/suno-logo.png\",\"width\":180,\"height\":180,\"caption\":\"Suno Not\u00edcias\"},\"image\":{\"@id\":\"https:\/\/www.suno.com.br\/noticias\/#\/schema\/logo\/image\/\"},\"sameAs\":[\"https:\/\/facebook.com\/sunoresearch\",\"https:\/\/x.com\/sunoresearch\",\"https:\/\/www.instagram.com\/suno\",\"https:\/\/www.linkedin.com\/company\/suno-research\/\",\"https:\/\/www.youtube.com\/c\/sunoresearch\"]},{\"@type\":\"Person\",\"@id\":\"https:\/\/www.suno.com.br\/noticias\/#\/schema\/person\/fc144a1c6108bd1dcd43784e88a3c138\",\"name\":\"Renan Bandeira\",\"image\":{\"@type\":\"ImageObject\",\"inLanguage\":\"pt-BR\",\"@id\":\"https:\/\/www.suno.com.br\/noticias\/#\/schema\/person\/image\/\",\"url\":\"https:\/\/secure.gravatar.com\/avatar\/68359cdb608f14f11bbefcb78f3fc747?s=96&r=g\",\"contentUrl\":\"https:\/\/secure.gravatar.com\/avatar\/68359cdb608f14f11bbefcb78f3fc747?s=96&r=g\",\"caption\":\"Renan Bandeira\"},\"description\":\"Renan Bandeira escreve sobre pol\u00edtica e economia para o portal da Suno Research. Antes da Suno, trabalhou em uma rede de televis\u00e3o, onde fazia reportagens sobre os mesmos temas. Estuda na Universidade Metodista de S\u00e3o Paulo.\",\"url\":\"https:\/\/www.suno.com.br\/noticias\/author\/renan-bandeira\/\"}]}<\/script>\n<!-- \/ Yoast SEO plugin. -->","yoast_head_json":{"title":"Infla\u00e7\u00e3o: IPCA chega a 0,57% em abril; No ano a alta \u00e9 de 2,09%","description":"Infla\u00e7\u00e3o oficial do Brasil, medida pelo IPCA, registrou alta durante abril impulsionada pelo reajuste dos rem\u00e9dios. Clique e saiba mais.","robots":{"index":"index","follow":"follow","max-snippet":"max-snippet:-1","max-image-preview":"max-image-preview:large","max-video-preview":"max-video-preview:-1"},"canonical":"https:\/\/www.suno.com.br\/noticias\/inflacao-ipca-alta-abril\/","og_locale":"pt_BR","og_type":"article","og_title":"Infla\u00e7\u00e3o: IPCA chega a 0,57% em abril; No ano a alta \u00e9 de 2,09%","og_description":"Infla\u00e7\u00e3o oficial do Brasil, medida pelo IPCA, registrou alta durante abril impulsionada pelo reajuste dos rem\u00e9dios. Clique e saiba mais.","og_url":"https:\/\/www.suno.com.br\/noticias\/inflacao-ipca-alta-abril\/","og_site_name":"Suno Not\u00edcias","article_publisher":"https:\/\/facebook.com\/sunoresearch","og_image":[{"width":633,"height":475,"url":"https:\/\/files.sunoresearch.com.br\/n\/uploads\/2019\/05\/ef7e11f1-infla\u00e7\u00e3o.jpg","type":"image\/jpeg"}],"author":"Renan Bandeira","twitter_card":"summary_large_image","twitter_creator":"@sunoresearch","twitter_site":"@sunoresearch","twitter_misc":{"Escrito por":"Renan Bandeira","Est. tempo de leitura":"2 minutos"},"schema":{"@context":"https:\/\/schema.org","@graph":[{"@type":"NewsArticle","@id":"https:\/\/www.suno.com.br\/noticias\/inflacao-ipca-alta-abril\/#article","isPartOf":{"@id":"https:\/\/www.suno.com.br\/noticias\/inflacao-ipca-alta-abril\/"},"author":{"name":"Renan Bandeira","@id":"https:\/\/www.suno.com.br\/noticias\/#\/schema\/person\/fc144a1c6108bd1dcd43784e88a3c138"},"headline":"Infla\u00e7\u00e3o: IPCA chega a 0,57% em abril; No ano a alta \u00e9 de 2,09%","datePublished":"2019-05-10T12:34:59+00:00","dateModified":"2019-05-10T13:51:04+00:00","mainEntityOfPage":{"@id":"https:\/\/www.suno.com.br\/noticias\/inflacao-ipca-alta-abril\/"},"wordCount":389,"publisher":{"@id":"https:\/\/www.suno.com.br\/noticias\/#organization"},"image":{"@id":"https:\/\/www.suno.com.br\/noticias\/inflacao-ipca-alta-abril\/#primaryimage"},"thumbnailUrl":"https:\/\/files.sunoresearch.com.br\/n\/uploads\/2019\/05\/ef7e11f1-infla\u00e7\u00e3o-jpg.webp","keywords":["infla\u00e7\u00e3o","IPCA"],"articleSection":["Economia"],"inLanguage":"pt-BR"},{"@type":"WebPage","@id":"https:\/\/www.suno.com.br\/noticias\/inflacao-ipca-alta-abril\/","url":"https:\/\/www.suno.com.br\/noticias\/inflacao-ipca-alta-abril\/","name":"Infla\u00e7\u00e3o: IPCA chega a 0,57% em abril; No ano a alta \u00e9 de 2,09%","isPartOf":{"@id":"https:\/\/www.suno.com.br\/noticias\/#website"},"primaryImageOfPage":{"@id":"https:\/\/www.suno.com.br\/noticias\/inflacao-ipca-alta-abril\/#primaryimage"},"image":{"@id":"https:\/\/www.suno.com.br\/noticias\/inflacao-ipca-alta-abril\/#primaryimage"},"thumbnailUrl":"https:\/\/files.sunoresearch.com.br\/n\/uploads\/2019\/05\/ef7e11f1-infla\u00e7\u00e3o-jpg.webp","datePublished":"2019-05-10T12:34:59+00:00","dateModified":"2019-05-10T13:51:04+00:00","description":"Infla\u00e7\u00e3o oficial do Brasil, medida pelo IPCA, registrou alta durante abril impulsionada pelo reajuste dos rem\u00e9dios. Clique e saiba mais.","breadcrumb":{"@id":"https:\/\/www.suno.com.br\/noticias\/inflacao-ipca-alta-abril\/#breadcrumb"},"inLanguage":"pt-BR","potentialAction":[{"@type":"ReadAction","target":["https:\/\/www.suno.com.br\/noticias\/inflacao-ipca-alta-abril\/"]}]},{"@type":"ImageObject","inLanguage":"pt-BR","@id":"https:\/\/www.suno.com.br\/noticias\/inflacao-ipca-alta-abril\/#primaryimage","url":"https:\/\/files.sunoresearch.com.br\/n\/uploads\/2019\/05\/ef7e11f1-infla\u00e7\u00e3o-jpg.webp","contentUrl":"https:\/\/files.sunoresearch.com.br\/n\/uploads\/2019\/05\/ef7e11f1-infla\u00e7\u00e3o-jpg.webp","width":633,"height":475,"caption":"IPCA"},{"@type":"BreadcrumbList","@id":"https:\/\/www.suno.com.br\/noticias\/inflacao-ipca-alta-abril\/#breadcrumb","itemListElement":[{"@type":"ListItem","position":1,"name":"Not\u00edcias","item":"https:\/\/www.suno.com.br\/noticias\/"},{"@type":"ListItem","position":2,"name":"Economia","item":"https:\/\/www.suno.com.br\/noticias\/economia\/"},{"@type":"ListItem","position":3,"name":"Infla\u00e7\u00e3o: IPCA chega a 0,57% em abril; No ano a alta \u00e9 de 2,09%"}]},{"@type":"WebSite","@id":"https:\/\/www.suno.com.br\/noticias\/#website","url":"https:\/\/www.suno.com.br\/noticias\/","name":"Suno Not\u00edcias","description":"Seu portal de informa\u00e7\u00e3o sobre o mundo dos investimentos","publisher":{"@id":"https:\/\/www.suno.com.br\/noticias\/#organization"},"potentialAction":[{"@type":"SearchAction","target":{"@type":"EntryPoint","urlTemplate":"https:\/\/www.suno.com.br\/noticias\/?s={search_term_string}"},"query-input":{"@type":"PropertyValueSpecification","valueRequired":true,"valueName":"search_term_string"}}],"inLanguage":"pt-BR"},{"@type":"Organization","@id":"https:\/\/www.suno.com.br\/noticias\/#organization","name":"Suno Not\u00edcias","url":"https:\/\/www.suno.com.br\/noticias\/","logo":{"@type":"ImageObject","inLanguage":"pt-BR","@id":"https:\/\/www.suno.com.br\/noticias\/#\/schema\/logo\/image\/","url":"https:\/\/files.sunoresearch.com.br\/n\/uploads\/2021\/09\/suno-logo.png","contentUrl":"https:\/\/files.sunoresearch.com.br\/n\/uploads\/2021\/09\/suno-logo.png","width":180,"height":180,"caption":"Suno Not\u00edcias"},"image":{"@id":"https:\/\/www.suno.com.br\/noticias\/#\/schema\/logo\/image\/"},"sameAs":["https:\/\/facebook.com\/sunoresearch","https:\/\/x.com\/sunoresearch","https:\/\/www.instagram.com\/suno","https:\/\/www.linkedin.com\/company\/suno-research\/","https:\/\/www.youtube.com\/c\/sunoresearch"]},{"@type":"Person","@id":"https:\/\/www.suno.com.br\/noticias\/#\/schema\/person\/fc144a1c6108bd1dcd43784e88a3c138","name":"Renan Bandeira","image":{"@type":"ImageObject","inLanguage":"pt-BR","@id":"https:\/\/www.suno.com.br\/noticias\/#\/schema\/person\/image\/","url":"https:\/\/secure.gravatar.com\/avatar\/68359cdb608f14f11bbefcb78f3fc747?s=96&r=g","contentUrl":"https:\/\/secure.gravatar.com\/avatar\/68359cdb608f14f11bbefcb78f3fc747?s=96&r=g","caption":"Renan Bandeira"},"description":"Renan Bandeira escreve sobre pol\u00edtica e economia para o portal da Suno Research. Antes da Suno, trabalhou em uma rede de televis\u00e3o, onde fazia reportagens sobre os mesmos temas. Estuda na Universidade Metodista de S\u00e3o Paulo.","url":"https:\/\/www.suno.com.br\/noticias\/author\/renan-bandeira\/"}]}},"default_loop_html":"<div class=\"cardsPage__listCard__boxs\"><div class=\"cardsPage__listCard__boxs__img\"><a href=\"https:\/\/www.suno.com.br\/noticias\/inflacao-ipca-alta-abril\/\"><img class=\"mask\" src=\"https:\/\/www.suno.com.br\/noticias\/wp-content\/themes\/suno\/resources\/images\/spotlight\/spotlight1img\/bg-mask.png\" alt=\"Image Mask\"\/><img src=\"https:\/\/files.sunoresearch.com.br\/n\/uploads\/2019\/05\/ef7e11f1-infla\u00e7\u00e3o-400x200.webp\" alt=\"Infla\u00e7\u00e3o: IPCA chega a 0,57% em abril; No ano a alta \u00e9 de 2,09%\"\/><\/a><span class=\"spotlightCategory\"><a href=\"https:\/\/www.suno.com.br\/noticias\/economia\/\">Economia<\/a><\/span><\/div><div class=\"cardsPage__listCard__boxs__content\"><a href=\"https:\/\/www.suno.com.br\/noticias\/inflacao-ipca-alta-abril\/\"><h2 class=\"content__title\">Infla\u00e7\u00e3o: IPCA chega a 0,57% em abril; No ano a alta \u00e9 de 2,09%<\/h2><\/a><div class=\"newsContent__article__meta\"><div class=\"newsContent__article__meta__authorBox\"><a href=\"https:\/\/www.suno.com.br\/noticias\/author\/renan-bandeira\/\" class=\"authorBox__avatar noMobi\"><img src=\"https:\/\/secure.gravatar.com\/avatar\/68359cdb608f14f11bbefcb78f3fc747?s=96&#038;r=g\" alt=\"Renan Bandeira\"><\/a><div class=\"authorBox__name\"><span>por\n\t\t\t<a href=\"https:\/\/www.suno.com.br\/noticias\/author\/renan-bandeira\/\"><span itemprop=\"author\">Renan Bandeira<\/span><\/a><\/span><time datetime=\"2019-05-10T09:34:59-03:00\" itemprop=\"datePublished\">10\/05\/2019 09:34<\/time><\/div><\/div><\/div><\/div><\/div>","single_layout":"posts","amp_enabled":true,"_links":{"self":[{"href":"https:\/\/www.suno.com.br\/noticias\/wp-json\/wp\/v2\/posts\/24067"}],"collection":[{"href":"https:\/\/www.suno.com.br\/noticias\/wp-json\/wp\/v2\/posts"}],"about":[{"href":"https:\/\/www.suno.com.br\/noticias\/wp-json\/wp\/v2\/types\/post"}],"author":[{"embeddable":true,"href":"https:\/\/www.suno.com.br\/noticias\/wp-json\/wp\/v2\/users\/11"}],"replies":[{"embeddable":true,"href":"https:\/\/www.suno.com.br\/noticias\/wp-json\/wp\/v2\/comments?post=24067"}],"version-history":[{"count":0,"href":"https:\/\/www.suno.com.br\/noticias\/wp-json\/wp\/v2\/posts\/24067\/revisions"}],"wp:featuredmedia":[{"embeddable":true,"href":"https:\/\/www.suno.com.br\/noticias\/wp-json\/wp\/v2\/media\/24069"}],"wp:attachment":[{"href":"https:\/\/www.suno.com.br\/noticias\/wp-json\/wp\/v2\/media?parent=24067"}],"wp:term":[{"taxonomy":"category","embeddable":true,"href":"https:\/\/www.suno.com.br\/noticias\/wp-json\/wp\/v2\/categories?post=24067"},{"taxonomy":"post_tag","embeddable":true,"href":"https:\/\/www.suno.com.br\/noticias\/wp-json\/wp\/v2\/tags?post=24067"},{"taxonomy":"suno_strategy","embeddable":true,"href":"https:\/\/www.suno.com.br\/noticias\/wp-json\/wp\/v2\/suno_strategy?post=24067"}],"curies":[{"name":"wp","href":"https:\/\/api.w.org\/{rel}","templated":true}]}}