{"id":24058,"date":"2019-05-10T08:52:06","date_gmt":"2019-05-10T11:52:06","guid":{"rendered":"https:\/\/www.suno.com.br\/noticias\/?p=24058"},"modified":"2019-05-13T13:28:12","modified_gmt":"2019-05-13T16:28:12","slug":"sabesp-lucro-1t19","status":"publish","type":"post","link":"https:\/\/www.suno.com.br\/noticias\/sabesp-lucro-1t19\/","title":{"rendered":"Sabesp tem lucro de R$ 647,3 mi no 1T19, alta foi de 11,5%"},"content":{"rendered":"<p>A Companhia de Saneamento B\u00e1sico do Estado de S\u00e3o Paulo (Sabesp) registrou um lucro l\u00edquido de R$ 647,3 milh\u00f5es durante o primeiro trimestre de 2019. O valor representa uma alta de 11,5% em compara\u00e7\u00e3o ao mesmo per\u00edodo do ano passado.<\/p>\t<div class=\"wrapper-featured-image\">\n\t\t<figure class=\"spotlightImg\">\n\n\t\t\t<picture>\n\t\t\t\t<source media=\"(max-width: 768px)\" srcset=\"https:\/\/files.sunoresearch.com.br\/n\/uploads\/2019\/04\/23ad7446-sabesp-400x200.webp\">\n\t\t\t\t<img loading=\"lazy\" decoding=\"async\" class=\"newsContent__article__imgCapa lazyloadDisabled newsContent__article__imgCapa--noCaption\" src=\"https:\/\/files.sunoresearch.com.br\/n\/uploads\/2019\/04\/23ad7446-sabesp-800x450.webp\" width=\"800\" height=\"450\" alt=\"Sabesp tem lucro de R$ 647,3 mi no 1T19, alta foi de 11,5%\" fetchpriority=high \/>\n\t\t\t<\/picture>\n\n\t\t\t<figcaption class=\"wp-caption-text wp-caption-text--hide\">Sabesp (SBSP3) - Foto: divulga\u00e7\u00e3o\/Assessoria.<\/figcaption>\n\t\t<\/figure>\n\t<\/div>\n\n\n<p>O <a href=\"https:\/\/www.suno.com.br\/artigos\/ebitda\/\">Ebitda (lucro antes de juros, impostos, deprecia\u00e7\u00f5es e amortiza\u00e7\u00f5es)<\/a> ajustado da <strong>Sabesp<\/strong> indicou uma alta de 10,4% em rela\u00e7\u00e3o ao mesmo per\u00edodo do ano anterior, atingindo os R$ 1,544 bilh\u00e3o.<\/p>\n<p>A margem Ebitda ajustada atingiu os 39,8%, ante os 37,8% do mesmo intervalo do ano anterior.<\/p>\n\t<p>\n\t\t<a href=\"https:\/\/lp2.suno.com.br\/pv\/curso-zero-ao-primeiro-rendimento\/?utm_source=suno-noticias&#038;utm_medium=banner&#038;utm_campaign=_SNC4CCF8112_\" target=\"_blank\" data-element=\"shortcode-suno-banner\" title=\"Banner SUNO, clique e saiba mais\">\n\t\t\t<picture>\n\t\t\t\t<source media=\"(max-width: 500px)\" srcset=\"https:\/\/files.sunoresearch.com.br\/n\/uploads\/2025\/12\/Artigos-e-Noticias-Banner-Materias-02-Mobile_-400x300-1-png.webp\">\n\t\t\t\t<img class=\"newsContent__article__imgCapa newsContent__article__imgCapa--banner\"\n\t\t\t\t\tsrc=\"https:\/\/files.sunoresearch.com.br\/n\/uploads\/2025\/12\/Artigos-e-Noticias-Banner-Materias-01-Desktop_-1420x240-1-png.webp\"\n\t\t\t\t\tdata-promo-id=\"635313\"\t\t\t\t\t\t\t\t\t\twidth='1420' height='240'\t\t\t\t\talt=\"https:\/\/files.sunoresearch.com.br\/n\/uploads\/2025\/12\/Artigos-e-Noticias-Banner-Materias-01-Desktop_-1420x240-1-png.webp\"\n\t\t\t\t>\n\t\t\t<\/picture>\n\t\t<\/a>\n\t<\/p>\n\n\n<p>A receita operacional l\u00edquida totalizou R$ 3,878 bilh\u00f5es entre janeiro e mar\u00e7o, alta de 4,8% ante o registrado na mesma etapa de 2018. No entanto, o resultado financeiro foi negativo em R$ 150,5 milh\u00f5es no per\u00edodo, inferior a negativa de R$ 193,9 milh\u00f5es em igual per\u00edodo do ano anterior.<\/p>\n<h2>Resultados em 2018<\/h2>\n<p>Durante o ano de 2018,\u00a0 Sabesp acumulou um <strong>lucro l\u00edquido<\/strong> de R$ 2,835 bilh\u00f5es, um aumento de 12,5% em rela\u00e7\u00e3o ao mesmo per\u00edodo do ano anterior.<\/p>\n<p>Al\u00e9m disso, registrou uma receita l\u00edquida\u00a0de R$ 16,085 bilh\u00f5es durante o ano, uma alta de 10,1% no comparativo anual.<\/p>\n<p>Em 2018, o <strong>Ebitda<\/strong> ajustado foi de R$ 6,540 bilh\u00f5es, 24,1% maior do que em 2017, enquanto a margem teve uma alta de 3,6% chegando a 40,7%.<\/p>\n<p>No entanto, no\u00a0acumulado do ano, o resultado financeiro negativou em R$ 1,264 bilh\u00e3o ante R$ 458,1 milh\u00f5es que haviam sido negativos em 2017.<\/p>\n<h2>Sabesp privatizada ou capitalizada<\/h2>\n<p>Na \u00faltima segunda-feira (6), o secret\u00e1rio da Fazenda de S\u00e3o Paulo, <a href=\"https:\/\/www.suno.com.br\/tudo-sobre\/henrique-meirelles\/\">Henrique Meirelles<\/a>, voltou a ressaltar que a Sabesp deve ser privatizada ou capitalizada.<\/p>\n<p>De acordo com Meirelles, a privatiza\u00e7\u00e3o da companhia est\u00e1 sendo estudada. &#8220;Se n\u00e3o for vi\u00e1vel [privatizar] vamos ao menos capitalizar&#8221;, afirmou em semin\u00e1rio promovido pela Funda\u00e7\u00e3o Get\u00falio Vargas (FGV) e pelo &#8220;Valor Econ\u00f4mico&#8221;.<\/p>\n<p><a href=\"https:\/\/www.suno.com.br\/noticias\/sabesp-deve-ser-privatizada-ou-capitalizada-diz-meirelles\/\">Saiba mais:\u00a0Sabesp deve ser privatizada ou capitalizada, diz Meirelles<\/a><\/p>\n<p>O secret\u00e1rio acrescentou que a proposta de privatiza\u00e7\u00e3o depende da aprova\u00e7\u00e3o de um novo marco regulat\u00f3rio para o saneamento b\u00e1sico. Assim, uma outra alternativa est\u00e1 sendo estudada para caso o projeto n\u00e3o for aprovado.<\/p>\n<p>Na \u00faltima sess\u00e3o, na quinta-feira (9), as a\u00e7\u00f5es da <strong>Sabesp (SBSP3)<\/strong> fecharam com queda de 0,83% sendo negociadas a R$\u00a047,80.<\/p>\n","protected":false},"excerpt":{"rendered":"<p>A Companhia de Saneamento B\u00e1sico do Estado de S\u00e3o Paulo (Sabesp) registrou um lucro l\u00edquido de R$ 647,3 milh\u00f5es durante o primeiro trimestre de 2019. O valor representa uma alta de 11,5% em compara\u00e7\u00e3o ao mesmo per\u00edodo do ano passado. Sabesp (SBSP3) &#8211; Foto: divulga\u00e7\u00e3o\/Assessoria. O Ebitda (lucro antes de juros, impostos, deprecia\u00e7\u00f5es e amortiza\u00e7\u00f5es) [&hellip;]<\/p>\n","protected":false},"author":11,"featured_media":19686,"comment_status":"closed","ping_status":"closed","sticky":false,"template":"","format":"standard","meta":[],"categories":[64],"tags":[1029,621],"suno_strategy":[],"class_list":["post-24058","post","type-post","status-publish","format-standard","has-post-thumbnail","hentry","category-negocios","tag-balancos-trimestrais","tag-sabesp"],"yoast_head":"<!-- This site is optimized with the Yoast SEO plugin v24.4 - https:\/\/yoast.com\/wordpress\/plugins\/seo\/ -->\n<title>Sabesp tem lucro de R$ 647,3 mi no 1T19, alta foi de 11,5%<\/title>\n<meta name=\"description\" content=\"O secret\u00e1rio da Fazenda de S\u00e3o Paulo, Henrique Meirelles, afirmou que a Sabesp deve ser privatizada ou capitalizada. Clique e saiba mais.\" \/>\n<meta name=\"robots\" content=\"index, follow, max-snippet:-1, max-image-preview:large, max-video-preview:-1\" \/>\n<link rel=\"canonical\" href=\"https:\/\/www.suno.com.br\/noticias\/sabesp-lucro-1t19\/\" \/>\n<meta property=\"og:locale\" content=\"pt_BR\" \/>\n<meta property=\"og:type\" content=\"article\" \/>\n<meta property=\"og:title\" content=\"Sabesp tem lucro de R$ 647,3 mi no 1T19, alta foi de 11,5%\" \/>\n<meta property=\"og:description\" content=\"O secret\u00e1rio da Fazenda de S\u00e3o Paulo, Henrique Meirelles, afirmou que a Sabesp deve ser privatizada ou capitalizada. Clique e saiba mais.\" \/>\n<meta property=\"og:url\" content=\"https:\/\/www.suno.com.br\/noticias\/sabesp-lucro-1t19\/\" \/>\n<meta property=\"og:site_name\" content=\"Suno Not\u00edcias\" \/>\n<meta property=\"article:publisher\" content=\"https:\/\/facebook.com\/sunoresearch\" \/>\n<meta property=\"og:image\" content=\"https:\/\/files.sunoresearch.com.br\/n\/uploads\/2019\/04\/23ad7446-sabesp.jpg\" \/>\n\t<meta property=\"og:image:width\" content=\"1280\" \/>\n\t<meta property=\"og:image:height\" content=\"792\" \/>\n\t<meta property=\"og:image:type\" content=\"image\/jpeg\" \/>\n<meta name=\"author\" content=\"Renan Bandeira\" \/>\n<meta name=\"twitter:card\" content=\"summary_large_image\" \/>\n<meta name=\"twitter:creator\" content=\"@sunoresearch\" \/>\n<meta name=\"twitter:site\" content=\"@sunoresearch\" \/>\n<meta name=\"twitter:label1\" content=\"Escrito por\" \/>\n\t<meta name=\"twitter:data1\" content=\"Renan Bandeira\" \/>\n\t<meta name=\"twitter:label2\" content=\"Est. tempo de leitura\" \/>\n\t<meta name=\"twitter:data2\" content=\"2 minutos\" \/>\n<script type=\"application\/ld+json\" class=\"yoast-schema-graph\">{\"@context\":\"https:\/\/schema.org\",\"@graph\":[{\"@type\":\"NewsArticle\",\"@id\":\"https:\/\/www.suno.com.br\/noticias\/sabesp-lucro-1t19\/#article\",\"isPartOf\":{\"@id\":\"https:\/\/www.suno.com.br\/noticias\/sabesp-lucro-1t19\/\"},\"author\":{\"name\":\"Renan Bandeira\",\"@id\":\"https:\/\/www.suno.com.br\/noticias\/#\/schema\/person\/fc144a1c6108bd1dcd43784e88a3c138\"},\"headline\":\"Sabesp tem lucro de R$ 647,3 mi no 1T19, alta foi de 11,5%\",\"datePublished\":\"2019-05-10T11:52:06+00:00\",\"dateModified\":\"2019-05-13T16:28:12+00:00\",\"mainEntityOfPage\":{\"@id\":\"https:\/\/www.suno.com.br\/noticias\/sabesp-lucro-1t19\/\"},\"wordCount\":390,\"publisher\":{\"@id\":\"https:\/\/www.suno.com.br\/noticias\/#organization\"},\"image\":{\"@id\":\"https:\/\/www.suno.com.br\/noticias\/sabesp-lucro-1t19\/#primaryimage\"},\"thumbnailUrl\":\"https:\/\/files.sunoresearch.com.br\/n\/uploads\/2019\/04\/23ad7446-sabesp-jpg.webp\",\"keywords\":[\"balan\u00e7os trimestrais\",\"Sabesp\"],\"articleSection\":[\"Neg\u00f3cios\"],\"inLanguage\":\"pt-BR\"},{\"@type\":\"WebPage\",\"@id\":\"https:\/\/www.suno.com.br\/noticias\/sabesp-lucro-1t19\/\",\"url\":\"https:\/\/www.suno.com.br\/noticias\/sabesp-lucro-1t19\/\",\"name\":\"Sabesp tem lucro de R$ 647,3 mi no 1T19, alta foi de 11,5%\",\"isPartOf\":{\"@id\":\"https:\/\/www.suno.com.br\/noticias\/#website\"},\"primaryImageOfPage\":{\"@id\":\"https:\/\/www.suno.com.br\/noticias\/sabesp-lucro-1t19\/#primaryimage\"},\"image\":{\"@id\":\"https:\/\/www.suno.com.br\/noticias\/sabesp-lucro-1t19\/#primaryimage\"},\"thumbnailUrl\":\"https:\/\/files.sunoresearch.com.br\/n\/uploads\/2019\/04\/23ad7446-sabesp-jpg.webp\",\"datePublished\":\"2019-05-10T11:52:06+00:00\",\"dateModified\":\"2019-05-13T16:28:12+00:00\",\"description\":\"O secret\u00e1rio da Fazenda de S\u00e3o Paulo, Henrique Meirelles, afirmou que a Sabesp deve ser privatizada ou capitalizada. Clique e saiba mais.\",\"breadcrumb\":{\"@id\":\"https:\/\/www.suno.com.br\/noticias\/sabesp-lucro-1t19\/#breadcrumb\"},\"inLanguage\":\"pt-BR\",\"potentialAction\":[{\"@type\":\"ReadAction\",\"target\":[\"https:\/\/www.suno.com.br\/noticias\/sabesp-lucro-1t19\/\"]}]},{\"@type\":\"ImageObject\",\"inLanguage\":\"pt-BR\",\"@id\":\"https:\/\/www.suno.com.br\/noticias\/sabesp-lucro-1t19\/#primaryimage\",\"url\":\"https:\/\/files.sunoresearch.com.br\/n\/uploads\/2019\/04\/23ad7446-sabesp-jpg.webp\",\"contentUrl\":\"https:\/\/files.sunoresearch.com.br\/n\/uploads\/2019\/04\/23ad7446-sabesp-jpg.webp\",\"width\":1280,\"height\":792,\"caption\":\"Sabesp (SBSP3) - Foto: divulga\u00e7\u00e3o\/Assessoria.\"},{\"@type\":\"BreadcrumbList\",\"@id\":\"https:\/\/www.suno.com.br\/noticias\/sabesp-lucro-1t19\/#breadcrumb\",\"itemListElement\":[{\"@type\":\"ListItem\",\"position\":1,\"name\":\"Not\u00edcias\",\"item\":\"https:\/\/www.suno.com.br\/noticias\/\"},{\"@type\":\"ListItem\",\"position\":2,\"name\":\"Neg\u00f3cios\",\"item\":\"https:\/\/www.suno.com.br\/noticias\/negocios\/\"},{\"@type\":\"ListItem\",\"position\":3,\"name\":\"Sabesp tem lucro de R$ 647,3 mi no 1T19, alta foi de 11,5%\"}]},{\"@type\":\"WebSite\",\"@id\":\"https:\/\/www.suno.com.br\/noticias\/#website\",\"url\":\"https:\/\/www.suno.com.br\/noticias\/\",\"name\":\"Suno Not\u00edcias\",\"description\":\"Seu portal de informa\u00e7\u00e3o sobre o mundo dos investimentos\",\"publisher\":{\"@id\":\"https:\/\/www.suno.com.br\/noticias\/#organization\"},\"potentialAction\":[{\"@type\":\"SearchAction\",\"target\":{\"@type\":\"EntryPoint\",\"urlTemplate\":\"https:\/\/www.suno.com.br\/noticias\/?s={search_term_string}\"},\"query-input\":{\"@type\":\"PropertyValueSpecification\",\"valueRequired\":true,\"valueName\":\"search_term_string\"}}],\"inLanguage\":\"pt-BR\"},{\"@type\":\"Organization\",\"@id\":\"https:\/\/www.suno.com.br\/noticias\/#organization\",\"name\":\"Suno Not\u00edcias\",\"url\":\"https:\/\/www.suno.com.br\/noticias\/\",\"logo\":{\"@type\":\"ImageObject\",\"inLanguage\":\"pt-BR\",\"@id\":\"https:\/\/www.suno.com.br\/noticias\/#\/schema\/logo\/image\/\",\"url\":\"https:\/\/files.sunoresearch.com.br\/n\/uploads\/2021\/09\/suno-logo.png\",\"contentUrl\":\"https:\/\/files.sunoresearch.com.br\/n\/uploads\/2021\/09\/suno-logo.png\",\"width\":180,\"height\":180,\"caption\":\"Suno Not\u00edcias\"},\"image\":{\"@id\":\"https:\/\/www.suno.com.br\/noticias\/#\/schema\/logo\/image\/\"},\"sameAs\":[\"https:\/\/facebook.com\/sunoresearch\",\"https:\/\/x.com\/sunoresearch\",\"https:\/\/www.instagram.com\/suno\",\"https:\/\/www.linkedin.com\/company\/suno-research\/\",\"https:\/\/www.youtube.com\/c\/sunoresearch\"]},{\"@type\":\"Person\",\"@id\":\"https:\/\/www.suno.com.br\/noticias\/#\/schema\/person\/fc144a1c6108bd1dcd43784e88a3c138\",\"name\":\"Renan Bandeira\",\"image\":{\"@type\":\"ImageObject\",\"inLanguage\":\"pt-BR\",\"@id\":\"https:\/\/www.suno.com.br\/noticias\/#\/schema\/person\/image\/\",\"url\":\"https:\/\/secure.gravatar.com\/avatar\/68359cdb608f14f11bbefcb78f3fc747?s=96&r=g\",\"contentUrl\":\"https:\/\/secure.gravatar.com\/avatar\/68359cdb608f14f11bbefcb78f3fc747?s=96&r=g\",\"caption\":\"Renan Bandeira\"},\"description\":\"Renan Bandeira escreve sobre pol\u00edtica e economia para o portal da Suno Research. Antes da Suno, trabalhou em uma rede de televis\u00e3o, onde fazia reportagens sobre os mesmos temas. Estuda na Universidade Metodista de S\u00e3o Paulo.\",\"url\":\"https:\/\/www.suno.com.br\/noticias\/author\/renan-bandeira\/\"}]}<\/script>\n<!-- \/ Yoast SEO plugin. -->","yoast_head_json":{"title":"Sabesp tem lucro de R$ 647,3 mi no 1T19, alta foi de 11,5%","description":"O secret\u00e1rio da Fazenda de S\u00e3o Paulo, Henrique Meirelles, afirmou que a Sabesp deve ser privatizada ou capitalizada. Clique e saiba mais.","robots":{"index":"index","follow":"follow","max-snippet":"max-snippet:-1","max-image-preview":"max-image-preview:large","max-video-preview":"max-video-preview:-1"},"canonical":"https:\/\/www.suno.com.br\/noticias\/sabesp-lucro-1t19\/","og_locale":"pt_BR","og_type":"article","og_title":"Sabesp tem lucro de R$ 647,3 mi no 1T19, alta foi de 11,5%","og_description":"O secret\u00e1rio da Fazenda de S\u00e3o Paulo, Henrique Meirelles, afirmou que a Sabesp deve ser privatizada ou capitalizada. Clique e saiba mais.","og_url":"https:\/\/www.suno.com.br\/noticias\/sabesp-lucro-1t19\/","og_site_name":"Suno Not\u00edcias","article_publisher":"https:\/\/facebook.com\/sunoresearch","og_image":[{"width":1280,"height":792,"url":"https:\/\/files.sunoresearch.com.br\/n\/uploads\/2019\/04\/23ad7446-sabesp.jpg","type":"image\/jpeg"}],"author":"Renan Bandeira","twitter_card":"summary_large_image","twitter_creator":"@sunoresearch","twitter_site":"@sunoresearch","twitter_misc":{"Escrito por":"Renan Bandeira","Est. tempo de leitura":"2 minutos"},"schema":{"@context":"https:\/\/schema.org","@graph":[{"@type":"NewsArticle","@id":"https:\/\/www.suno.com.br\/noticias\/sabesp-lucro-1t19\/#article","isPartOf":{"@id":"https:\/\/www.suno.com.br\/noticias\/sabesp-lucro-1t19\/"},"author":{"name":"Renan Bandeira","@id":"https:\/\/www.suno.com.br\/noticias\/#\/schema\/person\/fc144a1c6108bd1dcd43784e88a3c138"},"headline":"Sabesp tem lucro de R$ 647,3 mi no 1T19, alta foi de 11,5%","datePublished":"2019-05-10T11:52:06+00:00","dateModified":"2019-05-13T16:28:12+00:00","mainEntityOfPage":{"@id":"https:\/\/www.suno.com.br\/noticias\/sabesp-lucro-1t19\/"},"wordCount":390,"publisher":{"@id":"https:\/\/www.suno.com.br\/noticias\/#organization"},"image":{"@id":"https:\/\/www.suno.com.br\/noticias\/sabesp-lucro-1t19\/#primaryimage"},"thumbnailUrl":"https:\/\/files.sunoresearch.com.br\/n\/uploads\/2019\/04\/23ad7446-sabesp-jpg.webp","keywords":["balan\u00e7os trimestrais","Sabesp"],"articleSection":["Neg\u00f3cios"],"inLanguage":"pt-BR"},{"@type":"WebPage","@id":"https:\/\/www.suno.com.br\/noticias\/sabesp-lucro-1t19\/","url":"https:\/\/www.suno.com.br\/noticias\/sabesp-lucro-1t19\/","name":"Sabesp tem lucro de R$ 647,3 mi no 1T19, alta foi de 11,5%","isPartOf":{"@id":"https:\/\/www.suno.com.br\/noticias\/#website"},"primaryImageOfPage":{"@id":"https:\/\/www.suno.com.br\/noticias\/sabesp-lucro-1t19\/#primaryimage"},"image":{"@id":"https:\/\/www.suno.com.br\/noticias\/sabesp-lucro-1t19\/#primaryimage"},"thumbnailUrl":"https:\/\/files.sunoresearch.com.br\/n\/uploads\/2019\/04\/23ad7446-sabesp-jpg.webp","datePublished":"2019-05-10T11:52:06+00:00","dateModified":"2019-05-13T16:28:12+00:00","description":"O secret\u00e1rio da Fazenda de S\u00e3o Paulo, Henrique Meirelles, afirmou que a Sabesp deve ser privatizada ou capitalizada. Clique e saiba mais.","breadcrumb":{"@id":"https:\/\/www.suno.com.br\/noticias\/sabesp-lucro-1t19\/#breadcrumb"},"inLanguage":"pt-BR","potentialAction":[{"@type":"ReadAction","target":["https:\/\/www.suno.com.br\/noticias\/sabesp-lucro-1t19\/"]}]},{"@type":"ImageObject","inLanguage":"pt-BR","@id":"https:\/\/www.suno.com.br\/noticias\/sabesp-lucro-1t19\/#primaryimage","url":"https:\/\/files.sunoresearch.com.br\/n\/uploads\/2019\/04\/23ad7446-sabesp-jpg.webp","contentUrl":"https:\/\/files.sunoresearch.com.br\/n\/uploads\/2019\/04\/23ad7446-sabesp-jpg.webp","width":1280,"height":792,"caption":"Sabesp (SBSP3) - Foto: divulga\u00e7\u00e3o\/Assessoria."},{"@type":"BreadcrumbList","@id":"https:\/\/www.suno.com.br\/noticias\/sabesp-lucro-1t19\/#breadcrumb","itemListElement":[{"@type":"ListItem","position":1,"name":"Not\u00edcias","item":"https:\/\/www.suno.com.br\/noticias\/"},{"@type":"ListItem","position":2,"name":"Neg\u00f3cios","item":"https:\/\/www.suno.com.br\/noticias\/negocios\/"},{"@type":"ListItem","position":3,"name":"Sabesp tem lucro de R$ 647,3 mi no 1T19, alta foi de 11,5%"}]},{"@type":"WebSite","@id":"https:\/\/www.suno.com.br\/noticias\/#website","url":"https:\/\/www.suno.com.br\/noticias\/","name":"Suno Not\u00edcias","description":"Seu portal de informa\u00e7\u00e3o sobre o mundo dos investimentos","publisher":{"@id":"https:\/\/www.suno.com.br\/noticias\/#organization"},"potentialAction":[{"@type":"SearchAction","target":{"@type":"EntryPoint","urlTemplate":"https:\/\/www.suno.com.br\/noticias\/?s={search_term_string}"},"query-input":{"@type":"PropertyValueSpecification","valueRequired":true,"valueName":"search_term_string"}}],"inLanguage":"pt-BR"},{"@type":"Organization","@id":"https:\/\/www.suno.com.br\/noticias\/#organization","name":"Suno Not\u00edcias","url":"https:\/\/www.suno.com.br\/noticias\/","logo":{"@type":"ImageObject","inLanguage":"pt-BR","@id":"https:\/\/www.suno.com.br\/noticias\/#\/schema\/logo\/image\/","url":"https:\/\/files.sunoresearch.com.br\/n\/uploads\/2021\/09\/suno-logo.png","contentUrl":"https:\/\/files.sunoresearch.com.br\/n\/uploads\/2021\/09\/suno-logo.png","width":180,"height":180,"caption":"Suno Not\u00edcias"},"image":{"@id":"https:\/\/www.suno.com.br\/noticias\/#\/schema\/logo\/image\/"},"sameAs":["https:\/\/facebook.com\/sunoresearch","https:\/\/x.com\/sunoresearch","https:\/\/www.instagram.com\/suno","https:\/\/www.linkedin.com\/company\/suno-research\/","https:\/\/www.youtube.com\/c\/sunoresearch"]},{"@type":"Person","@id":"https:\/\/www.suno.com.br\/noticias\/#\/schema\/person\/fc144a1c6108bd1dcd43784e88a3c138","name":"Renan Bandeira","image":{"@type":"ImageObject","inLanguage":"pt-BR","@id":"https:\/\/www.suno.com.br\/noticias\/#\/schema\/person\/image\/","url":"https:\/\/secure.gravatar.com\/avatar\/68359cdb608f14f11bbefcb78f3fc747?s=96&r=g","contentUrl":"https:\/\/secure.gravatar.com\/avatar\/68359cdb608f14f11bbefcb78f3fc747?s=96&r=g","caption":"Renan Bandeira"},"description":"Renan Bandeira escreve sobre pol\u00edtica e economia para o portal da Suno Research. Antes da Suno, trabalhou em uma rede de televis\u00e3o, onde fazia reportagens sobre os mesmos temas. Estuda na Universidade Metodista de S\u00e3o Paulo.","url":"https:\/\/www.suno.com.br\/noticias\/author\/renan-bandeira\/"}]}},"default_loop_html":"<div class=\"cardsPage__listCard__boxs\"><div class=\"cardsPage__listCard__boxs__img\"><a href=\"https:\/\/www.suno.com.br\/noticias\/sabesp-lucro-1t19\/\"><img class=\"mask\" src=\"https:\/\/www.suno.com.br\/noticias\/wp-content\/themes\/suno\/resources\/images\/spotlight\/spotlight1img\/bg-mask.png\" alt=\"Image Mask\"\/><img src=\"https:\/\/files.sunoresearch.com.br\/n\/uploads\/2019\/04\/23ad7446-sabesp-400x200.webp\" alt=\"Sabesp tem lucro de R$ 647,3 mi no 1T19, alta foi de 11,5%\"\/><\/a><span class=\"spotlightCategory\"><a href=\"https:\/\/www.suno.com.br\/noticias\/negocios\/\">Neg\u00f3cios<\/a><\/span><\/div><div class=\"cardsPage__listCard__boxs__content\"><a href=\"https:\/\/www.suno.com.br\/noticias\/sabesp-lucro-1t19\/\"><h2 class=\"content__title\">Sabesp tem lucro de R$ 647,3 mi no 1T19, alta foi de 11,5%<\/h2><\/a><div class=\"newsContent__article__meta\"><div class=\"newsContent__article__meta__authorBox\"><a href=\"https:\/\/www.suno.com.br\/noticias\/author\/renan-bandeira\/\" class=\"authorBox__avatar noMobi\"><img src=\"https:\/\/secure.gravatar.com\/avatar\/68359cdb608f14f11bbefcb78f3fc747?s=96&#038;r=g\" alt=\"Renan Bandeira\"><\/a><div class=\"authorBox__name\"><span>por\n\t\t\t<a href=\"https:\/\/www.suno.com.br\/noticias\/author\/renan-bandeira\/\"><span itemprop=\"author\">Renan Bandeira<\/span><\/a><\/span><time datetime=\"2019-05-10T08:52:06-03:00\" itemprop=\"datePublished\">10\/05\/2019 08:52<\/time><\/div><\/div><\/div><\/div><\/div>","single_layout":"posts","amp_enabled":true,"_links":{"self":[{"href":"https:\/\/www.suno.com.br\/noticias\/wp-json\/wp\/v2\/posts\/24058"}],"collection":[{"href":"https:\/\/www.suno.com.br\/noticias\/wp-json\/wp\/v2\/posts"}],"about":[{"href":"https:\/\/www.suno.com.br\/noticias\/wp-json\/wp\/v2\/types\/post"}],"author":[{"embeddable":true,"href":"https:\/\/www.suno.com.br\/noticias\/wp-json\/wp\/v2\/users\/11"}],"replies":[{"embeddable":true,"href":"https:\/\/www.suno.com.br\/noticias\/wp-json\/wp\/v2\/comments?post=24058"}],"version-history":[{"count":0,"href":"https:\/\/www.suno.com.br\/noticias\/wp-json\/wp\/v2\/posts\/24058\/revisions"}],"wp:featuredmedia":[{"embeddable":true,"href":"https:\/\/www.suno.com.br\/noticias\/wp-json\/wp\/v2\/media\/19686"}],"wp:attachment":[{"href":"https:\/\/www.suno.com.br\/noticias\/wp-json\/wp\/v2\/media?parent=24058"}],"wp:term":[{"taxonomy":"category","embeddable":true,"href":"https:\/\/www.suno.com.br\/noticias\/wp-json\/wp\/v2\/categories?post=24058"},{"taxonomy":"post_tag","embeddable":true,"href":"https:\/\/www.suno.com.br\/noticias\/wp-json\/wp\/v2\/tags?post=24058"},{"taxonomy":"suno_strategy","embeddable":true,"href":"https:\/\/www.suno.com.br\/noticias\/wp-json\/wp\/v2\/suno_strategy?post=24058"}],"curies":[{"name":"wp","href":"https:\/\/api.w.org\/{rel}","templated":true}]}}