{"id":240577,"date":"2022-03-11T18:37:34","date_gmt":"2022-03-11T21:37:34","guid":{"rendered":"https:\/\/www.suno.com.br\/noticias\/?p=240577"},"modified":"2022-03-11T19:23:31","modified_gmt":"2022-03-11T22:23:31","slug":"putin-mudancas-negociacoes-ucrania","status":"publish","type":"post","link":"https:\/\/www.suno.com.br\/noticias\/putin-mudancas-negociacoes-ucrania\/","title":{"rendered":"Putin sinaliza negociar com Ucr\u00e2nia; bolsas em NY caem e petr\u00f3leo sobe ap\u00f3s Kiev desmentir"},"content":{"rendered":"<p>O presidente da R\u00fassia Vladimir <strong>Putin<\/strong> disse nesta sexta-feira (11) que houve algum progresso nas negocia\u00e7\u00f5es de Moscou com a Ucr\u00e2nia, mas n\u00e3o deu detalhes. A declara\u00e7\u00e3o chegou a empolgar mercados na Europa e nos EUA.<\/p>\t<div class=\"wrapper-featured-image\">\n\t\t<figure class=\"spotlightImg\">\n\n\t\t\t<picture>\n\t\t\t\t<source media=\"(max-width: 768px)\" srcset=\"https:\/\/files.sunoresearch.com.br\/n\/uploads\/2020\/08\/f27c1239-naom_5e984e2f23204-400x200.webp\">\n\t\t\t\t<img loading=\"lazy\" decoding=\"async\" class=\"newsContent__article__imgCapa lazyloadDisabled \" src=\"https:\/\/files.sunoresearch.com.br\/n\/uploads\/2020\/08\/f27c1239-naom_5e984e2f23204-800x450.webp\" width=\"800\" height=\"450\" alt=\"Putin sinaliza negociar com Ucr\u00e2nia; bolsas em NY caem e petr\u00f3leo sobe ap\u00f3s Kiev desmentir\" fetchpriority=high \/>\n\t\t\t<\/picture>\n\n\t\t\t<figcaption class=\"wp-caption-text wp-caption-text--show\">Putin \u00e9 atacado em limusine,  diz jornal brit\u00e2nico. Foto: Reprodu\u00e7\u00e3o<\/figcaption>\n\t\t<\/figure>\n\t<\/div>\n\n\n\t<p>\n\t\t<a href=\"\" target=\"_blank\" data-element=\"shortcode-suno-banner\" title=\"Banner SUNO, clique e saiba mais\">\n\t\t\t<picture>\n\t\t\t\t<source media=\"(max-width: 500px)\" srcset=\"\">\n\t\t\t\t<img class=\"newsContent__article__imgCapa newsContent__article__imgCapa--banner\"\n\t\t\t\t\tsrc=\"\"\n\t\t\t\t\tdata-promo-id=\"240038\"\t\t\t\t\t\t\t\t\t\t\t\t\t\t\talt=\"\"\n\t\t\t\t>\n\t\t\t<\/picture>\n\t\t<\/a>\n\t<\/p>\n\n\n<p>As principais <strong>bolsas europeia<\/strong>s fecharam em alta, ap\u00f3s sess\u00e3o de quedas na quinta (10). As a\u00e7\u00f5es ganharam impulso pela manh\u00e3, com os coment\u00e1rios do presidente da R\u00fassia sobre poss\u00edveis negocia\u00e7\u00f5es por uma solu\u00e7\u00e3o da guerra na Ucr\u00e2nia. As <strong>bolsas em Nova York<\/strong> abriram em alta, na esteira desse otimismo. Mas diminu\u00edram o \u00edmpeto ao longo da sess\u00e3o com o notici\u00e1rio sobre os ataques na Ucr\u00e2nia, o cerco do ex\u00e9rcito russo a Kiev e novas san\u00e7\u00f5es anunciadas pelos EUA. Fecharam em queda: Dow Jones cedeu 0,70%, S&amp;P500 caiu 1,29% e Nasdaq recuou 2,18%. O Ibovespa tamb\u00e9m fechou no negativo: 1,72%, aos 111.713,07 pontos. O petr\u00f3leo operou vol\u00e1til &#8212; e subiu 3% no fechamento, como barril cotado a US$ 110.<\/p>\n<p>&#8220;H\u00e1 certas mudan\u00e7as positivas, dizem-me os negociadores do nosso lado&#8221;, disse Putin em reuni\u00e3o com o presidente bielorrusso, Alexander Lukashenko, acrescentando que as conversa\u00e7\u00f5es continuam &#8220;praticamente todos os dias&#8221;. O ministro de Rela\u00e7\u00f5es Exteriores da Ucr\u00e2nia, Dmyto Kuleba, desmentiu: disse que houve &#8220;progresso zero&#8221; na discuss\u00e3o com Moscou;<\/p>\n<p>Putin n\u00e3o entrou em detalhes, mas disse, em coment\u00e1rios transmitidos pela TV, que daria mais informa\u00e7\u00f5es sobre o encontro com Lukashenko.<\/p>\n<h2>Cr\u00edticas a administra\u00e7\u00e3o do presidente Joe Biden<\/h2>\n<p>J\u00e1 nos <strong>Estados Unidos<\/strong>, o Congresso est\u00e1 sob tens\u00e3o, com democratas e republicanos pressionando a administra\u00e7\u00e3o do presidente <strong>Joe Biden<\/strong> a fazer mais na ajuda aos aliados ucranianos. A Casa Branca \u00e9 criticada por se recusar enviar avi\u00f5es de guerra para a Ucr\u00e2nia, decis\u00e3o considerada &#8220;absurda&#8221; pelos senadores.<\/p>\n<p>Biden anunciou v\u00e1rias san\u00e7\u00f5es desde o in\u00edcio do ataque russo, tendo ainda enviado ajuda humanit\u00e1ria e equipamentos militares e promovido a via diplom\u00e1tica, sempre em estreita colabora\u00e7\u00e3o com os aliados europeus. Para o Congresso, entretanto, essas medidas n\u00e3o bastam.<\/p>\n<p>Ontem, legisladores de v\u00e1rios comit\u00eas criticaram o governo de Biden por ter rejeitado a oferta da Pol\u00f4nia de enviar avi\u00f5es de guerra \u00e0 Ucr\u00e2nia por meio dos EUA e de uma base a\u00e9rea da <strong>Organiza\u00e7\u00e3o do Tratado do Atl\u00e2ntico Norte<\/strong> (<strong>Otan<\/strong>) na Alemanha.<\/p>\n\t<p>\n\t\t<a href=\"https:\/\/lp.suno.com.br\/planilha-controle-gastos\/\" target=\"_blank\" data-element=\"shortcode-suno-banner\" title=\"Banner SUNO, clique e saiba mais\">\n\t\t\t<picture>\n\t\t\t\t<source media=\"(max-width: 500px)\" srcset=\"https:\/\/files.sunoresearch.com.br\/n\/uploads\/2023\/03\/400x300-Planilha-controle-de-gastos.png\">\n\t\t\t\t<img class=\"newsContent__article__imgCapa newsContent__article__imgCapa--banner\"\n\t\t\t\t\tsrc=\"https:\/\/files.sunoresearch.com.br\/n\/uploads\/2023\/03\/1420x240-Planilha-controle-de-gastos.png\"\n\t\t\t\t\tdata-promo-id=\"101751\"\t\t\t\t\t\t\t\t\t\twidth='1420' height='240'\t\t\t\t\talt=\"https:\/\/files.sunoresearch.com.br\/n\/uploads\/2023\/03\/1420x240-Planilha-controle-de-gastos.png\"\n\t\t\t\t>\n\t\t\t<\/picture>\n\t\t<\/a>\n\t<\/p>\n\n\n<p>Os legisladores disseram n\u00e3o entender a raz\u00e3o pela qual a Casa Branca fornece a Kiev m\u00edsseis antia\u00e9reos e antitanques, mas tra\u00e7a a linha no fornecimento de ca\u00e7as.<\/p>\n<p>\u201cN\u00e3o apoiamos a transfer\u00eancia de mais aeronaves de guerra \u00e0 for\u00e7a a\u00e9rea ucraniana neste momento, e por essa raz\u00e3o n\u00e3o temos interesse em ter essas aeronaves polacas em nossa posse\u201d, explicou o secret\u00e1rio de imprensa do Pent\u00e1gono, John Kirby.<\/p>\n<p>O Departamento de Defesa justificou a decis\u00e3o pelo \u201celevado risco\u201d que a estrat\u00e9gia teria, pois poderia resultar em \u201crea\u00e7\u00e3o significativa por parte da R\u00fassia e numa escalada militar com a Otan\u201d.<\/p>\n<h2>Bolsas da Europa fecham em alta, com dados do Reino Unido e falas de Putin<\/h2>\n<p>As <strong>principais bolsas europeias<\/strong> fecharam em alta nesta sexta-feira, 11, ap\u00f3s coment\u00e1rios do presidente da R\u00fassia, Vladimir Putin, sobre poss\u00edveis negocia\u00e7\u00f5es por uma solu\u00e7\u00e3o da guerra na Ucr\u00e2nia. Al\u00e9m disso, o mercado monitorou n\u00fameros de infla\u00e7\u00e3o da Alemanha, que vieram de acordo com o esperado.<\/p>\n<p>O \u00edndice <strong>pan-europeu Stoxx 600<\/strong> fechou em alta de 0,95%, a 431,17 pontos. Enquanto o londrino FTSE 100 subiu 0,80%, a 7.155,64 pontos, com Anglo American (+2,13%) e Pearson (+18,01%) entre os destaques. Na semana, a alta foi de 2,41%. J\u00e1 o parisiense CAC 40 avan\u00e7ou 0,85%, a 6.260,25 pontos, com alta semanal de 3,27%.<\/p>\n<p>Os<strong> mercados europeus<\/strong> j\u00e1 abriram em alta hoje, com investidores de olho em indicadores brit\u00e2nicos: o Produto Interno Bruto (PIB) teve alta mensal de 0,8% em janeiro, superando as expectativas, e a produ\u00e7\u00e3o industrial avan\u00e7ou 0,7%, tamb\u00e9m acima do que se previa.<\/p>\n<p>Mais tarde, as a\u00e7\u00f5es aceleraram ap\u00f3s Putin indicar que houve avan\u00e7os nas negocia\u00e7\u00f5es com a Ucr\u00e2nia por uma solu\u00e7\u00e3o diplom\u00e1tica para o conflito. Analista-chefe da CMC Markets, Michael Hewson destaca que embora a recupera\u00e7\u00e3o desta semana seja uma pausa bem-vinda ap\u00f3s tr\u00eas semanas de perdas, qualquer deteriora\u00e7\u00e3o no sentimento no fim de semana pode ver esses ganhos revertidos &#8220;em um piscar de olhos&#8221;, se a R\u00fassia optar por aumentar ainda mais a amea\u00e7a de uso de armas qu\u00edmicas ou biol\u00f3gicas.<\/p>\n<p>De acordo com o Julius Baer, a<strong> invas\u00e3o da Ucr\u00e2nia pela R\u00fassia<\/strong> \u00e9 um &#8220;choque massivo&#8221; aos mercados financeiros. Para o banco su\u00ed\u00e7o, em resposta ao aumento dos pre\u00e7os, bancos centrais ter\u00e3o de normalizar sua pol\u00edtica monet\u00e1ria e, no futuro, n\u00e3o poder\u00e3o apoiar a demanda t\u00e3o fortemente. Membro do Conselho de Administra\u00e7\u00e3o do Banco Central Europeu, Mario Centeno, destacou hoje que a pol\u00edtica monet\u00e1ria deve buscar uma posi\u00e7\u00e3o mais neutra e menos acomodat\u00edcia, mas a mudan\u00e7a precisa ser coordenada com as pol\u00edticas or\u00e7ament\u00e1rias europeias.<\/p>\n<p>Investidores tamb\u00e9m acompanharam a taxa anual de infla\u00e7\u00e3o ao consumidor (CPI, pela sigla em ingl\u00eas) da Alemanha, que acelerou para 5,1% em fevereiro, ante 4,9% em janeiro. O n\u00famero de hoje veio em linha com as expectativas de analistas.<\/p>\n<p>Em Frankfurt, o <strong>DAX<\/strong> teve alta de 1,38%, a 13.628,11 pontos, com pap\u00e9is da Siemens Energy AG (+4,34%) e Airbus Group (+3,63%) em alta. Na semana, o avan\u00e7o foi de 4,07%. Em Mil\u00e3o, o FTSE MIB subiu 0,68%, a 23.041,20, com alta semanal de 2,56%. Nas pra\u00e7as ib\u00e9ricas, o PSI 20 subiu 1,51%, a 5.608,01 pontos. Na semana, o aumento foi de 5,18%. J\u00e1 o IBEX 35 teve alta de 0,90%, a 8.142,10 pontos, subindo 5,45% na semana.<\/p>\n<p><em>Leia mais<\/em><\/p>\n<h2>Presidente da Ucr\u00e2nia quer negociar fim da guerra com Putin<\/h2>\n<p>O presidente da\u00a0Ucr\u00e2nia, Volodymyr Zelensky, afirmou na \u00faltima quarta-feira (9) que est\u00e1 disposto a fazer concess\u00f5es para acabar com a guerra que a R\u00fassia travou contra o seu pa\u00eds. Entretanto, o chefe do executivo acredita que isso s\u00f3 ser\u00e1 poss\u00edvel quando ele negociar diretamente com o presidente da R\u00fassia, Vladimir <strong>Putin<\/strong>, segundo o jornal <em>Valor Econ\u00f4mico<\/em>. A not\u00edcia melhorou o clima nos mercados: as bolsas de Nova York e S\u00e3o Paulo subiram, enquanto o pre\u00e7o do barril do petr\u00f3leo recuou.<\/p>\n\t<p>\n\t\t<a href=\"\" target=\"_blank\" data-element=\"shortcode-suno-banner\" title=\"Banner SUNO, clique e saiba mais\">\n\t\t\t<picture>\n\t\t\t\t<source media=\"(max-width: 500px)\" srcset=\"\">\n\t\t\t\t<img class=\"newsContent__article__imgCapa newsContent__article__imgCapa--banner\"\n\t\t\t\t\tsrc=\"\"\n\t\t\t\t\tdata-promo-id=\"77030\"\t\t\t\t\t\t\t\t\t\t\t\t\t\t\talt=\"\"\n\t\t\t\t>\n\t\t\t<\/picture>\n\t\t<\/a>\n\t<\/p>\n\n\n<p>O l\u00edder da Ucr\u00e2nia afirmou ao canal Bild TV que ainda n\u00e3o teve contato direto com Putin, algo que ele acredita ser necess\u00e1rio para que as negocia\u00e7\u00f5es entre os dois pa\u00edses avancem. A guerra entre\u00a0<strong>Ucr\u00e2nia e R\u00fassia<\/strong>\u00a0j\u00e1 dura 14 dias com um n\u00famero incerto de mortos.<\/p>\n<p>A Organiza\u00e7\u00e3o das Na\u00e7\u00f5es Unidas (<strong>ONU<\/strong>) estima que 500 civis ucranianos j\u00e1 morreram com o conflito. O n\u00famero de refugiados j\u00e1 chegou a 2,2 milh\u00f5es \u2013 cerca de um a cada 20 ucranianos.<\/p>\n<p>Para\u00a0<strong>Zelensky<\/strong>, um dos pontos essenciais para que a negocia\u00e7\u00e3o tenha um final conclusivo s\u00e3o as duas partes estarem dispostas a fazer concess\u00f5es. O\u00a0<strong>presidente da Ucr\u00e2nia<\/strong>\u00a0j\u00e1 afirmou algumas vezes que est\u00e1 flex\u00edvel para esse di\u00e1logo.<\/p>\n<blockquote><p>\u201cSomente ap\u00f3s conversas diretas entre os dois presidentes poderemos encerrar esta guerra\u201d, disse ele.<\/p><\/blockquote>\n<p>Embora o presidente da Ucr\u00e2nia afirme estar disposta a fazer concess\u00f5es, Zelensky n\u00e3o est\u00e1 aberto a negociar o territ\u00f3rio ucraniano.<\/p>\n<p>Um dos principais assessores do presidente afirmou em entrevista \u00e0\u00a0<em>Bloomberg<\/em>\u00a0que a Ucr\u00e2nia deseja encontrar uma\u00a0<strong>solu\u00e7\u00e3o diplom\u00e1tica<\/strong>\u00a0para o conflito, mas isso n\u00e3o inclui a concess\u00e3o de nem \u201cum \u00fanico cent\u00edmetro\u201d do pr\u00f3prio territ\u00f3rio para a R\u00fassia.<\/p>\n\t<p>\n\t\t<a href=\"\" target=\"_blank\" data-element=\"shortcode-suno-banner\" title=\"Banner SUNO, clique e saiba mais\">\n\t\t\t<picture>\n\t\t\t\t<source media=\"(max-width: 500px)\" srcset=\"\">\n\t\t\t\t<img class=\"newsContent__article__imgCapa newsContent__article__imgCapa--banner\"\n\t\t\t\t\tsrc=\"\"\n\t\t\t\t\tdata-promo-id=\"92668\"\t\t\t\t\t\t\t\t\t\t\t\t\t\t\talt=\"\"\n\t\t\t\t>\n\t\t\t<\/picture>\n\t\t<\/a>\n\t<\/p>\n\n\n<p>Nesse embate, pelo menos tr\u00eas territ\u00f3rios s\u00e3o disputados pelos pa\u00edses: pen\u00ednsula da\u00a0<strong>Crimeia<\/strong>,\u00a0<strong>Donetsk<\/strong>\u00a0e\u00a0<strong>Luhansk<\/strong>.<\/p>\n<p>Em 2014, a R\u00fassia anexou a pen\u00ednsula da Crimeia e desde ent\u00e3o exige que a Ucr\u00e2nia reconhe\u00e7a a soberania do pa\u00eds sobre esse territ\u00f3rio. Al\u00e9m disso,\u00a0Vladimir <strong>Putin<\/strong>\u00a0tamb\u00e9m quer que o pa\u00eds de Zelensky conceda a independ\u00eancia das regist\u00f5es separatistas Donetsk e Luhansk, que s\u00e3o controladas por grupos pr\u00f3-Moscou.<\/p>\n\t<p>\n\t\t<a href=\"https:\/\/lp.suno.com.br\/planilha-de-controle-de-investimentos\/\" target=\"_blank\" data-element=\"shortcode-suno-banner\" title=\"Banner SUNO, clique e saiba mais\">\n\t\t\t<picture>\n\t\t\t\t<source media=\"(max-width: 500px)\" srcset=\"https:\/\/files.sunoresearch.com.br\/n\/uploads\/2023\/03\/400x300-Controle-de-Investimentos.png\">\n\t\t\t\t<img class=\"newsContent__article__imgCapa newsContent__article__imgCapa--banner\"\n\t\t\t\t\tsrc=\"https:\/\/files.sunoresearch.com.br\/n\/uploads\/2023\/03\/1420x240-Controle-de-Investimentos.png\"\n\t\t\t\t\tdata-promo-id=\"75934\"\t\t\t\t\t\t\t\t\t\twidth='1420' height='240'\t\t\t\t\talt=\"https:\/\/files.sunoresearch.com.br\/n\/uploads\/2023\/03\/1420x240-Controle-de-Investimentos.png\"\n\t\t\t\t>\n\t\t\t<\/picture>\n\t\t<\/a>\n\t<\/p>\n\n\n<p>(<em>Com informa\u00e7\u00f5es da Ag\u00eancia Brasil e Estad\u00e3o Conte\u00fado<\/em>)<\/p>\n","protected":false},"excerpt":{"rendered":"<p>O presidente da R\u00fassia Vladimir Putin disse nesta sexta-feira (11) que houve algum progresso nas negocia\u00e7\u00f5es de Moscou com a Ucr\u00e2nia, mas n\u00e3o deu detalhes. A declara\u00e7\u00e3o chegou a empolgar mercados na Europa e nos EUA. Putin \u00e9 atacado em limusine, diz jornal brit\u00e2nico. Foto: Reprodu\u00e7\u00e3o As principais bolsas europeias fecharam em alta, ap\u00f3s sess\u00e3o [&hellip;]<\/p>\n","protected":false},"author":146,"featured_media":77522,"comment_status":"closed","ping_status":"closed","sticky":false,"template":"","format":"standard","meta":[],"categories":[63],"tags":[866],"suno_strategy":[],"class_list":["post-240577","post","type-post","status-publish","format-standard","has-post-thumbnail","hentry","category-internacional","tag-russia"],"yoast_head":"<!-- This site is optimized with the Yoast SEO plugin v24.4 - https:\/\/yoast.com\/wordpress\/plugins\/seo\/ -->\n<title>Putin v\u00ea &quot;mudan\u00e7as positivas&quot; nas negocia\u00e7\u00f5es com Ucr\u00e2nia<\/title>\n<meta name=\"description\" content=\"O presidente da R\u00fassia, Vladimir Putin, disse nesta sexta-feira (11) que houve algum progresso nas negocia\u00e7\u00f5es de Moscou com a Ucr\u00e2nia.\" \/>\n<meta name=\"robots\" content=\"index, follow, max-snippet:-1, max-image-preview:large, max-video-preview:-1\" \/>\n<link rel=\"canonical\" href=\"https:\/\/www.suno.com.br\/noticias\/putin-mudancas-negociacoes-ucrania\/\" \/>\n<meta property=\"og:locale\" content=\"pt_BR\" \/>\n<meta property=\"og:type\" content=\"article\" \/>\n<meta property=\"og:title\" content=\"Putin v\u00ea &quot;mudan\u00e7as positivas&quot; nas negocia\u00e7\u00f5es com Ucr\u00e2nia\" \/>\n<meta property=\"og:description\" content=\"O presidente da R\u00fassia, Vladimir Putin, disse nesta sexta-feira (11) que houve algum progresso nas negocia\u00e7\u00f5es de Moscou com a Ucr\u00e2nia.\" \/>\n<meta property=\"og:url\" content=\"https:\/\/www.suno.com.br\/noticias\/putin-mudancas-negociacoes-ucrania\/\" \/>\n<meta property=\"og:site_name\" content=\"Suno Not\u00edcias\" \/>\n<meta property=\"article:publisher\" content=\"https:\/\/facebook.com\/sunoresearch\" \/>\n<meta property=\"og:image\" content=\"https:\/\/files.sunoresearch.com.br\/n\/uploads\/2020\/08\/f27c1239-naom_5e984e2f23204.jpg\" \/>\n\t<meta property=\"og:image:width\" content=\"1920\" \/>\n\t<meta property=\"og:image:height\" content=\"1080\" \/>\n\t<meta property=\"og:image:type\" content=\"image\/jpeg\" \/>\n<meta name=\"author\" content=\"Vict\u00f3ria Anhesini\" \/>\n<meta name=\"twitter:card\" content=\"summary_large_image\" \/>\n<meta name=\"twitter:creator\" content=\"@sunoresearch\" \/>\n<meta name=\"twitter:site\" content=\"@sunoresearch\" \/>\n<meta name=\"twitter:label1\" content=\"Escrito por\" \/>\n\t<meta name=\"twitter:data1\" content=\"Vict\u00f3ria Anhesini\" \/>\n\t<meta name=\"twitter:label2\" content=\"Est. tempo de leitura\" \/>\n\t<meta name=\"twitter:data2\" content=\"6 minutos\" \/>\n<script type=\"application\/ld+json\" class=\"yoast-schema-graph\">{\"@context\":\"https:\/\/schema.org\",\"@graph\":[{\"@type\":\"NewsArticle\",\"@id\":\"https:\/\/www.suno.com.br\/noticias\/putin-mudancas-negociacoes-ucrania\/#article\",\"isPartOf\":{\"@id\":\"https:\/\/www.suno.com.br\/noticias\/putin-mudancas-negociacoes-ucrania\/\"},\"author\":{\"name\":\"Vict\u00f3ria Anhesini\",\"@id\":\"https:\/\/www.suno.com.br\/noticias\/#\/schema\/person\/46d847cb19ad53fde0857adca989c23f\"},\"headline\":\"Putin sinaliza negociar com Ucr\u00e2nia; bolsas em NY caem e petr\u00f3leo sobe ap\u00f3s Kiev desmentir\",\"datePublished\":\"2022-03-11T21:37:34+00:00\",\"dateModified\":\"2022-03-11T22:23:31+00:00\",\"mainEntityOfPage\":{\"@id\":\"https:\/\/www.suno.com.br\/noticias\/putin-mudancas-negociacoes-ucrania\/\"},\"wordCount\":1432,\"publisher\":{\"@id\":\"https:\/\/www.suno.com.br\/noticias\/#organization\"},\"image\":{\"@id\":\"https:\/\/www.suno.com.br\/noticias\/putin-mudancas-negociacoes-ucrania\/#primaryimage\"},\"thumbnailUrl\":\"https:\/\/files.sunoresearch.com.br\/n\/uploads\/2020\/08\/f27c1239-naom_5e984e2f23204.jpg\",\"keywords\":[\"R\u00fassia\"],\"articleSection\":[\"Internacional\"],\"inLanguage\":\"pt-BR\"},{\"@type\":\"WebPage\",\"@id\":\"https:\/\/www.suno.com.br\/noticias\/putin-mudancas-negociacoes-ucrania\/\",\"url\":\"https:\/\/www.suno.com.br\/noticias\/putin-mudancas-negociacoes-ucrania\/\",\"name\":\"Putin v\u00ea \\\"mudan\u00e7as positivas\\\" nas negocia\u00e7\u00f5es com Ucr\u00e2nia\",\"isPartOf\":{\"@id\":\"https:\/\/www.suno.com.br\/noticias\/#website\"},\"primaryImageOfPage\":{\"@id\":\"https:\/\/www.suno.com.br\/noticias\/putin-mudancas-negociacoes-ucrania\/#primaryimage\"},\"image\":{\"@id\":\"https:\/\/www.suno.com.br\/noticias\/putin-mudancas-negociacoes-ucrania\/#primaryimage\"},\"thumbnailUrl\":\"https:\/\/files.sunoresearch.com.br\/n\/uploads\/2020\/08\/f27c1239-naom_5e984e2f23204.jpg\",\"datePublished\":\"2022-03-11T21:37:34+00:00\",\"dateModified\":\"2022-03-11T22:23:31+00:00\",\"description\":\"O presidente da R\u00fassia, Vladimir Putin, disse nesta sexta-feira (11) que houve algum progresso nas negocia\u00e7\u00f5es de Moscou com a Ucr\u00e2nia.\",\"breadcrumb\":{\"@id\":\"https:\/\/www.suno.com.br\/noticias\/putin-mudancas-negociacoes-ucrania\/#breadcrumb\"},\"inLanguage\":\"pt-BR\",\"potentialAction\":[{\"@type\":\"ReadAction\",\"target\":[\"https:\/\/www.suno.com.br\/noticias\/putin-mudancas-negociacoes-ucrania\/\"]}]},{\"@type\":\"ImageObject\",\"inLanguage\":\"pt-BR\",\"@id\":\"https:\/\/www.suno.com.br\/noticias\/putin-mudancas-negociacoes-ucrania\/#primaryimage\",\"url\":\"https:\/\/files.sunoresearch.com.br\/n\/uploads\/2020\/08\/f27c1239-naom_5e984e2f23204.jpg\",\"contentUrl\":\"https:\/\/files.sunoresearch.com.br\/n\/uploads\/2020\/08\/f27c1239-naom_5e984e2f23204.jpg\",\"width\":1920,\"height\":1080,\"caption\":\"Putin \u00e9 atacado em limusine, diz jornal brit\u00e2nico. Foto: Reprodu\u00e7\u00e3o\"},{\"@type\":\"BreadcrumbList\",\"@id\":\"https:\/\/www.suno.com.br\/noticias\/putin-mudancas-negociacoes-ucrania\/#breadcrumb\",\"itemListElement\":[{\"@type\":\"ListItem\",\"position\":1,\"name\":\"Not\u00edcias\",\"item\":\"https:\/\/www.suno.com.br\/noticias\/\"},{\"@type\":\"ListItem\",\"position\":2,\"name\":\"Internacional\",\"item\":\"https:\/\/www.suno.com.br\/noticias\/internacional\/\"},{\"@type\":\"ListItem\",\"position\":3,\"name\":\"Putin sinaliza negociar com Ucr\u00e2nia; bolsas em NY caem e petr\u00f3leo sobe ap\u00f3s Kiev desmentir\"}]},{\"@type\":\"WebSite\",\"@id\":\"https:\/\/www.suno.com.br\/noticias\/#website\",\"url\":\"https:\/\/www.suno.com.br\/noticias\/\",\"name\":\"Suno Not\u00edcias\",\"description\":\"Seu portal de informa\u00e7\u00e3o sobre o mundo dos investimentos\",\"publisher\":{\"@id\":\"https:\/\/www.suno.com.br\/noticias\/#organization\"},\"potentialAction\":[{\"@type\":\"SearchAction\",\"target\":{\"@type\":\"EntryPoint\",\"urlTemplate\":\"https:\/\/www.suno.com.br\/noticias\/?s={search_term_string}\"},\"query-input\":{\"@type\":\"PropertyValueSpecification\",\"valueRequired\":true,\"valueName\":\"search_term_string\"}}],\"inLanguage\":\"pt-BR\"},{\"@type\":\"Organization\",\"@id\":\"https:\/\/www.suno.com.br\/noticias\/#organization\",\"name\":\"Suno Not\u00edcias\",\"url\":\"https:\/\/www.suno.com.br\/noticias\/\",\"logo\":{\"@type\":\"ImageObject\",\"inLanguage\":\"pt-BR\",\"@id\":\"https:\/\/www.suno.com.br\/noticias\/#\/schema\/logo\/image\/\",\"url\":\"https:\/\/files.sunoresearch.com.br\/n\/uploads\/2021\/09\/suno-logo.png\",\"contentUrl\":\"https:\/\/files.sunoresearch.com.br\/n\/uploads\/2021\/09\/suno-logo.png\",\"width\":180,\"height\":180,\"caption\":\"Suno Not\u00edcias\"},\"image\":{\"@id\":\"https:\/\/www.suno.com.br\/noticias\/#\/schema\/logo\/image\/\"},\"sameAs\":[\"https:\/\/facebook.com\/sunoresearch\",\"https:\/\/x.com\/sunoresearch\",\"https:\/\/www.instagram.com\/suno\",\"https:\/\/www.linkedin.com\/company\/suno-research\/\",\"https:\/\/www.youtube.com\/c\/sunoresearch\"]},{\"@type\":\"Person\",\"@id\":\"https:\/\/www.suno.com.br\/noticias\/#\/schema\/person\/46d847cb19ad53fde0857adca989c23f\",\"name\":\"Vict\u00f3ria Anhesini\",\"image\":{\"@type\":\"ImageObject\",\"inLanguage\":\"pt-BR\",\"@id\":\"https:\/\/www.suno.com.br\/noticias\/#\/schema\/person\/image\/\",\"url\":\"https:\/\/secure.gravatar.com\/avatar\/0172bdfcd9129dd9dd68794804304e6e?s=96&r=g\",\"contentUrl\":\"https:\/\/secure.gravatar.com\/avatar\/0172bdfcd9129dd9dd68794804304e6e?s=96&r=g\",\"caption\":\"Vict\u00f3ria Anhesini\"},\"description\":\"Rep\u00f3rter no Suno Not\u00edcias, cobre mercados, neg\u00f3cios e economia, escrevendo majoritariamente sobre movimentos das empresas, cobertura de balan\u00e7os trimestrais e Bolsa de Valores. Formada em jornalismo pela Universidade Presbiteriana Mackenzie em 2019, passou pelo portal de economia e finan\u00e7as EuQueroInvestir como rep\u00f3rter e anteriormente, trabalhou na assessoria de imprensa PinePR, onde liderou com startups de inova\u00e7\u00e3o, tecnologia e finan\u00e7as. Em seu tempo livre, fala sobre m\u00fasica para ambos os sites do selo ForMusic, Wikimetal e Mad Sound, e faz trabalho volunt\u00e1rio no programa Escreve Cartas do Poupatempo.\",\"sameAs\":[\"https:\/\/www.linkedin.com\/in\/victoria-anhesini\/\"],\"url\":\"https:\/\/www.suno.com.br\/noticias\/author\/victoria\/\"}]}<\/script>\n<!-- \/ Yoast SEO plugin. -->","yoast_head_json":{"title":"Putin v\u00ea \"mudan\u00e7as positivas\" nas negocia\u00e7\u00f5es com Ucr\u00e2nia","description":"O presidente da R\u00fassia, Vladimir Putin, disse nesta sexta-feira (11) que houve algum progresso nas negocia\u00e7\u00f5es de Moscou com a Ucr\u00e2nia.","robots":{"index":"index","follow":"follow","max-snippet":"max-snippet:-1","max-image-preview":"max-image-preview:large","max-video-preview":"max-video-preview:-1"},"canonical":"https:\/\/www.suno.com.br\/noticias\/putin-mudancas-negociacoes-ucrania\/","og_locale":"pt_BR","og_type":"article","og_title":"Putin v\u00ea \"mudan\u00e7as positivas\" nas negocia\u00e7\u00f5es com Ucr\u00e2nia","og_description":"O presidente da R\u00fassia, Vladimir Putin, disse nesta sexta-feira (11) que houve algum progresso nas negocia\u00e7\u00f5es de Moscou com a Ucr\u00e2nia.","og_url":"https:\/\/www.suno.com.br\/noticias\/putin-mudancas-negociacoes-ucrania\/","og_site_name":"Suno Not\u00edcias","article_publisher":"https:\/\/facebook.com\/sunoresearch","og_image":[{"width":1920,"height":1080,"url":"https:\/\/files.sunoresearch.com.br\/n\/uploads\/2020\/08\/f27c1239-naom_5e984e2f23204.jpg","type":"image\/jpeg"}],"author":"Vict\u00f3ria Anhesini","twitter_card":"summary_large_image","twitter_creator":"@sunoresearch","twitter_site":"@sunoresearch","twitter_misc":{"Escrito por":"Vict\u00f3ria Anhesini","Est. tempo de leitura":"6 minutos"},"schema":{"@context":"https:\/\/schema.org","@graph":[{"@type":"NewsArticle","@id":"https:\/\/www.suno.com.br\/noticias\/putin-mudancas-negociacoes-ucrania\/#article","isPartOf":{"@id":"https:\/\/www.suno.com.br\/noticias\/putin-mudancas-negociacoes-ucrania\/"},"author":{"name":"Vict\u00f3ria Anhesini","@id":"https:\/\/www.suno.com.br\/noticias\/#\/schema\/person\/46d847cb19ad53fde0857adca989c23f"},"headline":"Putin sinaliza negociar com Ucr\u00e2nia; bolsas em NY caem e petr\u00f3leo sobe ap\u00f3s Kiev desmentir","datePublished":"2022-03-11T21:37:34+00:00","dateModified":"2022-03-11T22:23:31+00:00","mainEntityOfPage":{"@id":"https:\/\/www.suno.com.br\/noticias\/putin-mudancas-negociacoes-ucrania\/"},"wordCount":1432,"publisher":{"@id":"https:\/\/www.suno.com.br\/noticias\/#organization"},"image":{"@id":"https:\/\/www.suno.com.br\/noticias\/putin-mudancas-negociacoes-ucrania\/#primaryimage"},"thumbnailUrl":"https:\/\/files.sunoresearch.com.br\/n\/uploads\/2020\/08\/f27c1239-naom_5e984e2f23204.jpg","keywords":["R\u00fassia"],"articleSection":["Internacional"],"inLanguage":"pt-BR"},{"@type":"WebPage","@id":"https:\/\/www.suno.com.br\/noticias\/putin-mudancas-negociacoes-ucrania\/","url":"https:\/\/www.suno.com.br\/noticias\/putin-mudancas-negociacoes-ucrania\/","name":"Putin v\u00ea \"mudan\u00e7as positivas\" nas negocia\u00e7\u00f5es com Ucr\u00e2nia","isPartOf":{"@id":"https:\/\/www.suno.com.br\/noticias\/#website"},"primaryImageOfPage":{"@id":"https:\/\/www.suno.com.br\/noticias\/putin-mudancas-negociacoes-ucrania\/#primaryimage"},"image":{"@id":"https:\/\/www.suno.com.br\/noticias\/putin-mudancas-negociacoes-ucrania\/#primaryimage"},"thumbnailUrl":"https:\/\/files.sunoresearch.com.br\/n\/uploads\/2020\/08\/f27c1239-naom_5e984e2f23204.jpg","datePublished":"2022-03-11T21:37:34+00:00","dateModified":"2022-03-11T22:23:31+00:00","description":"O presidente da R\u00fassia, Vladimir Putin, disse nesta sexta-feira (11) que houve algum progresso nas negocia\u00e7\u00f5es de Moscou com a Ucr\u00e2nia.","breadcrumb":{"@id":"https:\/\/www.suno.com.br\/noticias\/putin-mudancas-negociacoes-ucrania\/#breadcrumb"},"inLanguage":"pt-BR","potentialAction":[{"@type":"ReadAction","target":["https:\/\/www.suno.com.br\/noticias\/putin-mudancas-negociacoes-ucrania\/"]}]},{"@type":"ImageObject","inLanguage":"pt-BR","@id":"https:\/\/www.suno.com.br\/noticias\/putin-mudancas-negociacoes-ucrania\/#primaryimage","url":"https:\/\/files.sunoresearch.com.br\/n\/uploads\/2020\/08\/f27c1239-naom_5e984e2f23204.jpg","contentUrl":"https:\/\/files.sunoresearch.com.br\/n\/uploads\/2020\/08\/f27c1239-naom_5e984e2f23204.jpg","width":1920,"height":1080,"caption":"Putin \u00e9 atacado em limusine, diz jornal brit\u00e2nico. Foto: Reprodu\u00e7\u00e3o"},{"@type":"BreadcrumbList","@id":"https:\/\/www.suno.com.br\/noticias\/putin-mudancas-negociacoes-ucrania\/#breadcrumb","itemListElement":[{"@type":"ListItem","position":1,"name":"Not\u00edcias","item":"https:\/\/www.suno.com.br\/noticias\/"},{"@type":"ListItem","position":2,"name":"Internacional","item":"https:\/\/www.suno.com.br\/noticias\/internacional\/"},{"@type":"ListItem","position":3,"name":"Putin sinaliza negociar com Ucr\u00e2nia; bolsas em NY caem e petr\u00f3leo sobe ap\u00f3s Kiev desmentir"}]},{"@type":"WebSite","@id":"https:\/\/www.suno.com.br\/noticias\/#website","url":"https:\/\/www.suno.com.br\/noticias\/","name":"Suno Not\u00edcias","description":"Seu portal de informa\u00e7\u00e3o sobre o mundo dos investimentos","publisher":{"@id":"https:\/\/www.suno.com.br\/noticias\/#organization"},"potentialAction":[{"@type":"SearchAction","target":{"@type":"EntryPoint","urlTemplate":"https:\/\/www.suno.com.br\/noticias\/?s={search_term_string}"},"query-input":{"@type":"PropertyValueSpecification","valueRequired":true,"valueName":"search_term_string"}}],"inLanguage":"pt-BR"},{"@type":"Organization","@id":"https:\/\/www.suno.com.br\/noticias\/#organization","name":"Suno Not\u00edcias","url":"https:\/\/www.suno.com.br\/noticias\/","logo":{"@type":"ImageObject","inLanguage":"pt-BR","@id":"https:\/\/www.suno.com.br\/noticias\/#\/schema\/logo\/image\/","url":"https:\/\/files.sunoresearch.com.br\/n\/uploads\/2021\/09\/suno-logo.png","contentUrl":"https:\/\/files.sunoresearch.com.br\/n\/uploads\/2021\/09\/suno-logo.png","width":180,"height":180,"caption":"Suno Not\u00edcias"},"image":{"@id":"https:\/\/www.suno.com.br\/noticias\/#\/schema\/logo\/image\/"},"sameAs":["https:\/\/facebook.com\/sunoresearch","https:\/\/x.com\/sunoresearch","https:\/\/www.instagram.com\/suno","https:\/\/www.linkedin.com\/company\/suno-research\/","https:\/\/www.youtube.com\/c\/sunoresearch"]},{"@type":"Person","@id":"https:\/\/www.suno.com.br\/noticias\/#\/schema\/person\/46d847cb19ad53fde0857adca989c23f","name":"Vict\u00f3ria Anhesini","image":{"@type":"ImageObject","inLanguage":"pt-BR","@id":"https:\/\/www.suno.com.br\/noticias\/#\/schema\/person\/image\/","url":"https:\/\/secure.gravatar.com\/avatar\/0172bdfcd9129dd9dd68794804304e6e?s=96&r=g","contentUrl":"https:\/\/secure.gravatar.com\/avatar\/0172bdfcd9129dd9dd68794804304e6e?s=96&r=g","caption":"Vict\u00f3ria Anhesini"},"description":"Rep\u00f3rter no Suno Not\u00edcias, cobre mercados, neg\u00f3cios e economia, escrevendo majoritariamente sobre movimentos das empresas, cobertura de balan\u00e7os trimestrais e Bolsa de Valores. Formada em jornalismo pela Universidade Presbiteriana Mackenzie em 2019, passou pelo portal de economia e finan\u00e7as EuQueroInvestir como rep\u00f3rter e anteriormente, trabalhou na assessoria de imprensa PinePR, onde liderou com startups de inova\u00e7\u00e3o, tecnologia e finan\u00e7as. Em seu tempo livre, fala sobre m\u00fasica para ambos os sites do selo ForMusic, Wikimetal e Mad Sound, e faz trabalho volunt\u00e1rio no programa Escreve Cartas do Poupatempo.","sameAs":["https:\/\/www.linkedin.com\/in\/victoria-anhesini\/"],"url":"https:\/\/www.suno.com.br\/noticias\/author\/victoria\/"}]}},"default_loop_html":"<div class=\"cardsPage__listCard__boxs\"><div class=\"cardsPage__listCard__boxs__img\"><a href=\"https:\/\/www.suno.com.br\/noticias\/putin-mudancas-negociacoes-ucrania\/\"><img class=\"mask\" src=\"https:\/\/www.suno.com.br\/noticias\/wp-content\/themes\/suno\/resources\/images\/spotlight\/spotlight1img\/bg-mask.png\" alt=\"Image Mask\"\/><img src=\"https:\/\/files.sunoresearch.com.br\/n\/uploads\/2020\/08\/f27c1239-naom_5e984e2f23204-400x200.webp\" alt=\"Putin sinaliza negociar com Ucr\u00e2nia; bolsas em NY caem e petr\u00f3leo sobe ap\u00f3s Kiev desmentir\"\/><\/a><span class=\"spotlightCategory\"><a href=\"https:\/\/www.suno.com.br\/noticias\/internacional\/\">Internacional<\/a><\/span><\/div><div class=\"cardsPage__listCard__boxs__content\"><a href=\"https:\/\/www.suno.com.br\/noticias\/putin-mudancas-negociacoes-ucrania\/\"><h2 class=\"content__title\">Putin sinaliza negociar com Ucr\u00e2nia; bolsas em NY caem e petr\u00f3leo sobe ap\u00f3s Kiev desmentir<\/h2><\/a><div class=\"newsContent__article__meta\"><div class=\"newsContent__article__meta__authorBox\"><a href=\"https:\/\/www.suno.com.br\/noticias\/author\/victoria\/\" class=\"authorBox__avatar noMobi\"><img src=\"https:\/\/files.sunoresearch.com.br\/n\/uploads\/2021\/12\/20190129VickyPINEAPPLE01-1-150x150.jpg\" alt=\"Vict\u00f3ria Anhesini\"><\/a><div class=\"authorBox__name\"><span>por\n\t\t\t<a href=\"https:\/\/www.suno.com.br\/noticias\/author\/victoria\/\"><span itemprop=\"author\">Vict\u00f3ria Anhesini<\/span><\/a><\/span><time datetime=\"2022-03-11T18:37:34-03:00\" itemprop=\"datePublished\">11\/03\/2022 18:37<\/time><\/div><\/div><\/div><\/div><\/div>","single_layout":"posts","amp_enabled":true,"_links":{"self":[{"href":"https:\/\/www.suno.com.br\/noticias\/wp-json\/wp\/v2\/posts\/240577"}],"collection":[{"href":"https:\/\/www.suno.com.br\/noticias\/wp-json\/wp\/v2\/posts"}],"about":[{"href":"https:\/\/www.suno.com.br\/noticias\/wp-json\/wp\/v2\/types\/post"}],"author":[{"embeddable":true,"href":"https:\/\/www.suno.com.br\/noticias\/wp-json\/wp\/v2\/users\/146"}],"replies":[{"embeddable":true,"href":"https:\/\/www.suno.com.br\/noticias\/wp-json\/wp\/v2\/comments?post=240577"}],"version-history":[{"count":3,"href":"https:\/\/www.suno.com.br\/noticias\/wp-json\/wp\/v2\/posts\/240577\/revisions"}],"predecessor-version":[{"id":240660,"href":"https:\/\/www.suno.com.br\/noticias\/wp-json\/wp\/v2\/posts\/240577\/revisions\/240660"}],"wp:featuredmedia":[{"embeddable":true,"href":"https:\/\/www.suno.com.br\/noticias\/wp-json\/wp\/v2\/media\/77522"}],"wp:attachment":[{"href":"https:\/\/www.suno.com.br\/noticias\/wp-json\/wp\/v2\/media?parent=240577"}],"wp:term":[{"taxonomy":"category","embeddable":true,"href":"https:\/\/www.suno.com.br\/noticias\/wp-json\/wp\/v2\/categories?post=240577"},{"taxonomy":"post_tag","embeddable":true,"href":"https:\/\/www.suno.com.br\/noticias\/wp-json\/wp\/v2\/tags?post=240577"},{"taxonomy":"suno_strategy","embeddable":true,"href":"https:\/\/www.suno.com.br\/noticias\/wp-json\/wp\/v2\/suno_strategy?post=240577"}],"curies":[{"name":"wp","href":"https:\/\/api.w.org\/{rel}","templated":true}]}}