{"id":240530,"date":"2022-03-11T18:11:01","date_gmt":"2022-03-11T21:11:01","guid":{"rendered":"https:\/\/www.suno.com.br\/noticias\/?p=240530"},"modified":"2022-03-11T19:33:39","modified_gmt":"2022-03-11T22:33:39","slug":"biden-sancoes-russia-rebaixamento-comercial","status":"publish","type":"post","link":"https:\/\/www.suno.com.br\/noticias\/biden-sancoes-russia-rebaixamento-comercial\/","title":{"rendered":"Biden anuncia mais san\u00e7\u00f5es \u00e0 R\u00fassia e avisa: &#8220;Os EUA n\u00e3o lutar\u00e3o a 3\u00aa Guerra Mundial&#8221;"},"content":{"rendered":"<p>O presidente dos Estados Unidos, Joe Biden, anunciou novas san\u00e7\u00f5es \u00e0 <strong>R\u00fassia<\/strong> nesta sexta-feira (11), bloqueando a compra de vodca, diamantes e pescados. Tamb\u00e9m disse que pretende impedir que o pa\u00eds lidere institui\u00e7\u00f5es multilaterais como o <a class=\"suno-keyword\" href=\"https:\/\/www.suno.com.br\/artigos\/fmi\/\" target=\"_blank\" rel=\"noopener\" data-force=\"no\" data-priority=\"2\">Fundo Monet\u00e1rio Internacional (FMI)<\/a>.<\/p>\t<div class=\"wrapper-featured-image\">\n\t\t<figure class=\"spotlightImg\">\n\n\t\t\t<picture>\n\t\t\t\t<source media=\"(max-width: 768px)\" srcset=\"https:\/\/files.sunoresearch.com.br\/n\/uploads\/2022\/02\/biden-discurso-primeiro-dia-invasao-twitter-400x200.jpg\">\n\t\t\t\t<img loading=\"lazy\" decoding=\"async\" class=\"newsContent__article__imgCapa lazyloadDisabled \" src=\"https:\/\/files.sunoresearch.com.br\/n\/uploads\/2022\/02\/biden-discurso-primeiro-dia-invasao-twitter-800x450.jpg\" width=\"800\" height=\"450\" alt=\"Biden anuncia mais san\u00e7\u00f5es \u00e0 R\u00fassia e avisa: &#8220;Os EUA n\u00e3o lutar\u00e3o a 3\u00aa Guerra Mundial&#8221;\" fetchpriority=high \/>\n\t\t\t<\/picture>\n\n\t\t\t<figcaption class=\"wp-caption-text wp-caption-text--show\">Biden  Foto: Reprodu\u00e7\u00e3o\/Twitter<\/figcaption>\n\t\t<\/figure>\n\t<\/div>\n\n\n\t<p>\n\t\t<a href=\"\" target=\"_blank\" data-element=\"shortcode-suno-banner\" title=\"Banner SUNO, clique e saiba mais\">\n\t\t\t<picture>\n\t\t\t\t<source media=\"(max-width: 500px)\" srcset=\"\">\n\t\t\t\t<img class=\"newsContent__article__imgCapa newsContent__article__imgCapa--banner\"\n\t\t\t\t\tsrc=\"\"\n\t\t\t\t\tdata-promo-id=\"240038\"\t\t\t\t\t\t\t\t\t\t\t\t\t\t\talt=\"\"\n\t\t\t\t>\n\t\t\t<\/picture>\n\t\t<\/a>\n\t<\/p>\n\n\n<p>Biden reafirmou sua posi\u00e7\u00e3o favor\u00e1vel em retirar da R\u00fassia o status comercial de &#8220;<strong>na\u00e7\u00e3o mais favorecida<\/strong>&#8221; &#8212; condi\u00e7\u00e3o que garante benef\u00edcios comerciais como a <strong>redu\u00e7\u00e3o de tarifas.<\/strong> O veto ao benef\u00edcio comercial russo ainda precisa do aval dos outros membros do G7 e da Uni\u00e3o Europeia para entrar em vigor.<\/p>\n<p>O G7 \u00e9 o grupo dos pa\u00edses mais industrializados do mundo, composto por Alemanha, Canad\u00e1, Estados Unidos, Fran\u00e7a, It\u00e1lia, Jap\u00e3o e Reino Unido. &#8220;Quando a R\u00fassia perder esse tipo de status, ficar\u00e1 mais dif\u00edcil fazer neg\u00f3cio com os EUA e tamb\u00e9m com outros pa\u00edses que representam metade da economia global\u201d, afirmou <strong>Biden<\/strong>.<\/p>\n\t<p>\n\t\t<a href=\"https:\/\/lp.suno.com.br\/planilha-controle-gastos\/\" target=\"_blank\" data-element=\"shortcode-suno-banner\" title=\"Banner SUNO, clique e saiba mais\">\n\t\t\t<picture>\n\t\t\t\t<source media=\"(max-width: 500px)\" srcset=\"https:\/\/files.sunoresearch.com.br\/n\/uploads\/2023\/03\/400x300-Planilha-controle-de-gastos.png\">\n\t\t\t\t<img class=\"newsContent__article__imgCapa newsContent__article__imgCapa--banner\"\n\t\t\t\t\tsrc=\"https:\/\/files.sunoresearch.com.br\/n\/uploads\/2023\/03\/1420x240-Planilha-controle-de-gastos.png\"\n\t\t\t\t\tdata-promo-id=\"101751\"\t\t\t\t\t\t\t\t\t\twidth='1420' height='240'\t\t\t\t\talt=\"https:\/\/files.sunoresearch.com.br\/n\/uploads\/2023\/03\/1420x240-Planilha-controle-de-gastos.png\"\n\t\t\t\t>\n\t\t\t<\/picture>\n\t\t<\/a>\n\t<\/p>\n\n\n<p>Apostando que as <strong>san\u00e7\u00f5es \u00e0 R\u00fassia<\/strong> ir\u00e3o pressionar a economia do pa\u00eds, Biden acrescentou que a <a class=\"suno-keyword\" href=\"https:\/\/www.suno.com.br\/guias\/bolsa-de-valores\/\" target=\"_blank\" rel=\"noopener\" data-force=\"no\" data-priority=\"3\">Bolsa de Valores<\/a> russa est\u00e1 fechada h\u00e1 duas semanas, pois &#8220;os russos sabem que, quando abrir, ela vai colapsar&#8221;. Afirmou tamb\u00e9m que o <strong>rublo<\/strong> (moeda oficial russa) j\u00e1 perdeu metade do valor.<\/p>\n<p>\u201cO G7 tamb\u00e9m est\u00e1 aumentando a press\u00e3o sobre os <strong>bilion\u00e1rios corruptos<\/strong> da R\u00fassia, adicionando novos nomes \u00e0 lista dos oligarcas russos e suas fam\u00edlias. Estamos aumentando tamb\u00e9m a coordena\u00e7\u00e3o entre pa\u00edses do G7 para pegar os bens dessa gangue. Eles apoiam Putin e roubam o povo russo e tentam esconder <a class=\"suno-keyword\" href=\"https:\/\/www.suno.com.br\/artigos\/seu-dinheiro\/\" target=\"_blank\" rel=\"noopener\" data-force=\"no\" data-priority=\"1\">seu dinheiro<\/a> nos nossos pa\u00edses. Essa cleptocracia que existe em Moscou tamb\u00e9m precisa sentir a dor dessas san\u00e7\u00f5es\u201d, afirmou o presidente dos Estados Unidos.<\/p>\n\t<p>\n\t\t<a href=\"\" target=\"_blank\" data-element=\"shortcode-suno-banner\" title=\"Banner SUNO, clique e saiba mais\">\n\t\t\t<picture>\n\t\t\t\t<source media=\"(max-width: 500px)\" srcset=\"\">\n\t\t\t\t<img class=\"newsContent__article__imgCapa newsContent__article__imgCapa--banner\"\n\t\t\t\t\tsrc=\"\"\n\t\t\t\t\tdata-promo-id=\"77030\"\t\t\t\t\t\t\t\t\t\t\t\t\t\t\talt=\"\"\n\t\t\t\t>\n\t\t\t<\/picture>\n\t\t<\/a>\n\t<\/p>\n\n\n<h2>Confronto entre Otan e R\u00fassia seria terceira guerra mundial, diz Biden<\/h2>\n<p>O democrata tamb\u00e9m voltou a condenar a<strong> invas\u00e3o da Ucr\u00e2nia. <\/strong>Biden voltou a amea\u00e7ar o presidente russo, Vladimir Putin: refor\u00e7ou que os EUA est\u00e3o prontos para uma resposta caso a R\u00fassia decida atacar territ\u00f3rios de membros da Organiza\u00e7\u00e3o do Tratado do Atl\u00e2ntico Norte (Otan).<\/p>\n<p>&#8220;Se tocarem nos pa\u00edses da <strong>Otan<\/strong>, vamos responder&#8221;, disse o presidente norte-americano em uma confer\u00eancia do Partido Democrata. Biden disse que mant\u00e9m conversas di\u00e1rias com o presidente da Ucr\u00e2nia, Volodymyr <strong>Zelensky<\/strong>, prometendo aux\u00edlio com fornecimento de armamento, ajuda humanit\u00e1ria e acolhimento de refugiados.<\/p>\n\t<p>\n\t\t<a href=\"\" target=\"_blank\" data-element=\"shortcode-suno-banner\" title=\"Banner SUNO, clique e saiba mais\">\n\t\t\t<picture>\n\t\t\t\t<source media=\"(max-width: 500px)\" srcset=\"\">\n\t\t\t\t<img class=\"newsContent__article__imgCapa newsContent__article__imgCapa--banner\"\n\t\t\t\t\tsrc=\"\"\n\t\t\t\t\tdata-promo-id=\"92668\"\t\t\t\t\t\t\t\t\t\t\t\t\t\t\talt=\"\"\n\t\t\t\t>\n\t\t\t<\/picture>\n\t\t<\/a>\n\t<\/p>\n\n\n<p>\u201cMas n\u00e3o vamos lutar uma guerra contra a R\u00fassia na Ucr\u00e2nia. Isso significaria um confronto entre a Otan e a R\u00fassia, que seria a <strong>terceira guerra mundial<\/strong>\u201d, disse Biden.<\/p>\n\t<div data-element=\"shortcode-read-more\" class=\"knowMore\">\n\t\t\t\t<span class=\"knowMore__title\">Veja tamb\u00e9m<\/span>\n\t\t\t\t<a class=\"knowMore__link\" href=\"https:\/\/www.suno.com.br\/noticias\/russia-controle-de-multinacionais\/\">\n\t\t\tR\u00fassia amea\u00e7a tomar controle de multinacionais que deixarem o pa\u00eds\t\t<\/a>\n\t<\/div>\n\n\n<p>O presidente da Ucr\u00e2nia vem pedindo reiteradamente que os pa\u00edses do Ocidente criem espa\u00e7os de exclus\u00e3o a\u00e9rea para que aeronaves de aliados da Otan possam sobrevoar o pa\u00eds e abater avi\u00f5es da <strong>R\u00fassia<\/strong>. Mas, da mesma forma que Biden, os l\u00edderes da Otan s\u00e3o firmes em negar o pedido de Zelensky. Acreditam que uma participa\u00e7\u00e3o ativa na guerra causaria um confronto muito mais duradouro e sangrento.<\/p>\n\t<p>\n\t\t<a href=\"https:\/\/lp.suno.com.br\/planilha-de-controle-de-investimentos\/\" target=\"_blank\" data-element=\"shortcode-suno-banner\" title=\"Banner SUNO, clique e saiba mais\">\n\t\t\t<picture>\n\t\t\t\t<source media=\"(max-width: 500px)\" srcset=\"https:\/\/files.sunoresearch.com.br\/n\/uploads\/2023\/03\/400x300-Controle-de-Investimentos.png\">\n\t\t\t\t<img class=\"newsContent__article__imgCapa newsContent__article__imgCapa--banner\"\n\t\t\t\t\tsrc=\"https:\/\/files.sunoresearch.com.br\/n\/uploads\/2023\/03\/1420x240-Controle-de-Investimentos.png\"\n\t\t\t\t\tdata-promo-id=\"75934\"\t\t\t\t\t\t\t\t\t\twidth='1420' height='240'\t\t\t\t\talt=\"https:\/\/files.sunoresearch.com.br\/n\/uploads\/2023\/03\/1420x240-Controle-de-Investimentos.png\"\n\t\t\t\t>\n\t\t\t<\/picture>\n\t\t<\/a>\n\t<\/p>\n\n\n<p><em>Com informa\u00e7\u00f5es da Ag\u00eancia Brasil<\/em><\/p>\n","protected":false},"excerpt":{"rendered":"<p>O presidente dos Estados Unidos, Joe Biden, anunciou novas san\u00e7\u00f5es \u00e0 R\u00fassia nesta sexta-feira (11), bloqueando a compra de vodca, diamantes e pescados. Tamb\u00e9m disse que pretende impedir que o pa\u00eds lidere institui\u00e7\u00f5es multilaterais como o Fundo Monet\u00e1rio Internacional (FMI). Biden Foto: Reprodu\u00e7\u00e3o\/Twitter Biden reafirmou sua posi\u00e7\u00e3o favor\u00e1vel em retirar da R\u00fassia o status comercial [&hellip;]<\/p>\n","protected":false},"author":118,"featured_media":235441,"comment_status":"closed","ping_status":"closed","sticky":false,"template":"","format":"standard","meta":[],"categories":[63],"tags":[793,73481,866,731,799],"suno_strategy":[],"class_list":["post-240530","post","type-post","status-publish","format-standard","has-post-thumbnail","hentry","category-internacional","tag-estados-unidos-eua","tag-joe-biden","tag-russia","tag-uniao-europeia","tag-vladimir-putin"],"yoast_head":"<!-- This site is optimized with the Yoast SEO plugin v24.4 - https:\/\/yoast.com\/wordpress\/plugins\/seo\/ -->\n<title>Biden anuncia mais san\u00e7\u00f5es \u00e0 R\u00fassia e pede rebaixamento comercial<\/title>\n<meta name=\"description\" content=\"O presidente dos Estados Unidos, Joe Biden, anunciou novas san\u00e7\u00f5es \u00e0 R\u00fassia nesta sexta-feira (11), bloqueando a compra de vodca e diamantes.\" \/>\n<meta name=\"robots\" content=\"index, follow, max-snippet:-1, max-image-preview:large, max-video-preview:-1\" \/>\n<link rel=\"canonical\" href=\"https:\/\/www.suno.com.br\/noticias\/biden-sancoes-russia-rebaixamento-comercial\/\" \/>\n<meta property=\"og:locale\" content=\"pt_BR\" \/>\n<meta property=\"og:type\" content=\"article\" \/>\n<meta property=\"og:title\" content=\"Biden anuncia mais san\u00e7\u00f5es \u00e0 R\u00fassia e pede rebaixamento comercial\" \/>\n<meta property=\"og:description\" content=\"O presidente dos Estados Unidos, Joe Biden, anunciou novas san\u00e7\u00f5es \u00e0 R\u00fassia nesta sexta-feira (11), bloqueando a compra de vodca e diamantes.\" \/>\n<meta property=\"og:url\" content=\"https:\/\/www.suno.com.br\/noticias\/biden-sancoes-russia-rebaixamento-comercial\/\" \/>\n<meta property=\"og:site_name\" content=\"Suno Not\u00edcias\" \/>\n<meta property=\"article:publisher\" content=\"https:\/\/facebook.com\/sunoresearch\" \/>\n<meta property=\"og:image\" content=\"https:\/\/files.sunoresearch.com.br\/n\/uploads\/2022\/02\/biden-discurso-primeiro-dia-invasao-twitter.jpg\" \/>\n\t<meta property=\"og:image:width\" content=\"1750\" \/>\n\t<meta property=\"og:image:height\" content=\"812\" \/>\n\t<meta property=\"og:image:type\" content=\"image\/jpeg\" \/>\n<meta name=\"author\" content=\"Bruno Galv\u00e3o\" \/>\n<meta name=\"twitter:card\" content=\"summary_large_image\" \/>\n<meta name=\"twitter:creator\" content=\"@sunoresearch\" \/>\n<meta name=\"twitter:site\" content=\"@sunoresearch\" \/>\n<meta name=\"twitter:label1\" content=\"Escrito por\" \/>\n\t<meta name=\"twitter:data1\" content=\"Bruno Galv\u00e3o\" \/>\n\t<meta name=\"twitter:label2\" content=\"Est. tempo de leitura\" \/>\n\t<meta name=\"twitter:data2\" content=\"3 minutos\" \/>\n<script type=\"application\/ld+json\" class=\"yoast-schema-graph\">{\"@context\":\"https:\/\/schema.org\",\"@graph\":[{\"@type\":\"NewsArticle\",\"@id\":\"https:\/\/www.suno.com.br\/noticias\/biden-sancoes-russia-rebaixamento-comercial\/#article\",\"isPartOf\":{\"@id\":\"https:\/\/www.suno.com.br\/noticias\/biden-sancoes-russia-rebaixamento-comercial\/\"},\"author\":{\"name\":\"Bruno Galv\u00e3o\",\"@id\":\"https:\/\/www.suno.com.br\/noticias\/#\/schema\/person\/06f0d962a6b1c54852e4860f16935600\"},\"headline\":\"Biden anuncia mais san\u00e7\u00f5es \u00e0 R\u00fassia e avisa: &#8220;Os EUA n\u00e3o lutar\u00e3o a 3\u00aa Guerra Mundial&#8221;\",\"datePublished\":\"2022-03-11T21:11:01+00:00\",\"dateModified\":\"2022-03-11T22:33:39+00:00\",\"mainEntityOfPage\":{\"@id\":\"https:\/\/www.suno.com.br\/noticias\/biden-sancoes-russia-rebaixamento-comercial\/\"},\"wordCount\":573,\"publisher\":{\"@id\":\"https:\/\/www.suno.com.br\/noticias\/#organization\"},\"image\":{\"@id\":\"https:\/\/www.suno.com.br\/noticias\/biden-sancoes-russia-rebaixamento-comercial\/#primaryimage\"},\"thumbnailUrl\":\"https:\/\/files.sunoresearch.com.br\/n\/uploads\/2022\/02\/biden-discurso-primeiro-dia-invasao-twitter.jpg\",\"keywords\":[\"Estados Unidos (EUA)\",\"Joe Biden\",\"R\u00fassia\",\"Uni\u00e3o Europeia\",\"Vladimir Putin\"],\"articleSection\":[\"Internacional\"],\"inLanguage\":\"pt-BR\"},{\"@type\":\"WebPage\",\"@id\":\"https:\/\/www.suno.com.br\/noticias\/biden-sancoes-russia-rebaixamento-comercial\/\",\"url\":\"https:\/\/www.suno.com.br\/noticias\/biden-sancoes-russia-rebaixamento-comercial\/\",\"name\":\"Biden anuncia mais san\u00e7\u00f5es \u00e0 R\u00fassia e pede rebaixamento comercial\",\"isPartOf\":{\"@id\":\"https:\/\/www.suno.com.br\/noticias\/#website\"},\"primaryImageOfPage\":{\"@id\":\"https:\/\/www.suno.com.br\/noticias\/biden-sancoes-russia-rebaixamento-comercial\/#primaryimage\"},\"image\":{\"@id\":\"https:\/\/www.suno.com.br\/noticias\/biden-sancoes-russia-rebaixamento-comercial\/#primaryimage\"},\"thumbnailUrl\":\"https:\/\/files.sunoresearch.com.br\/n\/uploads\/2022\/02\/biden-discurso-primeiro-dia-invasao-twitter.jpg\",\"datePublished\":\"2022-03-11T21:11:01+00:00\",\"dateModified\":\"2022-03-11T22:33:39+00:00\",\"description\":\"O presidente dos Estados Unidos, Joe Biden, anunciou novas san\u00e7\u00f5es \u00e0 R\u00fassia nesta sexta-feira (11), bloqueando a compra de vodca e diamantes.\",\"breadcrumb\":{\"@id\":\"https:\/\/www.suno.com.br\/noticias\/biden-sancoes-russia-rebaixamento-comercial\/#breadcrumb\"},\"inLanguage\":\"pt-BR\",\"potentialAction\":[{\"@type\":\"ReadAction\",\"target\":[\"https:\/\/www.suno.com.br\/noticias\/biden-sancoes-russia-rebaixamento-comercial\/\"]}]},{\"@type\":\"ImageObject\",\"inLanguage\":\"pt-BR\",\"@id\":\"https:\/\/www.suno.com.br\/noticias\/biden-sancoes-russia-rebaixamento-comercial\/#primaryimage\",\"url\":\"https:\/\/files.sunoresearch.com.br\/n\/uploads\/2022\/02\/biden-discurso-primeiro-dia-invasao-twitter.jpg\",\"contentUrl\":\"https:\/\/files.sunoresearch.com.br\/n\/uploads\/2022\/02\/biden-discurso-primeiro-dia-invasao-twitter.jpg\",\"width\":1750,\"height\":812,\"caption\":\"Biden Foto: Reprodu\u00e7\u00e3o\/Twitter\"},{\"@type\":\"BreadcrumbList\",\"@id\":\"https:\/\/www.suno.com.br\/noticias\/biden-sancoes-russia-rebaixamento-comercial\/#breadcrumb\",\"itemListElement\":[{\"@type\":\"ListItem\",\"position\":1,\"name\":\"Not\u00edcias\",\"item\":\"https:\/\/www.suno.com.br\/noticias\/\"},{\"@type\":\"ListItem\",\"position\":2,\"name\":\"Internacional\",\"item\":\"https:\/\/www.suno.com.br\/noticias\/internacional\/\"},{\"@type\":\"ListItem\",\"position\":3,\"name\":\"Biden anuncia mais san\u00e7\u00f5es \u00e0 R\u00fassia e avisa: &#8220;Os EUA n\u00e3o lutar\u00e3o a 3\u00aa Guerra Mundial&#8221;\"}]},{\"@type\":\"WebSite\",\"@id\":\"https:\/\/www.suno.com.br\/noticias\/#website\",\"url\":\"https:\/\/www.suno.com.br\/noticias\/\",\"name\":\"Suno Not\u00edcias\",\"description\":\"Seu portal de informa\u00e7\u00e3o sobre o mundo dos investimentos\",\"publisher\":{\"@id\":\"https:\/\/www.suno.com.br\/noticias\/#organization\"},\"potentialAction\":[{\"@type\":\"SearchAction\",\"target\":{\"@type\":\"EntryPoint\",\"urlTemplate\":\"https:\/\/www.suno.com.br\/noticias\/?s={search_term_string}\"},\"query-input\":{\"@type\":\"PropertyValueSpecification\",\"valueRequired\":true,\"valueName\":\"search_term_string\"}}],\"inLanguage\":\"pt-BR\"},{\"@type\":\"Organization\",\"@id\":\"https:\/\/www.suno.com.br\/noticias\/#organization\",\"name\":\"Suno Not\u00edcias\",\"url\":\"https:\/\/www.suno.com.br\/noticias\/\",\"logo\":{\"@type\":\"ImageObject\",\"inLanguage\":\"pt-BR\",\"@id\":\"https:\/\/www.suno.com.br\/noticias\/#\/schema\/logo\/image\/\",\"url\":\"https:\/\/files.sunoresearch.com.br\/n\/uploads\/2021\/09\/suno-logo.png\",\"contentUrl\":\"https:\/\/files.sunoresearch.com.br\/n\/uploads\/2021\/09\/suno-logo.png\",\"width\":180,\"height\":180,\"caption\":\"Suno Not\u00edcias\"},\"image\":{\"@id\":\"https:\/\/www.suno.com.br\/noticias\/#\/schema\/logo\/image\/\"},\"sameAs\":[\"https:\/\/facebook.com\/sunoresearch\",\"https:\/\/x.com\/sunoresearch\",\"https:\/\/www.instagram.com\/suno\",\"https:\/\/www.linkedin.com\/company\/suno-research\/\",\"https:\/\/www.youtube.com\/c\/sunoresearch\"]},{\"@type\":\"Person\",\"@id\":\"https:\/\/www.suno.com.br\/noticias\/#\/schema\/person\/06f0d962a6b1c54852e4860f16935600\",\"name\":\"Bruno Galv\u00e3o\",\"image\":{\"@type\":\"ImageObject\",\"inLanguage\":\"pt-BR\",\"@id\":\"https:\/\/www.suno.com.br\/noticias\/#\/schema\/person\/image\/\",\"url\":\"https:\/\/secure.gravatar.com\/avatar\/53598df0b41c00f12f287a912d0e918e?s=96&r=g\",\"contentUrl\":\"https:\/\/secure.gravatar.com\/avatar\/53598df0b41c00f12f287a912d0e918e?s=96&r=g\",\"caption\":\"Bruno Galv\u00e3o\"},\"description\":\"Escreve para o portal Suno Not\u00edcias. \u00c9 estudante de Jornalismo pela Faculdade C\u00e1sper L\u00edbero e Letras pela USP. Entusiasta de tecnologia e intelig\u00eancia artificial.\",\"url\":\"https:\/\/www.suno.com.br\/noticias\/author\/bruno-garcia\/\"}]}<\/script>\n<!-- \/ Yoast SEO plugin. -->","yoast_head_json":{"title":"Biden anuncia mais san\u00e7\u00f5es \u00e0 R\u00fassia e pede rebaixamento comercial","description":"O presidente dos Estados Unidos, Joe Biden, anunciou novas san\u00e7\u00f5es \u00e0 R\u00fassia nesta sexta-feira (11), bloqueando a compra de vodca e diamantes.","robots":{"index":"index","follow":"follow","max-snippet":"max-snippet:-1","max-image-preview":"max-image-preview:large","max-video-preview":"max-video-preview:-1"},"canonical":"https:\/\/www.suno.com.br\/noticias\/biden-sancoes-russia-rebaixamento-comercial\/","og_locale":"pt_BR","og_type":"article","og_title":"Biden anuncia mais san\u00e7\u00f5es \u00e0 R\u00fassia e pede rebaixamento comercial","og_description":"O presidente dos Estados Unidos, Joe Biden, anunciou novas san\u00e7\u00f5es \u00e0 R\u00fassia nesta sexta-feira (11), bloqueando a compra de vodca e diamantes.","og_url":"https:\/\/www.suno.com.br\/noticias\/biden-sancoes-russia-rebaixamento-comercial\/","og_site_name":"Suno Not\u00edcias","article_publisher":"https:\/\/facebook.com\/sunoresearch","og_image":[{"width":1750,"height":812,"url":"https:\/\/files.sunoresearch.com.br\/n\/uploads\/2022\/02\/biden-discurso-primeiro-dia-invasao-twitter.jpg","type":"image\/jpeg"}],"author":"Bruno Galv\u00e3o","twitter_card":"summary_large_image","twitter_creator":"@sunoresearch","twitter_site":"@sunoresearch","twitter_misc":{"Escrito por":"Bruno Galv\u00e3o","Est. tempo de leitura":"3 minutos"},"schema":{"@context":"https:\/\/schema.org","@graph":[{"@type":"NewsArticle","@id":"https:\/\/www.suno.com.br\/noticias\/biden-sancoes-russia-rebaixamento-comercial\/#article","isPartOf":{"@id":"https:\/\/www.suno.com.br\/noticias\/biden-sancoes-russia-rebaixamento-comercial\/"},"author":{"name":"Bruno Galv\u00e3o","@id":"https:\/\/www.suno.com.br\/noticias\/#\/schema\/person\/06f0d962a6b1c54852e4860f16935600"},"headline":"Biden anuncia mais san\u00e7\u00f5es \u00e0 R\u00fassia e avisa: &#8220;Os EUA n\u00e3o lutar\u00e3o a 3\u00aa Guerra Mundial&#8221;","datePublished":"2022-03-11T21:11:01+00:00","dateModified":"2022-03-11T22:33:39+00:00","mainEntityOfPage":{"@id":"https:\/\/www.suno.com.br\/noticias\/biden-sancoes-russia-rebaixamento-comercial\/"},"wordCount":573,"publisher":{"@id":"https:\/\/www.suno.com.br\/noticias\/#organization"},"image":{"@id":"https:\/\/www.suno.com.br\/noticias\/biden-sancoes-russia-rebaixamento-comercial\/#primaryimage"},"thumbnailUrl":"https:\/\/files.sunoresearch.com.br\/n\/uploads\/2022\/02\/biden-discurso-primeiro-dia-invasao-twitter.jpg","keywords":["Estados Unidos (EUA)","Joe Biden","R\u00fassia","Uni\u00e3o Europeia","Vladimir Putin"],"articleSection":["Internacional"],"inLanguage":"pt-BR"},{"@type":"WebPage","@id":"https:\/\/www.suno.com.br\/noticias\/biden-sancoes-russia-rebaixamento-comercial\/","url":"https:\/\/www.suno.com.br\/noticias\/biden-sancoes-russia-rebaixamento-comercial\/","name":"Biden anuncia mais san\u00e7\u00f5es \u00e0 R\u00fassia e pede rebaixamento comercial","isPartOf":{"@id":"https:\/\/www.suno.com.br\/noticias\/#website"},"primaryImageOfPage":{"@id":"https:\/\/www.suno.com.br\/noticias\/biden-sancoes-russia-rebaixamento-comercial\/#primaryimage"},"image":{"@id":"https:\/\/www.suno.com.br\/noticias\/biden-sancoes-russia-rebaixamento-comercial\/#primaryimage"},"thumbnailUrl":"https:\/\/files.sunoresearch.com.br\/n\/uploads\/2022\/02\/biden-discurso-primeiro-dia-invasao-twitter.jpg","datePublished":"2022-03-11T21:11:01+00:00","dateModified":"2022-03-11T22:33:39+00:00","description":"O presidente dos Estados Unidos, Joe Biden, anunciou novas san\u00e7\u00f5es \u00e0 R\u00fassia nesta sexta-feira (11), bloqueando a compra de vodca e diamantes.","breadcrumb":{"@id":"https:\/\/www.suno.com.br\/noticias\/biden-sancoes-russia-rebaixamento-comercial\/#breadcrumb"},"inLanguage":"pt-BR","potentialAction":[{"@type":"ReadAction","target":["https:\/\/www.suno.com.br\/noticias\/biden-sancoes-russia-rebaixamento-comercial\/"]}]},{"@type":"ImageObject","inLanguage":"pt-BR","@id":"https:\/\/www.suno.com.br\/noticias\/biden-sancoes-russia-rebaixamento-comercial\/#primaryimage","url":"https:\/\/files.sunoresearch.com.br\/n\/uploads\/2022\/02\/biden-discurso-primeiro-dia-invasao-twitter.jpg","contentUrl":"https:\/\/files.sunoresearch.com.br\/n\/uploads\/2022\/02\/biden-discurso-primeiro-dia-invasao-twitter.jpg","width":1750,"height":812,"caption":"Biden Foto: Reprodu\u00e7\u00e3o\/Twitter"},{"@type":"BreadcrumbList","@id":"https:\/\/www.suno.com.br\/noticias\/biden-sancoes-russia-rebaixamento-comercial\/#breadcrumb","itemListElement":[{"@type":"ListItem","position":1,"name":"Not\u00edcias","item":"https:\/\/www.suno.com.br\/noticias\/"},{"@type":"ListItem","position":2,"name":"Internacional","item":"https:\/\/www.suno.com.br\/noticias\/internacional\/"},{"@type":"ListItem","position":3,"name":"Biden anuncia mais san\u00e7\u00f5es \u00e0 R\u00fassia e avisa: &#8220;Os EUA n\u00e3o lutar\u00e3o a 3\u00aa Guerra Mundial&#8221;"}]},{"@type":"WebSite","@id":"https:\/\/www.suno.com.br\/noticias\/#website","url":"https:\/\/www.suno.com.br\/noticias\/","name":"Suno Not\u00edcias","description":"Seu portal de informa\u00e7\u00e3o sobre o mundo dos investimentos","publisher":{"@id":"https:\/\/www.suno.com.br\/noticias\/#organization"},"potentialAction":[{"@type":"SearchAction","target":{"@type":"EntryPoint","urlTemplate":"https:\/\/www.suno.com.br\/noticias\/?s={search_term_string}"},"query-input":{"@type":"PropertyValueSpecification","valueRequired":true,"valueName":"search_term_string"}}],"inLanguage":"pt-BR"},{"@type":"Organization","@id":"https:\/\/www.suno.com.br\/noticias\/#organization","name":"Suno Not\u00edcias","url":"https:\/\/www.suno.com.br\/noticias\/","logo":{"@type":"ImageObject","inLanguage":"pt-BR","@id":"https:\/\/www.suno.com.br\/noticias\/#\/schema\/logo\/image\/","url":"https:\/\/files.sunoresearch.com.br\/n\/uploads\/2021\/09\/suno-logo.png","contentUrl":"https:\/\/files.sunoresearch.com.br\/n\/uploads\/2021\/09\/suno-logo.png","width":180,"height":180,"caption":"Suno Not\u00edcias"},"image":{"@id":"https:\/\/www.suno.com.br\/noticias\/#\/schema\/logo\/image\/"},"sameAs":["https:\/\/facebook.com\/sunoresearch","https:\/\/x.com\/sunoresearch","https:\/\/www.instagram.com\/suno","https:\/\/www.linkedin.com\/company\/suno-research\/","https:\/\/www.youtube.com\/c\/sunoresearch"]},{"@type":"Person","@id":"https:\/\/www.suno.com.br\/noticias\/#\/schema\/person\/06f0d962a6b1c54852e4860f16935600","name":"Bruno Galv\u00e3o","image":{"@type":"ImageObject","inLanguage":"pt-BR","@id":"https:\/\/www.suno.com.br\/noticias\/#\/schema\/person\/image\/","url":"https:\/\/secure.gravatar.com\/avatar\/53598df0b41c00f12f287a912d0e918e?s=96&r=g","contentUrl":"https:\/\/secure.gravatar.com\/avatar\/53598df0b41c00f12f287a912d0e918e?s=96&r=g","caption":"Bruno Galv\u00e3o"},"description":"Escreve para o portal Suno Not\u00edcias. \u00c9 estudante de Jornalismo pela Faculdade C\u00e1sper L\u00edbero e Letras pela USP. Entusiasta de tecnologia e intelig\u00eancia artificial.","url":"https:\/\/www.suno.com.br\/noticias\/author\/bruno-garcia\/"}]}},"default_loop_html":"<div class=\"cardsPage__listCard__boxs\"><div class=\"cardsPage__listCard__boxs__img\"><a href=\"https:\/\/www.suno.com.br\/noticias\/biden-sancoes-russia-rebaixamento-comercial\/\"><img class=\"mask\" src=\"https:\/\/www.suno.com.br\/noticias\/wp-content\/themes\/suno\/resources\/images\/spotlight\/spotlight1img\/bg-mask.png\" alt=\"Image Mask\"\/><img src=\"https:\/\/files.sunoresearch.com.br\/n\/uploads\/2022\/02\/biden-discurso-primeiro-dia-invasao-twitter-400x200.jpg\" alt=\"Biden anuncia mais san\u00e7\u00f5es \u00e0 R\u00fassia e avisa: &#8220;Os EUA n\u00e3o lutar\u00e3o a 3\u00aa Guerra Mundial&#8221;\"\/><\/a><span class=\"spotlightCategory\"><a href=\"https:\/\/www.suno.com.br\/noticias\/internacional\/\">Internacional<\/a><\/span><\/div><div class=\"cardsPage__listCard__boxs__content\"><a href=\"https:\/\/www.suno.com.br\/noticias\/biden-sancoes-russia-rebaixamento-comercial\/\"><h2 class=\"content__title\">Biden anuncia mais san\u00e7\u00f5es \u00e0 R\u00fassia e avisa: &#8220;Os EUA n\u00e3o lutar\u00e3o a 3\u00aa Guerra Mundial&#8221;<\/h2><\/a><div class=\"newsContent__article__meta\"><div class=\"newsContent__article__meta__authorBox\"><a href=\"https:\/\/www.suno.com.br\/noticias\/author\/bruno-garcia\/\" class=\"authorBox__avatar noMobi\"><img src=\"https:\/\/secure.gravatar.com\/avatar\/53598df0b41c00f12f287a912d0e918e?s=96&#038;r=g\" alt=\"Bruno Galv\u00e3o\"><\/a><div class=\"authorBox__name\"><span>por\n\t\t\t<a href=\"https:\/\/www.suno.com.br\/noticias\/author\/bruno-garcia\/\"><span itemprop=\"author\">Bruno Galv\u00e3o<\/span><\/a><\/span><time datetime=\"2022-03-11T18:11:01-03:00\" itemprop=\"datePublished\">11\/03\/2022 18:11<\/time><\/div><\/div><\/div><\/div><\/div>","single_layout":"posts","amp_enabled":true,"_links":{"self":[{"href":"https:\/\/www.suno.com.br\/noticias\/wp-json\/wp\/v2\/posts\/240530"}],"collection":[{"href":"https:\/\/www.suno.com.br\/noticias\/wp-json\/wp\/v2\/posts"}],"about":[{"href":"https:\/\/www.suno.com.br\/noticias\/wp-json\/wp\/v2\/types\/post"}],"author":[{"embeddable":true,"href":"https:\/\/www.suno.com.br\/noticias\/wp-json\/wp\/v2\/users\/118"}],"replies":[{"embeddable":true,"href":"https:\/\/www.suno.com.br\/noticias\/wp-json\/wp\/v2\/comments?post=240530"}],"version-history":[{"count":3,"href":"https:\/\/www.suno.com.br\/noticias\/wp-json\/wp\/v2\/posts\/240530\/revisions"}],"predecessor-version":[{"id":240670,"href":"https:\/\/www.suno.com.br\/noticias\/wp-json\/wp\/v2\/posts\/240530\/revisions\/240670"}],"wp:featuredmedia":[{"embeddable":true,"href":"https:\/\/www.suno.com.br\/noticias\/wp-json\/wp\/v2\/media\/235441"}],"wp:attachment":[{"href":"https:\/\/www.suno.com.br\/noticias\/wp-json\/wp\/v2\/media?parent=240530"}],"wp:term":[{"taxonomy":"category","embeddable":true,"href":"https:\/\/www.suno.com.br\/noticias\/wp-json\/wp\/v2\/categories?post=240530"},{"taxonomy":"post_tag","embeddable":true,"href":"https:\/\/www.suno.com.br\/noticias\/wp-json\/wp\/v2\/tags?post=240530"},{"taxonomy":"suno_strategy","embeddable":true,"href":"https:\/\/www.suno.com.br\/noticias\/wp-json\/wp\/v2\/suno_strategy?post=240530"}],"curies":[{"name":"wp","href":"https:\/\/api.w.org\/{rel}","templated":true}]}}