{"id":24036,"date":"2019-05-09T20:04:06","date_gmt":"2019-05-09T23:04:06","guid":{"rendered":"https:\/\/www.suno.com.br\/noticias\/?p=24036"},"modified":"2019-05-09T22:50:15","modified_gmt":"2019-05-10T01:50:15","slug":"vale-encerra-prejuizo-bilhoes","status":"publish","type":"post","link":"https:\/\/www.suno.com.br\/noticias\/vale-encerra-prejuizo-bilhoes\/","title":{"rendered":"Vale encerra 1\u00ba tri em preju\u00edzo de R$ 6,4 bilh\u00f5es com efeitos de Brumadinho"},"content":{"rendered":"<p>A Vale\u00a0(VALE3) encerrou o primeiro trimestre com um preju\u00edzo de R$ 6,4 bilh\u00f5es. O desempenho negativo \u00e9 o reflexo da trag\u00e9dia de Brumadinho, que ocorreu no dia 25 de janeiro deste ano.<\/p>\t<div class=\"wrapper-featured-image\">\n\t\t<figure class=\"spotlightImg\">\n\n\t\t\t<picture>\n\t\t\t\t<source media=\"(max-width: 768px)\" srcset=\"https:\/\/files.sunoresearch.com.br\/n\/uploads\/2019\/04\/0f373374-vale-400x200.webp\">\n\t\t\t\t<img loading=\"lazy\" decoding=\"async\" class=\"newsContent__article__imgCapa lazyloadDisabled newsContent__article__imgCapa--noCaption\" src=\"https:\/\/files.sunoresearch.com.br\/n\/uploads\/2019\/04\/0f373374-vale-800x450.webp\" width=\"800\" height=\"450\" alt=\"Vale encerra 1\u00ba tri em preju\u00edzo de R$ 6,4 bilh\u00f5es com efeitos de Brumadinho\" fetchpriority=high \/>\n\t\t\t<\/picture>\n\n\t\t\t<figcaption class=\"wp-caption-text wp-caption-text--hide\">Logo da Vale (foto: divulga\u00e7\u00e3o) <\/figcaption>\n\t\t<\/figure>\n\t<\/div>\n\n\n<p>No balan\u00e7o do primeiro trimestre, a <strong>Vale<\/strong> fechou com um <a href=\"https:\/\/www.suno.com.br\/artigos\/ebitda\/\"><strong>Ebitda<\/strong> <\/a>(resultado de lucro antes de juros, impostos, deprecia\u00e7\u00e3o e amortiza\u00e7\u00e3o)\u00a0de R$ &#8211; 2,8 bilh\u00f5es, o primeiro resultado negativo da hist\u00f3ria da empresa, com um impacto financeiro de R$ 19 bilh\u00f5es.<\/p>\n<p><a href=\"https:\/\/www.suno.com.br\/noticias\/brumadinho-vale-queda-operacional\/\">Saiba mais:\u00a0Vale associa sua queda operacional ao desastre em Brumadinho<\/a><\/p>\n<p>A empresa informou que reservou R$ 17,315 bilh\u00f5es em <strong>provis\u00f5es<\/strong> por conta da trag\u00e9dia, sendo:<\/p>\n<ul>\n<li>R$ 9,3 bilh\u00f5es de provis\u00e3o para os programas e acordos de compensa\u00e7\u00e3o e remedia\u00e7\u00e3o;<\/li>\n<li>R$ 7,1 bilh\u00f5es de provis\u00e3o para descomissionamento ou descaracteriza\u00e7\u00e3o de barragens de rejeito;<\/li>\n<li>R$ 392 milh\u00f5es de despesas incorridas diretamente relacionadas a Brumadinho;<\/li>\n<li>R$ 1,1 bilh\u00e3o de volumes perdidos;<\/li>\n<li>R$ 605 milh\u00f5es com despesas paradas ;<\/li>\n<li>R$ 469 milh\u00f5es com outros itens<\/li>\n<\/ul>\n\t<p>\n\t\t<a href=\"https:\/\/lp.suno.com.br\/ebook-gratuito-investindo-no-exterior\/\" target=\"_blank\" data-element=\"shortcode-suno-banner\" title=\"Banner SUNO, clique e saiba mais\">\n\t\t\t<picture>\n\t\t\t\t<source media=\"(max-width: 500px)\" srcset=\"https:\/\/files.sunoresearch.com.br\/n\/uploads\/2023\/03\/400x300-Investindo-no-exterior.png\">\n\t\t\t\t<img class=\"newsContent__article__imgCapa newsContent__article__imgCapa--banner\"\n\t\t\t\t\tsrc=\"https:\/\/files.sunoresearch.com.br\/n\/uploads\/2023\/03\/1420x240-Investindo-no-exterior.png\"\n\t\t\t\t\tdata-promo-id=\"383161\"\t\t\t\t\t\t\t\t\t\twidth='1420' height='240'\t\t\t\t\talt=\"https:\/\/files.sunoresearch.com.br\/n\/uploads\/2023\/03\/1420x240-Investindo-no-exterior.png\"\n\t\t\t\t>\n\t\t\t<\/picture>\n\t\t<\/a>\n\t<\/p>\n\n\n<h2>D\u00edvida da Vale<\/h2>\n<p>Al\u00e9m disso, a <strong>d\u00edvida bruta<\/strong> da mineradora ficou em US$ 17,051 bilh\u00f5es no primeiro trimestre. O resultado representa um crescimento de US$ 1,585 bilh\u00e3o em compara\u00e7\u00e3o com o fim do ano passado.<\/p>\n<p>De acordo com a companhia, o resultado dos tr\u00eas primeiros meses foi motivado por novas linhas de cr\u00e9dito obtidas\u00a0&#8220;para suportar o congelamento de recursos relacionados \u00e0 ruptura da barragem de <strong>Brumadinho<\/strong>&#8220;.<\/p>\n<p><a href=\"https:\/\/www.suno.com.br\/noticias\/vale-troca-presidente-conselho-jose-mauricio-coelho\/\">Saiba mais:\u00a0Vale troca presidente do conselho e Jos\u00e9 Maur\u00edcio Coelho assume cargo<\/a><\/p>\n<p>\u201cEstou comprometido em liderar a <strong>Vale<\/strong> no momento mais desafiador de sua hist\u00f3ria. Trabalharemos incansavelmente para garantir a seguran\u00e7a das pessoas e das opera\u00e7\u00f5es da empresa. N\u00f3s nunca esqueceremos <strong>Brumadinho<\/strong> e n\u00e3o pouparemos esfor\u00e7os para aliviar o sofrimento e reparar as perdas das comunidades impactadas. Este enfoque nas pessoas e na seguran\u00e7a impulsionar\u00e1 nossa excel\u00eancia operacional e fortalecer\u00e1 nossa licen\u00e7a para operar, garantindo resultados sustent\u00e1veis atrav\u00e9s do fornecimento de portf\u00f3lio de produtos de alta qualidade\u201d, explica Eduardo Bartolomeo, Diretor-Presidente pelo Conselho de Administra\u00e7\u00e3o.<\/p>\n<h2>Produ\u00e7\u00e3o da Vale<\/h2>\n<p>Na \u00faltima quarta-feira (8)\u00a0Vale divulgou seu primeiro <strong>balan\u00e7o operacional<\/strong> de 2019. A produ\u00e7\u00e3o total de finos e min\u00e9rios teve uma queda de 28%, valor correspondente a 72,9 milh\u00f5es de toneladas. A compara\u00e7\u00e3o \u00e9 feita de mesmo per\u00edodo em rela\u00e7\u00e3o ao ano anterior.<\/p>\n<p>Ademais, a produ\u00e7\u00e3o de <strong>pelotas<\/strong>\u00a0teve um recuo de 23%, alcan\u00e7ando apenas 12,2 milh\u00f5es de toneladas. No entanto, o valor \u00e9 superior em 5% das expectativas projetadas \u00e0<strong> Vale<\/strong>.<\/p>\n<p>As vendas de <strong>min\u00e9rio de ferro<\/strong> tamb\u00e9m registraram queda de 31,2%, ao todo, 55,41 milh\u00f5es de toneladas. J\u00e1 as vendas de <strong>pelotas<\/strong> tiveram um decl\u00ednio de 23%, totalizando 12,31 milh\u00f5es de toneladas.<\/p>\n\t<p>\n\t\t<a href=\"https:\/\/lp2.suno.com.br\/onde-investir-2026?utm_campaign=_SNC094D2575_rs.ein26&#038;utm_source=suno.com.br&#038;utm_medium=banner.noticias\" target=\"_blank\" data-element=\"shortcode-suno-banner\" title=\"Banner SUNO, clique e saiba mais\">\n\t\t\t<picture>\n\t\t\t\t<source media=\"(max-width: 500px)\" srcset=\"https:\/\/files.sunoresearch.com.br\/n\/uploads\/2026\/01\/Banner-Materias-01-Mbl_-400x300-1-png.webp\">\n\t\t\t\t<img class=\"newsContent__article__imgCapa newsContent__article__imgCapa--banner\"\n\t\t\t\t\tsrc=\"https:\/\/files.sunoresearch.com.br\/n\/uploads\/2026\/01\/Banner-Materias-01-Dkp_-1420x240-1-png.webp\"\n\t\t\t\t\tdata-promo-id=\"638391\"\t\t\t\t\t\t\t\t\t\twidth='1420' height='240'\t\t\t\t\talt=\"https:\/\/files.sunoresearch.com.br\/n\/uploads\/2026\/01\/Banner-Materias-01-Dkp_-1420x240-1-png.webp\"\n\t\t\t\t>\n\t\t\t<\/picture>\n\t\t<\/a>\n\t<\/p>\n\n\n<p>A <strong>Vale<\/strong> associa a queda operacional\u00a0 &#8220;em fun\u00e7\u00e3o dos impactos decorrentes da ruptura da <strong>barragem de Brumadinho<\/strong> e da sazonalidade clim\u00e1tica mais forte do que o usual.&#8221;<\/p>\n","protected":false},"excerpt":{"rendered":"<p>A Vale\u00a0(VALE3) encerrou o primeiro trimestre com um preju\u00edzo de R$ 6,4 bilh\u00f5es. O desempenho negativo \u00e9 o reflexo da trag\u00e9dia de Brumadinho, que ocorreu no dia 25 de janeiro deste ano. Logo da Vale (foto: divulga\u00e7\u00e3o) No balan\u00e7o do primeiro trimestre, a Vale fechou com um Ebitda (resultado de lucro antes de juros, impostos, [&hellip;]<\/p>\n","protected":false},"author":14,"featured_media":20577,"comment_status":"closed","ping_status":"closed","sticky":false,"template":"","format":"standard","meta":[],"categories":[64],"tags":[1029,1032,676],"suno_strategy":[],"class_list":["post-24036","post","type-post","status-publish","format-standard","has-post-thumbnail","hentry","category-negocios","tag-balancos-trimestrais","tag-brumadinho","tag-vale-vale3"],"yoast_head":"<!-- This site is optimized with the Yoast SEO plugin v24.4 - https:\/\/yoast.com\/wordpress\/plugins\/seo\/ -->\n<title>Vale encerra 1\u00ba tri em preju\u00edzo de R$ 6,4 bi com efeitos de Brumadinho<\/title>\n<meta name=\"description\" content=\"No balan\u00e7o do primeiro trimestre, a Vale fechou com um Ebitda\u00a0de R$ - 2,8 bilh\u00f5es, o primeiro resultado da hist\u00f3ria. Clique aqui para ler mais\" \/>\n<meta name=\"robots\" content=\"index, follow, max-snippet:-1, max-image-preview:large, max-video-preview:-1\" \/>\n<link rel=\"canonical\" href=\"https:\/\/www.suno.com.br\/noticias\/vale-encerra-prejuizo-bilhoes\/\" \/>\n<meta property=\"og:locale\" content=\"pt_BR\" \/>\n<meta property=\"og:type\" content=\"article\" \/>\n<meta property=\"og:title\" content=\"Vale encerra 1\u00ba tri em preju\u00edzo de R$ 6,4 bi com efeitos de Brumadinho\" \/>\n<meta property=\"og:description\" content=\"No balan\u00e7o do primeiro trimestre, a Vale fechou com um Ebitda\u00a0de R$ - 2,8 bilh\u00f5es, o primeiro resultado da hist\u00f3ria. Clique aqui para ler mais\" \/>\n<meta property=\"og:url\" content=\"https:\/\/www.suno.com.br\/noticias\/vale-encerra-prejuizo-bilhoes\/\" \/>\n<meta property=\"og:site_name\" content=\"Suno Not\u00edcias\" \/>\n<meta property=\"article:publisher\" content=\"https:\/\/facebook.com\/sunoresearch\" \/>\n<meta property=\"og:image\" content=\"https:\/\/files.sunoresearch.com.br\/n\/uploads\/2019\/04\/0f373374-vale.jpg\" \/>\n\t<meta property=\"og:image:width\" content=\"1086\" \/>\n\t<meta property=\"og:image:height\" content=\"652\" \/>\n\t<meta property=\"og:image:type\" content=\"image\/jpeg\" \/>\n<meta name=\"author\" content=\"Renan Dantas\" \/>\n<meta name=\"twitter:card\" content=\"summary_large_image\" \/>\n<meta name=\"twitter:creator\" content=\"@sunoresearch\" \/>\n<meta name=\"twitter:site\" content=\"@sunoresearch\" \/>\n<meta name=\"twitter:label1\" content=\"Escrito por\" \/>\n\t<meta name=\"twitter:data1\" content=\"Renan Dantas\" \/>\n\t<meta name=\"twitter:label2\" content=\"Est. tempo de leitura\" \/>\n\t<meta name=\"twitter:data2\" content=\"2 minutos\" \/>\n<script type=\"application\/ld+json\" class=\"yoast-schema-graph\">{\"@context\":\"https:\/\/schema.org\",\"@graph\":[{\"@type\":\"NewsArticle\",\"@id\":\"https:\/\/www.suno.com.br\/noticias\/vale-encerra-prejuizo-bilhoes\/#article\",\"isPartOf\":{\"@id\":\"https:\/\/www.suno.com.br\/noticias\/vale-encerra-prejuizo-bilhoes\/\"},\"author\":{\"name\":\"Renan Dantas\",\"@id\":\"https:\/\/www.suno.com.br\/noticias\/#\/schema\/person\/3f7693d5795a3f6d5ce15309ee785699\"},\"headline\":\"Vale encerra 1\u00ba tri em preju\u00edzo de R$ 6,4 bilh\u00f5es com efeitos de Brumadinho\",\"datePublished\":\"2019-05-09T23:04:06+00:00\",\"dateModified\":\"2019-05-10T01:50:15+00:00\",\"mainEntityOfPage\":{\"@id\":\"https:\/\/www.suno.com.br\/noticias\/vale-encerra-prejuizo-bilhoes\/\"},\"wordCount\":507,\"publisher\":{\"@id\":\"https:\/\/www.suno.com.br\/noticias\/#organization\"},\"image\":{\"@id\":\"https:\/\/www.suno.com.br\/noticias\/vale-encerra-prejuizo-bilhoes\/#primaryimage\"},\"thumbnailUrl\":\"https:\/\/files.sunoresearch.com.br\/n\/uploads\/2019\/04\/0f373374-vale-jpg.webp\",\"keywords\":[\"balan\u00e7os trimestrais\",\"Brumadinho\",\"Vale (VALE3)\"],\"articleSection\":[\"Neg\u00f3cios\"],\"inLanguage\":\"pt-BR\"},{\"@type\":\"WebPage\",\"@id\":\"https:\/\/www.suno.com.br\/noticias\/vale-encerra-prejuizo-bilhoes\/\",\"url\":\"https:\/\/www.suno.com.br\/noticias\/vale-encerra-prejuizo-bilhoes\/\",\"name\":\"Vale encerra 1\u00ba tri em preju\u00edzo de R$ 6,4 bi com efeitos de Brumadinho\",\"isPartOf\":{\"@id\":\"https:\/\/www.suno.com.br\/noticias\/#website\"},\"primaryImageOfPage\":{\"@id\":\"https:\/\/www.suno.com.br\/noticias\/vale-encerra-prejuizo-bilhoes\/#primaryimage\"},\"image\":{\"@id\":\"https:\/\/www.suno.com.br\/noticias\/vale-encerra-prejuizo-bilhoes\/#primaryimage\"},\"thumbnailUrl\":\"https:\/\/files.sunoresearch.com.br\/n\/uploads\/2019\/04\/0f373374-vale-jpg.webp\",\"datePublished\":\"2019-05-09T23:04:06+00:00\",\"dateModified\":\"2019-05-10T01:50:15+00:00\",\"description\":\"No balan\u00e7o do primeiro trimestre, a Vale fechou com um Ebitda\u00a0de R$ - 2,8 bilh\u00f5es, o primeiro resultado da hist\u00f3ria. Clique aqui para ler mais\",\"breadcrumb\":{\"@id\":\"https:\/\/www.suno.com.br\/noticias\/vale-encerra-prejuizo-bilhoes\/#breadcrumb\"},\"inLanguage\":\"pt-BR\",\"potentialAction\":[{\"@type\":\"ReadAction\",\"target\":[\"https:\/\/www.suno.com.br\/noticias\/vale-encerra-prejuizo-bilhoes\/\"]}]},{\"@type\":\"ImageObject\",\"inLanguage\":\"pt-BR\",\"@id\":\"https:\/\/www.suno.com.br\/noticias\/vale-encerra-prejuizo-bilhoes\/#primaryimage\",\"url\":\"https:\/\/files.sunoresearch.com.br\/n\/uploads\/2019\/04\/0f373374-vale-jpg.webp\",\"contentUrl\":\"https:\/\/files.sunoresearch.com.br\/n\/uploads\/2019\/04\/0f373374-vale-jpg.webp\",\"width\":1086,\"height\":652,\"caption\":\"Logo da Vale (foto: divulga\u00e7\u00e3o)\"},{\"@type\":\"BreadcrumbList\",\"@id\":\"https:\/\/www.suno.com.br\/noticias\/vale-encerra-prejuizo-bilhoes\/#breadcrumb\",\"itemListElement\":[{\"@type\":\"ListItem\",\"position\":1,\"name\":\"Not\u00edcias\",\"item\":\"https:\/\/www.suno.com.br\/noticias\/\"},{\"@type\":\"ListItem\",\"position\":2,\"name\":\"Neg\u00f3cios\",\"item\":\"https:\/\/www.suno.com.br\/noticias\/negocios\/\"},{\"@type\":\"ListItem\",\"position\":3,\"name\":\"Vale encerra 1\u00ba tri em preju\u00edzo de R$ 6,4 bilh\u00f5es com efeitos de Brumadinho\"}]},{\"@type\":\"WebSite\",\"@id\":\"https:\/\/www.suno.com.br\/noticias\/#website\",\"url\":\"https:\/\/www.suno.com.br\/noticias\/\",\"name\":\"Suno Not\u00edcias\",\"description\":\"Seu portal de informa\u00e7\u00e3o sobre o mundo dos investimentos\",\"publisher\":{\"@id\":\"https:\/\/www.suno.com.br\/noticias\/#organization\"},\"potentialAction\":[{\"@type\":\"SearchAction\",\"target\":{\"@type\":\"EntryPoint\",\"urlTemplate\":\"https:\/\/www.suno.com.br\/noticias\/?s={search_term_string}\"},\"query-input\":{\"@type\":\"PropertyValueSpecification\",\"valueRequired\":true,\"valueName\":\"search_term_string\"}}],\"inLanguage\":\"pt-BR\"},{\"@type\":\"Organization\",\"@id\":\"https:\/\/www.suno.com.br\/noticias\/#organization\",\"name\":\"Suno Not\u00edcias\",\"url\":\"https:\/\/www.suno.com.br\/noticias\/\",\"logo\":{\"@type\":\"ImageObject\",\"inLanguage\":\"pt-BR\",\"@id\":\"https:\/\/www.suno.com.br\/noticias\/#\/schema\/logo\/image\/\",\"url\":\"https:\/\/files.sunoresearch.com.br\/n\/uploads\/2021\/09\/suno-logo.png\",\"contentUrl\":\"https:\/\/files.sunoresearch.com.br\/n\/uploads\/2021\/09\/suno-logo.png\",\"width\":180,\"height\":180,\"caption\":\"Suno Not\u00edcias\"},\"image\":{\"@id\":\"https:\/\/www.suno.com.br\/noticias\/#\/schema\/logo\/image\/\"},\"sameAs\":[\"https:\/\/facebook.com\/sunoresearch\",\"https:\/\/x.com\/sunoresearch\",\"https:\/\/www.instagram.com\/suno\",\"https:\/\/www.linkedin.com\/company\/suno-research\/\",\"https:\/\/www.youtube.com\/c\/sunoresearch\"]},{\"@type\":\"Person\",\"@id\":\"https:\/\/www.suno.com.br\/noticias\/#\/schema\/person\/3f7693d5795a3f6d5ce15309ee785699\",\"name\":\"Renan Dantas\",\"image\":{\"@type\":\"ImageObject\",\"inLanguage\":\"pt-BR\",\"@id\":\"https:\/\/www.suno.com.br\/noticias\/#\/schema\/person\/image\/\",\"url\":\"https:\/\/secure.gravatar.com\/avatar\/1787b83e7484a08e51d62ac8b41c8396?s=96&r=g\",\"contentUrl\":\"https:\/\/secure.gravatar.com\/avatar\/1787b83e7484a08e51d62ac8b41c8396?s=96&r=g\",\"caption\":\"Renan Dantas\"},\"description\":\"Escreve sobre pol\u00edtica e mercado financeiro para o portal Suno Not\u00edcias. Antes, atuou na assessoria de comunica\u00e7\u00e3o do Minist\u00e9rio P\u00fablico do Trabalho e na R\u00e1dio Mackenzie, onde apresentava e produzia um programa sobre artistas da m\u00fasica brasileira. \u00c9 estudante na Universidade Presbiteriana Mackenzie.\",\"url\":\"https:\/\/www.suno.com.br\/noticias\/author\/renan-dantas\/\"}]}<\/script>\n<!-- \/ Yoast SEO plugin. -->","yoast_head_json":{"title":"Vale encerra 1\u00ba tri em preju\u00edzo de R$ 6,4 bi com efeitos de Brumadinho","description":"No balan\u00e7o do primeiro trimestre, a Vale fechou com um Ebitda\u00a0de R$ - 2,8 bilh\u00f5es, o primeiro resultado da hist\u00f3ria. Clique aqui para ler mais","robots":{"index":"index","follow":"follow","max-snippet":"max-snippet:-1","max-image-preview":"max-image-preview:large","max-video-preview":"max-video-preview:-1"},"canonical":"https:\/\/www.suno.com.br\/noticias\/vale-encerra-prejuizo-bilhoes\/","og_locale":"pt_BR","og_type":"article","og_title":"Vale encerra 1\u00ba tri em preju\u00edzo de R$ 6,4 bi com efeitos de Brumadinho","og_description":"No balan\u00e7o do primeiro trimestre, a Vale fechou com um Ebitda\u00a0de R$ - 2,8 bilh\u00f5es, o primeiro resultado da hist\u00f3ria. Clique aqui para ler mais","og_url":"https:\/\/www.suno.com.br\/noticias\/vale-encerra-prejuizo-bilhoes\/","og_site_name":"Suno Not\u00edcias","article_publisher":"https:\/\/facebook.com\/sunoresearch","og_image":[{"width":1086,"height":652,"url":"https:\/\/files.sunoresearch.com.br\/n\/uploads\/2019\/04\/0f373374-vale.jpg","type":"image\/jpeg"}],"author":"Renan Dantas","twitter_card":"summary_large_image","twitter_creator":"@sunoresearch","twitter_site":"@sunoresearch","twitter_misc":{"Escrito por":"Renan Dantas","Est. tempo de leitura":"2 minutos"},"schema":{"@context":"https:\/\/schema.org","@graph":[{"@type":"NewsArticle","@id":"https:\/\/www.suno.com.br\/noticias\/vale-encerra-prejuizo-bilhoes\/#article","isPartOf":{"@id":"https:\/\/www.suno.com.br\/noticias\/vale-encerra-prejuizo-bilhoes\/"},"author":{"name":"Renan Dantas","@id":"https:\/\/www.suno.com.br\/noticias\/#\/schema\/person\/3f7693d5795a3f6d5ce15309ee785699"},"headline":"Vale encerra 1\u00ba tri em preju\u00edzo de R$ 6,4 bilh\u00f5es com efeitos de Brumadinho","datePublished":"2019-05-09T23:04:06+00:00","dateModified":"2019-05-10T01:50:15+00:00","mainEntityOfPage":{"@id":"https:\/\/www.suno.com.br\/noticias\/vale-encerra-prejuizo-bilhoes\/"},"wordCount":507,"publisher":{"@id":"https:\/\/www.suno.com.br\/noticias\/#organization"},"image":{"@id":"https:\/\/www.suno.com.br\/noticias\/vale-encerra-prejuizo-bilhoes\/#primaryimage"},"thumbnailUrl":"https:\/\/files.sunoresearch.com.br\/n\/uploads\/2019\/04\/0f373374-vale-jpg.webp","keywords":["balan\u00e7os trimestrais","Brumadinho","Vale (VALE3)"],"articleSection":["Neg\u00f3cios"],"inLanguage":"pt-BR"},{"@type":"WebPage","@id":"https:\/\/www.suno.com.br\/noticias\/vale-encerra-prejuizo-bilhoes\/","url":"https:\/\/www.suno.com.br\/noticias\/vale-encerra-prejuizo-bilhoes\/","name":"Vale encerra 1\u00ba tri em preju\u00edzo de R$ 6,4 bi com efeitos de Brumadinho","isPartOf":{"@id":"https:\/\/www.suno.com.br\/noticias\/#website"},"primaryImageOfPage":{"@id":"https:\/\/www.suno.com.br\/noticias\/vale-encerra-prejuizo-bilhoes\/#primaryimage"},"image":{"@id":"https:\/\/www.suno.com.br\/noticias\/vale-encerra-prejuizo-bilhoes\/#primaryimage"},"thumbnailUrl":"https:\/\/files.sunoresearch.com.br\/n\/uploads\/2019\/04\/0f373374-vale-jpg.webp","datePublished":"2019-05-09T23:04:06+00:00","dateModified":"2019-05-10T01:50:15+00:00","description":"No balan\u00e7o do primeiro trimestre, a Vale fechou com um Ebitda\u00a0de R$ - 2,8 bilh\u00f5es, o primeiro resultado da hist\u00f3ria. Clique aqui para ler mais","breadcrumb":{"@id":"https:\/\/www.suno.com.br\/noticias\/vale-encerra-prejuizo-bilhoes\/#breadcrumb"},"inLanguage":"pt-BR","potentialAction":[{"@type":"ReadAction","target":["https:\/\/www.suno.com.br\/noticias\/vale-encerra-prejuizo-bilhoes\/"]}]},{"@type":"ImageObject","inLanguage":"pt-BR","@id":"https:\/\/www.suno.com.br\/noticias\/vale-encerra-prejuizo-bilhoes\/#primaryimage","url":"https:\/\/files.sunoresearch.com.br\/n\/uploads\/2019\/04\/0f373374-vale-jpg.webp","contentUrl":"https:\/\/files.sunoresearch.com.br\/n\/uploads\/2019\/04\/0f373374-vale-jpg.webp","width":1086,"height":652,"caption":"Logo da Vale (foto: divulga\u00e7\u00e3o)"},{"@type":"BreadcrumbList","@id":"https:\/\/www.suno.com.br\/noticias\/vale-encerra-prejuizo-bilhoes\/#breadcrumb","itemListElement":[{"@type":"ListItem","position":1,"name":"Not\u00edcias","item":"https:\/\/www.suno.com.br\/noticias\/"},{"@type":"ListItem","position":2,"name":"Neg\u00f3cios","item":"https:\/\/www.suno.com.br\/noticias\/negocios\/"},{"@type":"ListItem","position":3,"name":"Vale encerra 1\u00ba tri em preju\u00edzo de R$ 6,4 bilh\u00f5es com efeitos de Brumadinho"}]},{"@type":"WebSite","@id":"https:\/\/www.suno.com.br\/noticias\/#website","url":"https:\/\/www.suno.com.br\/noticias\/","name":"Suno Not\u00edcias","description":"Seu portal de informa\u00e7\u00e3o sobre o mundo dos investimentos","publisher":{"@id":"https:\/\/www.suno.com.br\/noticias\/#organization"},"potentialAction":[{"@type":"SearchAction","target":{"@type":"EntryPoint","urlTemplate":"https:\/\/www.suno.com.br\/noticias\/?s={search_term_string}"},"query-input":{"@type":"PropertyValueSpecification","valueRequired":true,"valueName":"search_term_string"}}],"inLanguage":"pt-BR"},{"@type":"Organization","@id":"https:\/\/www.suno.com.br\/noticias\/#organization","name":"Suno Not\u00edcias","url":"https:\/\/www.suno.com.br\/noticias\/","logo":{"@type":"ImageObject","inLanguage":"pt-BR","@id":"https:\/\/www.suno.com.br\/noticias\/#\/schema\/logo\/image\/","url":"https:\/\/files.sunoresearch.com.br\/n\/uploads\/2021\/09\/suno-logo.png","contentUrl":"https:\/\/files.sunoresearch.com.br\/n\/uploads\/2021\/09\/suno-logo.png","width":180,"height":180,"caption":"Suno Not\u00edcias"},"image":{"@id":"https:\/\/www.suno.com.br\/noticias\/#\/schema\/logo\/image\/"},"sameAs":["https:\/\/facebook.com\/sunoresearch","https:\/\/x.com\/sunoresearch","https:\/\/www.instagram.com\/suno","https:\/\/www.linkedin.com\/company\/suno-research\/","https:\/\/www.youtube.com\/c\/sunoresearch"]},{"@type":"Person","@id":"https:\/\/www.suno.com.br\/noticias\/#\/schema\/person\/3f7693d5795a3f6d5ce15309ee785699","name":"Renan Dantas","image":{"@type":"ImageObject","inLanguage":"pt-BR","@id":"https:\/\/www.suno.com.br\/noticias\/#\/schema\/person\/image\/","url":"https:\/\/secure.gravatar.com\/avatar\/1787b83e7484a08e51d62ac8b41c8396?s=96&r=g","contentUrl":"https:\/\/secure.gravatar.com\/avatar\/1787b83e7484a08e51d62ac8b41c8396?s=96&r=g","caption":"Renan Dantas"},"description":"Escreve sobre pol\u00edtica e mercado financeiro para o portal Suno Not\u00edcias. Antes, atuou na assessoria de comunica\u00e7\u00e3o do Minist\u00e9rio P\u00fablico do Trabalho e na R\u00e1dio Mackenzie, onde apresentava e produzia um programa sobre artistas da m\u00fasica brasileira. \u00c9 estudante na Universidade Presbiteriana Mackenzie.","url":"https:\/\/www.suno.com.br\/noticias\/author\/renan-dantas\/"}]}},"default_loop_html":"<div class=\"cardsPage__listCard__boxs\"><div class=\"cardsPage__listCard__boxs__img\"><a href=\"https:\/\/www.suno.com.br\/noticias\/vale-encerra-prejuizo-bilhoes\/\"><img class=\"mask\" src=\"https:\/\/www.suno.com.br\/noticias\/wp-content\/themes\/suno\/resources\/images\/spotlight\/spotlight1img\/bg-mask.png\" alt=\"Image Mask\"\/><img src=\"https:\/\/files.sunoresearch.com.br\/n\/uploads\/2019\/04\/0f373374-vale-400x200.webp\" alt=\"Vale encerra 1\u00ba tri em preju\u00edzo de R$ 6,4 bilh\u00f5es com efeitos de Brumadinho\"\/><\/a><span class=\"spotlightCategory\"><a href=\"https:\/\/www.suno.com.br\/noticias\/negocios\/\">Neg\u00f3cios<\/a><\/span><\/div><div class=\"cardsPage__listCard__boxs__content\"><a href=\"https:\/\/www.suno.com.br\/noticias\/vale-encerra-prejuizo-bilhoes\/\"><h2 class=\"content__title\">Vale encerra 1\u00ba tri em preju\u00edzo de R$ 6,4 bilh\u00f5es com efeitos de Brumadinho<\/h2><\/a><div class=\"newsContent__article__meta\"><div class=\"newsContent__article__meta__authorBox\"><a href=\"https:\/\/www.suno.com.br\/noticias\/author\/renan-dantas\/\" class=\"authorBox__avatar noMobi\"><img src=\"https:\/\/secure.gravatar.com\/avatar\/1787b83e7484a08e51d62ac8b41c8396?s=96&#038;r=g\" alt=\"Renan Dantas\"><\/a><div class=\"authorBox__name\"><span>por\n\t\t\t<a href=\"https:\/\/www.suno.com.br\/noticias\/author\/renan-dantas\/\"><span itemprop=\"author\">Renan Dantas<\/span><\/a><\/span><time datetime=\"2019-05-09T20:04:06-03:00\" itemprop=\"datePublished\">09\/05\/2019 20:04<\/time><\/div><\/div><\/div><\/div><\/div>","single_layout":"posts","amp_enabled":true,"_links":{"self":[{"href":"https:\/\/www.suno.com.br\/noticias\/wp-json\/wp\/v2\/posts\/24036"}],"collection":[{"href":"https:\/\/www.suno.com.br\/noticias\/wp-json\/wp\/v2\/posts"}],"about":[{"href":"https:\/\/www.suno.com.br\/noticias\/wp-json\/wp\/v2\/types\/post"}],"author":[{"embeddable":true,"href":"https:\/\/www.suno.com.br\/noticias\/wp-json\/wp\/v2\/users\/14"}],"replies":[{"embeddable":true,"href":"https:\/\/www.suno.com.br\/noticias\/wp-json\/wp\/v2\/comments?post=24036"}],"version-history":[{"count":0,"href":"https:\/\/www.suno.com.br\/noticias\/wp-json\/wp\/v2\/posts\/24036\/revisions"}],"wp:featuredmedia":[{"embeddable":true,"href":"https:\/\/www.suno.com.br\/noticias\/wp-json\/wp\/v2\/media\/20577"}],"wp:attachment":[{"href":"https:\/\/www.suno.com.br\/noticias\/wp-json\/wp\/v2\/media?parent=24036"}],"wp:term":[{"taxonomy":"category","embeddable":true,"href":"https:\/\/www.suno.com.br\/noticias\/wp-json\/wp\/v2\/categories?post=24036"},{"taxonomy":"post_tag","embeddable":true,"href":"https:\/\/www.suno.com.br\/noticias\/wp-json\/wp\/v2\/tags?post=24036"},{"taxonomy":"suno_strategy","embeddable":true,"href":"https:\/\/www.suno.com.br\/noticias\/wp-json\/wp\/v2\/suno_strategy?post=24036"}],"curies":[{"name":"wp","href":"https:\/\/api.w.org\/{rel}","templated":true}]}}