{"id":24009,"date":"2019-05-09T16:48:03","date_gmt":"2019-05-09T19:48:03","guid":{"rendered":"https:\/\/www.suno.com.br\/noticias\/?p=24009"},"modified":"2019-05-09T16:48:03","modified_gmt":"2019-05-09T19:48:03","slug":"eletrobras-privatizacao-governo-rever","status":"publish","type":"post","link":"https:\/\/www.suno.com.br\/noticias\/eletrobras-privatizacao-governo-rever\/","title":{"rendered":"Privatiza\u00e7\u00e3o da Eletrobras \u00e9 revista pelo governo, que quer ganhar mais"},"content":{"rendered":"<p>O governo decidiu rever a proposta de<strong> <a href=\"https:\/\/www.suno.com.br\/artigos\/privatizacao\/\">privatiza\u00e7\u00e3o<\/a> <\/strong>da Eletrobras (ELET6), para poder arrecadar com a venda de <strong>a\u00e7\u00f5es<\/strong> da <a href=\"https:\/\/www.suno.com.br\/artigos\/estatal-so-se-for-de-graca\/\">empresa estatal<\/a>. A informa\u00e7\u00e3o foi dada pelo secret\u00e1rio especial da Fazenda, Waldery Rodrigues J\u00fanior. O membro do Minist\u00e9rio da Economia deu uma coletiva de Imprensa ap\u00f3s o 31\u00ba F\u00f3rum Nacional, no Rio de Janeiro.<\/p>\t<div class=\"wrapper-featured-image\">\n\t\t<figure class=\"spotlightImg\">\n\n\t\t\t<picture>\n\t\t\t\t<source media=\"(max-width: 768px)\" srcset=\"https:\/\/files.sunoresearch.com.br\/n\/uploads\/2018\/10\/711a82e9-eletrobras-1-400x200.webp\">\n\t\t\t\t<img loading=\"lazy\" decoding=\"async\" class=\"newsContent__article__imgCapa lazyloadDisabled newsContent__article__imgCapa--noCaption\" src=\"https:\/\/files.sunoresearch.com.br\/n\/uploads\/2018\/10\/711a82e9-eletrobras-1-800x450.webp\" width=\"800\" height=\"450\" alt=\"Privatiza\u00e7\u00e3o da Eletrobras \u00e9 revista pelo governo, que quer ganhar mais\" fetchpriority=high \/>\n\t\t\t<\/picture>\n\n\t\t\t<figcaption class=\"wp-caption-text wp-caption-text--hide\">A Eletrobras (ELET3) apresentou, na noite da \u00faltima quarta-feira (11), seus resultados do terceiro trimestre. <\/figcaption>\n\t\t<\/figure>\n\t<\/div>\n\n\n<p>Rodrigues J\u00fanior espera que o valor fique\u00a0\u201calguns bilh\u00f5es\u201d superior aos R$ 12,2 bilh\u00f5es. Esta foi a arrecada\u00e7\u00e3o estimada pela gest\u00e3o do ex-presidente da Rep\u00fablica, Michel <strong>Temer<\/strong>.\u00a0\u201cAcreditamos que essa previs\u00e3o est\u00e1 subestimada\u201d, afirmou Rodrigues J\u00fanior, segundo a &#8220;Folha de S. Paulo&#8221;.<\/p>\n<p>O <strong>Minist\u00e9rio da Economia<\/strong> retirou da receita para 2019, em maio deste ano, os\u00a0R$ 12,2 bilh\u00f5es previstos com a privatiza\u00e7\u00e3o da <strong>Eletrobras<\/strong>. De acordo o secret\u00e1rio, o que motivou a decis\u00e3o foi a falta de garantias de que a opera\u00e7\u00e3o ser\u00e1 conclu\u00edda em 2019.<\/p>\n<p>\u201cA Eletrobras \u00e9 um dos ativos mais importantes em que temos trabalhado\u201d, contou o secret\u00e1rio.<\/p>\n\t<p>\n\t\t<a href=\"https:\/\/lp.suno.com.br\/asset\/fundos\/suno-fic-fia\/\" target=\"_blank\" data-element=\"shortcode-suno-banner\" title=\"Banner SUNO, clique e saiba mais\">\n\t\t\t<picture>\n\t\t\t\t<source media=\"(max-width: 500px)\" srcset=\"https:\/\/files.sunoresearch.com.br\/n\/uploads\/2023\/10\/SUNO-FIC-FIA-400x300-Mobile-Artigos-5-v2.png\">\n\t\t\t\t<img class=\"newsContent__article__imgCapa newsContent__article__imgCapa--banner\"\n\t\t\t\t\tsrc=\"https:\/\/files.sunoresearch.com.br\/n\/uploads\/2023\/10\/SUNO-FIC-FIA-1420x240-Banner-Artigos-1-_-Banner-Materias-4-v2-png.webp\"\n\t\t\t\t\tdata-promo-id=\"478743\"\t\t\t\t\t\t\t\t\t\twidth='2560' height='433'\t\t\t\t\talt=\"https:\/\/files.sunoresearch.com.br\/n\/uploads\/2023\/10\/SUNO-FIC-FIA-1420x240-Banner-Artigos-1-_-Banner-Materias-4-v2-png.webp\"\n\t\t\t\t>\n\t\t\t<\/picture>\n\t\t<\/a>\n\t<\/p>\n\n\n<p>Rodrigues J\u00fanior adiantou que o modelo de venda ser\u00e1 divergente do modelo proposto pelo governo <strong>Temer<\/strong>. O projeto original baseava-se na <strong>emiss\u00e3o<\/strong> de novas <strong>a\u00e7\u00f5es<\/strong> da <strong>Eletrobras<\/strong>, para que a fatia da <strong>Uni\u00e3o<\/strong> na empresa fosse reduzida \u00e0 <a href=\"https:\/\/www.suno.com.br\/artigos\/minoritario\/\">acionista minorit\u00e1ria<\/a>.<\/p>\n<p>&#8220;Estamos na formaliza\u00e7\u00e3o&#8230; em conjunto com o <strong>Minist\u00e9rio de Minas e Energia<\/strong> e <strong>Banco Nacional do Desenvolvimento Econ\u00f4mico e Social<\/strong> (BNDES) na discuss\u00e3o da <strong>Eletrobras<\/strong>&#8220;, indicou o secret\u00e1rio, que n\u00e3o revelou o novo plano de desestatiza\u00e7\u00e3o da empresa de energia.<\/p>\n<p>Com o dinheiro arrecadado pela venda de a\u00e7\u00f5es, o governo teria <strong>b\u00f4nus<\/strong> para rever o modelo de concess\u00e3o de suas <strong>usinas hidrel\u00e9tricas<\/strong>. Assim, a Eletrobras deixaria o sistema de cotas, no qual as tarifas s\u00e3o reguladas.<\/p>\n<h2>A\u00e7\u00f5es da Eletrobras<\/h2>\n<p>As <strong>a\u00e7\u00f5es<\/strong> da estatal n\u00e3o sofreram grandes altera\u00e7\u00f5es ap\u00f3s as informa\u00e7\u00f5es passadas pelo secret\u00e1rio. \u00c0s 16h21, os papeis da empresa ca\u00edam 0,76% a R$ 33,97 na <strong><a href=\"https:\/\/www.suno.com.br\/artigos\/b3\/\">B3<\/a><\/strong> (Brasil, Bolsa, Balc\u00e3o).<\/p>\n<p><a href=\"https:\/\/www.suno.com.br\/noticias\/eletrobras-privatizacao-mourao\/\">Saiba mais &#8211;\u00a0Eletrobras: privatiza\u00e7\u00e3o deve ficar \u2018mais para frente\u2019, diz Mour\u00e3o<\/a><\/p>\n<h2>Privatiza\u00e7\u00e3o apenas em 2020<\/h2>\n<p>A secret\u00e1ria-executiva do<strong> Minist\u00e9rio de Minas e Energia<\/strong> (MME), <strong>Marisete Pereira<\/strong>, informou em 19 de fevereiro que a <strong>privatiza\u00e7\u00e3o<\/strong> da <strong>estatal<\/strong> el\u00e9trica deveria ser adiada para 2020.<\/p>\n<p>O governo estava reavaliando o modelo de capitaliza\u00e7\u00e3o da <strong>Eletrobras<\/strong>\u00a0na data.<\/p>\n<p>Por causa disso, o Executivo n\u00e3o teria tempo de realizar a venda das <strong>a\u00e7\u00f5es<\/strong> da estatal no mercado financeiro. Atrav\u00e9s desse processo o <strong>controle<\/strong> da companhia passaria da\u00a0<strong>Uni\u00e3o<\/strong> para particulares.<\/p>\n<p>&#8220;Essa \u00e9 uma <strong>pauta priorit\u00e1ria<\/strong> do minist\u00e9rio. \u00c9 certo que faremos a capitaliza\u00e7\u00e3o. O ministro [Bento Costa Lima Leite] j\u00e1 afirmou que o processo est\u00e1 mantido. O que estamos discutindo \u00e9 o modelo, como fazer. Pelo que vejo, deve ficar para 2020 [a <strong>privatiza\u00e7\u00e3o<\/strong> da <strong>Eletrobras<\/strong>]&#8221;, afirmou a secret\u00e1ria-executiva.<\/p>\n","protected":false},"excerpt":{"rendered":"<p>O governo decidiu rever a proposta de privatiza\u00e7\u00e3o da Eletrobras (ELET6), para poder arrecadar com a venda de a\u00e7\u00f5es da empresa estatal. A informa\u00e7\u00e3o foi dada pelo secret\u00e1rio especial da Fazenda, Waldery Rodrigues J\u00fanior. O membro do Minist\u00e9rio da Economia deu uma coletiva de Imprensa ap\u00f3s o 31\u00ba F\u00f3rum Nacional, no Rio de Janeiro. A [&hellip;]<\/p>\n","protected":false},"author":12,"featured_media":5394,"comment_status":"closed","ping_status":"closed","sticky":false,"template":"","format":"standard","meta":[],"categories":[64],"tags":[455,1227,945],"suno_strategy":[],"class_list":["post-24009","post","type-post","status-publish","format-standard","has-post-thumbnail","hentry","category-negocios","tag-eletrobras-elet3-elet5-elet6","tag-ministerio-de-minas-e-energia","tag-privatizacoes"],"yoast_head":"<!-- This site is optimized with the Yoast SEO plugin v24.4 - https:\/\/yoast.com\/wordpress\/plugins\/seo\/ -->\n<title>Privatiza\u00e7\u00e3o da Eletrobras \u00e9 revista pelo governo, que quer ganhar mais<\/title>\n<meta name=\"description\" content=\"O governo decidiu rever a proposta de privatiza\u00e7\u00e3o da Eletrobras, para poder arrecadar com a venda de a\u00e7\u00f5es. Clique para saber mais.\" \/>\n<meta name=\"robots\" content=\"index, follow, max-snippet:-1, max-image-preview:large, max-video-preview:-1\" \/>\n<link rel=\"canonical\" href=\"https:\/\/www.suno.com.br\/noticias\/eletrobras-privatizacao-governo-rever\/\" \/>\n<meta property=\"og:locale\" content=\"pt_BR\" \/>\n<meta property=\"og:type\" content=\"article\" \/>\n<meta property=\"og:title\" content=\"Privatiza\u00e7\u00e3o da Eletrobras \u00e9 revista pelo governo, que quer ganhar mais\" \/>\n<meta property=\"og:description\" content=\"O governo decidiu rever a proposta de privatiza\u00e7\u00e3o da Eletrobras, para poder arrecadar com a venda de a\u00e7\u00f5es. Clique para saber mais.\" \/>\n<meta property=\"og:url\" content=\"https:\/\/www.suno.com.br\/noticias\/eletrobras-privatizacao-governo-rever\/\" \/>\n<meta property=\"og:site_name\" content=\"Suno Not\u00edcias\" \/>\n<meta property=\"article:publisher\" content=\"https:\/\/facebook.com\/sunoresearch\" \/>\n<meta property=\"og:image\" content=\"https:\/\/files.sunoresearch.com.br\/n\/uploads\/2018\/10\/711a82e9-eletrobras-1.jpg\" \/>\n\t<meta property=\"og:image:width\" content=\"1920\" \/>\n\t<meta property=\"og:image:height\" content=\"1280\" \/>\n\t<meta property=\"og:image:type\" content=\"image\/jpeg\" \/>\n<meta name=\"author\" content=\"Amanda Gushiken\" \/>\n<meta name=\"twitter:card\" content=\"summary_large_image\" \/>\n<meta name=\"twitter:creator\" content=\"@sunoresearch\" \/>\n<meta name=\"twitter:site\" content=\"@sunoresearch\" \/>\n<meta name=\"twitter:label1\" content=\"Escrito por\" \/>\n\t<meta name=\"twitter:data1\" content=\"Amanda Gushiken\" \/>\n\t<meta name=\"twitter:label2\" content=\"Est. tempo de leitura\" \/>\n\t<meta name=\"twitter:data2\" content=\"2 minutos\" \/>\n<script type=\"application\/ld+json\" class=\"yoast-schema-graph\">{\"@context\":\"https:\/\/schema.org\",\"@graph\":[{\"@type\":\"NewsArticle\",\"@id\":\"https:\/\/www.suno.com.br\/noticias\/eletrobras-privatizacao-governo-rever\/#article\",\"isPartOf\":{\"@id\":\"https:\/\/www.suno.com.br\/noticias\/eletrobras-privatizacao-governo-rever\/\"},\"author\":{\"name\":\"Amanda Gushiken\",\"@id\":\"https:\/\/www.suno.com.br\/noticias\/#\/schema\/person\/a5b06fa4e879d8e8e119c6ed3cd630d1\"},\"headline\":\"Privatiza\u00e7\u00e3o da Eletrobras \u00e9 revista pelo governo, que quer ganhar mais\",\"datePublished\":\"2019-05-09T19:48:03+00:00\",\"mainEntityOfPage\":{\"@id\":\"https:\/\/www.suno.com.br\/noticias\/eletrobras-privatizacao-governo-rever\/\"},\"wordCount\":505,\"publisher\":{\"@id\":\"https:\/\/www.suno.com.br\/noticias\/#organization\"},\"image\":{\"@id\":\"https:\/\/www.suno.com.br\/noticias\/eletrobras-privatizacao-governo-rever\/#primaryimage\"},\"thumbnailUrl\":\"https:\/\/files.sunoresearch.com.br\/n\/uploads\/2018\/10\/711a82e9-eletrobras-1-jpg.webp\",\"keywords\":[\"Eletrobras (ELET3\/ELET5\/ELET6)\",\"Minist\u00e9rio de Minas e Energia\",\"privatiza\u00e7\u00f5es\"],\"articleSection\":[\"Neg\u00f3cios\"],\"inLanguage\":\"pt-BR\"},{\"@type\":\"WebPage\",\"@id\":\"https:\/\/www.suno.com.br\/noticias\/eletrobras-privatizacao-governo-rever\/\",\"url\":\"https:\/\/www.suno.com.br\/noticias\/eletrobras-privatizacao-governo-rever\/\",\"name\":\"Privatiza\u00e7\u00e3o da Eletrobras \u00e9 revista pelo governo, que quer ganhar mais\",\"isPartOf\":{\"@id\":\"https:\/\/www.suno.com.br\/noticias\/#website\"},\"primaryImageOfPage\":{\"@id\":\"https:\/\/www.suno.com.br\/noticias\/eletrobras-privatizacao-governo-rever\/#primaryimage\"},\"image\":{\"@id\":\"https:\/\/www.suno.com.br\/noticias\/eletrobras-privatizacao-governo-rever\/#primaryimage\"},\"thumbnailUrl\":\"https:\/\/files.sunoresearch.com.br\/n\/uploads\/2018\/10\/711a82e9-eletrobras-1-jpg.webp\",\"datePublished\":\"2019-05-09T19:48:03+00:00\",\"description\":\"O governo decidiu rever a proposta de privatiza\u00e7\u00e3o da Eletrobras, para poder arrecadar com a venda de a\u00e7\u00f5es. Clique para saber mais.\",\"breadcrumb\":{\"@id\":\"https:\/\/www.suno.com.br\/noticias\/eletrobras-privatizacao-governo-rever\/#breadcrumb\"},\"inLanguage\":\"pt-BR\",\"potentialAction\":[{\"@type\":\"ReadAction\",\"target\":[\"https:\/\/www.suno.com.br\/noticias\/eletrobras-privatizacao-governo-rever\/\"]}]},{\"@type\":\"ImageObject\",\"inLanguage\":\"pt-BR\",\"@id\":\"https:\/\/www.suno.com.br\/noticias\/eletrobras-privatizacao-governo-rever\/#primaryimage\",\"url\":\"https:\/\/files.sunoresearch.com.br\/n\/uploads\/2018\/10\/711a82e9-eletrobras-1-jpg.webp\",\"contentUrl\":\"https:\/\/files.sunoresearch.com.br\/n\/uploads\/2018\/10\/711a82e9-eletrobras-1-jpg.webp\",\"width\":1920,\"height\":1280,\"caption\":\"A Eletrobras (ELET3) apresentou, na noite da \u00faltima quarta-feira (11), seus resultados do terceiro trimestre.\"},{\"@type\":\"BreadcrumbList\",\"@id\":\"https:\/\/www.suno.com.br\/noticias\/eletrobras-privatizacao-governo-rever\/#breadcrumb\",\"itemListElement\":[{\"@type\":\"ListItem\",\"position\":1,\"name\":\"Not\u00edcias\",\"item\":\"https:\/\/www.suno.com.br\/noticias\/\"},{\"@type\":\"ListItem\",\"position\":2,\"name\":\"Neg\u00f3cios\",\"item\":\"https:\/\/www.suno.com.br\/noticias\/negocios\/\"},{\"@type\":\"ListItem\",\"position\":3,\"name\":\"Privatiza\u00e7\u00e3o da Eletrobras \u00e9 revista pelo governo, que quer ganhar mais\"}]},{\"@type\":\"WebSite\",\"@id\":\"https:\/\/www.suno.com.br\/noticias\/#website\",\"url\":\"https:\/\/www.suno.com.br\/noticias\/\",\"name\":\"Suno Not\u00edcias\",\"description\":\"Seu portal de informa\u00e7\u00e3o sobre o mundo dos investimentos\",\"publisher\":{\"@id\":\"https:\/\/www.suno.com.br\/noticias\/#organization\"},\"potentialAction\":[{\"@type\":\"SearchAction\",\"target\":{\"@type\":\"EntryPoint\",\"urlTemplate\":\"https:\/\/www.suno.com.br\/noticias\/?s={search_term_string}\"},\"query-input\":{\"@type\":\"PropertyValueSpecification\",\"valueRequired\":true,\"valueName\":\"search_term_string\"}}],\"inLanguage\":\"pt-BR\"},{\"@type\":\"Organization\",\"@id\":\"https:\/\/www.suno.com.br\/noticias\/#organization\",\"name\":\"Suno Not\u00edcias\",\"url\":\"https:\/\/www.suno.com.br\/noticias\/\",\"logo\":{\"@type\":\"ImageObject\",\"inLanguage\":\"pt-BR\",\"@id\":\"https:\/\/www.suno.com.br\/noticias\/#\/schema\/logo\/image\/\",\"url\":\"https:\/\/files.sunoresearch.com.br\/n\/uploads\/2021\/09\/suno-logo.png\",\"contentUrl\":\"https:\/\/files.sunoresearch.com.br\/n\/uploads\/2021\/09\/suno-logo.png\",\"width\":180,\"height\":180,\"caption\":\"Suno Not\u00edcias\"},\"image\":{\"@id\":\"https:\/\/www.suno.com.br\/noticias\/#\/schema\/logo\/image\/\"},\"sameAs\":[\"https:\/\/facebook.com\/sunoresearch\",\"https:\/\/x.com\/sunoresearch\",\"https:\/\/www.instagram.com\/suno\",\"https:\/\/www.linkedin.com\/company\/suno-research\/\",\"https:\/\/www.youtube.com\/c\/sunoresearch\"]},{\"@type\":\"Person\",\"@id\":\"https:\/\/www.suno.com.br\/noticias\/#\/schema\/person\/a5b06fa4e879d8e8e119c6ed3cd630d1\",\"name\":\"Amanda Gushiken\",\"image\":{\"@type\":\"ImageObject\",\"inLanguage\":\"pt-BR\",\"@id\":\"https:\/\/www.suno.com.br\/noticias\/#\/schema\/person\/image\/\",\"url\":\"https:\/\/secure.gravatar.com\/avatar\/ecd84705e6b65e3685ae80d725501fbe?s=96&r=g\",\"contentUrl\":\"https:\/\/secure.gravatar.com\/avatar\/ecd84705e6b65e3685ae80d725501fbe?s=96&r=g\",\"caption\":\"Amanda Gushiken\"},\"description\":\"Amanda Sayuri Gushiken escreve sobre finan\u00e7as e neg\u00f3cios para o portal Suno Not\u00edcias. Antes, trabalhou selecionando not\u00edcias da imprensa para clientes do mercado financeiro. Tamb\u00e9m desenvolveu pesquisa acad\u00eamica pela Universidade Anhembi Morumbi na \u00e1rea de Teorias da Comunica\u00e7\u00e3o e \u00e9 fot\u00f3grafa nas horas vagas.\",\"url\":\"https:\/\/www.suno.com.br\/noticias\/author\/amanda\/\"}]}<\/script>\n<!-- \/ Yoast SEO plugin. -->","yoast_head_json":{"title":"Privatiza\u00e7\u00e3o da Eletrobras \u00e9 revista pelo governo, que quer ganhar mais","description":"O governo decidiu rever a proposta de privatiza\u00e7\u00e3o da Eletrobras, para poder arrecadar com a venda de a\u00e7\u00f5es. Clique para saber mais.","robots":{"index":"index","follow":"follow","max-snippet":"max-snippet:-1","max-image-preview":"max-image-preview:large","max-video-preview":"max-video-preview:-1"},"canonical":"https:\/\/www.suno.com.br\/noticias\/eletrobras-privatizacao-governo-rever\/","og_locale":"pt_BR","og_type":"article","og_title":"Privatiza\u00e7\u00e3o da Eletrobras \u00e9 revista pelo governo, que quer ganhar mais","og_description":"O governo decidiu rever a proposta de privatiza\u00e7\u00e3o da Eletrobras, para poder arrecadar com a venda de a\u00e7\u00f5es. Clique para saber mais.","og_url":"https:\/\/www.suno.com.br\/noticias\/eletrobras-privatizacao-governo-rever\/","og_site_name":"Suno Not\u00edcias","article_publisher":"https:\/\/facebook.com\/sunoresearch","og_image":[{"width":1920,"height":1280,"url":"https:\/\/files.sunoresearch.com.br\/n\/uploads\/2018\/10\/711a82e9-eletrobras-1.jpg","type":"image\/jpeg"}],"author":"Amanda Gushiken","twitter_card":"summary_large_image","twitter_creator":"@sunoresearch","twitter_site":"@sunoresearch","twitter_misc":{"Escrito por":"Amanda Gushiken","Est. tempo de leitura":"2 minutos"},"schema":{"@context":"https:\/\/schema.org","@graph":[{"@type":"NewsArticle","@id":"https:\/\/www.suno.com.br\/noticias\/eletrobras-privatizacao-governo-rever\/#article","isPartOf":{"@id":"https:\/\/www.suno.com.br\/noticias\/eletrobras-privatizacao-governo-rever\/"},"author":{"name":"Amanda Gushiken","@id":"https:\/\/www.suno.com.br\/noticias\/#\/schema\/person\/a5b06fa4e879d8e8e119c6ed3cd630d1"},"headline":"Privatiza\u00e7\u00e3o da Eletrobras \u00e9 revista pelo governo, que quer ganhar mais","datePublished":"2019-05-09T19:48:03+00:00","mainEntityOfPage":{"@id":"https:\/\/www.suno.com.br\/noticias\/eletrobras-privatizacao-governo-rever\/"},"wordCount":505,"publisher":{"@id":"https:\/\/www.suno.com.br\/noticias\/#organization"},"image":{"@id":"https:\/\/www.suno.com.br\/noticias\/eletrobras-privatizacao-governo-rever\/#primaryimage"},"thumbnailUrl":"https:\/\/files.sunoresearch.com.br\/n\/uploads\/2018\/10\/711a82e9-eletrobras-1-jpg.webp","keywords":["Eletrobras (ELET3\/ELET5\/ELET6)","Minist\u00e9rio de Minas e Energia","privatiza\u00e7\u00f5es"],"articleSection":["Neg\u00f3cios"],"inLanguage":"pt-BR"},{"@type":"WebPage","@id":"https:\/\/www.suno.com.br\/noticias\/eletrobras-privatizacao-governo-rever\/","url":"https:\/\/www.suno.com.br\/noticias\/eletrobras-privatizacao-governo-rever\/","name":"Privatiza\u00e7\u00e3o da Eletrobras \u00e9 revista pelo governo, que quer ganhar mais","isPartOf":{"@id":"https:\/\/www.suno.com.br\/noticias\/#website"},"primaryImageOfPage":{"@id":"https:\/\/www.suno.com.br\/noticias\/eletrobras-privatizacao-governo-rever\/#primaryimage"},"image":{"@id":"https:\/\/www.suno.com.br\/noticias\/eletrobras-privatizacao-governo-rever\/#primaryimage"},"thumbnailUrl":"https:\/\/files.sunoresearch.com.br\/n\/uploads\/2018\/10\/711a82e9-eletrobras-1-jpg.webp","datePublished":"2019-05-09T19:48:03+00:00","description":"O governo decidiu rever a proposta de privatiza\u00e7\u00e3o da Eletrobras, para poder arrecadar com a venda de a\u00e7\u00f5es. Clique para saber mais.","breadcrumb":{"@id":"https:\/\/www.suno.com.br\/noticias\/eletrobras-privatizacao-governo-rever\/#breadcrumb"},"inLanguage":"pt-BR","potentialAction":[{"@type":"ReadAction","target":["https:\/\/www.suno.com.br\/noticias\/eletrobras-privatizacao-governo-rever\/"]}]},{"@type":"ImageObject","inLanguage":"pt-BR","@id":"https:\/\/www.suno.com.br\/noticias\/eletrobras-privatizacao-governo-rever\/#primaryimage","url":"https:\/\/files.sunoresearch.com.br\/n\/uploads\/2018\/10\/711a82e9-eletrobras-1-jpg.webp","contentUrl":"https:\/\/files.sunoresearch.com.br\/n\/uploads\/2018\/10\/711a82e9-eletrobras-1-jpg.webp","width":1920,"height":1280,"caption":"A Eletrobras (ELET3) apresentou, na noite da \u00faltima quarta-feira (11), seus resultados do terceiro trimestre."},{"@type":"BreadcrumbList","@id":"https:\/\/www.suno.com.br\/noticias\/eletrobras-privatizacao-governo-rever\/#breadcrumb","itemListElement":[{"@type":"ListItem","position":1,"name":"Not\u00edcias","item":"https:\/\/www.suno.com.br\/noticias\/"},{"@type":"ListItem","position":2,"name":"Neg\u00f3cios","item":"https:\/\/www.suno.com.br\/noticias\/negocios\/"},{"@type":"ListItem","position":3,"name":"Privatiza\u00e7\u00e3o da Eletrobras \u00e9 revista pelo governo, que quer ganhar mais"}]},{"@type":"WebSite","@id":"https:\/\/www.suno.com.br\/noticias\/#website","url":"https:\/\/www.suno.com.br\/noticias\/","name":"Suno Not\u00edcias","description":"Seu portal de informa\u00e7\u00e3o sobre o mundo dos investimentos","publisher":{"@id":"https:\/\/www.suno.com.br\/noticias\/#organization"},"potentialAction":[{"@type":"SearchAction","target":{"@type":"EntryPoint","urlTemplate":"https:\/\/www.suno.com.br\/noticias\/?s={search_term_string}"},"query-input":{"@type":"PropertyValueSpecification","valueRequired":true,"valueName":"search_term_string"}}],"inLanguage":"pt-BR"},{"@type":"Organization","@id":"https:\/\/www.suno.com.br\/noticias\/#organization","name":"Suno Not\u00edcias","url":"https:\/\/www.suno.com.br\/noticias\/","logo":{"@type":"ImageObject","inLanguage":"pt-BR","@id":"https:\/\/www.suno.com.br\/noticias\/#\/schema\/logo\/image\/","url":"https:\/\/files.sunoresearch.com.br\/n\/uploads\/2021\/09\/suno-logo.png","contentUrl":"https:\/\/files.sunoresearch.com.br\/n\/uploads\/2021\/09\/suno-logo.png","width":180,"height":180,"caption":"Suno Not\u00edcias"},"image":{"@id":"https:\/\/www.suno.com.br\/noticias\/#\/schema\/logo\/image\/"},"sameAs":["https:\/\/facebook.com\/sunoresearch","https:\/\/x.com\/sunoresearch","https:\/\/www.instagram.com\/suno","https:\/\/www.linkedin.com\/company\/suno-research\/","https:\/\/www.youtube.com\/c\/sunoresearch"]},{"@type":"Person","@id":"https:\/\/www.suno.com.br\/noticias\/#\/schema\/person\/a5b06fa4e879d8e8e119c6ed3cd630d1","name":"Amanda Gushiken","image":{"@type":"ImageObject","inLanguage":"pt-BR","@id":"https:\/\/www.suno.com.br\/noticias\/#\/schema\/person\/image\/","url":"https:\/\/secure.gravatar.com\/avatar\/ecd84705e6b65e3685ae80d725501fbe?s=96&r=g","contentUrl":"https:\/\/secure.gravatar.com\/avatar\/ecd84705e6b65e3685ae80d725501fbe?s=96&r=g","caption":"Amanda Gushiken"},"description":"Amanda Sayuri Gushiken escreve sobre finan\u00e7as e neg\u00f3cios para o portal Suno Not\u00edcias. Antes, trabalhou selecionando not\u00edcias da imprensa para clientes do mercado financeiro. Tamb\u00e9m desenvolveu pesquisa acad\u00eamica pela Universidade Anhembi Morumbi na \u00e1rea de Teorias da Comunica\u00e7\u00e3o e \u00e9 fot\u00f3grafa nas horas vagas.","url":"https:\/\/www.suno.com.br\/noticias\/author\/amanda\/"}]}},"default_loop_html":"<div class=\"cardsPage__listCard__boxs\"><div class=\"cardsPage__listCard__boxs__img\"><a href=\"https:\/\/www.suno.com.br\/noticias\/eletrobras-privatizacao-governo-rever\/\"><img class=\"mask\" src=\"https:\/\/www.suno.com.br\/noticias\/wp-content\/themes\/suno\/resources\/images\/spotlight\/spotlight1img\/bg-mask.png\" alt=\"Image Mask\"\/><img src=\"https:\/\/files.sunoresearch.com.br\/n\/uploads\/2018\/10\/711a82e9-eletrobras-1-400x200.webp\" alt=\"Privatiza\u00e7\u00e3o da Eletrobras \u00e9 revista pelo governo, que quer ganhar mais\"\/><\/a><span class=\"spotlightCategory\"><a href=\"https:\/\/www.suno.com.br\/noticias\/negocios\/\">Neg\u00f3cios<\/a><\/span><\/div><div class=\"cardsPage__listCard__boxs__content\"><a href=\"https:\/\/www.suno.com.br\/noticias\/eletrobras-privatizacao-governo-rever\/\"><h2 class=\"content__title\">Privatiza\u00e7\u00e3o da Eletrobras \u00e9 revista pelo governo, que quer ganhar mais<\/h2><\/a><div class=\"newsContent__article__meta\"><div class=\"newsContent__article__meta__authorBox\"><a href=\"https:\/\/www.suno.com.br\/noticias\/author\/amanda\/\" class=\"authorBox__avatar noMobi\"><img src=\"https:\/\/files.sunoresearch.com.br\/n\/uploads\/2018\/11\/c6ad30be-amanda-150x150.webp\" alt=\"Amanda Gushiken\"><\/a><div class=\"authorBox__name\"><span>por\n\t\t\t<a href=\"https:\/\/www.suno.com.br\/noticias\/author\/amanda\/\"><span itemprop=\"author\">Amanda Gushiken<\/span><\/a><\/span><time datetime=\"2019-05-09T16:48:03-03:00\" itemprop=\"datePublished\">09\/05\/2019 16:48<\/time><\/div><\/div><\/div><\/div><\/div>","single_layout":"posts","amp_enabled":true,"_links":{"self":[{"href":"https:\/\/www.suno.com.br\/noticias\/wp-json\/wp\/v2\/posts\/24009"}],"collection":[{"href":"https:\/\/www.suno.com.br\/noticias\/wp-json\/wp\/v2\/posts"}],"about":[{"href":"https:\/\/www.suno.com.br\/noticias\/wp-json\/wp\/v2\/types\/post"}],"author":[{"embeddable":true,"href":"https:\/\/www.suno.com.br\/noticias\/wp-json\/wp\/v2\/users\/12"}],"replies":[{"embeddable":true,"href":"https:\/\/www.suno.com.br\/noticias\/wp-json\/wp\/v2\/comments?post=24009"}],"version-history":[{"count":0,"href":"https:\/\/www.suno.com.br\/noticias\/wp-json\/wp\/v2\/posts\/24009\/revisions"}],"wp:featuredmedia":[{"embeddable":true,"href":"https:\/\/www.suno.com.br\/noticias\/wp-json\/wp\/v2\/media\/5394"}],"wp:attachment":[{"href":"https:\/\/www.suno.com.br\/noticias\/wp-json\/wp\/v2\/media?parent=24009"}],"wp:term":[{"taxonomy":"category","embeddable":true,"href":"https:\/\/www.suno.com.br\/noticias\/wp-json\/wp\/v2\/categories?post=24009"},{"taxonomy":"post_tag","embeddable":true,"href":"https:\/\/www.suno.com.br\/noticias\/wp-json\/wp\/v2\/tags?post=24009"},{"taxonomy":"suno_strategy","embeddable":true,"href":"https:\/\/www.suno.com.br\/noticias\/wp-json\/wp\/v2\/suno_strategy?post=24009"}],"curies":[{"name":"wp","href":"https:\/\/api.w.org\/{rel}","templated":true}]}}