{"id":239342,"date":"2022-03-09T14:02:02","date_gmt":"2022-03-09T17:02:02","guid":{"rendered":"https:\/\/www.suno.com.br\/noticias\/?p=239342"},"modified":"2022-03-09T14:02:02","modified_gmt":"2022-03-09T17:02:02","slug":"renner-lren3-natura-ntco3-commodities-impacta-varejo","status":"publish","type":"post","link":"https:\/\/www.suno.com.br\/noticias\/renner-lren3-natura-ntco3-commodities-impacta-varejo\/","title":{"rendered":"Renner (LREN3), Natura (NTCO3): como a alta de commodities impacta o varejo"},"content":{"rendered":"<p>N\u00e3o s\u00e3o apenas as empresas de commodities que sofrem com as varia\u00e7\u00f5es de pre\u00e7o depois da invas\u00e3o da R\u00fassia na Ucr\u00e2nia. De acordo com a XP, varejistas de consumo discricion\u00e1rio tamb\u00e9m podem ter seus resultados impactados com o conflito. Nomes como <a class=\"suno-keyword\" href=\"https:\/\/www.suno.com.br\/acoes\/LREN3\/\" target=\"_blank\" rel=\"noopener\" data-force=\"yes\" data-priority=\"2\">Lojas <strong>Renner<\/strong> (LREN3)<\/a>, <a class=\"suno-keyword\" href=\"https:\/\/www.suno.com.br\/acoes\/CEAB3\/\" target=\"_blank\" rel=\"noopener\" data-force=\"yes\" data-priority=\"2\">C&amp;A (CEAB3)<\/a>, <a class=\"suno-keyword\" href=\"https:\/\/www.suno.com.br\/acoes\/NTCO3\/\" target=\"_blank\" rel=\"noopener\" data-force=\"yes\" data-priority=\"2\">Natura (NTCO3)<\/a> e <a class=\"suno-keyword\" href=\"https:\/\/www.suno.com.br\/acoes\/ALPA4\/\" target=\"_blank\" rel=\"noopener\" data-force=\"yes\" data-priority=\"2\">Alpargatas (ALPA4)<\/a> foram mapeadas pela corretora.<\/p>\t<div class=\"wrapper-featured-image\">\n\t\t<figure class=\"spotlightImg\">\n\n\t\t\t<picture>\n\t\t\t\t<source media=\"(max-width: 768px)\" srcset=\"https:\/\/files.sunoresearch.com.br\/n\/uploads\/2021\/03\/daa149f3-lojas-renner-2-400x200.webp\">\n\t\t\t\t<img loading=\"lazy\" decoding=\"async\" class=\"newsContent__article__imgCapa lazyloadDisabled \" src=\"https:\/\/files.sunoresearch.com.br\/n\/uploads\/2021\/03\/daa149f3-lojas-renner-2-800x450.webp\" width=\"800\" height=\"450\" alt=\"Renner (LREN3), Natura (NTCO3): como a alta de commodities impacta o varejo\" fetchpriority=high \/>\n\t\t\t<\/picture>\n\n\t\t\t<figcaption class=\"wp-caption-text wp-caption-text--show\">Lojas Renner (LREN3). Foto: Divulga\u00e7\u00e3o <\/figcaption>\n\t\t<\/figure>\n\t<\/div>\n\n\n\t<p>\n\t\t<a href=\"https:\/\/lp.suno.com.br\/planilha-controle-gastos\/\" target=\"_blank\" data-element=\"shortcode-suno-banner\" title=\"Banner SUNO, clique e saiba mais\">\n\t\t\t<picture>\n\t\t\t\t<source media=\"(max-width: 500px)\" srcset=\"https:\/\/files.sunoresearch.com.br\/n\/uploads\/2023\/03\/400x300-Planilha-controle-de-gastos.png\">\n\t\t\t\t<img class=\"newsContent__article__imgCapa newsContent__article__imgCapa--banner\"\n\t\t\t\t\tsrc=\"https:\/\/files.sunoresearch.com.br\/n\/uploads\/2023\/03\/1420x240-Planilha-controle-de-gastos.png\"\n\t\t\t\t\tdata-promo-id=\"101751\"\t\t\t\t\t\t\t\t\t\twidth='1420' height='240'\t\t\t\t\talt=\"https:\/\/files.sunoresearch.com.br\/n\/uploads\/2023\/03\/1420x240-Planilha-controle-de-gastos.png\"\n\t\t\t\t>\n\t\t\t<\/picture>\n\t\t<\/a>\n\t<\/p>\n\n\n<p>Os analistas da XP explicam que os principais impactos devem ser sentidos no aumento de custos para as varejistas. <strong>C&amp;A<\/strong> e <strong>Natura<\/strong> seriam as mais expostas, seguidas por <strong>Alpargatas<\/strong> e <strong>Lojas Renner<\/strong>.<\/p>\n<p>&#8220;Estimamos que as empresas de consumo discricion\u00e1rio sejam as mais expostas, uma vez que as mat\u00e9rias-primas representam uma parte relevante da sua estrutura de custos enquanto a demanda fraca pode limitar sua capacidade de repasse aos pre\u00e7os&#8221;, diz relat\u00f3rio divulgado na ter\u00e7a (8).<\/p>\n\t<p>\n\t\t<a href=\"https:\/\/lp.suno.com.br\/planilha-da-vida-financeira\/\" target=\"_blank\" data-element=\"shortcode-suno-banner\" title=\"Banner SUNO, clique e saiba mais\">\n\t\t\t<picture>\n\t\t\t\t<source media=\"(max-width: 500px)\" srcset=\"https:\/\/files.sunoresearch.com.br\/n\/uploads\/2023\/04\/400x300-Planilha-vida-financeira-true.png\">\n\t\t\t\t<img class=\"newsContent__article__imgCapa newsContent__article__imgCapa--banner\"\n\t\t\t\t\tsrc=\"https:\/\/files.sunoresearch.com.br\/n\/uploads\/2023\/04\/1420x240-Planilha-vida-financeira-true.png\"\n\t\t\t\t\tdata-promo-id=\"106682\"\t\t\t\t\t\t\t\t\t\twidth='1420' height='240'\t\t\t\t\talt=\"https:\/\/files.sunoresearch.com.br\/n\/uploads\/2023\/04\/1420x240-Planilha-vida-financeira-true.png\"\n\t\t\t\t>\n\t\t\t<\/picture>\n\t\t<\/a>\n\t<\/p>\n\n\n<h2>Commodities mais caras pressionam custos<\/h2>\n<p>Desde o in\u00edcio da guerra entre <strong>R\u00fassia e Ucr\u00e2nia<\/strong> &#8211; que j\u00e1 dura 14 dias -, a cota\u00e7\u00e3o de muitas commodities aumentou, acendendo um alerta para a escalada da <strong>infla\u00e7\u00e3o global<\/strong>. Alguns dos insumos mais impactados foram:<\/p>\n<ul>\n<li>petr\u00f3leo: +60%<\/li>\n<li>gr\u00e3os: +40%<\/li>\n<li>borracha sint\u00e9tica: +20%<\/li>\n<li>metais (outo\/prata): +10%<\/li>\n<li>algod\u00e3o: +5%<\/li>\n<\/ul>\n<p>Esses aumentos devem impactar os <strong>custos das varejistas<\/strong>, com destaque para C&amp;A e Natura, segundo a XP. A corretora estima que a queda no Ebitda deve ser de, aproximadamente, 3% para casa aumento de 1% nos custos de mat\u00e9ria-prima para as empresas.<\/p>\n<p>&#8220;Destacamos que custos de frete tamb\u00e9m s\u00e3o relevantes para a Natura e, portanto, podem ser outra poss\u00edvel fonte de press\u00e3o de margens&#8221;, diz o documento.<\/p>\n<figure id=\"attachment_119081\" aria-describedby=\"caption-attachment-119081\" style=\"width: 1024px\" class=\"wp-caption alignnone\"><img loading=\"lazy\" decoding=\"async\" class=\"size-full wp-image-119081\" src=\"https:\/\/files.sunoresearch.com.br\/n\/uploads\/2021\/02\/533a074e-natura.jpg\" alt=\"Natura ir\u00e1 recomprar a\u00e7\u00f5es\" width=\"1024\" height=\"683\" \/><figcaption id=\"caption-attachment-119081\" class=\"wp-caption-text\">Loja da Natura. Foto: Divulga\u00e7\u00e3o.<\/figcaption><\/figure>\n<h2>Valoriza\u00e7\u00e3o do real pode compensar perdas?<\/h2>\n<p>Por outro lado, a valoriza\u00e7\u00e3o do real frente ao d\u00f3lar pode compensar parte dos efeitos de aumento dos custos, segundo a <strong>XP<\/strong>. Desde o in\u00edcio do conflito entre R\u00fassia e Ucr\u00e2nia, o real j\u00e1 se valorizou 10%.<\/p>\n<p>Outra possibilidade \u00e9 o repasse do aumento dos custos nos pre\u00e7os dos produtos. Por\u00e9m, esse movimento pode apresentar consequ\u00eancias para o <strong>volume de vendas<\/strong>, em fun\u00e7\u00e3o do cen\u00e1rio macroecon\u00f4mico desafiador do Pa\u00eds.<\/p>\n<p>&#8220;A Alpargatas e a Lojas Renner tamb\u00e9m devem ser negativamente impactadas, com queda de 2% e 1% do Ebitda, respectivamente&#8221;, estima a XP<\/p>\n<p>Ficam de fora dessas turbul\u00eancias as <strong>varejistas de alta renda<\/strong>, apenas, com o forte poder de precifica\u00e7\u00e3o e flexibilidade para gerenciar os custos.\u00a0 Os nomes que a XP destaca s\u00e3o <a class=\"suno-keyword\" href=\"https:\/\/www.suno.com.br\/acoes\/VIVA3\/\" target=\"_blank\" rel=\"noopener\" data-force=\"yes\" data-priority=\"2\">Vivara (VIVA3)<\/a>, <a class=\"suno-keyword\" href=\"https:\/\/www.suno.com.br\/acoes\/SOMA3\/\" target=\"_blank\" rel=\"noopener\" data-force=\"yes\" data-priority=\"2\">Grupo Soma (SOMA3)<\/a> e <a class=\"suno-keyword\" href=\"https:\/\/www.suno.com.br\/acoes\/ARZZ3\/\" target=\"_blank\" rel=\"noopener\" data-force=\"yes\" data-priority=\"2\">Arezzo (ARZZ3)<\/a>.<\/p>\n\t<p>\n\t\t<a href=\"https:\/\/lp.suno.com.br\/planilha-de-controle-de-investimentos\/\" target=\"_blank\" data-element=\"shortcode-suno-banner\" title=\"Banner SUNO, clique e saiba mais\">\n\t\t\t<picture>\n\t\t\t\t<source media=\"(max-width: 500px)\" srcset=\"https:\/\/files.sunoresearch.com.br\/n\/uploads\/2023\/03\/400x300-Controle-de-Investimentos.png\">\n\t\t\t\t<img class=\"newsContent__article__imgCapa newsContent__article__imgCapa--banner\"\n\t\t\t\t\tsrc=\"https:\/\/files.sunoresearch.com.br\/n\/uploads\/2023\/03\/1420x240-Controle-de-Investimentos.png\"\n\t\t\t\t\tdata-promo-id=\"75934\"\t\t\t\t\t\t\t\t\t\twidth='1420' height='240'\t\t\t\t\talt=\"https:\/\/files.sunoresearch.com.br\/n\/uploads\/2023\/03\/1420x240-Controle-de-Investimentos.png\"\n\t\t\t\t>\n\t\t\t<\/picture>\n\t\t<\/a>\n\t<\/p>\n\n\n<h2>Prefer\u00eancias da XP<\/h2>\n<p>Para as varejistas de alta renda, a corretora tem recomenda\u00e7\u00e3o de compra para as <strong>a\u00e7\u00f5es do Grupo Soma<\/strong>, com <a class=\"suno-keyword\" href=\"https:\/\/www.suno.com.br\/artigos\/preco-alvo\/\" target=\"_blank\" rel=\"noopener\" data-force=\"no\" data-priority=\"1\">pre\u00e7o alvo<\/a> de R$ 21,00, potencial de alta de 61,17%. Para a Vivara, a recomenda\u00e7\u00e3o tamb\u00e9m \u00e9 de compra, com pre\u00e7o alvo de R$ 37,00 &#8211; alta de 44,14% em 12 meses.<\/p>\n<p>J\u00e1 para a C&amp;A, a recomenda\u00e7\u00e3o da XP \u00e9 neutra, com um pre\u00e7o alvo de R$ 8,00 frente ao valor atual de R$ 4,72 &#8211; trata-se de um upside de 69,5% em 12 meses.<\/p>\n<p>As a\u00e7\u00f5es da Natura tamb\u00e9m possuem<strong> recomenda\u00e7\u00e3o de compra pela XP<\/strong>, com pre\u00e7o alvo de R$ 40,00 frente os R$ 21,65 atuais, um potencial de valoriza\u00e7\u00e3o de 84,76% em 12 meses.<\/p>\n<p>A XP tem recomenda\u00e7\u00e3o de compra para as a\u00e7\u00f5es da <strong>Renner<\/strong>, com pre\u00e7o alvo de R$ 42,00, equivalente a um potencial de alta de 68,34% em 12 meses.<\/p>\n\t<p>\n\t\t<a href=\"\" target=\"_blank\" data-element=\"shortcode-suno-banner\" title=\"Banner SUNO, clique e saiba mais\">\n\t\t\t<picture>\n\t\t\t\t<source media=\"(max-width: 500px)\" srcset=\"\">\n\t\t\t\t<img class=\"newsContent__article__imgCapa newsContent__article__imgCapa--banner\"\n\t\t\t\t\tsrc=\"\"\n\t\t\t\t\tdata-promo-id=\"184190\"\t\t\t\t\t\t\t\t\t\t\t\t\t\t\talt=\"\"\n\t\t\t\t>\n\t\t\t<\/picture>\n\t\t<\/a>\n\t<\/p>\n\n\n","protected":false},"excerpt":{"rendered":"<p>N\u00e3o s\u00e3o apenas as empresas de commodities que sofrem com as varia\u00e7\u00f5es de pre\u00e7o depois da invas\u00e3o da R\u00fassia na Ucr\u00e2nia. De acordo com a XP, varejistas de consumo discricion\u00e1rio tamb\u00e9m podem ter seus resultados impactados com o conflito. Nomes como Lojas Renner (LREN3), C&amp;A (CEAB3), Natura (NTCO3) e Alpargatas (ALPA4) foram mapeadas pela corretora. [&hellip;]<\/p>\n","protected":false},"author":102,"featured_media":130382,"comment_status":"closed","ping_status":"closed","sticky":false,"template":"","format":"standard","meta":[],"categories":[64],"tags":[362,1898,105816,2686,542,1431],"suno_strategy":[],"class_list":["post-239342","post","type-post","status-publish","format-standard","has-post-thumbnail","hentry","category-negocios","tag-arezzo-arzz3","tag-ca-ceab3","tag-especialistas","tag-grupo-soma-soma3","tag-lojas-renner-lren3","tag-vivara-viva3"],"yoast_head":"<!-- This site is optimized with the Yoast SEO plugin v24.4 - https:\/\/yoast.com\/wordpress\/plugins\/seo\/ -->\n<title>Renner (LREN3): Como a alta de commodities impacta o varejo<\/title>\n<meta name=\"description\" content=\"Os efeitos da guerra entre R\u00fassia e Ucr\u00e2nia tamb\u00e9m chegam nas varejistas. Veja como os resultados de Renner e Natura podem ser afetados.\" \/>\n<meta name=\"robots\" content=\"index, follow, max-snippet:-1, max-image-preview:large, max-video-preview:-1\" \/>\n<link rel=\"canonical\" href=\"https:\/\/www.suno.com.br\/noticias\/renner-lren3-natura-ntco3-commodities-impacta-varejo\/\" \/>\n<meta property=\"og:locale\" content=\"pt_BR\" \/>\n<meta property=\"og:type\" content=\"article\" \/>\n<meta property=\"og:title\" content=\"Renner (LREN3): Como a alta de commodities impacta o varejo\" \/>\n<meta property=\"og:description\" content=\"Os efeitos da guerra entre R\u00fassia e Ucr\u00e2nia tamb\u00e9m chegam nas varejistas. Veja como os resultados de Renner e Natura podem ser afetados.\" \/>\n<meta property=\"og:url\" content=\"https:\/\/www.suno.com.br\/noticias\/renner-lren3-natura-ntco3-commodities-impacta-varejo\/\" \/>\n<meta property=\"og:site_name\" content=\"Suno Not\u00edcias\" \/>\n<meta property=\"article:publisher\" content=\"https:\/\/facebook.com\/sunoresearch\" \/>\n<meta property=\"og:image\" content=\"https:\/\/files.sunoresearch.com.br\/n\/uploads\/2021\/03\/daa149f3-lojas-renner-2.jpg\" \/>\n\t<meta property=\"og:image:width\" content=\"1200\" \/>\n\t<meta property=\"og:image:height\" content=\"800\" \/>\n\t<meta property=\"og:image:type\" content=\"image\/jpeg\" \/>\n<meta name=\"author\" content=\"Monique Lima\" \/>\n<meta name=\"twitter:card\" content=\"summary_large_image\" \/>\n<meta name=\"twitter:creator\" content=\"@sunoresearch\" \/>\n<meta name=\"twitter:site\" content=\"@sunoresearch\" \/>\n<meta name=\"twitter:label1\" content=\"Escrito por\" \/>\n\t<meta name=\"twitter:data1\" content=\"Monique Lima\" \/>\n\t<meta name=\"twitter:label2\" content=\"Est. tempo de leitura\" \/>\n\t<meta name=\"twitter:data2\" content=\"3 minutos\" \/>\n<script type=\"application\/ld+json\" class=\"yoast-schema-graph\">{\"@context\":\"https:\/\/schema.org\",\"@graph\":[{\"@type\":\"NewsArticle\",\"@id\":\"https:\/\/www.suno.com.br\/noticias\/renner-lren3-natura-ntco3-commodities-impacta-varejo\/#article\",\"isPartOf\":{\"@id\":\"https:\/\/www.suno.com.br\/noticias\/renner-lren3-natura-ntco3-commodities-impacta-varejo\/\"},\"author\":{\"name\":\"Monique Lima\",\"@id\":\"https:\/\/www.suno.com.br\/noticias\/#\/schema\/person\/d712329319cc9b10f254d02d654cb36a\"},\"headline\":\"Renner (LREN3), Natura (NTCO3): como a alta de commodities impacta o varejo\",\"datePublished\":\"2022-03-09T17:02:02+00:00\",\"mainEntityOfPage\":{\"@id\":\"https:\/\/www.suno.com.br\/noticias\/renner-lren3-natura-ntco3-commodities-impacta-varejo\/\"},\"wordCount\":611,\"publisher\":{\"@id\":\"https:\/\/www.suno.com.br\/noticias\/#organization\"},\"image\":{\"@id\":\"https:\/\/www.suno.com.br\/noticias\/renner-lren3-natura-ntco3-commodities-impacta-varejo\/#primaryimage\"},\"thumbnailUrl\":\"https:\/\/files.sunoresearch.com.br\/n\/uploads\/2021\/03\/daa149f3-lojas-renner-2-jpg.webp\",\"keywords\":[\"Arezzo (ARZZ3)\",\"C&amp;A (CEAB3)\",\"Especialistas\",\"Grupo Soma (SOMA3)\",\"Lojas Renner (LREN3)\",\"Vivara (VIVA3)\"],\"articleSection\":[\"Neg\u00f3cios\"],\"inLanguage\":\"pt-BR\"},{\"@type\":\"WebPage\",\"@id\":\"https:\/\/www.suno.com.br\/noticias\/renner-lren3-natura-ntco3-commodities-impacta-varejo\/\",\"url\":\"https:\/\/www.suno.com.br\/noticias\/renner-lren3-natura-ntco3-commodities-impacta-varejo\/\",\"name\":\"Renner (LREN3): Como a alta de commodities impacta o varejo\",\"isPartOf\":{\"@id\":\"https:\/\/www.suno.com.br\/noticias\/#website\"},\"primaryImageOfPage\":{\"@id\":\"https:\/\/www.suno.com.br\/noticias\/renner-lren3-natura-ntco3-commodities-impacta-varejo\/#primaryimage\"},\"image\":{\"@id\":\"https:\/\/www.suno.com.br\/noticias\/renner-lren3-natura-ntco3-commodities-impacta-varejo\/#primaryimage\"},\"thumbnailUrl\":\"https:\/\/files.sunoresearch.com.br\/n\/uploads\/2021\/03\/daa149f3-lojas-renner-2-jpg.webp\",\"datePublished\":\"2022-03-09T17:02:02+00:00\",\"description\":\"Os efeitos da guerra entre R\u00fassia e Ucr\u00e2nia tamb\u00e9m chegam nas varejistas. Veja como os resultados de Renner e Natura podem ser afetados.\",\"breadcrumb\":{\"@id\":\"https:\/\/www.suno.com.br\/noticias\/renner-lren3-natura-ntco3-commodities-impacta-varejo\/#breadcrumb\"},\"inLanguage\":\"pt-BR\",\"potentialAction\":[{\"@type\":\"ReadAction\",\"target\":[\"https:\/\/www.suno.com.br\/noticias\/renner-lren3-natura-ntco3-commodities-impacta-varejo\/\"]}]},{\"@type\":\"ImageObject\",\"inLanguage\":\"pt-BR\",\"@id\":\"https:\/\/www.suno.com.br\/noticias\/renner-lren3-natura-ntco3-commodities-impacta-varejo\/#primaryimage\",\"url\":\"https:\/\/files.sunoresearch.com.br\/n\/uploads\/2021\/03\/daa149f3-lojas-renner-2-jpg.webp\",\"contentUrl\":\"https:\/\/files.sunoresearch.com.br\/n\/uploads\/2021\/03\/daa149f3-lojas-renner-2-jpg.webp\",\"width\":1200,\"height\":800,\"caption\":\"Lojas Renner (LREN3). Foto: Divulga\u00e7\u00e3o\"},{\"@type\":\"BreadcrumbList\",\"@id\":\"https:\/\/www.suno.com.br\/noticias\/renner-lren3-natura-ntco3-commodities-impacta-varejo\/#breadcrumb\",\"itemListElement\":[{\"@type\":\"ListItem\",\"position\":1,\"name\":\"Not\u00edcias\",\"item\":\"https:\/\/www.suno.com.br\/noticias\/\"},{\"@type\":\"ListItem\",\"position\":2,\"name\":\"Neg\u00f3cios\",\"item\":\"https:\/\/www.suno.com.br\/noticias\/negocios\/\"},{\"@type\":\"ListItem\",\"position\":3,\"name\":\"Renner (LREN3), Natura (NTCO3): como a alta de commodities impacta o varejo\"}]},{\"@type\":\"WebSite\",\"@id\":\"https:\/\/www.suno.com.br\/noticias\/#website\",\"url\":\"https:\/\/www.suno.com.br\/noticias\/\",\"name\":\"Suno Not\u00edcias\",\"description\":\"Seu portal de informa\u00e7\u00e3o sobre o mundo dos investimentos\",\"publisher\":{\"@id\":\"https:\/\/www.suno.com.br\/noticias\/#organization\"},\"potentialAction\":[{\"@type\":\"SearchAction\",\"target\":{\"@type\":\"EntryPoint\",\"urlTemplate\":\"https:\/\/www.suno.com.br\/noticias\/?s={search_term_string}\"},\"query-input\":{\"@type\":\"PropertyValueSpecification\",\"valueRequired\":true,\"valueName\":\"search_term_string\"}}],\"inLanguage\":\"pt-BR\"},{\"@type\":\"Organization\",\"@id\":\"https:\/\/www.suno.com.br\/noticias\/#organization\",\"name\":\"Suno Not\u00edcias\",\"url\":\"https:\/\/www.suno.com.br\/noticias\/\",\"logo\":{\"@type\":\"ImageObject\",\"inLanguage\":\"pt-BR\",\"@id\":\"https:\/\/www.suno.com.br\/noticias\/#\/schema\/logo\/image\/\",\"url\":\"https:\/\/files.sunoresearch.com.br\/n\/uploads\/2021\/09\/suno-logo.png\",\"contentUrl\":\"https:\/\/files.sunoresearch.com.br\/n\/uploads\/2021\/09\/suno-logo.png\",\"width\":180,\"height\":180,\"caption\":\"Suno Not\u00edcias\"},\"image\":{\"@id\":\"https:\/\/www.suno.com.br\/noticias\/#\/schema\/logo\/image\/\"},\"sameAs\":[\"https:\/\/facebook.com\/sunoresearch\",\"https:\/\/x.com\/sunoresearch\",\"https:\/\/www.instagram.com\/suno\",\"https:\/\/www.linkedin.com\/company\/suno-research\/\",\"https:\/\/www.youtube.com\/c\/sunoresearch\"]},{\"@type\":\"Person\",\"@id\":\"https:\/\/www.suno.com.br\/noticias\/#\/schema\/person\/d712329319cc9b10f254d02d654cb36a\",\"name\":\"Monique Lima\",\"image\":{\"@type\":\"ImageObject\",\"inLanguage\":\"pt-BR\",\"@id\":\"https:\/\/www.suno.com.br\/noticias\/#\/schema\/person\/image\/\",\"url\":\"https:\/\/secure.gravatar.com\/avatar\/daee7f16d906c2e9ffed236206ca2c30?s=96&r=g\",\"contentUrl\":\"https:\/\/secure.gravatar.com\/avatar\/daee7f16d906c2e9ffed236206ca2c30?s=96&r=g\",\"caption\":\"Monique Lima\"},\"description\":\"Rep\u00f3rter de Mercado no Suno Not\u00edcias, \u00e9 jornalista com experi\u00eancia na cobertura de economia, empreendedorismo, finan\u00e7as pessoais, mercado financeiro, carreira e recursos humanos. Formada em Jornalismo pela Universidade Paulista, teve experi\u00eancias em ve\u00edculos de comunica\u00e7\u00e3o como a Ag\u00eancia TradeMap, Revista Voc\u00ea S\/A e Revista Voc\u00ea RH, as duas \u00faltimas publica\u00e7\u00f5es da Editora Abril. No Suno Not\u00edcias, fala sobre as principais not\u00edcias de Fundos Imobili\u00e1rios, Fiagro, Startups e empresas listadas na Bolsa.\",\"url\":\"https:\/\/www.suno.com.br\/noticias\/author\/monique-lima\/\"}]}<\/script>\n<!-- \/ Yoast SEO plugin. -->","yoast_head_json":{"title":"Renner (LREN3): Como a alta de commodities impacta o varejo","description":"Os efeitos da guerra entre R\u00fassia e Ucr\u00e2nia tamb\u00e9m chegam nas varejistas. Veja como os resultados de Renner e Natura podem ser afetados.","robots":{"index":"index","follow":"follow","max-snippet":"max-snippet:-1","max-image-preview":"max-image-preview:large","max-video-preview":"max-video-preview:-1"},"canonical":"https:\/\/www.suno.com.br\/noticias\/renner-lren3-natura-ntco3-commodities-impacta-varejo\/","og_locale":"pt_BR","og_type":"article","og_title":"Renner (LREN3): Como a alta de commodities impacta o varejo","og_description":"Os efeitos da guerra entre R\u00fassia e Ucr\u00e2nia tamb\u00e9m chegam nas varejistas. Veja como os resultados de Renner e Natura podem ser afetados.","og_url":"https:\/\/www.suno.com.br\/noticias\/renner-lren3-natura-ntco3-commodities-impacta-varejo\/","og_site_name":"Suno Not\u00edcias","article_publisher":"https:\/\/facebook.com\/sunoresearch","og_image":[{"width":1200,"height":800,"url":"https:\/\/files.sunoresearch.com.br\/n\/uploads\/2021\/03\/daa149f3-lojas-renner-2.jpg","type":"image\/jpeg"}],"author":"Monique Lima","twitter_card":"summary_large_image","twitter_creator":"@sunoresearch","twitter_site":"@sunoresearch","twitter_misc":{"Escrito por":"Monique Lima","Est. tempo de leitura":"3 minutos"},"schema":{"@context":"https:\/\/schema.org","@graph":[{"@type":"NewsArticle","@id":"https:\/\/www.suno.com.br\/noticias\/renner-lren3-natura-ntco3-commodities-impacta-varejo\/#article","isPartOf":{"@id":"https:\/\/www.suno.com.br\/noticias\/renner-lren3-natura-ntco3-commodities-impacta-varejo\/"},"author":{"name":"Monique Lima","@id":"https:\/\/www.suno.com.br\/noticias\/#\/schema\/person\/d712329319cc9b10f254d02d654cb36a"},"headline":"Renner (LREN3), Natura (NTCO3): como a alta de commodities impacta o varejo","datePublished":"2022-03-09T17:02:02+00:00","mainEntityOfPage":{"@id":"https:\/\/www.suno.com.br\/noticias\/renner-lren3-natura-ntco3-commodities-impacta-varejo\/"},"wordCount":611,"publisher":{"@id":"https:\/\/www.suno.com.br\/noticias\/#organization"},"image":{"@id":"https:\/\/www.suno.com.br\/noticias\/renner-lren3-natura-ntco3-commodities-impacta-varejo\/#primaryimage"},"thumbnailUrl":"https:\/\/files.sunoresearch.com.br\/n\/uploads\/2021\/03\/daa149f3-lojas-renner-2-jpg.webp","keywords":["Arezzo (ARZZ3)","C&amp;A (CEAB3)","Especialistas","Grupo Soma (SOMA3)","Lojas Renner (LREN3)","Vivara (VIVA3)"],"articleSection":["Neg\u00f3cios"],"inLanguage":"pt-BR"},{"@type":"WebPage","@id":"https:\/\/www.suno.com.br\/noticias\/renner-lren3-natura-ntco3-commodities-impacta-varejo\/","url":"https:\/\/www.suno.com.br\/noticias\/renner-lren3-natura-ntco3-commodities-impacta-varejo\/","name":"Renner (LREN3): Como a alta de commodities impacta o varejo","isPartOf":{"@id":"https:\/\/www.suno.com.br\/noticias\/#website"},"primaryImageOfPage":{"@id":"https:\/\/www.suno.com.br\/noticias\/renner-lren3-natura-ntco3-commodities-impacta-varejo\/#primaryimage"},"image":{"@id":"https:\/\/www.suno.com.br\/noticias\/renner-lren3-natura-ntco3-commodities-impacta-varejo\/#primaryimage"},"thumbnailUrl":"https:\/\/files.sunoresearch.com.br\/n\/uploads\/2021\/03\/daa149f3-lojas-renner-2-jpg.webp","datePublished":"2022-03-09T17:02:02+00:00","description":"Os efeitos da guerra entre R\u00fassia e Ucr\u00e2nia tamb\u00e9m chegam nas varejistas. Veja como os resultados de Renner e Natura podem ser afetados.","breadcrumb":{"@id":"https:\/\/www.suno.com.br\/noticias\/renner-lren3-natura-ntco3-commodities-impacta-varejo\/#breadcrumb"},"inLanguage":"pt-BR","potentialAction":[{"@type":"ReadAction","target":["https:\/\/www.suno.com.br\/noticias\/renner-lren3-natura-ntco3-commodities-impacta-varejo\/"]}]},{"@type":"ImageObject","inLanguage":"pt-BR","@id":"https:\/\/www.suno.com.br\/noticias\/renner-lren3-natura-ntco3-commodities-impacta-varejo\/#primaryimage","url":"https:\/\/files.sunoresearch.com.br\/n\/uploads\/2021\/03\/daa149f3-lojas-renner-2-jpg.webp","contentUrl":"https:\/\/files.sunoresearch.com.br\/n\/uploads\/2021\/03\/daa149f3-lojas-renner-2-jpg.webp","width":1200,"height":800,"caption":"Lojas Renner (LREN3). Foto: Divulga\u00e7\u00e3o"},{"@type":"BreadcrumbList","@id":"https:\/\/www.suno.com.br\/noticias\/renner-lren3-natura-ntco3-commodities-impacta-varejo\/#breadcrumb","itemListElement":[{"@type":"ListItem","position":1,"name":"Not\u00edcias","item":"https:\/\/www.suno.com.br\/noticias\/"},{"@type":"ListItem","position":2,"name":"Neg\u00f3cios","item":"https:\/\/www.suno.com.br\/noticias\/negocios\/"},{"@type":"ListItem","position":3,"name":"Renner (LREN3), Natura (NTCO3): como a alta de commodities impacta o varejo"}]},{"@type":"WebSite","@id":"https:\/\/www.suno.com.br\/noticias\/#website","url":"https:\/\/www.suno.com.br\/noticias\/","name":"Suno Not\u00edcias","description":"Seu portal de informa\u00e7\u00e3o sobre o mundo dos investimentos","publisher":{"@id":"https:\/\/www.suno.com.br\/noticias\/#organization"},"potentialAction":[{"@type":"SearchAction","target":{"@type":"EntryPoint","urlTemplate":"https:\/\/www.suno.com.br\/noticias\/?s={search_term_string}"},"query-input":{"@type":"PropertyValueSpecification","valueRequired":true,"valueName":"search_term_string"}}],"inLanguage":"pt-BR"},{"@type":"Organization","@id":"https:\/\/www.suno.com.br\/noticias\/#organization","name":"Suno Not\u00edcias","url":"https:\/\/www.suno.com.br\/noticias\/","logo":{"@type":"ImageObject","inLanguage":"pt-BR","@id":"https:\/\/www.suno.com.br\/noticias\/#\/schema\/logo\/image\/","url":"https:\/\/files.sunoresearch.com.br\/n\/uploads\/2021\/09\/suno-logo.png","contentUrl":"https:\/\/files.sunoresearch.com.br\/n\/uploads\/2021\/09\/suno-logo.png","width":180,"height":180,"caption":"Suno Not\u00edcias"},"image":{"@id":"https:\/\/www.suno.com.br\/noticias\/#\/schema\/logo\/image\/"},"sameAs":["https:\/\/facebook.com\/sunoresearch","https:\/\/x.com\/sunoresearch","https:\/\/www.instagram.com\/suno","https:\/\/www.linkedin.com\/company\/suno-research\/","https:\/\/www.youtube.com\/c\/sunoresearch"]},{"@type":"Person","@id":"https:\/\/www.suno.com.br\/noticias\/#\/schema\/person\/d712329319cc9b10f254d02d654cb36a","name":"Monique Lima","image":{"@type":"ImageObject","inLanguage":"pt-BR","@id":"https:\/\/www.suno.com.br\/noticias\/#\/schema\/person\/image\/","url":"https:\/\/secure.gravatar.com\/avatar\/daee7f16d906c2e9ffed236206ca2c30?s=96&r=g","contentUrl":"https:\/\/secure.gravatar.com\/avatar\/daee7f16d906c2e9ffed236206ca2c30?s=96&r=g","caption":"Monique Lima"},"description":"Rep\u00f3rter de Mercado no Suno Not\u00edcias, \u00e9 jornalista com experi\u00eancia na cobertura de economia, empreendedorismo, finan\u00e7as pessoais, mercado financeiro, carreira e recursos humanos. Formada em Jornalismo pela Universidade Paulista, teve experi\u00eancias em ve\u00edculos de comunica\u00e7\u00e3o como a Ag\u00eancia TradeMap, Revista Voc\u00ea S\/A e Revista Voc\u00ea RH, as duas \u00faltimas publica\u00e7\u00f5es da Editora Abril. No Suno Not\u00edcias, fala sobre as principais not\u00edcias de Fundos Imobili\u00e1rios, Fiagro, Startups e empresas listadas na Bolsa.","url":"https:\/\/www.suno.com.br\/noticias\/author\/monique-lima\/"}]}},"default_loop_html":"<div class=\"cardsPage__listCard__boxs\"><div class=\"cardsPage__listCard__boxs__img\"><a href=\"https:\/\/www.suno.com.br\/noticias\/renner-lren3-natura-ntco3-commodities-impacta-varejo\/\"><img class=\"mask\" src=\"https:\/\/www.suno.com.br\/noticias\/wp-content\/themes\/suno\/resources\/images\/spotlight\/spotlight1img\/bg-mask.png\" alt=\"Image Mask\"\/><img src=\"https:\/\/files.sunoresearch.com.br\/n\/uploads\/2021\/03\/daa149f3-lojas-renner-2-400x200.webp\" alt=\"Renner (LREN3), Natura (NTCO3): como a alta de commodities impacta o varejo\"\/><\/a><span class=\"spotlightCategory\"><a href=\"https:\/\/www.suno.com.br\/noticias\/negocios\/\">Neg\u00f3cios<\/a><\/span><\/div><div class=\"cardsPage__listCard__boxs__content\"><a href=\"https:\/\/www.suno.com.br\/noticias\/renner-lren3-natura-ntco3-commodities-impacta-varejo\/\"><h2 class=\"content__title\">Renner (LREN3), Natura (NTCO3): como a alta de commodities impacta o varejo<\/h2><\/a><div class=\"newsContent__article__meta\"><div class=\"newsContent__article__meta__authorBox\"><a href=\"https:\/\/www.suno.com.br\/noticias\/author\/monique-lima\/\" class=\"authorBox__avatar noMobi\"><img src=\"https:\/\/secure.gravatar.com\/avatar\/daee7f16d906c2e9ffed236206ca2c30?s=96&#038;r=g\" alt=\"Monique Lima\"><\/a><div class=\"authorBox__name\"><span>por\n\t\t\t<a href=\"https:\/\/www.suno.com.br\/noticias\/author\/monique-lima\/\"><span itemprop=\"author\">Monique Lima<\/span><\/a><\/span><time datetime=\"2022-03-09T14:02:02-03:00\" itemprop=\"datePublished\">09\/03\/2022 14:02<\/time><\/div><\/div><\/div><\/div><\/div>","single_layout":"posts","amp_enabled":false,"_links":{"self":[{"href":"https:\/\/www.suno.com.br\/noticias\/wp-json\/wp\/v2\/posts\/239342"}],"collection":[{"href":"https:\/\/www.suno.com.br\/noticias\/wp-json\/wp\/v2\/posts"}],"about":[{"href":"https:\/\/www.suno.com.br\/noticias\/wp-json\/wp\/v2\/types\/post"}],"author":[{"embeddable":true,"href":"https:\/\/www.suno.com.br\/noticias\/wp-json\/wp\/v2\/users\/102"}],"replies":[{"embeddable":true,"href":"https:\/\/www.suno.com.br\/noticias\/wp-json\/wp\/v2\/comments?post=239342"}],"version-history":[{"count":3,"href":"https:\/\/www.suno.com.br\/noticias\/wp-json\/wp\/v2\/posts\/239342\/revisions"}],"predecessor-version":[{"id":239406,"href":"https:\/\/www.suno.com.br\/noticias\/wp-json\/wp\/v2\/posts\/239342\/revisions\/239406"}],"wp:featuredmedia":[{"embeddable":true,"href":"https:\/\/www.suno.com.br\/noticias\/wp-json\/wp\/v2\/media\/130382"}],"wp:attachment":[{"href":"https:\/\/www.suno.com.br\/noticias\/wp-json\/wp\/v2\/media?parent=239342"}],"wp:term":[{"taxonomy":"category","embeddable":true,"href":"https:\/\/www.suno.com.br\/noticias\/wp-json\/wp\/v2\/categories?post=239342"},{"taxonomy":"post_tag","embeddable":true,"href":"https:\/\/www.suno.com.br\/noticias\/wp-json\/wp\/v2\/tags?post=239342"},{"taxonomy":"suno_strategy","embeddable":true,"href":"https:\/\/www.suno.com.br\/noticias\/wp-json\/wp\/v2\/suno_strategy?post=239342"}],"curies":[{"name":"wp","href":"https:\/\/api.w.org\/{rel}","templated":true}]}}