{"id":23899,"date":"2019-05-09T11:09:34","date_gmt":"2019-05-09T14:09:34","guid":{"rendered":"https:\/\/www.suno.com.br\/noticias\/?p=23899"},"modified":"2019-05-09T12:07:28","modified_gmt":"2019-05-09T15:07:28","slug":"coaf-comissao-retirar-ministerio-justica","status":"publish","type":"post","link":"https:\/\/www.suno.com.br\/noticias\/coaf-comissao-retirar-ministerio-justica\/","title":{"rendered":"Coaf: em derrota para Moro, comiss\u00e3o apoia retirar \u00f3rg\u00e3o do Minist\u00e9rio da Justi\u00e7a"},"content":{"rendered":"<p>A comiss\u00e3o mista que analisa a reforma ministerial votou para retirar o Conselho de Controle de Atividades Financeira (Coaf) do <strong>Minist\u00e9rio<\/strong> da <strong>Justi\u00e7a.<\/strong> Sendo assim, o \u00f3rg\u00e3o deixa de ficar sob o comando de <strong>S\u00e9rgio Moro<\/strong> e volta \u00e0 pasta da Economia.<\/p>\t<div class=\"wrapper-featured-image\">\n\t\t<figure class=\"spotlightImg\">\n\n\t\t\t<picture>\n\t\t\t\t<source media=\"(max-width: 768px)\" srcset=\"https:\/\/files.sunoresearch.com.br\/n\/uploads\/2019\/01\/0a647d0e-moro-400x200.webp\">\n\t\t\t\t<img loading=\"lazy\" decoding=\"async\" class=\"newsContent__article__imgCapa lazyloadDisabled newsContent__article__imgCapa--noCaption\" src=\"https:\/\/files.sunoresearch.com.br\/n\/uploads\/2019\/01\/0a647d0e-moro-800x450.webp\" width=\"800\" height=\"450\" alt=\"Coaf: em derrota para Moro, comiss\u00e3o apoia retirar \u00f3rg\u00e3o do Minist\u00e9rio da Justi\u00e7a\" fetchpriority=high \/>\n\t\t\t<\/picture>\n\n\t\t\t<figcaption class=\"wp-caption-text wp-caption-text--hide\">O ministro da Justi\u00e7a, S\u00e9rgio Moro. <\/figcaption>\n\t\t<\/figure>\n\t<\/div>\n\n\n<p>A vota\u00e7\u00e3o pela volta do <strong>Coaf<\/strong> ao antigo minist\u00e9rio teve 14 votos a favor e 11 contra e ocorreu nesta quinta-feira (9). A comiss\u00e3o \u00e9 mista, ou seja, formada por senadores e deputados. Dessa forma, os parlamentares analisam a <strong>medida provis\u00f3ria<\/strong> (MP) que prop\u00f4s a <strong>reforma ministerial.<\/strong><\/p>\n\t<p>\n\t\t<a href=\"https:\/\/lp.suno.com.br\/asset\/fundos\/suno-fic-fia\/\" target=\"_blank\" data-element=\"shortcode-suno-banner\" title=\"Banner SUNO, clique e saiba mais\">\n\t\t\t<picture>\n\t\t\t\t<source media=\"(max-width: 500px)\" srcset=\"https:\/\/files.sunoresearch.com.br\/n\/uploads\/2023\/10\/SUNO-FIC-FIA-400x300-Mobile-Artigos-5.png\">\n\t\t\t\t<img class=\"newsContent__article__imgCapa newsContent__article__imgCapa--banner\"\n\t\t\t\t\tsrc=\"https:\/\/files.sunoresearch.com.br\/n\/uploads\/2023\/10\/SUNO-FIC-FIA-1420x240-Banner-Artigos-1-_-Banner-Materias-4.png\"\n\t\t\t\t\tdata-promo-id=\"478742\"\t\t\t\t\t\t\t\t\t\twidth='2840' height='480'\t\t\t\t\talt=\"https:\/\/files.sunoresearch.com.br\/n\/uploads\/2023\/10\/SUNO-FIC-FIA-1420x240-Banner-Artigos-1-_-Banner-Materias-4.png\"\n\t\t\t\t>\n\t\t\t<\/picture>\n\t\t<\/a>\n\t<\/p>\n\n\n<p>A MP foi assinada pelo presidente Jair <strong>Bolsonaro<\/strong> e mexeu com toda a <strong>estrutura administrativa<\/strong> do governo. Os <strong>minist\u00e9rios<\/strong> passaram de 29 para 22. Contudo, a proposta de campanha de Bolsonaro era que fossem apenas 15 pastas.<\/p>\n<p>A decis\u00e3o que retira o <strong>Coaf<\/strong> do <strong>Minist\u00e9rio da Justi\u00e7a<\/strong> ainda precisa ser votada nos plen\u00e1rios da <strong>C\u00e2mara<\/strong> e do <strong>Senado.<\/strong>\u00a0S\u00f3 ent\u00e3o \u00e9 que haveria a altera\u00e7\u00e3o administrativa do \u00f3rg\u00e3o.<\/p>\n<p><a href=\"https:\/\/www.suno.com.br\/noticias\/governo-quer-coaf-ministerio-da-justica\/\">Saiba Mais: Governo quer perman\u00eancia do Coaf no Minist\u00e9rio da Justi\u00e7a<\/a><\/p>\n<p>O resultado foi obtido com a uni\u00e3o entre a oposi\u00e7\u00e3o e o chamado &#8220;centr\u00e3o&#8221;. Os partidos que assinaram a decis\u00e3o de devolver o Coaf \u00e0 Economia foram:<\/p>\n<ul>\n<li>PT;<\/li>\n<li>PRB;<\/li>\n<li>PTB;<\/li>\n<li>PP;<\/li>\n<li>MDB;<\/li>\n<li>Pode;<\/li>\n<li>PSC;<\/li>\n<li>DEM;<\/li>\n<li>PR;<\/li>\n<li>Solidariedade;<\/li>\n<li>Patriotas.<\/li>\n<\/ul>\n<p>&nbsp;<\/p>\n<p><a href=\"https:\/\/www.suno.com.br\/noticias\/sergio-moro-policia-federal-coaf\/\">Saiba Mais: Moro nomeia ex-delegada da Pol\u00edcia Federal como conselheira no Coaf<\/a><\/p>\n<h2>Derrota para Moro<\/h2>\n<p>O resultado da vota\u00e7\u00e3o representa uma derrota tanto para Moro quanto ao governo. O ministro da Justi\u00e7a j\u00e1 havia manifestado seu desejado de que o <strong>Coaf<\/strong> ficasse com a pasta.\u00a0\u201cGuedes n\u00e3o quer o <strong>Coaf,<\/strong> ele tem uma s\u00e9rie de preocupa\u00e7\u00f5es, tem a <strong>reforma da Previd\u00eancia.<\/strong> A tend\u00eancia l\u00e1 \u00e9 ele\u00a0ficar esquecido e na Justi\u00e7a temos ele como essencial\u201d, disse.<\/p>\n<p>O <strong>Coaf<\/strong> \u00e9 um \u00f3rg\u00e3o de intelig\u00eancia financeira do governo federal. Assim, sua principal atua\u00e7\u00e3o \u00e9 no combate \u00e0 lavagem de dinheiro. O <strong>ministro<\/strong> defendeu que com o \u00f3rg\u00e3o em sua pasta, haveria uma posi\u00e7\u00e3o estrat\u00e9gica no combate ao crime.<\/p>\n<p>Nesta semana, o governo se posicionou a favor de que o <strong>Coaf<\/strong> ficasse com <strong>S\u00e9rgio Moro.<\/strong>\u00a0A decis\u00e3o foi colocada no relat\u00f3rio sobre a reforma administrativa apresentado pelo senador <strong>Fernando Bezerra\u00a0<\/strong>(MDB-PE).<\/p>\n<p>A altera\u00e7\u00e3o sobre o <strong>Coaf<\/strong> foi feita atrav\u00e9s de uma emenda apresentada em conjunto pela oposi\u00e7\u00e3o e pelo centr\u00e3o. Outra medida aprovada pelos parlamentares diz respeito \u00e0 demarca\u00e7\u00e3o das terras ind\u00edgenas. De acordo com os parlamentares, a fun\u00e7\u00e3o fica agora com a Funda\u00e7\u00e3o Nacional do \u00cdndio (Funai). Ou seja, a a\u00e7\u00e3o deixa de ser responsabilidade do minist\u00e9rio da Agricultura e passa \u00e0 Justi\u00e7a<\/p>\n\t<p>\n\t\t<a href=\"https:\/\/lp.suno.com.br\/planilha-da-vida-financeira\/\" target=\"_blank\" data-element=\"shortcode-suno-banner\" title=\"Banner SUNO, clique e saiba mais\">\n\t\t\t<picture>\n\t\t\t\t<source media=\"(max-width: 500px)\" srcset=\"https:\/\/files.sunoresearch.com.br\/n\/uploads\/2023\/04\/400x300-Planilha-vida-financeira-true.png\">\n\t\t\t\t<img class=\"newsContent__article__imgCapa newsContent__article__imgCapa--banner\"\n\t\t\t\t\tsrc=\"https:\/\/files.sunoresearch.com.br\/n\/uploads\/2023\/04\/1420x240-Planilha-vida-financeira-true.png\"\n\t\t\t\t\tdata-promo-id=\"383123\"\t\t\t\t\t\t\t\t\t\twidth='1420' height='240'\t\t\t\t\talt=\"https:\/\/files.sunoresearch.com.br\/n\/uploads\/2023\/04\/1420x240-Planilha-vida-financeira-true.png\"\n\t\t\t\t>\n\t\t\t<\/picture>\n\t\t<\/a>\n\t<\/p>\n\n\n<h2>Auditores Receita Federal<\/h2>\n<div class=\"mc-column content-text active-extra-styles \" data-block-type=\"unstyled\" data-block-weight=\"35\" data-block-id=\"16\">\n<p data-track-category=\"Link no Texto\" data-track-links=\"\">A comiss\u00e3o especial tamb\u00e9m aprovou uma emenda que limita o trabalho dos auditores da <strong>Receita Federal.<\/strong>\u00a0Isso porque a proposta proibi que os <strong>auditores<\/strong> investiguem outros crimes que n\u00e3o sejam de ordem fiscal.<\/p>\n<p class=\"content-text__container \" data-track-category=\"Link no Texto\" data-track-links=\"\">A altera\u00e7\u00e3o foi acolhida pelo relator <strong>Fernanda Bezerra<\/strong> depois de ser sugerida pelo senado Eduardo Braga (MDB). Contudo, o\u00a0<strong>Minist\u00e9rio P\u00fablico Federal,<\/strong> entidades de auditores e alguns parlamentares se posicionaram contra a proposta. Sendo assim, o grupo cr\u00edtico \u00e0 emenda afirma que a mudan\u00e7a vai dificultar o combate \u00e0 corrup\u00e7\u00e3o.<\/p>\n<\/div>\n","protected":false},"excerpt":{"rendered":"<p>A comiss\u00e3o mista que analisa a reforma ministerial votou para retirar o Conselho de Controle de Atividades Financeira (Coaf) do Minist\u00e9rio da Justi\u00e7a. Sendo assim, o \u00f3rg\u00e3o deixa de ficar sob o comando de S\u00e9rgio Moro e volta \u00e0 pasta da Economia. O ministro da Justi\u00e7a, S\u00e9rgio Moro. A vota\u00e7\u00e3o pela volta do Coaf ao [&hellip;]<\/p>\n","protected":false},"author":16,"featured_media":11253,"comment_status":"closed","ping_status":"closed","sticky":false,"template":"","format":"standard","meta":[],"categories":[61],"tags":[836,909,1018],"suno_strategy":[],"class_list":["post-23899","post","type-post","status-publish","format-standard","has-post-thumbnail","hentry","category-politica","tag-coaf","tag-ministerio-da-economia","tag-sergio-moro"],"yoast_head":"<!-- This site is optimized with the Yoast SEO plugin v24.4 - https:\/\/yoast.com\/wordpress\/plugins\/seo\/ -->\n<title>Coaf: comiss\u00e3o apoia retirar \u00f3rg\u00e3o do Minist\u00e9rio da Justi\u00e7a<\/title>\n<meta name=\"description\" content=\"A comiss\u00e3o mista que decidiu tirar o Coaf do minist\u00e9rio da Justi\u00e7a analisa a medida provis\u00f3ria da reforma ministerial. Clique e saiba mais.\" \/>\n<meta name=\"robots\" content=\"index, follow, max-snippet:-1, max-image-preview:large, max-video-preview:-1\" \/>\n<link rel=\"canonical\" href=\"https:\/\/www.suno.com.br\/noticias\/coaf-comissao-retirar-ministerio-justica\/\" \/>\n<meta property=\"og:locale\" content=\"pt_BR\" \/>\n<meta property=\"og:type\" content=\"article\" \/>\n<meta property=\"og:title\" content=\"Coaf: comiss\u00e3o apoia retirar \u00f3rg\u00e3o do Minist\u00e9rio da Justi\u00e7a\" \/>\n<meta property=\"og:description\" content=\"A comiss\u00e3o mista que decidiu tirar o Coaf do minist\u00e9rio da Justi\u00e7a analisa a medida provis\u00f3ria da reforma ministerial. Clique e saiba mais.\" \/>\n<meta property=\"og:url\" content=\"https:\/\/www.suno.com.br\/noticias\/coaf-comissao-retirar-ministerio-justica\/\" \/>\n<meta property=\"og:site_name\" content=\"Suno Not\u00edcias\" \/>\n<meta property=\"article:publisher\" content=\"https:\/\/facebook.com\/sunoresearch\" \/>\n<meta property=\"og:image\" content=\"https:\/\/files.sunoresearch.com.br\/n\/uploads\/2019\/01\/0a647d0e-moro.jpg\" \/>\n\t<meta property=\"og:image:width\" content=\"1140\" \/>\n\t<meta property=\"og:image:height\" content=\"760\" \/>\n\t<meta property=\"og:image:type\" content=\"image\/jpeg\" \/>\n<meta name=\"author\" content=\"Beatriz Oliveira\" \/>\n<meta name=\"twitter:card\" content=\"summary_large_image\" \/>\n<meta name=\"twitter:creator\" content=\"@sunoresearch\" \/>\n<meta name=\"twitter:site\" content=\"@sunoresearch\" \/>\n<meta name=\"twitter:label1\" content=\"Escrito por\" \/>\n\t<meta name=\"twitter:data1\" content=\"Beatriz Oliveira\" \/>\n\t<meta name=\"twitter:label2\" content=\"Est. tempo de leitura\" \/>\n\t<meta name=\"twitter:data2\" content=\"3 minutos\" \/>\n<script type=\"application\/ld+json\" class=\"yoast-schema-graph\">{\"@context\":\"https:\/\/schema.org\",\"@graph\":[{\"@type\":\"NewsArticle\",\"@id\":\"https:\/\/www.suno.com.br\/noticias\/coaf-comissao-retirar-ministerio-justica\/#article\",\"isPartOf\":{\"@id\":\"https:\/\/www.suno.com.br\/noticias\/coaf-comissao-retirar-ministerio-justica\/\"},\"author\":{\"name\":\"Beatriz Oliveira\",\"@id\":\"https:\/\/www.suno.com.br\/noticias\/#\/schema\/person\/e67f665add014bf99f644028de070cc3\"},\"headline\":\"Coaf: em derrota para Moro, comiss\u00e3o apoia retirar \u00f3rg\u00e3o do Minist\u00e9rio da Justi\u00e7a\",\"datePublished\":\"2019-05-09T14:09:34+00:00\",\"dateModified\":\"2019-05-09T15:07:28+00:00\",\"mainEntityOfPage\":{\"@id\":\"https:\/\/www.suno.com.br\/noticias\/coaf-comissao-retirar-ministerio-justica\/\"},\"wordCount\":573,\"publisher\":{\"@id\":\"https:\/\/www.suno.com.br\/noticias\/#organization\"},\"image\":{\"@id\":\"https:\/\/www.suno.com.br\/noticias\/coaf-comissao-retirar-ministerio-justica\/#primaryimage\"},\"thumbnailUrl\":\"https:\/\/files.sunoresearch.com.br\/n\/uploads\/2019\/01\/0a647d0e-moro-jpg.webp\",\"keywords\":[\"COAF\",\"Minist\u00e9rio da Economia\",\"Sergio Moro\"],\"articleSection\":[\"Pol\u00edtica\"],\"inLanguage\":\"pt-BR\"},{\"@type\":\"WebPage\",\"@id\":\"https:\/\/www.suno.com.br\/noticias\/coaf-comissao-retirar-ministerio-justica\/\",\"url\":\"https:\/\/www.suno.com.br\/noticias\/coaf-comissao-retirar-ministerio-justica\/\",\"name\":\"Coaf: comiss\u00e3o apoia retirar \u00f3rg\u00e3o do Minist\u00e9rio da Justi\u00e7a\",\"isPartOf\":{\"@id\":\"https:\/\/www.suno.com.br\/noticias\/#website\"},\"primaryImageOfPage\":{\"@id\":\"https:\/\/www.suno.com.br\/noticias\/coaf-comissao-retirar-ministerio-justica\/#primaryimage\"},\"image\":{\"@id\":\"https:\/\/www.suno.com.br\/noticias\/coaf-comissao-retirar-ministerio-justica\/#primaryimage\"},\"thumbnailUrl\":\"https:\/\/files.sunoresearch.com.br\/n\/uploads\/2019\/01\/0a647d0e-moro-jpg.webp\",\"datePublished\":\"2019-05-09T14:09:34+00:00\",\"dateModified\":\"2019-05-09T15:07:28+00:00\",\"description\":\"A comiss\u00e3o mista que decidiu tirar o Coaf do minist\u00e9rio da Justi\u00e7a analisa a medida provis\u00f3ria da reforma ministerial. Clique e saiba mais.\",\"breadcrumb\":{\"@id\":\"https:\/\/www.suno.com.br\/noticias\/coaf-comissao-retirar-ministerio-justica\/#breadcrumb\"},\"inLanguage\":\"pt-BR\",\"potentialAction\":[{\"@type\":\"ReadAction\",\"target\":[\"https:\/\/www.suno.com.br\/noticias\/coaf-comissao-retirar-ministerio-justica\/\"]}]},{\"@type\":\"ImageObject\",\"inLanguage\":\"pt-BR\",\"@id\":\"https:\/\/www.suno.com.br\/noticias\/coaf-comissao-retirar-ministerio-justica\/#primaryimage\",\"url\":\"https:\/\/files.sunoresearch.com.br\/n\/uploads\/2019\/01\/0a647d0e-moro-jpg.webp\",\"contentUrl\":\"https:\/\/files.sunoresearch.com.br\/n\/uploads\/2019\/01\/0a647d0e-moro-jpg.webp\",\"width\":1140,\"height\":760,\"caption\":\"O ministro da Justi\u00e7a, S\u00e9rgio Moro.\"},{\"@type\":\"BreadcrumbList\",\"@id\":\"https:\/\/www.suno.com.br\/noticias\/coaf-comissao-retirar-ministerio-justica\/#breadcrumb\",\"itemListElement\":[{\"@type\":\"ListItem\",\"position\":1,\"name\":\"Not\u00edcias\",\"item\":\"https:\/\/www.suno.com.br\/noticias\/\"},{\"@type\":\"ListItem\",\"position\":2,\"name\":\"Pol\u00edtica\",\"item\":\"https:\/\/www.suno.com.br\/noticias\/politica\/\"},{\"@type\":\"ListItem\",\"position\":3,\"name\":\"Coaf: em derrota para Moro, comiss\u00e3o apoia retirar \u00f3rg\u00e3o do Minist\u00e9rio da Justi\u00e7a\"}]},{\"@type\":\"WebSite\",\"@id\":\"https:\/\/www.suno.com.br\/noticias\/#website\",\"url\":\"https:\/\/www.suno.com.br\/noticias\/\",\"name\":\"Suno Not\u00edcias\",\"description\":\"Seu portal de informa\u00e7\u00e3o sobre o mundo dos investimentos\",\"publisher\":{\"@id\":\"https:\/\/www.suno.com.br\/noticias\/#organization\"},\"potentialAction\":[{\"@type\":\"SearchAction\",\"target\":{\"@type\":\"EntryPoint\",\"urlTemplate\":\"https:\/\/www.suno.com.br\/noticias\/?s={search_term_string}\"},\"query-input\":{\"@type\":\"PropertyValueSpecification\",\"valueRequired\":true,\"valueName\":\"search_term_string\"}}],\"inLanguage\":\"pt-BR\"},{\"@type\":\"Organization\",\"@id\":\"https:\/\/www.suno.com.br\/noticias\/#organization\",\"name\":\"Suno Not\u00edcias\",\"url\":\"https:\/\/www.suno.com.br\/noticias\/\",\"logo\":{\"@type\":\"ImageObject\",\"inLanguage\":\"pt-BR\",\"@id\":\"https:\/\/www.suno.com.br\/noticias\/#\/schema\/logo\/image\/\",\"url\":\"https:\/\/files.sunoresearch.com.br\/n\/uploads\/2021\/09\/suno-logo.png\",\"contentUrl\":\"https:\/\/files.sunoresearch.com.br\/n\/uploads\/2021\/09\/suno-logo.png\",\"width\":180,\"height\":180,\"caption\":\"Suno Not\u00edcias\"},\"image\":{\"@id\":\"https:\/\/www.suno.com.br\/noticias\/#\/schema\/logo\/image\/\"},\"sameAs\":[\"https:\/\/facebook.com\/sunoresearch\",\"https:\/\/x.com\/sunoresearch\",\"https:\/\/www.instagram.com\/suno\",\"https:\/\/www.linkedin.com\/company\/suno-research\/\",\"https:\/\/www.youtube.com\/c\/sunoresearch\"]},{\"@type\":\"Person\",\"@id\":\"https:\/\/www.suno.com.br\/noticias\/#\/schema\/person\/e67f665add014bf99f644028de070cc3\",\"name\":\"Beatriz Oliveira\",\"image\":{\"@type\":\"ImageObject\",\"inLanguage\":\"pt-BR\",\"@id\":\"https:\/\/www.suno.com.br\/noticias\/#\/schema\/person\/image\/\",\"url\":\"https:\/\/secure.gravatar.com\/avatar\/c9aa6a0aaecc598d257d5d5bd349157d?s=96&r=g\",\"contentUrl\":\"https:\/\/secure.gravatar.com\/avatar\/c9aa6a0aaecc598d257d5d5bd349157d?s=96&r=g\",\"caption\":\"Beatriz Oliveira\"},\"description\":\"Formada em Jornalismo pela Faculdade Paulus de Tecnologia e Comunica\u00e7\u00e3o, Beatriz Oliveira escreve para o portal de not\u00edcias Suno Research. Antes, passou pelas reda\u00e7\u00f5es da Revista EXAME e da Rede Bandeirantes.\",\"url\":\"https:\/\/www.suno.com.br\/noticias\/author\/beatriz\/\"}]}<\/script>\n<!-- \/ Yoast SEO plugin. -->","yoast_head_json":{"title":"Coaf: comiss\u00e3o apoia retirar \u00f3rg\u00e3o do Minist\u00e9rio da Justi\u00e7a","description":"A comiss\u00e3o mista que decidiu tirar o Coaf do minist\u00e9rio da Justi\u00e7a analisa a medida provis\u00f3ria da reforma ministerial. Clique e saiba mais.","robots":{"index":"index","follow":"follow","max-snippet":"max-snippet:-1","max-image-preview":"max-image-preview:large","max-video-preview":"max-video-preview:-1"},"canonical":"https:\/\/www.suno.com.br\/noticias\/coaf-comissao-retirar-ministerio-justica\/","og_locale":"pt_BR","og_type":"article","og_title":"Coaf: comiss\u00e3o apoia retirar \u00f3rg\u00e3o do Minist\u00e9rio da Justi\u00e7a","og_description":"A comiss\u00e3o mista que decidiu tirar o Coaf do minist\u00e9rio da Justi\u00e7a analisa a medida provis\u00f3ria da reforma ministerial. Clique e saiba mais.","og_url":"https:\/\/www.suno.com.br\/noticias\/coaf-comissao-retirar-ministerio-justica\/","og_site_name":"Suno Not\u00edcias","article_publisher":"https:\/\/facebook.com\/sunoresearch","og_image":[{"width":1140,"height":760,"url":"https:\/\/files.sunoresearch.com.br\/n\/uploads\/2019\/01\/0a647d0e-moro.jpg","type":"image\/jpeg"}],"author":"Beatriz Oliveira","twitter_card":"summary_large_image","twitter_creator":"@sunoresearch","twitter_site":"@sunoresearch","twitter_misc":{"Escrito por":"Beatriz Oliveira","Est. tempo de leitura":"3 minutos"},"schema":{"@context":"https:\/\/schema.org","@graph":[{"@type":"NewsArticle","@id":"https:\/\/www.suno.com.br\/noticias\/coaf-comissao-retirar-ministerio-justica\/#article","isPartOf":{"@id":"https:\/\/www.suno.com.br\/noticias\/coaf-comissao-retirar-ministerio-justica\/"},"author":{"name":"Beatriz Oliveira","@id":"https:\/\/www.suno.com.br\/noticias\/#\/schema\/person\/e67f665add014bf99f644028de070cc3"},"headline":"Coaf: em derrota para Moro, comiss\u00e3o apoia retirar \u00f3rg\u00e3o do Minist\u00e9rio da Justi\u00e7a","datePublished":"2019-05-09T14:09:34+00:00","dateModified":"2019-05-09T15:07:28+00:00","mainEntityOfPage":{"@id":"https:\/\/www.suno.com.br\/noticias\/coaf-comissao-retirar-ministerio-justica\/"},"wordCount":573,"publisher":{"@id":"https:\/\/www.suno.com.br\/noticias\/#organization"},"image":{"@id":"https:\/\/www.suno.com.br\/noticias\/coaf-comissao-retirar-ministerio-justica\/#primaryimage"},"thumbnailUrl":"https:\/\/files.sunoresearch.com.br\/n\/uploads\/2019\/01\/0a647d0e-moro-jpg.webp","keywords":["COAF","Minist\u00e9rio da Economia","Sergio Moro"],"articleSection":["Pol\u00edtica"],"inLanguage":"pt-BR"},{"@type":"WebPage","@id":"https:\/\/www.suno.com.br\/noticias\/coaf-comissao-retirar-ministerio-justica\/","url":"https:\/\/www.suno.com.br\/noticias\/coaf-comissao-retirar-ministerio-justica\/","name":"Coaf: comiss\u00e3o apoia retirar \u00f3rg\u00e3o do Minist\u00e9rio da Justi\u00e7a","isPartOf":{"@id":"https:\/\/www.suno.com.br\/noticias\/#website"},"primaryImageOfPage":{"@id":"https:\/\/www.suno.com.br\/noticias\/coaf-comissao-retirar-ministerio-justica\/#primaryimage"},"image":{"@id":"https:\/\/www.suno.com.br\/noticias\/coaf-comissao-retirar-ministerio-justica\/#primaryimage"},"thumbnailUrl":"https:\/\/files.sunoresearch.com.br\/n\/uploads\/2019\/01\/0a647d0e-moro-jpg.webp","datePublished":"2019-05-09T14:09:34+00:00","dateModified":"2019-05-09T15:07:28+00:00","description":"A comiss\u00e3o mista que decidiu tirar o Coaf do minist\u00e9rio da Justi\u00e7a analisa a medida provis\u00f3ria da reforma ministerial. Clique e saiba mais.","breadcrumb":{"@id":"https:\/\/www.suno.com.br\/noticias\/coaf-comissao-retirar-ministerio-justica\/#breadcrumb"},"inLanguage":"pt-BR","potentialAction":[{"@type":"ReadAction","target":["https:\/\/www.suno.com.br\/noticias\/coaf-comissao-retirar-ministerio-justica\/"]}]},{"@type":"ImageObject","inLanguage":"pt-BR","@id":"https:\/\/www.suno.com.br\/noticias\/coaf-comissao-retirar-ministerio-justica\/#primaryimage","url":"https:\/\/files.sunoresearch.com.br\/n\/uploads\/2019\/01\/0a647d0e-moro-jpg.webp","contentUrl":"https:\/\/files.sunoresearch.com.br\/n\/uploads\/2019\/01\/0a647d0e-moro-jpg.webp","width":1140,"height":760,"caption":"O ministro da Justi\u00e7a, S\u00e9rgio Moro."},{"@type":"BreadcrumbList","@id":"https:\/\/www.suno.com.br\/noticias\/coaf-comissao-retirar-ministerio-justica\/#breadcrumb","itemListElement":[{"@type":"ListItem","position":1,"name":"Not\u00edcias","item":"https:\/\/www.suno.com.br\/noticias\/"},{"@type":"ListItem","position":2,"name":"Pol\u00edtica","item":"https:\/\/www.suno.com.br\/noticias\/politica\/"},{"@type":"ListItem","position":3,"name":"Coaf: em derrota para Moro, comiss\u00e3o apoia retirar \u00f3rg\u00e3o do Minist\u00e9rio da Justi\u00e7a"}]},{"@type":"WebSite","@id":"https:\/\/www.suno.com.br\/noticias\/#website","url":"https:\/\/www.suno.com.br\/noticias\/","name":"Suno Not\u00edcias","description":"Seu portal de informa\u00e7\u00e3o sobre o mundo dos investimentos","publisher":{"@id":"https:\/\/www.suno.com.br\/noticias\/#organization"},"potentialAction":[{"@type":"SearchAction","target":{"@type":"EntryPoint","urlTemplate":"https:\/\/www.suno.com.br\/noticias\/?s={search_term_string}"},"query-input":{"@type":"PropertyValueSpecification","valueRequired":true,"valueName":"search_term_string"}}],"inLanguage":"pt-BR"},{"@type":"Organization","@id":"https:\/\/www.suno.com.br\/noticias\/#organization","name":"Suno Not\u00edcias","url":"https:\/\/www.suno.com.br\/noticias\/","logo":{"@type":"ImageObject","inLanguage":"pt-BR","@id":"https:\/\/www.suno.com.br\/noticias\/#\/schema\/logo\/image\/","url":"https:\/\/files.sunoresearch.com.br\/n\/uploads\/2021\/09\/suno-logo.png","contentUrl":"https:\/\/files.sunoresearch.com.br\/n\/uploads\/2021\/09\/suno-logo.png","width":180,"height":180,"caption":"Suno Not\u00edcias"},"image":{"@id":"https:\/\/www.suno.com.br\/noticias\/#\/schema\/logo\/image\/"},"sameAs":["https:\/\/facebook.com\/sunoresearch","https:\/\/x.com\/sunoresearch","https:\/\/www.instagram.com\/suno","https:\/\/www.linkedin.com\/company\/suno-research\/","https:\/\/www.youtube.com\/c\/sunoresearch"]},{"@type":"Person","@id":"https:\/\/www.suno.com.br\/noticias\/#\/schema\/person\/e67f665add014bf99f644028de070cc3","name":"Beatriz Oliveira","image":{"@type":"ImageObject","inLanguage":"pt-BR","@id":"https:\/\/www.suno.com.br\/noticias\/#\/schema\/person\/image\/","url":"https:\/\/secure.gravatar.com\/avatar\/c9aa6a0aaecc598d257d5d5bd349157d?s=96&r=g","contentUrl":"https:\/\/secure.gravatar.com\/avatar\/c9aa6a0aaecc598d257d5d5bd349157d?s=96&r=g","caption":"Beatriz Oliveira"},"description":"Formada em Jornalismo pela Faculdade Paulus de Tecnologia e Comunica\u00e7\u00e3o, Beatriz Oliveira escreve para o portal de not\u00edcias Suno Research. Antes, passou pelas reda\u00e7\u00f5es da Revista EXAME e da Rede Bandeirantes.","url":"https:\/\/www.suno.com.br\/noticias\/author\/beatriz\/"}]}},"default_loop_html":"<div class=\"cardsPage__listCard__boxs\"><div class=\"cardsPage__listCard__boxs__img\"><a href=\"https:\/\/www.suno.com.br\/noticias\/coaf-comissao-retirar-ministerio-justica\/\"><img class=\"mask\" src=\"https:\/\/www.suno.com.br\/noticias\/wp-content\/themes\/suno\/resources\/images\/spotlight\/spotlight1img\/bg-mask.png\" alt=\"Image Mask\"\/><img src=\"https:\/\/files.sunoresearch.com.br\/n\/uploads\/2019\/01\/0a647d0e-moro-400x200.webp\" alt=\"Coaf: em derrota para Moro, comiss\u00e3o apoia retirar \u00f3rg\u00e3o do Minist\u00e9rio da Justi\u00e7a\"\/><\/a><span class=\"spotlightCategory\"><a href=\"https:\/\/www.suno.com.br\/noticias\/politica\/\">Pol\u00edtica<\/a><\/span><\/div><div class=\"cardsPage__listCard__boxs__content\"><a href=\"https:\/\/www.suno.com.br\/noticias\/coaf-comissao-retirar-ministerio-justica\/\"><h2 class=\"content__title\">Coaf: em derrota para Moro, comiss\u00e3o apoia retirar \u00f3rg\u00e3o do Minist\u00e9rio da Justi\u00e7a<\/h2><\/a><div class=\"newsContent__article__meta\"><div class=\"newsContent__article__meta__authorBox\"><a href=\"https:\/\/www.suno.com.br\/noticias\/author\/beatriz\/\" class=\"authorBox__avatar noMobi\"><img src=\"https:\/\/secure.gravatar.com\/avatar\/c9aa6a0aaecc598d257d5d5bd349157d?s=96&#038;r=g\" alt=\"Beatriz Oliveira\"><\/a><div class=\"authorBox__name\"><span>por\n\t\t\t<a href=\"https:\/\/www.suno.com.br\/noticias\/author\/beatriz\/\"><span itemprop=\"author\">Beatriz Oliveira<\/span><\/a><\/span><time datetime=\"2019-05-09T11:09:34-03:00\" itemprop=\"datePublished\">09\/05\/2019 11:09<\/time><\/div><\/div><\/div><\/div><\/div>","single_layout":"posts","amp_enabled":true,"_links":{"self":[{"href":"https:\/\/www.suno.com.br\/noticias\/wp-json\/wp\/v2\/posts\/23899"}],"collection":[{"href":"https:\/\/www.suno.com.br\/noticias\/wp-json\/wp\/v2\/posts"}],"about":[{"href":"https:\/\/www.suno.com.br\/noticias\/wp-json\/wp\/v2\/types\/post"}],"author":[{"embeddable":true,"href":"https:\/\/www.suno.com.br\/noticias\/wp-json\/wp\/v2\/users\/16"}],"replies":[{"embeddable":true,"href":"https:\/\/www.suno.com.br\/noticias\/wp-json\/wp\/v2\/comments?post=23899"}],"version-history":[{"count":0,"href":"https:\/\/www.suno.com.br\/noticias\/wp-json\/wp\/v2\/posts\/23899\/revisions"}],"wp:featuredmedia":[{"embeddable":true,"href":"https:\/\/www.suno.com.br\/noticias\/wp-json\/wp\/v2\/media\/11253"}],"wp:attachment":[{"href":"https:\/\/www.suno.com.br\/noticias\/wp-json\/wp\/v2\/media?parent=23899"}],"wp:term":[{"taxonomy":"category","embeddable":true,"href":"https:\/\/www.suno.com.br\/noticias\/wp-json\/wp\/v2\/categories?post=23899"},{"taxonomy":"post_tag","embeddable":true,"href":"https:\/\/www.suno.com.br\/noticias\/wp-json\/wp\/v2\/tags?post=23899"},{"taxonomy":"suno_strategy","embeddable":true,"href":"https:\/\/www.suno.com.br\/noticias\/wp-json\/wp\/v2\/suno_strategy?post=23899"}],"curies":[{"name":"wp","href":"https:\/\/api.w.org\/{rel}","templated":true}]}}