{"id":238957,"date":"2022-03-08T16:54:33","date_gmt":"2022-03-08T19:54:33","guid":{"rendered":"https:\/\/www.suno.com.br\/noticias\/?p=238957"},"modified":"2022-03-08T16:54:33","modified_gmt":"2022-03-08T19:54:33","slug":"mulheres-desemprego-disparidade-salarial","status":"publish","type":"post","link":"https:\/\/www.suno.com.br\/noticias\/mulheres-desemprego-disparidade-salarial\/","title":{"rendered":"Mulheres: desemprego \u00e9 recorde em 2021 e as que trabalham ganham 20% menos"},"content":{"rendered":"<p>Nesta ter\u00e7a-feira (8), Dia Internacional das Mulheres, o Instituto Brasileiro de Economia da Funda\u00e7\u00e3o Get\u00falio Vargas (Ibre\/FGV) divulgou que, em 2021, as mulheres ainda ganhavam 19,9% a menos do que os homens no <a class=\"suno-keyword\" href=\"https:\/\/www.suno.com.br\/artigos\/mercado-de-trabalho\/\" target=\"_blank\" rel=\"noopener\" data-force=\"no\" data-priority=\"2\">mercado de trabalho<\/a>. Isso para as que t\u00eam oportunidades de trabalho, porque, em termos de desemprego, a taxa entre o p\u00fablico feminino ficou em 16,45%, muito \u00e0 frente dos 10,71% dos homens.<\/p>\t<div class=\"wrapper-featured-image\">\n\t\t<figure class=\"spotlightImg\">\n\n\t\t\t<picture>\n\t\t\t\t<source media=\"(max-width: 768px)\" srcset=\"https:\/\/files.sunoresearch.com.br\/n\/uploads\/2022\/03\/linkedin-sales-unsplash-400x200.jpg\">\n\t\t\t\t<img loading=\"lazy\" decoding=\"async\" class=\"newsContent__article__imgCapa lazyloadDisabled \" src=\"https:\/\/files.sunoresearch.com.br\/n\/uploads\/2022\/03\/linkedin-sales-unsplash-800x450.jpg\" width=\"800\" height=\"450\" alt=\"Mulheres: desemprego \u00e9 recorde em 2021 e as que trabalham ganham 20% menos\" fetchpriority=high \/>\n\t\t\t<\/picture>\n\n\t\t\t<figcaption class=\"wp-caption-text wp-caption-text--show\">Mulheres t\u00eam menores sal\u00e1rios e maior taxa de desemprego. Foto: Unsplash. <\/figcaption>\n\t\t<\/figure>\n\t<\/div>\n\n\n\t<p>\n\t\t<a href=\"https:\/\/lp.suno.com.br\/planilha-controle-gastos\/\" target=\"_blank\" data-element=\"shortcode-suno-banner\" title=\"Banner SUNO, clique e saiba mais\">\n\t\t\t<picture>\n\t\t\t\t<source media=\"(max-width: 500px)\" srcset=\"https:\/\/files.sunoresearch.com.br\/n\/uploads\/2023\/03\/400x300-Planilha-controle-de-gastos.png\">\n\t\t\t\t<img class=\"newsContent__article__imgCapa newsContent__article__imgCapa--banner\"\n\t\t\t\t\tsrc=\"https:\/\/files.sunoresearch.com.br\/n\/uploads\/2023\/03\/1420x240-Planilha-controle-de-gastos.png\"\n\t\t\t\t\tdata-promo-id=\"101751\"\t\t\t\t\t\t\t\t\t\twidth='1420' height='240'\t\t\t\t\talt=\"https:\/\/files.sunoresearch.com.br\/n\/uploads\/2023\/03\/1420x240-Planilha-controle-de-gastos.png\"\n\t\t\t\t>\n\t\t\t<\/picture>\n\t\t<\/a>\n\t<\/p>\n\n\n<p>Segundo a pesquisa, a disparidade salarial entre homens e mulheres era ainda maior entre as profissionais com mais anos de instru\u00e7\u00e3o. No comparativo entre g\u00eaneros com o mesmo grau de ensino, as mulheres ganhavam 36,4% menos do que os homens.<\/p>\n<p>O rendimento m\u00e9dio habitual das mulheres foi de R$ 2.255 em 2021, contra R$ 2.815 dos homens. Considerando apenas os trabalhadores ocupados que conclu\u00edram o ensino superior, a renda m\u00e9dia subia a R$ 6.647 entre os homens, contra um resultado de R$ 4.228 para as mulheres.<\/p>\n<p>&#8220;Nas faixas de sal\u00e1rios baixos, n\u00f3s temos menos desigualdade quanto \u00e0 participa\u00e7\u00e3o de homens e mulheres, mas, quando voc\u00ea analisa o topo da distribui\u00e7\u00e3o (de renda), ele \u00e9 composto predominantemente por homens&#8221;, apontou Jana\u00edna Feij\u00f3, pesquisadora do Ibre\/FGV.<\/p>\n\t<p>\n\t\t<a href=\"https:\/\/lp.suno.com.br\/planilha-da-vida-financeira\/\" target=\"_blank\" data-element=\"shortcode-suno-banner\" title=\"Banner SUNO, clique e saiba mais\">\n\t\t\t<picture>\n\t\t\t\t<source media=\"(max-width: 500px)\" srcset=\"https:\/\/files.sunoresearch.com.br\/n\/uploads\/2023\/04\/400x300-Planilha-vida-financeira-true.png\">\n\t\t\t\t<img class=\"newsContent__article__imgCapa newsContent__article__imgCapa--banner\"\n\t\t\t\t\tsrc=\"https:\/\/files.sunoresearch.com.br\/n\/uploads\/2023\/04\/1420x240-Planilha-vida-financeira-true.png\"\n\t\t\t\t\tdata-promo-id=\"106682\"\t\t\t\t\t\t\t\t\t\twidth='1420' height='240'\t\t\t\t\talt=\"https:\/\/files.sunoresearch.com.br\/n\/uploads\/2023\/04\/1420x240-Planilha-vida-financeira-true.png\"\n\t\t\t\t>\n\t\t\t<\/picture>\n\t\t<\/a>\n\t<\/p>\n\n\n<h2>Elas est\u00e3o sub-representadas e em cargos que pagam menos<\/h2>\n<p>No quarto trimestre de 2021, entre os 10% dos trabalhadores mais bem remunerados, somente 35% eram mulheres, e 65% eram homens. J\u00e1 entre os 10% com rendimentos mais baixos, 55% eram do sexo feminino e 45%, do masculino.<\/p>\n<p>Jana\u00edna explica que uma das raz\u00f5es para essa disparidade salarial \u00e9 o fato de as mulheres com ensino superior serem maioria em profiss\u00f5es que exigem ensino t\u00e9cnico ou superior, embora tenham remunera\u00e7\u00f5es mais baixas. Alguns exemplos s\u00e3o:<\/p>\n<ul>\n<li>servi\u00e7os de informa\u00e7\u00e3o ao cliente (77,0% eram mulheres, contra 23,0% de homens),<\/li>\n<li>t\u00e9cnicos e assistentes veterin\u00e1rios (92,6% de mulheres) e<\/li>\n<li>secret\u00e1rios (86,9% de mulheres).<\/li>\n<\/ul>\n<p>\u201cNas faixas mais altas de sal\u00e1rios, as mulheres passam a estar mais sub-representadas. Al\u00e9m disso, elas est\u00e3o alocadas em profiss\u00f5es que remuneram menos\u201d, justificou Jana\u00edna Feij\u00f3.<\/p>\n<p>No entanto, a pesquisadora lembra que h\u00e1 tamb\u00e9m diferen\u00e7as salariais significativas mesmo entre os dois g\u00eaneros que atuam numa mesma profiss\u00e3o. Elas ainda s\u00e3o minoria em cargos de chefia, por exemplo, citou Jana\u00edna.<\/p>\n\t<p>\n\t\t<a href=\"https:\/\/lp.suno.com.br\/ebook-como-analisar-uma-acao\/\" target=\"_blank\" data-element=\"shortcode-suno-banner\" title=\"Banner SUNO, clique e saiba mais\">\n\t\t\t<picture>\n\t\t\t\t<source media=\"(max-width: 500px)\" srcset=\"https:\/\/files.sunoresearch.com.br\/n\/uploads\/2023\/03\/Ebook-Acoes-Mobile-1.jpg\">\n\t\t\t\t<img class=\"newsContent__article__imgCapa newsContent__article__imgCapa--banner\"\n\t\t\t\t\tsrc=\"https:\/\/files.sunoresearch.com.br\/n\/uploads\/2023\/03\/Ebook-Acoes-Desktop-1.jpg\"\n\t\t\t\t\tdata-promo-id=\"171998\"\t\t\t\t\t\t\t\t\t\twidth='1420' height='286'\t\t\t\t\talt=\"https:\/\/files.sunoresearch.com.br\/n\/uploads\/2023\/03\/Ebook-Acoes-Desktop-1.jpg\"\n\t\t\t\t>\n\t\t\t<\/picture>\n\t\t<\/a>\n\t<\/p>\n\n\n<h2>Desemprego entre mulheres \u00e9 recorde em 2021<\/h2>\n<p>O mercado de trabalho brasileiro tinha 11,4 milh\u00f5es de mulheres ocupadas com ensino superior completo e 9,6 milh\u00f5es de homens com o mesmo grau de instru\u00e7\u00e3o em 2021, somando 21 milh\u00f5es de trabalhadores. Por\u00e9m, entre os 1,532 milh\u00e3o de desempregados com ensino superior completo, 576,5 mil eram homens e 956,2 mil, mulheres.<\/p>\n<p>A taxa de desemprego no Pa\u00eds desceu de 13,74%, na m\u00e9dia de 2020, para 13,20% na m\u00e9dia de 2021. A melhora foi exclusivamente puxada pelos homens, cuja taxa de desemprego caiu de 11,82% em 2020 para 10,71% em 2021, ao passo que entre as mulheres houve piora, de 16,26% para 16,45%.<\/p>\n<p>O resultado revela que o p\u00fablico feminino ainda est\u00e1 em uma situa\u00e7\u00e3o muito cr\u00edtica no mercado de trabalho, apontou a FGV. Embora a taxa de desemprego das mulheres tenha sido superior \u00e0 dos homens desde o in\u00edcio da s\u00e9rie hist\u00f3rica da Pnad Cont\u00ednua, em 2012, essa diferen\u00e7a se acentuou em 2021 para o maior patamar j\u00e1 visto: 5,74 pontos porcentuais.<\/p>\n<p>&#8220;Esper\u00e1vamos que a recupera\u00e7\u00e3o fosse mais igualit\u00e1ria, e n\u00e3o tem sido. As mulheres ainda est\u00e3o com um baixo n\u00edvel de participa\u00e7\u00e3o (no mercado de trabalho). Temos uma taxa de desemprego muito elevada e o n\u00edvel de ocupa\u00e7\u00e3o dos homens \u00e9 mais alto que o nosso&#8221;, disse Feij\u00f3.<\/p>\n<p>Para a especialista, os n\u00fameros mostram que ainda h\u00e1 muitos desafios que permanecem nesse cen\u00e1rio p\u00f3s-pandemia e que a sociedade precisa continuar pensando em como ajudar as mulheres a reverter esse quadro.<\/p>\n\t<p>\n\t\t<a href=\"\" target=\"_blank\" data-element=\"shortcode-suno-banner\" title=\"Banner SUNO, clique e saiba mais\">\n\t\t\t<picture>\n\t\t\t\t<source media=\"(max-width: 500px)\" srcset=\"\">\n\t\t\t\t<img class=\"newsContent__article__imgCapa newsContent__article__imgCapa--banner\"\n\t\t\t\t\tsrc=\"\"\n\t\t\t\t\tdata-promo-id=\"184190\"\t\t\t\t\t\t\t\t\t\t\t\t\t\t\talt=\"\"\n\t\t\t\t>\n\t\t\t<\/picture>\n\t\t<\/a>\n\t<\/p>\n\n\n<p><em>Com informa\u00e7\u00f5es de Estad\u00e3o Conte\u00fado.\u00a0<\/em><\/p>\n","protected":false},"excerpt":{"rendered":"<p>Nesta ter\u00e7a-feira (8), Dia Internacional das Mulheres, o Instituto Brasileiro de Economia da Funda\u00e7\u00e3o Get\u00falio Vargas (Ibre\/FGV) divulgou que, em 2021, as mulheres ainda ganhavam 19,9% a menos do que os homens no mercado de trabalho. Isso para as que t\u00eam oportunidades de trabalho, porque, em termos de desemprego, a taxa entre o p\u00fablico feminino [&hellip;]<\/p>\n","protected":false},"author":102,"featured_media":239025,"comment_status":"closed","ping_status":"closed","sticky":false,"template":"","format":"standard","meta":[],"categories":[62],"tags":[1296,105945],"suno_strategy":[],"class_list":["post-238957","post","type-post","status-publish","format-standard","has-post-thumbnail","hentry","category-economia","tag-desemprego","tag-mulheres"],"yoast_head":"<!-- This site is optimized with the Yoast SEO plugin v24.4 - https:\/\/yoast.com\/wordpress\/plugins\/seo\/ -->\n<title>Mulheres: desemprego \u00e9 recorde e as que trabalham ganham 20% menos<\/title>\n<meta name=\"description\" content=\"Defasagem salarial e menor participa\u00e7\u00e3o no mercado de trabalho acompanharam as mulheres em 2021. Veja os dados aqui.\" \/>\n<meta name=\"robots\" content=\"index, follow, max-snippet:-1, max-image-preview:large, max-video-preview:-1\" \/>\n<link rel=\"canonical\" href=\"https:\/\/www.suno.com.br\/noticias\/mulheres-desemprego-disparidade-salarial\/\" \/>\n<meta property=\"og:locale\" content=\"pt_BR\" \/>\n<meta property=\"og:type\" content=\"article\" \/>\n<meta property=\"og:title\" content=\"Mulheres: desemprego \u00e9 recorde e as que trabalham ganham 20% menos\" \/>\n<meta property=\"og:description\" content=\"Defasagem salarial e menor participa\u00e7\u00e3o no mercado de trabalho acompanharam as mulheres em 2021. Veja os dados aqui.\" \/>\n<meta property=\"og:url\" content=\"https:\/\/www.suno.com.br\/noticias\/mulheres-desemprego-disparidade-salarial\/\" \/>\n<meta property=\"og:site_name\" content=\"Suno Not\u00edcias\" \/>\n<meta property=\"article:publisher\" content=\"https:\/\/facebook.com\/sunoresearch\" \/>\n<meta property=\"og:image\" content=\"https:\/\/files.sunoresearch.com.br\/n\/uploads\/2022\/03\/linkedin-sales-unsplash-scaled.jpg\" \/>\n\t<meta property=\"og:image:width\" content=\"2560\" \/>\n\t<meta property=\"og:image:height\" content=\"1707\" \/>\n\t<meta property=\"og:image:type\" content=\"image\/jpeg\" \/>\n<meta name=\"author\" content=\"Monique Lima\" \/>\n<meta name=\"twitter:card\" content=\"summary_large_image\" \/>\n<meta name=\"twitter:creator\" content=\"@sunoresearch\" \/>\n<meta name=\"twitter:site\" content=\"@sunoresearch\" \/>\n<meta name=\"twitter:label1\" content=\"Escrito por\" \/>\n\t<meta name=\"twitter:data1\" content=\"Monique Lima\" \/>\n\t<meta name=\"twitter:label2\" content=\"Est. tempo de leitura\" \/>\n\t<meta name=\"twitter:data2\" content=\"3 minutos\" \/>\n<script type=\"application\/ld+json\" class=\"yoast-schema-graph\">{\"@context\":\"https:\/\/schema.org\",\"@graph\":[{\"@type\":\"NewsArticle\",\"@id\":\"https:\/\/www.suno.com.br\/noticias\/mulheres-desemprego-disparidade-salarial\/#article\",\"isPartOf\":{\"@id\":\"https:\/\/www.suno.com.br\/noticias\/mulheres-desemprego-disparidade-salarial\/\"},\"author\":{\"name\":\"Monique Lima\",\"@id\":\"https:\/\/www.suno.com.br\/noticias\/#\/schema\/person\/d712329319cc9b10f254d02d654cb36a\"},\"headline\":\"Mulheres: desemprego \u00e9 recorde em 2021 e as que trabalham ganham 20% menos\",\"datePublished\":\"2022-03-08T19:54:33+00:00\",\"mainEntityOfPage\":{\"@id\":\"https:\/\/www.suno.com.br\/noticias\/mulheres-desemprego-disparidade-salarial\/\"},\"wordCount\":654,\"publisher\":{\"@id\":\"https:\/\/www.suno.com.br\/noticias\/#organization\"},\"image\":{\"@id\":\"https:\/\/www.suno.com.br\/noticias\/mulheres-desemprego-disparidade-salarial\/#primaryimage\"},\"thumbnailUrl\":\"https:\/\/files.sunoresearch.com.br\/n\/uploads\/2022\/03\/linkedin-sales-unsplash-scaled.jpg\",\"keywords\":[\"Desemprego\",\"mulheres\"],\"articleSection\":[\"Economia\"],\"inLanguage\":\"pt-BR\"},{\"@type\":\"WebPage\",\"@id\":\"https:\/\/www.suno.com.br\/noticias\/mulheres-desemprego-disparidade-salarial\/\",\"url\":\"https:\/\/www.suno.com.br\/noticias\/mulheres-desemprego-disparidade-salarial\/\",\"name\":\"Mulheres: desemprego \u00e9 recorde e as que trabalham ganham 20% menos\",\"isPartOf\":{\"@id\":\"https:\/\/www.suno.com.br\/noticias\/#website\"},\"primaryImageOfPage\":{\"@id\":\"https:\/\/www.suno.com.br\/noticias\/mulheres-desemprego-disparidade-salarial\/#primaryimage\"},\"image\":{\"@id\":\"https:\/\/www.suno.com.br\/noticias\/mulheres-desemprego-disparidade-salarial\/#primaryimage\"},\"thumbnailUrl\":\"https:\/\/files.sunoresearch.com.br\/n\/uploads\/2022\/03\/linkedin-sales-unsplash-scaled.jpg\",\"datePublished\":\"2022-03-08T19:54:33+00:00\",\"description\":\"Defasagem salarial e menor participa\u00e7\u00e3o no mercado de trabalho acompanharam as mulheres em 2021. Veja os dados aqui.\",\"breadcrumb\":{\"@id\":\"https:\/\/www.suno.com.br\/noticias\/mulheres-desemprego-disparidade-salarial\/#breadcrumb\"},\"inLanguage\":\"pt-BR\",\"potentialAction\":[{\"@type\":\"ReadAction\",\"target\":[\"https:\/\/www.suno.com.br\/noticias\/mulheres-desemprego-disparidade-salarial\/\"]}]},{\"@type\":\"ImageObject\",\"inLanguage\":\"pt-BR\",\"@id\":\"https:\/\/www.suno.com.br\/noticias\/mulheres-desemprego-disparidade-salarial\/#primaryimage\",\"url\":\"https:\/\/files.sunoresearch.com.br\/n\/uploads\/2022\/03\/linkedin-sales-unsplash-scaled.jpg\",\"contentUrl\":\"https:\/\/files.sunoresearch.com.br\/n\/uploads\/2022\/03\/linkedin-sales-unsplash-scaled.jpg\",\"width\":2560,\"height\":1707,\"caption\":\"Mulheres t\u00eam menores sal\u00e1rios e maior taxa de desemprego. Foto: Unsplash.\"},{\"@type\":\"BreadcrumbList\",\"@id\":\"https:\/\/www.suno.com.br\/noticias\/mulheres-desemprego-disparidade-salarial\/#breadcrumb\",\"itemListElement\":[{\"@type\":\"ListItem\",\"position\":1,\"name\":\"Not\u00edcias\",\"item\":\"https:\/\/www.suno.com.br\/noticias\/\"},{\"@type\":\"ListItem\",\"position\":2,\"name\":\"Economia\",\"item\":\"https:\/\/www.suno.com.br\/noticias\/economia\/\"},{\"@type\":\"ListItem\",\"position\":3,\"name\":\"Mulheres: desemprego \u00e9 recorde em 2021 e as que trabalham ganham 20% menos\"}]},{\"@type\":\"WebSite\",\"@id\":\"https:\/\/www.suno.com.br\/noticias\/#website\",\"url\":\"https:\/\/www.suno.com.br\/noticias\/\",\"name\":\"Suno Not\u00edcias\",\"description\":\"Seu portal de informa\u00e7\u00e3o sobre o mundo dos investimentos\",\"publisher\":{\"@id\":\"https:\/\/www.suno.com.br\/noticias\/#organization\"},\"potentialAction\":[{\"@type\":\"SearchAction\",\"target\":{\"@type\":\"EntryPoint\",\"urlTemplate\":\"https:\/\/www.suno.com.br\/noticias\/?s={search_term_string}\"},\"query-input\":{\"@type\":\"PropertyValueSpecification\",\"valueRequired\":true,\"valueName\":\"search_term_string\"}}],\"inLanguage\":\"pt-BR\"},{\"@type\":\"Organization\",\"@id\":\"https:\/\/www.suno.com.br\/noticias\/#organization\",\"name\":\"Suno Not\u00edcias\",\"url\":\"https:\/\/www.suno.com.br\/noticias\/\",\"logo\":{\"@type\":\"ImageObject\",\"inLanguage\":\"pt-BR\",\"@id\":\"https:\/\/www.suno.com.br\/noticias\/#\/schema\/logo\/image\/\",\"url\":\"https:\/\/files.sunoresearch.com.br\/n\/uploads\/2021\/09\/suno-logo.png\",\"contentUrl\":\"https:\/\/files.sunoresearch.com.br\/n\/uploads\/2021\/09\/suno-logo.png\",\"width\":180,\"height\":180,\"caption\":\"Suno Not\u00edcias\"},\"image\":{\"@id\":\"https:\/\/www.suno.com.br\/noticias\/#\/schema\/logo\/image\/\"},\"sameAs\":[\"https:\/\/facebook.com\/sunoresearch\",\"https:\/\/x.com\/sunoresearch\",\"https:\/\/www.instagram.com\/suno\",\"https:\/\/www.linkedin.com\/company\/suno-research\/\",\"https:\/\/www.youtube.com\/c\/sunoresearch\"]},{\"@type\":\"Person\",\"@id\":\"https:\/\/www.suno.com.br\/noticias\/#\/schema\/person\/d712329319cc9b10f254d02d654cb36a\",\"name\":\"Monique Lima\",\"image\":{\"@type\":\"ImageObject\",\"inLanguage\":\"pt-BR\",\"@id\":\"https:\/\/www.suno.com.br\/noticias\/#\/schema\/person\/image\/\",\"url\":\"https:\/\/secure.gravatar.com\/avatar\/daee7f16d906c2e9ffed236206ca2c30?s=96&r=g\",\"contentUrl\":\"https:\/\/secure.gravatar.com\/avatar\/daee7f16d906c2e9ffed236206ca2c30?s=96&r=g\",\"caption\":\"Monique Lima\"},\"description\":\"Rep\u00f3rter de Mercado no Suno Not\u00edcias, \u00e9 jornalista com experi\u00eancia na cobertura de economia, empreendedorismo, finan\u00e7as pessoais, mercado financeiro, carreira e recursos humanos. Formada em Jornalismo pela Universidade Paulista, teve experi\u00eancias em ve\u00edculos de comunica\u00e7\u00e3o como a Ag\u00eancia TradeMap, Revista Voc\u00ea S\/A e Revista Voc\u00ea RH, as duas \u00faltimas publica\u00e7\u00f5es da Editora Abril. No Suno Not\u00edcias, fala sobre as principais not\u00edcias de Fundos Imobili\u00e1rios, Fiagro, Startups e empresas listadas na Bolsa.\",\"url\":\"https:\/\/www.suno.com.br\/noticias\/author\/monique-lima\/\"}]}<\/script>\n<!-- \/ Yoast SEO plugin. -->","yoast_head_json":{"title":"Mulheres: desemprego \u00e9 recorde e as que trabalham ganham 20% menos","description":"Defasagem salarial e menor participa\u00e7\u00e3o no mercado de trabalho acompanharam as mulheres em 2021. Veja os dados aqui.","robots":{"index":"index","follow":"follow","max-snippet":"max-snippet:-1","max-image-preview":"max-image-preview:large","max-video-preview":"max-video-preview:-1"},"canonical":"https:\/\/www.suno.com.br\/noticias\/mulheres-desemprego-disparidade-salarial\/","og_locale":"pt_BR","og_type":"article","og_title":"Mulheres: desemprego \u00e9 recorde e as que trabalham ganham 20% menos","og_description":"Defasagem salarial e menor participa\u00e7\u00e3o no mercado de trabalho acompanharam as mulheres em 2021. Veja os dados aqui.","og_url":"https:\/\/www.suno.com.br\/noticias\/mulheres-desemprego-disparidade-salarial\/","og_site_name":"Suno Not\u00edcias","article_publisher":"https:\/\/facebook.com\/sunoresearch","og_image":[{"width":2560,"height":1707,"url":"https:\/\/files.sunoresearch.com.br\/n\/uploads\/2022\/03\/linkedin-sales-unsplash-scaled.jpg","type":"image\/jpeg"}],"author":"Monique Lima","twitter_card":"summary_large_image","twitter_creator":"@sunoresearch","twitter_site":"@sunoresearch","twitter_misc":{"Escrito por":"Monique Lima","Est. tempo de leitura":"3 minutos"},"schema":{"@context":"https:\/\/schema.org","@graph":[{"@type":"NewsArticle","@id":"https:\/\/www.suno.com.br\/noticias\/mulheres-desemprego-disparidade-salarial\/#article","isPartOf":{"@id":"https:\/\/www.suno.com.br\/noticias\/mulheres-desemprego-disparidade-salarial\/"},"author":{"name":"Monique Lima","@id":"https:\/\/www.suno.com.br\/noticias\/#\/schema\/person\/d712329319cc9b10f254d02d654cb36a"},"headline":"Mulheres: desemprego \u00e9 recorde em 2021 e as que trabalham ganham 20% menos","datePublished":"2022-03-08T19:54:33+00:00","mainEntityOfPage":{"@id":"https:\/\/www.suno.com.br\/noticias\/mulheres-desemprego-disparidade-salarial\/"},"wordCount":654,"publisher":{"@id":"https:\/\/www.suno.com.br\/noticias\/#organization"},"image":{"@id":"https:\/\/www.suno.com.br\/noticias\/mulheres-desemprego-disparidade-salarial\/#primaryimage"},"thumbnailUrl":"https:\/\/files.sunoresearch.com.br\/n\/uploads\/2022\/03\/linkedin-sales-unsplash-scaled.jpg","keywords":["Desemprego","mulheres"],"articleSection":["Economia"],"inLanguage":"pt-BR"},{"@type":"WebPage","@id":"https:\/\/www.suno.com.br\/noticias\/mulheres-desemprego-disparidade-salarial\/","url":"https:\/\/www.suno.com.br\/noticias\/mulheres-desemprego-disparidade-salarial\/","name":"Mulheres: desemprego \u00e9 recorde e as que trabalham ganham 20% menos","isPartOf":{"@id":"https:\/\/www.suno.com.br\/noticias\/#website"},"primaryImageOfPage":{"@id":"https:\/\/www.suno.com.br\/noticias\/mulheres-desemprego-disparidade-salarial\/#primaryimage"},"image":{"@id":"https:\/\/www.suno.com.br\/noticias\/mulheres-desemprego-disparidade-salarial\/#primaryimage"},"thumbnailUrl":"https:\/\/files.sunoresearch.com.br\/n\/uploads\/2022\/03\/linkedin-sales-unsplash-scaled.jpg","datePublished":"2022-03-08T19:54:33+00:00","description":"Defasagem salarial e menor participa\u00e7\u00e3o no mercado de trabalho acompanharam as mulheres em 2021. Veja os dados aqui.","breadcrumb":{"@id":"https:\/\/www.suno.com.br\/noticias\/mulheres-desemprego-disparidade-salarial\/#breadcrumb"},"inLanguage":"pt-BR","potentialAction":[{"@type":"ReadAction","target":["https:\/\/www.suno.com.br\/noticias\/mulheres-desemprego-disparidade-salarial\/"]}]},{"@type":"ImageObject","inLanguage":"pt-BR","@id":"https:\/\/www.suno.com.br\/noticias\/mulheres-desemprego-disparidade-salarial\/#primaryimage","url":"https:\/\/files.sunoresearch.com.br\/n\/uploads\/2022\/03\/linkedin-sales-unsplash-scaled.jpg","contentUrl":"https:\/\/files.sunoresearch.com.br\/n\/uploads\/2022\/03\/linkedin-sales-unsplash-scaled.jpg","width":2560,"height":1707,"caption":"Mulheres t\u00eam menores sal\u00e1rios e maior taxa de desemprego. Foto: Unsplash."},{"@type":"BreadcrumbList","@id":"https:\/\/www.suno.com.br\/noticias\/mulheres-desemprego-disparidade-salarial\/#breadcrumb","itemListElement":[{"@type":"ListItem","position":1,"name":"Not\u00edcias","item":"https:\/\/www.suno.com.br\/noticias\/"},{"@type":"ListItem","position":2,"name":"Economia","item":"https:\/\/www.suno.com.br\/noticias\/economia\/"},{"@type":"ListItem","position":3,"name":"Mulheres: desemprego \u00e9 recorde em 2021 e as que trabalham ganham 20% menos"}]},{"@type":"WebSite","@id":"https:\/\/www.suno.com.br\/noticias\/#website","url":"https:\/\/www.suno.com.br\/noticias\/","name":"Suno Not\u00edcias","description":"Seu portal de informa\u00e7\u00e3o sobre o mundo dos investimentos","publisher":{"@id":"https:\/\/www.suno.com.br\/noticias\/#organization"},"potentialAction":[{"@type":"SearchAction","target":{"@type":"EntryPoint","urlTemplate":"https:\/\/www.suno.com.br\/noticias\/?s={search_term_string}"},"query-input":{"@type":"PropertyValueSpecification","valueRequired":true,"valueName":"search_term_string"}}],"inLanguage":"pt-BR"},{"@type":"Organization","@id":"https:\/\/www.suno.com.br\/noticias\/#organization","name":"Suno Not\u00edcias","url":"https:\/\/www.suno.com.br\/noticias\/","logo":{"@type":"ImageObject","inLanguage":"pt-BR","@id":"https:\/\/www.suno.com.br\/noticias\/#\/schema\/logo\/image\/","url":"https:\/\/files.sunoresearch.com.br\/n\/uploads\/2021\/09\/suno-logo.png","contentUrl":"https:\/\/files.sunoresearch.com.br\/n\/uploads\/2021\/09\/suno-logo.png","width":180,"height":180,"caption":"Suno Not\u00edcias"},"image":{"@id":"https:\/\/www.suno.com.br\/noticias\/#\/schema\/logo\/image\/"},"sameAs":["https:\/\/facebook.com\/sunoresearch","https:\/\/x.com\/sunoresearch","https:\/\/www.instagram.com\/suno","https:\/\/www.linkedin.com\/company\/suno-research\/","https:\/\/www.youtube.com\/c\/sunoresearch"]},{"@type":"Person","@id":"https:\/\/www.suno.com.br\/noticias\/#\/schema\/person\/d712329319cc9b10f254d02d654cb36a","name":"Monique Lima","image":{"@type":"ImageObject","inLanguage":"pt-BR","@id":"https:\/\/www.suno.com.br\/noticias\/#\/schema\/person\/image\/","url":"https:\/\/secure.gravatar.com\/avatar\/daee7f16d906c2e9ffed236206ca2c30?s=96&r=g","contentUrl":"https:\/\/secure.gravatar.com\/avatar\/daee7f16d906c2e9ffed236206ca2c30?s=96&r=g","caption":"Monique Lima"},"description":"Rep\u00f3rter de Mercado no Suno Not\u00edcias, \u00e9 jornalista com experi\u00eancia na cobertura de economia, empreendedorismo, finan\u00e7as pessoais, mercado financeiro, carreira e recursos humanos. Formada em Jornalismo pela Universidade Paulista, teve experi\u00eancias em ve\u00edculos de comunica\u00e7\u00e3o como a Ag\u00eancia TradeMap, Revista Voc\u00ea S\/A e Revista Voc\u00ea RH, as duas \u00faltimas publica\u00e7\u00f5es da Editora Abril. No Suno Not\u00edcias, fala sobre as principais not\u00edcias de Fundos Imobili\u00e1rios, Fiagro, Startups e empresas listadas na Bolsa.","url":"https:\/\/www.suno.com.br\/noticias\/author\/monique-lima\/"}]}},"default_loop_html":"<div class=\"cardsPage__listCard__boxs\"><div class=\"cardsPage__listCard__boxs__img\"><a href=\"https:\/\/www.suno.com.br\/noticias\/mulheres-desemprego-disparidade-salarial\/\"><img class=\"mask\" src=\"https:\/\/www.suno.com.br\/noticias\/wp-content\/themes\/suno\/resources\/images\/spotlight\/spotlight1img\/bg-mask.png\" alt=\"Image Mask\"\/><img src=\"https:\/\/files.sunoresearch.com.br\/n\/uploads\/2022\/03\/linkedin-sales-unsplash-400x200.jpg\" alt=\"Mulheres: desemprego \u00e9 recorde em 2021 e as que trabalham ganham 20% menos\"\/><\/a><span class=\"spotlightCategory\"><a href=\"https:\/\/www.suno.com.br\/noticias\/economia\/\">Economia<\/a><\/span><\/div><div class=\"cardsPage__listCard__boxs__content\"><a href=\"https:\/\/www.suno.com.br\/noticias\/mulheres-desemprego-disparidade-salarial\/\"><h2 class=\"content__title\">Mulheres: desemprego \u00e9 recorde em 2021 e as que trabalham ganham 20% menos<\/h2><\/a><div class=\"newsContent__article__meta\"><div class=\"newsContent__article__meta__authorBox\"><a href=\"https:\/\/www.suno.com.br\/noticias\/author\/monique-lima\/\" class=\"authorBox__avatar noMobi\"><img src=\"https:\/\/secure.gravatar.com\/avatar\/daee7f16d906c2e9ffed236206ca2c30?s=96&#038;r=g\" alt=\"Monique Lima\"><\/a><div class=\"authorBox__name\"><span>por\n\t\t\t<a href=\"https:\/\/www.suno.com.br\/noticias\/author\/monique-lima\/\"><span itemprop=\"author\">Monique Lima<\/span><\/a><\/span><time datetime=\"2022-03-08T16:54:33-03:00\" itemprop=\"datePublished\">08\/03\/2022 16:54<\/time><\/div><\/div><\/div><\/div><\/div>","single_layout":"posts","amp_enabled":false,"_links":{"self":[{"href":"https:\/\/www.suno.com.br\/noticias\/wp-json\/wp\/v2\/posts\/238957"}],"collection":[{"href":"https:\/\/www.suno.com.br\/noticias\/wp-json\/wp\/v2\/posts"}],"about":[{"href":"https:\/\/www.suno.com.br\/noticias\/wp-json\/wp\/v2\/types\/post"}],"author":[{"embeddable":true,"href":"https:\/\/www.suno.com.br\/noticias\/wp-json\/wp\/v2\/users\/102"}],"replies":[{"embeddable":true,"href":"https:\/\/www.suno.com.br\/noticias\/wp-json\/wp\/v2\/comments?post=238957"}],"version-history":[{"count":3,"href":"https:\/\/www.suno.com.br\/noticias\/wp-json\/wp\/v2\/posts\/238957\/revisions"}],"predecessor-version":[{"id":239036,"href":"https:\/\/www.suno.com.br\/noticias\/wp-json\/wp\/v2\/posts\/238957\/revisions\/239036"}],"wp:featuredmedia":[{"embeddable":true,"href":"https:\/\/www.suno.com.br\/noticias\/wp-json\/wp\/v2\/media\/239025"}],"wp:attachment":[{"href":"https:\/\/www.suno.com.br\/noticias\/wp-json\/wp\/v2\/media?parent=238957"}],"wp:term":[{"taxonomy":"category","embeddable":true,"href":"https:\/\/www.suno.com.br\/noticias\/wp-json\/wp\/v2\/categories?post=238957"},{"taxonomy":"post_tag","embeddable":true,"href":"https:\/\/www.suno.com.br\/noticias\/wp-json\/wp\/v2\/tags?post=238957"},{"taxonomy":"suno_strategy","embeddable":true,"href":"https:\/\/www.suno.com.br\/noticias\/wp-json\/wp\/v2\/suno_strategy?post=238957"}],"curies":[{"name":"wp","href":"https:\/\/api.w.org\/{rel}","templated":true}]}}