{"id":23895,"date":"2019-05-09T11:27:18","date_gmt":"2019-05-09T14:27:18","guid":{"rendered":"https:\/\/www.suno.com.br\/noticias\/?p=23895"},"modified":"2019-05-09T11:27:18","modified_gmt":"2019-05-09T14:27:18","slug":"azul-queda-balanco-trimestral","status":"publish","type":"post","link":"https:\/\/www.suno.com.br\/noticias\/azul-queda-balanco-trimestral\/","title":{"rendered":"Azul registra queda de 20% em seu lucro l\u00edquido no 1\u00b0 trimestre de 2019"},"content":{"rendered":"<p>Nesta quinta-feira (9) a Azul divulgou seu primeiro<strong> balan\u00e7o trimestral<\/strong> deste ano. A companhia a\u00e9rea teve uma queda de 20,1% no <strong>lucro l\u00edquido<\/strong>, em compara\u00e7\u00e3o com o de mesmo per\u00edodo em 2018. Esse valor \u00e9 correspondente a R$ 2,543 bilh\u00f5es.<\/p>\t<div class=\"wrapper-featured-image\">\n\t\t<figure class=\"spotlightImg\">\n\n\t\t\t<picture>\n\t\t\t\t<source media=\"(max-width: 768px)\" srcset=\"https:\/\/files.sunoresearch.com.br\/n\/uploads\/2019\/01\/a4bbc194-avi\u00e3o-embraer-usado-pela-azul-400x200.webp\">\n\t\t\t\t<img loading=\"lazy\" decoding=\"async\" class=\"newsContent__article__imgCapa lazyloadDisabled newsContent__article__imgCapa--noCaption\" src=\"https:\/\/files.sunoresearch.com.br\/n\/uploads\/2019\/01\/a4bbc194-avi\u00e3o-embraer-usado-pela-azul-800x450.webp\" width=\"800\" height=\"450\" alt=\"Azul registra queda de 20% em seu lucro l\u00edquido no 1\u00b0 trimestre de 2019\" fetchpriority=high \/>\n\t\t\t<\/picture>\n\n\t\t\t<figcaption class=\"wp-caption-text wp-caption-text--hide\">Azul (AZUL4). Foto: Divulga\u00e7\u00e3o.<\/figcaption>\n\t\t<\/figure>\n\t<\/div>\n\n\n<p>De acordo com a <strong>Azul<\/strong> essa queda se deve aos <strong>custos operacionais<\/strong>\u00a0que representaram um aumento de 21,3%.\u00a0O aumento dos custos operacionais se deve ao fato de:<\/p>\n<ul>\n<li>desvaloriza\u00e7\u00e3o do real (em 16,3%);<\/li>\n<li>reonera\u00e7\u00e3o da folha de pagamento (em 20%);<\/li>\n<li>aumento no pre\u00e7o do combust\u00edvel por litro em reais (20%).<\/li>\n<\/ul>\n\t<p>\n\t\t<a href=\"https:\/\/lp.suno.com.br\/asset\/suno-fundo-infra-estrutura-snid11\/\" target=\"_blank\" data-element=\"shortcode-suno-banner\" title=\"Banner SUNO, clique e saiba mais\">\n\t\t\t<picture>\n\t\t\t\t<source media=\"(max-width: 500px)\" srcset=\"https:\/\/files.sunoresearch.com.br\/n\/uploads\/2024\/01\/400x300-Banner-Home-1-SNID-AO.png\">\n\t\t\t\t<img class=\"newsContent__article__imgCapa newsContent__article__imgCapa--banner\"\n\t\t\t\t\tsrc=\"https:\/\/files.sunoresearch.com.br\/n\/uploads\/2024\/01\/1420x240-Banner-Home-1-SNID-AO.png\"\n\t\t\t\t\tdata-promo-id=\"364419\"\t\t\t\t\t\t\t\t\t\twidth='1420' height='240'\t\t\t\t\talt=\"https:\/\/files.sunoresearch.com.br\/n\/uploads\/2024\/01\/1420x240-Banner-Home-1-SNID-AO.png\"\n\t\t\t\t>\n\t\t\t<\/picture>\n\t\t<\/a>\n\t<\/p>\n\n\n<h2>Crescimento na receita<\/h2>\n<p>Al\u00e9m disso, conforme o<strong> CEO John Rodgerson<\/strong>, o in\u00edcio deste ano se demonstrou mais desafiador do que do ano anterior.<\/p>\n<p><span class=\"a\">&#8220;Come\u00e7amos o ano com um cen\u00e1rio macroecon\u00f4mico mais desafiador que 2018, e mesmo\u00a0<\/span><span class=\"a\">assim, registramos um lucro l\u00edquido de R$137,7 milh\u00f5es e um \u00f3timo desempenho operacional,&#8221; diz <strong>Rodgerson<\/strong>.\u00a0<\/span><\/p>\n<p><a href=\"https:\/\/www.suno.com.br\/noticias\/azul-parceria-correios\/\">Saiba Mais: Azul cancela parceria com Correios no transporte de cargas<\/a><\/p>\n<p>No entanto, a empresa cresce em 16% em sua receita l\u00edquida, valor correspondente a R$ 2,542 bilh\u00f5es. Ademais, a <strong>receita operacional<\/strong> por assentos-quil\u00f4metro oferecido teve um aumento m\u00e9dio de 1,8%.<\/p>\n<p>&#8220;Temos um modelo de neg\u00f3cios resiliente, e estamos apenas no come\u00e7o de nosso plano de expans\u00e3o de margem. N\u00f3s continuamos comprometidos com as proje\u00e7\u00f5es financeiras anunciadas no in\u00edcio deste ano e, nos pr\u00f3ximos meses, continuaremos focados no melhor desempenho da nossa opera\u00e7\u00e3o, seguindo a nossa estrat\u00e9gia de transforma\u00e7\u00e3o da frota e aumentando nossa efici\u00eancia\u201d, afirma John.<\/p>\n<h2>Sobre<\/h2>\n<p><strong>Azul Linhas A\u00e9reas Brasileiras<\/strong> \u00e9 a terceira maior companhia a\u00e9rea do <strong>Brasil<\/strong> em n\u00famero de passageiros.\u00a0 \u00c9 a segunda maior frota de aeronaves e a maior em n\u00famero de destinos oferecidos.<\/p>\n<p>Seus principais centro de opera\u00e7\u00f5es s\u00e3o os aeroportos:<\/p>\n<ul>\n<li><strong>Viracopos<\/strong>;<\/li>\n<li><strong>Confins<\/strong>;<\/li>\n<li><strong>Recife<\/strong>.<\/li>\n<\/ul>\n<h2>\u00daltima cota\u00e7\u00e3o<\/h2>\n<p>Na \u00faltima sess\u00e3o, nesta quinta-feira (9), por volta das 11h20, a<strong> Azul<\/strong> (AZUL4) registrou uma queda de 0,89% sendo cotada por R$ 36,67.<\/p>\n","protected":false},"excerpt":{"rendered":"<p>Nesta quinta-feira (9) a Azul divulgou seu primeiro balan\u00e7o trimestral deste ano. A companhia a\u00e9rea teve uma queda de 20,1% no lucro l\u00edquido, em compara\u00e7\u00e3o com o de mesmo per\u00edodo em 2018. Esse valor \u00e9 correspondente a R$ 2,543 bilh\u00f5es. Azul (AZUL4). Foto: Divulga\u00e7\u00e3o. De acordo com a Azul essa queda se deve aos custos [&hellip;]<\/p>\n","protected":false},"author":15,"featured_media":11416,"comment_status":"closed","ping_status":"closed","sticky":false,"template":"","format":"standard","meta":[],"categories":[64],"tags":[106932,1029],"suno_strategy":[],"class_list":["post-23895","post","type-post","status-publish","format-standard","has-post-thumbnail","hentry","category-negocios","tag-azul-azul4","tag-balancos-trimestrais"],"yoast_head":"<!-- This site is optimized with the Yoast SEO plugin v24.4 - https:\/\/yoast.com\/wordpress\/plugins\/seo\/ -->\n<title>Azul registra queda de 20% em seu lucro l\u00edquido no 1\u00b0 trimestre de 2019<\/title>\n<meta name=\"description\" content=\"Nesta quinta (9) a Azul divulgou queda em seu lucro l\u00edquido de 20% total de R$ 2,543 bilh\u00f5es. Clique aqui e saiba mais\" \/>\n<meta name=\"robots\" content=\"index, follow, max-snippet:-1, max-image-preview:large, max-video-preview:-1\" \/>\n<link rel=\"canonical\" href=\"https:\/\/www.suno.com.br\/noticias\/azul-queda-balanco-trimestral\/\" \/>\n<meta property=\"og:locale\" content=\"pt_BR\" \/>\n<meta property=\"og:type\" content=\"article\" \/>\n<meta property=\"og:title\" content=\"Azul registra queda de 20% em seu lucro l\u00edquido no 1\u00b0 trimestre de 2019\" \/>\n<meta property=\"og:description\" content=\"Nesta quinta (9) a Azul divulgou queda em seu lucro l\u00edquido de 20% total de R$ 2,543 bilh\u00f5es. Clique aqui e saiba mais\" \/>\n<meta property=\"og:url\" content=\"https:\/\/www.suno.com.br\/noticias\/azul-queda-balanco-trimestral\/\" \/>\n<meta property=\"og:site_name\" content=\"Suno Not\u00edcias\" \/>\n<meta property=\"article:publisher\" content=\"https:\/\/facebook.com\/sunoresearch\" \/>\n<meta property=\"og:image\" content=\"https:\/\/files.sunoresearch.com.br\/n\/uploads\/2019\/01\/a4bbc194-avi\u00e3o-embraer-usado-pela-azul-1024x728.jpg\" \/>\n\t<meta property=\"og:image:width\" content=\"1024\" \/>\n\t<meta property=\"og:image:height\" content=\"728\" \/>\n\t<meta property=\"og:image:type\" content=\"image\/jpeg\" \/>\n<meta name=\"author\" content=\"Poliana Santos\" \/>\n<meta name=\"twitter:card\" content=\"summary_large_image\" \/>\n<meta name=\"twitter:creator\" content=\"@sunoresearch\" \/>\n<meta name=\"twitter:site\" content=\"@sunoresearch\" \/>\n<meta name=\"twitter:label1\" content=\"Escrito por\" \/>\n\t<meta name=\"twitter:data1\" content=\"Poliana Santos\" \/>\n\t<meta name=\"twitter:label2\" content=\"Est. tempo de leitura\" \/>\n\t<meta name=\"twitter:data2\" content=\"2 minutos\" \/>\n<script type=\"application\/ld+json\" class=\"yoast-schema-graph\">{\"@context\":\"https:\/\/schema.org\",\"@graph\":[{\"@type\":\"NewsArticle\",\"@id\":\"https:\/\/www.suno.com.br\/noticias\/azul-queda-balanco-trimestral\/#article\",\"isPartOf\":{\"@id\":\"https:\/\/www.suno.com.br\/noticias\/azul-queda-balanco-trimestral\/\"},\"author\":{\"name\":\"Poliana Santos\",\"@id\":\"https:\/\/www.suno.com.br\/noticias\/#\/schema\/person\/02ec1f752758247878a2bf4abee1aeda\"},\"headline\":\"Azul registra queda de 20% em seu lucro l\u00edquido no 1\u00b0 trimestre de 2019\",\"datePublished\":\"2019-05-09T14:27:18+00:00\",\"mainEntityOfPage\":{\"@id\":\"https:\/\/www.suno.com.br\/noticias\/azul-queda-balanco-trimestral\/\"},\"wordCount\":343,\"publisher\":{\"@id\":\"https:\/\/www.suno.com.br\/noticias\/#organization\"},\"image\":{\"@id\":\"https:\/\/www.suno.com.br\/noticias\/azul-queda-balanco-trimestral\/#primaryimage\"},\"thumbnailUrl\":\"https:\/\/files.sunoresearch.com.br\/n\/uploads\/2019\/01\/a4bbc194-avi\u00e3o-embraer-usado-pela-azul-scaled.webp\",\"keywords\":[\"Azul (AZUL4)\",\"balan\u00e7os trimestrais\"],\"articleSection\":[\"Neg\u00f3cios\"],\"inLanguage\":\"pt-BR\"},{\"@type\":\"WebPage\",\"@id\":\"https:\/\/www.suno.com.br\/noticias\/azul-queda-balanco-trimestral\/\",\"url\":\"https:\/\/www.suno.com.br\/noticias\/azul-queda-balanco-trimestral\/\",\"name\":\"Azul registra queda de 20% em seu lucro l\u00edquido no 1\u00b0 trimestre de 2019\",\"isPartOf\":{\"@id\":\"https:\/\/www.suno.com.br\/noticias\/#website\"},\"primaryImageOfPage\":{\"@id\":\"https:\/\/www.suno.com.br\/noticias\/azul-queda-balanco-trimestral\/#primaryimage\"},\"image\":{\"@id\":\"https:\/\/www.suno.com.br\/noticias\/azul-queda-balanco-trimestral\/#primaryimage\"},\"thumbnailUrl\":\"https:\/\/files.sunoresearch.com.br\/n\/uploads\/2019\/01\/a4bbc194-avi\u00e3o-embraer-usado-pela-azul-scaled.webp\",\"datePublished\":\"2019-05-09T14:27:18+00:00\",\"description\":\"Nesta quinta (9) a Azul divulgou queda em seu lucro l\u00edquido de 20% total de R$ 2,543 bilh\u00f5es. Clique aqui e saiba mais\",\"breadcrumb\":{\"@id\":\"https:\/\/www.suno.com.br\/noticias\/azul-queda-balanco-trimestral\/#breadcrumb\"},\"inLanguage\":\"pt-BR\",\"potentialAction\":[{\"@type\":\"ReadAction\",\"target\":[\"https:\/\/www.suno.com.br\/noticias\/azul-queda-balanco-trimestral\/\"]}]},{\"@type\":\"ImageObject\",\"inLanguage\":\"pt-BR\",\"@id\":\"https:\/\/www.suno.com.br\/noticias\/azul-queda-balanco-trimestral\/#primaryimage\",\"url\":\"https:\/\/files.sunoresearch.com.br\/n\/uploads\/2019\/01\/a4bbc194-avi\u00e3o-embraer-usado-pela-azul-scaled.webp\",\"contentUrl\":\"https:\/\/files.sunoresearch.com.br\/n\/uploads\/2019\/01\/a4bbc194-avi\u00e3o-embraer-usado-pela-azul-scaled.webp\",\"width\":2560,\"height\":1821,\"caption\":\"Azul (AZUL4). Foto: Divulga\u00e7\u00e3o.\"},{\"@type\":\"BreadcrumbList\",\"@id\":\"https:\/\/www.suno.com.br\/noticias\/azul-queda-balanco-trimestral\/#breadcrumb\",\"itemListElement\":[{\"@type\":\"ListItem\",\"position\":1,\"name\":\"Not\u00edcias\",\"item\":\"https:\/\/www.suno.com.br\/noticias\/\"},{\"@type\":\"ListItem\",\"position\":2,\"name\":\"Neg\u00f3cios\",\"item\":\"https:\/\/www.suno.com.br\/noticias\/negocios\/\"},{\"@type\":\"ListItem\",\"position\":3,\"name\":\"Azul registra queda de 20% em seu lucro l\u00edquido no 1\u00b0 trimestre de 2019\"}]},{\"@type\":\"WebSite\",\"@id\":\"https:\/\/www.suno.com.br\/noticias\/#website\",\"url\":\"https:\/\/www.suno.com.br\/noticias\/\",\"name\":\"Suno Not\u00edcias\",\"description\":\"Seu portal de informa\u00e7\u00e3o sobre o mundo dos investimentos\",\"publisher\":{\"@id\":\"https:\/\/www.suno.com.br\/noticias\/#organization\"},\"potentialAction\":[{\"@type\":\"SearchAction\",\"target\":{\"@type\":\"EntryPoint\",\"urlTemplate\":\"https:\/\/www.suno.com.br\/noticias\/?s={search_term_string}\"},\"query-input\":{\"@type\":\"PropertyValueSpecification\",\"valueRequired\":true,\"valueName\":\"search_term_string\"}}],\"inLanguage\":\"pt-BR\"},{\"@type\":\"Organization\",\"@id\":\"https:\/\/www.suno.com.br\/noticias\/#organization\",\"name\":\"Suno Not\u00edcias\",\"url\":\"https:\/\/www.suno.com.br\/noticias\/\",\"logo\":{\"@type\":\"ImageObject\",\"inLanguage\":\"pt-BR\",\"@id\":\"https:\/\/www.suno.com.br\/noticias\/#\/schema\/logo\/image\/\",\"url\":\"https:\/\/files.sunoresearch.com.br\/n\/uploads\/2021\/09\/suno-logo.png\",\"contentUrl\":\"https:\/\/files.sunoresearch.com.br\/n\/uploads\/2021\/09\/suno-logo.png\",\"width\":180,\"height\":180,\"caption\":\"Suno Not\u00edcias\"},\"image\":{\"@id\":\"https:\/\/www.suno.com.br\/noticias\/#\/schema\/logo\/image\/\"},\"sameAs\":[\"https:\/\/facebook.com\/sunoresearch\",\"https:\/\/x.com\/sunoresearch\",\"https:\/\/www.instagram.com\/suno\",\"https:\/\/www.linkedin.com\/company\/suno-research\/\",\"https:\/\/www.youtube.com\/c\/sunoresearch\"]},{\"@type\":\"Person\",\"@id\":\"https:\/\/www.suno.com.br\/noticias\/#\/schema\/person\/02ec1f752758247878a2bf4abee1aeda\",\"name\":\"Poliana Santos\",\"image\":{\"@type\":\"ImageObject\",\"inLanguage\":\"pt-BR\",\"@id\":\"https:\/\/www.suno.com.br\/noticias\/#\/schema\/person\/image\/\",\"url\":\"https:\/\/secure.gravatar.com\/avatar\/0645bd32f23d87b2130f2b2dff1d3f8d?s=96&r=g\",\"contentUrl\":\"https:\/\/secure.gravatar.com\/avatar\/0645bd32f23d87b2130f2b2dff1d3f8d?s=96&r=g\",\"caption\":\"Poliana Santos\"},\"description\":\"Rep\u00f3rter no Suno Not\u00edcias, com cobertura em mercado financeiro, economia, finan\u00e7as pessoais, renda fixa e varejo. Jornalista formada pela Faculdade C\u00e1sper L\u00edbero e possui passagem na R\u00e1dio Gazeta AM com a produ\u00e7\u00e3o de conte\u00fado sobre economia, pol\u00edtica, sa\u00fade, moda e m\u00fasica. Possui certificado de conclus\u00e3o do curso de An\u00e1lise de Balan\u00e7os pela Funda\u00e7\u00e3o Bradesco, Agenda Brasil pela FAAP, Educa\u00e7\u00e3o Pol\u00edtica por Alexandre Garcia e do Tesouro Direto e Mercado de A\u00e7\u00f5es pela B3.\",\"url\":\"https:\/\/www.suno.com.br\/noticias\/author\/poliana-santos\/\"}]}<\/script>\n<!-- \/ Yoast SEO plugin. -->","yoast_head_json":{"title":"Azul registra queda de 20% em seu lucro l\u00edquido no 1\u00b0 trimestre de 2019","description":"Nesta quinta (9) a Azul divulgou queda em seu lucro l\u00edquido de 20% total de R$ 2,543 bilh\u00f5es. Clique aqui e saiba mais","robots":{"index":"index","follow":"follow","max-snippet":"max-snippet:-1","max-image-preview":"max-image-preview:large","max-video-preview":"max-video-preview:-1"},"canonical":"https:\/\/www.suno.com.br\/noticias\/azul-queda-balanco-trimestral\/","og_locale":"pt_BR","og_type":"article","og_title":"Azul registra queda de 20% em seu lucro l\u00edquido no 1\u00b0 trimestre de 2019","og_description":"Nesta quinta (9) a Azul divulgou queda em seu lucro l\u00edquido de 20% total de R$ 2,543 bilh\u00f5es. Clique aqui e saiba mais","og_url":"https:\/\/www.suno.com.br\/noticias\/azul-queda-balanco-trimestral\/","og_site_name":"Suno Not\u00edcias","article_publisher":"https:\/\/facebook.com\/sunoresearch","og_image":[{"width":1024,"height":728,"url":"https:\/\/files.sunoresearch.com.br\/n\/uploads\/2019\/01\/a4bbc194-avi\u00e3o-embraer-usado-pela-azul-1024x728.jpg","type":"image\/jpeg"}],"author":"Poliana Santos","twitter_card":"summary_large_image","twitter_creator":"@sunoresearch","twitter_site":"@sunoresearch","twitter_misc":{"Escrito por":"Poliana Santos","Est. tempo de leitura":"2 minutos"},"schema":{"@context":"https:\/\/schema.org","@graph":[{"@type":"NewsArticle","@id":"https:\/\/www.suno.com.br\/noticias\/azul-queda-balanco-trimestral\/#article","isPartOf":{"@id":"https:\/\/www.suno.com.br\/noticias\/azul-queda-balanco-trimestral\/"},"author":{"name":"Poliana Santos","@id":"https:\/\/www.suno.com.br\/noticias\/#\/schema\/person\/02ec1f752758247878a2bf4abee1aeda"},"headline":"Azul registra queda de 20% em seu lucro l\u00edquido no 1\u00b0 trimestre de 2019","datePublished":"2019-05-09T14:27:18+00:00","mainEntityOfPage":{"@id":"https:\/\/www.suno.com.br\/noticias\/azul-queda-balanco-trimestral\/"},"wordCount":343,"publisher":{"@id":"https:\/\/www.suno.com.br\/noticias\/#organization"},"image":{"@id":"https:\/\/www.suno.com.br\/noticias\/azul-queda-balanco-trimestral\/#primaryimage"},"thumbnailUrl":"https:\/\/files.sunoresearch.com.br\/n\/uploads\/2019\/01\/a4bbc194-avi\u00e3o-embraer-usado-pela-azul-scaled.webp","keywords":["Azul (AZUL4)","balan\u00e7os trimestrais"],"articleSection":["Neg\u00f3cios"],"inLanguage":"pt-BR"},{"@type":"WebPage","@id":"https:\/\/www.suno.com.br\/noticias\/azul-queda-balanco-trimestral\/","url":"https:\/\/www.suno.com.br\/noticias\/azul-queda-balanco-trimestral\/","name":"Azul registra queda de 20% em seu lucro l\u00edquido no 1\u00b0 trimestre de 2019","isPartOf":{"@id":"https:\/\/www.suno.com.br\/noticias\/#website"},"primaryImageOfPage":{"@id":"https:\/\/www.suno.com.br\/noticias\/azul-queda-balanco-trimestral\/#primaryimage"},"image":{"@id":"https:\/\/www.suno.com.br\/noticias\/azul-queda-balanco-trimestral\/#primaryimage"},"thumbnailUrl":"https:\/\/files.sunoresearch.com.br\/n\/uploads\/2019\/01\/a4bbc194-avi\u00e3o-embraer-usado-pela-azul-scaled.webp","datePublished":"2019-05-09T14:27:18+00:00","description":"Nesta quinta (9) a Azul divulgou queda em seu lucro l\u00edquido de 20% total de R$ 2,543 bilh\u00f5es. Clique aqui e saiba mais","breadcrumb":{"@id":"https:\/\/www.suno.com.br\/noticias\/azul-queda-balanco-trimestral\/#breadcrumb"},"inLanguage":"pt-BR","potentialAction":[{"@type":"ReadAction","target":["https:\/\/www.suno.com.br\/noticias\/azul-queda-balanco-trimestral\/"]}]},{"@type":"ImageObject","inLanguage":"pt-BR","@id":"https:\/\/www.suno.com.br\/noticias\/azul-queda-balanco-trimestral\/#primaryimage","url":"https:\/\/files.sunoresearch.com.br\/n\/uploads\/2019\/01\/a4bbc194-avi\u00e3o-embraer-usado-pela-azul-scaled.webp","contentUrl":"https:\/\/files.sunoresearch.com.br\/n\/uploads\/2019\/01\/a4bbc194-avi\u00e3o-embraer-usado-pela-azul-scaled.webp","width":2560,"height":1821,"caption":"Azul (AZUL4). Foto: Divulga\u00e7\u00e3o."},{"@type":"BreadcrumbList","@id":"https:\/\/www.suno.com.br\/noticias\/azul-queda-balanco-trimestral\/#breadcrumb","itemListElement":[{"@type":"ListItem","position":1,"name":"Not\u00edcias","item":"https:\/\/www.suno.com.br\/noticias\/"},{"@type":"ListItem","position":2,"name":"Neg\u00f3cios","item":"https:\/\/www.suno.com.br\/noticias\/negocios\/"},{"@type":"ListItem","position":3,"name":"Azul registra queda de 20% em seu lucro l\u00edquido no 1\u00b0 trimestre de 2019"}]},{"@type":"WebSite","@id":"https:\/\/www.suno.com.br\/noticias\/#website","url":"https:\/\/www.suno.com.br\/noticias\/","name":"Suno Not\u00edcias","description":"Seu portal de informa\u00e7\u00e3o sobre o mundo dos investimentos","publisher":{"@id":"https:\/\/www.suno.com.br\/noticias\/#organization"},"potentialAction":[{"@type":"SearchAction","target":{"@type":"EntryPoint","urlTemplate":"https:\/\/www.suno.com.br\/noticias\/?s={search_term_string}"},"query-input":{"@type":"PropertyValueSpecification","valueRequired":true,"valueName":"search_term_string"}}],"inLanguage":"pt-BR"},{"@type":"Organization","@id":"https:\/\/www.suno.com.br\/noticias\/#organization","name":"Suno Not\u00edcias","url":"https:\/\/www.suno.com.br\/noticias\/","logo":{"@type":"ImageObject","inLanguage":"pt-BR","@id":"https:\/\/www.suno.com.br\/noticias\/#\/schema\/logo\/image\/","url":"https:\/\/files.sunoresearch.com.br\/n\/uploads\/2021\/09\/suno-logo.png","contentUrl":"https:\/\/files.sunoresearch.com.br\/n\/uploads\/2021\/09\/suno-logo.png","width":180,"height":180,"caption":"Suno Not\u00edcias"},"image":{"@id":"https:\/\/www.suno.com.br\/noticias\/#\/schema\/logo\/image\/"},"sameAs":["https:\/\/facebook.com\/sunoresearch","https:\/\/x.com\/sunoresearch","https:\/\/www.instagram.com\/suno","https:\/\/www.linkedin.com\/company\/suno-research\/","https:\/\/www.youtube.com\/c\/sunoresearch"]},{"@type":"Person","@id":"https:\/\/www.suno.com.br\/noticias\/#\/schema\/person\/02ec1f752758247878a2bf4abee1aeda","name":"Poliana Santos","image":{"@type":"ImageObject","inLanguage":"pt-BR","@id":"https:\/\/www.suno.com.br\/noticias\/#\/schema\/person\/image\/","url":"https:\/\/secure.gravatar.com\/avatar\/0645bd32f23d87b2130f2b2dff1d3f8d?s=96&r=g","contentUrl":"https:\/\/secure.gravatar.com\/avatar\/0645bd32f23d87b2130f2b2dff1d3f8d?s=96&r=g","caption":"Poliana Santos"},"description":"Rep\u00f3rter no Suno Not\u00edcias, com cobertura em mercado financeiro, economia, finan\u00e7as pessoais, renda fixa e varejo. Jornalista formada pela Faculdade C\u00e1sper L\u00edbero e possui passagem na R\u00e1dio Gazeta AM com a produ\u00e7\u00e3o de conte\u00fado sobre economia, pol\u00edtica, sa\u00fade, moda e m\u00fasica. Possui certificado de conclus\u00e3o do curso de An\u00e1lise de Balan\u00e7os pela Funda\u00e7\u00e3o Bradesco, Agenda Brasil pela FAAP, Educa\u00e7\u00e3o Pol\u00edtica por Alexandre Garcia e do Tesouro Direto e Mercado de A\u00e7\u00f5es pela B3.","url":"https:\/\/www.suno.com.br\/noticias\/author\/poliana-santos\/"}]}},"default_loop_html":"<div class=\"cardsPage__listCard__boxs\"><div class=\"cardsPage__listCard__boxs__img\"><a href=\"https:\/\/www.suno.com.br\/noticias\/azul-queda-balanco-trimestral\/\"><img class=\"mask\" src=\"https:\/\/www.suno.com.br\/noticias\/wp-content\/themes\/suno\/resources\/images\/spotlight\/spotlight1img\/bg-mask.png\" alt=\"Image Mask\"\/><img src=\"https:\/\/files.sunoresearch.com.br\/n\/uploads\/2019\/01\/a4bbc194-avi\u00e3o-embraer-usado-pela-azul-400x200.webp\" alt=\"Azul registra queda de 20% em seu lucro l\u00edquido no 1\u00b0 trimestre de 2019\"\/><\/a><span class=\"spotlightCategory\"><a href=\"https:\/\/www.suno.com.br\/noticias\/negocios\/\">Neg\u00f3cios<\/a><\/span><\/div><div class=\"cardsPage__listCard__boxs__content\"><a href=\"https:\/\/www.suno.com.br\/noticias\/azul-queda-balanco-trimestral\/\"><h2 class=\"content__title\">Azul registra queda de 20% em seu lucro l\u00edquido no 1\u00b0 trimestre de 2019<\/h2><\/a><div class=\"newsContent__article__meta\"><div class=\"newsContent__article__meta__authorBox\"><a href=\"https:\/\/www.suno.com.br\/noticias\/author\/poliana-santos\/\" class=\"authorBox__avatar noMobi\"><img src=\"https:\/\/files.sunoresearch.com.br\/n\/uploads\/2020\/08\/7ef34026-whatsapp-image-2020-08-03-at-12.37.57-150x150.webp\" alt=\"Poliana Santos\"><\/a><div class=\"authorBox__name\"><span>por\n\t\t\t<a href=\"https:\/\/www.suno.com.br\/noticias\/author\/poliana-santos\/\"><span itemprop=\"author\">Poliana Santos<\/span><\/a><\/span><time datetime=\"2019-05-09T11:27:18-03:00\" itemprop=\"datePublished\">09\/05\/2019 11:27<\/time><\/div><\/div><\/div><\/div><\/div>","single_layout":"posts","amp_enabled":true,"_links":{"self":[{"href":"https:\/\/www.suno.com.br\/noticias\/wp-json\/wp\/v2\/posts\/23895"}],"collection":[{"href":"https:\/\/www.suno.com.br\/noticias\/wp-json\/wp\/v2\/posts"}],"about":[{"href":"https:\/\/www.suno.com.br\/noticias\/wp-json\/wp\/v2\/types\/post"}],"author":[{"embeddable":true,"href":"https:\/\/www.suno.com.br\/noticias\/wp-json\/wp\/v2\/users\/15"}],"replies":[{"embeddable":true,"href":"https:\/\/www.suno.com.br\/noticias\/wp-json\/wp\/v2\/comments?post=23895"}],"version-history":[{"count":0,"href":"https:\/\/www.suno.com.br\/noticias\/wp-json\/wp\/v2\/posts\/23895\/revisions"}],"wp:featuredmedia":[{"embeddable":true,"href":"https:\/\/www.suno.com.br\/noticias\/wp-json\/wp\/v2\/media\/11416"}],"wp:attachment":[{"href":"https:\/\/www.suno.com.br\/noticias\/wp-json\/wp\/v2\/media?parent=23895"}],"wp:term":[{"taxonomy":"category","embeddable":true,"href":"https:\/\/www.suno.com.br\/noticias\/wp-json\/wp\/v2\/categories?post=23895"},{"taxonomy":"post_tag","embeddable":true,"href":"https:\/\/www.suno.com.br\/noticias\/wp-json\/wp\/v2\/tags?post=23895"},{"taxonomy":"suno_strategy","embeddable":true,"href":"https:\/\/www.suno.com.br\/noticias\/wp-json\/wp\/v2\/suno_strategy?post=23895"}],"curies":[{"name":"wp","href":"https:\/\/api.w.org\/{rel}","templated":true}]}}