{"id":238788,"date":"2022-03-08T11:23:04","date_gmt":"2022-03-08T14:23:04","guid":{"rendered":"https:\/\/www.suno.com.br\/noticias\/?p=238788"},"modified":"2022-03-08T11:23:04","modified_gmt":"2022-03-08T14:23:04","slug":"dolar-recua-08032022","status":"publish","type":"post","link":"https:\/\/www.suno.com.br\/noticias\/dolar-recua-08032022\/","title":{"rendered":"D\u00f3lar recua de olho na melhora externa e alta do petr\u00f3leo"},"content":{"rendered":"<p>O <strong>d\u00f3lar<\/strong> opera em baixa com a melhora dos mercados no exterior. Os investidores ajustam posi\u00e7\u00f5es de olho ainda na alta persistente do petr\u00f3leo, de mais de 2% h\u00e1 pouco, em meio aos desdobramentos da guerra da R\u00fassia contra a Ucr\u00e2nia.<\/p>\t<div class=\"wrapper-featured-image\">\n\t\t<figure class=\"spotlightImg\">\n\n\t\t\t<picture>\n\t\t\t\t<source media=\"(max-width: 768px)\" srcset=\"https:\/\/files.sunoresearch.com.br\/n\/uploads\/2021\/07\/98de8955-dollar-1362244_1920-400x200.jpg\">\n\t\t\t\t<img loading=\"lazy\" decoding=\"async\" class=\"newsContent__article__imgCapa lazyloadDisabled \" src=\"https:\/\/files.sunoresearch.com.br\/n\/uploads\/2021\/07\/98de8955-dollar-1362244_1920-800x450.jpg\" width=\"800\" height=\"450\" alt=\"D\u00f3lar recua de olho na melhora externa e alta do petr\u00f3leo\" fetchpriority=high \/>\n\t\t\t<\/picture>\n\n\t\t\t<figcaption class=\"wp-caption-text wp-caption-text--show\">D\u00f3lar. Foto: Pixabay<\/figcaption>\n\t\t<\/figure>\n\t<\/div>\n\n\n\t<p>\n\t\t<a href=\"https:\/\/lp.suno.com.br\/planilha-controle-gastos\/\" target=\"_blank\" data-element=\"shortcode-suno-banner\" title=\"Banner SUNO, clique e saiba mais\">\n\t\t\t<picture>\n\t\t\t\t<source media=\"(max-width: 500px)\" srcset=\"https:\/\/files.sunoresearch.com.br\/n\/uploads\/2023\/03\/400x300-Planilha-controle-de-gastos.png\">\n\t\t\t\t<img class=\"newsContent__article__imgCapa newsContent__article__imgCapa--banner\"\n\t\t\t\t\tsrc=\"https:\/\/files.sunoresearch.com.br\/n\/uploads\/2023\/03\/1420x240-Planilha-controle-de-gastos.png\"\n\t\t\t\t\tdata-promo-id=\"101751\"\t\t\t\t\t\t\t\t\t\twidth='1420' height='240'\t\t\t\t\talt=\"https:\/\/files.sunoresearch.com.br\/n\/uploads\/2023\/03\/1420x240-Planilha-controle-de-gastos.png\"\n\t\t\t\t>\n\t\t\t<\/picture>\n\t\t<\/a>\n\t<\/p>\n\n\n<p>\u00c0s 11h15, o<strong> d\u00f3lar hoje<\/strong> recuava 0,48%, a R$ 5,08 e o<strong> <a class=\"suno-keyword\" href=\"https:\/\/www.suno.com.br\/artigos\/dolar-futuro\/\" target=\"_blank\" rel=\"noopener\" data-force=\"no\" data-priority=\"1\">d\u00f3lar futuro<\/a> <\/strong>para abril ca\u00eda 0,62%, a R$ 5,11.<\/p>\n<p>A desacelera\u00e7\u00e3o do IGP-DI de fevereiro foi bem recebida, mas n\u00e3o dissipa as preocupa\u00e7\u00f5es com a infla\u00e7\u00e3o no Brasil. Os sinais de poss\u00edvel inger\u00eancia pol\u00edtica do governo Bolsonaro na gest\u00e3o de pre\u00e7os da <a class=\"suno-keyword\" href=\"https:\/\/www.suno.com.br\/acoes\/PETR4\/\" target=\"_blank\" rel=\"noopener\" data-force=\"yes\" data-priority=\"2\"><strong>Petrobras<\/strong> (PETR4)<\/a> seguem no radar tamb\u00e9m. Mas, por enquanto, a <strong><a class=\"suno-keyword\" href=\"https:\/\/www.suno.com.br\/artigos\/queda-dolar\/\" target=\"_blank\" rel=\"noopener\" data-force=\"no\" data-priority=\"1\">queda do d\u00f3lar<\/a> <\/strong>predominante no exterior pesa mais na precifica\u00e7\u00e3o da taxa de c\u00e2mbio.<\/p>\n<p>Ontem, o d\u00f3lar devolveu a queda intradia e fechou com vi\u00e9s de alta no mercado \u00e0 vista, enquanto o d\u00f3lar para abril encerrou mais forte, a R$ 5,14, reagindo \u00e0 not\u00edcia de que o governo discute o congelamento tempor\u00e1rio de pre\u00e7os dos combust\u00edveis.<\/p>\n\t<p>\n\t\t<a href=\"https:\/\/lp.suno.com.br\/planilha-da-vida-financeira\/\" target=\"_blank\" data-element=\"shortcode-suno-banner\" title=\"Banner SUNO, clique e saiba mais\">\n\t\t\t<picture>\n\t\t\t\t<source media=\"(max-width: 500px)\" srcset=\"https:\/\/files.sunoresearch.com.br\/n\/uploads\/2023\/04\/400x300-Planilha-vida-financeira-true.png\">\n\t\t\t\t<img class=\"newsContent__article__imgCapa newsContent__article__imgCapa--banner\"\n\t\t\t\t\tsrc=\"https:\/\/files.sunoresearch.com.br\/n\/uploads\/2023\/04\/1420x240-Planilha-vida-financeira-true.png\"\n\t\t\t\t\tdata-promo-id=\"106682\"\t\t\t\t\t\t\t\t\t\twidth='1420' height='240'\t\t\t\t\talt=\"https:\/\/files.sunoresearch.com.br\/n\/uploads\/2023\/04\/1420x240-Planilha-vida-financeira-true.png\"\n\t\t\t\t>\n\t\t\t<\/picture>\n\t\t<\/a>\n\t<\/p>\n\n\n<p>O jornal O Estado de S.Paulo apurou que o custo de n\u00e3o repassar a<strong> alta do petr\u00f3leo<\/strong> no mercado internacional seria bancado pela Petrobras e, em \u00faltima inst\u00e2ncia, pelos seus acionista.<\/p>\n<p>Ao mesmo tempo, fontes avaliam que o governo ter\u00e1 dificuldade de ultrapassar a resist\u00eancia do <a class=\"suno-keyword\" href=\"https:\/\/www.suno.com.br\/artigos\/conselho-administracao\/\" target=\"_blank\" rel=\"noopener\" data-force=\"no\" data-priority=\"1\">conselho de administra\u00e7\u00e3o<\/a> da estatal. O principal argumento contra a aprova\u00e7\u00e3o \u00e9 de que o petr\u00f3leo e os seus combust\u00edveis s\u00e3o commodities e, &#8220;assim como os alimentos, t\u00eam de ter pre\u00e7os livres&#8221;.<\/p>\n<p>Uma reuni\u00e3o hoje \u00e0 tarde (15 horas) do presidente do Banco Central, Roberto Campos Neto, e os ministros da Casa Civil, Ciro Nogueira, da Economia, Paulo Guedes, e de Minas e Energia, Bento Albuquerque ficar\u00e1 no radar. Fonte disse ainda \u00e0 jornalista Adriana Fernandes, do jornal O Estado de S.Paulo, que o governo n\u00e3o descarta acionar o estado de <strong>calamidade p\u00fablica<\/strong>, se a guerra durar por muito tempo.<\/p>\n<p>Os investidores seguem monitorando tamb\u00e9m as not\u00edcias do conflito no leste europeu. O <strong>presidente da China<\/strong>, Xi Jinping, participou de reuni\u00e3o virtual com o presidente da Fran\u00e7a, Emmanuel Macron, e o chanceler da Alemanha, Olaf Scholz. Xi Jinping disse que a situa\u00e7\u00e3o na Ucr\u00e2nia \u00e9 preocupante e refor\u00e7ou posi\u00e7\u00e3o do pa\u00eds de respeito \u00e0 soberania e integridade territorial de todos os pa\u00edses e que as preocupa\u00e7\u00f5es de seguran\u00e7a legitimas de todos os pa\u00edses devem ser levadas a s\u00e9rio.<\/p>\n\t<p>\n\t\t<a href=\"https:\/\/lp.suno.com.br\/ebook-como-analisar-uma-acao\/\" target=\"_blank\" data-element=\"shortcode-suno-banner\" title=\"Banner SUNO, clique e saiba mais\">\n\t\t\t<picture>\n\t\t\t\t<source media=\"(max-width: 500px)\" srcset=\"https:\/\/files.sunoresearch.com.br\/n\/uploads\/2023\/03\/Ebook-Acoes-Mobile-1.jpg\">\n\t\t\t\t<img class=\"newsContent__article__imgCapa newsContent__article__imgCapa--banner\"\n\t\t\t\t\tsrc=\"https:\/\/files.sunoresearch.com.br\/n\/uploads\/2023\/03\/Ebook-Acoes-Desktop-1.jpg\"\n\t\t\t\t\tdata-promo-id=\"171998\"\t\t\t\t\t\t\t\t\t\twidth='1420' height='286'\t\t\t\t\talt=\"https:\/\/files.sunoresearch.com.br\/n\/uploads\/2023\/03\/Ebook-Acoes-Desktop-1.jpg\"\n\t\t\t\t>\n\t\t\t<\/picture>\n\t\t<\/a>\n\t<\/p>\n\n\n<p>O l\u00edder chin\u00eas tamb\u00e9m se disse disposto a coordenar com a Europa esfor\u00e7os que levem a uma solu\u00e7\u00e3o pac\u00edfica.<\/p>\n<p>J\u00e1 o secret\u00e1rio-geral da Organiza\u00e7\u00e3o do Tratado do Atl\u00e2ntico Norte (Otan), Jens Stoltenberg, alertou hoje que, se o conflito com a <strong>R\u00fassia<\/strong> se espalhar para al\u00e9m das fronteiras com a <strong>Ucr\u00e2nia<\/strong>, a situa\u00e7\u00e3o poderia &#8220;sair de controle&#8221;.<\/p>\n<p>Em entrevista coletiva ao lado do presidente da Let\u00f4nia, Egils Levits, Stoltenberg disse que a alian\u00e7a tem responsabilidade de evitar uma escalada generalizada da guerra. &#8220;Temos que encerrar o conflito, n\u00e3o expandi-lo&#8221;, comentou.<\/p>\n<p>O l\u00edder da Otan acrescentou que a ofensa russa provocou a mais r\u00e1pida <strong>crise de refugiados<\/strong> da Europa desde a<strong> Segunda Guerra Mundial<\/strong>, com 2 milh\u00f5es de pessoas tendo deixado o territ\u00f3rio ucraniano. &#8220;O ataque do presidente da R\u00fassia, Vladimir Putin \u00e0 Ucr\u00e2nia continua e o impacto humanit\u00e1rio \u00e9 devastador&#8221;, disse. O pol\u00edtico noruegu\u00eas reiterou que Moscou paga um &#8220;alto pre\u00e7o&#8221; pela invas\u00e3o do pa\u00eds vizinho e est\u00e1 isolado no cen\u00e1rio internacional.<\/p>\n<p>No Brasil, empresas continuam relatando ataques possivelmente de hackers a suas redes digitais.<\/p>\n<p>O Mercado Livre informou \u00e0 US Securities and Exchange Commission (SEC &#8211; \u00f3rg\u00e3o correspondente \u00e0 CVM para empresas listadas nos Estados Unidos) que detectou &#8220;recentemente que parte do c\u00f3digo-fonte do MercadoLivre Inc. foi sujeita a acesso n\u00e3o autorizado&#8221;.<\/p>\n<p>A companhia admitiu que os dados de aproximadamente 300 mil usu\u00e1rios foram acessados, mas que ainda n\u00e3o h\u00e1 evid\u00eancia de danos \u00e0 infraestrutura da empresa, nem de que tenham sido obtidas informa\u00e7\u00f5es como senhas ou informa\u00e7\u00f5es financeiras dos clientes, diz a empresa em nota. A companhia diz ainda estar &#8220;tomando medidas rigorosas para evitar novos incidentes&#8221;.<\/p>\n<h2>\u00daltima cota\u00e7\u00e3o o d\u00f3lar<\/h2>\n<p>Na \u00faltima sess\u00e3o, segunda-feira (7), o <strong>d\u00f3lar<\/strong> encerrou o preg\u00e3o em leve alta de 0,02%, negociado a R$ 5,07.<\/p>\n\t<p>\n\t\t<a href=\"https:\/\/lp.suno.com.br\/planilha-de-controle-de-investimentos\/\" target=\"_blank\" data-element=\"shortcode-suno-banner\" title=\"Banner SUNO, clique e saiba mais\">\n\t\t\t<picture>\n\t\t\t\t<source media=\"(max-width: 500px)\" srcset=\"https:\/\/files.sunoresearch.com.br\/n\/uploads\/2023\/03\/400x300-Controle-de-Investimentos.png\">\n\t\t\t\t<img class=\"newsContent__article__imgCapa newsContent__article__imgCapa--banner\"\n\t\t\t\t\tsrc=\"https:\/\/files.sunoresearch.com.br\/n\/uploads\/2023\/03\/1420x240-Controle-de-Investimentos.png\"\n\t\t\t\t\tdata-promo-id=\"75934\"\t\t\t\t\t\t\t\t\t\twidth='1420' height='240'\t\t\t\t\talt=\"https:\/\/files.sunoresearch.com.br\/n\/uploads\/2023\/03\/1420x240-Controle-de-Investimentos.png\"\n\t\t\t\t>\n\t\t\t<\/picture>\n\t\t<\/a>\n\t<\/p>\n\n\n","protected":false},"excerpt":{"rendered":"<p>O d\u00f3lar opera em baixa com a melhora dos mercados no exterior. Os investidores ajustam posi\u00e7\u00f5es de olho ainda na alta persistente do petr\u00f3leo, de mais de 2% h\u00e1 pouco, em meio aos desdobramentos da guerra da R\u00fassia contra a Ucr\u00e2nia. D\u00f3lar. Foto: Pixabay \u00c0s 11h15, o d\u00f3lar hoje recuava 0,48%, a R$ 5,08 e [&hellip;]<\/p>\n","protected":false},"author":15,"featured_media":166671,"comment_status":"closed","ping_status":"closed","sticky":false,"template":"","format":"standard","meta":[],"categories":[60],"tags":[326,1852,105816],"suno_strategy":[],"class_list":["post-238788","post","type-post","status-publish","format-standard","has-post-thumbnail","hentry","category-mercado","tag-dolar","tag-dolar-futuro","tag-especialistas"],"yoast_head":"<!-- This site is optimized with the Yoast SEO plugin v24.4 - https:\/\/yoast.com\/wordpress\/plugins\/seo\/ -->\n<title>D\u00f3lar recua de olho na melhora externa e alta do petr\u00f3leo<\/title>\n<meta name=\"description\" content=\"\u00c0s 11h15, o d\u00f3lar hoje recuava 0,48%, a R$ 5,08 e o d\u00f3lar futuro para abril ca\u00eda 0,62%, a R$ 5,11. Para saber mais clique aqui e confira\" \/>\n<meta name=\"robots\" content=\"index, follow, max-snippet:-1, max-image-preview:large, max-video-preview:-1\" \/>\n<link rel=\"canonical\" href=\"https:\/\/www.suno.com.br\/noticias\/dolar-recua-08032022\/\" \/>\n<meta property=\"og:locale\" content=\"pt_BR\" \/>\n<meta property=\"og:type\" content=\"article\" \/>\n<meta property=\"og:title\" content=\"D\u00f3lar recua de olho na melhora externa e alta do petr\u00f3leo\" \/>\n<meta property=\"og:description\" content=\"\u00c0s 11h15, o d\u00f3lar hoje recuava 0,48%, a R$ 5,08 e o d\u00f3lar futuro para abril ca\u00eda 0,62%, a R$ 5,11. Para saber mais clique aqui e confira\" \/>\n<meta property=\"og:url\" content=\"https:\/\/www.suno.com.br\/noticias\/dolar-recua-08032022\/\" \/>\n<meta property=\"og:site_name\" content=\"Suno Not\u00edcias\" \/>\n<meta property=\"article:publisher\" content=\"https:\/\/facebook.com\/sunoresearch\" \/>\n<meta property=\"og:image\" content=\"https:\/\/files.sunoresearch.com.br\/n\/uploads\/2021\/07\/98de8955-dollar-1362244_1920.jpg\" \/>\n\t<meta property=\"og:image:width\" content=\"1920\" \/>\n\t<meta property=\"og:image:height\" content=\"1280\" \/>\n\t<meta property=\"og:image:type\" content=\"image\/jpeg\" \/>\n<meta name=\"author\" content=\"Poliana Santos\" \/>\n<meta name=\"twitter:card\" content=\"summary_large_image\" \/>\n<meta name=\"twitter:creator\" content=\"@sunoresearch\" \/>\n<meta name=\"twitter:site\" content=\"@sunoresearch\" \/>\n<meta name=\"twitter:label1\" content=\"Escrito por\" \/>\n\t<meta name=\"twitter:data1\" content=\"Poliana Santos\" \/>\n\t<meta name=\"twitter:label2\" content=\"Est. tempo de leitura\" \/>\n\t<meta name=\"twitter:data2\" content=\"3 minutos\" \/>\n<script type=\"application\/ld+json\" class=\"yoast-schema-graph\">{\"@context\":\"https:\/\/schema.org\",\"@graph\":[{\"@type\":\"NewsArticle\",\"@id\":\"https:\/\/www.suno.com.br\/noticias\/dolar-recua-08032022\/#article\",\"isPartOf\":{\"@id\":\"https:\/\/www.suno.com.br\/noticias\/dolar-recua-08032022\/\"},\"author\":{\"name\":\"Poliana Santos\",\"@id\":\"https:\/\/www.suno.com.br\/noticias\/#\/schema\/person\/02ec1f752758247878a2bf4abee1aeda\"},\"headline\":\"D\u00f3lar recua de olho na melhora externa e alta do petr\u00f3leo\",\"datePublished\":\"2022-03-08T14:23:04+00:00\",\"mainEntityOfPage\":{\"@id\":\"https:\/\/www.suno.com.br\/noticias\/dolar-recua-08032022\/\"},\"wordCount\":778,\"publisher\":{\"@id\":\"https:\/\/www.suno.com.br\/noticias\/#organization\"},\"image\":{\"@id\":\"https:\/\/www.suno.com.br\/noticias\/dolar-recua-08032022\/#primaryimage\"},\"thumbnailUrl\":\"https:\/\/files.sunoresearch.com.br\/n\/uploads\/2021\/07\/98de8955-dollar-1362244_1920.jpg\",\"keywords\":[\"d\u00f3lar\",\"d\u00f3lar futuro\",\"Especialistas\"],\"articleSection\":[\"Mercado\"],\"inLanguage\":\"pt-BR\"},{\"@type\":\"WebPage\",\"@id\":\"https:\/\/www.suno.com.br\/noticias\/dolar-recua-08032022\/\",\"url\":\"https:\/\/www.suno.com.br\/noticias\/dolar-recua-08032022\/\",\"name\":\"D\u00f3lar recua de olho na melhora externa e alta do petr\u00f3leo\",\"isPartOf\":{\"@id\":\"https:\/\/www.suno.com.br\/noticias\/#website\"},\"primaryImageOfPage\":{\"@id\":\"https:\/\/www.suno.com.br\/noticias\/dolar-recua-08032022\/#primaryimage\"},\"image\":{\"@id\":\"https:\/\/www.suno.com.br\/noticias\/dolar-recua-08032022\/#primaryimage\"},\"thumbnailUrl\":\"https:\/\/files.sunoresearch.com.br\/n\/uploads\/2021\/07\/98de8955-dollar-1362244_1920.jpg\",\"datePublished\":\"2022-03-08T14:23:04+00:00\",\"description\":\"\u00c0s 11h15, o d\u00f3lar hoje recuava 0,48%, a R$ 5,08 e o d\u00f3lar futuro para abril ca\u00eda 0,62%, a R$ 5,11. Para saber mais clique aqui e confira\",\"breadcrumb\":{\"@id\":\"https:\/\/www.suno.com.br\/noticias\/dolar-recua-08032022\/#breadcrumb\"},\"inLanguage\":\"pt-BR\",\"potentialAction\":[{\"@type\":\"ReadAction\",\"target\":[\"https:\/\/www.suno.com.br\/noticias\/dolar-recua-08032022\/\"]}]},{\"@type\":\"ImageObject\",\"inLanguage\":\"pt-BR\",\"@id\":\"https:\/\/www.suno.com.br\/noticias\/dolar-recua-08032022\/#primaryimage\",\"url\":\"https:\/\/files.sunoresearch.com.br\/n\/uploads\/2021\/07\/98de8955-dollar-1362244_1920.jpg\",\"contentUrl\":\"https:\/\/files.sunoresearch.com.br\/n\/uploads\/2021\/07\/98de8955-dollar-1362244_1920.jpg\",\"width\":1920,\"height\":1280,\"caption\":\"D\u00f3lar. Foto: Pixabay\"},{\"@type\":\"BreadcrumbList\",\"@id\":\"https:\/\/www.suno.com.br\/noticias\/dolar-recua-08032022\/#breadcrumb\",\"itemListElement\":[{\"@type\":\"ListItem\",\"position\":1,\"name\":\"Not\u00edcias\",\"item\":\"https:\/\/www.suno.com.br\/noticias\/\"},{\"@type\":\"ListItem\",\"position\":2,\"name\":\"Mercado\",\"item\":\"https:\/\/www.suno.com.br\/noticias\/mercado\/\"},{\"@type\":\"ListItem\",\"position\":3,\"name\":\"D\u00f3lar recua de olho na melhora externa e alta do petr\u00f3leo\"}]},{\"@type\":\"WebSite\",\"@id\":\"https:\/\/www.suno.com.br\/noticias\/#website\",\"url\":\"https:\/\/www.suno.com.br\/noticias\/\",\"name\":\"Suno Not\u00edcias\",\"description\":\"Seu portal de informa\u00e7\u00e3o sobre o mundo dos investimentos\",\"publisher\":{\"@id\":\"https:\/\/www.suno.com.br\/noticias\/#organization\"},\"potentialAction\":[{\"@type\":\"SearchAction\",\"target\":{\"@type\":\"EntryPoint\",\"urlTemplate\":\"https:\/\/www.suno.com.br\/noticias\/?s={search_term_string}\"},\"query-input\":{\"@type\":\"PropertyValueSpecification\",\"valueRequired\":true,\"valueName\":\"search_term_string\"}}],\"inLanguage\":\"pt-BR\"},{\"@type\":\"Organization\",\"@id\":\"https:\/\/www.suno.com.br\/noticias\/#organization\",\"name\":\"Suno Not\u00edcias\",\"url\":\"https:\/\/www.suno.com.br\/noticias\/\",\"logo\":{\"@type\":\"ImageObject\",\"inLanguage\":\"pt-BR\",\"@id\":\"https:\/\/www.suno.com.br\/noticias\/#\/schema\/logo\/image\/\",\"url\":\"https:\/\/files.sunoresearch.com.br\/n\/uploads\/2021\/09\/suno-logo.png\",\"contentUrl\":\"https:\/\/files.sunoresearch.com.br\/n\/uploads\/2021\/09\/suno-logo.png\",\"width\":180,\"height\":180,\"caption\":\"Suno Not\u00edcias\"},\"image\":{\"@id\":\"https:\/\/www.suno.com.br\/noticias\/#\/schema\/logo\/image\/\"},\"sameAs\":[\"https:\/\/facebook.com\/sunoresearch\",\"https:\/\/x.com\/sunoresearch\",\"https:\/\/www.instagram.com\/suno\",\"https:\/\/www.linkedin.com\/company\/suno-research\/\",\"https:\/\/www.youtube.com\/c\/sunoresearch\"]},{\"@type\":\"Person\",\"@id\":\"https:\/\/www.suno.com.br\/noticias\/#\/schema\/person\/02ec1f752758247878a2bf4abee1aeda\",\"name\":\"Poliana Santos\",\"image\":{\"@type\":\"ImageObject\",\"inLanguage\":\"pt-BR\",\"@id\":\"https:\/\/www.suno.com.br\/noticias\/#\/schema\/person\/image\/\",\"url\":\"https:\/\/secure.gravatar.com\/avatar\/0645bd32f23d87b2130f2b2dff1d3f8d?s=96&r=g\",\"contentUrl\":\"https:\/\/secure.gravatar.com\/avatar\/0645bd32f23d87b2130f2b2dff1d3f8d?s=96&r=g\",\"caption\":\"Poliana Santos\"},\"description\":\"Rep\u00f3rter no Suno Not\u00edcias, com cobertura em mercado financeiro, economia, finan\u00e7as pessoais, renda fixa e varejo. Jornalista formada pela Faculdade C\u00e1sper L\u00edbero e possui passagem na R\u00e1dio Gazeta AM com a produ\u00e7\u00e3o de conte\u00fado sobre economia, pol\u00edtica, sa\u00fade, moda e m\u00fasica. Possui certificado de conclus\u00e3o do curso de An\u00e1lise de Balan\u00e7os pela Funda\u00e7\u00e3o Bradesco, Agenda Brasil pela FAAP, Educa\u00e7\u00e3o Pol\u00edtica por Alexandre Garcia e do Tesouro Direto e Mercado de A\u00e7\u00f5es pela B3.\",\"url\":\"https:\/\/www.suno.com.br\/noticias\/author\/poliana-santos\/\"}]}<\/script>\n<!-- \/ Yoast SEO plugin. -->","yoast_head_json":{"title":"D\u00f3lar recua de olho na melhora externa e alta do petr\u00f3leo","description":"\u00c0s 11h15, o d\u00f3lar hoje recuava 0,48%, a R$ 5,08 e o d\u00f3lar futuro para abril ca\u00eda 0,62%, a R$ 5,11. Para saber mais clique aqui e confira","robots":{"index":"index","follow":"follow","max-snippet":"max-snippet:-1","max-image-preview":"max-image-preview:large","max-video-preview":"max-video-preview:-1"},"canonical":"https:\/\/www.suno.com.br\/noticias\/dolar-recua-08032022\/","og_locale":"pt_BR","og_type":"article","og_title":"D\u00f3lar recua de olho na melhora externa e alta do petr\u00f3leo","og_description":"\u00c0s 11h15, o d\u00f3lar hoje recuava 0,48%, a R$ 5,08 e o d\u00f3lar futuro para abril ca\u00eda 0,62%, a R$ 5,11. Para saber mais clique aqui e confira","og_url":"https:\/\/www.suno.com.br\/noticias\/dolar-recua-08032022\/","og_site_name":"Suno Not\u00edcias","article_publisher":"https:\/\/facebook.com\/sunoresearch","og_image":[{"width":1920,"height":1280,"url":"https:\/\/files.sunoresearch.com.br\/n\/uploads\/2021\/07\/98de8955-dollar-1362244_1920.jpg","type":"image\/jpeg"}],"author":"Poliana Santos","twitter_card":"summary_large_image","twitter_creator":"@sunoresearch","twitter_site":"@sunoresearch","twitter_misc":{"Escrito por":"Poliana Santos","Est. tempo de leitura":"3 minutos"},"schema":{"@context":"https:\/\/schema.org","@graph":[{"@type":"NewsArticle","@id":"https:\/\/www.suno.com.br\/noticias\/dolar-recua-08032022\/#article","isPartOf":{"@id":"https:\/\/www.suno.com.br\/noticias\/dolar-recua-08032022\/"},"author":{"name":"Poliana Santos","@id":"https:\/\/www.suno.com.br\/noticias\/#\/schema\/person\/02ec1f752758247878a2bf4abee1aeda"},"headline":"D\u00f3lar recua de olho na melhora externa e alta do petr\u00f3leo","datePublished":"2022-03-08T14:23:04+00:00","mainEntityOfPage":{"@id":"https:\/\/www.suno.com.br\/noticias\/dolar-recua-08032022\/"},"wordCount":778,"publisher":{"@id":"https:\/\/www.suno.com.br\/noticias\/#organization"},"image":{"@id":"https:\/\/www.suno.com.br\/noticias\/dolar-recua-08032022\/#primaryimage"},"thumbnailUrl":"https:\/\/files.sunoresearch.com.br\/n\/uploads\/2021\/07\/98de8955-dollar-1362244_1920.jpg","keywords":["d\u00f3lar","d\u00f3lar futuro","Especialistas"],"articleSection":["Mercado"],"inLanguage":"pt-BR"},{"@type":"WebPage","@id":"https:\/\/www.suno.com.br\/noticias\/dolar-recua-08032022\/","url":"https:\/\/www.suno.com.br\/noticias\/dolar-recua-08032022\/","name":"D\u00f3lar recua de olho na melhora externa e alta do petr\u00f3leo","isPartOf":{"@id":"https:\/\/www.suno.com.br\/noticias\/#website"},"primaryImageOfPage":{"@id":"https:\/\/www.suno.com.br\/noticias\/dolar-recua-08032022\/#primaryimage"},"image":{"@id":"https:\/\/www.suno.com.br\/noticias\/dolar-recua-08032022\/#primaryimage"},"thumbnailUrl":"https:\/\/files.sunoresearch.com.br\/n\/uploads\/2021\/07\/98de8955-dollar-1362244_1920.jpg","datePublished":"2022-03-08T14:23:04+00:00","description":"\u00c0s 11h15, o d\u00f3lar hoje recuava 0,48%, a R$ 5,08 e o d\u00f3lar futuro para abril ca\u00eda 0,62%, a R$ 5,11. Para saber mais clique aqui e confira","breadcrumb":{"@id":"https:\/\/www.suno.com.br\/noticias\/dolar-recua-08032022\/#breadcrumb"},"inLanguage":"pt-BR","potentialAction":[{"@type":"ReadAction","target":["https:\/\/www.suno.com.br\/noticias\/dolar-recua-08032022\/"]}]},{"@type":"ImageObject","inLanguage":"pt-BR","@id":"https:\/\/www.suno.com.br\/noticias\/dolar-recua-08032022\/#primaryimage","url":"https:\/\/files.sunoresearch.com.br\/n\/uploads\/2021\/07\/98de8955-dollar-1362244_1920.jpg","contentUrl":"https:\/\/files.sunoresearch.com.br\/n\/uploads\/2021\/07\/98de8955-dollar-1362244_1920.jpg","width":1920,"height":1280,"caption":"D\u00f3lar. Foto: Pixabay"},{"@type":"BreadcrumbList","@id":"https:\/\/www.suno.com.br\/noticias\/dolar-recua-08032022\/#breadcrumb","itemListElement":[{"@type":"ListItem","position":1,"name":"Not\u00edcias","item":"https:\/\/www.suno.com.br\/noticias\/"},{"@type":"ListItem","position":2,"name":"Mercado","item":"https:\/\/www.suno.com.br\/noticias\/mercado\/"},{"@type":"ListItem","position":3,"name":"D\u00f3lar recua de olho na melhora externa e alta do petr\u00f3leo"}]},{"@type":"WebSite","@id":"https:\/\/www.suno.com.br\/noticias\/#website","url":"https:\/\/www.suno.com.br\/noticias\/","name":"Suno Not\u00edcias","description":"Seu portal de informa\u00e7\u00e3o sobre o mundo dos investimentos","publisher":{"@id":"https:\/\/www.suno.com.br\/noticias\/#organization"},"potentialAction":[{"@type":"SearchAction","target":{"@type":"EntryPoint","urlTemplate":"https:\/\/www.suno.com.br\/noticias\/?s={search_term_string}"},"query-input":{"@type":"PropertyValueSpecification","valueRequired":true,"valueName":"search_term_string"}}],"inLanguage":"pt-BR"},{"@type":"Organization","@id":"https:\/\/www.suno.com.br\/noticias\/#organization","name":"Suno Not\u00edcias","url":"https:\/\/www.suno.com.br\/noticias\/","logo":{"@type":"ImageObject","inLanguage":"pt-BR","@id":"https:\/\/www.suno.com.br\/noticias\/#\/schema\/logo\/image\/","url":"https:\/\/files.sunoresearch.com.br\/n\/uploads\/2021\/09\/suno-logo.png","contentUrl":"https:\/\/files.sunoresearch.com.br\/n\/uploads\/2021\/09\/suno-logo.png","width":180,"height":180,"caption":"Suno Not\u00edcias"},"image":{"@id":"https:\/\/www.suno.com.br\/noticias\/#\/schema\/logo\/image\/"},"sameAs":["https:\/\/facebook.com\/sunoresearch","https:\/\/x.com\/sunoresearch","https:\/\/www.instagram.com\/suno","https:\/\/www.linkedin.com\/company\/suno-research\/","https:\/\/www.youtube.com\/c\/sunoresearch"]},{"@type":"Person","@id":"https:\/\/www.suno.com.br\/noticias\/#\/schema\/person\/02ec1f752758247878a2bf4abee1aeda","name":"Poliana Santos","image":{"@type":"ImageObject","inLanguage":"pt-BR","@id":"https:\/\/www.suno.com.br\/noticias\/#\/schema\/person\/image\/","url":"https:\/\/secure.gravatar.com\/avatar\/0645bd32f23d87b2130f2b2dff1d3f8d?s=96&r=g","contentUrl":"https:\/\/secure.gravatar.com\/avatar\/0645bd32f23d87b2130f2b2dff1d3f8d?s=96&r=g","caption":"Poliana Santos"},"description":"Rep\u00f3rter no Suno Not\u00edcias, com cobertura em mercado financeiro, economia, finan\u00e7as pessoais, renda fixa e varejo. Jornalista formada pela Faculdade C\u00e1sper L\u00edbero e possui passagem na R\u00e1dio Gazeta AM com a produ\u00e7\u00e3o de conte\u00fado sobre economia, pol\u00edtica, sa\u00fade, moda e m\u00fasica. Possui certificado de conclus\u00e3o do curso de An\u00e1lise de Balan\u00e7os pela Funda\u00e7\u00e3o Bradesco, Agenda Brasil pela FAAP, Educa\u00e7\u00e3o Pol\u00edtica por Alexandre Garcia e do Tesouro Direto e Mercado de A\u00e7\u00f5es pela B3.","url":"https:\/\/www.suno.com.br\/noticias\/author\/poliana-santos\/"}]}},"default_loop_html":"<div class=\"cardsPage__listCard__boxs\"><div class=\"cardsPage__listCard__boxs__img\"><a href=\"https:\/\/www.suno.com.br\/noticias\/dolar-recua-08032022\/\"><img class=\"mask\" src=\"https:\/\/www.suno.com.br\/noticias\/wp-content\/themes\/suno\/resources\/images\/spotlight\/spotlight1img\/bg-mask.png\" alt=\"Image Mask\"\/><img src=\"https:\/\/files.sunoresearch.com.br\/n\/uploads\/2021\/07\/98de8955-dollar-1362244_1920-400x200.jpg\" alt=\"D\u00f3lar recua de olho na melhora externa e alta do petr\u00f3leo\"\/><\/a><span class=\"spotlightCategory\"><a href=\"https:\/\/www.suno.com.br\/noticias\/mercado\/\">Mercado<\/a><\/span><\/div><div class=\"cardsPage__listCard__boxs__content\"><a href=\"https:\/\/www.suno.com.br\/noticias\/dolar-recua-08032022\/\"><h2 class=\"content__title\">D\u00f3lar recua de olho na melhora externa e alta do petr\u00f3leo<\/h2><\/a><div class=\"newsContent__article__meta\"><div class=\"newsContent__article__meta__authorBox\"><a href=\"https:\/\/www.suno.com.br\/noticias\/author\/poliana-santos\/\" class=\"authorBox__avatar noMobi\"><img src=\"https:\/\/files.sunoresearch.com.br\/n\/uploads\/2020\/08\/7ef34026-whatsapp-image-2020-08-03-at-12.37.57-150x150.webp\" alt=\"Poliana Santos\"><\/a><div class=\"authorBox__name\"><span>por\n\t\t\t<a href=\"https:\/\/www.suno.com.br\/noticias\/author\/poliana-santos\/\"><span itemprop=\"author\">Poliana Santos<\/span><\/a><\/span><time datetime=\"2022-03-08T11:23:04-03:00\" itemprop=\"datePublished\">08\/03\/2022 11:23<\/time><\/div><\/div><\/div><\/div><\/div>","single_layout":"posts","amp_enabled":true,"_links":{"self":[{"href":"https:\/\/www.suno.com.br\/noticias\/wp-json\/wp\/v2\/posts\/238788"}],"collection":[{"href":"https:\/\/www.suno.com.br\/noticias\/wp-json\/wp\/v2\/posts"}],"about":[{"href":"https:\/\/www.suno.com.br\/noticias\/wp-json\/wp\/v2\/types\/post"}],"author":[{"embeddable":true,"href":"https:\/\/www.suno.com.br\/noticias\/wp-json\/wp\/v2\/users\/15"}],"replies":[{"embeddable":true,"href":"https:\/\/www.suno.com.br\/noticias\/wp-json\/wp\/v2\/comments?post=238788"}],"version-history":[{"count":3,"href":"https:\/\/www.suno.com.br\/noticias\/wp-json\/wp\/v2\/posts\/238788\/revisions"}],"predecessor-version":[{"id":238829,"href":"https:\/\/www.suno.com.br\/noticias\/wp-json\/wp\/v2\/posts\/238788\/revisions\/238829"}],"wp:featuredmedia":[{"embeddable":true,"href":"https:\/\/www.suno.com.br\/noticias\/wp-json\/wp\/v2\/media\/166671"}],"wp:attachment":[{"href":"https:\/\/www.suno.com.br\/noticias\/wp-json\/wp\/v2\/media?parent=238788"}],"wp:term":[{"taxonomy":"category","embeddable":true,"href":"https:\/\/www.suno.com.br\/noticias\/wp-json\/wp\/v2\/categories?post=238788"},{"taxonomy":"post_tag","embeddable":true,"href":"https:\/\/www.suno.com.br\/noticias\/wp-json\/wp\/v2\/tags?post=238788"},{"taxonomy":"suno_strategy","embeddable":true,"href":"https:\/\/www.suno.com.br\/noticias\/wp-json\/wp\/v2\/suno_strategy?post=238788"}],"curies":[{"name":"wp","href":"https:\/\/api.w.org\/{rel}","templated":true}]}}