{"id":23855,"date":"2019-05-09T09:28:47","date_gmt":"2019-05-09T12:28:47","guid":{"rendered":"https:\/\/www.suno.com.br\/noticias\/?p=23855"},"modified":"2019-05-09T09:54:25","modified_gmt":"2019-05-09T12:54:25","slug":"dolar-09052019","status":"publish","type":"post","link":"https:\/\/www.suno.com.br\/noticias\/dolar-09052019\/","title":{"rendered":"D\u00f3lar em alta ap\u00f3s Trump dizer que a China &#8220;quebrou o acordo&#8221; com os EUA"},"content":{"rendered":"<p>Ap\u00f3s uma queda de quase 1% na sess\u00e3o da \u00faltima quarta (8), o d\u00f3lar inicia a manh\u00e3 desta quinta (9) em alta, por conta do cen\u00e1rio externo.<\/p>\t<div class=\"wrapper-featured-image\">\n\t\t<figure class=\"spotlightImg\">\n\n\t\t\t<picture>\n\t\t\t\t<source media=\"(max-width: 768px)\" srcset=\"https:\/\/files.sunoresearch.com.br\/n\/uploads\/2019\/05\/95e2beef-d\u00f3lar-400x200.webp\">\n\t\t\t\t<img loading=\"lazy\" decoding=\"async\" class=\"newsContent__article__imgCapa lazyloadDisabled newsContent__article__imgCapa--noCaption\" src=\"https:\/\/files.sunoresearch.com.br\/n\/uploads\/2019\/05\/95e2beef-d\u00f3lar-800x450.webp\" width=\"800\" height=\"450\" alt=\"D\u00f3lar em alta ap\u00f3s Trump dizer que a China &#8220;quebrou o acordo&#8221; com os EUA\" fetchpriority=high \/>\n\t\t\t<\/picture>\n\n\t\t\t<figcaption class=\"wp-caption-text wp-caption-text--hide\">Opep vai cortar produ\u00e7\u00e3o em 20 mi de barris de petr\u00f3leo, anuncia Trump<\/figcaption>\n\t\t<\/figure>\n\t<\/div>\n\n\n<p>A moeda norte-americana inicia o preg\u00e3o com uma alta de +0,842% sendo negociada a R$ 3,9663. Nesta quinta, <strong>d\u00f3lar<\/strong> \u00e9 impactado pela <strong>reforma<\/strong> <strong>da<\/strong> <strong>Previd\u00eancia<\/strong> e tamb\u00e9m pelas tens\u00f5es do exterior, referentes \u00e0s tens\u00f5es das negocia\u00e7\u00f5es comerciais entre <strong>China<\/strong> e <strong>Estados<\/strong> <strong>Unidos<\/strong>.<\/p>\n\t<p>\n\t\t<a href=\"https:\/\/lp.suno.com.br\/ao\/cadastro-whatsapp\/\" target=\"_blank\" data-element=\"shortcode-suno-banner\" title=\"Banner SUNO, clique e saiba mais\">\n\t\t\t<picture>\n\t\t\t\t<source media=\"(max-width: 500px)\" srcset=\"https:\/\/files.sunoresearch.com.br\/n\/uploads\/2024\/02\/400x300-Mobile-Artigos-7.png\">\n\t\t\t\t<img class=\"newsContent__article__imgCapa newsContent__article__imgCapa--banner\"\n\t\t\t\t\tsrc=\"https:\/\/files.sunoresearch.com.br\/n\/uploads\/2024\/01\/1420x240-Banner-Artigos-1-_-Banner-Materias-8.png\"\n\t\t\t\t\tdata-promo-id=\"517344\"\t\t\t\t\t\t\t\t\t\twidth='1420' height='240'\t\t\t\t\talt=\"https:\/\/files.sunoresearch.com.br\/n\/uploads\/2024\/01\/1420x240-Banner-Artigos-1-_-Banner-Materias-8.png\"\n\t\t\t\t>\n\t\t\t<\/picture>\n\t\t<\/a>\n\t<\/p>\n\n\n<h2>Tramita\u00e7\u00e3o da reforma<\/h2>\n<p>A <strong>reforma da Previd\u00eancia<\/strong> deu um novo passo rumo a vota\u00e7\u00e3o na C\u00e2mara dos Deputados. Na quarta, a comiss\u00e3o especial passou a analisar o texto da reforma e a primeira sess\u00e3o contou com a presen\u00e7a do ministro da Economia, <strong>Paulo Guedes<\/strong>.<\/p>\n<p>A estrat\u00e9gia de blindagem por parte dos aliados do governo deu certo e o ministro, diferente do que havia acontecido na <strong>Comiss\u00e3o de Constitui\u00e7\u00e3o e Justi\u00e7a (CCJ)<\/strong>, conseguiu expor a necessidade da aprova\u00e7\u00e3o do texto.<\/p>\n<p>Durante seu discurso, Guedes voltou a avaliar a import\u00e2ncia da reforma, citando que a Previd\u00eancia est\u00e1 quebrada e que a atual pir\u00e2mide et\u00e1ria do Brasil n\u00e3o consegue sustentar o sistema.<\/p>\n<p><a href=\"https:\/\/www.suno.com.br\/noticias\/previdencia-guedes-regime-falencia-comissao-especial\/\">Saiba mais:\u00a0Previd\u00eancia: regime atual est\u00e1 condenado \u00e0 fal\u00eancia, diz Guedes em Comiss\u00e3o Especial<\/a><\/p>\n<p>&#8220;O sistema j\u00e1 est\u00e1 condenado \u00e0 quebra e j\u00e1 est\u00e1 hoje tecnicamente em d\u00e9ficit em todas as suas dimens\u00f5es muito antes de a popula\u00e7\u00e3o envelhecer. As disfun\u00e7\u00f5es s\u00e3o evidentes e a insustentabilidade financeira \u00e9 evidente&#8221;, afirmou.<\/p>\n<p>O presidente da <strong>comiss\u00e3o especial<\/strong>, Marcelo Ramos, disse que agora o ministro dever\u00e1 mostrar aos deputados os n\u00fameros e dados que comp\u00f5e o texto da proposta do governo.<\/p>\n<h2>Copom mant\u00e9m Selic<\/h2>\n<p>O\u00a0<a href=\"https:\/\/www.suno.com.br\/artigos\/copom\/\">Comit\u00ea de Pol\u00edticas Monet\u00e1rias<\/a> (<strong>Copom<\/strong>) decidiu manter a a taxa Selic a <strong>6,5%<\/strong>. Esta \u00e9 a nona decis\u00e3o consecutiva para manter os<strong> juros b\u00e1sicos<\/strong> no mesmo patamar.<\/p>\n<p>A<strong> taxa Selic<\/strong> foi mantida apesar da piora na proje\u00e7\u00e3o do <a href=\"https:\/\/www.suno.com.br\/artigos\/pib-produto-interno-bruto\/\">Produto Interno Bruto<\/a> (PIB). De acordo com o<strong> Boletim Focus<\/strong> desta semana, o mercado financeiro aguarda um crescimento do <strong>PIB<\/strong> de 1,49% ao fim deste ano.<\/p>\n<p><a href=\"https:\/\/www.suno.com.br\/noticias\/taxa-selic-decisao-copom\/\">Saiba mais:\u00a0Taxa Selic \u00e9 mantida a 6,5%, apesar de redu\u00e7\u00e3o de proje\u00e7\u00e3o do PIB<\/a><\/p>\n<p>Na semana passada, a proje\u00e7\u00e3o era 1,71%. Enquanto no primeiro Boletim Focus do ano, a estimativa para o <strong>PIB<\/strong> era de 2,53%.<\/p>\n<h2>Negocia\u00e7\u00f5es comerciais<\/h2>\n<p>As tens\u00f5es entre <strong>Estados Unidos<\/strong> e <strong>China<\/strong> aumentaram nesta semana. O presidente norte-americano, <strong>Donald Trump<\/strong>, afirmou durante seu com\u00edcio na Florida que a China &#8220;quebrou o acordo&#8221; comercial que estava sendo elaborado.<\/p>\n<p>Trump culpou a China pelo colapso das negocia\u00e7\u00f5es, seguindo a sua publica\u00e7\u00e3o no Twitter, durante o \u00faltimo domingo (5), onde afirmou que as tarifas sobre importa\u00e7\u00f5es chinesas seriam elevadas em US$ 200 bilh\u00f5es de bens chineses.<\/p>\n<p><a href=\"https:\/\/www.suno.com.br\/noticias\/eua-china-donald-trump\/\">Saiba mais:\u00a0Donald Trump confirma presen\u00e7a do vice-premi\u00ea da China em Washington<\/a><\/p>\n<p>Em contrapartida, na \u00faltima quarta, a China disse que vai retaliar os <strong>EUA<\/strong> caso os aumentos tarif\u00e1rios sejam confirmados. A eleva\u00e7\u00e3o dos tributos dever\u00e1 acontecer na sexta-feira (10), segundo Trump.<\/p>\n<p>O vice-primeiro-ministro chin\u00eas, <strong>Liu<\/strong> <strong>He<\/strong>, foi aos Estados Unidos com sua delega\u00e7\u00e3o para encontrar uma sa\u00edda para as negocia\u00e7\u00f5es.<\/p>\n\t<p>\n\t\t<a href=\"https:\/\/lp.suno.com.br\/lm\/simulador-de-renda-passiva\/\" target=\"_blank\" data-element=\"shortcode-suno-banner\" title=\"Banner SUNO, clique e saiba mais\">\n\t\t\t<picture>\n\t\t\t\t<source media=\"(max-width: 500px)\" srcset=\"https:\/\/files.sunoresearch.com.br\/n\/uploads\/2024\/04\/Lead-Magnet-400x300-1.png\">\n\t\t\t\t<img class=\"newsContent__article__imgCapa newsContent__article__imgCapa--banner\"\n\t\t\t\t\tsrc=\"https:\/\/files.sunoresearch.com.br\/n\/uploads\/2024\/04\/Lead-Magnet-1420x240-1.png\"\n\t\t\t\t\tdata-promo-id=\"543552\"\t\t\t\t\t\t\t\t\t\twidth='1420' height='240'\t\t\t\t\talt=\"https:\/\/files.sunoresearch.com.br\/n\/uploads\/2024\/04\/Lead-Magnet-1420x240-1.png\"\n\t\t\t\t>\n\t\t\t<\/picture>\n\t\t<\/a>\n\t<\/p>\n\n\n<h2>\u00daltima cota\u00e7\u00e3o<\/h2>\n<p>Na \u00faltima quarta-feira (8), o <strong>d\u00f3lar<\/strong> registrou uma queda de 0,912% finalizando o preg\u00e3o com o valor de R$ 3,9332<\/p>\n","protected":false},"excerpt":{"rendered":"<p>Ap\u00f3s uma queda de quase 1% na sess\u00e3o da \u00faltima quarta (8), o d\u00f3lar inicia a manh\u00e3 desta quinta (9) em alta, por conta do cen\u00e1rio externo. Opep vai cortar produ\u00e7\u00e3o em 20 mi de barris de petr\u00f3leo, anuncia Trump A moeda norte-americana inicia o preg\u00e3o com uma alta de +0,842% sendo negociada a R$ [&hellip;]<\/p>\n","protected":false},"author":11,"featured_media":23868,"comment_status":"closed","ping_status":"closed","sticky":false,"template":"","format":"standard","meta":[],"categories":[60],"tags":[326],"suno_strategy":[],"class_list":["post-23855","post","type-post","status-publish","format-standard","has-post-thumbnail","hentry","category-mercado","tag-dolar"],"yoast_head":"<!-- This site is optimized with the Yoast SEO plugin v24.4 - https:\/\/yoast.com\/wordpress\/plugins\/seo\/ -->\n<title>D\u00f3lar em alta; Trump diz que a China &quot;quebrou o acordo&quot; com os EUA<\/title>\n<meta name=\"description\" content=\"Ap\u00f3s queda de quase 1% na \u00faltima sess\u00e3o, o d\u00f3lar volta a ter alta com tens\u00f5es externas referentes ao acordo comercial. Clique e saiba mais.\" \/>\n<meta name=\"robots\" content=\"index, follow, max-snippet:-1, max-image-preview:large, max-video-preview:-1\" \/>\n<link rel=\"canonical\" href=\"https:\/\/www.suno.com.br\/noticias\/dolar-09052019\/\" \/>\n<meta property=\"og:locale\" content=\"pt_BR\" \/>\n<meta property=\"og:type\" content=\"article\" \/>\n<meta property=\"og:title\" content=\"D\u00f3lar em alta; Trump diz que a China &quot;quebrou o acordo&quot; com os EUA\" \/>\n<meta property=\"og:description\" content=\"Ap\u00f3s queda de quase 1% na \u00faltima sess\u00e3o, o d\u00f3lar volta a ter alta com tens\u00f5es externas referentes ao acordo comercial. Clique e saiba mais.\" \/>\n<meta property=\"og:url\" content=\"https:\/\/www.suno.com.br\/noticias\/dolar-09052019\/\" \/>\n<meta property=\"og:site_name\" content=\"Suno Not\u00edcias\" \/>\n<meta property=\"article:publisher\" content=\"https:\/\/facebook.com\/sunoresearch\" \/>\n<meta property=\"og:image\" content=\"https:\/\/files.sunoresearch.com.br\/n\/uploads\/2019\/05\/95e2beef-d\u00f3lar.jpg\" \/>\n\t<meta property=\"og:image:width\" content=\"1140\" \/>\n\t<meta property=\"og:image:height\" content=\"760\" \/>\n\t<meta property=\"og:image:type\" content=\"image\/jpeg\" \/>\n<meta name=\"author\" content=\"Renan Bandeira\" \/>\n<meta name=\"twitter:card\" content=\"summary_large_image\" \/>\n<meta name=\"twitter:creator\" content=\"@sunoresearch\" \/>\n<meta name=\"twitter:site\" content=\"@sunoresearch\" \/>\n<meta name=\"twitter:label1\" content=\"Escrito por\" \/>\n\t<meta name=\"twitter:data1\" content=\"Renan Bandeira\" \/>\n\t<meta name=\"twitter:label2\" content=\"Est. tempo de leitura\" \/>\n\t<meta name=\"twitter:data2\" content=\"3 minutos\" \/>\n<script type=\"application\/ld+json\" class=\"yoast-schema-graph\">{\"@context\":\"https:\/\/schema.org\",\"@graph\":[{\"@type\":\"NewsArticle\",\"@id\":\"https:\/\/www.suno.com.br\/noticias\/dolar-09052019\/#article\",\"isPartOf\":{\"@id\":\"https:\/\/www.suno.com.br\/noticias\/dolar-09052019\/\"},\"author\":{\"name\":\"Renan Bandeira\",\"@id\":\"https:\/\/www.suno.com.br\/noticias\/#\/schema\/person\/fc144a1c6108bd1dcd43784e88a3c138\"},\"headline\":\"D\u00f3lar em alta ap\u00f3s Trump dizer que a China &#8220;quebrou o acordo&#8221; com os EUA\",\"datePublished\":\"2019-05-09T12:28:47+00:00\",\"dateModified\":\"2019-05-09T12:54:25+00:00\",\"mainEntityOfPage\":{\"@id\":\"https:\/\/www.suno.com.br\/noticias\/dolar-09052019\/\"},\"wordCount\":580,\"publisher\":{\"@id\":\"https:\/\/www.suno.com.br\/noticias\/#organization\"},\"image\":{\"@id\":\"https:\/\/www.suno.com.br\/noticias\/dolar-09052019\/#primaryimage\"},\"thumbnailUrl\":\"https:\/\/files.sunoresearch.com.br\/n\/uploads\/2019\/05\/95e2beef-d\u00f3lar-jpg.webp\",\"keywords\":[\"d\u00f3lar\"],\"articleSection\":[\"Mercado\"],\"inLanguage\":\"pt-BR\"},{\"@type\":\"WebPage\",\"@id\":\"https:\/\/www.suno.com.br\/noticias\/dolar-09052019\/\",\"url\":\"https:\/\/www.suno.com.br\/noticias\/dolar-09052019\/\",\"name\":\"D\u00f3lar em alta; Trump diz que a China \\\"quebrou o acordo\\\" com os EUA\",\"isPartOf\":{\"@id\":\"https:\/\/www.suno.com.br\/noticias\/#website\"},\"primaryImageOfPage\":{\"@id\":\"https:\/\/www.suno.com.br\/noticias\/dolar-09052019\/#primaryimage\"},\"image\":{\"@id\":\"https:\/\/www.suno.com.br\/noticias\/dolar-09052019\/#primaryimage\"},\"thumbnailUrl\":\"https:\/\/files.sunoresearch.com.br\/n\/uploads\/2019\/05\/95e2beef-d\u00f3lar-jpg.webp\",\"datePublished\":\"2019-05-09T12:28:47+00:00\",\"dateModified\":\"2019-05-09T12:54:25+00:00\",\"description\":\"Ap\u00f3s queda de quase 1% na \u00faltima sess\u00e3o, o d\u00f3lar volta a ter alta com tens\u00f5es externas referentes ao acordo comercial. Clique e saiba mais.\",\"breadcrumb\":{\"@id\":\"https:\/\/www.suno.com.br\/noticias\/dolar-09052019\/#breadcrumb\"},\"inLanguage\":\"pt-BR\",\"potentialAction\":[{\"@type\":\"ReadAction\",\"target\":[\"https:\/\/www.suno.com.br\/noticias\/dolar-09052019\/\"]}]},{\"@type\":\"ImageObject\",\"inLanguage\":\"pt-BR\",\"@id\":\"https:\/\/www.suno.com.br\/noticias\/dolar-09052019\/#primaryimage\",\"url\":\"https:\/\/files.sunoresearch.com.br\/n\/uploads\/2019\/05\/95e2beef-d\u00f3lar-jpg.webp\",\"contentUrl\":\"https:\/\/files.sunoresearch.com.br\/n\/uploads\/2019\/05\/95e2beef-d\u00f3lar-jpg.webp\",\"width\":1140,\"height\":760,\"caption\":\"Opep vai cortar produ\u00e7\u00e3o em 20 mi de barris de petr\u00f3leo, anuncia Trump\"},{\"@type\":\"BreadcrumbList\",\"@id\":\"https:\/\/www.suno.com.br\/noticias\/dolar-09052019\/#breadcrumb\",\"itemListElement\":[{\"@type\":\"ListItem\",\"position\":1,\"name\":\"Not\u00edcias\",\"item\":\"https:\/\/www.suno.com.br\/noticias\/\"},{\"@type\":\"ListItem\",\"position\":2,\"name\":\"Mercado\",\"item\":\"https:\/\/www.suno.com.br\/noticias\/mercado\/\"},{\"@type\":\"ListItem\",\"position\":3,\"name\":\"D\u00f3lar em alta ap\u00f3s Trump dizer que a China &#8220;quebrou o acordo&#8221; com os EUA\"}]},{\"@type\":\"WebSite\",\"@id\":\"https:\/\/www.suno.com.br\/noticias\/#website\",\"url\":\"https:\/\/www.suno.com.br\/noticias\/\",\"name\":\"Suno Not\u00edcias\",\"description\":\"Seu portal de informa\u00e7\u00e3o sobre o mundo dos investimentos\",\"publisher\":{\"@id\":\"https:\/\/www.suno.com.br\/noticias\/#organization\"},\"potentialAction\":[{\"@type\":\"SearchAction\",\"target\":{\"@type\":\"EntryPoint\",\"urlTemplate\":\"https:\/\/www.suno.com.br\/noticias\/?s={search_term_string}\"},\"query-input\":{\"@type\":\"PropertyValueSpecification\",\"valueRequired\":true,\"valueName\":\"search_term_string\"}}],\"inLanguage\":\"pt-BR\"},{\"@type\":\"Organization\",\"@id\":\"https:\/\/www.suno.com.br\/noticias\/#organization\",\"name\":\"Suno Not\u00edcias\",\"url\":\"https:\/\/www.suno.com.br\/noticias\/\",\"logo\":{\"@type\":\"ImageObject\",\"inLanguage\":\"pt-BR\",\"@id\":\"https:\/\/www.suno.com.br\/noticias\/#\/schema\/logo\/image\/\",\"url\":\"https:\/\/files.sunoresearch.com.br\/n\/uploads\/2021\/09\/suno-logo.png\",\"contentUrl\":\"https:\/\/files.sunoresearch.com.br\/n\/uploads\/2021\/09\/suno-logo.png\",\"width\":180,\"height\":180,\"caption\":\"Suno Not\u00edcias\"},\"image\":{\"@id\":\"https:\/\/www.suno.com.br\/noticias\/#\/schema\/logo\/image\/\"},\"sameAs\":[\"https:\/\/facebook.com\/sunoresearch\",\"https:\/\/x.com\/sunoresearch\",\"https:\/\/www.instagram.com\/suno\",\"https:\/\/www.linkedin.com\/company\/suno-research\/\",\"https:\/\/www.youtube.com\/c\/sunoresearch\"]},{\"@type\":\"Person\",\"@id\":\"https:\/\/www.suno.com.br\/noticias\/#\/schema\/person\/fc144a1c6108bd1dcd43784e88a3c138\",\"name\":\"Renan Bandeira\",\"image\":{\"@type\":\"ImageObject\",\"inLanguage\":\"pt-BR\",\"@id\":\"https:\/\/www.suno.com.br\/noticias\/#\/schema\/person\/image\/\",\"url\":\"https:\/\/secure.gravatar.com\/avatar\/68359cdb608f14f11bbefcb78f3fc747?s=96&r=g\",\"contentUrl\":\"https:\/\/secure.gravatar.com\/avatar\/68359cdb608f14f11bbefcb78f3fc747?s=96&r=g\",\"caption\":\"Renan Bandeira\"},\"description\":\"Renan Bandeira escreve sobre pol\u00edtica e economia para o portal da Suno Research. Antes da Suno, trabalhou em uma rede de televis\u00e3o, onde fazia reportagens sobre os mesmos temas. Estuda na Universidade Metodista de S\u00e3o Paulo.\",\"url\":\"https:\/\/www.suno.com.br\/noticias\/author\/renan-bandeira\/\"}]}<\/script>\n<!-- \/ Yoast SEO plugin. -->","yoast_head_json":{"title":"D\u00f3lar em alta; Trump diz que a China \"quebrou o acordo\" com os EUA","description":"Ap\u00f3s queda de quase 1% na \u00faltima sess\u00e3o, o d\u00f3lar volta a ter alta com tens\u00f5es externas referentes ao acordo comercial. Clique e saiba mais.","robots":{"index":"index","follow":"follow","max-snippet":"max-snippet:-1","max-image-preview":"max-image-preview:large","max-video-preview":"max-video-preview:-1"},"canonical":"https:\/\/www.suno.com.br\/noticias\/dolar-09052019\/","og_locale":"pt_BR","og_type":"article","og_title":"D\u00f3lar em alta; Trump diz que a China \"quebrou o acordo\" com os EUA","og_description":"Ap\u00f3s queda de quase 1% na \u00faltima sess\u00e3o, o d\u00f3lar volta a ter alta com tens\u00f5es externas referentes ao acordo comercial. Clique e saiba mais.","og_url":"https:\/\/www.suno.com.br\/noticias\/dolar-09052019\/","og_site_name":"Suno Not\u00edcias","article_publisher":"https:\/\/facebook.com\/sunoresearch","og_image":[{"width":1140,"height":760,"url":"https:\/\/files.sunoresearch.com.br\/n\/uploads\/2019\/05\/95e2beef-d\u00f3lar.jpg","type":"image\/jpeg"}],"author":"Renan Bandeira","twitter_card":"summary_large_image","twitter_creator":"@sunoresearch","twitter_site":"@sunoresearch","twitter_misc":{"Escrito por":"Renan Bandeira","Est. tempo de leitura":"3 minutos"},"schema":{"@context":"https:\/\/schema.org","@graph":[{"@type":"NewsArticle","@id":"https:\/\/www.suno.com.br\/noticias\/dolar-09052019\/#article","isPartOf":{"@id":"https:\/\/www.suno.com.br\/noticias\/dolar-09052019\/"},"author":{"name":"Renan Bandeira","@id":"https:\/\/www.suno.com.br\/noticias\/#\/schema\/person\/fc144a1c6108bd1dcd43784e88a3c138"},"headline":"D\u00f3lar em alta ap\u00f3s Trump dizer que a China &#8220;quebrou o acordo&#8221; com os EUA","datePublished":"2019-05-09T12:28:47+00:00","dateModified":"2019-05-09T12:54:25+00:00","mainEntityOfPage":{"@id":"https:\/\/www.suno.com.br\/noticias\/dolar-09052019\/"},"wordCount":580,"publisher":{"@id":"https:\/\/www.suno.com.br\/noticias\/#organization"},"image":{"@id":"https:\/\/www.suno.com.br\/noticias\/dolar-09052019\/#primaryimage"},"thumbnailUrl":"https:\/\/files.sunoresearch.com.br\/n\/uploads\/2019\/05\/95e2beef-d\u00f3lar-jpg.webp","keywords":["d\u00f3lar"],"articleSection":["Mercado"],"inLanguage":"pt-BR"},{"@type":"WebPage","@id":"https:\/\/www.suno.com.br\/noticias\/dolar-09052019\/","url":"https:\/\/www.suno.com.br\/noticias\/dolar-09052019\/","name":"D\u00f3lar em alta; Trump diz que a China \"quebrou o acordo\" com os EUA","isPartOf":{"@id":"https:\/\/www.suno.com.br\/noticias\/#website"},"primaryImageOfPage":{"@id":"https:\/\/www.suno.com.br\/noticias\/dolar-09052019\/#primaryimage"},"image":{"@id":"https:\/\/www.suno.com.br\/noticias\/dolar-09052019\/#primaryimage"},"thumbnailUrl":"https:\/\/files.sunoresearch.com.br\/n\/uploads\/2019\/05\/95e2beef-d\u00f3lar-jpg.webp","datePublished":"2019-05-09T12:28:47+00:00","dateModified":"2019-05-09T12:54:25+00:00","description":"Ap\u00f3s queda de quase 1% na \u00faltima sess\u00e3o, o d\u00f3lar volta a ter alta com tens\u00f5es externas referentes ao acordo comercial. Clique e saiba mais.","breadcrumb":{"@id":"https:\/\/www.suno.com.br\/noticias\/dolar-09052019\/#breadcrumb"},"inLanguage":"pt-BR","potentialAction":[{"@type":"ReadAction","target":["https:\/\/www.suno.com.br\/noticias\/dolar-09052019\/"]}]},{"@type":"ImageObject","inLanguage":"pt-BR","@id":"https:\/\/www.suno.com.br\/noticias\/dolar-09052019\/#primaryimage","url":"https:\/\/files.sunoresearch.com.br\/n\/uploads\/2019\/05\/95e2beef-d\u00f3lar-jpg.webp","contentUrl":"https:\/\/files.sunoresearch.com.br\/n\/uploads\/2019\/05\/95e2beef-d\u00f3lar-jpg.webp","width":1140,"height":760,"caption":"Opep vai cortar produ\u00e7\u00e3o em 20 mi de barris de petr\u00f3leo, anuncia Trump"},{"@type":"BreadcrumbList","@id":"https:\/\/www.suno.com.br\/noticias\/dolar-09052019\/#breadcrumb","itemListElement":[{"@type":"ListItem","position":1,"name":"Not\u00edcias","item":"https:\/\/www.suno.com.br\/noticias\/"},{"@type":"ListItem","position":2,"name":"Mercado","item":"https:\/\/www.suno.com.br\/noticias\/mercado\/"},{"@type":"ListItem","position":3,"name":"D\u00f3lar em alta ap\u00f3s Trump dizer que a China &#8220;quebrou o acordo&#8221; com os EUA"}]},{"@type":"WebSite","@id":"https:\/\/www.suno.com.br\/noticias\/#website","url":"https:\/\/www.suno.com.br\/noticias\/","name":"Suno Not\u00edcias","description":"Seu portal de informa\u00e7\u00e3o sobre o mundo dos investimentos","publisher":{"@id":"https:\/\/www.suno.com.br\/noticias\/#organization"},"potentialAction":[{"@type":"SearchAction","target":{"@type":"EntryPoint","urlTemplate":"https:\/\/www.suno.com.br\/noticias\/?s={search_term_string}"},"query-input":{"@type":"PropertyValueSpecification","valueRequired":true,"valueName":"search_term_string"}}],"inLanguage":"pt-BR"},{"@type":"Organization","@id":"https:\/\/www.suno.com.br\/noticias\/#organization","name":"Suno Not\u00edcias","url":"https:\/\/www.suno.com.br\/noticias\/","logo":{"@type":"ImageObject","inLanguage":"pt-BR","@id":"https:\/\/www.suno.com.br\/noticias\/#\/schema\/logo\/image\/","url":"https:\/\/files.sunoresearch.com.br\/n\/uploads\/2021\/09\/suno-logo.png","contentUrl":"https:\/\/files.sunoresearch.com.br\/n\/uploads\/2021\/09\/suno-logo.png","width":180,"height":180,"caption":"Suno Not\u00edcias"},"image":{"@id":"https:\/\/www.suno.com.br\/noticias\/#\/schema\/logo\/image\/"},"sameAs":["https:\/\/facebook.com\/sunoresearch","https:\/\/x.com\/sunoresearch","https:\/\/www.instagram.com\/suno","https:\/\/www.linkedin.com\/company\/suno-research\/","https:\/\/www.youtube.com\/c\/sunoresearch"]},{"@type":"Person","@id":"https:\/\/www.suno.com.br\/noticias\/#\/schema\/person\/fc144a1c6108bd1dcd43784e88a3c138","name":"Renan Bandeira","image":{"@type":"ImageObject","inLanguage":"pt-BR","@id":"https:\/\/www.suno.com.br\/noticias\/#\/schema\/person\/image\/","url":"https:\/\/secure.gravatar.com\/avatar\/68359cdb608f14f11bbefcb78f3fc747?s=96&r=g","contentUrl":"https:\/\/secure.gravatar.com\/avatar\/68359cdb608f14f11bbefcb78f3fc747?s=96&r=g","caption":"Renan Bandeira"},"description":"Renan Bandeira escreve sobre pol\u00edtica e economia para o portal da Suno Research. Antes da Suno, trabalhou em uma rede de televis\u00e3o, onde fazia reportagens sobre os mesmos temas. Estuda na Universidade Metodista de S\u00e3o Paulo.","url":"https:\/\/www.suno.com.br\/noticias\/author\/renan-bandeira\/"}]}},"default_loop_html":"<div class=\"cardsPage__listCard__boxs\"><div class=\"cardsPage__listCard__boxs__img\"><a href=\"https:\/\/www.suno.com.br\/noticias\/dolar-09052019\/\"><img class=\"mask\" src=\"https:\/\/www.suno.com.br\/noticias\/wp-content\/themes\/suno\/resources\/images\/spotlight\/spotlight1img\/bg-mask.png\" alt=\"Image Mask\"\/><img src=\"https:\/\/files.sunoresearch.com.br\/n\/uploads\/2019\/05\/95e2beef-d\u00f3lar-400x200.webp\" alt=\"D\u00f3lar em alta ap\u00f3s Trump dizer que a China &#8220;quebrou o acordo&#8221; com os EUA\"\/><\/a><span class=\"spotlightCategory\"><a href=\"https:\/\/www.suno.com.br\/noticias\/mercado\/\">Mercado<\/a><\/span><\/div><div class=\"cardsPage__listCard__boxs__content\"><a href=\"https:\/\/www.suno.com.br\/noticias\/dolar-09052019\/\"><h2 class=\"content__title\">D\u00f3lar em alta ap\u00f3s Trump dizer que a China &#8220;quebrou o acordo&#8221; com os EUA<\/h2><\/a><div class=\"newsContent__article__meta\"><div class=\"newsContent__article__meta__authorBox\"><a href=\"https:\/\/www.suno.com.br\/noticias\/author\/renan-bandeira\/\" class=\"authorBox__avatar noMobi\"><img src=\"https:\/\/secure.gravatar.com\/avatar\/68359cdb608f14f11bbefcb78f3fc747?s=96&#038;r=g\" alt=\"Renan Bandeira\"><\/a><div class=\"authorBox__name\"><span>por\n\t\t\t<a href=\"https:\/\/www.suno.com.br\/noticias\/author\/renan-bandeira\/\"><span itemprop=\"author\">Renan Bandeira<\/span><\/a><\/span><time datetime=\"2019-05-09T09:28:47-03:00\" itemprop=\"datePublished\">09\/05\/2019 09:28<\/time><\/div><\/div><\/div><\/div><\/div>","single_layout":"posts","amp_enabled":true,"_links":{"self":[{"href":"https:\/\/www.suno.com.br\/noticias\/wp-json\/wp\/v2\/posts\/23855"}],"collection":[{"href":"https:\/\/www.suno.com.br\/noticias\/wp-json\/wp\/v2\/posts"}],"about":[{"href":"https:\/\/www.suno.com.br\/noticias\/wp-json\/wp\/v2\/types\/post"}],"author":[{"embeddable":true,"href":"https:\/\/www.suno.com.br\/noticias\/wp-json\/wp\/v2\/users\/11"}],"replies":[{"embeddable":true,"href":"https:\/\/www.suno.com.br\/noticias\/wp-json\/wp\/v2\/comments?post=23855"}],"version-history":[{"count":0,"href":"https:\/\/www.suno.com.br\/noticias\/wp-json\/wp\/v2\/posts\/23855\/revisions"}],"wp:featuredmedia":[{"embeddable":true,"href":"https:\/\/www.suno.com.br\/noticias\/wp-json\/wp\/v2\/media\/23868"}],"wp:attachment":[{"href":"https:\/\/www.suno.com.br\/noticias\/wp-json\/wp\/v2\/media?parent=23855"}],"wp:term":[{"taxonomy":"category","embeddable":true,"href":"https:\/\/www.suno.com.br\/noticias\/wp-json\/wp\/v2\/categories?post=23855"},{"taxonomy":"post_tag","embeddable":true,"href":"https:\/\/www.suno.com.br\/noticias\/wp-json\/wp\/v2\/tags?post=23855"},{"taxonomy":"suno_strategy","embeddable":true,"href":"https:\/\/www.suno.com.br\/noticias\/wp-json\/wp\/v2\/suno_strategy?post=23855"}],"curies":[{"name":"wp","href":"https:\/\/api.w.org\/{rel}","templated":true}]}}