{"id":238449,"date":"2022-03-07T19:30:36","date_gmt":"2022-03-07T22:30:36","guid":{"rendered":"https:\/\/www.suno.com.br\/noticias\/?p=238449"},"modified":"2022-03-07T19:30:36","modified_gmt":"2022-03-07T22:30:36","slug":"iphone-se-3-lancamento-apple-aapl34","status":"publish","type":"post","link":"https:\/\/www.suno.com.br\/noticias\/iphone-se-3-lancamento-apple-aapl34\/","title":{"rendered":"iPhone SE 3: Apple (AAPL34) deve lan\u00e7ar op\u00e7\u00e3o mais barata com tecnologia 5G"},"content":{"rendered":"<p>A Apple (<a class=\"suno-keyword\" href=\"https:\/\/www.suno.com.br\/bdrs\/aapl34\/\" target=\"_blank\" rel=\"noopener\" data-force=\"yes\" data-priority=\"2\">AAPL34<\/a>) lan\u00e7ar\u00e1 um <strong>iPhone<\/strong> de &#8216;baixo custo&#8217; com <a href=\"https:\/\/www.suno.com.br\/noticias\/tim-tims3-investimento-rede-5g\/\">tecnologia 5G<\/a>. O modelo ser\u00e1 divulgado nesta ter\u00e7a (8), numa vers\u00e3o do iPhone SE.<\/p>\t<div class=\"wrapper-featured-image\">\n\t\t<figure class=\"spotlightImg\">\n\n\t\t\t<picture>\n\t\t\t\t<source media=\"(max-width: 768px)\" srcset=\"https:\/\/files.sunoresearch.com.br\/n\/uploads\/2022\/03\/607068-400x200.jpg\">\n\t\t\t\t<img loading=\"lazy\" decoding=\"async\" class=\"newsContent__article__imgCapa lazyloadDisabled \" src=\"https:\/\/files.sunoresearch.com.br\/n\/uploads\/2022\/03\/607068-800x450.jpg\" width=\"800\" height=\"450\" alt=\"iPhone SE 3: Apple (AAPL34) deve lan\u00e7ar op\u00e7\u00e3o mais barata com tecnologia 5G\" fetchpriority=high \/>\n\t\t\t<\/picture>\n\n\t\t\t<figcaption class=\"wp-caption-text wp-caption-text--show\">iPhone SE 3 ser\u00e1 op\u00e7\u00e3o barata em rela\u00e7\u00e3o aos valores atuais, e deve vir equipado com tecnologia 5G<\/figcaption>\n\t\t<\/figure>\n\t<\/div>\n\n\n\t<p>\n\t\t<a href=\"https:\/\/lp.suno.com.br\/planilha-controle-gastos\/\" target=\"_blank\" data-element=\"shortcode-suno-banner\" title=\"Banner SUNO, clique e saiba mais\">\n\t\t\t<picture>\n\t\t\t\t<source media=\"(max-width: 500px)\" srcset=\"https:\/\/files.sunoresearch.com.br\/n\/uploads\/2023\/03\/400x300-Planilha-controle-de-gastos.png\">\n\t\t\t\t<img class=\"newsContent__article__imgCapa newsContent__article__imgCapa--banner\"\n\t\t\t\t\tsrc=\"https:\/\/files.sunoresearch.com.br\/n\/uploads\/2023\/03\/1420x240-Planilha-controle-de-gastos.png\"\n\t\t\t\t\tdata-promo-id=\"101751\"\t\t\t\t\t\t\t\t\t\twidth='1420' height='240'\t\t\t\t\talt=\"https:\/\/files.sunoresearch.com.br\/n\/uploads\/2023\/03\/1420x240-Planilha-controle-de-gastos.png\"\n\t\t\t\t>\n\t\t\t<\/picture>\n\t\t<\/a>\n\t<\/p>\n\n\n<p>Juntamente com o iPhone, a <a href=\"https:\/\/www.suno.com.br\/noticias\/apple-aapl34-receita-lucro-consenso\/\"><strong>Apple<\/strong> <\/a>deve lan\u00e7ar uma nova vers\u00e3o do iPad Air e um modelo atualizado do Mac Mini no evento.<\/p>\n<p>O smartphone ser\u00e1 a primeira atualiza\u00e7\u00e3o do modelo <strong>iPhone SE<\/strong> em dois anos e h\u00e1 especula\u00e7\u00f5es de que o modelo deve vir com uma c\u00e2mera aprimorada e um processador mais r\u00e1pido.<\/p>\n<p>O modelo tem sido popular em vendas no Estados Unidos, Jap\u00e3o e Europa Ocidental. A Apple deve ter uma aposta nessas regi\u00f5es, considerando que a tecnologia 5G <a href=\"https:\/\/www.suno.com.br\/noticias\/5g-so-28-cidades-estao-aptas-receber-tecnologia\/\">ainda n\u00e3o \u00e9 suficiente para criar uma boa experi\u00eancia na maioria dos pa\u00edses<\/a>.<\/p>\n<p>O hardware do iPhone SE 3 dever\u00e1 ser composto pelo mesmo chip A15 Bionic da linha iPhone 13, e o suporte para redes 5G do novo celular dever\u00e1 incluir as frequ\u00eancias mmWave e Sub-6 GHz.<\/p>\n\t<p>\n\t\t<a href=\"https:\/\/lp.suno.com.br\/planilha-da-vida-financeira\/\" target=\"_blank\" data-element=\"shortcode-suno-banner\" title=\"Banner SUNO, clique e saiba mais\">\n\t\t\t<picture>\n\t\t\t\t<source media=\"(max-width: 500px)\" srcset=\"https:\/\/files.sunoresearch.com.br\/n\/uploads\/2023\/04\/400x300-Planilha-vida-financeira-true.png\">\n\t\t\t\t<img class=\"newsContent__article__imgCapa newsContent__article__imgCapa--banner\"\n\t\t\t\t\tsrc=\"https:\/\/files.sunoresearch.com.br\/n\/uploads\/2023\/04\/1420x240-Planilha-vida-financeira-true.png\"\n\t\t\t\t\tdata-promo-id=\"106682\"\t\t\t\t\t\t\t\t\t\twidth='1420' height='240'\t\t\t\t\talt=\"https:\/\/files.sunoresearch.com.br\/n\/uploads\/2023\/04\/1420x240-Planilha-vida-financeira-true.png\"\n\t\t\t\t>\n\t\t\t<\/picture>\n\t\t<\/a>\n\t<\/p>\n\n\n<p>J\u00e1 as op\u00e7\u00f5es de armazenamento devem ser de 64, 128 e 256 GB, assim como j\u00e1 acontece na gera\u00e7\u00e3o atual do modelo. As cores dispon\u00edveis ser\u00e3o branco, preto e vermelho.<\/p>\n<p>A apar\u00eancia deve manter tra\u00e7os semelhantes \u00e0 da gera\u00e7\u00e3o anterior: apenas uma c\u00e2mera posterior e a parte frontal, que traz bordas bastante grossas acima e abaixo da tela, al\u00e9m do bot\u00e3o Home com Touch ID integrado.<\/p>\n<p>A produ\u00e7\u00e3o em massa do <strong>novo iPhone SE<\/strong> <a href=\"https:\/\/www.suno.com.br\/noticias\/iphone-apple-aapl34-herdeiro-digital\/\">dever\u00e1 ser iniciada ainda em mar\u00e7o<\/a>, e espera-se que a quantidade de unidades vendidas neste ano fique entre 25 e 30 milh\u00f5es.<\/p>\n<p>Al\u00e9m disso, a c\u00e2mera principal deve seguir com apenas um sensor de 12 Megapixels, mantendo assim o mesmo corpo e apar\u00eancia utilizados pela Apple desde o iPhone 8.<\/p>\n\t<p>\n\t\t<a href=\"https:\/\/lp.suno.com.br\/ebook-como-analisar-uma-acao\/\" target=\"_blank\" data-element=\"shortcode-suno-banner\" title=\"Banner SUNO, clique e saiba mais\">\n\t\t\t<picture>\n\t\t\t\t<source media=\"(max-width: 500px)\" srcset=\"https:\/\/files.sunoresearch.com.br\/n\/uploads\/2023\/03\/Ebook-Acoes-Mobile-1.jpg\">\n\t\t\t\t<img class=\"newsContent__article__imgCapa newsContent__article__imgCapa--banner\"\n\t\t\t\t\tsrc=\"https:\/\/files.sunoresearch.com.br\/n\/uploads\/2023\/03\/Ebook-Acoes-Desktop-1.jpg\"\n\t\t\t\t\tdata-promo-id=\"171998\"\t\t\t\t\t\t\t\t\t\twidth='1420' height='286'\t\t\t\t\talt=\"https:\/\/files.sunoresearch.com.br\/n\/uploads\/2023\/03\/Ebook-Acoes-Desktop-1.jpg\"\n\t\t\t\t>\n\t\t\t<\/picture>\n\t\t<\/a>\n\t<\/p>\n\n\n<h2>Quanto custar\u00e1 o iPhone SE 3?<\/h2>\n<p>A Apple ainda n\u00e3o deve revelar os valores no lan\u00e7amento, mas a tend\u00eancia \u00e9 de que o aparelho siga sendo uma op\u00e7\u00e3o barata em rela\u00e7\u00e3o aos outros modelos. O iPhone SE 2, por exemplo, custa atualmente de R$ 2,5 mil a R$ 3 mil.<\/p>\n<p>O evento da Apple deve ser transmitido ao vivo no canal da empresa do YouTube. Al\u00e9m disso, \u00e9 poss\u00edvel assistir ao evento do lan\u00e7amento do <strong>iPhone<\/strong> no site da Apple dos Estados Unidos ou no app da marca para quem usa Apple TV.<\/p>\n\t<p>\n\t\t<a href=\"https:\/\/lp.suno.com.br\/planilha-de-controle-de-investimentos\/\" target=\"_blank\" data-element=\"shortcode-suno-banner\" title=\"Banner SUNO, clique e saiba mais\">\n\t\t\t<picture>\n\t\t\t\t<source media=\"(max-width: 500px)\" srcset=\"https:\/\/files.sunoresearch.com.br\/n\/uploads\/2023\/03\/400x300-Controle-de-Investimentos.png\">\n\t\t\t\t<img class=\"newsContent__article__imgCapa newsContent__article__imgCapa--banner\"\n\t\t\t\t\tsrc=\"https:\/\/files.sunoresearch.com.br\/n\/uploads\/2023\/03\/1420x240-Controle-de-Investimentos.png\"\n\t\t\t\t\tdata-promo-id=\"75934\"\t\t\t\t\t\t\t\t\t\twidth='1420' height='240'\t\t\t\t\talt=\"https:\/\/files.sunoresearch.com.br\/n\/uploads\/2023\/03\/1420x240-Controle-de-Investimentos.png\"\n\t\t\t\t>\n\t\t\t<\/picture>\n\t\t<\/a>\n\t<\/p>\n\n\n","protected":false},"excerpt":{"rendered":"<p>A Apple (AAPL34) lan\u00e7ar\u00e1 um iPhone de &#8216;baixo custo&#8217; com tecnologia 5G. O modelo ser\u00e1 divulgado nesta ter\u00e7a (8), numa vers\u00e3o do iPhone SE. iPhone SE 3 ser\u00e1 op\u00e7\u00e3o barata em rela\u00e7\u00e3o aos valores atuais, e deve vir equipado com tecnologia 5G Juntamente com o iPhone, a Apple deve lan\u00e7ar uma nova vers\u00e3o do iPad [&hellip;]<\/p>\n","protected":false},"author":73,"featured_media":238511,"comment_status":"closed","ping_status":"closed","sticky":false,"template":"","format":"standard","meta":[],"categories":[64],"tags":[794,99624],"suno_strategy":[],"class_list":["post-238449","post","type-post","status-publish","format-standard","has-post-thumbnail","hentry","category-negocios","tag-apple-aapl34","tag-iphone"],"yoast_head":"<!-- This site is optimized with the Yoast SEO plugin v24.4 - https:\/\/yoast.com\/wordpress\/plugins\/seo\/ -->\n<title>iPhone SE 3: Apple deve lan\u00e7ar op\u00e7\u00e3o mais barata com tecnologia 5G<\/title>\n<meta name=\"description\" content=\"Juntamente com o iPhone, a Apple deve lan\u00e7ar uma nova vers\u00e3o do iPad Air e uma vers\u00e3o atualizada do Mac Mini. Clique aqui e leia mais.\" \/>\n<meta name=\"robots\" content=\"index, follow, max-snippet:-1, max-image-preview:large, max-video-preview:-1\" \/>\n<link rel=\"canonical\" href=\"https:\/\/www.suno.com.br\/noticias\/iphone-se-3-lancamento-apple-aapl34\/\" \/>\n<meta property=\"og:locale\" content=\"pt_BR\" \/>\n<meta property=\"og:type\" content=\"article\" \/>\n<meta property=\"og:title\" content=\"iPhone SE 3: Apple deve lan\u00e7ar op\u00e7\u00e3o mais barata com tecnologia 5G\" \/>\n<meta property=\"og:description\" content=\"Juntamente com o iPhone, a Apple deve lan\u00e7ar uma nova vers\u00e3o do iPad Air e uma vers\u00e3o atualizada do Mac Mini. Clique aqui e leia mais.\" \/>\n<meta property=\"og:url\" content=\"https:\/\/www.suno.com.br\/noticias\/iphone-se-3-lancamento-apple-aapl34\/\" \/>\n<meta property=\"og:site_name\" content=\"Suno Not\u00edcias\" \/>\n<meta property=\"article:publisher\" content=\"https:\/\/facebook.com\/sunoresearch\" \/>\n<meta property=\"og:image\" content=\"https:\/\/files.sunoresearch.com.br\/n\/uploads\/2022\/03\/607068.jpg\" \/>\n\t<meta property=\"og:image:width\" content=\"1920\" \/>\n\t<meta property=\"og:image:height\" content=\"1080\" \/>\n\t<meta property=\"og:image:type\" content=\"image\/jpeg\" \/>\n<meta name=\"author\" content=\"Eduardo Vargas\" \/>\n<meta name=\"twitter:card\" content=\"summary_large_image\" \/>\n<meta name=\"twitter:creator\" content=\"@sunoresearch\" \/>\n<meta name=\"twitter:site\" content=\"@sunoresearch\" \/>\n<meta name=\"twitter:label1\" content=\"Escrito por\" \/>\n\t<meta name=\"twitter:data1\" content=\"Eduardo Vargas\" \/>\n\t<meta name=\"twitter:label2\" content=\"Est. tempo de leitura\" \/>\n\t<meta name=\"twitter:data2\" content=\"2 minutos\" \/>\n<script type=\"application\/ld+json\" class=\"yoast-schema-graph\">{\"@context\":\"https:\/\/schema.org\",\"@graph\":[{\"@type\":\"NewsArticle\",\"@id\":\"https:\/\/www.suno.com.br\/noticias\/iphone-se-3-lancamento-apple-aapl34\/#article\",\"isPartOf\":{\"@id\":\"https:\/\/www.suno.com.br\/noticias\/iphone-se-3-lancamento-apple-aapl34\/\"},\"author\":{\"name\":\"Eduardo Vargas\",\"@id\":\"https:\/\/www.suno.com.br\/noticias\/#\/schema\/person\/7f4d362bf3518e76090143ae77bb49a5\"},\"headline\":\"iPhone SE 3: Apple (AAPL34) deve lan\u00e7ar op\u00e7\u00e3o mais barata com tecnologia 5G\",\"datePublished\":\"2022-03-07T22:30:36+00:00\",\"mainEntityOfPage\":{\"@id\":\"https:\/\/www.suno.com.br\/noticias\/iphone-se-3-lancamento-apple-aapl34\/\"},\"wordCount\":417,\"publisher\":{\"@id\":\"https:\/\/www.suno.com.br\/noticias\/#organization\"},\"image\":{\"@id\":\"https:\/\/www.suno.com.br\/noticias\/iphone-se-3-lancamento-apple-aapl34\/#primaryimage\"},\"thumbnailUrl\":\"https:\/\/files.sunoresearch.com.br\/n\/uploads\/2022\/03\/607068.jpg\",\"keywords\":[\"Apple (AAPL34)\",\"iPhone\"],\"articleSection\":[\"Neg\u00f3cios\"],\"inLanguage\":\"pt-BR\"},{\"@type\":\"WebPage\",\"@id\":\"https:\/\/www.suno.com.br\/noticias\/iphone-se-3-lancamento-apple-aapl34\/\",\"url\":\"https:\/\/www.suno.com.br\/noticias\/iphone-se-3-lancamento-apple-aapl34\/\",\"name\":\"iPhone SE 3: Apple deve lan\u00e7ar op\u00e7\u00e3o mais barata com tecnologia 5G\",\"isPartOf\":{\"@id\":\"https:\/\/www.suno.com.br\/noticias\/#website\"},\"primaryImageOfPage\":{\"@id\":\"https:\/\/www.suno.com.br\/noticias\/iphone-se-3-lancamento-apple-aapl34\/#primaryimage\"},\"image\":{\"@id\":\"https:\/\/www.suno.com.br\/noticias\/iphone-se-3-lancamento-apple-aapl34\/#primaryimage\"},\"thumbnailUrl\":\"https:\/\/files.sunoresearch.com.br\/n\/uploads\/2022\/03\/607068.jpg\",\"datePublished\":\"2022-03-07T22:30:36+00:00\",\"description\":\"Juntamente com o iPhone, a Apple deve lan\u00e7ar uma nova vers\u00e3o do iPad Air e uma vers\u00e3o atualizada do Mac Mini. Clique aqui e leia mais.\",\"breadcrumb\":{\"@id\":\"https:\/\/www.suno.com.br\/noticias\/iphone-se-3-lancamento-apple-aapl34\/#breadcrumb\"},\"inLanguage\":\"pt-BR\",\"potentialAction\":[{\"@type\":\"ReadAction\",\"target\":[\"https:\/\/www.suno.com.br\/noticias\/iphone-se-3-lancamento-apple-aapl34\/\"]}]},{\"@type\":\"ImageObject\",\"inLanguage\":\"pt-BR\",\"@id\":\"https:\/\/www.suno.com.br\/noticias\/iphone-se-3-lancamento-apple-aapl34\/#primaryimage\",\"url\":\"https:\/\/files.sunoresearch.com.br\/n\/uploads\/2022\/03\/607068.jpg\",\"contentUrl\":\"https:\/\/files.sunoresearch.com.br\/n\/uploads\/2022\/03\/607068.jpg\",\"width\":1920,\"height\":1080,\"caption\":\"iPhone SE 3 ser\u00e1 op\u00e7\u00e3o barata em rela\u00e7\u00e3o aos valores atuais, e deve vir equipado com tecnologia 5G\"},{\"@type\":\"BreadcrumbList\",\"@id\":\"https:\/\/www.suno.com.br\/noticias\/iphone-se-3-lancamento-apple-aapl34\/#breadcrumb\",\"itemListElement\":[{\"@type\":\"ListItem\",\"position\":1,\"name\":\"Not\u00edcias\",\"item\":\"https:\/\/www.suno.com.br\/noticias\/\"},{\"@type\":\"ListItem\",\"position\":2,\"name\":\"Neg\u00f3cios\",\"item\":\"https:\/\/www.suno.com.br\/noticias\/negocios\/\"},{\"@type\":\"ListItem\",\"position\":3,\"name\":\"iPhone SE 3: Apple (AAPL34) deve lan\u00e7ar op\u00e7\u00e3o mais barata com tecnologia 5G\"}]},{\"@type\":\"WebSite\",\"@id\":\"https:\/\/www.suno.com.br\/noticias\/#website\",\"url\":\"https:\/\/www.suno.com.br\/noticias\/\",\"name\":\"Suno Not\u00edcias\",\"description\":\"Seu portal de informa\u00e7\u00e3o sobre o mundo dos investimentos\",\"publisher\":{\"@id\":\"https:\/\/www.suno.com.br\/noticias\/#organization\"},\"potentialAction\":[{\"@type\":\"SearchAction\",\"target\":{\"@type\":\"EntryPoint\",\"urlTemplate\":\"https:\/\/www.suno.com.br\/noticias\/?s={search_term_string}\"},\"query-input\":{\"@type\":\"PropertyValueSpecification\",\"valueRequired\":true,\"valueName\":\"search_term_string\"}}],\"inLanguage\":\"pt-BR\"},{\"@type\":\"Organization\",\"@id\":\"https:\/\/www.suno.com.br\/noticias\/#organization\",\"name\":\"Suno Not\u00edcias\",\"url\":\"https:\/\/www.suno.com.br\/noticias\/\",\"logo\":{\"@type\":\"ImageObject\",\"inLanguage\":\"pt-BR\",\"@id\":\"https:\/\/www.suno.com.br\/noticias\/#\/schema\/logo\/image\/\",\"url\":\"https:\/\/files.sunoresearch.com.br\/n\/uploads\/2021\/09\/suno-logo.png\",\"contentUrl\":\"https:\/\/files.sunoresearch.com.br\/n\/uploads\/2021\/09\/suno-logo.png\",\"width\":180,\"height\":180,\"caption\":\"Suno Not\u00edcias\"},\"image\":{\"@id\":\"https:\/\/www.suno.com.br\/noticias\/#\/schema\/logo\/image\/\"},\"sameAs\":[\"https:\/\/facebook.com\/sunoresearch\",\"https:\/\/x.com\/sunoresearch\",\"https:\/\/www.instagram.com\/suno\",\"https:\/\/www.linkedin.com\/company\/suno-research\/\",\"https:\/\/www.youtube.com\/c\/sunoresearch\"]},{\"@type\":\"Person\",\"@id\":\"https:\/\/www.suno.com.br\/noticias\/#\/schema\/person\/7f4d362bf3518e76090143ae77bb49a5\",\"name\":\"Eduardo Vargas\",\"image\":{\"@type\":\"ImageObject\",\"inLanguage\":\"pt-BR\",\"@id\":\"https:\/\/www.suno.com.br\/noticias\/#\/schema\/person\/image\/\",\"url\":\"https:\/\/secure.gravatar.com\/avatar\/dac340933427a22924c9f99d1eb2e3f2?s=96&r=g\",\"contentUrl\":\"https:\/\/secure.gravatar.com\/avatar\/dac340933427a22924c9f99d1eb2e3f2?s=96&r=g\",\"caption\":\"Eduardo Vargas\"},\"description\":\"Jornalista formado pela UFSC, cobre macroeconomia, neg\u00f3cios e startups para o Suno Not\u00edcias, escrevendo principalmente not\u00edcias sobre o mercado financeiro e a bolsa de valores. No YouTube e no Instagram, \u00e9 respons\u00e1vel pela produ\u00e7\u00e3o de Reels e Shorts do Suno Not\u00edcias. Anteriormente, trabalhou cobrindo economia e cotidiano no ND+ e para o ND, maior jornal impresso de Santa Catarina. Cursou um semestre letivo de Estudos de M\u00eddia na Universidad de Buenos Aires.\",\"url\":\"https:\/\/www.suno.com.br\/noticias\/author\/eduardo-vargas\/\"}]}<\/script>\n<!-- \/ Yoast SEO plugin. -->","yoast_head_json":{"title":"iPhone SE 3: Apple deve lan\u00e7ar op\u00e7\u00e3o mais barata com tecnologia 5G","description":"Juntamente com o iPhone, a Apple deve lan\u00e7ar uma nova vers\u00e3o do iPad Air e uma vers\u00e3o atualizada do Mac Mini. Clique aqui e leia mais.","robots":{"index":"index","follow":"follow","max-snippet":"max-snippet:-1","max-image-preview":"max-image-preview:large","max-video-preview":"max-video-preview:-1"},"canonical":"https:\/\/www.suno.com.br\/noticias\/iphone-se-3-lancamento-apple-aapl34\/","og_locale":"pt_BR","og_type":"article","og_title":"iPhone SE 3: Apple deve lan\u00e7ar op\u00e7\u00e3o mais barata com tecnologia 5G","og_description":"Juntamente com o iPhone, a Apple deve lan\u00e7ar uma nova vers\u00e3o do iPad Air e uma vers\u00e3o atualizada do Mac Mini. Clique aqui e leia mais.","og_url":"https:\/\/www.suno.com.br\/noticias\/iphone-se-3-lancamento-apple-aapl34\/","og_site_name":"Suno Not\u00edcias","article_publisher":"https:\/\/facebook.com\/sunoresearch","og_image":[{"width":1920,"height":1080,"url":"https:\/\/files.sunoresearch.com.br\/n\/uploads\/2022\/03\/607068.jpg","type":"image\/jpeg"}],"author":"Eduardo Vargas","twitter_card":"summary_large_image","twitter_creator":"@sunoresearch","twitter_site":"@sunoresearch","twitter_misc":{"Escrito por":"Eduardo Vargas","Est. tempo de leitura":"2 minutos"},"schema":{"@context":"https:\/\/schema.org","@graph":[{"@type":"NewsArticle","@id":"https:\/\/www.suno.com.br\/noticias\/iphone-se-3-lancamento-apple-aapl34\/#article","isPartOf":{"@id":"https:\/\/www.suno.com.br\/noticias\/iphone-se-3-lancamento-apple-aapl34\/"},"author":{"name":"Eduardo Vargas","@id":"https:\/\/www.suno.com.br\/noticias\/#\/schema\/person\/7f4d362bf3518e76090143ae77bb49a5"},"headline":"iPhone SE 3: Apple (AAPL34) deve lan\u00e7ar op\u00e7\u00e3o mais barata com tecnologia 5G","datePublished":"2022-03-07T22:30:36+00:00","mainEntityOfPage":{"@id":"https:\/\/www.suno.com.br\/noticias\/iphone-se-3-lancamento-apple-aapl34\/"},"wordCount":417,"publisher":{"@id":"https:\/\/www.suno.com.br\/noticias\/#organization"},"image":{"@id":"https:\/\/www.suno.com.br\/noticias\/iphone-se-3-lancamento-apple-aapl34\/#primaryimage"},"thumbnailUrl":"https:\/\/files.sunoresearch.com.br\/n\/uploads\/2022\/03\/607068.jpg","keywords":["Apple (AAPL34)","iPhone"],"articleSection":["Neg\u00f3cios"],"inLanguage":"pt-BR"},{"@type":"WebPage","@id":"https:\/\/www.suno.com.br\/noticias\/iphone-se-3-lancamento-apple-aapl34\/","url":"https:\/\/www.suno.com.br\/noticias\/iphone-se-3-lancamento-apple-aapl34\/","name":"iPhone SE 3: Apple deve lan\u00e7ar op\u00e7\u00e3o mais barata com tecnologia 5G","isPartOf":{"@id":"https:\/\/www.suno.com.br\/noticias\/#website"},"primaryImageOfPage":{"@id":"https:\/\/www.suno.com.br\/noticias\/iphone-se-3-lancamento-apple-aapl34\/#primaryimage"},"image":{"@id":"https:\/\/www.suno.com.br\/noticias\/iphone-se-3-lancamento-apple-aapl34\/#primaryimage"},"thumbnailUrl":"https:\/\/files.sunoresearch.com.br\/n\/uploads\/2022\/03\/607068.jpg","datePublished":"2022-03-07T22:30:36+00:00","description":"Juntamente com o iPhone, a Apple deve lan\u00e7ar uma nova vers\u00e3o do iPad Air e uma vers\u00e3o atualizada do Mac Mini. Clique aqui e leia mais.","breadcrumb":{"@id":"https:\/\/www.suno.com.br\/noticias\/iphone-se-3-lancamento-apple-aapl34\/#breadcrumb"},"inLanguage":"pt-BR","potentialAction":[{"@type":"ReadAction","target":["https:\/\/www.suno.com.br\/noticias\/iphone-se-3-lancamento-apple-aapl34\/"]}]},{"@type":"ImageObject","inLanguage":"pt-BR","@id":"https:\/\/www.suno.com.br\/noticias\/iphone-se-3-lancamento-apple-aapl34\/#primaryimage","url":"https:\/\/files.sunoresearch.com.br\/n\/uploads\/2022\/03\/607068.jpg","contentUrl":"https:\/\/files.sunoresearch.com.br\/n\/uploads\/2022\/03\/607068.jpg","width":1920,"height":1080,"caption":"iPhone SE 3 ser\u00e1 op\u00e7\u00e3o barata em rela\u00e7\u00e3o aos valores atuais, e deve vir equipado com tecnologia 5G"},{"@type":"BreadcrumbList","@id":"https:\/\/www.suno.com.br\/noticias\/iphone-se-3-lancamento-apple-aapl34\/#breadcrumb","itemListElement":[{"@type":"ListItem","position":1,"name":"Not\u00edcias","item":"https:\/\/www.suno.com.br\/noticias\/"},{"@type":"ListItem","position":2,"name":"Neg\u00f3cios","item":"https:\/\/www.suno.com.br\/noticias\/negocios\/"},{"@type":"ListItem","position":3,"name":"iPhone SE 3: Apple (AAPL34) deve lan\u00e7ar op\u00e7\u00e3o mais barata com tecnologia 5G"}]},{"@type":"WebSite","@id":"https:\/\/www.suno.com.br\/noticias\/#website","url":"https:\/\/www.suno.com.br\/noticias\/","name":"Suno Not\u00edcias","description":"Seu portal de informa\u00e7\u00e3o sobre o mundo dos investimentos","publisher":{"@id":"https:\/\/www.suno.com.br\/noticias\/#organization"},"potentialAction":[{"@type":"SearchAction","target":{"@type":"EntryPoint","urlTemplate":"https:\/\/www.suno.com.br\/noticias\/?s={search_term_string}"},"query-input":{"@type":"PropertyValueSpecification","valueRequired":true,"valueName":"search_term_string"}}],"inLanguage":"pt-BR"},{"@type":"Organization","@id":"https:\/\/www.suno.com.br\/noticias\/#organization","name":"Suno Not\u00edcias","url":"https:\/\/www.suno.com.br\/noticias\/","logo":{"@type":"ImageObject","inLanguage":"pt-BR","@id":"https:\/\/www.suno.com.br\/noticias\/#\/schema\/logo\/image\/","url":"https:\/\/files.sunoresearch.com.br\/n\/uploads\/2021\/09\/suno-logo.png","contentUrl":"https:\/\/files.sunoresearch.com.br\/n\/uploads\/2021\/09\/suno-logo.png","width":180,"height":180,"caption":"Suno Not\u00edcias"},"image":{"@id":"https:\/\/www.suno.com.br\/noticias\/#\/schema\/logo\/image\/"},"sameAs":["https:\/\/facebook.com\/sunoresearch","https:\/\/x.com\/sunoresearch","https:\/\/www.instagram.com\/suno","https:\/\/www.linkedin.com\/company\/suno-research\/","https:\/\/www.youtube.com\/c\/sunoresearch"]},{"@type":"Person","@id":"https:\/\/www.suno.com.br\/noticias\/#\/schema\/person\/7f4d362bf3518e76090143ae77bb49a5","name":"Eduardo Vargas","image":{"@type":"ImageObject","inLanguage":"pt-BR","@id":"https:\/\/www.suno.com.br\/noticias\/#\/schema\/person\/image\/","url":"https:\/\/secure.gravatar.com\/avatar\/dac340933427a22924c9f99d1eb2e3f2?s=96&r=g","contentUrl":"https:\/\/secure.gravatar.com\/avatar\/dac340933427a22924c9f99d1eb2e3f2?s=96&r=g","caption":"Eduardo Vargas"},"description":"Jornalista formado pela UFSC, cobre macroeconomia, neg\u00f3cios e startups para o Suno Not\u00edcias, escrevendo principalmente not\u00edcias sobre o mercado financeiro e a bolsa de valores. No YouTube e no Instagram, \u00e9 respons\u00e1vel pela produ\u00e7\u00e3o de Reels e Shorts do Suno Not\u00edcias. Anteriormente, trabalhou cobrindo economia e cotidiano no ND+ e para o ND, maior jornal impresso de Santa Catarina. Cursou um semestre letivo de Estudos de M\u00eddia na Universidad de Buenos Aires.","url":"https:\/\/www.suno.com.br\/noticias\/author\/eduardo-vargas\/"}]}},"default_loop_html":"<div class=\"cardsPage__listCard__boxs\"><div class=\"cardsPage__listCard__boxs__img\"><a href=\"https:\/\/www.suno.com.br\/noticias\/iphone-se-3-lancamento-apple-aapl34\/\"><img class=\"mask\" src=\"https:\/\/www.suno.com.br\/noticias\/wp-content\/themes\/suno\/resources\/images\/spotlight\/spotlight1img\/bg-mask.png\" alt=\"Image Mask\"\/><img src=\"https:\/\/files.sunoresearch.com.br\/n\/uploads\/2022\/03\/607068-400x200.jpg\" alt=\"iPhone SE 3: Apple (AAPL34) deve lan\u00e7ar op\u00e7\u00e3o mais barata com tecnologia 5G\"\/><\/a><span class=\"spotlightCategory\"><a href=\"https:\/\/www.suno.com.br\/noticias\/negocios\/\">Neg\u00f3cios<\/a><\/span><\/div><div class=\"cardsPage__listCard__boxs__content\"><a href=\"https:\/\/www.suno.com.br\/noticias\/iphone-se-3-lancamento-apple-aapl34\/\"><h2 class=\"content__title\">iPhone SE 3: Apple (AAPL34) deve lan\u00e7ar op\u00e7\u00e3o mais barata com tecnologia 5G<\/h2><\/a><div class=\"newsContent__article__meta\"><div class=\"newsContent__article__meta__authorBox\"><a href=\"https:\/\/www.suno.com.br\/noticias\/author\/eduardo-vargas\/\" class=\"authorBox__avatar noMobi\"><img src=\"https:\/\/secure.gravatar.com\/avatar\/dac340933427a22924c9f99d1eb2e3f2?s=96&#038;r=g\" alt=\"Eduardo Vargas\"><\/a><div class=\"authorBox__name\"><span>por\n\t\t\t<a href=\"https:\/\/www.suno.com.br\/noticias\/author\/eduardo-vargas\/\"><span itemprop=\"author\">Eduardo Vargas<\/span><\/a><\/span><time datetime=\"2022-03-07T19:30:36-03:00\" itemprop=\"datePublished\">07\/03\/2022 19:30<\/time><\/div><\/div><\/div><\/div><\/div>","single_layout":"posts","amp_enabled":true,"_links":{"self":[{"href":"https:\/\/www.suno.com.br\/noticias\/wp-json\/wp\/v2\/posts\/238449"}],"collection":[{"href":"https:\/\/www.suno.com.br\/noticias\/wp-json\/wp\/v2\/posts"}],"about":[{"href":"https:\/\/www.suno.com.br\/noticias\/wp-json\/wp\/v2\/types\/post"}],"author":[{"embeddable":true,"href":"https:\/\/www.suno.com.br\/noticias\/wp-json\/wp\/v2\/users\/73"}],"replies":[{"embeddable":true,"href":"https:\/\/www.suno.com.br\/noticias\/wp-json\/wp\/v2\/comments?post=238449"}],"version-history":[{"count":3,"href":"https:\/\/www.suno.com.br\/noticias\/wp-json\/wp\/v2\/posts\/238449\/revisions"}],"predecessor-version":[{"id":238629,"href":"https:\/\/www.suno.com.br\/noticias\/wp-json\/wp\/v2\/posts\/238449\/revisions\/238629"}],"wp:featuredmedia":[{"embeddable":true,"href":"https:\/\/www.suno.com.br\/noticias\/wp-json\/wp\/v2\/media\/238511"}],"wp:attachment":[{"href":"https:\/\/www.suno.com.br\/noticias\/wp-json\/wp\/v2\/media?parent=238449"}],"wp:term":[{"taxonomy":"category","embeddable":true,"href":"https:\/\/www.suno.com.br\/noticias\/wp-json\/wp\/v2\/categories?post=238449"},{"taxonomy":"post_tag","embeddable":true,"href":"https:\/\/www.suno.com.br\/noticias\/wp-json\/wp\/v2\/tags?post=238449"},{"taxonomy":"suno_strategy","embeddable":true,"href":"https:\/\/www.suno.com.br\/noticias\/wp-json\/wp\/v2\/suno_strategy?post=238449"}],"curies":[{"name":"wp","href":"https:\/\/api.w.org\/{rel}","templated":true}]}}