{"id":238357,"date":"2022-03-07T12:59:38","date_gmt":"2022-03-07T15:59:38","guid":{"rendered":"https:\/\/www.suno.com.br\/noticias\/?p=238357"},"modified":"2022-03-07T14:06:09","modified_gmt":"2022-03-07T17:06:09","slug":"petrobras-petr4-bolsonaro-discutir-preco-critica-paridade","status":"publish","type":"post","link":"https:\/\/www.suno.com.br\/noticias\/petrobras-petr4-bolsonaro-discutir-preco-critica-paridade\/","title":{"rendered":"Petrobras (PETR4): Bolsonaro critica pol\u00edtica de pre\u00e7os e convoca reuni\u00e3o para tarde"},"content":{"rendered":"<p>O presidente Jair Bolsonaro, disse nesta segunda-feira, 7, que convocou reuni\u00e3o para esta tarde (7) com os Minist\u00e9rios da Economia e de Minas e Energia a fim de discutir a pol\u00edtica de pre\u00e7os da <a class=\"suno-keyword\" href=\"https:\/\/www.suno.com.br\/acoes\/PETR4\/\" target=\"_blank\" rel=\"noopener\" data-force=\"yes\" data-priority=\"2\"><strong>Petrobras<\/strong> (PETR4)<\/a> e o salto das cota\u00e7\u00f5es do petr\u00f3leo. Representantes da estatal tamb\u00e9m devem participar do encontro.<\/p>\t<div class=\"wrapper-featured-image\">\n\t\t<figure class=\"spotlightImg\">\n\n\t\t\t<picture>\n\t\t\t\t<source media=\"(max-width: 768px)\" srcset=\"https:\/\/files.sunoresearch.com.br\/n\/uploads\/2022\/03\/Sede-400x200.jpg\">\n\t\t\t\t<img loading=\"lazy\" decoding=\"async\" class=\"newsContent__article__imgCapa lazyloadDisabled \" src=\"https:\/\/files.sunoresearch.com.br\/n\/uploads\/2022\/03\/Sede-800x450.jpg\" width=\"800\" height=\"450\" alt=\"Petrobras (PETR4): Bolsonaro critica pol\u00edtica de pre\u00e7os e convoca reuni\u00e3o para tarde\" fetchpriority=high \/>\n\t\t\t<\/picture>\n\n\t\t\t<figcaption class=\"wp-caption-text wp-caption-text--show\">Lei das Estatais . Foto: Fernando Fraz\u00e3o\/Ag\u00eancia Brasil<\/figcaption>\n\t\t<\/figure>\n\t<\/div>\n\n\n\t<p>\n\t\t<a href=\"https:\/\/lp.suno.com.br\/planilha-controle-gastos\/\" target=\"_blank\" data-element=\"shortcode-suno-banner\" title=\"Banner SUNO, clique e saiba mais\">\n\t\t\t<picture>\n\t\t\t\t<source media=\"(max-width: 500px)\" srcset=\"https:\/\/files.sunoresearch.com.br\/n\/uploads\/2023\/03\/400x300-Planilha-controle-de-gastos.png\">\n\t\t\t\t<img class=\"newsContent__article__imgCapa newsContent__article__imgCapa--banner\"\n\t\t\t\t\tsrc=\"https:\/\/files.sunoresearch.com.br\/n\/uploads\/2023\/03\/1420x240-Planilha-controle-de-gastos.png\"\n\t\t\t\t\tdata-promo-id=\"101751\"\t\t\t\t\t\t\t\t\t\twidth='1420' height='240'\t\t\t\t\talt=\"https:\/\/files.sunoresearch.com.br\/n\/uploads\/2023\/03\/1420x240-Planilha-controle-de-gastos.png\"\n\t\t\t\t>\n\t\t\t<\/picture>\n\t\t<\/a>\n\t<\/p>\n\n\n<p>\u00c0s 14h00, as a\u00e7\u00f5es da Petrobras recuavam 3,07% no caso das preferenciais (PETR4) e 4,63% no caso das ordin\u00e1rias (PETR3).<\/p>\n<p><strong>Bolsonaro<\/strong> voltou a criticar, mais cedo, a pol\u00edtica de pre\u00e7os na venda de derivados de petr\u00f3leo \u00e0s <strong>distribuidoras<\/strong>, que equipara o valor dos combust\u00edveis \u00e0 <strong>cota\u00e7\u00e3o internacional<\/strong> do petr\u00f3leo, e disse que a medida &#8220;n\u00e3o pode continuar&#8221;.<\/p>\n<p>Em meio aos impactos da <strong>guerra na Ucr\u00e2nia<\/strong> sobre o valor do petr\u00f3leo, o governo convocou a reuni\u00e3o interministerial para avaliar um novo programa de subs\u00eddio aos combust\u00edveis, com validade de tr\u00eas a seis meses. O objetivo \u00e9 evitar um repasse dos pre\u00e7os para as bombas dos postos de gasolina.<\/p>\n<p>&#8220;O pre\u00e7o alt\u00edssimo do petr\u00f3leo \u00e9 anormal, at\u00edpico. O governo federal, n\u00f3s, juntamente com Economia agora \u00e0 tarde, Minist\u00e9rio de Minas e Energia e pr\u00f3pria Petrobras, vamos buscar alternativa. Porque se for repassar isso tudo para o <strong>pre\u00e7o dos combust\u00edveis<\/strong>, tem que dar aumento de 50%, n\u00e3o \u00e9 admiss\u00edvel&#8221;, disse Bolsonaro em entrevista \u00e0 <i>R\u00e1dio Folha<\/i> de Roraima.<\/p>\n<p>Segundo o <strong>presidente<\/strong>, &#8220;tem legisla\u00e7\u00e3o errada, feita l\u00e1 atr\u00e1s, em que se tem paridade com pre\u00e7o internacional. O que \u00e9 tirado do petr\u00f3leo leva-se em conta o pre\u00e7o fora do Brasil, isso n\u00e3o pode continuar acontecendo. Estamos vendo isso a\u00ed sem mexer, sem nenhum sobressalto no mercado&#8221;.<\/p>\n<p>&#8220;Leis feitas no passado s\u00e3o o grande problema. Vamos buscar solu\u00e7\u00e3o de forma bastante respons\u00e1vel&#8221;, acrescentou.<\/p>\n\t<p>\n\t\t<a href=\"https:\/\/lp.suno.com.br\/planilha-da-vida-financeira\/\" target=\"_blank\" data-element=\"shortcode-suno-banner\" title=\"Banner SUNO, clique e saiba mais\">\n\t\t\t<picture>\n\t\t\t\t<source media=\"(max-width: 500px)\" srcset=\"https:\/\/files.sunoresearch.com.br\/n\/uploads\/2023\/04\/400x300-Planilha-vida-financeira-true.png\">\n\t\t\t\t<img class=\"newsContent__article__imgCapa newsContent__article__imgCapa--banner\"\n\t\t\t\t\tsrc=\"https:\/\/files.sunoresearch.com.br\/n\/uploads\/2023\/04\/1420x240-Planilha-vida-financeira-true.png\"\n\t\t\t\t\tdata-promo-id=\"106682\"\t\t\t\t\t\t\t\t\t\twidth='1420' height='240'\t\t\t\t\talt=\"https:\/\/files.sunoresearch.com.br\/n\/uploads\/2023\/04\/1420x240-Planilha-vida-financeira-true.png\"\n\t\t\t\t>\n\t\t\t<\/picture>\n\t\t<\/a>\n\t<\/p>\n\n\n<p>De acordo com o presidente, o salto de <strong>pre\u00e7os do petr\u00f3leo<\/strong> \u00e9 grave, mas pode ser resolvido. &#8220;O mundo est\u00e1 passando por isso, mas n\u00f3s temos alternativas. Perto da Europa, estamos em situa\u00e7\u00e3o privilegiada. A popula\u00e7\u00e3o n\u00e3o aguenta alta nesse porcentual no Brasil&#8221;.<\/p>\n<p>Durante a madrugada desta segunda-feira, o barril de petr\u00f3leo tipo <strong>Brent<\/strong>, refer\u00eancia internacional, saltou para quase US$ 140 com as not\u00edcias de embargo ao petr\u00f3leo e g\u00e1s russos. Na manh\u00e3 de hoje, o barril de Brent \u00e9 cotado a US$ 122,24 d\u00f3lares, alta de 3,35% no dia, e o <strong>WTI<\/strong> sai por US$ 118,94, aumento de 1,81%<\/p>\n<p>O \u00faltimo reajuste de pre\u00e7o na venda da gasolina e diesel da <strong>Petrobras<\/strong> \u00e0s distribuidoras foi anunciado em 11 de janeiro deste ano, antes da disparada recente causada pelo conflito no leste europeu e ap\u00f3s hiato de 77 dias sem aumentos.<\/p>\n<p><em>(Com informa\u00e7\u00f5es de Estad\u00e3o Conte\u00fado.)<\/em><\/p>\n\t<p>\n\t\t<a href=\"https:\/\/lp.suno.com.br\/ebook-como-analisar-uma-acao\/\" target=\"_blank\" data-element=\"shortcode-suno-banner\" title=\"Banner SUNO, clique e saiba mais\">\n\t\t\t<picture>\n\t\t\t\t<source media=\"(max-width: 500px)\" srcset=\"https:\/\/files.sunoresearch.com.br\/n\/uploads\/2023\/03\/Ebook-Acoes-Mobile-1.jpg\">\n\t\t\t\t<img class=\"newsContent__article__imgCapa newsContent__article__imgCapa--banner\"\n\t\t\t\t\tsrc=\"https:\/\/files.sunoresearch.com.br\/n\/uploads\/2023\/03\/Ebook-Acoes-Desktop-1.jpg\"\n\t\t\t\t\tdata-promo-id=\"171998\"\t\t\t\t\t\t\t\t\t\twidth='1420' height='286'\t\t\t\t\talt=\"https:\/\/files.sunoresearch.com.br\/n\/uploads\/2023\/03\/Ebook-Acoes-Desktop-1.jpg\"\n\t\t\t\t>\n\t\t\t<\/picture>\n\t\t<\/a>\n\t<\/p>\n\n\n","protected":false},"excerpt":{"rendered":"<p>O presidente Jair Bolsonaro, disse nesta segunda-feira, 7, que convocou reuni\u00e3o para esta tarde (7) com os Minist\u00e9rios da Economia e de Minas e Energia a fim de discutir a pol\u00edtica de pre\u00e7os da Petrobras (PETR4) e o salto das cota\u00e7\u00f5es do petr\u00f3leo. Representantes da estatal tamb\u00e9m devem participar do encontro. Lei das Estatais . [&hellip;]<\/p>\n","protected":false},"author":145,"featured_media":238426,"comment_status":"closed","ping_status":"closed","sticky":false,"template":"","format":"standard","meta":[],"categories":[61],"tags":[719,909,1227,595,766],"suno_strategy":[],"class_list":["post-238357","post","type-post","status-publish","format-standard","has-post-thumbnail","hentry","category-politica","tag-jair-bolsonaro","tag-ministerio-da-economia","tag-ministerio-de-minas-e-energia","tag-petrobras-petr4","tag-petroleo"],"yoast_head":"<!-- This site is optimized with the Yoast SEO plugin v24.4 - https:\/\/yoast.com\/wordpress\/plugins\/seo\/ -->\n<title>Petrobras (PETR4): Bolsonaro critica pre\u00e7os e convoca reuni\u00e3o para tarde<\/title>\n<meta name=\"description\" content=\"O presidente Bolsonaro, convocou reuni\u00e3o para esta tarde com ministros a fim de discutir a pol\u00edtica de pre\u00e7os da Petrobras (PETR4). Confira!\" \/>\n<meta name=\"robots\" content=\"index, follow, max-snippet:-1, max-image-preview:large, max-video-preview:-1\" \/>\n<link rel=\"canonical\" href=\"https:\/\/www.suno.com.br\/noticias\/petrobras-petr4-bolsonaro-discutir-preco-critica-paridade\/\" \/>\n<meta property=\"og:locale\" content=\"pt_BR\" \/>\n<meta property=\"og:type\" content=\"article\" \/>\n<meta property=\"og:title\" content=\"Petrobras (PETR4): Bolsonaro critica pre\u00e7os e convoca reuni\u00e3o para tarde\" \/>\n<meta property=\"og:description\" content=\"O presidente Bolsonaro, convocou reuni\u00e3o para esta tarde com ministros a fim de discutir a pol\u00edtica de pre\u00e7os da Petrobras (PETR4). Confira!\" \/>\n<meta property=\"og:url\" content=\"https:\/\/www.suno.com.br\/noticias\/petrobras-petr4-bolsonaro-discutir-preco-critica-paridade\/\" \/>\n<meta property=\"og:site_name\" content=\"Suno Not\u00edcias\" \/>\n<meta property=\"article:publisher\" content=\"https:\/\/facebook.com\/sunoresearch\" \/>\n<meta property=\"og:image\" content=\"https:\/\/files.sunoresearch.com.br\/n\/uploads\/2022\/03\/Sede-scaled.jpg\" \/>\n\t<meta property=\"og:image:width\" content=\"2560\" \/>\n\t<meta property=\"og:image:height\" content=\"1707\" \/>\n\t<meta property=\"og:image:type\" content=\"image\/jpeg\" \/>\n<meta name=\"author\" content=\"Pedro Caramuru\" \/>\n<meta name=\"twitter:card\" content=\"summary_large_image\" \/>\n<meta name=\"twitter:creator\" content=\"@sunoresearch\" \/>\n<meta name=\"twitter:site\" content=\"@sunoresearch\" \/>\n<meta name=\"twitter:label1\" content=\"Escrito por\" \/>\n\t<meta name=\"twitter:data1\" content=\"Pedro Caramuru\" \/>\n\t<meta name=\"twitter:label2\" content=\"Est. tempo de leitura\" \/>\n\t<meta name=\"twitter:data2\" content=\"2 minutos\" \/>\n<script type=\"application\/ld+json\" class=\"yoast-schema-graph\">{\"@context\":\"https:\/\/schema.org\",\"@graph\":[{\"@type\":\"NewsArticle\",\"@id\":\"https:\/\/www.suno.com.br\/noticias\/petrobras-petr4-bolsonaro-discutir-preco-critica-paridade\/#article\",\"isPartOf\":{\"@id\":\"https:\/\/www.suno.com.br\/noticias\/petrobras-petr4-bolsonaro-discutir-preco-critica-paridade\/\"},\"author\":{\"name\":\"Pedro Caramuru\",\"@id\":\"https:\/\/www.suno.com.br\/noticias\/#\/schema\/person\/8d020643938f12a823508eb0e5fda407\"},\"headline\":\"Petrobras (PETR4): Bolsonaro critica pol\u00edtica de pre\u00e7os e convoca reuni\u00e3o para tarde\",\"datePublished\":\"2022-03-07T15:59:38+00:00\",\"dateModified\":\"2022-03-07T17:06:09+00:00\",\"mainEntityOfPage\":{\"@id\":\"https:\/\/www.suno.com.br\/noticias\/petrobras-petr4-bolsonaro-discutir-preco-critica-paridade\/\"},\"wordCount\":489,\"publisher\":{\"@id\":\"https:\/\/www.suno.com.br\/noticias\/#organization\"},\"image\":{\"@id\":\"https:\/\/www.suno.com.br\/noticias\/petrobras-petr4-bolsonaro-discutir-preco-critica-paridade\/#primaryimage\"},\"thumbnailUrl\":\"https:\/\/files.sunoresearch.com.br\/n\/uploads\/2022\/03\/Sede-scaled.jpg\",\"keywords\":[\"Jair Bolsonaro\",\"Minist\u00e9rio da Economia\",\"Minist\u00e9rio de Minas e Energia\",\"Petrobras (PETR4)\",\"Petr\u00f3leo\"],\"articleSection\":[\"Pol\u00edtica\"],\"inLanguage\":\"pt-BR\"},{\"@type\":\"WebPage\",\"@id\":\"https:\/\/www.suno.com.br\/noticias\/petrobras-petr4-bolsonaro-discutir-preco-critica-paridade\/\",\"url\":\"https:\/\/www.suno.com.br\/noticias\/petrobras-petr4-bolsonaro-discutir-preco-critica-paridade\/\",\"name\":\"Petrobras (PETR4): Bolsonaro critica pre\u00e7os e convoca reuni\u00e3o para tarde\",\"isPartOf\":{\"@id\":\"https:\/\/www.suno.com.br\/noticias\/#website\"},\"primaryImageOfPage\":{\"@id\":\"https:\/\/www.suno.com.br\/noticias\/petrobras-petr4-bolsonaro-discutir-preco-critica-paridade\/#primaryimage\"},\"image\":{\"@id\":\"https:\/\/www.suno.com.br\/noticias\/petrobras-petr4-bolsonaro-discutir-preco-critica-paridade\/#primaryimage\"},\"thumbnailUrl\":\"https:\/\/files.sunoresearch.com.br\/n\/uploads\/2022\/03\/Sede-scaled.jpg\",\"datePublished\":\"2022-03-07T15:59:38+00:00\",\"dateModified\":\"2022-03-07T17:06:09+00:00\",\"description\":\"O presidente Bolsonaro, convocou reuni\u00e3o para esta tarde com ministros a fim de discutir a pol\u00edtica de pre\u00e7os da Petrobras (PETR4). Confira!\",\"breadcrumb\":{\"@id\":\"https:\/\/www.suno.com.br\/noticias\/petrobras-petr4-bolsonaro-discutir-preco-critica-paridade\/#breadcrumb\"},\"inLanguage\":\"pt-BR\",\"potentialAction\":[{\"@type\":\"ReadAction\",\"target\":[\"https:\/\/www.suno.com.br\/noticias\/petrobras-petr4-bolsonaro-discutir-preco-critica-paridade\/\"]}]},{\"@type\":\"ImageObject\",\"inLanguage\":\"pt-BR\",\"@id\":\"https:\/\/www.suno.com.br\/noticias\/petrobras-petr4-bolsonaro-discutir-preco-critica-paridade\/#primaryimage\",\"url\":\"https:\/\/files.sunoresearch.com.br\/n\/uploads\/2022\/03\/Sede-scaled.jpg\",\"contentUrl\":\"https:\/\/files.sunoresearch.com.br\/n\/uploads\/2022\/03\/Sede-scaled.jpg\",\"width\":2560,\"height\":1707,\"caption\":\"Lei das Estatais . Foto: Fernando Fraz\u00e3o\/Ag\u00eancia Brasil\"},{\"@type\":\"BreadcrumbList\",\"@id\":\"https:\/\/www.suno.com.br\/noticias\/petrobras-petr4-bolsonaro-discutir-preco-critica-paridade\/#breadcrumb\",\"itemListElement\":[{\"@type\":\"ListItem\",\"position\":1,\"name\":\"Not\u00edcias\",\"item\":\"https:\/\/www.suno.com.br\/noticias\/\"},{\"@type\":\"ListItem\",\"position\":2,\"name\":\"Pol\u00edtica\",\"item\":\"https:\/\/www.suno.com.br\/noticias\/politica\/\"},{\"@type\":\"ListItem\",\"position\":3,\"name\":\"Petrobras (PETR4): Bolsonaro critica pol\u00edtica de pre\u00e7os e convoca reuni\u00e3o para tarde\"}]},{\"@type\":\"WebSite\",\"@id\":\"https:\/\/www.suno.com.br\/noticias\/#website\",\"url\":\"https:\/\/www.suno.com.br\/noticias\/\",\"name\":\"Suno Not\u00edcias\",\"description\":\"Seu portal de informa\u00e7\u00e3o sobre o mundo dos investimentos\",\"publisher\":{\"@id\":\"https:\/\/www.suno.com.br\/noticias\/#organization\"},\"potentialAction\":[{\"@type\":\"SearchAction\",\"target\":{\"@type\":\"EntryPoint\",\"urlTemplate\":\"https:\/\/www.suno.com.br\/noticias\/?s={search_term_string}\"},\"query-input\":{\"@type\":\"PropertyValueSpecification\",\"valueRequired\":true,\"valueName\":\"search_term_string\"}}],\"inLanguage\":\"pt-BR\"},{\"@type\":\"Organization\",\"@id\":\"https:\/\/www.suno.com.br\/noticias\/#organization\",\"name\":\"Suno Not\u00edcias\",\"url\":\"https:\/\/www.suno.com.br\/noticias\/\",\"logo\":{\"@type\":\"ImageObject\",\"inLanguage\":\"pt-BR\",\"@id\":\"https:\/\/www.suno.com.br\/noticias\/#\/schema\/logo\/image\/\",\"url\":\"https:\/\/files.sunoresearch.com.br\/n\/uploads\/2021\/09\/suno-logo.png\",\"contentUrl\":\"https:\/\/files.sunoresearch.com.br\/n\/uploads\/2021\/09\/suno-logo.png\",\"width\":180,\"height\":180,\"caption\":\"Suno Not\u00edcias\"},\"image\":{\"@id\":\"https:\/\/www.suno.com.br\/noticias\/#\/schema\/logo\/image\/\"},\"sameAs\":[\"https:\/\/facebook.com\/sunoresearch\",\"https:\/\/x.com\/sunoresearch\",\"https:\/\/www.instagram.com\/suno\",\"https:\/\/www.linkedin.com\/company\/suno-research\/\",\"https:\/\/www.youtube.com\/c\/sunoresearch\"]},{\"@type\":\"Person\",\"@id\":\"https:\/\/www.suno.com.br\/noticias\/#\/schema\/person\/8d020643938f12a823508eb0e5fda407\",\"name\":\"Pedro Caramuru\",\"image\":{\"@type\":\"ImageObject\",\"inLanguage\":\"pt-BR\",\"@id\":\"https:\/\/www.suno.com.br\/noticias\/#\/schema\/person\/image\/\",\"url\":\"https:\/\/secure.gravatar.com\/avatar\/1a3f15d3553507ae7a2debc6ea0ad87b?s=96&r=g\",\"contentUrl\":\"https:\/\/secure.gravatar.com\/avatar\/1a3f15d3553507ae7a2debc6ea0ad87b?s=96&r=g\",\"caption\":\"Pedro Caramuru\"},\"description\":\"Rep\u00f3rter de economia, mercado e pol\u00edtica brasileira para o Suno Not\u00edcias. Formado em jornalismo. J\u00e1 escreveu sobre pol\u00edtica e mercados internacionais para o Broadcast e Estad\u00e3o.\",\"url\":\"https:\/\/www.suno.com.br\/noticias\/author\/pedro-caramurusuno-com-br\/\"}]}<\/script>\n<!-- \/ Yoast SEO plugin. -->","yoast_head_json":{"title":"Petrobras (PETR4): Bolsonaro critica pre\u00e7os e convoca reuni\u00e3o para tarde","description":"O presidente Bolsonaro, convocou reuni\u00e3o para esta tarde com ministros a fim de discutir a pol\u00edtica de pre\u00e7os da Petrobras (PETR4). Confira!","robots":{"index":"index","follow":"follow","max-snippet":"max-snippet:-1","max-image-preview":"max-image-preview:large","max-video-preview":"max-video-preview:-1"},"canonical":"https:\/\/www.suno.com.br\/noticias\/petrobras-petr4-bolsonaro-discutir-preco-critica-paridade\/","og_locale":"pt_BR","og_type":"article","og_title":"Petrobras (PETR4): Bolsonaro critica pre\u00e7os e convoca reuni\u00e3o para tarde","og_description":"O presidente Bolsonaro, convocou reuni\u00e3o para esta tarde com ministros a fim de discutir a pol\u00edtica de pre\u00e7os da Petrobras (PETR4). Confira!","og_url":"https:\/\/www.suno.com.br\/noticias\/petrobras-petr4-bolsonaro-discutir-preco-critica-paridade\/","og_site_name":"Suno Not\u00edcias","article_publisher":"https:\/\/facebook.com\/sunoresearch","og_image":[{"width":2560,"height":1707,"url":"https:\/\/files.sunoresearch.com.br\/n\/uploads\/2022\/03\/Sede-scaled.jpg","type":"image\/jpeg"}],"author":"Pedro Caramuru","twitter_card":"summary_large_image","twitter_creator":"@sunoresearch","twitter_site":"@sunoresearch","twitter_misc":{"Escrito por":"Pedro Caramuru","Est. tempo de leitura":"2 minutos"},"schema":{"@context":"https:\/\/schema.org","@graph":[{"@type":"NewsArticle","@id":"https:\/\/www.suno.com.br\/noticias\/petrobras-petr4-bolsonaro-discutir-preco-critica-paridade\/#article","isPartOf":{"@id":"https:\/\/www.suno.com.br\/noticias\/petrobras-petr4-bolsonaro-discutir-preco-critica-paridade\/"},"author":{"name":"Pedro Caramuru","@id":"https:\/\/www.suno.com.br\/noticias\/#\/schema\/person\/8d020643938f12a823508eb0e5fda407"},"headline":"Petrobras (PETR4): Bolsonaro critica pol\u00edtica de pre\u00e7os e convoca reuni\u00e3o para tarde","datePublished":"2022-03-07T15:59:38+00:00","dateModified":"2022-03-07T17:06:09+00:00","mainEntityOfPage":{"@id":"https:\/\/www.suno.com.br\/noticias\/petrobras-petr4-bolsonaro-discutir-preco-critica-paridade\/"},"wordCount":489,"publisher":{"@id":"https:\/\/www.suno.com.br\/noticias\/#organization"},"image":{"@id":"https:\/\/www.suno.com.br\/noticias\/petrobras-petr4-bolsonaro-discutir-preco-critica-paridade\/#primaryimage"},"thumbnailUrl":"https:\/\/files.sunoresearch.com.br\/n\/uploads\/2022\/03\/Sede-scaled.jpg","keywords":["Jair Bolsonaro","Minist\u00e9rio da Economia","Minist\u00e9rio de Minas e Energia","Petrobras (PETR4)","Petr\u00f3leo"],"articleSection":["Pol\u00edtica"],"inLanguage":"pt-BR"},{"@type":"WebPage","@id":"https:\/\/www.suno.com.br\/noticias\/petrobras-petr4-bolsonaro-discutir-preco-critica-paridade\/","url":"https:\/\/www.suno.com.br\/noticias\/petrobras-petr4-bolsonaro-discutir-preco-critica-paridade\/","name":"Petrobras (PETR4): Bolsonaro critica pre\u00e7os e convoca reuni\u00e3o para tarde","isPartOf":{"@id":"https:\/\/www.suno.com.br\/noticias\/#website"},"primaryImageOfPage":{"@id":"https:\/\/www.suno.com.br\/noticias\/petrobras-petr4-bolsonaro-discutir-preco-critica-paridade\/#primaryimage"},"image":{"@id":"https:\/\/www.suno.com.br\/noticias\/petrobras-petr4-bolsonaro-discutir-preco-critica-paridade\/#primaryimage"},"thumbnailUrl":"https:\/\/files.sunoresearch.com.br\/n\/uploads\/2022\/03\/Sede-scaled.jpg","datePublished":"2022-03-07T15:59:38+00:00","dateModified":"2022-03-07T17:06:09+00:00","description":"O presidente Bolsonaro, convocou reuni\u00e3o para esta tarde com ministros a fim de discutir a pol\u00edtica de pre\u00e7os da Petrobras (PETR4). Confira!","breadcrumb":{"@id":"https:\/\/www.suno.com.br\/noticias\/petrobras-petr4-bolsonaro-discutir-preco-critica-paridade\/#breadcrumb"},"inLanguage":"pt-BR","potentialAction":[{"@type":"ReadAction","target":["https:\/\/www.suno.com.br\/noticias\/petrobras-petr4-bolsonaro-discutir-preco-critica-paridade\/"]}]},{"@type":"ImageObject","inLanguage":"pt-BR","@id":"https:\/\/www.suno.com.br\/noticias\/petrobras-petr4-bolsonaro-discutir-preco-critica-paridade\/#primaryimage","url":"https:\/\/files.sunoresearch.com.br\/n\/uploads\/2022\/03\/Sede-scaled.jpg","contentUrl":"https:\/\/files.sunoresearch.com.br\/n\/uploads\/2022\/03\/Sede-scaled.jpg","width":2560,"height":1707,"caption":"Lei das Estatais . Foto: Fernando Fraz\u00e3o\/Ag\u00eancia Brasil"},{"@type":"BreadcrumbList","@id":"https:\/\/www.suno.com.br\/noticias\/petrobras-petr4-bolsonaro-discutir-preco-critica-paridade\/#breadcrumb","itemListElement":[{"@type":"ListItem","position":1,"name":"Not\u00edcias","item":"https:\/\/www.suno.com.br\/noticias\/"},{"@type":"ListItem","position":2,"name":"Pol\u00edtica","item":"https:\/\/www.suno.com.br\/noticias\/politica\/"},{"@type":"ListItem","position":3,"name":"Petrobras (PETR4): Bolsonaro critica pol\u00edtica de pre\u00e7os e convoca reuni\u00e3o para tarde"}]},{"@type":"WebSite","@id":"https:\/\/www.suno.com.br\/noticias\/#website","url":"https:\/\/www.suno.com.br\/noticias\/","name":"Suno Not\u00edcias","description":"Seu portal de informa\u00e7\u00e3o sobre o mundo dos investimentos","publisher":{"@id":"https:\/\/www.suno.com.br\/noticias\/#organization"},"potentialAction":[{"@type":"SearchAction","target":{"@type":"EntryPoint","urlTemplate":"https:\/\/www.suno.com.br\/noticias\/?s={search_term_string}"},"query-input":{"@type":"PropertyValueSpecification","valueRequired":true,"valueName":"search_term_string"}}],"inLanguage":"pt-BR"},{"@type":"Organization","@id":"https:\/\/www.suno.com.br\/noticias\/#organization","name":"Suno Not\u00edcias","url":"https:\/\/www.suno.com.br\/noticias\/","logo":{"@type":"ImageObject","inLanguage":"pt-BR","@id":"https:\/\/www.suno.com.br\/noticias\/#\/schema\/logo\/image\/","url":"https:\/\/files.sunoresearch.com.br\/n\/uploads\/2021\/09\/suno-logo.png","contentUrl":"https:\/\/files.sunoresearch.com.br\/n\/uploads\/2021\/09\/suno-logo.png","width":180,"height":180,"caption":"Suno Not\u00edcias"},"image":{"@id":"https:\/\/www.suno.com.br\/noticias\/#\/schema\/logo\/image\/"},"sameAs":["https:\/\/facebook.com\/sunoresearch","https:\/\/x.com\/sunoresearch","https:\/\/www.instagram.com\/suno","https:\/\/www.linkedin.com\/company\/suno-research\/","https:\/\/www.youtube.com\/c\/sunoresearch"]},{"@type":"Person","@id":"https:\/\/www.suno.com.br\/noticias\/#\/schema\/person\/8d020643938f12a823508eb0e5fda407","name":"Pedro Caramuru","image":{"@type":"ImageObject","inLanguage":"pt-BR","@id":"https:\/\/www.suno.com.br\/noticias\/#\/schema\/person\/image\/","url":"https:\/\/secure.gravatar.com\/avatar\/1a3f15d3553507ae7a2debc6ea0ad87b?s=96&r=g","contentUrl":"https:\/\/secure.gravatar.com\/avatar\/1a3f15d3553507ae7a2debc6ea0ad87b?s=96&r=g","caption":"Pedro Caramuru"},"description":"Rep\u00f3rter de economia, mercado e pol\u00edtica brasileira para o Suno Not\u00edcias. Formado em jornalismo. J\u00e1 escreveu sobre pol\u00edtica e mercados internacionais para o Broadcast e Estad\u00e3o.","url":"https:\/\/www.suno.com.br\/noticias\/author\/pedro-caramurusuno-com-br\/"}]}},"default_loop_html":"<div class=\"cardsPage__listCard__boxs\"><div class=\"cardsPage__listCard__boxs__img\"><a href=\"https:\/\/www.suno.com.br\/noticias\/petrobras-petr4-bolsonaro-discutir-preco-critica-paridade\/\"><img class=\"mask\" src=\"https:\/\/www.suno.com.br\/noticias\/wp-content\/themes\/suno\/resources\/images\/spotlight\/spotlight1img\/bg-mask.png\" alt=\"Image Mask\"\/><img src=\"https:\/\/files.sunoresearch.com.br\/n\/uploads\/2022\/03\/Sede-400x200.jpg\" alt=\"Petrobras (PETR4): Bolsonaro critica pol\u00edtica de pre\u00e7os e convoca reuni\u00e3o para tarde\"\/><\/a><span class=\"spotlightCategory\"><a href=\"https:\/\/www.suno.com.br\/noticias\/politica\/\">Pol\u00edtica<\/a><\/span><\/div><div class=\"cardsPage__listCard__boxs__content\"><a href=\"https:\/\/www.suno.com.br\/noticias\/petrobras-petr4-bolsonaro-discutir-preco-critica-paridade\/\"><h2 class=\"content__title\">Petrobras (PETR4): Bolsonaro critica pol\u00edtica de pre\u00e7os e convoca reuni\u00e3o para tarde<\/h2><\/a><div class=\"newsContent__article__meta\"><div class=\"newsContent__article__meta__authorBox\"><a href=\"https:\/\/www.suno.com.br\/noticias\/author\/pedro-caramurusuno-com-br\/\" class=\"authorBox__avatar noMobi\"><img src=\"https:\/\/secure.gravatar.com\/avatar\/1a3f15d3553507ae7a2debc6ea0ad87b?s=96&#038;r=g\" alt=\"Pedro Caramuru\"><\/a><div class=\"authorBox__name\"><span>por\n\t\t\t<a href=\"https:\/\/www.suno.com.br\/noticias\/author\/pedro-caramurusuno-com-br\/\"><span itemprop=\"author\">Pedro Caramuru<\/span><\/a><\/span><time datetime=\"2022-03-07T12:59:38-03:00\" itemprop=\"datePublished\">07\/03\/2022 12:59<\/time><\/div><\/div><\/div><\/div><\/div>","single_layout":"posts","amp_enabled":true,"_links":{"self":[{"href":"https:\/\/www.suno.com.br\/noticias\/wp-json\/wp\/v2\/posts\/238357"}],"collection":[{"href":"https:\/\/www.suno.com.br\/noticias\/wp-json\/wp\/v2\/posts"}],"about":[{"href":"https:\/\/www.suno.com.br\/noticias\/wp-json\/wp\/v2\/types\/post"}],"author":[{"embeddable":true,"href":"https:\/\/www.suno.com.br\/noticias\/wp-json\/wp\/v2\/users\/145"}],"replies":[{"embeddable":true,"href":"https:\/\/www.suno.com.br\/noticias\/wp-json\/wp\/v2\/comments?post=238357"}],"version-history":[{"count":3,"href":"https:\/\/www.suno.com.br\/noticias\/wp-json\/wp\/v2\/posts\/238357\/revisions"}],"predecessor-version":[{"id":238455,"href":"https:\/\/www.suno.com.br\/noticias\/wp-json\/wp\/v2\/posts\/238357\/revisions\/238455"}],"wp:featuredmedia":[{"embeddable":true,"href":"https:\/\/www.suno.com.br\/noticias\/wp-json\/wp\/v2\/media\/238426"}],"wp:attachment":[{"href":"https:\/\/www.suno.com.br\/noticias\/wp-json\/wp\/v2\/media?parent=238357"}],"wp:term":[{"taxonomy":"category","embeddable":true,"href":"https:\/\/www.suno.com.br\/noticias\/wp-json\/wp\/v2\/categories?post=238357"},{"taxonomy":"post_tag","embeddable":true,"href":"https:\/\/www.suno.com.br\/noticias\/wp-json\/wp\/v2\/tags?post=238357"},{"taxonomy":"suno_strategy","embeddable":true,"href":"https:\/\/www.suno.com.br\/noticias\/wp-json\/wp\/v2\/suno_strategy?post=238357"}],"curies":[{"name":"wp","href":"https:\/\/api.w.org\/{rel}","templated":true}]}}