{"id":238294,"date":"2022-03-07T11:37:52","date_gmt":"2022-03-07T14:37:52","guid":{"rendered":"https:\/\/www.suno.com.br\/noticias\/?p=238294"},"modified":"2022-03-08T07:05:10","modified_gmt":"2022-03-08T10:05:10","slug":"via-viia3-resultado-balanco-4t21-previa","status":"publish","type":"post","link":"https:\/\/www.suno.com.br\/noticias\/via-viia3-resultado-balanco-4t21-previa\/","title":{"rendered":"Via (VIIA3) deve ter preju\u00edzo milion\u00e1rio e queda nas vendas no 4T21, projetam analistas"},"content":{"rendered":"<p>Com resultado trimestral a ser publicado nesta quarta-feira (9), a <strong>Via<\/strong> (<a href=\"https:\/\/www.suno.com.br\/acoes\/VIIA3\/\">VIIA3<\/a>) atrai a aten\u00e7\u00e3o dos investidores ap\u00f3s uma mar\u00e9 negativa com perdas acima de 65% nos \u00faltimos 12 meses. O cen\u00e1rio competitivo e a infla\u00e7\u00e3o persistente fazem com que os analistas do Ita\u00fa BBA e da XP projetem preju\u00edzo na casa de R$ 120 milh\u00f5es para a varejista no quarto trimestre de 2021.<\/p>\t<div class=\"wrapper-featured-image\">\n\t\t<figure class=\"spotlightImg\">\n\n\t\t\t<picture>\n\t\t\t\t<source media=\"(max-width: 768px)\" srcset=\"https:\/\/files.sunoresearch.com.br\/n\/uploads\/2021\/07\/66933c1f-via-vvar3-foto-400x200.jpg\">\n\t\t\t\t<img loading=\"lazy\" decoding=\"async\" class=\"newsContent__article__imgCapa lazyloadDisabled \" src=\"https:\/\/files.sunoresearch.com.br\/n\/uploads\/2021\/07\/66933c1f-via-vvar3-foto-800x450.jpg\" width=\"800\" height=\"450\" alt=\"Via (VIIA3) deve ter preju\u00edzo milion\u00e1rio e queda nas vendas no 4T21, projetam analistas\" fetchpriority=high \/>\n\t\t\t<\/picture>\n\n\t\t\t<figcaption class=\"wp-caption-text wp-caption-text--show\">Via: destaque do 4T21 foram as vendas digitais da empresa, que somaram R$ 6,56 bilh\u00f5es, alta de 9,9% na compara\u00e7\u00e3o anual. Foto: Divulga\u00e7\u00e3o <\/figcaption>\n\t\t<\/figure>\n\t<\/div>\n\n\n\t<p>\n\t\t<a href=\"https:\/\/lp.suno.com.br\/planilha-controle-gastos\/\" target=\"_blank\" data-element=\"shortcode-suno-banner\" title=\"Banner SUNO, clique e saiba mais\">\n\t\t\t<picture>\n\t\t\t\t<source media=\"(max-width: 500px)\" srcset=\"https:\/\/files.sunoresearch.com.br\/n\/uploads\/2023\/03\/400x300-Planilha-controle-de-gastos.png\">\n\t\t\t\t<img class=\"newsContent__article__imgCapa newsContent__article__imgCapa--banner\"\n\t\t\t\t\tsrc=\"https:\/\/files.sunoresearch.com.br\/n\/uploads\/2023\/03\/1420x240-Planilha-controle-de-gastos.png\"\n\t\t\t\t\tdata-promo-id=\"101751\"\t\t\t\t\t\t\t\t\t\twidth='1420' height='240'\t\t\t\t\talt=\"https:\/\/files.sunoresearch.com.br\/n\/uploads\/2023\/03\/1420x240-Planilha-controle-de-gastos.png\"\n\t\t\t\t>\n\t\t\t<\/picture>\n\t\t<\/a>\n\t<\/p>\n\n\n<p>No seu <a href=\"https:\/\/www.suno.com.br\/artigos\/resultado-financeiro\">resultado do <strong>4T21<\/strong><\/a>, a Via tamb\u00e9m deve manter o mercado atualizado sobre as suas intemp\u00e9ries negativas dos per\u00edodos anteriores &#8211; como encargos trabalhistas relativamente altos no balan\u00e7o do 3T21, que ocasionaram quedas nos pap\u00e9is da varejista.<\/p>\n<p>Para o It\u00e1u BBA, o <strong>resultado trimestral da Via<\/strong> continuar\u00e1 a ser pressionado pelas provis\u00f5es trabalhistas, levando a empresa a um preju\u00edzo de R$ 127 milh\u00f5es no 4T21, com R$ 594 milh\u00f5es de EBITDA ajustado e 7,1% de margem Ebitda.<\/p>\n<h2>Veja a pr\u00e9via do resultado da Via, segundo o BBA<\/h2>\n<p>Os analistas do banco veem um recuo de 20% nas vendas mesmas lojas no trimestre. Mas, por outro lado, acreditam em um crescimento anual de 15% no GMV (volume bruto de mercadorias) Online.<\/p>\n<p>&#8220;No entanto, ainda esperamos press\u00e3o na receita, que deve ficar em R$ 8,4 bilh\u00f5es. Em rela\u00e7\u00e3o \u00e0 rentabilidade, n\u00e3o esperamos grandes mudan\u00e7as em rela\u00e7\u00e3o \u00e0 din\u00e2mica observada no 4T20, com apenas uma leve press\u00e3o sobre margem EBITDA bruta e ajustada, que devem permanecer em 29,0% e 7,1%, respectivamente&#8221;, dizem os analistas.<\/p>\n<figure id=\"attachment_238379\" aria-describedby=\"caption-attachment-238379\" style=\"width: 522px\" class=\"wp-caption aligncenter\"><img loading=\"lazy\" decoding=\"async\" class=\"size-full wp-image-238379\" src=\"https:\/\/files.sunoresearch.com.br\/n\/uploads\/2022\/03\/4t21-via.jpg\" alt=\"Proje\u00e7\u00f5es do Ita\u00fa BBA para o balan\u00e7o de Via no 4T21 - Foto: Reprodu\u00e7\u00e3o\/Ita\u00fa BBA\" width=\"522\" height=\"197\" srcset=\"https:\/\/files.sunoresearch.com.br\/n\/uploads\/2022\/03\/4t21-via.jpg 522w, https:\/\/files.sunoresearch.com.br\/n\/uploads\/2022\/03\/4t21-via-300x113.jpg 300w, https:\/\/files.sunoresearch.com.br\/n\/uploads\/2022\/03\/4t21-via-150x57.jpg 150w\" sizes=\"(max-width: 522px) 100vw, 522px\" \/><figcaption id=\"caption-attachment-238379\" class=\"wp-caption-text\">Proje\u00e7\u00f5es do Ita\u00fa BBA para o balan\u00e7o de Via no 4T21 &#8211; Foto: Reprodu\u00e7\u00e3o\/Ita\u00fa BBA<\/figcaption><\/figure>\n<p>&#8220;Por fim, conforme j\u00e1 divulgado pela empresa, o resultado final deve continuam a ser afetados por <strong>provis\u00f5es trabalhistas<\/strong>, que aliadas a um maior custo da d\u00edvida, pode levar a um preju\u00edzo de R$ 127 milh\u00f5es (contra o lucro de R$ 209 milh\u00f5es no 4T20)&#8221;, concluem sobre o <strong>balan\u00e7o da Via<\/strong>.<\/p>\n<p>No seu parecer mais recente, seguindo o consenso de mercado, o Ita\u00fa BBA revisou suas proje\u00e7\u00f5es para as <strong>a\u00e7\u00f5es<\/strong> da varejista, cortando o pre\u00e7o-alvo para R$ 4,70 com r\u00f3tulo\u00a0<em>marketperform<\/em>.<\/p>\n<p>A justificativa \u00e9 de uma cautela por conta da situa\u00e7\u00e3o de conting\u00eancia em antigos processos trabalhistas, al\u00e9m do cen\u00e1rio mais dif\u00edcil para o e-commerce.<\/p>\n<p>Segundo o BBA, a atual estrat\u00e9gia que mant\u00e9m o foco em rentabilidade ao inv\u00e9s de crescimento, aliada a forte concorr\u00eancia no segmento de varejo digital, pode levar a um efeito negativo na sua participa\u00e7\u00e3o de mercado no futuro.<\/p>\n<p>\u201cIsso, aliado a um cen\u00e1rio macro desafiador para a divis\u00e3o f\u00edsica nos pr\u00f3ximos trimestres, nos levou a mudar nossa recomenda\u00e7\u00e3o\u201d, apontam os analistas.<\/p>\n<p>Apesar de manter a mesma postura com rela\u00e7\u00e3o \u00e0s recomenda\u00e7\u00f5es de Via, <a href=\"https:\/\/www.suno.com.br\/noticias\/tags\/itau-bba\/\">o Ita\u00fa BBA manteve recomenda\u00e7\u00f5es de outperform<\/a> para as concorrentes Americanas e Magalu, embora tamb\u00e9m tenha cortado o pre\u00e7o-alvo das mesmas para R$ 44 e R$ 12, respectivamente.<\/p>\n<h2>XP espera preju\u00edzo de R$ 129 milh\u00f5es<\/h2>\n<p>A XP Investimentos, nesse contexto, espera um trimestre neutro e com uma din\u00e2mica parecida com o 3T21 e em linha com a concorr\u00eancia, com possibilidades de n\u00fameros mais fracos. O<strong> preju\u00edzo da Via<\/strong>, para a XP, deve ficar em R$ 129 milh\u00f5es no quarto trimestre.<\/p>\n<p>&#8220;Estimamos que o volume bruto de mercadorias (GMV) total <a href=\"https:\/\/www.suno.com.br\/artigos\/gmv\/\">caia 5%<\/a> no comparativo anual frente ao fraco desempenho das lojas B&amp;M (SSS em -24%), uma vez que a deteriora\u00e7\u00e3o macro impactou o tr\u00e1fego de clientes em loja e a demanda por eletrodom\u00e9sticos&#8221;, dizem os analistas.<\/p>\n\n\t<div data-element=\"shortcode-read-more\" class=\"readToo\">\n\t\t\t\t<span class=\"readToo__title\">Leia mais<\/span>\n\t\t\t\t<ul class=\"readToo__list\">\n\t\t\t<li><a href=\"https:\/\/www.suno.com.br\/noticias\/resultados-4t21-marfrig-mrfg3-csn-csna3-via-viia3-balancos-semana\/\">Resultados do 4T21: Marfrig (MRFG3) e Via (VIIA3) soltam balan\u00e7os na semana<\/a><\/li><li><a href=\"https:\/\/www.suno.com.br\/noticias\/magazine-luiza-mglu3-via-viia3-reducao-ipi-xp\/\">Magazine Luiza (MGLU3), Via (VIIA3): quem ganha mais com a redu\u00e7\u00e3o do IPI?<\/a><\/li><li><a href=\"https:\/\/www.suno.com.br\/noticias\/americanas-amer3-via-viia3-app-casas-bahia-piada\/\">Via (VIIA3): app da Casas Bahia brinca com a rival Americanas (AMER3): &#8220;Caiu a\u00ed?&#8221;<\/a><\/li>\t\t<\/ul>\n\t<\/div>\n\n\n<p>&#8220;Por outro lado, o canal online deve apresentar um crescimento de GMV de +21% no comparativo anual, com 1P crescendo +8% e 3P crescendo +70%. Em termos de rentabilidade, esperamos que a <a class=\"suno-keyword\" href=\"https:\/\/www.suno.com.br\/artigos\/margem-bruta-entenda-sua-importancia\/\" target=\"_blank\" rel=\"noopener\" data-force=\"no\" data-priority=\"1\">margem bruta<\/a> apresente uma contra\u00e7\u00e3o sequencial no comparativo trimestral (-1,5p.p.) enquanto a <a class=\"suno-keyword\" href=\"https:\/\/www.suno.com.br\/artigos\/margem-ebitda\/\" target=\"_blank\" rel=\"noopener\" data-force=\"no\" data-priority=\"1\">margem EBITDA<\/a> deve cair 1,3p.p. no comparativo anual, pressionada pelas despesas gerais e administrativas&#8221;, segue o relat\u00f3rio da corretora.<\/p>\n<p>A recomenda\u00e7\u00e3o \u00e9 neutra com pre\u00e7o-alvo de R$ 7,00.<\/p>\n<p>Vale frisar que o analistas da casa mant\u00e9m a cautela para o setor como um todo, com recomenda\u00e7\u00f5es neutras para grandes players concorrentes, como <a class=\"suno-keyword\" href=\"https:\/\/www.suno.com.br\/acoes\/MGLU3\/\" target=\"_blank\" rel=\"noopener\" data-force=\"yes\" data-priority=\"2\"><strong>Magazine Luiza<\/strong> (MGLU3)<\/a> e <a href=\"https:\/\/www.suno.com.br\/acoes\/AMER3\/\"><strong>Americanas<\/strong> (AMER3)<\/a>.<\/p>\n<p>A exce\u00e7\u00e3o \u00e9 a <a href=\"https:\/\/statusinvest.com.br\/acoes\/asai3\">Assa\u00ed (ASAI3)<\/a>, que deve ter 8% de alta no <strong>GMV da Via<\/strong>, segundo a proje\u00e7\u00e3o. O &#8216;atacarejo&#8217;, em cen\u00e1rio de <strong>infla\u00e7\u00e3o<\/strong> alta como o atual, costuma ser considerado resiliente pelos analistas.<\/p>\n<figure id=\"attachment_238333\" aria-describedby=\"caption-attachment-238333\" style=\"width: 554px\" class=\"wp-caption aligncenter\"><a href=\"https:\/\/files.sunoresearch.com.br\/n\/uploads\/2022\/03\/projvia3xp.webp\"><img loading=\"lazy\" decoding=\"async\" class=\"size-full wp-image-238333\" src=\"https:\/\/files.sunoresearch.com.br\/n\/uploads\/2022\/03\/projvia3xp.webp\" alt=\"Proje\u00e7\u00e3o dos resultados da Via (VIIA3) no 4T21 - Foto: Reprodu\u00e7\u00e3o\/XP Investimentos\" width=\"554\" height=\"146\" srcset=\"https:\/\/files.sunoresearch.com.br\/n\/uploads\/2022\/03\/projvia3xp.webp 554w, https:\/\/files.sunoresearch.com.br\/n\/uploads\/2022\/03\/projvia3xp-300x79.webp 300w, https:\/\/files.sunoresearch.com.br\/n\/uploads\/2022\/03\/projvia3xp-150x40.webp 150w\" sizes=\"(max-width: 554px) 100vw, 554px\" \/><\/a><figcaption id=\"caption-attachment-238333\" class=\"wp-caption-text\">Proje\u00e7\u00e3o dos resultados da Via (VIIA3) no 4T21 &#8211; Foto: Reprodu\u00e7\u00e3o\/XP Investimentos<\/figcaption><\/figure>\n<p>Para o <strong>balan\u00e7o da Via no 4t21,<\/strong> a XP projeta um preju\u00edzo l\u00edquido de R$ 129 milh\u00f5es no 4T21, com queda de 222% no comparativo anual. A receita e o EBITDA, contudo, devem crescer 11% e 27%, segundo a corretora.<\/p>\n<h2>BB Investimentos v\u00ea &#8216;infla\u00e7\u00e3o desafiadora&#8217; para Via<\/h2>\n<p>Ao ter contato com os dados de <strong>varejo<\/strong>, o BB Investimentos destaca um &#8220;<a href=\"https:\/\/www.suno.com.br\/artigos\/inflacao\/\">cen\u00e1rio inflacion\u00e1rio ainda desafiador<\/a>&#8221; para as companhias do setor, o que deve penalizar especialmente o volume de vendas (GMV).<\/p>\n<p>&#8220;Justamente os pap\u00e9is com os piores desempenhos foram aqueles expostos ao segmento de bens dur\u00e1veis, cujo cen\u00e1rio e perspectivas t\u00eam sido negativos, diante da press\u00e3o inflacion\u00e1ria&#8221;, dizem os analistas.<\/p>\n\t<p>\n\t\t<a href=\"https:\/\/lp.suno.com.br\/planilha-da-vida-financeira\/\" target=\"_blank\" data-element=\"shortcode-suno-banner\" title=\"Banner SUNO, clique e saiba mais\">\n\t\t\t<picture>\n\t\t\t\t<source media=\"(max-width: 500px)\" srcset=\"https:\/\/files.sunoresearch.com.br\/n\/uploads\/2023\/04\/400x300-Planilha-vida-financeira-true.png\">\n\t\t\t\t<img class=\"newsContent__article__imgCapa newsContent__article__imgCapa--banner\"\n\t\t\t\t\tsrc=\"https:\/\/files.sunoresearch.com.br\/n\/uploads\/2023\/04\/1420x240-Planilha-vida-financeira-true.png\"\n\t\t\t\t\tdata-promo-id=\"106682\"\t\t\t\t\t\t\t\t\t\twidth='1420' height='240'\t\t\t\t\talt=\"https:\/\/files.sunoresearch.com.br\/n\/uploads\/2023\/04\/1420x240-Planilha-vida-financeira-true.png\"\n\t\t\t\t>\n\t\t\t<\/picture>\n\t\t<\/a>\n\t<\/p>\n\n\n<p>Com recomenda\u00e7\u00e3o neutra, o banco mira R$ 20 de cota\u00e7\u00e3o e projeta, no acumulado de 2021, um lucro de R$ 147 milh\u00f5es, com um ROE de -1,2% e um <a href=\"https:\/\/www.suno.com.br\/artigos\/evebitda\/\">EV\/ EBITDA de 9,6 vezes<\/a>.<\/p>\n<p>A margem EBITDA esperada, ao fim de 2021, \u00e9 de 3,7%, com um EBITDA de R$ 1,26 bilh\u00e3o no acumulado anual.<\/p>\n<h2>Citi e Goldman Sachs veem deteriora\u00e7\u00e3o de VIIA3<\/h2>\n<p>Vendo um cen\u00e1rio complexo, em conson\u00e2ncia com as demais casas, o Goldman Sachs revisou recentemente suas perspectivas para o <strong>setor varejista<\/strong> e cortou o <a class=\"suno-keyword\" href=\"https:\/\/www.suno.com.br\/artigos\/preco-alvo\/\" target=\"_blank\" rel=\"noopener\" data-force=\"no\" data-priority=\"1\">pre\u00e7o alvo<\/a> das a\u00e7\u00f5es <a href=\"https:\/\/statusinvest.com.br\/acoes\/viia3\"><strong>VIIA3<\/strong> <\/a>de R$ 5,50 para R$ 4,70, recomendando venda dos pap\u00e9is.<\/p>\n<p>Os analistas do banco de investimento veem uma <a href=\"https:\/\/www.suno.com.br\/guias\/ipca\/\">deteriora\u00e7\u00e3o do cen\u00e1rio inflacion\u00e1rio<\/a>, em conjunto com uma taxa de desemprego relativamente elevada.<\/p>\n<p>\u201cO enfraquecimento resultante na demanda subjacente foi mais not\u00e1vel para varejistas de bens dur\u00e1veis, como Magazine Luiza e Via Varejo, que registraram uma forte desacelera\u00e7\u00e3o no crescimento acumulado de 2 anos, off e online no 3T21, e apontaram para uma expectativa de trimestres desafiadores \u00e0 frente\u201d, diz a an\u00e1lise.<\/p>\n\t<p>\n\t\t<a href=\"https:\/\/lp.suno.com.br\/ebook-como-analisar-uma-acao\/\" target=\"_blank\" data-element=\"shortcode-suno-banner\" title=\"Banner SUNO, clique e saiba mais\">\n\t\t\t<picture>\n\t\t\t\t<source media=\"(max-width: 500px)\" srcset=\"https:\/\/files.sunoresearch.com.br\/n\/uploads\/2023\/03\/Ebook-Acoes-Mobile-1.jpg\">\n\t\t\t\t<img class=\"newsContent__article__imgCapa newsContent__article__imgCapa--banner\"\n\t\t\t\t\tsrc=\"https:\/\/files.sunoresearch.com.br\/n\/uploads\/2023\/03\/Ebook-Acoes-Desktop-1.jpg\"\n\t\t\t\t\tdata-promo-id=\"171998\"\t\t\t\t\t\t\t\t\t\twidth='1420' height='286'\t\t\t\t\talt=\"https:\/\/files.sunoresearch.com.br\/n\/uploads\/2023\/03\/Ebook-Acoes-Desktop-1.jpg\"\n\t\t\t\t>\n\t\t\t<\/picture>\n\t\t<\/a>\n\t<\/p>\n\n\n<p>\u201cA infla\u00e7\u00e3o de alimentos, energia el\u00e9trica (+21% no ano) e combust\u00edveis (+49% em 2021) juntos respondem por grande parte da <a class=\"suno-keyword\" href=\"https:\/\/www.suno.com.br\/artigos\/renda-mensal\/\" target=\"_blank\" rel=\"noopener\" data-force=\"no\" data-priority=\"1\">renda mensal<\/a>. Para as fam\u00edlias de menor renda, acreditamos que o peso desses componentes est\u00e1 bem acima de 50% da renda mensal&#8221;, segue.<\/p>\n<p>Da mesma forma, a cautela \u00e9 mantida para concorrentes como o <strong>Magalu<\/strong>, que tamb\u00e9m teve o pre\u00e7o-alvo cortado.<\/p>\n<p>No seu parecer, o Citi frisa tamb\u00e9m a disputa de market share com empresa chinesas, que pode fazer com que as varejistas brasileiras ponderem sobre manuten\u00e7\u00e3o de investimentos em crescimento ou manuten\u00e7\u00e3o de margens.<\/p>\n<p>A recomenda\u00e7\u00e3o para Via teve redu\u00e7\u00e3o de pre\u00e7o-alvo de R$ 8 para R$ 5, com um potencial de alta de 15,2%. A recomenda\u00e7\u00e3o segue neutra.<\/p>\n<p>O banco estimou que o balan\u00e7o do 4T21 devem ser similar ao do 3T21. Entre os destaques, eles esperam uma desacelera\u00e7\u00e3o no crescimento online das empresas com maior exposi\u00e7\u00e3o \u00e0 venda de produtos n\u00e3o essenciais, casos de <strong>Via<\/strong>, Magalu e Americanas.<\/p>\n\t<p>\n\t\t<a href=\"https:\/\/lp.suno.com.br\/planilha-de-controle-de-investimentos\/\" target=\"_blank\" data-element=\"shortcode-suno-banner\" title=\"Banner SUNO, clique e saiba mais\">\n\t\t\t<picture>\n\t\t\t\t<source media=\"(max-width: 500px)\" srcset=\"https:\/\/files.sunoresearch.com.br\/n\/uploads\/2023\/03\/400x300-Controle-de-Investimentos.png\">\n\t\t\t\t<img class=\"newsContent__article__imgCapa newsContent__article__imgCapa--banner\"\n\t\t\t\t\tsrc=\"https:\/\/files.sunoresearch.com.br\/n\/uploads\/2023\/03\/1420x240-Controle-de-Investimentos.png\"\n\t\t\t\t\tdata-promo-id=\"75934\"\t\t\t\t\t\t\t\t\t\twidth='1420' height='240'\t\t\t\t\talt=\"https:\/\/files.sunoresearch.com.br\/n\/uploads\/2023\/03\/1420x240-Controle-de-Investimentos.png\"\n\t\t\t\t>\n\t\t\t<\/picture>\n\t\t<\/a>\n\t<\/p>\n\n\n","protected":false},"excerpt":{"rendered":"<p>Com resultado trimestral a ser publicado nesta quarta-feira (9), a Via (VIIA3) atrai a aten\u00e7\u00e3o dos investidores ap\u00f3s uma mar\u00e9 negativa com perdas acima de 65% nos \u00faltimos 12 meses. O cen\u00e1rio competitivo e a infla\u00e7\u00e3o persistente fazem com que os analistas do Ita\u00fa BBA e da XP projetem preju\u00edzo na casa de R$ 120 [&hellip;]<\/p>\n","protected":false},"author":73,"featured_media":167283,"comment_status":"closed","ping_status":"closed","sticky":false,"template":"","format":"standard","meta":[],"categories":[64],"tags":[104988,106034,1181,105816,775,803,106935,888],"suno_strategy":[],"class_list":["post-238294","post","type-post","status-publish","format-standard","has-post-thumbnail","hentry","category-negocios","tag-bb-investimentos","tag-bb-bi","tag-citibank","tag-especialistas","tag-goldman-sachs-gsgi34","tag-varejo","tag-via-viia3","tag-xp-investimentos"],"yoast_head":"<!-- This site is optimized with the Yoast SEO plugin v24.4 - https:\/\/yoast.com\/wordpress\/plugins\/seo\/ -->\n<title>Via (VIIA3) ter\u00e1 preju\u00edzo milion\u00e1rio e GMV fraco no 4T21, dizem analistas<\/title>\n<meta name=\"description\" content=\"Com infla\u00e7\u00e3o e desemprego no radar, analistas seguem com cautela em rela\u00e7\u00e3o \u00e0s a\u00e7\u00f5es da Via e do varejo em geral. Clique aqui e leia mais.\" \/>\n<meta name=\"robots\" content=\"index, follow, max-snippet:-1, max-image-preview:large, max-video-preview:-1\" \/>\n<link rel=\"canonical\" href=\"https:\/\/www.suno.com.br\/noticias\/via-viia3-resultado-balanco-4t21-previa\/\" \/>\n<meta property=\"og:locale\" content=\"pt_BR\" \/>\n<meta property=\"og:type\" content=\"article\" \/>\n<meta property=\"og:title\" content=\"Via (VIIA3) ter\u00e1 preju\u00edzo milion\u00e1rio e GMV fraco no 4T21, dizem analistas\" \/>\n<meta property=\"og:description\" content=\"Com infla\u00e7\u00e3o e desemprego no radar, analistas seguem com cautela em rela\u00e7\u00e3o \u00e0s a\u00e7\u00f5es da Via e do varejo em geral. Clique aqui e leia mais.\" \/>\n<meta property=\"og:url\" content=\"https:\/\/www.suno.com.br\/noticias\/via-viia3-resultado-balanco-4t21-previa\/\" \/>\n<meta property=\"og:site_name\" content=\"Suno Not\u00edcias\" \/>\n<meta property=\"article:publisher\" content=\"https:\/\/facebook.com\/sunoresearch\" \/>\n<meta property=\"og:image\" content=\"https:\/\/files.sunoresearch.com.br\/n\/uploads\/2021\/07\/66933c1f-via-vvar3-foto.jpg\" \/>\n\t<meta property=\"og:image:width\" content=\"1199\" \/>\n\t<meta property=\"og:image:height\" content=\"800\" \/>\n\t<meta property=\"og:image:type\" content=\"image\/jpeg\" \/>\n<meta name=\"author\" content=\"Eduardo Vargas\" \/>\n<meta name=\"twitter:card\" content=\"summary_large_image\" \/>\n<meta name=\"twitter:creator\" content=\"@sunoresearch\" \/>\n<meta name=\"twitter:site\" content=\"@sunoresearch\" \/>\n<meta name=\"twitter:label1\" content=\"Escrito por\" \/>\n\t<meta name=\"twitter:data1\" content=\"Eduardo Vargas\" \/>\n\t<meta name=\"twitter:label2\" content=\"Est. tempo de leitura\" \/>\n\t<meta name=\"twitter:data2\" content=\"6 minutos\" \/>\n<script type=\"application\/ld+json\" class=\"yoast-schema-graph\">{\"@context\":\"https:\/\/schema.org\",\"@graph\":[{\"@type\":\"NewsArticle\",\"@id\":\"https:\/\/www.suno.com.br\/noticias\/via-viia3-resultado-balanco-4t21-previa\/#article\",\"isPartOf\":{\"@id\":\"https:\/\/www.suno.com.br\/noticias\/via-viia3-resultado-balanco-4t21-previa\/\"},\"author\":{\"name\":\"Eduardo Vargas\",\"@id\":\"https:\/\/www.suno.com.br\/noticias\/#\/schema\/person\/7f4d362bf3518e76090143ae77bb49a5\"},\"headline\":\"Via (VIIA3) deve ter preju\u00edzo milion\u00e1rio e queda nas vendas no 4T21, projetam analistas\",\"datePublished\":\"2022-03-07T14:37:52+00:00\",\"dateModified\":\"2022-03-08T10:05:10+00:00\",\"mainEntityOfPage\":{\"@id\":\"https:\/\/www.suno.com.br\/noticias\/via-viia3-resultado-balanco-4t21-previa\/\"},\"wordCount\":1270,\"publisher\":{\"@id\":\"https:\/\/www.suno.com.br\/noticias\/#organization\"},\"image\":{\"@id\":\"https:\/\/www.suno.com.br\/noticias\/via-viia3-resultado-balanco-4t21-previa\/#primaryimage\"},\"thumbnailUrl\":\"https:\/\/files.sunoresearch.com.br\/n\/uploads\/2021\/07\/66933c1f-via-vvar3-foto.jpg\",\"keywords\":[\"BB Investimentos\",\"BB-BI\",\"Citibank\",\"Especialistas\",\"Goldman Sachs (GSGI34)\",\"varejo\",\"Via (VIIA3)\",\"XP Investimentos\"],\"articleSection\":[\"Neg\u00f3cios\"],\"inLanguage\":\"pt-BR\"},{\"@type\":\"WebPage\",\"@id\":\"https:\/\/www.suno.com.br\/noticias\/via-viia3-resultado-balanco-4t21-previa\/\",\"url\":\"https:\/\/www.suno.com.br\/noticias\/via-viia3-resultado-balanco-4t21-previa\/\",\"name\":\"Via (VIIA3) ter\u00e1 preju\u00edzo milion\u00e1rio e GMV fraco no 4T21, dizem analistas\",\"isPartOf\":{\"@id\":\"https:\/\/www.suno.com.br\/noticias\/#website\"},\"primaryImageOfPage\":{\"@id\":\"https:\/\/www.suno.com.br\/noticias\/via-viia3-resultado-balanco-4t21-previa\/#primaryimage\"},\"image\":{\"@id\":\"https:\/\/www.suno.com.br\/noticias\/via-viia3-resultado-balanco-4t21-previa\/#primaryimage\"},\"thumbnailUrl\":\"https:\/\/files.sunoresearch.com.br\/n\/uploads\/2021\/07\/66933c1f-via-vvar3-foto.jpg\",\"datePublished\":\"2022-03-07T14:37:52+00:00\",\"dateModified\":\"2022-03-08T10:05:10+00:00\",\"description\":\"Com infla\u00e7\u00e3o e desemprego no radar, analistas seguem com cautela em rela\u00e7\u00e3o \u00e0s a\u00e7\u00f5es da Via e do varejo em geral. Clique aqui e leia mais.\",\"breadcrumb\":{\"@id\":\"https:\/\/www.suno.com.br\/noticias\/via-viia3-resultado-balanco-4t21-previa\/#breadcrumb\"},\"inLanguage\":\"pt-BR\",\"potentialAction\":[{\"@type\":\"ReadAction\",\"target\":[\"https:\/\/www.suno.com.br\/noticias\/via-viia3-resultado-balanco-4t21-previa\/\"]}]},{\"@type\":\"ImageObject\",\"inLanguage\":\"pt-BR\",\"@id\":\"https:\/\/www.suno.com.br\/noticias\/via-viia3-resultado-balanco-4t21-previa\/#primaryimage\",\"url\":\"https:\/\/files.sunoresearch.com.br\/n\/uploads\/2021\/07\/66933c1f-via-vvar3-foto.jpg\",\"contentUrl\":\"https:\/\/files.sunoresearch.com.br\/n\/uploads\/2021\/07\/66933c1f-via-vvar3-foto.jpg\",\"width\":1199,\"height\":800,\"caption\":\"Via: destaque do 4T21 foram as vendas digitais da empresa, que somaram R$ 6,56 bilh\u00f5es, alta de 9,9% na compara\u00e7\u00e3o anual. Foto: Divulga\u00e7\u00e3o\"},{\"@type\":\"BreadcrumbList\",\"@id\":\"https:\/\/www.suno.com.br\/noticias\/via-viia3-resultado-balanco-4t21-previa\/#breadcrumb\",\"itemListElement\":[{\"@type\":\"ListItem\",\"position\":1,\"name\":\"Not\u00edcias\",\"item\":\"https:\/\/www.suno.com.br\/noticias\/\"},{\"@type\":\"ListItem\",\"position\":2,\"name\":\"Neg\u00f3cios\",\"item\":\"https:\/\/www.suno.com.br\/noticias\/negocios\/\"},{\"@type\":\"ListItem\",\"position\":3,\"name\":\"Via (VIIA3) deve ter preju\u00edzo milion\u00e1rio e queda nas vendas no 4T21, projetam analistas\"}]},{\"@type\":\"WebSite\",\"@id\":\"https:\/\/www.suno.com.br\/noticias\/#website\",\"url\":\"https:\/\/www.suno.com.br\/noticias\/\",\"name\":\"Suno Not\u00edcias\",\"description\":\"Seu portal de informa\u00e7\u00e3o sobre o mundo dos investimentos\",\"publisher\":{\"@id\":\"https:\/\/www.suno.com.br\/noticias\/#organization\"},\"potentialAction\":[{\"@type\":\"SearchAction\",\"target\":{\"@type\":\"EntryPoint\",\"urlTemplate\":\"https:\/\/www.suno.com.br\/noticias\/?s={search_term_string}\"},\"query-input\":{\"@type\":\"PropertyValueSpecification\",\"valueRequired\":true,\"valueName\":\"search_term_string\"}}],\"inLanguage\":\"pt-BR\"},{\"@type\":\"Organization\",\"@id\":\"https:\/\/www.suno.com.br\/noticias\/#organization\",\"name\":\"Suno Not\u00edcias\",\"url\":\"https:\/\/www.suno.com.br\/noticias\/\",\"logo\":{\"@type\":\"ImageObject\",\"inLanguage\":\"pt-BR\",\"@id\":\"https:\/\/www.suno.com.br\/noticias\/#\/schema\/logo\/image\/\",\"url\":\"https:\/\/files.sunoresearch.com.br\/n\/uploads\/2021\/09\/suno-logo.png\",\"contentUrl\":\"https:\/\/files.sunoresearch.com.br\/n\/uploads\/2021\/09\/suno-logo.png\",\"width\":180,\"height\":180,\"caption\":\"Suno Not\u00edcias\"},\"image\":{\"@id\":\"https:\/\/www.suno.com.br\/noticias\/#\/schema\/logo\/image\/\"},\"sameAs\":[\"https:\/\/facebook.com\/sunoresearch\",\"https:\/\/x.com\/sunoresearch\",\"https:\/\/www.instagram.com\/suno\",\"https:\/\/www.linkedin.com\/company\/suno-research\/\",\"https:\/\/www.youtube.com\/c\/sunoresearch\"]},{\"@type\":\"Person\",\"@id\":\"https:\/\/www.suno.com.br\/noticias\/#\/schema\/person\/7f4d362bf3518e76090143ae77bb49a5\",\"name\":\"Eduardo Vargas\",\"image\":{\"@type\":\"ImageObject\",\"inLanguage\":\"pt-BR\",\"@id\":\"https:\/\/www.suno.com.br\/noticias\/#\/schema\/person\/image\/\",\"url\":\"https:\/\/secure.gravatar.com\/avatar\/dac340933427a22924c9f99d1eb2e3f2?s=96&r=g\",\"contentUrl\":\"https:\/\/secure.gravatar.com\/avatar\/dac340933427a22924c9f99d1eb2e3f2?s=96&r=g\",\"caption\":\"Eduardo Vargas\"},\"description\":\"Jornalista formado pela UFSC, cobre macroeconomia, neg\u00f3cios e startups para o Suno Not\u00edcias, escrevendo principalmente not\u00edcias sobre o mercado financeiro e a bolsa de valores. No YouTube e no Instagram, \u00e9 respons\u00e1vel pela produ\u00e7\u00e3o de Reels e Shorts do Suno Not\u00edcias. Anteriormente, trabalhou cobrindo economia e cotidiano no ND+ e para o ND, maior jornal impresso de Santa Catarina. Cursou um semestre letivo de Estudos de M\u00eddia na Universidad de Buenos Aires.\",\"url\":\"https:\/\/www.suno.com.br\/noticias\/author\/eduardo-vargas\/\"}]}<\/script>\n<!-- \/ Yoast SEO plugin. -->","yoast_head_json":{"title":"Via (VIIA3) ter\u00e1 preju\u00edzo milion\u00e1rio e GMV fraco no 4T21, dizem analistas","description":"Com infla\u00e7\u00e3o e desemprego no radar, analistas seguem com cautela em rela\u00e7\u00e3o \u00e0s a\u00e7\u00f5es da Via e do varejo em geral. Clique aqui e leia mais.","robots":{"index":"index","follow":"follow","max-snippet":"max-snippet:-1","max-image-preview":"max-image-preview:large","max-video-preview":"max-video-preview:-1"},"canonical":"https:\/\/www.suno.com.br\/noticias\/via-viia3-resultado-balanco-4t21-previa\/","og_locale":"pt_BR","og_type":"article","og_title":"Via (VIIA3) ter\u00e1 preju\u00edzo milion\u00e1rio e GMV fraco no 4T21, dizem analistas","og_description":"Com infla\u00e7\u00e3o e desemprego no radar, analistas seguem com cautela em rela\u00e7\u00e3o \u00e0s a\u00e7\u00f5es da Via e do varejo em geral. Clique aqui e leia mais.","og_url":"https:\/\/www.suno.com.br\/noticias\/via-viia3-resultado-balanco-4t21-previa\/","og_site_name":"Suno Not\u00edcias","article_publisher":"https:\/\/facebook.com\/sunoresearch","og_image":[{"width":1199,"height":800,"url":"https:\/\/files.sunoresearch.com.br\/n\/uploads\/2021\/07\/66933c1f-via-vvar3-foto.jpg","type":"image\/jpeg"}],"author":"Eduardo Vargas","twitter_card":"summary_large_image","twitter_creator":"@sunoresearch","twitter_site":"@sunoresearch","twitter_misc":{"Escrito por":"Eduardo Vargas","Est. tempo de leitura":"6 minutos"},"schema":{"@context":"https:\/\/schema.org","@graph":[{"@type":"NewsArticle","@id":"https:\/\/www.suno.com.br\/noticias\/via-viia3-resultado-balanco-4t21-previa\/#article","isPartOf":{"@id":"https:\/\/www.suno.com.br\/noticias\/via-viia3-resultado-balanco-4t21-previa\/"},"author":{"name":"Eduardo Vargas","@id":"https:\/\/www.suno.com.br\/noticias\/#\/schema\/person\/7f4d362bf3518e76090143ae77bb49a5"},"headline":"Via (VIIA3) deve ter preju\u00edzo milion\u00e1rio e queda nas vendas no 4T21, projetam analistas","datePublished":"2022-03-07T14:37:52+00:00","dateModified":"2022-03-08T10:05:10+00:00","mainEntityOfPage":{"@id":"https:\/\/www.suno.com.br\/noticias\/via-viia3-resultado-balanco-4t21-previa\/"},"wordCount":1270,"publisher":{"@id":"https:\/\/www.suno.com.br\/noticias\/#organization"},"image":{"@id":"https:\/\/www.suno.com.br\/noticias\/via-viia3-resultado-balanco-4t21-previa\/#primaryimage"},"thumbnailUrl":"https:\/\/files.sunoresearch.com.br\/n\/uploads\/2021\/07\/66933c1f-via-vvar3-foto.jpg","keywords":["BB Investimentos","BB-BI","Citibank","Especialistas","Goldman Sachs (GSGI34)","varejo","Via (VIIA3)","XP Investimentos"],"articleSection":["Neg\u00f3cios"],"inLanguage":"pt-BR"},{"@type":"WebPage","@id":"https:\/\/www.suno.com.br\/noticias\/via-viia3-resultado-balanco-4t21-previa\/","url":"https:\/\/www.suno.com.br\/noticias\/via-viia3-resultado-balanco-4t21-previa\/","name":"Via (VIIA3) ter\u00e1 preju\u00edzo milion\u00e1rio e GMV fraco no 4T21, dizem analistas","isPartOf":{"@id":"https:\/\/www.suno.com.br\/noticias\/#website"},"primaryImageOfPage":{"@id":"https:\/\/www.suno.com.br\/noticias\/via-viia3-resultado-balanco-4t21-previa\/#primaryimage"},"image":{"@id":"https:\/\/www.suno.com.br\/noticias\/via-viia3-resultado-balanco-4t21-previa\/#primaryimage"},"thumbnailUrl":"https:\/\/files.sunoresearch.com.br\/n\/uploads\/2021\/07\/66933c1f-via-vvar3-foto.jpg","datePublished":"2022-03-07T14:37:52+00:00","dateModified":"2022-03-08T10:05:10+00:00","description":"Com infla\u00e7\u00e3o e desemprego no radar, analistas seguem com cautela em rela\u00e7\u00e3o \u00e0s a\u00e7\u00f5es da Via e do varejo em geral. Clique aqui e leia mais.","breadcrumb":{"@id":"https:\/\/www.suno.com.br\/noticias\/via-viia3-resultado-balanco-4t21-previa\/#breadcrumb"},"inLanguage":"pt-BR","potentialAction":[{"@type":"ReadAction","target":["https:\/\/www.suno.com.br\/noticias\/via-viia3-resultado-balanco-4t21-previa\/"]}]},{"@type":"ImageObject","inLanguage":"pt-BR","@id":"https:\/\/www.suno.com.br\/noticias\/via-viia3-resultado-balanco-4t21-previa\/#primaryimage","url":"https:\/\/files.sunoresearch.com.br\/n\/uploads\/2021\/07\/66933c1f-via-vvar3-foto.jpg","contentUrl":"https:\/\/files.sunoresearch.com.br\/n\/uploads\/2021\/07\/66933c1f-via-vvar3-foto.jpg","width":1199,"height":800,"caption":"Via: destaque do 4T21 foram as vendas digitais da empresa, que somaram R$ 6,56 bilh\u00f5es, alta de 9,9% na compara\u00e7\u00e3o anual. Foto: Divulga\u00e7\u00e3o"},{"@type":"BreadcrumbList","@id":"https:\/\/www.suno.com.br\/noticias\/via-viia3-resultado-balanco-4t21-previa\/#breadcrumb","itemListElement":[{"@type":"ListItem","position":1,"name":"Not\u00edcias","item":"https:\/\/www.suno.com.br\/noticias\/"},{"@type":"ListItem","position":2,"name":"Neg\u00f3cios","item":"https:\/\/www.suno.com.br\/noticias\/negocios\/"},{"@type":"ListItem","position":3,"name":"Via (VIIA3) deve ter preju\u00edzo milion\u00e1rio e queda nas vendas no 4T21, projetam analistas"}]},{"@type":"WebSite","@id":"https:\/\/www.suno.com.br\/noticias\/#website","url":"https:\/\/www.suno.com.br\/noticias\/","name":"Suno Not\u00edcias","description":"Seu portal de informa\u00e7\u00e3o sobre o mundo dos investimentos","publisher":{"@id":"https:\/\/www.suno.com.br\/noticias\/#organization"},"potentialAction":[{"@type":"SearchAction","target":{"@type":"EntryPoint","urlTemplate":"https:\/\/www.suno.com.br\/noticias\/?s={search_term_string}"},"query-input":{"@type":"PropertyValueSpecification","valueRequired":true,"valueName":"search_term_string"}}],"inLanguage":"pt-BR"},{"@type":"Organization","@id":"https:\/\/www.suno.com.br\/noticias\/#organization","name":"Suno Not\u00edcias","url":"https:\/\/www.suno.com.br\/noticias\/","logo":{"@type":"ImageObject","inLanguage":"pt-BR","@id":"https:\/\/www.suno.com.br\/noticias\/#\/schema\/logo\/image\/","url":"https:\/\/files.sunoresearch.com.br\/n\/uploads\/2021\/09\/suno-logo.png","contentUrl":"https:\/\/files.sunoresearch.com.br\/n\/uploads\/2021\/09\/suno-logo.png","width":180,"height":180,"caption":"Suno Not\u00edcias"},"image":{"@id":"https:\/\/www.suno.com.br\/noticias\/#\/schema\/logo\/image\/"},"sameAs":["https:\/\/facebook.com\/sunoresearch","https:\/\/x.com\/sunoresearch","https:\/\/www.instagram.com\/suno","https:\/\/www.linkedin.com\/company\/suno-research\/","https:\/\/www.youtube.com\/c\/sunoresearch"]},{"@type":"Person","@id":"https:\/\/www.suno.com.br\/noticias\/#\/schema\/person\/7f4d362bf3518e76090143ae77bb49a5","name":"Eduardo Vargas","image":{"@type":"ImageObject","inLanguage":"pt-BR","@id":"https:\/\/www.suno.com.br\/noticias\/#\/schema\/person\/image\/","url":"https:\/\/secure.gravatar.com\/avatar\/dac340933427a22924c9f99d1eb2e3f2?s=96&r=g","contentUrl":"https:\/\/secure.gravatar.com\/avatar\/dac340933427a22924c9f99d1eb2e3f2?s=96&r=g","caption":"Eduardo Vargas"},"description":"Jornalista formado pela UFSC, cobre macroeconomia, neg\u00f3cios e startups para o Suno Not\u00edcias, escrevendo principalmente not\u00edcias sobre o mercado financeiro e a bolsa de valores. No YouTube e no Instagram, \u00e9 respons\u00e1vel pela produ\u00e7\u00e3o de Reels e Shorts do Suno Not\u00edcias. Anteriormente, trabalhou cobrindo economia e cotidiano no ND+ e para o ND, maior jornal impresso de Santa Catarina. Cursou um semestre letivo de Estudos de M\u00eddia na Universidad de Buenos Aires.","url":"https:\/\/www.suno.com.br\/noticias\/author\/eduardo-vargas\/"}]}},"default_loop_html":"<div class=\"cardsPage__listCard__boxs\"><div class=\"cardsPage__listCard__boxs__img\"><a href=\"https:\/\/www.suno.com.br\/noticias\/americanas-amer3-via-viia3-app-casas-bahia-piada\/\"><img class=\"mask\" src=\"https:\/\/www.suno.com.br\/noticias\/wp-content\/themes\/suno\/resources\/images\/spotlight\/spotlight1img\/bg-mask.png\" alt=\"Image Mask\"\/><img src=\"https:\/\/files.sunoresearch.com.br\/n\/uploads\/2022\/02\/casas-bahia-animacao-400x200.jpg\" alt=\"Via (VIIA3): app da Casas Bahia brinca com a rival Americanas (AMER3): &#8220;Caiu a\u00ed?&#8221;\"\/><\/a><span class=\"spotlightCategory\"><a href=\"https:\/\/www.suno.com.br\/noticias\/negocios\/\">Neg\u00f3cios<\/a><\/span><\/div><div class=\"cardsPage__listCard__boxs__content\"><a href=\"https:\/\/www.suno.com.br\/noticias\/americanas-amer3-via-viia3-app-casas-bahia-piada\/\"><h2 class=\"content__title\">Via (VIIA3): app da Casas Bahia brinca com a rival Americanas (AMER3): &#8220;Caiu a\u00ed?&#8221;<\/h2><\/a><div class=\"newsContent__article__meta\"><div class=\"newsContent__article__meta__authorBox\"><a href=\"https:\/\/www.suno.com.br\/noticias\/author\/redacao-suno\/\" class=\"authorBox__avatar noMobi\"><img src=\"https:\/\/files.sunoresearch.com.br\/n\/uploads\/2020\/08\/0ace682d-redacao-1-150x150.webp\" alt=\"Reda\u00e7\u00e3o Suno Not\u00edcias\"><\/a><div class=\"authorBox__name\"><span>por\n\t\t\t<a href=\"https:\/\/www.suno.com.br\/noticias\/author\/redacao-suno\/\"><span itemprop=\"author\">Reda\u00e7\u00e3o Suno Not\u00edcias<\/span><\/a><\/span><time datetime=\"2022-02-21T21:57:42-03:00\" itemprop=\"datePublished\">21\/02\/2022 21:57<\/time><\/div><\/div><\/div><\/div><\/div>","single_layout":"posts","amp_enabled":true,"_links":{"self":[{"href":"https:\/\/www.suno.com.br\/noticias\/wp-json\/wp\/v2\/posts\/238294"}],"collection":[{"href":"https:\/\/www.suno.com.br\/noticias\/wp-json\/wp\/v2\/posts"}],"about":[{"href":"https:\/\/www.suno.com.br\/noticias\/wp-json\/wp\/v2\/types\/post"}],"author":[{"embeddable":true,"href":"https:\/\/www.suno.com.br\/noticias\/wp-json\/wp\/v2\/users\/73"}],"replies":[{"embeddable":true,"href":"https:\/\/www.suno.com.br\/noticias\/wp-json\/wp\/v2\/comments?post=238294"}],"version-history":[{"count":3,"href":"https:\/\/www.suno.com.br\/noticias\/wp-json\/wp\/v2\/posts\/238294\/revisions"}],"predecessor-version":[{"id":238701,"href":"https:\/\/www.suno.com.br\/noticias\/wp-json\/wp\/v2\/posts\/238294\/revisions\/238701"}],"wp:featuredmedia":[{"embeddable":true,"href":"https:\/\/www.suno.com.br\/noticias\/wp-json\/wp\/v2\/media\/167283"}],"wp:attachment":[{"href":"https:\/\/www.suno.com.br\/noticias\/wp-json\/wp\/v2\/media?parent=238294"}],"wp:term":[{"taxonomy":"category","embeddable":true,"href":"https:\/\/www.suno.com.br\/noticias\/wp-json\/wp\/v2\/categories?post=238294"},{"taxonomy":"post_tag","embeddable":true,"href":"https:\/\/www.suno.com.br\/noticias\/wp-json\/wp\/v2\/tags?post=238294"},{"taxonomy":"suno_strategy","embeddable":true,"href":"https:\/\/www.suno.com.br\/noticias\/wp-json\/wp\/v2\/suno_strategy?post=238294"}],"curies":[{"name":"wp","href":"https:\/\/api.w.org\/{rel}","templated":true}]}}