{"id":23812,"date":"2019-05-08T20:07:50","date_gmt":"2019-05-08T23:07:50","guid":{"rendered":"https:\/\/www.suno.com.br\/noticias\/?p=23812"},"modified":"2021-02-17T22:14:03","modified_gmt":"2021-02-18T01:14:03","slug":"petrobras-pre-sal-producao-2019","status":"publish","type":"post","link":"https:\/\/www.suno.com.br\/noticias\/petrobras-pre-sal-producao-2019\/","title":{"rendered":"Petrobras: pr\u00e9-sal vai responder por at\u00e9 60% da produ\u00e7\u00e3o em 2019"},"content":{"rendered":"<p>A Petrobras\u00a0(PETR3) informou nesta quarta-feira (8) que o pr\u00e9-sal representar\u00e1 at\u00e9 60% da produ\u00e7\u00e3o total de <strong>petr\u00f3leo<\/strong> em 2019. Atualmente cerca de 49% da produ\u00e7\u00e3o atual \u00e9 extra\u00eddo do <strong>pr\u00e9-sal<\/strong>.<\/p>\t<div class=\"wrapper-featured-image\">\n\t\t<figure class=\"spotlightImg\">\n\n\t\t\t<picture>\n\t\t\t\t<source media=\"(max-width: 768px)\" srcset=\"https:\/\/files.sunoresearch.com.br\/n\/uploads\/2018\/12\/abdc602b-cess\u00e3o-onerosa-400x200.webp\">\n\t\t\t\t<img loading=\"lazy\" decoding=\"async\" class=\"newsContent__article__imgCapa lazyloadDisabled newsContent__article__imgCapa--noCaption\" src=\"https:\/\/files.sunoresearch.com.br\/n\/uploads\/2018\/12\/abdc602b-cess\u00e3o-onerosa-800x450.webp\" width=\"800\" height=\"450\" alt=\"Petrobras: pr\u00e9-sal vai responder por at\u00e9 60% da produ\u00e7\u00e3o em 2019\" fetchpriority=high \/>\n\t\t\t<\/picture>\n\n\t\t\t<figcaption class=\"wp-caption-text wp-caption-text--hide\">Petrobras pretende adotar simulador digital em refinarias at\u00e9 2020<\/figcaption>\n\t\t<\/figure>\n\t<\/div>\n\n\n<p>O diretor de Produ\u00e7\u00e3o &amp; Explora\u00e7\u00e3o da <strong>Petrobras,<\/strong> Carlos Alberto Pereira de Oliveira, informou que a meta da <strong>petroleira<\/strong> em 2019 \u00e9 chegar a uma produ\u00e7\u00e3o de 2,8 milh\u00f5es de barris di\u00e1rios de <strong>\u00f3leo e g\u00e1s<\/strong>. Um objetivo que j\u00e1 foi alcan\u00e7ado nos primeiros dias de maio.<\/p>\n\t<p>\n\t\t<a href=\"https:\/\/lp.suno.com.br\/minicurso-investindo-fiis\/\" target=\"_blank\" data-element=\"shortcode-suno-banner\" title=\"Banner SUNO, clique e saiba mais\">\n\t\t\t<picture>\n\t\t\t\t<source media=\"(max-width: 500px)\" srcset=\"https:\/\/files.sunoresearch.com.br\/n\/uploads\/2023\/03\/400x300-Minicurso-FIIS.png\">\n\t\t\t\t<img class=\"newsContent__article__imgCapa newsContent__article__imgCapa--banner\"\n\t\t\t\t\tsrc=\"https:\/\/files.sunoresearch.com.br\/n\/uploads\/2023\/03\/1420x240-Minicurso-FIIS.png\"\n\t\t\t\t\tdata-promo-id=\"383125\"\t\t\t\t\t\t\t\t\t\twidth='1420' height='240'\t\t\t\t\talt=\"https:\/\/files.sunoresearch.com.br\/n\/uploads\/2023\/03\/1420x240-Minicurso-FIIS.png\"\n\t\t\t\t>\n\t\t\t<\/picture>\n\t\t<\/a>\n\t<\/p>\n\n\n<p>Al\u00e9m disso, o executivo informou que a estatal come\u00e7ar\u00e1 a divulgar os dados de produ\u00e7\u00e3o de <strong>petr\u00f3leo<\/strong>\u00a0trimestralmente e n\u00e3o mais mensalmente.<\/p>\n<p><a href=\"https:\/\/www.suno.com.br\/noticias\/br-distribuidora-ativos-petrobras\/\">Saiba mais: BR Distribuidora est\u00e1 analisando comprar ativos da Petrobras, diz CEO\u00a0<\/a><\/p>\n<h2>Produ\u00e7\u00e3o em queda no primeiro trimestre<\/h2>\n<p>A <strong>Petrobras<\/strong> produziu 2,5 milh\u00f5es de barris de <strong>petr\u00f3leo<\/strong> di\u00e1rios no primeiro trimestre de 2019. Um resultado em de 5% em rela\u00e7\u00e3o ao mesmo per\u00edodo do ano passado.<\/p>\n<p>Essa redu\u00e7\u00e3o da produ\u00e7\u00e3o teria ocorrido por conta do volume de paradas programadas e da venda de ativos, informou Oliveira. Entretanto, segundo o executivo a tend\u00eancia seria de retomada da produ\u00e7\u00e3o, gra\u00e7as a entrada em opera\u00e7\u00e3o de sete plataformas nos \u00faltimos 11 meses. A Petrobras pretende colocar em opera\u00e7\u00e3o mais 11 unidades at\u00e9 2023.<\/p>\n<p>&#8220;Tivemos um comissionamento das plataformas mais demorado nas novas plataformas, pois s\u00e3o mais complexas. Mas isso j\u00e1 est\u00e1 solucionado E tivemos paradas programadas que foram em maior quantidade. Quando olhamos para o futuro, com as sete novas plataformas, a produ\u00e7\u00e3o em maio j\u00e1 est\u00e1 em 2,8 milh\u00f5es de barris de <strong>petr\u00f3leo<\/strong> e <strong>g\u00e1s.<\/strong> Isso \u00e9 importante. Vamos entregar nossa meta de produ\u00e7\u00e3o. No in\u00edcio do pr\u00f3ximo semestre, vamos ter mais paradas programadas, mas isso j\u00e1 est\u00e1 dentro de nossa proje\u00e7\u00e3o&#8221;, afirmou o executivo.<\/p>\n<h2>Petrobras mant\u00e9m pol\u00edtica de investimentos no Brasil<\/h2>\n<p>O presidente da <strong>estatal,<\/strong> <a href=\"https:\/\/www.suno.com.br\/tudo-sobre\/roberto-castello-branco\/\"><strong>Roberto Castello Branco<\/strong><\/a>, destacou que o objetivo da <strong>Petrobras<\/strong> \u00e9 continuar investido no Brasil. Al\u00e9m disso, o plano de desenvolvimento do pr\u00e9-sal e da venda de ativos no exterior continua.<\/p>\n\t<p>\n\t\t<a href=\"https:\/\/lp.suno.com.br\/planilha-de-controle-de-investimentos\/\" target=\"_blank\" data-element=\"shortcode-suno-banner\" title=\"Banner SUNO, clique e saiba mais\">\n\t\t\t<picture>\n\t\t\t\t<source media=\"(max-width: 500px)\" srcset=\"https:\/\/files.sunoresearch.com.br\/n\/uploads\/2023\/03\/400x300-Controle-de-Investimentos.png\">\n\t\t\t\t<img class=\"newsContent__article__imgCapa newsContent__article__imgCapa--banner\"\n\t\t\t\t\tsrc=\"https:\/\/files.sunoresearch.com.br\/n\/uploads\/2023\/03\/1420x240-Controle-de-Investimentos.png\"\n\t\t\t\t\tdata-promo-id=\"75934\"\t\t\t\t\t\t\t\t\t\twidth='1420' height='240'\t\t\t\t\talt=\"https:\/\/files.sunoresearch.com.br\/n\/uploads\/2023\/03\/1420x240-Controle-de-Investimentos.png\"\n\t\t\t\t>\n\t\t\t<\/picture>\n\t\t<\/a>\n\t<\/p>\n\n\n<p>Entretanto, a Petrobras comprou\u00a0pacotes geol\u00f3gicos e o geof\u00edsicos em Israel e Guiana. Para Castello Branco isso n\u00e3o significa mudan\u00e7a na pol\u00edtica da estatal, que \u00e9 o investimento no Brasil.<\/p>\n<p><a href=\"https:\/\/www.suno.com.br\/noticias\/petrobras-contratos-venda-ativos-103-bi\/\">Saiba mais: Petrobras assina 3 contratos de venda de ativos totalizando US$ 10,3 bi\u00a0<\/a><\/p>\n<p>&#8220;Amigos amigos, neg\u00f3cios \u00e0 parte. N\u00e3o temos a estrat\u00e9gia de virar uma empresa global. Uma coisa \u00e9 pesquisa, querendo saber e conhecer mais as caracter\u00edsticas de outros lugares onde s\u00e3o prov\u00edncias de petr\u00f3leo e g\u00e1s n\u00e3o convencional. Queremos conhecer. N\u00e3o h\u00e1 mudan\u00e7a de politica. No momento, n\u00e3o h\u00e1 inten\u00e7\u00e3o de investir fora do brasil. N\u00e3o temos dinheiro&#8221; declarou o presidente da Petrobras.<\/p>\n<p><a href=\"https:\/\/www.suno.com.br\/noticias\/petrobras-conclui-venda-pasadena\/\">Saiba mais: Petrobras conclui venda da refinaria de Pasadena por US$ 467 milh\u00f5es\u00a0<\/a><\/p>\n<h2>Estatal abre plano de demiss\u00e3o volunt\u00e1ria<\/h2>\n<p>A <strong>Petrobras<\/strong> abriu um novo plano de demiss\u00e3o volunt\u00e1ria que vai at\u00e9 junho de 2020. Segundo o diretor de Assuntos Corporativos da <strong>estatal,<\/strong> Eberaldo Neto, o foco desse novo plano \u00e9 atingir os funcion\u00e1rios j\u00e1 aposentados, que seriam cerca de 7.460 eleg\u00edveis.<\/p>\n\t<p>\n\t\t<a href=\"https:\/\/lp.suno.com.br\/ebook-como-analisar-uma-acao\/\" target=\"_blank\" data-element=\"shortcode-suno-banner\" title=\"Banner SUNO, clique e saiba mais\">\n\t\t\t<picture>\n\t\t\t\t<source media=\"(max-width: 500px)\" srcset=\"https:\/\/files.sunoresearch.com.br\/n\/uploads\/2023\/03\/Ebook-Acoes-Mobile.jpg\">\n\t\t\t\t<img class=\"newsContent__article__imgCapa newsContent__article__imgCapa--banner\"\n\t\t\t\t\tsrc=\"https:\/\/files.sunoresearch.com.br\/n\/uploads\/2023\/03\/Ebook-Acoes-Desktop.jpg\"\n\t\t\t\t\tdata-promo-id=\"378302\"\t\t\t\t\t\t\t\t\t\twidth='1420' height='286'\t\t\t\t\talt=\"https:\/\/files.sunoresearch.com.br\/n\/uploads\/2023\/03\/Ebook-Acoes-Desktop.jpg\"\n\t\t\t\t>\n\t\t\t<\/picture>\n\t\t<\/a>\n\t<\/p>\n\n\n<p>&#8220;Esperamos uma ades\u00e3o de 60% desse grupo. Esperamos uma economia at\u00e9 2023 de R$ 4,08 bilh\u00f5es&#8221;, afirmou Eberaldo, lembrando que a <strong>Petrobras<\/strong> tem hoje 47,2 mil funcion\u00e1rios.<\/p>\n<h2>Lucro de 2018<\/h2>\n<p>A <strong>Petrobras<\/strong> registrou um <strong>lucro<\/strong> l\u00edquido de R$ 4,031 bilh\u00f5es no primeiro trimestre de 2019. Um resultado que representa uma queda de 42% na compara\u00e7\u00e3o com o mesmo per\u00edodo de 2018.<\/p>\n<p>O resultado foi inferior a\u00a0expectativa dos analistas, que previam um ganho de R$ 5,04 bilh\u00f5es. Por outro lado, esse valor representa um aumento de 92% em rela\u00e7\u00e3o ao quarto trimestre de 2018. No \u00faltimo trimestre do ano passado a <strong>Petrobras<\/strong> obteve um <strong>lucro<\/strong> de R$ 2,102 bilh\u00f5es.<\/p>\n\t<p>\n\t\t<a href=\"https:\/\/lp2.suno.com.br\/pv\/eu-invisto-2026\/?utm_source=suno-noticias&#038;utm_medium=banner&#038;utm_campaign=_SNC4CCF8112_\" target=\"_blank\" data-element=\"shortcode-suno-banner\" title=\"Banner SUNO, clique e saiba mais\">\n\t\t\t<picture>\n\t\t\t\t<source media=\"(max-width: 500px)\" srcset=\"https:\/\/files.sunoresearch.com.br\/n\/uploads\/2025\/12\/Banner-Materias-01-Mbl_-400x300-1-png.webp\">\n\t\t\t\t<img class=\"newsContent__article__imgCapa newsContent__article__imgCapa--banner\"\n\t\t\t\t\tsrc=\"https:\/\/files.sunoresearch.com.br\/n\/uploads\/2025\/12\/Banner-Materias-01-Dkp_-1420x240-1-png.webp\"\n\t\t\t\t\tdata-promo-id=\"635514\"\t\t\t\t\t\t\t\t\t\twidth='1420' height='240'\t\t\t\t\talt=\"https:\/\/files.sunoresearch.com.br\/n\/uploads\/2025\/12\/Banner-Materias-01-Dkp_-1420x240-1-png.webp\"\n\t\t\t\t>\n\t\t\t<\/picture>\n\t\t<\/a>\n\t<\/p>\n\n\n<p>Em 2018 a <strong><a href=\"https:\/\/www.suno.com.br\/artigos\/estatal-so-se-for-de-graca\/\">estatal<\/a> petrol\u00edfera<\/strong> obteve um lucro de R$ 25,779 bilh\u00f5es. Esse foi o primeiro resultado positivo da <strong>Petrobras<\/strong> depois de quatro anos seguidos de perdas, al\u00e9m de ser o melhor desempenho desde 2011.<\/p>\n","protected":false},"excerpt":{"rendered":"<p>A Petrobras\u00a0(PETR3) informou nesta quarta-feira (8) que o pr\u00e9-sal representar\u00e1 at\u00e9 60% da produ\u00e7\u00e3o total de petr\u00f3leo em 2019. Atualmente cerca de 49% da produ\u00e7\u00e3o atual \u00e9 extra\u00eddo do pr\u00e9-sal. Petrobras pretende adotar simulador digital em refinarias at\u00e9 2020 O diretor de Produ\u00e7\u00e3o &amp; Explora\u00e7\u00e3o da Petrobras, Carlos Alberto Pereira de Oliveira, informou que a [&hellip;]<\/p>\n","protected":false},"author":9,"featured_media":8304,"comment_status":"closed","ping_status":"closed","sticky":false,"template":"","format":"standard","meta":[],"categories":[64],"tags":[1467,595,766,818],"suno_strategy":[],"class_list":["post-23812","post","type-post","status-publish","format-standard","has-post-thumbnail","hentry","category-negocios","tag-gas-natural","tag-petrobras-petr4","tag-petroleo","tag-pre-sal"],"yoast_head":"<!-- This site is optimized with the Yoast SEO plugin v24.4 - https:\/\/yoast.com\/wordpress\/plugins\/seo\/ -->\n<title>Petrobras: pr\u00e9-sal vai responder por at\u00e9 60% da produ\u00e7\u00e3o em 2019<\/title>\n<meta name=\"description\" content=\"A Petrobras informou que o pr\u00e9-sal representar\u00e1 at\u00e9 60% da produ\u00e7\u00e3o total de petr\u00f3leo em 2019. Clique aqui para saber mais.\" \/>\n<meta name=\"robots\" content=\"index, follow, max-snippet:-1, max-image-preview:large, max-video-preview:-1\" \/>\n<link rel=\"canonical\" href=\"https:\/\/www.suno.com.br\/noticias\/petrobras-pre-sal-producao-2019\/\" \/>\n<meta property=\"og:locale\" content=\"pt_BR\" \/>\n<meta property=\"og:type\" content=\"article\" \/>\n<meta property=\"og:title\" content=\"Petrobras: pr\u00e9-sal vai responder por at\u00e9 60% da produ\u00e7\u00e3o em 2019\" \/>\n<meta property=\"og:description\" content=\"A Petrobras informou que o pr\u00e9-sal representar\u00e1 at\u00e9 60% da produ\u00e7\u00e3o total de petr\u00f3leo em 2019. Clique aqui para saber mais.\" \/>\n<meta property=\"og:url\" content=\"https:\/\/www.suno.com.br\/noticias\/petrobras-pre-sal-producao-2019\/\" \/>\n<meta property=\"og:site_name\" content=\"Suno Not\u00edcias\" \/>\n<meta property=\"article:publisher\" content=\"https:\/\/facebook.com\/sunoresearch\" \/>\n<meta property=\"og:image\" content=\"https:\/\/files.sunoresearch.com.br\/n\/uploads\/2018\/12\/abdc602b-cess\u00e3o-onerosa.jpg\" \/>\n\t<meta property=\"og:image:width\" content=\"3506\" \/>\n\t<meta property=\"og:image:height\" content=\"2337\" \/>\n\t<meta property=\"og:image:type\" content=\"image\/jpeg\" \/>\n<meta name=\"author\" content=\"Carlo Cauti\" \/>\n<meta name=\"twitter:card\" content=\"summary_large_image\" \/>\n<meta name=\"twitter:creator\" content=\"@sunoresearch\" \/>\n<meta name=\"twitter:site\" content=\"@sunoresearch\" \/>\n<meta name=\"twitter:label1\" content=\"Escrito por\" \/>\n\t<meta name=\"twitter:data1\" content=\"Carlo Cauti\" \/>\n\t<meta name=\"twitter:label2\" content=\"Est. tempo de leitura\" \/>\n\t<meta name=\"twitter:data2\" content=\"3 minutos\" \/>\n<script type=\"application\/ld+json\" class=\"yoast-schema-graph\">{\"@context\":\"https:\/\/schema.org\",\"@graph\":[{\"@type\":\"NewsArticle\",\"@id\":\"https:\/\/www.suno.com.br\/noticias\/petrobras-pre-sal-producao-2019\/#article\",\"isPartOf\":{\"@id\":\"https:\/\/www.suno.com.br\/noticias\/petrobras-pre-sal-producao-2019\/\"},\"author\":{\"name\":\"Carlo Cauti\",\"@id\":\"https:\/\/www.suno.com.br\/noticias\/#\/schema\/person\/e6e0f723cc177805027f4566c1d5e0c8\"},\"headline\":\"Petrobras: pr\u00e9-sal vai responder por at\u00e9 60% da produ\u00e7\u00e3o em 2019\",\"datePublished\":\"2019-05-08T23:07:50+00:00\",\"dateModified\":\"2021-02-18T01:14:03+00:00\",\"mainEntityOfPage\":{\"@id\":\"https:\/\/www.suno.com.br\/noticias\/petrobras-pre-sal-producao-2019\/\"},\"wordCount\":699,\"publisher\":{\"@id\":\"https:\/\/www.suno.com.br\/noticias\/#organization\"},\"image\":{\"@id\":\"https:\/\/www.suno.com.br\/noticias\/petrobras-pre-sal-producao-2019\/#primaryimage\"},\"thumbnailUrl\":\"https:\/\/files.sunoresearch.com.br\/n\/uploads\/2018\/12\/abdc602b-cess\u00e3o-onerosa-scaled.webp\",\"keywords\":[\"g\u00e1s natural\",\"Petrobras (PETR4)\",\"Petr\u00f3leo\",\"pr\u00e9-sal\"],\"articleSection\":[\"Neg\u00f3cios\"],\"inLanguage\":\"pt-BR\"},{\"@type\":\"WebPage\",\"@id\":\"https:\/\/www.suno.com.br\/noticias\/petrobras-pre-sal-producao-2019\/\",\"url\":\"https:\/\/www.suno.com.br\/noticias\/petrobras-pre-sal-producao-2019\/\",\"name\":\"Petrobras: pr\u00e9-sal vai responder por at\u00e9 60% da produ\u00e7\u00e3o em 2019\",\"isPartOf\":{\"@id\":\"https:\/\/www.suno.com.br\/noticias\/#website\"},\"primaryImageOfPage\":{\"@id\":\"https:\/\/www.suno.com.br\/noticias\/petrobras-pre-sal-producao-2019\/#primaryimage\"},\"image\":{\"@id\":\"https:\/\/www.suno.com.br\/noticias\/petrobras-pre-sal-producao-2019\/#primaryimage\"},\"thumbnailUrl\":\"https:\/\/files.sunoresearch.com.br\/n\/uploads\/2018\/12\/abdc602b-cess\u00e3o-onerosa-scaled.webp\",\"datePublished\":\"2019-05-08T23:07:50+00:00\",\"dateModified\":\"2021-02-18T01:14:03+00:00\",\"description\":\"A Petrobras informou que o pr\u00e9-sal representar\u00e1 at\u00e9 60% da produ\u00e7\u00e3o total de petr\u00f3leo em 2019. Clique aqui para saber mais.\",\"breadcrumb\":{\"@id\":\"https:\/\/www.suno.com.br\/noticias\/petrobras-pre-sal-producao-2019\/#breadcrumb\"},\"inLanguage\":\"pt-BR\",\"potentialAction\":[{\"@type\":\"ReadAction\",\"target\":[\"https:\/\/www.suno.com.br\/noticias\/petrobras-pre-sal-producao-2019\/\"]}]},{\"@type\":\"ImageObject\",\"inLanguage\":\"pt-BR\",\"@id\":\"https:\/\/www.suno.com.br\/noticias\/petrobras-pre-sal-producao-2019\/#primaryimage\",\"url\":\"https:\/\/files.sunoresearch.com.br\/n\/uploads\/2018\/12\/abdc602b-cess\u00e3o-onerosa-scaled.webp\",\"contentUrl\":\"https:\/\/files.sunoresearch.com.br\/n\/uploads\/2018\/12\/abdc602b-cess\u00e3o-onerosa-scaled.webp\",\"width\":2560,\"height\":1706,\"caption\":\"Petrobras pretende adotar simulador digital em refinarias at\u00e9 2020\"},{\"@type\":\"BreadcrumbList\",\"@id\":\"https:\/\/www.suno.com.br\/noticias\/petrobras-pre-sal-producao-2019\/#breadcrumb\",\"itemListElement\":[{\"@type\":\"ListItem\",\"position\":1,\"name\":\"Not\u00edcias\",\"item\":\"https:\/\/www.suno.com.br\/noticias\/\"},{\"@type\":\"ListItem\",\"position\":2,\"name\":\"Neg\u00f3cios\",\"item\":\"https:\/\/www.suno.com.br\/noticias\/negocios\/\"},{\"@type\":\"ListItem\",\"position\":3,\"name\":\"Petrobras: pr\u00e9-sal vai responder por at\u00e9 60% da produ\u00e7\u00e3o em 2019\"}]},{\"@type\":\"WebSite\",\"@id\":\"https:\/\/www.suno.com.br\/noticias\/#website\",\"url\":\"https:\/\/www.suno.com.br\/noticias\/\",\"name\":\"Suno Not\u00edcias\",\"description\":\"Seu portal de informa\u00e7\u00e3o sobre o mundo dos investimentos\",\"publisher\":{\"@id\":\"https:\/\/www.suno.com.br\/noticias\/#organization\"},\"potentialAction\":[{\"@type\":\"SearchAction\",\"target\":{\"@type\":\"EntryPoint\",\"urlTemplate\":\"https:\/\/www.suno.com.br\/noticias\/?s={search_term_string}\"},\"query-input\":{\"@type\":\"PropertyValueSpecification\",\"valueRequired\":true,\"valueName\":\"search_term_string\"}}],\"inLanguage\":\"pt-BR\"},{\"@type\":\"Organization\",\"@id\":\"https:\/\/www.suno.com.br\/noticias\/#organization\",\"name\":\"Suno Not\u00edcias\",\"url\":\"https:\/\/www.suno.com.br\/noticias\/\",\"logo\":{\"@type\":\"ImageObject\",\"inLanguage\":\"pt-BR\",\"@id\":\"https:\/\/www.suno.com.br\/noticias\/#\/schema\/logo\/image\/\",\"url\":\"https:\/\/files.sunoresearch.com.br\/n\/uploads\/2021\/09\/suno-logo.png\",\"contentUrl\":\"https:\/\/files.sunoresearch.com.br\/n\/uploads\/2021\/09\/suno-logo.png\",\"width\":180,\"height\":180,\"caption\":\"Suno Not\u00edcias\"},\"image\":{\"@id\":\"https:\/\/www.suno.com.br\/noticias\/#\/schema\/logo\/image\/\"},\"sameAs\":[\"https:\/\/facebook.com\/sunoresearch\",\"https:\/\/x.com\/sunoresearch\",\"https:\/\/www.instagram.com\/suno\",\"https:\/\/www.linkedin.com\/company\/suno-research\/\",\"https:\/\/www.youtube.com\/c\/sunoresearch\"]},{\"@type\":\"Person\",\"@id\":\"https:\/\/www.suno.com.br\/noticias\/#\/schema\/person\/e6e0f723cc177805027f4566c1d5e0c8\",\"name\":\"Carlo Cauti\",\"image\":{\"@type\":\"ImageObject\",\"inLanguage\":\"pt-BR\",\"@id\":\"https:\/\/www.suno.com.br\/noticias\/#\/schema\/person\/image\/\",\"url\":\"https:\/\/secure.gravatar.com\/avatar\/3ada9e0bd164c23abd4792a9606d583c?s=96&r=g\",\"contentUrl\":\"https:\/\/secure.gravatar.com\/avatar\/3ada9e0bd164c23abd4792a9606d583c?s=96&r=g\",\"caption\":\"Carlo Cauti\"},\"description\":\"Editor multim\u00eddia do SUNO Not\u00edcias. Italiano, formado em Ci\u00eancias Pol\u00edticas pela universidade LUISS G. Carli de Roma e mestre cum laude em Rela\u00e7\u00f5es Internacionais, Jornalismo Internacional e de Guerra e em Economia Internacional. Concluiu tamb\u00e9m um MBA em Finan\u00e7as na B3. No Brasil, teve passagem por ve\u00edculos como Estad\u00e3o, Globo, Veja e EXAME. e nas ag\u00eancias de not\u00edcias italianas ANSA e NOVA.\",\"url\":\"https:\/\/www.suno.com.br\/noticias\/author\/carlo-cauti\/\"}]}<\/script>\n<!-- \/ Yoast SEO plugin. -->","yoast_head_json":{"title":"Petrobras: pr\u00e9-sal vai responder por at\u00e9 60% da produ\u00e7\u00e3o em 2019","description":"A Petrobras informou que o pr\u00e9-sal representar\u00e1 at\u00e9 60% da produ\u00e7\u00e3o total de petr\u00f3leo em 2019. Clique aqui para saber mais.","robots":{"index":"index","follow":"follow","max-snippet":"max-snippet:-1","max-image-preview":"max-image-preview:large","max-video-preview":"max-video-preview:-1"},"canonical":"https:\/\/www.suno.com.br\/noticias\/petrobras-pre-sal-producao-2019\/","og_locale":"pt_BR","og_type":"article","og_title":"Petrobras: pr\u00e9-sal vai responder por at\u00e9 60% da produ\u00e7\u00e3o em 2019","og_description":"A Petrobras informou que o pr\u00e9-sal representar\u00e1 at\u00e9 60% da produ\u00e7\u00e3o total de petr\u00f3leo em 2019. Clique aqui para saber mais.","og_url":"https:\/\/www.suno.com.br\/noticias\/petrobras-pre-sal-producao-2019\/","og_site_name":"Suno Not\u00edcias","article_publisher":"https:\/\/facebook.com\/sunoresearch","og_image":[{"width":3506,"height":2337,"url":"https:\/\/files.sunoresearch.com.br\/n\/uploads\/2018\/12\/abdc602b-cess\u00e3o-onerosa.jpg","type":"image\/jpeg"}],"author":"Carlo Cauti","twitter_card":"summary_large_image","twitter_creator":"@sunoresearch","twitter_site":"@sunoresearch","twitter_misc":{"Escrito por":"Carlo Cauti","Est. tempo de leitura":"3 minutos"},"schema":{"@context":"https:\/\/schema.org","@graph":[{"@type":"NewsArticle","@id":"https:\/\/www.suno.com.br\/noticias\/petrobras-pre-sal-producao-2019\/#article","isPartOf":{"@id":"https:\/\/www.suno.com.br\/noticias\/petrobras-pre-sal-producao-2019\/"},"author":{"name":"Carlo Cauti","@id":"https:\/\/www.suno.com.br\/noticias\/#\/schema\/person\/e6e0f723cc177805027f4566c1d5e0c8"},"headline":"Petrobras: pr\u00e9-sal vai responder por at\u00e9 60% da produ\u00e7\u00e3o em 2019","datePublished":"2019-05-08T23:07:50+00:00","dateModified":"2021-02-18T01:14:03+00:00","mainEntityOfPage":{"@id":"https:\/\/www.suno.com.br\/noticias\/petrobras-pre-sal-producao-2019\/"},"wordCount":699,"publisher":{"@id":"https:\/\/www.suno.com.br\/noticias\/#organization"},"image":{"@id":"https:\/\/www.suno.com.br\/noticias\/petrobras-pre-sal-producao-2019\/#primaryimage"},"thumbnailUrl":"https:\/\/files.sunoresearch.com.br\/n\/uploads\/2018\/12\/abdc602b-cess\u00e3o-onerosa-scaled.webp","keywords":["g\u00e1s natural","Petrobras (PETR4)","Petr\u00f3leo","pr\u00e9-sal"],"articleSection":["Neg\u00f3cios"],"inLanguage":"pt-BR"},{"@type":"WebPage","@id":"https:\/\/www.suno.com.br\/noticias\/petrobras-pre-sal-producao-2019\/","url":"https:\/\/www.suno.com.br\/noticias\/petrobras-pre-sal-producao-2019\/","name":"Petrobras: pr\u00e9-sal vai responder por at\u00e9 60% da produ\u00e7\u00e3o em 2019","isPartOf":{"@id":"https:\/\/www.suno.com.br\/noticias\/#website"},"primaryImageOfPage":{"@id":"https:\/\/www.suno.com.br\/noticias\/petrobras-pre-sal-producao-2019\/#primaryimage"},"image":{"@id":"https:\/\/www.suno.com.br\/noticias\/petrobras-pre-sal-producao-2019\/#primaryimage"},"thumbnailUrl":"https:\/\/files.sunoresearch.com.br\/n\/uploads\/2018\/12\/abdc602b-cess\u00e3o-onerosa-scaled.webp","datePublished":"2019-05-08T23:07:50+00:00","dateModified":"2021-02-18T01:14:03+00:00","description":"A Petrobras informou que o pr\u00e9-sal representar\u00e1 at\u00e9 60% da produ\u00e7\u00e3o total de petr\u00f3leo em 2019. Clique aqui para saber mais.","breadcrumb":{"@id":"https:\/\/www.suno.com.br\/noticias\/petrobras-pre-sal-producao-2019\/#breadcrumb"},"inLanguage":"pt-BR","potentialAction":[{"@type":"ReadAction","target":["https:\/\/www.suno.com.br\/noticias\/petrobras-pre-sal-producao-2019\/"]}]},{"@type":"ImageObject","inLanguage":"pt-BR","@id":"https:\/\/www.suno.com.br\/noticias\/petrobras-pre-sal-producao-2019\/#primaryimage","url":"https:\/\/files.sunoresearch.com.br\/n\/uploads\/2018\/12\/abdc602b-cess\u00e3o-onerosa-scaled.webp","contentUrl":"https:\/\/files.sunoresearch.com.br\/n\/uploads\/2018\/12\/abdc602b-cess\u00e3o-onerosa-scaled.webp","width":2560,"height":1706,"caption":"Petrobras pretende adotar simulador digital em refinarias at\u00e9 2020"},{"@type":"BreadcrumbList","@id":"https:\/\/www.suno.com.br\/noticias\/petrobras-pre-sal-producao-2019\/#breadcrumb","itemListElement":[{"@type":"ListItem","position":1,"name":"Not\u00edcias","item":"https:\/\/www.suno.com.br\/noticias\/"},{"@type":"ListItem","position":2,"name":"Neg\u00f3cios","item":"https:\/\/www.suno.com.br\/noticias\/negocios\/"},{"@type":"ListItem","position":3,"name":"Petrobras: pr\u00e9-sal vai responder por at\u00e9 60% da produ\u00e7\u00e3o em 2019"}]},{"@type":"WebSite","@id":"https:\/\/www.suno.com.br\/noticias\/#website","url":"https:\/\/www.suno.com.br\/noticias\/","name":"Suno Not\u00edcias","description":"Seu portal de informa\u00e7\u00e3o sobre o mundo dos investimentos","publisher":{"@id":"https:\/\/www.suno.com.br\/noticias\/#organization"},"potentialAction":[{"@type":"SearchAction","target":{"@type":"EntryPoint","urlTemplate":"https:\/\/www.suno.com.br\/noticias\/?s={search_term_string}"},"query-input":{"@type":"PropertyValueSpecification","valueRequired":true,"valueName":"search_term_string"}}],"inLanguage":"pt-BR"},{"@type":"Organization","@id":"https:\/\/www.suno.com.br\/noticias\/#organization","name":"Suno Not\u00edcias","url":"https:\/\/www.suno.com.br\/noticias\/","logo":{"@type":"ImageObject","inLanguage":"pt-BR","@id":"https:\/\/www.suno.com.br\/noticias\/#\/schema\/logo\/image\/","url":"https:\/\/files.sunoresearch.com.br\/n\/uploads\/2021\/09\/suno-logo.png","contentUrl":"https:\/\/files.sunoresearch.com.br\/n\/uploads\/2021\/09\/suno-logo.png","width":180,"height":180,"caption":"Suno Not\u00edcias"},"image":{"@id":"https:\/\/www.suno.com.br\/noticias\/#\/schema\/logo\/image\/"},"sameAs":["https:\/\/facebook.com\/sunoresearch","https:\/\/x.com\/sunoresearch","https:\/\/www.instagram.com\/suno","https:\/\/www.linkedin.com\/company\/suno-research\/","https:\/\/www.youtube.com\/c\/sunoresearch"]},{"@type":"Person","@id":"https:\/\/www.suno.com.br\/noticias\/#\/schema\/person\/e6e0f723cc177805027f4566c1d5e0c8","name":"Carlo Cauti","image":{"@type":"ImageObject","inLanguage":"pt-BR","@id":"https:\/\/www.suno.com.br\/noticias\/#\/schema\/person\/image\/","url":"https:\/\/secure.gravatar.com\/avatar\/3ada9e0bd164c23abd4792a9606d583c?s=96&r=g","contentUrl":"https:\/\/secure.gravatar.com\/avatar\/3ada9e0bd164c23abd4792a9606d583c?s=96&r=g","caption":"Carlo Cauti"},"description":"Editor multim\u00eddia do SUNO Not\u00edcias. Italiano, formado em Ci\u00eancias Pol\u00edticas pela universidade LUISS G. Carli de Roma e mestre cum laude em Rela\u00e7\u00f5es Internacionais, Jornalismo Internacional e de Guerra e em Economia Internacional. Concluiu tamb\u00e9m um MBA em Finan\u00e7as na B3. No Brasil, teve passagem por ve\u00edculos como Estad\u00e3o, Globo, Veja e EXAME. e nas ag\u00eancias de not\u00edcias italianas ANSA e NOVA.","url":"https:\/\/www.suno.com.br\/noticias\/author\/carlo-cauti\/"}]}},"default_loop_html":"<div class=\"cardsPage__listCard__boxs\"><div class=\"cardsPage__listCard__boxs__img\"><a href=\"https:\/\/www.suno.com.br\/noticias\/petrobras-pre-sal-producao-2019\/\"><img class=\"mask\" src=\"https:\/\/www.suno.com.br\/noticias\/wp-content\/themes\/suno\/resources\/images\/spotlight\/spotlight1img\/bg-mask.png\" alt=\"Image Mask\"\/><img src=\"https:\/\/files.sunoresearch.com.br\/n\/uploads\/2018\/12\/abdc602b-cess\u00e3o-onerosa-400x200.webp\" alt=\"Petrobras: pr\u00e9-sal vai responder por at\u00e9 60% da produ\u00e7\u00e3o em 2019\"\/><\/a><span class=\"spotlightCategory\"><a href=\"https:\/\/www.suno.com.br\/noticias\/negocios\/\">Neg\u00f3cios<\/a><\/span><\/div><div class=\"cardsPage__listCard__boxs__content\"><a href=\"https:\/\/www.suno.com.br\/noticias\/petrobras-pre-sal-producao-2019\/\"><h2 class=\"content__title\">Petrobras: pr\u00e9-sal vai responder por at\u00e9 60% da produ\u00e7\u00e3o em 2019<\/h2><\/a><div class=\"newsContent__article__meta\"><div class=\"newsContent__article__meta__authorBox\"><a href=\"https:\/\/www.suno.com.br\/noticias\/author\/carlo-cauti\/\" class=\"authorBox__avatar noMobi\"><img src=\"https:\/\/files.sunoresearch.com.br\/n\/uploads\/2020\/08\/e3745f9a-perfil-carlo-cauti-150x150.webp\" alt=\"Carlo Cauti\"><\/a><div class=\"authorBox__name\"><span>por\n\t\t\t<a href=\"https:\/\/www.suno.com.br\/noticias\/author\/carlo-cauti\/\"><span itemprop=\"author\">Carlo Cauti<\/span><\/a><\/span><time datetime=\"2019-05-08T20:07:50-03:00\" itemprop=\"datePublished\">08\/05\/2019 20:07<\/time><\/div><\/div><\/div><\/div><\/div>","single_layout":"posts","amp_enabled":true,"_links":{"self":[{"href":"https:\/\/www.suno.com.br\/noticias\/wp-json\/wp\/v2\/posts\/23812"}],"collection":[{"href":"https:\/\/www.suno.com.br\/noticias\/wp-json\/wp\/v2\/posts"}],"about":[{"href":"https:\/\/www.suno.com.br\/noticias\/wp-json\/wp\/v2\/types\/post"}],"author":[{"embeddable":true,"href":"https:\/\/www.suno.com.br\/noticias\/wp-json\/wp\/v2\/users\/9"}],"replies":[{"embeddable":true,"href":"https:\/\/www.suno.com.br\/noticias\/wp-json\/wp\/v2\/comments?post=23812"}],"version-history":[{"count":0,"href":"https:\/\/www.suno.com.br\/noticias\/wp-json\/wp\/v2\/posts\/23812\/revisions"}],"wp:featuredmedia":[{"embeddable":true,"href":"https:\/\/www.suno.com.br\/noticias\/wp-json\/wp\/v2\/media\/8304"}],"wp:attachment":[{"href":"https:\/\/www.suno.com.br\/noticias\/wp-json\/wp\/v2\/media?parent=23812"}],"wp:term":[{"taxonomy":"category","embeddable":true,"href":"https:\/\/www.suno.com.br\/noticias\/wp-json\/wp\/v2\/categories?post=23812"},{"taxonomy":"post_tag","embeddable":true,"href":"https:\/\/www.suno.com.br\/noticias\/wp-json\/wp\/v2\/tags?post=23812"},{"taxonomy":"suno_strategy","embeddable":true,"href":"https:\/\/www.suno.com.br\/noticias\/wp-json\/wp\/v2\/suno_strategy?post=23812"}],"curies":[{"name":"wp","href":"https:\/\/api.w.org\/{rel}","templated":true}]}}