{"id":238081,"date":"2022-03-05T19:55:16","date_gmt":"2022-03-05T22:55:16","guid":{"rendered":"https:\/\/www.suno.com.br\/noticias\/?p=238081"},"modified":"2022-03-05T19:55:16","modified_gmt":"2022-03-05T22:55:16","slug":"aereas-maiores-quedas-ibovespa","status":"publish","type":"post","link":"https:\/\/www.suno.com.br\/noticias\/aereas-maiores-quedas-ibovespa\/","title":{"rendered":"A\u00e9reas lideram quedas do Ibovespa; veja 5 maiores baixas"},"content":{"rendered":"<p>No \u00faltimo preg\u00e3o, o <strong>Ibovespa<\/strong>, fechou o acumulado da semana em alta de 2,21%, aos 114,473.78 pontos, na contram\u00e3o dos mercados internacionais que ca\u00edram com o conflito entre R\u00fassia e Ucr\u00e2nia. O \u00edndice contou com a influ\u00eancia positiva da alta das commodities, mas penalizou o varejo e outras empresas que dependem de um fluxo global melhor.<\/p>\t<div class=\"wrapper-featured-image\">\n\t\t<figure class=\"spotlightImg\">\n\n\t\t\t<picture>\n\t\t\t\t<source media=\"(max-width: 768px)\" srcset=\"https:\/\/files.sunoresearch.com.br\/n\/uploads\/2021\/03\/572e196e-gol-5-400x200.webp\">\n\t\t\t\t<img loading=\"lazy\" decoding=\"async\" class=\"newsContent__article__imgCapa lazyloadDisabled \" src=\"https:\/\/files.sunoresearch.com.br\/n\/uploads\/2021\/03\/572e196e-gol-5-800x450.webp\" width=\"800\" height=\"450\" alt=\"A\u00e9reas lideram quedas do Ibovespa; veja 5 maiores baixas\" fetchpriority=high \/>\n\t\t\t<\/picture>\n\n\t\t\t<figcaption class=\"wp-caption-text wp-caption-text--show\">Foto: Divulga\u00e7\u00e3o\/ Gol <\/figcaption>\n\t\t<\/figure>\n\t<\/div>\n\n\n\t<p>\n\t\t<a href=\"https:\/\/lp.suno.com.br\/planilha-controle-gastos\/\" target=\"_blank\" data-element=\"shortcode-suno-banner\" title=\"Banner SUNO, clique e saiba mais\">\n\t\t\t<picture>\n\t\t\t\t<source media=\"(max-width: 500px)\" srcset=\"https:\/\/files.sunoresearch.com.br\/n\/uploads\/2023\/03\/400x300-Planilha-controle-de-gastos.png\">\n\t\t\t\t<img class=\"newsContent__article__imgCapa newsContent__article__imgCapa--banner\"\n\t\t\t\t\tsrc=\"https:\/\/files.sunoresearch.com.br\/n\/uploads\/2023\/03\/1420x240-Planilha-controle-de-gastos.png\"\n\t\t\t\t\tdata-promo-id=\"101751\"\t\t\t\t\t\t\t\t\t\twidth='1420' height='240'\t\t\t\t\talt=\"https:\/\/files.sunoresearch.com.br\/n\/uploads\/2023\/03\/1420x240-Planilha-controle-de-gastos.png\"\n\t\t\t\t>\n\t\t\t<\/picture>\n\t\t<\/a>\n\t<\/p>\n\n\n<p>No contexto, as a\u00e9reas encabe\u00e7aram as baixas apesar da retra\u00e7\u00e3o no d\u00f3lar e ficaram com as maiores baixas do Ibovespa.<\/p>\n<p>Vale lembrar que a semana foi menor do que o tradicional, j\u00e1 que com o per\u00edodo de carnaval a bolsa abriu somente por tr\u00eas dias, e na quarta-feira de cinzas o preg\u00e3o come\u00e7ou \u00e0s 13h.<\/p>\n\t<p>\n\t\t<a href=\"https:\/\/lp.suno.com.br\/planilha-da-vida-financeira\/\" target=\"_blank\" data-element=\"shortcode-suno-banner\" title=\"Banner SUNO, clique e saiba mais\">\n\t\t\t<picture>\n\t\t\t\t<source media=\"(max-width: 500px)\" srcset=\"https:\/\/files.sunoresearch.com.br\/n\/uploads\/2023\/04\/400x300-Planilha-vida-financeira-true.png\">\n\t\t\t\t<img class=\"newsContent__article__imgCapa newsContent__article__imgCapa--banner\"\n\t\t\t\t\tsrc=\"https:\/\/files.sunoresearch.com.br\/n\/uploads\/2023\/04\/1420x240-Planilha-vida-financeira-true.png\"\n\t\t\t\t\tdata-promo-id=\"106682\"\t\t\t\t\t\t\t\t\t\twidth='1420' height='240'\t\t\t\t\talt=\"https:\/\/files.sunoresearch.com.br\/n\/uploads\/2023\/04\/1420x240-Planilha-vida-financeira-true.png\"\n\t\t\t\t>\n\t\t\t<\/picture>\n\t\t<\/a>\n\t<\/p>\n\n\n<h2>Confira a seguir, as cinco maiores baixas do Ibovespa esta semana:<\/h2>\n<ol>\n<li><a class=\"suno-keyword\" href=\"https:\/\/www.suno.com.br\/acoes\/GOLL4\/\" target=\"_blank\" rel=\"noopener\" data-force=\"yes\" data-priority=\"2\">Gol (GOLL4)<\/a>: -14%<\/li>\n<li><a class=\"suno-keyword\" href=\"https:\/\/www.suno.com.br\/acoes\/AZUL4\/\" target=\"_blank\" rel=\"noopener\" data-force=\"yes\" data-priority=\"2\">Azul (AZUL4)<\/a>: -13,6%<\/li>\n<li><a class=\"suno-keyword\" href=\"https:\/\/www.suno.com.br\/acoes\/CVCB3\/\" target=\"_blank\" rel=\"noopener\" data-force=\"yes\" data-priority=\"2\">CVC (CVCB3)<\/a>: -11,8%<\/li>\n<li><a class=\"suno-keyword\" href=\"https:\/\/www.suno.com.br\/acoes\/IGTA11\/\" target=\"_blank\" rel=\"noopener\" data-force=\"yes\" data-priority=\"2\">JHSF (JHSF3)<\/a>: -8,6%<\/li>\n<li><a href=\"https:\/\/www.suno.com.br\/acoes\/ENJU3\/\">Ambev (ABEV3)<\/a>: -8,3%<\/li>\n<\/ol>\n<h2>Gol e Azul lideram baixas do Ibovespa com petr\u00f3leo em alta<\/h2>\n<p>Mesmo com o d\u00f3lar em baixa, as companhias a\u00e9reas despencam na bolsa por conta de uma disparada no pre\u00e7o do petr\u00f3leo. O combust\u00edvel dos avi\u00f5es, al\u00e9m de ser dolarizado, sofre com influ\u00eancia \u00e0 commodity &#8211; que encontra-se nos seus maiores patamares dos \u00faltimos 8 anos.<\/p>\n<p>Tanto o Brent como o WTI saltam acima de US$ 120, penalizando as margens financeiras das companhias a\u00e9reas.<\/p>\n<p>Somente na sexta, os futuros do Brent avan\u00e7aram US$ 7,65, ou 6,9%, fechando em US$ 118,11 o barril, enquanto o petr\u00f3leo dos EUA (WTI) subiu US$ 8,01, ou 7,4%, encerrando a US$ 115,68.<\/p>\n<p>Segundo o analista Pedro Galdi, da Mirae Asset, o avan\u00e7o da commodity tende a impactar diretamente no custo do combust\u00edvel para as empresas do setor a\u00e9reo.<\/p>\n<p>Tanto a <strong>Gol<\/strong> quanto a <strong>Azul<\/strong> tiveram a maior queda di\u00e1ria do principal \u00edndice da Bolsa paulista, com ambas derrapando mais de 7% no \u00faltimo preg\u00e3o da semana.<\/p>\n\t<p>\n\t\t<a href=\"https:\/\/lp.suno.com.br\/ebook-como-analisar-uma-acao\/\" target=\"_blank\" data-element=\"shortcode-suno-banner\" title=\"Banner SUNO, clique e saiba mais\">\n\t\t\t<picture>\n\t\t\t\t<source media=\"(max-width: 500px)\" srcset=\"https:\/\/files.sunoresearch.com.br\/n\/uploads\/2023\/03\/Ebook-Acoes-Mobile-1.jpg\">\n\t\t\t\t<img class=\"newsContent__article__imgCapa newsContent__article__imgCapa--banner\"\n\t\t\t\t\tsrc=\"https:\/\/files.sunoresearch.com.br\/n\/uploads\/2023\/03\/Ebook-Acoes-Desktop-1.jpg\"\n\t\t\t\t\tdata-promo-id=\"171998\"\t\t\t\t\t\t\t\t\t\twidth='1420' height='286'\t\t\t\t\talt=\"https:\/\/files.sunoresearch.com.br\/n\/uploads\/2023\/03\/Ebook-Acoes-Desktop-1.jpg\"\n\t\t\t\t>\n\t\t\t<\/picture>\n\t\t<\/a>\n\t<\/p>\n\n\n<h2>CVC despenca, mas mant\u00e9m-se no campo positivo em 2022<\/h2>\n<p>A companhia n\u00e3o foi alvo de not\u00edcias negativas, mas sofre com uma incerteza do cen\u00e1rio de turismo, considerando algumas restri\u00e7\u00f5es por conta do conflito entre R\u00fassia e Ucr\u00e2nia &#8211; que podem alterar a viagem a alguns destinos.<\/p>\n<p>Pela segunda semana seguida as\u00a0<strong>a\u00e7\u00f5es da CVC<\/strong> t\u00eam baixas, com queda de 11,87% e s\u00e3o cota\u00e7\u00e3o de R$ 11,06.<\/p>\n<p>Os pap\u00e9is caem 0,58% no m\u00eas, mas no ano acumulam valoriza\u00e7\u00e3o de 35,65%.<\/p>\n<p><a href=\"https:\/\/lp.suno.com.br\/newsletter-noticias\/\" target=\"_blank\" rel=\"noopener\" data-element=\"shortcode-suno-banner\" data-parameter=\"banner-mat-2-https:\/\/lp.suno.com.br\/newsletter-noticias\/\"><picture><source srcset=\"https:\/\/files.sunoresearch.com.br\/n\/uploads\/2022\/01\/Banner-MOBILE-16.jpg\" media=\"(max-width: 500px)\" \/><\/picture><\/a><\/p>\n\t<div data-element=\"shortcode-read-more\" class=\"knowMore\">\n\t\t\t\t<a class=\"knowMore__link\" href=\"https:\/\/www.suno.com.br\/noticias\/jbs-jbss3-marfrig-mrfg3-4t21-balanco-bofa\/\">\n\t\t\tJBS (JBSS3) e Marfrig (MRFG3) ter\u00e3o 4T21 forte, com lucro e Ebitda em alta, diz BofA\t\t<\/a>\n\t<\/div>\n\n\n<h2>JHSF cai ap\u00f3s resultado<\/h2>\n<p>As a\u00e7\u00f5es da empresa subiram mais de 4% no preg\u00e3o que sucedeu o resultado financeiro da companhia, mas as baixas que vieram nessa semana com o movimento de venda dos pap\u00e9is derrubaram as a\u00e7\u00f5es para R$ 5,05.<\/p>\n<p>A companhia reportou lucro l\u00edquido de R$ 254,6 milh\u00f5es no quarto trimestre de 2021 (4T21), o que representa um crescimento de 33,4% em rela\u00e7\u00e3o ao mesmo per\u00edodo de 2020.<\/p>\n<p>Al\u00e9m disso, <a href=\"https:\/\/www.suno.com.br\/noticias\/jhsf-jhsf3-vai-pagar-r-10899-milhoes-em-dividendos-veja-o-valor-por-acao\/\">anunciou<\/a> R$ 108,99 milh\u00f5es em\u00a0<a class=\"suno-keyword\" href=\"https:\/\/www.suno.com.br\/guias\/dividendos\/\" target=\"_blank\" rel=\"noopener\" data-force=\"no\" data-priority=\"1\">dividendos<\/a> aos seus acionistas.<\/p>\n\t<p>\n\t\t<a href=\"https:\/\/lp.suno.com.br\/planilha-de-controle-de-investimentos\/\" target=\"_blank\" data-element=\"shortcode-suno-banner\" title=\"Banner SUNO, clique e saiba mais\">\n\t\t\t<picture>\n\t\t\t\t<source media=\"(max-width: 500px)\" srcset=\"https:\/\/files.sunoresearch.com.br\/n\/uploads\/2023\/03\/400x300-Controle-de-Investimentos.png\">\n\t\t\t\t<img class=\"newsContent__article__imgCapa newsContent__article__imgCapa--banner\"\n\t\t\t\t\tsrc=\"https:\/\/files.sunoresearch.com.br\/n\/uploads\/2023\/03\/1420x240-Controle-de-Investimentos.png\"\n\t\t\t\t\tdata-promo-id=\"75934\"\t\t\t\t\t\t\t\t\t\twidth='1420' height='240'\t\t\t\t\talt=\"https:\/\/files.sunoresearch.com.br\/n\/uploads\/2023\/03\/1420x240-Controle-de-Investimentos.png\"\n\t\t\t\t>\n\t\t\t<\/picture>\n\t\t<\/a>\n\t<\/p>\n\n\n<h2>Ambev cai com previs\u00e3o de queda nas margens, guerra e 4T21<\/h2>\n<p>Com o trigo em alta, a companhia de bebidas deve ter press\u00e3o nas margens financeiras, segundo os especialistas do BB Investimentos, que sofre em conjunto com a <a href=\"https:\/\/www.suno.com.br\/acoes\/mdia3\">M. Dias Branco (MDIA3)<\/a>. Apesar disso, a recomenda\u00e7\u00e3o \u00e9 de compra, com potencial de 27% de alta, para R$ 18,50.<\/p>\n<p>Para a\u00a0<strong>Ambev<\/strong>, sexta maior empresa aberta brasileira, cerca de 10% do\u00a0<a class=\"suno-keyword\" href=\"https:\/\/www.suno.com.br\/artigos\/custo-de-produtos-vendidos\/\" target=\"_blank\" rel=\"noopener\" data-force=\"no\" data-priority=\"1\">custo de produtos vendidos<\/a>\u00a0est\u00e3o relacionados com o pre\u00e7o do milho e trigo.<\/p>\n<p>Segundo os analistas do Ita\u00fa BBA, a perspectiva n\u00e3o \u00e9 positiva.<\/p>\n<p>\u201cSegundo nossas contas, essas commodities t\u00eam um fator crucial na composi\u00e7\u00e3o de pre\u00e7os da Ambev e qualquer aumento pode afetar a lucratividade da companhia.\u201d<\/p>\n<p>Ainda assim, o impacto deve ser postergado para o balan\u00e7o de 2023, dadas as estrat\u00e9gias de prote\u00e7\u00e3o da companhia \u00e0s flutua\u00e7\u00f5es bruscas na cota\u00e7\u00e3o de insumos.<\/p>\n<p>\u201cIsto seria vital para determinar a lucratividade da empresa, em 2023, principalmente porque o ambiente de consumo parece estar bastante resistente ao repasse de pre\u00e7os em 2022 e 2023.\u201d<\/p>\n<p>A companhia reportou tamb\u00e9m seu resultado financeiro no fim da semana anterior, com\u00a0\u00a0<a class=\"suno-keyword\" href=\"https:\/\/www.suno.com.br\/artigos\/lucro-liquido\/\" target=\"_blank\" rel=\"noopener\" data-force=\"no\" data-priority=\"1\">lucro l\u00edquido<\/a>\u00a0de R$ 3,747 bilh\u00f5es no quarto trimestre de 2021, o que representa uma queda de 45,6% ante o reportado em igual trimestre do ano anterior.<\/p>\n<p>J\u00e1 o\u00a0<a class=\"suno-keyword\" href=\"https:\/\/www.suno.com.br\/artigos\/lucro-ajustado\/\" target=\"_blank\" rel=\"noopener\" data-force=\"no\" data-priority=\"1\">lucro ajustado<\/a>\u00a0foi de R$ 3,885 bilh\u00f5es, um recuo de 44,6% ante igual etapa de 2020.<\/p>\n<p><a href=\"https:\/\/lp.suno.com.br\/cl\/distribuicao-gratuita-ebook-101-perguntas-tributacao-renda-variavel\/\" target=\"_blank\" rel=\"noopener\" data-element=\"shortcode-suno-banner\" data-parameter=\"banner-mat-0-https:\/\/lp.suno.com.br\/cl\/distribuicao-gratuita-ebook-101-perguntas-tributacao-renda-variavel\/\"><picture><source srcset=\"https:\/\/files.sunoresearch.com.br\/n\/uploads\/2022\/03\/Banner-Noticias-400x300-2-400x300.jpg\" media=\"(max-width: 500px)\" \/><\/picture><\/a><\/p>\n<p>Assim, a a\u00e7\u00e3o da companhia fechou a semana cotada a R$ 13,93, sendo a quinta maior queda do <strong>Ibovespa<\/strong>.<\/p>\n\t<p>\n\t\t<a href=\"\" target=\"_blank\" data-element=\"shortcode-suno-banner\" title=\"Banner SUNO, clique e saiba mais\">\n\t\t\t<picture>\n\t\t\t\t<source media=\"(max-width: 500px)\" srcset=\"\">\n\t\t\t\t<img class=\"newsContent__article__imgCapa newsContent__article__imgCapa--banner\"\n\t\t\t\t\tsrc=\"\"\n\t\t\t\t\tdata-promo-id=\"184190\"\t\t\t\t\t\t\t\t\t\t\t\t\t\t\talt=\"\"\n\t\t\t\t>\n\t\t\t<\/picture>\n\t\t<\/a>\n\t<\/p>\n\n\n","protected":false},"excerpt":{"rendered":"<p>No \u00faltimo preg\u00e3o, o Ibovespa, fechou o acumulado da semana em alta de 2,21%, aos 114,473.78 pontos, na contram\u00e3o dos mercados internacionais que ca\u00edram com o conflito entre R\u00fassia e Ucr\u00e2nia. O \u00edndice contou com a influ\u00eancia positiva da alta das commodities, mas penalizou o varejo e outras empresas que dependem de um fluxo global [&hellip;]<\/p>\n","protected":false},"author":73,"featured_media":138123,"comment_status":"closed","ping_status":"closed","sticky":false,"template":"","format":"standard","meta":[],"categories":[60],"tags":[359,106932,105816,489,721],"suno_strategy":[],"class_list":["post-238081","post","type-post","status-publish","format-standard","has-post-thumbnail","hentry","category-mercado","tag-ambev-abev3","tag-azul-azul4","tag-especialistas","tag-gol-linhas-aereas-goll11-goll4","tag-ibovespa"],"yoast_head":"<!-- This site is optimized with the Yoast SEO plugin v24.4 - https:\/\/yoast.com\/wordpress\/plugins\/seo\/ -->\n<title>A\u00e9reas lideram quedas do Ibovespa; veja 5 maiores baixas<\/title>\n<meta name=\"description\" content=\"Com maiores baixas do Ibovespa, Gol e Azul devem ter press\u00e3o nas margens com alta do petr\u00f3leo e combust\u00edvel caro, Clique aqui e leia mais.\" \/>\n<meta name=\"robots\" content=\"index, follow, max-snippet:-1, max-image-preview:large, max-video-preview:-1\" \/>\n<link rel=\"canonical\" href=\"https:\/\/www.suno.com.br\/noticias\/aereas-maiores-quedas-ibovespa\/\" \/>\n<meta property=\"og:locale\" content=\"pt_BR\" \/>\n<meta property=\"og:type\" content=\"article\" \/>\n<meta property=\"og:title\" content=\"A\u00e9reas lideram quedas do Ibovespa; veja 5 maiores baixas\" \/>\n<meta property=\"og:description\" content=\"Com maiores baixas do Ibovespa, Gol e Azul devem ter press\u00e3o nas margens com alta do petr\u00f3leo e combust\u00edvel caro, Clique aqui e leia mais.\" \/>\n<meta property=\"og:url\" content=\"https:\/\/www.suno.com.br\/noticias\/aereas-maiores-quedas-ibovespa\/\" \/>\n<meta property=\"og:site_name\" content=\"Suno Not\u00edcias\" \/>\n<meta property=\"article:publisher\" content=\"https:\/\/facebook.com\/sunoresearch\" \/>\n<meta property=\"og:image\" content=\"https:\/\/files.sunoresearch.com.br\/n\/uploads\/2021\/03\/572e196e-gol-5.jpg\" \/>\n\t<meta property=\"og:image:width\" content=\"1200\" \/>\n\t<meta property=\"og:image:height\" content=\"857\" \/>\n\t<meta property=\"og:image:type\" content=\"image\/jpeg\" \/>\n<meta name=\"author\" content=\"Eduardo Vargas\" \/>\n<meta name=\"twitter:card\" content=\"summary_large_image\" \/>\n<meta name=\"twitter:creator\" content=\"@sunoresearch\" \/>\n<meta name=\"twitter:site\" content=\"@sunoresearch\" \/>\n<meta name=\"twitter:label1\" content=\"Escrito por\" \/>\n\t<meta name=\"twitter:data1\" content=\"Eduardo Vargas\" \/>\n\t<meta name=\"twitter:label2\" content=\"Est. tempo de leitura\" \/>\n\t<meta name=\"twitter:data2\" content=\"4 minutos\" \/>\n<script type=\"application\/ld+json\" class=\"yoast-schema-graph\">{\"@context\":\"https:\/\/schema.org\",\"@graph\":[{\"@type\":\"NewsArticle\",\"@id\":\"https:\/\/www.suno.com.br\/noticias\/aereas-maiores-quedas-ibovespa\/#article\",\"isPartOf\":{\"@id\":\"https:\/\/www.suno.com.br\/noticias\/aereas-maiores-quedas-ibovespa\/\"},\"author\":{\"name\":\"Eduardo Vargas\",\"@id\":\"https:\/\/www.suno.com.br\/noticias\/#\/schema\/person\/7f4d362bf3518e76090143ae77bb49a5\"},\"headline\":\"A\u00e9reas lideram quedas do Ibovespa; veja 5 maiores baixas\",\"datePublished\":\"2022-03-05T22:55:16+00:00\",\"mainEntityOfPage\":{\"@id\":\"https:\/\/www.suno.com.br\/noticias\/aereas-maiores-quedas-ibovespa\/\"},\"wordCount\":773,\"publisher\":{\"@id\":\"https:\/\/www.suno.com.br\/noticias\/#organization\"},\"image\":{\"@id\":\"https:\/\/www.suno.com.br\/noticias\/aereas-maiores-quedas-ibovespa\/#primaryimage\"},\"thumbnailUrl\":\"https:\/\/files.sunoresearch.com.br\/n\/uploads\/2021\/03\/572e196e-gol-5-jpg.webp\",\"keywords\":[\"AMBEV (ABEV3)\",\"Azul (AZUL4)\",\"Especialistas\",\"Gol Linhas A\u00e9reas (GOLL11\/GOLL4)\",\"Ibovespa\"],\"articleSection\":[\"Mercado\"],\"inLanguage\":\"pt-BR\"},{\"@type\":\"WebPage\",\"@id\":\"https:\/\/www.suno.com.br\/noticias\/aereas-maiores-quedas-ibovespa\/\",\"url\":\"https:\/\/www.suno.com.br\/noticias\/aereas-maiores-quedas-ibovespa\/\",\"name\":\"A\u00e9reas lideram quedas do Ibovespa; veja 5 maiores baixas\",\"isPartOf\":{\"@id\":\"https:\/\/www.suno.com.br\/noticias\/#website\"},\"primaryImageOfPage\":{\"@id\":\"https:\/\/www.suno.com.br\/noticias\/aereas-maiores-quedas-ibovespa\/#primaryimage\"},\"image\":{\"@id\":\"https:\/\/www.suno.com.br\/noticias\/aereas-maiores-quedas-ibovespa\/#primaryimage\"},\"thumbnailUrl\":\"https:\/\/files.sunoresearch.com.br\/n\/uploads\/2021\/03\/572e196e-gol-5-jpg.webp\",\"datePublished\":\"2022-03-05T22:55:16+00:00\",\"description\":\"Com maiores baixas do Ibovespa, Gol e Azul devem ter press\u00e3o nas margens com alta do petr\u00f3leo e combust\u00edvel caro, Clique aqui e leia mais.\",\"breadcrumb\":{\"@id\":\"https:\/\/www.suno.com.br\/noticias\/aereas-maiores-quedas-ibovespa\/#breadcrumb\"},\"inLanguage\":\"pt-BR\",\"potentialAction\":[{\"@type\":\"ReadAction\",\"target\":[\"https:\/\/www.suno.com.br\/noticias\/aereas-maiores-quedas-ibovespa\/\"]}]},{\"@type\":\"ImageObject\",\"inLanguage\":\"pt-BR\",\"@id\":\"https:\/\/www.suno.com.br\/noticias\/aereas-maiores-quedas-ibovespa\/#primaryimage\",\"url\":\"https:\/\/files.sunoresearch.com.br\/n\/uploads\/2021\/03\/572e196e-gol-5-jpg.webp\",\"contentUrl\":\"https:\/\/files.sunoresearch.com.br\/n\/uploads\/2021\/03\/572e196e-gol-5-jpg.webp\",\"width\":1200,\"height\":857,\"caption\":\"Foto: Divulga\u00e7\u00e3o\/ Gol\"},{\"@type\":\"BreadcrumbList\",\"@id\":\"https:\/\/www.suno.com.br\/noticias\/aereas-maiores-quedas-ibovespa\/#breadcrumb\",\"itemListElement\":[{\"@type\":\"ListItem\",\"position\":1,\"name\":\"Not\u00edcias\",\"item\":\"https:\/\/www.suno.com.br\/noticias\/\"},{\"@type\":\"ListItem\",\"position\":2,\"name\":\"Mercado\",\"item\":\"https:\/\/www.suno.com.br\/noticias\/mercado\/\"},{\"@type\":\"ListItem\",\"position\":3,\"name\":\"A\u00e9reas lideram quedas do Ibovespa; veja 5 maiores baixas\"}]},{\"@type\":\"WebSite\",\"@id\":\"https:\/\/www.suno.com.br\/noticias\/#website\",\"url\":\"https:\/\/www.suno.com.br\/noticias\/\",\"name\":\"Suno Not\u00edcias\",\"description\":\"Seu portal de informa\u00e7\u00e3o sobre o mundo dos investimentos\",\"publisher\":{\"@id\":\"https:\/\/www.suno.com.br\/noticias\/#organization\"},\"potentialAction\":[{\"@type\":\"SearchAction\",\"target\":{\"@type\":\"EntryPoint\",\"urlTemplate\":\"https:\/\/www.suno.com.br\/noticias\/?s={search_term_string}\"},\"query-input\":{\"@type\":\"PropertyValueSpecification\",\"valueRequired\":true,\"valueName\":\"search_term_string\"}}],\"inLanguage\":\"pt-BR\"},{\"@type\":\"Organization\",\"@id\":\"https:\/\/www.suno.com.br\/noticias\/#organization\",\"name\":\"Suno Not\u00edcias\",\"url\":\"https:\/\/www.suno.com.br\/noticias\/\",\"logo\":{\"@type\":\"ImageObject\",\"inLanguage\":\"pt-BR\",\"@id\":\"https:\/\/www.suno.com.br\/noticias\/#\/schema\/logo\/image\/\",\"url\":\"https:\/\/files.sunoresearch.com.br\/n\/uploads\/2021\/09\/suno-logo.png\",\"contentUrl\":\"https:\/\/files.sunoresearch.com.br\/n\/uploads\/2021\/09\/suno-logo.png\",\"width\":180,\"height\":180,\"caption\":\"Suno Not\u00edcias\"},\"image\":{\"@id\":\"https:\/\/www.suno.com.br\/noticias\/#\/schema\/logo\/image\/\"},\"sameAs\":[\"https:\/\/facebook.com\/sunoresearch\",\"https:\/\/x.com\/sunoresearch\",\"https:\/\/www.instagram.com\/suno\",\"https:\/\/www.linkedin.com\/company\/suno-research\/\",\"https:\/\/www.youtube.com\/c\/sunoresearch\"]},{\"@type\":\"Person\",\"@id\":\"https:\/\/www.suno.com.br\/noticias\/#\/schema\/person\/7f4d362bf3518e76090143ae77bb49a5\",\"name\":\"Eduardo Vargas\",\"image\":{\"@type\":\"ImageObject\",\"inLanguage\":\"pt-BR\",\"@id\":\"https:\/\/www.suno.com.br\/noticias\/#\/schema\/person\/image\/\",\"url\":\"https:\/\/secure.gravatar.com\/avatar\/dac340933427a22924c9f99d1eb2e3f2?s=96&r=g\",\"contentUrl\":\"https:\/\/secure.gravatar.com\/avatar\/dac340933427a22924c9f99d1eb2e3f2?s=96&r=g\",\"caption\":\"Eduardo Vargas\"},\"description\":\"Jornalista formado pela UFSC, cobre macroeconomia, neg\u00f3cios e startups para o Suno Not\u00edcias, escrevendo principalmente not\u00edcias sobre o mercado financeiro e a bolsa de valores. No YouTube e no Instagram, \u00e9 respons\u00e1vel pela produ\u00e7\u00e3o de Reels e Shorts do Suno Not\u00edcias. Anteriormente, trabalhou cobrindo economia e cotidiano no ND+ e para o ND, maior jornal impresso de Santa Catarina. Cursou um semestre letivo de Estudos de M\u00eddia na Universidad de Buenos Aires.\",\"url\":\"https:\/\/www.suno.com.br\/noticias\/author\/eduardo-vargas\/\"}]}<\/script>\n<!-- \/ Yoast SEO plugin. -->","yoast_head_json":{"title":"A\u00e9reas lideram quedas do Ibovespa; veja 5 maiores baixas","description":"Com maiores baixas do Ibovespa, Gol e Azul devem ter press\u00e3o nas margens com alta do petr\u00f3leo e combust\u00edvel caro, Clique aqui e leia mais.","robots":{"index":"index","follow":"follow","max-snippet":"max-snippet:-1","max-image-preview":"max-image-preview:large","max-video-preview":"max-video-preview:-1"},"canonical":"https:\/\/www.suno.com.br\/noticias\/aereas-maiores-quedas-ibovespa\/","og_locale":"pt_BR","og_type":"article","og_title":"A\u00e9reas lideram quedas do Ibovespa; veja 5 maiores baixas","og_description":"Com maiores baixas do Ibovespa, Gol e Azul devem ter press\u00e3o nas margens com alta do petr\u00f3leo e combust\u00edvel caro, Clique aqui e leia mais.","og_url":"https:\/\/www.suno.com.br\/noticias\/aereas-maiores-quedas-ibovespa\/","og_site_name":"Suno Not\u00edcias","article_publisher":"https:\/\/facebook.com\/sunoresearch","og_image":[{"width":1200,"height":857,"url":"https:\/\/files.sunoresearch.com.br\/n\/uploads\/2021\/03\/572e196e-gol-5.jpg","type":"image\/jpeg"}],"author":"Eduardo Vargas","twitter_card":"summary_large_image","twitter_creator":"@sunoresearch","twitter_site":"@sunoresearch","twitter_misc":{"Escrito por":"Eduardo Vargas","Est. tempo de leitura":"4 minutos"},"schema":{"@context":"https:\/\/schema.org","@graph":[{"@type":"NewsArticle","@id":"https:\/\/www.suno.com.br\/noticias\/aereas-maiores-quedas-ibovespa\/#article","isPartOf":{"@id":"https:\/\/www.suno.com.br\/noticias\/aereas-maiores-quedas-ibovespa\/"},"author":{"name":"Eduardo Vargas","@id":"https:\/\/www.suno.com.br\/noticias\/#\/schema\/person\/7f4d362bf3518e76090143ae77bb49a5"},"headline":"A\u00e9reas lideram quedas do Ibovespa; veja 5 maiores baixas","datePublished":"2022-03-05T22:55:16+00:00","mainEntityOfPage":{"@id":"https:\/\/www.suno.com.br\/noticias\/aereas-maiores-quedas-ibovespa\/"},"wordCount":773,"publisher":{"@id":"https:\/\/www.suno.com.br\/noticias\/#organization"},"image":{"@id":"https:\/\/www.suno.com.br\/noticias\/aereas-maiores-quedas-ibovespa\/#primaryimage"},"thumbnailUrl":"https:\/\/files.sunoresearch.com.br\/n\/uploads\/2021\/03\/572e196e-gol-5-jpg.webp","keywords":["AMBEV (ABEV3)","Azul (AZUL4)","Especialistas","Gol Linhas A\u00e9reas (GOLL11\/GOLL4)","Ibovespa"],"articleSection":["Mercado"],"inLanguage":"pt-BR"},{"@type":"WebPage","@id":"https:\/\/www.suno.com.br\/noticias\/aereas-maiores-quedas-ibovespa\/","url":"https:\/\/www.suno.com.br\/noticias\/aereas-maiores-quedas-ibovespa\/","name":"A\u00e9reas lideram quedas do Ibovespa; veja 5 maiores baixas","isPartOf":{"@id":"https:\/\/www.suno.com.br\/noticias\/#website"},"primaryImageOfPage":{"@id":"https:\/\/www.suno.com.br\/noticias\/aereas-maiores-quedas-ibovespa\/#primaryimage"},"image":{"@id":"https:\/\/www.suno.com.br\/noticias\/aereas-maiores-quedas-ibovespa\/#primaryimage"},"thumbnailUrl":"https:\/\/files.sunoresearch.com.br\/n\/uploads\/2021\/03\/572e196e-gol-5-jpg.webp","datePublished":"2022-03-05T22:55:16+00:00","description":"Com maiores baixas do Ibovespa, Gol e Azul devem ter press\u00e3o nas margens com alta do petr\u00f3leo e combust\u00edvel caro, Clique aqui e leia mais.","breadcrumb":{"@id":"https:\/\/www.suno.com.br\/noticias\/aereas-maiores-quedas-ibovespa\/#breadcrumb"},"inLanguage":"pt-BR","potentialAction":[{"@type":"ReadAction","target":["https:\/\/www.suno.com.br\/noticias\/aereas-maiores-quedas-ibovespa\/"]}]},{"@type":"ImageObject","inLanguage":"pt-BR","@id":"https:\/\/www.suno.com.br\/noticias\/aereas-maiores-quedas-ibovespa\/#primaryimage","url":"https:\/\/files.sunoresearch.com.br\/n\/uploads\/2021\/03\/572e196e-gol-5-jpg.webp","contentUrl":"https:\/\/files.sunoresearch.com.br\/n\/uploads\/2021\/03\/572e196e-gol-5-jpg.webp","width":1200,"height":857,"caption":"Foto: Divulga\u00e7\u00e3o\/ Gol"},{"@type":"BreadcrumbList","@id":"https:\/\/www.suno.com.br\/noticias\/aereas-maiores-quedas-ibovespa\/#breadcrumb","itemListElement":[{"@type":"ListItem","position":1,"name":"Not\u00edcias","item":"https:\/\/www.suno.com.br\/noticias\/"},{"@type":"ListItem","position":2,"name":"Mercado","item":"https:\/\/www.suno.com.br\/noticias\/mercado\/"},{"@type":"ListItem","position":3,"name":"A\u00e9reas lideram quedas do Ibovespa; veja 5 maiores baixas"}]},{"@type":"WebSite","@id":"https:\/\/www.suno.com.br\/noticias\/#website","url":"https:\/\/www.suno.com.br\/noticias\/","name":"Suno Not\u00edcias","description":"Seu portal de informa\u00e7\u00e3o sobre o mundo dos investimentos","publisher":{"@id":"https:\/\/www.suno.com.br\/noticias\/#organization"},"potentialAction":[{"@type":"SearchAction","target":{"@type":"EntryPoint","urlTemplate":"https:\/\/www.suno.com.br\/noticias\/?s={search_term_string}"},"query-input":{"@type":"PropertyValueSpecification","valueRequired":true,"valueName":"search_term_string"}}],"inLanguage":"pt-BR"},{"@type":"Organization","@id":"https:\/\/www.suno.com.br\/noticias\/#organization","name":"Suno Not\u00edcias","url":"https:\/\/www.suno.com.br\/noticias\/","logo":{"@type":"ImageObject","inLanguage":"pt-BR","@id":"https:\/\/www.suno.com.br\/noticias\/#\/schema\/logo\/image\/","url":"https:\/\/files.sunoresearch.com.br\/n\/uploads\/2021\/09\/suno-logo.png","contentUrl":"https:\/\/files.sunoresearch.com.br\/n\/uploads\/2021\/09\/suno-logo.png","width":180,"height":180,"caption":"Suno Not\u00edcias"},"image":{"@id":"https:\/\/www.suno.com.br\/noticias\/#\/schema\/logo\/image\/"},"sameAs":["https:\/\/facebook.com\/sunoresearch","https:\/\/x.com\/sunoresearch","https:\/\/www.instagram.com\/suno","https:\/\/www.linkedin.com\/company\/suno-research\/","https:\/\/www.youtube.com\/c\/sunoresearch"]},{"@type":"Person","@id":"https:\/\/www.suno.com.br\/noticias\/#\/schema\/person\/7f4d362bf3518e76090143ae77bb49a5","name":"Eduardo Vargas","image":{"@type":"ImageObject","inLanguage":"pt-BR","@id":"https:\/\/www.suno.com.br\/noticias\/#\/schema\/person\/image\/","url":"https:\/\/secure.gravatar.com\/avatar\/dac340933427a22924c9f99d1eb2e3f2?s=96&r=g","contentUrl":"https:\/\/secure.gravatar.com\/avatar\/dac340933427a22924c9f99d1eb2e3f2?s=96&r=g","caption":"Eduardo Vargas"},"description":"Jornalista formado pela UFSC, cobre macroeconomia, neg\u00f3cios e startups para o Suno Not\u00edcias, escrevendo principalmente not\u00edcias sobre o mercado financeiro e a bolsa de valores. No YouTube e no Instagram, \u00e9 respons\u00e1vel pela produ\u00e7\u00e3o de Reels e Shorts do Suno Not\u00edcias. Anteriormente, trabalhou cobrindo economia e cotidiano no ND+ e para o ND, maior jornal impresso de Santa Catarina. Cursou um semestre letivo de Estudos de M\u00eddia na Universidad de Buenos Aires.","url":"https:\/\/www.suno.com.br\/noticias\/author\/eduardo-vargas\/"}]}},"default_loop_html":"<div class=\"cardsPage__listCard__boxs\"><div class=\"cardsPage__listCard__boxs__img\"><a href=\"https:\/\/www.suno.com.br\/noticias\/aereas-maiores-quedas-ibovespa\/\"><img class=\"mask\" src=\"https:\/\/www.suno.com.br\/noticias\/wp-content\/themes\/suno\/resources\/images\/spotlight\/spotlight1img\/bg-mask.png\" alt=\"Image Mask\"\/><img src=\"https:\/\/files.sunoresearch.com.br\/n\/uploads\/2021\/03\/572e196e-gol-5-400x200.webp\" alt=\"A\u00e9reas lideram quedas do Ibovespa; veja 5 maiores baixas\"\/><\/a><span class=\"spotlightCategory\"><a href=\"https:\/\/www.suno.com.br\/noticias\/mercado\/\">Mercado<\/a><\/span><\/div><div class=\"cardsPage__listCard__boxs__content\"><a href=\"https:\/\/www.suno.com.br\/noticias\/aereas-maiores-quedas-ibovespa\/\"><h2 class=\"content__title\">A\u00e9reas lideram quedas do Ibovespa; veja 5 maiores baixas<\/h2><\/a><div class=\"newsContent__article__meta\"><div class=\"newsContent__article__meta__authorBox\"><a href=\"https:\/\/www.suno.com.br\/noticias\/author\/eduardo-vargas\/\" class=\"authorBox__avatar noMobi\"><img src=\"https:\/\/secure.gravatar.com\/avatar\/dac340933427a22924c9f99d1eb2e3f2?s=96&#038;r=g\" alt=\"Eduardo Vargas\"><\/a><div class=\"authorBox__name\"><span>por\n\t\t\t<a href=\"https:\/\/www.suno.com.br\/noticias\/author\/eduardo-vargas\/\"><span itemprop=\"author\">Eduardo Vargas<\/span><\/a><\/span><time datetime=\"2022-03-05T19:55:16-03:00\" itemprop=\"datePublished\">05\/03\/2022 19:55<\/time><\/div><\/div><\/div><\/div><\/div>","single_layout":"posts","amp_enabled":true,"_links":{"self":[{"href":"https:\/\/www.suno.com.br\/noticias\/wp-json\/wp\/v2\/posts\/238081"}],"collection":[{"href":"https:\/\/www.suno.com.br\/noticias\/wp-json\/wp\/v2\/posts"}],"about":[{"href":"https:\/\/www.suno.com.br\/noticias\/wp-json\/wp\/v2\/types\/post"}],"author":[{"embeddable":true,"href":"https:\/\/www.suno.com.br\/noticias\/wp-json\/wp\/v2\/users\/73"}],"replies":[{"embeddable":true,"href":"https:\/\/www.suno.com.br\/noticias\/wp-json\/wp\/v2\/comments?post=238081"}],"version-history":[{"count":1,"href":"https:\/\/www.suno.com.br\/noticias\/wp-json\/wp\/v2\/posts\/238081\/revisions"}],"predecessor-version":[{"id":238082,"href":"https:\/\/www.suno.com.br\/noticias\/wp-json\/wp\/v2\/posts\/238081\/revisions\/238082"}],"wp:featuredmedia":[{"embeddable":true,"href":"https:\/\/www.suno.com.br\/noticias\/wp-json\/wp\/v2\/media\/138123"}],"wp:attachment":[{"href":"https:\/\/www.suno.com.br\/noticias\/wp-json\/wp\/v2\/media?parent=238081"}],"wp:term":[{"taxonomy":"category","embeddable":true,"href":"https:\/\/www.suno.com.br\/noticias\/wp-json\/wp\/v2\/categories?post=238081"},{"taxonomy":"post_tag","embeddable":true,"href":"https:\/\/www.suno.com.br\/noticias\/wp-json\/wp\/v2\/tags?post=238081"},{"taxonomy":"suno_strategy","embeddable":true,"href":"https:\/\/www.suno.com.br\/noticias\/wp-json\/wp\/v2\/suno_strategy?post=238081"}],"curies":[{"name":"wp","href":"https:\/\/api.w.org\/{rel}","templated":true}]}}