{"id":237969,"date":"2022-03-05T11:37:48","date_gmt":"2022-03-05T14:37:48","guid":{"rendered":"https:\/\/www.suno.com.br\/noticias\/?p=237969"},"modified":"2022-03-05T11:37:48","modified_gmt":"2022-03-05T14:37:48","slug":"imposto-de-renda-irpf-declaracao-cair-na-malha-fina-dicas","status":"publish","type":"post","link":"https:\/\/www.suno.com.br\/noticias\/imposto-de-renda-irpf-declaracao-cair-na-malha-fina-dicas\/","title":{"rendered":"Imposto de Renda: Confira dicas de como n\u00e3o cair na malha fina"},"content":{"rendered":"<p>O dia 7 de mar\u00e7o se aproximando, uma das obriga\u00e7\u00f5es fiscais mais comuns dos brasileiros chegam no calend\u00e1rio: a declara\u00e7\u00e3o do <strong>Imposto de Renda<\/strong>.<\/p>\t<div class=\"wrapper-featured-image\">\n\t\t<figure class=\"spotlightImg\">\n\n\t\t\t<picture>\n\t\t\t\t<source media=\"(max-width: 768px)\" srcset=\"https:\/\/files.sunoresearch.com.br\/n\/uploads\/2022\/02\/elie-khoury-GidYc-pS9sM-unsplash-400x200.jpg\">\n\t\t\t\t<img loading=\"lazy\" decoding=\"async\" class=\"newsContent__article__imgCapa lazyloadDisabled \" src=\"https:\/\/files.sunoresearch.com.br\/n\/uploads\/2022\/02\/elie-khoury-GidYc-pS9sM-unsplash-800x450.jpg\" width=\"800\" height=\"450\" alt=\"Imposto de Renda: Confira dicas de como n\u00e3o cair na malha fina\" fetchpriority=high \/>\n\t\t\t<\/picture>\n\n\t\t\t<figcaption class=\"wp-caption-text wp-caption-text--show\">Em 2021, cerca de 870 mil contribuintes ca\u00edram na malha fina do imposto de renda, de um universo de 36,8 milh\u00f5es de declara\u00e7\u00f5es enviadas<\/figcaption>\n\t\t<\/figure>\n\t<\/div>\n\n\n\t<p>\n\t\t<a href=\"https:\/\/lp.suno.com.br\/planilha-controle-gastos\/\" target=\"_blank\" data-element=\"shortcode-suno-banner\" title=\"Banner SUNO, clique e saiba mais\">\n\t\t\t<picture>\n\t\t\t\t<source media=\"(max-width: 500px)\" srcset=\"https:\/\/files.sunoresearch.com.br\/n\/uploads\/2023\/03\/400x300-Planilha-controle-de-gastos.png\">\n\t\t\t\t<img class=\"newsContent__article__imgCapa newsContent__article__imgCapa--banner\"\n\t\t\t\t\tsrc=\"https:\/\/files.sunoresearch.com.br\/n\/uploads\/2023\/03\/1420x240-Planilha-controle-de-gastos.png\"\n\t\t\t\t\tdata-promo-id=\"101751\"\t\t\t\t\t\t\t\t\t\twidth='1420' height='240'\t\t\t\t\talt=\"https:\/\/files.sunoresearch.com.br\/n\/uploads\/2023\/03\/1420x240-Planilha-controle-de-gastos.png\"\n\t\t\t\t>\n\t\t\t<\/picture>\n\t\t<\/a>\n\t<\/p>\n\n\n<p>Em casos de problemas, em vez de receber restitui\u00e7\u00e3o, o contribuinte pode <a href=\"https:\/\/www.suno.com.br\/guias\/imposto-de-renda-guia\/\">ser obrigado a refazer a <strong>Declara\u00e7\u00e3o<\/strong><\/a> do Imposto de Renda <a class=\"suno-keyword\" href=\"https:\/\/www.suno.com.br\/artigos\/pessoa-fisica\/\" target=\"_blank\" rel=\"noopener\" data-force=\"no\" data-priority=\"1\">Pessoa F\u00edsica<\/a> e a prestar contas adicionais ao Fisco.<\/p>\n<p>Nos piores casos, a <a href=\"https:\/\/www.suno.com.br\/artigos\/receita-federal\/\"><strong>Receita Federal<\/strong> <\/a>pode cobrar uma multa de at\u00e9 75% do imposto devido.<img decoding=\"async\" style=\"width: 1px; height: 1px;\" src=\"https:\/\/agenciabrasil.ebc.com.br\/ebc.png?id=1446420&amp;o=rss\" \/><img decoding=\"async\" style=\"width: 1px; height: 1px;\" src=\"https:\/\/agenciabrasil.ebc.com.br\/ebc.gif?id=1446420&amp;o=rss\" \/><\/p>\n<p>Com o prazo de entrega, que come\u00e7a nesta segunda-feira (7) e vai at\u00e9 29 de abril, a Declara\u00e7\u00e3o do Imposto de Renda exige cuidados.<\/p>\n<p>No ano passado, 869,3 mil <a href=\"https:\/\/www.suno.com.br\/artigos\/malha-fina\/\">contribuintes ca\u00edram na <strong>malha fina<\/strong><\/a>, de um universo de 36,8 milh\u00f5es de declara\u00e7\u00f5es enviadas.<\/p>\n<p>O principal motivo foi a omiss\u00e3o de rendimentos, com 41,4% das ocorr\u00eancias, seguido por falta de comprova\u00e7\u00e3o de dedu\u00e7\u00e3o, respons\u00e1veis por 30,9% das declara\u00e7\u00f5es retidas em 2021.<\/p>\n\n\t<div data-element=\"shortcode-read-more\" class=\"readToo\">\n\t\t\t\t<span class=\"readToo__title\">Leia mais<\/span>\n\t\t\t\t<ul class=\"readToo__list\">\n\t\t\t<li><a href=\"https:\/\/www.suno.com.br\/noticias\/imposto-de-renda-2022-declaracao-marco\/\">Imposto de Renda 2022: declara\u00e7\u00e3o come\u00e7a em mar\u00e7o; veja novos prazos e regras<\/a><\/li><li><a href=\"https:\/\/www.suno.com.br\/noticias\/imposto-de-renda-regras-anuncio-receita-federal\/\">Receita anuncia regras do Imposto de Renda; veja calend\u00e1rio<\/a><\/li>\t\t<\/ul>\n\t<\/div>\n\n\n<p>Como prevenir contratempos? Segundo o advogado Edemir Marques de Oliveira, especializado em direito tribut\u00e1rio, a antecipa\u00e7\u00e3o na hora de juntar documentos e a transpar\u00eancia na presta\u00e7\u00e3o de informa\u00e7\u00f5es s\u00e3o os principais cuidados que o contribuinte deve ter.<\/p>\n<p>\u201cA primeira coisa \u00e9 tentar ser o mais honesto poss\u00edvel com a Receita. E nessa transpar\u00eancia, o contribuinte deve juntar toda a documenta\u00e7\u00e3o que puder em termos de dedu\u00e7\u00f5es e dos rendimentos\u201d, explica.<\/p>\n<p>Entre os rendimentos mais propenso a dar problemas, diz o advogado, est\u00e3o as receitas de alugu\u00e9is e os ganhos de capital na venda de im\u00f3veis.<\/p>\n\t<p>\n\t\t<a href=\"https:\/\/lp.suno.com.br\/planilha-da-vida-financeira\/\" target=\"_blank\" data-element=\"shortcode-suno-banner\" title=\"Banner SUNO, clique e saiba mais\">\n\t\t\t<picture>\n\t\t\t\t<source media=\"(max-width: 500px)\" srcset=\"https:\/\/files.sunoresearch.com.br\/n\/uploads\/2023\/04\/400x300-Planilha-vida-financeira-true.png\">\n\t\t\t\t<img class=\"newsContent__article__imgCapa newsContent__article__imgCapa--banner\"\n\t\t\t\t\tsrc=\"https:\/\/files.sunoresearch.com.br\/n\/uploads\/2023\/04\/1420x240-Planilha-vida-financeira-true.png\"\n\t\t\t\t\tdata-promo-id=\"106682\"\t\t\t\t\t\t\t\t\t\twidth='1420' height='240'\t\t\t\t\talt=\"https:\/\/files.sunoresearch.com.br\/n\/uploads\/2023\/04\/1420x240-Planilha-vida-financeira-true.png\"\n\t\t\t\t>\n\t\t\t<\/picture>\n\t\t<\/a>\n\t<\/p>\n\n\n<p>\u201c<a href=\"https:\/\/www.suno.com.br\/artigos\/irpj\/\">O contribuinte deve ser organizado n\u00e3o apenas no momento de declarar<\/a> o Imposto de Renda, mas durante todo o ano\u201d, diz Oliveira.<\/p>\n<p>Em rela\u00e7\u00e3o \u00e0s dedu\u00e7\u00f5es, o advogado aconselha que o contribuinte exija nota fiscal e guarde todos os recibos dos gastos que podem ser deduzidos, como educa\u00e7\u00e3o e sa\u00fade.<\/p>\n<h2>Dicas para o Imposto de Renda<\/h2>\n<p>Para Oliveira, a grande novidade de 2022 que pode resultar na diminui\u00e7\u00e3o de erros e de omiss\u00f5es \u00e9 a declara\u00e7\u00e3o pr\u00e9-preenchida da Receita.<\/p>\n<p>Nesse modelo, o contribuinte recebe um formul\u00e1rio com dados de declara\u00e7\u00f5es enviadas por empresas, <a class=\"suno-keyword\" href=\"https:\/\/www.suno.com.br\/artigos\/instituicoes-financeiras\/\" target=\"_blank\" rel=\"noopener\" data-force=\"no\" data-priority=\"1\">institui\u00e7\u00f5es financeiras<\/a>, imobili\u00e1rias e m\u00e9dicos, cabendo apenas conferir os dados. Todo o processo \u00e9 feito no <a href=\"https:\/\/cav.receita.fazenda.gov.br\/\" target=\"_blank\" rel=\"noopener\">Centro Virtual de Atendimento da Receita (e-CAC)<\/a>.<\/p>\n<p>At\u00e9 agora dispon\u00edvel apenas para contribuintes com certifica\u00e7\u00e3o digital (tipo de assinatura eletr\u00f4nica vendida no mercado), a declara\u00e7\u00e3o pr\u00e9-preenchida foi ampliada neste ano.<\/p>\n\t<p>\n\t\t<a href=\"https:\/\/lp.suno.com.br\/ebook-como-analisar-uma-acao\/\" target=\"_blank\" data-element=\"shortcode-suno-banner\" title=\"Banner SUNO, clique e saiba mais\">\n\t\t\t<picture>\n\t\t\t\t<source media=\"(max-width: 500px)\" srcset=\"https:\/\/files.sunoresearch.com.br\/n\/uploads\/2023\/03\/Ebook-Acoes-Mobile-1.jpg\">\n\t\t\t\t<img class=\"newsContent__article__imgCapa newsContent__article__imgCapa--banner\"\n\t\t\t\t\tsrc=\"https:\/\/files.sunoresearch.com.br\/n\/uploads\/2023\/03\/Ebook-Acoes-Desktop-1.jpg\"\n\t\t\t\t\tdata-promo-id=\"171998\"\t\t\t\t\t\t\t\t\t\twidth='1420' height='286'\t\t\t\t\talt=\"https:\/\/files.sunoresearch.com.br\/n\/uploads\/2023\/03\/Ebook-Acoes-Desktop-1.jpg\"\n\t\t\t\t>\n\t\t\t<\/picture>\n\t\t<\/a>\n\t<\/p>\n\n\n<p>A ferramenta poder\u00e1 ser usada por quem tem conta tipo prata ou ouro no Portal Gov.br. O advogado, no entanto, recomenda aten\u00e7\u00e3o a quem opta por esse recurso.<\/p>\n<p>\u201cO declarante deve comparar as informa\u00e7\u00f5es com os documentos antes de confirmar os dados. Caso encontre alguma diverg\u00eancia, deve ajustar as informa\u00e7\u00f5es e guardar o documento ou o recibo para eventuais esclarecimentos ao Fisco\u201d, orienta Oliveira.<\/p>\n<p>Por fim, o advogado aconselha o contribuinte a acompanhar o processamento da declara\u00e7\u00e3o, informado por meio do e-CAC. Caso haja problemas, deve-se enviar, o mais r\u00e1pido poss\u00edvel, uma declara\u00e7\u00e3o retificadora.<\/p>\n<p>\u201cA Receita oferece a oportunidade para que o contribuinte fa\u00e7a a autorretifica\u00e7\u00e3o e evite ser intimado\u201d, justifica.<\/p>\n<p><strong>Confira as principais orienta\u00e7\u00f5es para evitar erros e omiss\u00f5es e cair na malha fina.<\/strong><\/p>\n<ul>\n<li>\u00a0 Organizar documentos ao longo do ano ou pelo menos algumas semanas antes de enviar a declara\u00e7\u00e3o<\/li>\n<li>\u00a0 Ser transparente com a Receita Federal e informar todos os rendimentos recebidos no ano anterior, assim como comprovar todos os gastos que geram dedu\u00e7\u00e3o<\/li>\n<li>\u00a0 Revisar a declara\u00e7\u00e3o antes do envio para evitar erros de preenchimento<\/li>\n<li>\u00a0 Identificar opera\u00e7\u00f5es que n\u00e3o ocorrem com frequ\u00eancia, para evitar omiss\u00e3o de dados. Entre essas opera\u00e7\u00f5es, est\u00e3o compra e venda de bens acima de R$ 5 mil, que podem gerar ganhos de capital<\/li>\n<li>\u00a0 Evitar <a href=\"https:\/\/www.suno.com.br\/artigos\/dependente\/\">a inclus\u00e3o de dependentes em duas declara\u00e7\u00f5es<\/a><\/li>\n<li>\u00a0 Incluir os rendimentos pr\u00f3prios dos dependentes, como filho que recebe pens\u00e3o de ex-c\u00f4njuge<\/li>\n<li>\u00a0 Evitar inclus\u00e3o de despesas m\u00e9dicas indedut\u00edveis ou sem comprova\u00e7\u00e3o<\/li>\n<li>\u00a0 Acompanhar o processamento da declara\u00e7\u00e3o do <strong>imposto de renda<\/strong> ap\u00f3s a entrega e retificar dados inconsistentes ou omitidos o mais r\u00e1pido poss\u00edvel<\/li>\n<\/ul>\n\t<p>\n\t\t<a href=\"https:\/\/lp.suno.com.br\/planilha-de-controle-de-investimentos\/\" target=\"_blank\" data-element=\"shortcode-suno-banner\" title=\"Banner SUNO, clique e saiba mais\">\n\t\t\t<picture>\n\t\t\t\t<source media=\"(max-width: 500px)\" srcset=\"https:\/\/files.sunoresearch.com.br\/n\/uploads\/2023\/03\/400x300-Controle-de-Investimentos.png\">\n\t\t\t\t<img class=\"newsContent__article__imgCapa newsContent__article__imgCapa--banner\"\n\t\t\t\t\tsrc=\"https:\/\/files.sunoresearch.com.br\/n\/uploads\/2023\/03\/1420x240-Controle-de-Investimentos.png\"\n\t\t\t\t\tdata-promo-id=\"75934\"\t\t\t\t\t\t\t\t\t\twidth='1420' height='240'\t\t\t\t\talt=\"https:\/\/files.sunoresearch.com.br\/n\/uploads\/2023\/03\/1420x240-Controle-de-Investimentos.png\"\n\t\t\t\t>\n\t\t\t<\/picture>\n\t\t<\/a>\n\t<\/p>\n\n\n","protected":false},"excerpt":{"rendered":"<p>O dia 7 de mar\u00e7o se aproximando, uma das obriga\u00e7\u00f5es fiscais mais comuns dos brasileiros chegam no calend\u00e1rio: a declara\u00e7\u00e3o do Imposto de Renda. Regras do Imposto de Renda foram divulgadas em coletiva nesta quinta (24) &#8211; Foto: Marcelo Camargo\/Ag\u00eancia Brasil Em casos de problemas, em vez de receber restitui\u00e7\u00e3o, o contribuinte pode ser obrigado [&hellip;]<\/p>\n","protected":false},"author":73,"featured_media":235335,"comment_status":"closed","ping_status":"closed","sticky":false,"template":"","format":"standard","meta":[],"categories":[65],"tags":[106444,105816],"suno_strategy":[],"class_list":["post-237969","post","type-post","status-publish","format-standard","has-post-thumbnail","hentry","category-financas-pessoais","tag-agencias","tag-especialistas"],"yoast_head":"<!-- This site is optimized with the Yoast SEO plugin v24.4 - https:\/\/yoast.com\/wordpress\/plugins\/seo\/ -->\n<title>Imposto de Renda: Confira dicas de como n\u00e3o cair na malha fina<\/title>\n<meta name=\"description\" content=\"Segundo o calend\u00e1rio da Receita , no dia 7 de mar\u00e7o come\u00e7a o prazo para entregar os documentos do Imposto de renda. Clique aqui e leia mais.\" \/>\n<meta name=\"robots\" content=\"index, follow, max-snippet:-1, max-image-preview:large, max-video-preview:-1\" \/>\n<link rel=\"canonical\" href=\"https:\/\/www.suno.com.br\/noticias\/imposto-de-renda-irpf-declaracao-cair-na-malha-fina-dicas\/\" \/>\n<meta property=\"og:locale\" content=\"pt_BR\" \/>\n<meta property=\"og:type\" content=\"article\" \/>\n<meta property=\"og:title\" content=\"Imposto de Renda: Confira dicas de como n\u00e3o cair na malha fina\" \/>\n<meta property=\"og:description\" content=\"Segundo o calend\u00e1rio da Receita , no dia 7 de mar\u00e7o come\u00e7a o prazo para entregar os documentos do Imposto de renda. Clique aqui e leia mais.\" \/>\n<meta property=\"og:url\" content=\"https:\/\/www.suno.com.br\/noticias\/imposto-de-renda-irpf-declaracao-cair-na-malha-fina-dicas\/\" \/>\n<meta property=\"og:site_name\" content=\"Suno Not\u00edcias\" \/>\n<meta property=\"article:publisher\" content=\"https:\/\/facebook.com\/sunoresearch\" \/>\n<meta property=\"og:image\" content=\"https:\/\/files.sunoresearch.com.br\/n\/uploads\/2022\/02\/elie-khoury-GidYc-pS9sM-unsplash.jpg\" \/>\n\t<meta property=\"og:image:width\" content=\"2014\" \/>\n\t<meta property=\"og:image:height\" content=\"2517\" \/>\n\t<meta property=\"og:image:type\" content=\"image\/jpeg\" \/>\n<meta name=\"author\" content=\"Eduardo Vargas\" \/>\n<meta name=\"twitter:card\" content=\"summary_large_image\" \/>\n<meta name=\"twitter:creator\" content=\"@sunoresearch\" \/>\n<meta name=\"twitter:site\" content=\"@sunoresearch\" \/>\n<meta name=\"twitter:label1\" content=\"Escrito por\" \/>\n\t<meta name=\"twitter:data1\" content=\"Eduardo Vargas\" \/>\n\t<meta name=\"twitter:label2\" content=\"Est. tempo de leitura\" \/>\n\t<meta name=\"twitter:data2\" content=\"4 minutos\" \/>\n<script type=\"application\/ld+json\" class=\"yoast-schema-graph\">{\"@context\":\"https:\/\/schema.org\",\"@graph\":[{\"@type\":\"NewsArticle\",\"@id\":\"https:\/\/www.suno.com.br\/noticias\/imposto-de-renda-irpf-declaracao-cair-na-malha-fina-dicas\/#article\",\"isPartOf\":{\"@id\":\"https:\/\/www.suno.com.br\/noticias\/imposto-de-renda-irpf-declaracao-cair-na-malha-fina-dicas\/\"},\"author\":{\"name\":\"Eduardo Vargas\",\"@id\":\"https:\/\/www.suno.com.br\/noticias\/#\/schema\/person\/7f4d362bf3518e76090143ae77bb49a5\"},\"headline\":\"Imposto de Renda: Confira dicas de como n\u00e3o cair na malha fina\",\"datePublished\":\"2022-03-05T14:37:48+00:00\",\"mainEntityOfPage\":{\"@id\":\"https:\/\/www.suno.com.br\/noticias\/imposto-de-renda-irpf-declaracao-cair-na-malha-fina-dicas\/\"},\"wordCount\":738,\"publisher\":{\"@id\":\"https:\/\/www.suno.com.br\/noticias\/#organization\"},\"image\":{\"@id\":\"https:\/\/www.suno.com.br\/noticias\/imposto-de-renda-irpf-declaracao-cair-na-malha-fina-dicas\/#primaryimage\"},\"thumbnailUrl\":\"https:\/\/files.sunoresearch.com.br\/n\/uploads\/2022\/02\/elie-khoury-GidYc-pS9sM-unsplash.jpg\",\"keywords\":[\"Ag\u00eancias\",\"Especialistas\"],\"articleSection\":[\"Finan\u00e7as Pessoais\"],\"inLanguage\":\"pt-BR\"},{\"@type\":\"WebPage\",\"@id\":\"https:\/\/www.suno.com.br\/noticias\/imposto-de-renda-irpf-declaracao-cair-na-malha-fina-dicas\/\",\"url\":\"https:\/\/www.suno.com.br\/noticias\/imposto-de-renda-irpf-declaracao-cair-na-malha-fina-dicas\/\",\"name\":\"Imposto de Renda: Confira dicas de como n\u00e3o cair na malha fina\",\"isPartOf\":{\"@id\":\"https:\/\/www.suno.com.br\/noticias\/#website\"},\"primaryImageOfPage\":{\"@id\":\"https:\/\/www.suno.com.br\/noticias\/imposto-de-renda-irpf-declaracao-cair-na-malha-fina-dicas\/#primaryimage\"},\"image\":{\"@id\":\"https:\/\/www.suno.com.br\/noticias\/imposto-de-renda-irpf-declaracao-cair-na-malha-fina-dicas\/#primaryimage\"},\"thumbnailUrl\":\"https:\/\/files.sunoresearch.com.br\/n\/uploads\/2022\/02\/elie-khoury-GidYc-pS9sM-unsplash.jpg\",\"datePublished\":\"2022-03-05T14:37:48+00:00\",\"description\":\"Segundo o calend\u00e1rio da Receita , no dia 7 de mar\u00e7o come\u00e7a o prazo para entregar os documentos do Imposto de renda. Clique aqui e leia mais.\",\"breadcrumb\":{\"@id\":\"https:\/\/www.suno.com.br\/noticias\/imposto-de-renda-irpf-declaracao-cair-na-malha-fina-dicas\/#breadcrumb\"},\"inLanguage\":\"pt-BR\",\"potentialAction\":[{\"@type\":\"ReadAction\",\"target\":[\"https:\/\/www.suno.com.br\/noticias\/imposto-de-renda-irpf-declaracao-cair-na-malha-fina-dicas\/\"]}]},{\"@type\":\"ImageObject\",\"inLanguage\":\"pt-BR\",\"@id\":\"https:\/\/www.suno.com.br\/noticias\/imposto-de-renda-irpf-declaracao-cair-na-malha-fina-dicas\/#primaryimage\",\"url\":\"https:\/\/files.sunoresearch.com.br\/n\/uploads\/2022\/02\/elie-khoury-GidYc-pS9sM-unsplash.jpg\",\"contentUrl\":\"https:\/\/files.sunoresearch.com.br\/n\/uploads\/2022\/02\/elie-khoury-GidYc-pS9sM-unsplash.jpg\",\"width\":2014,\"height\":2517,\"caption\":\"Em 2021, cerca de 870 mil contribuintes ca\u00edram na malha fina do imposto de renda, de um universo de 36,8 milh\u00f5es de declara\u00e7\u00f5es enviadas\"},{\"@type\":\"BreadcrumbList\",\"@id\":\"https:\/\/www.suno.com.br\/noticias\/imposto-de-renda-irpf-declaracao-cair-na-malha-fina-dicas\/#breadcrumb\",\"itemListElement\":[{\"@type\":\"ListItem\",\"position\":1,\"name\":\"Not\u00edcias\",\"item\":\"https:\/\/www.suno.com.br\/noticias\/\"},{\"@type\":\"ListItem\",\"position\":2,\"name\":\"Finan\u00e7as Pessoais\",\"item\":\"https:\/\/www.suno.com.br\/noticias\/financas-pessoais\/\"},{\"@type\":\"ListItem\",\"position\":3,\"name\":\"Imposto de Renda: Confira dicas de como n\u00e3o cair na malha fina\"}]},{\"@type\":\"WebSite\",\"@id\":\"https:\/\/www.suno.com.br\/noticias\/#website\",\"url\":\"https:\/\/www.suno.com.br\/noticias\/\",\"name\":\"Suno Not\u00edcias\",\"description\":\"Seu portal de informa\u00e7\u00e3o sobre o mundo dos investimentos\",\"publisher\":{\"@id\":\"https:\/\/www.suno.com.br\/noticias\/#organization\"},\"potentialAction\":[{\"@type\":\"SearchAction\",\"target\":{\"@type\":\"EntryPoint\",\"urlTemplate\":\"https:\/\/www.suno.com.br\/noticias\/?s={search_term_string}\"},\"query-input\":{\"@type\":\"PropertyValueSpecification\",\"valueRequired\":true,\"valueName\":\"search_term_string\"}}],\"inLanguage\":\"pt-BR\"},{\"@type\":\"Organization\",\"@id\":\"https:\/\/www.suno.com.br\/noticias\/#organization\",\"name\":\"Suno Not\u00edcias\",\"url\":\"https:\/\/www.suno.com.br\/noticias\/\",\"logo\":{\"@type\":\"ImageObject\",\"inLanguage\":\"pt-BR\",\"@id\":\"https:\/\/www.suno.com.br\/noticias\/#\/schema\/logo\/image\/\",\"url\":\"https:\/\/files.sunoresearch.com.br\/n\/uploads\/2021\/09\/suno-logo.png\",\"contentUrl\":\"https:\/\/files.sunoresearch.com.br\/n\/uploads\/2021\/09\/suno-logo.png\",\"width\":180,\"height\":180,\"caption\":\"Suno Not\u00edcias\"},\"image\":{\"@id\":\"https:\/\/www.suno.com.br\/noticias\/#\/schema\/logo\/image\/\"},\"sameAs\":[\"https:\/\/facebook.com\/sunoresearch\",\"https:\/\/x.com\/sunoresearch\",\"https:\/\/www.instagram.com\/suno\",\"https:\/\/www.linkedin.com\/company\/suno-research\/\",\"https:\/\/www.youtube.com\/c\/sunoresearch\"]},{\"@type\":\"Person\",\"@id\":\"https:\/\/www.suno.com.br\/noticias\/#\/schema\/person\/7f4d362bf3518e76090143ae77bb49a5\",\"name\":\"Eduardo Vargas\",\"image\":{\"@type\":\"ImageObject\",\"inLanguage\":\"pt-BR\",\"@id\":\"https:\/\/www.suno.com.br\/noticias\/#\/schema\/person\/image\/\",\"url\":\"https:\/\/secure.gravatar.com\/avatar\/dac340933427a22924c9f99d1eb2e3f2?s=96&r=g\",\"contentUrl\":\"https:\/\/secure.gravatar.com\/avatar\/dac340933427a22924c9f99d1eb2e3f2?s=96&r=g\",\"caption\":\"Eduardo Vargas\"},\"description\":\"Jornalista formado pela UFSC, cobre macroeconomia, neg\u00f3cios e startups para o Suno Not\u00edcias, escrevendo principalmente not\u00edcias sobre o mercado financeiro e a bolsa de valores. No YouTube e no Instagram, \u00e9 respons\u00e1vel pela produ\u00e7\u00e3o de Reels e Shorts do Suno Not\u00edcias. Anteriormente, trabalhou cobrindo economia e cotidiano no ND+ e para o ND, maior jornal impresso de Santa Catarina. Cursou um semestre letivo de Estudos de M\u00eddia na Universidad de Buenos Aires.\",\"url\":\"https:\/\/www.suno.com.br\/noticias\/author\/eduardo-vargas\/\"}]}<\/script>\n<!-- \/ Yoast SEO plugin. -->","yoast_head_json":{"title":"Imposto de Renda: Confira dicas de como n\u00e3o cair na malha fina","description":"Segundo o calend\u00e1rio da Receita , no dia 7 de mar\u00e7o come\u00e7a o prazo para entregar os documentos do Imposto de renda. Clique aqui e leia mais.","robots":{"index":"index","follow":"follow","max-snippet":"max-snippet:-1","max-image-preview":"max-image-preview:large","max-video-preview":"max-video-preview:-1"},"canonical":"https:\/\/www.suno.com.br\/noticias\/imposto-de-renda-irpf-declaracao-cair-na-malha-fina-dicas\/","og_locale":"pt_BR","og_type":"article","og_title":"Imposto de Renda: Confira dicas de como n\u00e3o cair na malha fina","og_description":"Segundo o calend\u00e1rio da Receita , no dia 7 de mar\u00e7o come\u00e7a o prazo para entregar os documentos do Imposto de renda. Clique aqui e leia mais.","og_url":"https:\/\/www.suno.com.br\/noticias\/imposto-de-renda-irpf-declaracao-cair-na-malha-fina-dicas\/","og_site_name":"Suno Not\u00edcias","article_publisher":"https:\/\/facebook.com\/sunoresearch","og_image":[{"width":2014,"height":2517,"url":"https:\/\/files.sunoresearch.com.br\/n\/uploads\/2022\/02\/elie-khoury-GidYc-pS9sM-unsplash.jpg","type":"image\/jpeg"}],"author":"Eduardo Vargas","twitter_card":"summary_large_image","twitter_creator":"@sunoresearch","twitter_site":"@sunoresearch","twitter_misc":{"Escrito por":"Eduardo Vargas","Est. tempo de leitura":"4 minutos"},"schema":{"@context":"https:\/\/schema.org","@graph":[{"@type":"NewsArticle","@id":"https:\/\/www.suno.com.br\/noticias\/imposto-de-renda-irpf-declaracao-cair-na-malha-fina-dicas\/#article","isPartOf":{"@id":"https:\/\/www.suno.com.br\/noticias\/imposto-de-renda-irpf-declaracao-cair-na-malha-fina-dicas\/"},"author":{"name":"Eduardo Vargas","@id":"https:\/\/www.suno.com.br\/noticias\/#\/schema\/person\/7f4d362bf3518e76090143ae77bb49a5"},"headline":"Imposto de Renda: Confira dicas de como n\u00e3o cair na malha fina","datePublished":"2022-03-05T14:37:48+00:00","mainEntityOfPage":{"@id":"https:\/\/www.suno.com.br\/noticias\/imposto-de-renda-irpf-declaracao-cair-na-malha-fina-dicas\/"},"wordCount":738,"publisher":{"@id":"https:\/\/www.suno.com.br\/noticias\/#organization"},"image":{"@id":"https:\/\/www.suno.com.br\/noticias\/imposto-de-renda-irpf-declaracao-cair-na-malha-fina-dicas\/#primaryimage"},"thumbnailUrl":"https:\/\/files.sunoresearch.com.br\/n\/uploads\/2022\/02\/elie-khoury-GidYc-pS9sM-unsplash.jpg","keywords":["Ag\u00eancias","Especialistas"],"articleSection":["Finan\u00e7as Pessoais"],"inLanguage":"pt-BR"},{"@type":"WebPage","@id":"https:\/\/www.suno.com.br\/noticias\/imposto-de-renda-irpf-declaracao-cair-na-malha-fina-dicas\/","url":"https:\/\/www.suno.com.br\/noticias\/imposto-de-renda-irpf-declaracao-cair-na-malha-fina-dicas\/","name":"Imposto de Renda: Confira dicas de como n\u00e3o cair na malha fina","isPartOf":{"@id":"https:\/\/www.suno.com.br\/noticias\/#website"},"primaryImageOfPage":{"@id":"https:\/\/www.suno.com.br\/noticias\/imposto-de-renda-irpf-declaracao-cair-na-malha-fina-dicas\/#primaryimage"},"image":{"@id":"https:\/\/www.suno.com.br\/noticias\/imposto-de-renda-irpf-declaracao-cair-na-malha-fina-dicas\/#primaryimage"},"thumbnailUrl":"https:\/\/files.sunoresearch.com.br\/n\/uploads\/2022\/02\/elie-khoury-GidYc-pS9sM-unsplash.jpg","datePublished":"2022-03-05T14:37:48+00:00","description":"Segundo o calend\u00e1rio da Receita , no dia 7 de mar\u00e7o come\u00e7a o prazo para entregar os documentos do Imposto de renda. Clique aqui e leia mais.","breadcrumb":{"@id":"https:\/\/www.suno.com.br\/noticias\/imposto-de-renda-irpf-declaracao-cair-na-malha-fina-dicas\/#breadcrumb"},"inLanguage":"pt-BR","potentialAction":[{"@type":"ReadAction","target":["https:\/\/www.suno.com.br\/noticias\/imposto-de-renda-irpf-declaracao-cair-na-malha-fina-dicas\/"]}]},{"@type":"ImageObject","inLanguage":"pt-BR","@id":"https:\/\/www.suno.com.br\/noticias\/imposto-de-renda-irpf-declaracao-cair-na-malha-fina-dicas\/#primaryimage","url":"https:\/\/files.sunoresearch.com.br\/n\/uploads\/2022\/02\/elie-khoury-GidYc-pS9sM-unsplash.jpg","contentUrl":"https:\/\/files.sunoresearch.com.br\/n\/uploads\/2022\/02\/elie-khoury-GidYc-pS9sM-unsplash.jpg","width":2014,"height":2517,"caption":"Em 2021, cerca de 870 mil contribuintes ca\u00edram na malha fina do imposto de renda, de um universo de 36,8 milh\u00f5es de declara\u00e7\u00f5es enviadas"},{"@type":"BreadcrumbList","@id":"https:\/\/www.suno.com.br\/noticias\/imposto-de-renda-irpf-declaracao-cair-na-malha-fina-dicas\/#breadcrumb","itemListElement":[{"@type":"ListItem","position":1,"name":"Not\u00edcias","item":"https:\/\/www.suno.com.br\/noticias\/"},{"@type":"ListItem","position":2,"name":"Finan\u00e7as Pessoais","item":"https:\/\/www.suno.com.br\/noticias\/financas-pessoais\/"},{"@type":"ListItem","position":3,"name":"Imposto de Renda: Confira dicas de como n\u00e3o cair na malha fina"}]},{"@type":"WebSite","@id":"https:\/\/www.suno.com.br\/noticias\/#website","url":"https:\/\/www.suno.com.br\/noticias\/","name":"Suno Not\u00edcias","description":"Seu portal de informa\u00e7\u00e3o sobre o mundo dos investimentos","publisher":{"@id":"https:\/\/www.suno.com.br\/noticias\/#organization"},"potentialAction":[{"@type":"SearchAction","target":{"@type":"EntryPoint","urlTemplate":"https:\/\/www.suno.com.br\/noticias\/?s={search_term_string}"},"query-input":{"@type":"PropertyValueSpecification","valueRequired":true,"valueName":"search_term_string"}}],"inLanguage":"pt-BR"},{"@type":"Organization","@id":"https:\/\/www.suno.com.br\/noticias\/#organization","name":"Suno Not\u00edcias","url":"https:\/\/www.suno.com.br\/noticias\/","logo":{"@type":"ImageObject","inLanguage":"pt-BR","@id":"https:\/\/www.suno.com.br\/noticias\/#\/schema\/logo\/image\/","url":"https:\/\/files.sunoresearch.com.br\/n\/uploads\/2021\/09\/suno-logo.png","contentUrl":"https:\/\/files.sunoresearch.com.br\/n\/uploads\/2021\/09\/suno-logo.png","width":180,"height":180,"caption":"Suno Not\u00edcias"},"image":{"@id":"https:\/\/www.suno.com.br\/noticias\/#\/schema\/logo\/image\/"},"sameAs":["https:\/\/facebook.com\/sunoresearch","https:\/\/x.com\/sunoresearch","https:\/\/www.instagram.com\/suno","https:\/\/www.linkedin.com\/company\/suno-research\/","https:\/\/www.youtube.com\/c\/sunoresearch"]},{"@type":"Person","@id":"https:\/\/www.suno.com.br\/noticias\/#\/schema\/person\/7f4d362bf3518e76090143ae77bb49a5","name":"Eduardo Vargas","image":{"@type":"ImageObject","inLanguage":"pt-BR","@id":"https:\/\/www.suno.com.br\/noticias\/#\/schema\/person\/image\/","url":"https:\/\/secure.gravatar.com\/avatar\/dac340933427a22924c9f99d1eb2e3f2?s=96&r=g","contentUrl":"https:\/\/secure.gravatar.com\/avatar\/dac340933427a22924c9f99d1eb2e3f2?s=96&r=g","caption":"Eduardo Vargas"},"description":"Jornalista formado pela UFSC, cobre macroeconomia, neg\u00f3cios e startups para o Suno Not\u00edcias, escrevendo principalmente not\u00edcias sobre o mercado financeiro e a bolsa de valores. No YouTube e no Instagram, \u00e9 respons\u00e1vel pela produ\u00e7\u00e3o de Reels e Shorts do Suno Not\u00edcias. Anteriormente, trabalhou cobrindo economia e cotidiano no ND+ e para o ND, maior jornal impresso de Santa Catarina. Cursou um semestre letivo de Estudos de M\u00eddia na Universidad de Buenos Aires.","url":"https:\/\/www.suno.com.br\/noticias\/author\/eduardo-vargas\/"}]}},"default_loop_html":"<div class=\"cardsPage__listCard__boxs\"><div class=\"cardsPage__listCard__boxs__img\"><a href=\"https:\/\/www.suno.com.br\/noticias\/imposto-de-renda-regras-anuncio-receita-federal\/\"><img class=\"mask\" src=\"https:\/\/www.suno.com.br\/noticias\/wp-content\/themes\/suno\/resources\/images\/spotlight\/spotlight1img\/bg-mask.png\" alt=\"Image Mask\"\/><img src=\"https:\/\/files.sunoresearch.com.br\/n\/uploads\/2021\/07\/3615fa40-mcam20022020-2-400x200.jpg\" alt=\"Receita anuncia regras do Imposto de Renda; veja calend\u00e1rio\"\/><\/a><span class=\"spotlightCategory\"><a href=\"https:\/\/www.suno.com.br\/noticias\/economia\/\">Economia<\/a><\/span><\/div><div class=\"cardsPage__listCard__boxs__content\"><a href=\"https:\/\/www.suno.com.br\/noticias\/imposto-de-renda-regras-anuncio-receita-federal\/\"><h2 class=\"content__title\">Receita anuncia regras do Imposto de Renda; veja calend\u00e1rio<\/h2><\/a><div class=\"newsContent__article__meta\"><div class=\"newsContent__article__meta__authorBox\"><a href=\"https:\/\/www.suno.com.br\/noticias\/author\/eduardo-vargas\/\" class=\"authorBox__avatar noMobi\"><img src=\"https:\/\/secure.gravatar.com\/avatar\/dac340933427a22924c9f99d1eb2e3f2?s=96&#038;r=g\" alt=\"Eduardo Vargas\"><\/a><div class=\"authorBox__name\"><span>por\n\t\t\t<a href=\"https:\/\/www.suno.com.br\/noticias\/author\/eduardo-vargas\/\"><span itemprop=\"author\">Eduardo Vargas<\/span><\/a><\/span><time datetime=\"2022-02-24T14:14:09-03:00\" itemprop=\"datePublished\">24\/02\/2022 14:14<\/time><\/div><\/div><\/div><\/div><\/div>","single_layout":"posts","amp_enabled":true,"_links":{"self":[{"href":"https:\/\/www.suno.com.br\/noticias\/wp-json\/wp\/v2\/posts\/237969"}],"collection":[{"href":"https:\/\/www.suno.com.br\/noticias\/wp-json\/wp\/v2\/posts"}],"about":[{"href":"https:\/\/www.suno.com.br\/noticias\/wp-json\/wp\/v2\/types\/post"}],"author":[{"embeddable":true,"href":"https:\/\/www.suno.com.br\/noticias\/wp-json\/wp\/v2\/users\/73"}],"replies":[{"embeddable":true,"href":"https:\/\/www.suno.com.br\/noticias\/wp-json\/wp\/v2\/comments?post=237969"}],"version-history":[{"count":2,"href":"https:\/\/www.suno.com.br\/noticias\/wp-json\/wp\/v2\/posts\/237969\/revisions"}],"predecessor-version":[{"id":237976,"href":"https:\/\/www.suno.com.br\/noticias\/wp-json\/wp\/v2\/posts\/237969\/revisions\/237976"}],"wp:featuredmedia":[{"embeddable":true,"href":"https:\/\/www.suno.com.br\/noticias\/wp-json\/wp\/v2\/media\/235335"}],"wp:attachment":[{"href":"https:\/\/www.suno.com.br\/noticias\/wp-json\/wp\/v2\/media?parent=237969"}],"wp:term":[{"taxonomy":"category","embeddable":true,"href":"https:\/\/www.suno.com.br\/noticias\/wp-json\/wp\/v2\/categories?post=237969"},{"taxonomy":"post_tag","embeddable":true,"href":"https:\/\/www.suno.com.br\/noticias\/wp-json\/wp\/v2\/tags?post=237969"},{"taxonomy":"suno_strategy","embeddable":true,"href":"https:\/\/www.suno.com.br\/noticias\/wp-json\/wp\/v2\/suno_strategy?post=237969"}],"curies":[{"name":"wp","href":"https:\/\/api.w.org\/{rel}","templated":true}]}}