{"id":237868,"date":"2022-03-04T19:13:04","date_gmt":"2022-03-04T22:13:04","guid":{"rendered":"https:\/\/www.suno.com.br\/noticias\/?p=237868"},"modified":"2022-03-04T20:01:42","modified_gmt":"2022-03-04T23:01:42","slug":"venda-oi-oibr3-cade-recurso","status":"publish","type":"post","link":"https:\/\/www.suno.com.br\/noticias\/venda-oi-oibr3-cade-recurso\/","title":{"rendered":"Oi (OIBR3): Cade julga recurso contra a venda da tele na pr\u00f3xima quarta (9)"},"content":{"rendered":"<p>O <a class=\"suno-keyword\" href=\"https:\/\/www.suno.com.br\/artigos\/cade\/\" target=\"_blank\" rel=\"noopener\" data-force=\"no\" data-priority=\"2\">Conselho Administrativo de Defesa Econ\u00f4mica (Cade)<\/a> agendou para a pr\u00f3xima quarta-feira (9) o julgamento dos embargos de declara\u00e7\u00e3o apresentados contra a venda da <a class=\"suno-keyword\" href=\"https:\/\/www.suno.com.br\/acoes\/OIBR3\/\" target=\"_blank\" rel=\"noopener\" data-force=\"yes\" data-priority=\"2\"><strong>Oi<\/strong> (OIBR3)<\/a> para a Claro, <a class=\"suno-keyword\" href=\"https:\/\/www.suno.com.br\/acoes\/TIMS3\/\" target=\"_blank\" rel=\"noopener\" data-force=\"yes\" data-priority=\"2\">TIM (TIMS3)<\/a> e Telef\u00f4nica <a class=\"suno-keyword\" href=\"https:\/\/www.suno.com.br\/acoes\/VIVT3\/\" target=\"_blank\" rel=\"noopener\" data-force=\"yes\" data-priority=\"2\">Vivo (VIVT3)<\/a>.<\/p>\t<div class=\"wrapper-featured-image\">\n\t\t<figure class=\"spotlightImg\">\n\n\t\t\t<picture>\n\t\t\t\t<source media=\"(max-width: 768px)\" srcset=\"https:\/\/files.sunoresearch.com.br\/n\/uploads\/2020\/12\/021e3283-oi-400x200.webp\">\n\t\t\t\t<img loading=\"lazy\" decoding=\"async\" class=\"newsContent__article__imgCapa lazyloadDisabled \" src=\"https:\/\/files.sunoresearch.com.br\/n\/uploads\/2020\/12\/021e3283-oi-800x450.webp\" width=\"800\" height=\"450\" alt=\"Oi (OIBR3): Cade julga recurso contra a venda da tele na pr\u00f3xima quarta (9)\" fetchpriority=high \/>\n\t\t\t<\/picture>\n\n\t\t\t<figcaption class=\"wp-caption-text wp-caption-text--show\">Oi (OIBR3). Foto: divulga\u00e7\u00e3o.<\/figcaption>\n\t\t<\/figure>\n\t<\/div>\n\n\n\t<p>\n\t\t<a href=\"https:\/\/lp.suno.com.br\/planilha-controle-gastos\/\" target=\"_blank\" data-element=\"shortcode-suno-banner\" title=\"Banner SUNO, clique e saiba mais\">\n\t\t\t<picture>\n\t\t\t\t<source media=\"(max-width: 500px)\" srcset=\"https:\/\/files.sunoresearch.com.br\/n\/uploads\/2023\/03\/400x300-Planilha-controle-de-gastos.png\">\n\t\t\t\t<img class=\"newsContent__article__imgCapa newsContent__article__imgCapa--banner\"\n\t\t\t\t\tsrc=\"https:\/\/files.sunoresearch.com.br\/n\/uploads\/2023\/03\/1420x240-Planilha-controle-de-gastos.png\"\n\t\t\t\t\tdata-promo-id=\"101751\"\t\t\t\t\t\t\t\t\t\twidth='1420' height='240'\t\t\t\t\talt=\"https:\/\/files.sunoresearch.com.br\/n\/uploads\/2023\/03\/1420x240-Planilha-controle-de-gastos.png\"\n\t\t\t\t>\n\t\t\t<\/picture>\n\t\t<\/a>\n\t<\/p>\n\n\n<p>O recurso ser\u00e1 relatado pela conselheira Lenisa Prado, que apresentou voto favor\u00e1vel \u00e0 opera\u00e7\u00e3o.<\/p>\n<p>Na \u00faltima quinta-feira (3), a Associa\u00e7\u00e3o Brasileira das Prestadoras de Servi\u00e7os de Telecomunica\u00e7\u00f5es Competitivas (Telcomp) recorreu ao Cade alegando que os termos do <strong>Acordo em Controle de Concentra\u00e7\u00e3o<\/strong> (ACC) negociado pelas empresas com o Cade s\u00e3o diferentes do que aqueles impostos por Prado e informados durante a sess\u00e3o de julgamento.<\/p>\n<p>Na \u00faltima semana, a Algar Telecom tamb\u00e9m entrou com recurso contra os termos da decis\u00e3o do Cade, em argumenta\u00e7\u00e3o semelhante \u00e0quela apresentada pela Telcomp.<\/p>\n\t<p>\n\t\t<a href=\"https:\/\/lp.suno.com.br\/planilha-da-vida-financeira\/\" target=\"_blank\" data-element=\"shortcode-suno-banner\" title=\"Banner SUNO, clique e saiba mais\">\n\t\t\t<picture>\n\t\t\t\t<source media=\"(max-width: 500px)\" srcset=\"https:\/\/files.sunoresearch.com.br\/n\/uploads\/2023\/04\/400x300-Planilha-vida-financeira-true.png\">\n\t\t\t\t<img class=\"newsContent__article__imgCapa newsContent__article__imgCapa--banner\"\n\t\t\t\t\tsrc=\"https:\/\/files.sunoresearch.com.br\/n\/uploads\/2023\/04\/1420x240-Planilha-vida-financeira-true.png\"\n\t\t\t\t\tdata-promo-id=\"106682\"\t\t\t\t\t\t\t\t\t\twidth='1420' height='240'\t\t\t\t\talt=\"https:\/\/files.sunoresearch.com.br\/n\/uploads\/2023\/04\/1420x240-Planilha-vida-financeira-true.png\"\n\t\t\t\t>\n\t\t\t<\/picture>\n\t\t<\/a>\n\t<\/p>\n\n\n<p>No julgamento, que ocorreu no in\u00edcio do m\u00eas de fevereiro, tr\u00eas conselheiros votaram pela reprova\u00e7\u00e3o da opera\u00e7\u00e3o e outros tr\u00eas consideraram que o pacote de &#8220;<strong>rem\u00e9dios<\/strong>&#8221; negociado com as empresas foi suficiente pela maioria do Cade para manter a concorr\u00eancia no setor. Coube ao presidente Alexandre Cordeiro, que tem voto de minerva, desempatar pela aprova\u00e7\u00e3o do neg\u00f3cio.<\/p>\n<p>Os termos do acordo s\u00e3o sigilosos e n\u00e3o foram divulgados para o p\u00fablico, mas, segundo o Broadcast apurou, incluem o aluguel de 10% a 15% do espectro adquirido da Oi, entre outras a\u00e7\u00f5es.<\/p>\n<p>As empresas tamb\u00e9m vender\u00e3o metade das <strong>antenas e equipamentos<\/strong>. As empresas j\u00e1 pretendiam vender 30% desses aparelhos, mas aumentaram a oferta na negocia\u00e7\u00e3o com o Cade. Elas tamb\u00e9m se comprometeram a alugar uma faixa de 900 Mhz, usada em locais de menor densidade populacional, como \u00e1reas rurais.<\/p>\n\t<p>\n\t\t<a href=\"https:\/\/lp.suno.com.br\/ebook-como-analisar-uma-acao\/\" target=\"_blank\" data-element=\"shortcode-suno-banner\" title=\"Banner SUNO, clique e saiba mais\">\n\t\t\t<picture>\n\t\t\t\t<source media=\"(max-width: 500px)\" srcset=\"https:\/\/files.sunoresearch.com.br\/n\/uploads\/2023\/03\/Ebook-Acoes-Mobile-1.jpg\">\n\t\t\t\t<img class=\"newsContent__article__imgCapa newsContent__article__imgCapa--banner\"\n\t\t\t\t\tsrc=\"https:\/\/files.sunoresearch.com.br\/n\/uploads\/2023\/03\/Ebook-Acoes-Desktop-1.jpg\"\n\t\t\t\t\tdata-promo-id=\"171998\"\t\t\t\t\t\t\t\t\t\twidth='1420' height='286'\t\t\t\t\talt=\"https:\/\/files.sunoresearch.com.br\/n\/uploads\/2023\/03\/Ebook-Acoes-Desktop-1.jpg\"\n\t\t\t\t>\n\t\t\t<\/picture>\n\t\t<\/a>\n\t<\/p>\n\n\n<h2>Cade determinou outras condi\u00e7\u00f5es para venda da Oi, diz Telcomp<\/h2>\n<p>&#8220;A partir da disponibiliza\u00e7\u00e3o do ACC, foi poss\u00edvel verificar, al\u00e9m de sua potencial incapacidade para mitigar todas as s\u00e9rias e reconhecidas preocupa\u00e7\u00f5es concorrenciais, um verdadeiro descompasso entre o voto-condutor e a certid\u00e3o de julgamento&#8221;, apontou a <strong>Telcomp<\/strong> no documento.<\/p>\n\t<div data-element=\"shortcode-read-more\" class=\"knowMore\">\n\t\t\t\t<span class=\"knowMore__title\">Saiba mais<\/span>\n\t\t\t\t<a class=\"knowMore__link\" href=\"https:\/\/www.suno.com.br\/noticias\/oi-oibr3-recorre-cade-venda\/\">\n\t\t\tOi (OIBR3): associa\u00e7\u00e3o recorre contra decis\u00e3o sobre venda da empresa\t\t<\/a>\n\t<\/div>\n\n\n<p>De acordo com a entidade, o <strong>Tribunal do Cade<\/strong> &#8220;determinou outras condi\u00e7\u00f5es&#8221; para aprova\u00e7\u00e3o da opera\u00e7\u00e3o, como, por exemplo, regras de precifica\u00e7\u00e3o de determinadas ofertas de servi\u00e7os no atacado, que, segundo a TelComp, deveriam ter sido refletidas e incorporadas ao texto final do acordo.<\/p>\n\t<p>\n\t\t<a href=\"https:\/\/lp.suno.com.br\/planilha-de-controle-de-investimentos\/\" target=\"_blank\" data-element=\"shortcode-suno-banner\" title=\"Banner SUNO, clique e saiba mais\">\n\t\t\t<picture>\n\t\t\t\t<source media=\"(max-width: 500px)\" srcset=\"https:\/\/files.sunoresearch.com.br\/n\/uploads\/2023\/03\/400x300-Controle-de-Investimentos.png\">\n\t\t\t\t<img class=\"newsContent__article__imgCapa newsContent__article__imgCapa--banner\"\n\t\t\t\t\tsrc=\"https:\/\/files.sunoresearch.com.br\/n\/uploads\/2023\/03\/1420x240-Controle-de-Investimentos.png\"\n\t\t\t\t\tdata-promo-id=\"75934\"\t\t\t\t\t\t\t\t\t\twidth='1420' height='240'\t\t\t\t\talt=\"https:\/\/files.sunoresearch.com.br\/n\/uploads\/2023\/03\/1420x240-Controle-de-Investimentos.png\"\n\t\t\t\t>\n\t\t\t<\/picture>\n\t\t<\/a>\n\t<\/p>\n\n\n<p>Durante o <strong>julgamento da Oi<\/strong>, o conselheiro Luis Braido, que votou contra a aprova\u00e7\u00e3o da opera\u00e7\u00e3o, apontou questionamentos semelhantes, ao afirmar que os termos trazidos pelo voto de Lenisa Prado durante a sess\u00e3o eram diferentes daqueles negociados com as empresas no ACC.<\/p>\n<p><em>(Com informa\u00e7\u00f5es da Ag\u00eancia Estado)<\/em><\/p>\n\t<p>\n\t\t<a href=\"\" target=\"_blank\" data-element=\"shortcode-suno-banner\" title=\"Banner SUNO, clique e saiba mais\">\n\t\t\t<picture>\n\t\t\t\t<source media=\"(max-width: 500px)\" srcset=\"\">\n\t\t\t\t<img class=\"newsContent__article__imgCapa newsContent__article__imgCapa--banner\"\n\t\t\t\t\tsrc=\"\"\n\t\t\t\t\tdata-promo-id=\"184190\"\t\t\t\t\t\t\t\t\t\t\t\t\t\t\talt=\"\"\n\t\t\t\t>\n\t\t\t<\/picture>\n\t\t<\/a>\n\t<\/p>\n\n\n","protected":false},"excerpt":{"rendered":"<p>O Conselho Administrativo de Defesa Econ\u00f4mica (Cade) agendou para a pr\u00f3xima quarta-feira (9) o julgamento dos embargos de declara\u00e7\u00e3o apresentados contra a venda da Oi (OIBR3) para a Claro, TIM (TIMS3) e Telef\u00f4nica Vivo (VIVT3). Oi (OIBR3). Foto: divulga\u00e7\u00e3o. O recurso ser\u00e1 relatado pela conselheira Lenisa Prado, que apresentou voto favor\u00e1vel \u00e0 opera\u00e7\u00e3o. Na \u00faltima [&hellip;]<\/p>\n","protected":false},"author":118,"featured_media":107763,"comment_status":"closed","ping_status":"closed","sticky":false,"template":"","format":"standard","meta":[],"categories":[64],"tags":[584],"suno_strategy":[],"class_list":["post-237868","post","type-post","status-publish","format-standard","has-post-thumbnail","hentry","category-negocios","tag-oi-oibr3-oibr4"],"yoast_head":"<!-- This site is optimized with the Yoast SEO plugin v24.4 - https:\/\/yoast.com\/wordpress\/plugins\/seo\/ -->\n<title>Venda da Oi (OIBR3): Cade julga recurso contra a aprova\u00e7\u00e3o no dia 9<\/title>\n<meta name=\"description\" content=\"O Cade agendou para a pr\u00f3xima quarta-feira o julgamento dos embargos apresentados contra a compra da Oi pela Claro, TIM e Telef\u00f4nica Vivo.\" \/>\n<meta name=\"robots\" content=\"index, follow, max-snippet:-1, max-image-preview:large, max-video-preview:-1\" \/>\n<link rel=\"canonical\" href=\"https:\/\/www.suno.com.br\/noticias\/venda-oi-oibr3-cade-recurso\/\" \/>\n<meta property=\"og:locale\" content=\"pt_BR\" \/>\n<meta property=\"og:type\" content=\"article\" \/>\n<meta property=\"og:title\" content=\"Venda da Oi (OIBR3): Cade julga recurso contra a aprova\u00e7\u00e3o no dia 9\" \/>\n<meta property=\"og:description\" content=\"O Cade agendou para a pr\u00f3xima quarta-feira o julgamento dos embargos apresentados contra a compra da Oi pela Claro, TIM e Telef\u00f4nica Vivo.\" \/>\n<meta property=\"og:url\" content=\"https:\/\/www.suno.com.br\/noticias\/venda-oi-oibr3-cade-recurso\/\" \/>\n<meta property=\"og:site_name\" content=\"Suno Not\u00edcias\" \/>\n<meta property=\"article:publisher\" content=\"https:\/\/facebook.com\/sunoresearch\" \/>\n<meta property=\"og:image\" content=\"https:\/\/files.sunoresearch.com.br\/n\/uploads\/2020\/12\/021e3283-oi.jpg\" \/>\n\t<meta property=\"og:image:width\" content=\"1920\" \/>\n\t<meta property=\"og:image:height\" content=\"1440\" \/>\n\t<meta property=\"og:image:type\" content=\"image\/jpeg\" \/>\n<meta name=\"author\" content=\"Bruno Galv\u00e3o\" \/>\n<meta name=\"twitter:card\" content=\"summary_large_image\" \/>\n<meta name=\"twitter:creator\" content=\"@sunoresearch\" \/>\n<meta name=\"twitter:site\" content=\"@sunoresearch\" \/>\n<meta name=\"twitter:label1\" content=\"Escrito por\" \/>\n\t<meta name=\"twitter:data1\" content=\"Bruno Galv\u00e3o\" \/>\n\t<meta name=\"twitter:label2\" content=\"Est. tempo de leitura\" \/>\n\t<meta name=\"twitter:data2\" content=\"2 minutos\" \/>\n<script type=\"application\/ld+json\" class=\"yoast-schema-graph\">{\"@context\":\"https:\/\/schema.org\",\"@graph\":[{\"@type\":\"NewsArticle\",\"@id\":\"https:\/\/www.suno.com.br\/noticias\/venda-oi-oibr3-cade-recurso\/#article\",\"isPartOf\":{\"@id\":\"https:\/\/www.suno.com.br\/noticias\/venda-oi-oibr3-cade-recurso\/\"},\"author\":{\"name\":\"Bruno Galv\u00e3o\",\"@id\":\"https:\/\/www.suno.com.br\/noticias\/#\/schema\/person\/06f0d962a6b1c54852e4860f16935600\"},\"headline\":\"Oi (OIBR3): Cade julga recurso contra a venda da tele na pr\u00f3xima quarta (9)\",\"datePublished\":\"2022-03-04T22:13:04+00:00\",\"dateModified\":\"2022-03-04T23:01:42+00:00\",\"mainEntityOfPage\":{\"@id\":\"https:\/\/www.suno.com.br\/noticias\/venda-oi-oibr3-cade-recurso\/\"},\"wordCount\":479,\"publisher\":{\"@id\":\"https:\/\/www.suno.com.br\/noticias\/#organization\"},\"image\":{\"@id\":\"https:\/\/www.suno.com.br\/noticias\/venda-oi-oibr3-cade-recurso\/#primaryimage\"},\"thumbnailUrl\":\"https:\/\/files.sunoresearch.com.br\/n\/uploads\/2020\/12\/021e3283-oi-jpg.webp\",\"keywords\":[\"Oi (OIBR3\/OIBR4)\"],\"articleSection\":[\"Neg\u00f3cios\"],\"inLanguage\":\"pt-BR\"},{\"@type\":\"WebPage\",\"@id\":\"https:\/\/www.suno.com.br\/noticias\/venda-oi-oibr3-cade-recurso\/\",\"url\":\"https:\/\/www.suno.com.br\/noticias\/venda-oi-oibr3-cade-recurso\/\",\"name\":\"Venda da Oi (OIBR3): Cade julga recurso contra a aprova\u00e7\u00e3o no dia 9\",\"isPartOf\":{\"@id\":\"https:\/\/www.suno.com.br\/noticias\/#website\"},\"primaryImageOfPage\":{\"@id\":\"https:\/\/www.suno.com.br\/noticias\/venda-oi-oibr3-cade-recurso\/#primaryimage\"},\"image\":{\"@id\":\"https:\/\/www.suno.com.br\/noticias\/venda-oi-oibr3-cade-recurso\/#primaryimage\"},\"thumbnailUrl\":\"https:\/\/files.sunoresearch.com.br\/n\/uploads\/2020\/12\/021e3283-oi-jpg.webp\",\"datePublished\":\"2022-03-04T22:13:04+00:00\",\"dateModified\":\"2022-03-04T23:01:42+00:00\",\"description\":\"O Cade agendou para a pr\u00f3xima quarta-feira o julgamento dos embargos apresentados contra a compra da Oi pela Claro, TIM e Telef\u00f4nica Vivo.\",\"breadcrumb\":{\"@id\":\"https:\/\/www.suno.com.br\/noticias\/venda-oi-oibr3-cade-recurso\/#breadcrumb\"},\"inLanguage\":\"pt-BR\",\"potentialAction\":[{\"@type\":\"ReadAction\",\"target\":[\"https:\/\/www.suno.com.br\/noticias\/venda-oi-oibr3-cade-recurso\/\"]}]},{\"@type\":\"ImageObject\",\"inLanguage\":\"pt-BR\",\"@id\":\"https:\/\/www.suno.com.br\/noticias\/venda-oi-oibr3-cade-recurso\/#primaryimage\",\"url\":\"https:\/\/files.sunoresearch.com.br\/n\/uploads\/2020\/12\/021e3283-oi-jpg.webp\",\"contentUrl\":\"https:\/\/files.sunoresearch.com.br\/n\/uploads\/2020\/12\/021e3283-oi-jpg.webp\",\"width\":1920,\"height\":1440,\"caption\":\"Oi (OIBR3). Foto: divulga\u00e7\u00e3o.\"},{\"@type\":\"BreadcrumbList\",\"@id\":\"https:\/\/www.suno.com.br\/noticias\/venda-oi-oibr3-cade-recurso\/#breadcrumb\",\"itemListElement\":[{\"@type\":\"ListItem\",\"position\":1,\"name\":\"Not\u00edcias\",\"item\":\"https:\/\/www.suno.com.br\/noticias\/\"},{\"@type\":\"ListItem\",\"position\":2,\"name\":\"Neg\u00f3cios\",\"item\":\"https:\/\/www.suno.com.br\/noticias\/negocios\/\"},{\"@type\":\"ListItem\",\"position\":3,\"name\":\"Oi (OIBR3): Cade julga recurso contra a venda da tele na pr\u00f3xima quarta (9)\"}]},{\"@type\":\"WebSite\",\"@id\":\"https:\/\/www.suno.com.br\/noticias\/#website\",\"url\":\"https:\/\/www.suno.com.br\/noticias\/\",\"name\":\"Suno Not\u00edcias\",\"description\":\"Seu portal de informa\u00e7\u00e3o sobre o mundo dos investimentos\",\"publisher\":{\"@id\":\"https:\/\/www.suno.com.br\/noticias\/#organization\"},\"potentialAction\":[{\"@type\":\"SearchAction\",\"target\":{\"@type\":\"EntryPoint\",\"urlTemplate\":\"https:\/\/www.suno.com.br\/noticias\/?s={search_term_string}\"},\"query-input\":{\"@type\":\"PropertyValueSpecification\",\"valueRequired\":true,\"valueName\":\"search_term_string\"}}],\"inLanguage\":\"pt-BR\"},{\"@type\":\"Organization\",\"@id\":\"https:\/\/www.suno.com.br\/noticias\/#organization\",\"name\":\"Suno Not\u00edcias\",\"url\":\"https:\/\/www.suno.com.br\/noticias\/\",\"logo\":{\"@type\":\"ImageObject\",\"inLanguage\":\"pt-BR\",\"@id\":\"https:\/\/www.suno.com.br\/noticias\/#\/schema\/logo\/image\/\",\"url\":\"https:\/\/files.sunoresearch.com.br\/n\/uploads\/2021\/09\/suno-logo.png\",\"contentUrl\":\"https:\/\/files.sunoresearch.com.br\/n\/uploads\/2021\/09\/suno-logo.png\",\"width\":180,\"height\":180,\"caption\":\"Suno Not\u00edcias\"},\"image\":{\"@id\":\"https:\/\/www.suno.com.br\/noticias\/#\/schema\/logo\/image\/\"},\"sameAs\":[\"https:\/\/facebook.com\/sunoresearch\",\"https:\/\/x.com\/sunoresearch\",\"https:\/\/www.instagram.com\/suno\",\"https:\/\/www.linkedin.com\/company\/suno-research\/\",\"https:\/\/www.youtube.com\/c\/sunoresearch\"]},{\"@type\":\"Person\",\"@id\":\"https:\/\/www.suno.com.br\/noticias\/#\/schema\/person\/06f0d962a6b1c54852e4860f16935600\",\"name\":\"Bruno Galv\u00e3o\",\"image\":{\"@type\":\"ImageObject\",\"inLanguage\":\"pt-BR\",\"@id\":\"https:\/\/www.suno.com.br\/noticias\/#\/schema\/person\/image\/\",\"url\":\"https:\/\/secure.gravatar.com\/avatar\/53598df0b41c00f12f287a912d0e918e?s=96&r=g\",\"contentUrl\":\"https:\/\/secure.gravatar.com\/avatar\/53598df0b41c00f12f287a912d0e918e?s=96&r=g\",\"caption\":\"Bruno Galv\u00e3o\"},\"description\":\"Escreve para o portal Suno Not\u00edcias. \u00c9 estudante de Jornalismo pela Faculdade C\u00e1sper L\u00edbero e Letras pela USP. Entusiasta de tecnologia e intelig\u00eancia artificial.\",\"url\":\"https:\/\/www.suno.com.br\/noticias\/author\/bruno-garcia\/\"}]}<\/script>\n<!-- \/ Yoast SEO plugin. -->","yoast_head_json":{"title":"Venda da Oi (OIBR3): Cade julga recurso contra a aprova\u00e7\u00e3o no dia 9","description":"O Cade agendou para a pr\u00f3xima quarta-feira o julgamento dos embargos apresentados contra a compra da Oi pela Claro, TIM e Telef\u00f4nica Vivo.","robots":{"index":"index","follow":"follow","max-snippet":"max-snippet:-1","max-image-preview":"max-image-preview:large","max-video-preview":"max-video-preview:-1"},"canonical":"https:\/\/www.suno.com.br\/noticias\/venda-oi-oibr3-cade-recurso\/","og_locale":"pt_BR","og_type":"article","og_title":"Venda da Oi (OIBR3): Cade julga recurso contra a aprova\u00e7\u00e3o no dia 9","og_description":"O Cade agendou para a pr\u00f3xima quarta-feira o julgamento dos embargos apresentados contra a compra da Oi pela Claro, TIM e Telef\u00f4nica Vivo.","og_url":"https:\/\/www.suno.com.br\/noticias\/venda-oi-oibr3-cade-recurso\/","og_site_name":"Suno Not\u00edcias","article_publisher":"https:\/\/facebook.com\/sunoresearch","og_image":[{"width":1920,"height":1440,"url":"https:\/\/files.sunoresearch.com.br\/n\/uploads\/2020\/12\/021e3283-oi.jpg","type":"image\/jpeg"}],"author":"Bruno Galv\u00e3o","twitter_card":"summary_large_image","twitter_creator":"@sunoresearch","twitter_site":"@sunoresearch","twitter_misc":{"Escrito por":"Bruno Galv\u00e3o","Est. tempo de leitura":"2 minutos"},"schema":{"@context":"https:\/\/schema.org","@graph":[{"@type":"NewsArticle","@id":"https:\/\/www.suno.com.br\/noticias\/venda-oi-oibr3-cade-recurso\/#article","isPartOf":{"@id":"https:\/\/www.suno.com.br\/noticias\/venda-oi-oibr3-cade-recurso\/"},"author":{"name":"Bruno Galv\u00e3o","@id":"https:\/\/www.suno.com.br\/noticias\/#\/schema\/person\/06f0d962a6b1c54852e4860f16935600"},"headline":"Oi (OIBR3): Cade julga recurso contra a venda da tele na pr\u00f3xima quarta (9)","datePublished":"2022-03-04T22:13:04+00:00","dateModified":"2022-03-04T23:01:42+00:00","mainEntityOfPage":{"@id":"https:\/\/www.suno.com.br\/noticias\/venda-oi-oibr3-cade-recurso\/"},"wordCount":479,"publisher":{"@id":"https:\/\/www.suno.com.br\/noticias\/#organization"},"image":{"@id":"https:\/\/www.suno.com.br\/noticias\/venda-oi-oibr3-cade-recurso\/#primaryimage"},"thumbnailUrl":"https:\/\/files.sunoresearch.com.br\/n\/uploads\/2020\/12\/021e3283-oi-jpg.webp","keywords":["Oi (OIBR3\/OIBR4)"],"articleSection":["Neg\u00f3cios"],"inLanguage":"pt-BR"},{"@type":"WebPage","@id":"https:\/\/www.suno.com.br\/noticias\/venda-oi-oibr3-cade-recurso\/","url":"https:\/\/www.suno.com.br\/noticias\/venda-oi-oibr3-cade-recurso\/","name":"Venda da Oi (OIBR3): Cade julga recurso contra a aprova\u00e7\u00e3o no dia 9","isPartOf":{"@id":"https:\/\/www.suno.com.br\/noticias\/#website"},"primaryImageOfPage":{"@id":"https:\/\/www.suno.com.br\/noticias\/venda-oi-oibr3-cade-recurso\/#primaryimage"},"image":{"@id":"https:\/\/www.suno.com.br\/noticias\/venda-oi-oibr3-cade-recurso\/#primaryimage"},"thumbnailUrl":"https:\/\/files.sunoresearch.com.br\/n\/uploads\/2020\/12\/021e3283-oi-jpg.webp","datePublished":"2022-03-04T22:13:04+00:00","dateModified":"2022-03-04T23:01:42+00:00","description":"O Cade agendou para a pr\u00f3xima quarta-feira o julgamento dos embargos apresentados contra a compra da Oi pela Claro, TIM e Telef\u00f4nica Vivo.","breadcrumb":{"@id":"https:\/\/www.suno.com.br\/noticias\/venda-oi-oibr3-cade-recurso\/#breadcrumb"},"inLanguage":"pt-BR","potentialAction":[{"@type":"ReadAction","target":["https:\/\/www.suno.com.br\/noticias\/venda-oi-oibr3-cade-recurso\/"]}]},{"@type":"ImageObject","inLanguage":"pt-BR","@id":"https:\/\/www.suno.com.br\/noticias\/venda-oi-oibr3-cade-recurso\/#primaryimage","url":"https:\/\/files.sunoresearch.com.br\/n\/uploads\/2020\/12\/021e3283-oi-jpg.webp","contentUrl":"https:\/\/files.sunoresearch.com.br\/n\/uploads\/2020\/12\/021e3283-oi-jpg.webp","width":1920,"height":1440,"caption":"Oi (OIBR3). Foto: divulga\u00e7\u00e3o."},{"@type":"BreadcrumbList","@id":"https:\/\/www.suno.com.br\/noticias\/venda-oi-oibr3-cade-recurso\/#breadcrumb","itemListElement":[{"@type":"ListItem","position":1,"name":"Not\u00edcias","item":"https:\/\/www.suno.com.br\/noticias\/"},{"@type":"ListItem","position":2,"name":"Neg\u00f3cios","item":"https:\/\/www.suno.com.br\/noticias\/negocios\/"},{"@type":"ListItem","position":3,"name":"Oi (OIBR3): Cade julga recurso contra a venda da tele na pr\u00f3xima quarta (9)"}]},{"@type":"WebSite","@id":"https:\/\/www.suno.com.br\/noticias\/#website","url":"https:\/\/www.suno.com.br\/noticias\/","name":"Suno Not\u00edcias","description":"Seu portal de informa\u00e7\u00e3o sobre o mundo dos investimentos","publisher":{"@id":"https:\/\/www.suno.com.br\/noticias\/#organization"},"potentialAction":[{"@type":"SearchAction","target":{"@type":"EntryPoint","urlTemplate":"https:\/\/www.suno.com.br\/noticias\/?s={search_term_string}"},"query-input":{"@type":"PropertyValueSpecification","valueRequired":true,"valueName":"search_term_string"}}],"inLanguage":"pt-BR"},{"@type":"Organization","@id":"https:\/\/www.suno.com.br\/noticias\/#organization","name":"Suno Not\u00edcias","url":"https:\/\/www.suno.com.br\/noticias\/","logo":{"@type":"ImageObject","inLanguage":"pt-BR","@id":"https:\/\/www.suno.com.br\/noticias\/#\/schema\/logo\/image\/","url":"https:\/\/files.sunoresearch.com.br\/n\/uploads\/2021\/09\/suno-logo.png","contentUrl":"https:\/\/files.sunoresearch.com.br\/n\/uploads\/2021\/09\/suno-logo.png","width":180,"height":180,"caption":"Suno Not\u00edcias"},"image":{"@id":"https:\/\/www.suno.com.br\/noticias\/#\/schema\/logo\/image\/"},"sameAs":["https:\/\/facebook.com\/sunoresearch","https:\/\/x.com\/sunoresearch","https:\/\/www.instagram.com\/suno","https:\/\/www.linkedin.com\/company\/suno-research\/","https:\/\/www.youtube.com\/c\/sunoresearch"]},{"@type":"Person","@id":"https:\/\/www.suno.com.br\/noticias\/#\/schema\/person\/06f0d962a6b1c54852e4860f16935600","name":"Bruno Galv\u00e3o","image":{"@type":"ImageObject","inLanguage":"pt-BR","@id":"https:\/\/www.suno.com.br\/noticias\/#\/schema\/person\/image\/","url":"https:\/\/secure.gravatar.com\/avatar\/53598df0b41c00f12f287a912d0e918e?s=96&r=g","contentUrl":"https:\/\/secure.gravatar.com\/avatar\/53598df0b41c00f12f287a912d0e918e?s=96&r=g","caption":"Bruno Galv\u00e3o"},"description":"Escreve para o portal Suno Not\u00edcias. \u00c9 estudante de Jornalismo pela Faculdade C\u00e1sper L\u00edbero e Letras pela USP. Entusiasta de tecnologia e intelig\u00eancia artificial.","url":"https:\/\/www.suno.com.br\/noticias\/author\/bruno-garcia\/"}]}},"default_loop_html":"<div class=\"cardsPage__listCard__boxs\"><div class=\"cardsPage__listCard__boxs__img\"><a href=\"https:\/\/www.suno.com.br\/noticias\/venda-oi-oibr3-cade-recurso\/\"><img class=\"mask\" src=\"https:\/\/www.suno.com.br\/noticias\/wp-content\/themes\/suno\/resources\/images\/spotlight\/spotlight1img\/bg-mask.png\" alt=\"Image Mask\"\/><img src=\"https:\/\/files.sunoresearch.com.br\/n\/uploads\/2020\/12\/021e3283-oi-400x200.webp\" alt=\"Oi (OIBR3): Cade julga recurso contra a venda da tele na pr\u00f3xima quarta (9)\"\/><\/a><span class=\"spotlightCategory\"><a href=\"https:\/\/www.suno.com.br\/noticias\/negocios\/\">Neg\u00f3cios<\/a><\/span><\/div><div class=\"cardsPage__listCard__boxs__content\"><a href=\"https:\/\/www.suno.com.br\/noticias\/venda-oi-oibr3-cade-recurso\/\"><h2 class=\"content__title\">Oi (OIBR3): Cade julga recurso contra a venda da tele na pr\u00f3xima quarta (9)<\/h2><\/a><div class=\"newsContent__article__meta\"><div class=\"newsContent__article__meta__authorBox\"><a href=\"https:\/\/www.suno.com.br\/noticias\/author\/bruno-garcia\/\" class=\"authorBox__avatar noMobi\"><img src=\"https:\/\/secure.gravatar.com\/avatar\/53598df0b41c00f12f287a912d0e918e?s=96&#038;r=g\" alt=\"Bruno Galv\u00e3o\"><\/a><div class=\"authorBox__name\"><span>por\n\t\t\t<a href=\"https:\/\/www.suno.com.br\/noticias\/author\/bruno-garcia\/\"><span itemprop=\"author\">Bruno Galv\u00e3o<\/span><\/a><\/span><time datetime=\"2022-03-04T19:13:04-03:00\" itemprop=\"datePublished\">04\/03\/2022 19:13<\/time><\/div><\/div><\/div><\/div><\/div>","single_layout":"posts","amp_enabled":true,"_links":{"self":[{"href":"https:\/\/www.suno.com.br\/noticias\/wp-json\/wp\/v2\/posts\/237868"}],"collection":[{"href":"https:\/\/www.suno.com.br\/noticias\/wp-json\/wp\/v2\/posts"}],"about":[{"href":"https:\/\/www.suno.com.br\/noticias\/wp-json\/wp\/v2\/types\/post"}],"author":[{"embeddable":true,"href":"https:\/\/www.suno.com.br\/noticias\/wp-json\/wp\/v2\/users\/118"}],"replies":[{"embeddable":true,"href":"https:\/\/www.suno.com.br\/noticias\/wp-json\/wp\/v2\/comments?post=237868"}],"version-history":[{"count":4,"href":"https:\/\/www.suno.com.br\/noticias\/wp-json\/wp\/v2\/posts\/237868\/revisions"}],"predecessor-version":[{"id":237940,"href":"https:\/\/www.suno.com.br\/noticias\/wp-json\/wp\/v2\/posts\/237868\/revisions\/237940"}],"wp:featuredmedia":[{"embeddable":true,"href":"https:\/\/www.suno.com.br\/noticias\/wp-json\/wp\/v2\/media\/107763"}],"wp:attachment":[{"href":"https:\/\/www.suno.com.br\/noticias\/wp-json\/wp\/v2\/media?parent=237868"}],"wp:term":[{"taxonomy":"category","embeddable":true,"href":"https:\/\/www.suno.com.br\/noticias\/wp-json\/wp\/v2\/categories?post=237868"},{"taxonomy":"post_tag","embeddable":true,"href":"https:\/\/www.suno.com.br\/noticias\/wp-json\/wp\/v2\/tags?post=237868"},{"taxonomy":"suno_strategy","embeddable":true,"href":"https:\/\/www.suno.com.br\/noticias\/wp-json\/wp\/v2\/suno_strategy?post=237868"}],"curies":[{"name":"wp","href":"https:\/\/api.w.org\/{rel}","templated":true}]}}