{"id":23761,"date":"2019-05-08T16:21:58","date_gmt":"2019-05-08T19:21:58","guid":{"rendered":"https:\/\/www.suno.com.br\/noticias\/?p=23761"},"modified":"2019-05-08T19:28:42","modified_gmt":"2019-05-08T22:28:42","slug":"paulo-guedes-reforma-da-previdencia-comissao","status":"publish","type":"post","link":"https:\/\/www.suno.com.br\/noticias\/paulo-guedes-reforma-da-previdencia-comissao\/","title":{"rendered":"Paulo Guedes debate reforma da Previd\u00eancia em comiss\u00e3o especial na C\u00e2mara"},"content":{"rendered":"<p><a href=\"https:\/\/www.suno.com.br\/tudo-sobre\/paulo-guedes\/\">O ministro da Economia, Paulo Guedes<\/a>, abriu a sess\u00e3o da primeira audi\u00eancia p\u00fablica da comiss\u00e3o especial da Previd\u00eancia. Guedes foi convidado pelo presidente da comiss\u00e3o, deputado Marcelo Ramos.<\/p>\t<div class=\"wrapper-featured-image\">\n\t\t<figure class=\"spotlightImg\">\n\n\t\t\t<picture>\n\t\t\t\t<source media=\"(max-width: 768px)\" srcset=\"https:\/\/files.sunoresearch.com.br\/n\/uploads\/2019\/04\/eaf4e13f-paulo-guedes-400x200.webp\">\n\t\t\t\t<img loading=\"lazy\" decoding=\"async\" class=\"newsContent__article__imgCapa lazyloadDisabled newsContent__article__imgCapa--noCaption\" src=\"https:\/\/files.sunoresearch.com.br\/n\/uploads\/2019\/04\/eaf4e13f-paulo-guedes-800x450.webp\" width=\"800\" height=\"450\" alt=\"Paulo Guedes debate reforma da Previd\u00eancia em comiss\u00e3o especial na C\u00e2mara\" fetchpriority=high \/>\n\t\t\t<\/picture>\n\n\t\t\t<figcaption class=\"wp-caption-text wp-caption-text--hide\">O ministro Paulo Guede se reuniu Ricardo Barros para conversar sobre ajustes na proposta de reforma tribut\u00e1ria<\/figcaption>\n\t\t<\/figure>\n\t<\/div>\n\n\n<p>De acordo com o Ramos, o ministro deve mostrar os n\u00fameros que comp\u00f5em a <strong>reforma da Previd\u00eancia<\/strong> do governo. Segundo o parlamentar, o andamento da audi\u00eancia deve ser menos tumultuada.\u00a0A \u00faltima participa\u00e7\u00e3o de Guedes na <strong>Comiss\u00e3o de Constitui\u00e7\u00e3o e Justi\u00e7a (CCJ)<\/strong> foi marcada por pol\u00eamicas e desentendimentos. O deputado ressaltou ainda que a oposi\u00e7\u00e3o firmou um acordo para n\u00e3o obstruir os debates.<\/p>\n<p><a href=\"https:\/\/www.suno.com.br\/noticias\/reforma-previdencia-apoio-100-deputados\/\">Saiba mais &#8211; Reforma da Previd\u00eancia: PEC tem apoio de 100 deputados, aponta jornal<\/a><\/p>\n<p>Para Ramos, a presen\u00e7a do ministro no in\u00edcio dos trabalhos contribuir\u00e1 para &#8220;nivelar&#8221; as discuss\u00f5es sobre a medida.<\/p>\n\t<p>\n\t\t<a href=\"https:\/\/www.suno.com.br\/asset\/fundos\/suno-acoes-xp-seg-prev\/\" target=\"_blank\" data-element=\"shortcode-suno-banner\" title=\"Banner SUNO, clique e saiba mais\">\n\t\t\t<picture>\n\t\t\t\t<source media=\"(max-width: 500px)\" srcset=\"https:\/\/files.sunoresearch.com.br\/n\/uploads\/2023\/10\/SUNOPREV-v2-400x300-Mobile-Artigos-3.png\">\n\t\t\t\t<img class=\"newsContent__article__imgCapa newsContent__article__imgCapa--banner\"\n\t\t\t\t\tsrc=\"https:\/\/files.sunoresearch.com.br\/n\/uploads\/2023\/10\/SUNOPREV-v2-1420x240-Banner-Artigos-1-_-Banner-Materias-1.png\"\n\t\t\t\t\tdata-promo-id=\"476311\"\t\t\t\t\t\t\t\t\t\twidth='1420' height='240'\t\t\t\t\talt=\"https:\/\/files.sunoresearch.com.br\/n\/uploads\/2023\/10\/SUNOPREV-v2-1420x240-Banner-Artigos-1-_-Banner-Materias-1.png\"\n\t\t\t\t>\n\t\t\t<\/picture>\n\t\t<\/a>\n\t<\/p>\n\n\n<p>&#8220;Eu acredito que seja bom. Na <strong>CCJ (Comiss\u00e3o de Constitui\u00e7\u00e3o e Justi\u00e7a)<\/strong>, o maior apelo da oposi\u00e7\u00e3o era a vinda do ministro Paulo Guedes e a apresenta\u00e7\u00e3o dos n\u00fameros. N\u00f3s vamos come\u00e7ar nivelando o debate com a presen\u00e7a do principal interlocutor desta mat\u00e9ria junto ao governo, que \u00e9 o Paulo Guedes, e com a apresenta\u00e7\u00e3o detalhada dos n\u00fameros, demonstrando que o objetivo da comiss\u00e3o \u00e9 dar transpar\u00eancia&#8221;, disse.<\/p>\n<p style=\"text-align: center;\"><iframe loading=\"lazy\" src=\"https:\/\/www.youtube.com\/embed\/pitFKBHqEw8\" width=\"560\" height=\"315\" frameborder=\"0\" allowfullscreen=\"allowfullscreen\"><\/iframe><\/p>\n<p>Participam tamb\u00e9m da comiss\u00e3o:<\/p>\n<ul>\n<li>secret\u00e1rio especial da Previd\u00eancia, Rog\u00e9rio Marinho;<\/li>\n<li>secret\u00e1rio especial adjunto de Previd\u00eancia, Bruno Bianco Leal<\/li>\n<li>o secret\u00e1rio de Previd\u00eancia, Leonardo Jos\u00e9<\/li>\n<\/ul>\n<p>Durante o seu discurso, o ministro reafirmou que a <strong>Previd\u00eancia<\/strong> est\u00e1 quebrada e que a atual pir\u00e2mide et\u00e1ria do Pa\u00eds n\u00e3o consegue dar sustentabilidade ao sistema.<\/p>\n<p>&#8220;O sistema j\u00e1 est\u00e1 condenado \u00e0 quebra e j\u00e1 est\u00e1 hoje tecnicamente em d\u00e9ficit em todas as suas dimens\u00f5es muito antes de a popula\u00e7\u00e3o envelhecer. As disfun\u00e7\u00f5es s\u00e3o evidentes e a insustentabilidade financeira \u00e9 evidente&#8221;, afirmou.<\/p>\n<p>&#8220;Gastamos aproximadamente R$ 450 bilh\u00f5es s\u00f3 este ano. Isso \u00e9 sete vezes mais do que gastamos com educa\u00e7\u00e3o, que \u00e9 o futuro. Quatro vezes mais do que gastamos com sa\u00fade. Tr\u00eas vezes mais do que com sa\u00fade, educa\u00e7\u00e3o e seguran\u00e7a p\u00fablica somados. Passa de 50% dos gastos p\u00fablicos federais&#8221;, completou <strong>Paulo Guedes<\/strong>.<\/p>\n<h2>Tramita\u00e7\u00e3o<\/h2>\n<div class=\"mc-column content-text active-extra-styles \" data-block-type=\"unstyled\" data-block-weight=\"54\" data-block-id=\"6\">\n<p class=\"content-text__container \" data-track-category=\"Link no Texto\" data-track-links=\"\">No final de abril, a <strong>reforma da Previd\u00eancia<\/strong> foi aprovada pela <strong>CCJ\u00a0<\/strong>da <strong>C\u00e2mara dos Deputados<\/strong>. No entanto, o que deveria gerar grande otimismo no mercado acabou tendo um vi\u00e9s contr\u00e1rio. Isso porque as &#8220;gorduras&#8221; inseridas no texto pelo <strong>governo<\/strong>, como margem de negocia\u00e7\u00e3o, acabaram sendo eliminadas j\u00e1 no primeiro est\u00e1gio de tramita\u00e7\u00e3o da proposta.<\/p>\n<p data-track-category=\"Link no Texto\" data-track-links=\"\">\t<p>\n\t\t<a href=\"https:\/\/lp.suno.com.br\/4-emissao-snel11\/\" target=\"_blank\" data-element=\"shortcode-suno-banner\" title=\"Banner SUNO, clique e saiba mais\">\n\t\t\t<picture>\n\t\t\t\t<source media=\"(max-width: 500px)\" srcset=\"https:\/\/files.sunoresearch.com.br\/n\/uploads\/2025\/07\/400x300-Mobile-Artigos-7.webp\">\n\t\t\t\t<img class=\"newsContent__article__imgCapa newsContent__article__imgCapa--banner\"\n\t\t\t\t\tsrc=\"https:\/\/files.sunoresearch.com.br\/n\/uploads\/2025\/07\/1420x240-Banner-Artigos-1-_-Banner-Materias-5.webp\"\n\t\t\t\t\tdata-promo-id=\"364417\"\t\t\t\t\t\t\t\t\t\twidth='1420' height='240'\t\t\t\t\talt=\"https:\/\/files.sunoresearch.com.br\/n\/uploads\/2025\/07\/1420x240-Banner-Artigos-1-_-Banner-Materias-5.webp\"\n\t\t\t\t>\n\t\t\t<\/picture>\n\t\t<\/a>\n\t<\/p>\n\n<\/p>\n<p class=\"content-text__container \" data-track-category=\"Link no Texto\" data-track-links=\"\">Algo que limita muito o poder de barganha do <strong>Executivo<\/strong>. O risco \u00e9 que a <strong>Proposta de Emenda Constitucional (PEC)<\/strong> acabe representando uma economia menor do que R$ 1 trilh\u00e3o em 10 anos. Um valor indicado pelo <strong>Minist\u00e9rio da Economia<\/strong> como indispens\u00e1vel para preservar a sustentabilidade das contas p\u00fablicas.<\/p>\n<p><p data-track-category=\"Link no Texto\" data-track-links=\"\"><a href=\"https:\/\/www.suno.com.br\/noticias\/comissao-reforma-da-previdencia-junho\/\">Saiba mais:\u00a0Comiss\u00e3o especial da reforma da Previd\u00eancia deve votar em junho<\/a><\/p>\n<\/p>\n<\/div>\n<p>\u00c0 pedido do &#8220;<strong>Centr\u00e3o<\/strong>&#8221; e tamb\u00e9m da oposi\u00e7\u00e3o do governo, foram retirados os seguintes t\u00f3picos:<\/p>\n<ul>\n<li>Fim da multa de 40% do <strong>Fundo de Garantia do Tempo de Servi\u00e7o<\/strong> (<strong>FGTS<\/strong>) para aposentados que trabalham;<\/li>\n<li>Fim da reten\u00e7\u00e3o do FTGS para aposentados que trabalham;<\/li>\n<li>Possibilidade de alterar a idade de aposentadoria compuls\u00f3ria de ministros do <strong>Supremo Tribunal Federal (STF)<\/strong>;<\/li>\n<li>Mudan\u00e7a no foro para julgamento de a\u00e7\u00f5es contra o <strong>Instituto Nacional do Seguro Social (INSS)<\/strong>;<\/li>\n<li>Exclusividade do <strong>Executivo<\/strong> de enviar proposta para alterar o regime previdenci\u00e1rio.<\/li>\n<\/ul>\n<p>Dessa forma, os <strong>investidores<\/strong> passaram a ficar mais cautelosos em rela\u00e7\u00e3o ao texto final da reforma, j\u00e1 que a PEC n\u00e3o possui mais pontos extras para poss\u00edveis articula\u00e7\u00f5es.<\/p>\n<p>A <strong>comiss\u00e3o especial<\/strong> \u00e9 a segunda fase da tramita\u00e7\u00e3o da <strong>reforma da Previd\u00eancia<\/strong> e dever\u00e1 avaliar o conte\u00fado do texto. Al\u00e9m disso, novas emendas poder\u00e3o ser apresentadas.<\/p>\n<p>O <strong>MDB<\/strong>, um dos principais partido da C\u00e2mara, j\u00e1 se posicionou contra tr\u00eas pontos da <strong>Previd\u00eancia<\/strong>:<\/p>\n<ul>\n<li>altera\u00e7\u00f5es na <strong>aposentadoria rural<\/strong>;<\/li>\n<li>altera\u00e7\u00f5es no <strong>Benef\u00edcio de Presta\u00e7\u00e3o Continuada (BPC)<\/strong>;<\/li>\n<li>e a retirada da aposentadoria especial para os professores;<\/li>\n<\/ul>\n<h2>Cronograma dos trabalhos<\/h2>\n<p>Na \u00faltima ter\u00e7a-feira (07), a <strong>comiss\u00e3o especial<\/strong> aprovou o cronograma das pr\u00f3ximas audi\u00eancias, que dever\u00e3o ser realizadas ainda neste m\u00eas. Ao todo ser\u00e3o dez encontros, divididos em tem\u00e1ticas.<\/p>\n<p>O plano de trabalho do relator Samuel Moreira prev\u00ea:<\/p>\n<ul>\n<li>8\/5 &#8211; apresenta\u00e7\u00e3o geral da reforma da Previd\u00eancia &#8211; com o ministro Paulo Guedes;<\/li>\n<li>9\/5 &#8211; debate sobre financiamento da Previd\u00eancia Social;<\/li>\n<li>14\/5 &#8211; debate sobre regime pr\u00f3prio de Previd\u00eancia da Uni\u00e3o, estados e<\/li>\n<li>munic\u00edpios &#8211; temas como integralidade, paridade, regras de transi\u00e7\u00e3o;<\/li>\n<li>15\/5 &#8211; regime geral de Previd\u00eancia;<\/li>\n<li>16\/5 &#8211; categorias com crit\u00e9rios diferenciados de Previd\u00eancia &#8211; pol\u00edcias federal, civil, agentes penitenci\u00e1rios, socioeducativos;<\/li>\n<li>21\/5 &#8211; aposentadoria pessoas submetidas \u00e0 condi\u00e7\u00f5es prejudiciais, pessoas com defici\u00eancia;<\/li>\n<li>22\/5 &#8211; mulheres na Previd\u00eancia;<\/li>\n<li>23\/5 &#8211; trabalhadores rurais;<\/li>\n<li>28\/5 &#8211; benef\u00edcio de presta\u00e7\u00e3o continuada, abono salarial;<\/li>\n<li>29\/5 &#8211; capitaliza\u00e7\u00e3o.<\/li>\n<\/ul>\n\t<p>\n\t\t<a href=\"https:\/\/lp.suno.com.br\/ebook-investindo-em-fiis\/\" target=\"_blank\" data-element=\"shortcode-suno-banner\" title=\"Banner SUNO, clique e saiba mais\">\n\t\t\t<picture>\n\t\t\t\t<source media=\"(max-width: 500px)\" srcset=\"https:\/\/files.sunoresearch.com.br\/n\/uploads\/2023\/03\/Ebook-Fundos-Imobiliarios-Mobile-1.jpg\">\n\t\t\t\t<img class=\"newsContent__article__imgCapa newsContent__article__imgCapa--banner\"\n\t\t\t\t\tsrc=\"https:\/\/files.sunoresearch.com.br\/n\/uploads\/2023\/03\/Ebook-Fundos-Imobiliarios-Desktop-1.jpg\"\n\t\t\t\t\tdata-promo-id=\"313843\"\t\t\t\t\t\t\t\t\t\twidth='1420' height='286'\t\t\t\t\talt=\"https:\/\/files.sunoresearch.com.br\/n\/uploads\/2023\/03\/Ebook-Fundos-Imobiliarios-Desktop-1.jpg\"\n\t\t\t\t>\n\t\t\t<\/picture>\n\t\t<\/a>\n\t<\/p>\n\n\n<h2>Apoio popular<\/h2>\n<p>Pesquisa divulgada nesta quarta-feira (08) pelo Ibope revela que\u00a059% dos brasileiros concordam que a Previd\u00eancia precisa de altera\u00e7\u00f5es. Contudo, mais da metade n\u00e3o \u00e9 a favor da <strong>reforma<\/strong> proposta pelo governo <strong>Bolsonaro.<\/strong><\/p>\n<p><a href=\"https:\/\/www.suno.com.br\/noticias\/previdencia-joice-hasselmann-aprovacao\/\">Saiba mais:\u00a0Previd\u00eancia: Joice Hasselmann refor\u00e7a aprova\u00e7\u00e3o de reforma no 1\u00ba semestre<\/a><\/p>\n<p>Sobre altera\u00e7\u00f5es na <strong>Previd\u00eancia<\/strong> os resultados foram:<\/p>\n<ul>\n<li>59% concordam;<\/li>\n<li>36% discordam;<\/li>\n<li>5% n\u00e3o sabem ou n\u00e3o responderam;<\/li>\n<li>1% n\u00e3o concorda nem discorda.<\/li>\n<\/ul>\n<p><span style=\"color: rgba(0, 0, 0, 0.7); font-size: 1.21429rem;\">J\u00e1 os dados da opini\u00e3o da popula\u00e7\u00e3o sobre a <\/span><strong style=\"color: rgba(0, 0, 0, 0.7); font-size: 1.21429rem;\">reforma<\/strong><span style=\"color: rgba(0, 0, 0, 0.7); font-size: 1.21429rem;\"> apresentada pelo governo ao <\/span><strong style=\"color: rgba(0, 0, 0, 0.7); font-size: 1.21429rem;\">Congresso<\/strong><span style=\"color: rgba(0, 0, 0, 0.7); font-size: 1.21429rem;\"> s\u00e3o:<\/span><\/p>\n<ul>\n<li>51% s\u00e3o contra;<\/li>\n<li>39% s\u00e3o a favor;<\/li>\n<li>10% n\u00e3o sabem ou n\u00e3o responderam.<\/li>\n<\/ul>\n","protected":false},"excerpt":{"rendered":"<p>O ministro da Economia, Paulo Guedes, abriu a sess\u00e3o da primeira audi\u00eancia p\u00fablica da comiss\u00e3o especial da Previd\u00eancia. Guedes foi convidado pelo presidente da comiss\u00e3o, deputado Marcelo Ramos. O ministro Paulo Guede se reuniu Ricardo Barros para conversar sobre ajustes na proposta de reforma tribut\u00e1ria De acordo com o Ramos, o ministro deve mostrar os [&hellip;]<\/p>\n","protected":false},"author":14,"featured_media":22003,"comment_status":"closed","ping_status":"closed","sticky":false,"template":"","format":"standard","meta":[],"categories":[61],"tags":[938,909,796,940],"suno_strategy":[],"class_list":["post-23761","post","type-post","status-publish","format-standard","has-post-thumbnail","hentry","category-politica","tag-camara-dos-deputados","tag-ministerio-da-economia","tag-paulo-guedes","tag-reforma-da-previdencia"],"yoast_head":"<!-- This site is optimized with the Yoast SEO plugin v24.4 - https:\/\/yoast.com\/wordpress\/plugins\/seo\/ -->\n<title>Paulo Guedes debate reforma da Previd\u00eancia em comiss\u00e3o na C\u00e2mara<\/title>\n<meta name=\"description\" content=\"Paulo Guedes deve mostrar os n\u00fameros que comp\u00f5em a reforma da Previd\u00eancia do governo; essa \u00e9 a segunda etapa da tramita\u00e7\u00e3o. Clique e leia mais\" \/>\n<meta name=\"robots\" content=\"index, follow, max-snippet:-1, max-image-preview:large, max-video-preview:-1\" \/>\n<link rel=\"canonical\" href=\"https:\/\/www.suno.com.br\/noticias\/paulo-guedes-reforma-da-previdencia-comissao\/\" \/>\n<meta property=\"og:locale\" content=\"pt_BR\" \/>\n<meta property=\"og:type\" content=\"article\" \/>\n<meta property=\"og:title\" content=\"Paulo Guedes debate reforma da Previd\u00eancia em comiss\u00e3o na C\u00e2mara\" \/>\n<meta property=\"og:description\" content=\"Paulo Guedes deve mostrar os n\u00fameros que comp\u00f5em a reforma da Previd\u00eancia do governo; essa \u00e9 a segunda etapa da tramita\u00e7\u00e3o. Clique e leia mais\" \/>\n<meta property=\"og:url\" content=\"https:\/\/www.suno.com.br\/noticias\/paulo-guedes-reforma-da-previdencia-comissao\/\" \/>\n<meta property=\"og:site_name\" content=\"Suno Not\u00edcias\" \/>\n<meta property=\"article:publisher\" content=\"https:\/\/facebook.com\/sunoresearch\" \/>\n<meta property=\"og:image\" content=\"https:\/\/files.sunoresearch.com.br\/n\/uploads\/2019\/04\/eaf4e13f-paulo-guedes.jpg\" \/>\n\t<meta property=\"og:image:width\" content=\"1024\" \/>\n\t<meta property=\"og:image:height\" content=\"683\" \/>\n\t<meta property=\"og:image:type\" content=\"image\/jpeg\" \/>\n<meta name=\"author\" content=\"Renan Dantas\" \/>\n<meta name=\"twitter:card\" content=\"summary_large_image\" \/>\n<meta name=\"twitter:creator\" content=\"@sunoresearch\" \/>\n<meta name=\"twitter:site\" content=\"@sunoresearch\" \/>\n<meta name=\"twitter:label1\" content=\"Escrito por\" \/>\n\t<meta name=\"twitter:data1\" content=\"Renan Dantas\" \/>\n\t<meta name=\"twitter:label2\" content=\"Est. tempo de leitura\" \/>\n\t<meta name=\"twitter:data2\" content=\"5 minutos\" \/>\n<script type=\"application\/ld+json\" class=\"yoast-schema-graph\">{\"@context\":\"https:\/\/schema.org\",\"@graph\":[{\"@type\":\"NewsArticle\",\"@id\":\"https:\/\/www.suno.com.br\/noticias\/paulo-guedes-reforma-da-previdencia-comissao\/#article\",\"isPartOf\":{\"@id\":\"https:\/\/www.suno.com.br\/noticias\/paulo-guedes-reforma-da-previdencia-comissao\/\"},\"author\":{\"name\":\"Renan Dantas\",\"@id\":\"https:\/\/www.suno.com.br\/noticias\/#\/schema\/person\/3f7693d5795a3f6d5ce15309ee785699\"},\"headline\":\"Paulo Guedes debate reforma da Previd\u00eancia em comiss\u00e3o especial na C\u00e2mara\",\"datePublished\":\"2019-05-08T19:21:58+00:00\",\"dateModified\":\"2019-05-08T22:28:42+00:00\",\"mainEntityOfPage\":{\"@id\":\"https:\/\/www.suno.com.br\/noticias\/paulo-guedes-reforma-da-previdencia-comissao\/\"},\"wordCount\":987,\"publisher\":{\"@id\":\"https:\/\/www.suno.com.br\/noticias\/#organization\"},\"image\":{\"@id\":\"https:\/\/www.suno.com.br\/noticias\/paulo-guedes-reforma-da-previdencia-comissao\/#primaryimage\"},\"thumbnailUrl\":\"https:\/\/files.sunoresearch.com.br\/n\/uploads\/2019\/04\/eaf4e13f-paulo-guedes-jpg.webp\",\"keywords\":[\"C\u00e2mara dos Deputados\",\"Minist\u00e9rio da Economia\",\"Paulo Guedes\",\"Reforma da Previd\u00eancia\"],\"articleSection\":[\"Pol\u00edtica\"],\"inLanguage\":\"pt-BR\"},{\"@type\":\"WebPage\",\"@id\":\"https:\/\/www.suno.com.br\/noticias\/paulo-guedes-reforma-da-previdencia-comissao\/\",\"url\":\"https:\/\/www.suno.com.br\/noticias\/paulo-guedes-reforma-da-previdencia-comissao\/\",\"name\":\"Paulo Guedes debate reforma da Previd\u00eancia em comiss\u00e3o na C\u00e2mara\",\"isPartOf\":{\"@id\":\"https:\/\/www.suno.com.br\/noticias\/#website\"},\"primaryImageOfPage\":{\"@id\":\"https:\/\/www.suno.com.br\/noticias\/paulo-guedes-reforma-da-previdencia-comissao\/#primaryimage\"},\"image\":{\"@id\":\"https:\/\/www.suno.com.br\/noticias\/paulo-guedes-reforma-da-previdencia-comissao\/#primaryimage\"},\"thumbnailUrl\":\"https:\/\/files.sunoresearch.com.br\/n\/uploads\/2019\/04\/eaf4e13f-paulo-guedes-jpg.webp\",\"datePublished\":\"2019-05-08T19:21:58+00:00\",\"dateModified\":\"2019-05-08T22:28:42+00:00\",\"description\":\"Paulo Guedes deve mostrar os n\u00fameros que comp\u00f5em a reforma da Previd\u00eancia do governo; essa \u00e9 a segunda etapa da tramita\u00e7\u00e3o. Clique e leia mais\",\"breadcrumb\":{\"@id\":\"https:\/\/www.suno.com.br\/noticias\/paulo-guedes-reforma-da-previdencia-comissao\/#breadcrumb\"},\"inLanguage\":\"pt-BR\",\"potentialAction\":[{\"@type\":\"ReadAction\",\"target\":[\"https:\/\/www.suno.com.br\/noticias\/paulo-guedes-reforma-da-previdencia-comissao\/\"]}]},{\"@type\":\"ImageObject\",\"inLanguage\":\"pt-BR\",\"@id\":\"https:\/\/www.suno.com.br\/noticias\/paulo-guedes-reforma-da-previdencia-comissao\/#primaryimage\",\"url\":\"https:\/\/files.sunoresearch.com.br\/n\/uploads\/2019\/04\/eaf4e13f-paulo-guedes-jpg.webp\",\"contentUrl\":\"https:\/\/files.sunoresearch.com.br\/n\/uploads\/2019\/04\/eaf4e13f-paulo-guedes-jpg.webp\",\"width\":1024,\"height\":683,\"caption\":\"O ministro Paulo Guede se reuniu Ricardo Barros para conversar sobre ajustes na proposta de reforma tribut\u00e1ria\"},{\"@type\":\"BreadcrumbList\",\"@id\":\"https:\/\/www.suno.com.br\/noticias\/paulo-guedes-reforma-da-previdencia-comissao\/#breadcrumb\",\"itemListElement\":[{\"@type\":\"ListItem\",\"position\":1,\"name\":\"Not\u00edcias\",\"item\":\"https:\/\/www.suno.com.br\/noticias\/\"},{\"@type\":\"ListItem\",\"position\":2,\"name\":\"Pol\u00edtica\",\"item\":\"https:\/\/www.suno.com.br\/noticias\/politica\/\"},{\"@type\":\"ListItem\",\"position\":3,\"name\":\"Paulo Guedes debate reforma da Previd\u00eancia em comiss\u00e3o especial na C\u00e2mara\"}]},{\"@type\":\"WebSite\",\"@id\":\"https:\/\/www.suno.com.br\/noticias\/#website\",\"url\":\"https:\/\/www.suno.com.br\/noticias\/\",\"name\":\"Suno Not\u00edcias\",\"description\":\"Seu portal de informa\u00e7\u00e3o sobre o mundo dos investimentos\",\"publisher\":{\"@id\":\"https:\/\/www.suno.com.br\/noticias\/#organization\"},\"potentialAction\":[{\"@type\":\"SearchAction\",\"target\":{\"@type\":\"EntryPoint\",\"urlTemplate\":\"https:\/\/www.suno.com.br\/noticias\/?s={search_term_string}\"},\"query-input\":{\"@type\":\"PropertyValueSpecification\",\"valueRequired\":true,\"valueName\":\"search_term_string\"}}],\"inLanguage\":\"pt-BR\"},{\"@type\":\"Organization\",\"@id\":\"https:\/\/www.suno.com.br\/noticias\/#organization\",\"name\":\"Suno Not\u00edcias\",\"url\":\"https:\/\/www.suno.com.br\/noticias\/\",\"logo\":{\"@type\":\"ImageObject\",\"inLanguage\":\"pt-BR\",\"@id\":\"https:\/\/www.suno.com.br\/noticias\/#\/schema\/logo\/image\/\",\"url\":\"https:\/\/files.sunoresearch.com.br\/n\/uploads\/2021\/09\/suno-logo.png\",\"contentUrl\":\"https:\/\/files.sunoresearch.com.br\/n\/uploads\/2021\/09\/suno-logo.png\",\"width\":180,\"height\":180,\"caption\":\"Suno Not\u00edcias\"},\"image\":{\"@id\":\"https:\/\/www.suno.com.br\/noticias\/#\/schema\/logo\/image\/\"},\"sameAs\":[\"https:\/\/facebook.com\/sunoresearch\",\"https:\/\/x.com\/sunoresearch\",\"https:\/\/www.instagram.com\/suno\",\"https:\/\/www.linkedin.com\/company\/suno-research\/\",\"https:\/\/www.youtube.com\/c\/sunoresearch\"]},{\"@type\":\"Person\",\"@id\":\"https:\/\/www.suno.com.br\/noticias\/#\/schema\/person\/3f7693d5795a3f6d5ce15309ee785699\",\"name\":\"Renan Dantas\",\"image\":{\"@type\":\"ImageObject\",\"inLanguage\":\"pt-BR\",\"@id\":\"https:\/\/www.suno.com.br\/noticias\/#\/schema\/person\/image\/\",\"url\":\"https:\/\/secure.gravatar.com\/avatar\/1787b83e7484a08e51d62ac8b41c8396?s=96&r=g\",\"contentUrl\":\"https:\/\/secure.gravatar.com\/avatar\/1787b83e7484a08e51d62ac8b41c8396?s=96&r=g\",\"caption\":\"Renan Dantas\"},\"description\":\"Escreve sobre pol\u00edtica e mercado financeiro para o portal Suno Not\u00edcias. Antes, atuou na assessoria de comunica\u00e7\u00e3o do Minist\u00e9rio P\u00fablico do Trabalho e na R\u00e1dio Mackenzie, onde apresentava e produzia um programa sobre artistas da m\u00fasica brasileira. \u00c9 estudante na Universidade Presbiteriana Mackenzie.\",\"url\":\"https:\/\/www.suno.com.br\/noticias\/author\/renan-dantas\/\"}]}<\/script>\n<!-- \/ Yoast SEO plugin. -->","yoast_head_json":{"title":"Paulo Guedes debate reforma da Previd\u00eancia em comiss\u00e3o na C\u00e2mara","description":"Paulo Guedes deve mostrar os n\u00fameros que comp\u00f5em a reforma da Previd\u00eancia do governo; essa \u00e9 a segunda etapa da tramita\u00e7\u00e3o. Clique e leia mais","robots":{"index":"index","follow":"follow","max-snippet":"max-snippet:-1","max-image-preview":"max-image-preview:large","max-video-preview":"max-video-preview:-1"},"canonical":"https:\/\/www.suno.com.br\/noticias\/paulo-guedes-reforma-da-previdencia-comissao\/","og_locale":"pt_BR","og_type":"article","og_title":"Paulo Guedes debate reforma da Previd\u00eancia em comiss\u00e3o na C\u00e2mara","og_description":"Paulo Guedes deve mostrar os n\u00fameros que comp\u00f5em a reforma da Previd\u00eancia do governo; essa \u00e9 a segunda etapa da tramita\u00e7\u00e3o. Clique e leia mais","og_url":"https:\/\/www.suno.com.br\/noticias\/paulo-guedes-reforma-da-previdencia-comissao\/","og_site_name":"Suno Not\u00edcias","article_publisher":"https:\/\/facebook.com\/sunoresearch","og_image":[{"width":1024,"height":683,"url":"https:\/\/files.sunoresearch.com.br\/n\/uploads\/2019\/04\/eaf4e13f-paulo-guedes.jpg","type":"image\/jpeg"}],"author":"Renan Dantas","twitter_card":"summary_large_image","twitter_creator":"@sunoresearch","twitter_site":"@sunoresearch","twitter_misc":{"Escrito por":"Renan Dantas","Est. tempo de leitura":"5 minutos"},"schema":{"@context":"https:\/\/schema.org","@graph":[{"@type":"NewsArticle","@id":"https:\/\/www.suno.com.br\/noticias\/paulo-guedes-reforma-da-previdencia-comissao\/#article","isPartOf":{"@id":"https:\/\/www.suno.com.br\/noticias\/paulo-guedes-reforma-da-previdencia-comissao\/"},"author":{"name":"Renan Dantas","@id":"https:\/\/www.suno.com.br\/noticias\/#\/schema\/person\/3f7693d5795a3f6d5ce15309ee785699"},"headline":"Paulo Guedes debate reforma da Previd\u00eancia em comiss\u00e3o especial na C\u00e2mara","datePublished":"2019-05-08T19:21:58+00:00","dateModified":"2019-05-08T22:28:42+00:00","mainEntityOfPage":{"@id":"https:\/\/www.suno.com.br\/noticias\/paulo-guedes-reforma-da-previdencia-comissao\/"},"wordCount":987,"publisher":{"@id":"https:\/\/www.suno.com.br\/noticias\/#organization"},"image":{"@id":"https:\/\/www.suno.com.br\/noticias\/paulo-guedes-reforma-da-previdencia-comissao\/#primaryimage"},"thumbnailUrl":"https:\/\/files.sunoresearch.com.br\/n\/uploads\/2019\/04\/eaf4e13f-paulo-guedes-jpg.webp","keywords":["C\u00e2mara dos Deputados","Minist\u00e9rio da Economia","Paulo Guedes","Reforma da Previd\u00eancia"],"articleSection":["Pol\u00edtica"],"inLanguage":"pt-BR"},{"@type":"WebPage","@id":"https:\/\/www.suno.com.br\/noticias\/paulo-guedes-reforma-da-previdencia-comissao\/","url":"https:\/\/www.suno.com.br\/noticias\/paulo-guedes-reforma-da-previdencia-comissao\/","name":"Paulo Guedes debate reforma da Previd\u00eancia em comiss\u00e3o na C\u00e2mara","isPartOf":{"@id":"https:\/\/www.suno.com.br\/noticias\/#website"},"primaryImageOfPage":{"@id":"https:\/\/www.suno.com.br\/noticias\/paulo-guedes-reforma-da-previdencia-comissao\/#primaryimage"},"image":{"@id":"https:\/\/www.suno.com.br\/noticias\/paulo-guedes-reforma-da-previdencia-comissao\/#primaryimage"},"thumbnailUrl":"https:\/\/files.sunoresearch.com.br\/n\/uploads\/2019\/04\/eaf4e13f-paulo-guedes-jpg.webp","datePublished":"2019-05-08T19:21:58+00:00","dateModified":"2019-05-08T22:28:42+00:00","description":"Paulo Guedes deve mostrar os n\u00fameros que comp\u00f5em a reforma da Previd\u00eancia do governo; essa \u00e9 a segunda etapa da tramita\u00e7\u00e3o. Clique e leia mais","breadcrumb":{"@id":"https:\/\/www.suno.com.br\/noticias\/paulo-guedes-reforma-da-previdencia-comissao\/#breadcrumb"},"inLanguage":"pt-BR","potentialAction":[{"@type":"ReadAction","target":["https:\/\/www.suno.com.br\/noticias\/paulo-guedes-reforma-da-previdencia-comissao\/"]}]},{"@type":"ImageObject","inLanguage":"pt-BR","@id":"https:\/\/www.suno.com.br\/noticias\/paulo-guedes-reforma-da-previdencia-comissao\/#primaryimage","url":"https:\/\/files.sunoresearch.com.br\/n\/uploads\/2019\/04\/eaf4e13f-paulo-guedes-jpg.webp","contentUrl":"https:\/\/files.sunoresearch.com.br\/n\/uploads\/2019\/04\/eaf4e13f-paulo-guedes-jpg.webp","width":1024,"height":683,"caption":"O ministro Paulo Guede se reuniu Ricardo Barros para conversar sobre ajustes na proposta de reforma tribut\u00e1ria"},{"@type":"BreadcrumbList","@id":"https:\/\/www.suno.com.br\/noticias\/paulo-guedes-reforma-da-previdencia-comissao\/#breadcrumb","itemListElement":[{"@type":"ListItem","position":1,"name":"Not\u00edcias","item":"https:\/\/www.suno.com.br\/noticias\/"},{"@type":"ListItem","position":2,"name":"Pol\u00edtica","item":"https:\/\/www.suno.com.br\/noticias\/politica\/"},{"@type":"ListItem","position":3,"name":"Paulo Guedes debate reforma da Previd\u00eancia em comiss\u00e3o especial na C\u00e2mara"}]},{"@type":"WebSite","@id":"https:\/\/www.suno.com.br\/noticias\/#website","url":"https:\/\/www.suno.com.br\/noticias\/","name":"Suno Not\u00edcias","description":"Seu portal de informa\u00e7\u00e3o sobre o mundo dos investimentos","publisher":{"@id":"https:\/\/www.suno.com.br\/noticias\/#organization"},"potentialAction":[{"@type":"SearchAction","target":{"@type":"EntryPoint","urlTemplate":"https:\/\/www.suno.com.br\/noticias\/?s={search_term_string}"},"query-input":{"@type":"PropertyValueSpecification","valueRequired":true,"valueName":"search_term_string"}}],"inLanguage":"pt-BR"},{"@type":"Organization","@id":"https:\/\/www.suno.com.br\/noticias\/#organization","name":"Suno Not\u00edcias","url":"https:\/\/www.suno.com.br\/noticias\/","logo":{"@type":"ImageObject","inLanguage":"pt-BR","@id":"https:\/\/www.suno.com.br\/noticias\/#\/schema\/logo\/image\/","url":"https:\/\/files.sunoresearch.com.br\/n\/uploads\/2021\/09\/suno-logo.png","contentUrl":"https:\/\/files.sunoresearch.com.br\/n\/uploads\/2021\/09\/suno-logo.png","width":180,"height":180,"caption":"Suno Not\u00edcias"},"image":{"@id":"https:\/\/www.suno.com.br\/noticias\/#\/schema\/logo\/image\/"},"sameAs":["https:\/\/facebook.com\/sunoresearch","https:\/\/x.com\/sunoresearch","https:\/\/www.instagram.com\/suno","https:\/\/www.linkedin.com\/company\/suno-research\/","https:\/\/www.youtube.com\/c\/sunoresearch"]},{"@type":"Person","@id":"https:\/\/www.suno.com.br\/noticias\/#\/schema\/person\/3f7693d5795a3f6d5ce15309ee785699","name":"Renan Dantas","image":{"@type":"ImageObject","inLanguage":"pt-BR","@id":"https:\/\/www.suno.com.br\/noticias\/#\/schema\/person\/image\/","url":"https:\/\/secure.gravatar.com\/avatar\/1787b83e7484a08e51d62ac8b41c8396?s=96&r=g","contentUrl":"https:\/\/secure.gravatar.com\/avatar\/1787b83e7484a08e51d62ac8b41c8396?s=96&r=g","caption":"Renan Dantas"},"description":"Escreve sobre pol\u00edtica e mercado financeiro para o portal Suno Not\u00edcias. Antes, atuou na assessoria de comunica\u00e7\u00e3o do Minist\u00e9rio P\u00fablico do Trabalho e na R\u00e1dio Mackenzie, onde apresentava e produzia um programa sobre artistas da m\u00fasica brasileira. \u00c9 estudante na Universidade Presbiteriana Mackenzie.","url":"https:\/\/www.suno.com.br\/noticias\/author\/renan-dantas\/"}]}},"default_loop_html":"<div class=\"cardsPage__listCard__boxs\"><div class=\"cardsPage__listCard__boxs__img\"><a href=\"https:\/\/www.suno.com.br\/noticias\/paulo-guedes-reforma-da-previdencia-comissao\/\"><img class=\"mask\" src=\"https:\/\/www.suno.com.br\/noticias\/wp-content\/themes\/suno\/resources\/images\/spotlight\/spotlight1img\/bg-mask.png\" alt=\"Image Mask\"\/><img src=\"https:\/\/files.sunoresearch.com.br\/n\/uploads\/2019\/04\/eaf4e13f-paulo-guedes-400x200.webp\" alt=\"Paulo Guedes debate reforma da Previd\u00eancia em comiss\u00e3o especial na C\u00e2mara\"\/><\/a><span class=\"spotlightCategory\"><a href=\"https:\/\/www.suno.com.br\/noticias\/politica\/\">Pol\u00edtica<\/a><\/span><\/div><div class=\"cardsPage__listCard__boxs__content\"><a href=\"https:\/\/www.suno.com.br\/noticias\/paulo-guedes-reforma-da-previdencia-comissao\/\"><h2 class=\"content__title\">Paulo Guedes debate reforma da Previd\u00eancia em comiss\u00e3o especial na C\u00e2mara<\/h2><\/a><div class=\"newsContent__article__meta\"><div class=\"newsContent__article__meta__authorBox\"><a href=\"https:\/\/www.suno.com.br\/noticias\/author\/renan-dantas\/\" class=\"authorBox__avatar noMobi\"><img src=\"https:\/\/secure.gravatar.com\/avatar\/1787b83e7484a08e51d62ac8b41c8396?s=96&#038;r=g\" alt=\"Renan Dantas\"><\/a><div class=\"authorBox__name\"><span>por\n\t\t\t<a href=\"https:\/\/www.suno.com.br\/noticias\/author\/renan-dantas\/\"><span itemprop=\"author\">Renan Dantas<\/span><\/a><\/span><time datetime=\"2019-05-08T16:21:58-03:00\" itemprop=\"datePublished\">08\/05\/2019 16:21<\/time><\/div><\/div><\/div><\/div><\/div>","single_layout":"posts","amp_enabled":true,"_links":{"self":[{"href":"https:\/\/www.suno.com.br\/noticias\/wp-json\/wp\/v2\/posts\/23761"}],"collection":[{"href":"https:\/\/www.suno.com.br\/noticias\/wp-json\/wp\/v2\/posts"}],"about":[{"href":"https:\/\/www.suno.com.br\/noticias\/wp-json\/wp\/v2\/types\/post"}],"author":[{"embeddable":true,"href":"https:\/\/www.suno.com.br\/noticias\/wp-json\/wp\/v2\/users\/14"}],"replies":[{"embeddable":true,"href":"https:\/\/www.suno.com.br\/noticias\/wp-json\/wp\/v2\/comments?post=23761"}],"version-history":[{"count":0,"href":"https:\/\/www.suno.com.br\/noticias\/wp-json\/wp\/v2\/posts\/23761\/revisions"}],"wp:featuredmedia":[{"embeddable":true,"href":"https:\/\/www.suno.com.br\/noticias\/wp-json\/wp\/v2\/media\/22003"}],"wp:attachment":[{"href":"https:\/\/www.suno.com.br\/noticias\/wp-json\/wp\/v2\/media?parent=23761"}],"wp:term":[{"taxonomy":"category","embeddable":true,"href":"https:\/\/www.suno.com.br\/noticias\/wp-json\/wp\/v2\/categories?post=23761"},{"taxonomy":"post_tag","embeddable":true,"href":"https:\/\/www.suno.com.br\/noticias\/wp-json\/wp\/v2\/tags?post=23761"},{"taxonomy":"suno_strategy","embeddable":true,"href":"https:\/\/www.suno.com.br\/noticias\/wp-json\/wp\/v2\/suno_strategy?post=23761"}],"curies":[{"name":"wp","href":"https:\/\/api.w.org\/{rel}","templated":true}]}}