{"id":23750,"date":"2019-05-08T14:42:53","date_gmt":"2019-05-08T17:42:53","guid":{"rendered":"https:\/\/www.suno.com.br\/noticias\/?p=23750"},"modified":"2019-05-08T14:42:53","modified_gmt":"2019-05-08T17:42:53","slug":"bolsonaro-construir-autodromo-rio-formula-1","status":"publish","type":"post","link":"https:\/\/www.suno.com.br\/noticias\/bolsonaro-construir-autodromo-rio-formula-1\/","title":{"rendered":"Bolsonaro anuncia constru\u00e7\u00e3o de aut\u00f3dromo no Rio e F\u00f3rmula 1 ser\u00e1 na cidade"},"content":{"rendered":"<p>A <strong>F\u00f3rmula<\/strong> <strong>1<\/strong> ser\u00e1 no <strong>Rio de Janeiro<\/strong> a partir de 2020. A informa\u00e7\u00e3o foi confirmada pelo presidente Jair Bolsonaro nesta quarta-feira (8). Al\u00e9m da mudan\u00e7a de lugar da <strong>corrida,<\/strong> o presidente tamb\u00e9m anunciou a <strong>constru\u00e7\u00e3o<\/strong> de um novo <strong>aut\u00f3dromo<\/strong> na capital fluminense.<\/p>\t<div class=\"wrapper-featured-image\">\n\t\t<figure class=\"spotlightImg\">\n\n\t\t\t<picture>\n\t\t\t\t<source media=\"(max-width: 768px)\" srcset=\"https:\/\/files.sunoresearch.com.br\/n\/uploads\/2019\/05\/bd7ba2e9-bolsonaro-f\u00f3rmula-1-400x200.webp\">\n\t\t\t\t<img loading=\"lazy\" decoding=\"async\" class=\"newsContent__article__imgCapa lazyloadDisabled newsContent__article__imgCapa--noCaption\" src=\"https:\/\/files.sunoresearch.com.br\/n\/uploads\/2019\/05\/bd7ba2e9-bolsonaro-f\u00f3rmula-1-800x450.webp\" width=\"800\" height=\"450\" alt=\"Bolsonaro anuncia constru\u00e7\u00e3o de aut\u00f3dromo no Rio e F\u00f3rmula 1 ser\u00e1 na cidade\" fetchpriority=high \/>\n\t\t\t<\/picture>\n\n\t\t\t<figcaption class=\"wp-caption-text wp-caption-text--hide\">Bolsonaro<\/figcaption>\n\t\t<\/figure>\n\t<\/div>\n\n\n<p>Para isso, <strong>Bolsonaro<\/strong> fechou um acordo de coopera\u00e7\u00e3o com <strong>Wilson Witzel,<\/strong> governador do <strong>Rio de Janeiro<\/strong> e com o prefeito da capital, <strong>Marcelo Crivella.<\/strong> O novo aut\u00f3dromo ser\u00e1 feito no bairro do <strong>Deodoro.<\/strong><\/p>\n<p>Atualmente, as corridas da <strong>F\u00f3rmula 1<\/strong> acontecem na cidade de <strong>S\u00e3o Paulo,<\/strong> no <strong>aut\u00f3dromo de Interlagos,<\/strong> zona Sul da capital. A nova instala\u00e7\u00e3o deve ter capacidade em torno de 130 mil lugares.<\/p>\n\t<p>\n\t\t<a href=\"https:\/\/lp.suno.com.br\/minicurso-investindo-fiis\/\" target=\"_blank\" data-element=\"shortcode-suno-banner\" title=\"Banner SUNO, clique e saiba mais\">\n\t\t\t<picture>\n\t\t\t\t<source media=\"(max-width: 500px)\" srcset=\"https:\/\/files.sunoresearch.com.br\/n\/uploads\/2023\/03\/400x300-Minicurso-FIIS.png\">\n\t\t\t\t<img class=\"newsContent__article__imgCapa newsContent__article__imgCapa--banner\"\n\t\t\t\t\tsrc=\"https:\/\/files.sunoresearch.com.br\/n\/uploads\/2023\/03\/1420x240-Minicurso-FIIS.png\"\n\t\t\t\t\tdata-promo-id=\"383125\"\t\t\t\t\t\t\t\t\t\twidth='1420' height='240'\t\t\t\t\talt=\"https:\/\/files.sunoresearch.com.br\/n\/uploads\/2023\/03\/1420x240-Minicurso-FIIS.png\"\n\t\t\t\t>\n\t\t\t<\/picture>\n\t\t<\/a>\n\t<\/p>\n\n\n<h2>Bolsonaro fala em gera\u00e7\u00e3o de empregos<\/h2>\n<p>O presidente afirmou que a obra deve ficar pronta em meses. Al\u00e9m disso, ele justificou a troca de cidade por conta de d\u00edvidas. <strong>Bolsonaro<\/strong> ressaltou ainda que a medida vai trazer benef\u00edcios n\u00e3o s\u00f3 para o <strong>Rio,<\/strong> mas para todo o Pa\u00eds.<\/p>\n<p><a href=\"https:\/\/www.suno.com.br\/noticias\/governo-liberar-estados-plano-socorro\/\">Saiba Mais: Governo deve liberar at\u00e9 R$ 40 bi em 4 anos a Estados em plano de socorro<\/a><\/p>\n<p>\u201cS\u00e3o Paulo, como havia participa\u00e7\u00e3o p\u00fablica e uma d\u00edvida enorme, tornou-se invi\u00e1vel a perman\u00eancia da <strong>F\u00f3rmula<\/strong> <strong>1<\/strong> l\u00e1. Ent\u00e3o, vieram para o <strong>Rio de Janeiro,<\/strong> e o <strong>aut\u00f3dromo<\/strong> ser\u00e1 constru\u00eddo em seis, sete meses, ap\u00f3s o in\u00edcio das obras. De modo que, pela ocasi\u00e3o da F\u00f3rmula 1 do ano que vem, ela ser\u00e1 realizada no Rio. Ser\u00e3o milhares de <strong>empregos,<\/strong> setor <strong>hoteleiro<\/strong> feliz com toda certeza, 7 mil <strong>empregos<\/strong> diretos e indiretos para sempre. Ganha o Rio de Janeiro, ganha o Brasil. Sem nenhum dinheiro p\u00fablico\u201d, disse o <strong>presidente.<\/strong><\/p>\n<p>Ainda de acordo com o l\u00edder do <strong>Executivo,<\/strong> o novo <strong>aut\u00f3dromo<\/strong> ser\u00e1 feito em um terreno cedido pelo <strong>Ex\u00e9rcito.<\/strong>\u00a0O projeto para a constru\u00e7\u00e3o do novo palco para as corridas \u00e9 questionado pela C\u00e2mara Municipal do Rio de Janeiro. Sobre isso, Witzel afirmou que o estado est\u00e1 empenhado no andamento do projeto.<\/p>\n<p><a href=\"https:\/\/www.suno.com.br\/noticias\/setor-construcao-reduz-cni\/\">Saiba Mais: CNI: inten\u00e7\u00e3o de investimento no setor de constru\u00e7\u00e3o \u00e9 reduzida<\/a><\/p>\n<p>Dessa forma, ele afirma que os empecilhos s\u00e3o colocados pelos vereadores, na esfera do Legislativo municipal. Nesse sentido, o principal motivo da oposi\u00e7\u00e3o ao projeto do presidente <strong>Jair Bolsonaro<\/strong>\u00a0s\u00e3o as quest\u00f5es ambientais.<\/p>\n","protected":false},"excerpt":{"rendered":"<p>A F\u00f3rmula 1 ser\u00e1 no Rio de Janeiro a partir de 2020. A informa\u00e7\u00e3o foi confirmada pelo presidente Jair Bolsonaro nesta quarta-feira (8). Al\u00e9m da mudan\u00e7a de lugar da corrida, o presidente tamb\u00e9m anunciou a constru\u00e7\u00e3o de um novo aut\u00f3dromo na capital fluminense. Bolsonaro Para isso, Bolsonaro fechou um acordo de coopera\u00e7\u00e3o com Wilson Witzel, [&hellip;]<\/p>\n","protected":false},"author":16,"featured_media":23753,"comment_status":"closed","ping_status":"closed","sticky":false,"template":"","format":"standard","meta":[],"categories":[62],"tags":[802],"suno_strategy":[],"class_list":["post-23750","post","type-post","status-publish","format-standard","has-post-thumbnail","hentry","category-economia","tag-rio-de-janeiro"],"yoast_head":"<!-- This site is optimized with the Yoast SEO plugin v24.4 - https:\/\/yoast.com\/wordpress\/plugins\/seo\/ -->\n<title>Bolsonaro vai construir aut\u00f3dromo no Rio e F\u00f3rmula 1 ser\u00e1 na cidade<\/title>\n<meta name=\"description\" content=\"O an\u00fancio foi feito por Bolsonaro que fechou um acordo de coopera\u00e7\u00e3o com o governador do Rio de Janeiro Wilson Witzel. Clique e saiba mais.\" \/>\n<meta name=\"robots\" content=\"index, follow, max-snippet:-1, max-image-preview:large, max-video-preview:-1\" \/>\n<link rel=\"canonical\" href=\"https:\/\/www.suno.com.br\/noticias\/bolsonaro-construir-autodromo-rio-formula-1\/\" \/>\n<meta property=\"og:locale\" content=\"pt_BR\" \/>\n<meta property=\"og:type\" content=\"article\" \/>\n<meta property=\"og:title\" content=\"Bolsonaro vai construir aut\u00f3dromo no Rio e F\u00f3rmula 1 ser\u00e1 na cidade\" \/>\n<meta property=\"og:description\" content=\"O an\u00fancio foi feito por Bolsonaro que fechou um acordo de coopera\u00e7\u00e3o com o governador do Rio de Janeiro Wilson Witzel. Clique e saiba mais.\" \/>\n<meta property=\"og:url\" content=\"https:\/\/www.suno.com.br\/noticias\/bolsonaro-construir-autodromo-rio-formula-1\/\" \/>\n<meta property=\"og:site_name\" content=\"Suno Not\u00edcias\" \/>\n<meta property=\"article:publisher\" content=\"https:\/\/facebook.com\/sunoresearch\" \/>\n<meta property=\"og:image\" content=\"https:\/\/files.sunoresearch.com.br\/n\/uploads\/2019\/05\/bd7ba2e9-bolsonaro-f\u00f3rmula-1.jpg\" \/>\n\t<meta property=\"og:image:width\" content=\"2048\" \/>\n\t<meta property=\"og:image:height\" content=\"979\" \/>\n\t<meta property=\"og:image:type\" content=\"image\/jpeg\" \/>\n<meta name=\"author\" content=\"Beatriz Oliveira\" \/>\n<meta name=\"twitter:card\" content=\"summary_large_image\" \/>\n<meta name=\"twitter:creator\" content=\"@sunoresearch\" \/>\n<meta name=\"twitter:site\" content=\"@sunoresearch\" \/>\n<meta name=\"twitter:label1\" content=\"Escrito por\" \/>\n\t<meta name=\"twitter:data1\" content=\"Beatriz Oliveira\" \/>\n\t<meta name=\"twitter:label2\" content=\"Est. tempo de leitura\" \/>\n\t<meta name=\"twitter:data2\" content=\"2 minutos\" \/>\n<script type=\"application\/ld+json\" class=\"yoast-schema-graph\">{\"@context\":\"https:\/\/schema.org\",\"@graph\":[{\"@type\":\"NewsArticle\",\"@id\":\"https:\/\/www.suno.com.br\/noticias\/bolsonaro-construir-autodromo-rio-formula-1\/#article\",\"isPartOf\":{\"@id\":\"https:\/\/www.suno.com.br\/noticias\/bolsonaro-construir-autodromo-rio-formula-1\/\"},\"author\":{\"name\":\"Beatriz Oliveira\",\"@id\":\"https:\/\/www.suno.com.br\/noticias\/#\/schema\/person\/e67f665add014bf99f644028de070cc3\"},\"headline\":\"Bolsonaro anuncia constru\u00e7\u00e3o de aut\u00f3dromo no Rio e F\u00f3rmula 1 ser\u00e1 na cidade\",\"datePublished\":\"2019-05-08T17:42:53+00:00\",\"mainEntityOfPage\":{\"@id\":\"https:\/\/www.suno.com.br\/noticias\/bolsonaro-construir-autodromo-rio-formula-1\/\"},\"wordCount\":412,\"publisher\":{\"@id\":\"https:\/\/www.suno.com.br\/noticias\/#organization\"},\"image\":{\"@id\":\"https:\/\/www.suno.com.br\/noticias\/bolsonaro-construir-autodromo-rio-formula-1\/#primaryimage\"},\"thumbnailUrl\":\"https:\/\/files.sunoresearch.com.br\/n\/uploads\/2019\/05\/bd7ba2e9-bolsonaro-f\u00f3rmula-1-jpg.webp\",\"keywords\":[\"Rio de Janeiro\"],\"articleSection\":[\"Economia\"],\"inLanguage\":\"pt-BR\"},{\"@type\":\"WebPage\",\"@id\":\"https:\/\/www.suno.com.br\/noticias\/bolsonaro-construir-autodromo-rio-formula-1\/\",\"url\":\"https:\/\/www.suno.com.br\/noticias\/bolsonaro-construir-autodromo-rio-formula-1\/\",\"name\":\"Bolsonaro vai construir aut\u00f3dromo no Rio e F\u00f3rmula 1 ser\u00e1 na cidade\",\"isPartOf\":{\"@id\":\"https:\/\/www.suno.com.br\/noticias\/#website\"},\"primaryImageOfPage\":{\"@id\":\"https:\/\/www.suno.com.br\/noticias\/bolsonaro-construir-autodromo-rio-formula-1\/#primaryimage\"},\"image\":{\"@id\":\"https:\/\/www.suno.com.br\/noticias\/bolsonaro-construir-autodromo-rio-formula-1\/#primaryimage\"},\"thumbnailUrl\":\"https:\/\/files.sunoresearch.com.br\/n\/uploads\/2019\/05\/bd7ba2e9-bolsonaro-f\u00f3rmula-1-jpg.webp\",\"datePublished\":\"2019-05-08T17:42:53+00:00\",\"description\":\"O an\u00fancio foi feito por Bolsonaro que fechou um acordo de coopera\u00e7\u00e3o com o governador do Rio de Janeiro Wilson Witzel. Clique e saiba mais.\",\"breadcrumb\":{\"@id\":\"https:\/\/www.suno.com.br\/noticias\/bolsonaro-construir-autodromo-rio-formula-1\/#breadcrumb\"},\"inLanguage\":\"pt-BR\",\"potentialAction\":[{\"@type\":\"ReadAction\",\"target\":[\"https:\/\/www.suno.com.br\/noticias\/bolsonaro-construir-autodromo-rio-formula-1\/\"]}]},{\"@type\":\"ImageObject\",\"inLanguage\":\"pt-BR\",\"@id\":\"https:\/\/www.suno.com.br\/noticias\/bolsonaro-construir-autodromo-rio-formula-1\/#primaryimage\",\"url\":\"https:\/\/files.sunoresearch.com.br\/n\/uploads\/2019\/05\/bd7ba2e9-bolsonaro-f\u00f3rmula-1-jpg.webp\",\"contentUrl\":\"https:\/\/files.sunoresearch.com.br\/n\/uploads\/2019\/05\/bd7ba2e9-bolsonaro-f\u00f3rmula-1-jpg.webp\",\"width\":2048,\"height\":979,\"caption\":\"Bolsonaro\"},{\"@type\":\"BreadcrumbList\",\"@id\":\"https:\/\/www.suno.com.br\/noticias\/bolsonaro-construir-autodromo-rio-formula-1\/#breadcrumb\",\"itemListElement\":[{\"@type\":\"ListItem\",\"position\":1,\"name\":\"Not\u00edcias\",\"item\":\"https:\/\/www.suno.com.br\/noticias\/\"},{\"@type\":\"ListItem\",\"position\":2,\"name\":\"Economia\",\"item\":\"https:\/\/www.suno.com.br\/noticias\/economia\/\"},{\"@type\":\"ListItem\",\"position\":3,\"name\":\"Bolsonaro anuncia constru\u00e7\u00e3o de aut\u00f3dromo no Rio e F\u00f3rmula 1 ser\u00e1 na cidade\"}]},{\"@type\":\"WebSite\",\"@id\":\"https:\/\/www.suno.com.br\/noticias\/#website\",\"url\":\"https:\/\/www.suno.com.br\/noticias\/\",\"name\":\"Suno Not\u00edcias\",\"description\":\"Seu portal de informa\u00e7\u00e3o sobre o mundo dos investimentos\",\"publisher\":{\"@id\":\"https:\/\/www.suno.com.br\/noticias\/#organization\"},\"potentialAction\":[{\"@type\":\"SearchAction\",\"target\":{\"@type\":\"EntryPoint\",\"urlTemplate\":\"https:\/\/www.suno.com.br\/noticias\/?s={search_term_string}\"},\"query-input\":{\"@type\":\"PropertyValueSpecification\",\"valueRequired\":true,\"valueName\":\"search_term_string\"}}],\"inLanguage\":\"pt-BR\"},{\"@type\":\"Organization\",\"@id\":\"https:\/\/www.suno.com.br\/noticias\/#organization\",\"name\":\"Suno Not\u00edcias\",\"url\":\"https:\/\/www.suno.com.br\/noticias\/\",\"logo\":{\"@type\":\"ImageObject\",\"inLanguage\":\"pt-BR\",\"@id\":\"https:\/\/www.suno.com.br\/noticias\/#\/schema\/logo\/image\/\",\"url\":\"https:\/\/files.sunoresearch.com.br\/n\/uploads\/2021\/09\/suno-logo.png\",\"contentUrl\":\"https:\/\/files.sunoresearch.com.br\/n\/uploads\/2021\/09\/suno-logo.png\",\"width\":180,\"height\":180,\"caption\":\"Suno Not\u00edcias\"},\"image\":{\"@id\":\"https:\/\/www.suno.com.br\/noticias\/#\/schema\/logo\/image\/\"},\"sameAs\":[\"https:\/\/facebook.com\/sunoresearch\",\"https:\/\/x.com\/sunoresearch\",\"https:\/\/www.instagram.com\/suno\",\"https:\/\/www.linkedin.com\/company\/suno-research\/\",\"https:\/\/www.youtube.com\/c\/sunoresearch\"]},{\"@type\":\"Person\",\"@id\":\"https:\/\/www.suno.com.br\/noticias\/#\/schema\/person\/e67f665add014bf99f644028de070cc3\",\"name\":\"Beatriz Oliveira\",\"image\":{\"@type\":\"ImageObject\",\"inLanguage\":\"pt-BR\",\"@id\":\"https:\/\/www.suno.com.br\/noticias\/#\/schema\/person\/image\/\",\"url\":\"https:\/\/secure.gravatar.com\/avatar\/c9aa6a0aaecc598d257d5d5bd349157d?s=96&r=g\",\"contentUrl\":\"https:\/\/secure.gravatar.com\/avatar\/c9aa6a0aaecc598d257d5d5bd349157d?s=96&r=g\",\"caption\":\"Beatriz Oliveira\"},\"description\":\"Formada em Jornalismo pela Faculdade Paulus de Tecnologia e Comunica\u00e7\u00e3o, Beatriz Oliveira escreve para o portal de not\u00edcias Suno Research. Antes, passou pelas reda\u00e7\u00f5es da Revista EXAME e da Rede Bandeirantes.\",\"url\":\"https:\/\/www.suno.com.br\/noticias\/author\/beatriz\/\"}]}<\/script>\n<!-- \/ Yoast SEO plugin. -->","yoast_head_json":{"title":"Bolsonaro vai construir aut\u00f3dromo no Rio e F\u00f3rmula 1 ser\u00e1 na cidade","description":"O an\u00fancio foi feito por Bolsonaro que fechou um acordo de coopera\u00e7\u00e3o com o governador do Rio de Janeiro Wilson Witzel. Clique e saiba mais.","robots":{"index":"index","follow":"follow","max-snippet":"max-snippet:-1","max-image-preview":"max-image-preview:large","max-video-preview":"max-video-preview:-1"},"canonical":"https:\/\/www.suno.com.br\/noticias\/bolsonaro-construir-autodromo-rio-formula-1\/","og_locale":"pt_BR","og_type":"article","og_title":"Bolsonaro vai construir aut\u00f3dromo no Rio e F\u00f3rmula 1 ser\u00e1 na cidade","og_description":"O an\u00fancio foi feito por Bolsonaro que fechou um acordo de coopera\u00e7\u00e3o com o governador do Rio de Janeiro Wilson Witzel. Clique e saiba mais.","og_url":"https:\/\/www.suno.com.br\/noticias\/bolsonaro-construir-autodromo-rio-formula-1\/","og_site_name":"Suno Not\u00edcias","article_publisher":"https:\/\/facebook.com\/sunoresearch","og_image":[{"width":2048,"height":979,"url":"https:\/\/files.sunoresearch.com.br\/n\/uploads\/2019\/05\/bd7ba2e9-bolsonaro-f\u00f3rmula-1.jpg","type":"image\/jpeg"}],"author":"Beatriz Oliveira","twitter_card":"summary_large_image","twitter_creator":"@sunoresearch","twitter_site":"@sunoresearch","twitter_misc":{"Escrito por":"Beatriz Oliveira","Est. tempo de leitura":"2 minutos"},"schema":{"@context":"https:\/\/schema.org","@graph":[{"@type":"NewsArticle","@id":"https:\/\/www.suno.com.br\/noticias\/bolsonaro-construir-autodromo-rio-formula-1\/#article","isPartOf":{"@id":"https:\/\/www.suno.com.br\/noticias\/bolsonaro-construir-autodromo-rio-formula-1\/"},"author":{"name":"Beatriz Oliveira","@id":"https:\/\/www.suno.com.br\/noticias\/#\/schema\/person\/e67f665add014bf99f644028de070cc3"},"headline":"Bolsonaro anuncia constru\u00e7\u00e3o de aut\u00f3dromo no Rio e F\u00f3rmula 1 ser\u00e1 na cidade","datePublished":"2019-05-08T17:42:53+00:00","mainEntityOfPage":{"@id":"https:\/\/www.suno.com.br\/noticias\/bolsonaro-construir-autodromo-rio-formula-1\/"},"wordCount":412,"publisher":{"@id":"https:\/\/www.suno.com.br\/noticias\/#organization"},"image":{"@id":"https:\/\/www.suno.com.br\/noticias\/bolsonaro-construir-autodromo-rio-formula-1\/#primaryimage"},"thumbnailUrl":"https:\/\/files.sunoresearch.com.br\/n\/uploads\/2019\/05\/bd7ba2e9-bolsonaro-f\u00f3rmula-1-jpg.webp","keywords":["Rio de Janeiro"],"articleSection":["Economia"],"inLanguage":"pt-BR"},{"@type":"WebPage","@id":"https:\/\/www.suno.com.br\/noticias\/bolsonaro-construir-autodromo-rio-formula-1\/","url":"https:\/\/www.suno.com.br\/noticias\/bolsonaro-construir-autodromo-rio-formula-1\/","name":"Bolsonaro vai construir aut\u00f3dromo no Rio e F\u00f3rmula 1 ser\u00e1 na cidade","isPartOf":{"@id":"https:\/\/www.suno.com.br\/noticias\/#website"},"primaryImageOfPage":{"@id":"https:\/\/www.suno.com.br\/noticias\/bolsonaro-construir-autodromo-rio-formula-1\/#primaryimage"},"image":{"@id":"https:\/\/www.suno.com.br\/noticias\/bolsonaro-construir-autodromo-rio-formula-1\/#primaryimage"},"thumbnailUrl":"https:\/\/files.sunoresearch.com.br\/n\/uploads\/2019\/05\/bd7ba2e9-bolsonaro-f\u00f3rmula-1-jpg.webp","datePublished":"2019-05-08T17:42:53+00:00","description":"O an\u00fancio foi feito por Bolsonaro que fechou um acordo de coopera\u00e7\u00e3o com o governador do Rio de Janeiro Wilson Witzel. Clique e saiba mais.","breadcrumb":{"@id":"https:\/\/www.suno.com.br\/noticias\/bolsonaro-construir-autodromo-rio-formula-1\/#breadcrumb"},"inLanguage":"pt-BR","potentialAction":[{"@type":"ReadAction","target":["https:\/\/www.suno.com.br\/noticias\/bolsonaro-construir-autodromo-rio-formula-1\/"]}]},{"@type":"ImageObject","inLanguage":"pt-BR","@id":"https:\/\/www.suno.com.br\/noticias\/bolsonaro-construir-autodromo-rio-formula-1\/#primaryimage","url":"https:\/\/files.sunoresearch.com.br\/n\/uploads\/2019\/05\/bd7ba2e9-bolsonaro-f\u00f3rmula-1-jpg.webp","contentUrl":"https:\/\/files.sunoresearch.com.br\/n\/uploads\/2019\/05\/bd7ba2e9-bolsonaro-f\u00f3rmula-1-jpg.webp","width":2048,"height":979,"caption":"Bolsonaro"},{"@type":"BreadcrumbList","@id":"https:\/\/www.suno.com.br\/noticias\/bolsonaro-construir-autodromo-rio-formula-1\/#breadcrumb","itemListElement":[{"@type":"ListItem","position":1,"name":"Not\u00edcias","item":"https:\/\/www.suno.com.br\/noticias\/"},{"@type":"ListItem","position":2,"name":"Economia","item":"https:\/\/www.suno.com.br\/noticias\/economia\/"},{"@type":"ListItem","position":3,"name":"Bolsonaro anuncia constru\u00e7\u00e3o de aut\u00f3dromo no Rio e F\u00f3rmula 1 ser\u00e1 na cidade"}]},{"@type":"WebSite","@id":"https:\/\/www.suno.com.br\/noticias\/#website","url":"https:\/\/www.suno.com.br\/noticias\/","name":"Suno Not\u00edcias","description":"Seu portal de informa\u00e7\u00e3o sobre o mundo dos investimentos","publisher":{"@id":"https:\/\/www.suno.com.br\/noticias\/#organization"},"potentialAction":[{"@type":"SearchAction","target":{"@type":"EntryPoint","urlTemplate":"https:\/\/www.suno.com.br\/noticias\/?s={search_term_string}"},"query-input":{"@type":"PropertyValueSpecification","valueRequired":true,"valueName":"search_term_string"}}],"inLanguage":"pt-BR"},{"@type":"Organization","@id":"https:\/\/www.suno.com.br\/noticias\/#organization","name":"Suno Not\u00edcias","url":"https:\/\/www.suno.com.br\/noticias\/","logo":{"@type":"ImageObject","inLanguage":"pt-BR","@id":"https:\/\/www.suno.com.br\/noticias\/#\/schema\/logo\/image\/","url":"https:\/\/files.sunoresearch.com.br\/n\/uploads\/2021\/09\/suno-logo.png","contentUrl":"https:\/\/files.sunoresearch.com.br\/n\/uploads\/2021\/09\/suno-logo.png","width":180,"height":180,"caption":"Suno Not\u00edcias"},"image":{"@id":"https:\/\/www.suno.com.br\/noticias\/#\/schema\/logo\/image\/"},"sameAs":["https:\/\/facebook.com\/sunoresearch","https:\/\/x.com\/sunoresearch","https:\/\/www.instagram.com\/suno","https:\/\/www.linkedin.com\/company\/suno-research\/","https:\/\/www.youtube.com\/c\/sunoresearch"]},{"@type":"Person","@id":"https:\/\/www.suno.com.br\/noticias\/#\/schema\/person\/e67f665add014bf99f644028de070cc3","name":"Beatriz Oliveira","image":{"@type":"ImageObject","inLanguage":"pt-BR","@id":"https:\/\/www.suno.com.br\/noticias\/#\/schema\/person\/image\/","url":"https:\/\/secure.gravatar.com\/avatar\/c9aa6a0aaecc598d257d5d5bd349157d?s=96&r=g","contentUrl":"https:\/\/secure.gravatar.com\/avatar\/c9aa6a0aaecc598d257d5d5bd349157d?s=96&r=g","caption":"Beatriz Oliveira"},"description":"Formada em Jornalismo pela Faculdade Paulus de Tecnologia e Comunica\u00e7\u00e3o, Beatriz Oliveira escreve para o portal de not\u00edcias Suno Research. Antes, passou pelas reda\u00e7\u00f5es da Revista EXAME e da Rede Bandeirantes.","url":"https:\/\/www.suno.com.br\/noticias\/author\/beatriz\/"}]}},"default_loop_html":"<div class=\"cardsPage__listCard__boxs\"><div class=\"cardsPage__listCard__boxs__img\"><a href=\"https:\/\/www.suno.com.br\/noticias\/bolsonaro-construir-autodromo-rio-formula-1\/\"><img class=\"mask\" src=\"https:\/\/www.suno.com.br\/noticias\/wp-content\/themes\/suno\/resources\/images\/spotlight\/spotlight1img\/bg-mask.png\" alt=\"Image Mask\"\/><img src=\"https:\/\/files.sunoresearch.com.br\/n\/uploads\/2019\/05\/bd7ba2e9-bolsonaro-f\u00f3rmula-1-400x200.webp\" alt=\"Bolsonaro anuncia constru\u00e7\u00e3o de aut\u00f3dromo no Rio e F\u00f3rmula 1 ser\u00e1 na cidade\"\/><\/a><span class=\"spotlightCategory\"><a href=\"https:\/\/www.suno.com.br\/noticias\/economia\/\">Economia<\/a><\/span><\/div><div class=\"cardsPage__listCard__boxs__content\"><a href=\"https:\/\/www.suno.com.br\/noticias\/bolsonaro-construir-autodromo-rio-formula-1\/\"><h2 class=\"content__title\">Bolsonaro anuncia constru\u00e7\u00e3o de aut\u00f3dromo no Rio e F\u00f3rmula 1 ser\u00e1 na cidade<\/h2><\/a><div class=\"newsContent__article__meta\"><div class=\"newsContent__article__meta__authorBox\"><a href=\"https:\/\/www.suno.com.br\/noticias\/author\/beatriz\/\" class=\"authorBox__avatar noMobi\"><img src=\"https:\/\/secure.gravatar.com\/avatar\/c9aa6a0aaecc598d257d5d5bd349157d?s=96&#038;r=g\" alt=\"Beatriz Oliveira\"><\/a><div class=\"authorBox__name\"><span>por\n\t\t\t<a href=\"https:\/\/www.suno.com.br\/noticias\/author\/beatriz\/\"><span itemprop=\"author\">Beatriz Oliveira<\/span><\/a><\/span><time datetime=\"2019-05-08T14:42:53-03:00\" itemprop=\"datePublished\">08\/05\/2019 14:42<\/time><\/div><\/div><\/div><\/div><\/div>","single_layout":"posts","amp_enabled":true,"_links":{"self":[{"href":"https:\/\/www.suno.com.br\/noticias\/wp-json\/wp\/v2\/posts\/23750"}],"collection":[{"href":"https:\/\/www.suno.com.br\/noticias\/wp-json\/wp\/v2\/posts"}],"about":[{"href":"https:\/\/www.suno.com.br\/noticias\/wp-json\/wp\/v2\/types\/post"}],"author":[{"embeddable":true,"href":"https:\/\/www.suno.com.br\/noticias\/wp-json\/wp\/v2\/users\/16"}],"replies":[{"embeddable":true,"href":"https:\/\/www.suno.com.br\/noticias\/wp-json\/wp\/v2\/comments?post=23750"}],"version-history":[{"count":0,"href":"https:\/\/www.suno.com.br\/noticias\/wp-json\/wp\/v2\/posts\/23750\/revisions"}],"wp:featuredmedia":[{"embeddable":true,"href":"https:\/\/www.suno.com.br\/noticias\/wp-json\/wp\/v2\/media\/23753"}],"wp:attachment":[{"href":"https:\/\/www.suno.com.br\/noticias\/wp-json\/wp\/v2\/media?parent=23750"}],"wp:term":[{"taxonomy":"category","embeddable":true,"href":"https:\/\/www.suno.com.br\/noticias\/wp-json\/wp\/v2\/categories?post=23750"},{"taxonomy":"post_tag","embeddable":true,"href":"https:\/\/www.suno.com.br\/noticias\/wp-json\/wp\/v2\/tags?post=23750"},{"taxonomy":"suno_strategy","embeddable":true,"href":"https:\/\/www.suno.com.br\/noticias\/wp-json\/wp\/v2\/suno_strategy?post=23750"}],"curies":[{"name":"wp","href":"https:\/\/api.w.org\/{rel}","templated":true}]}}