{"id":237195,"date":"2022-03-03T18:15:34","date_gmt":"2022-03-03T21:15:34","guid":{"rendered":"https:\/\/www.suno.com.br\/noticias\/?p=237195"},"modified":"2022-03-03T18:15:34","modified_gmt":"2022-03-03T21:15:34","slug":"russia-ucrania-entendimento-retirada-civis","status":"publish","type":"post","link":"https:\/\/www.suno.com.br\/noticias\/russia-ucrania-entendimento-retirada-civis\/","title":{"rendered":"R\u00fassia e Ucr\u00e2nia chegam a entendimento sobre retirada de civis"},"content":{"rendered":"<p><span style=\"font-weight: 400;\"><strong>R\u00fassia<\/strong> e Ucr\u00e2nia chegaram a um entendimento nesta tarde (3) sobre a forma\u00e7\u00e3o de corredores humanit\u00e1rios e a suspens\u00e3o das hostilidades ao redor destes para a evacua\u00e7\u00e3o de civis que est\u00e3o fugindo da guerra, segundo informou a ag\u00eancia <\/span><i><span style=\"font-weight: 400;\">Reuters<\/span><\/i><span style=\"font-weight: 400;\">.<\/span><\/p>\t<div class=\"wrapper-featured-image\">\n\t\t<figure class=\"spotlightImg\">\n\n\t\t\t<picture>\n\t\t\t\t<source media=\"(max-width: 768px)\" srcset=\"https:\/\/files.sunoresearch.com.br\/n\/uploads\/2022\/03\/51915501008_bb5b8de2aa_o-400x200.jpg\">\n\t\t\t\t<img loading=\"lazy\" decoding=\"async\" class=\"newsContent__article__imgCapa lazyloadDisabled \" src=\"https:\/\/files.sunoresearch.com.br\/n\/uploads\/2022\/03\/51915501008_bb5b8de2aa_o-800x450.jpg\" width=\"800\" height=\"450\" alt=\"R\u00fassia e Ucr\u00e2nia chegam a entendimento sobre retirada de civis\" fetchpriority=high \/>\n\t\t\t<\/picture>\n\n\t\t\t<figcaption class=\"wp-caption-text wp-caption-text--show\">R\u00fassia e Ucr\u00e2nia chegam a entendimento sobre retirada de civis. Na imagem, fam\u00edlia de ucranianos busca ref\u00fagio de bombas em metr\u00f4 de Kiev. Foto: Oleksandr Ratushnyak \/ UNDP Ukraine<\/figcaption>\n\t\t<\/figure>\n\t<\/div>\n\n\n\t<p>\n\t\t<a href=\"https:\/\/lp.suno.com.br\/planilha-controle-gastos\/\" target=\"_blank\" data-element=\"shortcode-suno-banner\" title=\"Banner SUNO, clique e saiba mais\">\n\t\t\t<picture>\n\t\t\t\t<source media=\"(max-width: 500px)\" srcset=\"https:\/\/files.sunoresearch.com.br\/n\/uploads\/2023\/03\/400x300-Planilha-controle-de-gastos.png\">\n\t\t\t\t<img class=\"newsContent__article__imgCapa newsContent__article__imgCapa--banner\"\n\t\t\t\t\tsrc=\"https:\/\/files.sunoresearch.com.br\/n\/uploads\/2023\/03\/1420x240-Planilha-controle-de-gastos.png\"\n\t\t\t\t\tdata-promo-id=\"101751\"\t\t\t\t\t\t\t\t\t\twidth='1420' height='240'\t\t\t\t\talt=\"https:\/\/files.sunoresearch.com.br\/n\/uploads\/2023\/03\/1420x240-Planilha-controle-de-gastos.png\"\n\t\t\t\t>\n\t\t\t<\/picture>\n\t\t<\/a>\n\t<\/p>\n\n\n<p><span style=\"font-weight: 400;\">O entendimento marca o come\u00e7o da <strong>segunda semana<\/strong> de hostilidades entre os dois pa\u00edses. Na \u00faltima quinta-feira (24), tropas russas invadiram a Ucr\u00e2nia sob o pretexto de uma for\u00e7a de paz a favor de regi\u00f5es autoproclamadas independentes.<\/span><\/p>\n<p><span style=\"font-weight: 400;\">O presidente russo, <strong>Vladimir Putin<\/strong>, no entanto, vinha fazendo duras cr\u00edticas \u00e0 possibilidade de a <strong>Ucr\u00e2nia<\/strong> ser aceita na alian\u00e7a militar Organiza\u00e7\u00e3o do Tratado do Atl\u00e2ntico Norte (Otan).<\/span><\/p>\n<p><span style=\"font-weight: 400;\">N\u00e3o h\u00e1 informa\u00e7\u00f5es se o esquema de log\u00edstica atender\u00e1 tamb\u00e9m a retirada de <strong>soldados feridos<\/strong> ou <strong>mortos<\/strong> nas regi\u00f5es sitiadas, como a cidade portu\u00e1ria de Mariupol, na fronteira entre os dois pa\u00edses.\u00a0\u00a0<\/span><\/p>\n<p><span style=\"font-weight: 400;\">A regi\u00e3o, sob forte bombardeio russo desde o in\u00edcio da guerra, n\u00e3o tem \u00e1gua, esgoto, energia ou fluxo de alimentos desde que tropas russas cercaram a regi\u00e3o.<\/span><\/p>\n<p><span style=\"font-weight: 400;\">Segundo oficiais ucranianos, os civis n\u00e3o podem deixar a cidade. As autoridades tamb\u00e9m acusam o <strong>ex\u00e9rcito da R\u00fassia<\/strong> de mirar constru\u00e7\u00f5es civis como subesta\u00e7\u00f5es de energia e de g\u00e1s.<\/span><\/p>\n\n\t<div data-element=\"shortcode-read-more\" class=\"readToo\">\n\t\t\t\t<ul class=\"readToo__list\">\n\t\t\t<li><a href=\"https:\/\/www.suno.com.br\/noticias\/russia-ibovespa-impacto-guerra-acoes\/\">R\u00fassia e Ibovespa: Veja o impacto da primeira semana da guerra nas a\u00e7\u00f5es<\/a><\/li><li><a href=\"https:\/\/www.suno.com.br\/noticias\/bancos-brasileiros-exposicao-russia-americanos\/\">Bancos brasileiros t\u00eam exposi\u00e7\u00e3o \u00e0 R\u00fassia tr\u00eas mil vezes menor que os americanos<\/a><\/li>\t\t<\/ul>\n\t<\/div>\n\n\n<p><span style=\"font-weight: 400;\">Em reuni\u00e3o nesta quinta-feira (3), negociadores russos e ucranianos discutiram tamb\u00e9m um poss\u00edvel cessar-fogo para a <strong>guerra entre Ucr\u00e2nia e R\u00fassia<\/strong>, mas sem sucesso.<\/span><\/p>\n\t<p>\n\t\t<a href=\"\" target=\"_blank\" data-element=\"shortcode-suno-banner\" title=\"Banner SUNO, clique e saiba mais\">\n\t\t\t<picture>\n\t\t\t\t<source media=\"(max-width: 500px)\" srcset=\"\">\n\t\t\t\t<img class=\"newsContent__article__imgCapa newsContent__article__imgCapa--banner\"\n\t\t\t\t\tsrc=\"\"\n\t\t\t\t\tdata-promo-id=\"77030\"\t\t\t\t\t\t\t\t\t\t\t\t\t\t\talt=\"\"\n\t\t\t\t>\n\t\t\t<\/picture>\n\t\t<\/a>\n\t<\/p>\n\n\n<p><span style=\"font-weight: 400;\">Em outra frente da guerra, fontes da intelig\u00eancia brit\u00e2nica apontam que o principal <strong>comboio de ve\u00edculos militares da R\u00fassia<\/strong> fez pouco progresso durante os \u00faltimos tr\u00eas dias em dire\u00e7\u00e3o \u00e0 capital da Ucr\u00e2nia, Kiev.\u00a0<\/span><\/p>\n<p><span style=\"font-weight: 400;\">O cen\u00e1rio para esta segunda semana de hostilidades segue incerto, e a coluna militar est\u00e1 parada \u00e0 30 km da capital, detida pela resist\u00eancia ucraniana maior que esperada.<\/span><\/p>\n<p><span style=\"font-weight: 400;\">Apesar do bombardeio russo as maiores cidades do pa\u00eds, como Kharkiv, Chernihiv e Mariupol,\u00a0 continuam sob controle ucraniano.<\/span><\/p>\n<p><span style=\"font-weight: 400;\">Autoridades da <strong>R\u00fassia<\/strong> disseram que 498 soldados russos foram mortos e outros 1.597 ficaram feridos na guerra contra a Ucr\u00e2nia.<\/span><\/p>\n\t<p>\n\t\t<a href=\"\" target=\"_blank\" data-element=\"shortcode-suno-banner\" title=\"Banner SUNO, clique e saiba mais\">\n\t\t\t<picture>\n\t\t\t\t<source media=\"(max-width: 500px)\" srcset=\"\">\n\t\t\t\t<img class=\"newsContent__article__imgCapa newsContent__article__imgCapa--banner\"\n\t\t\t\t\tsrc=\"\"\n\t\t\t\t\tdata-promo-id=\"92668\"\t\t\t\t\t\t\t\t\t\t\t\t\t\t\talt=\"\"\n\t\t\t\t>\n\t\t\t<\/picture>\n\t\t<\/a>\n\t<\/p>\n\n\n","protected":false},"excerpt":{"rendered":"<p>R\u00fassia e Ucr\u00e2nia chegaram a um entendimento nesta tarde (3) sobre a forma\u00e7\u00e3o de corredores humanit\u00e1rios e a suspens\u00e3o das hostilidades ao redor destes para a evacua\u00e7\u00e3o de civis que est\u00e3o fugindo da guerra, segundo informou a ag\u00eancia Reuters. Bolsa de Moscou ter\u00e1 reabertura parcial &#8211; Foto: Pexels. O entendimento marca o come\u00e7o da segunda [&hellip;]<\/p>\n","protected":false},"author":145,"featured_media":237224,"comment_status":"closed","ping_status":"closed","sticky":false,"template":"","format":"standard","meta":[],"categories":[63],"tags":[866],"suno_strategy":[],"class_list":["post-237195","post","type-post","status-publish","format-standard","has-post-thumbnail","hentry","category-internacional","tag-russia"],"yoast_head":"<!-- This site is optimized with the Yoast SEO plugin v24.4 - https:\/\/yoast.com\/wordpress\/plugins\/seo\/ -->\n<title>R\u00fassia e Ucr\u00e2nia chegam a entendimento sobre retirada de civis<\/title>\n<meta name=\"description\" content=\"R\u00fassia e Ucr\u00e2nia negociaram nesta quinta (3) a retirada de civis de \u00e1reas sitiadas pelo ex\u00e9rcito russo na guerra entre os pa\u00edses. Saiba mais.\" \/>\n<meta name=\"robots\" content=\"index, follow, max-snippet:-1, max-image-preview:large, max-video-preview:-1\" \/>\n<link rel=\"canonical\" href=\"https:\/\/www.suno.com.br\/noticias\/russia-ucrania-entendimento-retirada-civis\/\" \/>\n<meta property=\"og:locale\" content=\"pt_BR\" \/>\n<meta property=\"og:type\" content=\"article\" \/>\n<meta property=\"og:title\" content=\"R\u00fassia e Ucr\u00e2nia chegam a entendimento sobre retirada de civis\" \/>\n<meta property=\"og:description\" content=\"R\u00fassia e Ucr\u00e2nia negociaram nesta quinta (3) a retirada de civis de \u00e1reas sitiadas pelo ex\u00e9rcito russo na guerra entre os pa\u00edses. Saiba mais.\" \/>\n<meta property=\"og:url\" content=\"https:\/\/www.suno.com.br\/noticias\/russia-ucrania-entendimento-retirada-civis\/\" \/>\n<meta property=\"og:site_name\" content=\"Suno Not\u00edcias\" \/>\n<meta property=\"article:publisher\" content=\"https:\/\/facebook.com\/sunoresearch\" \/>\n<meta property=\"og:image\" content=\"https:\/\/files.sunoresearch.com.br\/n\/uploads\/2022\/03\/51915501008_bb5b8de2aa_o-scaled.jpg\" \/>\n\t<meta property=\"og:image:width\" content=\"2560\" \/>\n\t<meta property=\"og:image:height\" content=\"1707\" \/>\n\t<meta property=\"og:image:type\" content=\"image\/jpeg\" \/>\n<meta name=\"author\" content=\"Pedro Caramuru\" \/>\n<meta name=\"twitter:card\" content=\"summary_large_image\" \/>\n<meta name=\"twitter:creator\" content=\"@sunoresearch\" \/>\n<meta name=\"twitter:site\" content=\"@sunoresearch\" \/>\n<meta name=\"twitter:label1\" content=\"Escrito por\" \/>\n\t<meta name=\"twitter:data1\" content=\"Pedro Caramuru\" \/>\n\t<meta name=\"twitter:label2\" content=\"Est. tempo de leitura\" \/>\n\t<meta name=\"twitter:data2\" content=\"2 minutos\" \/>\n<script type=\"application\/ld+json\" class=\"yoast-schema-graph\">{\"@context\":\"https:\/\/schema.org\",\"@graph\":[{\"@type\":\"NewsArticle\",\"@id\":\"https:\/\/www.suno.com.br\/noticias\/russia-ucrania-entendimento-retirada-civis\/#article\",\"isPartOf\":{\"@id\":\"https:\/\/www.suno.com.br\/noticias\/russia-ucrania-entendimento-retirada-civis\/\"},\"author\":{\"name\":\"Pedro Caramuru\",\"@id\":\"https:\/\/www.suno.com.br\/noticias\/#\/schema\/person\/8d020643938f12a823508eb0e5fda407\"},\"headline\":\"R\u00fassia e Ucr\u00e2nia chegam a entendimento sobre retirada de civis\",\"datePublished\":\"2022-03-03T21:15:34+00:00\",\"mainEntityOfPage\":{\"@id\":\"https:\/\/www.suno.com.br\/noticias\/russia-ucrania-entendimento-retirada-civis\/\"},\"wordCount\":386,\"publisher\":{\"@id\":\"https:\/\/www.suno.com.br\/noticias\/#organization\"},\"image\":{\"@id\":\"https:\/\/www.suno.com.br\/noticias\/russia-ucrania-entendimento-retirada-civis\/#primaryimage\"},\"thumbnailUrl\":\"https:\/\/files.sunoresearch.com.br\/n\/uploads\/2022\/03\/51915501008_bb5b8de2aa_o-scaled.jpg\",\"keywords\":[\"R\u00fassia\"],\"articleSection\":[\"Internacional\"],\"inLanguage\":\"pt-BR\"},{\"@type\":\"WebPage\",\"@id\":\"https:\/\/www.suno.com.br\/noticias\/russia-ucrania-entendimento-retirada-civis\/\",\"url\":\"https:\/\/www.suno.com.br\/noticias\/russia-ucrania-entendimento-retirada-civis\/\",\"name\":\"R\u00fassia e Ucr\u00e2nia chegam a entendimento sobre retirada de civis\",\"isPartOf\":{\"@id\":\"https:\/\/www.suno.com.br\/noticias\/#website\"},\"primaryImageOfPage\":{\"@id\":\"https:\/\/www.suno.com.br\/noticias\/russia-ucrania-entendimento-retirada-civis\/#primaryimage\"},\"image\":{\"@id\":\"https:\/\/www.suno.com.br\/noticias\/russia-ucrania-entendimento-retirada-civis\/#primaryimage\"},\"thumbnailUrl\":\"https:\/\/files.sunoresearch.com.br\/n\/uploads\/2022\/03\/51915501008_bb5b8de2aa_o-scaled.jpg\",\"datePublished\":\"2022-03-03T21:15:34+00:00\",\"description\":\"R\u00fassia e Ucr\u00e2nia negociaram nesta quinta (3) a retirada de civis de \u00e1reas sitiadas pelo ex\u00e9rcito russo na guerra entre os pa\u00edses. Saiba mais.\",\"breadcrumb\":{\"@id\":\"https:\/\/www.suno.com.br\/noticias\/russia-ucrania-entendimento-retirada-civis\/#breadcrumb\"},\"inLanguage\":\"pt-BR\",\"potentialAction\":[{\"@type\":\"ReadAction\",\"target\":[\"https:\/\/www.suno.com.br\/noticias\/russia-ucrania-entendimento-retirada-civis\/\"]}]},{\"@type\":\"ImageObject\",\"inLanguage\":\"pt-BR\",\"@id\":\"https:\/\/www.suno.com.br\/noticias\/russia-ucrania-entendimento-retirada-civis\/#primaryimage\",\"url\":\"https:\/\/files.sunoresearch.com.br\/n\/uploads\/2022\/03\/51915501008_bb5b8de2aa_o-scaled.jpg\",\"contentUrl\":\"https:\/\/files.sunoresearch.com.br\/n\/uploads\/2022\/03\/51915501008_bb5b8de2aa_o-scaled.jpg\",\"width\":2560,\"height\":1707,\"caption\":\"R\u00fassia e Ucr\u00e2nia chegam a entendimento sobre retirada de civis. Na imagem, fam\u00edlia de ucranianos busca ref\u00fagio de bombas em metr\u00f4 de Kiev. Foto: Oleksandr Ratushnyak \/ UNDP Ukraine\"},{\"@type\":\"BreadcrumbList\",\"@id\":\"https:\/\/www.suno.com.br\/noticias\/russia-ucrania-entendimento-retirada-civis\/#breadcrumb\",\"itemListElement\":[{\"@type\":\"ListItem\",\"position\":1,\"name\":\"Not\u00edcias\",\"item\":\"https:\/\/www.suno.com.br\/noticias\/\"},{\"@type\":\"ListItem\",\"position\":2,\"name\":\"Internacional\",\"item\":\"https:\/\/www.suno.com.br\/noticias\/internacional\/\"},{\"@type\":\"ListItem\",\"position\":3,\"name\":\"R\u00fassia e Ucr\u00e2nia chegam a entendimento sobre retirada de civis\"}]},{\"@type\":\"WebSite\",\"@id\":\"https:\/\/www.suno.com.br\/noticias\/#website\",\"url\":\"https:\/\/www.suno.com.br\/noticias\/\",\"name\":\"Suno Not\u00edcias\",\"description\":\"Seu portal de informa\u00e7\u00e3o sobre o mundo dos investimentos\",\"publisher\":{\"@id\":\"https:\/\/www.suno.com.br\/noticias\/#organization\"},\"potentialAction\":[{\"@type\":\"SearchAction\",\"target\":{\"@type\":\"EntryPoint\",\"urlTemplate\":\"https:\/\/www.suno.com.br\/noticias\/?s={search_term_string}\"},\"query-input\":{\"@type\":\"PropertyValueSpecification\",\"valueRequired\":true,\"valueName\":\"search_term_string\"}}],\"inLanguage\":\"pt-BR\"},{\"@type\":\"Organization\",\"@id\":\"https:\/\/www.suno.com.br\/noticias\/#organization\",\"name\":\"Suno Not\u00edcias\",\"url\":\"https:\/\/www.suno.com.br\/noticias\/\",\"logo\":{\"@type\":\"ImageObject\",\"inLanguage\":\"pt-BR\",\"@id\":\"https:\/\/www.suno.com.br\/noticias\/#\/schema\/logo\/image\/\",\"url\":\"https:\/\/files.sunoresearch.com.br\/n\/uploads\/2021\/09\/suno-logo.png\",\"contentUrl\":\"https:\/\/files.sunoresearch.com.br\/n\/uploads\/2021\/09\/suno-logo.png\",\"width\":180,\"height\":180,\"caption\":\"Suno Not\u00edcias\"},\"image\":{\"@id\":\"https:\/\/www.suno.com.br\/noticias\/#\/schema\/logo\/image\/\"},\"sameAs\":[\"https:\/\/facebook.com\/sunoresearch\",\"https:\/\/x.com\/sunoresearch\",\"https:\/\/www.instagram.com\/suno\",\"https:\/\/www.linkedin.com\/company\/suno-research\/\",\"https:\/\/www.youtube.com\/c\/sunoresearch\"]},{\"@type\":\"Person\",\"@id\":\"https:\/\/www.suno.com.br\/noticias\/#\/schema\/person\/8d020643938f12a823508eb0e5fda407\",\"name\":\"Pedro Caramuru\",\"image\":{\"@type\":\"ImageObject\",\"inLanguage\":\"pt-BR\",\"@id\":\"https:\/\/www.suno.com.br\/noticias\/#\/schema\/person\/image\/\",\"url\":\"https:\/\/secure.gravatar.com\/avatar\/1a3f15d3553507ae7a2debc6ea0ad87b?s=96&r=g\",\"contentUrl\":\"https:\/\/secure.gravatar.com\/avatar\/1a3f15d3553507ae7a2debc6ea0ad87b?s=96&r=g\",\"caption\":\"Pedro Caramuru\"},\"description\":\"Rep\u00f3rter de economia, mercado e pol\u00edtica brasileira para o Suno Not\u00edcias. Formado em jornalismo. J\u00e1 escreveu sobre pol\u00edtica e mercados internacionais para o Broadcast e Estad\u00e3o.\",\"url\":\"https:\/\/www.suno.com.br\/noticias\/author\/pedro-caramurusuno-com-br\/\"}]}<\/script>\n<!-- \/ Yoast SEO plugin. -->","yoast_head_json":{"title":"R\u00fassia e Ucr\u00e2nia chegam a entendimento sobre retirada de civis","description":"R\u00fassia e Ucr\u00e2nia negociaram nesta quinta (3) a retirada de civis de \u00e1reas sitiadas pelo ex\u00e9rcito russo na guerra entre os pa\u00edses. Saiba mais.","robots":{"index":"index","follow":"follow","max-snippet":"max-snippet:-1","max-image-preview":"max-image-preview:large","max-video-preview":"max-video-preview:-1"},"canonical":"https:\/\/www.suno.com.br\/noticias\/russia-ucrania-entendimento-retirada-civis\/","og_locale":"pt_BR","og_type":"article","og_title":"R\u00fassia e Ucr\u00e2nia chegam a entendimento sobre retirada de civis","og_description":"R\u00fassia e Ucr\u00e2nia negociaram nesta quinta (3) a retirada de civis de \u00e1reas sitiadas pelo ex\u00e9rcito russo na guerra entre os pa\u00edses. Saiba mais.","og_url":"https:\/\/www.suno.com.br\/noticias\/russia-ucrania-entendimento-retirada-civis\/","og_site_name":"Suno Not\u00edcias","article_publisher":"https:\/\/facebook.com\/sunoresearch","og_image":[{"width":2560,"height":1707,"url":"https:\/\/files.sunoresearch.com.br\/n\/uploads\/2022\/03\/51915501008_bb5b8de2aa_o-scaled.jpg","type":"image\/jpeg"}],"author":"Pedro Caramuru","twitter_card":"summary_large_image","twitter_creator":"@sunoresearch","twitter_site":"@sunoresearch","twitter_misc":{"Escrito por":"Pedro Caramuru","Est. tempo de leitura":"2 minutos"},"schema":{"@context":"https:\/\/schema.org","@graph":[{"@type":"NewsArticle","@id":"https:\/\/www.suno.com.br\/noticias\/russia-ucrania-entendimento-retirada-civis\/#article","isPartOf":{"@id":"https:\/\/www.suno.com.br\/noticias\/russia-ucrania-entendimento-retirada-civis\/"},"author":{"name":"Pedro Caramuru","@id":"https:\/\/www.suno.com.br\/noticias\/#\/schema\/person\/8d020643938f12a823508eb0e5fda407"},"headline":"R\u00fassia e Ucr\u00e2nia chegam a entendimento sobre retirada de civis","datePublished":"2022-03-03T21:15:34+00:00","mainEntityOfPage":{"@id":"https:\/\/www.suno.com.br\/noticias\/russia-ucrania-entendimento-retirada-civis\/"},"wordCount":386,"publisher":{"@id":"https:\/\/www.suno.com.br\/noticias\/#organization"},"image":{"@id":"https:\/\/www.suno.com.br\/noticias\/russia-ucrania-entendimento-retirada-civis\/#primaryimage"},"thumbnailUrl":"https:\/\/files.sunoresearch.com.br\/n\/uploads\/2022\/03\/51915501008_bb5b8de2aa_o-scaled.jpg","keywords":["R\u00fassia"],"articleSection":["Internacional"],"inLanguage":"pt-BR"},{"@type":"WebPage","@id":"https:\/\/www.suno.com.br\/noticias\/russia-ucrania-entendimento-retirada-civis\/","url":"https:\/\/www.suno.com.br\/noticias\/russia-ucrania-entendimento-retirada-civis\/","name":"R\u00fassia e Ucr\u00e2nia chegam a entendimento sobre retirada de civis","isPartOf":{"@id":"https:\/\/www.suno.com.br\/noticias\/#website"},"primaryImageOfPage":{"@id":"https:\/\/www.suno.com.br\/noticias\/russia-ucrania-entendimento-retirada-civis\/#primaryimage"},"image":{"@id":"https:\/\/www.suno.com.br\/noticias\/russia-ucrania-entendimento-retirada-civis\/#primaryimage"},"thumbnailUrl":"https:\/\/files.sunoresearch.com.br\/n\/uploads\/2022\/03\/51915501008_bb5b8de2aa_o-scaled.jpg","datePublished":"2022-03-03T21:15:34+00:00","description":"R\u00fassia e Ucr\u00e2nia negociaram nesta quinta (3) a retirada de civis de \u00e1reas sitiadas pelo ex\u00e9rcito russo na guerra entre os pa\u00edses. Saiba mais.","breadcrumb":{"@id":"https:\/\/www.suno.com.br\/noticias\/russia-ucrania-entendimento-retirada-civis\/#breadcrumb"},"inLanguage":"pt-BR","potentialAction":[{"@type":"ReadAction","target":["https:\/\/www.suno.com.br\/noticias\/russia-ucrania-entendimento-retirada-civis\/"]}]},{"@type":"ImageObject","inLanguage":"pt-BR","@id":"https:\/\/www.suno.com.br\/noticias\/russia-ucrania-entendimento-retirada-civis\/#primaryimage","url":"https:\/\/files.sunoresearch.com.br\/n\/uploads\/2022\/03\/51915501008_bb5b8de2aa_o-scaled.jpg","contentUrl":"https:\/\/files.sunoresearch.com.br\/n\/uploads\/2022\/03\/51915501008_bb5b8de2aa_o-scaled.jpg","width":2560,"height":1707,"caption":"R\u00fassia e Ucr\u00e2nia chegam a entendimento sobre retirada de civis. Na imagem, fam\u00edlia de ucranianos busca ref\u00fagio de bombas em metr\u00f4 de Kiev. Foto: Oleksandr Ratushnyak \/ UNDP Ukraine"},{"@type":"BreadcrumbList","@id":"https:\/\/www.suno.com.br\/noticias\/russia-ucrania-entendimento-retirada-civis\/#breadcrumb","itemListElement":[{"@type":"ListItem","position":1,"name":"Not\u00edcias","item":"https:\/\/www.suno.com.br\/noticias\/"},{"@type":"ListItem","position":2,"name":"Internacional","item":"https:\/\/www.suno.com.br\/noticias\/internacional\/"},{"@type":"ListItem","position":3,"name":"R\u00fassia e Ucr\u00e2nia chegam a entendimento sobre retirada de civis"}]},{"@type":"WebSite","@id":"https:\/\/www.suno.com.br\/noticias\/#website","url":"https:\/\/www.suno.com.br\/noticias\/","name":"Suno Not\u00edcias","description":"Seu portal de informa\u00e7\u00e3o sobre o mundo dos investimentos","publisher":{"@id":"https:\/\/www.suno.com.br\/noticias\/#organization"},"potentialAction":[{"@type":"SearchAction","target":{"@type":"EntryPoint","urlTemplate":"https:\/\/www.suno.com.br\/noticias\/?s={search_term_string}"},"query-input":{"@type":"PropertyValueSpecification","valueRequired":true,"valueName":"search_term_string"}}],"inLanguage":"pt-BR"},{"@type":"Organization","@id":"https:\/\/www.suno.com.br\/noticias\/#organization","name":"Suno Not\u00edcias","url":"https:\/\/www.suno.com.br\/noticias\/","logo":{"@type":"ImageObject","inLanguage":"pt-BR","@id":"https:\/\/www.suno.com.br\/noticias\/#\/schema\/logo\/image\/","url":"https:\/\/files.sunoresearch.com.br\/n\/uploads\/2021\/09\/suno-logo.png","contentUrl":"https:\/\/files.sunoresearch.com.br\/n\/uploads\/2021\/09\/suno-logo.png","width":180,"height":180,"caption":"Suno Not\u00edcias"},"image":{"@id":"https:\/\/www.suno.com.br\/noticias\/#\/schema\/logo\/image\/"},"sameAs":["https:\/\/facebook.com\/sunoresearch","https:\/\/x.com\/sunoresearch","https:\/\/www.instagram.com\/suno","https:\/\/www.linkedin.com\/company\/suno-research\/","https:\/\/www.youtube.com\/c\/sunoresearch"]},{"@type":"Person","@id":"https:\/\/www.suno.com.br\/noticias\/#\/schema\/person\/8d020643938f12a823508eb0e5fda407","name":"Pedro Caramuru","image":{"@type":"ImageObject","inLanguage":"pt-BR","@id":"https:\/\/www.suno.com.br\/noticias\/#\/schema\/person\/image\/","url":"https:\/\/secure.gravatar.com\/avatar\/1a3f15d3553507ae7a2debc6ea0ad87b?s=96&r=g","contentUrl":"https:\/\/secure.gravatar.com\/avatar\/1a3f15d3553507ae7a2debc6ea0ad87b?s=96&r=g","caption":"Pedro Caramuru"},"description":"Rep\u00f3rter de economia, mercado e pol\u00edtica brasileira para o Suno Not\u00edcias. Formado em jornalismo. J\u00e1 escreveu sobre pol\u00edtica e mercados internacionais para o Broadcast e Estad\u00e3o.","url":"https:\/\/www.suno.com.br\/noticias\/author\/pedro-caramurusuno-com-br\/"}]}},"default_loop_html":"<div class=\"cardsPage__listCard__boxs\"><div class=\"cardsPage__listCard__boxs__img\"><a href=\"https:\/\/www.suno.com.br\/noticias\/bancos-brasileiros-exposicao-russia-americanos\/\"><img class=\"mask\" src=\"https:\/\/www.suno.com.br\/noticias\/wp-content\/themes\/suno\/resources\/images\/spotlight\/spotlight1img\/bg-mask.png\" alt=\"Image Mask\"\/><img src=\"https:\/\/files.sunoresearch.com.br\/n\/uploads\/2022\/03\/pexels-travelblog-6976186-400x200.jpg\" alt=\"Bancos brasileiros t\u00eam exposi\u00e7\u00e3o \u00e0 R\u00fassia tr\u00eas mil vezes menor que os americanos\"\/><\/a><span class=\"spotlightCategory\"><a href=\"https:\/\/www.suno.com.br\/noticias\/internacional\/\">Internacional<\/a><\/span><\/div><div class=\"cardsPage__listCard__boxs__content\"><a href=\"https:\/\/www.suno.com.br\/noticias\/bancos-brasileiros-exposicao-russia-americanos\/\"><h2 class=\"content__title\">Bancos brasileiros t\u00eam exposi\u00e7\u00e3o \u00e0 R\u00fassia tr\u00eas mil vezes menor que os americanos<\/h2><\/a><div class=\"newsContent__article__meta\"><div class=\"newsContent__article__meta__authorBox\"><a href=\"https:\/\/www.suno.com.br\/noticias\/author\/pedro-caramurusuno-com-br\/\" class=\"authorBox__avatar noMobi\"><img src=\"https:\/\/secure.gravatar.com\/avatar\/1a3f15d3553507ae7a2debc6ea0ad87b?s=96&#038;r=g\" alt=\"Pedro Caramuru\"><\/a><div class=\"authorBox__name\"><span>por\n\t\t\t<a href=\"https:\/\/www.suno.com.br\/noticias\/author\/pedro-caramurusuno-com-br\/\"><span itemprop=\"author\">Pedro Caramuru<\/span><\/a><\/span><time datetime=\"2022-03-03T09:33:34-03:00\" itemprop=\"datePublished\">03\/03\/2022 09:33<\/time><\/div><\/div><\/div><\/div><\/div>","single_layout":"posts","amp_enabled":true,"_links":{"self":[{"href":"https:\/\/www.suno.com.br\/noticias\/wp-json\/wp\/v2\/posts\/237195"}],"collection":[{"href":"https:\/\/www.suno.com.br\/noticias\/wp-json\/wp\/v2\/posts"}],"about":[{"href":"https:\/\/www.suno.com.br\/noticias\/wp-json\/wp\/v2\/types\/post"}],"author":[{"embeddable":true,"href":"https:\/\/www.suno.com.br\/noticias\/wp-json\/wp\/v2\/users\/145"}],"replies":[{"embeddable":true,"href":"https:\/\/www.suno.com.br\/noticias\/wp-json\/wp\/v2\/comments?post=237195"}],"version-history":[{"count":2,"href":"https:\/\/www.suno.com.br\/noticias\/wp-json\/wp\/v2\/posts\/237195\/revisions"}],"predecessor-version":[{"id":237227,"href":"https:\/\/www.suno.com.br\/noticias\/wp-json\/wp\/v2\/posts\/237195\/revisions\/237227"}],"wp:featuredmedia":[{"embeddable":true,"href":"https:\/\/www.suno.com.br\/noticias\/wp-json\/wp\/v2\/media\/237224"}],"wp:attachment":[{"href":"https:\/\/www.suno.com.br\/noticias\/wp-json\/wp\/v2\/media?parent=237195"}],"wp:term":[{"taxonomy":"category","embeddable":true,"href":"https:\/\/www.suno.com.br\/noticias\/wp-json\/wp\/v2\/categories?post=237195"},{"taxonomy":"post_tag","embeddable":true,"href":"https:\/\/www.suno.com.br\/noticias\/wp-json\/wp\/v2\/tags?post=237195"},{"taxonomy":"suno_strategy","embeddable":true,"href":"https:\/\/www.suno.com.br\/noticias\/wp-json\/wp\/v2\/suno_strategy?post=237195"}],"curies":[{"name":"wp","href":"https:\/\/api.w.org\/{rel}","templated":true}]}}