{"id":23713,"date":"2019-05-08T12:10:17","date_gmt":"2019-05-08T15:10:17","guid":{"rendered":"https:\/\/www.suno.com.br\/noticias\/?p=23713"},"modified":"2021-02-17T20:10:46","modified_gmt":"2021-02-17T23:10:46","slug":"decreto-armas-maia-estudo-constitucionalidade","status":"publish","type":"post","link":"https:\/\/www.suno.com.br\/noticias\/decreto-armas-maia-estudo-constitucionalidade\/","title":{"rendered":"Decreto de armas: Maia pede estudo de constitucionalidade da medida"},"content":{"rendered":"<p>O presidente da C\u00e2mara, <strong>Rodrigo Maia<\/strong> (DEM-RJ), pediu um estudo de constitucionalidade do decreto de armas de <strong>Jair Bolsonaro.<\/strong>\u00a0Assim, a consultoria da Casa dever\u00e1 analisar se a medida do presidente n\u00e3o fere os princ\u00edpios da <strong>Constitui\u00e7\u00e3o.<\/strong><\/p>\t<div class=\"wrapper-featured-image\">\n\t\t<figure class=\"spotlightImg\">\n\n\t\t\t<picture>\n\t\t\t\t<source media=\"(max-width: 768px)\" srcset=\"https:\/\/files.sunoresearch.com.br\/n\/uploads\/2019\/05\/74b27181-rodrigo-maia-400x200.webp\">\n\t\t\t\t<img loading=\"lazy\" decoding=\"async\" class=\"newsContent__article__imgCapa lazyloadDisabled newsContent__article__imgCapa--noCaption\" src=\"https:\/\/files.sunoresearch.com.br\/n\/uploads\/2019\/05\/74b27181-rodrigo-maia-800x450.webp\" width=\"800\" height=\"450\" alt=\"Decreto de armas: Maia pede estudo de constitucionalidade da medida\" fetchpriority=high \/>\n\t\t\t<\/picture>\n\n\t\t\t<figcaption class=\"wp-caption-text wp-caption-text--hide\">Maia diz que C\u00e2mara n\u00e3o votar\u00e1 nenhuma flexibiliza\u00e7\u00e3o do teto de gastos<\/figcaption>\n\t\t<\/figure>\n\t<\/div>\n\n\n<p>O<strong> decreto de armas\u00a0<\/strong>foi assinado pelo presidente na ter\u00e7a-feira (7). Dessa forma, o porte de <strong>armas de fogo<\/strong> foi flexibilizado em diversas ocasi\u00f5es. <em>(Confira mais abaixo)<\/em>.<\/p>\n<p>&#8220;O mais importante \u00e9 primeiro avaliar os limites do <strong>decreto<\/strong>\u00a0<strong>de armas<\/strong> e a sua constitucionalidade, para que n\u00e3o avance nas prerrogativas do Legislativo&#8221;, afirmou ao&#8221; Valor&#8221;. Nesse sentido, o deputado completou. &#8220;Sendo constitucional, j\u00e1 \u00e9 uma coisa que nos tranquiliza, e depois vamos discutir o m\u00e9rito para ver se tem temas demais ou n\u00e3o&#8221;, disse ao jornal.<\/p>\n<p><a href=\"https:\/\/www.suno.com.br\/noticias\/taurus-pronta-atender-demanda-decreto-armas\/\">Saiba Mais: Taurus diz estar pronta para atender demanda ap\u00f3s decreto das armas<\/a><\/p>\n<p>Ao &#8220;Valor&#8221;, <strong>Maia<\/strong> n\u00e3o quis comentar a extens\u00e3o do decreto, mas afirmou que o presidente foi eleito com a agenda da flexibiliza\u00e7\u00e3o do <strong>porte de armas.<\/strong> Sendo assim, para o deputado, isso pressup\u00f5e que a popula\u00e7\u00e3o deu respaldo para que ele seguir nesse caminho.<\/p>\n\t<p>\n\t\t<a href=\"https:\/\/lp.statusinvest.com.br\/ao\/assessoria-status-invest\/\" target=\"_blank\" data-element=\"shortcode-suno-banner\" title=\"Banner SUNO, clique e saiba mais\">\n\t\t\t<picture>\n\t\t\t\t<source media=\"(max-width: 500px)\" srcset=\"https:\/\/files.sunoresearch.com.br\/n\/uploads\/2024\/03\/400x300-Mobile.png\">\n\t\t\t\t<img class=\"newsContent__article__imgCapa newsContent__article__imgCapa--banner\"\n\t\t\t\t\tsrc=\"https:\/\/files.sunoresearch.com.br\/n\/uploads\/2024\/03\/1420x240-Desktop.png\"\n\t\t\t\t\tdata-promo-id=\"537248\"\t\t\t\t\t\t\t\t\t\twidth='1400' height='240'\t\t\t\t\talt=\"https:\/\/files.sunoresearch.com.br\/n\/uploads\/2024\/03\/1420x240-Desktop.png\"\n\t\t\t\t>\n\t\t\t<\/picture>\n\t\t<\/a>\n\t<\/p>\n\n\n<h2>Extens\u00e3o do porte a pol\u00edticos e outras carreiras<\/h2>\n<p>O decreto das armas estende o porte para pelo menos 20 categorias. Sendo assim, profissionais como <strong>pol\u00edticos, caminhoneiros<\/strong> e <strong>advogados<\/strong> n\u00e3o precisar\u00e3o comprovar &#8220;efetiva necessidade&#8221; para solicitar o <strong>porte de arma.<\/strong><\/p>\n<p><a href=\"https:\/\/www.suno.com.br\/noticias\/bolsonaro-assina-decreto-que-altera-regras-de-uso-de-armas-e-municoes\/\">Saiba Mais: Bolsonaro assina decreto que altera regras de uso de armas e muni\u00e7\u00f5es<\/a><\/p>\n<p>Confira algumas dessas categorias que ter\u00e3o mais facilidade com o decreto de <strong>Bolsonaro:<\/strong><\/p>\n<ul>\n<li>pol\u00edticos eleitos;<\/li>\n<li>caminhoneiros;<\/li>\n<li>advogados;<\/li>\n<li>profissionais de imprensa que atuam em coberturas policiais;<\/li>\n<li>agentes de tr\u00e2nsito.<\/li>\n<\/ul>\n<p>A solicita\u00e7\u00e3o para o porte de <strong>armas<\/strong> \u00e9 feita \u00e0 <strong>Pol\u00edcia Federal<\/strong> e precisava, at\u00e9 ent\u00e3o, de uma s\u00e9rie de requisitos como:<\/p>\n<ul>\n<li>comprova\u00e7\u00e3o de aptid\u00e3o t\u00e9cnica;<\/li>\n<li>capacidade psicol\u00f3gica;<\/li>\n<li>aus\u00eancia de antecedentes criminai;<\/li>\n<li>comprova\u00e7\u00e3o de necessidade.<\/li>\n<\/ul>\n<p>Dessa forma, a necessidade deveria ser comprovada por exerc\u00edcio de atividade profissional de risco ou que representem amea\u00e7a \u00e0 integridade f\u00edsica. Entretanto, a partir de agora esta solicita\u00e7\u00e3o ser\u00e1 mais f\u00e1cil e n\u00e3o ter\u00e1 mais tantas exig\u00eancias.<\/p>\n<p><a href=\"https:\/\/www.suno.com.br\/noticias\/bolsonaro-decreto-de-armas-facilita-porte-para-politicos-e-caminhoneiros\/\">Saiba Mais: Bolsonaro: decreto de armas facilita porte para pol\u00edticos e caminhoneiros<\/a><\/p>\n<h2>Promessa de campanha<\/h2>\n<p>O <strong>decreto de armas<\/strong> assinado por <strong>Bolsonaro<\/strong> era uma promessa de campanha do presidente. De acordo com\u00a0o presidente, a medida trar\u00e1 maior prote\u00e7\u00e3o individual.<\/p>\n<p>&#8220;O nosso decreto n\u00e3o \u00e9 um projeto de <strong>seguran\u00e7a p\u00fablica<\/strong>. \u00c9, no nosso entendimento, algo mais importante. \u00c9 um <strong>direito individual<\/strong> daquele que, porventura, queira ter uma <strong>arma de fogo<\/strong>, buscar a posse, que seja direito dele, respeitando alguns requisitos&#8221;, declarou.<\/p>\n<p>Dessa forma, as principais medidas do decreto s\u00e3o:<\/p>\n<ul>\n<li>Quebra do <strong>monop\u00f3lio<\/strong> de importa\u00e7\u00e3o de armas no Brasil;<\/li>\n<li>Autoriza\u00e7\u00e3o para colecionadores, atiradores desportivos e ca\u00e7adores; (CASs) de se locomoverem entre a sua residencia e o local de tiros com a arma carregada;<\/li>\n<li>Libera\u00e7\u00e3o para o <strong>propriet\u00e1rio rural<\/strong> com posse de <strong>arma de fogo<\/strong> usar arma em todo o per\u00edmetro da sua propriedade;<\/li>\n<li>Pra\u00e7as das For\u00e7as Armadas com mais de dez anos ter\u00e3o direito ao porte de arma;<\/li>\n<li>O total de compras de cartuchos passar\u00e1 de 50 para at\u00e9 mil cartuchos por ano;<\/li>\n<\/ul>\n\t<p>\n\t\t<a href=\"https:\/\/lp.suno.com.br\/suno-one\/?utm_campaign=_SNC6964518A_\" target=\"_blank\" data-element=\"shortcode-suno-banner\" title=\"Banner SUNO, clique e saiba mais\">\n\t\t\t<picture>\n\t\t\t\t<source media=\"(max-width: 500px)\" srcset=\"https:\/\/files.sunoresearch.com.br\/n\/uploads\/2025\/09\/400x300-Suno-One-png.webp\">\n\t\t\t\t<img class=\"newsContent__article__imgCapa newsContent__article__imgCapa--banner\"\n\t\t\t\t\tsrc=\"https:\/\/files.sunoresearch.com.br\/n\/uploads\/2025\/09\/1420x240-Suno-One-png.webp\"\n\t\t\t\t\tdata-promo-id=\"85810\"\t\t\t\t\t\t\t\t\t\twidth='1420' height='240'\t\t\t\t\talt=\"https:\/\/files.sunoresearch.com.br\/n\/uploads\/2025\/09\/1420x240-Suno-One-png.webp\"\n\t\t\t\t>\n\t\t\t<\/picture>\n\t\t<\/a>\n\t<\/p>\n\n\n<p>&#8220;N\u00f3s fomos ao limite da lei. N\u00e3o inventamos nada nem passamos por cima da lei. O que a lei abriu oportunidade para n\u00f3s, n\u00f3s fomos l\u00e1 no limite, l\u00e1 nos &#8216;finalmente&#8217;. Apesar de eu falar agora que n\u00e3o \u00e9 pol\u00edtica de seguran\u00e7a p\u00fablica, sempre disse que a <strong>seguran\u00e7a p\u00fablica<\/strong> come\u00e7a dentro de casa&#8221;, afirmou.<\/p>\n","protected":false},"excerpt":{"rendered":"<p>O presidente da C\u00e2mara, Rodrigo Maia (DEM-RJ), pediu um estudo de constitucionalidade do decreto de armas de Jair Bolsonaro.\u00a0Assim, a consultoria da Casa dever\u00e1 analisar se a medida do presidente n\u00e3o fere os princ\u00edpios da Constitui\u00e7\u00e3o. Maia diz que C\u00e2mara n\u00e3o votar\u00e1 nenhuma flexibiliza\u00e7\u00e3o do teto de gastos O decreto de armas\u00a0foi assinado pelo presidente [&hellip;]<\/p>\n","protected":false},"author":16,"featured_media":23718,"comment_status":"closed","ping_status":"closed","sticky":false,"template":"","format":"standard","meta":[],"categories":[61],"tags":[981,719,892,2213],"suno_strategy":[],"class_list":["post-23713","post","type-post","status-publish","format-standard","has-post-thumbnail","hentry","category-politica","tag-armas","tag-jair-bolsonaro","tag-rodrigo-maia","tag-taurus-armas-tasa3-tasa4"],"yoast_head":"<!-- This site is optimized with the Yoast SEO plugin v24.4 - https:\/\/yoast.com\/wordpress\/plugins\/seo\/ -->\n<title>Decreto de armas: Maia pede estudo de constitucionalidade da medida<\/title>\n<meta name=\"description\" content=\"O pedido do presidente da C\u00e2mara ocorre depois que presidente assinou decreto de armas que facilita o porte. Clique para entender a quest\u00e3o.\" \/>\n<meta name=\"robots\" content=\"index, follow, max-snippet:-1, max-image-preview:large, max-video-preview:-1\" \/>\n<link rel=\"canonical\" href=\"https:\/\/www.suno.com.br\/noticias\/decreto-armas-maia-estudo-constitucionalidade\/\" \/>\n<meta property=\"og:locale\" content=\"pt_BR\" \/>\n<meta property=\"og:type\" content=\"article\" \/>\n<meta property=\"og:title\" content=\"Decreto de armas: Maia pede estudo de constitucionalidade da medida\" \/>\n<meta property=\"og:description\" content=\"O pedido do presidente da C\u00e2mara ocorre depois que presidente assinou decreto de armas que facilita o porte. Clique para entender a quest\u00e3o.\" \/>\n<meta property=\"og:url\" content=\"https:\/\/www.suno.com.br\/noticias\/decreto-armas-maia-estudo-constitucionalidade\/\" \/>\n<meta property=\"og:site_name\" content=\"Suno Not\u00edcias\" \/>\n<meta property=\"article:publisher\" content=\"https:\/\/facebook.com\/sunoresearch\" \/>\n<meta property=\"og:image\" content=\"https:\/\/files.sunoresearch.com.br\/n\/uploads\/2019\/05\/74b27181-rodrigo-maia.jpg\" \/>\n\t<meta property=\"og:image:width\" content=\"1200\" \/>\n\t<meta property=\"og:image:height\" content=\"798\" \/>\n\t<meta property=\"og:image:type\" content=\"image\/jpeg\" \/>\n<meta name=\"author\" content=\"Beatriz Oliveira\" \/>\n<meta name=\"twitter:card\" content=\"summary_large_image\" \/>\n<meta name=\"twitter:creator\" content=\"@sunoresearch\" \/>\n<meta name=\"twitter:site\" content=\"@sunoresearch\" \/>\n<meta name=\"twitter:label1\" content=\"Escrito por\" \/>\n\t<meta name=\"twitter:data1\" content=\"Beatriz Oliveira\" \/>\n\t<meta name=\"twitter:label2\" content=\"Est. tempo de leitura\" \/>\n\t<meta name=\"twitter:data2\" content=\"3 minutos\" \/>\n<script type=\"application\/ld+json\" class=\"yoast-schema-graph\">{\"@context\":\"https:\/\/schema.org\",\"@graph\":[{\"@type\":\"NewsArticle\",\"@id\":\"https:\/\/www.suno.com.br\/noticias\/decreto-armas-maia-estudo-constitucionalidade\/#article\",\"isPartOf\":{\"@id\":\"https:\/\/www.suno.com.br\/noticias\/decreto-armas-maia-estudo-constitucionalidade\/\"},\"author\":{\"name\":\"Beatriz Oliveira\",\"@id\":\"https:\/\/www.suno.com.br\/noticias\/#\/schema\/person\/e67f665add014bf99f644028de070cc3\"},\"headline\":\"Decreto de armas: Maia pede estudo de constitucionalidade da medida\",\"datePublished\":\"2019-05-08T15:10:17+00:00\",\"dateModified\":\"2021-02-17T23:10:46+00:00\",\"mainEntityOfPage\":{\"@id\":\"https:\/\/www.suno.com.br\/noticias\/decreto-armas-maia-estudo-constitucionalidade\/\"},\"wordCount\":630,\"publisher\":{\"@id\":\"https:\/\/www.suno.com.br\/noticias\/#organization\"},\"image\":{\"@id\":\"https:\/\/www.suno.com.br\/noticias\/decreto-armas-maia-estudo-constitucionalidade\/#primaryimage\"},\"thumbnailUrl\":\"https:\/\/files.sunoresearch.com.br\/n\/uploads\/2019\/05\/74b27181-rodrigo-maia-jpg.webp\",\"keywords\":[\"Armas\",\"Jair Bolsonaro\",\"Rodrigo Maia\",\"Taurus Armas (TASA3\/TASA4)\"],\"articleSection\":[\"Pol\u00edtica\"],\"inLanguage\":\"pt-BR\"},{\"@type\":\"WebPage\",\"@id\":\"https:\/\/www.suno.com.br\/noticias\/decreto-armas-maia-estudo-constitucionalidade\/\",\"url\":\"https:\/\/www.suno.com.br\/noticias\/decreto-armas-maia-estudo-constitucionalidade\/\",\"name\":\"Decreto de armas: Maia pede estudo de constitucionalidade da medida\",\"isPartOf\":{\"@id\":\"https:\/\/www.suno.com.br\/noticias\/#website\"},\"primaryImageOfPage\":{\"@id\":\"https:\/\/www.suno.com.br\/noticias\/decreto-armas-maia-estudo-constitucionalidade\/#primaryimage\"},\"image\":{\"@id\":\"https:\/\/www.suno.com.br\/noticias\/decreto-armas-maia-estudo-constitucionalidade\/#primaryimage\"},\"thumbnailUrl\":\"https:\/\/files.sunoresearch.com.br\/n\/uploads\/2019\/05\/74b27181-rodrigo-maia-jpg.webp\",\"datePublished\":\"2019-05-08T15:10:17+00:00\",\"dateModified\":\"2021-02-17T23:10:46+00:00\",\"description\":\"O pedido do presidente da C\u00e2mara ocorre depois que presidente assinou decreto de armas que facilita o porte. Clique para entender a quest\u00e3o.\",\"breadcrumb\":{\"@id\":\"https:\/\/www.suno.com.br\/noticias\/decreto-armas-maia-estudo-constitucionalidade\/#breadcrumb\"},\"inLanguage\":\"pt-BR\",\"potentialAction\":[{\"@type\":\"ReadAction\",\"target\":[\"https:\/\/www.suno.com.br\/noticias\/decreto-armas-maia-estudo-constitucionalidade\/\"]}]},{\"@type\":\"ImageObject\",\"inLanguage\":\"pt-BR\",\"@id\":\"https:\/\/www.suno.com.br\/noticias\/decreto-armas-maia-estudo-constitucionalidade\/#primaryimage\",\"url\":\"https:\/\/files.sunoresearch.com.br\/n\/uploads\/2019\/05\/74b27181-rodrigo-maia-jpg.webp\",\"contentUrl\":\"https:\/\/files.sunoresearch.com.br\/n\/uploads\/2019\/05\/74b27181-rodrigo-maia-jpg.webp\",\"width\":1200,\"height\":798,\"caption\":\"Maia diz que C\u00e2mara n\u00e3o votar\u00e1 nenhuma flexibiliza\u00e7\u00e3o do teto de gastos\"},{\"@type\":\"BreadcrumbList\",\"@id\":\"https:\/\/www.suno.com.br\/noticias\/decreto-armas-maia-estudo-constitucionalidade\/#breadcrumb\",\"itemListElement\":[{\"@type\":\"ListItem\",\"position\":1,\"name\":\"Not\u00edcias\",\"item\":\"https:\/\/www.suno.com.br\/noticias\/\"},{\"@type\":\"ListItem\",\"position\":2,\"name\":\"Pol\u00edtica\",\"item\":\"https:\/\/www.suno.com.br\/noticias\/politica\/\"},{\"@type\":\"ListItem\",\"position\":3,\"name\":\"Decreto de armas: Maia pede estudo de constitucionalidade da medida\"}]},{\"@type\":\"WebSite\",\"@id\":\"https:\/\/www.suno.com.br\/noticias\/#website\",\"url\":\"https:\/\/www.suno.com.br\/noticias\/\",\"name\":\"Suno Not\u00edcias\",\"description\":\"Seu portal de informa\u00e7\u00e3o sobre o mundo dos investimentos\",\"publisher\":{\"@id\":\"https:\/\/www.suno.com.br\/noticias\/#organization\"},\"potentialAction\":[{\"@type\":\"SearchAction\",\"target\":{\"@type\":\"EntryPoint\",\"urlTemplate\":\"https:\/\/www.suno.com.br\/noticias\/?s={search_term_string}\"},\"query-input\":{\"@type\":\"PropertyValueSpecification\",\"valueRequired\":true,\"valueName\":\"search_term_string\"}}],\"inLanguage\":\"pt-BR\"},{\"@type\":\"Organization\",\"@id\":\"https:\/\/www.suno.com.br\/noticias\/#organization\",\"name\":\"Suno Not\u00edcias\",\"url\":\"https:\/\/www.suno.com.br\/noticias\/\",\"logo\":{\"@type\":\"ImageObject\",\"inLanguage\":\"pt-BR\",\"@id\":\"https:\/\/www.suno.com.br\/noticias\/#\/schema\/logo\/image\/\",\"url\":\"https:\/\/files.sunoresearch.com.br\/n\/uploads\/2021\/09\/suno-logo.png\",\"contentUrl\":\"https:\/\/files.sunoresearch.com.br\/n\/uploads\/2021\/09\/suno-logo.png\",\"width\":180,\"height\":180,\"caption\":\"Suno Not\u00edcias\"},\"image\":{\"@id\":\"https:\/\/www.suno.com.br\/noticias\/#\/schema\/logo\/image\/\"},\"sameAs\":[\"https:\/\/facebook.com\/sunoresearch\",\"https:\/\/x.com\/sunoresearch\",\"https:\/\/www.instagram.com\/suno\",\"https:\/\/www.linkedin.com\/company\/suno-research\/\",\"https:\/\/www.youtube.com\/c\/sunoresearch\"]},{\"@type\":\"Person\",\"@id\":\"https:\/\/www.suno.com.br\/noticias\/#\/schema\/person\/e67f665add014bf99f644028de070cc3\",\"name\":\"Beatriz Oliveira\",\"image\":{\"@type\":\"ImageObject\",\"inLanguage\":\"pt-BR\",\"@id\":\"https:\/\/www.suno.com.br\/noticias\/#\/schema\/person\/image\/\",\"url\":\"https:\/\/secure.gravatar.com\/avatar\/c9aa6a0aaecc598d257d5d5bd349157d?s=96&r=g\",\"contentUrl\":\"https:\/\/secure.gravatar.com\/avatar\/c9aa6a0aaecc598d257d5d5bd349157d?s=96&r=g\",\"caption\":\"Beatriz Oliveira\"},\"description\":\"Formada em Jornalismo pela Faculdade Paulus de Tecnologia e Comunica\u00e7\u00e3o, Beatriz Oliveira escreve para o portal de not\u00edcias Suno Research. Antes, passou pelas reda\u00e7\u00f5es da Revista EXAME e da Rede Bandeirantes.\",\"url\":\"https:\/\/www.suno.com.br\/noticias\/author\/beatriz\/\"}]}<\/script>\n<!-- \/ Yoast SEO plugin. -->","yoast_head_json":{"title":"Decreto de armas: Maia pede estudo de constitucionalidade da medida","description":"O pedido do presidente da C\u00e2mara ocorre depois que presidente assinou decreto de armas que facilita o porte. Clique para entender a quest\u00e3o.","robots":{"index":"index","follow":"follow","max-snippet":"max-snippet:-1","max-image-preview":"max-image-preview:large","max-video-preview":"max-video-preview:-1"},"canonical":"https:\/\/www.suno.com.br\/noticias\/decreto-armas-maia-estudo-constitucionalidade\/","og_locale":"pt_BR","og_type":"article","og_title":"Decreto de armas: Maia pede estudo de constitucionalidade da medida","og_description":"O pedido do presidente da C\u00e2mara ocorre depois que presidente assinou decreto de armas que facilita o porte. Clique para entender a quest\u00e3o.","og_url":"https:\/\/www.suno.com.br\/noticias\/decreto-armas-maia-estudo-constitucionalidade\/","og_site_name":"Suno Not\u00edcias","article_publisher":"https:\/\/facebook.com\/sunoresearch","og_image":[{"width":1200,"height":798,"url":"https:\/\/files.sunoresearch.com.br\/n\/uploads\/2019\/05\/74b27181-rodrigo-maia.jpg","type":"image\/jpeg"}],"author":"Beatriz Oliveira","twitter_card":"summary_large_image","twitter_creator":"@sunoresearch","twitter_site":"@sunoresearch","twitter_misc":{"Escrito por":"Beatriz Oliveira","Est. tempo de leitura":"3 minutos"},"schema":{"@context":"https:\/\/schema.org","@graph":[{"@type":"NewsArticle","@id":"https:\/\/www.suno.com.br\/noticias\/decreto-armas-maia-estudo-constitucionalidade\/#article","isPartOf":{"@id":"https:\/\/www.suno.com.br\/noticias\/decreto-armas-maia-estudo-constitucionalidade\/"},"author":{"name":"Beatriz Oliveira","@id":"https:\/\/www.suno.com.br\/noticias\/#\/schema\/person\/e67f665add014bf99f644028de070cc3"},"headline":"Decreto de armas: Maia pede estudo de constitucionalidade da medida","datePublished":"2019-05-08T15:10:17+00:00","dateModified":"2021-02-17T23:10:46+00:00","mainEntityOfPage":{"@id":"https:\/\/www.suno.com.br\/noticias\/decreto-armas-maia-estudo-constitucionalidade\/"},"wordCount":630,"publisher":{"@id":"https:\/\/www.suno.com.br\/noticias\/#organization"},"image":{"@id":"https:\/\/www.suno.com.br\/noticias\/decreto-armas-maia-estudo-constitucionalidade\/#primaryimage"},"thumbnailUrl":"https:\/\/files.sunoresearch.com.br\/n\/uploads\/2019\/05\/74b27181-rodrigo-maia-jpg.webp","keywords":["Armas","Jair Bolsonaro","Rodrigo Maia","Taurus Armas (TASA3\/TASA4)"],"articleSection":["Pol\u00edtica"],"inLanguage":"pt-BR"},{"@type":"WebPage","@id":"https:\/\/www.suno.com.br\/noticias\/decreto-armas-maia-estudo-constitucionalidade\/","url":"https:\/\/www.suno.com.br\/noticias\/decreto-armas-maia-estudo-constitucionalidade\/","name":"Decreto de armas: Maia pede estudo de constitucionalidade da medida","isPartOf":{"@id":"https:\/\/www.suno.com.br\/noticias\/#website"},"primaryImageOfPage":{"@id":"https:\/\/www.suno.com.br\/noticias\/decreto-armas-maia-estudo-constitucionalidade\/#primaryimage"},"image":{"@id":"https:\/\/www.suno.com.br\/noticias\/decreto-armas-maia-estudo-constitucionalidade\/#primaryimage"},"thumbnailUrl":"https:\/\/files.sunoresearch.com.br\/n\/uploads\/2019\/05\/74b27181-rodrigo-maia-jpg.webp","datePublished":"2019-05-08T15:10:17+00:00","dateModified":"2021-02-17T23:10:46+00:00","description":"O pedido do presidente da C\u00e2mara ocorre depois que presidente assinou decreto de armas que facilita o porte. Clique para entender a quest\u00e3o.","breadcrumb":{"@id":"https:\/\/www.suno.com.br\/noticias\/decreto-armas-maia-estudo-constitucionalidade\/#breadcrumb"},"inLanguage":"pt-BR","potentialAction":[{"@type":"ReadAction","target":["https:\/\/www.suno.com.br\/noticias\/decreto-armas-maia-estudo-constitucionalidade\/"]}]},{"@type":"ImageObject","inLanguage":"pt-BR","@id":"https:\/\/www.suno.com.br\/noticias\/decreto-armas-maia-estudo-constitucionalidade\/#primaryimage","url":"https:\/\/files.sunoresearch.com.br\/n\/uploads\/2019\/05\/74b27181-rodrigo-maia-jpg.webp","contentUrl":"https:\/\/files.sunoresearch.com.br\/n\/uploads\/2019\/05\/74b27181-rodrigo-maia-jpg.webp","width":1200,"height":798,"caption":"Maia diz que C\u00e2mara n\u00e3o votar\u00e1 nenhuma flexibiliza\u00e7\u00e3o do teto de gastos"},{"@type":"BreadcrumbList","@id":"https:\/\/www.suno.com.br\/noticias\/decreto-armas-maia-estudo-constitucionalidade\/#breadcrumb","itemListElement":[{"@type":"ListItem","position":1,"name":"Not\u00edcias","item":"https:\/\/www.suno.com.br\/noticias\/"},{"@type":"ListItem","position":2,"name":"Pol\u00edtica","item":"https:\/\/www.suno.com.br\/noticias\/politica\/"},{"@type":"ListItem","position":3,"name":"Decreto de armas: Maia pede estudo de constitucionalidade da medida"}]},{"@type":"WebSite","@id":"https:\/\/www.suno.com.br\/noticias\/#website","url":"https:\/\/www.suno.com.br\/noticias\/","name":"Suno Not\u00edcias","description":"Seu portal de informa\u00e7\u00e3o sobre o mundo dos investimentos","publisher":{"@id":"https:\/\/www.suno.com.br\/noticias\/#organization"},"potentialAction":[{"@type":"SearchAction","target":{"@type":"EntryPoint","urlTemplate":"https:\/\/www.suno.com.br\/noticias\/?s={search_term_string}"},"query-input":{"@type":"PropertyValueSpecification","valueRequired":true,"valueName":"search_term_string"}}],"inLanguage":"pt-BR"},{"@type":"Organization","@id":"https:\/\/www.suno.com.br\/noticias\/#organization","name":"Suno Not\u00edcias","url":"https:\/\/www.suno.com.br\/noticias\/","logo":{"@type":"ImageObject","inLanguage":"pt-BR","@id":"https:\/\/www.suno.com.br\/noticias\/#\/schema\/logo\/image\/","url":"https:\/\/files.sunoresearch.com.br\/n\/uploads\/2021\/09\/suno-logo.png","contentUrl":"https:\/\/files.sunoresearch.com.br\/n\/uploads\/2021\/09\/suno-logo.png","width":180,"height":180,"caption":"Suno Not\u00edcias"},"image":{"@id":"https:\/\/www.suno.com.br\/noticias\/#\/schema\/logo\/image\/"},"sameAs":["https:\/\/facebook.com\/sunoresearch","https:\/\/x.com\/sunoresearch","https:\/\/www.instagram.com\/suno","https:\/\/www.linkedin.com\/company\/suno-research\/","https:\/\/www.youtube.com\/c\/sunoresearch"]},{"@type":"Person","@id":"https:\/\/www.suno.com.br\/noticias\/#\/schema\/person\/e67f665add014bf99f644028de070cc3","name":"Beatriz Oliveira","image":{"@type":"ImageObject","inLanguage":"pt-BR","@id":"https:\/\/www.suno.com.br\/noticias\/#\/schema\/person\/image\/","url":"https:\/\/secure.gravatar.com\/avatar\/c9aa6a0aaecc598d257d5d5bd349157d?s=96&r=g","contentUrl":"https:\/\/secure.gravatar.com\/avatar\/c9aa6a0aaecc598d257d5d5bd349157d?s=96&r=g","caption":"Beatriz Oliveira"},"description":"Formada em Jornalismo pela Faculdade Paulus de Tecnologia e Comunica\u00e7\u00e3o, Beatriz Oliveira escreve para o portal de not\u00edcias Suno Research. Antes, passou pelas reda\u00e7\u00f5es da Revista EXAME e da Rede Bandeirantes.","url":"https:\/\/www.suno.com.br\/noticias\/author\/beatriz\/"}]}},"default_loop_html":"<div class=\"cardsPage__listCard__boxs\"><div class=\"cardsPage__listCard__boxs__img\"><a href=\"https:\/\/www.suno.com.br\/noticias\/decreto-armas-maia-estudo-constitucionalidade\/\"><img class=\"mask\" src=\"https:\/\/www.suno.com.br\/noticias\/wp-content\/themes\/suno\/resources\/images\/spotlight\/spotlight1img\/bg-mask.png\" alt=\"Image Mask\"\/><img src=\"https:\/\/files.sunoresearch.com.br\/n\/uploads\/2019\/05\/74b27181-rodrigo-maia-400x200.webp\" alt=\"Decreto de armas: Maia pede estudo de constitucionalidade da medida\"\/><\/a><span class=\"spotlightCategory\"><a href=\"https:\/\/www.suno.com.br\/noticias\/politica\/\">Pol\u00edtica<\/a><\/span><\/div><div class=\"cardsPage__listCard__boxs__content\"><a href=\"https:\/\/www.suno.com.br\/noticias\/decreto-armas-maia-estudo-constitucionalidade\/\"><h2 class=\"content__title\">Decreto de armas: Maia pede estudo de constitucionalidade da medida<\/h2><\/a><div class=\"newsContent__article__meta\"><div class=\"newsContent__article__meta__authorBox\"><a href=\"https:\/\/www.suno.com.br\/noticias\/author\/beatriz\/\" class=\"authorBox__avatar noMobi\"><img src=\"https:\/\/secure.gravatar.com\/avatar\/c9aa6a0aaecc598d257d5d5bd349157d?s=96&#038;r=g\" alt=\"Beatriz Oliveira\"><\/a><div class=\"authorBox__name\"><span>por\n\t\t\t<a href=\"https:\/\/www.suno.com.br\/noticias\/author\/beatriz\/\"><span itemprop=\"author\">Beatriz Oliveira<\/span><\/a><\/span><time datetime=\"2019-05-08T12:10:17-03:00\" itemprop=\"datePublished\">08\/05\/2019 12:10<\/time><\/div><\/div><\/div><\/div><\/div>","single_layout":"posts","amp_enabled":true,"_links":{"self":[{"href":"https:\/\/www.suno.com.br\/noticias\/wp-json\/wp\/v2\/posts\/23713"}],"collection":[{"href":"https:\/\/www.suno.com.br\/noticias\/wp-json\/wp\/v2\/posts"}],"about":[{"href":"https:\/\/www.suno.com.br\/noticias\/wp-json\/wp\/v2\/types\/post"}],"author":[{"embeddable":true,"href":"https:\/\/www.suno.com.br\/noticias\/wp-json\/wp\/v2\/users\/16"}],"replies":[{"embeddable":true,"href":"https:\/\/www.suno.com.br\/noticias\/wp-json\/wp\/v2\/comments?post=23713"}],"version-history":[{"count":0,"href":"https:\/\/www.suno.com.br\/noticias\/wp-json\/wp\/v2\/posts\/23713\/revisions"}],"wp:featuredmedia":[{"embeddable":true,"href":"https:\/\/www.suno.com.br\/noticias\/wp-json\/wp\/v2\/media\/23718"}],"wp:attachment":[{"href":"https:\/\/www.suno.com.br\/noticias\/wp-json\/wp\/v2\/media?parent=23713"}],"wp:term":[{"taxonomy":"category","embeddable":true,"href":"https:\/\/www.suno.com.br\/noticias\/wp-json\/wp\/v2\/categories?post=23713"},{"taxonomy":"post_tag","embeddable":true,"href":"https:\/\/www.suno.com.br\/noticias\/wp-json\/wp\/v2\/tags?post=23713"},{"taxonomy":"suno_strategy","embeddable":true,"href":"https:\/\/www.suno.com.br\/noticias\/wp-json\/wp\/v2\/suno_strategy?post=23713"}],"curies":[{"name":"wp","href":"https:\/\/api.w.org\/{rel}","templated":true}]}}