{"id":23709,"date":"2019-05-08T12:39:19","date_gmt":"2019-05-08T15:39:19","guid":{"rendered":"https:\/\/www.suno.com.br\/noticias\/?p=23709"},"modified":"2019-05-08T12:46:20","modified_gmt":"2019-05-08T15:46:20","slug":"stf-imunidade-prisao-deputados","status":"publish","type":"post","link":"https:\/\/www.suno.com.br\/noticias\/stf-imunidade-prisao-deputados\/","title":{"rendered":"Toffoli muda voto e STF d\u00e1 maior imunidade \u00e0 pris\u00e3o para deputados estaduais"},"content":{"rendered":"<p>Presidente do Supremo Tribunal Federal (STF), ministro <strong>Dias Toffoli<\/strong>, mudou seu voto e o plen\u00e1rio da Corte decidiu, pela maioria, aumentar a possibilidade de deputados estaduais serem imunes a pris\u00e3o.<\/p>\t<div class=\"wrapper-featured-image\">\n\t\t<figure class=\"spotlightImg\">\n\n\t\t\t<picture>\n\t\t\t\t<source media=\"(max-width: 768px)\" srcset=\"https:\/\/files.sunoresearch.com.br\/n\/uploads\/2019\/05\/2df652f4-deputados-400x200.webp\">\n\t\t\t\t<img loading=\"lazy\" decoding=\"async\" class=\"newsContent__article__imgCapa lazyloadDisabled newsContent__article__imgCapa--noCaption\" src=\"https:\/\/files.sunoresearch.com.br\/n\/uploads\/2019\/05\/2df652f4-deputados-800x450.webp\" width=\"800\" height=\"450\" alt=\"Toffoli muda voto e STF d\u00e1 maior imunidade \u00e0 pris\u00e3o para deputados estaduais\" fetchpriority=high \/>\n\t\t\t<\/picture>\n\n\t\t\t<figcaption class=\"wp-caption-text wp-caption-text--hide\">Toffoli muda voto e STF d\u00e1 maior imunidade a pris\u00e3o para deputados estaduais<\/figcaption>\n\t\t<\/figure>\n\t<\/div>\n\n\n<p>De acordo com a maioria dos <strong>ministros<\/strong>, na decis\u00e3o desta quarta-feira (8), as assembleias estaduais podem reverter a ordem de pris\u00e3o preventiva dada pelo Judici\u00e1rio contra <strong>deputados<\/strong> estaduais.<\/p>\n\t<p>\n\t\t<a href=\"https:\/\/lp.suno.com.br\/ao\/cadastro-whatsapp\/\" target=\"_blank\" data-element=\"shortcode-suno-banner\" title=\"Banner SUNO, clique e saiba mais\">\n\t\t\t<picture>\n\t\t\t\t<source media=\"(max-width: 500px)\" srcset=\"https:\/\/files.sunoresearch.com.br\/n\/uploads\/2024\/03\/400x300-whatsapp-Suno.png\">\n\t\t\t\t<img class=\"newsContent__article__imgCapa newsContent__article__imgCapa--banner\"\n\t\t\t\t\tsrc=\"https:\/\/files.sunoresearch.com.br\/n\/uploads\/2024\/03\/1420x240-whatsapp-Suno.png\"\n\t\t\t\t\tdata-promo-id=\"101743\"\t\t\t\t\t\t\t\t\t\twidth='1420' height='240'\t\t\t\t\talt=\"https:\/\/files.sunoresearch.com.br\/n\/uploads\/2024\/03\/1420x240-whatsapp-Suno.png\"\n\t\t\t\t>\n\t\t\t<\/picture>\n\t\t<\/a>\n\t<\/p>\n\n\n<p>At\u00e9 que o julgamento fosse iniciado, a maioria dos votos eram contra o direito das assembleias reverterem a ordem de pris\u00e3o dada \u00e0 um deputado estadual. Seis ministros haviam votado com esse intuito, no entanto, com a mudan\u00e7a de entendimento de <strong>Toffoli<\/strong>, o placar virou.<\/p>\n<p>&#8220;Eu votei no sentido de que a Constitui\u00e7\u00e3o faz refer\u00eancia \u00e0 congressistas, em rela\u00e7\u00e3o a pris\u00e3o. Em rela\u00e7\u00e3o a outras imunidades, fala em deputados e senadores. Ou seja, em rela\u00e7\u00e3o a pris\u00e3o, exclusiva a parlamentares. Esse voto restou isolado, eu n\u00e3o vou insistir na minha posi\u00e7\u00e3o. Na medida em que h\u00e1 colegas que n\u00e3o entendem diferencia\u00e7\u00e3o, eu me curvo \u00e0quilo que entendo estar na Constitui\u00e7\u00e3o, que \u00e9 a imunidade da pris\u00e3o, a n\u00e3o ser em flagrante&#8221;, afirmou o presidente da Corte.<\/p>\n<p>Votaram a favor das assembleias revogarem pris\u00f5es:<\/p>\n<ul>\n<li><strong>Marco Aur\u00e9lio Mello<\/strong><\/li>\n<li><strong>Alexandre de Moraes<\/strong><\/li>\n<li><strong>Gilmar Mendes<\/strong><\/li>\n<li><strong>Celso de Mello<\/strong><\/li>\n<li><strong>Ricardo Lewandowski<\/strong><\/li>\n<li><strong>Dias Toffoli<\/strong><\/li>\n<\/ul>\n<p>Votaram contra a possibilidade das assembleias reverterem as pris\u00f5es:<\/p>\n<ul>\n<li><strong>Luiz Edson Fachin<\/strong><\/li>\n<li><strong>Rosa Weber<\/strong><\/li>\n<li><strong>Luiz Fux<\/strong><\/li>\n<li><strong>C\u00e1rmen L\u00facia<\/strong><\/li>\n<li><strong>Lu\u00eds Roberto Barroso<\/strong><\/li>\n<\/ul>\n<p><a href=\"https:\/\/www.suno.com.br\/noticias\/decreto-armas-maia-estudo-constitucionalidade\/\">Saiba mais:\u00a0Decreto de armas: Maia pede estudo de constitucionalidade da medida<\/a><\/p>\n<h2>Movimenta\u00e7\u00f5es das assembleias<\/h2>\n<p>O julgamento tem como alvo as constitui\u00e7\u00f5es estaduais de: <strong>Rio<\/strong> <strong>Grande<\/strong> <strong>do<\/strong> <strong>Norte<\/strong>, <strong>Mato<\/strong> <strong>Grosso<\/strong> e <strong>Rio<\/strong> <strong>de<\/strong> <strong>Janeiro<\/strong>.<\/p>\n<p>Ambos os estados replicaram a norma prevista na <strong>Constitui\u00e7\u00e3o<\/strong> <strong>Federal<\/strong>, onde \u00e9 estabelecido que deputados federais e senadores sejam presos apenas se forem pegos em flagrante. E que, al\u00e9m disso, o <strong>Congresso<\/strong> tem at\u00e9 24 horas para decidir se o pol\u00edtico ser\u00e1 mantido preso ou n\u00e3o.<\/p>\n<p>Para deputados estaduais, as assembleias podem reverter as pris\u00f5es.<\/p>\n\t<p>\n\t\t<a href=\"https:\/\/lp.suno.com.br\/asset\/suno-fundo-de-fundos-snff11\/\" target=\"_blank\" data-element=\"shortcode-suno-banner\" title=\"Banner SUNO, clique e saiba mais\">\n\t\t\t<picture>\n\t\t\t\t<source media=\"(max-width: 500px)\" srcset=\"https:\/\/files.sunoresearch.com.br\/n\/uploads\/2024\/01\/400x300-Mobile-Artigos-3-SNFF-AO.png\">\n\t\t\t\t<img class=\"newsContent__article__imgCapa newsContent__article__imgCapa--banner\"\n\t\t\t\t\tsrc=\"https:\/\/files.sunoresearch.com.br\/n\/uploads\/2024\/01\/1420x240-Banner-Artigos-1-_-Banner-Materias-1-SNFF-AO.png\"\n\t\t\t\t\tdata-promo-id=\"364418\"\t\t\t\t\t\t\t\t\t\twidth='1420' height='240'\t\t\t\t\talt=\"https:\/\/files.sunoresearch.com.br\/n\/uploads\/2024\/01\/1420x240-Banner-Artigos-1-_-Banner-Materias-1-SNFF-AO.png\"\n\t\t\t\t>\n\t\t\t<\/picture>\n\t\t<\/a>\n\t<\/p>\n\n\n<h3>Rio de janeiro<\/h3>\n<p>A <strong>Assembleia Legislativa do Rio de Janeiro (Alerj)<\/strong> parece estar alinhada ao pensamento da maioria do plen\u00e1rio da Corte. O Rio passa por esc\u00e2ndalos de corrup\u00e7\u00e3o e, entre os estados citados acima, tem o caso mais conhecido.<\/p>\n<p>No \u00faltimo ano, um relat\u00f3rio do <strong>Conselho de Atividades Financeiras (Coaf)<\/strong>, indicou opera\u00e7\u00f5es banc\u00e1rias suspeitas de 74 servidores e ex-servidores da Assembleia Legislativa do Rio de Janeiro (Alerj), al\u00e9m de Fabr\u00edcio Queiroz, ex-assessor do senador, <strong>Fl\u00e1vio Bolsonaro<\/strong>, filho do<strong> presidente Jair Bolsonaro<\/strong>.<\/p>\n<p>Al\u00e9m das investiga\u00e7\u00f5es sobre os gabinetes, outro caso da Assembleia do Rio de Janeiro chama aten\u00e7\u00e3o. Nesse, a Mesa Diretora da Assembleia Legislativa do Rio (Alerj) decidiu, por unanimidade dar posse \u00e0 deputados presos.<\/p>\n<p>No in\u00edcio de abril, a Justi\u00e7a\u00a0suspendeu a posse de cinco deputados estaduais que est\u00e3o presos desde a Opera\u00e7\u00e3o Furna da On\u00e7a em novembro<\/p>\n<p>No entanto, durante o \u00faltimo m\u00eas, a Alerj foi \u00e0 Justi\u00e7a com um recurso para derrubar a liminar que suspende a posso de cinco deputados estaduais que est\u00e3o presos preventivamente. Esses deputados assinaram o termo que oficializa o ato de dentro da cadeia.<\/p>\n<h4>Voto de Barroso<\/h4>\n<p>Entre os ministros, <strong>Lu\u00eds Roberto Barroso<\/strong> falou em seu voto (que foi contra a possibilidade das assembleias reverterem as pris\u00f5es) sobre o caso do Rio de Janeiro, onde a assembleia buscava dar posse aos deputados que foram eleitos mas estavam presos.<\/p>\n<p>&#8220;O caso espec\u00edfico do Rio em que a <strong>assembleia<\/strong> sustou a pris\u00e3o e determinou diretamente a autoridade policial, sem sequer passar pelo Poder Judici\u00e1rio a reincorpora\u00e7\u00e3o dos parlamentares ao mandato, o quadro era dantesco. E a n\u00e3o susta\u00e7\u00e3o do processo permitiu que se julgasse aquelas pessoas. Essas pessoas estariam livres e no exerc\u00edcio do mandato, se prevalecesse o entendimento de que a Assembleia Legislativa pode sustar o processo ou impedir a pris\u00e3o, portanto, eles poderiam continuar na pr\u00e1tica dos crimes que envolvem achaques para recebimento de dinheiro e cada um deles, dessas pessoas, recebeu muitos milh\u00f5es de reais em propinas&#8221;, completou.<\/p>\n\t<p>\n\t\t<a href=\"https:\/\/lp.suno.com.br\/ao\/sessao-estrategica-consultoria-c\/?utm_source=suno-noticias&#038;utm_medium=banner&#038;utm_campaing=dolar-cair-juros\" target=\"_blank\" data-element=\"shortcode-suno-banner\" title=\"Banner SUNO, clique e saiba mais\">\n\t\t\t<picture>\n\t\t\t\t<source media=\"(max-width: 500px)\" srcset=\"https:\/\/files.sunoresearch.com.br\/n\/uploads\/2025\/09\/300x400.webp\">\n\t\t\t\t<img class=\"newsContent__article__imgCapa newsContent__article__imgCapa--banner\"\n\t\t\t\t\tsrc=\"https:\/\/files.sunoresearch.com.br\/n\/uploads\/2025\/09\/SN-DT-1420x240-1.webp\"\n\t\t\t\t\tdata-promo-id=\"624946\"\t\t\t\t\t\t\t\t\t\twidth='1420' height='240'\t\t\t\t\talt=\"https:\/\/files.sunoresearch.com.br\/n\/uploads\/2025\/09\/SN-DT-1420x240-1.webp\"\n\t\t\t\t>\n\t\t\t<\/picture>\n\t\t<\/a>\n\t<\/p>\n\n\n<p>Na \u00faltima elei\u00e7\u00e3o, no <strong>Rio de Janeiro<\/strong>, dos 70 <strong>deputados<\/strong> eleitos, seis estavam presos.<\/p>\n","protected":false},"excerpt":{"rendered":"<p>Presidente do Supremo Tribunal Federal (STF), ministro Dias Toffoli, mudou seu voto e o plen\u00e1rio da Corte decidiu, pela maioria, aumentar a possibilidade de deputados estaduais serem imunes a pris\u00e3o. Toffoli muda voto e STF d\u00e1 maior imunidade a pris\u00e3o para deputados estaduais De acordo com a maioria dos ministros, na decis\u00e3o desta quarta-feira (8), [&hellip;]<\/p>\n","protected":false},"author":11,"featured_media":23721,"comment_status":"closed","ping_status":"closed","sticky":false,"template":"","format":"standard","meta":[],"categories":[61],"tags":[785],"suno_strategy":[],"class_list":["post-23709","post","type-post","status-publish","format-standard","has-post-thumbnail","hentry","category-politica","tag-supremo-tribunal-federal-stf"],"yoast_head":"<!-- This site is optimized with the Yoast SEO plugin v24.4 - https:\/\/yoast.com\/wordpress\/plugins\/seo\/ -->\n<title>Toffoli muda voto e d\u00e1 maior imunidade a pris\u00e3o para deputados estaduais<\/title>\n<meta name=\"description\" content=\"O presidente do Supremo, Dias Toffoli, mudou seu voto dando a maior possibilidade de deputados estaduais serem imunes. Clique e saiba mais.\" \/>\n<meta name=\"robots\" content=\"index, follow, max-snippet:-1, max-image-preview:large, max-video-preview:-1\" \/>\n<link rel=\"canonical\" href=\"https:\/\/www.suno.com.br\/noticias\/stf-imunidade-prisao-deputados\/\" \/>\n<meta property=\"og:locale\" content=\"pt_BR\" \/>\n<meta property=\"og:type\" content=\"article\" \/>\n<meta property=\"og:title\" content=\"Toffoli muda voto e d\u00e1 maior imunidade a pris\u00e3o para deputados estaduais\" \/>\n<meta property=\"og:description\" content=\"O presidente do Supremo, Dias Toffoli, mudou seu voto dando a maior possibilidade de deputados estaduais serem imunes. Clique e saiba mais.\" \/>\n<meta property=\"og:url\" content=\"https:\/\/www.suno.com.br\/noticias\/stf-imunidade-prisao-deputados\/\" \/>\n<meta property=\"og:site_name\" content=\"Suno Not\u00edcias\" \/>\n<meta property=\"article:publisher\" content=\"https:\/\/facebook.com\/sunoresearch\" \/>\n<meta property=\"og:image\" content=\"https:\/\/files.sunoresearch.com.br\/n\/uploads\/2019\/05\/2df652f4-deputados-1024x589.jpg\" \/>\n\t<meta property=\"og:image:width\" content=\"1024\" \/>\n\t<meta property=\"og:image:height\" content=\"589\" \/>\n\t<meta property=\"og:image:type\" content=\"image\/jpeg\" \/>\n<meta name=\"author\" content=\"Renan Bandeira\" \/>\n<meta name=\"twitter:card\" content=\"summary_large_image\" \/>\n<meta name=\"twitter:creator\" content=\"@sunoresearch\" \/>\n<meta name=\"twitter:site\" content=\"@sunoresearch\" \/>\n<meta name=\"twitter:label1\" content=\"Escrito por\" \/>\n\t<meta name=\"twitter:data1\" content=\"Renan Bandeira\" \/>\n\t<meta name=\"twitter:label2\" content=\"Est. tempo de leitura\" \/>\n\t<meta name=\"twitter:data2\" content=\"4 minutos\" \/>\n<script type=\"application\/ld+json\" class=\"yoast-schema-graph\">{\"@context\":\"https:\/\/schema.org\",\"@graph\":[{\"@type\":\"NewsArticle\",\"@id\":\"https:\/\/www.suno.com.br\/noticias\/stf-imunidade-prisao-deputados\/#article\",\"isPartOf\":{\"@id\":\"https:\/\/www.suno.com.br\/noticias\/stf-imunidade-prisao-deputados\/\"},\"author\":{\"name\":\"Renan Bandeira\",\"@id\":\"https:\/\/www.suno.com.br\/noticias\/#\/schema\/person\/fc144a1c6108bd1dcd43784e88a3c138\"},\"headline\":\"Toffoli muda voto e STF d\u00e1 maior imunidade \u00e0 pris\u00e3o para deputados estaduais\",\"datePublished\":\"2019-05-08T15:39:19+00:00\",\"dateModified\":\"2019-05-08T15:46:20+00:00\",\"mainEntityOfPage\":{\"@id\":\"https:\/\/www.suno.com.br\/noticias\/stf-imunidade-prisao-deputados\/\"},\"wordCount\":737,\"publisher\":{\"@id\":\"https:\/\/www.suno.com.br\/noticias\/#organization\"},\"image\":{\"@id\":\"https:\/\/www.suno.com.br\/noticias\/stf-imunidade-prisao-deputados\/#primaryimage\"},\"thumbnailUrl\":\"https:\/\/files.sunoresearch.com.br\/n\/uploads\/2019\/05\/2df652f4-deputados-jpg.webp\",\"keywords\":[\"Supremo Tribunal Federal (STF)\"],\"articleSection\":[\"Pol\u00edtica\"],\"inLanguage\":\"pt-BR\"},{\"@type\":\"WebPage\",\"@id\":\"https:\/\/www.suno.com.br\/noticias\/stf-imunidade-prisao-deputados\/\",\"url\":\"https:\/\/www.suno.com.br\/noticias\/stf-imunidade-prisao-deputados\/\",\"name\":\"Toffoli muda voto e d\u00e1 maior imunidade a pris\u00e3o para deputados estaduais\",\"isPartOf\":{\"@id\":\"https:\/\/www.suno.com.br\/noticias\/#website\"},\"primaryImageOfPage\":{\"@id\":\"https:\/\/www.suno.com.br\/noticias\/stf-imunidade-prisao-deputados\/#primaryimage\"},\"image\":{\"@id\":\"https:\/\/www.suno.com.br\/noticias\/stf-imunidade-prisao-deputados\/#primaryimage\"},\"thumbnailUrl\":\"https:\/\/files.sunoresearch.com.br\/n\/uploads\/2019\/05\/2df652f4-deputados-jpg.webp\",\"datePublished\":\"2019-05-08T15:39:19+00:00\",\"dateModified\":\"2019-05-08T15:46:20+00:00\",\"description\":\"O presidente do Supremo, Dias Toffoli, mudou seu voto dando a maior possibilidade de deputados estaduais serem imunes. Clique e saiba mais.\",\"breadcrumb\":{\"@id\":\"https:\/\/www.suno.com.br\/noticias\/stf-imunidade-prisao-deputados\/#breadcrumb\"},\"inLanguage\":\"pt-BR\",\"potentialAction\":[{\"@type\":\"ReadAction\",\"target\":[\"https:\/\/www.suno.com.br\/noticias\/stf-imunidade-prisao-deputados\/\"]}]},{\"@type\":\"ImageObject\",\"inLanguage\":\"pt-BR\",\"@id\":\"https:\/\/www.suno.com.br\/noticias\/stf-imunidade-prisao-deputados\/#primaryimage\",\"url\":\"https:\/\/files.sunoresearch.com.br\/n\/uploads\/2019\/05\/2df652f4-deputados-jpg.webp\",\"contentUrl\":\"https:\/\/files.sunoresearch.com.br\/n\/uploads\/2019\/05\/2df652f4-deputados-jpg.webp\",\"width\":2000,\"height\":1151,\"caption\":\"Toffoli muda voto e STF d\u00e1 maior imunidade a pris\u00e3o para deputados estaduais\"},{\"@type\":\"BreadcrumbList\",\"@id\":\"https:\/\/www.suno.com.br\/noticias\/stf-imunidade-prisao-deputados\/#breadcrumb\",\"itemListElement\":[{\"@type\":\"ListItem\",\"position\":1,\"name\":\"Not\u00edcias\",\"item\":\"https:\/\/www.suno.com.br\/noticias\/\"},{\"@type\":\"ListItem\",\"position\":2,\"name\":\"Pol\u00edtica\",\"item\":\"https:\/\/www.suno.com.br\/noticias\/politica\/\"},{\"@type\":\"ListItem\",\"position\":3,\"name\":\"Toffoli muda voto e STF d\u00e1 maior imunidade \u00e0 pris\u00e3o para deputados estaduais\"}]},{\"@type\":\"WebSite\",\"@id\":\"https:\/\/www.suno.com.br\/noticias\/#website\",\"url\":\"https:\/\/www.suno.com.br\/noticias\/\",\"name\":\"Suno Not\u00edcias\",\"description\":\"Seu portal de informa\u00e7\u00e3o sobre o mundo dos investimentos\",\"publisher\":{\"@id\":\"https:\/\/www.suno.com.br\/noticias\/#organization\"},\"potentialAction\":[{\"@type\":\"SearchAction\",\"target\":{\"@type\":\"EntryPoint\",\"urlTemplate\":\"https:\/\/www.suno.com.br\/noticias\/?s={search_term_string}\"},\"query-input\":{\"@type\":\"PropertyValueSpecification\",\"valueRequired\":true,\"valueName\":\"search_term_string\"}}],\"inLanguage\":\"pt-BR\"},{\"@type\":\"Organization\",\"@id\":\"https:\/\/www.suno.com.br\/noticias\/#organization\",\"name\":\"Suno Not\u00edcias\",\"url\":\"https:\/\/www.suno.com.br\/noticias\/\",\"logo\":{\"@type\":\"ImageObject\",\"inLanguage\":\"pt-BR\",\"@id\":\"https:\/\/www.suno.com.br\/noticias\/#\/schema\/logo\/image\/\",\"url\":\"https:\/\/files.sunoresearch.com.br\/n\/uploads\/2021\/09\/suno-logo.png\",\"contentUrl\":\"https:\/\/files.sunoresearch.com.br\/n\/uploads\/2021\/09\/suno-logo.png\",\"width\":180,\"height\":180,\"caption\":\"Suno Not\u00edcias\"},\"image\":{\"@id\":\"https:\/\/www.suno.com.br\/noticias\/#\/schema\/logo\/image\/\"},\"sameAs\":[\"https:\/\/facebook.com\/sunoresearch\",\"https:\/\/x.com\/sunoresearch\",\"https:\/\/www.instagram.com\/suno\",\"https:\/\/www.linkedin.com\/company\/suno-research\/\",\"https:\/\/www.youtube.com\/c\/sunoresearch\"]},{\"@type\":\"Person\",\"@id\":\"https:\/\/www.suno.com.br\/noticias\/#\/schema\/person\/fc144a1c6108bd1dcd43784e88a3c138\",\"name\":\"Renan Bandeira\",\"image\":{\"@type\":\"ImageObject\",\"inLanguage\":\"pt-BR\",\"@id\":\"https:\/\/www.suno.com.br\/noticias\/#\/schema\/person\/image\/\",\"url\":\"https:\/\/secure.gravatar.com\/avatar\/68359cdb608f14f11bbefcb78f3fc747?s=96&r=g\",\"contentUrl\":\"https:\/\/secure.gravatar.com\/avatar\/68359cdb608f14f11bbefcb78f3fc747?s=96&r=g\",\"caption\":\"Renan Bandeira\"},\"description\":\"Renan Bandeira escreve sobre pol\u00edtica e economia para o portal da Suno Research. Antes da Suno, trabalhou em uma rede de televis\u00e3o, onde fazia reportagens sobre os mesmos temas. Estuda na Universidade Metodista de S\u00e3o Paulo.\",\"url\":\"https:\/\/www.suno.com.br\/noticias\/author\/renan-bandeira\/\"}]}<\/script>\n<!-- \/ Yoast SEO plugin. -->","yoast_head_json":{"title":"Toffoli muda voto e d\u00e1 maior imunidade a pris\u00e3o para deputados estaduais","description":"O presidente do Supremo, Dias Toffoli, mudou seu voto dando a maior possibilidade de deputados estaduais serem imunes. Clique e saiba mais.","robots":{"index":"index","follow":"follow","max-snippet":"max-snippet:-1","max-image-preview":"max-image-preview:large","max-video-preview":"max-video-preview:-1"},"canonical":"https:\/\/www.suno.com.br\/noticias\/stf-imunidade-prisao-deputados\/","og_locale":"pt_BR","og_type":"article","og_title":"Toffoli muda voto e d\u00e1 maior imunidade a pris\u00e3o para deputados estaduais","og_description":"O presidente do Supremo, Dias Toffoli, mudou seu voto dando a maior possibilidade de deputados estaduais serem imunes. Clique e saiba mais.","og_url":"https:\/\/www.suno.com.br\/noticias\/stf-imunidade-prisao-deputados\/","og_site_name":"Suno Not\u00edcias","article_publisher":"https:\/\/facebook.com\/sunoresearch","og_image":[{"width":1024,"height":589,"url":"https:\/\/files.sunoresearch.com.br\/n\/uploads\/2019\/05\/2df652f4-deputados-1024x589.jpg","type":"image\/jpeg"}],"author":"Renan Bandeira","twitter_card":"summary_large_image","twitter_creator":"@sunoresearch","twitter_site":"@sunoresearch","twitter_misc":{"Escrito por":"Renan Bandeira","Est. tempo de leitura":"4 minutos"},"schema":{"@context":"https:\/\/schema.org","@graph":[{"@type":"NewsArticle","@id":"https:\/\/www.suno.com.br\/noticias\/stf-imunidade-prisao-deputados\/#article","isPartOf":{"@id":"https:\/\/www.suno.com.br\/noticias\/stf-imunidade-prisao-deputados\/"},"author":{"name":"Renan Bandeira","@id":"https:\/\/www.suno.com.br\/noticias\/#\/schema\/person\/fc144a1c6108bd1dcd43784e88a3c138"},"headline":"Toffoli muda voto e STF d\u00e1 maior imunidade \u00e0 pris\u00e3o para deputados estaduais","datePublished":"2019-05-08T15:39:19+00:00","dateModified":"2019-05-08T15:46:20+00:00","mainEntityOfPage":{"@id":"https:\/\/www.suno.com.br\/noticias\/stf-imunidade-prisao-deputados\/"},"wordCount":737,"publisher":{"@id":"https:\/\/www.suno.com.br\/noticias\/#organization"},"image":{"@id":"https:\/\/www.suno.com.br\/noticias\/stf-imunidade-prisao-deputados\/#primaryimage"},"thumbnailUrl":"https:\/\/files.sunoresearch.com.br\/n\/uploads\/2019\/05\/2df652f4-deputados-jpg.webp","keywords":["Supremo Tribunal Federal (STF)"],"articleSection":["Pol\u00edtica"],"inLanguage":"pt-BR"},{"@type":"WebPage","@id":"https:\/\/www.suno.com.br\/noticias\/stf-imunidade-prisao-deputados\/","url":"https:\/\/www.suno.com.br\/noticias\/stf-imunidade-prisao-deputados\/","name":"Toffoli muda voto e d\u00e1 maior imunidade a pris\u00e3o para deputados estaduais","isPartOf":{"@id":"https:\/\/www.suno.com.br\/noticias\/#website"},"primaryImageOfPage":{"@id":"https:\/\/www.suno.com.br\/noticias\/stf-imunidade-prisao-deputados\/#primaryimage"},"image":{"@id":"https:\/\/www.suno.com.br\/noticias\/stf-imunidade-prisao-deputados\/#primaryimage"},"thumbnailUrl":"https:\/\/files.sunoresearch.com.br\/n\/uploads\/2019\/05\/2df652f4-deputados-jpg.webp","datePublished":"2019-05-08T15:39:19+00:00","dateModified":"2019-05-08T15:46:20+00:00","description":"O presidente do Supremo, Dias Toffoli, mudou seu voto dando a maior possibilidade de deputados estaduais serem imunes. Clique e saiba mais.","breadcrumb":{"@id":"https:\/\/www.suno.com.br\/noticias\/stf-imunidade-prisao-deputados\/#breadcrumb"},"inLanguage":"pt-BR","potentialAction":[{"@type":"ReadAction","target":["https:\/\/www.suno.com.br\/noticias\/stf-imunidade-prisao-deputados\/"]}]},{"@type":"ImageObject","inLanguage":"pt-BR","@id":"https:\/\/www.suno.com.br\/noticias\/stf-imunidade-prisao-deputados\/#primaryimage","url":"https:\/\/files.sunoresearch.com.br\/n\/uploads\/2019\/05\/2df652f4-deputados-jpg.webp","contentUrl":"https:\/\/files.sunoresearch.com.br\/n\/uploads\/2019\/05\/2df652f4-deputados-jpg.webp","width":2000,"height":1151,"caption":"Toffoli muda voto e STF d\u00e1 maior imunidade a pris\u00e3o para deputados estaduais"},{"@type":"BreadcrumbList","@id":"https:\/\/www.suno.com.br\/noticias\/stf-imunidade-prisao-deputados\/#breadcrumb","itemListElement":[{"@type":"ListItem","position":1,"name":"Not\u00edcias","item":"https:\/\/www.suno.com.br\/noticias\/"},{"@type":"ListItem","position":2,"name":"Pol\u00edtica","item":"https:\/\/www.suno.com.br\/noticias\/politica\/"},{"@type":"ListItem","position":3,"name":"Toffoli muda voto e STF d\u00e1 maior imunidade \u00e0 pris\u00e3o para deputados estaduais"}]},{"@type":"WebSite","@id":"https:\/\/www.suno.com.br\/noticias\/#website","url":"https:\/\/www.suno.com.br\/noticias\/","name":"Suno Not\u00edcias","description":"Seu portal de informa\u00e7\u00e3o sobre o mundo dos investimentos","publisher":{"@id":"https:\/\/www.suno.com.br\/noticias\/#organization"},"potentialAction":[{"@type":"SearchAction","target":{"@type":"EntryPoint","urlTemplate":"https:\/\/www.suno.com.br\/noticias\/?s={search_term_string}"},"query-input":{"@type":"PropertyValueSpecification","valueRequired":true,"valueName":"search_term_string"}}],"inLanguage":"pt-BR"},{"@type":"Organization","@id":"https:\/\/www.suno.com.br\/noticias\/#organization","name":"Suno Not\u00edcias","url":"https:\/\/www.suno.com.br\/noticias\/","logo":{"@type":"ImageObject","inLanguage":"pt-BR","@id":"https:\/\/www.suno.com.br\/noticias\/#\/schema\/logo\/image\/","url":"https:\/\/files.sunoresearch.com.br\/n\/uploads\/2021\/09\/suno-logo.png","contentUrl":"https:\/\/files.sunoresearch.com.br\/n\/uploads\/2021\/09\/suno-logo.png","width":180,"height":180,"caption":"Suno Not\u00edcias"},"image":{"@id":"https:\/\/www.suno.com.br\/noticias\/#\/schema\/logo\/image\/"},"sameAs":["https:\/\/facebook.com\/sunoresearch","https:\/\/x.com\/sunoresearch","https:\/\/www.instagram.com\/suno","https:\/\/www.linkedin.com\/company\/suno-research\/","https:\/\/www.youtube.com\/c\/sunoresearch"]},{"@type":"Person","@id":"https:\/\/www.suno.com.br\/noticias\/#\/schema\/person\/fc144a1c6108bd1dcd43784e88a3c138","name":"Renan Bandeira","image":{"@type":"ImageObject","inLanguage":"pt-BR","@id":"https:\/\/www.suno.com.br\/noticias\/#\/schema\/person\/image\/","url":"https:\/\/secure.gravatar.com\/avatar\/68359cdb608f14f11bbefcb78f3fc747?s=96&r=g","contentUrl":"https:\/\/secure.gravatar.com\/avatar\/68359cdb608f14f11bbefcb78f3fc747?s=96&r=g","caption":"Renan Bandeira"},"description":"Renan Bandeira escreve sobre pol\u00edtica e economia para o portal da Suno Research. Antes da Suno, trabalhou em uma rede de televis\u00e3o, onde fazia reportagens sobre os mesmos temas. Estuda na Universidade Metodista de S\u00e3o Paulo.","url":"https:\/\/www.suno.com.br\/noticias\/author\/renan-bandeira\/"}]}},"default_loop_html":"<div class=\"cardsPage__listCard__boxs\"><div class=\"cardsPage__listCard__boxs__img\"><a href=\"https:\/\/www.suno.com.br\/noticias\/stf-imunidade-prisao-deputados\/\"><img class=\"mask\" src=\"https:\/\/www.suno.com.br\/noticias\/wp-content\/themes\/suno\/resources\/images\/spotlight\/spotlight1img\/bg-mask.png\" alt=\"Image Mask\"\/><img src=\"https:\/\/files.sunoresearch.com.br\/n\/uploads\/2019\/05\/2df652f4-deputados-400x200.webp\" alt=\"Toffoli muda voto e STF d\u00e1 maior imunidade \u00e0 pris\u00e3o para deputados estaduais\"\/><\/a><span class=\"spotlightCategory\"><a href=\"https:\/\/www.suno.com.br\/noticias\/politica\/\">Pol\u00edtica<\/a><\/span><\/div><div class=\"cardsPage__listCard__boxs__content\"><a href=\"https:\/\/www.suno.com.br\/noticias\/stf-imunidade-prisao-deputados\/\"><h2 class=\"content__title\">Toffoli muda voto e STF d\u00e1 maior imunidade \u00e0 pris\u00e3o para deputados estaduais<\/h2><\/a><div class=\"newsContent__article__meta\"><div class=\"newsContent__article__meta__authorBox\"><a href=\"https:\/\/www.suno.com.br\/noticias\/author\/renan-bandeira\/\" class=\"authorBox__avatar noMobi\"><img src=\"https:\/\/secure.gravatar.com\/avatar\/68359cdb608f14f11bbefcb78f3fc747?s=96&#038;r=g\" alt=\"Renan Bandeira\"><\/a><div class=\"authorBox__name\"><span>por\n\t\t\t<a href=\"https:\/\/www.suno.com.br\/noticias\/author\/renan-bandeira\/\"><span itemprop=\"author\">Renan Bandeira<\/span><\/a><\/span><time datetime=\"2019-05-08T12:39:19-03:00\" itemprop=\"datePublished\">08\/05\/2019 12:39<\/time><\/div><\/div><\/div><\/div><\/div>","single_layout":"posts","amp_enabled":true,"_links":{"self":[{"href":"https:\/\/www.suno.com.br\/noticias\/wp-json\/wp\/v2\/posts\/23709"}],"collection":[{"href":"https:\/\/www.suno.com.br\/noticias\/wp-json\/wp\/v2\/posts"}],"about":[{"href":"https:\/\/www.suno.com.br\/noticias\/wp-json\/wp\/v2\/types\/post"}],"author":[{"embeddable":true,"href":"https:\/\/www.suno.com.br\/noticias\/wp-json\/wp\/v2\/users\/11"}],"replies":[{"embeddable":true,"href":"https:\/\/www.suno.com.br\/noticias\/wp-json\/wp\/v2\/comments?post=23709"}],"version-history":[{"count":0,"href":"https:\/\/www.suno.com.br\/noticias\/wp-json\/wp\/v2\/posts\/23709\/revisions"}],"wp:featuredmedia":[{"embeddable":true,"href":"https:\/\/www.suno.com.br\/noticias\/wp-json\/wp\/v2\/media\/23721"}],"wp:attachment":[{"href":"https:\/\/www.suno.com.br\/noticias\/wp-json\/wp\/v2\/media?parent=23709"}],"wp:term":[{"taxonomy":"category","embeddable":true,"href":"https:\/\/www.suno.com.br\/noticias\/wp-json\/wp\/v2\/categories?post=23709"},{"taxonomy":"post_tag","embeddable":true,"href":"https:\/\/www.suno.com.br\/noticias\/wp-json\/wp\/v2\/tags?post=23709"},{"taxonomy":"suno_strategy","embeddable":true,"href":"https:\/\/www.suno.com.br\/noticias\/wp-json\/wp\/v2\/suno_strategy?post=23709"}],"curies":[{"name":"wp","href":"https:\/\/api.w.org\/{rel}","templated":true}]}}