{"id":23705,"date":"2019-05-08T11:58:02","date_gmt":"2019-05-08T14:58:02","guid":{"rendered":"https:\/\/www.suno.com.br\/noticias\/?p=23705"},"modified":"2019-05-08T11:58:02","modified_gmt":"2019-05-08T14:58:02","slug":"brumadinho-vale-queda-operacional","status":"publish","type":"post","link":"https:\/\/www.suno.com.br\/noticias\/brumadinho-vale-queda-operacional\/","title":{"rendered":"Vale associa sua queda operacional ao desastre em Brumadinho"},"content":{"rendered":"<p>Nesta quarta-feira (8) a<strong> mineradora<\/strong> Vale (VALE3) divulgou seu primeiro balan\u00e7o operacional de 2019. A produ\u00e7\u00e3o total de finos e min\u00e9rios teve uma queda de 28%, esse valor \u00e9 correspondente a 72,9 milh\u00f5es de toneladas. A compara\u00e7\u00e3o \u00e9 feita de mesmo per\u00edodo em rela\u00e7\u00e3o ao ano anterior.<\/p>\t<div class=\"wrapper-featured-image\">\n\t\t<figure class=\"spotlightImg\">\n\n\t\t\t<picture>\n\t\t\t\t<source media=\"(max-width: 768px)\" srcset=\"https:\/\/files.sunoresearch.com.br\/n\/uploads\/2019\/05\/38588c8d-valebrumadinho-6b2bd2a39970aaa6ad1180f36ecfec89-1200x600-400x200.webp\">\n\t\t\t\t<img loading=\"lazy\" decoding=\"async\" class=\"newsContent__article__imgCapa lazyloadDisabled newsContent__article__imgCapa--noCaption\" src=\"https:\/\/files.sunoresearch.com.br\/n\/uploads\/2019\/05\/38588c8d-valebrumadinho-6b2bd2a39970aaa6ad1180f36ecfec89-1200x600-800x450.webp\" width=\"800\" height=\"450\" alt=\"Vale associa sua queda operacional ao desastre em Brumadinho\" fetchpriority=high \/>\n\t\t\t<\/picture>\n\n\t\t\t<figcaption class=\"wp-caption-text wp-caption-text--hide\">Destaques no pagamento de dividendos, Vale (VALE3) e Petrobras (PETR4) tiveram maior contribui\u00e7\u00e3o no ano de 2021 - Foto: Divulga\u00e7\u00e3o<\/figcaption>\n\t\t<\/figure>\n\t<\/div>\n\n\n<p>Ademais, a produ\u00e7\u00e3o de <strong>pelotas<\/strong>, tiveram um recuo de 23%, alcan\u00e7ando apenas 12,2 milh\u00f5es de toneladas. No entanto, esse valor \u00e9 superior em 5% das expectativas projetadas \u00e0<strong> Vale<\/strong>.<\/p>\n<p>As vendas de <strong>min\u00e9rio de ferro<\/strong> tamb\u00e9m registraram queda de 31,2%, ao todo, 55,41 milh\u00f5es de toneladas. J\u00e1 as vendas de <strong>pelotas<\/strong> tiveram um decl\u00ednio de 23%, totalizando 12,31 milh\u00f5es de toneladas.<\/p>\n\t<p>\n\t\t<a href=\"https:\/\/lp.suno.com.br\/planilha-controle-gastos\/\" target=\"_blank\" data-element=\"shortcode-suno-banner\" title=\"Banner SUNO, clique e saiba mais\">\n\t\t\t<picture>\n\t\t\t\t<source media=\"(max-width: 500px)\" srcset=\"https:\/\/files.sunoresearch.com.br\/n\/uploads\/2023\/03\/400x300-Planilha-controle-de-gastos.png\">\n\t\t\t\t<img class=\"newsContent__article__imgCapa newsContent__article__imgCapa--banner\"\n\t\t\t\t\tsrc=\"https:\/\/files.sunoresearch.com.br\/n\/uploads\/2023\/03\/1420x240-Planilha-controle-de-gastos.png\"\n\t\t\t\t\tdata-promo-id=\"102417\"\t\t\t\t\t\t\t\t\t\twidth='1420' height='240'\t\t\t\t\talt=\"https:\/\/files.sunoresearch.com.br\/n\/uploads\/2023\/03\/1420x240-Planilha-controle-de-gastos.png\"\n\t\t\t\t>\n\t\t\t<\/picture>\n\t\t<\/a>\n\t<\/p>\n\n\n<p>A <strong>Vale<\/strong> associa a queda operacional\u00a0 &#8220;em fun\u00e7\u00e3o dos impactos decorrentes da ruptura da <strong>barragem de Brumadinho<\/strong> e da sazonalidade clim\u00e1tica mais forte do que o usual.&#8221;<\/p>\n<h2>O desastre de Brumadinho<\/h2>\n<p>A <strong>Barragem 1<\/strong> de rejeitos da mina de C\u00f3rrego do Feij\u00e3o estourou no dia 25 de janeiro de 2019. A mina, localizada na \u00e1rea metropolitana de <strong>Belo Horizonte,<\/strong> \u00e9 de propriedade da <strong>Vale.<\/strong><\/p>\n<p>O acidente gerou uma avalanche de lama, que liberou em torno de 13 milh\u00f5es de metros c\u00fabicos (m\u00b3) de rejeitos. A lama destruiu parte do centro administrativo da empresa em <strong>Brumadinho,<\/strong> e arrastou casas e at\u00e9 uma ponte.<\/p>\n<p><a href=\"https:\/\/www.suno.com.br\/noticias\/vale-troca-presidente-conselho-jose-mauricio-coelho\/\">Saiba Mais: Vale troca presidente do conselho e Jos\u00e9 Maur\u00edcio Coelho assume cargo<\/a><\/p>\n<p>A <strong>barragem<\/strong> rompida faz parte do complexo de Paraopeba. A mina \u00e9 respons\u00e1vel por 7,3 milh\u00f5es de toneladas de <strong>min\u00e9rio<\/strong>\u00a0<strong>de ferro<\/strong> do terceiro trimestre de 2018. O volume corresponde a 6,2% da produ\u00e7\u00e3o total de min\u00e9rio de ferro da <strong>Vale.<\/strong><\/p>\n<p>Esse \u00e9 o segundo desastre com barragem em que a Vale se envolve em\u00a0tr\u00eas anos. Em 2015 ocorreu a trag\u00e9dia de <strong>Mariana,<\/strong> com o rompimento da barragem da <strong>Samarco.<\/strong> Naquele desastre morreram 19 pessoas e a lama destruiu centenas de casas e constru\u00e7\u00f5es.<\/p>\n<p>A Samarco \u00e9 controlada pela <strong>Vale<\/strong> e pela mineradora anglo-australiana <strong>BHP Billiton,<\/strong> cada uma com 50% das a\u00e7\u00f5es. As duas empresas se tornaram alvo de a\u00e7\u00f5es na Justi\u00e7a por conta do desastre. As pessoas afetadas ainda esperam por repara\u00e7\u00e3o.<\/p>\n","protected":false},"excerpt":{"rendered":"<p>Nesta quarta-feira (8) a mineradora Vale (VALE3) divulgou seu primeiro balan\u00e7o operacional de 2019. A produ\u00e7\u00e3o total de finos e min\u00e9rios teve uma queda de 28%, esse valor \u00e9 correspondente a 72,9 milh\u00f5es de toneladas. A compara\u00e7\u00e3o \u00e9 feita de mesmo per\u00edodo em rela\u00e7\u00e3o ao ano anterior. Destaques no pagamento de dividendos, Vale (VALE3) e [&hellip;]<\/p>\n","protected":false},"author":15,"featured_media":23715,"comment_status":"closed","ping_status":"closed","sticky":false,"template":"","format":"standard","meta":[],"categories":[64],"tags":[1032,676],"suno_strategy":[],"class_list":["post-23705","post","type-post","status-publish","format-standard","has-post-thumbnail","hentry","category-negocios","tag-brumadinho","tag-vale-vale3"],"yoast_head":"<!-- This site is optimized with the Yoast SEO plugin v24.4 - https:\/\/yoast.com\/wordpress\/plugins\/seo\/ -->\n<title>Vale associa sua queda operacional ao desastre em Brumadinho<\/title>\n<meta name=\"description\" content=\"Nesta quarta (8) a mineradora Vale divulgou seu primeiro balan\u00e7o operacional de 2019. Clique aqui e saiba mais\" \/>\n<meta name=\"robots\" content=\"index, follow, max-snippet:-1, max-image-preview:large, max-video-preview:-1\" \/>\n<link rel=\"canonical\" href=\"https:\/\/www.suno.com.br\/noticias\/brumadinho-vale-queda-operacional\/\" \/>\n<meta property=\"og:locale\" content=\"pt_BR\" \/>\n<meta property=\"og:type\" content=\"article\" \/>\n<meta property=\"og:title\" content=\"Vale associa sua queda operacional ao desastre em Brumadinho\" \/>\n<meta property=\"og:description\" content=\"Nesta quarta (8) a mineradora Vale divulgou seu primeiro balan\u00e7o operacional de 2019. Clique aqui e saiba mais\" \/>\n<meta property=\"og:url\" content=\"https:\/\/www.suno.com.br\/noticias\/brumadinho-vale-queda-operacional\/\" \/>\n<meta property=\"og:site_name\" content=\"Suno Not\u00edcias\" \/>\n<meta property=\"article:publisher\" content=\"https:\/\/facebook.com\/sunoresearch\" \/>\n<meta property=\"og:image\" content=\"https:\/\/files.sunoresearch.com.br\/n\/uploads\/2019\/05\/38588c8d-valebrumadinho-6b2bd2a39970aaa6ad1180f36ecfec89-1200x600.jpg\" \/>\n\t<meta property=\"og:image:width\" content=\"1200\" \/>\n\t<meta property=\"og:image:height\" content=\"600\" \/>\n\t<meta property=\"og:image:type\" content=\"image\/jpeg\" \/>\n<meta name=\"author\" content=\"Poliana Santos\" \/>\n<meta name=\"twitter:card\" content=\"summary_large_image\" \/>\n<meta name=\"twitter:creator\" content=\"@sunoresearch\" \/>\n<meta name=\"twitter:site\" content=\"@sunoresearch\" \/>\n<meta name=\"twitter:label1\" content=\"Escrito por\" \/>\n\t<meta name=\"twitter:data1\" content=\"Poliana Santos\" \/>\n\t<meta name=\"twitter:label2\" content=\"Est. tempo de leitura\" \/>\n\t<meta name=\"twitter:data2\" content=\"2 minutos\" \/>\n<script type=\"application\/ld+json\" class=\"yoast-schema-graph\">{\"@context\":\"https:\/\/schema.org\",\"@graph\":[{\"@type\":\"NewsArticle\",\"@id\":\"https:\/\/www.suno.com.br\/noticias\/brumadinho-vale-queda-operacional\/#article\",\"isPartOf\":{\"@id\":\"https:\/\/www.suno.com.br\/noticias\/brumadinho-vale-queda-operacional\/\"},\"author\":{\"name\":\"Poliana Santos\",\"@id\":\"https:\/\/www.suno.com.br\/noticias\/#\/schema\/person\/02ec1f752758247878a2bf4abee1aeda\"},\"headline\":\"Vale associa sua queda operacional ao desastre em Brumadinho\",\"datePublished\":\"2019-05-08T14:58:02+00:00\",\"mainEntityOfPage\":{\"@id\":\"https:\/\/www.suno.com.br\/noticias\/brumadinho-vale-queda-operacional\/\"},\"wordCount\":364,\"publisher\":{\"@id\":\"https:\/\/www.suno.com.br\/noticias\/#organization\"},\"image\":{\"@id\":\"https:\/\/www.suno.com.br\/noticias\/brumadinho-vale-queda-operacional\/#primaryimage\"},\"thumbnailUrl\":\"https:\/\/files.sunoresearch.com.br\/n\/uploads\/2019\/05\/38588c8d-valebrumadinho-6b2bd2a39970aaa6ad1180f36ecfec89-1200x600-jpg.webp\",\"keywords\":[\"Brumadinho\",\"Vale (VALE3)\"],\"articleSection\":[\"Neg\u00f3cios\"],\"inLanguage\":\"pt-BR\"},{\"@type\":\"WebPage\",\"@id\":\"https:\/\/www.suno.com.br\/noticias\/brumadinho-vale-queda-operacional\/\",\"url\":\"https:\/\/www.suno.com.br\/noticias\/brumadinho-vale-queda-operacional\/\",\"name\":\"Vale associa sua queda operacional ao desastre em Brumadinho\",\"isPartOf\":{\"@id\":\"https:\/\/www.suno.com.br\/noticias\/#website\"},\"primaryImageOfPage\":{\"@id\":\"https:\/\/www.suno.com.br\/noticias\/brumadinho-vale-queda-operacional\/#primaryimage\"},\"image\":{\"@id\":\"https:\/\/www.suno.com.br\/noticias\/brumadinho-vale-queda-operacional\/#primaryimage\"},\"thumbnailUrl\":\"https:\/\/files.sunoresearch.com.br\/n\/uploads\/2019\/05\/38588c8d-valebrumadinho-6b2bd2a39970aaa6ad1180f36ecfec89-1200x600-jpg.webp\",\"datePublished\":\"2019-05-08T14:58:02+00:00\",\"description\":\"Nesta quarta (8) a mineradora Vale divulgou seu primeiro balan\u00e7o operacional de 2019. Clique aqui e saiba mais\",\"breadcrumb\":{\"@id\":\"https:\/\/www.suno.com.br\/noticias\/brumadinho-vale-queda-operacional\/#breadcrumb\"},\"inLanguage\":\"pt-BR\",\"potentialAction\":[{\"@type\":\"ReadAction\",\"target\":[\"https:\/\/www.suno.com.br\/noticias\/brumadinho-vale-queda-operacional\/\"]}]},{\"@type\":\"ImageObject\",\"inLanguage\":\"pt-BR\",\"@id\":\"https:\/\/www.suno.com.br\/noticias\/brumadinho-vale-queda-operacional\/#primaryimage\",\"url\":\"https:\/\/files.sunoresearch.com.br\/n\/uploads\/2019\/05\/38588c8d-valebrumadinho-6b2bd2a39970aaa6ad1180f36ecfec89-1200x600-jpg.webp\",\"contentUrl\":\"https:\/\/files.sunoresearch.com.br\/n\/uploads\/2019\/05\/38588c8d-valebrumadinho-6b2bd2a39970aaa6ad1180f36ecfec89-1200x600-jpg.webp\",\"width\":1200,\"height\":600,\"caption\":\"Destaques no pagamento de dividendos, Vale (VALE3) e Petrobras (PETR4) tiveram maior contribui\u00e7\u00e3o no ano de 2021 - Foto: Divulga\u00e7\u00e3o\"},{\"@type\":\"BreadcrumbList\",\"@id\":\"https:\/\/www.suno.com.br\/noticias\/brumadinho-vale-queda-operacional\/#breadcrumb\",\"itemListElement\":[{\"@type\":\"ListItem\",\"position\":1,\"name\":\"Not\u00edcias\",\"item\":\"https:\/\/www.suno.com.br\/noticias\/\"},{\"@type\":\"ListItem\",\"position\":2,\"name\":\"Neg\u00f3cios\",\"item\":\"https:\/\/www.suno.com.br\/noticias\/negocios\/\"},{\"@type\":\"ListItem\",\"position\":3,\"name\":\"Vale associa sua queda operacional ao desastre em Brumadinho\"}]},{\"@type\":\"WebSite\",\"@id\":\"https:\/\/www.suno.com.br\/noticias\/#website\",\"url\":\"https:\/\/www.suno.com.br\/noticias\/\",\"name\":\"Suno Not\u00edcias\",\"description\":\"Seu portal de informa\u00e7\u00e3o sobre o mundo dos investimentos\",\"publisher\":{\"@id\":\"https:\/\/www.suno.com.br\/noticias\/#organization\"},\"potentialAction\":[{\"@type\":\"SearchAction\",\"target\":{\"@type\":\"EntryPoint\",\"urlTemplate\":\"https:\/\/www.suno.com.br\/noticias\/?s={search_term_string}\"},\"query-input\":{\"@type\":\"PropertyValueSpecification\",\"valueRequired\":true,\"valueName\":\"search_term_string\"}}],\"inLanguage\":\"pt-BR\"},{\"@type\":\"Organization\",\"@id\":\"https:\/\/www.suno.com.br\/noticias\/#organization\",\"name\":\"Suno Not\u00edcias\",\"url\":\"https:\/\/www.suno.com.br\/noticias\/\",\"logo\":{\"@type\":\"ImageObject\",\"inLanguage\":\"pt-BR\",\"@id\":\"https:\/\/www.suno.com.br\/noticias\/#\/schema\/logo\/image\/\",\"url\":\"https:\/\/files.sunoresearch.com.br\/n\/uploads\/2021\/09\/suno-logo.png\",\"contentUrl\":\"https:\/\/files.sunoresearch.com.br\/n\/uploads\/2021\/09\/suno-logo.png\",\"width\":180,\"height\":180,\"caption\":\"Suno Not\u00edcias\"},\"image\":{\"@id\":\"https:\/\/www.suno.com.br\/noticias\/#\/schema\/logo\/image\/\"},\"sameAs\":[\"https:\/\/facebook.com\/sunoresearch\",\"https:\/\/x.com\/sunoresearch\",\"https:\/\/www.instagram.com\/suno\",\"https:\/\/www.linkedin.com\/company\/suno-research\/\",\"https:\/\/www.youtube.com\/c\/sunoresearch\"]},{\"@type\":\"Person\",\"@id\":\"https:\/\/www.suno.com.br\/noticias\/#\/schema\/person\/02ec1f752758247878a2bf4abee1aeda\",\"name\":\"Poliana Santos\",\"image\":{\"@type\":\"ImageObject\",\"inLanguage\":\"pt-BR\",\"@id\":\"https:\/\/www.suno.com.br\/noticias\/#\/schema\/person\/image\/\",\"url\":\"https:\/\/secure.gravatar.com\/avatar\/0645bd32f23d87b2130f2b2dff1d3f8d?s=96&r=g\",\"contentUrl\":\"https:\/\/secure.gravatar.com\/avatar\/0645bd32f23d87b2130f2b2dff1d3f8d?s=96&r=g\",\"caption\":\"Poliana Santos\"},\"description\":\"Rep\u00f3rter no Suno Not\u00edcias, com cobertura em mercado financeiro, economia, finan\u00e7as pessoais, renda fixa e varejo. Jornalista formada pela Faculdade C\u00e1sper L\u00edbero e possui passagem na R\u00e1dio Gazeta AM com a produ\u00e7\u00e3o de conte\u00fado sobre economia, pol\u00edtica, sa\u00fade, moda e m\u00fasica. Possui certificado de conclus\u00e3o do curso de An\u00e1lise de Balan\u00e7os pela Funda\u00e7\u00e3o Bradesco, Agenda Brasil pela FAAP, Educa\u00e7\u00e3o Pol\u00edtica por Alexandre Garcia e do Tesouro Direto e Mercado de A\u00e7\u00f5es pela B3.\",\"url\":\"https:\/\/www.suno.com.br\/noticias\/author\/poliana-santos\/\"}]}<\/script>\n<!-- \/ Yoast SEO plugin. -->","yoast_head_json":{"title":"Vale associa sua queda operacional ao desastre em Brumadinho","description":"Nesta quarta (8) a mineradora Vale divulgou seu primeiro balan\u00e7o operacional de 2019. Clique aqui e saiba mais","robots":{"index":"index","follow":"follow","max-snippet":"max-snippet:-1","max-image-preview":"max-image-preview:large","max-video-preview":"max-video-preview:-1"},"canonical":"https:\/\/www.suno.com.br\/noticias\/brumadinho-vale-queda-operacional\/","og_locale":"pt_BR","og_type":"article","og_title":"Vale associa sua queda operacional ao desastre em Brumadinho","og_description":"Nesta quarta (8) a mineradora Vale divulgou seu primeiro balan\u00e7o operacional de 2019. Clique aqui e saiba mais","og_url":"https:\/\/www.suno.com.br\/noticias\/brumadinho-vale-queda-operacional\/","og_site_name":"Suno Not\u00edcias","article_publisher":"https:\/\/facebook.com\/sunoresearch","og_image":[{"width":1200,"height":600,"url":"https:\/\/files.sunoresearch.com.br\/n\/uploads\/2019\/05\/38588c8d-valebrumadinho-6b2bd2a39970aaa6ad1180f36ecfec89-1200x600.jpg","type":"image\/jpeg"}],"author":"Poliana Santos","twitter_card":"summary_large_image","twitter_creator":"@sunoresearch","twitter_site":"@sunoresearch","twitter_misc":{"Escrito por":"Poliana Santos","Est. tempo de leitura":"2 minutos"},"schema":{"@context":"https:\/\/schema.org","@graph":[{"@type":"NewsArticle","@id":"https:\/\/www.suno.com.br\/noticias\/brumadinho-vale-queda-operacional\/#article","isPartOf":{"@id":"https:\/\/www.suno.com.br\/noticias\/brumadinho-vale-queda-operacional\/"},"author":{"name":"Poliana Santos","@id":"https:\/\/www.suno.com.br\/noticias\/#\/schema\/person\/02ec1f752758247878a2bf4abee1aeda"},"headline":"Vale associa sua queda operacional ao desastre em Brumadinho","datePublished":"2019-05-08T14:58:02+00:00","mainEntityOfPage":{"@id":"https:\/\/www.suno.com.br\/noticias\/brumadinho-vale-queda-operacional\/"},"wordCount":364,"publisher":{"@id":"https:\/\/www.suno.com.br\/noticias\/#organization"},"image":{"@id":"https:\/\/www.suno.com.br\/noticias\/brumadinho-vale-queda-operacional\/#primaryimage"},"thumbnailUrl":"https:\/\/files.sunoresearch.com.br\/n\/uploads\/2019\/05\/38588c8d-valebrumadinho-6b2bd2a39970aaa6ad1180f36ecfec89-1200x600-jpg.webp","keywords":["Brumadinho","Vale (VALE3)"],"articleSection":["Neg\u00f3cios"],"inLanguage":"pt-BR"},{"@type":"WebPage","@id":"https:\/\/www.suno.com.br\/noticias\/brumadinho-vale-queda-operacional\/","url":"https:\/\/www.suno.com.br\/noticias\/brumadinho-vale-queda-operacional\/","name":"Vale associa sua queda operacional ao desastre em Brumadinho","isPartOf":{"@id":"https:\/\/www.suno.com.br\/noticias\/#website"},"primaryImageOfPage":{"@id":"https:\/\/www.suno.com.br\/noticias\/brumadinho-vale-queda-operacional\/#primaryimage"},"image":{"@id":"https:\/\/www.suno.com.br\/noticias\/brumadinho-vale-queda-operacional\/#primaryimage"},"thumbnailUrl":"https:\/\/files.sunoresearch.com.br\/n\/uploads\/2019\/05\/38588c8d-valebrumadinho-6b2bd2a39970aaa6ad1180f36ecfec89-1200x600-jpg.webp","datePublished":"2019-05-08T14:58:02+00:00","description":"Nesta quarta (8) a mineradora Vale divulgou seu primeiro balan\u00e7o operacional de 2019. Clique aqui e saiba mais","breadcrumb":{"@id":"https:\/\/www.suno.com.br\/noticias\/brumadinho-vale-queda-operacional\/#breadcrumb"},"inLanguage":"pt-BR","potentialAction":[{"@type":"ReadAction","target":["https:\/\/www.suno.com.br\/noticias\/brumadinho-vale-queda-operacional\/"]}]},{"@type":"ImageObject","inLanguage":"pt-BR","@id":"https:\/\/www.suno.com.br\/noticias\/brumadinho-vale-queda-operacional\/#primaryimage","url":"https:\/\/files.sunoresearch.com.br\/n\/uploads\/2019\/05\/38588c8d-valebrumadinho-6b2bd2a39970aaa6ad1180f36ecfec89-1200x600-jpg.webp","contentUrl":"https:\/\/files.sunoresearch.com.br\/n\/uploads\/2019\/05\/38588c8d-valebrumadinho-6b2bd2a39970aaa6ad1180f36ecfec89-1200x600-jpg.webp","width":1200,"height":600,"caption":"Destaques no pagamento de dividendos, Vale (VALE3) e Petrobras (PETR4) tiveram maior contribui\u00e7\u00e3o no ano de 2021 - Foto: Divulga\u00e7\u00e3o"},{"@type":"BreadcrumbList","@id":"https:\/\/www.suno.com.br\/noticias\/brumadinho-vale-queda-operacional\/#breadcrumb","itemListElement":[{"@type":"ListItem","position":1,"name":"Not\u00edcias","item":"https:\/\/www.suno.com.br\/noticias\/"},{"@type":"ListItem","position":2,"name":"Neg\u00f3cios","item":"https:\/\/www.suno.com.br\/noticias\/negocios\/"},{"@type":"ListItem","position":3,"name":"Vale associa sua queda operacional ao desastre em Brumadinho"}]},{"@type":"WebSite","@id":"https:\/\/www.suno.com.br\/noticias\/#website","url":"https:\/\/www.suno.com.br\/noticias\/","name":"Suno Not\u00edcias","description":"Seu portal de informa\u00e7\u00e3o sobre o mundo dos investimentos","publisher":{"@id":"https:\/\/www.suno.com.br\/noticias\/#organization"},"potentialAction":[{"@type":"SearchAction","target":{"@type":"EntryPoint","urlTemplate":"https:\/\/www.suno.com.br\/noticias\/?s={search_term_string}"},"query-input":{"@type":"PropertyValueSpecification","valueRequired":true,"valueName":"search_term_string"}}],"inLanguage":"pt-BR"},{"@type":"Organization","@id":"https:\/\/www.suno.com.br\/noticias\/#organization","name":"Suno Not\u00edcias","url":"https:\/\/www.suno.com.br\/noticias\/","logo":{"@type":"ImageObject","inLanguage":"pt-BR","@id":"https:\/\/www.suno.com.br\/noticias\/#\/schema\/logo\/image\/","url":"https:\/\/files.sunoresearch.com.br\/n\/uploads\/2021\/09\/suno-logo.png","contentUrl":"https:\/\/files.sunoresearch.com.br\/n\/uploads\/2021\/09\/suno-logo.png","width":180,"height":180,"caption":"Suno Not\u00edcias"},"image":{"@id":"https:\/\/www.suno.com.br\/noticias\/#\/schema\/logo\/image\/"},"sameAs":["https:\/\/facebook.com\/sunoresearch","https:\/\/x.com\/sunoresearch","https:\/\/www.instagram.com\/suno","https:\/\/www.linkedin.com\/company\/suno-research\/","https:\/\/www.youtube.com\/c\/sunoresearch"]},{"@type":"Person","@id":"https:\/\/www.suno.com.br\/noticias\/#\/schema\/person\/02ec1f752758247878a2bf4abee1aeda","name":"Poliana Santos","image":{"@type":"ImageObject","inLanguage":"pt-BR","@id":"https:\/\/www.suno.com.br\/noticias\/#\/schema\/person\/image\/","url":"https:\/\/secure.gravatar.com\/avatar\/0645bd32f23d87b2130f2b2dff1d3f8d?s=96&r=g","contentUrl":"https:\/\/secure.gravatar.com\/avatar\/0645bd32f23d87b2130f2b2dff1d3f8d?s=96&r=g","caption":"Poliana Santos"},"description":"Rep\u00f3rter no Suno Not\u00edcias, com cobertura em mercado financeiro, economia, finan\u00e7as pessoais, renda fixa e varejo. Jornalista formada pela Faculdade C\u00e1sper L\u00edbero e possui passagem na R\u00e1dio Gazeta AM com a produ\u00e7\u00e3o de conte\u00fado sobre economia, pol\u00edtica, sa\u00fade, moda e m\u00fasica. Possui certificado de conclus\u00e3o do curso de An\u00e1lise de Balan\u00e7os pela Funda\u00e7\u00e3o Bradesco, Agenda Brasil pela FAAP, Educa\u00e7\u00e3o Pol\u00edtica por Alexandre Garcia e do Tesouro Direto e Mercado de A\u00e7\u00f5es pela B3.","url":"https:\/\/www.suno.com.br\/noticias\/author\/poliana-santos\/"}]}},"default_loop_html":"<div class=\"cardsPage__listCard__boxs\"><div class=\"cardsPage__listCard__boxs__img\"><a href=\"https:\/\/www.suno.com.br\/noticias\/brumadinho-vale-queda-operacional\/\"><img class=\"mask\" src=\"https:\/\/www.suno.com.br\/noticias\/wp-content\/themes\/suno\/resources\/images\/spotlight\/spotlight1img\/bg-mask.png\" alt=\"Image Mask\"\/><img src=\"https:\/\/files.sunoresearch.com.br\/n\/uploads\/2019\/05\/38588c8d-valebrumadinho-6b2bd2a39970aaa6ad1180f36ecfec89-1200x600-400x200.webp\" alt=\"Vale associa sua queda operacional ao desastre em Brumadinho\"\/><\/a><span class=\"spotlightCategory\"><a href=\"https:\/\/www.suno.com.br\/noticias\/negocios\/\">Neg\u00f3cios<\/a><\/span><\/div><div class=\"cardsPage__listCard__boxs__content\"><a href=\"https:\/\/www.suno.com.br\/noticias\/brumadinho-vale-queda-operacional\/\"><h2 class=\"content__title\">Vale associa sua queda operacional ao desastre em Brumadinho<\/h2><\/a><div class=\"newsContent__article__meta\"><div class=\"newsContent__article__meta__authorBox\"><a href=\"https:\/\/www.suno.com.br\/noticias\/author\/poliana-santos\/\" class=\"authorBox__avatar noMobi\"><img src=\"https:\/\/files.sunoresearch.com.br\/n\/uploads\/2020\/08\/7ef34026-whatsapp-image-2020-08-03-at-12.37.57-150x150.webp\" alt=\"Poliana Santos\"><\/a><div class=\"authorBox__name\"><span>por\n\t\t\t<a href=\"https:\/\/www.suno.com.br\/noticias\/author\/poliana-santos\/\"><span itemprop=\"author\">Poliana Santos<\/span><\/a><\/span><time datetime=\"2019-05-08T11:58:02-03:00\" itemprop=\"datePublished\">08\/05\/2019 11:58<\/time><\/div><\/div><\/div><\/div><\/div>","single_layout":"posts","amp_enabled":true,"_links":{"self":[{"href":"https:\/\/www.suno.com.br\/noticias\/wp-json\/wp\/v2\/posts\/23705"}],"collection":[{"href":"https:\/\/www.suno.com.br\/noticias\/wp-json\/wp\/v2\/posts"}],"about":[{"href":"https:\/\/www.suno.com.br\/noticias\/wp-json\/wp\/v2\/types\/post"}],"author":[{"embeddable":true,"href":"https:\/\/www.suno.com.br\/noticias\/wp-json\/wp\/v2\/users\/15"}],"replies":[{"embeddable":true,"href":"https:\/\/www.suno.com.br\/noticias\/wp-json\/wp\/v2\/comments?post=23705"}],"version-history":[{"count":0,"href":"https:\/\/www.suno.com.br\/noticias\/wp-json\/wp\/v2\/posts\/23705\/revisions"}],"wp:featuredmedia":[{"embeddable":true,"href":"https:\/\/www.suno.com.br\/noticias\/wp-json\/wp\/v2\/media\/23715"}],"wp:attachment":[{"href":"https:\/\/www.suno.com.br\/noticias\/wp-json\/wp\/v2\/media?parent=23705"}],"wp:term":[{"taxonomy":"category","embeddable":true,"href":"https:\/\/www.suno.com.br\/noticias\/wp-json\/wp\/v2\/categories?post=23705"},{"taxonomy":"post_tag","embeddable":true,"href":"https:\/\/www.suno.com.br\/noticias\/wp-json\/wp\/v2\/tags?post=23705"},{"taxonomy":"suno_strategy","embeddable":true,"href":"https:\/\/www.suno.com.br\/noticias\/wp-json\/wp\/v2\/suno_strategy?post=23705"}],"curies":[{"name":"wp","href":"https:\/\/api.w.org\/{rel}","templated":true}]}}