{"id":23697,"date":"2019-05-08T11:13:19","date_gmt":"2019-05-08T14:13:19","guid":{"rendered":"https:\/\/www.suno.com.br\/noticias\/?p=23697"},"modified":"2019-05-08T17:42:28","modified_gmt":"2019-05-08T20:42:28","slug":"eua-china-donald-trump","status":"publish","type":"post","link":"https:\/\/www.suno.com.br\/noticias\/eua-china-donald-trump\/","title":{"rendered":"Donald Trump confirma presen\u00e7a do vice-premi\u00ea da China em Washington"},"content":{"rendered":"<p>Na manh\u00e3 desta quarta-feira (8) o <strong>presidente dos Estados Unido<\/strong>s, Donald Trump, confirmou a presen\u00e7a do <strong>vice-premi\u00ea da China<\/strong>, <strong>Liu H<\/strong>e, em <strong>Washingto<\/strong>n.<\/p>\t<div class=\"wrapper-featured-image\">\n\t\t<figure class=\"spotlightImg\">\n\n\t\t\t<picture>\n\t\t\t\t<source media=\"(max-width: 768px)\" srcset=\"https:\/\/files.sunoresearch.com.br\/n\/uploads\/2019\/04\/2fd392b7-trump-1-400x200.webp\">\n\t\t\t\t<img loading=\"lazy\" decoding=\"async\" class=\"newsContent__article__imgCapa lazyloadDisabled newsContent__article__imgCapa--noCaption\" src=\"https:\/\/files.sunoresearch.com.br\/n\/uploads\/2019\/04\/2fd392b7-trump-1-800x450.webp\" width=\"800\" height=\"450\" alt=\"Donald Trump confirma presen\u00e7a do vice-premi\u00ea da China em Washington\" fetchpriority=high \/>\n\t\t\t<\/picture>\n\n\t\t\t<figcaption class=\"wp-caption-text wp-caption-text--hide\">Trump diz que negocia\u00e7\u00f5es com China est\u00e3o &#039;indo muito bem&#039;<\/figcaption>\n\t\t<\/figure>\n\t<\/div>\n\n\n<p>Em sua conta no Twitter, <strong>Donald Trump<\/strong>, disse que o <strong>He<\/strong> viajar\u00e1 juntamente com a comitiva para debater o<strong> tratado comercial entre EUA e China<\/strong>. O mercado est\u00e1 mais otimista ap\u00f3s a manifesta\u00e7\u00e3o de Trump.<\/p>\n\t<p>\n\t\t<a href=\"https:\/\/lp.suno.com.br\/ebook-como-analisar-uma-acao\/\" target=\"_blank\" data-element=\"shortcode-suno-banner\" title=\"Banner SUNO, clique e saiba mais\">\n\t\t\t<picture>\n\t\t\t\t<source media=\"(max-width: 500px)\" srcset=\"https:\/\/files.sunoresearch.com.br\/n\/uploads\/2023\/03\/Ebook-Acoes-Mobile-1.jpg\">\n\t\t\t\t<img class=\"newsContent__article__imgCapa newsContent__article__imgCapa--banner\"\n\t\t\t\t\tsrc=\"https:\/\/files.sunoresearch.com.br\/n\/uploads\/2023\/03\/Ebook-Acoes-Desktop-1.jpg\"\n\t\t\t\t\tdata-promo-id=\"171998\"\t\t\t\t\t\t\t\t\t\twidth='1420' height='286'\t\t\t\t\talt=\"https:\/\/files.sunoresearch.com.br\/n\/uploads\/2023\/03\/Ebook-Acoes-Desktop-1.jpg\"\n\t\t\t\t>\n\t\t\t<\/picture>\n\t\t<\/a>\n\t<\/p>\n\n\n<p>\u201cA <strong>China<\/strong> acabou de nos informar que o vice-premi\u00ea deles est\u00e1 vindo aos EUA fazer um acordo. N\u00f3s veremos, mas estou muito feliz com mais de US$ 100 bilh\u00f5es por ano em tarifas enchendo os cofres norte-americanos\u201d, afirmou Donald Trump. \u201c\u00d3timo para os <strong>EUA<\/strong>, n\u00e3o t\u00e3o bom para a <strong>China<\/strong>!\u201d, completou.<\/p>\n<h2>Trump anuncia tarifas \u00e0 China<\/h2>\n<p>Os Estados Unidos anunciaram, no in\u00edcio da semana, que v\u00e3o aumentar as tarifas para as <strong>importa\u00e7\u00f5es chinesas.<\/strong> A medida\u00a0entra em vigor na pr\u00f3xima sexta-feira (10). Por isso, a partir da data, as\u00a0<strong>taxas<\/strong> passam de 10% para 25% sobre produtos importados da <strong>China.<\/strong><\/p>\n<p>A nova tarifa dos <b>Estados Unidos<\/b>\u00a0ser\u00e1 aplicada sobre US$ 200 bilh\u00f5es em produtos chineses. Desse modo, Trump lamentou que\u00a0as negocia\u00e7\u00f5es comerciais entre os dois pa\u00edses estejam avan\u00e7ando \u201cmuito lentamente\u201d.<\/p>\n<p><a href=\"https:\/\/www.suno.com.br\/noticias\/eua-china-negociacoes-pequim\/\">Saiba Mais: Estados Unidos e China voltar\u00e3o a negociar a partir da pr\u00f3xima semana<\/a><\/p>\n<p>\u201cDurante dez meses, a China pagou 25% das tarifas aos Estados Unidos por 50 bilh\u00f5es de d\u00f3lares em produtos tecnol\u00f3gicos e 10% em 200 bilh\u00f5es de d\u00f3lares em outras mercadorias\u201d, afirmou o presidente dos Estados Unidos no Twitter<\/p>\n<h2>Entenda a disputa comercial entre EUA e China<\/h2>\n<p>Em 2015, a <strong>China<\/strong> lan\u00e7ou o programa \u201c<strong>Made in China 2025<\/strong>\u201d, que tinha como objetivo fazer do pa\u00eds um l\u00edder mundial em setores, como:<\/p>\n<ul>\n<li>aeron\u00e1utica;<\/li>\n<li>rob\u00f3tica;<\/li>\n<li>telecomunica\u00e7\u00f5es;<\/li>\n<li>intelig\u00eancia artificial e ve\u00edculos de energia limpa.<\/li>\n<\/ul>\n<p>Alinhado ao pensamento chin\u00eas, o presidente dos<strong> Estados Unidos<\/strong>, <strong>Donald Trump<\/strong>, pareceu favor\u00e1vel ao progresso do pa\u00eds asi\u00e1tico\u00a0em alguns momentos. No entanto, n\u00e3o era favor\u00e1vel \u00e0s perdas das empresas norte-americanas.<\/p>\n<p><a href=\"https:\/\/www.suno.com.br\/noticias\/eua-vencem-china-cotas-importacoes\/\">Saiba Mais: EUA vencem China na OMC em disputa contra cotas de importa\u00e7\u00f5es<\/a><\/p>\n<p>Dessa forma, os <strong>EUA<\/strong> pediram o fim de pr\u00e1ticas comerciais que julga \u201cinjustas\u201d, como:<\/p>\n<ul>\n<li>Transfer\u00eancia de tecnologia imposta a empresas estrangeiras na China;<\/li>\n<li>Roubo de propriedade intelectual dos EUA;<\/li>\n<li>Subs\u00eddios concedidos a empresas estatais chinesas.<\/li>\n<\/ul>\n\t<p>\n\t\t<a href=\"https:\/\/lp.suno.com.br\/planilha-controle-gastos\/\" target=\"_blank\" data-element=\"shortcode-suno-banner\" title=\"Banner SUNO, clique e saiba mais\">\n\t\t\t<picture>\n\t\t\t\t<source media=\"(max-width: 500px)\" srcset=\"https:\/\/files.sunoresearch.com.br\/n\/uploads\/2023\/03\/400x300-Planilha-controle-de-gastos.png\">\n\t\t\t\t<img class=\"newsContent__article__imgCapa newsContent__article__imgCapa--banner\"\n\t\t\t\t\tsrc=\"https:\/\/files.sunoresearch.com.br\/n\/uploads\/2023\/03\/1420x240-Planilha-controle-de-gastos.png\"\n\t\t\t\t\tdata-promo-id=\"383122\"\t\t\t\t\t\t\t\t\t\twidth='1420' height='240'\t\t\t\t\talt=\"https:\/\/files.sunoresearch.com.br\/n\/uploads\/2023\/03\/1420x240-Planilha-controle-de-gastos.png\"\n\t\t\t\t>\n\t\t\t<\/picture>\n\t\t<\/a>\n\t<\/p>\n\n\n<p>Por fim, as amea\u00e7as dos <strong>Estados Unidos<\/strong> de aumentar as tarifas sobre US$ 200 bilh\u00f5es de <strong>importa\u00e7\u00f5es chinesas<\/strong> f<strong>oi<\/strong> cumprida.<\/p>\n<p><a href=\"https:\/\/www.suno.com.br\/noticias\/china-confiante-acordo-comercial\/\">Saiba Mais: China segue confiante em rela\u00e7\u00e3o ao acordo comercial com os EUA<\/a><\/p>\n<p>Sendo assim, o mercado segue atento ao impasse entre <strong>China e Estados Unidos<\/strong>. No entanto, as preocupa\u00e7\u00f5es est\u00e3o voltadas ao impacto negativo sobre a economia global. E as declara\u00e7\u00f5es de <strong>Donald Trump<\/strong> sobre o aumento das taxas \u00e0 China.<\/p>\n","protected":false},"excerpt":{"rendered":"<p>Na manh\u00e3 desta quarta-feira (8) o presidente dos Estados Unidos, Donald Trump, confirmou a presen\u00e7a do vice-premi\u00ea da China, Liu He, em Washington. Trump diz que negocia\u00e7\u00f5es com China est\u00e3o &#039;indo muito bem&#039; Em sua conta no Twitter, Donald Trump, disse que o He viajar\u00e1 juntamente com a comitiva para debater o tratado comercial entre [&hellip;]<\/p>\n","protected":false},"author":15,"featured_media":22557,"comment_status":"closed","ping_status":"closed","sticky":false,"template":"","format":"standard","meta":[],"categories":[63],"tags":[711,724,793],"suno_strategy":[],"class_list":["post-23697","post","type-post","status-publish","format-standard","has-post-thumbnail","hentry","category-internacional","tag-china","tag-donald-trump","tag-estados-unidos-eua"],"yoast_head":"<!-- This site is optimized with the Yoast SEO plugin v24.4 - https:\/\/yoast.com\/wordpress\/plugins\/seo\/ -->\n<title>Donald Trump confirma presen\u00e7a do vice-premi\u00ea da China em Washington<\/title>\n<meta name=\"description\" content=\"Nesta quarta (8) Donald Trump, disse que o vice-premi\u00ea da China viajar\u00e1 juntamente com a comitiva para Washington. Clique aqui e saiba mais\" \/>\n<meta name=\"robots\" content=\"index, follow, max-snippet:-1, max-image-preview:large, max-video-preview:-1\" \/>\n<link rel=\"canonical\" href=\"https:\/\/www.suno.com.br\/noticias\/eua-china-donald-trump\/\" \/>\n<meta property=\"og:locale\" content=\"pt_BR\" \/>\n<meta property=\"og:type\" content=\"article\" \/>\n<meta property=\"og:title\" content=\"Donald Trump confirma presen\u00e7a do vice-premi\u00ea da China em Washington\" \/>\n<meta property=\"og:description\" content=\"Nesta quarta (8) Donald Trump, disse que o vice-premi\u00ea da China viajar\u00e1 juntamente com a comitiva para Washington. Clique aqui e saiba mais\" \/>\n<meta property=\"og:url\" content=\"https:\/\/www.suno.com.br\/noticias\/eua-china-donald-trump\/\" \/>\n<meta property=\"og:site_name\" content=\"Suno Not\u00edcias\" \/>\n<meta property=\"article:publisher\" content=\"https:\/\/facebook.com\/sunoresearch\" \/>\n<meta property=\"og:image\" content=\"https:\/\/files.sunoresearch.com.br\/n\/uploads\/2019\/04\/2fd392b7-trump-1.jpg\" \/>\n\t<meta property=\"og:image:width\" content=\"1000\" \/>\n\t<meta property=\"og:image:height\" content=\"541\" \/>\n\t<meta property=\"og:image:type\" content=\"image\/jpeg\" \/>\n<meta name=\"author\" content=\"Poliana Santos\" \/>\n<meta name=\"twitter:card\" content=\"summary_large_image\" \/>\n<meta name=\"twitter:creator\" content=\"@sunoresearch\" \/>\n<meta name=\"twitter:site\" content=\"@sunoresearch\" \/>\n<meta name=\"twitter:label1\" content=\"Escrito por\" \/>\n\t<meta name=\"twitter:data1\" content=\"Poliana Santos\" \/>\n\t<meta name=\"twitter:label2\" content=\"Est. tempo de leitura\" \/>\n\t<meta name=\"twitter:data2\" content=\"2 minutos\" \/>\n<script type=\"application\/ld+json\" class=\"yoast-schema-graph\">{\"@context\":\"https:\/\/schema.org\",\"@graph\":[{\"@type\":\"NewsArticle\",\"@id\":\"https:\/\/www.suno.com.br\/noticias\/eua-china-donald-trump\/#article\",\"isPartOf\":{\"@id\":\"https:\/\/www.suno.com.br\/noticias\/eua-china-donald-trump\/\"},\"author\":{\"name\":\"Poliana Santos\",\"@id\":\"https:\/\/www.suno.com.br\/noticias\/#\/schema\/person\/02ec1f752758247878a2bf4abee1aeda\"},\"headline\":\"Donald Trump confirma presen\u00e7a do vice-premi\u00ea da China em Washington\",\"datePublished\":\"2019-05-08T14:13:19+00:00\",\"dateModified\":\"2019-05-08T20:42:28+00:00\",\"mainEntityOfPage\":{\"@id\":\"https:\/\/www.suno.com.br\/noticias\/eua-china-donald-trump\/\"},\"wordCount\":483,\"publisher\":{\"@id\":\"https:\/\/www.suno.com.br\/noticias\/#organization\"},\"image\":{\"@id\":\"https:\/\/www.suno.com.br\/noticias\/eua-china-donald-trump\/#primaryimage\"},\"thumbnailUrl\":\"https:\/\/files.sunoresearch.com.br\/n\/uploads\/2019\/04\/2fd392b7-trump-1-jpg.webp\",\"keywords\":[\"China\",\"Donald Trump\",\"Estados Unidos (EUA)\"],\"articleSection\":[\"Internacional\"],\"inLanguage\":\"pt-BR\"},{\"@type\":\"WebPage\",\"@id\":\"https:\/\/www.suno.com.br\/noticias\/eua-china-donald-trump\/\",\"url\":\"https:\/\/www.suno.com.br\/noticias\/eua-china-donald-trump\/\",\"name\":\"Donald Trump confirma presen\u00e7a do vice-premi\u00ea da China em Washington\",\"isPartOf\":{\"@id\":\"https:\/\/www.suno.com.br\/noticias\/#website\"},\"primaryImageOfPage\":{\"@id\":\"https:\/\/www.suno.com.br\/noticias\/eua-china-donald-trump\/#primaryimage\"},\"image\":{\"@id\":\"https:\/\/www.suno.com.br\/noticias\/eua-china-donald-trump\/#primaryimage\"},\"thumbnailUrl\":\"https:\/\/files.sunoresearch.com.br\/n\/uploads\/2019\/04\/2fd392b7-trump-1-jpg.webp\",\"datePublished\":\"2019-05-08T14:13:19+00:00\",\"dateModified\":\"2019-05-08T20:42:28+00:00\",\"description\":\"Nesta quarta (8) Donald Trump, disse que o vice-premi\u00ea da China viajar\u00e1 juntamente com a comitiva para Washington. Clique aqui e saiba mais\",\"breadcrumb\":{\"@id\":\"https:\/\/www.suno.com.br\/noticias\/eua-china-donald-trump\/#breadcrumb\"},\"inLanguage\":\"pt-BR\",\"potentialAction\":[{\"@type\":\"ReadAction\",\"target\":[\"https:\/\/www.suno.com.br\/noticias\/eua-china-donald-trump\/\"]}]},{\"@type\":\"ImageObject\",\"inLanguage\":\"pt-BR\",\"@id\":\"https:\/\/www.suno.com.br\/noticias\/eua-china-donald-trump\/#primaryimage\",\"url\":\"https:\/\/files.sunoresearch.com.br\/n\/uploads\/2019\/04\/2fd392b7-trump-1-jpg.webp\",\"contentUrl\":\"https:\/\/files.sunoresearch.com.br\/n\/uploads\/2019\/04\/2fd392b7-trump-1-jpg.webp\",\"width\":1000,\"height\":541,\"caption\":\"Trump diz que negocia\u00e7\u00f5es com China est\u00e3o 'indo muito bem'\"},{\"@type\":\"BreadcrumbList\",\"@id\":\"https:\/\/www.suno.com.br\/noticias\/eua-china-donald-trump\/#breadcrumb\",\"itemListElement\":[{\"@type\":\"ListItem\",\"position\":1,\"name\":\"Not\u00edcias\",\"item\":\"https:\/\/www.suno.com.br\/noticias\/\"},{\"@type\":\"ListItem\",\"position\":2,\"name\":\"Internacional\",\"item\":\"https:\/\/www.suno.com.br\/noticias\/internacional\/\"},{\"@type\":\"ListItem\",\"position\":3,\"name\":\"Donald Trump confirma presen\u00e7a do vice-premi\u00ea da China em Washington\"}]},{\"@type\":\"WebSite\",\"@id\":\"https:\/\/www.suno.com.br\/noticias\/#website\",\"url\":\"https:\/\/www.suno.com.br\/noticias\/\",\"name\":\"Suno Not\u00edcias\",\"description\":\"Seu portal de informa\u00e7\u00e3o sobre o mundo dos investimentos\",\"publisher\":{\"@id\":\"https:\/\/www.suno.com.br\/noticias\/#organization\"},\"potentialAction\":[{\"@type\":\"SearchAction\",\"target\":{\"@type\":\"EntryPoint\",\"urlTemplate\":\"https:\/\/www.suno.com.br\/noticias\/?s={search_term_string}\"},\"query-input\":{\"@type\":\"PropertyValueSpecification\",\"valueRequired\":true,\"valueName\":\"search_term_string\"}}],\"inLanguage\":\"pt-BR\"},{\"@type\":\"Organization\",\"@id\":\"https:\/\/www.suno.com.br\/noticias\/#organization\",\"name\":\"Suno Not\u00edcias\",\"url\":\"https:\/\/www.suno.com.br\/noticias\/\",\"logo\":{\"@type\":\"ImageObject\",\"inLanguage\":\"pt-BR\",\"@id\":\"https:\/\/www.suno.com.br\/noticias\/#\/schema\/logo\/image\/\",\"url\":\"https:\/\/files.sunoresearch.com.br\/n\/uploads\/2021\/09\/suno-logo.png\",\"contentUrl\":\"https:\/\/files.sunoresearch.com.br\/n\/uploads\/2021\/09\/suno-logo.png\",\"width\":180,\"height\":180,\"caption\":\"Suno Not\u00edcias\"},\"image\":{\"@id\":\"https:\/\/www.suno.com.br\/noticias\/#\/schema\/logo\/image\/\"},\"sameAs\":[\"https:\/\/facebook.com\/sunoresearch\",\"https:\/\/x.com\/sunoresearch\",\"https:\/\/www.instagram.com\/suno\",\"https:\/\/www.linkedin.com\/company\/suno-research\/\",\"https:\/\/www.youtube.com\/c\/sunoresearch\"]},{\"@type\":\"Person\",\"@id\":\"https:\/\/www.suno.com.br\/noticias\/#\/schema\/person\/02ec1f752758247878a2bf4abee1aeda\",\"name\":\"Poliana Santos\",\"image\":{\"@type\":\"ImageObject\",\"inLanguage\":\"pt-BR\",\"@id\":\"https:\/\/www.suno.com.br\/noticias\/#\/schema\/person\/image\/\",\"url\":\"https:\/\/secure.gravatar.com\/avatar\/0645bd32f23d87b2130f2b2dff1d3f8d?s=96&r=g\",\"contentUrl\":\"https:\/\/secure.gravatar.com\/avatar\/0645bd32f23d87b2130f2b2dff1d3f8d?s=96&r=g\",\"caption\":\"Poliana Santos\"},\"description\":\"Rep\u00f3rter no Suno Not\u00edcias, com cobertura em mercado financeiro, economia, finan\u00e7as pessoais, renda fixa e varejo. Jornalista formada pela Faculdade C\u00e1sper L\u00edbero e possui passagem na R\u00e1dio Gazeta AM com a produ\u00e7\u00e3o de conte\u00fado sobre economia, pol\u00edtica, sa\u00fade, moda e m\u00fasica. Possui certificado de conclus\u00e3o do curso de An\u00e1lise de Balan\u00e7os pela Funda\u00e7\u00e3o Bradesco, Agenda Brasil pela FAAP, Educa\u00e7\u00e3o Pol\u00edtica por Alexandre Garcia e do Tesouro Direto e Mercado de A\u00e7\u00f5es pela B3.\",\"url\":\"https:\/\/www.suno.com.br\/noticias\/author\/poliana-santos\/\"}]}<\/script>\n<!-- \/ Yoast SEO plugin. -->","yoast_head_json":{"title":"Donald Trump confirma presen\u00e7a do vice-premi\u00ea da China em Washington","description":"Nesta quarta (8) Donald Trump, disse que o vice-premi\u00ea da China viajar\u00e1 juntamente com a comitiva para Washington. Clique aqui e saiba mais","robots":{"index":"index","follow":"follow","max-snippet":"max-snippet:-1","max-image-preview":"max-image-preview:large","max-video-preview":"max-video-preview:-1"},"canonical":"https:\/\/www.suno.com.br\/noticias\/eua-china-donald-trump\/","og_locale":"pt_BR","og_type":"article","og_title":"Donald Trump confirma presen\u00e7a do vice-premi\u00ea da China em Washington","og_description":"Nesta quarta (8) Donald Trump, disse que o vice-premi\u00ea da China viajar\u00e1 juntamente com a comitiva para Washington. Clique aqui e saiba mais","og_url":"https:\/\/www.suno.com.br\/noticias\/eua-china-donald-trump\/","og_site_name":"Suno Not\u00edcias","article_publisher":"https:\/\/facebook.com\/sunoresearch","og_image":[{"width":1000,"height":541,"url":"https:\/\/files.sunoresearch.com.br\/n\/uploads\/2019\/04\/2fd392b7-trump-1.jpg","type":"image\/jpeg"}],"author":"Poliana Santos","twitter_card":"summary_large_image","twitter_creator":"@sunoresearch","twitter_site":"@sunoresearch","twitter_misc":{"Escrito por":"Poliana Santos","Est. tempo de leitura":"2 minutos"},"schema":{"@context":"https:\/\/schema.org","@graph":[{"@type":"NewsArticle","@id":"https:\/\/www.suno.com.br\/noticias\/eua-china-donald-trump\/#article","isPartOf":{"@id":"https:\/\/www.suno.com.br\/noticias\/eua-china-donald-trump\/"},"author":{"name":"Poliana Santos","@id":"https:\/\/www.suno.com.br\/noticias\/#\/schema\/person\/02ec1f752758247878a2bf4abee1aeda"},"headline":"Donald Trump confirma presen\u00e7a do vice-premi\u00ea da China em Washington","datePublished":"2019-05-08T14:13:19+00:00","dateModified":"2019-05-08T20:42:28+00:00","mainEntityOfPage":{"@id":"https:\/\/www.suno.com.br\/noticias\/eua-china-donald-trump\/"},"wordCount":483,"publisher":{"@id":"https:\/\/www.suno.com.br\/noticias\/#organization"},"image":{"@id":"https:\/\/www.suno.com.br\/noticias\/eua-china-donald-trump\/#primaryimage"},"thumbnailUrl":"https:\/\/files.sunoresearch.com.br\/n\/uploads\/2019\/04\/2fd392b7-trump-1-jpg.webp","keywords":["China","Donald Trump","Estados Unidos (EUA)"],"articleSection":["Internacional"],"inLanguage":"pt-BR"},{"@type":"WebPage","@id":"https:\/\/www.suno.com.br\/noticias\/eua-china-donald-trump\/","url":"https:\/\/www.suno.com.br\/noticias\/eua-china-donald-trump\/","name":"Donald Trump confirma presen\u00e7a do vice-premi\u00ea da China em Washington","isPartOf":{"@id":"https:\/\/www.suno.com.br\/noticias\/#website"},"primaryImageOfPage":{"@id":"https:\/\/www.suno.com.br\/noticias\/eua-china-donald-trump\/#primaryimage"},"image":{"@id":"https:\/\/www.suno.com.br\/noticias\/eua-china-donald-trump\/#primaryimage"},"thumbnailUrl":"https:\/\/files.sunoresearch.com.br\/n\/uploads\/2019\/04\/2fd392b7-trump-1-jpg.webp","datePublished":"2019-05-08T14:13:19+00:00","dateModified":"2019-05-08T20:42:28+00:00","description":"Nesta quarta (8) Donald Trump, disse que o vice-premi\u00ea da China viajar\u00e1 juntamente com a comitiva para Washington. Clique aqui e saiba mais","breadcrumb":{"@id":"https:\/\/www.suno.com.br\/noticias\/eua-china-donald-trump\/#breadcrumb"},"inLanguage":"pt-BR","potentialAction":[{"@type":"ReadAction","target":["https:\/\/www.suno.com.br\/noticias\/eua-china-donald-trump\/"]}]},{"@type":"ImageObject","inLanguage":"pt-BR","@id":"https:\/\/www.suno.com.br\/noticias\/eua-china-donald-trump\/#primaryimage","url":"https:\/\/files.sunoresearch.com.br\/n\/uploads\/2019\/04\/2fd392b7-trump-1-jpg.webp","contentUrl":"https:\/\/files.sunoresearch.com.br\/n\/uploads\/2019\/04\/2fd392b7-trump-1-jpg.webp","width":1000,"height":541,"caption":"Trump diz que negocia\u00e7\u00f5es com China est\u00e3o 'indo muito bem'"},{"@type":"BreadcrumbList","@id":"https:\/\/www.suno.com.br\/noticias\/eua-china-donald-trump\/#breadcrumb","itemListElement":[{"@type":"ListItem","position":1,"name":"Not\u00edcias","item":"https:\/\/www.suno.com.br\/noticias\/"},{"@type":"ListItem","position":2,"name":"Internacional","item":"https:\/\/www.suno.com.br\/noticias\/internacional\/"},{"@type":"ListItem","position":3,"name":"Donald Trump confirma presen\u00e7a do vice-premi\u00ea da China em Washington"}]},{"@type":"WebSite","@id":"https:\/\/www.suno.com.br\/noticias\/#website","url":"https:\/\/www.suno.com.br\/noticias\/","name":"Suno Not\u00edcias","description":"Seu portal de informa\u00e7\u00e3o sobre o mundo dos investimentos","publisher":{"@id":"https:\/\/www.suno.com.br\/noticias\/#organization"},"potentialAction":[{"@type":"SearchAction","target":{"@type":"EntryPoint","urlTemplate":"https:\/\/www.suno.com.br\/noticias\/?s={search_term_string}"},"query-input":{"@type":"PropertyValueSpecification","valueRequired":true,"valueName":"search_term_string"}}],"inLanguage":"pt-BR"},{"@type":"Organization","@id":"https:\/\/www.suno.com.br\/noticias\/#organization","name":"Suno Not\u00edcias","url":"https:\/\/www.suno.com.br\/noticias\/","logo":{"@type":"ImageObject","inLanguage":"pt-BR","@id":"https:\/\/www.suno.com.br\/noticias\/#\/schema\/logo\/image\/","url":"https:\/\/files.sunoresearch.com.br\/n\/uploads\/2021\/09\/suno-logo.png","contentUrl":"https:\/\/files.sunoresearch.com.br\/n\/uploads\/2021\/09\/suno-logo.png","width":180,"height":180,"caption":"Suno Not\u00edcias"},"image":{"@id":"https:\/\/www.suno.com.br\/noticias\/#\/schema\/logo\/image\/"},"sameAs":["https:\/\/facebook.com\/sunoresearch","https:\/\/x.com\/sunoresearch","https:\/\/www.instagram.com\/suno","https:\/\/www.linkedin.com\/company\/suno-research\/","https:\/\/www.youtube.com\/c\/sunoresearch"]},{"@type":"Person","@id":"https:\/\/www.suno.com.br\/noticias\/#\/schema\/person\/02ec1f752758247878a2bf4abee1aeda","name":"Poliana Santos","image":{"@type":"ImageObject","inLanguage":"pt-BR","@id":"https:\/\/www.suno.com.br\/noticias\/#\/schema\/person\/image\/","url":"https:\/\/secure.gravatar.com\/avatar\/0645bd32f23d87b2130f2b2dff1d3f8d?s=96&r=g","contentUrl":"https:\/\/secure.gravatar.com\/avatar\/0645bd32f23d87b2130f2b2dff1d3f8d?s=96&r=g","caption":"Poliana Santos"},"description":"Rep\u00f3rter no Suno Not\u00edcias, com cobertura em mercado financeiro, economia, finan\u00e7as pessoais, renda fixa e varejo. Jornalista formada pela Faculdade C\u00e1sper L\u00edbero e possui passagem na R\u00e1dio Gazeta AM com a produ\u00e7\u00e3o de conte\u00fado sobre economia, pol\u00edtica, sa\u00fade, moda e m\u00fasica. Possui certificado de conclus\u00e3o do curso de An\u00e1lise de Balan\u00e7os pela Funda\u00e7\u00e3o Bradesco, Agenda Brasil pela FAAP, Educa\u00e7\u00e3o Pol\u00edtica por Alexandre Garcia e do Tesouro Direto e Mercado de A\u00e7\u00f5es pela B3.","url":"https:\/\/www.suno.com.br\/noticias\/author\/poliana-santos\/"}]}},"default_loop_html":"<div class=\"cardsPage__listCard__boxs\"><div class=\"cardsPage__listCard__boxs__img\"><a href=\"https:\/\/www.suno.com.br\/noticias\/eua-china-donald-trump\/\"><img class=\"mask\" src=\"https:\/\/www.suno.com.br\/noticias\/wp-content\/themes\/suno\/resources\/images\/spotlight\/spotlight1img\/bg-mask.png\" alt=\"Image Mask\"\/><img src=\"https:\/\/files.sunoresearch.com.br\/n\/uploads\/2019\/04\/2fd392b7-trump-1-400x200.webp\" alt=\"Donald Trump confirma presen\u00e7a do vice-premi\u00ea da China em Washington\"\/><\/a><span class=\"spotlightCategory\"><a href=\"https:\/\/www.suno.com.br\/noticias\/internacional\/\">Internacional<\/a><\/span><\/div><div class=\"cardsPage__listCard__boxs__content\"><a href=\"https:\/\/www.suno.com.br\/noticias\/eua-china-donald-trump\/\"><h2 class=\"content__title\">Donald Trump confirma presen\u00e7a do vice-premi\u00ea da China em Washington<\/h2><\/a><div class=\"newsContent__article__meta\"><div class=\"newsContent__article__meta__authorBox\"><a href=\"https:\/\/www.suno.com.br\/noticias\/author\/poliana-santos\/\" class=\"authorBox__avatar noMobi\"><img src=\"https:\/\/files.sunoresearch.com.br\/n\/uploads\/2020\/08\/7ef34026-whatsapp-image-2020-08-03-at-12.37.57-150x150.webp\" alt=\"Poliana Santos\"><\/a><div class=\"authorBox__name\"><span>por\n\t\t\t<a href=\"https:\/\/www.suno.com.br\/noticias\/author\/poliana-santos\/\"><span itemprop=\"author\">Poliana Santos<\/span><\/a><\/span><time datetime=\"2019-05-08T11:13:19-03:00\" itemprop=\"datePublished\">08\/05\/2019 11:13<\/time><\/div><\/div><\/div><\/div><\/div>","single_layout":"posts","amp_enabled":true,"_links":{"self":[{"href":"https:\/\/www.suno.com.br\/noticias\/wp-json\/wp\/v2\/posts\/23697"}],"collection":[{"href":"https:\/\/www.suno.com.br\/noticias\/wp-json\/wp\/v2\/posts"}],"about":[{"href":"https:\/\/www.suno.com.br\/noticias\/wp-json\/wp\/v2\/types\/post"}],"author":[{"embeddable":true,"href":"https:\/\/www.suno.com.br\/noticias\/wp-json\/wp\/v2\/users\/15"}],"replies":[{"embeddable":true,"href":"https:\/\/www.suno.com.br\/noticias\/wp-json\/wp\/v2\/comments?post=23697"}],"version-history":[{"count":0,"href":"https:\/\/www.suno.com.br\/noticias\/wp-json\/wp\/v2\/posts\/23697\/revisions"}],"wp:featuredmedia":[{"embeddable":true,"href":"https:\/\/www.suno.com.br\/noticias\/wp-json\/wp\/v2\/media\/22557"}],"wp:attachment":[{"href":"https:\/\/www.suno.com.br\/noticias\/wp-json\/wp\/v2\/media?parent=23697"}],"wp:term":[{"taxonomy":"category","embeddable":true,"href":"https:\/\/www.suno.com.br\/noticias\/wp-json\/wp\/v2\/categories?post=23697"},{"taxonomy":"post_tag","embeddable":true,"href":"https:\/\/www.suno.com.br\/noticias\/wp-json\/wp\/v2\/tags?post=23697"},{"taxonomy":"suno_strategy","embeddable":true,"href":"https:\/\/www.suno.com.br\/noticias\/wp-json\/wp\/v2\/suno_strategy?post=23697"}],"curies":[{"name":"wp","href":"https:\/\/api.w.org\/{rel}","templated":true}]}}