{"id":236853,"date":"2022-03-02T20:18:37","date_gmt":"2022-03-02T23:18:37","guid":{"rendered":"https:\/\/www.suno.com.br\/noticias\/?p=236853"},"modified":"2022-03-02T20:29:24","modified_gmt":"2022-03-02T23:29:24","slug":"mater-dei-hospital-santa-clara-compra","status":"publish","type":"post","link":"https:\/\/www.suno.com.br\/noticias\/mater-dei-hospital-santa-clara-compra\/","title":{"rendered":"Mater Dei (MATD3) compra Hospital Santa Clara, de Uberl\u00e2ndia (MG)"},"content":{"rendered":"<p>A rede de hospitais <strong>Mater Dei<\/strong> (MATD3) informou nesta quarta-feira (2) que seu <a class=\"suno-keyword\" href=\"https:\/\/www.suno.com.br\/artigos\/conselho-administracao\/\" target=\"_blank\" rel=\"noopener\" data-force=\"no\" data-priority=\"1\">Conselho de Administra\u00e7\u00e3o<\/a> aprovou a compra de 75% a 80% do Hospital e Maternidade Santa Clara (HSC), de Uberl\u00e2ndia (MG), com a perman\u00eancia da grande maioria dos m\u00e9dicos s\u00f3cios, segundo a companhia.<\/p>\t<div class=\"wrapper-featured-image\">\n\t\t<figure class=\"spotlightImg\">\n\n\t\t\t<picture>\n\t\t\t\t<source media=\"(max-width: 768px)\" srcset=\"https:\/\/files.sunoresearch.com.br\/n\/uploads\/2021\/11\/matd3-400x200.jpg\">\n\t\t\t\t<img loading=\"lazy\" decoding=\"async\" class=\"newsContent__article__imgCapa lazyloadDisabled \" src=\"https:\/\/files.sunoresearch.com.br\/n\/uploads\/2021\/11\/matd3-800x450.jpg\" width=\"800\" height=\"450\" alt=\"Mater Dei (MATD3) compra Hospital Santa Clara, de Uberl\u00e2ndia (MG)\" fetchpriority=high \/>\n\t\t\t<\/picture>\n\n\t\t\t<figcaption class=\"wp-caption-text wp-caption-text--show\">Com compra, Mater Dei segue ritmo de aquisi\u00e7\u00f5es desde que entrou na bolsa - Foto: Reprodu\u00e7\u00e3o\/Facebook\/Mater Dei<\/figcaption>\n\t\t<\/figure>\n\t<\/div>\n\n\n\t<p>\n\t\t<a href=\"https:\/\/lp.suno.com.br\/planilha-controle-gastos\/\" target=\"_blank\" data-element=\"shortcode-suno-banner\" title=\"Banner SUNO, clique e saiba mais\">\n\t\t\t<picture>\n\t\t\t\t<source media=\"(max-width: 500px)\" srcset=\"https:\/\/files.sunoresearch.com.br\/n\/uploads\/2023\/03\/400x300-Planilha-controle-de-gastos.png\">\n\t\t\t\t<img class=\"newsContent__article__imgCapa newsContent__article__imgCapa--banner\"\n\t\t\t\t\tsrc=\"https:\/\/files.sunoresearch.com.br\/n\/uploads\/2023\/03\/1420x240-Planilha-controle-de-gastos.png\"\n\t\t\t\t\tdata-promo-id=\"101751\"\t\t\t\t\t\t\t\t\t\twidth='1420' height='240'\t\t\t\t\talt=\"https:\/\/files.sunoresearch.com.br\/n\/uploads\/2023\/03\/1420x240-Planilha-controle-de-gastos.png\"\n\t\t\t\t>\n\t\t\t<\/picture>\n\t\t<\/a>\n\t<\/p>\n\n\n<p>O valor da opera\u00e7\u00e3o para 100% do <strong>HSC<\/strong>, incluindo o im\u00f3vel, fica entre , montante sobre o qual ser\u00e1 descontado o endividamento l\u00edquido, implicando um m\u00faltiplo impl\u00edcito de R$ 1,35 milh\u00e3o por leito. A <a class=\"suno-keyword\" href=\"https:\/\/www.suno.com.br\/artigos\/o-que-receita-liquida\/\" target=\"_blank\" rel=\"noopener\" data-force=\"no\" data-priority=\"1\">receita l\u00edquida<\/a> do HSC nos doze meses encerrados em outubro de 2021 foi de R$ 137 milh\u00f5es, informou a companhia.<\/p>\n<p>A aquisi\u00e7\u00e3o foi feita por meio de sua subsidi\u00e1ria RMDS. Segundo o comunicado submetido \u00e0 Comiss\u00e3o de Valores Mobili\u00e1rios (CVM), o HSC \u00e9 um hospital geral de alta complexidade que conta com mais de 40 especialidades.<\/p>\n<p>&#8220;Reconhecido como um dos <strong>hospitais mais tradicionais de Uberl\u00e2ndia<\/strong>, o HSC possui uma ampla gama de credenciamentos e acredita\u00e7\u00f5es, como Qmentum e ONA III&#8221;, complementou o comunicado.<\/p>\n\t<p>\n\t\t<a href=\"https:\/\/lp.suno.com.br\/planilha-da-vida-financeira\/\" target=\"_blank\" data-element=\"shortcode-suno-banner\" title=\"Banner SUNO, clique e saiba mais\">\n\t\t\t<picture>\n\t\t\t\t<source media=\"(max-width: 500px)\" srcset=\"https:\/\/files.sunoresearch.com.br\/n\/uploads\/2023\/04\/400x300-Planilha-vida-financeira-true.png\">\n\t\t\t\t<img class=\"newsContent__article__imgCapa newsContent__article__imgCapa--banner\"\n\t\t\t\t\tsrc=\"https:\/\/files.sunoresearch.com.br\/n\/uploads\/2023\/04\/1420x240-Planilha-vida-financeira-true.png\"\n\t\t\t\t\tdata-promo-id=\"106682\"\t\t\t\t\t\t\t\t\t\twidth='1420' height='240'\t\t\t\t\talt=\"https:\/\/files.sunoresearch.com.br\/n\/uploads\/2023\/04\/1420x240-Planilha-vida-financeira-true.png\"\n\t\t\t\t>\n\t\t\t<\/picture>\n\t\t<\/a>\n\t<\/p>\n\n\n<p>Segundo o Mater Dei, a opera\u00e7\u00e3o objetiva o fortalecimento do<strong> hub de assist\u00eancia m\u00e9dico-hospitalar<\/strong> de alta qualidade da na regi\u00e3o do Tri\u00e2ngulo Mineiro e Centro-Oeste.<\/p>\n<p>Dessa forma, a companhia segue aumentando sua presen\u00e7a regional, como a<strong> aquisi\u00e7\u00e3o do Hospital Santa Genoveva<\/strong> (conforme <a class=\"suno-keyword\" href=\"https:\/\/www.suno.com.br\/artigos\/fato-relevante\/\" target=\"_blank\" rel=\"noopener\" data-force=\"no\" data-priority=\"1\">Fato Relevante<\/a> de 21 de novembro de 2021) seguida do Hospital Premium (conforme Fato Relevante de 11 de janeiro de 2022), &#8220;o que permitir\u00e1 \u00e0 companhia absorver sinergias geogr\u00e1ficas e operacionais&#8221;.<\/p>\n<p>Por\u00e9m, o fechamento da Opera\u00e7\u00e3o ainda est\u00e1 sujeito a determinadas condi\u00e7\u00f5es precedentes, dentre elas a aprova\u00e7\u00e3o pelo Conselho Administrativo de Defesa Econ\u00f4mica (<strong>CADE<\/strong>).<\/p>\n\t<p>\n\t\t<a href=\"https:\/\/lp.suno.com.br\/ebook-como-analisar-uma-acao\/\" target=\"_blank\" data-element=\"shortcode-suno-banner\" title=\"Banner SUNO, clique e saiba mais\">\n\t\t\t<picture>\n\t\t\t\t<source media=\"(max-width: 500px)\" srcset=\"https:\/\/files.sunoresearch.com.br\/n\/uploads\/2023\/03\/Ebook-Acoes-Mobile-1.jpg\">\n\t\t\t\t<img class=\"newsContent__article__imgCapa newsContent__article__imgCapa--banner\"\n\t\t\t\t\tsrc=\"https:\/\/files.sunoresearch.com.br\/n\/uploads\/2023\/03\/Ebook-Acoes-Desktop-1.jpg\"\n\t\t\t\t\tdata-promo-id=\"171998\"\t\t\t\t\t\t\t\t\t\twidth='1420' height='286'\t\t\t\t\talt=\"https:\/\/files.sunoresearch.com.br\/n\/uploads\/2023\/03\/Ebook-Acoes-Desktop-1.jpg\"\n\t\t\t\t>\n\t\t\t<\/picture>\n\t\t<\/a>\n\t<\/p>\n\n\n<h2>HSC encorpa aquisi\u00e7\u00f5es recentes do Mater Dei<\/h2>\n<p>Em 22 de novembro, o Mater Dei comprou fatia de 99,6% do Santa Genoveva, o maior hospital de Uberl\u00e2ndia (MG), por R$ 309 milh\u00f5es, pela entrada no <a class=\"suno-keyword\" href=\"https:\/\/www.suno.com.br\/artigos\/capital-social\/\" target=\"_blank\" rel=\"noopener\" data-force=\"no\" data-priority=\"2\">capital social<\/a> da unidade de sa\u00fade.<\/p>\n<p>Com a compra feita pelo Mater Dei, a rede de sa\u00fade leva tamb\u00e9m o Centro de Tomografia Computadorizada Uberl\u00e2ndia e d\u00edvidas do\u00a0<strong>Santa Genoveva<\/strong>, que somam um montante de cerca de R$ 57 milh\u00f5es.<\/p>\n\t<p>\n\t\t<a href=\"https:\/\/lp.suno.com.br\/planilha-de-controle-de-investimentos\/\" target=\"_blank\" data-element=\"shortcode-suno-banner\" title=\"Banner SUNO, clique e saiba mais\">\n\t\t\t<picture>\n\t\t\t\t<source media=\"(max-width: 500px)\" srcset=\"https:\/\/files.sunoresearch.com.br\/n\/uploads\/2023\/03\/400x300-Controle-de-Investimentos.png\">\n\t\t\t\t<img class=\"newsContent__article__imgCapa newsContent__article__imgCapa--banner\"\n\t\t\t\t\tsrc=\"https:\/\/files.sunoresearch.com.br\/n\/uploads\/2023\/03\/1420x240-Controle-de-Investimentos.png\"\n\t\t\t\t\tdata-promo-id=\"75934\"\t\t\t\t\t\t\t\t\t\twidth='1420' height='240'\t\t\t\t\talt=\"https:\/\/files.sunoresearch.com.br\/n\/uploads\/2023\/03\/1420x240-Controle-de-Investimentos.png\"\n\t\t\t\t>\n\t\t\t<\/picture>\n\t\t<\/a>\n\t<\/p>\n\n\n<p>H\u00e1 um m\u00faltiplo de R$ 1,5 milh\u00e3o por leito na transa\u00e7\u00e3o com o <strong>hospital<\/strong>, valor que deve ser deduzido do endividamento. J\u00e1 as Receitas L\u00edquidas anualizadas dos ativos somam cerca de R$ 160 milh\u00f5es.<\/p>\n\t<div data-element=\"shortcode-read-more\" class=\"knowMore\">\n\t\t\t\t<span class=\"knowMore__title\">Veja tamb\u00e9m<\/span>\n\t\t\t\t<a class=\"knowMore__link\" href=\"https:\/\/www.suno.com.br\/noticias\/mater-dei-matd3-compra-hospital-premium-goiania\/\">\n\t\t\tMater Dei (MATD3) compra o Hospital Premium, em Goi\u00e2nia, por R$ 250 milh\u00f5es\t\t<\/a>\n\t<\/div>\n\n\n<p>Mais recentemente, em 11 de janeiro, o<strong> Mater Dei<\/strong> fez a aquisi\u00e7\u00e3o de 95,5% do Hospital Premium \u2013 Instituto de Cirurgia Pl\u00e1stica e Oftalmologia, localizado em Goi\u00e2nia (GO). O valor pago ser\u00e1 de R$ 250 milh\u00f5es, a serem quitados ao fim de seis parcelas.<\/p>\n\t<p>\n\t\t<a href=\"\" target=\"_blank\" data-element=\"shortcode-suno-banner\" title=\"Banner SUNO, clique e saiba mais\">\n\t\t\t<picture>\n\t\t\t\t<source media=\"(max-width: 500px)\" srcset=\"\">\n\t\t\t\t<img class=\"newsContent__article__imgCapa newsContent__article__imgCapa--banner\"\n\t\t\t\t\tsrc=\"\"\n\t\t\t\t\tdata-promo-id=\"184190\"\t\t\t\t\t\t\t\t\t\t\t\t\t\t\talt=\"\"\n\t\t\t\t>\n\t\t\t<\/picture>\n\t\t<\/a>\n\t<\/p>\n\n\n","protected":false},"excerpt":{"rendered":"<p>A rede de hospitais Mater Dei (MATD3) informou nesta quarta-feira (2) que seu Conselho de Administra\u00e7\u00e3o aprovou a compra de 75% a 80% do Hospital e Maternidade Santa Clara (HSC), de Uberl\u00e2ndia (MG), com a perman\u00eancia da grande maioria dos m\u00e9dicos s\u00f3cios, segundo a companhia. Com compra, Mater Dei segue ritmo de aquisi\u00e7\u00f5es desde que [&hellip;]<\/p>\n","protected":false},"author":118,"featured_media":207482,"comment_status":"closed","ping_status":"closed","sticky":false,"template":"","format":"standard","meta":[],"categories":[64],"tags":[62812,105801],"suno_strategy":[],"class_list":["post-236853","post","type-post","status-publish","format-standard","has-post-thumbnail","hentry","category-negocios","tag-fusoes-e-aquisicoes","tag-mater-dei-matd3"],"yoast_head":"<!-- This site is optimized with the Yoast SEO plugin v24.4 - https:\/\/yoast.com\/wordpress\/plugins\/seo\/ -->\n<title>Mater Dei (MATD3) compra Hospital Santa Clara por R$ 234 milh\u00f5es<\/title>\n<meta name=\"description\" content=\"O Mater Dei (MATD3) informou nesta quarta-feira (2) que aprovou a compra de 75% a 80% do Hospital e Maternidade Santa Clara (HSC). Confira!\" \/>\n<meta name=\"robots\" content=\"index, follow, max-snippet:-1, max-image-preview:large, max-video-preview:-1\" \/>\n<link rel=\"canonical\" href=\"https:\/\/www.suno.com.br\/noticias\/mater-dei-hospital-santa-clara-compra\/\" \/>\n<meta property=\"og:locale\" content=\"pt_BR\" \/>\n<meta property=\"og:type\" content=\"article\" \/>\n<meta property=\"og:title\" content=\"Mater Dei (MATD3) compra Hospital Santa Clara por R$ 234 milh\u00f5es\" \/>\n<meta property=\"og:description\" content=\"O Mater Dei (MATD3) informou nesta quarta-feira (2) que aprovou a compra de 75% a 80% do Hospital e Maternidade Santa Clara (HSC). Confira!\" \/>\n<meta property=\"og:url\" content=\"https:\/\/www.suno.com.br\/noticias\/mater-dei-hospital-santa-clara-compra\/\" \/>\n<meta property=\"og:site_name\" content=\"Suno Not\u00edcias\" \/>\n<meta property=\"article:publisher\" content=\"https:\/\/facebook.com\/sunoresearch\" \/>\n<meta property=\"og:image\" content=\"https:\/\/files.sunoresearch.com.br\/n\/uploads\/2021\/11\/matd3.jpg\" \/>\n\t<meta property=\"og:image:width\" content=\"1280\" \/>\n\t<meta property=\"og:image:height\" content=\"680\" \/>\n\t<meta property=\"og:image:type\" content=\"image\/jpeg\" \/>\n<meta name=\"author\" content=\"Bruno Galv\u00e3o\" \/>\n<meta name=\"twitter:card\" content=\"summary_large_image\" \/>\n<meta name=\"twitter:creator\" content=\"@sunoresearch\" \/>\n<meta name=\"twitter:site\" content=\"@sunoresearch\" \/>\n<meta name=\"twitter:label1\" content=\"Escrito por\" \/>\n\t<meta name=\"twitter:data1\" content=\"Bruno Galv\u00e3o\" \/>\n\t<meta name=\"twitter:label2\" content=\"Est. tempo de leitura\" \/>\n\t<meta name=\"twitter:data2\" content=\"2 minutos\" \/>\n<script type=\"application\/ld+json\" class=\"yoast-schema-graph\">{\"@context\":\"https:\/\/schema.org\",\"@graph\":[{\"@type\":\"NewsArticle\",\"@id\":\"https:\/\/www.suno.com.br\/noticias\/mater-dei-hospital-santa-clara-compra\/#article\",\"isPartOf\":{\"@id\":\"https:\/\/www.suno.com.br\/noticias\/mater-dei-hospital-santa-clara-compra\/\"},\"author\":{\"name\":\"Bruno Galv\u00e3o\",\"@id\":\"https:\/\/www.suno.com.br\/noticias\/#\/schema\/person\/06f0d962a6b1c54852e4860f16935600\"},\"headline\":\"Mater Dei (MATD3) compra Hospital Santa Clara, de Uberl\u00e2ndia (MG)\",\"datePublished\":\"2022-03-02T23:18:37+00:00\",\"dateModified\":\"2022-03-02T23:29:24+00:00\",\"mainEntityOfPage\":{\"@id\":\"https:\/\/www.suno.com.br\/noticias\/mater-dei-hospital-santa-clara-compra\/\"},\"wordCount\":468,\"publisher\":{\"@id\":\"https:\/\/www.suno.com.br\/noticias\/#organization\"},\"image\":{\"@id\":\"https:\/\/www.suno.com.br\/noticias\/mater-dei-hospital-santa-clara-compra\/#primaryimage\"},\"thumbnailUrl\":\"https:\/\/files.sunoresearch.com.br\/n\/uploads\/2021\/11\/matd3.jpg\",\"keywords\":[\"fus\u00f5es e aquisi\u00e7\u00f5es\",\"Mater Dei (MATD3)\"],\"articleSection\":[\"Neg\u00f3cios\"],\"inLanguage\":\"pt-BR\"},{\"@type\":\"WebPage\",\"@id\":\"https:\/\/www.suno.com.br\/noticias\/mater-dei-hospital-santa-clara-compra\/\",\"url\":\"https:\/\/www.suno.com.br\/noticias\/mater-dei-hospital-santa-clara-compra\/\",\"name\":\"Mater Dei (MATD3) compra Hospital Santa Clara por R$ 234 milh\u00f5es\",\"isPartOf\":{\"@id\":\"https:\/\/www.suno.com.br\/noticias\/#website\"},\"primaryImageOfPage\":{\"@id\":\"https:\/\/www.suno.com.br\/noticias\/mater-dei-hospital-santa-clara-compra\/#primaryimage\"},\"image\":{\"@id\":\"https:\/\/www.suno.com.br\/noticias\/mater-dei-hospital-santa-clara-compra\/#primaryimage\"},\"thumbnailUrl\":\"https:\/\/files.sunoresearch.com.br\/n\/uploads\/2021\/11\/matd3.jpg\",\"datePublished\":\"2022-03-02T23:18:37+00:00\",\"dateModified\":\"2022-03-02T23:29:24+00:00\",\"description\":\"O Mater Dei (MATD3) informou nesta quarta-feira (2) que aprovou a compra de 75% a 80% do Hospital e Maternidade Santa Clara (HSC). Confira!\",\"breadcrumb\":{\"@id\":\"https:\/\/www.suno.com.br\/noticias\/mater-dei-hospital-santa-clara-compra\/#breadcrumb\"},\"inLanguage\":\"pt-BR\",\"potentialAction\":[{\"@type\":\"ReadAction\",\"target\":[\"https:\/\/www.suno.com.br\/noticias\/mater-dei-hospital-santa-clara-compra\/\"]}]},{\"@type\":\"ImageObject\",\"inLanguage\":\"pt-BR\",\"@id\":\"https:\/\/www.suno.com.br\/noticias\/mater-dei-hospital-santa-clara-compra\/#primaryimage\",\"url\":\"https:\/\/files.sunoresearch.com.br\/n\/uploads\/2021\/11\/matd3.jpg\",\"contentUrl\":\"https:\/\/files.sunoresearch.com.br\/n\/uploads\/2021\/11\/matd3.jpg\",\"width\":1280,\"height\":680,\"caption\":\"Com compra, Mater Dei segue ritmo de aquisi\u00e7\u00f5es desde que entrou na bolsa - Foto: Reprodu\u00e7\u00e3o\/Facebook\/Mater Dei\"},{\"@type\":\"BreadcrumbList\",\"@id\":\"https:\/\/www.suno.com.br\/noticias\/mater-dei-hospital-santa-clara-compra\/#breadcrumb\",\"itemListElement\":[{\"@type\":\"ListItem\",\"position\":1,\"name\":\"Not\u00edcias\",\"item\":\"https:\/\/www.suno.com.br\/noticias\/\"},{\"@type\":\"ListItem\",\"position\":2,\"name\":\"Neg\u00f3cios\",\"item\":\"https:\/\/www.suno.com.br\/noticias\/negocios\/\"},{\"@type\":\"ListItem\",\"position\":3,\"name\":\"Mater Dei (MATD3) compra Hospital Santa Clara, de Uberl\u00e2ndia (MG)\"}]},{\"@type\":\"WebSite\",\"@id\":\"https:\/\/www.suno.com.br\/noticias\/#website\",\"url\":\"https:\/\/www.suno.com.br\/noticias\/\",\"name\":\"Suno Not\u00edcias\",\"description\":\"Seu portal de informa\u00e7\u00e3o sobre o mundo dos investimentos\",\"publisher\":{\"@id\":\"https:\/\/www.suno.com.br\/noticias\/#organization\"},\"potentialAction\":[{\"@type\":\"SearchAction\",\"target\":{\"@type\":\"EntryPoint\",\"urlTemplate\":\"https:\/\/www.suno.com.br\/noticias\/?s={search_term_string}\"},\"query-input\":{\"@type\":\"PropertyValueSpecification\",\"valueRequired\":true,\"valueName\":\"search_term_string\"}}],\"inLanguage\":\"pt-BR\"},{\"@type\":\"Organization\",\"@id\":\"https:\/\/www.suno.com.br\/noticias\/#organization\",\"name\":\"Suno Not\u00edcias\",\"url\":\"https:\/\/www.suno.com.br\/noticias\/\",\"logo\":{\"@type\":\"ImageObject\",\"inLanguage\":\"pt-BR\",\"@id\":\"https:\/\/www.suno.com.br\/noticias\/#\/schema\/logo\/image\/\",\"url\":\"https:\/\/files.sunoresearch.com.br\/n\/uploads\/2021\/09\/suno-logo.png\",\"contentUrl\":\"https:\/\/files.sunoresearch.com.br\/n\/uploads\/2021\/09\/suno-logo.png\",\"width\":180,\"height\":180,\"caption\":\"Suno Not\u00edcias\"},\"image\":{\"@id\":\"https:\/\/www.suno.com.br\/noticias\/#\/schema\/logo\/image\/\"},\"sameAs\":[\"https:\/\/facebook.com\/sunoresearch\",\"https:\/\/x.com\/sunoresearch\",\"https:\/\/www.instagram.com\/suno\",\"https:\/\/www.linkedin.com\/company\/suno-research\/\",\"https:\/\/www.youtube.com\/c\/sunoresearch\"]},{\"@type\":\"Person\",\"@id\":\"https:\/\/www.suno.com.br\/noticias\/#\/schema\/person\/06f0d962a6b1c54852e4860f16935600\",\"name\":\"Bruno Galv\u00e3o\",\"image\":{\"@type\":\"ImageObject\",\"inLanguage\":\"pt-BR\",\"@id\":\"https:\/\/www.suno.com.br\/noticias\/#\/schema\/person\/image\/\",\"url\":\"https:\/\/secure.gravatar.com\/avatar\/53598df0b41c00f12f287a912d0e918e?s=96&r=g\",\"contentUrl\":\"https:\/\/secure.gravatar.com\/avatar\/53598df0b41c00f12f287a912d0e918e?s=96&r=g\",\"caption\":\"Bruno Galv\u00e3o\"},\"description\":\"Escreve para o portal Suno Not\u00edcias. \u00c9 estudante de Jornalismo pela Faculdade C\u00e1sper L\u00edbero e Letras pela USP. Entusiasta de tecnologia e intelig\u00eancia artificial.\",\"url\":\"https:\/\/www.suno.com.br\/noticias\/author\/bruno-garcia\/\"}]}<\/script>\n<!-- \/ Yoast SEO plugin. -->","yoast_head_json":{"title":"Mater Dei (MATD3) compra Hospital Santa Clara por R$ 234 milh\u00f5es","description":"O Mater Dei (MATD3) informou nesta quarta-feira (2) que aprovou a compra de 75% a 80% do Hospital e Maternidade Santa Clara (HSC). Confira!","robots":{"index":"index","follow":"follow","max-snippet":"max-snippet:-1","max-image-preview":"max-image-preview:large","max-video-preview":"max-video-preview:-1"},"canonical":"https:\/\/www.suno.com.br\/noticias\/mater-dei-hospital-santa-clara-compra\/","og_locale":"pt_BR","og_type":"article","og_title":"Mater Dei (MATD3) compra Hospital Santa Clara por R$ 234 milh\u00f5es","og_description":"O Mater Dei (MATD3) informou nesta quarta-feira (2) que aprovou a compra de 75% a 80% do Hospital e Maternidade Santa Clara (HSC). Confira!","og_url":"https:\/\/www.suno.com.br\/noticias\/mater-dei-hospital-santa-clara-compra\/","og_site_name":"Suno Not\u00edcias","article_publisher":"https:\/\/facebook.com\/sunoresearch","og_image":[{"width":1280,"height":680,"url":"https:\/\/files.sunoresearch.com.br\/n\/uploads\/2021\/11\/matd3.jpg","type":"image\/jpeg"}],"author":"Bruno Galv\u00e3o","twitter_card":"summary_large_image","twitter_creator":"@sunoresearch","twitter_site":"@sunoresearch","twitter_misc":{"Escrito por":"Bruno Galv\u00e3o","Est. tempo de leitura":"2 minutos"},"schema":{"@context":"https:\/\/schema.org","@graph":[{"@type":"NewsArticle","@id":"https:\/\/www.suno.com.br\/noticias\/mater-dei-hospital-santa-clara-compra\/#article","isPartOf":{"@id":"https:\/\/www.suno.com.br\/noticias\/mater-dei-hospital-santa-clara-compra\/"},"author":{"name":"Bruno Galv\u00e3o","@id":"https:\/\/www.suno.com.br\/noticias\/#\/schema\/person\/06f0d962a6b1c54852e4860f16935600"},"headline":"Mater Dei (MATD3) compra Hospital Santa Clara, de Uberl\u00e2ndia (MG)","datePublished":"2022-03-02T23:18:37+00:00","dateModified":"2022-03-02T23:29:24+00:00","mainEntityOfPage":{"@id":"https:\/\/www.suno.com.br\/noticias\/mater-dei-hospital-santa-clara-compra\/"},"wordCount":468,"publisher":{"@id":"https:\/\/www.suno.com.br\/noticias\/#organization"},"image":{"@id":"https:\/\/www.suno.com.br\/noticias\/mater-dei-hospital-santa-clara-compra\/#primaryimage"},"thumbnailUrl":"https:\/\/files.sunoresearch.com.br\/n\/uploads\/2021\/11\/matd3.jpg","keywords":["fus\u00f5es e aquisi\u00e7\u00f5es","Mater Dei (MATD3)"],"articleSection":["Neg\u00f3cios"],"inLanguage":"pt-BR"},{"@type":"WebPage","@id":"https:\/\/www.suno.com.br\/noticias\/mater-dei-hospital-santa-clara-compra\/","url":"https:\/\/www.suno.com.br\/noticias\/mater-dei-hospital-santa-clara-compra\/","name":"Mater Dei (MATD3) compra Hospital Santa Clara por R$ 234 milh\u00f5es","isPartOf":{"@id":"https:\/\/www.suno.com.br\/noticias\/#website"},"primaryImageOfPage":{"@id":"https:\/\/www.suno.com.br\/noticias\/mater-dei-hospital-santa-clara-compra\/#primaryimage"},"image":{"@id":"https:\/\/www.suno.com.br\/noticias\/mater-dei-hospital-santa-clara-compra\/#primaryimage"},"thumbnailUrl":"https:\/\/files.sunoresearch.com.br\/n\/uploads\/2021\/11\/matd3.jpg","datePublished":"2022-03-02T23:18:37+00:00","dateModified":"2022-03-02T23:29:24+00:00","description":"O Mater Dei (MATD3) informou nesta quarta-feira (2) que aprovou a compra de 75% a 80% do Hospital e Maternidade Santa Clara (HSC). Confira!","breadcrumb":{"@id":"https:\/\/www.suno.com.br\/noticias\/mater-dei-hospital-santa-clara-compra\/#breadcrumb"},"inLanguage":"pt-BR","potentialAction":[{"@type":"ReadAction","target":["https:\/\/www.suno.com.br\/noticias\/mater-dei-hospital-santa-clara-compra\/"]}]},{"@type":"ImageObject","inLanguage":"pt-BR","@id":"https:\/\/www.suno.com.br\/noticias\/mater-dei-hospital-santa-clara-compra\/#primaryimage","url":"https:\/\/files.sunoresearch.com.br\/n\/uploads\/2021\/11\/matd3.jpg","contentUrl":"https:\/\/files.sunoresearch.com.br\/n\/uploads\/2021\/11\/matd3.jpg","width":1280,"height":680,"caption":"Com compra, Mater Dei segue ritmo de aquisi\u00e7\u00f5es desde que entrou na bolsa - Foto: Reprodu\u00e7\u00e3o\/Facebook\/Mater Dei"},{"@type":"BreadcrumbList","@id":"https:\/\/www.suno.com.br\/noticias\/mater-dei-hospital-santa-clara-compra\/#breadcrumb","itemListElement":[{"@type":"ListItem","position":1,"name":"Not\u00edcias","item":"https:\/\/www.suno.com.br\/noticias\/"},{"@type":"ListItem","position":2,"name":"Neg\u00f3cios","item":"https:\/\/www.suno.com.br\/noticias\/negocios\/"},{"@type":"ListItem","position":3,"name":"Mater Dei (MATD3) compra Hospital Santa Clara, de Uberl\u00e2ndia (MG)"}]},{"@type":"WebSite","@id":"https:\/\/www.suno.com.br\/noticias\/#website","url":"https:\/\/www.suno.com.br\/noticias\/","name":"Suno Not\u00edcias","description":"Seu portal de informa\u00e7\u00e3o sobre o mundo dos investimentos","publisher":{"@id":"https:\/\/www.suno.com.br\/noticias\/#organization"},"potentialAction":[{"@type":"SearchAction","target":{"@type":"EntryPoint","urlTemplate":"https:\/\/www.suno.com.br\/noticias\/?s={search_term_string}"},"query-input":{"@type":"PropertyValueSpecification","valueRequired":true,"valueName":"search_term_string"}}],"inLanguage":"pt-BR"},{"@type":"Organization","@id":"https:\/\/www.suno.com.br\/noticias\/#organization","name":"Suno Not\u00edcias","url":"https:\/\/www.suno.com.br\/noticias\/","logo":{"@type":"ImageObject","inLanguage":"pt-BR","@id":"https:\/\/www.suno.com.br\/noticias\/#\/schema\/logo\/image\/","url":"https:\/\/files.sunoresearch.com.br\/n\/uploads\/2021\/09\/suno-logo.png","contentUrl":"https:\/\/files.sunoresearch.com.br\/n\/uploads\/2021\/09\/suno-logo.png","width":180,"height":180,"caption":"Suno Not\u00edcias"},"image":{"@id":"https:\/\/www.suno.com.br\/noticias\/#\/schema\/logo\/image\/"},"sameAs":["https:\/\/facebook.com\/sunoresearch","https:\/\/x.com\/sunoresearch","https:\/\/www.instagram.com\/suno","https:\/\/www.linkedin.com\/company\/suno-research\/","https:\/\/www.youtube.com\/c\/sunoresearch"]},{"@type":"Person","@id":"https:\/\/www.suno.com.br\/noticias\/#\/schema\/person\/06f0d962a6b1c54852e4860f16935600","name":"Bruno Galv\u00e3o","image":{"@type":"ImageObject","inLanguage":"pt-BR","@id":"https:\/\/www.suno.com.br\/noticias\/#\/schema\/person\/image\/","url":"https:\/\/secure.gravatar.com\/avatar\/53598df0b41c00f12f287a912d0e918e?s=96&r=g","contentUrl":"https:\/\/secure.gravatar.com\/avatar\/53598df0b41c00f12f287a912d0e918e?s=96&r=g","caption":"Bruno Galv\u00e3o"},"description":"Escreve para o portal Suno Not\u00edcias. \u00c9 estudante de Jornalismo pela Faculdade C\u00e1sper L\u00edbero e Letras pela USP. Entusiasta de tecnologia e intelig\u00eancia artificial.","url":"https:\/\/www.suno.com.br\/noticias\/author\/bruno-garcia\/"}]}},"default_loop_html":"<div class=\"cardsPage__listCard__boxs\"><div class=\"cardsPage__listCard__boxs__img\"><a href=\"https:\/\/www.suno.com.br\/noticias\/mater-dei-hospital-santa-clara-compra\/\"><img class=\"mask\" src=\"https:\/\/www.suno.com.br\/noticias\/wp-content\/themes\/suno\/resources\/images\/spotlight\/spotlight1img\/bg-mask.png\" alt=\"Image Mask\"\/><img src=\"https:\/\/files.sunoresearch.com.br\/n\/uploads\/2021\/11\/matd3-400x200.jpg\" alt=\"Mater Dei (MATD3) compra Hospital Santa Clara, de Uberl\u00e2ndia (MG)\"\/><\/a><span class=\"spotlightCategory\"><a href=\"https:\/\/www.suno.com.br\/noticias\/negocios\/\">Neg\u00f3cios<\/a><\/span><\/div><div class=\"cardsPage__listCard__boxs__content\"><a href=\"https:\/\/www.suno.com.br\/noticias\/mater-dei-hospital-santa-clara-compra\/\"><h2 class=\"content__title\">Mater Dei (MATD3) compra Hospital Santa Clara, de Uberl\u00e2ndia (MG)<\/h2><\/a><div class=\"newsContent__article__meta\"><div class=\"newsContent__article__meta__authorBox\"><a href=\"https:\/\/www.suno.com.br\/noticias\/author\/bruno-garcia\/\" class=\"authorBox__avatar noMobi\"><img src=\"https:\/\/secure.gravatar.com\/avatar\/53598df0b41c00f12f287a912d0e918e?s=96&#038;r=g\" alt=\"Bruno Galv\u00e3o\"><\/a><div class=\"authorBox__name\"><span>por\n\t\t\t<a href=\"https:\/\/www.suno.com.br\/noticias\/author\/bruno-garcia\/\"><span itemprop=\"author\">Bruno Galv\u00e3o<\/span><\/a><\/span><time datetime=\"2022-03-02T20:18:37-03:00\" itemprop=\"datePublished\">02\/03\/2022 20:18<\/time><\/div><\/div><\/div><\/div><\/div>","single_layout":"posts","amp_enabled":true,"_links":{"self":[{"href":"https:\/\/www.suno.com.br\/noticias\/wp-json\/wp\/v2\/posts\/236853"}],"collection":[{"href":"https:\/\/www.suno.com.br\/noticias\/wp-json\/wp\/v2\/posts"}],"about":[{"href":"https:\/\/www.suno.com.br\/noticias\/wp-json\/wp\/v2\/types\/post"}],"author":[{"embeddable":true,"href":"https:\/\/www.suno.com.br\/noticias\/wp-json\/wp\/v2\/users\/118"}],"replies":[{"embeddable":true,"href":"https:\/\/www.suno.com.br\/noticias\/wp-json\/wp\/v2\/comments?post=236853"}],"version-history":[{"count":3,"href":"https:\/\/www.suno.com.br\/noticias\/wp-json\/wp\/v2\/posts\/236853\/revisions"}],"predecessor-version":[{"id":236891,"href":"https:\/\/www.suno.com.br\/noticias\/wp-json\/wp\/v2\/posts\/236853\/revisions\/236891"}],"wp:featuredmedia":[{"embeddable":true,"href":"https:\/\/www.suno.com.br\/noticias\/wp-json\/wp\/v2\/media\/207482"}],"wp:attachment":[{"href":"https:\/\/www.suno.com.br\/noticias\/wp-json\/wp\/v2\/media?parent=236853"}],"wp:term":[{"taxonomy":"category","embeddable":true,"href":"https:\/\/www.suno.com.br\/noticias\/wp-json\/wp\/v2\/categories?post=236853"},{"taxonomy":"post_tag","embeddable":true,"href":"https:\/\/www.suno.com.br\/noticias\/wp-json\/wp\/v2\/tags?post=236853"},{"taxonomy":"suno_strategy","embeddable":true,"href":"https:\/\/www.suno.com.br\/noticias\/wp-json\/wp\/v2\/suno_strategy?post=236853"}],"curies":[{"name":"wp","href":"https:\/\/api.w.org\/{rel}","templated":true}]}}